{"id":5596,"date":"2014-11-26T09:33:00","date_gmt":"2014-11-26T09:33:00","guid":{"rendered":"http:\/\/termix.net\/?p=675"},"modified":"2019-11-27T16:25:41","modified_gmt":"2019-11-27T15:25:41","slug":"termix-patrocina-cosmo-beauty-peru","status":"publish","type":"post","link":"https:\/\/termix.net\/blog\/es\/termix-patrocina-cosmo-beauty-peru\/","title":{"rendered":"Termix patrocina Cosmo Beauty Per\u00fa"},"content":{"rendered":"<h1 style=\"text-align: center;\"><strong>Termix patrocina Cosmo Beauty Per\u00fa<\/strong><\/h1>\n<p>Este pr\u00f3ximo 23 y 24 de marzo, Lima se convertir\u00e1 en el punto de encuentro internacional de la Alta Peluquer\u00eda y Est\u00e9tica. El domingo se inaugura la Feria Cosmo Beauty Professional 2014, una cita a la que Termix asistir\u00e1.<\/p>\n<p>&nbsp;<\/p>\n<p><iframe src=\"https:\/\/www.youtube.com\/embed\/BD8KVLMUGSY?rel=0\" width=\"100%\" height=\"600\" frameborder=\"0\" allowfullscreen=\"allowfullscreen\"><span data-mce-type=\"bookmark\" style=\"display: inline-block; width: 0px; overflow: hidden; line-height: 0;\" class=\"mce_SELRES_start\">\ufeff<\/span><\/iframe><\/p>\n<p>Este a\u00f1o Termix participa y lo har\u00e1\u00a0como patrocinador oficial. Ser\u00e1n dos d\u00edas intensos en los que se podr\u00e1 disfrutar de la presencia de los artistas m\u00e1s reconocidos del sector, como \u00d3scar Colombo, y en los que Termix presentar\u00e1 sus \u00faltimas propuestas en cepillos y otros utensilios de peluquer\u00eda.<\/p>\n<p>Para conocerlas, vis\u00edtanos en el Stand D del Centro de Exposiciones Jockey.<\/p>\n<p style=\"text-align: justify;\"><strong>\u00a1Te esperamos!<\/strong><\/p>\n<p>&nbsp;<\/p>\n","protected":false},"excerpt":{"rendered":"<p>\t\t\t\tLima se convertir\u00e1 en el punto de encuentro internacional de la Alta Peluquer\u00eda y Est\u00e9tica. El domingo se inaugura la Feria Cosmo Beauty Professional 2014.\t\t<\/p>\n","protected":false},"author":2,"featured_media":20151,"comment_status":"open","ping_status":"open","sticky":false,"template":"","format":"standard","meta":[],"categories":[6],"tags":[],"yoast_head":"<!-- This site is optimized with the Yoast SEO plugin v20.0 - https:\/\/yoast.com\/wordpress\/plugins\/seo\/ -->\n<title>Termix patrocina Cosmo Beauty Per\u00fa - Termix<\/title>\n<meta name=\"description\" content=\"Este a\u00f1o Termix participa en Cosmo Beauty Professional 2014. Lima se convertir\u00e1 en el punto de encuentro internacional de Alta Peluquer\u00eda y Est\u00e9tica.\" \/>\n<meta name=\"robots\" content=\"noindex, follow\" \/>\n<meta property=\"og:locale\" content=\"es_ES\" \/>\n<meta property=\"og:type\" content=\"article\" \/>\n<meta property=\"og:title\" content=\"Termix patrocina Cosmo Beauty Per\u00fa - Termix\" \/>\n<meta property=\"og:description\" content=\"Este a\u00f1o Termix participa en Cosmo Beauty Professional 2014. Lima se convertir\u00e1 en el punto de encuentro internacional de Alta Peluquer\u00eda y Est\u00e9tica.\" \/>\n<meta property=\"og:url\" content=\"https:\/\/termix.net\/blog\/es\/termix-patrocina-cosmo-beauty-peru\/\" \/>\n<meta property=\"og:site_name\" content=\"Blog Termix Spain\" \/>\n<meta property=\"article:published_time\" content=\"2014-11-26T09:33:00+00:00\" \/>\n<meta property=\"article:modified_time\" content=\"2019-11-27T15:25:41+00:00\" \/>\n<meta property=\"og:image\" content=\"https:\/\/termix.net\/blog\/wp-content\/uploads\/2019\/11\/cosmobeautypost1.jpg\" \/>\n\t<meta property=\"og:image:width\" content=\"1160\" \/>\n\t<meta property=\"og:image:height\" content=\"660\" \/>\n\t<meta property=\"og:image:type\" content=\"image\/jpeg\" \/>\n<meta name=\"author\" content=\"TermixTeam\" \/>\n<meta name=\"twitter:card\" content=\"summary_large_image\" \/>\n<meta name=\"twitter:label1\" content=\"Escrito por\" \/>\n\t<meta name=\"twitter:data1\" content=\"TermixTeam\" \/>\n\t<meta name=\"twitter:label2\" content=\"Tiempo de lectura\" \/>\n\t<meta name=\"twitter:data2\" content=\"1 minuto\" \/>\n<script type=\"application\/ld+json\" class=\"yoast-schema-graph\">{\"@context\":\"https:\/\/schema.org\",\"@graph\":[{\"@type\":\"Article\",\"@id\":\"https:\/\/termix.net\/blog\/es\/termix-patrocina-cosmo-beauty-peru\/#article\",\"isPartOf\":{\"@id\":\"https:\/\/termix.net\/blog\/es\/termix-patrocina-cosmo-beauty-peru\/\"},\"author\":{\"name\":\"TermixTeam\",\"@id\":\"https:\/\/termix.net\/blog\/es\/#\/schema\/person\/9096c98bdf03c8ddf91ad7172f254f40\"},\"headline\":\"Termix patrocina Cosmo Beauty Per\u00fa\",\"datePublished\":\"2014-11-26T09:33:00+00:00\",\"dateModified\":\"2019-11-27T15:25:41+00:00\",\"mainEntityOfPage\":{\"@id\":\"https:\/\/termix.net\/blog\/es\/termix-patrocina-cosmo-beauty-peru\/\"},\"wordCount\":120,\"commentCount\":0,\"publisher\":{\"@id\":\"https:\/\/termix.net\/blog\/es\/#organization\"},\"articleSection\":[\"NOTICIAS\"],\"inLanguage\":\"es\",\"potentialAction\":[{\"@type\":\"CommentAction\",\"name\":\"Comment\",\"target\":[\"https:\/\/termix.net\/blog\/es\/termix-patrocina-cosmo-beauty-peru\/#respond\"]}]},{\"@type\":\"WebPage\",\"@id\":\"https:\/\/termix.net\/blog\/es\/termix-patrocina-cosmo-beauty-peru\/\",\"url\":\"https:\/\/termix.net\/blog\/es\/termix-patrocina-cosmo-beauty-peru\/\",\"name\":\"Termix patrocina Cosmo Beauty Per\u00fa - Termix\",\"isPartOf\":{\"@id\":\"https:\/\/termix.net\/blog\/es\/#website\"},\"datePublished\":\"2014-11-26T09:33:00+00:00\",\"dateModified\":\"2019-11-27T15:25:41+00:00\",\"description\":\"Este a\u00f1o Termix participa en Cosmo Beauty Professional 2014. Lima se convertir\u00e1 en el punto de encuentro internacional de Alta Peluquer\u00eda y Est\u00e9tica.\",\"breadcrumb\":{\"@id\":\"https:\/\/termix.net\/blog\/es\/termix-patrocina-cosmo-beauty-peru\/#breadcrumb\"},\"inLanguage\":\"es\",\"potentialAction\":[{\"@type\":\"ReadAction\",\"target\":[\"https:\/\/termix.net\/blog\/es\/termix-patrocina-cosmo-beauty-peru\/\"]}]},{\"@type\":\"BreadcrumbList\",\"@id\":\"https:\/\/termix.net\/blog\/es\/termix-patrocina-cosmo-beauty-peru\/#breadcrumb\",\"itemListElement\":[{\"@type\":\"ListItem\",\"position\":1,\"name\":\"Home\",\"item\":\"https:\/\/termix.net\/blog\/es\/\"},{\"@type\":\"ListItem\",\"position\":2,\"name\":\"Termix patrocina Cosmo Beauty Per\u00fa\"}]},{\"@type\":\"WebSite\",\"@id\":\"https:\/\/termix.net\/blog\/es\/#website\",\"url\":\"https:\/\/termix.net\/blog\/es\/\",\"name\":\"Blog Termix Spain\",\"description\":\"Blog de tendencias y productos de peluquer\u00eda profesional.\",\"publisher\":{\"@id\":\"https:\/\/termix.net\/blog\/es\/#organization\"},\"potentialAction\":[{\"@type\":\"SearchAction\",\"target\":{\"@type\":\"EntryPoint\",\"urlTemplate\":\"https:\/\/termix.net\/blog\/es\/?s={search_term_string}\"},\"query-input\":\"required name=search_term_string\"}],\"inLanguage\":\"es\"},{\"@type\":\"Organization\",\"@id\":\"https:\/\/termix.net\/blog\/es\/#organization\",\"name\":\"Dols Industrial de Peluquer\u00eda SA\",\"url\":\"https:\/\/termix.net\/blog\/es\/\",\"logo\":{\"@type\":\"ImageObject\",\"inLanguage\":\"es\",\"@id\":\"https:\/\/termix.net\/blog\/es\/#\/schema\/logo\/image\/\",\"url\":\"https:\/\/termix.net\/blog\/wp-content\/uploads\/2020\/10\/OGbDAeng.jpeg\",\"contentUrl\":\"https:\/\/termix.net\/blog\/wp-content\/uploads\/2020\/10\/OGbDAeng.jpeg\",\"width\":800,\"height\":800,\"caption\":\"Dols Industrial de Peluquer\u00eda SA\"},\"image\":{\"@id\":\"https:\/\/termix.net\/blog\/es\/#\/schema\/logo\/image\/\"}},{\"@type\":\"Person\",\"@id\":\"https:\/\/termix.net\/blog\/es\/#\/schema\/person\/9096c98bdf03c8ddf91ad7172f254f40\",\"name\":\"TermixTeam\",\"image\":{\"@type\":\"ImageObject\",\"inLanguage\":\"es\",\"@id\":\"https:\/\/termix.net\/blog\/es\/#\/schema\/person\/image\/\",\"url\":\"https:\/\/secure.gravatar.com\/avatar\/d89f61f6bd1c29a4acb231736d1c74b3?s=96&d=mm&r=g\",\"contentUrl\":\"https:\/\/secure.gravatar.com\/avatar\/d89f61f6bd1c29a4acb231736d1c74b3?s=96&d=mm&r=g\",\"caption\":\"TermixTeam\"},\"url\":\"https:\/\/termix.net\/blog\/es\/author\/termixteam\/\"}]}<\/script>\n<!-- \/ Yoast SEO plugin. -->","yoast_head_json":{"title":"Termix patrocina Cosmo Beauty Per\u00fa - Termix","description":"Este a\u00f1o Termix participa en Cosmo Beauty Professional 2014. Lima se convertir\u00e1 en el punto de encuentro internacional de Alta Peluquer\u00eda y Est\u00e9tica.","robots":{"index":"noindex","follow":"follow"},"og_locale":"es_ES","og_type":"article","og_title":"Termix patrocina Cosmo Beauty Per\u00fa - Termix","og_description":"Este a\u00f1o Termix participa en Cosmo Beauty Professional 2014. Lima se convertir\u00e1 en el punto de encuentro internacional de Alta Peluquer\u00eda y Est\u00e9tica.","og_url":"https:\/\/termix.net\/blog\/es\/termix-patrocina-cosmo-beauty-peru\/","og_site_name":"Blog Termix Spain","article_published_time":"2014-11-26T09:33:00+00:00","article_modified_time":"2019-11-27T15:25:41+00:00","og_image":[{"width":1160,"height":660,"url":"https:\/\/termix.net\/blog\/wp-content\/uploads\/2019\/11\/cosmobeautypost1.jpg","type":"image\/jpeg"}],"author":"TermixTeam","twitter_card":"summary_large_image","twitter_misc":{"Escrito por":"TermixTeam","Tiempo de lectura":"1 minuto"},"schema":{"@context":"https:\/\/schema.org","@graph":[{"@type":"Article","@id":"https:\/\/termix.net\/blog\/es\/termix-patrocina-cosmo-beauty-peru\/#article","isPartOf":{"@id":"https:\/\/termix.net\/blog\/es\/termix-patrocina-cosmo-beauty-peru\/"},"author":{"name":"TermixTeam","@id":"https:\/\/termix.net\/blog\/es\/#\/schema\/person\/9096c98bdf03c8ddf91ad7172f254f40"},"headline":"Termix patrocina Cosmo Beauty Per\u00fa","datePublished":"2014-11-26T09:33:00+00:00","dateModified":"2019-11-27T15:25:41+00:00","mainEntityOfPage":{"@id":"https:\/\/termix.net\/blog\/es\/termix-patrocina-cosmo-beauty-peru\/"},"wordCount":120,"commentCount":0,"publisher":{"@id":"https:\/\/termix.net\/blog\/es\/#organization"},"articleSection":["NOTICIAS"],"inLanguage":"es","potentialAction":[{"@type":"CommentAction","name":"Comment","target":["https:\/\/termix.net\/blog\/es\/termix-patrocina-cosmo-beauty-peru\/#respond"]}]},{"@type":"WebPage","@id":"https:\/\/termix.net\/blog\/es\/termix-patrocina-cosmo-beauty-peru\/","url":"https:\/\/termix.net\/blog\/es\/termix-patrocina-cosmo-beauty-peru\/","name":"Termix patrocina Cosmo Beauty Per\u00fa - Termix","isPartOf":{"@id":"https:\/\/termix.net\/blog\/es\/#website"},"datePublished":"2014-11-26T09:33:00+00:00","dateModified":"2019-11-27T15:25:41+00:00","description":"Este a\u00f1o Termix participa en Cosmo Beauty Professional 2014. Lima se convertir\u00e1 en el punto de encuentro internacional de Alta Peluquer\u00eda y Est\u00e9tica.","breadcrumb":{"@id":"https:\/\/termix.net\/blog\/es\/termix-patrocina-cosmo-beauty-peru\/#breadcrumb"},"inLanguage":"es","potentialAction":[{"@type":"ReadAction","target":["https:\/\/termix.net\/blog\/es\/termix-patrocina-cosmo-beauty-peru\/"]}]},{"@type":"BreadcrumbList","@id":"https:\/\/termix.net\/blog\/es\/termix-patrocina-cosmo-beauty-peru\/#breadcrumb","itemListElement":[{"@type":"ListItem","position":1,"name":"Home","item":"https:\/\/termix.net\/blog\/es\/"},{"@type":"ListItem","position":2,"name":"Termix patrocina Cosmo Beauty Per\u00fa"}]},{"@type":"WebSite","@id":"https:\/\/termix.net\/blog\/es\/#website","url":"https:\/\/termix.net\/blog\/es\/","name":"Blog Termix Spain","description":"Blog de tendencias y productos de peluquer\u00eda profesional.","publisher":{"@id":"https:\/\/termix.net\/blog\/es\/#organization"},"potentialAction":[{"@type":"SearchAction","target":{"@type":"EntryPoint","urlTemplate":"https:\/\/termix.net\/blog\/es\/?s={search_term_string}"},"query-input":"required name=search_term_string"}],"inLanguage":"es"},{"@type":"Organization","@id":"https:\/\/termix.net\/blog\/es\/#organization","name":"Dols Industrial de Peluquer\u00eda SA","url":"https:\/\/termix.net\/blog\/es\/","logo":{"@type":"ImageObject","inLanguage":"es","@id":"https:\/\/termix.net\/blog\/es\/#\/schema\/logo\/image\/","url":"https:\/\/termix.net\/blog\/wp-content\/uploads\/2020\/10\/OGbDAeng.jpeg","contentUrl":"https:\/\/termix.net\/blog\/wp-content\/uploads\/2020\/10\/OGbDAeng.jpeg","width":800,"height":800,"caption":"Dols Industrial de Peluquer\u00eda SA"},"image":{"@id":"https:\/\/termix.net\/blog\/es\/#\/schema\/logo\/image\/"}},{"@type":"Person","@id":"https:\/\/termix.net\/blog\/es\/#\/schema\/person\/9096c98bdf03c8ddf91ad7172f254f40","name":"TermixTeam","image":{"@type":"ImageObject","inLanguage":"es","@id":"https:\/\/termix.net\/blog\/es\/#\/schema\/person\/image\/","url":"https:\/\/secure.gravatar.com\/avatar\/d89f61f6bd1c29a4acb231736d1c74b3?s=96&d=mm&r=g","contentUrl":"https:\/\/secure.gravatar.com\/avatar\/d89f61f6bd1c29a4acb231736d1c74b3?s=96&d=mm&r=g","caption":"TermixTeam"},"url":"https:\/\/termix.net\/blog\/es\/author\/termixteam\/"}]}},"_links":{"self":[{"href":"https:\/\/termix.net\/blog\/es\/wp-json\/wp\/v2\/posts\/5596"}],"collection":[{"href":"https:\/\/termix.net\/blog\/es\/wp-json\/wp\/v2\/posts"}],"about":[{"href":"https:\/\/termix.net\/blog\/es\/wp-json\/wp\/v2\/types\/post"}],"author":[{"embeddable":true,"href":"https:\/\/termix.net\/blog\/es\/wp-json\/wp\/v2\/users\/2"}],"replies":[{"embeddable":true,"href":"https:\/\/termix.net\/blog\/es\/wp-json\/wp\/v2\/comments?post=5596"}],"version-history":[{"count":2,"href":"https:\/\/termix.net\/blog\/es\/wp-json\/wp\/v2\/posts\/5596\/revisions"}],"predecessor-version":[{"id":21453,"href":"https:\/\/termix.net\/blog\/es\/wp-json\/wp\/v2\/posts\/5596\/revisions\/21453"}],"wp:featuredmedia":[{"embeddable":true,"href":"https:\/\/termix.net\/blog\/es\/wp-json\/wp\/v2\/media\/20151"}],"wp:attachment":[{"href":"https:\/\/termix.net\/blog\/es\/wp-json\/wp\/v2\/media?parent=5596"}],"wp:term":[{"taxonomy":"category","embeddable":true,"href":"https:\/\/termix.net\/blog\/es\/wp-json\/wp\/v2\/categories?post=5596"},{"taxonomy":"post_tag","embeddable":true,"href":"https:\/\/termix.net\/blog\/es\/wp-json\/wp\/v2\/tags?post=5596"}],"curies":[{"name":"wp","href":"https:\/\/api.w.org\/{rel}","templated":true}]}}