{"id":5594,"date":"2014-11-26T08:44:22","date_gmt":"2014-11-26T08:44:22","guid":{"rendered":"http:\/\/termix.net\/?p=656"},"modified":"2019-11-27T16:21:34","modified_gmt":"2019-11-27T15:21:34","slug":"termix-apuesta-por-sts-beauty-barcelona","status":"publish","type":"post","link":"https:\/\/termix.net\/blog\/es\/termix-apuesta-por-sts-beauty-barcelona\/","title":{"rendered":"Termix apuesta por STS Beauty Barcelona"},"content":{"rendered":"<h1 style=\"text-align: center;\">Termix apuesta por STS Beauty Barcelona<\/h1>\n<h2>La feria dedicada a la Belleza Profesional se celebrar\u00e1 los d\u00edas 8, 9 y 10 de Febrero en el Centro de Convenciones Internacional de Barcelona CCIB &#8211; F\u00f3rum.<\/h2>\n<p>Los sectores de la Peluquer\u00eda, la Est\u00e9tica y el Spa vuelven a confiar un a\u00f1o m\u00e1s en esta nueva alternativa y encuentro profesional, donde la calidad y creatividad se dan cita junto a las grandes marcas del sector. El certamen acercar\u00e1 las \u00faltimas novedades y lanzamientos, adem\u00e1s de una amplia agenda en talleres de formaci\u00f3n, actividades gratuitas, presentaciones y shows de los estilistas m\u00e1s reconocidos del momento.<\/p>\n<p>&nbsp;<\/p>\n<p><strong>Todo el equipo de Termix<\/strong> apuesta un a\u00f1o m\u00e1s en esta feria, es por ello que hemos preparado dos stands a tu medida. <strong>Podr\u00e1s encontrar nuestros productos a los mejores precios en el stand de venta 1-E18 y<\/strong> pasar por nuestro stand de imagen, 1-X11, para enterarte de nuestros \u00faltimos lanzamientos, adem\u00e1s de participar en el Photocall de la marca donde tenemos premios que esperan por ti.<\/p>\n<p>&nbsp;<\/p>\n<p>En el plano formativo de Peluquer\u00eda encontrar\u00e9is talleres, pasarelas para la promoci\u00f3n de j\u00f3venes que destacan por sus capacidades en Peluquer\u00eda o Maquillaje, colecciones de moda con prestigiosos dise\u00f1adores espa\u00f1oles, la noche de la peluquer\u00eda de APEBCN y diferentes shows de peluquer\u00eda con acceso abierto al visitante.<\/p>\n<p>Recordad que nuestro stand de venta es el 1-E18 y el de imagen el 1-X11, as\u00ed que os animamos a pasar y<\/p>\n<p><strong> \u00a1Disfrutar de esta experiencia con Termix!<\/strong><\/p>\n","protected":false},"excerpt":{"rendered":"<p>\t\t\t\tLa feria dedicada a la Belleza Profesional se celebrar\u00e1 los d\u00edas 8, 9 y 10 de Febrero en el Centro de Convenciones Internacional de Barcelona CCIB &#8211; F\u00f3rum. \t\t<\/p>\n","protected":false},"author":2,"featured_media":21189,"comment_status":"open","ping_status":"open","sticky":false,"template":"","format":"standard","meta":[],"categories":[6],"tags":[],"yoast_head":"<!-- This site is optimized with the Yoast SEO plugin v20.0 - https:\/\/yoast.com\/wordpress\/plugins\/seo\/ -->\n<title>Termix apuesta por STS Beauty Barcelona - Termix<\/title>\n<meta name=\"description\" content=\"Termix apuesta por la feria dedicada a la Belleza Profesional STS Beauty que se celebrar\u00e1 en Barcelona del 8 al 10 de Febrero 2014.\" \/>\n<meta name=\"robots\" content=\"noindex, follow\" \/>\n<meta property=\"og:locale\" content=\"es_ES\" \/>\n<meta property=\"og:type\" content=\"article\" \/>\n<meta property=\"og:title\" content=\"Termix apuesta por STS Beauty Barcelona - Termix\" \/>\n<meta property=\"og:description\" content=\"Termix apuesta por la feria dedicada a la Belleza Profesional STS Beauty que se celebrar\u00e1 en Barcelona del 8 al 10 de Febrero 2014.\" \/>\n<meta property=\"og:url\" content=\"https:\/\/termix.net\/blog\/es\/termix-apuesta-por-sts-beauty-barcelona\/\" \/>\n<meta property=\"og:site_name\" content=\"Blog Termix Spain\" \/>\n<meta property=\"article:published_time\" content=\"2014-11-26T08:44:22+00:00\" \/>\n<meta property=\"article:modified_time\" content=\"2019-11-27T15:21:34+00:00\" \/>\n<meta property=\"og:image\" content=\"https:\/\/termix.net\/blog\/wp-content\/uploads\/2019\/11\/termix-evolution-hairbrushes-will-be-on-Inbeauty-lisbon-tradeshow-1.jpg\" \/>\n\t<meta property=\"og:image:width\" content=\"1160\" \/>\n\t<meta property=\"og:image:height\" content=\"660\" \/>\n\t<meta property=\"og:image:type\" content=\"image\/jpeg\" \/>\n<meta name=\"author\" content=\"TermixTeam\" \/>\n<meta name=\"twitter:card\" content=\"summary_large_image\" \/>\n<meta name=\"twitter:label1\" content=\"Escrito por\" \/>\n\t<meta name=\"twitter:data1\" content=\"TermixTeam\" \/>\n\t<meta name=\"twitter:label2\" content=\"Tiempo de lectura\" \/>\n\t<meta name=\"twitter:data2\" content=\"1 minuto\" \/>\n<script type=\"application\/ld+json\" class=\"yoast-schema-graph\">{\"@context\":\"https:\/\/schema.org\",\"@graph\":[{\"@type\":\"Article\",\"@id\":\"https:\/\/termix.net\/blog\/es\/termix-apuesta-por-sts-beauty-barcelona\/#article\",\"isPartOf\":{\"@id\":\"https:\/\/termix.net\/blog\/es\/termix-apuesta-por-sts-beauty-barcelona\/\"},\"author\":{\"name\":\"TermixTeam\",\"@id\":\"https:\/\/termix.net\/blog\/es\/#\/schema\/person\/9096c98bdf03c8ddf91ad7172f254f40\"},\"headline\":\"Termix apuesta por STS Beauty Barcelona\",\"datePublished\":\"2014-11-26T08:44:22+00:00\",\"dateModified\":\"2019-11-27T15:21:34+00:00\",\"mainEntityOfPage\":{\"@id\":\"https:\/\/termix.net\/blog\/es\/termix-apuesta-por-sts-beauty-barcelona\/\"},\"wordCount\":270,\"commentCount\":0,\"publisher\":{\"@id\":\"https:\/\/termix.net\/blog\/es\/#organization\"},\"articleSection\":[\"NOTICIAS\"],\"inLanguage\":\"es\",\"potentialAction\":[{\"@type\":\"CommentAction\",\"name\":\"Comment\",\"target\":[\"https:\/\/termix.net\/blog\/es\/termix-apuesta-por-sts-beauty-barcelona\/#respond\"]}]},{\"@type\":\"WebPage\",\"@id\":\"https:\/\/termix.net\/blog\/es\/termix-apuesta-por-sts-beauty-barcelona\/\",\"url\":\"https:\/\/termix.net\/blog\/es\/termix-apuesta-por-sts-beauty-barcelona\/\",\"name\":\"Termix apuesta por STS Beauty Barcelona - Termix\",\"isPartOf\":{\"@id\":\"https:\/\/termix.net\/blog\/es\/#website\"},\"datePublished\":\"2014-11-26T08:44:22+00:00\",\"dateModified\":\"2019-11-27T15:21:34+00:00\",\"description\":\"Termix apuesta por la feria dedicada a la Belleza Profesional STS Beauty que se celebrar\u00e1 en Barcelona del 8 al 10 de Febrero 2014.\",\"breadcrumb\":{\"@id\":\"https:\/\/termix.net\/blog\/es\/termix-apuesta-por-sts-beauty-barcelona\/#breadcrumb\"},\"inLanguage\":\"es\",\"potentialAction\":[{\"@type\":\"ReadAction\",\"target\":[\"https:\/\/termix.net\/blog\/es\/termix-apuesta-por-sts-beauty-barcelona\/\"]}]},{\"@type\":\"BreadcrumbList\",\"@id\":\"https:\/\/termix.net\/blog\/es\/termix-apuesta-por-sts-beauty-barcelona\/#breadcrumb\",\"itemListElement\":[{\"@type\":\"ListItem\",\"position\":1,\"name\":\"Home\",\"item\":\"https:\/\/termix.net\/blog\/es\/\"},{\"@type\":\"ListItem\",\"position\":2,\"name\":\"Termix apuesta por STS Beauty Barcelona\"}]},{\"@type\":\"WebSite\",\"@id\":\"https:\/\/termix.net\/blog\/es\/#website\",\"url\":\"https:\/\/termix.net\/blog\/es\/\",\"name\":\"Blog Termix Spain\",\"description\":\"Blog de tendencias y productos de peluquer\u00eda profesional.\",\"publisher\":{\"@id\":\"https:\/\/termix.net\/blog\/es\/#organization\"},\"potentialAction\":[{\"@type\":\"SearchAction\",\"target\":{\"@type\":\"EntryPoint\",\"urlTemplate\":\"https:\/\/termix.net\/blog\/es\/?s={search_term_string}\"},\"query-input\":\"required name=search_term_string\"}],\"inLanguage\":\"es\"},{\"@type\":\"Organization\",\"@id\":\"https:\/\/termix.net\/blog\/es\/#organization\",\"name\":\"Dols Industrial de Peluquer\u00eda SA\",\"url\":\"https:\/\/termix.net\/blog\/es\/\",\"logo\":{\"@type\":\"ImageObject\",\"inLanguage\":\"es\",\"@id\":\"https:\/\/termix.net\/blog\/es\/#\/schema\/logo\/image\/\",\"url\":\"https:\/\/termix.net\/blog\/wp-content\/uploads\/2020\/10\/OGbDAeng.jpeg\",\"contentUrl\":\"https:\/\/termix.net\/blog\/wp-content\/uploads\/2020\/10\/OGbDAeng.jpeg\",\"width\":800,\"height\":800,\"caption\":\"Dols Industrial de Peluquer\u00eda SA\"},\"image\":{\"@id\":\"https:\/\/termix.net\/blog\/es\/#\/schema\/logo\/image\/\"}},{\"@type\":\"Person\",\"@id\":\"https:\/\/termix.net\/blog\/es\/#\/schema\/person\/9096c98bdf03c8ddf91ad7172f254f40\",\"name\":\"TermixTeam\",\"image\":{\"@type\":\"ImageObject\",\"inLanguage\":\"es\",\"@id\":\"https:\/\/termix.net\/blog\/es\/#\/schema\/person\/image\/\",\"url\":\"https:\/\/secure.gravatar.com\/avatar\/d89f61f6bd1c29a4acb231736d1c74b3?s=96&d=mm&r=g\",\"contentUrl\":\"https:\/\/secure.gravatar.com\/avatar\/d89f61f6bd1c29a4acb231736d1c74b3?s=96&d=mm&r=g\",\"caption\":\"TermixTeam\"},\"url\":\"https:\/\/termix.net\/blog\/es\/author\/termixteam\/\"}]}<\/script>\n<!-- \/ Yoast SEO plugin. -->","yoast_head_json":{"title":"Termix apuesta por STS Beauty Barcelona - Termix","description":"Termix apuesta por la feria dedicada a la Belleza Profesional STS Beauty que se celebrar\u00e1 en Barcelona del 8 al 10 de Febrero 2014.","robots":{"index":"noindex","follow":"follow"},"og_locale":"es_ES","og_type":"article","og_title":"Termix apuesta por STS Beauty Barcelona - Termix","og_description":"Termix apuesta por la feria dedicada a la Belleza Profesional STS Beauty que se celebrar\u00e1 en Barcelona del 8 al 10 de Febrero 2014.","og_url":"https:\/\/termix.net\/blog\/es\/termix-apuesta-por-sts-beauty-barcelona\/","og_site_name":"Blog Termix Spain","article_published_time":"2014-11-26T08:44:22+00:00","article_modified_time":"2019-11-27T15:21:34+00:00","og_image":[{"width":1160,"height":660,"url":"https:\/\/termix.net\/blog\/wp-content\/uploads\/2019\/11\/termix-evolution-hairbrushes-will-be-on-Inbeauty-lisbon-tradeshow-1.jpg","type":"image\/jpeg"}],"author":"TermixTeam","twitter_card":"summary_large_image","twitter_misc":{"Escrito por":"TermixTeam","Tiempo de lectura":"1 minuto"},"schema":{"@context":"https:\/\/schema.org","@graph":[{"@type":"Article","@id":"https:\/\/termix.net\/blog\/es\/termix-apuesta-por-sts-beauty-barcelona\/#article","isPartOf":{"@id":"https:\/\/termix.net\/blog\/es\/termix-apuesta-por-sts-beauty-barcelona\/"},"author":{"name":"TermixTeam","@id":"https:\/\/termix.net\/blog\/es\/#\/schema\/person\/9096c98bdf03c8ddf91ad7172f254f40"},"headline":"Termix apuesta por STS Beauty Barcelona","datePublished":"2014-11-26T08:44:22+00:00","dateModified":"2019-11-27T15:21:34+00:00","mainEntityOfPage":{"@id":"https:\/\/termix.net\/blog\/es\/termix-apuesta-por-sts-beauty-barcelona\/"},"wordCount":270,"commentCount":0,"publisher":{"@id":"https:\/\/termix.net\/blog\/es\/#organization"},"articleSection":["NOTICIAS"],"inLanguage":"es","potentialAction":[{"@type":"CommentAction","name":"Comment","target":["https:\/\/termix.net\/blog\/es\/termix-apuesta-por-sts-beauty-barcelona\/#respond"]}]},{"@type":"WebPage","@id":"https:\/\/termix.net\/blog\/es\/termix-apuesta-por-sts-beauty-barcelona\/","url":"https:\/\/termix.net\/blog\/es\/termix-apuesta-por-sts-beauty-barcelona\/","name":"Termix apuesta por STS Beauty Barcelona - Termix","isPartOf":{"@id":"https:\/\/termix.net\/blog\/es\/#website"},"datePublished":"2014-11-26T08:44:22+00:00","dateModified":"2019-11-27T15:21:34+00:00","description":"Termix apuesta por la feria dedicada a la Belleza Profesional STS Beauty que se celebrar\u00e1 en Barcelona del 8 al 10 de Febrero 2014.","breadcrumb":{"@id":"https:\/\/termix.net\/blog\/es\/termix-apuesta-por-sts-beauty-barcelona\/#breadcrumb"},"inLanguage":"es","potentialAction":[{"@type":"ReadAction","target":["https:\/\/termix.net\/blog\/es\/termix-apuesta-por-sts-beauty-barcelona\/"]}]},{"@type":"BreadcrumbList","@id":"https:\/\/termix.net\/blog\/es\/termix-apuesta-por-sts-beauty-barcelona\/#breadcrumb","itemListElement":[{"@type":"ListItem","position":1,"name":"Home","item":"https:\/\/termix.net\/blog\/es\/"},{"@type":"ListItem","position":2,"name":"Termix apuesta por STS Beauty Barcelona"}]},{"@type":"WebSite","@id":"https:\/\/termix.net\/blog\/es\/#website","url":"https:\/\/termix.net\/blog\/es\/","name":"Blog Termix Spain","description":"Blog de tendencias y productos de peluquer\u00eda profesional.","publisher":{"@id":"https:\/\/termix.net\/blog\/es\/#organization"},"potentialAction":[{"@type":"SearchAction","target":{"@type":"EntryPoint","urlTemplate":"https:\/\/termix.net\/blog\/es\/?s={search_term_string}"},"query-input":"required name=search_term_string"}],"inLanguage":"es"},{"@type":"Organization","@id":"https:\/\/termix.net\/blog\/es\/#organization","name":"Dols Industrial de Peluquer\u00eda SA","url":"https:\/\/termix.net\/blog\/es\/","logo":{"@type":"ImageObject","inLanguage":"es","@id":"https:\/\/termix.net\/blog\/es\/#\/schema\/logo\/image\/","url":"https:\/\/termix.net\/blog\/wp-content\/uploads\/2020\/10\/OGbDAeng.jpeg","contentUrl":"https:\/\/termix.net\/blog\/wp-content\/uploads\/2020\/10\/OGbDAeng.jpeg","width":800,"height":800,"caption":"Dols Industrial de Peluquer\u00eda SA"},"image":{"@id":"https:\/\/termix.net\/blog\/es\/#\/schema\/logo\/image\/"}},{"@type":"Person","@id":"https:\/\/termix.net\/blog\/es\/#\/schema\/person\/9096c98bdf03c8ddf91ad7172f254f40","name":"TermixTeam","image":{"@type":"ImageObject","inLanguage":"es","@id":"https:\/\/termix.net\/blog\/es\/#\/schema\/person\/image\/","url":"https:\/\/secure.gravatar.com\/avatar\/d89f61f6bd1c29a4acb231736d1c74b3?s=96&d=mm&r=g","contentUrl":"https:\/\/secure.gravatar.com\/avatar\/d89f61f6bd1c29a4acb231736d1c74b3?s=96&d=mm&r=g","caption":"TermixTeam"},"url":"https:\/\/termix.net\/blog\/es\/author\/termixteam\/"}]}},"_links":{"self":[{"href":"https:\/\/termix.net\/blog\/es\/wp-json\/wp\/v2\/posts\/5594"}],"collection":[{"href":"https:\/\/termix.net\/blog\/es\/wp-json\/wp\/v2\/posts"}],"about":[{"href":"https:\/\/termix.net\/blog\/es\/wp-json\/wp\/v2\/types\/post"}],"author":[{"embeddable":true,"href":"https:\/\/termix.net\/blog\/es\/wp-json\/wp\/v2\/users\/2"}],"replies":[{"embeddable":true,"href":"https:\/\/termix.net\/blog\/es\/wp-json\/wp\/v2\/comments?post=5594"}],"version-history":[{"count":3,"href":"https:\/\/termix.net\/blog\/es\/wp-json\/wp\/v2\/posts\/5594\/revisions"}],"predecessor-version":[{"id":21451,"href":"https:\/\/termix.net\/blog\/es\/wp-json\/wp\/v2\/posts\/5594\/revisions\/21451"}],"wp:featuredmedia":[{"embeddable":true,"href":"https:\/\/termix.net\/blog\/es\/wp-json\/wp\/v2\/media\/21189"}],"wp:attachment":[{"href":"https:\/\/termix.net\/blog\/es\/wp-json\/wp\/v2\/media?parent=5594"}],"wp:term":[{"taxonomy":"category","embeddable":true,"href":"https:\/\/termix.net\/blog\/es\/wp-json\/wp\/v2\/categories?post=5594"},{"taxonomy":"post_tag","embeddable":true,"href":"https:\/\/termix.net\/blog\/es\/wp-json\/wp\/v2\/tags?post=5594"}],"curies":[{"name":"wp","href":"https:\/\/api.w.org\/{rel}","templated":true}]}}