{"id":42377,"date":"2025-02-04T00:33:21","date_gmt":"2025-02-03T23:33:21","guid":{"rendered":"https:\/\/termix.net\/blog\/?p=42377"},"modified":"2025-02-04T13:38:16","modified_gmt":"2025-02-04T12:38:16","slug":"dia-mundial-de-la-lucha-contra-el-cancer-unidos-por-la-esperanza","status":"publish","type":"post","link":"https:\/\/termix.net\/blog\/es\/dia-mundial-de-la-lucha-contra-el-cancer-unidos-por-la-esperanza\/","title":{"rendered":"D\u00eda mundial de la lucha contra el c\u00e1ncer, unidos por la esperanza"},"content":{"rendered":"<p><div class=\"fusion-fullwidth fullwidth-box fusion-builder-row-1 has-pattern-background has-mask-background faded-background fusion-parallax-none nonhundred-percent-fullwidth non-hundred-percent-height-scrolling fusion-no-small-visibility fusion-no-medium-visibility\" style=\"--awb-border-radius-top-left:0px;--awb-border-radius-top-right:0px;--awb-border-radius-bottom-right:0px;--awb-border-radius-bottom-left:0px;--awb-padding-top:24%;--awb-padding-right:3%;--awb-padding-left:3%;--awb-background-size:cover;\" ><div class=\"fullwidth-faded\" style=\"--awb-background-color:#181818;--awb-background-image:url(https:\/\/termix.net\/blog\/wp-content\/uploads\/2025\/01\/Termix-horizontal-3.jpg);--awb-background-size:cover;\" ><\/div><div class=\"fusion-builder-row fusion-row\"><div class=\"fusion-layout-column fusion_builder_column fusion-builder-column-0 fusion_builder_column_1_1 1_1 fusion-one-full fusion-column-first fusion-column-last\" style=\"--awb-padding-top:6%;--awb-padding-right:8%;--awb-padding-bottom:6%;--awb-padding-left:8%;--awb-bg-color:rgba(255,255,255,0.7);--awb-bg-size:cover;--awb-margin-top:0px;--awb-margin-bottom:0px;\"><div class=\"fusion-column-wrapper fusion-column-has-shadow fusion-flex-column-wrapper-legacy\"><div class=\"fusion-text fusion-text-1 caption\"><p style=\"text-align: center;\">Noticias \u2014 3 min. de lectura<\/p>\n<\/div><div class=\"fusion-title title fusion-title-1 fusion-sep-none fusion-title-center fusion-title-text fusion-title-size-one\" style=\"--awb-margin-top:30px;--awb-margin-bottom:20px;\"><h1 class=\"title-heading-center fusion-responsive-typography-calculated\" style=\"margin:0;--fontSize:50;line-height:1;\"><p style=\"text-align: center;\"><b>\u00a0D\u00cdA MUNDIAL DE LA LUCHA CONTRA EL C\u00c1NCER, UNIDOS POR LA ESPERANZA<\/b><\/p>\n<h2><\/h2>\n<h2><\/h2><\/h1><\/div><div class=\"fusion-clearfix\"><\/div><\/div><\/div><\/div><\/div><div class=\"fusion-fullwidth fullwidth-box fusion-builder-row-2 has-pattern-background has-mask-background fusion-parallax-none nonhundred-percent-fullwidth non-hundred-percent-height-scrolling fusion-no-large-visibility\" style=\"--awb-border-radius-top-left:0px;--awb-border-radius-top-right:0px;--awb-border-radius-bottom-right:0px;--awb-border-radius-bottom-left:0px;--awb-background-image:url(&quot;https:\/\/termix.net\/blog\/wp-content\/uploads\/2025\/01\/Termix-vertical-7-576x1024.jpg&quot;);--awb-background-size:cover;\" ><div class=\"fusion-builder-row fusion-row\"><div class=\"fusion-layout-column fusion_builder_column fusion-builder-column-1 fusion_builder_column_1_1 1_1 fusion-one-full fusion-column-first fusion-column-last\" style=\"--awb-padding-top:6%;--awb-bg-color:#ffffff;--awb-bg-size:cover;--awb-margin-top:0px;--awb-margin-bottom:0px;\"><div class=\"fusion-column-wrapper fusion-flex-column-wrapper-legacy\"><div class=\"fusion-text fusion-text-2 caption\"><p style=\"text-align: center;\">Noticias\u20143 min. de lectura<\/p>\n<\/div><div class=\"fusion-title title fusion-title-2 fusion-sep-none fusion-title-center fusion-title-text fusion-title-size-two\" style=\"--awb-margin-top:30px;--awb-margin-bottom:20px;--awb-font-size:52px;\"><h2 class=\"title-heading-center fusion-responsive-typography-calculated\" style=\"margin:0;font-size:1em;--fontSize:52;line-height:1.28;\"><p style=\"text-align: center;\"><b>\u00a0D\u00cdA MUNDIAL DE LA LUCHA CONTRA EL C\u00c1NCER, UNIDOS POR LA ESPERANZA<\/b><\/p><\/h2><\/div><div class=\"fusion-clearfix\"><\/div><\/div><\/div><\/div><\/div><div class=\"fusion-fullwidth fullwidth-box fusion-builder-row-3 has-pattern-background has-mask-background nonhundred-percent-fullwidth non-hundred-percent-height-scrolling\" style=\"--awb-border-radius-top-left:0px;--awb-border-radius-top-right:0px;--awb-border-radius-bottom-right:0px;--awb-border-radius-bottom-left:0px;\" ><div class=\"fusion-builder-row fusion-row\"><div class=\"fusion-layout-column fusion_builder_column fusion-builder-column-2 fusion_builder_column_1_1 1_1 fusion-one-full fusion-column-first fusion-column-last\" style=\"--awb-bg-size:cover;\"><div class=\"fusion-column-wrapper fusion-flex-column-wrapper-legacy\"><div class=\"fusion-sep-clear\"><\/div><div class=\"fusion-separator fusion-full-width-sep\" style=\"margin-left: auto;margin-right: auto;margin-top:3%;width:100%;\"><\/div><div class=\"fusion-sep-clear\"><\/div><div class=\"fusion-text fusion-text-3\"><p style=\"text-align: center;\"><strong>Hoy, 4 de febrero, no hablamos de herramientas de peluquer\u00eda, ni de tendencias de estilo. Hoy, desde Termix, queremos unirnos a la lucha contra el c\u00e1ncer, una batalla que afecta a millones de personas en todo el mundo. Este d\u00eda no es solo para recordar a quienes han perdido la lucha, sino tambi\u00e9n para celebrar la valent\u00eda, la resiliencia y la esperanza de quienes la enfrentan d\u00eda a d\u00eda.<\/strong><\/p>\n<\/div><div class=\"fusion-clearfix\"><\/div><\/div><\/div><\/div><\/div><div class=\"fusion-fullwidth fullwidth-box fusion-builder-row-4 has-pattern-background has-mask-background nonhundred-percent-fullwidth non-hundred-percent-height-scrolling\" style=\"--awb-border-radius-top-left:0px;--awb-border-radius-top-right:0px;--awb-border-radius-bottom-right:0px;--awb-border-radius-bottom-left:0px;\" ><div class=\"fusion-builder-row fusion-row\"><div class=\"fusion-layout-column fusion_builder_column fusion-builder-column-3 fusion_builder_column_1_1 1_1 fusion-one-full fusion-column-first fusion-column-last\" style=\"--awb-bg-size:cover;\"><div class=\"fusion-column-wrapper fusion-column-has-shadow fusion-flex-column-wrapper-legacy\"><div class=\"fusion-sep-clear\"><\/div><div class=\"fusion-separator fusion-full-width-sep\" style=\"margin-left: auto;margin-right: auto;margin-top:3%;width:100%;\"><\/div><div class=\"fusion-sep-clear\"><\/div><div class=\"fusion-image-element fusion-image-align-center in-legacy-container\" style=\"text-align:center;--awb-caption-title-size:var(--h2_typography-font-size);--awb-caption-title-transform:var(--h2_typography-text-transform);--awb-caption-title-line-height:var(--h2_typography-line-height);--awb-caption-title-letter-spacing:var(--h2_typography-letter-spacing);\"><div class=\"imageframe-align-center\"><span class=\" fusion-imageframe imageframe-none imageframe-1 hover-type-none\"><img decoding=\"async\" width=\"1000\" height=\"700\" alt=\"cancer\" title=\"cancer\" src=\"https:\/\/termix.net\/blog\/wp-content\/uploads\/2025\/01\/Termix-horizontal-5.jpg\" class=\"img-responsive wp-image-42388\" srcset=\"https:\/\/termix.net\/blog\/wp-content\/uploads\/2025\/01\/Termix-horizontal-5-200x140.jpg 200w, https:\/\/termix.net\/blog\/wp-content\/uploads\/2025\/01\/Termix-horizontal-5-400x280.jpg 400w, https:\/\/termix.net\/blog\/wp-content\/uploads\/2025\/01\/Termix-horizontal-5-600x420.jpg 600w, https:\/\/termix.net\/blog\/wp-content\/uploads\/2025\/01\/Termix-horizontal-5-800x560.jpg 800w, https:\/\/termix.net\/blog\/wp-content\/uploads\/2025\/01\/Termix-horizontal-5.jpg 1000w\" sizes=\"(max-width: 1060px) 100vw, 1000px\" \/><\/span><\/div><\/div><div class=\"fusion-sep-clear\"><\/div><div class=\"fusion-separator fusion-full-width-sep\" style=\"margin-left: auto;margin-right: auto;margin-top:3%;width:100%;\"><\/div><div class=\"fusion-sep-clear\"><\/div><div class=\"fusion-sep-clear\"><\/div><div class=\"fusion-separator fusion-full-width-sep\" style=\"margin-left: auto;margin-right: auto;margin-top:3%;width:100%;\"><\/div><div class=\"fusion-sep-clear\"><\/div><div class=\"fusion-clearfix\"><\/div><\/div><\/div><div class=\"fusion-layout-column fusion_builder_column fusion-builder-column-4 fusion_builder_column_1_1 1_1 fusion-one-full fusion-column-first fusion-column-last\" style=\"--awb-bg-size:cover;\"><div class=\"fusion-column-wrapper fusion-column-has-shadow fusion-flex-column-wrapper-legacy\"><div class=\"fusion-text fusion-text-4\"><div class=\"auto-hide-last-sibling-br paragraph-u1TS5p paragraph-element br-paragraph-space\" style=\"text-align: center;\">\n<div class=\"inter-pnY81r\">\n<div class=\"message-list-RYNqEy\">\n<div class=\"scroll-view-VuVgIp container-K7w4Rl reverse-ScGty0\">\n<div class=\"content-NfeEi5\">\n<div class=\"scrollable-xAHiOl show-scrollbar-H13q3P reverse-fWD12d\">\n<div class=\"inter-ltf2Se\">\n<div class=\"inview-wrapper-VT59mm\">\n<div class=\"item-wkcHha\">\n<div class=\"container-may7Ze chrome70-container leftVisible-CfLmyr undefined\">\n<div class=\"inner-SZBapM inner-item-urVErU\" data-target-id=\"message-box-target-id\" data-testid=\"union_message\">\n<div class=\"message-block-container-ll6qVi\" data-testid=\"message-block-container\">\n<div class=\"message-box-fWSpGO\" data-testid=\"receive_message\">\n<div class=\"answer-action-bar-Gh1aaF bottom-action-bar-wrapper-VQGIsb large-space-YpdUo1 answer-action-bar\" data-testid=\"message_action_bar\">\n<div class=\"container-ypfuwJ container-nx_5QG bottom-action-bar-s9u6_o\">\n<div class=\"left-yCbrpo\">\n<p><span style=\"font-weight: 400;\">En Termix, creemos en la belleza en todas sus formas, y entendemos que la belleza interior es tan importante como la exterior. La <strong>lucha contra el c\u00e1ncer<\/strong> es una lucha por la vida, por la salud y por la belleza interior que reside en cada uno de nosotros. Es una lucha que requiere valent\u00eda, perseverancia y, sobre todo, esperanza.<\/span><\/p>\n<p><span style=\"font-weight: 400;\">Este d\u00eda nos invita a la reflexi\u00f3n. Nos recuerda la importancia de la<strong> prevenci\u00f3n, la detecci\u00f3n temprana<\/strong> <strong>y el apoyo a quienes se enfrentan a esta enfermedad<\/strong>. Es un d\u00eda para mostrar nuestra solidaridad y para recordar que, juntos, podemos marcar la diferencia.<\/span><\/p>\n<p><span style=\"font-weight: 400;\">Desde <strong>Termix,<\/strong> queremos expresar nuestro apoyo incondicional a todas las personas afectadas por el c\u00e1ncer, a sus familias y a los <strong>profesionales que trabajan incansablemente para combatir esta enfermedad<\/strong>. Su fuerza y su lucha nos inspiran a seguir adelante, a perseguir nuestros sue\u00f1os y a valorar cada momento.<\/span><\/p>\n<p style=\"text-align: left;\">\n<\/div>\n<\/div>\n<\/div>\n<\/div>\n<\/div>\n<\/div>\n<\/div>\n<\/div>\n<\/div>\n<\/div>\n<\/div>\n<\/div>\n<\/div>\n<\/div>\n<\/div>\n<div class=\"footer-Ug82U4\">\n<div class=\"container-may7Ze chrome70-container leftVisible-CfLmyr undefined\">\n<div class=\"inner-SZBapM\">\n<div class=\"footer-Le8nVY\">\n<div class=\"chat-footer-action-wrapper-ZbhY6F\" data-testid=\"chat_footer_skill_bar\">\n<div class=\"flex-1 min-w-0 pt-10 pl-8 outline-none flex\" tabindex=\"0\" aria-expanded=\"false\" aria-haspopup=\"dialog\" aria-controls=\"7501xd4\" data-popupid=\"7501xd4\">\n<div class=\"bp5-overflow-list\">\n<div class=\"flex-shrink-0\">\n<div class=\"skill-bar-item-wrap pr-8\"><\/div>\n<\/div>\n<\/div>\n<\/div>\n<\/div>\n<\/div>\n<\/div>\n<\/div>\n<\/div>\n<\/div>\n<\/div><div class=\"fusion-clearfix\"><\/div><\/div><\/div><div class=\"fusion-layout-column fusion_builder_column fusion-builder-column-5 fusion_builder_column_1_1 1_1 fusion-one-full fusion-column-first fusion-column-last\" style=\"--awb-bg-size:cover;\"><div class=\"fusion-column-wrapper fusion-column-has-shadow fusion-flex-column-wrapper-legacy\"><div class=\"fusion-sep-clear\"><\/div><div class=\"fusion-separator fusion-full-width-sep\" style=\"margin-left: auto;margin-right: auto;margin-top:3%;width:100%;\"><\/div><div class=\"fusion-sep-clear\"><\/div><div class=\"fusion-title title fusion-title-3 fusion-sep-none fusion-title-center fusion-title-text fusion-title-size-three\"><h3 class=\"title-heading-center fusion-responsive-typography-calculated\" style=\"margin:0;--fontSize:40;line-height:1.4;\"><h3 style=\"text-align: center;\"><strong>LOS COLORES DE LA ESPERANZA<\/strong><\/h3>\n<h2 class=\"header-vfC6AV auto-hide-last-sibling-br\"><\/h2><\/h3><\/div><div class=\"fusion-sep-clear\"><\/div><div class=\"fusion-separator fusion-full-width-sep\" style=\"margin-left: auto;margin-right: auto;margin-top:3%;width:100%;\"><\/div><div class=\"fusion-sep-clear\"><\/div><div class=\"fusion-text fusion-text-5\"><div class=\"auto-hide-last-sibling-br paragraph-JOTKXA paragraph-element br-paragraph-space\">A menudo, asociamos este d\u00eda con las<strong> cintas de colores<\/strong>, cada una representando diferentes tipos de c\u00e1ncer. Sin embargo, es importante destacar que no existe una lista universalmente estandarizada de colores y sus correspondientes tipos de c\u00e1ncer. La asociaci\u00f3n de <strong>colores var\u00eda seg\u00fan la regi\u00f3n y la organizaci\u00f3n<\/strong>:<\/div>\n<\/div><div class=\"fusion-clearfix\"><\/div><\/div><\/div><div class=\"fusion-layout-column fusion_builder_column fusion-builder-column-6 fusion_builder_column_1_2 1_2 fusion-one-half fusion-column-first\" style=\"--awb-bg-size:cover;width:50%;width:calc(50% - ( ( 4% ) * 0.5 ) );margin-right: 4%;\"><div class=\"fusion-column-wrapper fusion-column-has-shadow fusion-flex-column-wrapper-legacy\"><div class=\"fusion-sep-clear\"><\/div><div class=\"fusion-separator fusion-full-width-sep\" style=\"margin-left: auto;margin-right: auto;margin-top:3%;width:100%;\"><\/div><div class=\"fusion-sep-clear\"><\/div><div class=\"fusion-text fusion-text-6\"><div class=\"auto-hide-last-sibling-br paragraph-JOTKXA paragraph-element br-paragraph-space\"><\/div>\n<div class=\"auto-hide-last-sibling-br paragraph-JOTKXA paragraph-element br-paragraph-space\"><\/div>\n<ul class=\"auto-hide-last-sibling-br\">\n<li style=\"text-align: left;\">\n<blockquote>\n<p><strong>Amarillo dorado:<\/strong>\u00a0C\u00e1ncer de hueso (osteosarcoma)<\/p>\n<\/blockquote>\n<\/li>\n<li style=\"text-align: left;\">\n<blockquote>\n<p><strong>Azul:<\/strong>\u00a0C\u00e1ncer de colon y recto<\/p>\n<\/blockquote>\n<\/li>\n<li style=\"text-align: left;\">\n<blockquote>\n<p><strong>Azul claro\/Celeste:<\/strong>\u00a0C\u00e1ncer de ovario<\/p>\n<\/blockquote>\n<\/li>\n<li style=\"text-align: left;\">\n<blockquote>\n<p><strong>Blanco\/Crema:<\/strong>\u00a0C\u00e1ncer de pulm\u00f3n<\/p>\n<\/blockquote>\n<\/li>\n<li style=\"text-align: left;\">\n<blockquote>\n<p><strong>Marr\u00f3n:<\/strong>\u00a0C\u00e1ncer de intestino<\/p>\n<\/blockquote>\n<\/li>\n<li style=\"text-align: left;\">\n<blockquote>\n<p><strong>Dorado:<\/strong>\u00a0C\u00e1ncer infantil<\/p>\n<\/blockquote>\n<\/li>\n<li style=\"text-align: left;\">\n<blockquote>\n<p><strong>Gris:<\/strong>\u00a0C\u00e1ncer de cerebro<\/p>\n<\/blockquote>\n<\/li>\n<li style=\"text-align: left;\">\n<blockquote>\n<p><strong>Lila\/Lavanda:<\/strong>\u00a0C\u00e1ncer de cabeza y cuello<\/p>\n<\/blockquote>\n<\/li>\n<\/ul>\n<\/div><div class=\"fusion-clearfix\"><\/div><\/div><\/div><div class=\"fusion-layout-column fusion_builder_column fusion-builder-column-7 fusion_builder_column_1_2 1_2 fusion-one-half fusion-column-last\" style=\"--awb-bg-size:cover;width:50%;width:calc(50% - ( ( 4% ) * 0.5 ) );\"><div class=\"fusion-column-wrapper fusion-column-has-shadow fusion-flex-column-wrapper-legacy\"><div class=\"fusion-sep-clear\"><\/div><div class=\"fusion-separator fusion-full-width-sep\" style=\"margin-left: auto;margin-right: auto;margin-top:3%;width:100%;\"><\/div><div class=\"fusion-sep-clear\"><\/div><div class=\"fusion-text fusion-text-7\"><ul class=\"auto-hide-last-sibling-br\">\n<li style=\"text-align: left;\">\n<blockquote>\n<p><strong>Naranja:<\/strong>\u00a0Leucemia<\/p>\n<\/blockquote>\n<\/li>\n<li style=\"text-align: left;\">\n<blockquote>\n<p><strong>Rojo:<\/strong>\u00a0C\u00e1ncer de coraz\u00f3n<\/p>\n<\/blockquote>\n<\/li>\n<li style=\"text-align: left;\">\n<blockquote>\n<p><strong>Rosa:<\/strong>\u00a0C\u00e1ncer de mama<\/p>\n<\/blockquote>\n<\/li>\n<li style=\"text-align: left;\">\n<blockquote>\n<p><strong>Verde azulado\/Verde agua:<\/strong>\u00a0C\u00e1ncer de pr\u00f3stata<\/p>\n<\/blockquote>\n<\/li>\n<li style=\"text-align: left;\">\n<blockquote>\n<p><strong>Verde lima:<\/strong>\u00a0C\u00e1ncer de ves\u00edcula biliar<\/p>\n<\/blockquote>\n<\/li>\n<li style=\"text-align: left;\">\n<blockquote>\n<p><strong>Morado:<\/strong>\u00a0C\u00e1ncer de p\u00e1ncreas<\/p>\n<\/blockquote>\n<\/li>\n<li style=\"text-align: left;\">\n<blockquote>\n<p><strong>Rojo oscuro\/ Borgo\u00f1a:<\/strong>\u00a0C\u00e1ncer de ri\u00f1\u00f3n<\/p>\n<\/blockquote>\n<\/li>\n<li>\n<blockquote>\n<p><strong>Turquesa:<\/strong>\u00a0C\u00e1ncer de vejiga<\/p>\n<\/blockquote>\n<\/li>\n<\/ul>\n<\/div><div class=\"fusion-sep-clear\"><\/div><div class=\"fusion-separator fusion-full-width-sep\" style=\"margin-left: auto;margin-right: auto;margin-top:3%;width:100%;\"><\/div><div class=\"fusion-sep-clear\"><\/div><div class=\"fusion-clearfix\"><\/div><\/div><\/div><div class=\"fusion-layout-column fusion_builder_column fusion-builder-column-8 fusion_builder_column_1_1 1_1 fusion-one-full fusion-column-first fusion-column-last\" style=\"--awb-bg-size:cover;\"><div class=\"fusion-column-wrapper fusion-column-has-shadow fusion-flex-column-wrapper-legacy\"><div class=\"fusion-sep-clear\"><\/div><div class=\"fusion-separator fusion-full-width-sep\" style=\"margin-left: auto;margin-right: auto;margin-top:3%;width:100%;\"><\/div><div class=\"fusion-sep-clear\"><\/div><div class=\"fusion-text fusion-text-8\"><div class=\"auto-hide-last-sibling-br paragraph-JOTKXA paragraph-element br-paragraph-space\">\n<h4 class=\"auto-hide-last-sibling-br paragraph-JOTKXA paragraph-element br-paragraph-space\" style=\"text-align: center;\"><strong>M\u00e1s all\u00e1 de los colores: La importancia de la prevenci\u00f3n y el apoyo<\/strong><\/h4>\n<\/div>\n<\/div><div class=\"fusion-sep-clear\"><\/div><div class=\"fusion-separator fusion-full-width-sep\" style=\"margin-left: auto;margin-right: auto;margin-top:3%;width:100%;\"><\/div><div class=\"fusion-sep-clear\"><\/div><div class=\"fusion-text fusion-text-9\"><div class=\"auto-hide-last-sibling-br paragraph-JOTKXA paragraph-element br-paragraph-space\">\n<div class=\"auto-hide-last-sibling-br paragraph-JOTKXA paragraph-element br-paragraph-space\" style=\"text-align: center;\"><\/div>\n<div class=\"auto-hide-last-sibling-br paragraph-JOTKXA paragraph-element br-paragraph-space\">Si bien las cintas de colores son un s\u00edmbolo visual poderoso para la concienciaci\u00f3n, la verdadera lucha contra el c\u00e1ncer radica en la prevenci\u00f3n, l<strong>a detecci\u00f3n temprana y el apoyo a los pacientes y sus familias<\/strong>. Los colores nos recuerdan la diversidad de esta enfermedad, pero la unidad en la lucha contra ella es lo que importa.<\/div>\n<div class=\"auto-hide-last-sibling-br paragraph-JOTKXA paragraph-element br-paragraph-space\">En lugar de centrarnos \u00fanicamente en la asignaci\u00f3n de colores, aprovechemos este d\u00eda para:<\/div>\n<div><\/div>\n<ul class=\"auto-hide-last-sibling-br\">\n<li><strong>Informarnos sobre los factores de riesgo:<\/strong>\u00a0Conocer los factores de riesgo de diferentes tipos de c\u00e1ncer nos permite tomar medidas preventivas.<\/li>\n<li><strong>Realizarnos chequeos regulares:<\/strong>\u00a0La detecci\u00f3n temprana es clave para aumentar las posibilidades de \u00e9xito en el tratamiento.<\/li>\n<li><strong>Apoyar a las organizaciones de lucha contra el c\u00e1ncer:<\/strong>\u00a0Existen numerosas organizaciones que dedican sus esfuerzos a la investigaci\u00f3n, el tratamiento y el apoyo a los pacientes.<\/li>\n<li><strong>Compartir informaci\u00f3n:<\/strong>\u00a0Difundir informaci\u00f3n precisa y actualizada sobre la prevenci\u00f3n y el tratamiento del c\u00e1ncer puede salvar vidas.<\/li>\n<\/ul>\n<\/div>\n<\/div><div class=\"fusion-clearfix\"><\/div><\/div><\/div><div class=\"fusion-layout-column fusion_builder_column fusion-builder-column-9 fusion_builder_column_1_1 1_1 fusion-one-full fusion-column-first fusion-column-last\" style=\"--awb-bg-size:cover;\"><div class=\"fusion-column-wrapper fusion-column-has-shadow fusion-flex-column-wrapper-legacy\"><div class=\"fusion-sep-clear\"><\/div><div class=\"fusion-separator fusion-full-width-sep\" style=\"margin-left: auto;margin-right: auto;margin-top:8%;width:100%;\"><\/div><div class=\"fusion-sep-clear\"><\/div><div class=\"fusion-image-element fusion-image-align-center in-legacy-container\" style=\"text-align:center;--awb-caption-title-size:var(--h2_typography-font-size);--awb-caption-title-transform:var(--h2_typography-text-transform);--awb-caption-title-line-height:var(--h2_typography-line-height);--awb-caption-title-letter-spacing:var(--h2_typography-letter-spacing);\"><div class=\"imageframe-align-center\"><span class=\" fusion-imageframe imageframe-none imageframe-2 hover-type-none\"><img decoding=\"async\" width=\"1000\" height=\"700\" alt=\"lucha contra el cancer\" title=\"lucha contra el cancer\" src=\"https:\/\/termix.net\/blog\/wp-content\/uploads\/2025\/01\/Termix-horizontal-6.jpg\" class=\"img-responsive wp-image-42390\" srcset=\"https:\/\/termix.net\/blog\/wp-content\/uploads\/2025\/01\/Termix-horizontal-6-200x140.jpg 200w, https:\/\/termix.net\/blog\/wp-content\/uploads\/2025\/01\/Termix-horizontal-6-400x280.jpg 400w, https:\/\/termix.net\/blog\/wp-content\/uploads\/2025\/01\/Termix-horizontal-6-600x420.jpg 600w, https:\/\/termix.net\/blog\/wp-content\/uploads\/2025\/01\/Termix-horizontal-6-800x560.jpg 800w, https:\/\/termix.net\/blog\/wp-content\/uploads\/2025\/01\/Termix-horizontal-6.jpg 1000w\" sizes=\"(max-width: 1060px) 100vw, 1000px\" \/><\/span><\/div><\/div><div class=\"fusion-clearfix\"><\/div><\/div><\/div><div class=\"fusion-layout-column fusion_builder_column fusion-builder-column-10 fusion_builder_column_1_1 1_1 fusion-one-full fusion-column-first fusion-column-last\" style=\"--awb-bg-size:cover;\"><div class=\"fusion-column-wrapper fusion-column-has-shadow fusion-flex-column-wrapper-legacy\"><div class=\"fusion-sep-clear\"><\/div><div class=\"fusion-separator fusion-full-width-sep\" style=\"margin-left: auto;margin-right: auto;margin-top:7%;width:100%;\"><\/div><div class=\"fusion-sep-clear\"><\/div><div class=\"fusion-title title fusion-title-4 fusion-sep-none fusion-title-center fusion-title-text fusion-title-size-three\"><h3 class=\"title-heading-center fusion-responsive-typography-calculated\" style=\"margin:0;--fontSize:40;line-height:1.4;\"><h3 style=\"text-align: center;\"><strong>\u00bfC\u00d3MO CONTRIBUIR CON LA CAUSA?<\/strong><\/h3><\/h3><\/div><div class=\"fusion-clearfix\"><\/div><\/div><\/div><div class=\"fusion-layout-column fusion_builder_column fusion-builder-column-11 fusion_builder_column_1_1 1_1 fusion-one-full fusion-column-first fusion-column-last\" style=\"--awb-bg-size:cover;\"><div class=\"fusion-column-wrapper fusion-column-has-shadow fusion-flex-column-wrapper-legacy\"><div class=\"fusion-sep-clear\"><\/div><div class=\"fusion-separator fusion-full-width-sep\" style=\"margin-left: auto;margin-right: auto;margin-top:3%;width:100%;\"><\/div><div class=\"fusion-sep-clear\"><\/div><div class=\"fusion-sep-clear\"><\/div><div class=\"fusion-separator fusion-full-width-sep\" style=\"margin-left: auto;margin-right: auto;margin-top:3%;width:100%;\"><\/div><div class=\"fusion-sep-clear\"><\/div><div class=\"fusion-text fusion-text-10\"><ul>\n<li style=\"font-weight: 400;\" aria-level=\"1\"><span style=\"font-weight: 400;\"><strong>Donando a organizaciones ben\u00e9ficas:<\/strong> Apoya a las organizaciones que trabajan en la investigaci\u00f3n, el tratamiento y el apoyo a los pacientes con c\u00e1ncer.<\/span><\/li>\n<li style=\"font-weight: 400;\" aria-level=\"1\"><span style=\"font-weight: 400;\"><strong>Participando en eventos de recaudaci\u00f3n de fondos:<\/strong> Busca eventos en tu comunidad y participa para ayudar a recaudar fondos para la investigaci\u00f3n del c\u00e1ncer.<\/span><\/li>\n<li style=\"font-weight: 400;\" aria-level=\"1\"><span style=\"font-weight: 400;\"><strong>Difundiendo informaci\u00f3n:<\/strong> Comparte informaci\u00f3n sobre la prevenci\u00f3n y la detecci\u00f3n temprana del c\u00e1ncer para ayudar a concienciar a otras personas.<\/span><\/li>\n<li style=\"font-weight: 400;\" aria-level=\"1\"><span style=\"font-weight: 400;\"><strong>Ofreciendo apoyo a quienes lo necesitan:<\/strong> Si conoces a alguien que est\u00e1 luchando contra el c\u00e1ncer, ofrece tu apoyo y tu amistad. A veces, una simple palabra de aliento puede marcar la diferencia.<\/span><\/li>\n<\/ul>\n<\/div><div class=\"fusion-sep-clear\"><\/div><div class=\"fusion-separator fusion-full-width-sep\" style=\"margin-left: auto;margin-right: auto;margin-top:7%;width:100%;\"><\/div><div class=\"fusion-sep-clear\"><\/div><div class=\"fusion-clearfix\"><\/div><\/div><\/div><div class=\"fusion-layout-column fusion_builder_column fusion-builder-column-12 fusion_builder_column_1_1 1_1 fusion-one-full fusion-column-first fusion-column-last\" style=\"--awb-bg-size:cover;\"><div class=\"fusion-column-wrapper fusion-column-has-shadow fusion-flex-column-wrapper-legacy\"><div class=\"fusion-text fusion-text-11\"><div class=\"auto-hide-last-sibling-br paragraph-u1TS5p paragraph-element br-paragraph-space\" style=\"text-align: center;\">\n<div class=\"auto-hide-last-sibling-br paragraph-u1TS5p paragraph-element br-paragraph-space\">\n<div class=\"auto-hide-last-sibling-br paragraph-u1TS5p paragraph-element br-paragraph-space\">\n<blockquote>\n<p><em><strong>Este 4 de febrero, recordemos que m\u00e1s all\u00e1 de los colores, la unidad, la informaci\u00f3n y el apoyo son las mejores armas en la lucha contra el c\u00e1ncer. Para obtener informaci\u00f3n m\u00e1s precisa y actualizada, te invitamos a consultar las p\u00e1ginas web de <u><a href=\"https:\/\/www.who.int\/health-topics\/cancer\/#tab=tab_3\">OMS<\/a><\/u><\/strong><\/em> <strong>y ver de que manera ayudar con donaciones<\/strong><\/p>\n<\/blockquote>\n<\/div>\n<\/div>\n<div class=\"auto-hide-last-sibling-br paragraph-u1TS5p paragraph-element br-paragraph-space\"><\/div>\n<\/div>\n<div class=\"auto-hide-last-sibling-br paragraph-u1TS5p paragraph-element br-paragraph-space\" style=\"text-align: center;\"><\/div>\n<p style=\"text-align: center;\"><em><strong>\u00a0<\/strong><\/em><\/p>\n<\/div><div class=\"fusion-sep-clear\"><\/div><div class=\"fusion-separator fusion-full-width-sep\" style=\"margin-left: auto;margin-right: auto;margin-top:7%;width:100%;\"><\/div><div class=\"fusion-sep-clear\"><\/div><div class=\"fusion-image-element fusion-image-align-center in-legacy-container\" style=\"text-align:center;--awb-caption-title-size:var(--h2_typography-font-size);--awb-caption-title-transform:var(--h2_typography-text-transform);--awb-caption-title-line-height:var(--h2_typography-line-height);--awb-caption-title-letter-spacing:var(--h2_typography-letter-spacing);\"><div class=\"imageframe-align-center\"><span class=\" fusion-imageframe imageframe-none imageframe-3 hover-type-none\"><img decoding=\"async\" width=\"1000\" height=\"700\" alt=\"lucha contra el cancer\" title=\"lucha contra el cancer\" src=\"https:\/\/termix.net\/blog\/wp-content\/uploads\/2025\/01\/Termix-horizontal-7.jpg\" class=\"img-responsive wp-image-42392\" srcset=\"https:\/\/termix.net\/blog\/wp-content\/uploads\/2025\/01\/Termix-horizontal-7-200x140.jpg 200w, https:\/\/termix.net\/blog\/wp-content\/uploads\/2025\/01\/Termix-horizontal-7-400x280.jpg 400w, https:\/\/termix.net\/blog\/wp-content\/uploads\/2025\/01\/Termix-horizontal-7-600x420.jpg 600w, https:\/\/termix.net\/blog\/wp-content\/uploads\/2025\/01\/Termix-horizontal-7-800x560.jpg 800w, https:\/\/termix.net\/blog\/wp-content\/uploads\/2025\/01\/Termix-horizontal-7.jpg 1000w\" sizes=\"(max-width: 1060px) 100vw, 1000px\" \/><\/span><\/div><\/div><div class=\"fusion-sep-clear\"><\/div><div class=\"fusion-separator fusion-full-width-sep\" style=\"margin-left: auto;margin-right: auto;margin-top:7%;width:100%;\"><\/div><div class=\"fusion-sep-clear\"><\/div><div class=\"fusion-text fusion-text-12\"><div class=\"auto-hide-last-sibling-br paragraph-u1TS5p paragraph-element br-paragraph-space\" style=\"text-align: center;\">\n<div class=\"auto-hide-last-sibling-br paragraph-u1TS5p paragraph-element br-paragraph-space\">\n<div class=\"auto-hide-last-sibling-br paragraph-u1TS5p paragraph-element br-paragraph-space\">\n<p><em><strong>En <u><a href=\"https:\/\/www.instagram.com\/termixoficial\/\">Termix<\/a><\/u>, nos unimos a esta lucha con esperanza y compromiso. Creemos en un futuro donde el c\u00e1ncer sea una enfermedad superada, y seguiremos trabajando para contribuir a un mundo m\u00e1s saludable y lleno de belleza, tanto interior como exterior.<\/strong><\/em><\/p>\n<\/div>\n<\/div>\n<div class=\"auto-hide-last-sibling-br paragraph-u1TS5p paragraph-element br-paragraph-space\"><\/div>\n<\/div>\n<div class=\"auto-hide-last-sibling-br paragraph-u1TS5p paragraph-element br-paragraph-space\" style=\"text-align: center;\"><\/div>\n<p style=\"text-align: center;\"><em><strong>\u00a0<\/strong><\/em><\/p>\n<\/div><div class=\"fusion-clearfix\"><\/div><\/div><\/div><\/div><\/div><\/p>\n","protected":false},"excerpt":{"rendered":"","protected":false},"author":6,"featured_media":42394,"comment_status":"open","ping_status":"open","sticky":false,"template":"","format":"standard","meta":[],"categories":[6],"tags":[1613,1615,1614],"yoast_head":"<!-- This site is optimized with the Yoast SEO plugin v20.0 - https:\/\/yoast.com\/wordpress\/plugins\/seo\/ -->\n<title>Lucha contra el c\u00e1ncer, unidos por la esperanza<\/title>\n<meta name=\"description\" content=\"D\u00eda Mundial de la lucha contra el C\u00e1ncer: Un d\u00eda de esperanza y acci\u00f3n. Informaci\u00f3n, prevenci\u00f3n y apoyo a pacientes y familiares\" \/>\n<meta name=\"robots\" content=\"index, follow, max-snippet:-1, max-image-preview:large, max-video-preview:-1\" \/>\n<link rel=\"canonical\" href=\"https:\/\/termix.net\/blog\/es\/dia-mundial-de-la-lucha-contra-el-cancer-unidos-por-la-esperanza\/\" \/>\n<meta property=\"og:locale\" content=\"es_ES\" \/>\n<meta property=\"og:type\" content=\"article\" \/>\n<meta property=\"og:title\" content=\"Lucha contra el c\u00e1ncer, unidos por la esperanza\" \/>\n<meta property=\"og:description\" content=\"D\u00eda Mundial de la lucha contra el C\u00e1ncer: Un d\u00eda de esperanza y acci\u00f3n. Informaci\u00f3n, prevenci\u00f3n y apoyo a pacientes y familiares\" \/>\n<meta property=\"og:url\" content=\"https:\/\/termix.net\/blog\/es\/dia-mundial-de-la-lucha-contra-el-cancer-unidos-por-la-esperanza\/\" \/>\n<meta property=\"og:site_name\" content=\"Blog Termix Spain\" \/>\n<meta property=\"article:published_time\" content=\"2025-02-03T23:33:21+00:00\" \/>\n<meta property=\"article:modified_time\" content=\"2025-02-04T12:38:16+00:00\" \/>\n<meta property=\"og:image\" content=\"https:\/\/termix.net\/blog\/wp-content\/uploads\/2025\/01\/Termix-horizontal-3-1.jpg\" \/>\n\t<meta property=\"og:image:width\" content=\"1000\" \/>\n\t<meta property=\"og:image:height\" content=\"700\" \/>\n\t<meta property=\"og:image:type\" content=\"image\/jpeg\" \/>\n<meta name=\"author\" content=\"Termix Alicia\" \/>\n<meta name=\"twitter:card\" content=\"summary_large_image\" \/>\n<meta name=\"twitter:label1\" content=\"Escrito por\" \/>\n\t<meta name=\"twitter:data1\" content=\"Termix Alicia\" \/>\n\t<meta name=\"twitter:label2\" content=\"Tiempo de lectura\" \/>\n\t<meta name=\"twitter:data2\" content=\"18 minutos\" \/>\n<script type=\"application\/ld+json\" class=\"yoast-schema-graph\">{\"@context\":\"https:\/\/schema.org\",\"@graph\":[{\"@type\":\"Article\",\"@id\":\"https:\/\/termix.net\/blog\/es\/dia-mundial-de-la-lucha-contra-el-cancer-unidos-por-la-esperanza\/#article\",\"isPartOf\":{\"@id\":\"https:\/\/termix.net\/blog\/es\/dia-mundial-de-la-lucha-contra-el-cancer-unidos-por-la-esperanza\/\"},\"author\":{\"name\":\"Termix Alicia\",\"@id\":\"https:\/\/termix.net\/blog\/es\/#\/schema\/person\/b625ac27410466979aee03d7fbecce0f\"},\"headline\":\"D\u00eda mundial de la lucha contra el c\u00e1ncer, unidos por la esperanza\",\"datePublished\":\"2025-02-03T23:33:21+00:00\",\"dateModified\":\"2025-02-04T12:38:16+00:00\",\"mainEntityOfPage\":{\"@id\":\"https:\/\/termix.net\/blog\/es\/dia-mundial-de-la-lucha-contra-el-cancer-unidos-por-la-esperanza\/\"},\"wordCount\":8902,\"commentCount\":0,\"publisher\":{\"@id\":\"https:\/\/termix.net\/blog\/es\/#organization\"},\"keywords\":[\"cancer\",\"dia mundial de la lucha contra el c\u00e1ncer\",\"lucha contra el cancer\"],\"articleSection\":[\"NOTICIAS\"],\"inLanguage\":\"es\",\"potentialAction\":[{\"@type\":\"CommentAction\",\"name\":\"Comment\",\"target\":[\"https:\/\/termix.net\/blog\/es\/dia-mundial-de-la-lucha-contra-el-cancer-unidos-por-la-esperanza\/#respond\"]}]},{\"@type\":\"WebPage\",\"@id\":\"https:\/\/termix.net\/blog\/es\/dia-mundial-de-la-lucha-contra-el-cancer-unidos-por-la-esperanza\/\",\"url\":\"https:\/\/termix.net\/blog\/es\/dia-mundial-de-la-lucha-contra-el-cancer-unidos-por-la-esperanza\/\",\"name\":\"Lucha contra el c\u00e1ncer, unidos por la esperanza\",\"isPartOf\":{\"@id\":\"https:\/\/termix.net\/blog\/es\/#website\"},\"datePublished\":\"2025-02-03T23:33:21+00:00\",\"dateModified\":\"2025-02-04T12:38:16+00:00\",\"description\":\"D\u00eda Mundial de la lucha contra el C\u00e1ncer: Un d\u00eda de esperanza y acci\u00f3n. Informaci\u00f3n, prevenci\u00f3n y apoyo a pacientes y familiares\",\"breadcrumb\":{\"@id\":\"https:\/\/termix.net\/blog\/es\/dia-mundial-de-la-lucha-contra-el-cancer-unidos-por-la-esperanza\/#breadcrumb\"},\"inLanguage\":\"es\",\"potentialAction\":[{\"@type\":\"ReadAction\",\"target\":[\"https:\/\/termix.net\/blog\/es\/dia-mundial-de-la-lucha-contra-el-cancer-unidos-por-la-esperanza\/\"]}]},{\"@type\":\"BreadcrumbList\",\"@id\":\"https:\/\/termix.net\/blog\/es\/dia-mundial-de-la-lucha-contra-el-cancer-unidos-por-la-esperanza\/#breadcrumb\",\"itemListElement\":[{\"@type\":\"ListItem\",\"position\":1,\"name\":\"Home\",\"item\":\"https:\/\/termix.net\/blog\/es\/\"},{\"@type\":\"ListItem\",\"position\":2,\"name\":\"D\u00eda mundial de la lucha contra el c\u00e1ncer, unidos por la esperanza\"}]},{\"@type\":\"WebSite\",\"@id\":\"https:\/\/termix.net\/blog\/es\/#website\",\"url\":\"https:\/\/termix.net\/blog\/es\/\",\"name\":\"Blog Termix Spain\",\"description\":\"Blog de tendencias y productos de peluquer\u00eda profesional.\",\"publisher\":{\"@id\":\"https:\/\/termix.net\/blog\/es\/#organization\"},\"potentialAction\":[{\"@type\":\"SearchAction\",\"target\":{\"@type\":\"EntryPoint\",\"urlTemplate\":\"https:\/\/termix.net\/blog\/es\/?s={search_term_string}\"},\"query-input\":\"required name=search_term_string\"}],\"inLanguage\":\"es\"},{\"@type\":\"Organization\",\"@id\":\"https:\/\/termix.net\/blog\/es\/#organization\",\"name\":\"Dols Industrial de Peluquer\u00eda SA\",\"url\":\"https:\/\/termix.net\/blog\/es\/\",\"logo\":{\"@type\":\"ImageObject\",\"inLanguage\":\"es\",\"@id\":\"https:\/\/termix.net\/blog\/es\/#\/schema\/logo\/image\/\",\"url\":\"https:\/\/termix.net\/blog\/wp-content\/uploads\/2020\/10\/OGbDAeng.jpeg\",\"contentUrl\":\"https:\/\/termix.net\/blog\/wp-content\/uploads\/2020\/10\/OGbDAeng.jpeg\",\"width\":800,\"height\":800,\"caption\":\"Dols Industrial de Peluquer\u00eda SA\"},\"image\":{\"@id\":\"https:\/\/termix.net\/blog\/es\/#\/schema\/logo\/image\/\"}},{\"@type\":\"Person\",\"@id\":\"https:\/\/termix.net\/blog\/es\/#\/schema\/person\/b625ac27410466979aee03d7fbecce0f\",\"name\":\"Termix Alicia\",\"image\":{\"@type\":\"ImageObject\",\"inLanguage\":\"es\",\"@id\":\"https:\/\/termix.net\/blog\/es\/#\/schema\/person\/image\/\",\"url\":\"https:\/\/secure.gravatar.com\/avatar\/6a3b6df66866f7cd6d4c84e7e83a3322?s=96&d=mm&r=g\",\"contentUrl\":\"https:\/\/secure.gravatar.com\/avatar\/6a3b6df66866f7cd6d4c84e7e83a3322?s=96&d=mm&r=g\",\"caption\":\"Termix Alicia\"},\"url\":\"https:\/\/termix.net\/blog\/es\/author\/aliciamotherstudio-net\/\"}]}<\/script>\n<!-- \/ Yoast SEO plugin. -->","yoast_head_json":{"title":"Lucha contra el c\u00e1ncer, unidos por la esperanza","description":"D\u00eda Mundial de la lucha contra el C\u00e1ncer: Un d\u00eda de esperanza y acci\u00f3n. Informaci\u00f3n, prevenci\u00f3n y apoyo a pacientes y familiares","robots":{"index":"index","follow":"follow","max-snippet":"max-snippet:-1","max-image-preview":"max-image-preview:large","max-video-preview":"max-video-preview:-1"},"canonical":"https:\/\/termix.net\/blog\/es\/dia-mundial-de-la-lucha-contra-el-cancer-unidos-por-la-esperanza\/","og_locale":"es_ES","og_type":"article","og_title":"Lucha contra el c\u00e1ncer, unidos por la esperanza","og_description":"D\u00eda Mundial de la lucha contra el C\u00e1ncer: Un d\u00eda de esperanza y acci\u00f3n. Informaci\u00f3n, prevenci\u00f3n y apoyo a pacientes y familiares","og_url":"https:\/\/termix.net\/blog\/es\/dia-mundial-de-la-lucha-contra-el-cancer-unidos-por-la-esperanza\/","og_site_name":"Blog Termix Spain","article_published_time":"2025-02-03T23:33:21+00:00","article_modified_time":"2025-02-04T12:38:16+00:00","og_image":[{"width":1000,"height":700,"url":"https:\/\/termix.net\/blog\/wp-content\/uploads\/2025\/01\/Termix-horizontal-3-1.jpg","type":"image\/jpeg"}],"author":"Termix Alicia","twitter_card":"summary_large_image","twitter_misc":{"Escrito por":"Termix Alicia","Tiempo de lectura":"18 minutos"},"schema":{"@context":"https:\/\/schema.org","@graph":[{"@type":"Article","@id":"https:\/\/termix.net\/blog\/es\/dia-mundial-de-la-lucha-contra-el-cancer-unidos-por-la-esperanza\/#article","isPartOf":{"@id":"https:\/\/termix.net\/blog\/es\/dia-mundial-de-la-lucha-contra-el-cancer-unidos-por-la-esperanza\/"},"author":{"name":"Termix Alicia","@id":"https:\/\/termix.net\/blog\/es\/#\/schema\/person\/b625ac27410466979aee03d7fbecce0f"},"headline":"D\u00eda mundial de la lucha contra el c\u00e1ncer, unidos por la esperanza","datePublished":"2025-02-03T23:33:21+00:00","dateModified":"2025-02-04T12:38:16+00:00","mainEntityOfPage":{"@id":"https:\/\/termix.net\/blog\/es\/dia-mundial-de-la-lucha-contra-el-cancer-unidos-por-la-esperanza\/"},"wordCount":8902,"commentCount":0,"publisher":{"@id":"https:\/\/termix.net\/blog\/es\/#organization"},"keywords":["cancer","dia mundial de la lucha contra el c\u00e1ncer","lucha contra el cancer"],"articleSection":["NOTICIAS"],"inLanguage":"es","potentialAction":[{"@type":"CommentAction","name":"Comment","target":["https:\/\/termix.net\/blog\/es\/dia-mundial-de-la-lucha-contra-el-cancer-unidos-por-la-esperanza\/#respond"]}]},{"@type":"WebPage","@id":"https:\/\/termix.net\/blog\/es\/dia-mundial-de-la-lucha-contra-el-cancer-unidos-por-la-esperanza\/","url":"https:\/\/termix.net\/blog\/es\/dia-mundial-de-la-lucha-contra-el-cancer-unidos-por-la-esperanza\/","name":"Lucha contra el c\u00e1ncer, unidos por la esperanza","isPartOf":{"@id":"https:\/\/termix.net\/blog\/es\/#website"},"datePublished":"2025-02-03T23:33:21+00:00","dateModified":"2025-02-04T12:38:16+00:00","description":"D\u00eda Mundial de la lucha contra el C\u00e1ncer: Un d\u00eda de esperanza y acci\u00f3n. Informaci\u00f3n, prevenci\u00f3n y apoyo a pacientes y familiares","breadcrumb":{"@id":"https:\/\/termix.net\/blog\/es\/dia-mundial-de-la-lucha-contra-el-cancer-unidos-por-la-esperanza\/#breadcrumb"},"inLanguage":"es","potentialAction":[{"@type":"ReadAction","target":["https:\/\/termix.net\/blog\/es\/dia-mundial-de-la-lucha-contra-el-cancer-unidos-por-la-esperanza\/"]}]},{"@type":"BreadcrumbList","@id":"https:\/\/termix.net\/blog\/es\/dia-mundial-de-la-lucha-contra-el-cancer-unidos-por-la-esperanza\/#breadcrumb","itemListElement":[{"@type":"ListItem","position":1,"name":"Home","item":"https:\/\/termix.net\/blog\/es\/"},{"@type":"ListItem","position":2,"name":"D\u00eda mundial de la lucha contra el c\u00e1ncer, unidos por la esperanza"}]},{"@type":"WebSite","@id":"https:\/\/termix.net\/blog\/es\/#website","url":"https:\/\/termix.net\/blog\/es\/","name":"Blog Termix Spain","description":"Blog de tendencias y productos de peluquer\u00eda profesional.","publisher":{"@id":"https:\/\/termix.net\/blog\/es\/#organization"},"potentialAction":[{"@type":"SearchAction","target":{"@type":"EntryPoint","urlTemplate":"https:\/\/termix.net\/blog\/es\/?s={search_term_string}"},"query-input":"required name=search_term_string"}],"inLanguage":"es"},{"@type":"Organization","@id":"https:\/\/termix.net\/blog\/es\/#organization","name":"Dols Industrial de Peluquer\u00eda SA","url":"https:\/\/termix.net\/blog\/es\/","logo":{"@type":"ImageObject","inLanguage":"es","@id":"https:\/\/termix.net\/blog\/es\/#\/schema\/logo\/image\/","url":"https:\/\/termix.net\/blog\/wp-content\/uploads\/2020\/10\/OGbDAeng.jpeg","contentUrl":"https:\/\/termix.net\/blog\/wp-content\/uploads\/2020\/10\/OGbDAeng.jpeg","width":800,"height":800,"caption":"Dols Industrial de Peluquer\u00eda SA"},"image":{"@id":"https:\/\/termix.net\/blog\/es\/#\/schema\/logo\/image\/"}},{"@type":"Person","@id":"https:\/\/termix.net\/blog\/es\/#\/schema\/person\/b625ac27410466979aee03d7fbecce0f","name":"Termix Alicia","image":{"@type":"ImageObject","inLanguage":"es","@id":"https:\/\/termix.net\/blog\/es\/#\/schema\/person\/image\/","url":"https:\/\/secure.gravatar.com\/avatar\/6a3b6df66866f7cd6d4c84e7e83a3322?s=96&d=mm&r=g","contentUrl":"https:\/\/secure.gravatar.com\/avatar\/6a3b6df66866f7cd6d4c84e7e83a3322?s=96&d=mm&r=g","caption":"Termix Alicia"},"url":"https:\/\/termix.net\/blog\/es\/author\/aliciamotherstudio-net\/"}]}},"_links":{"self":[{"href":"https:\/\/termix.net\/blog\/es\/wp-json\/wp\/v2\/posts\/42377"}],"collection":[{"href":"https:\/\/termix.net\/blog\/es\/wp-json\/wp\/v2\/posts"}],"about":[{"href":"https:\/\/termix.net\/blog\/es\/wp-json\/wp\/v2\/types\/post"}],"author":[{"embeddable":true,"href":"https:\/\/termix.net\/blog\/es\/wp-json\/wp\/v2\/users\/6"}],"replies":[{"embeddable":true,"href":"https:\/\/termix.net\/blog\/es\/wp-json\/wp\/v2\/comments?post=42377"}],"version-history":[{"count":21,"href":"https:\/\/termix.net\/blog\/es\/wp-json\/wp\/v2\/posts\/42377\/revisions"}],"predecessor-version":[{"id":42429,"href":"https:\/\/termix.net\/blog\/es\/wp-json\/wp\/v2\/posts\/42377\/revisions\/42429"}],"wp:featuredmedia":[{"embeddable":true,"href":"https:\/\/termix.net\/blog\/es\/wp-json\/wp\/v2\/media\/42394"}],"wp:attachment":[{"href":"https:\/\/termix.net\/blog\/es\/wp-json\/wp\/v2\/media?parent=42377"}],"wp:term":[{"taxonomy":"category","embeddable":true,"href":"https:\/\/termix.net\/blog\/es\/wp-json\/wp\/v2\/categories?post=42377"},{"taxonomy":"post_tag","embeddable":true,"href":"https:\/\/termix.net\/blog\/es\/wp-json\/wp\/v2\/tags?post=42377"}],"curies":[{"name":"wp","href":"https:\/\/api.w.org\/{rel}","templated":true}]}}