{"id":41599,"date":"2024-10-22T12:42:18","date_gmt":"2024-10-22T10:42:18","guid":{"rendered":"https:\/\/termix.net\/blog\/?p=41599"},"modified":"2024-10-24T14:38:26","modified_gmt":"2024-10-24T12:38:26","slug":"termix-en-salon-look-madrid-un-viaje-a-la-innovacion","status":"publish","type":"post","link":"https:\/\/termix.net\/blog\/es\/termix-en-salon-look-madrid-un-viaje-a-la-innovacion\/","title":{"rendered":"Termix en Sal\u00f3n Look Madrid: Un viaje a la innovaci\u00f3n"},"content":{"rendered":"<p><div class=\"fusion-fullwidth fullwidth-box fusion-builder-row-1 has-pattern-background has-mask-background faded-background fusion-parallax-none nonhundred-percent-fullwidth non-hundred-percent-height-scrolling fusion-no-small-visibility fusion-no-medium-visibility\" style=\"--awb-border-radius-top-left:0px;--awb-border-radius-top-right:0px;--awb-border-radius-bottom-right:0px;--awb-border-radius-bottom-left:0px;--awb-padding-top:24%;--awb-padding-right:3%;--awb-padding-left:3%;--awb-background-size:cover;\" ><div class=\"fullwidth-faded\" style=\"--awb-background-color:#181818;--awb-background-image:url(https:\/\/termix.net\/blog\/wp-content\/uploads\/2024\/10\/Termix-horizontal-17.png);--awb-background-size:cover;\" ><\/div><div class=\"fusion-builder-row fusion-row\"><div class=\"fusion-layout-column fusion_builder_column fusion-builder-column-0 fusion_builder_column_1_1 1_1 fusion-one-full fusion-column-first fusion-column-last\" style=\"--awb-padding-top:6%;--awb-padding-right:8%;--awb-padding-bottom:6%;--awb-padding-left:8%;--awb-bg-color:rgba(255,255,255,0.7);--awb-bg-size:cover;--awb-margin-top:0px;--awb-margin-bottom:0px;\"><div class=\"fusion-column-wrapper fusion-column-has-shadow fusion-flex-column-wrapper-legacy\"><div class=\"fusion-text fusion-text-1 caption\"><p style=\"text-align: center;\">Noticias \u2014 3 min de lectura<\/p>\n<\/div><div class=\"fusion-title title fusion-title-1 fusion-sep-none fusion-title-center fusion-title-text fusion-title-size-one\" style=\"--awb-margin-top:30px;--awb-margin-bottom:20px;\"><h1 class=\"title-heading-center fusion-responsive-typography-calculated\" style=\"margin:0;--fontSize:50;line-height:1;\"><p style=\"font-weight: 400; text-align: center;\"><strong>TERMIX EN SAL\u00d3N LOOK MADRID: UN VIAJE A LA INNOVACI\u00d3N\u00a0<\/strong><\/p><\/h1><\/div><div class=\"fusion-clearfix\"><\/div><\/div><\/div><\/div><\/div><div class=\"fusion-fullwidth fullwidth-box fusion-builder-row-2 has-pattern-background has-mask-background fusion-parallax-none nonhundred-percent-fullwidth non-hundred-percent-height-scrolling fusion-no-large-visibility\" style=\"--awb-border-radius-top-left:0px;--awb-border-radius-top-right:0px;--awb-border-radius-bottom-right:0px;--awb-border-radius-bottom-left:0px;--awb-background-image:url(&quot;https:\/\/termix.net\/blog\/wp-content\/uploads\/2024\/10\/Termix-vertical-10-576x1024.jpg&quot;);--awb-background-size:cover;\" ><div class=\"fusion-builder-row fusion-row\"><div class=\"fusion-layout-column fusion_builder_column fusion-builder-column-1 fusion_builder_column_1_1 1_1 fusion-one-full fusion-column-first fusion-column-last\" style=\"--awb-padding-top:6%;--awb-bg-color:#ffffff;--awb-bg-size:cover;--awb-margin-top:0px;--awb-margin-bottom:0px;\"><div class=\"fusion-column-wrapper fusion-flex-column-wrapper-legacy\"><div class=\"fusion-text fusion-text-2 caption\"><p style=\"text-align: center;\">Noticias \u2014 3 min de lectura<\/p>\n<\/div><div class=\"fusion-title title fusion-title-2 fusion-sep-none fusion-title-center fusion-title-text fusion-title-size-one\" style=\"--awb-margin-top:30px;--awb-margin-bottom:20px;\"><h1 class=\"title-heading-center fusion-responsive-typography-calculated\" style=\"margin:0;--fontSize:50;line-height:1;\"><p style=\"font-weight: 400; text-align: center;\"><strong>TERMIX EN SAL\u00d3N LOOK MADRID: UN VIAJE A LA INNOVACI\u00d3N\u00a0<\/strong><\/p><\/h1><\/div><div class=\"fusion-clearfix\"><\/div><\/div><\/div><\/div><\/div><div class=\"fusion-fullwidth fullwidth-box fusion-builder-row-3 nonhundred-percent-fullwidth non-hundred-percent-height-scrolling\" style=\"--awb-border-radius-top-left:0px;--awb-border-radius-top-right:0px;--awb-border-radius-bottom-right:0px;--awb-border-radius-bottom-left:0px;--awb-padding-top:10px;--awb-padding-bottom:4%;--awb-margin-bottom:-50px;\" ><div class=\"fusion-builder-row fusion-row\"><div class=\"fusion-layout-column fusion_builder_column fusion-builder-column-2 fusion_builder_column_1_1 1_1 fusion-one-full fusion-column-first fusion-column-last\" style=\"--awb-bg-size:cover;\"><div class=\"fusion-column-wrapper fusion-column-has-shadow fusion-flex-column-wrapper-legacy\"><div class=\"fusion-text fusion-text-3\"><p style=\"text-align: center;\"><strong>Sal\u00f3n Look Madrid 2024 ha llegado a su fin, dejando tras de s\u00ed un torbellino de emociones, tendencias y, por supuesto, la magia de Termix. Tres d\u00edas intensos en los que nuestro stand en el Pabell\u00f3n 14\u00a0 se convirti\u00f3 en un epicentro de innovaci\u00f3n y pasi\u00f3n por la peluquer\u00eda profesional<\/strong><\/p>\n<\/div><div class=\"fusion-clearfix\"><\/div><\/div><\/div><\/div><\/div><div class=\"fusion-fullwidth fullwidth-box fusion-builder-row-4 fusion-flex-container nonhundred-percent-fullwidth non-hundred-percent-height-scrolling\" style=\"--awb-border-radius-top-left:0px;--awb-border-radius-top-right:0px;--awb-border-radius-bottom-right:0px;--awb-border-radius-bottom-left:0px;\" ><div class=\"fusion-builder-row fusion-row fusion-flex-align-items-flex-start\" style=\"max-width:94.64%;margin-left: calc(-4% \/ 2 );margin-right: calc(-4% \/ 2 );\"><div class=\"fusion-layout-column fusion_builder_column fusion-builder-column-3 fusion_builder_column_1_1 1_1 fusion-flex-column\" style=\"--awb-bg-size:cover;--awb-width-large:100%;--awb-margin-top-large:20px;--awb-spacing-right-large:1.92%;--awb-margin-bottom-large:20px;--awb-spacing-left-large:1.92%;--awb-width-medium:100%;--awb-order-medium:0;--awb-spacing-right-medium:1.92%;--awb-spacing-left-medium:1.92%;--awb-width-small:100%;--awb-order-small:0;--awb-spacing-right-small:1.92%;--awb-spacing-left-small:1.92%;\"><div class=\"fusion-column-wrapper fusion-column-has-shadow fusion-flex-justify-content-flex-start fusion-content-layout-column\"><div class=\"fusion-image-element \" style=\"text-align:center;--awb-caption-title-size:var(--h2_typography-font-size);--awb-caption-title-transform:var(--h2_typography-text-transform);--awb-caption-title-line-height:var(--h2_typography-line-height);--awb-caption-title-letter-spacing:var(--h2_typography-letter-spacing);\"><span class=\" fusion-imageframe imageframe-none imageframe-1 hover-type-none\"><img decoding=\"async\" width=\"1000\" height=\"700\" alt=\"sal\u00f3n look 2024\" title=\"sal\u00f3n look 2024\" src=\"https:\/\/termix.net\/blog\/wp-content\/uploads\/2024\/10\/Termix-horizontal-19.png\" class=\"img-responsive wp-image-41633\" srcset=\"https:\/\/termix.net\/blog\/wp-content\/uploads\/2024\/10\/Termix-horizontal-19-200x140.png 200w, https:\/\/termix.net\/blog\/wp-content\/uploads\/2024\/10\/Termix-horizontal-19-400x280.png 400w, https:\/\/termix.net\/blog\/wp-content\/uploads\/2024\/10\/Termix-horizontal-19-600x420.png 600w, https:\/\/termix.net\/blog\/wp-content\/uploads\/2024\/10\/Termix-horizontal-19-800x560.png 800w, https:\/\/termix.net\/blog\/wp-content\/uploads\/2024\/10\/Termix-horizontal-19.png 1000w\" sizes=\"(max-width: 1024px) 100vw, (max-width: 640px) 100vw, 1000px\" \/><\/span><\/div><div class=\"fusion-separator fusion-full-width-sep\" style=\"align-self: center;margin-left: auto;margin-right: auto;margin-top:3%;width:100%;\"><\/div><div class=\"fusion-separator fusion-full-width-sep\" style=\"align-self: center;margin-left: auto;margin-right: auto;margin-top:3%;width:100%;\"><\/div><div class=\"fusion-title title fusion-title-3 fusion-sep-none fusion-title-center fusion-title-text fusion-title-size-three\"><h3 class=\"title-heading-center fusion-responsive-typography-calculated\" style=\"margin:0;--fontSize:40;line-height:1.4;\"><h3 style=\"font-weight: 400; text-align: center;\"><strong>UN ESPACIO PARA LA INSPIRACI\u00d3N<\/strong><\/h3><\/h3><\/div><div class=\"fusion-separator fusion-full-width-sep\" style=\"align-self: center;margin-left: auto;margin-right: auto;margin-top:3%;width:100%;\"><\/div><div class=\"fusion-separator fusion-full-width-sep\" style=\"align-self: center;margin-left: auto;margin-right: auto;margin-top:3%;width:100%;\"><\/div><div class=\"fusion-text fusion-text-4\"><p style=\"font-weight: 400; text-align: center;\"><span style=\"font-weight: 400;\">Nuestro objetivo era claro: <strong>mostrar al mundo la innovaci\u00f3n que impulsa a Termix<\/strong>. Y lo logramos con creces. El <em><strong>stand<\/strong> <\/em>se llen\u00f3 de profesionales como <strong>Pablo Bogado, Miguel Alarc\u00f3n, Eduardo S\u00e1nchez y Fermin D\u00edaz<\/strong> entre otros, todos \u00e1vidos por descubrir las \u00faltimas tecnolog\u00edas en planchas, secadores, cepillos y productos estrella de la marca. Cada rinc\u00f3n rebosaba energ\u00eda, con demostraciones en vivo de las herramientas que revolucionan <strong>el mundo de la peluquer\u00eda<\/strong>.\u00a0<\/span><\/p>\n<\/div><div class=\"fusion-separator fusion-full-width-sep\" style=\"align-self: center;margin-left: auto;margin-right: auto;margin-top:3%;width:100%;\"><\/div><div class=\"fusion-image-element \" style=\"text-align:center;--awb-caption-title-size:var(--h2_typography-font-size);--awb-caption-title-transform:var(--h2_typography-text-transform);--awb-caption-title-line-height:var(--h2_typography-line-height);--awb-caption-title-letter-spacing:var(--h2_typography-letter-spacing);\"><span class=\" fusion-imageframe imageframe-none imageframe-2 hover-type-none\"><img decoding=\"async\" width=\"1000\" height=\"700\" title=\"Termix horizontal (12)\" src=\"https:\/\/termix.net\/blog\/wp-content\/uploads\/2024\/10\/Termix-horizontal-12.png\" alt class=\"img-responsive wp-image-41603\" srcset=\"https:\/\/termix.net\/blog\/wp-content\/uploads\/2024\/10\/Termix-horizontal-12-200x140.png 200w, https:\/\/termix.net\/blog\/wp-content\/uploads\/2024\/10\/Termix-horizontal-12-400x280.png 400w, https:\/\/termix.net\/blog\/wp-content\/uploads\/2024\/10\/Termix-horizontal-12-600x420.png 600w, https:\/\/termix.net\/blog\/wp-content\/uploads\/2024\/10\/Termix-horizontal-12-800x560.png 800w, https:\/\/termix.net\/blog\/wp-content\/uploads\/2024\/10\/Termix-horizontal-12.png 1000w\" sizes=\"(max-width: 1024px) 100vw, (max-width: 640px) 100vw, 1000px\" \/><\/span><\/div><div class=\"fusion-separator fusion-full-width-sep\" style=\"align-self: center;margin-left: auto;margin-right: auto;margin-top:3%;width:100%;\"><\/div><div class=\"fusion-separator fusion-full-width-sep\" style=\"align-self: center;margin-left: auto;margin-right: auto;margin-top:3%;width:100%;\"><\/div><div class=\"fusion-title title fusion-title-4 fusion-sep-none fusion-title-center fusion-title-text fusion-title-size-three\"><h3 class=\"title-heading-center fusion-responsive-typography-calculated\" style=\"margin:0;--fontSize:40;line-height:1.4;\"><h3 style=\"font-weight: 400; text-align: center;\"><strong>TECNOLOG\u00cdA AL SERVICIO DE LA BELLEZA<\/strong><\/h3><\/h3><\/div><div class=\"fusion-separator fusion-full-width-sep\" style=\"align-self: center;margin-left: auto;margin-right: auto;margin-top:3%;width:100%;\"><\/div><\/div><\/div><div class=\"fusion-layout-column fusion_builder_column fusion-builder-column-4 fusion_builder_column_1_2 1_2 fusion-flex-column\" style=\"--awb-bg-size:cover;--awb-width-large:50%;--awb-margin-top-large:20px;--awb-spacing-right-large:3.84%;--awb-margin-bottom-large:20px;--awb-spacing-left-large:3.84%;--awb-width-medium:100%;--awb-order-medium:0;--awb-spacing-right-medium:1.92%;--awb-spacing-left-medium:1.92%;--awb-width-small:100%;--awb-order-small:0;--awb-spacing-right-small:1.92%;--awb-spacing-left-small:1.92%;\"><div class=\"fusion-column-wrapper fusion-column-has-shadow fusion-flex-justify-content-flex-start fusion-content-layout-column\"><div class=\"fusion-separator fusion-full-width-sep\" style=\"align-self: center;margin-left: auto;margin-right: auto;margin-top:3%;width:100%;\"><\/div><div class=\"fusion-separator fusion-full-width-sep\" style=\"align-self: center;margin-left: auto;margin-right: auto;margin-top:3%;width:100%;\"><\/div><div class=\"fusion-separator fusion-full-width-sep\" style=\"align-self: center;margin-left: auto;margin-right: auto;margin-top:3%;width:100%;\"><\/div><div class=\"fusion-text fusion-text-5\"><p style=\"font-weight: 400; text-align: center;\"><span style=\"font-weight: 400;\"><strong>La Plancha Unlimited<\/strong>, con su tecnolog\u00eda de contador de pasadas y regulador de temperatura, cautiv\u00f3 a los visitantes, demostrando que el cuidado del cabello y la precisi\u00f3n van de la mano. <strong>El Secador Illusion<\/strong> de \u00faltima generaci\u00f3n, con su secado r\u00e1pido y eficiente, sin\u00f3nimo de resultados impecables y sin da\u00f1o,\u00a0 fueron los protagonistas indiscutibles<\/span><\/p>\n<\/div><\/div><\/div><div class=\"fusion-layout-column fusion_builder_column fusion-builder-column-5 fusion_builder_column_1_4 1_4 fusion-flex-column\" style=\"--awb-bg-size:cover;--awb-width-large:25%;--awb-margin-top-large:20px;--awb-spacing-right-large:7.68%;--awb-margin-bottom-large:20px;--awb-spacing-left-large:7.68%;--awb-width-medium:100%;--awb-order-medium:0;--awb-spacing-right-medium:1.92%;--awb-spacing-left-medium:1.92%;--awb-width-small:100%;--awb-order-small:0;--awb-spacing-right-small:1.92%;--awb-spacing-left-small:1.92%;\"><div class=\"fusion-column-wrapper fusion-column-has-shadow fusion-flex-justify-content-flex-start fusion-content-layout-column\"><div class=\"fusion-image-element \" style=\"text-align:center;--awb-caption-title-size:var(--h2_typography-font-size);--awb-caption-title-transform:var(--h2_typography-text-transform);--awb-caption-title-line-height:var(--h2_typography-line-height);--awb-caption-title-letter-spacing:var(--h2_typography-letter-spacing);\"><span class=\" fusion-imageframe imageframe-none imageframe-3 hover-type-none\"><a class=\"fusion-no-lightbox\" href=\"https:\/\/termix.net\/es\/productos-peluqueria\/champu-natural\/champu-reparador-repairme-styleme.html\" target=\"_self\" aria-label=\"secador ilussion\"><img decoding=\"async\" width=\"1024\" height=\"1024\" alt=\"secador ilussion\" src=\"https:\/\/termix.net\/blog\/wp-content\/uploads\/2024\/10\/Diseno-sin-titulo-19-1024x1024.png\" class=\"img-responsive wp-image-41382\" srcset=\"https:\/\/termix.net\/blog\/wp-content\/uploads\/2024\/10\/Diseno-sin-titulo-19-200x200.png 200w, https:\/\/termix.net\/blog\/wp-content\/uploads\/2024\/10\/Diseno-sin-titulo-19-400x400.png 400w, https:\/\/termix.net\/blog\/wp-content\/uploads\/2024\/10\/Diseno-sin-titulo-19-600x600.png 600w, https:\/\/termix.net\/blog\/wp-content\/uploads\/2024\/10\/Diseno-sin-titulo-19-800x800.png 800w, https:\/\/termix.net\/blog\/wp-content\/uploads\/2024\/10\/Diseno-sin-titulo-19.png 1200w\" sizes=\"(max-width: 1024px) 100vw, (max-width: 640px) 100vw, 400px\" \/><\/a><\/span><\/div><div class=\"fusion-text fusion-text-6\"><p style=\"text-align: center;\"><b>Secador Illusion<\/b><\/p>\n<\/div><div style=\"text-align:center;\"><a class=\"fusion-button button-flat fusion-button-default-size button-default fusion-button-default button-1 fusion-button-default-span fusion-button-default-type\" target=\"_self\" href=\"https:\/\/termix.net\/es\/herramientas\/secadores-de-pelo\/secador-profesional-termix-illusion.html\"><span class=\"fusion-button-text\">COMPRAR<\/span><\/a><\/div><\/div><\/div><div class=\"fusion-layout-column fusion_builder_column fusion-builder-column-6 fusion_builder_column_1_4 1_4 fusion-flex-column\" style=\"--awb-bg-size:cover;--awb-width-large:25%;--awb-margin-top-large:20px;--awb-spacing-right-large:7.68%;--awb-margin-bottom-large:20px;--awb-spacing-left-large:7.68%;--awb-width-medium:100%;--awb-order-medium:0;--awb-spacing-right-medium:1.92%;--awb-spacing-left-medium:1.92%;--awb-width-small:100%;--awb-order-small:0;--awb-spacing-right-small:1.92%;--awb-spacing-left-small:1.92%;\"><div class=\"fusion-column-wrapper fusion-column-has-shadow fusion-flex-justify-content-flex-start fusion-content-layout-column\"><div class=\"fusion-image-element \" style=\"text-align:center;--awb-caption-title-size:var(--h2_typography-font-size);--awb-caption-title-transform:var(--h2_typography-text-transform);--awb-caption-title-line-height:var(--h2_typography-line-height);--awb-caption-title-letter-spacing:var(--h2_typography-letter-spacing);\"><span class=\" fusion-imageframe imageframe-none imageframe-4 hover-type-none\"><a class=\"fusion-no-lightbox\" href=\"https:\/\/termix.net\/es\/productos-peluqueria\/champu-natural\/champu-reparador-repairme-styleme.html\" target=\"_self\" aria-label=\"plancha unllimited\"><img decoding=\"async\" width=\"1024\" height=\"1024\" alt=\"plancha unllimited\" src=\"https:\/\/termix.net\/blog\/wp-content\/uploads\/2024\/09\/Diseno-sin-titulo-1024x1024.png\" class=\"img-responsive wp-image-41268\" srcset=\"https:\/\/termix.net\/blog\/wp-content\/uploads\/2024\/09\/Diseno-sin-titulo-200x200.png 200w, https:\/\/termix.net\/blog\/wp-content\/uploads\/2024\/09\/Diseno-sin-titulo-400x400.png 400w, https:\/\/termix.net\/blog\/wp-content\/uploads\/2024\/09\/Diseno-sin-titulo-600x600.png 600w, https:\/\/termix.net\/blog\/wp-content\/uploads\/2024\/09\/Diseno-sin-titulo-800x800.png 800w, https:\/\/termix.net\/blog\/wp-content\/uploads\/2024\/09\/Diseno-sin-titulo.png 1200w\" sizes=\"(max-width: 1024px) 100vw, (max-width: 640px) 100vw, 400px\" \/><\/a><\/span><\/div><div class=\"fusion-text fusion-text-7\"><p style=\"text-align: center;\"><b>Plancha Unlimited<\/b><\/p>\n<\/div><div style=\"text-align:center;\"><a class=\"fusion-button button-flat fusion-button-default-size button-default fusion-button-default button-2 fusion-button-default-span fusion-button-default-type\" target=\"_self\" href=\"https:\/\/termix.net\/es\/planchas-de-pelo\/plancha-de-pelo-termix-profesional-unlimited.html\"><span class=\"fusion-button-text\">COMPRAR<\/span><\/a><\/div><\/div><\/div><div class=\"fusion-layout-column fusion_builder_column fusion-builder-column-7 fusion_builder_column_1_4 1_4 fusion-flex-column\" style=\"--awb-bg-size:cover;--awb-width-large:25%;--awb-margin-top-large:20px;--awb-spacing-right-large:7.68%;--awb-margin-bottom-large:20px;--awb-spacing-left-large:7.68%;--awb-width-medium:100%;--awb-order-medium:0;--awb-spacing-right-medium:1.92%;--awb-spacing-left-medium:1.92%;--awb-width-small:100%;--awb-order-small:0;--awb-spacing-right-small:1.92%;--awb-spacing-left-small:1.92%;\"><div class=\"fusion-column-wrapper fusion-column-has-shadow fusion-flex-justify-content-flex-start fusion-content-layout-column\"><div class=\"fusion-separator fusion-full-width-sep\" style=\"align-self: center;margin-left: auto;margin-right: auto;margin-top:3%;width:100%;\"><\/div><\/div><\/div><div class=\"fusion-layout-column fusion_builder_column fusion-builder-column-8 fusion_builder_column_1_2 1_2 fusion-flex-column\" style=\"--awb-bg-size:cover;--awb-width-large:50%;--awb-margin-top-large:20px;--awb-spacing-right-large:3.84%;--awb-margin-bottom-large:20px;--awb-spacing-left-large:3.84%;--awb-width-medium:100%;--awb-order-medium:0;--awb-spacing-right-medium:1.92%;--awb-spacing-left-medium:1.92%;--awb-width-small:100%;--awb-order-small:0;--awb-spacing-right-small:1.92%;--awb-spacing-left-small:1.92%;\"><div class=\"fusion-column-wrapper fusion-column-has-shadow fusion-flex-justify-content-flex-start fusion-content-layout-column\"><div class=\"fusion-separator fusion-full-width-sep\" style=\"align-self: center;margin-left: auto;margin-right: auto;margin-top:3%;width:100%;\"><\/div><div class=\"fusion-video fusion-selfhosted-video fusion-no-medium-visibility\" style=\"align-self:center;max-width:100%;\"><div class=\"video-wrapper\"><video playsinline=\"true\" width=\"100%\" style=\"object-fit: cover;\" autoplay=\"true\" muted=\"true\" loop=\"true\" preload=\"metadata\" controls=\"1\"><source src=\"https:\/\/termix.net\/blog\/wp-content\/uploads\/2024\/10\/WhatsApp-Video-2024-10-24-at-08.48.10.mp4\" type=\"video\/mp4\">Sorry, your browser doesn&#039;t support embedded videos.<\/video><\/div><\/div><\/div><\/div><div class=\"fusion-layout-column fusion_builder_column fusion-builder-column-9 fusion_builder_column_1_4 1_4 fusion-flex-column\" style=\"--awb-bg-size:cover;--awb-width-large:25%;--awb-margin-top-large:20px;--awb-spacing-right-large:7.68%;--awb-margin-bottom-large:20px;--awb-spacing-left-large:7.68%;--awb-width-medium:100%;--awb-order-medium:0;--awb-spacing-right-medium:1.92%;--awb-spacing-left-medium:1.92%;--awb-width-small:100%;--awb-order-small:0;--awb-spacing-right-small:1.92%;--awb-spacing-left-small:1.92%;\"><div class=\"fusion-column-wrapper fusion-column-has-shadow fusion-flex-justify-content-flex-start fusion-content-layout-column\"><div class=\"fusion-separator fusion-full-width-sep\" style=\"align-self: center;margin-left: auto;margin-right: auto;margin-top:3%;width:100%;\"><\/div><\/div><\/div><div class=\"fusion-layout-column fusion_builder_column fusion-builder-column-10 fusion_builder_column_1_1 1_1 fusion-flex-column\" style=\"--awb-bg-size:cover;--awb-width-large:100%;--awb-margin-top-large:20px;--awb-spacing-right-large:1.92%;--awb-margin-bottom-large:20px;--awb-spacing-left-large:1.92%;--awb-width-medium:100%;--awb-order-medium:0;--awb-spacing-right-medium:1.92%;--awb-spacing-left-medium:1.92%;--awb-width-small:100%;--awb-order-small:0;--awb-spacing-right-small:1.92%;--awb-spacing-left-small:1.92%;\"><div class=\"fusion-column-wrapper fusion-column-has-shadow fusion-flex-justify-content-flex-start fusion-content-layout-column\"><div class=\"fusion-separator fusion-full-width-sep\" style=\"align-self: center;margin-left: auto;margin-right: auto;margin-top:3%;width:100%;\"><\/div><div class=\"fusion-title title fusion-title-5 fusion-sep-none fusion-title-center fusion-title-text fusion-title-size-three\"><h3 class=\"title-heading-center fusion-responsive-typography-calculated\" style=\"margin:0;--fontSize:40;line-height:1.4;\"><h3 style=\"font-weight: 400; text-align: center;\"><strong>UN EQUIPO APASIONADO POR LA PELUQUERIA<\/strong><\/h3><\/h3><\/div><div class=\"fusion-separator fusion-full-width-sep\" style=\"align-self: center;margin-left: auto;margin-right: auto;margin-top:3%;width:100%;\"><\/div><div class=\"fusion-separator fusion-full-width-sep\" style=\"align-self: center;margin-left: auto;margin-right: auto;margin-top:3%;width:100%;\"><\/div><div class=\"fusion-text fusion-text-8\"><p style=\"font-weight: 400; text-align: center;\"><span style=\"font-weight: 400;\"><strong>Nuestro equipo de experto<\/strong>s, con su pasi\u00f3n y conocimiento, se convirti\u00f3 en el alma del <em><strong>stand<\/strong><\/em>. Cada interacci\u00f3n con los visitantes se tradujo en asesoramiento personalizado, resoluci\u00f3n de dudas y una aut\u00e9ntica conexi\u00f3n con el mundo de la peluquer\u00eda profesional. Compartimos <strong>nuestra pasi\u00f3n por la innovaci\u00f3n y la belleza<\/strong>, y nos alegramos de ver c\u00f3mo nuestros productos inspiran a los profesionales<\/span><\/p>\n<\/div><div class=\"fusion-separator fusion-full-width-sep\" style=\"align-self: center;margin-left: auto;margin-right: auto;margin-top:3%;width:100%;\"><\/div><div class=\"fusion-separator fusion-full-width-sep\" style=\"align-self: center;margin-left: auto;margin-right: auto;margin-top:3%;width:100%;\"><\/div><div class=\"fusion-image-element \" style=\"text-align:center;--awb-caption-title-size:var(--h2_typography-font-size);--awb-caption-title-transform:var(--h2_typography-text-transform);--awb-caption-title-line-height:var(--h2_typography-line-height);--awb-caption-title-letter-spacing:var(--h2_typography-letter-spacing);\"><span class=\" fusion-imageframe imageframe-none imageframe-5 hover-type-none\"><img decoding=\"async\" width=\"1000\" height=\"700\" alt=\"sal\u00f3n look 2024\" title=\"sal\u00f3n look 2024\" src=\"https:\/\/termix.net\/blog\/wp-content\/uploads\/2024\/10\/Termix-horizontal-18.png\" class=\"img-responsive wp-image-41637\" srcset=\"https:\/\/termix.net\/blog\/wp-content\/uploads\/2024\/10\/Termix-horizontal-18-200x140.png 200w, https:\/\/termix.net\/blog\/wp-content\/uploads\/2024\/10\/Termix-horizontal-18-400x280.png 400w, https:\/\/termix.net\/blog\/wp-content\/uploads\/2024\/10\/Termix-horizontal-18-600x420.png 600w, https:\/\/termix.net\/blog\/wp-content\/uploads\/2024\/10\/Termix-horizontal-18-800x560.png 800w, https:\/\/termix.net\/blog\/wp-content\/uploads\/2024\/10\/Termix-horizontal-18.png 1000w\" sizes=\"(max-width: 1024px) 100vw, (max-width: 640px) 100vw, 1000px\" \/><\/span><\/div><div class=\"fusion-separator fusion-full-width-sep\" style=\"align-self: center;margin-left: auto;margin-right: auto;margin-top:3%;width:100%;\"><\/div><\/div><\/div><div class=\"fusion-layout-column fusion_builder_column fusion-builder-column-11 fusion_builder_column_1_1 1_1 fusion-flex-column\" style=\"--awb-bg-size:cover;--awb-width-large:100%;--awb-margin-top-large:20px;--awb-spacing-right-large:1.92%;--awb-margin-bottom-large:20px;--awb-spacing-left-large:1.92%;--awb-width-medium:100%;--awb-order-medium:0;--awb-spacing-right-medium:1.92%;--awb-spacing-left-medium:1.92%;--awb-width-small:100%;--awb-order-small:0;--awb-spacing-right-small:1.92%;--awb-spacing-left-small:1.92%;\"><div class=\"fusion-column-wrapper fusion-column-has-shadow fusion-flex-justify-content-flex-start fusion-content-layout-column\"><div class=\"fusion-separator fusion-full-width-sep\" style=\"align-self: center;margin-left: auto;margin-right: auto;margin-top:3%;width:100%;\"><\/div><div class=\"fusion-title title fusion-title-6 fusion-sep-none fusion-title-center fusion-title-text fusion-title-size-three\"><h3 class=\"title-heading-center fusion-responsive-typography-calculated\" style=\"margin:0;--fontSize:40;line-height:1.4;\"><h3 style=\"font-weight: 400; text-align: center;\"><strong>REPERCUSI\u00d3N EN MEDIOS\u00a0<\/strong><\/h3><\/h3><\/div><div class=\"fusion-separator fusion-full-width-sep\" style=\"align-self: center;margin-left: auto;margin-right: auto;margin-top:3%;width:100%;\"><\/div><div class=\"fusion-separator fusion-full-width-sep\" style=\"align-self: center;margin-left: auto;margin-right: auto;margin-top:3%;width:100%;\"><\/div><div class=\"fusion-text fusion-text-9\"><p>La repercusi\u00f3n de Termix en<strong> Sal\u00f3n Look Madrid<\/strong> no pas\u00f3 desapercibida. La prestigiosa radio <strong>Libertad Digital<\/strong> public\u00f3 una entrevista de el programa <strong>\u00abEs la ma\u00f1ana\u00bb<\/strong> en la que se destacan las nuevas herramientas para el cabello que presentamos en el evento. Puedes leer <u><a href=\"https:\/\/www.libertaddigital.com\/chic\/vida-estilo\/2024-10-18\/belleza-nuevas-herramientas-para-el-pelo-de-termix-7175320\/\"><strong> la nota completa aqu\u00ed<\/strong><\/a><\/u><\/p>\n<\/div><div class=\"fusion-separator fusion-full-width-sep\" style=\"align-self: center;margin-left: auto;margin-right: auto;margin-top:3%;width:100%;\"><\/div><\/div><\/div><div class=\"fusion-layout-column fusion_builder_column fusion-builder-column-12 fusion_builder_column_1_1 1_1 fusion-flex-column\" style=\"--awb-bg-size:cover;--awb-width-large:100%;--awb-margin-top-large:20px;--awb-spacing-right-large:1.92%;--awb-margin-bottom-large:20px;--awb-spacing-left-large:1.92%;--awb-width-medium:100%;--awb-order-medium:0;--awb-spacing-right-medium:1.92%;--awb-spacing-left-medium:1.92%;--awb-width-small:100%;--awb-order-small:0;--awb-spacing-right-small:1.92%;--awb-spacing-left-small:1.92%;\"><div class=\"fusion-column-wrapper fusion-column-has-shadow fusion-flex-justify-content-flex-start fusion-content-layout-column\"><div class=\"fusion-separator fusion-full-width-sep\" style=\"align-self: center;margin-left: auto;margin-right: auto;margin-top:3%;width:100%;\"><\/div><div class=\"fusion-title title fusion-title-7 fusion-sep-none fusion-title-center fusion-title-text fusion-title-size-three\"><h3 class=\"title-heading-center fusion-responsive-typography-calculated\" style=\"margin:0;--fontSize:40;line-height:1.4;\"><h3 style=\"font-weight: 400; text-align: center;\"><strong>REGALOS INCREIBLES<\/strong><\/h3><\/h3><\/div><div class=\"fusion-separator fusion-full-width-sep\" style=\"align-self: center;margin-left: auto;margin-right: auto;margin-top:3%;width:100%;\"><\/div><div class=\"fusion-separator fusion-full-width-sep\" style=\"align-self: center;margin-left: auto;margin-right: auto;margin-top:3%;width:100%;\"><\/div><div class=\"fusion-text fusion-text-10\"><p style=\"font-weight: 400; text-align: center;\">Para agradecer la visita de cada <strong>profesional<\/strong>, preparamos una lluvia de<strong> regalos incre\u00edbles<\/strong>. Cada persona que se acerc\u00f3 a nuestro<em><strong> stand<\/strong><\/em> tuvo la oportunidad de llevarse un detalle especial de <strong>Termix<\/strong>, como muestras de productos, folletos informativos y, por supuesto, descuentos exclusivos<\/p>\n<\/div><div class=\"fusion-separator fusion-full-width-sep\" style=\"align-self: center;margin-left: auto;margin-right: auto;margin-top:3%;width:100%;\"><\/div><div class=\"fusion-separator fusion-full-width-sep\" style=\"align-self: center;margin-left: auto;margin-right: auto;margin-top:3%;width:100%;\"><\/div><div class=\"fusion-image-element \" style=\"text-align:center;--awb-caption-title-size:var(--h2_typography-font-size);--awb-caption-title-transform:var(--h2_typography-text-transform);--awb-caption-title-line-height:var(--h2_typography-line-height);--awb-caption-title-letter-spacing:var(--h2_typography-letter-spacing);\"><span class=\" fusion-imageframe imageframe-none imageframe-6 hover-type-none\"><img decoding=\"async\" width=\"1000\" height=\"700\" alt=\"Plancha de pelo profesional Termix 230\u00ba\" title=\"Salon look regalos\" src=\"https:\/\/termix.net\/blog\/wp-content\/uploads\/2024\/10\/Termix-horizontal-16.png\" class=\"img-responsive wp-image-41611\" srcset=\"https:\/\/termix.net\/blog\/wp-content\/uploads\/2024\/10\/Termix-horizontal-16-200x140.png 200w, https:\/\/termix.net\/blog\/wp-content\/uploads\/2024\/10\/Termix-horizontal-16-400x280.png 400w, https:\/\/termix.net\/blog\/wp-content\/uploads\/2024\/10\/Termix-horizontal-16-600x420.png 600w, https:\/\/termix.net\/blog\/wp-content\/uploads\/2024\/10\/Termix-horizontal-16-800x560.png 800w, https:\/\/termix.net\/blog\/wp-content\/uploads\/2024\/10\/Termix-horizontal-16.png 1000w\" sizes=\"(max-width: 1024px) 100vw, (max-width: 640px) 100vw, 1000px\" \/><\/span><\/div><div class=\"fusion-separator fusion-full-width-sep\" style=\"align-self: center;margin-left: auto;margin-right: auto;margin-top:3%;width:100%;\"><\/div><div class=\"fusion-separator fusion-full-width-sep\" style=\"align-self: center;margin-left: auto;margin-right: auto;margin-top:3%;width:100%;\"><\/div><\/div><\/div><div class=\"fusion-layout-column fusion_builder_column fusion-builder-column-13 fusion_builder_column_1_1 1_1 fusion-flex-column\" style=\"--awb-bg-size:cover;--awb-width-large:100%;--awb-margin-top-large:20px;--awb-spacing-right-large:1.92%;--awb-margin-bottom-large:20px;--awb-spacing-left-large:1.92%;--awb-width-medium:100%;--awb-order-medium:0;--awb-spacing-right-medium:1.92%;--awb-spacing-left-medium:1.92%;--awb-width-small:100%;--awb-order-small:0;--awb-spacing-right-small:1.92%;--awb-spacing-left-small:1.92%;\"><div class=\"fusion-column-wrapper fusion-column-has-shadow fusion-flex-justify-content-flex-start fusion-content-layout-column\"><div class=\"fusion-title title fusion-title-8 fusion-sep-none fusion-title-center fusion-title-text fusion-title-size-three\"><h3 class=\"title-heading-center fusion-responsive-typography-calculated\" style=\"margin:0;--fontSize:40;line-height:1.4;\"><h3 style=\"font-weight: 400; text-align: center;\"><strong>M\u00c1S QUE UN EVENTO, UNA EXPERIENCIA<\/strong><\/h3><\/h3><\/div><div class=\"fusion-separator fusion-full-width-sep\" style=\"align-self: center;margin-left: auto;margin-right: auto;margin-top:3%;width:100%;\"><\/div><div class=\"fusion-separator fusion-full-width-sep\" style=\"align-self: center;margin-left: auto;margin-right: auto;margin-top:3%;width:100%;\"><\/div><div class=\"fusion-text fusion-text-11\"><p style=\"font-weight: 400; text-align: center;\"><span style=\"font-weight: 400;\"><strong><em>Sal\u00f3n Look Madrid<\/em> <\/strong>no fue solo una feria, fue una experiencia inolvidable. Un espacio para conectar con los profesionales del sector, compartir conocimientos, descubrir nuevas tendencias y, sobre todo, <strong>celebrar la pasi\u00f3n por la peluquer\u00eda<\/strong><\/span><\/p>\n<\/div><div class=\"fusion-separator fusion-full-width-sep\" style=\"align-self: center;margin-left: auto;margin-right: auto;margin-top:3%;width:100%;\"><\/div><div class=\"fusion-separator fusion-full-width-sep\" style=\"align-self: center;margin-left: auto;margin-right: auto;margin-top:3%;width:100%;\"><\/div><\/div><\/div><div class=\"fusion-layout-column fusion_builder_column fusion-builder-column-14 fusion_builder_column_1_2 1_2 fusion-flex-column\" style=\"--awb-bg-size:cover;--awb-width-large:50%;--awb-margin-top-large:20px;--awb-spacing-right-large:3.84%;--awb-margin-bottom-large:20px;--awb-spacing-left-large:3.84%;--awb-width-medium:100%;--awb-order-medium:0;--awb-spacing-right-medium:1.92%;--awb-spacing-left-medium:1.92%;--awb-width-small:100%;--awb-order-small:0;--awb-spacing-right-small:1.92%;--awb-spacing-left-small:1.92%;\"><div class=\"fusion-column-wrapper fusion-column-has-shadow fusion-flex-justify-content-flex-start fusion-content-layout-column\"><div class=\"fusion-separator fusion-full-width-sep\" style=\"align-self: center;margin-left: auto;margin-right: auto;margin-top:3%;width:100%;\"><\/div><div class=\"fusion-video fusion-selfhosted-video\" style=\"max-width:100%;\"><div class=\"video-wrapper\"><video playsinline=\"true\" width=\"100%\" style=\"object-fit: cover;\" autoplay=\"true\" muted=\"true\" loop=\"true\" preload=\"auto\" controls=\"1\"><source src=\"https:\/\/termix.net\/blog\/wp-content\/uploads\/2024\/10\/Termix-vertical-3.mp4\" type=\"video\/mp4\">Sorry, your browser doesn&#039;t support embedded videos.<\/video><\/div><\/div><\/div><\/div><div class=\"fusion-layout-column fusion_builder_column fusion-builder-column-15 fusion_builder_column_1_2 1_2 fusion-flex-column\" style=\"--awb-bg-size:cover;--awb-width-large:50%;--awb-margin-top-large:20px;--awb-spacing-right-large:3.84%;--awb-margin-bottom-large:20px;--awb-spacing-left-large:3.84%;--awb-width-medium:100%;--awb-order-medium:0;--awb-spacing-right-medium:1.92%;--awb-spacing-left-medium:1.92%;--awb-width-small:100%;--awb-order-small:0;--awb-spacing-right-small:1.92%;--awb-spacing-left-small:1.92%;\"><div class=\"fusion-column-wrapper fusion-column-has-shadow fusion-flex-justify-content-flex-start fusion-content-layout-column\"><div class=\"fusion-separator fusion-full-width-sep\" style=\"align-self: center;margin-left: auto;margin-right: auto;margin-top:3%;width:100%;\"><\/div><div class=\"fusion-video fusion-selfhosted-video\" style=\"max-width:100%;\"><div class=\"video-wrapper\"><video playsinline=\"true\" width=\"100%\" style=\"object-fit: cover;\" autoplay=\"true\" muted=\"true\" loop=\"true\" preload=\"auto\" controls=\"1\"><source src=\"https:\/\/termix.net\/blog\/wp-content\/uploads\/2024\/10\/Termix-vertical-4.mp4\" type=\"video\/mp4\">Sorry, your browser doesn&#039;t support embedded videos.<\/video><\/div><\/div><\/div><\/div><div class=\"fusion-layout-column fusion_builder_column fusion-builder-column-16 fusion_builder_column_1_1 1_1 fusion-flex-column\" style=\"--awb-bg-size:cover;--awb-width-large:100%;--awb-margin-top-large:20px;--awb-spacing-right-large:1.92%;--awb-margin-bottom-large:20px;--awb-spacing-left-large:1.92%;--awb-width-medium:100%;--awb-order-medium:0;--awb-spacing-right-medium:1.92%;--awb-spacing-left-medium:1.92%;--awb-width-small:100%;--awb-order-small:0;--awb-spacing-right-small:1.92%;--awb-spacing-left-small:1.92%;\"><div class=\"fusion-column-wrapper fusion-column-has-shadow fusion-flex-justify-content-flex-start fusion-content-layout-column\"><div class=\"fusion-separator fusion-full-width-sep\" style=\"align-self: center;margin-left: auto;margin-right: auto;margin-top:3%;width:100%;\"><\/div><div class=\"fusion-text fusion-text-12\"><p style=\"text-align: center;\"><strong>Agradecemos a todos los que nos visitaron en Sal\u00f3n Look Madrid 2024. Su entusiasmo y pasi\u00f3n por la peluquer\u00eda profesional nos motivan a seguir innovando y creando herramientas que les permitan alcanzar su m\u00e1ximo potencial. \u00a1Nos vemos en la pr\u00f3xima edici\u00f3n!, siguenos en nuestras redes de <u><a href=\"https:\/\/www.instagram.com\/termixoficial\/\">Termix oficial<\/a><\/u> para enterarte cuando ser\u00e1 nuestro proximo encuentro.<\/strong><\/p>\n<\/div><div class=\"fusion-separator fusion-full-width-sep\" style=\"align-self: center;margin-left: auto;margin-right: auto;margin-top:3%;width:100%;\"><\/div><div class=\"fusion-separator fusion-full-width-sep\" style=\"align-self: center;margin-left: auto;margin-right: auto;margin-top:3%;width:100%;\"><\/div><div class=\"fusion-image-element \" style=\"text-align:center;--awb-caption-title-size:var(--h2_typography-font-size);--awb-caption-title-transform:var(--h2_typography-text-transform);--awb-caption-title-line-height:var(--h2_typography-line-height);--awb-caption-title-letter-spacing:var(--h2_typography-letter-spacing);\"><span class=\" fusion-imageframe imageframe-none imageframe-7 hover-type-none\"><img decoding=\"async\" width=\"1000\" height=\"700\" alt=\"salon look\" title=\"salon look\" src=\"https:\/\/termix.net\/blog\/wp-content\/uploads\/2024\/10\/Termix-horizontal-15.png\" class=\"img-responsive wp-image-41609\" srcset=\"https:\/\/termix.net\/blog\/wp-content\/uploads\/2024\/10\/Termix-horizontal-15-200x140.png 200w, https:\/\/termix.net\/blog\/wp-content\/uploads\/2024\/10\/Termix-horizontal-15-400x280.png 400w, https:\/\/termix.net\/blog\/wp-content\/uploads\/2024\/10\/Termix-horizontal-15-600x420.png 600w, https:\/\/termix.net\/blog\/wp-content\/uploads\/2024\/10\/Termix-horizontal-15-800x560.png 800w, https:\/\/termix.net\/blog\/wp-content\/uploads\/2024\/10\/Termix-horizontal-15.png 1000w\" sizes=\"(max-width: 1024px) 100vw, (max-width: 640px) 100vw, 1000px\" \/><\/span><\/div><\/div><\/div><\/div><\/div><\/p>\n","protected":false},"excerpt":{"rendered":"","protected":false},"author":6,"featured_media":41620,"comment_status":"open","ping_status":"open","sticky":false,"template":"","format":"standard","meta":[],"categories":[6],"tags":[1564,319,91,1241,1563,1244],"yoast_head":"<!-- This site is optimized with the Yoast SEO plugin v20.0 - https:\/\/yoast.com\/wordpress\/plugins\/seo\/ -->\n<title>Sal\u00f3n look 2024 con Termix, un \u00e9xito absoluto<\/title>\n<meta name=\"description\" content=\"Termix brill\u00f3 en Sal\u00f3n Look Madrid 2024 Descubre las \u00faltimas innovaciones en planchas, secadores y cepillos para un cabello radiante\" \/>\n<meta name=\"robots\" content=\"index, follow, max-snippet:-1, max-image-preview:large, max-video-preview:-1\" \/>\n<link rel=\"canonical\" href=\"https:\/\/termix.net\/blog\/es\/termix-en-salon-look-madrid-un-viaje-a-la-innovacion\/\" \/>\n<meta property=\"og:locale\" content=\"es_ES\" \/>\n<meta property=\"og:type\" content=\"article\" \/>\n<meta property=\"og:title\" content=\"Sal\u00f3n look 2024 con Termix, un \u00e9xito absoluto\" \/>\n<meta property=\"og:description\" content=\"Termix brill\u00f3 en Sal\u00f3n Look Madrid 2024 Descubre las \u00faltimas innovaciones en planchas, secadores y cepillos para un cabello radiante\" \/>\n<meta property=\"og:url\" content=\"https:\/\/termix.net\/blog\/es\/termix-en-salon-look-madrid-un-viaje-a-la-innovacion\/\" \/>\n<meta property=\"og:site_name\" content=\"Blog Termix Spain\" \/>\n<meta property=\"article:published_time\" content=\"2024-10-22T10:42:18+00:00\" \/>\n<meta property=\"article:modified_time\" content=\"2024-10-24T12:38:26+00:00\" \/>\n<meta property=\"og:image\" content=\"https:\/\/termix.net\/blog\/wp-content\/uploads\/2024\/10\/Termix-horizontal-17.png\" \/>\n\t<meta property=\"og:image:width\" content=\"1000\" \/>\n\t<meta property=\"og:image:height\" content=\"700\" \/>\n\t<meta property=\"og:image:type\" content=\"image\/png\" \/>\n<meta name=\"author\" content=\"Termix Alicia\" \/>\n<meta name=\"twitter:card\" content=\"summary_large_image\" \/>\n<meta name=\"twitter:label1\" content=\"Escrito por\" \/>\n\t<meta name=\"twitter:data1\" content=\"Termix Alicia\" \/>\n\t<meta name=\"twitter:label2\" content=\"Tiempo de lectura\" \/>\n\t<meta name=\"twitter:data2\" content=\"26 minutos\" \/>\n<script type=\"application\/ld+json\" class=\"yoast-schema-graph\">{\"@context\":\"https:\/\/schema.org\",\"@graph\":[{\"@type\":\"Article\",\"@id\":\"https:\/\/termix.net\/blog\/es\/termix-en-salon-look-madrid-un-viaje-a-la-innovacion\/#article\",\"isPartOf\":{\"@id\":\"https:\/\/termix.net\/blog\/es\/termix-en-salon-look-madrid-un-viaje-a-la-innovacion\/\"},\"author\":{\"name\":\"Termix Alicia\",\"@id\":\"https:\/\/termix.net\/blog\/es\/#\/schema\/person\/b625ac27410466979aee03d7fbecce0f\"},\"headline\":\"Termix en Sal\u00f3n Look Madrid: Un viaje a la innovaci\u00f3n\",\"datePublished\":\"2024-10-22T10:42:18+00:00\",\"dateModified\":\"2024-10-24T12:38:26+00:00\",\"mainEntityOfPage\":{\"@id\":\"https:\/\/termix.net\/blog\/es\/termix-en-salon-look-madrid-un-viaje-a-la-innovacion\/\"},\"wordCount\":13261,\"commentCount\":0,\"publisher\":{\"@id\":\"https:\/\/termix.net\/blog\/es\/#organization\"},\"keywords\":[\"embajadores\",\"estilistas\",\"look\",\"salon look\",\"salon look 2024\",\"salon look madrid\"],\"articleSection\":[\"NOTICIAS\"],\"inLanguage\":\"es\",\"potentialAction\":[{\"@type\":\"CommentAction\",\"name\":\"Comment\",\"target\":[\"https:\/\/termix.net\/blog\/es\/termix-en-salon-look-madrid-un-viaje-a-la-innovacion\/#respond\"]}]},{\"@type\":\"WebPage\",\"@id\":\"https:\/\/termix.net\/blog\/es\/termix-en-salon-look-madrid-un-viaje-a-la-innovacion\/\",\"url\":\"https:\/\/termix.net\/blog\/es\/termix-en-salon-look-madrid-un-viaje-a-la-innovacion\/\",\"name\":\"Sal\u00f3n look 2024 con Termix, un \u00e9xito absoluto\",\"isPartOf\":{\"@id\":\"https:\/\/termix.net\/blog\/es\/#website\"},\"datePublished\":\"2024-10-22T10:42:18+00:00\",\"dateModified\":\"2024-10-24T12:38:26+00:00\",\"description\":\"Termix brill\u00f3 en Sal\u00f3n Look Madrid 2024 Descubre las \u00faltimas innovaciones en planchas, secadores y cepillos para un cabello radiante\",\"breadcrumb\":{\"@id\":\"https:\/\/termix.net\/blog\/es\/termix-en-salon-look-madrid-un-viaje-a-la-innovacion\/#breadcrumb\"},\"inLanguage\":\"es\",\"potentialAction\":[{\"@type\":\"ReadAction\",\"target\":[\"https:\/\/termix.net\/blog\/es\/termix-en-salon-look-madrid-un-viaje-a-la-innovacion\/\"]}]},{\"@type\":\"BreadcrumbList\",\"@id\":\"https:\/\/termix.net\/blog\/es\/termix-en-salon-look-madrid-un-viaje-a-la-innovacion\/#breadcrumb\",\"itemListElement\":[{\"@type\":\"ListItem\",\"position\":1,\"name\":\"Home\",\"item\":\"https:\/\/termix.net\/blog\/es\/\"},{\"@type\":\"ListItem\",\"position\":2,\"name\":\"Termix en Sal\u00f3n Look Madrid: Un viaje a la innovaci\u00f3n\"}]},{\"@type\":\"WebSite\",\"@id\":\"https:\/\/termix.net\/blog\/es\/#website\",\"url\":\"https:\/\/termix.net\/blog\/es\/\",\"name\":\"Blog Termix Spain\",\"description\":\"Blog de tendencias y productos de peluquer\u00eda profesional.\",\"publisher\":{\"@id\":\"https:\/\/termix.net\/blog\/es\/#organization\"},\"potentialAction\":[{\"@type\":\"SearchAction\",\"target\":{\"@type\":\"EntryPoint\",\"urlTemplate\":\"https:\/\/termix.net\/blog\/es\/?s={search_term_string}\"},\"query-input\":\"required name=search_term_string\"}],\"inLanguage\":\"es\"},{\"@type\":\"Organization\",\"@id\":\"https:\/\/termix.net\/blog\/es\/#organization\",\"name\":\"Dols Industrial de Peluquer\u00eda SA\",\"url\":\"https:\/\/termix.net\/blog\/es\/\",\"logo\":{\"@type\":\"ImageObject\",\"inLanguage\":\"es\",\"@id\":\"https:\/\/termix.net\/blog\/es\/#\/schema\/logo\/image\/\",\"url\":\"https:\/\/termix.net\/blog\/wp-content\/uploads\/2020\/10\/OGbDAeng.jpeg\",\"contentUrl\":\"https:\/\/termix.net\/blog\/wp-content\/uploads\/2020\/10\/OGbDAeng.jpeg\",\"width\":800,\"height\":800,\"caption\":\"Dols Industrial de Peluquer\u00eda SA\"},\"image\":{\"@id\":\"https:\/\/termix.net\/blog\/es\/#\/schema\/logo\/image\/\"}},{\"@type\":\"Person\",\"@id\":\"https:\/\/termix.net\/blog\/es\/#\/schema\/person\/b625ac27410466979aee03d7fbecce0f\",\"name\":\"Termix Alicia\",\"image\":{\"@type\":\"ImageObject\",\"inLanguage\":\"es\",\"@id\":\"https:\/\/termix.net\/blog\/es\/#\/schema\/person\/image\/\",\"url\":\"https:\/\/secure.gravatar.com\/avatar\/6a3b6df66866f7cd6d4c84e7e83a3322?s=96&d=mm&r=g\",\"contentUrl\":\"https:\/\/secure.gravatar.com\/avatar\/6a3b6df66866f7cd6d4c84e7e83a3322?s=96&d=mm&r=g\",\"caption\":\"Termix Alicia\"},\"url\":\"https:\/\/termix.net\/blog\/es\/author\/aliciamotherstudio-net\/\"}]}<\/script>\n<!-- \/ Yoast SEO plugin. -->","yoast_head_json":{"title":"Sal\u00f3n look 2024 con Termix, un \u00e9xito absoluto","description":"Termix brill\u00f3 en Sal\u00f3n Look Madrid 2024 Descubre las \u00faltimas innovaciones en planchas, secadores y cepillos para un cabello radiante","robots":{"index":"index","follow":"follow","max-snippet":"max-snippet:-1","max-image-preview":"max-image-preview:large","max-video-preview":"max-video-preview:-1"},"canonical":"https:\/\/termix.net\/blog\/es\/termix-en-salon-look-madrid-un-viaje-a-la-innovacion\/","og_locale":"es_ES","og_type":"article","og_title":"Sal\u00f3n look 2024 con Termix, un \u00e9xito absoluto","og_description":"Termix brill\u00f3 en Sal\u00f3n Look Madrid 2024 Descubre las \u00faltimas innovaciones en planchas, secadores y cepillos para un cabello radiante","og_url":"https:\/\/termix.net\/blog\/es\/termix-en-salon-look-madrid-un-viaje-a-la-innovacion\/","og_site_name":"Blog Termix Spain","article_published_time":"2024-10-22T10:42:18+00:00","article_modified_time":"2024-10-24T12:38:26+00:00","og_image":[{"width":1000,"height":700,"url":"https:\/\/termix.net\/blog\/wp-content\/uploads\/2024\/10\/Termix-horizontal-17.png","type":"image\/png"}],"author":"Termix Alicia","twitter_card":"summary_large_image","twitter_misc":{"Escrito por":"Termix Alicia","Tiempo de lectura":"26 minutos"},"schema":{"@context":"https:\/\/schema.org","@graph":[{"@type":"Article","@id":"https:\/\/termix.net\/blog\/es\/termix-en-salon-look-madrid-un-viaje-a-la-innovacion\/#article","isPartOf":{"@id":"https:\/\/termix.net\/blog\/es\/termix-en-salon-look-madrid-un-viaje-a-la-innovacion\/"},"author":{"name":"Termix Alicia","@id":"https:\/\/termix.net\/blog\/es\/#\/schema\/person\/b625ac27410466979aee03d7fbecce0f"},"headline":"Termix en Sal\u00f3n Look Madrid: Un viaje a la innovaci\u00f3n","datePublished":"2024-10-22T10:42:18+00:00","dateModified":"2024-10-24T12:38:26+00:00","mainEntityOfPage":{"@id":"https:\/\/termix.net\/blog\/es\/termix-en-salon-look-madrid-un-viaje-a-la-innovacion\/"},"wordCount":13261,"commentCount":0,"publisher":{"@id":"https:\/\/termix.net\/blog\/es\/#organization"},"keywords":["embajadores","estilistas","look","salon look","salon look 2024","salon look madrid"],"articleSection":["NOTICIAS"],"inLanguage":"es","potentialAction":[{"@type":"CommentAction","name":"Comment","target":["https:\/\/termix.net\/blog\/es\/termix-en-salon-look-madrid-un-viaje-a-la-innovacion\/#respond"]}]},{"@type":"WebPage","@id":"https:\/\/termix.net\/blog\/es\/termix-en-salon-look-madrid-un-viaje-a-la-innovacion\/","url":"https:\/\/termix.net\/blog\/es\/termix-en-salon-look-madrid-un-viaje-a-la-innovacion\/","name":"Sal\u00f3n look 2024 con Termix, un \u00e9xito absoluto","isPartOf":{"@id":"https:\/\/termix.net\/blog\/es\/#website"},"datePublished":"2024-10-22T10:42:18+00:00","dateModified":"2024-10-24T12:38:26+00:00","description":"Termix brill\u00f3 en Sal\u00f3n Look Madrid 2024 Descubre las \u00faltimas innovaciones en planchas, secadores y cepillos para un cabello radiante","breadcrumb":{"@id":"https:\/\/termix.net\/blog\/es\/termix-en-salon-look-madrid-un-viaje-a-la-innovacion\/#breadcrumb"},"inLanguage":"es","potentialAction":[{"@type":"ReadAction","target":["https:\/\/termix.net\/blog\/es\/termix-en-salon-look-madrid-un-viaje-a-la-innovacion\/"]}]},{"@type":"BreadcrumbList","@id":"https:\/\/termix.net\/blog\/es\/termix-en-salon-look-madrid-un-viaje-a-la-innovacion\/#breadcrumb","itemListElement":[{"@type":"ListItem","position":1,"name":"Home","item":"https:\/\/termix.net\/blog\/es\/"},{"@type":"ListItem","position":2,"name":"Termix en Sal\u00f3n Look Madrid: Un viaje a la innovaci\u00f3n"}]},{"@type":"WebSite","@id":"https:\/\/termix.net\/blog\/es\/#website","url":"https:\/\/termix.net\/blog\/es\/","name":"Blog Termix Spain","description":"Blog de tendencias y productos de peluquer\u00eda profesional.","publisher":{"@id":"https:\/\/termix.net\/blog\/es\/#organization"},"potentialAction":[{"@type":"SearchAction","target":{"@type":"EntryPoint","urlTemplate":"https:\/\/termix.net\/blog\/es\/?s={search_term_string}"},"query-input":"required name=search_term_string"}],"inLanguage":"es"},{"@type":"Organization","@id":"https:\/\/termix.net\/blog\/es\/#organization","name":"Dols Industrial de Peluquer\u00eda SA","url":"https:\/\/termix.net\/blog\/es\/","logo":{"@type":"ImageObject","inLanguage":"es","@id":"https:\/\/termix.net\/blog\/es\/#\/schema\/logo\/image\/","url":"https:\/\/termix.net\/blog\/wp-content\/uploads\/2020\/10\/OGbDAeng.jpeg","contentUrl":"https:\/\/termix.net\/blog\/wp-content\/uploads\/2020\/10\/OGbDAeng.jpeg","width":800,"height":800,"caption":"Dols Industrial de Peluquer\u00eda SA"},"image":{"@id":"https:\/\/termix.net\/blog\/es\/#\/schema\/logo\/image\/"}},{"@type":"Person","@id":"https:\/\/termix.net\/blog\/es\/#\/schema\/person\/b625ac27410466979aee03d7fbecce0f","name":"Termix Alicia","image":{"@type":"ImageObject","inLanguage":"es","@id":"https:\/\/termix.net\/blog\/es\/#\/schema\/person\/image\/","url":"https:\/\/secure.gravatar.com\/avatar\/6a3b6df66866f7cd6d4c84e7e83a3322?s=96&d=mm&r=g","contentUrl":"https:\/\/secure.gravatar.com\/avatar\/6a3b6df66866f7cd6d4c84e7e83a3322?s=96&d=mm&r=g","caption":"Termix Alicia"},"url":"https:\/\/termix.net\/blog\/es\/author\/aliciamotherstudio-net\/"}]}},"_links":{"self":[{"href":"https:\/\/termix.net\/blog\/es\/wp-json\/wp\/v2\/posts\/41599"}],"collection":[{"href":"https:\/\/termix.net\/blog\/es\/wp-json\/wp\/v2\/posts"}],"about":[{"href":"https:\/\/termix.net\/blog\/es\/wp-json\/wp\/v2\/types\/post"}],"author":[{"embeddable":true,"href":"https:\/\/termix.net\/blog\/es\/wp-json\/wp\/v2\/users\/6"}],"replies":[{"embeddable":true,"href":"https:\/\/termix.net\/blog\/es\/wp-json\/wp\/v2\/comments?post=41599"}],"version-history":[{"count":18,"href":"https:\/\/termix.net\/blog\/es\/wp-json\/wp\/v2\/posts\/41599\/revisions"}],"predecessor-version":[{"id":41665,"href":"https:\/\/termix.net\/blog\/es\/wp-json\/wp\/v2\/posts\/41599\/revisions\/41665"}],"wp:featuredmedia":[{"embeddable":true,"href":"https:\/\/termix.net\/blog\/es\/wp-json\/wp\/v2\/media\/41620"}],"wp:attachment":[{"href":"https:\/\/termix.net\/blog\/es\/wp-json\/wp\/v2\/media?parent=41599"}],"wp:term":[{"taxonomy":"category","embeddable":true,"href":"https:\/\/termix.net\/blog\/es\/wp-json\/wp\/v2\/categories?post=41599"},{"taxonomy":"post_tag","embeddable":true,"href":"https:\/\/termix.net\/blog\/es\/wp-json\/wp\/v2\/tags?post=41599"}],"curies":[{"name":"wp","href":"https:\/\/api.w.org\/{rel}","templated":true}]}}