{"id":39556,"date":"2024-04-09T17:17:21","date_gmt":"2024-04-09T15:17:21","guid":{"rendered":"https:\/\/termix.net\/blog\/?p=39556"},"modified":"2024-04-09T17:17:21","modified_gmt":"2024-04-09T15:17:21","slug":"looks-de-la-feria-de-abril-de-la-mano-de-jose-carlos-lora","status":"publish","type":"post","link":"https:\/\/termix.net\/blog\/es\/looks-de-la-feria-de-abril-de-la-mano-de-jose-carlos-lora\/","title":{"rendered":"Looks de la Feria de Abril de la mano de Jos\u00e9 Carlos Lora"},"content":{"rendered":"<p><div class=\"fusion-fullwidth fullwidth-box fusion-builder-row-1 has-pattern-background has-mask-background faded-background fusion-parallax-none nonhundred-percent-fullwidth non-hundred-percent-height-scrolling fusion-no-small-visibility fusion-no-medium-visibility\" style=\"--awb-border-radius-top-left:0px;--awb-border-radius-top-right:0px;--awb-border-radius-bottom-right:0px;--awb-border-radius-bottom-left:0px;--awb-padding-top:24%;--awb-padding-right:3%;--awb-padding-left:3%;--awb-background-size:cover;\" ><div class=\"fullwidth-faded\" style=\"--awb-background-color:#181818;--awb-background-image:url(https:\/\/termix.net\/blog\/wp-content\/uploads\/2024\/04\/Termix-horizontal-74.png);--awb-background-size:cover;\" ><\/div><div class=\"fusion-builder-row fusion-row\"><div class=\"fusion-layout-column fusion_builder_column fusion-builder-column-0 fusion_builder_column_1_1 1_1 fusion-one-full fusion-column-first fusion-column-last\" style=\"--awb-padding-top:6%;--awb-padding-right:8%;--awb-padding-bottom:6%;--awb-padding-left:8%;--awb-bg-color:rgba(255,255,255,0.7);--awb-bg-size:cover;--awb-margin-top:0px;--awb-margin-bottom:0px;\"><div class=\"fusion-column-wrapper fusion-column-has-shadow fusion-flex-column-wrapper-legacy\"><div class=\"fusion-text fusion-text-1 caption\"><p style=\"text-align: center;\">Looks\u2014 3 min de lectura<\/p>\n<\/div><div class=\"fusion-title title fusion-title-1 fusion-sep-none fusion-title-center fusion-title-text fusion-title-size-one\" style=\"--awb-margin-top:30px;--awb-margin-bottom:20px;\"><h1 class=\"title-heading-center fusion-responsive-typography-calculated\" style=\"margin:0;--fontSize:50;line-height:1;\"><p style=\"text-align: center;\"><strong>LOOKS DE LA FERIA DE ABRIL DE LA MANO DE JOS\u00c9 CARLOS LORA<\/strong><\/p><\/h1><\/div><div class=\"fusion-clearfix\"><\/div><\/div><\/div><\/div><\/div><div class=\"fusion-fullwidth fullwidth-box fusion-builder-row-2 has-pattern-background has-mask-background fusion-parallax-none nonhundred-percent-fullwidth non-hundred-percent-height-scrolling fusion-no-large-visibility\" style=\"--awb-border-radius-top-left:0px;--awb-border-radius-top-right:0px;--awb-border-radius-bottom-right:0px;--awb-border-radius-bottom-left:0px;--awb-background-image:url(&quot;https:\/\/termix.net\/blog\/wp-content\/uploads\/2024\/04\/Termix-vertical-43.png&quot;);--awb-background-size:cover;\" ><div class=\"fusion-builder-row fusion-row\"><div class=\"fusion-layout-column fusion_builder_column fusion-builder-column-1 fusion_builder_column_1_1 1_1 fusion-one-full fusion-column-first fusion-column-last fusion-column-inner-bg-wrapper\" style=\"--awb-padding-top:10%;--awb-padding-bottom:10%;--awb-inner-bg-image:url(&#039;http:\/\/termix.net\/blog\/wp-content\/uploads\/2019\/03\/single-blog-post-feat.jpg&#039;);--awb-inner-bg-position:center center;--awb-inner-bg-size:cover;\"><span class=\"fusion-column-inner-bg hover-type-zoomout\"><span class=\"fusion-column-anchor\"><span class=\"fusion-column-inner-bg-image\"><\/span><\/span><\/span><div class=\"fusion-column-wrapper fusion-flex-column-wrapper-legacy\" data-bg-url=\"http:\/\/termix.net\/blog\/wp-content\/uploads\/2019\/03\/single-blog-post-feat.jpg\"><div class=\"fusion-sep-clear\"><\/div><div class=\"fusion-separator fusion-no-large-visibility fusion-full-width-sep\" style=\"margin-left: auto;margin-right: auto;margin-top:200px;width:100%;\"><\/div><div class=\"fusion-sep-clear\"><\/div><div class=\"fusion-clearfix\"><\/div><\/div><\/div><div class=\"fusion-layout-column fusion_builder_column fusion-builder-column-2 fusion_builder_column_1_1 1_1 fusion-one-full fusion-column-first fusion-column-last\" style=\"--awb-padding-top:6%;--awb-bg-color:#ffffff;--awb-bg-size:cover;--awb-margin-top:0px;--awb-margin-bottom:0px;\"><div class=\"fusion-column-wrapper fusion-flex-column-wrapper-legacy\"><div class=\"fusion-text fusion-text-2 caption\"><p style=\"text-align: center;\">Looks \u2014 3 min de lectura<\/p>\n<\/div><div class=\"fusion-title title fusion-title-2 fusion-sep-none fusion-title-center fusion-title-text fusion-title-size-one\" style=\"--awb-margin-top:30px;--awb-margin-bottom:20px;\"><h1 class=\"title-heading-center fusion-responsive-typography-calculated\" style=\"margin:0;--fontSize:50;line-height:1;\"><p style=\"text-align: center;\"><strong>LOOKS DE LA FERIA DE ABRIL DE LA MANO DE JOS\u00c9 CARLOS LORA<\/strong><\/p><\/h1><\/div><div class=\"fusion-clearfix\"><\/div><\/div><\/div><\/div><\/div><div class=\"fusion-fullwidth fullwidth-box fusion-builder-row-3 nonhundred-percent-fullwidth non-hundred-percent-height-scrolling\" style=\"--awb-border-radius-top-left:0px;--awb-border-radius-top-right:0px;--awb-border-radius-bottom-right:0px;--awb-border-radius-bottom-left:0px;--awb-padding-top:10px;--awb-padding-bottom:4%;\" ><div class=\"fusion-builder-row fusion-row\"><div class=\"fusion-layout-column fusion_builder_column fusion-builder-column-3 fusion_builder_column_1_1 1_1 fusion-one-full fusion-column-first fusion-column-last\" style=\"--awb-bg-size:cover;\"><div class=\"fusion-column-wrapper fusion-flex-column-wrapper-legacy\"><div class=\"fusion-text fusion-text-3\"><p style=\"text-align: center;\"><em><strong>\u00a0Hoy vamos a hablar de una de las fiestas m\u00e1s coloridas y vibrantes de Espa\u00f1a: la Feria de Abril en Sevilla. Una tradici\u00f3n que se remonta a m\u00e1s de 170 a\u00f1os y que cada primavera llena las calles de Sevilla de alegr\u00eda, m\u00fasica, baile y, por supuesto, moda. <\/strong><\/em><em><strong>Las sevillanas se visten con sus mejores trajes de flamenca, y los peinados son una parte esencial de este atuendo. Para conocer m\u00e1s sobre esta tradici\u00f3n, tuvimos la oportunidad de conversar con el estilista sevillano <u><a href=\"https:\/\/termix.net\/blog\/es\/el-estilista-jose-carlos-lora-se-une-a-termix-como-embajador\/\">Jos\u00e9 Carlos Lora<\/a><\/u>, quien nos dio una visi\u00f3n m\u00e1s profunda de la importancia de los peinados en estas fiestas.<\/strong><\/em><\/p>\n<\/div><div class=\"fusion-clearfix\"><\/div><\/div><\/div><\/div><\/div><div class=\"fusion-fullwidth fullwidth-box fusion-builder-row-4 fusion-flex-container nonhundred-percent-fullwidth non-hundred-percent-height-scrolling\" style=\"--awb-border-radius-top-left:0px;--awb-border-radius-top-right:0px;--awb-border-radius-bottom-right:0px;--awb-border-radius-bottom-left:0px;\" ><div class=\"fusion-builder-row fusion-row fusion-flex-align-items-flex-start\" style=\"max-width:94.64%;margin-left: calc(-4% \/ 2 );margin-right: calc(-4% \/ 2 );\"><div class=\"fusion-layout-column fusion_builder_column fusion-builder-column-4 fusion_builder_column_1_1 1_1 fusion-flex-column\" style=\"--awb-bg-size:cover;--awb-width-large:100%;--awb-margin-top-large:20px;--awb-spacing-right-large:1.92%;--awb-margin-bottom-large:20px;--awb-spacing-left-large:1.92%;--awb-width-medium:100%;--awb-order-medium:0;--awb-spacing-right-medium:1.92%;--awb-spacing-left-medium:1.92%;--awb-width-small:100%;--awb-order-small:0;--awb-spacing-right-small:1.92%;--awb-spacing-left-small:1.92%;\"><div class=\"fusion-column-wrapper fusion-column-has-shadow fusion-flex-justify-content-flex-start fusion-content-layout-column\"><div class=\"fusion-separator fusion-full-width-sep\" style=\"align-self: center;margin-left: auto;margin-right: auto;margin-top:3%;width:100%;\"><\/div><div class=\"fusion-image-element \" style=\"--awb-caption-title-size:var(--h2_typography-font-size);--awb-caption-title-transform:var(--h2_typography-text-transform);--awb-caption-title-line-height:var(--h2_typography-line-height);--awb-caption-title-letter-spacing:var(--h2_typography-letter-spacing);\"><span class=\" fusion-imageframe imageframe-none imageframe-1 hover-type-none\"><img decoding=\"async\" width=\"1000\" height=\"700\" alt=\"feria de abril\" title=\"feria de abril\" src=\"https:\/\/termix.net\/blog\/wp-content\/uploads\/2024\/04\/Termix-horizontal-69-1.png\" class=\"img-responsive wp-image-39568\" srcset=\"https:\/\/termix.net\/blog\/wp-content\/uploads\/2024\/04\/Termix-horizontal-69-1-200x140.png 200w, https:\/\/termix.net\/blog\/wp-content\/uploads\/2024\/04\/Termix-horizontal-69-1-400x280.png 400w, https:\/\/termix.net\/blog\/wp-content\/uploads\/2024\/04\/Termix-horizontal-69-1-600x420.png 600w, https:\/\/termix.net\/blog\/wp-content\/uploads\/2024\/04\/Termix-horizontal-69-1-800x560.png 800w, https:\/\/termix.net\/blog\/wp-content\/uploads\/2024\/04\/Termix-horizontal-69-1.png 1000w\" sizes=\"(max-width: 1024px) 100vw, (max-width: 640px) 100vw, 1000px\" \/><\/span><\/div><div class=\"fusion-separator fusion-full-width-sep\" style=\"align-self: center;margin-left: auto;margin-right: auto;margin-top:3%;width:100%;\"><\/div><div class=\"fusion-separator fusion-full-width-sep\" style=\"align-self: center;margin-left: auto;margin-right: auto;margin-top:3%;width:100%;\"><\/div><div class=\"fusion-title title fusion-title-3 fusion-sep-none fusion-title-center fusion-title-text fusion-title-size-two\"><h2 class=\"title-heading-center fusion-responsive-typography-calculated\" style=\"margin:0;--fontSize:50;line-height:1.28;\"><h3 style=\"text-align: center;\">ENTREVISTA A JOSE CARLOS<\/h3><\/h2><\/div><div class=\"fusion-separator fusion-full-width-sep\" style=\"align-self: center;margin-left: auto;margin-right: auto;margin-top:3%;width:100%;\"><\/div><\/div><\/div><div class=\"fusion-layout-column fusion_builder_column fusion-builder-column-5 fusion_builder_column_1_2 1_2 fusion-flex-column\" style=\"--awb-bg-size:cover;--awb-width-large:50%;--awb-margin-top-large:20px;--awb-spacing-right-large:3.84%;--awb-margin-bottom-large:20px;--awb-spacing-left-large:3.84%;--awb-width-medium:100%;--awb-order-medium:0;--awb-spacing-right-medium:1.92%;--awb-spacing-left-medium:1.92%;--awb-width-small:100%;--awb-order-small:0;--awb-spacing-right-small:1.92%;--awb-spacing-left-small:1.92%;\"><div class=\"fusion-column-wrapper fusion-column-has-shadow fusion-flex-justify-content-flex-start fusion-content-layout-column\"><div class=\"fusion-image-element \" style=\"--awb-caption-title-size:var(--h2_typography-font-size);--awb-caption-title-transform:var(--h2_typography-text-transform);--awb-caption-title-line-height:var(--h2_typography-line-height);--awb-caption-title-letter-spacing:var(--h2_typography-letter-spacing);\"><span class=\" fusion-imageframe imageframe-none imageframe-2 hover-type-none\"><img decoding=\"async\" width=\"1160\" height=\"150\" title=\"numero1web\" src=\"https:\/\/termix.net\/blog\/wp-content\/uploads\/2019\/11\/numero1web-1.jpg\" alt class=\"img-responsive wp-image-1121\" srcset=\"https:\/\/termix.net\/blog\/wp-content\/uploads\/2019\/11\/numero1web-1-200x26.jpg 200w, https:\/\/termix.net\/blog\/wp-content\/uploads\/2019\/11\/numero1web-1-400x52.jpg 400w, https:\/\/termix.net\/blog\/wp-content\/uploads\/2019\/11\/numero1web-1-600x78.jpg 600w, https:\/\/termix.net\/blog\/wp-content\/uploads\/2019\/11\/numero1web-1-800x103.jpg 800w, https:\/\/termix.net\/blog\/wp-content\/uploads\/2019\/11\/numero1web-1.jpg 1160w\" sizes=\"(max-width: 1024px) 100vw, (max-width: 640px) 100vw, 1160px\" \/><\/span><\/div><div class=\"fusion-text fusion-text-4\"><h6 style=\"text-align: center;\"><b><i>\u00bfTienen alg\u00fan significado los peinados, o es simplemente tradici\u00f3n?<\/i><\/b><\/h6>\n<\/div><div class=\"fusion-text fusion-text-5\"><div class=\"auto-hide-last-sibling-br paragraph-ae1685 br-paragraph-space\" style=\"text-align: center;\">Lo que se busca particularmente es que se luzca el<strong> traje de flamenca<\/strong>, lo ideal es lograr <strong>peinados recogidos<\/strong> y\u00a0 muy <strong>pulidos<\/strong>, porque tambi\u00e9n hay que tener en cuenta el detalle caracter\u00edstico y fundamental de colocar las <strong>flores y los peinecillos.<\/strong><\/div>\n<\/div><div class=\"fusion-separator fusion-full-width-sep\" style=\"align-self: center;margin-left: auto;margin-right: auto;margin-top:5%;width:100%;\"><\/div><\/div><\/div><div class=\"fusion-layout-column fusion_builder_column fusion-builder-column-6 fusion_builder_column_1_2 1_2 fusion-flex-column\" style=\"--awb-bg-size:cover;--awb-width-large:50%;--awb-margin-top-large:20px;--awb-spacing-right-large:3.84%;--awb-margin-bottom-large:20px;--awb-spacing-left-large:3.84%;--awb-width-medium:100%;--awb-order-medium:0;--awb-spacing-right-medium:1.92%;--awb-spacing-left-medium:1.92%;--awb-width-small:100%;--awb-order-small:0;--awb-spacing-right-small:1.92%;--awb-spacing-left-small:1.92%;\"><div class=\"fusion-column-wrapper fusion-column-has-shadow fusion-flex-justify-content-flex-start fusion-content-layout-column\"><div class=\"fusion-image-element \" style=\"--awb-caption-title-size:var(--h2_typography-font-size);--awb-caption-title-transform:var(--h2_typography-text-transform);--awb-caption-title-line-height:var(--h2_typography-line-height);--awb-caption-title-letter-spacing:var(--h2_typography-letter-spacing);\"><span class=\" fusion-imageframe imageframe-none imageframe-3 hover-type-none\"><img decoding=\"async\" width=\"1160\" height=\"150\" alt=\"numero2web\" title=\"numero2web\" src=\"https:\/\/termix.net\/blog\/wp-content\/uploads\/2019\/11\/numero2web-1.jpg\" class=\"img-responsive wp-image-1479\" srcset=\"https:\/\/termix.net\/blog\/wp-content\/uploads\/2019\/11\/numero2web-1-200x26.jpg 200w, https:\/\/termix.net\/blog\/wp-content\/uploads\/2019\/11\/numero2web-1-400x52.jpg 400w, https:\/\/termix.net\/blog\/wp-content\/uploads\/2019\/11\/numero2web-1-600x78.jpg 600w, https:\/\/termix.net\/blog\/wp-content\/uploads\/2019\/11\/numero2web-1-800x103.jpg 800w, https:\/\/termix.net\/blog\/wp-content\/uploads\/2019\/11\/numero2web-1.jpg 1160w\" sizes=\"(max-width: 1024px) 100vw, (max-width: 640px) 100vw, 1160px\" \/><\/span><\/div><div class=\"fusion-text fusion-text-6\"><h6 style=\"text-align: center;\"><strong>\u00a0<b><i>\u00bfCu\u00e1l es el peinado m\u00e1s popular o tradicional que suelen pedir?<\/i><\/b><\/strong><\/h6>\n<\/div><div class=\"fusion-text fusion-text-7\"><p style=\"text-align: center;\">El<strong> peinado<\/strong> que mas se pide es un recogido muy<strong> pulido<\/strong>, al estilo <em><strong>\u201cSpanish\u201d<\/strong> <\/em>que es como yo le digo, consiste de una ralla al medio bien tirante con un <strong><u><a href=\"https:\/\/termix.net\/es\/styleme\/gomina-pelo-styleme-shapy.html\">gel fuerte<\/a><\/u> o<u><a href=\"https:\/\/termix.net\/es\/styleme\/lacas\/laca-styleme-sexy.html\"> laca<\/a><\/u><\/strong>, y hacemos como un <strong>mo\u00f1o<\/strong> de bailarina, creo sin dudar que ese es el <strong>peinado<\/strong> que pide casi todo el mundo. Luego si puede ser que soliciten unas <strong>trenzas despeinadas<\/strong> o <strong>coletas<\/strong>, pero el recogido es el<em><strong> Top 1<\/strong><\/em>.<\/p>\n<\/div><div class=\"fusion-separator fusion-full-width-sep\" style=\"align-self: center;margin-left: auto;margin-right: auto;margin-top:5%;width:100%;\"><\/div><\/div><\/div><div class=\"fusion-layout-column fusion_builder_column fusion-builder-column-7 fusion_builder_column_1_2 1_2 fusion-flex-column\" style=\"--awb-bg-size:cover;--awb-width-large:50%;--awb-margin-top-large:20px;--awb-spacing-right-large:3.84%;--awb-margin-bottom-large:20px;--awb-spacing-left-large:3.84%;--awb-width-medium:100%;--awb-order-medium:0;--awb-spacing-right-medium:1.92%;--awb-spacing-left-medium:1.92%;--awb-width-small:100%;--awb-order-small:0;--awb-spacing-right-small:1.92%;--awb-spacing-left-small:1.92%;\"><div class=\"fusion-column-wrapper fusion-column-has-shadow fusion-flex-justify-content-flex-start fusion-content-layout-column\"><div class=\"fusion-image-element \" style=\"--awb-caption-title-size:var(--h2_typography-font-size);--awb-caption-title-transform:var(--h2_typography-text-transform);--awb-caption-title-line-height:var(--h2_typography-line-height);--awb-caption-title-letter-spacing:var(--h2_typography-letter-spacing);\"><span class=\" fusion-imageframe imageframe-none imageframe-4 hover-type-none\"><img decoding=\"async\" width=\"1160\" height=\"150\" alt=\"numero3web\" title=\"numero3web\" src=\"https:\/\/termix.net\/blog\/wp-content\/uploads\/2019\/11\/numero3web-1.jpg\" class=\"img-responsive wp-image-1478\" srcset=\"https:\/\/termix.net\/blog\/wp-content\/uploads\/2019\/11\/numero3web-1-200x26.jpg 200w, https:\/\/termix.net\/blog\/wp-content\/uploads\/2019\/11\/numero3web-1-400x52.jpg 400w, https:\/\/termix.net\/blog\/wp-content\/uploads\/2019\/11\/numero3web-1-600x78.jpg 600w, https:\/\/termix.net\/blog\/wp-content\/uploads\/2019\/11\/numero3web-1-800x103.jpg 800w, https:\/\/termix.net\/blog\/wp-content\/uploads\/2019\/11\/numero3web-1.jpg 1160w\" sizes=\"(max-width: 1024px) 100vw, (max-width: 640px) 100vw, 1160px\" \/><\/span><\/div><div class=\"fusion-text fusion-text-8\"><h6 style=\"text-align: center;\"><strong><b><i>Los peinados \u00bfSuelen hacerlos cada una en la casa o recurren a un sal\u00f3n?<\/i><\/b><\/strong><\/h6>\n<\/div><div class=\"fusion-text fusion-text-9\"><p style=\"text-align: center;\">Hay de todo, tienes las que se realizan los <strong>peinados<\/strong> en sus casa y las que recurren a<strong> sal\u00f3n<\/strong>, yo particularmente estas fechas tengo <strong>agenda a tope<\/strong> pues hay much\u00edsimas que llevan de toda la vida realizando el <strong>peinado<\/strong> con un<strong> estilista<\/strong> y tambi\u00e9n <strong>maquillaje<\/strong>. Yo voy al domicilio de cada una de mis clientas y les hago el <em><strong>look<\/strong><\/em> completo.<\/p>\n<\/div><div class=\"fusion-separator fusion-full-width-sep\" style=\"align-self: center;margin-left: auto;margin-right: auto;margin-top:5%;width:100%;\"><\/div><\/div><\/div><div class=\"fusion-layout-column fusion_builder_column fusion-builder-column-8 fusion_builder_column_1_2 1_2 fusion-flex-column\" style=\"--awb-bg-size:cover;--awb-width-large:50%;--awb-margin-top-large:20px;--awb-spacing-right-large:3.84%;--awb-margin-bottom-large:20px;--awb-spacing-left-large:3.84%;--awb-width-medium:100%;--awb-order-medium:0;--awb-spacing-right-medium:1.92%;--awb-spacing-left-medium:1.92%;--awb-width-small:100%;--awb-order-small:0;--awb-spacing-right-small:1.92%;--awb-spacing-left-small:1.92%;\"><div class=\"fusion-column-wrapper fusion-column-has-shadow fusion-flex-justify-content-flex-start fusion-content-layout-column\"><div class=\"fusion-image-element \" style=\"--awb-caption-title-size:var(--h2_typography-font-size);--awb-caption-title-transform:var(--h2_typography-text-transform);--awb-caption-title-line-height:var(--h2_typography-line-height);--awb-caption-title-letter-spacing:var(--h2_typography-letter-spacing);\"><span class=\" fusion-imageframe imageframe-none imageframe-5 hover-type-none\"><img decoding=\"async\" width=\"1160\" height=\"150\" title=\"numero4web\" src=\"https:\/\/termix.net\/blog\/wp-content\/uploads\/2019\/11\/numero4web-1.jpg\" alt class=\"img-responsive wp-image-1477\" srcset=\"https:\/\/termix.net\/blog\/wp-content\/uploads\/2019\/11\/numero4web-1-200x26.jpg 200w, https:\/\/termix.net\/blog\/wp-content\/uploads\/2019\/11\/numero4web-1-400x52.jpg 400w, https:\/\/termix.net\/blog\/wp-content\/uploads\/2019\/11\/numero4web-1-600x78.jpg 600w, https:\/\/termix.net\/blog\/wp-content\/uploads\/2019\/11\/numero4web-1-800x103.jpg 800w, https:\/\/termix.net\/blog\/wp-content\/uploads\/2019\/11\/numero4web-1.jpg 1160w\" sizes=\"(max-width: 1024px) 100vw, (max-width: 640px) 100vw, 1160px\" \/><\/span><\/div><div class=\"fusion-text fusion-text-10\"><h6 style=\"text-align: center;\"><strong><b><i>\u00bfHas notado alguna tendencia o cambio en los peinados que se piden en los \u00faltimos a\u00f1os?<\/i><\/b><\/strong><\/h6>\n<\/div><div class=\"fusion-text fusion-text-11\"><p style=\"text-align: center;\">Siempre est\u00e1n las que buscan<strong> innovar<\/strong> con sus <strong>peinados<\/strong>, que pueden que pidan algo con el <strong>cabello<\/strong> no todo <strong>recogido<\/strong> como es lo habitual, van en plan m\u00e1s naturales e informales. Lo que ha cambiando bastante es el <strong>maquillaje<\/strong>, que antes se llevaba muy cargado y ahora son mas<strong> sutiles y naturales.<\/strong><\/p>\n<\/div><div class=\"fusion-separator fusion-full-width-sep\" style=\"align-self: center;margin-left: auto;margin-right: auto;margin-top:5%;width:100%;\"><\/div><\/div><\/div><div class=\"fusion-layout-column fusion_builder_column fusion-builder-column-9 fusion_builder_column_1_2 1_2 fusion-flex-column\" style=\"--awb-bg-size:cover;--awb-width-large:50%;--awb-margin-top-large:20px;--awb-spacing-right-large:3.84%;--awb-margin-bottom-large:20px;--awb-spacing-left-large:3.84%;--awb-width-medium:100%;--awb-order-medium:0;--awb-spacing-right-medium:1.92%;--awb-spacing-left-medium:1.92%;--awb-width-small:100%;--awb-order-small:0;--awb-spacing-right-small:1.92%;--awb-spacing-left-small:1.92%;\"><div class=\"fusion-column-wrapper fusion-column-has-shadow fusion-flex-justify-content-flex-start fusion-content-layout-column\"><div class=\"fusion-image-element \" style=\"--awb-caption-title-size:var(--h2_typography-font-size);--awb-caption-title-transform:var(--h2_typography-text-transform);--awb-caption-title-line-height:var(--h2_typography-line-height);--awb-caption-title-letter-spacing:var(--h2_typography-letter-spacing);\"><span class=\" fusion-imageframe imageframe-none imageframe-6 hover-type-none\"><img decoding=\"async\" width=\"1160\" height=\"150\" title=\"numero5web\" src=\"https:\/\/termix.net\/blog\/wp-content\/uploads\/2019\/11\/numero5web-3.jpg\" alt class=\"img-responsive wp-image-4799\" srcset=\"https:\/\/termix.net\/blog\/wp-content\/uploads\/2019\/11\/numero5web-3-200x26.jpg 200w, https:\/\/termix.net\/blog\/wp-content\/uploads\/2019\/11\/numero5web-3-400x52.jpg 400w, https:\/\/termix.net\/blog\/wp-content\/uploads\/2019\/11\/numero5web-3-600x78.jpg 600w, https:\/\/termix.net\/blog\/wp-content\/uploads\/2019\/11\/numero5web-3-800x103.jpg 800w, https:\/\/termix.net\/blog\/wp-content\/uploads\/2019\/11\/numero5web-3.jpg 1160w\" sizes=\"(max-width: 1024px) 100vw, (max-width: 640px) 100vw, 1160px\" \/><\/span><\/div><div class=\"fusion-text fusion-text-12\"><h6 style=\"text-align: center;\"><strong><b><i>\u00bfHay alg\u00fan peinado que sea particularmente desafiante de crear? \u00bfPor qu\u00e9?<\/i><\/b><\/strong><\/h6>\n<\/div><div class=\"fusion-text fusion-text-13\"><p style=\"text-align: center;\"><strong>Peinado<\/strong> desafiante propiamente dicho en estas <strong>fiestas<\/strong> no hay, pues son todos muy sencillos y cl\u00e1sicos, no hay nada para innovar pues se sostiene la <strong>tradici\u00f3n antigua<\/strong>.<\/p>\n<\/div><div class=\"fusion-separator fusion-full-width-sep\" style=\"align-self: center;margin-left: auto;margin-right: auto;margin-top:5%;width:100%;\"><\/div><div class=\"fusion-separator fusion-full-width-sep\" style=\"align-self: center;margin-left: auto;margin-right: auto;margin-top:5%;width:100%;\"><\/div><div class=\"fusion-separator fusion-full-width-sep\" style=\"align-self: center;margin-left: auto;margin-right: auto;margin-top:5%;width:100%;\"><\/div><\/div><\/div><div class=\"fusion-layout-column fusion_builder_column fusion-builder-column-10 fusion_builder_column_1_2 1_2 fusion-flex-column\" style=\"--awb-bg-size:cover;--awb-width-large:50%;--awb-margin-top-large:20px;--awb-spacing-right-large:3.84%;--awb-margin-bottom-large:20px;--awb-spacing-left-large:3.84%;--awb-width-medium:100%;--awb-order-medium:0;--awb-spacing-right-medium:1.92%;--awb-spacing-left-medium:1.92%;--awb-width-small:100%;--awb-order-small:0;--awb-spacing-right-small:1.92%;--awb-spacing-left-small:1.92%;\"><div class=\"fusion-column-wrapper fusion-column-has-shadow fusion-flex-justify-content-flex-start fusion-content-layout-column\"><div class=\"fusion-image-element \" style=\"--awb-caption-title-size:var(--h2_typography-font-size);--awb-caption-title-transform:var(--h2_typography-text-transform);--awb-caption-title-line-height:var(--h2_typography-line-height);--awb-caption-title-letter-spacing:var(--h2_typography-letter-spacing);\"><span class=\" fusion-imageframe imageframe-none imageframe-7 hover-type-none\"><img decoding=\"async\" width=\"1160\" height=\"150\" title=\"numero6web\" src=\"https:\/\/termix.net\/blog\/wp-content\/uploads\/2019\/11\/numero6web-1.jpg\" alt class=\"img-responsive wp-image-20572\" srcset=\"https:\/\/termix.net\/blog\/wp-content\/uploads\/2019\/11\/numero6web-1-200x26.jpg 200w, https:\/\/termix.net\/blog\/wp-content\/uploads\/2019\/11\/numero6web-1-400x52.jpg 400w, https:\/\/termix.net\/blog\/wp-content\/uploads\/2019\/11\/numero6web-1-600x78.jpg 600w, https:\/\/termix.net\/blog\/wp-content\/uploads\/2019\/11\/numero6web-1-800x103.jpg 800w, https:\/\/termix.net\/blog\/wp-content\/uploads\/2019\/11\/numero6web-1.jpg 1160w\" sizes=\"(max-width: 1024px) 100vw, (max-width: 640px) 100vw, 1160px\" \/><\/span><\/div><div class=\"fusion-text fusion-text-14\"><h6 style=\"text-align: center;\"><strong><b><i>\u00bfExiste alg\u00fan producto o herramienta que consideres indispensable para crear estos peinados?<\/i><\/b><\/strong><\/h6>\n<\/div><div class=\"fusion-text fusion-text-15\"><p style=\"text-align: center;\">Los dos elementos fundamentales son la <strong>laca fuerte<\/strong> y el <strong>gel<\/strong>, ya sea en el sal\u00f3n o en la casa, pues de lo que se trata estos <em><strong>looks<\/strong> <\/em>es de llevar un <strong>peinado<\/strong> bien <strong>pulido y tirante<\/strong>.<\/p>\n<\/div><div class=\"fusion-separator fusion-full-width-sep\" style=\"align-self: center;margin-left: auto;margin-right: auto;margin-top:5%;width:100%;\"><\/div><div class=\"fusion-separator fusion-full-width-sep\" style=\"align-self: center;margin-left: auto;margin-right: auto;margin-top:5%;width:100%;\"><\/div><div class=\"fusion-separator fusion-full-width-sep\" style=\"align-self: center;margin-left: auto;margin-right: auto;margin-top:5%;width:100%;\"><\/div><\/div><\/div><div class=\"fusion-layout-column fusion_builder_column fusion-builder-column-11 fusion_builder_column_1_3 1_3 fusion-flex-column\" style=\"--awb-bg-size:cover;--awb-width-large:33.333333333333%;--awb-margin-top-large:20px;--awb-spacing-right-large:5.76%;--awb-margin-bottom-large:20px;--awb-spacing-left-large:5.76%;--awb-width-medium:100%;--awb-order-medium:0;--awb-spacing-right-medium:1.92%;--awb-spacing-left-medium:1.92%;--awb-width-small:100%;--awb-order-small:0;--awb-spacing-right-small:1.92%;--awb-spacing-left-small:1.92%;\"><div class=\"fusion-column-wrapper fusion-column-has-shadow fusion-flex-justify-content-flex-start fusion-content-layout-column\"><div class=\"fusion-text fusion-text-16\"><p style=\"text-align: center;\"><strong>Laca Fuerte<\/strong><\/p>\n<\/div><div class=\"fusion-image-element \" style=\"--awb-caption-title-size:var(--h2_typography-font-size);--awb-caption-title-transform:var(--h2_typography-text-transform);--awb-caption-title-line-height:var(--h2_typography-line-height);--awb-caption-title-letter-spacing:var(--h2_typography-letter-spacing);\"><span class=\" fusion-imageframe imageframe-none imageframe-8 hover-type-none\"><img decoding=\"async\" width=\"1200\" height=\"1200\" alt=\"Espuma fuerte Hardy Termix\" title=\"Espuma fuerte Hardy Termix\" src=\"https:\/\/termix.net\/blog\/wp-content\/uploads\/2022\/03\/1_baja.jpg\" class=\"img-responsive wp-image-33371\" srcset=\"https:\/\/termix.net\/blog\/wp-content\/uploads\/2022\/03\/1_baja-200x200.jpg 200w, https:\/\/termix.net\/blog\/wp-content\/uploads\/2022\/03\/1_baja-400x400.jpg 400w, https:\/\/termix.net\/blog\/wp-content\/uploads\/2022\/03\/1_baja-600x600.jpg 600w, https:\/\/termix.net\/blog\/wp-content\/uploads\/2022\/03\/1_baja-800x800.jpg 800w, https:\/\/termix.net\/blog\/wp-content\/uploads\/2022\/03\/1_baja.jpg 1200w\" sizes=\"(max-width: 1024px) 100vw, (max-width: 640px) 100vw, 600px\" \/><\/span><\/div><div class=\"fusion-separator fusion-full-width-sep\" style=\"align-self: center;margin-left: auto;margin-right: auto;margin-top:5%;width:100%;\"><\/div><div style=\"text-align:center;\"><a class=\"fusion-button button-flat fusion-button-default-size button-default fusion-button-default button-1 fusion-button-default-span fusion-button-default-type\" target=\"_self\" href=\"https:\/\/termix.net\/es\/styleme\/lacas\/laca-styleme-sexy.html\"><span class=\"fusion-button-text\">COMPRAR<\/span><\/a><\/div><\/div><\/div><div class=\"fusion-layout-column fusion_builder_column fusion-builder-column-12 fusion_builder_column_1_3 1_3 fusion-flex-column\" style=\"--awb-bg-size:cover;--awb-width-large:33.333333333333%;--awb-margin-top-large:20px;--awb-spacing-right-large:5.76%;--awb-margin-bottom-large:20px;--awb-spacing-left-large:5.76%;--awb-width-medium:100%;--awb-order-medium:0;--awb-spacing-right-medium:1.92%;--awb-spacing-left-medium:1.92%;--awb-width-small:100%;--awb-order-small:0;--awb-spacing-right-small:1.92%;--awb-spacing-left-small:1.92%;\"><div class=\"fusion-column-wrapper fusion-column-has-shadow fusion-flex-justify-content-flex-start fusion-content-layout-column\"><div class=\"fusion-text fusion-text-17\"><p style=\"text-align: center;\"><strong>Cepillo para recogidos<\/strong><\/p>\n<\/div><div class=\"fusion-image-element \" style=\"--awb-caption-title-size:var(--h2_typography-font-size);--awb-caption-title-transform:var(--h2_typography-text-transform);--awb-caption-title-line-height:var(--h2_typography-line-height);--awb-caption-title-letter-spacing:var(--h2_typography-letter-spacing);\"><span class=\" fusion-imageframe imageframe-none imageframe-9 hover-type-none\"><img decoding=\"async\" width=\"1200\" height=\"1200\" alt=\"cepillo recogidos\" title=\"cepillo recogidos\" src=\"https:\/\/termix.net\/blog\/wp-content\/uploads\/2024\/04\/Diseno-sin-titulo-24.png\" class=\"img-responsive wp-image-39583\" srcset=\"https:\/\/termix.net\/blog\/wp-content\/uploads\/2024\/04\/Diseno-sin-titulo-24-200x200.png 200w, https:\/\/termix.net\/blog\/wp-content\/uploads\/2024\/04\/Diseno-sin-titulo-24-400x400.png 400w, https:\/\/termix.net\/blog\/wp-content\/uploads\/2024\/04\/Diseno-sin-titulo-24-600x600.png 600w, https:\/\/termix.net\/blog\/wp-content\/uploads\/2024\/04\/Diseno-sin-titulo-24-800x800.png 800w, https:\/\/termix.net\/blog\/wp-content\/uploads\/2024\/04\/Diseno-sin-titulo-24.png 1200w\" sizes=\"(max-width: 1024px) 100vw, (max-width: 640px) 100vw, 600px\" \/><\/span><\/div><div class=\"fusion-separator fusion-full-width-sep\" style=\"align-self: center;margin-left: auto;margin-right: auto;margin-top:5%;width:100%;\"><\/div><div style=\"text-align:center;\"><a class=\"fusion-button button-flat fusion-button-default-size button-default fusion-button-default button-2 fusion-button-default-span fusion-button-default-type\" target=\"_self\" href=\"https:\/\/termix.net\/es\/cepillos\/cepillos-desenredantes\/cepillo-recogidos.html\"><span class=\"fusion-button-text\">COMPRAR<\/span><\/a><\/div><\/div><\/div><div class=\"fusion-layout-column fusion_builder_column fusion-builder-column-13 fusion_builder_column_1_3 1_3 fusion-flex-column\" style=\"--awb-bg-size:cover;--awb-width-large:33.333333333333%;--awb-margin-top-large:20px;--awb-spacing-right-large:5.76%;--awb-margin-bottom-large:20px;--awb-spacing-left-large:5.76%;--awb-width-medium:100%;--awb-order-medium:0;--awb-spacing-right-medium:1.92%;--awb-spacing-left-medium:1.92%;--awb-width-small:100%;--awb-order-small:0;--awb-spacing-right-small:1.92%;--awb-spacing-left-small:1.92%;\"><div class=\"fusion-column-wrapper fusion-column-has-shadow fusion-flex-justify-content-flex-start fusion-content-layout-column\"><div class=\"fusion-text fusion-text-18\"><p style=\"text-align: center;\"><strong>Gomina Shapy<\/strong><\/p>\n<\/div><div class=\"fusion-image-element \" style=\"--awb-caption-title-size:var(--h2_typography-font-size);--awb-caption-title-transform:var(--h2_typography-text-transform);--awb-caption-title-line-height:var(--h2_typography-line-height);--awb-caption-title-letter-spacing:var(--h2_typography-letter-spacing);\"><span class=\" fusion-imageframe imageframe-none imageframe-10 hover-type-none\"><img decoding=\"async\" width=\"1200\" height=\"1200\" alt=\"Gomina para el pelo Shapy de Style.me\" title=\"gomina-pelo-styleme-shapy\" src=\"https:\/\/termix.net\/blog\/wp-content\/uploads\/2021\/09\/gomina-pelo-styleme-shapy.jpeg\" class=\"img-responsive wp-image-31297\" srcset=\"https:\/\/termix.net\/blog\/wp-content\/uploads\/2021\/09\/gomina-pelo-styleme-shapy-200x200.jpeg 200w, https:\/\/termix.net\/blog\/wp-content\/uploads\/2021\/09\/gomina-pelo-styleme-shapy-400x400.jpeg 400w, https:\/\/termix.net\/blog\/wp-content\/uploads\/2021\/09\/gomina-pelo-styleme-shapy-600x600.jpeg 600w, https:\/\/termix.net\/blog\/wp-content\/uploads\/2021\/09\/gomina-pelo-styleme-shapy-800x800.jpeg 800w, https:\/\/termix.net\/blog\/wp-content\/uploads\/2021\/09\/gomina-pelo-styleme-shapy.jpeg 1200w\" sizes=\"(max-width: 1024px) 100vw, (max-width: 640px) 100vw, 600px\" \/><\/span><\/div><div class=\"fusion-separator fusion-full-width-sep\" style=\"align-self: center;margin-left: auto;margin-right: auto;margin-top:5%;width:100%;\"><\/div><div style=\"text-align:center;\"><a class=\"fusion-button button-flat fusion-button-default-size button-default fusion-button-default button-3 fusion-button-default-span fusion-button-default-type\" target=\"_self\" href=\"https:\/\/termix.net\/es\/styleme\/gomina-pelo-styleme-shapy.html\"><span class=\"fusion-button-text\">COMPRAR<\/span><\/a><\/div><\/div><\/div><div class=\"fusion-layout-column fusion_builder_column fusion-builder-column-14 fusion_builder_column_1_1 1_1 fusion-flex-column\" style=\"--awb-bg-size:cover;--awb-width-large:100%;--awb-margin-top-large:20px;--awb-spacing-right-large:1.92%;--awb-margin-bottom-large:20px;--awb-spacing-left-large:1.92%;--awb-width-medium:100%;--awb-order-medium:0;--awb-spacing-right-medium:1.92%;--awb-spacing-left-medium:1.92%;--awb-width-small:100%;--awb-order-small:0;--awb-spacing-right-small:1.92%;--awb-spacing-left-small:1.92%;\"><div class=\"fusion-column-wrapper fusion-column-has-shadow fusion-flex-justify-content-flex-start fusion-content-layout-column\"><div class=\"fusion-separator fusion-full-width-sep\" style=\"align-self: center;margin-left: auto;margin-right: auto;margin-top:5%;width:100%;\"><\/div><\/div><\/div><div class=\"fusion-layout-column fusion_builder_column fusion-builder-column-15 fusion_builder_column_1_2 1_2 fusion-flex-column\" style=\"--awb-bg-size:cover;--awb-width-large:50%;--awb-margin-top-large:20px;--awb-spacing-right-large:3.84%;--awb-margin-bottom-large:20px;--awb-spacing-left-large:3.84%;--awb-width-medium:100%;--awb-order-medium:0;--awb-spacing-right-medium:1.92%;--awb-spacing-left-medium:1.92%;--awb-width-small:100%;--awb-order-small:0;--awb-spacing-right-small:1.92%;--awb-spacing-left-small:1.92%;\"><div class=\"fusion-column-wrapper fusion-column-has-shadow fusion-flex-justify-content-flex-start fusion-content-layout-column\"><div class=\"fusion-image-element \" style=\"--awb-caption-title-size:var(--h2_typography-font-size);--awb-caption-title-transform:var(--h2_typography-text-transform);--awb-caption-title-line-height:var(--h2_typography-line-height);--awb-caption-title-letter-spacing:var(--h2_typography-letter-spacing);\"><span class=\" fusion-imageframe imageframe-none imageframe-11 hover-type-none\"><img decoding=\"async\" width=\"1000\" height=\"700\" alt=\"feria de abril\" title=\"feria de abril\" src=\"https:\/\/termix.net\/blog\/wp-content\/uploads\/2024\/04\/Termix-horizontal-72.png\" class=\"img-responsive wp-image-39571\" srcset=\"https:\/\/termix.net\/blog\/wp-content\/uploads\/2024\/04\/Termix-horizontal-72-200x140.png 200w, https:\/\/termix.net\/blog\/wp-content\/uploads\/2024\/04\/Termix-horizontal-72-400x280.png 400w, https:\/\/termix.net\/blog\/wp-content\/uploads\/2024\/04\/Termix-horizontal-72-600x420.png 600w, https:\/\/termix.net\/blog\/wp-content\/uploads\/2024\/04\/Termix-horizontal-72-800x560.png 800w, https:\/\/termix.net\/blog\/wp-content\/uploads\/2024\/04\/Termix-horizontal-72.png 1000w\" sizes=\"(max-width: 1024px) 100vw, (max-width: 640px) 100vw, 1000px\" \/><\/span><\/div><\/div><\/div><div class=\"fusion-layout-column fusion_builder_column fusion-builder-column-16 fusion_builder_column_1_2 1_2 fusion-flex-column\" style=\"--awb-bg-size:cover;--awb-width-large:50%;--awb-margin-top-large:20px;--awb-spacing-right-large:3.84%;--awb-margin-bottom-large:20px;--awb-spacing-left-large:3.84%;--awb-width-medium:100%;--awb-order-medium:0;--awb-spacing-right-medium:1.92%;--awb-spacing-left-medium:1.92%;--awb-width-small:100%;--awb-order-small:0;--awb-spacing-right-small:1.92%;--awb-spacing-left-small:1.92%;\"><div class=\"fusion-column-wrapper fusion-column-has-shadow fusion-flex-justify-content-flex-start fusion-content-layout-column\"><div class=\"fusion-image-element \" style=\"--awb-caption-title-size:var(--h2_typography-font-size);--awb-caption-title-transform:var(--h2_typography-text-transform);--awb-caption-title-line-height:var(--h2_typography-line-height);--awb-caption-title-letter-spacing:var(--h2_typography-letter-spacing);\"><span class=\" fusion-imageframe imageframe-none imageframe-12 hover-type-none\"><img decoding=\"async\" width=\"1000\" height=\"700\" alt=\"feria de Abril\" title=\"feria de Abril\" src=\"https:\/\/termix.net\/blog\/wp-content\/uploads\/2024\/04\/Termix-horizontal-73.png\" class=\"img-responsive wp-image-39575\" srcset=\"https:\/\/termix.net\/blog\/wp-content\/uploads\/2024\/04\/Termix-horizontal-73-200x140.png 200w, https:\/\/termix.net\/blog\/wp-content\/uploads\/2024\/04\/Termix-horizontal-73-400x280.png 400w, https:\/\/termix.net\/blog\/wp-content\/uploads\/2024\/04\/Termix-horizontal-73-600x420.png 600w, https:\/\/termix.net\/blog\/wp-content\/uploads\/2024\/04\/Termix-horizontal-73-800x560.png 800w, https:\/\/termix.net\/blog\/wp-content\/uploads\/2024\/04\/Termix-horizontal-73.png 1000w\" sizes=\"(max-width: 1024px) 100vw, (max-width: 640px) 100vw, 1000px\" \/><\/span><\/div><\/div><\/div><div class=\"fusion-layout-column fusion_builder_column fusion-builder-column-17 fusion_builder_column_1_1 1_1 fusion-flex-column\" style=\"--awb-bg-size:cover;--awb-width-large:100%;--awb-margin-top-large:20px;--awb-spacing-right-large:1.92%;--awb-margin-bottom-large:20px;--awb-spacing-left-large:1.92%;--awb-width-medium:100%;--awb-order-medium:0;--awb-spacing-right-medium:1.92%;--awb-spacing-left-medium:1.92%;--awb-width-small:100%;--awb-order-small:0;--awb-spacing-right-small:1.92%;--awb-spacing-left-small:1.92%;\"><div class=\"fusion-column-wrapper fusion-column-has-shadow fusion-flex-justify-content-flex-start fusion-content-layout-column\"><div class=\"fusion-separator fusion-full-width-sep\" style=\"align-self: center;margin-left: auto;margin-right: auto;margin-top:5%;width:100%;\"><\/div><div class=\"fusion-text fusion-text-19\"><p style=\"text-align: center;\"><strong>La Feria de Abril es un evento que celebra la cultura y las tradiciones andaluzas, y los peinados son una parte fundamental de esta celebraci\u00f3n. Gracias a profesionales como Jos\u00e9 Carlos Lora, las sevillanas pueden lucir radiantes y aut\u00e9nticas en esta fiesta que es un verdadero espect\u00e1culo de color y alegr\u00eda.\u00a0<\/strong><\/p>\n<p style=\"text-align: center;\"><em><strong> S\u00edguenos en nuestro <u><a href=\"https:\/\/www.instagram.com\/termixoficial\/\">Instagram<\/a><\/u><\/strong><\/em><em><strong> d\u00f3nde encontrar\u00e1s tips claves y consejos de nuestros estilistas estrellas.<\/strong><\/em><\/p>\n<\/div><\/div><\/div><\/div><\/div><div class=\"fusion-fullwidth fullwidth-box fusion-builder-row-5 fusion-flex-container has-pattern-background has-mask-background nonhundred-percent-fullwidth non-hundred-percent-height-scrolling\" style=\"--awb-border-radius-top-left:0px;--awb-border-radius-top-right:0px;--awb-border-radius-bottom-right:0px;--awb-border-radius-bottom-left:0px;\" ><div class=\"fusion-builder-row fusion-row fusion-flex-align-items-flex-start\" style=\"max-width:94.64%;margin-left: calc(-4% \/ 2 );margin-right: calc(-4% \/ 2 );\"><\/div><\/div><\/p>\n","protected":false},"excerpt":{"rendered":"","protected":false},"author":6,"featured_media":39564,"comment_status":"open","ping_status":"open","sticky":false,"template":"","format":"standard","meta":[],"categories":[2],"tags":[1387,1389,122,1386,1388,37],"yoast_head":"<!-- This site is optimized with the Yoast SEO plugin v20.0 - https:\/\/yoast.com\/wordpress\/plugins\/seo\/ -->\n<title>La Feria de Abril de la mano de Jos\u00e9 Carlos Lora-TERMIX<\/title>\n<meta name=\"description\" content=\"Exploramos el vibrante mundo de los looks de las Ferias de Abril, de la mano del reconocido estilista Jos\u00e9 Carlos Lora.\" \/>\n<meta name=\"robots\" content=\"index, follow, max-snippet:-1, max-image-preview:large, max-video-preview:-1\" \/>\n<link rel=\"canonical\" href=\"https:\/\/termix.net\/blog\/es\/looks-de-la-feria-de-abril-de-la-mano-de-jose-carlos-lora\/\" \/>\n<meta property=\"og:locale\" content=\"es_ES\" \/>\n<meta property=\"og:type\" content=\"article\" \/>\n<meta property=\"og:title\" content=\"La Feria de Abril de la mano de Jos\u00e9 Carlos Lora-TERMIX\" \/>\n<meta property=\"og:description\" content=\"Exploramos el vibrante mundo de los looks de las Ferias de Abril, de la mano del reconocido estilista Jos\u00e9 Carlos Lora.\" \/>\n<meta property=\"og:url\" content=\"https:\/\/termix.net\/blog\/es\/looks-de-la-feria-de-abril-de-la-mano-de-jose-carlos-lora\/\" \/>\n<meta property=\"og:site_name\" content=\"Blog Termix Spain\" \/>\n<meta property=\"article:published_time\" content=\"2024-04-09T15:17:21+00:00\" \/>\n<meta property=\"og:image\" content=\"https:\/\/termix.net\/blog\/wp-content\/uploads\/2024\/04\/Termix-horizontal-74.png\" \/>\n\t<meta property=\"og:image:width\" content=\"1000\" \/>\n\t<meta property=\"og:image:height\" content=\"700\" \/>\n\t<meta property=\"og:image:type\" content=\"image\/png\" \/>\n<meta name=\"author\" content=\"Termix Alicia\" \/>\n<meta name=\"twitter:card\" content=\"summary_large_image\" \/>\n<meta name=\"twitter:title\" content=\"La Feria de Abril de la mano de Jos\u00e9 Carlos Lora-TERMIX\" \/>\n<meta name=\"twitter:description\" content=\"Exploramos el vibrante mundo de los looks de las Ferias de Abril, de la mano del reconocido estilista Jos\u00e9 Carlos Lora.\" \/>\n<meta name=\"twitter:image\" content=\"https:\/\/termix.net\/blog\/wp-content\/uploads\/2024\/04\/Termix-horizontal-74.png\" \/>\n<meta name=\"twitter:label1\" content=\"Escrito por\" \/>\n\t<meta name=\"twitter:data1\" content=\"Termix Alicia\" \/>\n\t<meta name=\"twitter:label2\" content=\"Tiempo de lectura\" \/>\n\t<meta name=\"twitter:data2\" content=\"26 minutos\" \/>\n<script type=\"application\/ld+json\" class=\"yoast-schema-graph\">{\"@context\":\"https:\/\/schema.org\",\"@graph\":[{\"@type\":\"Article\",\"@id\":\"https:\/\/termix.net\/blog\/es\/looks-de-la-feria-de-abril-de-la-mano-de-jose-carlos-lora\/#article\",\"isPartOf\":{\"@id\":\"https:\/\/termix.net\/blog\/es\/looks-de-la-feria-de-abril-de-la-mano-de-jose-carlos-lora\/\"},\"author\":{\"name\":\"Termix Alicia\",\"@id\":\"https:\/\/termix.net\/blog\/es\/#\/schema\/person\/b625ac27410466979aee03d7fbecce0f\"},\"headline\":\"Looks de la Feria de Abril de la mano de Jos\u00e9 Carlos Lora\",\"datePublished\":\"2024-04-09T15:17:21+00:00\",\"dateModified\":\"2024-04-09T15:17:21+00:00\",\"mainEntityOfPage\":{\"@id\":\"https:\/\/termix.net\/blog\/es\/looks-de-la-feria-de-abril-de-la-mano-de-jose-carlos-lora\/\"},\"wordCount\":13694,\"commentCount\":0,\"publisher\":{\"@id\":\"https:\/\/termix.net\/blog\/es\/#organization\"},\"keywords\":[\"feria de abril\",\"feria de sevilla\",\"looks\",\"pulidos\",\"sevilla\",\"tutorial peinados\"],\"articleSection\":[\"LOOKS\"],\"inLanguage\":\"es\",\"potentialAction\":[{\"@type\":\"CommentAction\",\"name\":\"Comment\",\"target\":[\"https:\/\/termix.net\/blog\/es\/looks-de-la-feria-de-abril-de-la-mano-de-jose-carlos-lora\/#respond\"]}]},{\"@type\":\"WebPage\",\"@id\":\"https:\/\/termix.net\/blog\/es\/looks-de-la-feria-de-abril-de-la-mano-de-jose-carlos-lora\/\",\"url\":\"https:\/\/termix.net\/blog\/es\/looks-de-la-feria-de-abril-de-la-mano-de-jose-carlos-lora\/\",\"name\":\"La Feria de Abril de la mano de Jos\u00e9 Carlos Lora-TERMIX\",\"isPartOf\":{\"@id\":\"https:\/\/termix.net\/blog\/es\/#website\"},\"datePublished\":\"2024-04-09T15:17:21+00:00\",\"dateModified\":\"2024-04-09T15:17:21+00:00\",\"description\":\"Exploramos el vibrante mundo de los looks de las Ferias de Abril, de la mano del reconocido estilista Jos\u00e9 Carlos Lora.\",\"breadcrumb\":{\"@id\":\"https:\/\/termix.net\/blog\/es\/looks-de-la-feria-de-abril-de-la-mano-de-jose-carlos-lora\/#breadcrumb\"},\"inLanguage\":\"es\",\"potentialAction\":[{\"@type\":\"ReadAction\",\"target\":[\"https:\/\/termix.net\/blog\/es\/looks-de-la-feria-de-abril-de-la-mano-de-jose-carlos-lora\/\"]}]},{\"@type\":\"BreadcrumbList\",\"@id\":\"https:\/\/termix.net\/blog\/es\/looks-de-la-feria-de-abril-de-la-mano-de-jose-carlos-lora\/#breadcrumb\",\"itemListElement\":[{\"@type\":\"ListItem\",\"position\":1,\"name\":\"Home\",\"item\":\"https:\/\/termix.net\/blog\/es\/\"},{\"@type\":\"ListItem\",\"position\":2,\"name\":\"Looks de la Feria de Abril de la mano de Jos\u00e9 Carlos Lora\"}]},{\"@type\":\"WebSite\",\"@id\":\"https:\/\/termix.net\/blog\/es\/#website\",\"url\":\"https:\/\/termix.net\/blog\/es\/\",\"name\":\"Blog Termix Spain\",\"description\":\"Blog de tendencias y productos de peluquer\u00eda profesional.\",\"publisher\":{\"@id\":\"https:\/\/termix.net\/blog\/es\/#organization\"},\"potentialAction\":[{\"@type\":\"SearchAction\",\"target\":{\"@type\":\"EntryPoint\",\"urlTemplate\":\"https:\/\/termix.net\/blog\/es\/?s={search_term_string}\"},\"query-input\":\"required name=search_term_string\"}],\"inLanguage\":\"es\"},{\"@type\":\"Organization\",\"@id\":\"https:\/\/termix.net\/blog\/es\/#organization\",\"name\":\"Dols Industrial de Peluquer\u00eda SA\",\"url\":\"https:\/\/termix.net\/blog\/es\/\",\"logo\":{\"@type\":\"ImageObject\",\"inLanguage\":\"es\",\"@id\":\"https:\/\/termix.net\/blog\/es\/#\/schema\/logo\/image\/\",\"url\":\"https:\/\/termix.net\/blog\/wp-content\/uploads\/2020\/10\/OGbDAeng.jpeg\",\"contentUrl\":\"https:\/\/termix.net\/blog\/wp-content\/uploads\/2020\/10\/OGbDAeng.jpeg\",\"width\":800,\"height\":800,\"caption\":\"Dols Industrial de Peluquer\u00eda SA\"},\"image\":{\"@id\":\"https:\/\/termix.net\/blog\/es\/#\/schema\/logo\/image\/\"}},{\"@type\":\"Person\",\"@id\":\"https:\/\/termix.net\/blog\/es\/#\/schema\/person\/b625ac27410466979aee03d7fbecce0f\",\"name\":\"Termix Alicia\",\"image\":{\"@type\":\"ImageObject\",\"inLanguage\":\"es\",\"@id\":\"https:\/\/termix.net\/blog\/es\/#\/schema\/person\/image\/\",\"url\":\"https:\/\/secure.gravatar.com\/avatar\/6a3b6df66866f7cd6d4c84e7e83a3322?s=96&d=mm&r=g\",\"contentUrl\":\"https:\/\/secure.gravatar.com\/avatar\/6a3b6df66866f7cd6d4c84e7e83a3322?s=96&d=mm&r=g\",\"caption\":\"Termix Alicia\"},\"url\":\"https:\/\/termix.net\/blog\/es\/author\/aliciamotherstudio-net\/\"}]}<\/script>\n<!-- \/ Yoast SEO plugin. -->","yoast_head_json":{"title":"La Feria de Abril de la mano de Jos\u00e9 Carlos Lora-TERMIX","description":"Exploramos el vibrante mundo de los looks de las Ferias de Abril, de la mano del reconocido estilista Jos\u00e9 Carlos Lora.","robots":{"index":"index","follow":"follow","max-snippet":"max-snippet:-1","max-image-preview":"max-image-preview:large","max-video-preview":"max-video-preview:-1"},"canonical":"https:\/\/termix.net\/blog\/es\/looks-de-la-feria-de-abril-de-la-mano-de-jose-carlos-lora\/","og_locale":"es_ES","og_type":"article","og_title":"La Feria de Abril de la mano de Jos\u00e9 Carlos Lora-TERMIX","og_description":"Exploramos el vibrante mundo de los looks de las Ferias de Abril, de la mano del reconocido estilista Jos\u00e9 Carlos Lora.","og_url":"https:\/\/termix.net\/blog\/es\/looks-de-la-feria-de-abril-de-la-mano-de-jose-carlos-lora\/","og_site_name":"Blog Termix Spain","article_published_time":"2024-04-09T15:17:21+00:00","og_image":[{"width":1000,"height":700,"url":"https:\/\/termix.net\/blog\/wp-content\/uploads\/2024\/04\/Termix-horizontal-74.png","type":"image\/png"}],"author":"Termix Alicia","twitter_card":"summary_large_image","twitter_title":"La Feria de Abril de la mano de Jos\u00e9 Carlos Lora-TERMIX","twitter_description":"Exploramos el vibrante mundo de los looks de las Ferias de Abril, de la mano del reconocido estilista Jos\u00e9 Carlos Lora.","twitter_image":"https:\/\/termix.net\/blog\/wp-content\/uploads\/2024\/04\/Termix-horizontal-74.png","twitter_misc":{"Escrito por":"Termix Alicia","Tiempo de lectura":"26 minutos"},"schema":{"@context":"https:\/\/schema.org","@graph":[{"@type":"Article","@id":"https:\/\/termix.net\/blog\/es\/looks-de-la-feria-de-abril-de-la-mano-de-jose-carlos-lora\/#article","isPartOf":{"@id":"https:\/\/termix.net\/blog\/es\/looks-de-la-feria-de-abril-de-la-mano-de-jose-carlos-lora\/"},"author":{"name":"Termix Alicia","@id":"https:\/\/termix.net\/blog\/es\/#\/schema\/person\/b625ac27410466979aee03d7fbecce0f"},"headline":"Looks de la Feria de Abril de la mano de Jos\u00e9 Carlos Lora","datePublished":"2024-04-09T15:17:21+00:00","dateModified":"2024-04-09T15:17:21+00:00","mainEntityOfPage":{"@id":"https:\/\/termix.net\/blog\/es\/looks-de-la-feria-de-abril-de-la-mano-de-jose-carlos-lora\/"},"wordCount":13694,"commentCount":0,"publisher":{"@id":"https:\/\/termix.net\/blog\/es\/#organization"},"keywords":["feria de abril","feria de sevilla","looks","pulidos","sevilla","tutorial peinados"],"articleSection":["LOOKS"],"inLanguage":"es","potentialAction":[{"@type":"CommentAction","name":"Comment","target":["https:\/\/termix.net\/blog\/es\/looks-de-la-feria-de-abril-de-la-mano-de-jose-carlos-lora\/#respond"]}]},{"@type":"WebPage","@id":"https:\/\/termix.net\/blog\/es\/looks-de-la-feria-de-abril-de-la-mano-de-jose-carlos-lora\/","url":"https:\/\/termix.net\/blog\/es\/looks-de-la-feria-de-abril-de-la-mano-de-jose-carlos-lora\/","name":"La Feria de Abril de la mano de Jos\u00e9 Carlos Lora-TERMIX","isPartOf":{"@id":"https:\/\/termix.net\/blog\/es\/#website"},"datePublished":"2024-04-09T15:17:21+00:00","dateModified":"2024-04-09T15:17:21+00:00","description":"Exploramos el vibrante mundo de los looks de las Ferias de Abril, de la mano del reconocido estilista Jos\u00e9 Carlos Lora.","breadcrumb":{"@id":"https:\/\/termix.net\/blog\/es\/looks-de-la-feria-de-abril-de-la-mano-de-jose-carlos-lora\/#breadcrumb"},"inLanguage":"es","potentialAction":[{"@type":"ReadAction","target":["https:\/\/termix.net\/blog\/es\/looks-de-la-feria-de-abril-de-la-mano-de-jose-carlos-lora\/"]}]},{"@type":"BreadcrumbList","@id":"https:\/\/termix.net\/blog\/es\/looks-de-la-feria-de-abril-de-la-mano-de-jose-carlos-lora\/#breadcrumb","itemListElement":[{"@type":"ListItem","position":1,"name":"Home","item":"https:\/\/termix.net\/blog\/es\/"},{"@type":"ListItem","position":2,"name":"Looks de la Feria de Abril de la mano de Jos\u00e9 Carlos Lora"}]},{"@type":"WebSite","@id":"https:\/\/termix.net\/blog\/es\/#website","url":"https:\/\/termix.net\/blog\/es\/","name":"Blog Termix Spain","description":"Blog de tendencias y productos de peluquer\u00eda profesional.","publisher":{"@id":"https:\/\/termix.net\/blog\/es\/#organization"},"potentialAction":[{"@type":"SearchAction","target":{"@type":"EntryPoint","urlTemplate":"https:\/\/termix.net\/blog\/es\/?s={search_term_string}"},"query-input":"required name=search_term_string"}],"inLanguage":"es"},{"@type":"Organization","@id":"https:\/\/termix.net\/blog\/es\/#organization","name":"Dols Industrial de Peluquer\u00eda SA","url":"https:\/\/termix.net\/blog\/es\/","logo":{"@type":"ImageObject","inLanguage":"es","@id":"https:\/\/termix.net\/blog\/es\/#\/schema\/logo\/image\/","url":"https:\/\/termix.net\/blog\/wp-content\/uploads\/2020\/10\/OGbDAeng.jpeg","contentUrl":"https:\/\/termix.net\/blog\/wp-content\/uploads\/2020\/10\/OGbDAeng.jpeg","width":800,"height":800,"caption":"Dols Industrial de Peluquer\u00eda SA"},"image":{"@id":"https:\/\/termix.net\/blog\/es\/#\/schema\/logo\/image\/"}},{"@type":"Person","@id":"https:\/\/termix.net\/blog\/es\/#\/schema\/person\/b625ac27410466979aee03d7fbecce0f","name":"Termix Alicia","image":{"@type":"ImageObject","inLanguage":"es","@id":"https:\/\/termix.net\/blog\/es\/#\/schema\/person\/image\/","url":"https:\/\/secure.gravatar.com\/avatar\/6a3b6df66866f7cd6d4c84e7e83a3322?s=96&d=mm&r=g","contentUrl":"https:\/\/secure.gravatar.com\/avatar\/6a3b6df66866f7cd6d4c84e7e83a3322?s=96&d=mm&r=g","caption":"Termix Alicia"},"url":"https:\/\/termix.net\/blog\/es\/author\/aliciamotherstudio-net\/"}]}},"_links":{"self":[{"href":"https:\/\/termix.net\/blog\/es\/wp-json\/wp\/v2\/posts\/39556"}],"collection":[{"href":"https:\/\/termix.net\/blog\/es\/wp-json\/wp\/v2\/posts"}],"about":[{"href":"https:\/\/termix.net\/blog\/es\/wp-json\/wp\/v2\/types\/post"}],"author":[{"embeddable":true,"href":"https:\/\/termix.net\/blog\/es\/wp-json\/wp\/v2\/users\/6"}],"replies":[{"embeddable":true,"href":"https:\/\/termix.net\/blog\/es\/wp-json\/wp\/v2\/comments?post=39556"}],"version-history":[{"count":17,"href":"https:\/\/termix.net\/blog\/es\/wp-json\/wp\/v2\/posts\/39556\/revisions"}],"predecessor-version":[{"id":39718,"href":"https:\/\/termix.net\/blog\/es\/wp-json\/wp\/v2\/posts\/39556\/revisions\/39718"}],"wp:featuredmedia":[{"embeddable":true,"href":"https:\/\/termix.net\/blog\/es\/wp-json\/wp\/v2\/media\/39564"}],"wp:attachment":[{"href":"https:\/\/termix.net\/blog\/es\/wp-json\/wp\/v2\/media?parent=39556"}],"wp:term":[{"taxonomy":"category","embeddable":true,"href":"https:\/\/termix.net\/blog\/es\/wp-json\/wp\/v2\/categories?post=39556"},{"taxonomy":"post_tag","embeddable":true,"href":"https:\/\/termix.net\/blog\/es\/wp-json\/wp\/v2\/tags?post=39556"}],"curies":[{"name":"wp","href":"https:\/\/api.w.org\/{rel}","templated":true}]}}