{"id":39419,"date":"2024-03-17T15:23:07","date_gmt":"2024-03-17T14:23:07","guid":{"rendered":"https:\/\/termix.net\/blog\/?p=39419"},"modified":"2025-03-18T15:00:42","modified_gmt":"2025-03-18T14:00:42","slug":"celebra-el-dia-del-padre-con-el-regalo-ideal","status":"publish","type":"post","link":"https:\/\/termix.net\/blog\/es\/celebra-el-dia-del-padre-con-el-regalo-ideal\/","title":{"rendered":"Celebra el D\u00eda del Padre con Termix: Regalos que realzaran su estilo"},"content":{"rendered":"<p><div class=\"fusion-fullwidth fullwidth-box fusion-builder-row-1 has-pattern-background has-mask-background faded-background fusion-parallax-none nonhundred-percent-fullwidth non-hundred-percent-height-scrolling fusion-no-small-visibility fusion-no-medium-visibility\" style=\"--awb-border-radius-top-left:0px;--awb-border-radius-top-right:0px;--awb-border-radius-bottom-right:0px;--awb-border-radius-bottom-left:0px;--awb-padding-top:24%;--awb-padding-right:3%;--awb-padding-left:3%;--awb-background-size:cover;\" ><div class=\"fullwidth-faded\" style=\"--awb-background-color:#181818;--awb-background-image:url(https:\/\/termix.net\/blog\/wp-content\/uploads\/2022\/03\/Termix-horizontal-58.png);--awb-background-size:cover;\" ><\/div><div class=\"fusion-builder-row fusion-row\"><div class=\"fusion-layout-column fusion_builder_column fusion-builder-column-0 fusion_builder_column_1_1 1_1 fusion-one-full fusion-column-first fusion-column-last\" style=\"--awb-padding-top:6%;--awb-padding-right:8%;--awb-padding-bottom:6%;--awb-padding-left:8%;--awb-bg-color:rgba(255,255,255,0.7);--awb-bg-size:cover;--awb-margin-top:0px;--awb-margin-bottom:0px;\"><div class=\"fusion-column-wrapper fusion-column-has-shadow fusion-flex-column-wrapper-legacy\"><div class=\"fusion-text fusion-text-1 caption\"><p style=\"text-align: center;\">Consejos \u2014 2 min de lectura<\/p>\n<\/div><div class=\"fusion-title title fusion-title-1 fusion-sep-none fusion-title-center fusion-title-text fusion-title-size-one\" style=\"--awb-margin-top:30px;--awb-margin-bottom:20px;\"><h1 class=\"title-heading-center fusion-responsive-typography-calculated\" style=\"margin:0;--fontSize:50;line-height:1;\"><p style=\"text-align: center;\"><strong>CELEBRA EL D\u00cdA DEL PADRE CON TERMIX: REGALOS QUE REALZARAN SU ESTILO<\/strong><\/p><\/h1><\/div><div class=\"fusion-clearfix\"><\/div><\/div><\/div><\/div><\/div><div class=\"fusion-fullwidth fullwidth-box fusion-builder-row-2 has-pattern-background has-mask-background fusion-parallax-none nonhundred-percent-fullwidth non-hundred-percent-height-scrolling fusion-no-large-visibility\" style=\"--awb-border-radius-top-left:0px;--awb-border-radius-top-right:0px;--awb-border-radius-bottom-right:0px;--awb-border-radius-bottom-left:0px;--awb-background-image:url(&quot;https:\/\/termix.net\/blog\/wp-content\/uploads\/2022\/03\/Termix-vertical-34.png&quot;);--awb-background-size:cover;\" ><div class=\"fusion-builder-row fusion-row\"><div class=\"fusion-layout-column fusion_builder_column fusion-builder-column-1 fusion_builder_column_1_1 1_1 fusion-one-full fusion-column-first fusion-column-last fusion-column-inner-bg-wrapper\" style=\"--awb-padding-top:10%;--awb-padding-bottom:10%;--awb-inner-bg-image:url(&#039;http:\/\/termix.net\/blog\/wp-content\/uploads\/2019\/03\/single-blog-post-feat.jpg&#039;);--awb-inner-bg-position:center center;--awb-inner-bg-size:cover;\"><span class=\"fusion-column-inner-bg hover-type-zoomout\"><span class=\"fusion-column-anchor\"><span class=\"fusion-column-inner-bg-image\"><\/span><\/span><\/span><div class=\"fusion-column-wrapper fusion-flex-column-wrapper-legacy\" data-bg-url=\"http:\/\/termix.net\/blog\/wp-content\/uploads\/2019\/03\/single-blog-post-feat.jpg\"><div class=\"fusion-sep-clear\"><\/div><div class=\"fusion-separator fusion-no-large-visibility fusion-full-width-sep\" style=\"margin-left: auto;margin-right: auto;margin-top:200px;width:100%;\"><\/div><div class=\"fusion-sep-clear\"><\/div><div class=\"fusion-clearfix\"><\/div><\/div><\/div><div class=\"fusion-layout-column fusion_builder_column fusion-builder-column-2 fusion_builder_column_1_1 1_1 fusion-one-full fusion-column-first fusion-column-last\" style=\"--awb-padding-top:6%;--awb-bg-color:#ffffff;--awb-bg-size:cover;--awb-margin-top:0px;--awb-margin-bottom:0px;\"><div class=\"fusion-column-wrapper fusion-flex-column-wrapper-legacy\"><div class=\"fusion-text fusion-text-2 caption\"><p style=\"text-align: center;\">Consejos \u2014 2 min de lectura<\/p>\n<\/div><div class=\"fusion-title title fusion-title-2 fusion-sep-none fusion-title-center fusion-title-text fusion-title-size-one\" style=\"--awb-margin-top:30px;--awb-margin-bottom:20px;\"><h1 class=\"title-heading-center fusion-responsive-typography-calculated\" style=\"margin:0;--fontSize:50;line-height:1;\"><p style=\"text-align: center;\"><strong>CELEBRA EL D\u00cdA DEL PADRE CON TERMIX: REGALOS QUE REALZARAN SU ESTILO<\/strong><\/p><\/h1><\/div><div class=\"fusion-clearfix\"><\/div><\/div><\/div><\/div><\/div><div class=\"fusion-fullwidth fullwidth-box fusion-builder-row-3 nonhundred-percent-fullwidth non-hundred-percent-height-scrolling\" style=\"--awb-border-radius-top-left:0px;--awb-border-radius-top-right:0px;--awb-border-radius-bottom-right:0px;--awb-border-radius-bottom-left:0px;--awb-padding-top:10px;--awb-padding-bottom:4%;--awb-margin-bottom:-50px;\" ><div class=\"fusion-builder-row fusion-row\"><div class=\"fusion-layout-column fusion_builder_column fusion-builder-column-3 fusion_builder_column_1_1 1_1 fusion-one-full fusion-column-first fusion-column-last\" style=\"--awb-bg-size:cover;\"><div class=\"fusion-column-wrapper fusion-column-has-shadow fusion-flex-column-wrapper-legacy\"><div class=\"fusion-text fusion-text-3\"><h4 style=\"text-align: center;\"><b><i>El D\u00eda del Padre es una ocasi\u00f3n especial para honrar y celebrar a esos hombres maravillosos que nos han acompa\u00f1ado y guiado a lo largo de nuestras vidas. En esta fecha tan significativa, queremos ayudarte a encontrar el regalo perfecto para tu padre, aquel que realce su estilo y le haga sentir especial. Termix te ofrece una selecci\u00f3n de productos de alta calidad que har\u00e1n que tu regalo sea memorable.<\/i><\/b><\/h4>\n<\/div><div class=\"fusion-clearfix\"><\/div><\/div><\/div><\/div><\/div><div class=\"fusion-fullwidth fullwidth-box fusion-builder-row-4 fusion-flex-container nonhundred-percent-fullwidth non-hundred-percent-height-scrolling\" style=\"--awb-border-radius-top-left:0px;--awb-border-radius-top-right:0px;--awb-border-radius-bottom-right:0px;--awb-border-radius-bottom-left:0px;\" ><div class=\"fusion-builder-row fusion-row fusion-flex-align-items-flex-start\" style=\"max-width:94.64%;margin-left: calc(-4% \/ 2 );margin-right: calc(-4% \/ 2 );\"><div class=\"fusion-layout-column fusion_builder_column fusion-builder-column-4 fusion_builder_column_1_1 1_1 fusion-flex-column\" style=\"--awb-bg-size:cover;--awb-width-large:100%;--awb-margin-top-large:20px;--awb-spacing-right-large:1.92%;--awb-margin-bottom-large:20px;--awb-spacing-left-large:1.92%;--awb-width-medium:100%;--awb-order-medium:0;--awb-spacing-right-medium:1.92%;--awb-spacing-left-medium:1.92%;--awb-width-small:100%;--awb-order-small:0;--awb-spacing-right-small:1.92%;--awb-spacing-left-small:1.92%;\"><div class=\"fusion-column-wrapper fusion-column-has-shadow fusion-flex-justify-content-flex-start fusion-content-layout-column\"><div class=\"fusion-image-element \" style=\"text-align:center;--awb-caption-title-size:var(--h2_typography-font-size);--awb-caption-title-transform:var(--h2_typography-text-transform);--awb-caption-title-line-height:var(--h2_typography-line-height);--awb-caption-title-letter-spacing:var(--h2_typography-letter-spacing);\"><span class=\" fusion-imageframe imageframe-none imageframe-1 hover-type-none\"><img decoding=\"async\" width=\"1160\" height=\"150\" alt=\"numero1web\" title=\"numero1web\" src=\"https:\/\/termix.net\/blog\/wp-content\/uploads\/2020\/05\/numero1web.jpg\" class=\"img-responsive wp-image-26017\" srcset=\"https:\/\/termix.net\/blog\/wp-content\/uploads\/2020\/05\/numero1web-200x26.jpg 200w, https:\/\/termix.net\/blog\/wp-content\/uploads\/2020\/05\/numero1web-400x52.jpg 400w, https:\/\/termix.net\/blog\/wp-content\/uploads\/2020\/05\/numero1web-600x78.jpg 600w, https:\/\/termix.net\/blog\/wp-content\/uploads\/2020\/05\/numero1web-800x103.jpg 800w, https:\/\/termix.net\/blog\/wp-content\/uploads\/2020\/05\/numero1web.jpg 1160w\" sizes=\"(max-width: 1024px) 100vw, (max-width: 640px) 100vw, 1160px\" \/><\/span><\/div><\/div><\/div><div class=\"fusion-layout-column fusion_builder_column fusion-builder-column-5 fusion_builder_column_1_2 1_2 fusion-flex-column\" style=\"--awb-bg-size:cover;--awb-width-large:50%;--awb-margin-top-large:20px;--awb-spacing-right-large:3.84%;--awb-margin-bottom-large:20px;--awb-spacing-left-large:3.84%;--awb-width-medium:100%;--awb-order-medium:0;--awb-spacing-right-medium:1.92%;--awb-spacing-left-medium:1.92%;--awb-width-small:100%;--awb-order-small:0;--awb-spacing-right-small:1.92%;--awb-spacing-left-small:1.92%;\"><div class=\"fusion-column-wrapper fusion-column-has-shadow fusion-flex-justify-content-flex-start fusion-content-layout-column\"><div class=\"fusion-separator fusion-full-width-sep\" style=\"align-self: center;margin-left: auto;margin-right: auto;margin-top:5%;width:100%;\"><\/div><div class=\"fusion-title title fusion-title-3 fusion-sep-none fusion-title-center fusion-title-text fusion-title-size-three\"><h3 class=\"title-heading-center fusion-responsive-typography-calculated\" style=\"margin:0;--fontSize:40;line-height:1.4;\"><h3 style=\"text-align: center;\">PARA EL PADRE CON BARBA IMPECABLE<\/h3><\/h3><\/div><div class=\"fusion-separator fusion-full-width-sep\" style=\"align-self: center;margin-left: auto;margin-right: auto;margin-top:5%;width:100%;\"><\/div><div class=\"fusion-separator fusion-full-width-sep\" style=\"align-self: center;margin-left: auto;margin-right: auto;margin-top:5%;width:100%;\"><\/div><div class=\"fusion-text fusion-text-4\"><p style=\"text-align: center;\">Si tu<strong> padre<\/strong> es un <u><a href=\"https:\/\/termix.net\/blog\/es\/como-arreglar-la-barba-de-forma-sencilla-en-casa-termix\/\"><strong>hombre con barba<\/strong><\/a><\/u>, la <u><a href=\"https:\/\/termix.net\/es\/herramientas\/maquinas-de-corte-y-afeitado\/maquina-Termix-styling-cut.html\"><strong>M\u00e1quina Profesional para Contornos Termix Styling Cut<\/strong> <\/a><\/u> es el regalo perfecto. Con sus cuchillas de precisi\u00f3n y su <strong>dise\u00f1o ergon\u00f3mico<\/strong>, esta <strong>m\u00e1quina<\/strong> permite definir y recortar la<strong> barba<\/strong> con facilidad, logrando un aspecto impecable y cuidado.<\/p>\n<\/div><\/div><\/div><div class=\"fusion-layout-column fusion_builder_column fusion-builder-column-6 fusion_builder_column_1_6 1_6 fusion-flex-column\" style=\"--awb-bg-size:cover;--awb-width-large:16.666666666667%;--awb-margin-top-large:20px;--awb-spacing-right-large:11.52%;--awb-margin-bottom-large:20px;--awb-spacing-left-large:11.52%;--awb-width-medium:100%;--awb-order-medium:0;--awb-spacing-right-medium:1.92%;--awb-spacing-left-medium:1.92%;--awb-width-small:100%;--awb-order-small:0;--awb-spacing-right-small:1.92%;--awb-spacing-left-small:1.92%;\"><div class=\"fusion-column-wrapper fusion-column-has-shadow fusion-flex-justify-content-flex-start fusion-content-layout-column\"><\/div><\/div><div class=\"fusion-layout-column fusion_builder_column fusion-builder-column-7 fusion_builder_column_1_3 1_3 fusion-flex-column\" style=\"--awb-bg-size:cover;--awb-width-large:33.333333333333%;--awb-margin-top-large:20px;--awb-spacing-right-large:5.76%;--awb-margin-bottom-large:20px;--awb-spacing-left-large:5.76%;--awb-width-medium:100%;--awb-order-medium:0;--awb-spacing-right-medium:1.92%;--awb-spacing-left-medium:1.92%;--awb-width-small:100%;--awb-order-small:0;--awb-spacing-right-small:1.92%;--awb-spacing-left-small:1.92%;\"><div class=\"fusion-column-wrapper fusion-column-has-shadow fusion-flex-justify-content-flex-start fusion-content-layout-column\"><div class=\"fusion-image-element \" style=\"text-align:center;--awb-caption-title-size:var(--h2_typography-font-size);--awb-caption-title-transform:var(--h2_typography-text-transform);--awb-caption-title-line-height:var(--h2_typography-line-height);--awb-caption-title-letter-spacing:var(--h2_typography-letter-spacing);\"><span class=\" fusion-imageframe imageframe-none imageframe-2 hover-type-none\"><img decoding=\"async\" width=\"1200\" height=\"1200\" alt=\"M\u00e1quina de contornos Styling Cut de Termix\" title=\"M\u00e1quina de contornos Styling Cut de Termix\" src=\"https:\/\/termix.net\/blog\/wp-content\/uploads\/2023\/01\/2-1.jpg\" class=\"img-responsive wp-image-36666\" srcset=\"https:\/\/termix.net\/blog\/wp-content\/uploads\/2023\/01\/2-1-200x200.jpg 200w, https:\/\/termix.net\/blog\/wp-content\/uploads\/2023\/01\/2-1-400x400.jpg 400w, https:\/\/termix.net\/blog\/wp-content\/uploads\/2023\/01\/2-1-600x600.jpg 600w, https:\/\/termix.net\/blog\/wp-content\/uploads\/2023\/01\/2-1-800x800.jpg 800w, https:\/\/termix.net\/blog\/wp-content\/uploads\/2023\/01\/2-1.jpg 1200w\" sizes=\"(max-width: 1024px) 100vw, (max-width: 640px) 100vw, 600px\" \/><\/span><\/div><div class=\"fusion-text fusion-text-5\"><p style=\"text-align: center;\"><strong>MAQUINA DE CONTORNO<\/strong><\/p>\n<\/div><div style=\"text-align:center;\"><a class=\"fusion-button button-flat fusion-button-default-size button-default fusion-button-default button-1 fusion-button-default-span fusion-button-default-type\" target=\"_self\" href=\"https:\/\/termix.net\/es\/herramientas\/maquinas-de-corte-y-afeitado\/maquina-Termix-styling-cut.html\"><span class=\"fusion-button-text\">COMPRAR<\/span><\/a><\/div><\/div><\/div><div class=\"fusion-layout-column fusion_builder_column fusion-builder-column-8 fusion_builder_column_1_1 1_1 fusion-flex-column\" style=\"--awb-bg-size:cover;--awb-width-large:100%;--awb-margin-top-large:20px;--awb-spacing-right-large:1.92%;--awb-margin-bottom-large:20px;--awb-spacing-left-large:1.92%;--awb-width-medium:100%;--awb-order-medium:0;--awb-spacing-right-medium:1.92%;--awb-spacing-left-medium:1.92%;--awb-width-small:100%;--awb-order-small:0;--awb-spacing-right-small:1.92%;--awb-spacing-left-small:1.92%;\"><div class=\"fusion-column-wrapper fusion-column-has-shadow fusion-flex-justify-content-flex-start fusion-content-layout-column\"><div class=\"fusion-separator fusion-full-width-sep\" style=\"align-self: center;margin-left: auto;margin-right: auto;margin-top:5%;width:100%;\"><\/div><div class=\"fusion-image-element \" style=\"text-align:center;--awb-caption-title-size:var(--h2_typography-font-size);--awb-caption-title-transform:var(--h2_typography-text-transform);--awb-caption-title-line-height:var(--h2_typography-line-height);--awb-caption-title-letter-spacing:var(--h2_typography-letter-spacing);\"><span class=\" fusion-imageframe imageframe-none imageframe-3 hover-type-none\"><img decoding=\"async\" width=\"1160\" height=\"150\" title=\"numero2web\" src=\"https:\/\/termix.net\/blog\/wp-content\/uploads\/2019\/11\/numero2web-2.jpg\" alt class=\"img-responsive wp-image-4793\" srcset=\"https:\/\/termix.net\/blog\/wp-content\/uploads\/2019\/11\/numero2web-2-200x26.jpg 200w, https:\/\/termix.net\/blog\/wp-content\/uploads\/2019\/11\/numero2web-2-400x52.jpg 400w, https:\/\/termix.net\/blog\/wp-content\/uploads\/2019\/11\/numero2web-2-600x78.jpg 600w, https:\/\/termix.net\/blog\/wp-content\/uploads\/2019\/11\/numero2web-2-800x103.jpg 800w, https:\/\/termix.net\/blog\/wp-content\/uploads\/2019\/11\/numero2web-2.jpg 1160w\" sizes=\"(max-width: 1024px) 100vw, (max-width: 640px) 100vw, 1160px\" \/><\/span><\/div><\/div><\/div><div class=\"fusion-layout-column fusion_builder_column fusion-builder-column-9 fusion_builder_column_1_2 1_2 fusion-flex-column\" style=\"--awb-bg-size:cover;--awb-width-large:50%;--awb-margin-top-large:20px;--awb-spacing-right-large:3.84%;--awb-margin-bottom-large:20px;--awb-spacing-left-large:3.84%;--awb-width-medium:100%;--awb-order-medium:0;--awb-spacing-right-medium:1.92%;--awb-spacing-left-medium:1.92%;--awb-width-small:100%;--awb-order-small:0;--awb-spacing-right-small:1.92%;--awb-spacing-left-small:1.92%;\"><div class=\"fusion-column-wrapper fusion-column-has-shadow fusion-flex-justify-content-flex-start fusion-content-layout-column\"><div class=\"fusion-separator fusion-full-width-sep\" style=\"align-self: center;margin-left: auto;margin-right: auto;margin-top:5%;width:100%;\"><\/div><div class=\"fusion-title title fusion-title-4 fusion-sep-none fusion-title-center fusion-title-text fusion-title-size-three\"><h3 class=\"title-heading-center fusion-responsive-typography-calculated\" style=\"margin:0;--fontSize:40;line-height:1.4;\"><h3 style=\"text-align: center;\">PARA EL PADRE CON CABELLO SIN VOLUMEN<\/h3><\/h3><\/div><div class=\"fusion-separator fusion-full-width-sep\" style=\"align-self: center;margin-left: auto;margin-right: auto;margin-top:5%;width:100%;\"><\/div><div class=\"fusion-separator fusion-full-width-sep\" style=\"align-self: center;margin-left: auto;margin-right: auto;margin-top:5%;width:100%;\"><\/div><div class=\"fusion-text fusion-text-6\"><p style=\"text-align: center;\">Si sabes que el\u00a0desea tener un <strong>cabello<\/strong> con m\u00e1s<strong> volumen y textura<\/strong>, el<strong> Polvo Voluminizador<\/strong> de <strong>Termix<\/strong> es ideal. Este producto en <strong>polvo<\/strong> se aplica en las ra\u00edces del <strong>cabello<\/strong> y proporciona un efecto de <strong>volumen duradero<\/strong>. Adem\u00e1s, su f\u00f3rmula ligera no deja residuos y permite peinar el <strong>cabello<\/strong> con facilidad.<\/p>\n<\/div><\/div><\/div><div class=\"fusion-layout-column fusion_builder_column fusion-builder-column-10 fusion_builder_column_1_6 1_6 fusion-flex-column\" style=\"--awb-bg-size:cover;--awb-width-large:16.666666666667%;--awb-margin-top-large:20px;--awb-spacing-right-large:11.52%;--awb-margin-bottom-large:20px;--awb-spacing-left-large:11.52%;--awb-width-medium:100%;--awb-order-medium:0;--awb-spacing-right-medium:1.92%;--awb-spacing-left-medium:1.92%;--awb-width-small:100%;--awb-order-small:0;--awb-spacing-right-small:1.92%;--awb-spacing-left-small:1.92%;\"><div class=\"fusion-column-wrapper fusion-column-has-shadow fusion-flex-justify-content-flex-start fusion-content-layout-column\"><\/div><\/div><div class=\"fusion-layout-column fusion_builder_column fusion-builder-column-11 fusion_builder_column_1_3 1_3 fusion-flex-column\" style=\"--awb-bg-size:cover;--awb-width-large:33.333333333333%;--awb-margin-top-large:20px;--awb-spacing-right-large:5.76%;--awb-margin-bottom-large:20px;--awb-spacing-left-large:5.76%;--awb-width-medium:100%;--awb-order-medium:0;--awb-spacing-right-medium:1.92%;--awb-spacing-left-medium:1.92%;--awb-width-small:100%;--awb-order-small:0;--awb-spacing-right-small:1.92%;--awb-spacing-left-small:1.92%;\"><div class=\"fusion-column-wrapper fusion-column-has-shadow fusion-flex-justify-content-flex-start fusion-content-layout-column\"><div class=\"fusion-image-element \" style=\"text-align:center;--awb-caption-title-size:var(--h2_typography-font-size);--awb-caption-title-transform:var(--h2_typography-text-transform);--awb-caption-title-line-height:var(--h2_typography-line-height);--awb-caption-title-letter-spacing:var(--h2_typography-letter-spacing);\"><span class=\" fusion-imageframe imageframe-none imageframe-4 hover-type-none\"><img decoding=\"async\" width=\"1200\" height=\"1200\" alt=\"polvo voluminizador dusty para lograr un corte wolf\" title=\"polvo voluminizador dusty para lograr un corte wolf\" src=\"https:\/\/termix.net\/blog\/wp-content\/uploads\/2021\/07\/polvo-voluminizador-dusty-para-lograr-un-corte-wolf.jpeg\" class=\"img-responsive wp-image-30640\" srcset=\"https:\/\/termix.net\/blog\/wp-content\/uploads\/2021\/07\/polvo-voluminizador-dusty-para-lograr-un-corte-wolf-200x200.jpeg 200w, https:\/\/termix.net\/blog\/wp-content\/uploads\/2021\/07\/polvo-voluminizador-dusty-para-lograr-un-corte-wolf-400x400.jpeg 400w, https:\/\/termix.net\/blog\/wp-content\/uploads\/2021\/07\/polvo-voluminizador-dusty-para-lograr-un-corte-wolf-600x600.jpeg 600w, https:\/\/termix.net\/blog\/wp-content\/uploads\/2021\/07\/polvo-voluminizador-dusty-para-lograr-un-corte-wolf-800x800.jpeg 800w, https:\/\/termix.net\/blog\/wp-content\/uploads\/2021\/07\/polvo-voluminizador-dusty-para-lograr-un-corte-wolf.jpeg 1200w\" sizes=\"(max-width: 1024px) 100vw, (max-width: 640px) 100vw, 600px\" \/><\/span><\/div><div class=\"fusion-text fusion-text-7\"><p style=\"text-align: center;\"><strong>POLVO VOLUMINIZADOR<\/strong><\/p>\n<\/div><div style=\"text-align:center;\"><a class=\"fusion-button button-flat fusion-button-default-size button-default fusion-button-default button-2 fusion-button-default-span fusion-button-default-type\" target=\"_self\" href=\"https:\/\/termix.net\/es\/styleme\/polvo-voluminizador-styleme-dusty.html\"><span class=\"fusion-button-text\">COMPRAR<\/span><\/a><\/div><\/div><\/div><div class=\"fusion-layout-column fusion_builder_column fusion-builder-column-12 fusion_builder_column_1_1 1_1 fusion-flex-column\" style=\"--awb-bg-size:cover;--awb-width-large:100%;--awb-margin-top-large:20px;--awb-spacing-right-large:1.92%;--awb-margin-bottom-large:20px;--awb-spacing-left-large:1.92%;--awb-width-medium:100%;--awb-order-medium:0;--awb-spacing-right-medium:1.92%;--awb-spacing-left-medium:1.92%;--awb-width-small:100%;--awb-order-small:0;--awb-spacing-right-small:1.92%;--awb-spacing-left-small:1.92%;\"><div class=\"fusion-column-wrapper fusion-column-has-shadow fusion-flex-justify-content-flex-start fusion-content-layout-column\"><div class=\"fusion-separator fusion-full-width-sep\" style=\"align-self: center;margin-left: auto;margin-right: auto;margin-top:5%;width:100%;\"><\/div><div class=\"fusion-image-element \" style=\"text-align:center;--awb-caption-title-size:var(--h2_typography-font-size);--awb-caption-title-transform:var(--h2_typography-text-transform);--awb-caption-title-line-height:var(--h2_typography-line-height);--awb-caption-title-letter-spacing:var(--h2_typography-letter-spacing);\"><span class=\" fusion-imageframe imageframe-none imageframe-5 hover-type-none\"><img decoding=\"async\" width=\"1160\" height=\"150\" title=\"numero3web\" src=\"https:\/\/termix.net\/blog\/wp-content\/uploads\/2019\/11\/numero3web-2.jpg\" alt class=\"img-responsive wp-image-4795\" srcset=\"https:\/\/termix.net\/blog\/wp-content\/uploads\/2019\/11\/numero3web-2-200x26.jpg 200w, https:\/\/termix.net\/blog\/wp-content\/uploads\/2019\/11\/numero3web-2-400x52.jpg 400w, https:\/\/termix.net\/blog\/wp-content\/uploads\/2019\/11\/numero3web-2-600x78.jpg 600w, https:\/\/termix.net\/blog\/wp-content\/uploads\/2019\/11\/numero3web-2-800x103.jpg 800w, https:\/\/termix.net\/blog\/wp-content\/uploads\/2019\/11\/numero3web-2.jpg 1160w\" sizes=\"(max-width: 1024px) 100vw, (max-width: 640px) 100vw, 1160px\" \/><\/span><\/div><\/div><\/div><div class=\"fusion-layout-column fusion_builder_column fusion-builder-column-13 fusion_builder_column_1_2 1_2 fusion-flex-column\" style=\"--awb-bg-size:cover;--awb-width-large:50%;--awb-margin-top-large:20px;--awb-spacing-right-large:3.84%;--awb-margin-bottom-large:20px;--awb-spacing-left-large:3.84%;--awb-width-medium:100%;--awb-order-medium:0;--awb-spacing-right-medium:1.92%;--awb-spacing-left-medium:1.92%;--awb-width-small:100%;--awb-order-small:0;--awb-spacing-right-small:1.92%;--awb-spacing-left-small:1.92%;\"><div class=\"fusion-column-wrapper fusion-column-has-shadow fusion-flex-justify-content-flex-start fusion-content-layout-column\"><div class=\"fusion-separator fusion-full-width-sep\" style=\"align-self: center;margin-left: auto;margin-right: auto;margin-top:5%;width:100%;\"><\/div><div class=\"fusion-title title fusion-title-5 fusion-sep-none fusion-title-center fusion-title-text fusion-title-size-three\"><h3 class=\"title-heading-center fusion-responsive-typography-calculated\" style=\"margin:0;--fontSize:40;line-height:1.4;\"><h3 style=\"text-align: center;\">PARA EL PADRE CON ESTILO \u00daNICO<\/h3><\/h3><\/div><div class=\"fusion-separator fusion-full-width-sep\" style=\"align-self: center;margin-left: auto;margin-right: auto;margin-top:5%;width:100%;\"><\/div><div class=\"fusion-separator fusion-full-width-sep\" style=\"align-self: center;margin-left: auto;margin-right: auto;margin-top:5%;width:100%;\"><\/div><div class=\"fusion-text fusion-text-8\"><p style=\"text-align: center;\">Si es un hombre que le gusta experimentar con su <strong>estilo<\/strong>, la <strong>Cera Efecto Mate Profesional Matty Style.Me<\/strong> es el regalo perfecto. Esta cera proporciona un acabado<strong> mate<\/strong> y permite <strong>moldear el cabello<\/strong> de forma vers\u00e1til, creando<u><a href=\"https:\/\/termix.net\/blog\/es\/looks-para-ser-un-padre-cool-termix\/\"> <strong>peinados<\/strong> <\/a><\/u>\u00fanicos y duraderos. Con esta <strong>cera<\/strong>,\u00a0 podr\u00e1 expresar su personalidad y <strong>estilo<\/strong> de manera creativa.<\/p>\n<\/div><\/div><\/div><div class=\"fusion-layout-column fusion_builder_column fusion-builder-column-14 fusion_builder_column_1_6 1_6 fusion-flex-column\" style=\"--awb-bg-size:cover;--awb-width-large:16.666666666667%;--awb-margin-top-large:20px;--awb-spacing-right-large:11.52%;--awb-margin-bottom-large:20px;--awb-spacing-left-large:11.52%;--awb-width-medium:100%;--awb-order-medium:0;--awb-spacing-right-medium:1.92%;--awb-spacing-left-medium:1.92%;--awb-width-small:100%;--awb-order-small:0;--awb-spacing-right-small:1.92%;--awb-spacing-left-small:1.92%;\"><div class=\"fusion-column-wrapper fusion-column-has-shadow fusion-flex-justify-content-flex-start fusion-content-layout-column\"><\/div><\/div><div class=\"fusion-layout-column fusion_builder_column fusion-builder-column-15 fusion_builder_column_1_3 1_3 fusion-flex-column\" style=\"--awb-bg-size:cover;--awb-width-large:33.333333333333%;--awb-margin-top-large:20px;--awb-spacing-right-large:5.76%;--awb-margin-bottom-large:20px;--awb-spacing-left-large:5.76%;--awb-width-medium:100%;--awb-order-medium:0;--awb-spacing-right-medium:1.92%;--awb-spacing-left-medium:1.92%;--awb-width-small:100%;--awb-order-small:0;--awb-spacing-right-small:1.92%;--awb-spacing-left-small:1.92%;\"><div class=\"fusion-column-wrapper fusion-column-has-shadow fusion-flex-justify-content-flex-start fusion-content-layout-column\"><div class=\"fusion-image-element \" style=\"text-align:center;--awb-caption-title-size:var(--h2_typography-font-size);--awb-caption-title-transform:var(--h2_typography-text-transform);--awb-caption-title-line-height:var(--h2_typography-line-height);--awb-caption-title-letter-spacing:var(--h2_typography-letter-spacing);\"><span class=\" fusion-imageframe imageframe-none imageframe-6 hover-type-none\"><img decoding=\"async\" width=\"1200\" height=\"1200\" alt=\"Cera mate Matty de Style.me Termix\" title=\"cera style me mate matty termix\" src=\"https:\/\/termix.net\/blog\/wp-content\/uploads\/2021\/12\/1_baja.jpg\" class=\"img-responsive wp-image-32614\" srcset=\"https:\/\/termix.net\/blog\/wp-content\/uploads\/2021\/12\/1_baja-200x200.jpg 200w, https:\/\/termix.net\/blog\/wp-content\/uploads\/2021\/12\/1_baja-400x400.jpg 400w, https:\/\/termix.net\/blog\/wp-content\/uploads\/2021\/12\/1_baja-600x600.jpg 600w, https:\/\/termix.net\/blog\/wp-content\/uploads\/2021\/12\/1_baja-800x800.jpg 800w, https:\/\/termix.net\/blog\/wp-content\/uploads\/2021\/12\/1_baja.jpg 1200w\" sizes=\"(max-width: 1024px) 100vw, (max-width: 640px) 100vw, 600px\" \/><\/span><\/div><div class=\"fusion-text fusion-text-9\"><p style=\"text-align: center;\"><strong>CERA EFECTO MATE MATTY<\/strong><\/p>\n<\/div><div style=\"text-align:center;\"><a class=\"fusion-button button-flat fusion-button-default-size button-default fusion-button-default button-3 fusion-button-default-span fusion-button-default-type\" target=\"_self\" href=\"https:\/\/termix.net\/es\/styleme\/cera-pelo-styleme-efecto-mate.html\"><span class=\"fusion-button-text\">COMPRAR<\/span><\/a><\/div><\/div><\/div><div class=\"fusion-layout-column fusion_builder_column fusion-builder-column-16 fusion_builder_column_1_1 1_1 fusion-flex-column\" style=\"--awb-bg-size:cover;--awb-width-large:100%;--awb-margin-top-large:20px;--awb-spacing-right-large:1.92%;--awb-margin-bottom-large:20px;--awb-spacing-left-large:1.92%;--awb-width-medium:100%;--awb-order-medium:0;--awb-spacing-right-medium:1.92%;--awb-spacing-left-medium:1.92%;--awb-width-small:100%;--awb-order-small:0;--awb-spacing-right-small:1.92%;--awb-spacing-left-small:1.92%;\"><div class=\"fusion-column-wrapper fusion-column-has-shadow fusion-flex-justify-content-flex-start fusion-content-layout-column\"><div class=\"fusion-separator fusion-full-width-sep\" style=\"align-self: center;margin-left: auto;margin-right: auto;margin-top:5%;width:100%;\"><\/div><div class=\"fusion-image-element \" style=\"--awb-caption-title-size:var(--h2_typography-font-size);--awb-caption-title-transform:var(--h2_typography-text-transform);--awb-caption-title-line-height:var(--h2_typography-line-height);--awb-caption-title-letter-spacing:var(--h2_typography-letter-spacing);\"><span class=\" fusion-imageframe imageframe-none imageframe-7 hover-type-none\"><img decoding=\"async\" width=\"1000\" height=\"700\" alt=\"dia del padre\" title=\"dia del padre\" src=\"https:\/\/termix.net\/blog\/wp-content\/uploads\/2022\/03\/Termix-horizontal-59-2.png\" class=\"img-responsive wp-image-39417\" srcset=\"https:\/\/termix.net\/blog\/wp-content\/uploads\/2022\/03\/Termix-horizontal-59-2-200x140.png 200w, https:\/\/termix.net\/blog\/wp-content\/uploads\/2022\/03\/Termix-horizontal-59-2-400x280.png 400w, https:\/\/termix.net\/blog\/wp-content\/uploads\/2022\/03\/Termix-horizontal-59-2-600x420.png 600w, https:\/\/termix.net\/blog\/wp-content\/uploads\/2022\/03\/Termix-horizontal-59-2-800x560.png 800w, https:\/\/termix.net\/blog\/wp-content\/uploads\/2022\/03\/Termix-horizontal-59-2.png 1000w\" sizes=\"(max-width: 1024px) 100vw, (max-width: 640px) 100vw, 1000px\" \/><\/span><\/div><div class=\"fusion-separator fusion-full-width-sep\" style=\"align-self: center;margin-left: auto;margin-right: auto;margin-top:5%;width:100%;\"><\/div><div class=\"fusion-text fusion-text-10\"><p style=\"text-align: center;\"><strong><em>\u00a0Sorprende a tu padre con productos de calidad que le permitan cuidar su apariencia y expresar su personalidad. <\/em><\/strong><\/p>\n<p style=\"text-align: center;\"><strong><em>\u00a1Haz que este d\u00eda sea inolvidable para \u00e9l!<\/em><\/strong><\/p>\n<p style=\"text-align: center;\"><strong><em>Recuerda que Termix es una marca reconocida por su calidad y compromiso con el cuidado del cabello y la barba. Si deseas obtener m\u00e1s informaci\u00f3n sobre los productos s\u00edguenos en <u><a href=\"https:\/\/www.instagram.com\/termixoficial\/\">Termix Oficial<\/a><\/u> para estar al d\u00eda con todo<\/em><\/strong><\/p>\n<\/div><\/div><\/div><\/div><\/div><\/p>\n","protected":false},"excerpt":{"rendered":"","protected":false},"author":6,"featured_media":39409,"comment_status":"open","ping_status":"open","sticky":false,"template":"","format":"standard","meta":[],"categories":[3],"tags":[323,1373,1372,112],"yoast_head":"<!-- This site is optimized with the Yoast SEO plugin v20.0 - https:\/\/yoast.com\/wordpress\/plugins\/seo\/ -->\n<title>Sorprende a tu padre en este d\u00eda tan especial-TERMIX<\/title>\n<meta name=\"description\" content=\"Llega el d\u00eda del padre y en Termix tenemos los mejor obsequios para ellos, sea cual sea el estilo o look que llevan, hay opciones para todos\" \/>\n<meta name=\"robots\" content=\"index, follow, max-snippet:-1, max-image-preview:large, max-video-preview:-1\" \/>\n<link rel=\"canonical\" href=\"https:\/\/termix.net\/blog\/es\/celebra-el-dia-del-padre-con-el-regalo-ideal\/\" \/>\n<meta property=\"og:locale\" content=\"es_ES\" \/>\n<meta property=\"og:type\" content=\"article\" \/>\n<meta property=\"og:title\" content=\"Sorprende a tu padre en este d\u00eda tan especial-TERMIX\" \/>\n<meta property=\"og:description\" content=\"Llega el d\u00eda del padre y en Termix tenemos los mejor obsequios para ellos, sea cual sea el estilo o look que llevan, hay opciones para todos\" \/>\n<meta property=\"og:url\" content=\"https:\/\/termix.net\/blog\/es\/celebra-el-dia-del-padre-con-el-regalo-ideal\/\" \/>\n<meta property=\"og:site_name\" content=\"Blog Termix Spain\" \/>\n<meta property=\"article:published_time\" content=\"2024-03-17T14:23:07+00:00\" \/>\n<meta property=\"article:modified_time\" content=\"2025-03-18T14:00:42+00:00\" \/>\n<meta property=\"og:image\" content=\"https:\/\/termix.net\/blog\/wp-content\/uploads\/2022\/03\/Termix-horizontal-58.png\" \/>\n\t<meta property=\"og:image:width\" content=\"1000\" \/>\n\t<meta property=\"og:image:height\" content=\"700\" \/>\n\t<meta property=\"og:image:type\" content=\"image\/png\" \/>\n<meta name=\"author\" content=\"Termix Alicia\" \/>\n<meta name=\"twitter:card\" content=\"summary_large_image\" \/>\n<meta name=\"twitter:label1\" content=\"Escrito por\" \/>\n\t<meta name=\"twitter:data1\" content=\"Termix Alicia\" \/>\n\t<meta name=\"twitter:label2\" content=\"Tiempo de lectura\" \/>\n\t<meta name=\"twitter:data2\" content=\"20 minutos\" \/>\n<script type=\"application\/ld+json\" class=\"yoast-schema-graph\">{\"@context\":\"https:\/\/schema.org\",\"@graph\":[{\"@type\":\"Article\",\"@id\":\"https:\/\/termix.net\/blog\/es\/celebra-el-dia-del-padre-con-el-regalo-ideal\/#article\",\"isPartOf\":{\"@id\":\"https:\/\/termix.net\/blog\/es\/celebra-el-dia-del-padre-con-el-regalo-ideal\/\"},\"author\":{\"name\":\"Termix Alicia\",\"@id\":\"https:\/\/termix.net\/blog\/es\/#\/schema\/person\/b625ac27410466979aee03d7fbecce0f\"},\"headline\":\"Celebra el D\u00eda del Padre con Termix: Regalos que realzaran su estilo\",\"datePublished\":\"2024-03-17T14:23:07+00:00\",\"dateModified\":\"2025-03-18T14:00:42+00:00\",\"mainEntityOfPage\":{\"@id\":\"https:\/\/termix.net\/blog\/es\/celebra-el-dia-del-padre-con-el-regalo-ideal\/\"},\"wordCount\":10781,\"commentCount\":0,\"publisher\":{\"@id\":\"https:\/\/termix.net\/blog\/es\/#organization\"},\"keywords\":[\"D\u00eda del Padre\",\"obsequios\",\"padre\",\"regalos\"],\"articleSection\":[\"CONSEJOS\"],\"inLanguage\":\"es\",\"potentialAction\":[{\"@type\":\"CommentAction\",\"name\":\"Comment\",\"target\":[\"https:\/\/termix.net\/blog\/es\/celebra-el-dia-del-padre-con-el-regalo-ideal\/#respond\"]}]},{\"@type\":\"WebPage\",\"@id\":\"https:\/\/termix.net\/blog\/es\/celebra-el-dia-del-padre-con-el-regalo-ideal\/\",\"url\":\"https:\/\/termix.net\/blog\/es\/celebra-el-dia-del-padre-con-el-regalo-ideal\/\",\"name\":\"Sorprende a tu padre en este d\u00eda tan especial-TERMIX\",\"isPartOf\":{\"@id\":\"https:\/\/termix.net\/blog\/es\/#website\"},\"datePublished\":\"2024-03-17T14:23:07+00:00\",\"dateModified\":\"2025-03-18T14:00:42+00:00\",\"description\":\"Llega el d\u00eda del padre y en Termix tenemos los mejor obsequios para ellos, sea cual sea el estilo o look que llevan, hay opciones para todos\",\"breadcrumb\":{\"@id\":\"https:\/\/termix.net\/blog\/es\/celebra-el-dia-del-padre-con-el-regalo-ideal\/#breadcrumb\"},\"inLanguage\":\"es\",\"potentialAction\":[{\"@type\":\"ReadAction\",\"target\":[\"https:\/\/termix.net\/blog\/es\/celebra-el-dia-del-padre-con-el-regalo-ideal\/\"]}]},{\"@type\":\"BreadcrumbList\",\"@id\":\"https:\/\/termix.net\/blog\/es\/celebra-el-dia-del-padre-con-el-regalo-ideal\/#breadcrumb\",\"itemListElement\":[{\"@type\":\"ListItem\",\"position\":1,\"name\":\"Home\",\"item\":\"https:\/\/termix.net\/blog\/es\/\"},{\"@type\":\"ListItem\",\"position\":2,\"name\":\"Celebra el D\u00eda del Padre con Termix: Regalos que realzaran su estilo\"}]},{\"@type\":\"WebSite\",\"@id\":\"https:\/\/termix.net\/blog\/es\/#website\",\"url\":\"https:\/\/termix.net\/blog\/es\/\",\"name\":\"Blog Termix Spain\",\"description\":\"Blog de tendencias y productos de peluquer\u00eda profesional.\",\"publisher\":{\"@id\":\"https:\/\/termix.net\/blog\/es\/#organization\"},\"potentialAction\":[{\"@type\":\"SearchAction\",\"target\":{\"@type\":\"EntryPoint\",\"urlTemplate\":\"https:\/\/termix.net\/blog\/es\/?s={search_term_string}\"},\"query-input\":\"required name=search_term_string\"}],\"inLanguage\":\"es\"},{\"@type\":\"Organization\",\"@id\":\"https:\/\/termix.net\/blog\/es\/#organization\",\"name\":\"Dols Industrial de Peluquer\u00eda SA\",\"url\":\"https:\/\/termix.net\/blog\/es\/\",\"logo\":{\"@type\":\"ImageObject\",\"inLanguage\":\"es\",\"@id\":\"https:\/\/termix.net\/blog\/es\/#\/schema\/logo\/image\/\",\"url\":\"https:\/\/termix.net\/blog\/wp-content\/uploads\/2020\/10\/OGbDAeng.jpeg\",\"contentUrl\":\"https:\/\/termix.net\/blog\/wp-content\/uploads\/2020\/10\/OGbDAeng.jpeg\",\"width\":800,\"height\":800,\"caption\":\"Dols Industrial de Peluquer\u00eda SA\"},\"image\":{\"@id\":\"https:\/\/termix.net\/blog\/es\/#\/schema\/logo\/image\/\"}},{\"@type\":\"Person\",\"@id\":\"https:\/\/termix.net\/blog\/es\/#\/schema\/person\/b625ac27410466979aee03d7fbecce0f\",\"name\":\"Termix Alicia\",\"image\":{\"@type\":\"ImageObject\",\"inLanguage\":\"es\",\"@id\":\"https:\/\/termix.net\/blog\/es\/#\/schema\/person\/image\/\",\"url\":\"https:\/\/secure.gravatar.com\/avatar\/6a3b6df66866f7cd6d4c84e7e83a3322?s=96&d=mm&r=g\",\"contentUrl\":\"https:\/\/secure.gravatar.com\/avatar\/6a3b6df66866f7cd6d4c84e7e83a3322?s=96&d=mm&r=g\",\"caption\":\"Termix Alicia\"},\"url\":\"https:\/\/termix.net\/blog\/es\/author\/aliciamotherstudio-net\/\"}]}<\/script>\n<!-- \/ Yoast SEO plugin. -->","yoast_head_json":{"title":"Sorprende a tu padre en este d\u00eda tan especial-TERMIX","description":"Llega el d\u00eda del padre y en Termix tenemos los mejor obsequios para ellos, sea cual sea el estilo o look que llevan, hay opciones para todos","robots":{"index":"index","follow":"follow","max-snippet":"max-snippet:-1","max-image-preview":"max-image-preview:large","max-video-preview":"max-video-preview:-1"},"canonical":"https:\/\/termix.net\/blog\/es\/celebra-el-dia-del-padre-con-el-regalo-ideal\/","og_locale":"es_ES","og_type":"article","og_title":"Sorprende a tu padre en este d\u00eda tan especial-TERMIX","og_description":"Llega el d\u00eda del padre y en Termix tenemos los mejor obsequios para ellos, sea cual sea el estilo o look que llevan, hay opciones para todos","og_url":"https:\/\/termix.net\/blog\/es\/celebra-el-dia-del-padre-con-el-regalo-ideal\/","og_site_name":"Blog Termix Spain","article_published_time":"2024-03-17T14:23:07+00:00","article_modified_time":"2025-03-18T14:00:42+00:00","og_image":[{"width":1000,"height":700,"url":"https:\/\/termix.net\/blog\/wp-content\/uploads\/2022\/03\/Termix-horizontal-58.png","type":"image\/png"}],"author":"Termix Alicia","twitter_card":"summary_large_image","twitter_misc":{"Escrito por":"Termix Alicia","Tiempo de lectura":"20 minutos"},"schema":{"@context":"https:\/\/schema.org","@graph":[{"@type":"Article","@id":"https:\/\/termix.net\/blog\/es\/celebra-el-dia-del-padre-con-el-regalo-ideal\/#article","isPartOf":{"@id":"https:\/\/termix.net\/blog\/es\/celebra-el-dia-del-padre-con-el-regalo-ideal\/"},"author":{"name":"Termix Alicia","@id":"https:\/\/termix.net\/blog\/es\/#\/schema\/person\/b625ac27410466979aee03d7fbecce0f"},"headline":"Celebra el D\u00eda del Padre con Termix: Regalos que realzaran su estilo","datePublished":"2024-03-17T14:23:07+00:00","dateModified":"2025-03-18T14:00:42+00:00","mainEntityOfPage":{"@id":"https:\/\/termix.net\/blog\/es\/celebra-el-dia-del-padre-con-el-regalo-ideal\/"},"wordCount":10781,"commentCount":0,"publisher":{"@id":"https:\/\/termix.net\/blog\/es\/#organization"},"keywords":["D\u00eda del Padre","obsequios","padre","regalos"],"articleSection":["CONSEJOS"],"inLanguage":"es","potentialAction":[{"@type":"CommentAction","name":"Comment","target":["https:\/\/termix.net\/blog\/es\/celebra-el-dia-del-padre-con-el-regalo-ideal\/#respond"]}]},{"@type":"WebPage","@id":"https:\/\/termix.net\/blog\/es\/celebra-el-dia-del-padre-con-el-regalo-ideal\/","url":"https:\/\/termix.net\/blog\/es\/celebra-el-dia-del-padre-con-el-regalo-ideal\/","name":"Sorprende a tu padre en este d\u00eda tan especial-TERMIX","isPartOf":{"@id":"https:\/\/termix.net\/blog\/es\/#website"},"datePublished":"2024-03-17T14:23:07+00:00","dateModified":"2025-03-18T14:00:42+00:00","description":"Llega el d\u00eda del padre y en Termix tenemos los mejor obsequios para ellos, sea cual sea el estilo o look que llevan, hay opciones para todos","breadcrumb":{"@id":"https:\/\/termix.net\/blog\/es\/celebra-el-dia-del-padre-con-el-regalo-ideal\/#breadcrumb"},"inLanguage":"es","potentialAction":[{"@type":"ReadAction","target":["https:\/\/termix.net\/blog\/es\/celebra-el-dia-del-padre-con-el-regalo-ideal\/"]}]},{"@type":"BreadcrumbList","@id":"https:\/\/termix.net\/blog\/es\/celebra-el-dia-del-padre-con-el-regalo-ideal\/#breadcrumb","itemListElement":[{"@type":"ListItem","position":1,"name":"Home","item":"https:\/\/termix.net\/blog\/es\/"},{"@type":"ListItem","position":2,"name":"Celebra el D\u00eda del Padre con Termix: Regalos que realzaran su estilo"}]},{"@type":"WebSite","@id":"https:\/\/termix.net\/blog\/es\/#website","url":"https:\/\/termix.net\/blog\/es\/","name":"Blog Termix Spain","description":"Blog de tendencias y productos de peluquer\u00eda profesional.","publisher":{"@id":"https:\/\/termix.net\/blog\/es\/#organization"},"potentialAction":[{"@type":"SearchAction","target":{"@type":"EntryPoint","urlTemplate":"https:\/\/termix.net\/blog\/es\/?s={search_term_string}"},"query-input":"required name=search_term_string"}],"inLanguage":"es"},{"@type":"Organization","@id":"https:\/\/termix.net\/blog\/es\/#organization","name":"Dols Industrial de Peluquer\u00eda SA","url":"https:\/\/termix.net\/blog\/es\/","logo":{"@type":"ImageObject","inLanguage":"es","@id":"https:\/\/termix.net\/blog\/es\/#\/schema\/logo\/image\/","url":"https:\/\/termix.net\/blog\/wp-content\/uploads\/2020\/10\/OGbDAeng.jpeg","contentUrl":"https:\/\/termix.net\/blog\/wp-content\/uploads\/2020\/10\/OGbDAeng.jpeg","width":800,"height":800,"caption":"Dols Industrial de Peluquer\u00eda SA"},"image":{"@id":"https:\/\/termix.net\/blog\/es\/#\/schema\/logo\/image\/"}},{"@type":"Person","@id":"https:\/\/termix.net\/blog\/es\/#\/schema\/person\/b625ac27410466979aee03d7fbecce0f","name":"Termix Alicia","image":{"@type":"ImageObject","inLanguage":"es","@id":"https:\/\/termix.net\/blog\/es\/#\/schema\/person\/image\/","url":"https:\/\/secure.gravatar.com\/avatar\/6a3b6df66866f7cd6d4c84e7e83a3322?s=96&d=mm&r=g","contentUrl":"https:\/\/secure.gravatar.com\/avatar\/6a3b6df66866f7cd6d4c84e7e83a3322?s=96&d=mm&r=g","caption":"Termix Alicia"},"url":"https:\/\/termix.net\/blog\/es\/author\/aliciamotherstudio-net\/"}]}},"_links":{"self":[{"href":"https:\/\/termix.net\/blog\/es\/wp-json\/wp\/v2\/posts\/39419"}],"collection":[{"href":"https:\/\/termix.net\/blog\/es\/wp-json\/wp\/v2\/posts"}],"about":[{"href":"https:\/\/termix.net\/blog\/es\/wp-json\/wp\/v2\/types\/post"}],"author":[{"embeddable":true,"href":"https:\/\/termix.net\/blog\/es\/wp-json\/wp\/v2\/users\/6"}],"replies":[{"embeddable":true,"href":"https:\/\/termix.net\/blog\/es\/wp-json\/wp\/v2\/comments?post=39419"}],"version-history":[{"count":6,"href":"https:\/\/termix.net\/blog\/es\/wp-json\/wp\/v2\/posts\/39419\/revisions"}],"predecessor-version":[{"id":39425,"href":"https:\/\/termix.net\/blog\/es\/wp-json\/wp\/v2\/posts\/39419\/revisions\/39425"}],"wp:featuredmedia":[{"embeddable":true,"href":"https:\/\/termix.net\/blog\/es\/wp-json\/wp\/v2\/media\/39409"}],"wp:attachment":[{"href":"https:\/\/termix.net\/blog\/es\/wp-json\/wp\/v2\/media?parent=39419"}],"wp:term":[{"taxonomy":"category","embeddable":true,"href":"https:\/\/termix.net\/blog\/es\/wp-json\/wp\/v2\/categories?post=39419"},{"taxonomy":"post_tag","embeddable":true,"href":"https:\/\/termix.net\/blog\/es\/wp-json\/wp\/v2\/tags?post=39419"}],"curies":[{"name":"wp","href":"https:\/\/api.w.org\/{rel}","templated":true}]}}