{"id":39257,"date":"2024-02-19T14:51:23","date_gmt":"2024-02-19T13:51:23","guid":{"rendered":"https:\/\/termix.net\/blog\/?p=39257"},"modified":"2024-02-29T12:19:23","modified_gmt":"2024-02-29T11:19:23","slug":"el-estilista-jose-carlos-lora-se-une-a-termix-como-embajador","status":"publish","type":"post","link":"https:\/\/termix.net\/blog\/es\/el-estilista-jose-carlos-lora-se-une-a-termix-como-embajador\/","title":{"rendered":"El estilista Jose Carlos Lora se une a Termix como Embajador"},"content":{"rendered":"<p><div class=\"fusion-fullwidth fullwidth-box fusion-builder-row-1 has-pattern-background has-mask-background faded-background fusion-parallax-none nonhundred-percent-fullwidth non-hundred-percent-height-scrolling fusion-no-small-visibility fusion-no-medium-visibility\" style=\"--awb-border-radius-top-left:0px;--awb-border-radius-top-right:0px;--awb-border-radius-bottom-right:0px;--awb-border-radius-bottom-left:0px;--awb-padding-top:24%;--awb-padding-right:3%;--awb-padding-left:3%;--awb-background-size:cover;\" ><div class=\"fullwidth-faded\" style=\"--awb-background-color:#181818;--awb-background-image:url(https:\/\/termix.net\/blog\/wp-content\/uploads\/2024\/02\/Termix-horizontal-43.png);--awb-background-size:cover;\" ><\/div><div class=\"fusion-builder-row fusion-row\"><div class=\"fusion-layout-column fusion_builder_column fusion-builder-column-0 fusion_builder_column_1_1 1_1 fusion-one-full fusion-column-first fusion-column-last\" style=\"--awb-padding-top:6%;--awb-padding-right:8%;--awb-padding-bottom:6%;--awb-padding-left:8%;--awb-bg-color:rgba(255,255,255,0.7);--awb-bg-size:cover;--awb-margin-top:0px;--awb-margin-bottom:0px;\"><div class=\"fusion-column-wrapper fusion-column-has-shadow fusion-flex-column-wrapper-legacy\"><div class=\"fusion-text fusion-text-1 caption\"><p style=\"text-align: center;\">Noticias \u2014 3 min de lectura<\/p>\n<\/div><div class=\"fusion-title title fusion-title-1 fusion-sep-none fusion-title-center fusion-title-text fusion-title-size-one\" style=\"--awb-margin-top:30px;--awb-margin-bottom:20px;\"><h1 class=\"title-heading-center fusion-responsive-typography-calculated\" style=\"margin:0;--fontSize:50;line-height:1;\"><p style=\"font-weight: 400; text-align: center;\"><strong>EL ESTILISTA JOS\u00c9 CARLOS LORA SE UNE A TERMIX COMO EMBAJADOR<\/strong><\/p><\/h1><\/div><div class=\"fusion-clearfix\"><\/div><\/div><\/div><\/div><\/div><div class=\"fusion-fullwidth fullwidth-box fusion-builder-row-2 has-pattern-background has-mask-background fusion-parallax-none nonhundred-percent-fullwidth non-hundred-percent-height-scrolling fusion-no-large-visibility\" style=\"--awb-border-radius-top-left:0px;--awb-border-radius-top-right:0px;--awb-border-radius-bottom-right:0px;--awb-border-radius-bottom-left:0px;--awb-background-image:url(&quot;https:\/\/termix.net\/blog\/wp-content\/uploads\/2024\/02\/Termix-vertical-18.png&quot;);--awb-background-size:cover;\" ><div class=\"fusion-builder-row fusion-row\"><div class=\"fusion-layout-column fusion_builder_column fusion-builder-column-1 fusion_builder_column_1_1 1_1 fusion-one-full fusion-column-first fusion-column-last fusion-column-inner-bg-wrapper\" style=\"--awb-padding-top:10%;--awb-padding-bottom:10%;--awb-inner-bg-image:url(&#039;http:\/\/termix.net\/blog\/wp-content\/uploads\/2019\/03\/single-blog-post-feat.jpg&#039;);--awb-inner-bg-position:center center;--awb-inner-bg-size:cover;\"><span class=\"fusion-column-inner-bg hover-type-zoomout\"><span class=\"fusion-column-anchor\"><span class=\"fusion-column-inner-bg-image\"><\/span><\/span><\/span><div class=\"fusion-column-wrapper fusion-flex-column-wrapper-legacy\" data-bg-url=\"http:\/\/termix.net\/blog\/wp-content\/uploads\/2019\/03\/single-blog-post-feat.jpg\"><div class=\"fusion-sep-clear\"><\/div><div class=\"fusion-separator fusion-no-large-visibility fusion-full-width-sep\" style=\"margin-left: auto;margin-right: auto;margin-top:200px;width:100%;\"><\/div><div class=\"fusion-sep-clear\"><\/div><div class=\"fusion-clearfix\"><\/div><\/div><\/div><div class=\"fusion-layout-column fusion_builder_column fusion-builder-column-2 fusion_builder_column_1_1 1_1 fusion-one-full fusion-column-first fusion-column-last\" style=\"--awb-padding-top:6%;--awb-bg-color:#ffffff;--awb-bg-size:cover;--awb-margin-top:0px;--awb-margin-bottom:0px;\"><div class=\"fusion-column-wrapper fusion-flex-column-wrapper-legacy\"><div class=\"fusion-text fusion-text-2 caption\"><p style=\"text-align: center;\">Noticias \u2014 3 min de lectura<\/p>\n<\/div><div class=\"fusion-title title fusion-title-2 fusion-sep-none fusion-title-center fusion-title-text fusion-title-size-one\" style=\"--awb-margin-top:30px;--awb-margin-bottom:20px;\"><h1 class=\"title-heading-center fusion-responsive-typography-calculated\" style=\"margin:0;--fontSize:50;line-height:1;\"><p style=\"font-weight: 400; text-align: center;\"><strong>EL ESTILISTA JOS\u00c9 CARLOS LORA SE UNE A TERMIX COMO EMBAJADOR<\/strong><\/p><\/h1><\/div><div class=\"fusion-clearfix\"><\/div><\/div><\/div><\/div><\/div><div class=\"fusion-fullwidth fullwidth-box fusion-builder-row-3 nonhundred-percent-fullwidth non-hundred-percent-height-scrolling\" style=\"--awb-border-radius-top-left:0px;--awb-border-radius-top-right:0px;--awb-border-radius-bottom-right:0px;--awb-border-radius-bottom-left:0px;--awb-padding-top:10px;--awb-padding-bottom:4%;--awb-margin-bottom:-50px;\" ><div class=\"fusion-builder-row fusion-row\"><div class=\"fusion-layout-column fusion_builder_column fusion-builder-column-3 fusion_builder_column_1_1 1_1 fusion-one-full fusion-column-first fusion-column-last\" style=\"--awb-bg-size:cover;\"><div class=\"fusion-column-wrapper fusion-column-has-shadow fusion-flex-column-wrapper-legacy\"><div class=\"fusion-text fusion-text-3\"><h4 style=\"font-weight: 400; text-align: center;\"><strong>Con\u00a0 una destacada trayectoria de 8 a\u00f1os, este reconocido estilista y maquillador sevillano ha colaborado con prestigiosos firmas como Dior, YSL y Charlotte Tilbury, participando en eventos, editoriales de moda y el embellecimiento de celebridades. <\/strong><\/h4>\n<\/div><div class=\"fusion-clearfix\"><\/div><\/div><\/div><\/div><\/div><div class=\"fusion-fullwidth fullwidth-box fusion-builder-row-4 fusion-flex-container nonhundred-percent-fullwidth non-hundred-percent-height-scrolling\" style=\"--awb-border-radius-top-left:0px;--awb-border-radius-top-right:0px;--awb-border-radius-bottom-right:0px;--awb-border-radius-bottom-left:0px;\" ><div class=\"fusion-builder-row fusion-row fusion-flex-align-items-flex-start\" style=\"max-width:94.64%;margin-left: calc(-4% \/ 2 );margin-right: calc(-4% \/ 2 );\"><div class=\"fusion-layout-column fusion_builder_column fusion-builder-column-4 fusion_builder_column_1_1 1_1 fusion-flex-column\" style=\"--awb-bg-size:cover;--awb-width-large:100%;--awb-margin-top-large:20px;--awb-spacing-right-large:1.92%;--awb-margin-bottom-large:20px;--awb-spacing-left-large:1.92%;--awb-width-medium:100%;--awb-order-medium:0;--awb-spacing-right-medium:1.92%;--awb-spacing-left-medium:1.92%;--awb-width-small:100%;--awb-order-small:0;--awb-spacing-right-small:1.92%;--awb-spacing-left-small:1.92%;\"><div class=\"fusion-column-wrapper fusion-column-has-shadow fusion-flex-justify-content-flex-start fusion-content-layout-column\"><div class=\"fusion-image-element \" style=\"text-align:center;--awb-caption-title-size:var(--h2_typography-font-size);--awb-caption-title-transform:var(--h2_typography-text-transform);--awb-caption-title-line-height:var(--h2_typography-line-height);--awb-caption-title-letter-spacing:var(--h2_typography-letter-spacing);\"><span class=\" fusion-imageframe imageframe-none imageframe-1 hover-type-none\"><img decoding=\"async\" width=\"1000\" height=\"700\" alt=\"Jose Carlor Lora\" title=\"Jose Carlor Lora\" src=\"https:\/\/termix.net\/blog\/wp-content\/uploads\/2024\/02\/Termix-horizontal-42.png\" class=\"img-responsive wp-image-39265\" srcset=\"https:\/\/termix.net\/blog\/wp-content\/uploads\/2024\/02\/Termix-horizontal-42-200x140.png 200w, https:\/\/termix.net\/blog\/wp-content\/uploads\/2024\/02\/Termix-horizontal-42-400x280.png 400w, https:\/\/termix.net\/blog\/wp-content\/uploads\/2024\/02\/Termix-horizontal-42-600x420.png 600w, https:\/\/termix.net\/blog\/wp-content\/uploads\/2024\/02\/Termix-horizontal-42-800x560.png 800w, https:\/\/termix.net\/blog\/wp-content\/uploads\/2024\/02\/Termix-horizontal-42.png 1000w\" sizes=\"(max-width: 1024px) 100vw, (max-width: 640px) 100vw, 1000px\" \/><\/span><\/div><\/div><\/div><div class=\"fusion-layout-column fusion_builder_column fusion-builder-column-5 fusion_builder_column_1_1 1_1 fusion-flex-column\" style=\"--awb-bg-size:cover;--awb-width-large:100%;--awb-margin-top-large:20px;--awb-spacing-right-large:1.92%;--awb-margin-bottom-large:20px;--awb-spacing-left-large:1.92%;--awb-width-medium:100%;--awb-order-medium:0;--awb-spacing-right-medium:1.92%;--awb-spacing-left-medium:1.92%;--awb-width-small:100%;--awb-order-small:0;--awb-spacing-right-small:1.92%;--awb-spacing-left-small:1.92%;\"><div class=\"fusion-column-wrapper fusion-column-has-shadow fusion-flex-justify-content-flex-start fusion-content-layout-column\"><div class=\"fusion-separator fusion-full-width-sep\" style=\"align-self: center;margin-left: auto;margin-right: auto;margin-top:3%;width:100%;\"><\/div><div class=\"fusion-title title fusion-title-3 fusion-sep-none fusion-title-center fusion-title-text fusion-title-size-three\"><h3 class=\"title-heading-center fusion-responsive-typography-calculated\" style=\"margin:0;--fontSize:40;line-height:1.4;\"><h3 style=\"font-weight: 400; text-align: center;\"><strong>CONOCE A JOSE CARLOS LORA<\/strong><\/h3><\/h3><\/div><div class=\"fusion-separator fusion-full-width-sep\" style=\"align-self: center;margin-left: auto;margin-right: auto;margin-top:3%;width:100%;\"><\/div><div class=\"fusion-text fusion-text-4\"><p style=\"font-weight: 400; text-align: center;\">\u00a0Entre sus experiencias notables, figura\u00a0 su trabajo junto al maquillador de <em><strong>Beyonc\u00e9<\/strong> <\/em>en Venecia, donde contribuy\u00f3 al impecable estilo de la famosa cantante Estadounidense Normani. Su estilo personal se distingue por la fusi\u00f3n de <strong>naturalidad y audacia<\/strong>, siguiendo la est\u00e9tica propia de las<strong><em> Kardashian<\/em><\/strong>. Con habilidad en diversas t\u00e9cnicas, disfruta de la oportunidad de crear <strong><em>looks<\/em><\/strong> integrales para sus clientes, permiti\u00e9ndole desplegar todo su potencial art\u00edstico. En cuanto al <strong>cabello<\/strong>, destaca por su predilecci\u00f3n hacia trabajos pulcros con <strong>texturas variadas<\/strong>, adapt\u00e1ndose al estilo \u00fanico de cada clienta. Desde <em><strong>looks<\/strong><\/em> elegantes hasta propuestas <strong>modernas y minimalistas<\/strong>, demuestra ser un profesional vers\u00e1til capaz de abordar una amplia gama de estilos con maestr\u00eda.<\/p>\n<\/div><div class=\"fusion-separator fusion-full-width-sep\" style=\"align-self: center;margin-left: auto;margin-right: auto;margin-top:3%;width:100%;\"><\/div><div class=\"fusion-separator fusion-full-width-sep\" style=\"align-self: center;margin-left: auto;margin-right: auto;margin-top:3%;width:100%;\"><\/div><\/div><\/div><div class=\"fusion-layout-column fusion_builder_column fusion-builder-column-6 fusion_builder_column_1_1 1_1 fusion-flex-column\" style=\"--awb-bg-size:cover;--awb-width-large:100%;--awb-margin-top-large:20px;--awb-spacing-right-large:1.92%;--awb-margin-bottom-large:20px;--awb-spacing-left-large:1.92%;--awb-width-medium:100%;--awb-order-medium:0;--awb-spacing-right-medium:1.92%;--awb-spacing-left-medium:1.92%;--awb-width-small:100%;--awb-order-small:0;--awb-spacing-right-small:1.92%;--awb-spacing-left-small:1.92%;\"><div class=\"fusion-column-wrapper fusion-column-has-shadow fusion-flex-justify-content-flex-start fusion-content-layout-column\"><center><blockquote class=\"instagram-media\" data-instgrm-permalink=\"https:\/\/www.instagram.com\/reel\/C3VfFHVow7i\/?utm_source=ig_embed&utm_campaign=loading\" data-instgrm-version=\"14\" style=\" background:#FFF; border:0; border-radius:3px; box-shadow:0 0 1px 0 rgba(0,0,0,0.5),0 1px 10px 0 rgba(0,0,0,0.15); margin: 1px; max-width:540px; min-width:326px; padding:0; width:99.375%; width:-webkit-calc(100% - 2px); width:calc(100% - 2px);\"><div style=\"padding:16px;\"> <a href=\"https:\/\/www.instagram.com\/reel\/C3VfFHVow7i\/?utm_source=ig_embed&utm_campaign=loading\" style=\" background:#FFFFFF; line-height:0; padding:0 0; text-align:center; text-decoration:none; width:100%;\" target=\"_blank\"> <div style=\" display: flex; flex-direction: row; align-items: center;\"> <div style=\"background-color: #F4F4F4; border-radius: 50%; flex-grow: 0; height: 40px; margin-right: 14px; width: 40px;\"><\/div> <div style=\"display: flex; flex-direction: column; flex-grow: 1; justify-content: center;\"> <div style=\" background-color: #F4F4F4; border-radius: 4px; flex-grow: 0; height: 14px; margin-bottom: 6px; width: 100px;\"><\/div> <div style=\" background-color: #F4F4F4; border-radius: 4px; flex-grow: 0; height: 14px; width: 60px;\"><\/div><\/div><\/div><div style=\"padding: 19% 0;\"><\/div> <div style=\"display:block; height:50px; margin:0 auto 12px; width:50px;\"><svg width=\"50px\" height=\"50px\" viewBox=\"0 0 60 60\" version=\"1.1\" xmlns=\"https:\/\/www.w3.org\/2000\/svg\" xmlns:xlink=\"https:\/\/www.w3.org\/1999\/xlink\"><g stroke=\"none\" stroke-width=\"1\" fill=\"none\" fill-rule=\"evenodd\"><g transform=\"translate(-511.000000, -20.000000)\" fill=\"#000000\"><g><path d=\"M556.869,30.41 C554.814,30.41 553.148,32.076 553.148,34.131 C553.148,36.186 554.814,37.852 556.869,37.852 C558.924,37.852 560.59,36.186 560.59,34.131 C560.59,32.076 558.924,30.41 556.869,30.41 M541,60.657 C535.114,60.657 530.342,55.887 530.342,50 C530.342,44.114 535.114,39.342 541,39.342 C546.887,39.342 551.658,44.114 551.658,50 C551.658,55.887 546.887,60.657 541,60.657 M541,33.886 C532.1,33.886 524.886,41.1 524.886,50 C524.886,58.899 532.1,66.113 541,66.113 C549.9,66.113 557.115,58.899 557.115,50 C557.115,41.1 549.9,33.886 541,33.886 M565.378,62.101 C565.244,65.022 564.756,66.606 564.346,67.663 C563.803,69.06 563.154,70.057 562.106,71.106 C561.058,72.155 560.06,72.803 558.662,73.347 C557.607,73.757 556.021,74.244 553.102,74.378 C549.944,74.521 548.997,74.552 541,74.552 C533.003,74.552 532.056,74.521 528.898,74.378 C525.979,74.244 524.393,73.757 523.338,73.347 C521.94,72.803 520.942,72.155 519.894,71.106 C518.846,70.057 518.197,69.06 517.654,67.663 C517.244,66.606 516.755,65.022 516.623,62.101 C516.479,58.943 516.448,57.996 516.448,50 C516.448,42.003 516.479,41.056 516.623,37.899 C516.755,34.978 517.244,33.391 517.654,32.338 C518.197,30.938 518.846,29.942 519.894,28.894 C520.942,27.846 521.94,27.196 523.338,26.654 C524.393,26.244 525.979,25.756 528.898,25.623 C532.057,25.479 533.004,25.448 541,25.448 C548.997,25.448 549.943,25.479 553.102,25.623 C556.021,25.756 557.607,26.244 558.662,26.654 C560.06,27.196 561.058,27.846 562.106,28.894 C563.154,29.942 563.803,30.938 564.346,32.338 C564.756,33.391 565.244,34.978 565.378,37.899 C565.522,41.056 565.552,42.003 565.552,50 C565.552,57.996 565.522,58.943 565.378,62.101 M570.82,37.631 C570.674,34.438 570.167,32.258 569.425,30.349 C568.659,28.377 567.633,26.702 565.965,25.035 C564.297,23.368 562.623,22.342 560.652,21.575 C558.743,20.834 556.562,20.326 553.369,20.18 C550.169,20.033 549.148,20 541,20 C532.853,20 531.831,20.033 528.631,20.18 C525.438,20.326 523.257,20.834 521.349,21.575 C519.376,22.342 517.703,23.368 516.035,25.035 C514.368,26.702 513.342,28.377 512.574,30.349 C511.834,32.258 511.326,34.438 511.181,37.631 C511.035,40.831 511,41.851 511,50 C511,58.147 511.035,59.17 511.181,62.369 C511.326,65.562 511.834,67.743 512.574,69.651 C513.342,71.625 514.368,73.296 516.035,74.965 C517.703,76.634 519.376,77.658 521.349,78.425 C523.257,79.167 525.438,79.673 528.631,79.82 C531.831,79.965 532.853,80.001 541,80.001 C549.148,80.001 550.169,79.965 553.369,79.82 C556.562,79.673 558.743,79.167 560.652,78.425 C562.623,77.658 564.297,76.634 565.965,74.965 C567.633,73.296 568.659,71.625 569.425,69.651 C570.167,67.743 570.674,65.562 570.82,62.369 C570.966,59.17 571,58.147 571,50 C571,41.851 570.966,40.831 570.82,37.631\"><\/path><\/g><\/g><\/g><\/svg><\/div><div style=\"padding-top: 8px;\"> <div style=\" color:#3897f0; font-family:Arial,sans-serif; font-size:14px; font-style:normal; font-weight:550; line-height:18px;\">Ver esta publicaci\u00f3n en Instagram<\/div><\/div><div style=\"padding: 12.5% 0;\"><\/div> <div style=\"display: flex; flex-direction: row; margin-bottom: 14px; align-items: center;\"><div> <div style=\"background-color: #F4F4F4; border-radius: 50%; height: 12.5px; width: 12.5px; transform: translateX(0px) translateY(7px);\"><\/div> <div style=\"background-color: #F4F4F4; height: 12.5px; transform: rotate(-45deg) translateX(3px) translateY(1px); width: 12.5px; flex-grow: 0; margin-right: 14px; margin-left: 2px;\"><\/div> <div style=\"background-color: #F4F4F4; border-radius: 50%; height: 12.5px; width: 12.5px; transform: translateX(9px) translateY(-18px);\"><\/div><\/div><div style=\"margin-left: 8px;\"> <div style=\" background-color: #F4F4F4; border-radius: 50%; flex-grow: 0; height: 20px; width: 20px;\"><\/div> <div style=\" width: 0; height: 0; border-top: 2px solid transparent; border-left: 6px solid #f4f4f4; border-bottom: 2px solid transparent; transform: translateX(16px) translateY(-4px) rotate(30deg)\"><\/div><\/div><div style=\"margin-left: auto;\"> <div style=\" width: 0px; border-top: 8px solid #F4F4F4; border-right: 8px solid transparent; transform: translateY(16px);\"><\/div> <div style=\" background-color: #F4F4F4; flex-grow: 0; height: 12px; width: 16px; transform: translateY(-4px);\"><\/div> <div style=\" width: 0; height: 0; border-top: 8px solid #F4F4F4; border-left: 8px solid transparent; transform: translateY(-4px) translateX(8px);\"><\/div><\/div><\/div> <div style=\"display: flex; flex-direction: column; flex-grow: 1; justify-content: center; margin-bottom: 24px;\"> <div style=\" background-color: #F4F4F4; border-radius: 4px; flex-grow: 0; height: 14px; margin-bottom: 6px; width: 224px;\"><\/div> <div style=\" background-color: #F4F4F4; border-radius: 4px; flex-grow: 0; height: 14px; width: 144px;\"><\/div><\/div><\/a><p style=\" color:#c9c8cd; font-family:Arial,sans-serif; font-size:14px; line-height:17px; margin-bottom:0; margin-top:8px; overflow:hidden; padding:8px 0 7px; text-align:center; text-overflow:ellipsis; white-space:nowrap;\"><a href=\"https:\/\/www.instagram.com\/reel\/C3VfFHVow7i\/?utm_source=ig_embed&utm_campaign=loading\" style=\" color:#c9c8cd; font-family:Arial,sans-serif; font-size:14px; font-style:normal; font-weight:normal; line-height:17px; text-decoration:none;\" target=\"_blank\">Una publicaci\u00f3n compartida por Termix (@termixoficial)<\/a><\/p><\/div><\/blockquote> <script async src=\"\/\/www.instagram.com\/embed.js\"><\/script><\/center><div class=\"fusion-separator fusion-full-width-sep\" style=\"align-self: center;margin-left: auto;margin-right: auto;margin-top:5%;width:100%;\"><\/div><div class=\"fusion-separator fusion-full-width-sep\" style=\"align-self: center;margin-left: auto;margin-right: auto;margin-top:5%;width:100%;\"><\/div><div class=\"fusion-title title fusion-title-4 fusion-sep-none fusion-title-center fusion-title-text fusion-title-size-three\"><h3 class=\"title-heading-center fusion-responsive-typography-calculated\" style=\"margin:0;--fontSize:40;line-height:1.4;\"><h3 style=\"font-weight: 400; text-align: center;\"><strong>\u00a0TOTAL LOOK 1<\/strong><\/h3><\/h3><\/div><div class=\"fusion-separator fusion-full-width-sep\" style=\"align-self: center;margin-left: auto;margin-right: auto;margin-top:5%;width:100%;\"><\/div><div class=\"fusion-text fusion-text-5\"><div class=\"auto-hide-last-sibling-br paragraph-ae1685 br-paragraph-space\" style=\"text-align: center;\">Para el primer <em><strong>look<\/strong><\/em> nos muestra un <strong>peinado<\/strong> de textura y brillo, que se logra con una combinaci\u00f3n de <strong>trenzas<\/strong>,<strong> calor y productos de <u><a href=\"https:\/\/termix.net\/es\/\">Termix<\/a><\/u><\/strong>. Comienza humedeciendo el<strong> cabello<\/strong> y sec\u00e1ndolo con<strong> secador<\/strong> y<u><a href=\"https:\/\/termix.net\/es\/cepillos-termix-nature.html\"><strong> Cepillo Nature<\/strong> <\/a><\/u>y aplica una peque\u00f1a cantidad de <strong><u><a href=\"https:\/\/termix.net\/es\/styleme\/espumas\/espuma-styleme-hardy.html\">Laca de Volumen de Termix<\/a><\/u> <\/strong>en cada secci\u00f3n para proporcionar <strong>textura y fijaci\u00f3n<\/strong> adicional. A continuaci\u00f3n, realiza dos <strong>trenzas<\/strong> holgadas en cada secci\u00f3n de <strong>cabello<\/strong> .<\/div>\n<div class=\"auto-hide-last-sibling-br paragraph-ae1685 br-paragraph-space\" style=\"text-align: center;\">Utilizando una <u><a href=\"https:\/\/termix.net\/es\/styleme\/sprays-de-brillo\/spray-brillo-cabello-styleme.html\"><strong> Plancha de Cabello<\/strong><\/a><\/u>, aplica calor suavemente sobre las<strong> trenzas<\/strong> para fijar y sellar la textura en el<strong> cabello<\/strong>. Una vez que las <strong>trenzas<\/strong> est\u00e9n fr\u00edas, retira las bandas el\u00e1sticas con cuidado suelta el <strong>cabello<\/strong> y utiliza el <u><a href=\"https:\/\/termix.net\/es\/rizador-pelo-termix-evolution.html\"><strong>Rizador de Cabello<\/strong> <\/a><\/u>para marcar a\u00fan m\u00e1s las <strong>ondas en el cabello<\/strong>. Para definir y controlar el estilo, <strong>Jos\u00e9 Carlos<\/strong> recomienda aplicar una peque\u00f1a cantidad de <u><a href=\"https:\/\/termix.net\/es\/styleme\/ceras\/\"><strong>Cera de Termix<\/strong><\/a><\/u>. Esto dar\u00e1 un aspecto brillante y definido al<strong> peinado<\/strong>.<\/div>\n<div class=\"auto-hide-last-sibling-br paragraph-ae1685 br-paragraph-space\" style=\"text-align: center;\">Finalmente, para asegurar que el <strong>peinado<\/strong> se mantenga intacto durante todo el d\u00eda, roc\u00eda una capa de <u><a href=\"https:\/\/termix.net\/es\/styleme\/lacas\/laca-styleme-sexy.html\"><strong>Laca de Fijaci\u00f3n Fuerte<\/strong><\/a><\/u>. Con estos simples pasos y utilizando los productos de <strong>Termix<\/strong> recomendados, podr\u00e1s lograr un <strong>peinado<\/strong> de textura y <strong>brillo<\/strong> similar al de <strong>Jos\u00e9 Carlos Lora<\/strong>.<\/div>\n<\/div><div class=\"fusion-separator fusion-full-width-sep\" style=\"align-self: center;margin-left: auto;margin-right: auto;margin-top:5%;width:100%;\"><\/div><\/div><\/div><div class=\"fusion-layout-column fusion_builder_column fusion-builder-column-7 fusion_builder_column_1_4 1_4 fusion-flex-column\" style=\"--awb-bg-size:cover;--awb-width-large:25%;--awb-margin-top-large:20px;--awb-spacing-right-large:7.68%;--awb-margin-bottom-large:20px;--awb-spacing-left-large:7.68%;--awb-width-medium:100%;--awb-order-medium:0;--awb-spacing-right-medium:1.92%;--awb-spacing-left-medium:1.92%;--awb-width-small:100%;--awb-order-small:0;--awb-spacing-right-small:1.92%;--awb-spacing-left-small:1.92%;\"><div class=\"fusion-column-wrapper fusion-column-has-shadow fusion-flex-justify-content-flex-start fusion-content-layout-column\"><div class=\"fusion-image-element \" style=\"text-align:center;--awb-caption-title-size:var(--h2_typography-font-size);--awb-caption-title-transform:var(--h2_typography-text-transform);--awb-caption-title-line-height:var(--h2_typography-line-height);--awb-caption-title-letter-spacing:var(--h2_typography-letter-spacing);\"><span class=\" fusion-imageframe imageframe-none imageframe-2 hover-type-none\"><a class=\"fusion-no-lightbox\" href=\"https:\/\/termix.net\/es\/styleme\/espumas\/espuma-styleme-leavy.html\" target=\"_self\" aria-label=\"Espuma Leavy Termix\"><img decoding=\"async\" width=\"1200\" height=\"1200\" alt=\"Espuma Leavy Termix\" src=\"https:\/\/termix.net\/blog\/wp-content\/uploads\/2022\/03\/1_baja-1.jpg\" class=\"img-responsive wp-image-33373\" srcset=\"https:\/\/termix.net\/blog\/wp-content\/uploads\/2022\/03\/1_baja-1-200x200.jpg 200w, https:\/\/termix.net\/blog\/wp-content\/uploads\/2022\/03\/1_baja-1-400x400.jpg 400w, https:\/\/termix.net\/blog\/wp-content\/uploads\/2022\/03\/1_baja-1-600x600.jpg 600w, https:\/\/termix.net\/blog\/wp-content\/uploads\/2022\/03\/1_baja-1-800x800.jpg 800w, https:\/\/termix.net\/blog\/wp-content\/uploads\/2022\/03\/1_baja-1.jpg 1200w\" sizes=\"(max-width: 1024px) 100vw, (max-width: 640px) 100vw, 400px\" \/><\/a><\/span><\/div><div class=\"fusion-text fusion-text-6\"><p style=\"text-align: center;\"><strong>Espuma Leavy<\/strong><\/p>\n<\/div><div style=\"text-align:center;\"><a class=\"fusion-button button-flat fusion-button-default-size button-default fusion-button-default button-1 fusion-button-default-span fusion-button-default-type\" target=\"_self\" href=\"https:\/\/termix.net\/es\/styleme\/espumas\/espuma-styleme-leavy.html\"><span class=\"fusion-button-text\">COMPRAR<\/span><\/a><\/div><\/div><\/div><div class=\"fusion-layout-column fusion_builder_column fusion-builder-column-8 fusion_builder_column_1_4 1_4 fusion-flex-column\" style=\"--awb-bg-size:cover;--awb-width-large:25%;--awb-margin-top-large:20px;--awb-spacing-right-large:7.68%;--awb-margin-bottom-large:20px;--awb-spacing-left-large:7.68%;--awb-width-medium:100%;--awb-order-medium:0;--awb-spacing-right-medium:1.92%;--awb-spacing-left-medium:1.92%;--awb-width-small:100%;--awb-order-small:0;--awb-spacing-right-small:1.92%;--awb-spacing-left-small:1.92%;\"><div class=\"fusion-column-wrapper fusion-column-has-shadow fusion-flex-justify-content-flex-start fusion-content-layout-column\"><div class=\"fusion-image-element \" style=\"text-align:center;--awb-caption-title-size:var(--h2_typography-font-size);--awb-caption-title-transform:var(--h2_typography-text-transform);--awb-caption-title-line-height:var(--h2_typography-line-height);--awb-caption-title-letter-spacing:var(--h2_typography-letter-spacing);\"><span class=\" fusion-imageframe imageframe-none imageframe-3 hover-type-none\"><a class=\"fusion-no-lightbox\" href=\"https:\/\/termix.net\/es\/plancha-de-pelo-profesional-termix-230-gold-rose.html\" target=\"_self\" aria-label=\"plancha 230 black\"><img decoding=\"async\" width=\"1200\" height=\"1200\" alt=\"plancha 230 black\" src=\"https:\/\/termix.net\/blog\/wp-content\/uploads\/2024\/02\/Diseno-sin-titulo-10-1.png\" class=\"img-responsive wp-image-39148\" srcset=\"https:\/\/termix.net\/blog\/wp-content\/uploads\/2024\/02\/Diseno-sin-titulo-10-1-200x200.png 200w, https:\/\/termix.net\/blog\/wp-content\/uploads\/2024\/02\/Diseno-sin-titulo-10-1-400x400.png 400w, https:\/\/termix.net\/blog\/wp-content\/uploads\/2024\/02\/Diseno-sin-titulo-10-1-600x600.png 600w, https:\/\/termix.net\/blog\/wp-content\/uploads\/2024\/02\/Diseno-sin-titulo-10-1-800x800.png 800w, https:\/\/termix.net\/blog\/wp-content\/uploads\/2024\/02\/Diseno-sin-titulo-10-1.png 1200w\" sizes=\"(max-width: 1024px) 100vw, (max-width: 640px) 100vw, 400px\" \/><\/a><\/span><\/div><div class=\"fusion-text fusion-text-7\"><p style=\"text-align: center;\"><strong>Plancha 230\u00ba Black<\/strong><\/p>\n<\/div><div style=\"text-align:center;\"><a class=\"fusion-button button-flat fusion-button-default-size button-default fusion-button-default button-2 fusion-button-default-span fusion-button-default-type\" target=\"_self\" href=\"https:\/\/termix.net\/es\/styleme\/sprays-de-brillo\/spray-brillo-cabello-styleme.html\"><span class=\"fusion-button-text\">COMPRAR<\/span><\/a><\/div><\/div><\/div><div class=\"fusion-layout-column fusion_builder_column fusion-builder-column-9 fusion_builder_column_1_4 1_4 fusion-flex-column\" style=\"--awb-bg-size:cover;--awb-width-large:25%;--awb-margin-top-large:20px;--awb-spacing-right-large:7.68%;--awb-margin-bottom-large:20px;--awb-spacing-left-large:7.68%;--awb-width-medium:100%;--awb-order-medium:0;--awb-spacing-right-medium:1.92%;--awb-spacing-left-medium:1.92%;--awb-width-small:100%;--awb-order-small:0;--awb-spacing-right-small:1.92%;--awb-spacing-left-small:1.92%;\"><div class=\"fusion-column-wrapper fusion-column-has-shadow fusion-flex-justify-content-flex-start fusion-content-layout-column\"><div class=\"fusion-image-element \" style=\"text-align:center;--awb-caption-title-size:var(--h2_typography-font-size);--awb-caption-title-transform:var(--h2_typography-text-transform);--awb-caption-title-line-height:var(--h2_typography-line-height);--awb-caption-title-letter-spacing:var(--h2_typography-letter-spacing);\"><span class=\" fusion-imageframe imageframe-none imageframe-4 hover-type-none\"><a class=\"fusion-no-lightbox\" href=\"https:\/\/termix.net\/es\/styleme\/gomina-pelo-styleme-shapy.html\" target=\"_self\" aria-label=\"Cepillo redondo Termix Profesional Nature\"><img decoding=\"async\" width=\"1200\" height=\"1200\" alt=\"Cepillo redondo Termix Profesional Nature\" src=\"https:\/\/termix.net\/blog\/wp-content\/uploads\/2023\/10\/DSC03070-e1708089980664.jpg\" class=\"img-responsive wp-image-38148\" srcset=\"https:\/\/termix.net\/blog\/wp-content\/uploads\/2023\/10\/DSC03070-e1708089980664-200x200.jpg 200w, https:\/\/termix.net\/blog\/wp-content\/uploads\/2023\/10\/DSC03070-e1708089980664-400x400.jpg 400w, https:\/\/termix.net\/blog\/wp-content\/uploads\/2023\/10\/DSC03070-e1708089980664-600x600.jpg 600w, https:\/\/termix.net\/blog\/wp-content\/uploads\/2023\/10\/DSC03070-e1708089980664-800x800.jpg 800w, https:\/\/termix.net\/blog\/wp-content\/uploads\/2023\/10\/DSC03070-e1708089980664.jpg 1200w\" sizes=\"(max-width: 1024px) 100vw, (max-width: 640px) 100vw, 400px\" \/><\/a><\/span><\/div><div class=\"fusion-text fusion-text-8\"><p style=\"text-align: center;\"><strong>Cepillo redondo Nature<\/strong><\/p>\n<\/div><div style=\"text-align:center;\"><a class=\"fusion-button button-flat fusion-button-default-size button-default fusion-button-default button-3 fusion-button-default-span fusion-button-default-type\" target=\"_self\" href=\"https:\/\/termix.net\/es\/cepillos-termix-nature.html\"><span class=\"fusion-button-text\">COMPRAR<\/span><\/a><\/div><\/div><\/div><div class=\"fusion-layout-column fusion_builder_column fusion-builder-column-10 fusion_builder_column_1_4 1_4 fusion-flex-column\" style=\"--awb-bg-size:cover;--awb-width-large:25%;--awb-margin-top-large:20px;--awb-spacing-right-large:7.68%;--awb-margin-bottom-large:20px;--awb-spacing-left-large:7.68%;--awb-width-medium:100%;--awb-order-medium:0;--awb-spacing-right-medium:1.92%;--awb-spacing-left-medium:1.92%;--awb-width-small:100%;--awb-order-small:0;--awb-spacing-right-small:1.92%;--awb-spacing-left-small:1.92%;\"><div class=\"fusion-column-wrapper fusion-column-has-shadow fusion-flex-justify-content-flex-start fusion-content-layout-column\"><div class=\"fusion-image-element \" style=\"text-align:center;--awb-caption-title-size:var(--h2_typography-font-size);--awb-caption-title-transform:var(--h2_typography-text-transform);--awb-caption-title-line-height:var(--h2_typography-line-height);--awb-caption-title-letter-spacing:var(--h2_typography-letter-spacing);\"><span class=\" fusion-imageframe imageframe-none imageframe-5 hover-type-none\"><a class=\"fusion-no-lightbox\" href=\"https:\/\/termix.net\/es\/styleme\/gomina-pelo-styleme-shapy.html\" target=\"_self\" aria-label=\"Rizador el\u00e9ctrico Curling Wand Termix\"><img decoding=\"async\" width=\"1200\" height=\"1200\" alt=\"Rizador el\u00e9ctrico Curling Wand Termix navidad\" src=\"https:\/\/termix.net\/blog\/wp-content\/uploads\/2022\/05\/Rizador-Termix-Evolution-Curling-Wand-2.jpg\" class=\"img-responsive wp-image-33931\" srcset=\"https:\/\/termix.net\/blog\/wp-content\/uploads\/2022\/05\/Rizador-Termix-Evolution-Curling-Wand-2-200x200.jpg 200w, https:\/\/termix.net\/blog\/wp-content\/uploads\/2022\/05\/Rizador-Termix-Evolution-Curling-Wand-2-400x400.jpg 400w, https:\/\/termix.net\/blog\/wp-content\/uploads\/2022\/05\/Rizador-Termix-Evolution-Curling-Wand-2-600x600.jpg 600w, https:\/\/termix.net\/blog\/wp-content\/uploads\/2022\/05\/Rizador-Termix-Evolution-Curling-Wand-2-800x800.jpg 800w, https:\/\/termix.net\/blog\/wp-content\/uploads\/2022\/05\/Rizador-Termix-Evolution-Curling-Wand-2.jpg 1200w\" sizes=\"(max-width: 1024px) 100vw, (max-width: 640px) 100vw, 400px\" \/><\/a><\/span><\/div><div class=\"fusion-text fusion-text-9\"><p style=\"text-align: center;\"><strong>Rizador Profesional E<\/strong><strong>volution<\/strong><\/p>\n<\/div><div style=\"text-align:center;\"><a class=\"fusion-button button-flat fusion-button-default-size button-default fusion-button-default button-4 fusion-button-default-span fusion-button-default-type\" target=\"_self\" href=\"https:\/\/termix.net\/es\/rizador-pelo-termix-evolution.html\"><span class=\"fusion-button-text\">COMPRAR<\/span><\/a><\/div><\/div><\/div><div class=\"fusion-layout-column fusion_builder_column fusion-builder-column-11 fusion_builder_column_1_1 1_1 fusion-flex-column\" style=\"--awb-bg-size:cover;--awb-width-large:100%;--awb-margin-top-large:20px;--awb-spacing-right-large:1.92%;--awb-margin-bottom-large:20px;--awb-spacing-left-large:1.92%;--awb-width-medium:100%;--awb-order-medium:0;--awb-spacing-right-medium:1.92%;--awb-spacing-left-medium:1.92%;--awb-width-small:100%;--awb-order-small:0;--awb-spacing-right-small:1.92%;--awb-spacing-left-small:1.92%;\"><div class=\"fusion-column-wrapper fusion-column-has-shadow fusion-flex-justify-content-flex-start fusion-content-layout-column\"><div class=\"fusion-separator fusion-full-width-sep\" style=\"align-self: center;margin-left: auto;margin-right: auto;margin-top:5%;width:100%;\"><\/div><div class=\"fusion-title title fusion-title-5 fusion-sep-none fusion-title-center fusion-title-text fusion-title-size-three\"><h3 class=\"title-heading-center fusion-responsive-typography-calculated\" style=\"margin:0;--fontSize:40;line-height:1.4;\"><h3 style=\"font-weight: 400; text-align: center;\"><strong>\u00a0TOTAL LOOK 2<\/strong><\/h3><\/h3><\/div><div class=\"fusion-separator fusion-full-width-sep\" style=\"align-self: center;margin-left: auto;margin-right: auto;margin-top:5%;width:100%;\"><\/div><div class=\"fusion-text fusion-text-10\"><div class=\"auto-hide-last-sibling-br paragraph-ae1685 br-paragraph-space\" style=\"text-align: center;\">Ahora nos adentramos en el segundo<strong><em> look<\/em><\/strong>. Aprovechando la<strong> textura<\/strong> y las <strong>ondas<\/strong> creadas anteriormente, <strong>Jos\u00e9 Carlos<\/strong> nos muestra c\u00f3mo transformar el estilo en una elegante coleta.<\/div>\n<div class=\"auto-hide-last-sibling-br paragraph-ae1685 br-paragraph-space\" style=\"text-align: center;\">Para comenzar, se recomienda aprovechar la textura y las <strong>ondas<\/strong> previas para lograr un aspecto m\u00e1s pulido. Con el cabello ya ondulado, se realiza una<strong> coleta<\/strong>. Para darle un toque m\u00e1s sofisticado, se aplica <u><a href=\"https:\/\/termix.net\/es\/styleme\/gomina-pelo-styleme-shapy.html\"><strong>Gomina Fuerte<\/strong><\/a><\/u> de ra\u00edces a medios del <strong>cabello<\/strong>. Con la ayuda de un <strong>peine<\/strong>, se extiende y distribuye el producto de manera uniforme.<\/div>\n<div class=\"auto-hide-last-sibling-br paragraph-ae1685 br-paragraph-space\" style=\"text-align: center;\">Una vez que el <strong>gel<\/strong> est\u00e1 aplicado, se <strong>recoge el cabello<\/strong> en una coleta, asegur\u00e1ndose de que est\u00e9 bien sujeta. Para definir y mantener el <strong>peinado<\/strong> en su lugar, se utiliza <u><a href=\"https:\/\/termix.net\/es\/styleme\/lacas\/laca-styleme-sexy.html\"><strong>Laca Fuerte<\/strong><\/a><\/u>. Roc\u00eda una cantidad adecuada de <strong>laca<\/strong> sobre la coleta para asegurar que se mantenga intacta durante todo el d\u00eda.<\/div>\n<div class=\"auto-hide-last-sibling-br paragraph-ae1685 br-paragraph-space\" style=\"text-align: center;\">Para agregar un toque final de brillo y luminosidad, Jos\u00e9 Carlos recomienda utilizar un <a href=\"https:\/\/termix.net\/es\/styleme\/sprays-de-brillo\/spray-brillo-cabello-styleme.html\"><strong>Spray de Brillo<\/strong><\/a>. Este producto proporcionar\u00e1 ese toque extra de glamour y realzar\u00e1 el aspecto general del <strong>peinado<\/strong>.<\/div>\n<div class=\"auto-hide-last-sibling-br paragraph-ae1685 br-paragraph-space\" style=\"text-align: center;\">Con estos sencillos pasos y el uso de los productos adecuados de <strong>Termix<\/strong>, podr\u00e1s lograr una coleta elegante y sofisticada, aprovechando la textura y las ondas previas.<\/div>\n<\/div><div class=\"fusion-separator fusion-full-width-sep\" style=\"align-self: center;margin-left: auto;margin-right: auto;margin-top:5%;width:100%;\"><\/div><\/div><\/div><div class=\"fusion-layout-column fusion_builder_column fusion-builder-column-12 fusion_builder_column_1_4 1_4 fusion-flex-column\" style=\"--awb-bg-size:cover;--awb-width-large:25%;--awb-margin-top-large:20px;--awb-spacing-right-large:7.68%;--awb-margin-bottom-large:20px;--awb-spacing-left-large:7.68%;--awb-width-medium:100%;--awb-order-medium:0;--awb-spacing-right-medium:1.92%;--awb-spacing-left-medium:1.92%;--awb-width-small:100%;--awb-order-small:0;--awb-spacing-right-small:1.92%;--awb-spacing-left-small:1.92%;\"><div class=\"fusion-column-wrapper fusion-column-has-shadow fusion-flex-justify-content-flex-start fusion-content-layout-column\"><div class=\"fusion-image-element \" style=\"text-align:center;--awb-caption-title-size:var(--h2_typography-font-size);--awb-caption-title-transform:var(--h2_typography-text-transform);--awb-caption-title-line-height:var(--h2_typography-line-height);--awb-caption-title-letter-spacing:var(--h2_typography-letter-spacing);\"><span class=\" fusion-imageframe imageframe-none imageframe-6 hover-type-none\"><a class=\"fusion-no-lightbox\" href=\"https:\/\/termix.net\/es\/styleme\/gomina-pelo-styleme-shapy.html\" target=\"_self\" aria-label=\"gomina-pelo-styleme-shapy\"><img decoding=\"async\" width=\"1200\" height=\"1200\" alt=\"Gomina para el pelo Shapy de Style.me\" src=\"https:\/\/termix.net\/blog\/wp-content\/uploads\/2021\/09\/gomina-pelo-styleme-shapy.jpeg\" class=\"img-responsive wp-image-31297\" srcset=\"https:\/\/termix.net\/blog\/wp-content\/uploads\/2021\/09\/gomina-pelo-styleme-shapy-200x200.jpeg 200w, https:\/\/termix.net\/blog\/wp-content\/uploads\/2021\/09\/gomina-pelo-styleme-shapy-400x400.jpeg 400w, https:\/\/termix.net\/blog\/wp-content\/uploads\/2021\/09\/gomina-pelo-styleme-shapy-600x600.jpeg 600w, https:\/\/termix.net\/blog\/wp-content\/uploads\/2021\/09\/gomina-pelo-styleme-shapy-800x800.jpeg 800w, https:\/\/termix.net\/blog\/wp-content\/uploads\/2021\/09\/gomina-pelo-styleme-shapy.jpeg 1200w\" sizes=\"(max-width: 1024px) 100vw, (max-width: 640px) 100vw, 400px\" \/><\/a><\/span><\/div><div class=\"fusion-text fusion-text-11\"><p style=\"text-align: center;\"><strong>Gomina Shapy<\/strong><\/p>\n<\/div><div style=\"text-align:center;\"><a class=\"fusion-button button-flat fusion-button-default-size button-default fusion-button-default button-5 fusion-button-default-span fusion-button-default-type\" target=\"_self\" href=\"https:\/\/termix.net\/es\/styleme\/gomina-pelo-styleme-shapy.html\"><span class=\"fusion-button-text\">COMPRAR<\/span><\/a><\/div><\/div><\/div><div class=\"fusion-layout-column fusion_builder_column fusion-builder-column-13 fusion_builder_column_1_4 1_4 fusion-flex-column\" style=\"--awb-bg-size:cover;--awb-width-large:25%;--awb-margin-top-large:20px;--awb-spacing-right-large:7.68%;--awb-margin-bottom-large:20px;--awb-spacing-left-large:7.68%;--awb-width-medium:100%;--awb-order-medium:0;--awb-spacing-right-medium:1.92%;--awb-spacing-left-medium:1.92%;--awb-width-small:100%;--awb-order-small:0;--awb-spacing-right-small:1.92%;--awb-spacing-left-small:1.92%;\"><div class=\"fusion-column-wrapper fusion-column-has-shadow fusion-flex-justify-content-flex-start fusion-content-layout-column\"><div class=\"fusion-image-element \" style=\"text-align:center;--awb-caption-title-size:var(--h2_typography-font-size);--awb-caption-title-transform:var(--h2_typography-text-transform);--awb-caption-title-line-height:var(--h2_typography-line-height);--awb-caption-title-letter-spacing:var(--h2_typography-letter-spacing);\"><span class=\" fusion-imageframe imageframe-none imageframe-7 hover-type-none\"><a class=\"fusion-no-lightbox\" href=\"https:\/\/termix.net\/es\/styleme\/laca-styleme-windy.html\" target=\"_self\" aria-label=\"laca spray windy termix\"><img decoding=\"async\" width=\"1200\" height=\"1200\" alt=\"Laca Windy para volumen de Termix\" src=\"https:\/\/termix.net\/blog\/wp-content\/uploads\/2022\/01\/01.jpg\" class=\"img-responsive wp-image-32931\" srcset=\"https:\/\/termix.net\/blog\/wp-content\/uploads\/2022\/01\/01-200x200.jpg 200w, https:\/\/termix.net\/blog\/wp-content\/uploads\/2022\/01\/01-400x400.jpg 400w, https:\/\/termix.net\/blog\/wp-content\/uploads\/2022\/01\/01-600x600.jpg 600w, https:\/\/termix.net\/blog\/wp-content\/uploads\/2022\/01\/01-800x800.jpg 800w, https:\/\/termix.net\/blog\/wp-content\/uploads\/2022\/01\/01.jpg 1200w\" sizes=\"(max-width: 1024px) 100vw, (max-width: 640px) 100vw, 400px\" \/><\/a><\/span><\/div><div class=\"fusion-text fusion-text-12\"><p style=\"text-align: center;\"><strong>Laca volumen Windy<\/strong><\/p>\n<\/div><div style=\"text-align:center;\"><a class=\"fusion-button button-flat fusion-button-default-size button-default fusion-button-default button-6 fusion-button-default-span fusion-button-default-type\" target=\"_self\" href=\"https:\/\/termix.net\/es\/styleme\/laca-styleme-windy.html\"><span class=\"fusion-button-text\">COMPRAR<\/span><\/a><\/div><\/div><\/div><div class=\"fusion-layout-column fusion_builder_column fusion-builder-column-14 fusion_builder_column_1_4 1_4 fusion-flex-column\" style=\"--awb-bg-size:cover;--awb-width-large:25%;--awb-margin-top-large:20px;--awb-spacing-right-large:7.68%;--awb-margin-bottom-large:20px;--awb-spacing-left-large:7.68%;--awb-width-medium:100%;--awb-order-medium:0;--awb-spacing-right-medium:1.92%;--awb-spacing-left-medium:1.92%;--awb-width-small:100%;--awb-order-small:0;--awb-spacing-right-small:1.92%;--awb-spacing-left-small:1.92%;\"><div class=\"fusion-column-wrapper fusion-column-has-shadow fusion-flex-justify-content-flex-start fusion-content-layout-column\"><div class=\"fusion-image-element \" style=\"text-align:center;--awb-caption-title-size:var(--h2_typography-font-size);--awb-caption-title-transform:var(--h2_typography-text-transform);--awb-caption-title-line-height:var(--h2_typography-line-height);--awb-caption-title-letter-spacing:var(--h2_typography-letter-spacing);\"><span class=\" fusion-imageframe imageframe-none imageframe-8 hover-type-none\"><a class=\"fusion-no-lightbox\" href=\"https:\/\/termix.net\/es\/herramientas\/spray-pulverizador-negro.html\" target=\"_self\" aria-label=\"recogido\"><img decoding=\"async\" width=\"150\" height=\"150\" alt=\"recogido\" src=\"https:\/\/termix.net\/blog\/wp-content\/uploads\/2018\/12\/cepillo-especial-recogidos-150x150.jpg\" class=\"img-responsive wp-image-24704\"\/><\/a><\/span><\/div><div class=\"fusion-text fusion-text-13\"><p style=\"text-align: center;\"><strong>Cepillo para Recogidos<\/strong><\/p>\n<\/div><div style=\"text-align:center;\"><a class=\"fusion-button button-flat fusion-button-default-size button-default fusion-button-default button-7 fusion-button-default-span fusion-button-default-type\" target=\"_self\" href=\"https:\/\/termix.net\/es\/cepillos\/cepillos-desenredantes\/cepillo-recogidos.html\"><span class=\"fusion-button-text\">COMPRAR<\/span><\/a><\/div><\/div><\/div><div class=\"fusion-layout-column fusion_builder_column fusion-builder-column-15 fusion_builder_column_1_4 1_4 fusion-flex-column\" style=\"--awb-bg-size:cover;--awb-width-large:25%;--awb-margin-top-large:20px;--awb-spacing-right-large:7.68%;--awb-margin-bottom-large:20px;--awb-spacing-left-large:7.68%;--awb-width-medium:100%;--awb-order-medium:0;--awb-spacing-right-medium:1.92%;--awb-spacing-left-medium:1.92%;--awb-width-small:100%;--awb-order-small:0;--awb-spacing-right-small:1.92%;--awb-spacing-left-small:1.92%;\"><div class=\"fusion-column-wrapper fusion-column-has-shadow fusion-flex-justify-content-flex-start fusion-content-layout-column\"><div class=\"fusion-image-element \" style=\"text-align:center;--awb-caption-title-size:var(--h2_typography-font-size);--awb-caption-title-transform:var(--h2_typography-text-transform);--awb-caption-title-line-height:var(--h2_typography-line-height);--awb-caption-title-letter-spacing:var(--h2_typography-letter-spacing);\"><span class=\" fusion-imageframe imageframe-none imageframe-9 hover-type-none\"><a class=\"fusion-no-lightbox\" href=\"https:\/\/termix.net\/es\/styleme\/gomina-pelo-styleme-shapy.html\" target=\"_self\" aria-label=\"spray-brillo-cabello-styleme\"><img decoding=\"async\" width=\"1200\" height=\"1200\" alt=\"spray-brillo-cabello-styleme\" src=\"https:\/\/termix.net\/blog\/wp-content\/uploads\/2021\/07\/spray-brillo-cabello-styleme.jpeg\" class=\"img-responsive wp-image-30954\" srcset=\"https:\/\/termix.net\/blog\/wp-content\/uploads\/2021\/07\/spray-brillo-cabello-styleme-200x200.jpeg 200w, https:\/\/termix.net\/blog\/wp-content\/uploads\/2021\/07\/spray-brillo-cabello-styleme-400x400.jpeg 400w, https:\/\/termix.net\/blog\/wp-content\/uploads\/2021\/07\/spray-brillo-cabello-styleme-600x600.jpeg 600w, https:\/\/termix.net\/blog\/wp-content\/uploads\/2021\/07\/spray-brillo-cabello-styleme-800x800.jpeg 800w, https:\/\/termix.net\/blog\/wp-content\/uploads\/2021\/07\/spray-brillo-cabello-styleme.jpeg 1200w\" sizes=\"(max-width: 1024px) 100vw, (max-width: 640px) 100vw, 400px\" \/><\/a><\/span><\/div><div class=\"fusion-text fusion-text-14\"><p style=\"text-align: center;\"><b>Spray de Brillo Glossy<\/b><\/p>\n<\/div><div style=\"text-align:center;\"><a class=\"fusion-button button-flat fusion-button-default-size button-default fusion-button-default button-8 fusion-button-default-span fusion-button-default-type\" target=\"_self\" href=\"https:\/\/termix.net\/es\/styleme\/sprays-de-brillo\/spray-brillo-cabello-styleme.html\"><span class=\"fusion-button-text\">COMPRAR<\/span><\/a><\/div><\/div><\/div><div class=\"fusion-layout-column fusion_builder_column fusion-builder-column-16 fusion_builder_column_1_1 1_1 fusion-flex-column\" style=\"--awb-bg-size:cover;--awb-width-large:100%;--awb-margin-top-large:20px;--awb-spacing-right-large:1.92%;--awb-margin-bottom-large:20px;--awb-spacing-left-large:1.92%;--awb-width-medium:100%;--awb-order-medium:0;--awb-spacing-right-medium:1.92%;--awb-spacing-left-medium:1.92%;--awb-width-small:100%;--awb-order-small:0;--awb-spacing-right-small:1.92%;--awb-spacing-left-small:1.92%;\"><div class=\"fusion-column-wrapper fusion-column-has-shadow fusion-flex-justify-content-flex-start fusion-content-layout-column\"><div class=\"fusion-separator fusion-full-width-sep\" style=\"align-self: center;margin-left: auto;margin-right: auto;margin-top:5%;width:100%;\"><\/div><div class=\"fusion-separator fusion-full-width-sep\" style=\"align-self: center;margin-left: auto;margin-right: auto;margin-top:5%;width:100%;\"><\/div><div class=\"fusion-image-element \" style=\"text-align:center;--awb-caption-title-size:var(--h2_typography-font-size);--awb-caption-title-transform:var(--h2_typography-text-transform);--awb-caption-title-line-height:var(--h2_typography-line-height);--awb-caption-title-letter-spacing:var(--h2_typography-letter-spacing);\"><span class=\" fusion-imageframe imageframe-none imageframe-10 hover-type-none\"><img decoding=\"async\" width=\"1000\" height=\"700\" alt=\"Jose Carlor Lora\" title=\"Jose Carlor Lora\" src=\"https:\/\/termix.net\/blog\/wp-content\/uploads\/2024\/02\/Termix-horizontal-44.png\" class=\"img-responsive wp-image-39267\" srcset=\"https:\/\/termix.net\/blog\/wp-content\/uploads\/2024\/02\/Termix-horizontal-44-200x140.png 200w, https:\/\/termix.net\/blog\/wp-content\/uploads\/2024\/02\/Termix-horizontal-44-400x280.png 400w, https:\/\/termix.net\/blog\/wp-content\/uploads\/2024\/02\/Termix-horizontal-44-600x420.png 600w, https:\/\/termix.net\/blog\/wp-content\/uploads\/2024\/02\/Termix-horizontal-44-800x560.png 800w, https:\/\/termix.net\/blog\/wp-content\/uploads\/2024\/02\/Termix-horizontal-44.png 1000w\" sizes=\"(max-width: 1024px) 100vw, (max-width: 640px) 100vw, 1000px\" \/><\/span><\/div><div class=\"fusion-separator fusion-full-width-sep\" style=\"align-self: center;margin-left: auto;margin-right: auto;margin-top:3%;width:100%;\"><\/div><div class=\"fusion-separator fusion-full-width-sep\" style=\"align-self: center;margin-left: auto;margin-right: auto;margin-top:3%;width:100%;\"><\/div><div class=\"fusion-text fusion-text-15\"><p style=\"text-align: center;\"><strong>Es un honor y una alegr\u00eda inmensa contar con Jos\u00e9 Carlos Lora como embajador de Termix. Su talento, pasi\u00f3n y estilo \u00fanicos sin duda enriquecer\u00e1n nuestra marca y nos brindar\u00e1n una invaluable sabidur\u00eda en el mundo de la belleza capilar. Estamos emocionados por todo lo que est\u00e1 por venir y por el impacto que Jos\u00e9 Carlos tendr\u00e1 en nuestra comunidad de amantes del cabello. <\/strong><\/p>\n<p style=\"text-align: center;\"><strong>\u00a1Bienvenido a la familia Termix, Jos\u00e9 Carlos Lora! <\/strong><\/p>\n<p style=\"text-align: center;\"><strong>Juntos, seguiremos llevando el estilo y la excelencia a nuevas alturas, siguenos en <u><a href=\"https:\/\/www.instagram.com\/termixoficial\/\">Termix Oficial<\/a><\/u> para estar al tanto de todas los sus looks.<\/strong><\/p>\n<\/div><\/div><\/div><\/div><\/div><\/p>\n","protected":false},"excerpt":{"rendered":"","protected":false},"author":6,"featured_media":39261,"comment_status":"open","ping_status":"open","sticky":false,"template":"","format":"standard","meta":[],"categories":[6],"tags":[256,1344,1148,254],"yoast_head":"<!-- This site is optimized with the Yoast SEO plugin v20.0 - https:\/\/yoast.com\/wordpress\/plugins\/seo\/ -->\n<title>Nuestro nuevo embajador de Termix: Jose Carlos Lora-Termix<\/title>\n<meta name=\"description\" content=\"Termix tiene nuevo embajador, el estilista Jos\u00e9 Carlos Lora, estamos muy entusiasmados por su incorporaci\u00f3n y su aporte de excelencia\" \/>\n<meta name=\"robots\" content=\"index, follow, max-snippet:-1, max-image-preview:large, max-video-preview:-1\" \/>\n<link rel=\"canonical\" href=\"https:\/\/termix.net\/blog\/es\/el-estilista-jose-carlos-lora-se-une-a-termix-como-embajador\/\" \/>\n<meta property=\"og:locale\" content=\"es_ES\" \/>\n<meta property=\"og:type\" content=\"article\" \/>\n<meta property=\"og:title\" content=\"Nuestro nuevo embajador de Termix: Jose Carlos Lora-Termix\" \/>\n<meta property=\"og:description\" content=\"Termix tiene nuevo embajador, el estilista Jos\u00e9 Carlos Lora, estamos muy entusiasmados por su incorporaci\u00f3n y su aporte de excelencia\" \/>\n<meta property=\"og:url\" content=\"https:\/\/termix.net\/blog\/es\/el-estilista-jose-carlos-lora-se-une-a-termix-como-embajador\/\" \/>\n<meta property=\"og:site_name\" content=\"Blog Termix Spain\" \/>\n<meta property=\"article:published_time\" content=\"2024-02-19T13:51:23+00:00\" \/>\n<meta property=\"article:modified_time\" content=\"2024-02-29T11:19:23+00:00\" \/>\n<meta property=\"og:image\" content=\"https:\/\/termix.net\/blog\/wp-content\/uploads\/2024\/02\/Termix-horizontal-43.png\" \/>\n\t<meta property=\"og:image:width\" content=\"1000\" \/>\n\t<meta property=\"og:image:height\" content=\"700\" \/>\n\t<meta property=\"og:image:type\" content=\"image\/png\" \/>\n<meta name=\"author\" content=\"Termix Alicia\" \/>\n<meta name=\"twitter:card\" content=\"summary_large_image\" \/>\n<meta name=\"twitter:title\" content=\"Nuestro nuevo embajador de Termix: Jose Carlos Lora-Termix\" \/>\n<meta name=\"twitter:description\" content=\"Termix tiene nuevo embajador, el estilista Jos\u00e9 Carlos Lora, estamos muy entusiasmados por su incorporaci\u00f3n y su aporte de excelencia\" \/>\n<meta name=\"twitter:image\" content=\"https:\/\/termix.net\/blog\/wp-content\/uploads\/2024\/02\/Termix-horizontal-43.png\" \/>\n<meta name=\"twitter:label1\" content=\"Escrito por\" \/>\n\t<meta name=\"twitter:data1\" content=\"Termix Alicia\" \/>\n\t<meta name=\"twitter:label2\" content=\"Tiempo de lectura\" \/>\n\t<meta name=\"twitter:data2\" content=\"26 minutos\" \/>\n<script type=\"application\/ld+json\" class=\"yoast-schema-graph\">{\"@context\":\"https:\/\/schema.org\",\"@graph\":[{\"@type\":\"Article\",\"@id\":\"https:\/\/termix.net\/blog\/es\/el-estilista-jose-carlos-lora-se-une-a-termix-como-embajador\/#article\",\"isPartOf\":{\"@id\":\"https:\/\/termix.net\/blog\/es\/el-estilista-jose-carlos-lora-se-une-a-termix-como-embajador\/\"},\"author\":{\"name\":\"Termix Alicia\",\"@id\":\"https:\/\/termix.net\/blog\/es\/#\/schema\/person\/b625ac27410466979aee03d7fbecce0f\"},\"headline\":\"El estilista Jose Carlos Lora se une a Termix como Embajador\",\"datePublished\":\"2024-02-19T13:51:23+00:00\",\"dateModified\":\"2024-02-29T11:19:23+00:00\",\"mainEntityOfPage\":{\"@id\":\"https:\/\/termix.net\/blog\/es\/el-estilista-jose-carlos-lora-se-une-a-termix-como-embajador\/\"},\"wordCount\":14854,\"commentCount\":0,\"publisher\":{\"@id\":\"https:\/\/termix.net\/blog\/es\/#organization\"},\"keywords\":[\"embajador\",\"embajador de termix Carlos Lora\",\"embajador Termix\",\"estilista\"],\"articleSection\":[\"NOTICIAS\"],\"inLanguage\":\"es\",\"potentialAction\":[{\"@type\":\"CommentAction\",\"name\":\"Comment\",\"target\":[\"https:\/\/termix.net\/blog\/es\/el-estilista-jose-carlos-lora-se-une-a-termix-como-embajador\/#respond\"]}]},{\"@type\":\"WebPage\",\"@id\":\"https:\/\/termix.net\/blog\/es\/el-estilista-jose-carlos-lora-se-une-a-termix-como-embajador\/\",\"url\":\"https:\/\/termix.net\/blog\/es\/el-estilista-jose-carlos-lora-se-une-a-termix-como-embajador\/\",\"name\":\"Nuestro nuevo embajador de Termix: Jose Carlos Lora-Termix\",\"isPartOf\":{\"@id\":\"https:\/\/termix.net\/blog\/es\/#website\"},\"datePublished\":\"2024-02-19T13:51:23+00:00\",\"dateModified\":\"2024-02-29T11:19:23+00:00\",\"description\":\"Termix tiene nuevo embajador, el estilista Jos\u00e9 Carlos Lora, estamos muy entusiasmados por su incorporaci\u00f3n y su aporte de excelencia\",\"breadcrumb\":{\"@id\":\"https:\/\/termix.net\/blog\/es\/el-estilista-jose-carlos-lora-se-une-a-termix-como-embajador\/#breadcrumb\"},\"inLanguage\":\"es\",\"potentialAction\":[{\"@type\":\"ReadAction\",\"target\":[\"https:\/\/termix.net\/blog\/es\/el-estilista-jose-carlos-lora-se-une-a-termix-como-embajador\/\"]}]},{\"@type\":\"BreadcrumbList\",\"@id\":\"https:\/\/termix.net\/blog\/es\/el-estilista-jose-carlos-lora-se-une-a-termix-como-embajador\/#breadcrumb\",\"itemListElement\":[{\"@type\":\"ListItem\",\"position\":1,\"name\":\"Home\",\"item\":\"https:\/\/termix.net\/blog\/es\/\"},{\"@type\":\"ListItem\",\"position\":2,\"name\":\"El estilista Jose Carlos Lora se une a Termix como Embajador\"}]},{\"@type\":\"WebSite\",\"@id\":\"https:\/\/termix.net\/blog\/es\/#website\",\"url\":\"https:\/\/termix.net\/blog\/es\/\",\"name\":\"Blog Termix Spain\",\"description\":\"Blog de tendencias y productos de peluquer\u00eda profesional.\",\"publisher\":{\"@id\":\"https:\/\/termix.net\/blog\/es\/#organization\"},\"potentialAction\":[{\"@type\":\"SearchAction\",\"target\":{\"@type\":\"EntryPoint\",\"urlTemplate\":\"https:\/\/termix.net\/blog\/es\/?s={search_term_string}\"},\"query-input\":\"required name=search_term_string\"}],\"inLanguage\":\"es\"},{\"@type\":\"Organization\",\"@id\":\"https:\/\/termix.net\/blog\/es\/#organization\",\"name\":\"Dols Industrial de Peluquer\u00eda SA\",\"url\":\"https:\/\/termix.net\/blog\/es\/\",\"logo\":{\"@type\":\"ImageObject\",\"inLanguage\":\"es\",\"@id\":\"https:\/\/termix.net\/blog\/es\/#\/schema\/logo\/image\/\",\"url\":\"https:\/\/termix.net\/blog\/wp-content\/uploads\/2020\/10\/OGbDAeng.jpeg\",\"contentUrl\":\"https:\/\/termix.net\/blog\/wp-content\/uploads\/2020\/10\/OGbDAeng.jpeg\",\"width\":800,\"height\":800,\"caption\":\"Dols Industrial de Peluquer\u00eda SA\"},\"image\":{\"@id\":\"https:\/\/termix.net\/blog\/es\/#\/schema\/logo\/image\/\"}},{\"@type\":\"Person\",\"@id\":\"https:\/\/termix.net\/blog\/es\/#\/schema\/person\/b625ac27410466979aee03d7fbecce0f\",\"name\":\"Termix Alicia\",\"image\":{\"@type\":\"ImageObject\",\"inLanguage\":\"es\",\"@id\":\"https:\/\/termix.net\/blog\/es\/#\/schema\/person\/image\/\",\"url\":\"https:\/\/secure.gravatar.com\/avatar\/6a3b6df66866f7cd6d4c84e7e83a3322?s=96&d=mm&r=g\",\"contentUrl\":\"https:\/\/secure.gravatar.com\/avatar\/6a3b6df66866f7cd6d4c84e7e83a3322?s=96&d=mm&r=g\",\"caption\":\"Termix Alicia\"},\"url\":\"https:\/\/termix.net\/blog\/es\/author\/aliciamotherstudio-net\/\"}]}<\/script>\n<!-- \/ Yoast SEO plugin. -->","yoast_head_json":{"title":"Nuestro nuevo embajador de Termix: Jose Carlos Lora-Termix","description":"Termix tiene nuevo embajador, el estilista Jos\u00e9 Carlos Lora, estamos muy entusiasmados por su incorporaci\u00f3n y su aporte de excelencia","robots":{"index":"index","follow":"follow","max-snippet":"max-snippet:-1","max-image-preview":"max-image-preview:large","max-video-preview":"max-video-preview:-1"},"canonical":"https:\/\/termix.net\/blog\/es\/el-estilista-jose-carlos-lora-se-une-a-termix-como-embajador\/","og_locale":"es_ES","og_type":"article","og_title":"Nuestro nuevo embajador de Termix: Jose Carlos Lora-Termix","og_description":"Termix tiene nuevo embajador, el estilista Jos\u00e9 Carlos Lora, estamos muy entusiasmados por su incorporaci\u00f3n y su aporte de excelencia","og_url":"https:\/\/termix.net\/blog\/es\/el-estilista-jose-carlos-lora-se-une-a-termix-como-embajador\/","og_site_name":"Blog Termix Spain","article_published_time":"2024-02-19T13:51:23+00:00","article_modified_time":"2024-02-29T11:19:23+00:00","og_image":[{"width":1000,"height":700,"url":"https:\/\/termix.net\/blog\/wp-content\/uploads\/2024\/02\/Termix-horizontal-43.png","type":"image\/png"}],"author":"Termix Alicia","twitter_card":"summary_large_image","twitter_title":"Nuestro nuevo embajador de Termix: Jose Carlos Lora-Termix","twitter_description":"Termix tiene nuevo embajador, el estilista Jos\u00e9 Carlos Lora, estamos muy entusiasmados por su incorporaci\u00f3n y su aporte de excelencia","twitter_image":"https:\/\/termix.net\/blog\/wp-content\/uploads\/2024\/02\/Termix-horizontal-43.png","twitter_misc":{"Escrito por":"Termix Alicia","Tiempo de lectura":"26 minutos"},"schema":{"@context":"https:\/\/schema.org","@graph":[{"@type":"Article","@id":"https:\/\/termix.net\/blog\/es\/el-estilista-jose-carlos-lora-se-une-a-termix-como-embajador\/#article","isPartOf":{"@id":"https:\/\/termix.net\/blog\/es\/el-estilista-jose-carlos-lora-se-une-a-termix-como-embajador\/"},"author":{"name":"Termix Alicia","@id":"https:\/\/termix.net\/blog\/es\/#\/schema\/person\/b625ac27410466979aee03d7fbecce0f"},"headline":"El estilista Jose Carlos Lora se une a Termix como Embajador","datePublished":"2024-02-19T13:51:23+00:00","dateModified":"2024-02-29T11:19:23+00:00","mainEntityOfPage":{"@id":"https:\/\/termix.net\/blog\/es\/el-estilista-jose-carlos-lora-se-une-a-termix-como-embajador\/"},"wordCount":14854,"commentCount":0,"publisher":{"@id":"https:\/\/termix.net\/blog\/es\/#organization"},"keywords":["embajador","embajador de termix Carlos Lora","embajador Termix","estilista"],"articleSection":["NOTICIAS"],"inLanguage":"es","potentialAction":[{"@type":"CommentAction","name":"Comment","target":["https:\/\/termix.net\/blog\/es\/el-estilista-jose-carlos-lora-se-une-a-termix-como-embajador\/#respond"]}]},{"@type":"WebPage","@id":"https:\/\/termix.net\/blog\/es\/el-estilista-jose-carlos-lora-se-une-a-termix-como-embajador\/","url":"https:\/\/termix.net\/blog\/es\/el-estilista-jose-carlos-lora-se-une-a-termix-como-embajador\/","name":"Nuestro nuevo embajador de Termix: Jose Carlos Lora-Termix","isPartOf":{"@id":"https:\/\/termix.net\/blog\/es\/#website"},"datePublished":"2024-02-19T13:51:23+00:00","dateModified":"2024-02-29T11:19:23+00:00","description":"Termix tiene nuevo embajador, el estilista Jos\u00e9 Carlos Lora, estamos muy entusiasmados por su incorporaci\u00f3n y su aporte de excelencia","breadcrumb":{"@id":"https:\/\/termix.net\/blog\/es\/el-estilista-jose-carlos-lora-se-une-a-termix-como-embajador\/#breadcrumb"},"inLanguage":"es","potentialAction":[{"@type":"ReadAction","target":["https:\/\/termix.net\/blog\/es\/el-estilista-jose-carlos-lora-se-une-a-termix-como-embajador\/"]}]},{"@type":"BreadcrumbList","@id":"https:\/\/termix.net\/blog\/es\/el-estilista-jose-carlos-lora-se-une-a-termix-como-embajador\/#breadcrumb","itemListElement":[{"@type":"ListItem","position":1,"name":"Home","item":"https:\/\/termix.net\/blog\/es\/"},{"@type":"ListItem","position":2,"name":"El estilista Jose Carlos Lora se une a Termix como Embajador"}]},{"@type":"WebSite","@id":"https:\/\/termix.net\/blog\/es\/#website","url":"https:\/\/termix.net\/blog\/es\/","name":"Blog Termix Spain","description":"Blog de tendencias y productos de peluquer\u00eda profesional.","publisher":{"@id":"https:\/\/termix.net\/blog\/es\/#organization"},"potentialAction":[{"@type":"SearchAction","target":{"@type":"EntryPoint","urlTemplate":"https:\/\/termix.net\/blog\/es\/?s={search_term_string}"},"query-input":"required name=search_term_string"}],"inLanguage":"es"},{"@type":"Organization","@id":"https:\/\/termix.net\/blog\/es\/#organization","name":"Dols Industrial de Peluquer\u00eda SA","url":"https:\/\/termix.net\/blog\/es\/","logo":{"@type":"ImageObject","inLanguage":"es","@id":"https:\/\/termix.net\/blog\/es\/#\/schema\/logo\/image\/","url":"https:\/\/termix.net\/blog\/wp-content\/uploads\/2020\/10\/OGbDAeng.jpeg","contentUrl":"https:\/\/termix.net\/blog\/wp-content\/uploads\/2020\/10\/OGbDAeng.jpeg","width":800,"height":800,"caption":"Dols Industrial de Peluquer\u00eda SA"},"image":{"@id":"https:\/\/termix.net\/blog\/es\/#\/schema\/logo\/image\/"}},{"@type":"Person","@id":"https:\/\/termix.net\/blog\/es\/#\/schema\/person\/b625ac27410466979aee03d7fbecce0f","name":"Termix Alicia","image":{"@type":"ImageObject","inLanguage":"es","@id":"https:\/\/termix.net\/blog\/es\/#\/schema\/person\/image\/","url":"https:\/\/secure.gravatar.com\/avatar\/6a3b6df66866f7cd6d4c84e7e83a3322?s=96&d=mm&r=g","contentUrl":"https:\/\/secure.gravatar.com\/avatar\/6a3b6df66866f7cd6d4c84e7e83a3322?s=96&d=mm&r=g","caption":"Termix Alicia"},"url":"https:\/\/termix.net\/blog\/es\/author\/aliciamotherstudio-net\/"}]}},"_links":{"self":[{"href":"https:\/\/termix.net\/blog\/es\/wp-json\/wp\/v2\/posts\/39257"}],"collection":[{"href":"https:\/\/termix.net\/blog\/es\/wp-json\/wp\/v2\/posts"}],"about":[{"href":"https:\/\/termix.net\/blog\/es\/wp-json\/wp\/v2\/types\/post"}],"author":[{"embeddable":true,"href":"https:\/\/termix.net\/blog\/es\/wp-json\/wp\/v2\/users\/6"}],"replies":[{"embeddable":true,"href":"https:\/\/termix.net\/blog\/es\/wp-json\/wp\/v2\/comments?post=39257"}],"version-history":[{"count":8,"href":"https:\/\/termix.net\/blog\/es\/wp-json\/wp\/v2\/posts\/39257\/revisions"}],"predecessor-version":[{"id":39274,"href":"https:\/\/termix.net\/blog\/es\/wp-json\/wp\/v2\/posts\/39257\/revisions\/39274"}],"wp:featuredmedia":[{"embeddable":true,"href":"https:\/\/termix.net\/blog\/es\/wp-json\/wp\/v2\/media\/39261"}],"wp:attachment":[{"href":"https:\/\/termix.net\/blog\/es\/wp-json\/wp\/v2\/media?parent=39257"}],"wp:term":[{"taxonomy":"category","embeddable":true,"href":"https:\/\/termix.net\/blog\/es\/wp-json\/wp\/v2\/categories?post=39257"},{"taxonomy":"post_tag","embeddable":true,"href":"https:\/\/termix.net\/blog\/es\/wp-json\/wp\/v2\/tags?post=39257"}],"curies":[{"name":"wp","href":"https:\/\/api.w.org\/{rel}","templated":true}]}}