{"id":36726,"date":"2023-02-03T10:25:20","date_gmt":"2023-02-03T09:25:20","guid":{"rendered":"https:\/\/termix.net\/blog\/?p=36726"},"modified":"2023-03-07T11:07:03","modified_gmt":"2023-03-07T10:07:03","slug":"como-deberian-ser-los-cuidados-del-pelo-a-partir-de-los-50-anos","status":"publish","type":"post","link":"https:\/\/termix.net\/blog\/es\/como-deberian-ser-los-cuidados-del-pelo-a-partir-de-los-50-anos\/","title":{"rendered":"C\u00f3mo deber\u00edan ser los cuidados del pelo a partir de los 50 a\u00f1os"},"content":{"rendered":"<p><div class=\"fusion-fullwidth fullwidth-box fusion-builder-row-1 has-pattern-background has-mask-background faded-background fusion-parallax-none nonhundred-percent-fullwidth non-hundred-percent-height-scrolling fusion-no-small-visibility fusion-no-medium-visibility\" style=\"--awb-border-radius-top-left:0px;--awb-border-radius-top-right:0px;--awb-border-radius-bottom-right:0px;--awb-border-radius-bottom-left:0px;--awb-padding-top:24%;--awb-padding-right:3%;--awb-padding-left:3%;--awb-background-size:cover;\" ><div class=\"fullwidth-faded\" style=\"--awb-background-color:#181818;--awb-background-image:url(https:\/\/termix.net\/blog\/wp-content\/uploads\/2023\/02\/Como-deberian-ser-los-cuidados-del-pelo-a-partir-de-los-50-anos-Portada-blog-horizontal.jpg);--awb-background-size:cover;\" ><\/div><div class=\"fusion-builder-row fusion-row\"><div class=\"fusion-layout-column fusion_builder_column fusion-builder-column-0 fusion_builder_column_1_1 1_1 fusion-one-full fusion-column-first fusion-column-last\" style=\"--awb-padding-top:6%;--awb-padding-right:8%;--awb-padding-bottom:6%;--awb-padding-left:8%;--awb-bg-color:rgba(255,255,255,0.7);--awb-bg-size:cover;--awb-margin-top:0px;--awb-margin-bottom:0px;\"><div class=\"fusion-column-wrapper fusion-column-has-shadow fusion-flex-column-wrapper-legacy\"><div class=\"fusion-text fusion-text-1 caption\"><p style=\"text-align: center;\">Consejos \u2014 4 min de lectura<\/p>\n<\/div><div class=\"fusion-title title fusion-title-1 fusion-sep-none fusion-title-center fusion-title-text fusion-title-size-one\" style=\"--awb-margin-top:30px;--awb-margin-bottom:20px;\"><h1 class=\"title-heading-center fusion-responsive-typography-calculated\" style=\"margin:0;--fontSize:50;line-height:1;\">C\u00d3MO DEBER\u00cdAN SER LOS CUIDADOS DEL PELO A PARTIR DE LOS 50 A\u00d1OS<\/h1><\/div><div class=\"fusion-clearfix\"><\/div><\/div><\/div><\/div><\/div><div class=\"fusion-fullwidth fullwidth-box fusion-builder-row-2 has-pattern-background has-mask-background fusion-parallax-none nonhundred-percent-fullwidth non-hundred-percent-height-scrolling fusion-no-large-visibility\" style=\"--awb-border-radius-top-left:0px;--awb-border-radius-top-right:0px;--awb-border-radius-bottom-right:0px;--awb-border-radius-bottom-left:0px;--awb-background-image:url(&quot;https:\/\/termix.net\/blog\/wp-content\/uploads\/2023\/02\/Como-deberian-ser-los-cuidados-del-pelo-a-partir-de-los-50-anos-Portada-blog-vertical.jpg&quot;);--awb-background-size:cover;\" ><div class=\"fusion-builder-row fusion-row\"><div class=\"fusion-layout-column fusion_builder_column fusion-builder-column-1 fusion_builder_column_1_1 1_1 fusion-one-full fusion-column-first fusion-column-last fusion-column-inner-bg-wrapper\" style=\"--awb-padding-top:10%;--awb-padding-bottom:10%;--awb-inner-bg-image:url(&#039;http:\/\/termix.net\/blog\/wp-content\/uploads\/2019\/03\/single-blog-post-feat.jpg&#039;);--awb-inner-bg-position:center center;--awb-inner-bg-size:cover;\"><span class=\"fusion-column-inner-bg hover-type-zoomout\"><span class=\"fusion-column-anchor\"><span class=\"fusion-column-inner-bg-image\"><\/span><\/span><\/span><div class=\"fusion-column-wrapper fusion-flex-column-wrapper-legacy\" data-bg-url=\"http:\/\/termix.net\/blog\/wp-content\/uploads\/2019\/03\/single-blog-post-feat.jpg\"><div class=\"fusion-sep-clear\"><\/div><div class=\"fusion-separator fusion-no-large-visibility fusion-full-width-sep\" style=\"margin-left: auto;margin-right: auto;margin-top:3%;width:100%;\"><\/div><div class=\"fusion-sep-clear\"><\/div><div class=\"fusion-clearfix\"><\/div><\/div><\/div><div class=\"fusion-layout-column fusion_builder_column fusion-builder-column-2 fusion_builder_column_1_1 1_1 fusion-one-full fusion-column-first fusion-column-last\" style=\"--awb-padding-top:6%;--awb-bg-color:#ffffff;--awb-bg-size:cover;--awb-margin-top:0px;--awb-margin-bottom:0px;\"><div class=\"fusion-column-wrapper fusion-flex-column-wrapper-legacy\"><div class=\"fusion-text fusion-text-2 caption\"><p style=\"text-align: center;\">Consejos \u2014 4 min de lectura<\/p>\n<\/div><div class=\"fusion-title title fusion-title-2 fusion-sep-none fusion-title-center fusion-title-text fusion-title-size-one\" style=\"--awb-margin-top:30px;--awb-margin-bottom:20px;\"><h1 class=\"title-heading-center fusion-responsive-typography-calculated\" style=\"margin:0;--fontSize:50;line-height:1;\">C\u00d3MO DEBER\u00cdAN SER LOS CUIDADOS DEL PELO A PARTIR DE LOS 50 A\u00d1OS<\/h1><\/div><div class=\"fusion-clearfix\"><\/div><\/div><\/div><\/div><\/div><div class=\"fusion-fullwidth fullwidth-box fusion-builder-row-3 nonhundred-percent-fullwidth non-hundred-percent-height-scrolling\" style=\"--awb-border-radius-top-left:0px;--awb-border-radius-top-right:0px;--awb-border-radius-bottom-right:0px;--awb-border-radius-bottom-left:0px;--awb-padding-top:10px;--awb-padding-bottom:4%;--awb-margin-bottom:-50px;\" ><div class=\"fusion-builder-row fusion-row\"><div class=\"fusion-layout-column fusion_builder_column fusion-builder-column-3 fusion_builder_column_1_1 1_1 fusion-one-full fusion-column-first fusion-column-last\" style=\"--awb-bg-size:cover;\"><div class=\"fusion-column-wrapper fusion-column-has-shadow fusion-flex-column-wrapper-legacy\"><div class=\"fusion-text fusion-text-3\"><h4 style=\"text-align: center;\">El pelo, como la piel, \u00a1tambi\u00e9n envejece! Por eso, es muy importante realizar los cuidados espec\u00edficos a un tipo de pelo que empieza a ser m\u00e1s fino y fr\u00e1gil. \u00a1Te explicamos la rutina de belleza capilar que debes seguir a partir de tus 50 si quieres seguir luciendo un pelo fuerte, grueso y brillante!<\/h4>\n<\/div><div class=\"fusion-clearfix\"><\/div><\/div><\/div><\/div><\/div><div class=\"fusion-fullwidth fullwidth-box fusion-builder-row-4 fusion-flex-container nonhundred-percent-fullwidth non-hundred-percent-height-scrolling\" style=\"--awb-border-radius-top-left:0px;--awb-border-radius-top-right:0px;--awb-border-radius-bottom-right:0px;--awb-border-radius-bottom-left:0px;\" ><div class=\"fusion-builder-row fusion-row fusion-flex-align-items-flex-start\" style=\"max-width:94.64%;margin-left: calc(-4% \/ 2 );margin-right: calc(-4% \/ 2 );\"><div class=\"fusion-layout-column fusion_builder_column fusion-builder-column-4 fusion_builder_column_1_1 1_1 fusion-flex-column\" style=\"--awb-bg-size:cover;--awb-width-large:100%;--awb-margin-top-large:20px;--awb-spacing-right-large:1.92%;--awb-margin-bottom-large:20px;--awb-spacing-left-large:1.92%;--awb-width-medium:100%;--awb-order-medium:0;--awb-spacing-right-medium:1.92%;--awb-spacing-left-medium:1.92%;--awb-width-small:100%;--awb-order-small:0;--awb-spacing-right-small:1.92%;--awb-spacing-left-small:1.92%;\"><div class=\"fusion-column-wrapper fusion-column-has-shadow fusion-flex-justify-content-flex-start fusion-content-layout-column\"><div class=\"fusion-text fusion-text-4\"><p>Con la edad, el cabello cambia de color y de textura. \u00a1Es muy normal! Siempre explicamos que los <u><a href=\"https:\/\/termix.net\/blog\/es\/skinification-los-cuidados-del-cuero-cabelludo-termix\/\"><strong>cuidados del pelo y del cuero cabelludo<\/strong><\/a><\/u> deber\u00edan estar al mismo nivel que el cuidado que dedicamos a la piel. \u00a1Y es que <strong>el pelo tambi\u00e9n envejece<\/strong>!<\/p>\n<p>Quiz\u00e1s los rizos ya no se definen tanto como antes. O puede que empiecen a aparecer <strong>canas<\/strong> (\u00a1si no han aparecido ya a los 20 o los 30!). Tambi\u00e9n es normal la <strong>p\u00e9rdida de densidad<\/strong> y <strong>ca\u00edda del pelo<\/strong>, <u><a href=\"https:\/\/termix.net\/blog\/es\/todo-sobre-la-alopecia-que-es-y-en-que-consiste-su-tratamiento\/\"><strong>alopecia<\/strong><\/a><\/u>&#8230; Todo esto se debe a muchos factores: la <strong>melanina<\/strong>, los <strong>rayos UV<\/strong>, el <strong>estr\u00e9s<\/strong>, la <strong>gen\u00e9tica<\/strong>&#8230; La regeneraci\u00f3n celular es m\u00e1s lenta y la circulaci\u00f3n sangu\u00ednea disminuye en la zona del cuero cabelludo. Adem\u00e1s, la parte del ciclo del cabello en el que este cae y, despu\u00e9s, nace nuevo pelo es mucho m\u00e1s lento. Por lo tanto, esa p\u00e9rdida afecta a la densidad.<\/p>\n<\/div><div class=\"fusion-separator fusion-full-width-sep\" style=\"align-self: center;margin-left: auto;margin-right: auto;margin-top:3%;width:100%;\"><\/div><div class=\"fusion-title title fusion-title-3 fusion-sep-none fusion-title-center fusion-title-text fusion-title-size-three\"><h3 class=\"title-heading-center fusion-responsive-typography-calculated\" style=\"margin:0;--fontSize:40;line-height:1.4;\"><h3 style=\"text-align: center;\">C\u00d3MO CUIDAR EL PELO A PARTIR DE LOS 50<\/h3><\/h3><\/div><div class=\"fusion-separator fusion-full-width-sep\" style=\"align-self: center;margin-left: auto;margin-right: auto;margin-top:3%;width:100%;\"><\/div><div class=\"fusion-text fusion-text-5\"><p>El <strong>cuidado del cabello<\/strong> es un aspecto vital para mantener su salud y apariencia. Con la atenci\u00f3n adecuada, tu pelo a\u00fan puede verse y sentirse sano, tengas la edad que tengas. En <u><a href=\"https:\/\/www.instagram.com\/termixoficial\/\" target=\"_blank\" rel=\"noopener\"><strong>Termix<\/strong><\/a><\/u> te explicamos algunos <strong>consejos para cuidar tu cabello a partir de los 50<\/strong>. Es importante pensar de manera integral, teniendo en cuenta el <strong>cuidado del cuero cabelludo<\/strong>, la <strong>protecci\u00f3n del cabello<\/strong> y la <strong>nutrici\u00f3n adecuada<\/strong>.<\/p>\n<\/div><div class=\"fusion-image-element \" style=\"text-align:center;--awb-caption-title-size:var(--h2_typography-font-size);--awb-caption-title-transform:var(--h2_typography-text-transform);--awb-caption-title-line-height:var(--h2_typography-line-height);--awb-caption-title-letter-spacing:var(--h2_typography-letter-spacing);\"><span class=\" fusion-imageframe imageframe-none imageframe-1 hover-type-none\"><img decoding=\"async\" width=\"1000\" height=\"700\" title=\"Una dieta rica en vitaminas y minerales es fundamental para mantener la salud de tu cabello\" src=\"https:\/\/termix.net\/blog\/wp-content\/uploads\/2023\/02\/Una-dieta-rica-en-vitaminas-y-minerales-es-fundamental-para-mantener-la-salud-de-tu-cabello.jpg\" alt class=\"img-responsive wp-image-36742\" srcset=\"https:\/\/termix.net\/blog\/wp-content\/uploads\/2023\/02\/Una-dieta-rica-en-vitaminas-y-minerales-es-fundamental-para-mantener-la-salud-de-tu-cabello-200x140.jpg 200w, https:\/\/termix.net\/blog\/wp-content\/uploads\/2023\/02\/Una-dieta-rica-en-vitaminas-y-minerales-es-fundamental-para-mantener-la-salud-de-tu-cabello-400x280.jpg 400w, https:\/\/termix.net\/blog\/wp-content\/uploads\/2023\/02\/Una-dieta-rica-en-vitaminas-y-minerales-es-fundamental-para-mantener-la-salud-de-tu-cabello-600x420.jpg 600w, https:\/\/termix.net\/blog\/wp-content\/uploads\/2023\/02\/Una-dieta-rica-en-vitaminas-y-minerales-es-fundamental-para-mantener-la-salud-de-tu-cabello-800x560.jpg 800w, https:\/\/termix.net\/blog\/wp-content\/uploads\/2023\/02\/Una-dieta-rica-en-vitaminas-y-minerales-es-fundamental-para-mantener-la-salud-de-tu-cabello.jpg 1000w\" sizes=\"(max-width: 1024px) 100vw, (max-width: 640px) 100vw, 1000px\" \/><\/span><\/div><div class=\"fusion-separator fusion-full-width-sep\" style=\"align-self: center;margin-left: auto;margin-right: auto;margin-top:3%;width:100%;\"><\/div><div class=\"fusion-image-element \" style=\"text-align:center;--awb-caption-title-size:var(--h2_typography-font-size);--awb-caption-title-transform:var(--h2_typography-text-transform);--awb-caption-title-line-height:var(--h2_typography-line-height);--awb-caption-title-letter-spacing:var(--h2_typography-letter-spacing);\"><span class=\" fusion-imageframe imageframe-none imageframe-2 hover-type-none\"><img decoding=\"async\" width=\"1160\" height=\"150\" alt=\"numero1web\" title=\"numero1web\" src=\"https:\/\/termix.net\/blog\/wp-content\/uploads\/2020\/05\/numero1web.jpg\" class=\"img-responsive wp-image-26017\" srcset=\"https:\/\/termix.net\/blog\/wp-content\/uploads\/2020\/05\/numero1web-200x26.jpg 200w, https:\/\/termix.net\/blog\/wp-content\/uploads\/2020\/05\/numero1web-400x52.jpg 400w, https:\/\/termix.net\/blog\/wp-content\/uploads\/2020\/05\/numero1web-600x78.jpg 600w, https:\/\/termix.net\/blog\/wp-content\/uploads\/2020\/05\/numero1web-800x103.jpg 800w, https:\/\/termix.net\/blog\/wp-content\/uploads\/2020\/05\/numero1web.jpg 1160w\" sizes=\"(max-width: 1024px) 100vw, (max-width: 640px) 100vw, 1160px\" \/><\/span><\/div><div class=\"fusion-title title fusion-title-4 fusion-sep-none fusion-title-center fusion-title-text fusion-title-size-five\"><h5 class=\"title-heading-center fusion-responsive-typography-calculated\" style=\"margin:0;--fontSize:25;--minFontSize:25;line-height:1.2;\"><h5 style=\"text-align: center;\">LA IMPORTANCIA DE UNA BUENA LIMPIEZA<\/h5><\/h5><\/div><div class=\"fusion-text fusion-text-6\"><p>Cuando laves y peines tu pelo, es importante usar <strong>productos suaves a la vez que fortificantes<\/strong>. Los productos con ingredientes como el <u><a href=\"https:\/\/termix.net\/blog\/es\/beneficios-del-aloe-vera-para-eliminar-la-caspa-del-cabello-termix\/\"><strong>aloe vera<\/strong><\/a><\/u>, el <u><a href=\"https:\/\/termix.net\/blog\/es\/4-beneficios-del-aceite-de-marula-para-el-cabello-termix\/\"><strong>aceite de marula<\/strong><\/a><\/u>\u00a0o la <u><a href=\"https:\/\/termix.net\/blog\/es\/beneficios-de-la-manteca-de-karite-para-el-cabello-termix\/\"><strong>manteca de karit\u00e9<\/strong><\/a><\/u>,\u00a0mejoran su salud frente al envejecimiento,\u00a0ayudando a <strong>fortalecer el cabello<\/strong> y <strong>previniendo la rotura<\/strong>.<\/p>\n<\/div><div class=\"fusion-builder-row fusion-builder-row-inner fusion-row fusion-flex-align-items-flex-start\" style=\"width:104% !important;max-width:104% !important;margin-left: calc(-4% \/ 2 );margin-right: calc(-4% \/ 2 );\"><div class=\"fusion-layout-column fusion_builder_column_inner fusion-builder-nested-column-0 fusion_builder_column_inner_1_2 1_2 fusion-flex-column\" style=\"--awb-bg-size:cover;--awb-width-large:50%;--awb-margin-top-large:20px;--awb-spacing-right-large:3.84%;--awb-margin-bottom-large:20px;--awb-spacing-left-large:3.84%;--awb-width-medium:100%;--awb-order-medium:0;--awb-spacing-right-medium:1.92%;--awb-spacing-left-medium:1.92%;--awb-width-small:100%;--awb-order-small:0;--awb-spacing-right-small:1.92%;--awb-spacing-left-small:1.92%;\"><div class=\"fusion-column-wrapper fusion-column-has-shadow fusion-flex-justify-content-flex-start fusion-content-layout-column\"><div class=\"fusion-text fusion-text-7\"><p>Un buen cuidado del cuero cabelludo es muy importante. La limpieza, masaje o exfoliaci\u00f3n e hidrataci\u00f3n son esenciales a cualquier edad, pero especialmente a medida que se envejece.<\/p>\n<p>Debido a que <u><a href=\"https:\/\/termix.net\/blog\/es\/como-identificar-la-porosidad-del-cabello-termix\/\"><strong>el cabello tiende a ser m\u00e1s poroso con la edad<\/strong><\/a><\/u>, lo que puede provocar m\u00e1s roturas, recomendamos usar los <u><a href=\"https:\/\/termix.net\/es\/styleme\/mascarillas-y-champus-de-peluqueria-naturales-para-el-pelo\/\"><strong>champ\u00fas, mascarillas y acondicionadores sin sulfatos<\/strong><\/a><\/u>. Los sulfatos pueden causar y empeorar el <strong>encrespamiento<\/strong>, la <strong>sequedad<\/strong> y la <strong>coloraci\u00f3n amarillenta de las canas<\/strong>.<\/p>\n<\/div><\/div><\/div><div class=\"fusion-layout-column fusion_builder_column_inner fusion-builder-nested-column-1 fusion_builder_column_inner_1_4 1_4 fusion-flex-column\" style=\"--awb-bg-size:cover;--awb-width-large:25%;--awb-margin-top-large:20px;--awb-spacing-right-large:7.68%;--awb-margin-bottom-large:20px;--awb-spacing-left-large:7.68%;--awb-width-medium:100%;--awb-order-medium:0;--awb-spacing-right-medium:1.92%;--awb-spacing-left-medium:1.92%;--awb-width-small:100%;--awb-order-small:0;--awb-spacing-right-small:1.92%;--awb-spacing-left-small:1.92%;\"><div class=\"fusion-column-wrapper fusion-column-has-shadow fusion-flex-justify-content-flex-start fusion-content-layout-column\"><div class=\"fusion-image-element \" style=\"text-align:center;--awb-caption-title-size:var(--h2_typography-font-size);--awb-caption-title-transform:var(--h2_typography-text-transform);--awb-caption-title-line-height:var(--h2_typography-line-height);--awb-caption-title-letter-spacing:var(--h2_typography-letter-spacing);\"><span class=\" fusion-imageframe imageframe-none imageframe-3 hover-type-none\"><img decoding=\"async\" width=\"1000\" height=\"1000\" alt=\"Gama champ\u00fa y mascarilla Nutri.Me Termix\" title=\"Gama champ\u00fa y mascarilla Nutri.Me Termix\" src=\"https:\/\/termix.net\/blog\/wp-content\/uploads\/2022\/10\/termix1582ok.jpg\" class=\"img-responsive wp-image-35790\" srcset=\"https:\/\/termix.net\/blog\/wp-content\/uploads\/2022\/10\/termix1582ok-200x200.jpg 200w, https:\/\/termix.net\/blog\/wp-content\/uploads\/2022\/10\/termix1582ok-400x400.jpg 400w, https:\/\/termix.net\/blog\/wp-content\/uploads\/2022\/10\/termix1582ok-600x600.jpg 600w, https:\/\/termix.net\/blog\/wp-content\/uploads\/2022\/10\/termix1582ok-800x800.jpg 800w, https:\/\/termix.net\/blog\/wp-content\/uploads\/2022\/10\/termix1582ok.jpg 1000w\" sizes=\"(max-width: 1024px) 100vw, (max-width: 640px) 100vw, 400px\" \/><\/span><\/div><div class=\"fusion-text fusion-text-8\"><p style=\"text-align: center;\"><strong>Champ\u00fas y mascarillas Nutri.me<\/strong><\/p>\n<\/div><div style=\"text-align:center;\"><a class=\"fusion-button button-flat fusion-button-default-size button-default fusion-button-default button-1 fusion-button-default-span fusion-button-default-type\" target=\"_self\" href=\"https:\/\/termix.net\/es\/styleme\/mascarillas-y-champus-de-peluqueria-naturales-para-el-pelo\/\"><span class=\"fusion-button-text\">COMPRAR<\/span><\/a><\/div><\/div><\/div><div class=\"fusion-layout-column fusion_builder_column_inner fusion-builder-nested-column-2 fusion_builder_column_inner_1_4 1_4 fusion-flex-column\" style=\"--awb-bg-size:cover;--awb-width-large:25%;--awb-margin-top-large:20px;--awb-spacing-right-large:7.68%;--awb-margin-bottom-large:20px;--awb-spacing-left-large:7.68%;--awb-width-medium:100%;--awb-order-medium:0;--awb-spacing-right-medium:1.92%;--awb-spacing-left-medium:1.92%;--awb-width-small:100%;--awb-order-small:0;--awb-spacing-right-small:1.92%;--awb-spacing-left-small:1.92%;\"><div class=\"fusion-column-wrapper fusion-column-has-shadow fusion-flex-justify-content-flex-start fusion-content-layout-column\"><div class=\"fusion-image-element \" style=\"text-align:center;--awb-caption-title-size:var(--h2_typography-font-size);--awb-caption-title-transform:var(--h2_typography-text-transform);--awb-caption-title-line-height:var(--h2_typography-line-height);--awb-caption-title-letter-spacing:var(--h2_typography-letter-spacing);\"><span class=\" fusion-imageframe imageframe-none imageframe-4 hover-type-none\"><img decoding=\"async\" width=\"1000\" height=\"1000\" alt=\"Gama champ\u00fa y mascarilla Repair.Me Termix\" title=\"Gama champ\u00fa y mascarilla Repair.Me Termix\" src=\"https:\/\/termix.net\/blog\/wp-content\/uploads\/2022\/10\/termix1588ok.jpg\" class=\"img-responsive wp-image-35788\" srcset=\"https:\/\/termix.net\/blog\/wp-content\/uploads\/2022\/10\/termix1588ok-200x200.jpg 200w, https:\/\/termix.net\/blog\/wp-content\/uploads\/2022\/10\/termix1588ok-400x400.jpg 400w, https:\/\/termix.net\/blog\/wp-content\/uploads\/2022\/10\/termix1588ok-600x600.jpg 600w, https:\/\/termix.net\/blog\/wp-content\/uploads\/2022\/10\/termix1588ok-800x800.jpg 800w, https:\/\/termix.net\/blog\/wp-content\/uploads\/2022\/10\/termix1588ok.jpg 1000w\" sizes=\"(max-width: 1024px) 100vw, (max-width: 640px) 100vw, 400px\" \/><\/span><\/div><div class=\"fusion-text fusion-text-9\"><p style=\"text-align: center;\"><strong>Champ\u00fas y mascarillas Repair.me<\/strong><\/p>\n<\/div><div style=\"text-align:center;\"><a class=\"fusion-button button-flat fusion-button-default-size button-default fusion-button-default button-2 fusion-button-default-span fusion-button-default-type\" target=\"_self\" href=\"https:\/\/termix.net\/es\/styleme\/mascarillas-y-champus-de-peluqueria-naturales-para-el-pelo\/\"><span class=\"fusion-button-text\">COMPRAR<\/span><\/a><\/div><\/div><\/div><\/div><div class=\"fusion-separator fusion-full-width-sep\" style=\"align-self: center;margin-left: auto;margin-right: auto;margin-top:3%;width:100%;\"><\/div><div class=\"fusion-image-element \" style=\"text-align:center;--awb-caption-title-size:var(--h2_typography-font-size);--awb-caption-title-transform:var(--h2_typography-text-transform);--awb-caption-title-line-height:var(--h2_typography-line-height);--awb-caption-title-letter-spacing:var(--h2_typography-letter-spacing);\"><span class=\" fusion-imageframe imageframe-none imageframe-5 hover-type-none\"><img decoding=\"async\" width=\"1160\" height=\"150\" title=\"numero2web\" src=\"https:\/\/termix.net\/blog\/wp-content\/uploads\/2019\/11\/numero2web-2.jpg\" alt class=\"img-responsive wp-image-4793\" srcset=\"https:\/\/termix.net\/blog\/wp-content\/uploads\/2019\/11\/numero2web-2-200x26.jpg 200w, https:\/\/termix.net\/blog\/wp-content\/uploads\/2019\/11\/numero2web-2-400x52.jpg 400w, https:\/\/termix.net\/blog\/wp-content\/uploads\/2019\/11\/numero2web-2-600x78.jpg 600w, https:\/\/termix.net\/blog\/wp-content\/uploads\/2019\/11\/numero2web-2-800x103.jpg 800w, https:\/\/termix.net\/blog\/wp-content\/uploads\/2019\/11\/numero2web-2.jpg 1160w\" sizes=\"(max-width: 1024px) 100vw, (max-width: 640px) 100vw, 1160px\" \/><\/span><\/div><div class=\"fusion-title title fusion-title-5 fusion-sep-none fusion-title-center fusion-title-text fusion-title-size-five\"><h5 class=\"title-heading-center fusion-responsive-typography-calculated\" style=\"margin:0;--fontSize:25;--minFontSize:25;line-height:1.2;\"><h5 style=\"text-align: center;\">USA HERRAMIENTAS ADECUADAS Y PROFESIONALES<\/h5><\/h5><\/div><div class=\"fusion-builder-row fusion-builder-row-inner fusion-row fusion-flex-align-items-flex-start\" style=\"width:104% !important;max-width:104% !important;margin-left: calc(-4% \/ 2 );margin-right: calc(-4% \/ 2 );\"><div class=\"fusion-layout-column fusion_builder_column_inner fusion-builder-nested-column-3 fusion_builder_column_inner_1_2 1_2 fusion-flex-column\" style=\"--awb-bg-size:cover;--awb-width-large:50%;--awb-margin-top-large:20px;--awb-spacing-right-large:3.84%;--awb-margin-bottom-large:20px;--awb-spacing-left-large:3.84%;--awb-width-medium:100%;--awb-order-medium:0;--awb-spacing-right-medium:1.92%;--awb-spacing-left-medium:1.92%;--awb-width-small:100%;--awb-order-small:0;--awb-spacing-right-small:1.92%;--awb-spacing-left-small:1.92%;\"><div class=\"fusion-column-wrapper fusion-column-has-shadow fusion-flex-justify-content-flex-start fusion-content-layout-column\"><div class=\"fusion-text fusion-text-10\"><p>Como ya hemos dicho, el pelo es m\u00e1s fr\u00e1gil, as\u00ed que debes utilizar <strong>herramientas adecuadas<\/strong> a \u00e9ste. La gama <strong><u><a href=\"https:\/\/termix.net\/blog\/es\/guia-cepillos-profesionales\/\">Evolution de Termix<\/a><\/u> ofrece cepillos de pelo adecuadas a cada tipo de cabello<\/strong>.<\/p>\n<p>Los <u><a href=\"https:\/\/termix.net\/blog\/es\/nuevos-cepillos-termix-gold-rose\/\"><strong>cepillos Gold Rose<\/strong><\/a><\/u> tienen un <strong>balanceado de fibras de nylon ionizadas<\/strong> adaptadas para <strong>moldear o alisar los cabellos porosos, secos y apagados<\/strong>. Adem\u00e1s, eliminan el encrespamiento y aportan brillo y suavidad al cabello.<\/p>\n<\/div><\/div><\/div><div class=\"fusion-layout-column fusion_builder_column_inner fusion-builder-nested-column-4 fusion_builder_column_inner_1_2 1_2 fusion-flex-column\" style=\"--awb-bg-size:cover;--awb-width-large:50%;--awb-margin-top-large:20px;--awb-spacing-right-large:3.84%;--awb-margin-bottom-large:20px;--awb-spacing-left-large:3.84%;--awb-width-medium:100%;--awb-order-medium:0;--awb-spacing-right-medium:1.92%;--awb-spacing-left-medium:1.92%;--awb-width-small:100%;--awb-order-small:0;--awb-spacing-right-small:1.92%;--awb-spacing-left-small:1.92%;\"><div class=\"fusion-column-wrapper fusion-column-has-shadow fusion-flex-justify-content-flex-start fusion-content-layout-column\"><div class=\"fusion-image-element \" style=\"text-align:center;--awb-caption-title-size:var(--h2_typography-font-size);--awb-caption-title-transform:var(--h2_typography-text-transform);--awb-caption-title-line-height:var(--h2_typography-line-height);--awb-caption-title-letter-spacing:var(--h2_typography-letter-spacing);\"><span class=\" fusion-imageframe imageframe-none imageframe-6 hover-type-none\"><img decoding=\"async\" width=\"1000\" height=\"600\" alt=\"OpenDay Termix presentacion prensa cepillos termicos gold rose\" title=\"OpenDay Termix presentacion prensa cepillos termicos gold rose\" src=\"https:\/\/termix.net\/blog\/wp-content\/uploads\/2021\/10\/OpenDay-Termix-presentacion-prensa-cepillos-termicos-gold-rose.jpg\" class=\"img-responsive wp-image-31875\" srcset=\"https:\/\/termix.net\/blog\/wp-content\/uploads\/2021\/10\/OpenDay-Termix-presentacion-prensa-cepillos-termicos-gold-rose-200x120.jpg 200w, https:\/\/termix.net\/blog\/wp-content\/uploads\/2021\/10\/OpenDay-Termix-presentacion-prensa-cepillos-termicos-gold-rose-400x240.jpg 400w, https:\/\/termix.net\/blog\/wp-content\/uploads\/2021\/10\/OpenDay-Termix-presentacion-prensa-cepillos-termicos-gold-rose-600x360.jpg 600w, https:\/\/termix.net\/blog\/wp-content\/uploads\/2021\/10\/OpenDay-Termix-presentacion-prensa-cepillos-termicos-gold-rose-800x480.jpg 800w, https:\/\/termix.net\/blog\/wp-content\/uploads\/2021\/10\/OpenDay-Termix-presentacion-prensa-cepillos-termicos-gold-rose.jpg 1000w\" sizes=\"(max-width: 1024px) 100vw, (max-width: 640px) 100vw, 1000px\" \/><\/span><\/div><div class=\"fusion-separator fusion-full-width-sep\" style=\"align-self: center;margin-left: auto;margin-right: auto;margin-top:3%;width:100%;\"><\/div><div class=\"fusion-text fusion-text-11\"><p style=\"text-align: center;\"><strong>Cepillos Evolution Gold Rose<\/strong><\/p>\n<\/div><div style=\"text-align:center;\"><a class=\"fusion-button button-flat fusion-button-default-size button-default fusion-button-default button-3 fusion-button-default-span fusion-button-default-type\" target=\"_self\" href=\"https:\/\/termix.net\/blog\/es\/nuevos-cepillos-termix-gold-rose\/\"><span class=\"fusion-button-text\">COMPRAR<\/span><\/a><\/div><\/div><\/div><\/div><div class=\"fusion-image-element \" style=\"text-align:center;--awb-caption-title-size:var(--h2_typography-font-size);--awb-caption-title-transform:var(--h2_typography-text-transform);--awb-caption-title-line-height:var(--h2_typography-line-height);--awb-caption-title-letter-spacing:var(--h2_typography-letter-spacing);\"><span class=\" fusion-imageframe imageframe-none imageframe-7 hover-type-none\"><img decoding=\"async\" width=\"1160\" height=\"150\" title=\"numero3web\" src=\"https:\/\/termix.net\/blog\/wp-content\/uploads\/2019\/11\/numero3web-2.jpg\" alt class=\"img-responsive wp-image-4795\" srcset=\"https:\/\/termix.net\/blog\/wp-content\/uploads\/2019\/11\/numero3web-2-200x26.jpg 200w, https:\/\/termix.net\/blog\/wp-content\/uploads\/2019\/11\/numero3web-2-400x52.jpg 400w, https:\/\/termix.net\/blog\/wp-content\/uploads\/2019\/11\/numero3web-2-600x78.jpg 600w, https:\/\/termix.net\/blog\/wp-content\/uploads\/2019\/11\/numero3web-2-800x103.jpg 800w, https:\/\/termix.net\/blog\/wp-content\/uploads\/2019\/11\/numero3web-2.jpg 1160w\" sizes=\"(max-width: 1024px) 100vw, (max-width: 640px) 100vw, 1160px\" \/><\/span><\/div><div class=\"fusion-title title fusion-title-6 fusion-sep-none fusion-title-center fusion-title-text fusion-title-size-five\"><h5 class=\"title-heading-center fusion-responsive-typography-calculated\" style=\"margin:0;--fontSize:25;--minFontSize:25;line-height:1.2;\"><h5 style=\"text-align: center;\">TEMPERATURA SEG\u00daN TU TIPO DE PELO<\/h5><\/h5><\/div><div class=\"fusion-text fusion-text-12\"><p>El peinado con calor excesivo puede da\u00f1ar el cabello, as\u00ed que si usas <strong>herramientas de calor<\/strong>, aseg\u00farate de usar un <u><a href=\"https:\/\/termix.net\/es\/styleme\/sprays-termo-protectores-cabello-de-peluqueria-styleme-by-termix\/spray-protector-styleme-shieldy.html\"><strong>spray protector contra el calor<\/strong><\/a><\/u> para reducir el riesgo de da\u00f1o y las herramientas a la temperatura adecuada.<\/p>\n<p>El <u><a href=\"https:\/\/termix.net\/es\/secador-pelo-compacto-termix-4300.html\"><strong>Secador 4300 de Termix<\/strong><\/a><\/u> es capaz de regular el caudal de aire gracias a la inclusi\u00f3n de dos botones niveladores. Incorpora <strong>3 niveles de temperatura m\u00e1s un bot\u00f3n de aire fr\u00edo<\/strong>, que permite adaptarse a todo tipo de cabellos mejorando la durabilidad y calidad del peinado. \u00a1Y siempre recomendamos usarlo a una <strong>distancia de 15 cm de tu cabello<\/strong>!<\/p>\n<p>Por otro lado, las <strong>planchas profesionales <u><a href=\"https:\/\/termix.net\/es\/plancha-pelo-profesional-termix-wild.html\">Wild<\/a><\/u>, <u><a href=\"https:\/\/termix.net\/es\/plancha-pelo-profesional-termix-230.html\">230\u00ba Black<\/a><\/u> y <u><a href=\"https:\/\/termix.net\/es\/plancha-de-pelo-profesional-termix-230-gold-rose.html\">230\u00ba Gold Rose<\/a><\/u><\/strong>, incorporan tramos de temperatura que van des de los 130\u00ba a 230\u00ba. <strong>Para un pelo a partir de los 50 a\u00f1os, te recomendamos una temperatura de entre 120\u00ba y 180\u00ba<\/strong>.<\/p>\n<\/div><div class=\"fusion-separator fusion-full-width-sep\" style=\"align-self: center;margin-left: auto;margin-right: auto;margin-top:3%;width:100%;\"><\/div><div class=\"fusion-image-element \" style=\"text-align:center;--awb-caption-title-size:var(--h2_typography-font-size);--awb-caption-title-transform:var(--h2_typography-text-transform);--awb-caption-title-line-height:var(--h2_typography-line-height);--awb-caption-title-letter-spacing:var(--h2_typography-letter-spacing);\"><span class=\" fusion-imageframe imageframe-none imageframe-8 hover-type-none\"><img decoding=\"async\" width=\"1160\" height=\"150\" title=\"numero4web\" src=\"https:\/\/termix.net\/blog\/wp-content\/uploads\/2019\/11\/numero4web-1.jpg\" alt class=\"img-responsive wp-image-1477\" srcset=\"https:\/\/termix.net\/blog\/wp-content\/uploads\/2019\/11\/numero4web-1-200x26.jpg 200w, https:\/\/termix.net\/blog\/wp-content\/uploads\/2019\/11\/numero4web-1-400x52.jpg 400w, https:\/\/termix.net\/blog\/wp-content\/uploads\/2019\/11\/numero4web-1-600x78.jpg 600w, https:\/\/termix.net\/blog\/wp-content\/uploads\/2019\/11\/numero4web-1-800x103.jpg 800w, https:\/\/termix.net\/blog\/wp-content\/uploads\/2019\/11\/numero4web-1.jpg 1160w\" sizes=\"(max-width: 1024px) 100vw, (max-width: 640px) 100vw, 1160px\" \/><\/span><\/div><div class=\"fusion-title title fusion-title-7 fusion-sep-none fusion-title-center fusion-title-text fusion-title-size-five\"><h5 class=\"title-heading-center fusion-responsive-typography-calculated\" style=\"margin:0;--fontSize:25;--minFontSize:25;line-height:1.2;\"><h5 style=\"text-align: center;\">REALIZA CORTES REGULARES<\/h5><\/h5><\/div><div class=\"fusion-builder-row fusion-builder-row-inner fusion-row fusion-flex-align-items-flex-start\" style=\"width:104% !important;max-width:104% !important;margin-left: calc(-4% \/ 2 );margin-right: calc(-4% \/ 2 );\"><div class=\"fusion-layout-column fusion_builder_column_inner fusion-builder-nested-column-5 fusion_builder_column_inner_2_3 2_3 fusion-flex-column\" style=\"--awb-bg-size:cover;--awb-width-large:66.666666666667%;--awb-margin-top-large:20px;--awb-spacing-right-large:2.88%;--awb-margin-bottom-large:20px;--awb-spacing-left-large:2.88%;--awb-width-medium:100%;--awb-order-medium:0;--awb-spacing-right-medium:1.92%;--awb-spacing-left-medium:1.92%;--awb-width-small:100%;--awb-order-small:0;--awb-spacing-right-small:1.92%;--awb-spacing-left-small:1.92%;\"><div class=\"fusion-column-wrapper fusion-column-has-shadow fusion-flex-justify-content-flex-start fusion-content-layout-column\"><div class=\"fusion-text fusion-text-13\"><p>Los <strong>cortes de cabello regulares<\/strong> son esenciales para mantener el cabello saludable y con el mejor aspecto. Recortar las puntas cada seis u ocho semanas puede ayudar a <strong>prevenir las puntas abiertas<\/strong>. Es m\u00e1s, <u><a href=\"https:\/\/termix.net\/blog\/es\/estos-son-los-5-cortes-de-pelo-que-quitan-anos-termix\/\"><strong>el corte de pelo que te realices tambi\u00e9n te ayudar\u00e1 a quitarte a\u00f1os<\/strong><\/a><\/u> (si es lo que buscas, \u00a1claro!).<\/p>\n<p>Adem\u00e1s, si buscas volumen, el corte que te hagas puede ayudar a ganarlo. Los <strong>cortes con capas<\/strong> pueden ir genial. Luego, puedes usar <u><a href=\"https:\/\/termix.net\/es\/styleme\/polvo-voluminizador-styleme-dusty.html\"><strong>productos voluminizadores como los Polvos Dusty<\/strong><\/a><\/u>. Aplic\u00e1ndolo sobre la ra\u00edz del cabello en seco, proporciona un efecto voluminizador instant\u00e1neo y de larga duraci\u00f3n. Es ideal para texturizar, dar forma y cardar el cabello.<\/p>\n<\/div><\/div><\/div><div class=\"fusion-layout-column fusion_builder_column_inner fusion-builder-nested-column-6 fusion_builder_column_inner_1_3 1_3 fusion-flex-column\" style=\"--awb-bg-size:cover;--awb-width-large:33.333333333333%;--awb-margin-top-large:20px;--awb-spacing-right-large:5.76%;--awb-margin-bottom-large:20px;--awb-spacing-left-large:5.76%;--awb-width-medium:100%;--awb-order-medium:0;--awb-spacing-right-medium:1.92%;--awb-spacing-left-medium:1.92%;--awb-width-small:100%;--awb-order-small:0;--awb-spacing-right-small:1.92%;--awb-spacing-left-small:1.92%;\"><div class=\"fusion-column-wrapper fusion-column-has-shadow fusion-flex-justify-content-flex-start fusion-content-layout-column\"><div class=\"fusion-image-element \" style=\"text-align:center;--awb-caption-title-size:var(--h2_typography-font-size);--awb-caption-title-transform:var(--h2_typography-text-transform);--awb-caption-title-line-height:var(--h2_typography-line-height);--awb-caption-title-letter-spacing:var(--h2_typography-letter-spacing);\"><span class=\" fusion-imageframe imageframe-none imageframe-9 hover-type-none\"><img decoding=\"async\" width=\"1200\" height=\"1200\" alt=\"Polvo voluminizador Dusty\" title=\"polvo-voluminizador-styleme-dusty\" src=\"https:\/\/termix.net\/blog\/wp-content\/uploads\/2021\/08\/polvo-voluminizador-styleme-dusty.jpeg\" class=\"img-responsive wp-image-30870\" srcset=\"https:\/\/termix.net\/blog\/wp-content\/uploads\/2021\/08\/polvo-voluminizador-styleme-dusty-200x200.jpeg 200w, https:\/\/termix.net\/blog\/wp-content\/uploads\/2021\/08\/polvo-voluminizador-styleme-dusty-400x400.jpeg 400w, https:\/\/termix.net\/blog\/wp-content\/uploads\/2021\/08\/polvo-voluminizador-styleme-dusty-600x600.jpeg 600w, https:\/\/termix.net\/blog\/wp-content\/uploads\/2021\/08\/polvo-voluminizador-styleme-dusty-800x800.jpeg 800w, https:\/\/termix.net\/blog\/wp-content\/uploads\/2021\/08\/polvo-voluminizador-styleme-dusty.jpeg 1200w\" sizes=\"(max-width: 1024px) 100vw, (max-width: 640px) 100vw, 600px\" \/><\/span><\/div><div class=\"fusion-text fusion-text-14\"><p style=\"text-align: center;\"><strong>Polvo voluminizador Dusty<\/strong><\/p>\n<\/div><div style=\"text-align:center;\"><a class=\"fusion-button button-flat fusion-button-default-size button-default fusion-button-default button-4 fusion-button-default-span fusion-button-default-type\" target=\"_blank\" rel=\"noopener noreferrer\" href=\"https:\/\/termix.net\/es\/styleme\/polvo-voluminizador-styleme-dusty.html\"><span class=\"fusion-button-text\">COMPRAR<\/span><\/a><\/div><\/div><\/div><\/div><div class=\"fusion-image-element \" style=\"text-align:center;--awb-caption-title-size:var(--h2_typography-font-size);--awb-caption-title-transform:var(--h2_typography-text-transform);--awb-caption-title-line-height:var(--h2_typography-line-height);--awb-caption-title-letter-spacing:var(--h2_typography-letter-spacing);\"><span class=\" fusion-imageframe imageframe-none imageframe-10 hover-type-none\"><img decoding=\"async\" width=\"1000\" height=\"700\" alt=\"Los cortes de cabello regulares son esenciales para mantener el cabello saludable y con el mejor aspecto\" title=\"Los cortes de cabello regulares son esenciales para mantener el cabello saludable y con el mejor aspecto\" src=\"https:\/\/termix.net\/blog\/wp-content\/uploads\/2023\/02\/Los-cortes-de-cabello-regulares-son-esenciales-para-mantener-el-cabello-saludable-y-con-el-mejor-aspecto.jpg\" class=\"img-responsive wp-image-36740\" srcset=\"https:\/\/termix.net\/blog\/wp-content\/uploads\/2023\/02\/Los-cortes-de-cabello-regulares-son-esenciales-para-mantener-el-cabello-saludable-y-con-el-mejor-aspecto-200x140.jpg 200w, https:\/\/termix.net\/blog\/wp-content\/uploads\/2023\/02\/Los-cortes-de-cabello-regulares-son-esenciales-para-mantener-el-cabello-saludable-y-con-el-mejor-aspecto-400x280.jpg 400w, https:\/\/termix.net\/blog\/wp-content\/uploads\/2023\/02\/Los-cortes-de-cabello-regulares-son-esenciales-para-mantener-el-cabello-saludable-y-con-el-mejor-aspecto-600x420.jpg 600w, https:\/\/termix.net\/blog\/wp-content\/uploads\/2023\/02\/Los-cortes-de-cabello-regulares-son-esenciales-para-mantener-el-cabello-saludable-y-con-el-mejor-aspecto-800x560.jpg 800w, https:\/\/termix.net\/blog\/wp-content\/uploads\/2023\/02\/Los-cortes-de-cabello-regulares-son-esenciales-para-mantener-el-cabello-saludable-y-con-el-mejor-aspecto.jpg 1000w\" sizes=\"(max-width: 1024px) 100vw, (max-width: 640px) 100vw, 1000px\" \/><\/span><\/div><div class=\"fusion-separator fusion-full-width-sep\" style=\"align-self: center;margin-left: auto;margin-right: auto;margin-top:3%;width:100%;\"><\/div><div class=\"fusion-image-element \" style=\"text-align:center;--awb-caption-title-size:var(--h2_typography-font-size);--awb-caption-title-transform:var(--h2_typography-text-transform);--awb-caption-title-line-height:var(--h2_typography-line-height);--awb-caption-title-letter-spacing:var(--h2_typography-letter-spacing);\"><span class=\" fusion-imageframe imageframe-none imageframe-11 hover-type-none\"><img decoding=\"async\" width=\"1160\" height=\"150\" title=\"numero5web\" src=\"https:\/\/termix.net\/blog\/wp-content\/uploads\/2019\/11\/numero5web-3.jpg\" alt class=\"img-responsive wp-image-4799\" srcset=\"https:\/\/termix.net\/blog\/wp-content\/uploads\/2019\/11\/numero5web-3-200x26.jpg 200w, https:\/\/termix.net\/blog\/wp-content\/uploads\/2019\/11\/numero5web-3-400x52.jpg 400w, https:\/\/termix.net\/blog\/wp-content\/uploads\/2019\/11\/numero5web-3-600x78.jpg 600w, https:\/\/termix.net\/blog\/wp-content\/uploads\/2019\/11\/numero5web-3-800x103.jpg 800w, https:\/\/termix.net\/blog\/wp-content\/uploads\/2019\/11\/numero5web-3.jpg 1160w\" sizes=\"(max-width: 1024px) 100vw, (max-width: 640px) 100vw, 1160px\" \/><\/span><\/div><div class=\"fusion-title title fusion-title-8 fusion-sep-none fusion-title-center fusion-title-text fusion-title-size-five\"><h5 class=\"title-heading-center fusion-responsive-typography-calculated\" style=\"margin:0;--fontSize:25;--minFontSize:25;line-height:1.2;\"><h5 style=\"text-align: center;\">LA IMPORTANCIA DE LA HIDRATACI\u00d3N<\/h5><\/h5><\/div><div class=\"fusion-builder-row fusion-builder-row-inner fusion-row fusion-flex-align-items-flex-start\" style=\"width:104% !important;max-width:104% !important;margin-left: calc(-4% \/ 2 );margin-right: calc(-4% \/ 2 );\"><div class=\"fusion-layout-column fusion_builder_column_inner fusion-builder-nested-column-7 fusion_builder_column_inner_2_3 2_3 fusion-flex-column\" style=\"--awb-bg-size:cover;--awb-width-large:66.666666666667%;--awb-margin-top-large:20px;--awb-spacing-right-large:2.88%;--awb-margin-bottom-large:20px;--awb-spacing-left-large:2.88%;--awb-width-medium:100%;--awb-order-medium:0;--awb-spacing-right-medium:1.92%;--awb-spacing-left-medium:1.92%;--awb-width-small:100%;--awb-order-small:0;--awb-spacing-right-small:1.92%;--awb-spacing-left-small:1.92%;\"><div class=\"fusion-column-wrapper fusion-column-has-shadow fusion-flex-justify-content-flex-start fusion-content-layout-column\"><div class=\"fusion-text fusion-text-15\"><p><strong>Beber mucha agua<\/strong> es crucial para mantener la salud de tu cabello. Cuando tu cuerpo est\u00e1 deshidratado, el cabello puede volverse seco, quebradizo y m\u00e1s propenso a romperse. \u00a1Trata de beber al menos ocho vasos de agua por d\u00eda!<\/p>\n<p>Tambi\u00e9n puedes agregar productos capilares hidratantes a tu rutina diaria. El <u><a href=\"https:\/\/termix.net\/es\/styleme\/aceites-de-peluqueria\/aceite-revitalizante-cabello-styleme.html\"><strong>Aceite Revive Oil<\/strong><\/a><\/u> repara los cabellos secos y da\u00f1ados, aportando brillo y sedosidad. Con ingredientes naturales como el <u><a href=\"https:\/\/termix.net\/blog\/es\/la-quinoa-un-potente-ingrediente-para-tu-cabello\/\"><strong>extracto de quinoa<\/strong><\/a><\/u> y la <u><a href=\"https:\/\/termix.net\/blog\/es\/los-beneficios-del-extracto-de-orquidea-para-el-cabello-termix\/\"><strong>orqu\u00eddea<\/strong><\/a><\/u>, tu pelo ganar\u00e1 <strong>elasticidad y vitalidad<\/strong>.<\/p>\n<\/div><\/div><\/div><div class=\"fusion-layout-column fusion_builder_column_inner fusion-builder-nested-column-8 fusion_builder_column_inner_1_3 1_3 fusion-flex-column\" style=\"--awb-bg-size:cover;--awb-width-large:33.333333333333%;--awb-margin-top-large:20px;--awb-spacing-right-large:5.76%;--awb-margin-bottom-large:20px;--awb-spacing-left-large:5.76%;--awb-width-medium:100%;--awb-order-medium:0;--awb-spacing-right-medium:1.92%;--awb-spacing-left-medium:1.92%;--awb-width-small:100%;--awb-order-small:0;--awb-spacing-right-small:1.92%;--awb-spacing-left-small:1.92%;\"><div class=\"fusion-column-wrapper fusion-column-has-shadow fusion-flex-justify-content-flex-start fusion-content-layout-column\"><div class=\"fusion-image-element \" style=\"text-align:center;--awb-caption-title-size:var(--h2_typography-font-size);--awb-caption-title-transform:var(--h2_typography-text-transform);--awb-caption-title-line-height:var(--h2_typography-line-height);--awb-caption-title-letter-spacing:var(--h2_typography-letter-spacing);\"><span class=\" fusion-imageframe imageframe-none imageframe-12 hover-type-none\"><img decoding=\"async\" width=\"1200\" height=\"1200\" alt=\"Aceite Revitalizante Revive Oil\" title=\"aceite-revitalizante-cabello-styleme\" src=\"https:\/\/termix.net\/blog\/wp-content\/uploads\/2021\/08\/aceite-revitalizante-cabello-styleme.jpeg\" class=\"img-responsive wp-image-30895\" srcset=\"https:\/\/termix.net\/blog\/wp-content\/uploads\/2021\/08\/aceite-revitalizante-cabello-styleme-200x200.jpeg 200w, https:\/\/termix.net\/blog\/wp-content\/uploads\/2021\/08\/aceite-revitalizante-cabello-styleme-400x400.jpeg 400w, https:\/\/termix.net\/blog\/wp-content\/uploads\/2021\/08\/aceite-revitalizante-cabello-styleme-600x600.jpeg 600w, https:\/\/termix.net\/blog\/wp-content\/uploads\/2021\/08\/aceite-revitalizante-cabello-styleme-800x800.jpeg 800w, https:\/\/termix.net\/blog\/wp-content\/uploads\/2021\/08\/aceite-revitalizante-cabello-styleme.jpeg 1200w\" sizes=\"(max-width: 1024px) 100vw, (max-width: 640px) 100vw, 600px\" \/><\/span><\/div><div class=\"fusion-text fusion-text-16\"><p style=\"text-align: center;\"><strong>Aceite revitalizante Revive<\/strong><\/p>\n<\/div><div style=\"text-align:center;\"><a class=\"fusion-button button-flat fusion-button-default-size button-default fusion-button-default button-5 fusion-button-default-span fusion-button-default-type\" target=\"_blank\" rel=\"noopener noreferrer\" href=\"https:\/\/termix.net\/es\/styleme\/aceites-de-peluqueria\/aceite-revitalizante-cabello-styleme.html\"><span class=\"fusion-button-text\">COMPRAR<\/span><\/a><\/div><\/div><\/div><\/div><div class=\"fusion-image-element \" style=\"text-align:center;--awb-caption-title-size:var(--h2_typography-font-size);--awb-caption-title-transform:var(--h2_typography-text-transform);--awb-caption-title-line-height:var(--h2_typography-line-height);--awb-caption-title-letter-spacing:var(--h2_typography-letter-spacing);\"><span class=\" fusion-imageframe imageframe-none imageframe-13 hover-type-none\"><img decoding=\"async\" width=\"1160\" height=\"150\" title=\"numero6web\" src=\"https:\/\/termix.net\/blog\/wp-content\/uploads\/2019\/11\/numero6web-1.jpg\" alt class=\"img-responsive wp-image-20572\" srcset=\"https:\/\/termix.net\/blog\/wp-content\/uploads\/2019\/11\/numero6web-1-200x26.jpg 200w, https:\/\/termix.net\/blog\/wp-content\/uploads\/2019\/11\/numero6web-1-400x52.jpg 400w, https:\/\/termix.net\/blog\/wp-content\/uploads\/2019\/11\/numero6web-1-600x78.jpg 600w, https:\/\/termix.net\/blog\/wp-content\/uploads\/2019\/11\/numero6web-1-800x103.jpg 800w, https:\/\/termix.net\/blog\/wp-content\/uploads\/2019\/11\/numero6web-1.jpg 1160w\" sizes=\"(max-width: 1024px) 100vw, (max-width: 640px) 100vw, 1160px\" \/><\/span><\/div><div class=\"fusion-title title fusion-title-9 fusion-sep-none fusion-title-center fusion-title-text fusion-title-size-five\"><h5 class=\"title-heading-center fusion-responsive-typography-calculated\" style=\"margin:0;--fontSize:25;--minFontSize:25;line-height:1.2;\"><h5 style=\"text-align: center;\">QUE TU COLOR NO PIERDA VIDA<\/h5><\/h5><\/div><div class=\"fusion-text fusion-text-17\"><p>Cuando te realicen un <strong>tratamiento o tinte en el pelo<\/strong>, aseg\u00farate que no sea demasiado agresivo. Los <strong>tintes qu\u00edmicos<\/strong> hacen que el cabello sea m\u00e1s quebradizo y propenso a quebrarse, por lo que <strong>volverse m\u00e1s natural<\/strong> ayudar\u00e1 a retener la longitud y el grosor mientras mantiene un <strong>cuero cabelludo m\u00e1s saludable<\/strong>.<\/p>\n<\/div><div class=\"fusion-builder-row fusion-builder-row-inner fusion-row fusion-flex-align-items-flex-start\" style=\"width:104% !important;max-width:104% !important;margin-left: calc(-4% \/ 2 );margin-right: calc(-4% \/ 2 );\"><div class=\"fusion-layout-column fusion_builder_column_inner fusion-builder-nested-column-9 fusion_builder_column_inner_1_2 1_2 fusion-flex-column\" style=\"--awb-bg-size:cover;--awb-width-large:50%;--awb-margin-top-large:20px;--awb-spacing-right-large:3.84%;--awb-margin-bottom-large:20px;--awb-spacing-left-large:3.84%;--awb-width-medium:100%;--awb-order-medium:0;--awb-spacing-right-medium:1.92%;--awb-spacing-left-medium:1.92%;--awb-width-small:100%;--awb-order-small:0;--awb-spacing-right-small:1.92%;--awb-spacing-left-small:1.92%;\"><div class=\"fusion-column-wrapper fusion-column-has-shadow fusion-flex-justify-content-flex-start fusion-content-layout-column\"><div class=\"fusion-text fusion-text-18\"><p>Si decides empezar a <strong>disfrutar de tu vida con canas<\/strong>, descubre la l\u00ednea de <strong><u><a href=\"https:\/\/termix.net\/es\/champu-antiyellowme-styleme.html\">Champ\u00fas<\/a><\/u> y <u><a href=\"https:\/\/termix.net\/es\/mascarilla-anti-yellow-styleme.html\">Mascarillas veganas AntiYellow.me<\/a><\/u> para cabellos rubios, decolorados o con canas<\/strong>, formulada para neutralizar los <strong>tonos subyacentes amarillos no deseados<\/strong>.<\/p>\n<p>Gracias a su <strong>f\u00f3rmula natural<\/strong>, <strong>libre de SLES<\/strong>, y enriquecida con <u><a href=\"https:\/\/termix.net\/blog\/es\/beneficios-del-aloe-vera-para-eliminar-la-caspa-del-cabello-termix\/\"><strong>aloe vera<\/strong><\/a><\/u>, <u><a href=\"https:\/\/termix.net\/blog\/es\/4-beneficios-del-aceite-de-marula-para-el-cabello-termix\/\"><strong>aceite de marula<\/strong><\/a><\/u> y <strong>pigmentos violetas<\/strong>, <strong>mantiene el tono fr\u00edo<\/strong> neutralizando los tonos subyacentes c\u00e1lidos, previniendo la p\u00e9rdida de color y realzando su intensidad.<\/p>\n<\/div><\/div><\/div><div class=\"fusion-layout-column fusion_builder_column_inner fusion-builder-nested-column-10 fusion_builder_column_inner_1_4 1_4 fusion-flex-column\" style=\"--awb-bg-size:cover;--awb-width-large:25%;--awb-margin-top-large:20px;--awb-spacing-right-large:7.68%;--awb-margin-bottom-large:20px;--awb-spacing-left-large:7.68%;--awb-width-medium:100%;--awb-order-medium:0;--awb-spacing-right-medium:1.92%;--awb-spacing-left-medium:1.92%;--awb-width-small:100%;--awb-order-small:0;--awb-spacing-right-small:1.92%;--awb-spacing-left-small:1.92%;\"><div class=\"fusion-column-wrapper fusion-column-has-shadow fusion-flex-justify-content-flex-start fusion-content-layout-column\"><div class=\"fusion-image-element \" style=\"text-align:center;--awb-caption-title-size:var(--h2_typography-font-size);--awb-caption-title-transform:var(--h2_typography-text-transform);--awb-caption-title-line-height:var(--h2_typography-line-height);--awb-caption-title-letter-spacing:var(--h2_typography-letter-spacing);\"><span class=\" fusion-imageframe imageframe-none imageframe-14 hover-type-none\"><img decoding=\"async\" width=\"1000\" height=\"1000\" alt=\"Champ\u00fa AntiYellow.Me de Style.Me Termix\" title=\"Champ\u00fa AntiYellow.Me de Style.Me Termix\" src=\"https:\/\/termix.net\/blog\/wp-content\/uploads\/2022\/10\/antiyelloow.jpg\" class=\"img-responsive wp-image-35480\" srcset=\"https:\/\/termix.net\/blog\/wp-content\/uploads\/2022\/10\/antiyelloow-200x200.jpg 200w, https:\/\/termix.net\/blog\/wp-content\/uploads\/2022\/10\/antiyelloow-400x400.jpg 400w, https:\/\/termix.net\/blog\/wp-content\/uploads\/2022\/10\/antiyelloow-600x600.jpg 600w, https:\/\/termix.net\/blog\/wp-content\/uploads\/2022\/10\/antiyelloow-800x800.jpg 800w, https:\/\/termix.net\/blog\/wp-content\/uploads\/2022\/10\/antiyelloow.jpg 1000w\" sizes=\"(max-width: 1024px) 100vw, (max-width: 640px) 100vw, 400px\" \/><\/span><\/div><div class=\"fusion-text fusion-text-19\"><p style=\"text-align: center;\"><strong>Champ\u00fa Antiyellow.me<\/strong><\/p>\n<\/div><div style=\"text-align:center;\"><a class=\"fusion-button button-flat fusion-button-default-size button-default fusion-button-default button-6 fusion-button-default-span fusion-button-default-type\" target=\"_blank\" rel=\"noopener noreferrer\" href=\"https:\/\/termix.net\/es\/champu-antiyellowme-styleme.html\"><span class=\"fusion-button-text\">COMPRAR<\/span><\/a><\/div><\/div><\/div><div class=\"fusion-layout-column fusion_builder_column_inner fusion-builder-nested-column-11 fusion_builder_column_inner_1_4 1_4 fusion-flex-column\" style=\"--awb-bg-size:cover;--awb-width-large:25%;--awb-margin-top-large:20px;--awb-spacing-right-large:7.68%;--awb-margin-bottom-large:20px;--awb-spacing-left-large:7.68%;--awb-width-medium:100%;--awb-order-medium:0;--awb-spacing-right-medium:1.92%;--awb-spacing-left-medium:1.92%;--awb-width-small:100%;--awb-order-small:0;--awb-spacing-right-small:1.92%;--awb-spacing-left-small:1.92%;\"><div class=\"fusion-column-wrapper fusion-column-has-shadow fusion-flex-justify-content-flex-start fusion-content-layout-column\"><div class=\"fusion-image-element \" style=\"text-align:center;--awb-caption-title-size:var(--h2_typography-font-size);--awb-caption-title-transform:var(--h2_typography-text-transform);--awb-caption-title-line-height:var(--h2_typography-line-height);--awb-caption-title-letter-spacing:var(--h2_typography-letter-spacing);\"><span class=\" fusion-imageframe imageframe-none imageframe-15 hover-type-none\"><img decoding=\"async\" width=\"1000\" height=\"1000\" alt=\"Mascarilla AntiYellow.Me de Style.Me Termix\" title=\"Mascarilla AntiYellow.Me de Style.Me Termix\" src=\"https:\/\/termix.net\/blog\/wp-content\/uploads\/2022\/10\/antiyellow-pequeno.jpg\" class=\"img-responsive wp-image-35482\" srcset=\"https:\/\/termix.net\/blog\/wp-content\/uploads\/2022\/10\/antiyellow-pequeno-200x200.jpg 200w, https:\/\/termix.net\/blog\/wp-content\/uploads\/2022\/10\/antiyellow-pequeno-400x400.jpg 400w, https:\/\/termix.net\/blog\/wp-content\/uploads\/2022\/10\/antiyellow-pequeno-600x600.jpg 600w, https:\/\/termix.net\/blog\/wp-content\/uploads\/2022\/10\/antiyellow-pequeno-800x800.jpg 800w, https:\/\/termix.net\/blog\/wp-content\/uploads\/2022\/10\/antiyellow-pequeno.jpg 1000w\" sizes=\"(max-width: 1024px) 100vw, (max-width: 640px) 100vw, 400px\" \/><\/span><\/div><div class=\"fusion-text fusion-text-20\"><p style=\"text-align: center;\"><strong>Mascarilla Antiyellow.me<\/strong><\/p>\n<\/div><div style=\"text-align:center;\"><a class=\"fusion-button button-flat fusion-button-default-size button-default fusion-button-default button-7 fusion-button-default-span fusion-button-default-type\" target=\"_blank\" rel=\"noopener noreferrer\" href=\"https:\/\/termix.net\/es\/mascarilla-anti-yellow-styleme.html\"><span class=\"fusion-button-text\">COMPRAR<\/span><\/a><\/div><\/div><\/div><\/div><div class=\"fusion-separator fusion-full-width-sep\" style=\"align-self: center;margin-left: auto;margin-right: auto;margin-top:3%;width:100%;\"><\/div><div class=\"fusion-image-element \" style=\"text-align:center;--awb-caption-title-size:var(--h2_typography-font-size);--awb-caption-title-transform:var(--h2_typography-text-transform);--awb-caption-title-line-height:var(--h2_typography-line-height);--awb-caption-title-letter-spacing:var(--h2_typography-letter-spacing);\"><span class=\" fusion-imageframe imageframe-none imageframe-16 hover-type-none\"><img decoding=\"async\" width=\"1160\" height=\"150\" title=\"numero7\" src=\"https:\/\/termix.net\/blog\/wp-content\/uploads\/2019\/11\/numero7.jpg\" alt class=\"img-responsive wp-image-20574\" srcset=\"https:\/\/termix.net\/blog\/wp-content\/uploads\/2019\/11\/numero7-200x26.jpg 200w, https:\/\/termix.net\/blog\/wp-content\/uploads\/2019\/11\/numero7-400x52.jpg 400w, https:\/\/termix.net\/blog\/wp-content\/uploads\/2019\/11\/numero7-600x78.jpg 600w, https:\/\/termix.net\/blog\/wp-content\/uploads\/2019\/11\/numero7-800x103.jpg 800w, https:\/\/termix.net\/blog\/wp-content\/uploads\/2019\/11\/numero7.jpg 1160w\" sizes=\"(max-width: 1024px) 100vw, (max-width: 640px) 100vw, 1160px\" \/><\/span><\/div><div class=\"fusion-title title fusion-title-10 fusion-sep-none fusion-title-center fusion-title-text fusion-title-size-five\"><h5 class=\"title-heading-center fusion-responsive-typography-calculated\" style=\"margin:0;--fontSize:25;--minFontSize:25;line-height:1.2;\"><h5 style=\"text-align: center;\">LLEVA UNA DIETA SALUDABLE<\/h5><\/h5><\/div><div class=\"fusion-text fusion-text-21\"><p>Una <strong>dieta rica en vitaminas y minerales<\/strong> es fundamental para mantener la salud de tu cabello, \u00a1tengas 20 o 60 a\u00f1os! Los alimentos ricos en <strong>vitaminas B, C y E<\/strong>, as\u00ed como en <strong>hierro<\/strong> y <strong>\u00e1cidos grasos omega-3<\/strong>, pueden ayudar a mantener el cabello con el mejor aspecto y sensaci\u00f3n.<\/p>\n<p>Incluso <strong>incorporar suplementos multivitam\u00ednicos y de <u><a href=\"https:\/\/termix.net\/blog\/es\/los-beneficios-del-bambu-para-el-cabello-termix\/\">col\u00e1geno<\/a><\/u><\/strong> todos los d\u00edas. El col\u00e1geno vale la pena considerarlo, ya que el cuerpo produce un 50% menos de col\u00e1geno a mediados de los 50.<\/p>\n<\/div><\/div><\/div><\/div><\/div><\/p>\n","protected":false},"excerpt":{"rendered":"","protected":false},"author":6,"featured_media":36727,"comment_status":"open","ping_status":"open","sticky":false,"template":"","format":"standard","meta":[],"categories":[3],"tags":[856,857,858,860,855,861,859],"yoast_head":"<!-- This site is optimized with the Yoast SEO plugin v20.0 - https:\/\/yoast.com\/wordpress\/plugins\/seo\/ -->\n<title>Cuidados del pelo a partir de los 50 a\u00f1os | TERMIX<\/title>\n<meta name=\"description\" content=\"\u00a1Te explicamos la rutina de belleza capilar que debes seguir a partir de tus 50 si quieres seguir luciendo un pelo fuerte, grueso y brillante!\" \/>\n<meta name=\"robots\" content=\"index, follow, max-snippet:-1, max-image-preview:large, max-video-preview:-1\" \/>\n<link rel=\"canonical\" href=\"https:\/\/termix.net\/blog\/es\/como-deberian-ser-los-cuidados-del-pelo-a-partir-de-los-50-anos\/\" \/>\n<meta property=\"og:locale\" content=\"es_ES\" \/>\n<meta property=\"og:type\" content=\"article\" \/>\n<meta property=\"og:title\" content=\"Cuidados del pelo a partir de los 50 a\u00f1os | TERMIX\" \/>\n<meta property=\"og:description\" content=\"\u00a1Te explicamos la rutina de belleza capilar que debes seguir a partir de tus 50 si quieres seguir luciendo un pelo fuerte, grueso y brillante!\" \/>\n<meta property=\"og:url\" content=\"https:\/\/termix.net\/blog\/es\/como-deberian-ser-los-cuidados-del-pelo-a-partir-de-los-50-anos\/\" \/>\n<meta property=\"og:site_name\" content=\"Blog Termix Spain\" \/>\n<meta property=\"article:published_time\" content=\"2023-02-03T09:25:20+00:00\" \/>\n<meta property=\"article:modified_time\" content=\"2023-03-07T10:07:03+00:00\" \/>\n<meta property=\"og:image\" content=\"https:\/\/termix.net\/blog\/wp-content\/uploads\/2023\/02\/Como-deberian-ser-los-cuidados-del-pelo-a-partir-de-los-50-anos-Portada-blog-horizontal.jpg\" \/>\n\t<meta property=\"og:image:width\" content=\"1000\" \/>\n\t<meta property=\"og:image:height\" content=\"600\" \/>\n\t<meta property=\"og:image:type\" content=\"image\/jpeg\" \/>\n<meta name=\"author\" content=\"Termix Alicia\" \/>\n<meta name=\"twitter:card\" content=\"summary_large_image\" \/>\n<meta name=\"twitter:title\" content=\"Cuidados del pelo a partir de los 50 a\u00f1os | TERMIX\" \/>\n<meta name=\"twitter:description\" content=\"\u00a1Te explicamos la rutina de belleza capilar que debes seguir a partir de tus 50 si quieres seguir luciendo un pelo fuerte, grueso y brillante!\" \/>\n<meta name=\"twitter:image\" content=\"https:\/\/termix.net\/blog\/wp-content\/uploads\/2023\/02\/Como-deberian-ser-los-cuidados-del-pelo-a-partir-de-los-50-anos-Portada-blog-horizontal.jpg\" \/>\n<meta name=\"twitter:label1\" content=\"Escrito por\" \/>\n\t<meta name=\"twitter:data1\" content=\"Termix Alicia\" \/>\n\t<meta name=\"twitter:label2\" content=\"Tiempo de lectura\" \/>\n\t<meta name=\"twitter:data2\" content=\"33 minutos\" \/>\n<script type=\"application\/ld+json\" class=\"yoast-schema-graph\">{\"@context\":\"https:\/\/schema.org\",\"@graph\":[{\"@type\":\"Article\",\"@id\":\"https:\/\/termix.net\/blog\/es\/como-deberian-ser-los-cuidados-del-pelo-a-partir-de-los-50-anos\/#article\",\"isPartOf\":{\"@id\":\"https:\/\/termix.net\/blog\/es\/como-deberian-ser-los-cuidados-del-pelo-a-partir-de-los-50-anos\/\"},\"author\":{\"name\":\"Termix Alicia\",\"@id\":\"https:\/\/termix.net\/blog\/es\/#\/schema\/person\/b625ac27410466979aee03d7fbecce0f\"},\"headline\":\"C\u00f3mo deber\u00edan ser los cuidados del pelo a partir de los 50 a\u00f1os\",\"datePublished\":\"2023-02-03T09:25:20+00:00\",\"dateModified\":\"2023-03-07T10:07:03+00:00\",\"mainEntityOfPage\":{\"@id\":\"https:\/\/termix.net\/blog\/es\/como-deberian-ser-los-cuidados-del-pelo-a-partir-de-los-50-anos\/\"},\"wordCount\":16946,\"commentCount\":0,\"publisher\":{\"@id\":\"https:\/\/termix.net\/blog\/es\/#organization\"},\"keywords\":[\"cuidado pelo 50\",\"cuidado pelo 60\",\"cuidado pelo 70\",\"herramientas pelo 50\",\"pelo 50 a\u00f1os\",\"pelo 50 mujer\",\"pelo 60 a\u00f1os\"],\"articleSection\":[\"CONSEJOS\"],\"inLanguage\":\"es\",\"potentialAction\":[{\"@type\":\"CommentAction\",\"name\":\"Comment\",\"target\":[\"https:\/\/termix.net\/blog\/es\/como-deberian-ser-los-cuidados-del-pelo-a-partir-de-los-50-anos\/#respond\"]}]},{\"@type\":\"WebPage\",\"@id\":\"https:\/\/termix.net\/blog\/es\/como-deberian-ser-los-cuidados-del-pelo-a-partir-de-los-50-anos\/\",\"url\":\"https:\/\/termix.net\/blog\/es\/como-deberian-ser-los-cuidados-del-pelo-a-partir-de-los-50-anos\/\",\"name\":\"Cuidados del pelo a partir de los 50 a\u00f1os | TERMIX\",\"isPartOf\":{\"@id\":\"https:\/\/termix.net\/blog\/es\/#website\"},\"datePublished\":\"2023-02-03T09:25:20+00:00\",\"dateModified\":\"2023-03-07T10:07:03+00:00\",\"description\":\"\u00a1Te explicamos la rutina de belleza capilar que debes seguir a partir de tus 50 si quieres seguir luciendo un pelo fuerte, grueso y brillante!\",\"breadcrumb\":{\"@id\":\"https:\/\/termix.net\/blog\/es\/como-deberian-ser-los-cuidados-del-pelo-a-partir-de-los-50-anos\/#breadcrumb\"},\"inLanguage\":\"es\",\"potentialAction\":[{\"@type\":\"ReadAction\",\"target\":[\"https:\/\/termix.net\/blog\/es\/como-deberian-ser-los-cuidados-del-pelo-a-partir-de-los-50-anos\/\"]}]},{\"@type\":\"BreadcrumbList\",\"@id\":\"https:\/\/termix.net\/blog\/es\/como-deberian-ser-los-cuidados-del-pelo-a-partir-de-los-50-anos\/#breadcrumb\",\"itemListElement\":[{\"@type\":\"ListItem\",\"position\":1,\"name\":\"Home\",\"item\":\"https:\/\/termix.net\/blog\/es\/\"},{\"@type\":\"ListItem\",\"position\":2,\"name\":\"C\u00f3mo deber\u00edan ser los cuidados del pelo a partir de los 50 a\u00f1os\"}]},{\"@type\":\"WebSite\",\"@id\":\"https:\/\/termix.net\/blog\/es\/#website\",\"url\":\"https:\/\/termix.net\/blog\/es\/\",\"name\":\"Blog Termix Spain\",\"description\":\"Blog de tendencias y productos de peluquer\u00eda profesional.\",\"publisher\":{\"@id\":\"https:\/\/termix.net\/blog\/es\/#organization\"},\"potentialAction\":[{\"@type\":\"SearchAction\",\"target\":{\"@type\":\"EntryPoint\",\"urlTemplate\":\"https:\/\/termix.net\/blog\/es\/?s={search_term_string}\"},\"query-input\":\"required name=search_term_string\"}],\"inLanguage\":\"es\"},{\"@type\":\"Organization\",\"@id\":\"https:\/\/termix.net\/blog\/es\/#organization\",\"name\":\"Dols Industrial de Peluquer\u00eda SA\",\"url\":\"https:\/\/termix.net\/blog\/es\/\",\"logo\":{\"@type\":\"ImageObject\",\"inLanguage\":\"es\",\"@id\":\"https:\/\/termix.net\/blog\/es\/#\/schema\/logo\/image\/\",\"url\":\"https:\/\/termix.net\/blog\/wp-content\/uploads\/2020\/10\/OGbDAeng.jpeg\",\"contentUrl\":\"https:\/\/termix.net\/blog\/wp-content\/uploads\/2020\/10\/OGbDAeng.jpeg\",\"width\":800,\"height\":800,\"caption\":\"Dols Industrial de Peluquer\u00eda SA\"},\"image\":{\"@id\":\"https:\/\/termix.net\/blog\/es\/#\/schema\/logo\/image\/\"}},{\"@type\":\"Person\",\"@id\":\"https:\/\/termix.net\/blog\/es\/#\/schema\/person\/b625ac27410466979aee03d7fbecce0f\",\"name\":\"Termix Alicia\",\"image\":{\"@type\":\"ImageObject\",\"inLanguage\":\"es\",\"@id\":\"https:\/\/termix.net\/blog\/es\/#\/schema\/person\/image\/\",\"url\":\"https:\/\/secure.gravatar.com\/avatar\/6a3b6df66866f7cd6d4c84e7e83a3322?s=96&d=mm&r=g\",\"contentUrl\":\"https:\/\/secure.gravatar.com\/avatar\/6a3b6df66866f7cd6d4c84e7e83a3322?s=96&d=mm&r=g\",\"caption\":\"Termix Alicia\"},\"url\":\"https:\/\/termix.net\/blog\/es\/author\/aliciamotherstudio-net\/\"}]}<\/script>\n<!-- \/ Yoast SEO plugin. -->","yoast_head_json":{"title":"Cuidados del pelo a partir de los 50 a\u00f1os | TERMIX","description":"\u00a1Te explicamos la rutina de belleza capilar que debes seguir a partir de tus 50 si quieres seguir luciendo un pelo fuerte, grueso y brillante!","robots":{"index":"index","follow":"follow","max-snippet":"max-snippet:-1","max-image-preview":"max-image-preview:large","max-video-preview":"max-video-preview:-1"},"canonical":"https:\/\/termix.net\/blog\/es\/como-deberian-ser-los-cuidados-del-pelo-a-partir-de-los-50-anos\/","og_locale":"es_ES","og_type":"article","og_title":"Cuidados del pelo a partir de los 50 a\u00f1os | TERMIX","og_description":"\u00a1Te explicamos la rutina de belleza capilar que debes seguir a partir de tus 50 si quieres seguir luciendo un pelo fuerte, grueso y brillante!","og_url":"https:\/\/termix.net\/blog\/es\/como-deberian-ser-los-cuidados-del-pelo-a-partir-de-los-50-anos\/","og_site_name":"Blog Termix Spain","article_published_time":"2023-02-03T09:25:20+00:00","article_modified_time":"2023-03-07T10:07:03+00:00","og_image":[{"width":1000,"height":600,"url":"https:\/\/termix.net\/blog\/wp-content\/uploads\/2023\/02\/Como-deberian-ser-los-cuidados-del-pelo-a-partir-de-los-50-anos-Portada-blog-horizontal.jpg","type":"image\/jpeg"}],"author":"Termix Alicia","twitter_card":"summary_large_image","twitter_title":"Cuidados del pelo a partir de los 50 a\u00f1os | TERMIX","twitter_description":"\u00a1Te explicamos la rutina de belleza capilar que debes seguir a partir de tus 50 si quieres seguir luciendo un pelo fuerte, grueso y brillante!","twitter_image":"https:\/\/termix.net\/blog\/wp-content\/uploads\/2023\/02\/Como-deberian-ser-los-cuidados-del-pelo-a-partir-de-los-50-anos-Portada-blog-horizontal.jpg","twitter_misc":{"Escrito por":"Termix Alicia","Tiempo de lectura":"33 minutos"},"schema":{"@context":"https:\/\/schema.org","@graph":[{"@type":"Article","@id":"https:\/\/termix.net\/blog\/es\/como-deberian-ser-los-cuidados-del-pelo-a-partir-de-los-50-anos\/#article","isPartOf":{"@id":"https:\/\/termix.net\/blog\/es\/como-deberian-ser-los-cuidados-del-pelo-a-partir-de-los-50-anos\/"},"author":{"name":"Termix Alicia","@id":"https:\/\/termix.net\/blog\/es\/#\/schema\/person\/b625ac27410466979aee03d7fbecce0f"},"headline":"C\u00f3mo deber\u00edan ser los cuidados del pelo a partir de los 50 a\u00f1os","datePublished":"2023-02-03T09:25:20+00:00","dateModified":"2023-03-07T10:07:03+00:00","mainEntityOfPage":{"@id":"https:\/\/termix.net\/blog\/es\/como-deberian-ser-los-cuidados-del-pelo-a-partir-de-los-50-anos\/"},"wordCount":16946,"commentCount":0,"publisher":{"@id":"https:\/\/termix.net\/blog\/es\/#organization"},"keywords":["cuidado pelo 50","cuidado pelo 60","cuidado pelo 70","herramientas pelo 50","pelo 50 a\u00f1os","pelo 50 mujer","pelo 60 a\u00f1os"],"articleSection":["CONSEJOS"],"inLanguage":"es","potentialAction":[{"@type":"CommentAction","name":"Comment","target":["https:\/\/termix.net\/blog\/es\/como-deberian-ser-los-cuidados-del-pelo-a-partir-de-los-50-anos\/#respond"]}]},{"@type":"WebPage","@id":"https:\/\/termix.net\/blog\/es\/como-deberian-ser-los-cuidados-del-pelo-a-partir-de-los-50-anos\/","url":"https:\/\/termix.net\/blog\/es\/como-deberian-ser-los-cuidados-del-pelo-a-partir-de-los-50-anos\/","name":"Cuidados del pelo a partir de los 50 a\u00f1os | TERMIX","isPartOf":{"@id":"https:\/\/termix.net\/blog\/es\/#website"},"datePublished":"2023-02-03T09:25:20+00:00","dateModified":"2023-03-07T10:07:03+00:00","description":"\u00a1Te explicamos la rutina de belleza capilar que debes seguir a partir de tus 50 si quieres seguir luciendo un pelo fuerte, grueso y brillante!","breadcrumb":{"@id":"https:\/\/termix.net\/blog\/es\/como-deberian-ser-los-cuidados-del-pelo-a-partir-de-los-50-anos\/#breadcrumb"},"inLanguage":"es","potentialAction":[{"@type":"ReadAction","target":["https:\/\/termix.net\/blog\/es\/como-deberian-ser-los-cuidados-del-pelo-a-partir-de-los-50-anos\/"]}]},{"@type":"BreadcrumbList","@id":"https:\/\/termix.net\/blog\/es\/como-deberian-ser-los-cuidados-del-pelo-a-partir-de-los-50-anos\/#breadcrumb","itemListElement":[{"@type":"ListItem","position":1,"name":"Home","item":"https:\/\/termix.net\/blog\/es\/"},{"@type":"ListItem","position":2,"name":"C\u00f3mo deber\u00edan ser los cuidados del pelo a partir de los 50 a\u00f1os"}]},{"@type":"WebSite","@id":"https:\/\/termix.net\/blog\/es\/#website","url":"https:\/\/termix.net\/blog\/es\/","name":"Blog Termix Spain","description":"Blog de tendencias y productos de peluquer\u00eda profesional.","publisher":{"@id":"https:\/\/termix.net\/blog\/es\/#organization"},"potentialAction":[{"@type":"SearchAction","target":{"@type":"EntryPoint","urlTemplate":"https:\/\/termix.net\/blog\/es\/?s={search_term_string}"},"query-input":"required name=search_term_string"}],"inLanguage":"es"},{"@type":"Organization","@id":"https:\/\/termix.net\/blog\/es\/#organization","name":"Dols Industrial de Peluquer\u00eda SA","url":"https:\/\/termix.net\/blog\/es\/","logo":{"@type":"ImageObject","inLanguage":"es","@id":"https:\/\/termix.net\/blog\/es\/#\/schema\/logo\/image\/","url":"https:\/\/termix.net\/blog\/wp-content\/uploads\/2020\/10\/OGbDAeng.jpeg","contentUrl":"https:\/\/termix.net\/blog\/wp-content\/uploads\/2020\/10\/OGbDAeng.jpeg","width":800,"height":800,"caption":"Dols Industrial de Peluquer\u00eda SA"},"image":{"@id":"https:\/\/termix.net\/blog\/es\/#\/schema\/logo\/image\/"}},{"@type":"Person","@id":"https:\/\/termix.net\/blog\/es\/#\/schema\/person\/b625ac27410466979aee03d7fbecce0f","name":"Termix Alicia","image":{"@type":"ImageObject","inLanguage":"es","@id":"https:\/\/termix.net\/blog\/es\/#\/schema\/person\/image\/","url":"https:\/\/secure.gravatar.com\/avatar\/6a3b6df66866f7cd6d4c84e7e83a3322?s=96&d=mm&r=g","contentUrl":"https:\/\/secure.gravatar.com\/avatar\/6a3b6df66866f7cd6d4c84e7e83a3322?s=96&d=mm&r=g","caption":"Termix Alicia"},"url":"https:\/\/termix.net\/blog\/es\/author\/aliciamotherstudio-net\/"}]}},"_links":{"self":[{"href":"https:\/\/termix.net\/blog\/es\/wp-json\/wp\/v2\/posts\/36726"}],"collection":[{"href":"https:\/\/termix.net\/blog\/es\/wp-json\/wp\/v2\/posts"}],"about":[{"href":"https:\/\/termix.net\/blog\/es\/wp-json\/wp\/v2\/types\/post"}],"author":[{"embeddable":true,"href":"https:\/\/termix.net\/blog\/es\/wp-json\/wp\/v2\/users\/6"}],"replies":[{"embeddable":true,"href":"https:\/\/termix.net\/blog\/es\/wp-json\/wp\/v2\/comments?post=36726"}],"version-history":[{"count":16,"href":"https:\/\/termix.net\/blog\/es\/wp-json\/wp\/v2\/posts\/36726\/revisions"}],"predecessor-version":[{"id":37011,"href":"https:\/\/termix.net\/blog\/es\/wp-json\/wp\/v2\/posts\/36726\/revisions\/37011"}],"wp:featuredmedia":[{"embeddable":true,"href":"https:\/\/termix.net\/blog\/es\/wp-json\/wp\/v2\/media\/36727"}],"wp:attachment":[{"href":"https:\/\/termix.net\/blog\/es\/wp-json\/wp\/v2\/media?parent=36726"}],"wp:term":[{"taxonomy":"category","embeddable":true,"href":"https:\/\/termix.net\/blog\/es\/wp-json\/wp\/v2\/categories?post=36726"},{"taxonomy":"post_tag","embeddable":true,"href":"https:\/\/termix.net\/blog\/es\/wp-json\/wp\/v2\/tags?post=36726"}],"curies":[{"name":"wp","href":"https:\/\/api.w.org\/{rel}","templated":true}]}}