{"id":3608,"date":"2015-02-23T12:39:37","date_gmt":"2015-02-23T12:39:37","guid":{"rendered":"http:\/\/termix.net\/?p=3608"},"modified":"2019-12-17T09:42:52","modified_gmt":"2019-12-17T08:42:52","slug":"love-termix-te-unes-la-inspiracion-universal","status":"publish","type":"post","link":"https:\/\/termix.net\/blog\/es\/love-termix-te-unes-la-inspiracion-universal\/","title":{"rendered":"I Love Termix \u00bfTe unes a la inspiraci\u00f3n universal?"},"content":{"rendered":"<h1 style=\"text-align: center;\">I Love Termix<\/h1>\n<h1 style=\"text-align: center;\">\u00bfTe unes a la inspiraci\u00f3n universal?<\/h1>\n<p style=\"text-align: center;\">Es el color de las emociones, que evoca positividad y fuerza. De la mano del rojo, surge la nueva edici\u00f3n limitada de cepillos i\u00f3nicos <strong>C\u00b7ramic Color \u201cI Love Termix\u201d,<\/strong> con la \u00faltima <strong>tecnolog\u00eda de cer\u00e1mica-i\u00f3nica<\/strong>, perfecta para realizar <strong>peinados duraderos, \u00a0sin roturas, da\u00f1os y signos de encrespamiento.<\/strong><\/p>\n<h1 style=\"text-align: center;\"><img decoding=\"async\" class=\"alignnone size-full wp-image-21716\" src=\"https:\/\/termix.net\/blog\/wp-content\/uploads\/2015\/03\/bannerweb_news800x400_feria06.jpg\" alt=\"nuevo cepillos I love termix\" width=\"800\" height=\"400\" srcset=\"https:\/\/termix.net\/blog\/wp-content\/uploads\/2015\/03\/bannerweb_news800x400_feria06-200x100.jpg 200w, https:\/\/termix.net\/blog\/wp-content\/uploads\/2015\/03\/bannerweb_news800x400_feria06-300x150.jpg 300w, https:\/\/termix.net\/blog\/wp-content\/uploads\/2015\/03\/bannerweb_news800x400_feria06-400x200.jpg 400w, https:\/\/termix.net\/blog\/wp-content\/uploads\/2015\/03\/bannerweb_news800x400_feria06-600x300.jpg 600w, https:\/\/termix.net\/blog\/wp-content\/uploads\/2015\/03\/bannerweb_news800x400_feria06-768x384.jpg 768w, https:\/\/termix.net\/blog\/wp-content\/uploads\/2015\/03\/bannerweb_news800x400_feria06.jpg 800w\" sizes=\"(max-width: 800px) 100vw, 800px\" \/><\/h1>\n<h2>La nueva campa\u00f1a de Termix apuesta por el rojo<\/h2>\n<p style=\"text-align: justify;\">La nueva propuesta de Termix\u00a0est\u00e1 <strong>dedicada a inspirar a los profesionales del sector y a conectar con ellos por todo el mundo en un nivel emocional<\/strong>. Todo ello, ofreci\u00e9ndole numerosas <strong>ventajas y beneficios<\/strong>, entre los que destaca la mejora en el tiempo de secado, la reducci\u00f3n de la electricidad est\u00e1tica y la prolongaci\u00f3n del peinado, entre otros.<\/p>\n<p>&nbsp;<\/p>\n<p style=\"text-align: justify;\">Gracias a la tecnolog\u00eda de cer\u00e1mica, la temperatura se conserva y se reparte de manera uniforme, <strong>reduciendo el tiempo en el secado<\/strong> y mejorando la duraci\u00f3n y calidad del peinado. Por otro lado, su compuesto i\u00f3nico no solo <strong>protege y evita el da\u00f1o en el cabello, sino que le aporta brillo y suavidad<\/strong>. Las fibras Termix ionizadas de alto rendimiento, tambi\u00e9n resisten al calor y tienen mayor capacidad de recuperaci\u00f3n. Adem\u00e1s la colocaci\u00f3n perpendicular de las mismas permite una mejor penetraci\u00f3n y agarre del cabello, haciendo que se deslice mejor sobre el cepillo.<\/p>\n<h1 style=\"text-align: center;\"><img decoding=\"async\" class=\"alignnone size-full wp-image-21734\" src=\"https:\/\/termix.net\/blog\/wp-content\/uploads\/2015\/02\/bannerweb_news800x400_feria08.jpg\" alt=\"\" width=\"800\" height=\"400\" srcset=\"https:\/\/termix.net\/blog\/wp-content\/uploads\/2015\/02\/bannerweb_news800x400_feria08-200x100.jpg 200w, https:\/\/termix.net\/blog\/wp-content\/uploads\/2015\/02\/bannerweb_news800x400_feria08-300x150.jpg 300w, https:\/\/termix.net\/blog\/wp-content\/uploads\/2015\/02\/bannerweb_news800x400_feria08-400x200.jpg 400w, https:\/\/termix.net\/blog\/wp-content\/uploads\/2015\/02\/bannerweb_news800x400_feria08-600x300.jpg 600w, https:\/\/termix.net\/blog\/wp-content\/uploads\/2015\/02\/bannerweb_news800x400_feria08-768x384.jpg 768w, https:\/\/termix.net\/blog\/wp-content\/uploads\/2015\/02\/bannerweb_news800x400_feria08.jpg 800w\" sizes=\"(max-width: 800px) 100vw, 800px\" \/><\/h1>\n<p style=\"text-align: justify;\">\u00a0Los nuevos cepillos profesionales <strong>C\u00b7Ramic Color \u201cI Love Termix\u201d se presentan con un nuevo dise\u00f1o m\u00e1s ligero y ergon\u00f3mico<\/strong>, pensado para un mayor confort del profesional. Adem\u00e1s, en la parte inferior incorpora una p\u00faa que sirve para separar mechones de cabello con el mismo cepillo mientras moldea, ahorrando as\u00ed tiempo y ganando confort.<\/p>\n<h2 style=\"text-align: justify;\">Y t\u00fa, \u00bfte unes a la inspiraci\u00f3n universal?<\/h2>\n<h1 style=\"text-align: center;\"><img decoding=\"async\" class=\"size-full wp-image-21728 alignnone\" src=\"https:\/\/termix.net\/blog\/wp-content\/uploads\/2015\/02\/bannerweb_news800x400_feria03.jpg\" alt=\"\" width=\"800\" height=\"400\" srcset=\"https:\/\/termix.net\/blog\/wp-content\/uploads\/2015\/02\/bannerweb_news800x400_feria03-200x100.jpg 200w, https:\/\/termix.net\/blog\/wp-content\/uploads\/2015\/02\/bannerweb_news800x400_feria03-300x150.jpg 300w, https:\/\/termix.net\/blog\/wp-content\/uploads\/2015\/02\/bannerweb_news800x400_feria03-400x200.jpg 400w, https:\/\/termix.net\/blog\/wp-content\/uploads\/2015\/02\/bannerweb_news800x400_feria03-600x300.jpg 600w, https:\/\/termix.net\/blog\/wp-content\/uploads\/2015\/02\/bannerweb_news800x400_feria03-768x384.jpg 768w, https:\/\/termix.net\/blog\/wp-content\/uploads\/2015\/02\/bannerweb_news800x400_feria03.jpg 800w\" sizes=\"(max-width: 800px) 100vw, 800px\" \/><\/h1>\n","protected":false},"excerpt":{"rendered":"<p>\t\t\t\tEs el color de las emociones, que evoca positividad y fuerza. De la mano del rojo, surge la nueva edici\u00f3n limitada de cepillos i\u00f3nicos C\u00b7ramic Color \u201cI Love Termix\u201d, con la \u00faltima tecnolog\u00eda cer\u00e1mica-i\u00f3nica.\t\t<\/p>\n","protected":false},"author":2,"featured_media":21728,"comment_status":"open","ping_status":"open","sticky":false,"template":"","format":"standard","meta":[],"categories":[6],"tags":[],"yoast_head":"<!-- This site is optimized with the Yoast SEO plugin v20.0 - https:\/\/yoast.com\/wordpress\/plugins\/seo\/ -->\n<title>\u00bfTe unes a la inspiraci\u00f3n universal de Termix?-Termix<\/title>\n<meta name=\"description\" content=\"De la mano del rojo, surge la nueva edici\u00f3n limitada de cepillos i\u00f3nicos C\u00b7ramic Color \u201cI Love Termix\u201d, con la \u00faltima tecnolog\u00eda de cer\u00e1mica-i\u00f3nica.\" \/>\n<meta name=\"robots\" content=\"noindex, follow\" \/>\n<meta property=\"og:locale\" content=\"es_ES\" \/>\n<meta property=\"og:type\" content=\"article\" \/>\n<meta property=\"og:title\" content=\"\u00bfTe unes a la inspiraci\u00f3n universal de Termix?-Termix\" \/>\n<meta property=\"og:description\" content=\"De la mano del rojo, surge la nueva edici\u00f3n limitada de cepillos i\u00f3nicos C\u00b7ramic Color \u201cI Love Termix\u201d, con la \u00faltima tecnolog\u00eda de cer\u00e1mica-i\u00f3nica.\" \/>\n<meta property=\"og:url\" content=\"https:\/\/termix.net\/blog\/es\/love-termix-te-unes-la-inspiracion-universal\/\" \/>\n<meta property=\"og:site_name\" content=\"Blog Termix Spain\" \/>\n<meta property=\"article:published_time\" content=\"2015-02-23T12:39:37+00:00\" \/>\n<meta property=\"article:modified_time\" content=\"2019-12-17T08:42:52+00:00\" \/>\n<meta property=\"og:image\" content=\"https:\/\/termix.net\/blog\/wp-content\/uploads\/2015\/02\/bannerweb_news800x400_feria03.jpg\" \/>\n\t<meta property=\"og:image:width\" content=\"800\" \/>\n\t<meta property=\"og:image:height\" content=\"400\" \/>\n\t<meta property=\"og:image:type\" content=\"image\/jpeg\" \/>\n<meta name=\"author\" content=\"TermixTeam\" \/>\n<meta name=\"twitter:card\" content=\"summary_large_image\" \/>\n<meta name=\"twitter:label1\" content=\"Escrito por\" \/>\n\t<meta name=\"twitter:data1\" content=\"TermixTeam\" \/>\n\t<meta name=\"twitter:label2\" content=\"Tiempo de lectura\" \/>\n\t<meta name=\"twitter:data2\" content=\"2 minutos\" \/>\n<script type=\"application\/ld+json\" class=\"yoast-schema-graph\">{\"@context\":\"https:\/\/schema.org\",\"@graph\":[{\"@type\":\"Article\",\"@id\":\"https:\/\/termix.net\/blog\/es\/love-termix-te-unes-la-inspiracion-universal\/#article\",\"isPartOf\":{\"@id\":\"https:\/\/termix.net\/blog\/es\/love-termix-te-unes-la-inspiracion-universal\/\"},\"author\":{\"name\":\"TermixTeam\",\"@id\":\"https:\/\/termix.net\/blog\/es\/#\/schema\/person\/9096c98bdf03c8ddf91ad7172f254f40\"},\"headline\":\"I Love Termix \u00bfTe unes a la inspiraci\u00f3n universal?\",\"datePublished\":\"2015-02-23T12:39:37+00:00\",\"dateModified\":\"2019-12-17T08:42:52+00:00\",\"mainEntityOfPage\":{\"@id\":\"https:\/\/termix.net\/blog\/es\/love-termix-te-unes-la-inspiracion-universal\/\"},\"wordCount\":318,\"commentCount\":3,\"publisher\":{\"@id\":\"https:\/\/termix.net\/blog\/es\/#organization\"},\"articleSection\":[\"NOTICIAS\"],\"inLanguage\":\"es\",\"potentialAction\":[{\"@type\":\"CommentAction\",\"name\":\"Comment\",\"target\":[\"https:\/\/termix.net\/blog\/es\/love-termix-te-unes-la-inspiracion-universal\/#respond\"]}]},{\"@type\":\"WebPage\",\"@id\":\"https:\/\/termix.net\/blog\/es\/love-termix-te-unes-la-inspiracion-universal\/\",\"url\":\"https:\/\/termix.net\/blog\/es\/love-termix-te-unes-la-inspiracion-universal\/\",\"name\":\"\u00bfTe unes a la inspiraci\u00f3n universal de Termix?-Termix\",\"isPartOf\":{\"@id\":\"https:\/\/termix.net\/blog\/es\/#website\"},\"datePublished\":\"2015-02-23T12:39:37+00:00\",\"dateModified\":\"2019-12-17T08:42:52+00:00\",\"description\":\"De la mano del rojo, surge la nueva edici\u00f3n limitada de cepillos i\u00f3nicos C\u00b7ramic Color \u201cI Love Termix\u201d, con la \u00faltima tecnolog\u00eda de cer\u00e1mica-i\u00f3nica.\",\"breadcrumb\":{\"@id\":\"https:\/\/termix.net\/blog\/es\/love-termix-te-unes-la-inspiracion-universal\/#breadcrumb\"},\"inLanguage\":\"es\",\"potentialAction\":[{\"@type\":\"ReadAction\",\"target\":[\"https:\/\/termix.net\/blog\/es\/love-termix-te-unes-la-inspiracion-universal\/\"]}]},{\"@type\":\"BreadcrumbList\",\"@id\":\"https:\/\/termix.net\/blog\/es\/love-termix-te-unes-la-inspiracion-universal\/#breadcrumb\",\"itemListElement\":[{\"@type\":\"ListItem\",\"position\":1,\"name\":\"Home\",\"item\":\"https:\/\/termix.net\/blog\/es\/\"},{\"@type\":\"ListItem\",\"position\":2,\"name\":\"I Love Termix \u00bfTe unes a la inspiraci\u00f3n universal?\"}]},{\"@type\":\"WebSite\",\"@id\":\"https:\/\/termix.net\/blog\/es\/#website\",\"url\":\"https:\/\/termix.net\/blog\/es\/\",\"name\":\"Blog Termix Spain\",\"description\":\"Blog de tendencias y productos de peluquer\u00eda profesional.\",\"publisher\":{\"@id\":\"https:\/\/termix.net\/blog\/es\/#organization\"},\"potentialAction\":[{\"@type\":\"SearchAction\",\"target\":{\"@type\":\"EntryPoint\",\"urlTemplate\":\"https:\/\/termix.net\/blog\/es\/?s={search_term_string}\"},\"query-input\":\"required name=search_term_string\"}],\"inLanguage\":\"es\"},{\"@type\":\"Organization\",\"@id\":\"https:\/\/termix.net\/blog\/es\/#organization\",\"name\":\"Dols Industrial de Peluquer\u00eda SA\",\"url\":\"https:\/\/termix.net\/blog\/es\/\",\"logo\":{\"@type\":\"ImageObject\",\"inLanguage\":\"es\",\"@id\":\"https:\/\/termix.net\/blog\/es\/#\/schema\/logo\/image\/\",\"url\":\"https:\/\/termix.net\/blog\/wp-content\/uploads\/2020\/10\/OGbDAeng.jpeg\",\"contentUrl\":\"https:\/\/termix.net\/blog\/wp-content\/uploads\/2020\/10\/OGbDAeng.jpeg\",\"width\":800,\"height\":800,\"caption\":\"Dols Industrial de Peluquer\u00eda SA\"},\"image\":{\"@id\":\"https:\/\/termix.net\/blog\/es\/#\/schema\/logo\/image\/\"}},{\"@type\":\"Person\",\"@id\":\"https:\/\/termix.net\/blog\/es\/#\/schema\/person\/9096c98bdf03c8ddf91ad7172f254f40\",\"name\":\"TermixTeam\",\"image\":{\"@type\":\"ImageObject\",\"inLanguage\":\"es\",\"@id\":\"https:\/\/termix.net\/blog\/es\/#\/schema\/person\/image\/\",\"url\":\"https:\/\/secure.gravatar.com\/avatar\/d89f61f6bd1c29a4acb231736d1c74b3?s=96&d=mm&r=g\",\"contentUrl\":\"https:\/\/secure.gravatar.com\/avatar\/d89f61f6bd1c29a4acb231736d1c74b3?s=96&d=mm&r=g\",\"caption\":\"TermixTeam\"},\"url\":\"https:\/\/termix.net\/blog\/es\/author\/termixteam\/\"}]}<\/script>\n<!-- \/ Yoast SEO plugin. -->","yoast_head_json":{"title":"\u00bfTe unes a la inspiraci\u00f3n universal de Termix?-Termix","description":"De la mano del rojo, surge la nueva edici\u00f3n limitada de cepillos i\u00f3nicos C\u00b7ramic Color \u201cI Love Termix\u201d, con la \u00faltima tecnolog\u00eda de cer\u00e1mica-i\u00f3nica.","robots":{"index":"noindex","follow":"follow"},"og_locale":"es_ES","og_type":"article","og_title":"\u00bfTe unes a la inspiraci\u00f3n universal de Termix?-Termix","og_description":"De la mano del rojo, surge la nueva edici\u00f3n limitada de cepillos i\u00f3nicos C\u00b7ramic Color \u201cI Love Termix\u201d, con la \u00faltima tecnolog\u00eda de cer\u00e1mica-i\u00f3nica.","og_url":"https:\/\/termix.net\/blog\/es\/love-termix-te-unes-la-inspiracion-universal\/","og_site_name":"Blog Termix Spain","article_published_time":"2015-02-23T12:39:37+00:00","article_modified_time":"2019-12-17T08:42:52+00:00","og_image":[{"width":800,"height":400,"url":"https:\/\/termix.net\/blog\/wp-content\/uploads\/2015\/02\/bannerweb_news800x400_feria03.jpg","type":"image\/jpeg"}],"author":"TermixTeam","twitter_card":"summary_large_image","twitter_misc":{"Escrito por":"TermixTeam","Tiempo de lectura":"2 minutos"},"schema":{"@context":"https:\/\/schema.org","@graph":[{"@type":"Article","@id":"https:\/\/termix.net\/blog\/es\/love-termix-te-unes-la-inspiracion-universal\/#article","isPartOf":{"@id":"https:\/\/termix.net\/blog\/es\/love-termix-te-unes-la-inspiracion-universal\/"},"author":{"name":"TermixTeam","@id":"https:\/\/termix.net\/blog\/es\/#\/schema\/person\/9096c98bdf03c8ddf91ad7172f254f40"},"headline":"I Love Termix \u00bfTe unes a la inspiraci\u00f3n universal?","datePublished":"2015-02-23T12:39:37+00:00","dateModified":"2019-12-17T08:42:52+00:00","mainEntityOfPage":{"@id":"https:\/\/termix.net\/blog\/es\/love-termix-te-unes-la-inspiracion-universal\/"},"wordCount":318,"commentCount":3,"publisher":{"@id":"https:\/\/termix.net\/blog\/es\/#organization"},"articleSection":["NOTICIAS"],"inLanguage":"es","potentialAction":[{"@type":"CommentAction","name":"Comment","target":["https:\/\/termix.net\/blog\/es\/love-termix-te-unes-la-inspiracion-universal\/#respond"]}]},{"@type":"WebPage","@id":"https:\/\/termix.net\/blog\/es\/love-termix-te-unes-la-inspiracion-universal\/","url":"https:\/\/termix.net\/blog\/es\/love-termix-te-unes-la-inspiracion-universal\/","name":"\u00bfTe unes a la inspiraci\u00f3n universal de Termix?-Termix","isPartOf":{"@id":"https:\/\/termix.net\/blog\/es\/#website"},"datePublished":"2015-02-23T12:39:37+00:00","dateModified":"2019-12-17T08:42:52+00:00","description":"De la mano del rojo, surge la nueva edici\u00f3n limitada de cepillos i\u00f3nicos C\u00b7ramic Color \u201cI Love Termix\u201d, con la \u00faltima tecnolog\u00eda de cer\u00e1mica-i\u00f3nica.","breadcrumb":{"@id":"https:\/\/termix.net\/blog\/es\/love-termix-te-unes-la-inspiracion-universal\/#breadcrumb"},"inLanguage":"es","potentialAction":[{"@type":"ReadAction","target":["https:\/\/termix.net\/blog\/es\/love-termix-te-unes-la-inspiracion-universal\/"]}]},{"@type":"BreadcrumbList","@id":"https:\/\/termix.net\/blog\/es\/love-termix-te-unes-la-inspiracion-universal\/#breadcrumb","itemListElement":[{"@type":"ListItem","position":1,"name":"Home","item":"https:\/\/termix.net\/blog\/es\/"},{"@type":"ListItem","position":2,"name":"I Love Termix \u00bfTe unes a la inspiraci\u00f3n universal?"}]},{"@type":"WebSite","@id":"https:\/\/termix.net\/blog\/es\/#website","url":"https:\/\/termix.net\/blog\/es\/","name":"Blog Termix Spain","description":"Blog de tendencias y productos de peluquer\u00eda profesional.","publisher":{"@id":"https:\/\/termix.net\/blog\/es\/#organization"},"potentialAction":[{"@type":"SearchAction","target":{"@type":"EntryPoint","urlTemplate":"https:\/\/termix.net\/blog\/es\/?s={search_term_string}"},"query-input":"required name=search_term_string"}],"inLanguage":"es"},{"@type":"Organization","@id":"https:\/\/termix.net\/blog\/es\/#organization","name":"Dols Industrial de Peluquer\u00eda SA","url":"https:\/\/termix.net\/blog\/es\/","logo":{"@type":"ImageObject","inLanguage":"es","@id":"https:\/\/termix.net\/blog\/es\/#\/schema\/logo\/image\/","url":"https:\/\/termix.net\/blog\/wp-content\/uploads\/2020\/10\/OGbDAeng.jpeg","contentUrl":"https:\/\/termix.net\/blog\/wp-content\/uploads\/2020\/10\/OGbDAeng.jpeg","width":800,"height":800,"caption":"Dols Industrial de Peluquer\u00eda SA"},"image":{"@id":"https:\/\/termix.net\/blog\/es\/#\/schema\/logo\/image\/"}},{"@type":"Person","@id":"https:\/\/termix.net\/blog\/es\/#\/schema\/person\/9096c98bdf03c8ddf91ad7172f254f40","name":"TermixTeam","image":{"@type":"ImageObject","inLanguage":"es","@id":"https:\/\/termix.net\/blog\/es\/#\/schema\/person\/image\/","url":"https:\/\/secure.gravatar.com\/avatar\/d89f61f6bd1c29a4acb231736d1c74b3?s=96&d=mm&r=g","contentUrl":"https:\/\/secure.gravatar.com\/avatar\/d89f61f6bd1c29a4acb231736d1c74b3?s=96&d=mm&r=g","caption":"TermixTeam"},"url":"https:\/\/termix.net\/blog\/es\/author\/termixteam\/"}]}},"_links":{"self":[{"href":"https:\/\/termix.net\/blog\/es\/wp-json\/wp\/v2\/posts\/3608"}],"collection":[{"href":"https:\/\/termix.net\/blog\/es\/wp-json\/wp\/v2\/posts"}],"about":[{"href":"https:\/\/termix.net\/blog\/es\/wp-json\/wp\/v2\/types\/post"}],"author":[{"embeddable":true,"href":"https:\/\/termix.net\/blog\/es\/wp-json\/wp\/v2\/users\/2"}],"replies":[{"embeddable":true,"href":"https:\/\/termix.net\/blog\/es\/wp-json\/wp\/v2\/comments?post=3608"}],"version-history":[{"count":4,"href":"https:\/\/termix.net\/blog\/es\/wp-json\/wp\/v2\/posts\/3608\/revisions"}],"predecessor-version":[{"id":23861,"href":"https:\/\/termix.net\/blog\/es\/wp-json\/wp\/v2\/posts\/3608\/revisions\/23861"}],"wp:featuredmedia":[{"embeddable":true,"href":"https:\/\/termix.net\/blog\/es\/wp-json\/wp\/v2\/media\/21728"}],"wp:attachment":[{"href":"https:\/\/termix.net\/blog\/es\/wp-json\/wp\/v2\/media?parent=3608"}],"wp:term":[{"taxonomy":"category","embeddable":true,"href":"https:\/\/termix.net\/blog\/es\/wp-json\/wp\/v2\/categories?post=3608"},{"taxonomy":"post_tag","embeddable":true,"href":"https:\/\/termix.net\/blog\/es\/wp-json\/wp\/v2\/tags?post=3608"}],"curies":[{"name":"wp","href":"https:\/\/api.w.org\/{rel}","templated":true}]}}