{"id":3463,"date":"2015-02-17T13:56:48","date_gmt":"2015-02-17T13:56:48","guid":{"rendered":"http:\/\/termix.net\/?p=3463"},"modified":"2019-12-17T09:44:44","modified_gmt":"2019-12-17T08:44:44","slug":"nuevas-maquinas-de-corte-y-contornos-termix","status":"publish","type":"post","link":"https:\/\/termix.net\/blog\/es\/nuevas-maquinas-de-corte-y-contornos-termix\/","title":{"rendered":"Nuevas m\u00e1quinas de corte y contornos Termix"},"content":{"rendered":"<h1 style=\"text-align: center;\"><strong>Nuevas m\u00e1quinas de corte y contornos Termix<\/strong><\/h1>\n<p style=\"text-align: justify;\">Termix ampl\u00eda su portfolio de productos y presenta\u00a0sus <strong>nuevas m\u00e1quinas profesionales de corte y contornos de pelo TX01 y TX02<\/strong>, respectivamente, que destacan por su <strong>innovadora tecnolog\u00eda y una precisi\u00f3n de corte inigualable<\/strong> pensada para los profesionales m\u00e1s exigentes.<\/p>\n<p>&nbsp;<\/p>\n<p><iframe src=\"https:\/\/www.youtube.com\/embed\/qHanKLRmZg8\" width=\"100%\" height=\"500\" frameborder=\"0\" allowfullscreen=\"allowfullscreen\"><\/iframe><\/p>\n<h3 style=\"text-align: justify;\"><\/h3>\n<h2><span style=\"color: #000000;\">M\u00e1quina de corte TX01 para degradados perfectos<\/span><\/h2>\n<p style=\"text-align: justify;\">ecargable y compacta, la nueva <strong>m\u00e1quina profesional TX01<\/strong> est\u00e1 dise\u00f1ada para cualquier tipo de corte de alta precisi\u00f3n. Entre sus ventajas t\u00e9cnicas, destaca sobre todo su <strong>avanzado sistema de regulaci\u00f3n de altura de la cuchilla<\/strong>, que permite una mayor libertad para apurar m\u00e1s o menos el corte (1.0mm-1.9mm). As\u00ed como el uso de <strong>materiales de alta calidad <\/strong>como su <strong>cuchilla de cer\u00e1mica<\/strong> con afilado de alta precisi\u00f3n y gran durabilidad o su <strong>bater\u00eda Li-Po<\/strong> con autonom\u00eda sin cable de hasta 90 minutos.<\/p>\n<p style=\"text-align: justify;\">Todo ello sin dejar a un lado una est\u00e9tica elegante, pensada sobre todo para la comodidad del profesional y del cliente. La nueva TX01 de Termix se presenta con <strong>un dise\u00f1o elegante en acabado mate, ergon\u00f3mico y ligero. <\/strong>Cuenta con\u00a0un avanzado <strong>sistema de inteligencia digital<\/strong> que indica el nivel de bater\u00eda, control de carga y nivel de aceite. Adem\u00e1s, incorpora un <strong>motor s\u00faper-silencioso<\/strong> controlado por un chip de fuerza y potencia de corte constante, con aumento de potencia Turbo.\u00a0 Incluye <strong>4 peines de alzada insertables<\/strong> de 3\/6\/9\/12mm, base de carga, cepillo de limpieza y aceite.<\/p>\n<h2><\/h2>\n<h2><span style=\"color: #000000;\">Contornos precisos con TX02<\/span><\/h2>\n<p style=\"text-align: justify;\">Por su parte, la <strong>nueva TX02 de Termix es una m\u00e1quina de contornos profesional con accesorios multifunci\u00f3n y recargable<\/strong>. Incorpora <strong>hojas redondeadas<\/strong> que permiten un corte m\u00e1s suave alrededor de las orejas y otros contornos exactos.<\/p>\n<p style=\"text-align: justify;\">La m\u00e1quina TX02 de Termix se presenta con <strong>tres juegos de cuchillas de acero\u00a0<\/strong><strong>inoxidable de primera calidad<\/strong> <strong>y de f\u00e1cil desmontaje<\/strong>, y al igual que la TX01, incorpora un <strong>avanzado sistema de regulaci\u00f3n de altura de la cuchilla y de inteligencia digital, as\u00ed como un motor s\u00faper-silencioso<\/strong> y de baja vibraci\u00f3n controlado por chip de fuerza y potencia de corte constante y con aumento de <strong>potencia Turbo<\/strong>.<\/p>\n<p style=\"text-align: justify;\">En cuanto a su dise\u00f1o, la m\u00e1quina TX02 se presenta en un formato m\u00e1s compacto y en acabado cromado. <strong>Incluye 3 cuchillas diferentes, 4 peines insertables<\/strong>, base de carga, cepillo de limpieza y aceite.<\/p>\n<p>&nbsp;<\/p>\n<h2 style=\"text-align: justify;\"><img decoding=\"async\" class=\"wp-image-15264 size-full alignleft\" src=\"https:\/\/termix.net\/blog\/wp-content\/uploads\/2015\/02\/Maquina-de-contornos-Termix.jpg\" alt=\"\" width=\"300\" height=\"300\" \/><\/h2>\n<p style=\"text-align: justify;\">\n","protected":false},"excerpt":{"rendered":"<p>\t\t\t\tTermix ampl\u00eda su portafolio de productos con las nuevas m\u00e1quinas de corte y contornos Termix TX01 y TX02 respectivamente. Precisi\u00f3n de corte inigualable pensada para los profesionales m\u00e1s exigentes.\t\t<\/p>\n","protected":false},"author":2,"featured_media":21739,"comment_status":"open","ping_status":"open","sticky":false,"template":"","format":"standard","meta":[],"categories":[6],"tags":[],"yoast_head":"<!-- This site is optimized with the Yoast SEO plugin v20.0 - https:\/\/yoast.com\/wordpress\/plugins\/seo\/ -->\n<title>M\u00e1quinas de corte y contorno TX01 y TX02-Termix<\/title>\n<meta name=\"description\" content=\"Termix presenta las nuevas m\u00e1quinas de corte y contorno pensadas con la \u00faltima tecnolog\u00eda para los profesionales m\u00e1s exigentes del sector.\" \/>\n<meta name=\"robots\" content=\"index, follow, max-snippet:-1, max-image-preview:large, max-video-preview:-1\" \/>\n<link rel=\"canonical\" href=\"https:\/\/termix.net\/blog\/es\/nuevas-maquinas-de-corte-y-contornos-termix\/\" \/>\n<meta property=\"og:locale\" content=\"es_ES\" \/>\n<meta property=\"og:type\" content=\"article\" \/>\n<meta property=\"og:title\" content=\"M\u00e1quinas de corte y contorno TX01 y TX02-Termix\" \/>\n<meta property=\"og:description\" content=\"Termix presenta las nuevas m\u00e1quinas de corte y contorno pensadas con la \u00faltima tecnolog\u00eda para los profesionales m\u00e1s exigentes del sector.\" \/>\n<meta property=\"og:url\" content=\"https:\/\/termix.net\/blog\/es\/nuevas-maquinas-de-corte-y-contornos-termix\/\" \/>\n<meta property=\"og:site_name\" content=\"Blog Termix Spain\" \/>\n<meta property=\"article:published_time\" content=\"2015-02-17T13:56:48+00:00\" \/>\n<meta property=\"article:modified_time\" content=\"2019-12-17T08:44:44+00:00\" \/>\n<meta property=\"og:image\" content=\"https:\/\/termix.net\/blog\/wp-content\/uploads\/2015\/02\/bannerweb_news800x400_barberia04.jpg\" \/>\n\t<meta property=\"og:image:width\" content=\"800\" \/>\n\t<meta property=\"og:image:height\" content=\"400\" \/>\n\t<meta property=\"og:image:type\" content=\"image\/jpeg\" \/>\n<meta name=\"author\" content=\"TermixTeam\" \/>\n<meta name=\"twitter:card\" content=\"summary_large_image\" \/>\n<meta name=\"twitter:label1\" content=\"Escrito por\" \/>\n\t<meta name=\"twitter:data1\" content=\"TermixTeam\" \/>\n\t<meta name=\"twitter:label2\" content=\"Tiempo de lectura\" \/>\n\t<meta name=\"twitter:data2\" content=\"2 minutos\" \/>\n<script type=\"application\/ld+json\" class=\"yoast-schema-graph\">{\"@context\":\"https:\/\/schema.org\",\"@graph\":[{\"@type\":\"Article\",\"@id\":\"https:\/\/termix.net\/blog\/es\/nuevas-maquinas-de-corte-y-contornos-termix\/#article\",\"isPartOf\":{\"@id\":\"https:\/\/termix.net\/blog\/es\/nuevas-maquinas-de-corte-y-contornos-termix\/\"},\"author\":{\"name\":\"TermixTeam\",\"@id\":\"https:\/\/termix.net\/blog\/es\/#\/schema\/person\/9096c98bdf03c8ddf91ad7172f254f40\"},\"headline\":\"Nuevas m\u00e1quinas de corte y contornos Termix\",\"datePublished\":\"2015-02-17T13:56:48+00:00\",\"dateModified\":\"2019-12-17T08:44:44+00:00\",\"mainEntityOfPage\":{\"@id\":\"https:\/\/termix.net\/blog\/es\/nuevas-maquinas-de-corte-y-contornos-termix\/\"},\"wordCount\":415,\"commentCount\":13,\"publisher\":{\"@id\":\"https:\/\/termix.net\/blog\/es\/#organization\"},\"articleSection\":[\"NOTICIAS\"],\"inLanguage\":\"es\",\"potentialAction\":[{\"@type\":\"CommentAction\",\"name\":\"Comment\",\"target\":[\"https:\/\/termix.net\/blog\/es\/nuevas-maquinas-de-corte-y-contornos-termix\/#respond\"]}]},{\"@type\":\"WebPage\",\"@id\":\"https:\/\/termix.net\/blog\/es\/nuevas-maquinas-de-corte-y-contornos-termix\/\",\"url\":\"https:\/\/termix.net\/blog\/es\/nuevas-maquinas-de-corte-y-contornos-termix\/\",\"name\":\"M\u00e1quinas de corte y contorno TX01 y TX02-Termix\",\"isPartOf\":{\"@id\":\"https:\/\/termix.net\/blog\/es\/#website\"},\"datePublished\":\"2015-02-17T13:56:48+00:00\",\"dateModified\":\"2019-12-17T08:44:44+00:00\",\"description\":\"Termix presenta las nuevas m\u00e1quinas de corte y contorno pensadas con la \u00faltima tecnolog\u00eda para los profesionales m\u00e1s exigentes del sector.\",\"breadcrumb\":{\"@id\":\"https:\/\/termix.net\/blog\/es\/nuevas-maquinas-de-corte-y-contornos-termix\/#breadcrumb\"},\"inLanguage\":\"es\",\"potentialAction\":[{\"@type\":\"ReadAction\",\"target\":[\"https:\/\/termix.net\/blog\/es\/nuevas-maquinas-de-corte-y-contornos-termix\/\"]}]},{\"@type\":\"BreadcrumbList\",\"@id\":\"https:\/\/termix.net\/blog\/es\/nuevas-maquinas-de-corte-y-contornos-termix\/#breadcrumb\",\"itemListElement\":[{\"@type\":\"ListItem\",\"position\":1,\"name\":\"Home\",\"item\":\"https:\/\/termix.net\/blog\/es\/\"},{\"@type\":\"ListItem\",\"position\":2,\"name\":\"Nuevas m\u00e1quinas de corte y contornos Termix\"}]},{\"@type\":\"WebSite\",\"@id\":\"https:\/\/termix.net\/blog\/es\/#website\",\"url\":\"https:\/\/termix.net\/blog\/es\/\",\"name\":\"Blog Termix Spain\",\"description\":\"Blog de tendencias y productos de peluquer\u00eda profesional.\",\"publisher\":{\"@id\":\"https:\/\/termix.net\/blog\/es\/#organization\"},\"potentialAction\":[{\"@type\":\"SearchAction\",\"target\":{\"@type\":\"EntryPoint\",\"urlTemplate\":\"https:\/\/termix.net\/blog\/es\/?s={search_term_string}\"},\"query-input\":\"required name=search_term_string\"}],\"inLanguage\":\"es\"},{\"@type\":\"Organization\",\"@id\":\"https:\/\/termix.net\/blog\/es\/#organization\",\"name\":\"Dols Industrial de Peluquer\u00eda SA\",\"url\":\"https:\/\/termix.net\/blog\/es\/\",\"logo\":{\"@type\":\"ImageObject\",\"inLanguage\":\"es\",\"@id\":\"https:\/\/termix.net\/blog\/es\/#\/schema\/logo\/image\/\",\"url\":\"https:\/\/termix.net\/blog\/wp-content\/uploads\/2020\/10\/OGbDAeng.jpeg\",\"contentUrl\":\"https:\/\/termix.net\/blog\/wp-content\/uploads\/2020\/10\/OGbDAeng.jpeg\",\"width\":800,\"height\":800,\"caption\":\"Dols Industrial de Peluquer\u00eda SA\"},\"image\":{\"@id\":\"https:\/\/termix.net\/blog\/es\/#\/schema\/logo\/image\/\"}},{\"@type\":\"Person\",\"@id\":\"https:\/\/termix.net\/blog\/es\/#\/schema\/person\/9096c98bdf03c8ddf91ad7172f254f40\",\"name\":\"TermixTeam\",\"image\":{\"@type\":\"ImageObject\",\"inLanguage\":\"es\",\"@id\":\"https:\/\/termix.net\/blog\/es\/#\/schema\/person\/image\/\",\"url\":\"https:\/\/secure.gravatar.com\/avatar\/d89f61f6bd1c29a4acb231736d1c74b3?s=96&d=mm&r=g\",\"contentUrl\":\"https:\/\/secure.gravatar.com\/avatar\/d89f61f6bd1c29a4acb231736d1c74b3?s=96&d=mm&r=g\",\"caption\":\"TermixTeam\"},\"url\":\"https:\/\/termix.net\/blog\/es\/author\/termixteam\/\"}]}<\/script>\n<!-- \/ Yoast SEO plugin. -->","yoast_head_json":{"title":"M\u00e1quinas de corte y contorno TX01 y TX02-Termix","description":"Termix presenta las nuevas m\u00e1quinas de corte y contorno pensadas con la \u00faltima tecnolog\u00eda para los profesionales m\u00e1s exigentes del sector.","robots":{"index":"index","follow":"follow","max-snippet":"max-snippet:-1","max-image-preview":"max-image-preview:large","max-video-preview":"max-video-preview:-1"},"canonical":"https:\/\/termix.net\/blog\/es\/nuevas-maquinas-de-corte-y-contornos-termix\/","og_locale":"es_ES","og_type":"article","og_title":"M\u00e1quinas de corte y contorno TX01 y TX02-Termix","og_description":"Termix presenta las nuevas m\u00e1quinas de corte y contorno pensadas con la \u00faltima tecnolog\u00eda para los profesionales m\u00e1s exigentes del sector.","og_url":"https:\/\/termix.net\/blog\/es\/nuevas-maquinas-de-corte-y-contornos-termix\/","og_site_name":"Blog Termix Spain","article_published_time":"2015-02-17T13:56:48+00:00","article_modified_time":"2019-12-17T08:44:44+00:00","og_image":[{"width":800,"height":400,"url":"https:\/\/termix.net\/blog\/wp-content\/uploads\/2015\/02\/bannerweb_news800x400_barberia04.jpg","type":"image\/jpeg"}],"author":"TermixTeam","twitter_card":"summary_large_image","twitter_misc":{"Escrito por":"TermixTeam","Tiempo de lectura":"2 minutos"},"schema":{"@context":"https:\/\/schema.org","@graph":[{"@type":"Article","@id":"https:\/\/termix.net\/blog\/es\/nuevas-maquinas-de-corte-y-contornos-termix\/#article","isPartOf":{"@id":"https:\/\/termix.net\/blog\/es\/nuevas-maquinas-de-corte-y-contornos-termix\/"},"author":{"name":"TermixTeam","@id":"https:\/\/termix.net\/blog\/es\/#\/schema\/person\/9096c98bdf03c8ddf91ad7172f254f40"},"headline":"Nuevas m\u00e1quinas de corte y contornos Termix","datePublished":"2015-02-17T13:56:48+00:00","dateModified":"2019-12-17T08:44:44+00:00","mainEntityOfPage":{"@id":"https:\/\/termix.net\/blog\/es\/nuevas-maquinas-de-corte-y-contornos-termix\/"},"wordCount":415,"commentCount":13,"publisher":{"@id":"https:\/\/termix.net\/blog\/es\/#organization"},"articleSection":["NOTICIAS"],"inLanguage":"es","potentialAction":[{"@type":"CommentAction","name":"Comment","target":["https:\/\/termix.net\/blog\/es\/nuevas-maquinas-de-corte-y-contornos-termix\/#respond"]}]},{"@type":"WebPage","@id":"https:\/\/termix.net\/blog\/es\/nuevas-maquinas-de-corte-y-contornos-termix\/","url":"https:\/\/termix.net\/blog\/es\/nuevas-maquinas-de-corte-y-contornos-termix\/","name":"M\u00e1quinas de corte y contorno TX01 y TX02-Termix","isPartOf":{"@id":"https:\/\/termix.net\/blog\/es\/#website"},"datePublished":"2015-02-17T13:56:48+00:00","dateModified":"2019-12-17T08:44:44+00:00","description":"Termix presenta las nuevas m\u00e1quinas de corte y contorno pensadas con la \u00faltima tecnolog\u00eda para los profesionales m\u00e1s exigentes del sector.","breadcrumb":{"@id":"https:\/\/termix.net\/blog\/es\/nuevas-maquinas-de-corte-y-contornos-termix\/#breadcrumb"},"inLanguage":"es","potentialAction":[{"@type":"ReadAction","target":["https:\/\/termix.net\/blog\/es\/nuevas-maquinas-de-corte-y-contornos-termix\/"]}]},{"@type":"BreadcrumbList","@id":"https:\/\/termix.net\/blog\/es\/nuevas-maquinas-de-corte-y-contornos-termix\/#breadcrumb","itemListElement":[{"@type":"ListItem","position":1,"name":"Home","item":"https:\/\/termix.net\/blog\/es\/"},{"@type":"ListItem","position":2,"name":"Nuevas m\u00e1quinas de corte y contornos Termix"}]},{"@type":"WebSite","@id":"https:\/\/termix.net\/blog\/es\/#website","url":"https:\/\/termix.net\/blog\/es\/","name":"Blog Termix Spain","description":"Blog de tendencias y productos de peluquer\u00eda profesional.","publisher":{"@id":"https:\/\/termix.net\/blog\/es\/#organization"},"potentialAction":[{"@type":"SearchAction","target":{"@type":"EntryPoint","urlTemplate":"https:\/\/termix.net\/blog\/es\/?s={search_term_string}"},"query-input":"required name=search_term_string"}],"inLanguage":"es"},{"@type":"Organization","@id":"https:\/\/termix.net\/blog\/es\/#organization","name":"Dols Industrial de Peluquer\u00eda SA","url":"https:\/\/termix.net\/blog\/es\/","logo":{"@type":"ImageObject","inLanguage":"es","@id":"https:\/\/termix.net\/blog\/es\/#\/schema\/logo\/image\/","url":"https:\/\/termix.net\/blog\/wp-content\/uploads\/2020\/10\/OGbDAeng.jpeg","contentUrl":"https:\/\/termix.net\/blog\/wp-content\/uploads\/2020\/10\/OGbDAeng.jpeg","width":800,"height":800,"caption":"Dols Industrial de Peluquer\u00eda SA"},"image":{"@id":"https:\/\/termix.net\/blog\/es\/#\/schema\/logo\/image\/"}},{"@type":"Person","@id":"https:\/\/termix.net\/blog\/es\/#\/schema\/person\/9096c98bdf03c8ddf91ad7172f254f40","name":"TermixTeam","image":{"@type":"ImageObject","inLanguage":"es","@id":"https:\/\/termix.net\/blog\/es\/#\/schema\/person\/image\/","url":"https:\/\/secure.gravatar.com\/avatar\/d89f61f6bd1c29a4acb231736d1c74b3?s=96&d=mm&r=g","contentUrl":"https:\/\/secure.gravatar.com\/avatar\/d89f61f6bd1c29a4acb231736d1c74b3?s=96&d=mm&r=g","caption":"TermixTeam"},"url":"https:\/\/termix.net\/blog\/es\/author\/termixteam\/"}]}},"_links":{"self":[{"href":"https:\/\/termix.net\/blog\/es\/wp-json\/wp\/v2\/posts\/3463"}],"collection":[{"href":"https:\/\/termix.net\/blog\/es\/wp-json\/wp\/v2\/posts"}],"about":[{"href":"https:\/\/termix.net\/blog\/es\/wp-json\/wp\/v2\/types\/post"}],"author":[{"embeddable":true,"href":"https:\/\/termix.net\/blog\/es\/wp-json\/wp\/v2\/users\/2"}],"replies":[{"embeddable":true,"href":"https:\/\/termix.net\/blog\/es\/wp-json\/wp\/v2\/comments?post=3463"}],"version-history":[{"count":3,"href":"https:\/\/termix.net\/blog\/es\/wp-json\/wp\/v2\/posts\/3463\/revisions"}],"predecessor-version":[{"id":23862,"href":"https:\/\/termix.net\/blog\/es\/wp-json\/wp\/v2\/posts\/3463\/revisions\/23862"}],"wp:featuredmedia":[{"embeddable":true,"href":"https:\/\/termix.net\/blog\/es\/wp-json\/wp\/v2\/media\/21739"}],"wp:attachment":[{"href":"https:\/\/termix.net\/blog\/es\/wp-json\/wp\/v2\/media?parent=3463"}],"wp:term":[{"taxonomy":"category","embeddable":true,"href":"https:\/\/termix.net\/blog\/es\/wp-json\/wp\/v2\/categories?post=3463"},{"taxonomy":"post_tag","embeddable":true,"href":"https:\/\/termix.net\/blog\/es\/wp-json\/wp\/v2\/tags?post=3463"}],"curies":[{"name":"wp","href":"https:\/\/api.w.org\/{rel}","templated":true}]}}