{"id":3415,"date":"2015-02-11T09:52:22","date_gmt":"2015-02-11T09:52:22","guid":{"rendered":"http:\/\/termix.net\/?p=3415"},"modified":"2019-12-02T12:39:37","modified_gmt":"2019-12-02T11:39:37","slug":"termix-acapara-miradas-en-sts-beauty-barcelona","status":"publish","type":"post","link":"https:\/\/termix.net\/blog\/es\/termix-acapara-miradas-en-sts-beauty-barcelona\/","title":{"rendered":"Termix acapara miradas en STS Beauty Barcelona"},"content":{"rendered":"<h1 style=\"text-align: center;\">Termix acapara miradas en STS Beauty Barcelona<\/h1>\n<p style=\"text-align: center;\">Promet\u00eda ser un gran encuentro profesional, y as\u00ed ha sido.<\/p>\n<p>&nbsp;<\/p>\n<h3><img decoding=\"async\" class=\"size-full wp-image-21604 aligncenter\" src=\"https:\/\/termix.net\/blog\/wp-content\/uploads\/2015\/02\/STS-Beauty-Barcelona.jpg\" alt=\"STS-Beauty-Barcelona\" width=\"800\" height=\"400\" srcset=\"https:\/\/termix.net\/blog\/wp-content\/uploads\/2015\/02\/STS-Beauty-Barcelona-200x100.jpg 200w, https:\/\/termix.net\/blog\/wp-content\/uploads\/2015\/02\/STS-Beauty-Barcelona-300x150.jpg 300w, https:\/\/termix.net\/blog\/wp-content\/uploads\/2015\/02\/STS-Beauty-Barcelona-400x200.jpg 400w, https:\/\/termix.net\/blog\/wp-content\/uploads\/2015\/02\/STS-Beauty-Barcelona-600x300.jpg 600w, https:\/\/termix.net\/blog\/wp-content\/uploads\/2015\/02\/STS-Beauty-Barcelona-768x384.jpg 768w, https:\/\/termix.net\/blog\/wp-content\/uploads\/2015\/02\/STS-Beauty-Barcelona.jpg 800w\" sizes=\"(max-width: 800px) 100vw, 800px\" \/><\/h3>\n<p>&nbsp;<\/p>\n<p style=\"text-align: justify;\">Un a\u00f1o m\u00e1s, Termix ha sido uno de los grandes protagonistas de la feria de belleza <strong><span style=\"color: #000000;\">STS Beauty Barcelona<\/span><\/strong>, celebrada del 7 al 9 de febrero. Tres d\u00edas intensos en los que la marca l\u00edder de utensilios de peluquer\u00eda profesional\u00a0ha presentado\u00a0su pr\u00f3ximo gran lanzamiento para este a\u00f1o y d\u00f3nde no han faltado la diversi\u00f3n y el entretenimiento que han hecho las delicias de los visitantes.<\/p>\n<h2><strong>#LoveTermix<\/strong><\/h2>\n<p><img decoding=\"async\" class=\"alignnone size-full wp-image-21730\" src=\"https:\/\/termix.net\/blog\/wp-content\/uploads\/2015\/02\/bannerweb_news800x400_feria06.jpg\" alt=\"\" width=\"800\" height=\"400\" srcset=\"https:\/\/termix.net\/blog\/wp-content\/uploads\/2015\/02\/bannerweb_news800x400_feria06-200x100.jpg 200w, https:\/\/termix.net\/blog\/wp-content\/uploads\/2015\/02\/bannerweb_news800x400_feria06-300x150.jpg 300w, https:\/\/termix.net\/blog\/wp-content\/uploads\/2015\/02\/bannerweb_news800x400_feria06-400x200.jpg 400w, https:\/\/termix.net\/blog\/wp-content\/uploads\/2015\/02\/bannerweb_news800x400_feria06-600x300.jpg 600w, https:\/\/termix.net\/blog\/wp-content\/uploads\/2015\/02\/bannerweb_news800x400_feria06-768x384.jpg 768w, https:\/\/termix.net\/blog\/wp-content\/uploads\/2015\/02\/bannerweb_news800x400_feria06.jpg 800w\" sizes=\"(max-width: 800px) 100vw, 800px\" \/><\/p>\n<p style=\"text-align: justify;\">Acapar\u00f3\u00a0todas las miradas y se convirti\u00f3 en el punto de encuentro de los \u00abseguidores\u00bb de la marca&#8230; Esta vez, el stand de Termix se ti\u00f1\u00f3 de rojo para presentar sus <strong>nuevos cepillos de edici\u00f3n especial C\u00b7Ramic Color\u00a0\u00abI love Termix\u00bb<\/strong> -de venta a finales de mes-, la nueva apuesta de Termix que une el concepto de <strong>innovaci\u00f3n en los cepillos de cabello a la campa\u00f1a ya conocida mundialmente<\/strong>. Con ella, el stand no solo se convirti\u00f3 en el escaparate para presentar las \u00faltimas novedades sino tambi\u00e9n en un <strong>vaiv\u00e9n de visitantes<\/strong> que desfilaron con bolsas y chapas bajo ese mismo lema y que no se perdieron la oportunidad de posar en el <strong>photocall #LoveTermix <\/strong>luciendo\u00a0sus mejores sonrisas y posando con nuestros productos.<\/p>\n<p><img decoding=\"async\" class=\"alignnone size-full wp-image-21732\" src=\"https:\/\/termix.net\/blog\/wp-content\/uploads\/2015\/02\/bannerweb_news800x400_feria07.jpg\" alt=\"\" width=\"800\" height=\"400\" srcset=\"https:\/\/termix.net\/blog\/wp-content\/uploads\/2015\/02\/bannerweb_news800x400_feria07-200x100.jpg 200w, https:\/\/termix.net\/blog\/wp-content\/uploads\/2015\/02\/bannerweb_news800x400_feria07-300x150.jpg 300w, https:\/\/termix.net\/blog\/wp-content\/uploads\/2015\/02\/bannerweb_news800x400_feria07-400x200.jpg 400w, https:\/\/termix.net\/blog\/wp-content\/uploads\/2015\/02\/bannerweb_news800x400_feria07-600x300.jpg 600w, https:\/\/termix.net\/blog\/wp-content\/uploads\/2015\/02\/bannerweb_news800x400_feria07-768x384.jpg 768w, https:\/\/termix.net\/blog\/wp-content\/uploads\/2015\/02\/bannerweb_news800x400_feria07.jpg 800w\" sizes=\"(max-width: 800px) 100vw, 800px\" \/><\/p>\n<p style=\"text-align: justify;\">Un \u00e9xito de participaci\u00f3n en el que nuestros visitantes tambi\u00e9n pudieron resolver sus dudas con nuestro equipo t\u00e9cnico y conocer de primera mano las ventajas de nuestros productos. En total,<strong> m\u00e1s de 53.000 visitantes<\/strong> acudieron\u00a0a la cita profesional de la belleza por excelencia de la Ciudad Condal. Una cifra que atestigua que la feria ya ha consolidado su \u00e9xito tras cerrar su tercera edici\u00f3n.<\/p>\n<p style=\"text-align: center;\"><span style=\"color: #000000;\"><strong>\u00a1Muchas gracias por su apoyo!<\/strong><\/span><\/p>\n","protected":false},"excerpt":{"rendered":"<p>\t\t\t\tUn a\u00f1o m\u00e1s, Termix  vuelve a  sorprender en la feria STS Beauty Barcelona, celebrada del 7 al 9 de febrero. Un despliegue de creatividad para los visitantes, que pudieron comprobar por qu\u00e9 Termix continua siendo la marca l\u00edder en el sector de peluquer\u00eda.\t\t<\/p>\n","protected":false},"author":2,"featured_media":21734,"comment_status":"open","ping_status":"open","sticky":false,"template":"","format":"standard","meta":[],"categories":[6],"tags":[],"yoast_head":"<!-- This site is optimized with the Yoast SEO plugin v20.0 - https:\/\/yoast.com\/wordpress\/plugins\/seo\/ -->\n<title>Termix sorprende en STS Beatuy BCN-Termix<\/title>\n<meta name=\"description\" content=\"Termix ha vuelto a ser protagonista en la tercera edici\u00f3n del STS Beauty Barcelona, sorprendiendo a todos los visitantes. \u00a1Descubrelo en nuestra web!\" \/>\n<meta name=\"robots\" content=\"noindex, follow\" \/>\n<meta property=\"og:locale\" content=\"es_ES\" \/>\n<meta property=\"og:type\" content=\"article\" \/>\n<meta property=\"og:title\" content=\"Termix sorprende en STS Beatuy BCN-Termix\" \/>\n<meta property=\"og:description\" content=\"Termix ha vuelto a ser protagonista en la tercera edici\u00f3n del STS Beauty Barcelona, sorprendiendo a todos los visitantes. \u00a1Descubrelo en nuestra web!\" \/>\n<meta property=\"og:url\" content=\"https:\/\/termix.net\/blog\/es\/termix-acapara-miradas-en-sts-beauty-barcelona\/\" \/>\n<meta property=\"og:site_name\" content=\"Blog Termix Spain\" \/>\n<meta property=\"article:published_time\" content=\"2015-02-11T09:52:22+00:00\" \/>\n<meta property=\"article:modified_time\" content=\"2019-12-02T11:39:37+00:00\" \/>\n<meta property=\"og:image\" content=\"https:\/\/termix.net\/blog\/wp-content\/uploads\/2015\/02\/bannerweb_news800x400_feria08.jpg\" \/>\n\t<meta property=\"og:image:width\" content=\"800\" \/>\n\t<meta property=\"og:image:height\" content=\"400\" \/>\n\t<meta property=\"og:image:type\" content=\"image\/jpeg\" \/>\n<meta name=\"author\" content=\"TermixTeam\" \/>\n<meta name=\"twitter:card\" content=\"summary_large_image\" \/>\n<meta name=\"twitter:label1\" content=\"Escrito por\" \/>\n\t<meta name=\"twitter:data1\" content=\"TermixTeam\" \/>\n\t<meta name=\"twitter:label2\" content=\"Tiempo de lectura\" \/>\n\t<meta name=\"twitter:data2\" content=\"1 minuto\" \/>\n<script type=\"application\/ld+json\" class=\"yoast-schema-graph\">{\"@context\":\"https:\/\/schema.org\",\"@graph\":[{\"@type\":\"Article\",\"@id\":\"https:\/\/termix.net\/blog\/es\/termix-acapara-miradas-en-sts-beauty-barcelona\/#article\",\"isPartOf\":{\"@id\":\"https:\/\/termix.net\/blog\/es\/termix-acapara-miradas-en-sts-beauty-barcelona\/\"},\"author\":{\"name\":\"TermixTeam\",\"@id\":\"https:\/\/termix.net\/blog\/es\/#\/schema\/person\/9096c98bdf03c8ddf91ad7172f254f40\"},\"headline\":\"Termix acapara miradas en STS Beauty Barcelona\",\"datePublished\":\"2015-02-11T09:52:22+00:00\",\"dateModified\":\"2019-12-02T11:39:37+00:00\",\"mainEntityOfPage\":{\"@id\":\"https:\/\/termix.net\/blog\/es\/termix-acapara-miradas-en-sts-beauty-barcelona\/\"},\"wordCount\":306,\"commentCount\":0,\"publisher\":{\"@id\":\"https:\/\/termix.net\/blog\/es\/#organization\"},\"articleSection\":[\"NOTICIAS\"],\"inLanguage\":\"es\",\"potentialAction\":[{\"@type\":\"CommentAction\",\"name\":\"Comment\",\"target\":[\"https:\/\/termix.net\/blog\/es\/termix-acapara-miradas-en-sts-beauty-barcelona\/#respond\"]}]},{\"@type\":\"WebPage\",\"@id\":\"https:\/\/termix.net\/blog\/es\/termix-acapara-miradas-en-sts-beauty-barcelona\/\",\"url\":\"https:\/\/termix.net\/blog\/es\/termix-acapara-miradas-en-sts-beauty-barcelona\/\",\"name\":\"Termix sorprende en STS Beatuy BCN-Termix\",\"isPartOf\":{\"@id\":\"https:\/\/termix.net\/blog\/es\/#website\"},\"datePublished\":\"2015-02-11T09:52:22+00:00\",\"dateModified\":\"2019-12-02T11:39:37+00:00\",\"description\":\"Termix ha vuelto a ser protagonista en la tercera edici\u00f3n del STS Beauty Barcelona, sorprendiendo a todos los visitantes. \u00a1Descubrelo en nuestra web!\",\"breadcrumb\":{\"@id\":\"https:\/\/termix.net\/blog\/es\/termix-acapara-miradas-en-sts-beauty-barcelona\/#breadcrumb\"},\"inLanguage\":\"es\",\"potentialAction\":[{\"@type\":\"ReadAction\",\"target\":[\"https:\/\/termix.net\/blog\/es\/termix-acapara-miradas-en-sts-beauty-barcelona\/\"]}]},{\"@type\":\"BreadcrumbList\",\"@id\":\"https:\/\/termix.net\/blog\/es\/termix-acapara-miradas-en-sts-beauty-barcelona\/#breadcrumb\",\"itemListElement\":[{\"@type\":\"ListItem\",\"position\":1,\"name\":\"Home\",\"item\":\"https:\/\/termix.net\/blog\/es\/\"},{\"@type\":\"ListItem\",\"position\":2,\"name\":\"Termix acapara miradas en STS Beauty Barcelona\"}]},{\"@type\":\"WebSite\",\"@id\":\"https:\/\/termix.net\/blog\/es\/#website\",\"url\":\"https:\/\/termix.net\/blog\/es\/\",\"name\":\"Blog Termix Spain\",\"description\":\"Blog de tendencias y productos de peluquer\u00eda profesional.\",\"publisher\":{\"@id\":\"https:\/\/termix.net\/blog\/es\/#organization\"},\"potentialAction\":[{\"@type\":\"SearchAction\",\"target\":{\"@type\":\"EntryPoint\",\"urlTemplate\":\"https:\/\/termix.net\/blog\/es\/?s={search_term_string}\"},\"query-input\":\"required name=search_term_string\"}],\"inLanguage\":\"es\"},{\"@type\":\"Organization\",\"@id\":\"https:\/\/termix.net\/blog\/es\/#organization\",\"name\":\"Dols Industrial de Peluquer\u00eda SA\",\"url\":\"https:\/\/termix.net\/blog\/es\/\",\"logo\":{\"@type\":\"ImageObject\",\"inLanguage\":\"es\",\"@id\":\"https:\/\/termix.net\/blog\/es\/#\/schema\/logo\/image\/\",\"url\":\"https:\/\/termix.net\/blog\/wp-content\/uploads\/2020\/10\/OGbDAeng.jpeg\",\"contentUrl\":\"https:\/\/termix.net\/blog\/wp-content\/uploads\/2020\/10\/OGbDAeng.jpeg\",\"width\":800,\"height\":800,\"caption\":\"Dols Industrial de Peluquer\u00eda SA\"},\"image\":{\"@id\":\"https:\/\/termix.net\/blog\/es\/#\/schema\/logo\/image\/\"}},{\"@type\":\"Person\",\"@id\":\"https:\/\/termix.net\/blog\/es\/#\/schema\/person\/9096c98bdf03c8ddf91ad7172f254f40\",\"name\":\"TermixTeam\",\"image\":{\"@type\":\"ImageObject\",\"inLanguage\":\"es\",\"@id\":\"https:\/\/termix.net\/blog\/es\/#\/schema\/person\/image\/\",\"url\":\"https:\/\/secure.gravatar.com\/avatar\/d89f61f6bd1c29a4acb231736d1c74b3?s=96&d=mm&r=g\",\"contentUrl\":\"https:\/\/secure.gravatar.com\/avatar\/d89f61f6bd1c29a4acb231736d1c74b3?s=96&d=mm&r=g\",\"caption\":\"TermixTeam\"},\"url\":\"https:\/\/termix.net\/blog\/es\/author\/termixteam\/\"}]}<\/script>\n<!-- \/ Yoast SEO plugin. -->","yoast_head_json":{"title":"Termix sorprende en STS Beatuy BCN-Termix","description":"Termix ha vuelto a ser protagonista en la tercera edici\u00f3n del STS Beauty Barcelona, sorprendiendo a todos los visitantes. \u00a1Descubrelo en nuestra web!","robots":{"index":"noindex","follow":"follow"},"og_locale":"es_ES","og_type":"article","og_title":"Termix sorprende en STS Beatuy BCN-Termix","og_description":"Termix ha vuelto a ser protagonista en la tercera edici\u00f3n del STS Beauty Barcelona, sorprendiendo a todos los visitantes. \u00a1Descubrelo en nuestra web!","og_url":"https:\/\/termix.net\/blog\/es\/termix-acapara-miradas-en-sts-beauty-barcelona\/","og_site_name":"Blog Termix Spain","article_published_time":"2015-02-11T09:52:22+00:00","article_modified_time":"2019-12-02T11:39:37+00:00","og_image":[{"width":800,"height":400,"url":"https:\/\/termix.net\/blog\/wp-content\/uploads\/2015\/02\/bannerweb_news800x400_feria08.jpg","type":"image\/jpeg"}],"author":"TermixTeam","twitter_card":"summary_large_image","twitter_misc":{"Escrito por":"TermixTeam","Tiempo de lectura":"1 minuto"},"schema":{"@context":"https:\/\/schema.org","@graph":[{"@type":"Article","@id":"https:\/\/termix.net\/blog\/es\/termix-acapara-miradas-en-sts-beauty-barcelona\/#article","isPartOf":{"@id":"https:\/\/termix.net\/blog\/es\/termix-acapara-miradas-en-sts-beauty-barcelona\/"},"author":{"name":"TermixTeam","@id":"https:\/\/termix.net\/blog\/es\/#\/schema\/person\/9096c98bdf03c8ddf91ad7172f254f40"},"headline":"Termix acapara miradas en STS Beauty Barcelona","datePublished":"2015-02-11T09:52:22+00:00","dateModified":"2019-12-02T11:39:37+00:00","mainEntityOfPage":{"@id":"https:\/\/termix.net\/blog\/es\/termix-acapara-miradas-en-sts-beauty-barcelona\/"},"wordCount":306,"commentCount":0,"publisher":{"@id":"https:\/\/termix.net\/blog\/es\/#organization"},"articleSection":["NOTICIAS"],"inLanguage":"es","potentialAction":[{"@type":"CommentAction","name":"Comment","target":["https:\/\/termix.net\/blog\/es\/termix-acapara-miradas-en-sts-beauty-barcelona\/#respond"]}]},{"@type":"WebPage","@id":"https:\/\/termix.net\/blog\/es\/termix-acapara-miradas-en-sts-beauty-barcelona\/","url":"https:\/\/termix.net\/blog\/es\/termix-acapara-miradas-en-sts-beauty-barcelona\/","name":"Termix sorprende en STS Beatuy BCN-Termix","isPartOf":{"@id":"https:\/\/termix.net\/blog\/es\/#website"},"datePublished":"2015-02-11T09:52:22+00:00","dateModified":"2019-12-02T11:39:37+00:00","description":"Termix ha vuelto a ser protagonista en la tercera edici\u00f3n del STS Beauty Barcelona, sorprendiendo a todos los visitantes. \u00a1Descubrelo en nuestra web!","breadcrumb":{"@id":"https:\/\/termix.net\/blog\/es\/termix-acapara-miradas-en-sts-beauty-barcelona\/#breadcrumb"},"inLanguage":"es","potentialAction":[{"@type":"ReadAction","target":["https:\/\/termix.net\/blog\/es\/termix-acapara-miradas-en-sts-beauty-barcelona\/"]}]},{"@type":"BreadcrumbList","@id":"https:\/\/termix.net\/blog\/es\/termix-acapara-miradas-en-sts-beauty-barcelona\/#breadcrumb","itemListElement":[{"@type":"ListItem","position":1,"name":"Home","item":"https:\/\/termix.net\/blog\/es\/"},{"@type":"ListItem","position":2,"name":"Termix acapara miradas en STS Beauty Barcelona"}]},{"@type":"WebSite","@id":"https:\/\/termix.net\/blog\/es\/#website","url":"https:\/\/termix.net\/blog\/es\/","name":"Blog Termix Spain","description":"Blog de tendencias y productos de peluquer\u00eda profesional.","publisher":{"@id":"https:\/\/termix.net\/blog\/es\/#organization"},"potentialAction":[{"@type":"SearchAction","target":{"@type":"EntryPoint","urlTemplate":"https:\/\/termix.net\/blog\/es\/?s={search_term_string}"},"query-input":"required name=search_term_string"}],"inLanguage":"es"},{"@type":"Organization","@id":"https:\/\/termix.net\/blog\/es\/#organization","name":"Dols Industrial de Peluquer\u00eda SA","url":"https:\/\/termix.net\/blog\/es\/","logo":{"@type":"ImageObject","inLanguage":"es","@id":"https:\/\/termix.net\/blog\/es\/#\/schema\/logo\/image\/","url":"https:\/\/termix.net\/blog\/wp-content\/uploads\/2020\/10\/OGbDAeng.jpeg","contentUrl":"https:\/\/termix.net\/blog\/wp-content\/uploads\/2020\/10\/OGbDAeng.jpeg","width":800,"height":800,"caption":"Dols Industrial de Peluquer\u00eda SA"},"image":{"@id":"https:\/\/termix.net\/blog\/es\/#\/schema\/logo\/image\/"}},{"@type":"Person","@id":"https:\/\/termix.net\/blog\/es\/#\/schema\/person\/9096c98bdf03c8ddf91ad7172f254f40","name":"TermixTeam","image":{"@type":"ImageObject","inLanguage":"es","@id":"https:\/\/termix.net\/blog\/es\/#\/schema\/person\/image\/","url":"https:\/\/secure.gravatar.com\/avatar\/d89f61f6bd1c29a4acb231736d1c74b3?s=96&d=mm&r=g","contentUrl":"https:\/\/secure.gravatar.com\/avatar\/d89f61f6bd1c29a4acb231736d1c74b3?s=96&d=mm&r=g","caption":"TermixTeam"},"url":"https:\/\/termix.net\/blog\/es\/author\/termixteam\/"}]}},"_links":{"self":[{"href":"https:\/\/termix.net\/blog\/es\/wp-json\/wp\/v2\/posts\/3415"}],"collection":[{"href":"https:\/\/termix.net\/blog\/es\/wp-json\/wp\/v2\/posts"}],"about":[{"href":"https:\/\/termix.net\/blog\/es\/wp-json\/wp\/v2\/types\/post"}],"author":[{"embeddable":true,"href":"https:\/\/termix.net\/blog\/es\/wp-json\/wp\/v2\/users\/2"}],"replies":[{"embeddable":true,"href":"https:\/\/termix.net\/blog\/es\/wp-json\/wp\/v2\/comments?post=3415"}],"version-history":[{"count":2,"href":"https:\/\/termix.net\/blog\/es\/wp-json\/wp\/v2\/posts\/3415\/revisions"}],"predecessor-version":[{"id":21750,"href":"https:\/\/termix.net\/blog\/es\/wp-json\/wp\/v2\/posts\/3415\/revisions\/21750"}],"wp:featuredmedia":[{"embeddable":true,"href":"https:\/\/termix.net\/blog\/es\/wp-json\/wp\/v2\/media\/21734"}],"wp:attachment":[{"href":"https:\/\/termix.net\/blog\/es\/wp-json\/wp\/v2\/media?parent=3415"}],"wp:term":[{"taxonomy":"category","embeddable":true,"href":"https:\/\/termix.net\/blog\/es\/wp-json\/wp\/v2\/categories?post=3415"},{"taxonomy":"post_tag","embeddable":true,"href":"https:\/\/termix.net\/blog\/es\/wp-json\/wp\/v2\/tags?post=3415"}],"curies":[{"name":"wp","href":"https:\/\/api.w.org\/{rel}","templated":true}]}}