{"id":3363,"date":"2015-01-30T08:58:54","date_gmt":"2015-01-30T08:58:54","guid":{"rendered":"http:\/\/termix.net\/?p=3363"},"modified":"2019-11-28T13:18:40","modified_gmt":"2019-11-28T12:18:40","slug":"termix-se-traslada-las-pasarelas-en-la-pelicula-chicas-paranoicas","status":"publish","type":"post","link":"https:\/\/termix.net\/blog\/es\/termix-se-traslada-las-pasarelas-en-la-pelicula-chicas-paranoicas\/","title":{"rendered":"Termix se traslada a las pasarelas en la pel\u00edcula Chicas Paranoicas"},"content":{"rendered":"<h1 style=\"text-align: center;\">Termix se traslada a las pasarelas en la pel\u00edcula Chicas Paranoicas<\/h1>\n<p style=\"text-align: center;\">La primera pel\u00edcula sobre el mundo de la moda<\/p>\n<p style=\"text-align: center;\">\n<h3><img decoding=\"async\" class=\"alignnone wp-image-21515 size-full aligncenter\" src=\"https:\/\/termix.net\/blog\/wp-content\/uploads\/2015\/01\/bannerweb_news800x400_chicasparanoicas0.jpg\" alt=\"Termix herramientas de peluquer\u00eda profesionales\" width=\"800\" height=\"400\" srcset=\"https:\/\/termix.net\/blog\/wp-content\/uploads\/2015\/01\/bannerweb_news800x400_chicasparanoicas0-200x100.jpg 200w, https:\/\/termix.net\/blog\/wp-content\/uploads\/2015\/01\/bannerweb_news800x400_chicasparanoicas0-300x150.jpg 300w, https:\/\/termix.net\/blog\/wp-content\/uploads\/2015\/01\/bannerweb_news800x400_chicasparanoicas0-400x200.jpg 400w, https:\/\/termix.net\/blog\/wp-content\/uploads\/2015\/01\/bannerweb_news800x400_chicasparanoicas0-600x300.jpg 600w, https:\/\/termix.net\/blog\/wp-content\/uploads\/2015\/01\/bannerweb_news800x400_chicasparanoicas0-768x384.jpg 768w, https:\/\/termix.net\/blog\/wp-content\/uploads\/2015\/01\/bannerweb_news800x400_chicasparanoicas0.jpg 800w\" sizes=\"(max-width: 800px) 100vw, 800px\" \/><\/h3>\n<p>&nbsp;<\/p>\n<h2><strong>Lorena Morlote &amp; Yolanda P\u00e9rez representando a Termix<\/strong><\/h2>\n<p style=\"text-align: justify;\">Termix colabora con productos para peluquer\u00eda en <strong>la primera pel\u00edcula sobre el mundo de la moda,<\/strong> una nueva propuesta de la mano del director del cortometraje premiado, Esquizofrenia, Pedro del Santo. Chicas Paranoicas es la nueva pel\u00edcula de la productora El gato Persa Films, donde descubriremos todos los entresijos del mundo de la moda. Una apuesta cinematogr\u00e1fica que nos sorprender\u00e1 y dar\u00e1 mucho que hablar.<\/p>\n<p style=\"text-align: justify;\"><strong>Yolanda P\u00e9rez<\/strong>, jefa del departamento de maquillaje y peluquer\u00eda de la producci\u00f3n, ha confiado en nuestros productos Termix. Realiz\u00f3 la caracterizaci\u00f3n de los protagonistas de la pel\u00edcula. Los ha calificado como los <strong>mejores del sector de la peluquer\u00eda<\/strong>. Tambi\u00e9n cuentan con la especial colaboraci\u00f3n de <strong>Lorena Morlote<\/strong>, la estilista de los famosos.<\/p>\n<p style=\"text-align: justify;\">Los protagonistas durante los descansos del rodaje\u00a0 han podido probar y comprobar la calidad de nuestros productos. Y las actrices protagonistas nos han regalado unas fotos divertidas y espont\u00e1neas posando con el <strong>secador de pelo Termix profesional <\/strong>y la <strong>plancha\u00a0 de pelo 230\u00ba Termix<\/strong>, haciendo de modelos como sus personajes en la pel\u00edcula.<\/p>\n<h2>Historia de la pel\u00edcula<\/h2>\n<p style=\"text-align: justify;\">La pel\u00edcula est\u00e1 ambientada en Madrid y trata de tres chicas, Ana, Paula y Ver\u00f3nica. Estas chicas comienzan a dar sus primeros pasos como modelos. Fascinadas por esta profesi\u00f3n, descubrir\u00e1n una mescla de sentimientos. El placer del \u00e9xito, el amargo sabor del fracaso, el amor, los celos, el valor de la amistad\u2026<\/p>\n<p style=\"text-align: justify;\">Junto a ellas un gran n\u00famero de personajes que forman parte de ese mundo. Son ellos: Miguel, el fot\u00f3grafo \u201ccanalla\u201d sin escr\u00fapulos o Diana, la fr\u00eda y ambiciosa directora de la Agencia de modelos en la que est\u00e1n.<\/p>\n<p style=\"text-align: justify;\">La producci\u00f3n cuenta con la <strong>colaboraci\u00f3n de grandes dise\u00f1adores. <\/strong>Designers renombrados como<strong> Devota y Lomba, Agatha Ruiz de la Prada, Victorio y Lucchino.<\/strong><\/p>\n<p>&nbsp;<\/p>\n<h2>\u00abSolo quiero lo mejor y a los mejores\u00bb.<\/h2>\n<p style=\"text-align: justify;\">Adem\u00e1s, cuenta\u00a0con los artistas m\u00e1s punteros en pintura y escultura. Tienen tambi\u00e9n como escenario los locales y restaurantes m\u00e1s cools de Madrid, de la asociaci\u00f3n ACME en general y todo el apoyo del COE.<\/p>\n<p style=\"text-align: justify;\">Tambi\u00e9n cuentan con la figurinista, premiada con el dedal de oro del 21014, <strong>Mar\u00eda Lafuente.<\/strong> La directora de producci\u00f3n, Marian Perea, ha asegurado que para la pel\u00edcula solo quiere \u201clo mejor y a los mejores\u201d.<\/p>\n<p style=\"text-align: justify;\">No os pod\u00e9is perder este largometraje. Ver\u00e9is <strong>los mejores looks creados con las herramientas Termix<\/strong> de la mano de Yolanda P\u00e9rez y todo su equipo. Una pel\u00edcula divertida donde descubrir\u00e9is desde dentro como es el mundo de la moda y os acercar\u00e1 a la vida que llevan todos los que forman parte de ella.<\/p>\n","protected":false},"excerpt":{"rendered":"<p>\t\t\t\tTermix colabora en la primera pel\u00edcula sobre el mundo de la moda. Una sorprendente apuesta cinematogr\u00e1fica en la que sus protagonistas lucen espectaculares looks realizados con las herramientas Termix.\t\t<\/p>\n","protected":false},"author":2,"featured_media":21515,"comment_status":"open","ping_status":"open","sticky":false,"template":"","format":"standard","meta":[],"categories":[6],"tags":[],"yoast_head":"<!-- This site is optimized with the Yoast SEO plugin v20.0 - https:\/\/yoast.com\/wordpress\/plugins\/seo\/ -->\n<title>Termix colabora con productos para peluquer\u00eda en pel\u00edcula fashion -Termix<\/title>\n<meta name=\"description\" content=\"Termix, productos para peluquer\u00eda se traslada a las pasarelas en la nueva pel\u00edcula sobre el mundo de la moda, Chicas Paranoicas. No te pierdas los mejores looks de la mano de Termix.\" \/>\n<meta name=\"robots\" content=\"index, follow, max-snippet:-1, max-image-preview:large, max-video-preview:-1\" \/>\n<link rel=\"canonical\" href=\"https:\/\/termix.net\/blog\/es\/termix-se-traslada-las-pasarelas-en-la-pelicula-chicas-paranoicas\/\" \/>\n<meta property=\"og:locale\" content=\"es_ES\" \/>\n<meta property=\"og:type\" content=\"article\" \/>\n<meta property=\"og:title\" content=\"Termix colabora con productos para peluquer\u00eda en pel\u00edcula fashion -Termix\" \/>\n<meta property=\"og:description\" content=\"Termix, productos para peluquer\u00eda se traslada a las pasarelas en la nueva pel\u00edcula sobre el mundo de la moda, Chicas Paranoicas. No te pierdas los mejores looks de la mano de Termix.\" \/>\n<meta property=\"og:url\" content=\"https:\/\/termix.net\/blog\/es\/termix-se-traslada-las-pasarelas-en-la-pelicula-chicas-paranoicas\/\" \/>\n<meta property=\"og:site_name\" content=\"Blog Termix Spain\" \/>\n<meta property=\"article:published_time\" content=\"2015-01-30T08:58:54+00:00\" \/>\n<meta property=\"article:modified_time\" content=\"2019-11-28T12:18:40+00:00\" \/>\n<meta property=\"og:image\" content=\"https:\/\/termix.net\/blog\/wp-content\/uploads\/2015\/01\/bannerweb_news800x400_chicasparanoicas0.jpg\" \/>\n\t<meta property=\"og:image:width\" content=\"800\" \/>\n\t<meta property=\"og:image:height\" content=\"400\" \/>\n\t<meta property=\"og:image:type\" content=\"image\/jpeg\" \/>\n<meta name=\"author\" content=\"TermixTeam\" \/>\n<meta name=\"twitter:card\" content=\"summary_large_image\" \/>\n<meta name=\"twitter:label1\" content=\"Escrito por\" \/>\n\t<meta name=\"twitter:data1\" content=\"TermixTeam\" \/>\n\t<meta name=\"twitter:label2\" content=\"Tiempo de lectura\" \/>\n\t<meta name=\"twitter:data2\" content=\"2 minutos\" \/>\n<script type=\"application\/ld+json\" class=\"yoast-schema-graph\">{\"@context\":\"https:\/\/schema.org\",\"@graph\":[{\"@type\":\"Article\",\"@id\":\"https:\/\/termix.net\/blog\/es\/termix-se-traslada-las-pasarelas-en-la-pelicula-chicas-paranoicas\/#article\",\"isPartOf\":{\"@id\":\"https:\/\/termix.net\/blog\/es\/termix-se-traslada-las-pasarelas-en-la-pelicula-chicas-paranoicas\/\"},\"author\":{\"name\":\"TermixTeam\",\"@id\":\"https:\/\/termix.net\/blog\/es\/#\/schema\/person\/9096c98bdf03c8ddf91ad7172f254f40\"},\"headline\":\"Termix se traslada a las pasarelas en la pel\u00edcula Chicas Paranoicas\",\"datePublished\":\"2015-01-30T08:58:54+00:00\",\"dateModified\":\"2019-11-28T12:18:40+00:00\",\"mainEntityOfPage\":{\"@id\":\"https:\/\/termix.net\/blog\/es\/termix-se-traslada-las-pasarelas-en-la-pelicula-chicas-paranoicas\/\"},\"wordCount\":503,\"commentCount\":0,\"publisher\":{\"@id\":\"https:\/\/termix.net\/blog\/es\/#organization\"},\"articleSection\":[\"NOTICIAS\"],\"inLanguage\":\"es\",\"potentialAction\":[{\"@type\":\"CommentAction\",\"name\":\"Comment\",\"target\":[\"https:\/\/termix.net\/blog\/es\/termix-se-traslada-las-pasarelas-en-la-pelicula-chicas-paranoicas\/#respond\"]}]},{\"@type\":\"WebPage\",\"@id\":\"https:\/\/termix.net\/blog\/es\/termix-se-traslada-las-pasarelas-en-la-pelicula-chicas-paranoicas\/\",\"url\":\"https:\/\/termix.net\/blog\/es\/termix-se-traslada-las-pasarelas-en-la-pelicula-chicas-paranoicas\/\",\"name\":\"Termix colabora con productos para peluquer\u00eda en pel\u00edcula fashion -Termix\",\"isPartOf\":{\"@id\":\"https:\/\/termix.net\/blog\/es\/#website\"},\"datePublished\":\"2015-01-30T08:58:54+00:00\",\"dateModified\":\"2019-11-28T12:18:40+00:00\",\"description\":\"Termix, productos para peluquer\u00eda se traslada a las pasarelas en la nueva pel\u00edcula sobre el mundo de la moda, Chicas Paranoicas. No te pierdas los mejores looks de la mano de Termix.\",\"breadcrumb\":{\"@id\":\"https:\/\/termix.net\/blog\/es\/termix-se-traslada-las-pasarelas-en-la-pelicula-chicas-paranoicas\/#breadcrumb\"},\"inLanguage\":\"es\",\"potentialAction\":[{\"@type\":\"ReadAction\",\"target\":[\"https:\/\/termix.net\/blog\/es\/termix-se-traslada-las-pasarelas-en-la-pelicula-chicas-paranoicas\/\"]}]},{\"@type\":\"BreadcrumbList\",\"@id\":\"https:\/\/termix.net\/blog\/es\/termix-se-traslada-las-pasarelas-en-la-pelicula-chicas-paranoicas\/#breadcrumb\",\"itemListElement\":[{\"@type\":\"ListItem\",\"position\":1,\"name\":\"Home\",\"item\":\"https:\/\/termix.net\/blog\/es\/\"},{\"@type\":\"ListItem\",\"position\":2,\"name\":\"Termix se traslada a las pasarelas en la pel\u00edcula Chicas Paranoicas\"}]},{\"@type\":\"WebSite\",\"@id\":\"https:\/\/termix.net\/blog\/es\/#website\",\"url\":\"https:\/\/termix.net\/blog\/es\/\",\"name\":\"Blog Termix Spain\",\"description\":\"Blog de tendencias y productos de peluquer\u00eda profesional.\",\"publisher\":{\"@id\":\"https:\/\/termix.net\/blog\/es\/#organization\"},\"potentialAction\":[{\"@type\":\"SearchAction\",\"target\":{\"@type\":\"EntryPoint\",\"urlTemplate\":\"https:\/\/termix.net\/blog\/es\/?s={search_term_string}\"},\"query-input\":\"required name=search_term_string\"}],\"inLanguage\":\"es\"},{\"@type\":\"Organization\",\"@id\":\"https:\/\/termix.net\/blog\/es\/#organization\",\"name\":\"Dols Industrial de Peluquer\u00eda SA\",\"url\":\"https:\/\/termix.net\/blog\/es\/\",\"logo\":{\"@type\":\"ImageObject\",\"inLanguage\":\"es\",\"@id\":\"https:\/\/termix.net\/blog\/es\/#\/schema\/logo\/image\/\",\"url\":\"https:\/\/termix.net\/blog\/wp-content\/uploads\/2020\/10\/OGbDAeng.jpeg\",\"contentUrl\":\"https:\/\/termix.net\/blog\/wp-content\/uploads\/2020\/10\/OGbDAeng.jpeg\",\"width\":800,\"height\":800,\"caption\":\"Dols Industrial de Peluquer\u00eda SA\"},\"image\":{\"@id\":\"https:\/\/termix.net\/blog\/es\/#\/schema\/logo\/image\/\"}},{\"@type\":\"Person\",\"@id\":\"https:\/\/termix.net\/blog\/es\/#\/schema\/person\/9096c98bdf03c8ddf91ad7172f254f40\",\"name\":\"TermixTeam\",\"image\":{\"@type\":\"ImageObject\",\"inLanguage\":\"es\",\"@id\":\"https:\/\/termix.net\/blog\/es\/#\/schema\/person\/image\/\",\"url\":\"https:\/\/secure.gravatar.com\/avatar\/d89f61f6bd1c29a4acb231736d1c74b3?s=96&d=mm&r=g\",\"contentUrl\":\"https:\/\/secure.gravatar.com\/avatar\/d89f61f6bd1c29a4acb231736d1c74b3?s=96&d=mm&r=g\",\"caption\":\"TermixTeam\"},\"url\":\"https:\/\/termix.net\/blog\/es\/author\/termixteam\/\"}]}<\/script>\n<!-- \/ Yoast SEO plugin. -->","yoast_head_json":{"title":"Termix colabora con productos para peluquer\u00eda en pel\u00edcula fashion -Termix","description":"Termix, productos para peluquer\u00eda se traslada a las pasarelas en la nueva pel\u00edcula sobre el mundo de la moda, Chicas Paranoicas. No te pierdas los mejores looks de la mano de Termix.","robots":{"index":"index","follow":"follow","max-snippet":"max-snippet:-1","max-image-preview":"max-image-preview:large","max-video-preview":"max-video-preview:-1"},"canonical":"https:\/\/termix.net\/blog\/es\/termix-se-traslada-las-pasarelas-en-la-pelicula-chicas-paranoicas\/","og_locale":"es_ES","og_type":"article","og_title":"Termix colabora con productos para peluquer\u00eda en pel\u00edcula fashion -Termix","og_description":"Termix, productos para peluquer\u00eda se traslada a las pasarelas en la nueva pel\u00edcula sobre el mundo de la moda, Chicas Paranoicas. No te pierdas los mejores looks de la mano de Termix.","og_url":"https:\/\/termix.net\/blog\/es\/termix-se-traslada-las-pasarelas-en-la-pelicula-chicas-paranoicas\/","og_site_name":"Blog Termix Spain","article_published_time":"2015-01-30T08:58:54+00:00","article_modified_time":"2019-11-28T12:18:40+00:00","og_image":[{"width":800,"height":400,"url":"https:\/\/termix.net\/blog\/wp-content\/uploads\/2015\/01\/bannerweb_news800x400_chicasparanoicas0.jpg","type":"image\/jpeg"}],"author":"TermixTeam","twitter_card":"summary_large_image","twitter_misc":{"Escrito por":"TermixTeam","Tiempo de lectura":"2 minutos"},"schema":{"@context":"https:\/\/schema.org","@graph":[{"@type":"Article","@id":"https:\/\/termix.net\/blog\/es\/termix-se-traslada-las-pasarelas-en-la-pelicula-chicas-paranoicas\/#article","isPartOf":{"@id":"https:\/\/termix.net\/blog\/es\/termix-se-traslada-las-pasarelas-en-la-pelicula-chicas-paranoicas\/"},"author":{"name":"TermixTeam","@id":"https:\/\/termix.net\/blog\/es\/#\/schema\/person\/9096c98bdf03c8ddf91ad7172f254f40"},"headline":"Termix se traslada a las pasarelas en la pel\u00edcula Chicas Paranoicas","datePublished":"2015-01-30T08:58:54+00:00","dateModified":"2019-11-28T12:18:40+00:00","mainEntityOfPage":{"@id":"https:\/\/termix.net\/blog\/es\/termix-se-traslada-las-pasarelas-en-la-pelicula-chicas-paranoicas\/"},"wordCount":503,"commentCount":0,"publisher":{"@id":"https:\/\/termix.net\/blog\/es\/#organization"},"articleSection":["NOTICIAS"],"inLanguage":"es","potentialAction":[{"@type":"CommentAction","name":"Comment","target":["https:\/\/termix.net\/blog\/es\/termix-se-traslada-las-pasarelas-en-la-pelicula-chicas-paranoicas\/#respond"]}]},{"@type":"WebPage","@id":"https:\/\/termix.net\/blog\/es\/termix-se-traslada-las-pasarelas-en-la-pelicula-chicas-paranoicas\/","url":"https:\/\/termix.net\/blog\/es\/termix-se-traslada-las-pasarelas-en-la-pelicula-chicas-paranoicas\/","name":"Termix colabora con productos para peluquer\u00eda en pel\u00edcula fashion -Termix","isPartOf":{"@id":"https:\/\/termix.net\/blog\/es\/#website"},"datePublished":"2015-01-30T08:58:54+00:00","dateModified":"2019-11-28T12:18:40+00:00","description":"Termix, productos para peluquer\u00eda se traslada a las pasarelas en la nueva pel\u00edcula sobre el mundo de la moda, Chicas Paranoicas. No te pierdas los mejores looks de la mano de Termix.","breadcrumb":{"@id":"https:\/\/termix.net\/blog\/es\/termix-se-traslada-las-pasarelas-en-la-pelicula-chicas-paranoicas\/#breadcrumb"},"inLanguage":"es","potentialAction":[{"@type":"ReadAction","target":["https:\/\/termix.net\/blog\/es\/termix-se-traslada-las-pasarelas-en-la-pelicula-chicas-paranoicas\/"]}]},{"@type":"BreadcrumbList","@id":"https:\/\/termix.net\/blog\/es\/termix-se-traslada-las-pasarelas-en-la-pelicula-chicas-paranoicas\/#breadcrumb","itemListElement":[{"@type":"ListItem","position":1,"name":"Home","item":"https:\/\/termix.net\/blog\/es\/"},{"@type":"ListItem","position":2,"name":"Termix se traslada a las pasarelas en la pel\u00edcula Chicas Paranoicas"}]},{"@type":"WebSite","@id":"https:\/\/termix.net\/blog\/es\/#website","url":"https:\/\/termix.net\/blog\/es\/","name":"Blog Termix Spain","description":"Blog de tendencias y productos de peluquer\u00eda profesional.","publisher":{"@id":"https:\/\/termix.net\/blog\/es\/#organization"},"potentialAction":[{"@type":"SearchAction","target":{"@type":"EntryPoint","urlTemplate":"https:\/\/termix.net\/blog\/es\/?s={search_term_string}"},"query-input":"required name=search_term_string"}],"inLanguage":"es"},{"@type":"Organization","@id":"https:\/\/termix.net\/blog\/es\/#organization","name":"Dols Industrial de Peluquer\u00eda SA","url":"https:\/\/termix.net\/blog\/es\/","logo":{"@type":"ImageObject","inLanguage":"es","@id":"https:\/\/termix.net\/blog\/es\/#\/schema\/logo\/image\/","url":"https:\/\/termix.net\/blog\/wp-content\/uploads\/2020\/10\/OGbDAeng.jpeg","contentUrl":"https:\/\/termix.net\/blog\/wp-content\/uploads\/2020\/10\/OGbDAeng.jpeg","width":800,"height":800,"caption":"Dols Industrial de Peluquer\u00eda SA"},"image":{"@id":"https:\/\/termix.net\/blog\/es\/#\/schema\/logo\/image\/"}},{"@type":"Person","@id":"https:\/\/termix.net\/blog\/es\/#\/schema\/person\/9096c98bdf03c8ddf91ad7172f254f40","name":"TermixTeam","image":{"@type":"ImageObject","inLanguage":"es","@id":"https:\/\/termix.net\/blog\/es\/#\/schema\/person\/image\/","url":"https:\/\/secure.gravatar.com\/avatar\/d89f61f6bd1c29a4acb231736d1c74b3?s=96&d=mm&r=g","contentUrl":"https:\/\/secure.gravatar.com\/avatar\/d89f61f6bd1c29a4acb231736d1c74b3?s=96&d=mm&r=g","caption":"TermixTeam"},"url":"https:\/\/termix.net\/blog\/es\/author\/termixteam\/"}]}},"_links":{"self":[{"href":"https:\/\/termix.net\/blog\/es\/wp-json\/wp\/v2\/posts\/3363"}],"collection":[{"href":"https:\/\/termix.net\/blog\/es\/wp-json\/wp\/v2\/posts"}],"about":[{"href":"https:\/\/termix.net\/blog\/es\/wp-json\/wp\/v2\/types\/post"}],"author":[{"embeddable":true,"href":"https:\/\/termix.net\/blog\/es\/wp-json\/wp\/v2\/users\/2"}],"replies":[{"embeddable":true,"href":"https:\/\/termix.net\/blog\/es\/wp-json\/wp\/v2\/comments?post=3363"}],"version-history":[{"count":2,"href":"https:\/\/termix.net\/blog\/es\/wp-json\/wp\/v2\/posts\/3363\/revisions"}],"predecessor-version":[{"id":21517,"href":"https:\/\/termix.net\/blog\/es\/wp-json\/wp\/v2\/posts\/3363\/revisions\/21517"}],"wp:featuredmedia":[{"embeddable":true,"href":"https:\/\/termix.net\/blog\/es\/wp-json\/wp\/v2\/media\/21515"}],"wp:attachment":[{"href":"https:\/\/termix.net\/blog\/es\/wp-json\/wp\/v2\/media?parent=3363"}],"wp:term":[{"taxonomy":"category","embeddable":true,"href":"https:\/\/termix.net\/blog\/es\/wp-json\/wp\/v2\/categories?post=3363"},{"taxonomy":"post_tag","embeddable":true,"href":"https:\/\/termix.net\/blog\/es\/wp-json\/wp\/v2\/tags?post=3363"}],"curies":[{"name":"wp","href":"https:\/\/api.w.org\/{rel}","templated":true}]}}