{"id":27993,"date":"2021-01-28T16:26:45","date_gmt":"2021-01-28T15:26:45","guid":{"rendered":"https:\/\/termix.net\/blog\/?p=27993"},"modified":"2021-01-28T16:26:45","modified_gmt":"2021-01-28T15:26:45","slug":"peinamos-con-carlos-lopez-como-elegir-el-cepillo-termix-evolution-ideal","status":"publish","type":"post","link":"https:\/\/termix.net\/blog\/es\/peinamos-con-carlos-lopez-como-elegir-el-cepillo-termix-evolution-ideal\/","title":{"rendered":"Peinamos con Carlos L\u00f3pez: c\u00f3mo elegir el cepillo Termix Evolution ideal"},"content":{"rendered":"<p><div class=\"fusion-fullwidth fullwidth-box fusion-builder-row-1 faded-background fusion-parallax-none nonhundred-percent-fullwidth non-hundred-percent-height-scrolling\" style=\"--awb-border-radius-top-left:0px;--awb-border-radius-top-right:0px;--awb-border-radius-bottom-right:0px;--awb-border-radius-bottom-left:0px;--awb-padding-top:24%;--awb-padding-right:3%;--awb-padding-left:3%;--awb-background-size:cover;\" ><div class=\"fullwidth-faded\" style=\"--awb-background-color:#181818;--awb-background-image:url(https:\/\/termix.net\/blog-int\/wp-content\/uploads\/2021\/01\/Screen-Shot-2021-01-23-at-12.50.32-PM.png);--awb-background-size:cover;\" ><\/div><div class=\"fusion-builder-row fusion-row\"><div class=\"fusion-layout-column fusion_builder_column fusion-builder-column-0 fusion_builder_column_1_1 1_1 fusion-one-full fusion-column-first fusion-column-last\" style=\"--awb-padding-top:6%;--awb-padding-right:8%;--awb-padding-left:8%;--awb-bg-color:rgba(255,255,255,0.61);--awb-bg-size:cover;--awb-margin-top:0px;--awb-margin-bottom:0px;\"><div class=\"fusion-column-wrapper fusion-column-has-shadow fusion-flex-column-wrapper-legacy\"><div class=\"fusion-title title fusion-title-1 fusion-sep-none fusion-title-center fusion-title-text fusion-title-size-two\" style=\"--awb-margin-top:30px;--awb-margin-bottom:20px;\"><h2 class=\"title-heading-center fusion-responsive-typography-calculated\" style=\"margin:0;--fontSize:50;line-height:1.28;\"><h1 style=\"text-align: center;\">Peinamos con Carlos L\u00f3pez: c\u00f3mo elegir el cepillo Termix Evolution ideal<\/h1>\n<h1 style=\"text-align: center;\"><\/h1><\/h2><\/div><div class=\"fusion-clearfix\"><\/div><\/div><\/div><\/div><\/div><div class=\"fusion-fullwidth fullwidth-box fusion-builder-row-2 nonhundred-percent-fullwidth non-hundred-percent-height-scrolling\" style=\"--awb-border-radius-top-left:0px;--awb-border-radius-top-right:0px;--awb-border-radius-bottom-right:0px;--awb-border-radius-bottom-left:0px;--awb-padding-top:10px;--awb-padding-bottom:4%;\" ><div class=\"fusion-builder-row fusion-row\"><div class=\"fusion-layout-column fusion_builder_column fusion-builder-column-1 fusion_builder_column_1_6 1_6 fusion-one-sixth fusion-column-first fusion-no-small-visibility fusion-no-medium-visibility\" style=\"--awb-bg-size:cover;width:16.666666666667%;width:calc(16.666666666667% - ( ( 0 + 0 ) * 0.16666666666667 ) );margin-right: 0px;\"><div class=\"fusion-column-wrapper fusion-flex-column-wrapper-legacy\"><div class=\"fusion-clearfix\"><\/div><\/div><\/div><div class=\"fusion-layout-column fusion_builder_column fusion-builder-column-2 fusion_builder_column_2_3 2_3 fusion-two-third\" style=\"--awb-bg-size:cover;width:66.666666666667%;width:calc(66.666666666667% - ( ( 0 + 0 ) * 0.66666666666667 ) );margin-right: 0px;\"><div class=\"fusion-column-wrapper fusion-flex-column-wrapper-legacy\"><div class=\"fusion-text fusion-text-1\"><p>Fuimos a la Gran Manzana de Nueva York a visitar el sal\u00f3n <a href=\"https:\/\/www.calosalon.com\/\" target=\"_blank\" rel=\"noopener noreferrer\">Calo Studio<\/a>, del estilista colombiano <a href=\"https:\/\/www.instagram.com\/calohair\/?hl=es\" target=\"_blank\" rel=\"noopener noreferrer\">Carlos L\u00f3pez<\/a>, ubicado a pocas cuadras de Times Square.\u00a0 Desde su punto de vista profesional nos dijo c\u00f3mo elegir el cepillo Termix Evolution ideal.<\/p>\n<\/div><div class=\"fusion-text fusion-text-2\"><p>El estilista nos explic\u00f3 las caracter\u00edsticas de los cepillos <a href=\"https:\/\/www.youtube.com\/watch?v=4E2xyyigfWA\" target=\"_blank\" rel=\"noopener noreferrer\"><strong>Termix Evolution<\/strong><\/a> y lo importante que es identificar la textura del cabello y su condici\u00f3n antes de elegir un cepillo.<\/p>\n<\/div><div class=\"fusion-sep-clear\"><\/div><div class=\"fusion-separator fusion-full-width-sep\" style=\"margin-left: auto;margin-right: auto;margin-top:30px;width:100%;\"><\/div><div class=\"fusion-sep-clear\"><\/div><div class=\"fusion-text fusion-text-3\" style=\"--awb-text-color:#00183a;\"><h4 style=\"text-align: center;\">En este video aprender\u00e1s\u00a0 a elegir el cepillo Termix Evolution ideal para tu tipo de cabello<\/h4>\n<\/div><div class=\"fusion-sep-clear\"><\/div><div class=\"fusion-separator fusion-full-width-sep\" style=\"margin-left: auto;margin-right: auto;margin-top:30px;width:100%;\"><\/div><div class=\"fusion-sep-clear\"><\/div><div class=\"fusion-video fusion-youtube fusion-aligncenter\" style=\"--awb-max-width:1000px;--awb-max-height:563px;--awb-width:100%;\" data-autoplay=\"1\"><div class=\"video-shortcode\"><div class=\"fluid-width-video-wrapper\" style=\"padding-top:56.3%;\" ><iframe title=\"YouTube video player 1\" src=\"https:\/\/www.youtube.com\/embed\/bT5xSaWSWZ8?wmode=transparent&autoplay=0\" width=\"1000\" height=\"563\" allowfullscreen allow=\"autoplay; fullscreen\"><\/iframe><\/div><\/div><\/div><div class=\"fusion-sep-clear\"><\/div><div class=\"fusion-separator fusion-full-width-sep\" style=\"margin-left: auto;margin-right: auto;margin-top:30px;width:100%;\"><\/div><div class=\"fusion-sep-clear\"><\/div><div class=\"fusion-text fusion-text-4\"><h2>Los cepillos Termix Evolution en palabras del estilista Carlos L\u00f3pez:<\/h2>\n<\/div><div class=\"fusion-clearfix\"><\/div><\/div><\/div><div class=\"fusion-layout-column fusion_builder_column fusion-builder-column-3 fusion_builder_column_1_6 1_6 fusion-one-sixth fusion-column-last fusion-no-small-visibility fusion-no-medium-visibility\" style=\"--awb-bg-size:cover;width:16.666666666667%;width:calc(16.666666666667% - ( ( 0 + 0 ) * 0.16666666666667 ) );\"><div class=\"fusion-column-wrapper fusion-flex-column-wrapper-legacy\"><div class=\"fusion-clearfix\"><\/div><\/div><\/div><\/div><\/div><div class=\"fusion-fullwidth fullwidth-box fusion-builder-row-3 nonhundred-percent-fullwidth non-hundred-percent-height-scrolling\" style=\"--awb-border-radius-top-left:0px;--awb-border-radius-top-right:0px;--awb-border-radius-bottom-right:0px;--awb-border-radius-bottom-left:0px;--awb-padding-top:10px;--awb-padding-bottom:4%;\" ><div class=\"fusion-builder-row fusion-row\"><div class=\"fusion-layout-column fusion_builder_column fusion-builder-column-4 fusion_builder_column_1_6 1_6 fusion-one-sixth fusion-column-first fusion-no-small-visibility fusion-no-medium-visibility\" style=\"--awb-bg-size:cover;width:16.666666666667%;width:calc(16.666666666667% - ( ( 0 + 0 ) * 0.16666666666667 ) );margin-right: 0px;\"><div class=\"fusion-column-wrapper fusion-flex-column-wrapper-legacy\"><div class=\"fusion-clearfix\"><\/div><\/div><\/div><div class=\"fusion-layout-column fusion_builder_column fusion-builder-column-5 fusion_builder_column_2_3 2_3 fusion-two-third\" style=\"--awb-bg-size:cover;width:66.666666666667%;width:calc(66.666666666667% - ( ( 0 + 0 ) * 0.66666666666667 ) );margin-right: 0px;\"><div class=\"fusion-column-wrapper fusion-flex-column-wrapper-legacy\"><div class=\"fusion-text fusion-text-5\"><p><strong>1. <a href=\"https:\/\/termix.net\/es\/cepillos\/cepillos-redondos\/cepillo-evolution-soft.html\" target=\"_blank\" rel=\"noopener noreferrer\">Termix Evolution Soft<\/a> <\/strong><\/p>\n<blockquote>\n<p>\u201cDise\u00f1ado para cabellos finos, de baja densidad y con tendencia a la rotura. Sus suaves fibras se adaptan al cabello sin estresarlo \u201d<\/p>\n<\/blockquote>\n<p><strong>2. <a href=\"https:\/\/termix.net\/es\/cepillos\/cepillos-redondos\/cepillo-evolution-basic.html\" target=\"_blank\" rel=\"noopener noreferrer\">Termix Evolution Basic<\/a><\/strong> para cabello natural o medio<\/p>\n<blockquote>\n<p>\u201c<span lang=\"es\">Es el \u00fanico cepillo del mercado dise\u00f1ado para controlar los problemas de deshidrataci\u00f3n que presenta este tipo de cabello gracias a la combinaci\u00f3n de su dise\u00f1o de tubo y la cantidad y grosor espec\u00edficos de sus fibras de nailon ionizado<\/span>\u201d.<\/p>\n<\/blockquote>\n<p><strong>3.<a href=\"https:\/\/termix.net\/es\/cepillos\/cepillos-redondos\/cepillo-evolution-plus.html\" target=\"_blank\" rel=\"noopener noreferrer\"> Termix Evolution Plus<\/a> \u00a0<\/strong><span lang=\"es\">para melenas gruesas y abundantes que son dif\u00edciles de manejar y controlar <\/span><\/p>\n<blockquote>\n<p><span lang=\"es\">\u201cEs el \u00fanico cepillo del mercado que ayuda a controlar y dar forma a este tipo de cabello, gracias a la densidad de sus fibras de nailon ionizado\u201d<\/span><\/p>\n<\/blockquote>\n<p>4. <a href=\"https:\/\/termix.net\/es\/cepillos\/cepillos-redondos\/cepillo-pelo-evolution-special-care.html\" target=\"_blank\" rel=\"noopener noreferrer\"><strong>Termix Evolution Special Care <\/strong><\/a><span lang=\"es\">para cabellos medianos y gruesos da\u00f1ados por procesos qu\u00edmicos <\/span><\/p>\n<blockquote>\n<p><span lang=\"es\">\u00abEs perfecto para peinar el cabello m\u00e1s da\u00f1ado y evitar que se rompa\u00bb<\/span><\/p>\n<\/blockquote>\n<\/div><div class=\"fusion-sep-clear\"><\/div><div class=\"fusion-separator fusion-full-width-sep\" style=\"margin-left: auto;margin-right: auto;margin-top:30px;width:100%;\"><\/div><div class=\"fusion-sep-clear\"><\/div><div class=\"fusion-image-element fusion-image-align-center in-legacy-container\" style=\"text-align:center;--awb-caption-title-size:var(--h2_typography-font-size);--awb-caption-title-transform:var(--h2_typography-text-transform);--awb-caption-title-line-height:var(--h2_typography-line-height);--awb-caption-title-letter-spacing:var(--h2_typography-letter-spacing);\"><div class=\"imageframe-align-center\"><span class=\" fusion-imageframe imageframe-none imageframe-1 hover-type-zoomin\"><a class=\"fusion-no-lightbox\" href=\"https:\/\/termix.net\/es\/cepillos\/\" target=\"_blank\" aria-label=\"Peluqueros en tiempos de Coronavirus: as\u00ed lo est\u00e1n viviendo\" rel=\"noopener noreferrer\"><img decoding=\"async\" alt=\"Termix evolution cepillos redondos \" src=\"https:\/\/termix.net\/blog-int\/wp-content\/uploads\/2020\/09\/cepillo-alisador3.jpg\" class=\"img-responsive wp-image-25742\"\/><\/a><\/span><\/div><\/div><div class=\"fusion-sep-clear\"><\/div><div class=\"fusion-separator fusion-full-width-sep\" style=\"margin-left: auto;margin-right: auto;margin-top:30px;width:100%;\"><\/div><div class=\"fusion-sep-clear\"><\/div><div class=\"fusion-aligncenter\"><a class=\"fusion-button button-flat fusion-button-default-size button-default fusion-button-default button-1 fusion-button-default-span fusion-button-default-type\" target=\"_blank\" rel=\"noopener noreferrer\" href=\"https:\/\/www.youtube.com\/watch?v=4E2xyyigfWA\"><span class=\"fusion-button-text\">Elige tu cepillo ideal <\/span><\/a><\/div><div class=\"fusion-sep-clear\"><\/div><div class=\"fusion-separator fusion-full-width-sep\" style=\"margin-left: auto;margin-right: auto;margin-top:30px;width:100%;\"><\/div><div class=\"fusion-sep-clear\"><\/div><div class=\"fusion-title title fusion-title-2 fusion-sep-none fusion-title-text fusion-title-size-one\"><h1 class=\"title-heading-left fusion-responsive-typography-calculated\" style=\"margin:0;--fontSize:50;line-height:1;\"><h2 style=\"text-align: center;\">Tus aliados perfectos<\/h2><\/h1><\/div><div class=\"awb-gallery-wrapper awb-gallery-wrapper-1 button-span-no\"><div style=\"margin:-35px;--awb-bordersize:0px;\" class=\"fusion-gallery fusion-gallery-container fusion-grid-3 fusion-columns-total-3 fusion-gallery-layout-grid fusion-gallery-1\"><div style=\"padding:35px;\" class=\"fusion-grid-column fusion-gallery-column fusion-gallery-column-3 hover-type-zoomout\"><div class=\"fusion-gallery-image\"><a href=\"https:\/\/termix.net\/es\/cepillos\/cepillos-redondos\/cepillo-evolution-soft.html\" data-title=\"Cepillo para cabello fino y fragil\" title=\"Cepillo para cabello fino y fragil\" data-caption=\"Cepillo para cabello fino y fragil \" rel=\"noreferrer\" data-rel=\"iLightbox[gallery_image_1]\" class=\"fusion-lightbox\" target=\"_blank\"><img decoding=\"async\" src=\"https:\/\/termix.net\/blog\/wp-content\/uploads\/2020\/11\/Cepillo-para-cabello-fino-y-fragil-.png\" width=\"1532\" height=\"1518\" alt=\"\" title=\"Cepillo para cabello fino y fragil\" aria-label=\"Cepillo para cabello fino y fragil\" class=\"img-responsive wp-image-27472\" srcset=\"https:\/\/termix.net\/blog\/wp-content\/uploads\/2020\/11\/Cepillo-para-cabello-fino-y-fragil--200x198.png 200w, https:\/\/termix.net\/blog\/wp-content\/uploads\/2020\/11\/Cepillo-para-cabello-fino-y-fragil--400x396.png 400w, https:\/\/termix.net\/blog\/wp-content\/uploads\/2020\/11\/Cepillo-para-cabello-fino-y-fragil--600x595.png 600w, https:\/\/termix.net\/blog\/wp-content\/uploads\/2020\/11\/Cepillo-para-cabello-fino-y-fragil--800x793.png 800w, https:\/\/termix.net\/blog\/wp-content\/uploads\/2020\/11\/Cepillo-para-cabello-fino-y-fragil--1200x1189.png 1200w, https:\/\/termix.net\/blog\/wp-content\/uploads\/2020\/11\/Cepillo-para-cabello-fino-y-fragil-.png 1532w\" sizes=\"(min-width: 2200px) 100vw, (min-width: 808px) 559px, (min-width: 724px) 808px, (min-width: 640px) 724px, \" \/><\/a><\/div><\/div><div style=\"padding:35px;\" class=\"fusion-grid-column fusion-gallery-column fusion-gallery-column-3 hover-type-zoomout\"><div class=\"fusion-gallery-image\"><a href=\"https:\/\/termix.net\/es\/cepillos\/cepillos-redondos\/cepillo-evolution-basic.html\" data-title=\"Cepillo para cuidado cabello normal Termix\" title=\"Cepillo para cuidado cabello normal Termix\" data-caption=\"cepillo para cuidado cabello normal Termix\" rel=\"noreferrer\" data-rel=\"iLightbox[gallery_image_1]\" class=\"fusion-lightbox\" target=\"_blank\"><img decoding=\"async\" src=\"https:\/\/termix.net\/blog\/wp-content\/uploads\/2020\/11\/Cepillo-para-cabello-normal-Termix-.png\" width=\"1416\" height=\"1462\" alt=\"Cepillo para cuidado cabello normal Termix\" title=\"Cepillo para cuidado cabello normal Termix\" aria-label=\"Cepillo para cuidado cabello normal Termix\" class=\"img-responsive wp-image-27475\" srcset=\"https:\/\/termix.net\/blog\/wp-content\/uploads\/2020\/11\/Cepillo-para-cabello-normal-Termix--200x206.png 200w, https:\/\/termix.net\/blog\/wp-content\/uploads\/2020\/11\/Cepillo-para-cabello-normal-Termix--400x413.png 400w, https:\/\/termix.net\/blog\/wp-content\/uploads\/2020\/11\/Cepillo-para-cabello-normal-Termix--600x619.png 600w, https:\/\/termix.net\/blog\/wp-content\/uploads\/2020\/11\/Cepillo-para-cabello-normal-Termix--800x826.png 800w, https:\/\/termix.net\/blog\/wp-content\/uploads\/2020\/11\/Cepillo-para-cabello-normal-Termix--1200x1239.png 1200w, https:\/\/termix.net\/blog\/wp-content\/uploads\/2020\/11\/Cepillo-para-cabello-normal-Termix-.png 1416w\" sizes=\"(min-width: 2200px) 100vw, (min-width: 808px) 559px, (min-width: 724px) 808px, (min-width: 640px) 724px, \" \/><\/a><\/div><\/div><div style=\"padding:35px;\" class=\"fusion-grid-column fusion-gallery-column fusion-gallery-column-3 hover-type-zoomout\"><div class=\"fusion-gallery-image\"><a href=\"https:\/\/termix.net\/es\/cepillos\/cepillos-redondos\/cepillo-evolution-plus.html\" data-title=\"Cepillo cabello grueso Termix\" title=\"Cepillo cabello grueso Termix\" data-caption=\"Cepillo cabello grueso Termix\" rel=\"noreferrer\" data-rel=\"iLightbox[gallery_image_1]\" class=\"fusion-lightbox\" target=\"_blank\"><img decoding=\"async\" src=\"https:\/\/termix.net\/blog\/wp-content\/uploads\/2020\/11\/Cepillo-cabello-grueso-Termix.png\" width=\"1480\" height=\"1526\" alt=\"Cepillo cabello grueso Termix\" title=\"Cepillo cabello grueso Termix\" aria-label=\"Cepillo cabello grueso Termix\" class=\"img-responsive wp-image-27477\" srcset=\"https:\/\/termix.net\/blog\/wp-content\/uploads\/2020\/11\/Cepillo-cabello-grueso-Termix-200x206.png 200w, https:\/\/termix.net\/blog\/wp-content\/uploads\/2020\/11\/Cepillo-cabello-grueso-Termix-400x412.png 400w, https:\/\/termix.net\/blog\/wp-content\/uploads\/2020\/11\/Cepillo-cabello-grueso-Termix-600x619.png 600w, https:\/\/termix.net\/blog\/wp-content\/uploads\/2020\/11\/Cepillo-cabello-grueso-Termix-800x825.png 800w, https:\/\/termix.net\/blog\/wp-content\/uploads\/2020\/11\/Cepillo-cabello-grueso-Termix-1200x1237.png 1200w, https:\/\/termix.net\/blog\/wp-content\/uploads\/2020\/11\/Cepillo-cabello-grueso-Termix.png 1480w\" sizes=\"(min-width: 2200px) 100vw, (min-width: 808px) 559px, (min-width: 724px) 808px, (min-width: 640px) 724px, \" \/><\/a><\/div><\/div><div class=\"clearfix\"><\/div><\/div><\/div><div class=\"fusion-sep-clear\"><\/div><div class=\"fusion-separator fusion-full-width-sep\" style=\"margin-left: auto;margin-right: auto;margin-top:30px;width:100%;\"><\/div><div class=\"fusion-sep-clear\"><\/div><div class=\"fusion-text fusion-text-6\"><p><strong>Conoce a Carlos L\u00f3pez en este episodio de hoy penamos en NYC&#8230;<\/strong><\/p>\n<\/div><div class=\"fusion-video fusion-youtube fusion-no-medium-visibility fusion-aligncenter\" style=\"--awb-max-width:1000px;--awb-max-height:563px;--awb-width:100%;\"><div class=\"video-shortcode\"><div class=\"fluid-width-video-wrapper\" style=\"padding-top:56.3%;\" ><iframe title=\"YouTube video player 2\" src=\"https:\/\/www.youtube.com\/embed\/W6Xo0Qfk4i4?wmode=transparent&autoplay=0\" width=\"1000\" height=\"563\" allowfullscreen allow=\"autoplay; fullscreen\"><\/iframe><\/div><\/div><\/div><div class=\"fusion-clearfix\"><\/div><\/div><\/div><div class=\"fusion-layout-column fusion_builder_column fusion-builder-column-6 fusion_builder_column_1_6 1_6 fusion-one-sixth fusion-column-last fusion-no-small-visibility fusion-no-medium-visibility\" style=\"--awb-bg-size:cover;width:16.666666666667%;width:calc(16.666666666667% - ( ( 0 + 0 ) * 0.16666666666667 ) );\"><div class=\"fusion-column-wrapper fusion-flex-column-wrapper-legacy\"><div class=\"fusion-clearfix\"><\/div><\/div><\/div><\/div><\/div><\/p>\n","protected":false},"excerpt":{"rendered":"","protected":false},"author":4,"featured_media":27978,"comment_status":"open","ping_status":"open","sticky":false,"template":"","format":"standard","meta":[],"categories":[38],"tags":[68,78,89,61,88,87,85,86],"yoast_head":"<!-- This site is optimized with the Yoast SEO plugin v20.0 - https:\/\/yoast.com\/wordpress\/plugins\/seo\/ -->\n<title>Peinamos con Carlos L\u00f3pez: c\u00f3mo elegir el cepillo Termix Evolution ideal<\/title>\n<meta name=\"description\" content=\"Es importante que es identificar la textura del cabello y su condici\u00f3n antes de elegir el cepillo Termix Evolution ideal...\" \/>\n<meta name=\"robots\" content=\"index, follow, max-snippet:-1, max-image-preview:large, max-video-preview:-1\" \/>\n<link rel=\"canonical\" href=\"https:\/\/termix.net\/blog\/es\/peinamos-con-carlos-lopez-como-elegir-el-cepillo-termix-evolution-ideal\/\" \/>\n<meta property=\"og:locale\" content=\"es_ES\" \/>\n<meta property=\"og:type\" content=\"article\" \/>\n<meta property=\"og:title\" content=\"Peinamos con Carlos L\u00f3pez: c\u00f3mo elegir el cepillo Termix Evolution ideal\" \/>\n<meta property=\"og:description\" content=\"Es importante que es identificar la textura del cabello y su condici\u00f3n antes de elegir el cepillo Termix Evolution ideal...\" \/>\n<meta property=\"og:url\" content=\"https:\/\/termix.net\/blog\/es\/peinamos-con-carlos-lopez-como-elegir-el-cepillo-termix-evolution-ideal\/\" \/>\n<meta property=\"og:site_name\" content=\"Blog Termix Spain\" \/>\n<meta property=\"article:published_time\" content=\"2021-01-28T15:26:45+00:00\" \/>\n<meta property=\"og:image\" content=\"https:\/\/termix.net\/blog\/wp-content\/uploads\/2021\/01\/peines.png\" \/>\n\t<meta property=\"og:image:width\" content=\"2240\" \/>\n\t<meta property=\"og:image:height\" content=\"1252\" \/>\n\t<meta property=\"og:image:type\" content=\"image\/png\" \/>\n<meta name=\"author\" content=\"Stefani\" \/>\n<meta name=\"twitter:card\" content=\"summary_large_image\" \/>\n<meta name=\"twitter:label1\" content=\"Escrito por\" \/>\n\t<meta name=\"twitter:data1\" content=\"Stefani\" \/>\n\t<meta name=\"twitter:label2\" content=\"Tiempo de lectura\" \/>\n\t<meta name=\"twitter:data2\" content=\"14 minutos\" \/>\n<script type=\"application\/ld+json\" class=\"yoast-schema-graph\">{\"@context\":\"https:\/\/schema.org\",\"@graph\":[{\"@type\":\"Article\",\"@id\":\"https:\/\/termix.net\/blog\/es\/peinamos-con-carlos-lopez-como-elegir-el-cepillo-termix-evolution-ideal\/#article\",\"isPartOf\":{\"@id\":\"https:\/\/termix.net\/blog\/es\/peinamos-con-carlos-lopez-como-elegir-el-cepillo-termix-evolution-ideal\/\"},\"author\":{\"name\":\"Stefani\",\"@id\":\"https:\/\/termix.net\/blog\/es\/#\/schema\/person\/c63de00a3d9c512d1489b2a30523ef8f\"},\"headline\":\"Peinamos con Carlos L\u00f3pez: c\u00f3mo elegir el cepillo Termix Evolution ideal\",\"datePublished\":\"2021-01-28T15:26:45+00:00\",\"dateModified\":\"2021-01-28T15:26:45+00:00\",\"mainEntityOfPage\":{\"@id\":\"https:\/\/termix.net\/blog\/es\/peinamos-con-carlos-lopez-como-elegir-el-cepillo-termix-evolution-ideal\/\"},\"wordCount\":2858,\"commentCount\":0,\"publisher\":{\"@id\":\"https:\/\/termix.net\/blog\/es\/#organization\"},\"keywords\":[\"evolution\",\"haircare\",\"special care\",\"termix\",\"termix evolution basic\",\"termix evolution plus\",\"termixevolution\",\"termixevolutionsoft\"],\"articleSection\":[\"Consejos profesionales\"],\"inLanguage\":\"es\",\"potentialAction\":[{\"@type\":\"CommentAction\",\"name\":\"Comment\",\"target\":[\"https:\/\/termix.net\/blog\/es\/peinamos-con-carlos-lopez-como-elegir-el-cepillo-termix-evolution-ideal\/#respond\"]}]},{\"@type\":\"WebPage\",\"@id\":\"https:\/\/termix.net\/blog\/es\/peinamos-con-carlos-lopez-como-elegir-el-cepillo-termix-evolution-ideal\/\",\"url\":\"https:\/\/termix.net\/blog\/es\/peinamos-con-carlos-lopez-como-elegir-el-cepillo-termix-evolution-ideal\/\",\"name\":\"Peinamos con Carlos L\u00f3pez: c\u00f3mo elegir el cepillo Termix Evolution ideal\",\"isPartOf\":{\"@id\":\"https:\/\/termix.net\/blog\/es\/#website\"},\"datePublished\":\"2021-01-28T15:26:45+00:00\",\"dateModified\":\"2021-01-28T15:26:45+00:00\",\"description\":\"Es importante que es identificar la textura del cabello y su condici\u00f3n antes de elegir el cepillo Termix Evolution ideal...\",\"breadcrumb\":{\"@id\":\"https:\/\/termix.net\/blog\/es\/peinamos-con-carlos-lopez-como-elegir-el-cepillo-termix-evolution-ideal\/#breadcrumb\"},\"inLanguage\":\"es\",\"potentialAction\":[{\"@type\":\"ReadAction\",\"target\":[\"https:\/\/termix.net\/blog\/es\/peinamos-con-carlos-lopez-como-elegir-el-cepillo-termix-evolution-ideal\/\"]}]},{\"@type\":\"BreadcrumbList\",\"@id\":\"https:\/\/termix.net\/blog\/es\/peinamos-con-carlos-lopez-como-elegir-el-cepillo-termix-evolution-ideal\/#breadcrumb\",\"itemListElement\":[{\"@type\":\"ListItem\",\"position\":1,\"name\":\"Home\",\"item\":\"https:\/\/termix.net\/blog\/es\/\"},{\"@type\":\"ListItem\",\"position\":2,\"name\":\"Peinamos con Carlos L\u00f3pez: c\u00f3mo elegir el cepillo Termix Evolution ideal\"}]},{\"@type\":\"WebSite\",\"@id\":\"https:\/\/termix.net\/blog\/es\/#website\",\"url\":\"https:\/\/termix.net\/blog\/es\/\",\"name\":\"Blog Termix Spain\",\"description\":\"Blog de tendencias y productos de peluquer\u00eda profesional.\",\"publisher\":{\"@id\":\"https:\/\/termix.net\/blog\/es\/#organization\"},\"potentialAction\":[{\"@type\":\"SearchAction\",\"target\":{\"@type\":\"EntryPoint\",\"urlTemplate\":\"https:\/\/termix.net\/blog\/es\/?s={search_term_string}\"},\"query-input\":\"required name=search_term_string\"}],\"inLanguage\":\"es\"},{\"@type\":\"Organization\",\"@id\":\"https:\/\/termix.net\/blog\/es\/#organization\",\"name\":\"Dols Industrial de Peluquer\u00eda SA\",\"url\":\"https:\/\/termix.net\/blog\/es\/\",\"logo\":{\"@type\":\"ImageObject\",\"inLanguage\":\"es\",\"@id\":\"https:\/\/termix.net\/blog\/es\/#\/schema\/logo\/image\/\",\"url\":\"https:\/\/termix.net\/blog\/wp-content\/uploads\/2020\/10\/OGbDAeng.jpeg\",\"contentUrl\":\"https:\/\/termix.net\/blog\/wp-content\/uploads\/2020\/10\/OGbDAeng.jpeg\",\"width\":800,\"height\":800,\"caption\":\"Dols Industrial de Peluquer\u00eda SA\"},\"image\":{\"@id\":\"https:\/\/termix.net\/blog\/es\/#\/schema\/logo\/image\/\"}},{\"@type\":\"Person\",\"@id\":\"https:\/\/termix.net\/blog\/es\/#\/schema\/person\/c63de00a3d9c512d1489b2a30523ef8f\",\"name\":\"Stefani\",\"image\":{\"@type\":\"ImageObject\",\"inLanguage\":\"es\",\"@id\":\"https:\/\/termix.net\/blog\/es\/#\/schema\/person\/image\/\",\"url\":\"https:\/\/secure.gravatar.com\/avatar\/cb6658471d76bfa847010662ed4e9e0f?s=96&d=mm&r=g\",\"contentUrl\":\"https:\/\/secure.gravatar.com\/avatar\/cb6658471d76bfa847010662ed4e9e0f?s=96&d=mm&r=g\",\"caption\":\"Stefani\"},\"url\":\"https:\/\/termix.net\/blog\/es\/author\/stefani\/\"}]}<\/script>\n<!-- \/ Yoast SEO plugin. -->","yoast_head_json":{"title":"Peinamos con Carlos L\u00f3pez: c\u00f3mo elegir el cepillo Termix Evolution ideal","description":"Es importante que es identificar la textura del cabello y su condici\u00f3n antes de elegir el cepillo Termix Evolution ideal...","robots":{"index":"index","follow":"follow","max-snippet":"max-snippet:-1","max-image-preview":"max-image-preview:large","max-video-preview":"max-video-preview:-1"},"canonical":"https:\/\/termix.net\/blog\/es\/peinamos-con-carlos-lopez-como-elegir-el-cepillo-termix-evolution-ideal\/","og_locale":"es_ES","og_type":"article","og_title":"Peinamos con Carlos L\u00f3pez: c\u00f3mo elegir el cepillo Termix Evolution ideal","og_description":"Es importante que es identificar la textura del cabello y su condici\u00f3n antes de elegir el cepillo Termix Evolution ideal...","og_url":"https:\/\/termix.net\/blog\/es\/peinamos-con-carlos-lopez-como-elegir-el-cepillo-termix-evolution-ideal\/","og_site_name":"Blog Termix Spain","article_published_time":"2021-01-28T15:26:45+00:00","og_image":[{"width":2240,"height":1252,"url":"https:\/\/termix.net\/blog\/wp-content\/uploads\/2021\/01\/peines.png","type":"image\/png"}],"author":"Stefani","twitter_card":"summary_large_image","twitter_misc":{"Escrito por":"Stefani","Tiempo de lectura":"14 minutos"},"schema":{"@context":"https:\/\/schema.org","@graph":[{"@type":"Article","@id":"https:\/\/termix.net\/blog\/es\/peinamos-con-carlos-lopez-como-elegir-el-cepillo-termix-evolution-ideal\/#article","isPartOf":{"@id":"https:\/\/termix.net\/blog\/es\/peinamos-con-carlos-lopez-como-elegir-el-cepillo-termix-evolution-ideal\/"},"author":{"name":"Stefani","@id":"https:\/\/termix.net\/blog\/es\/#\/schema\/person\/c63de00a3d9c512d1489b2a30523ef8f"},"headline":"Peinamos con Carlos L\u00f3pez: c\u00f3mo elegir el cepillo Termix Evolution ideal","datePublished":"2021-01-28T15:26:45+00:00","dateModified":"2021-01-28T15:26:45+00:00","mainEntityOfPage":{"@id":"https:\/\/termix.net\/blog\/es\/peinamos-con-carlos-lopez-como-elegir-el-cepillo-termix-evolution-ideal\/"},"wordCount":2858,"commentCount":0,"publisher":{"@id":"https:\/\/termix.net\/blog\/es\/#organization"},"keywords":["evolution","haircare","special care","termix","termix evolution basic","termix evolution plus","termixevolution","termixevolutionsoft"],"articleSection":["Consejos profesionales"],"inLanguage":"es","potentialAction":[{"@type":"CommentAction","name":"Comment","target":["https:\/\/termix.net\/blog\/es\/peinamos-con-carlos-lopez-como-elegir-el-cepillo-termix-evolution-ideal\/#respond"]}]},{"@type":"WebPage","@id":"https:\/\/termix.net\/blog\/es\/peinamos-con-carlos-lopez-como-elegir-el-cepillo-termix-evolution-ideal\/","url":"https:\/\/termix.net\/blog\/es\/peinamos-con-carlos-lopez-como-elegir-el-cepillo-termix-evolution-ideal\/","name":"Peinamos con Carlos L\u00f3pez: c\u00f3mo elegir el cepillo Termix Evolution ideal","isPartOf":{"@id":"https:\/\/termix.net\/blog\/es\/#website"},"datePublished":"2021-01-28T15:26:45+00:00","dateModified":"2021-01-28T15:26:45+00:00","description":"Es importante que es identificar la textura del cabello y su condici\u00f3n antes de elegir el cepillo Termix Evolution ideal...","breadcrumb":{"@id":"https:\/\/termix.net\/blog\/es\/peinamos-con-carlos-lopez-como-elegir-el-cepillo-termix-evolution-ideal\/#breadcrumb"},"inLanguage":"es","potentialAction":[{"@type":"ReadAction","target":["https:\/\/termix.net\/blog\/es\/peinamos-con-carlos-lopez-como-elegir-el-cepillo-termix-evolution-ideal\/"]}]},{"@type":"BreadcrumbList","@id":"https:\/\/termix.net\/blog\/es\/peinamos-con-carlos-lopez-como-elegir-el-cepillo-termix-evolution-ideal\/#breadcrumb","itemListElement":[{"@type":"ListItem","position":1,"name":"Home","item":"https:\/\/termix.net\/blog\/es\/"},{"@type":"ListItem","position":2,"name":"Peinamos con Carlos L\u00f3pez: c\u00f3mo elegir el cepillo Termix Evolution ideal"}]},{"@type":"WebSite","@id":"https:\/\/termix.net\/blog\/es\/#website","url":"https:\/\/termix.net\/blog\/es\/","name":"Blog Termix Spain","description":"Blog de tendencias y productos de peluquer\u00eda profesional.","publisher":{"@id":"https:\/\/termix.net\/blog\/es\/#organization"},"potentialAction":[{"@type":"SearchAction","target":{"@type":"EntryPoint","urlTemplate":"https:\/\/termix.net\/blog\/es\/?s={search_term_string}"},"query-input":"required name=search_term_string"}],"inLanguage":"es"},{"@type":"Organization","@id":"https:\/\/termix.net\/blog\/es\/#organization","name":"Dols Industrial de Peluquer\u00eda SA","url":"https:\/\/termix.net\/blog\/es\/","logo":{"@type":"ImageObject","inLanguage":"es","@id":"https:\/\/termix.net\/blog\/es\/#\/schema\/logo\/image\/","url":"https:\/\/termix.net\/blog\/wp-content\/uploads\/2020\/10\/OGbDAeng.jpeg","contentUrl":"https:\/\/termix.net\/blog\/wp-content\/uploads\/2020\/10\/OGbDAeng.jpeg","width":800,"height":800,"caption":"Dols Industrial de Peluquer\u00eda SA"},"image":{"@id":"https:\/\/termix.net\/blog\/es\/#\/schema\/logo\/image\/"}},{"@type":"Person","@id":"https:\/\/termix.net\/blog\/es\/#\/schema\/person\/c63de00a3d9c512d1489b2a30523ef8f","name":"Stefani","image":{"@type":"ImageObject","inLanguage":"es","@id":"https:\/\/termix.net\/blog\/es\/#\/schema\/person\/image\/","url":"https:\/\/secure.gravatar.com\/avatar\/cb6658471d76bfa847010662ed4e9e0f?s=96&d=mm&r=g","contentUrl":"https:\/\/secure.gravatar.com\/avatar\/cb6658471d76bfa847010662ed4e9e0f?s=96&d=mm&r=g","caption":"Stefani"},"url":"https:\/\/termix.net\/blog\/es\/author\/stefani\/"}]}},"_links":{"self":[{"href":"https:\/\/termix.net\/blog\/es\/wp-json\/wp\/v2\/posts\/27993"}],"collection":[{"href":"https:\/\/termix.net\/blog\/es\/wp-json\/wp\/v2\/posts"}],"about":[{"href":"https:\/\/termix.net\/blog\/es\/wp-json\/wp\/v2\/types\/post"}],"author":[{"embeddable":true,"href":"https:\/\/termix.net\/blog\/es\/wp-json\/wp\/v2\/users\/4"}],"replies":[{"embeddable":true,"href":"https:\/\/termix.net\/blog\/es\/wp-json\/wp\/v2\/comments?post=27993"}],"version-history":[{"count":3,"href":"https:\/\/termix.net\/blog\/es\/wp-json\/wp\/v2\/posts\/27993\/revisions"}],"predecessor-version":[{"id":27996,"href":"https:\/\/termix.net\/blog\/es\/wp-json\/wp\/v2\/posts\/27993\/revisions\/27996"}],"wp:featuredmedia":[{"embeddable":true,"href":"https:\/\/termix.net\/blog\/es\/wp-json\/wp\/v2\/media\/27978"}],"wp:attachment":[{"href":"https:\/\/termix.net\/blog\/es\/wp-json\/wp\/v2\/media?parent=27993"}],"wp:term":[{"taxonomy":"category","embeddable":true,"href":"https:\/\/termix.net\/blog\/es\/wp-json\/wp\/v2\/categories?post=27993"},{"taxonomy":"post_tag","embeddable":true,"href":"https:\/\/termix.net\/blog\/es\/wp-json\/wp\/v2\/tags?post=27993"}],"curies":[{"name":"wp","href":"https:\/\/api.w.org\/{rel}","templated":true}]}}