{"id":26700,"date":"2020-08-05T13:42:01","date_gmt":"2020-08-05T11:42:01","guid":{"rendered":"https:\/\/termix.net\/blog\/?p=26700"},"modified":"2020-08-05T13:42:01","modified_gmt":"2020-08-05T11:42:01","slug":"coleta-tendencia-reina-letizia-peinado-lifting","status":"publish","type":"post","link":"https:\/\/termix.net\/blog\/es\/coleta-tendencia-reina-letizia-peinado-lifting\/","title":{"rendered":"Esta es la coleta favorita del momento by Kevin Brice\u00f1o"},"content":{"rendered":"<p><div class=\"fusion-fullwidth fullwidth-box fusion-builder-row-1 faded-background fusion-parallax-none nonhundred-percent-fullwidth non-hundred-percent-height-scrolling fusion-no-small-visibility fusion-no-medium-visibility\" style=\"--awb-border-radius-top-left:0px;--awb-border-radius-top-right:0px;--awb-border-radius-bottom-right:0px;--awb-border-radius-bottom-left:0px;--awb-padding-top:24%;--awb-padding-right:3%;--awb-padding-left:3%;--awb-background-size:cover;\" ><div class=\"fullwidth-faded\" style=\"--awb-background-color:#181818;--awb-background-image:url(https:\/\/termix.net\/blog\/wp-content\/uploads\/2020\/08\/la-coleta-de-tendencia-inspirada-en-las-pasarelas.jpg);--awb-background-size:cover;\" ><\/div><div class=\"fusion-builder-row fusion-row\"><div class=\"fusion-layout-column fusion_builder_column fusion-builder-column-0 fusion_builder_column_1_1 1_1 fusion-one-full fusion-column-first fusion-column-last\" style=\"--awb-padding-top:6%;--awb-padding-right:8%;--awb-padding-left:8%;--awb-bg-color:rgba(255,255,255,0.61);--awb-bg-size:cover;--awb-margin-top:0px;--awb-margin-bottom:0px;\"><div class=\"fusion-column-wrapper fusion-column-has-shadow fusion-flex-column-wrapper-legacy\"><div class=\"fusion-text fusion-text-1 caption\"><p style=\"text-align: center;\">Looks \u2014 3 min. de lectura<\/p>\n<\/div><div class=\"fusion-title title fusion-title-1 fusion-sep-none fusion-title-center fusion-title-text fusion-title-size-two\" style=\"--awb-margin-top:30px;--awb-margin-bottom:20px;\"><h2 class=\"title-heading-center fusion-responsive-typography-calculated\" style=\"margin:0;--fontSize:50;line-height:1.28;\"><h1 style=\"text-align: center;\">La reinvenci\u00f3n de la coleta<\/h1>\n<h3 style=\"text-align: center;\">Una tendencia de alfombra roja por Kevin Brice\u00f1o<\/h3><\/h2><\/div><div class=\"fusion-sep-clear\"><\/div><div class=\"fusion-separator\" style=\"margin-left: auto;margin-right: auto;margin-top:20px;margin-bottom:20px;width:100%;max-width:32px;\"><\/div><div class=\"fusion-sep-clear\"><\/div><div class=\"fusion-clearfix\"><\/div><\/div><\/div><\/div><\/div><div class=\"fusion-fullwidth fullwidth-box fusion-builder-row-2 fusion-parallax-none nonhundred-percent-fullwidth non-hundred-percent-height-scrolling fusion-no-large-visibility\" style=\"--awb-border-radius-top-left:0px;--awb-border-radius-top-right:0px;--awb-border-radius-bottom-right:0px;--awb-border-radius-bottom-left:0px;--awb-background-image:url(&quot;https:\/\/termix.net\/blog\/wp-content\/uploads\/2020\/08\/la-coleta-de-tendencia-inspirada-en-las-pasarelas.jpg&quot;);--awb-background-size:cover;\" ><div class=\"fusion-builder-row fusion-row\"><div class=\"fusion-layout-column fusion_builder_column fusion-builder-column-1 fusion_builder_column_1_1 1_1 fusion-one-full fusion-column-first fusion-column-last fusion-column-inner-bg-wrapper\" style=\"--awb-padding-top:10%;--awb-padding-bottom:10%;--awb-inner-bg-position:center center;--awb-inner-bg-size:cover;\"><span class=\"fusion-column-inner-bg hover-type-zoomout\"><span class=\"fusion-column-anchor\"><span class=\"fusion-column-inner-bg-image\"><\/span><\/span><\/span><div class=\"fusion-column-wrapper fusion-column-has-shadow fusion-flex-column-wrapper-legacy\"><div class=\"fusion-sep-clear\"><\/div><div class=\"fusion-separator fusion-no-large-visibility fusion-full-width-sep\" style=\"margin-left: auto;margin-right: auto;margin-top:200px;width:100%;\"><\/div><div class=\"fusion-sep-clear\"><\/div><div class=\"fusion-clearfix\"><\/div><\/div><\/div><div class=\"fusion-layout-column fusion_builder_column fusion-builder-column-2 fusion_builder_column_1_1 1_1 fusion-one-full fusion-column-first fusion-column-last\" style=\"--awb-padding-top:6%;--awb-bg-color:#ffffff;--awb-bg-size:cover;--awb-margin-top:0px;--awb-margin-bottom:0px;\"><div class=\"fusion-column-wrapper fusion-flex-column-wrapper-legacy\"><div class=\"fusion-text fusion-text-2 caption\"><p style=\"text-align: center;\">Looks \u2014 3 min. de lectura<\/p>\n<\/div><div class=\"fusion-title title fusion-title-2 fusion-sep-none fusion-title-center fusion-title-text fusion-title-size-two\" style=\"--awb-margin-top:30px;--awb-margin-bottom:20px;\"><h2 class=\"title-heading-center fusion-responsive-typography-calculated\" style=\"margin:0;--fontSize:50;line-height:1.28;\"><h1 style=\"text-align: center;\">La reinvenci\u00f3n de la coleta<\/h1>\n<h3 style=\"text-align: center;\">Una tendencia de alfombra roja por Kevin Brice\u00f1o<\/h3><\/h2><\/div><div class=\"fusion-sep-clear\"><\/div><div class=\"fusion-separator\" style=\"margin-left: auto;margin-right: auto;margin-top:20px;margin-bottom:10px;width:100%;max-width:32px;\"><div class=\"fusion-separator-border sep-single sep-solid\" style=\"--awb-height:20px;--awb-amount:20px;--awb-sep-color:#181818;border-color:#181818;border-top-width:2px;\"><\/div><\/div><div class=\"fusion-sep-clear\"><\/div><div class=\"fusion-clearfix\"><\/div><\/div><\/div><\/div><\/div><div class=\"fusion-fullwidth fullwidth-box fusion-builder-row-3 nonhundred-percent-fullwidth non-hundred-percent-height-scrolling\" style=\"--awb-border-radius-top-left:0px;--awb-border-radius-top-right:0px;--awb-border-radius-bottom-right:0px;--awb-border-radius-bottom-left:0px;--awb-padding-top:10px;--awb-padding-bottom:4%;\" ><div class=\"fusion-builder-row fusion-row\"><div class=\"fusion-layout-column fusion_builder_column fusion-builder-column-3 fusion_builder_column_1_6 1_6 fusion-one-sixth fusion-column-first fusion-no-small-visibility fusion-no-medium-visibility\" style=\"--awb-bg-size:cover;width:16.666666666667%;width:calc(16.666666666667% - ( ( 0 + 0 ) * 0.16666666666667 ) );margin-right: 0px;\"><div class=\"fusion-column-wrapper fusion-flex-column-wrapper-legacy\"><div class=\"fusion-clearfix\"><\/div><\/div><\/div><div class=\"fusion-layout-column fusion_builder_column fusion-builder-column-4 fusion_builder_column_2_3 2_3 fusion-two-third\" style=\"--awb-bg-size:cover;width:66.666666666667%;width:calc(66.666666666667% - ( ( 0 + 0 ) * 0.66666666666667 ) );margin-right: 0px;\"><div class=\"fusion-column-wrapper fusion-flex-column-wrapper-legacy\"><div class=\"fusion-text fusion-text-3\"><h2><span class=\"fusion-highlight light highlight1 awb-highlight-background\" style=\"--awb-color:#eaa4a4;\"> La coleta.<\/span><\/h2>\n<p>Un cl\u00e1sico inconfundible e inmortal. Se trata de una oda a la <strong>comodidad<\/strong> y un referente a la<strong> versatilidad<\/strong>. Hablamos de la <strong>coleta<\/strong>, que aparece reinventada como la <strong>tendencia m\u00e1s actual<\/strong> por el estilista de Maison Eduardo S\u00e1nchez, <strong>Kevin Brice\u00f1o<\/strong>. Te explicamos c\u00f3mo hacerte con este cl\u00e1sico reinventado, qu\u00e9 trucos guarda y el por qu\u00e9 de este renovado inter\u00e9s. \u00bfTe apuntas a la nueva oleada de la <strong>Ponytail<\/strong>?<\/p>\n<\/div><div class=\"fusion-image-element in-legacy-container\" style=\"--awb-caption-title-size:var(--h2_typography-font-size);--awb-caption-title-transform:var(--h2_typography-text-transform);--awb-caption-title-line-height:var(--h2_typography-line-height);--awb-caption-title-letter-spacing:var(--h2_typography-letter-spacing);\"><span class=\" fusion-imageframe imageframe-none imageframe-1 hover-type-none\"><img decoding=\"async\" width=\"750\" height=\"1160\" title=\"coleta media la nueva tendencia de la temporada\" src=\"https:\/\/termix.net\/blog\/wp-content\/uploads\/2020\/08\/coleta-media-la-nueva-tendencia-de-la-temporada.jpg\" alt class=\"img-responsive wp-image-26705\" srcset=\"https:\/\/termix.net\/blog\/wp-content\/uploads\/2020\/08\/coleta-media-la-nueva-tendencia-de-la-temporada-200x309.jpg 200w, https:\/\/termix.net\/blog\/wp-content\/uploads\/2020\/08\/coleta-media-la-nueva-tendencia-de-la-temporada-400x619.jpg 400w, https:\/\/termix.net\/blog\/wp-content\/uploads\/2020\/08\/coleta-media-la-nueva-tendencia-de-la-temporada-600x928.jpg 600w, https:\/\/termix.net\/blog\/wp-content\/uploads\/2020\/08\/coleta-media-la-nueva-tendencia-de-la-temporada.jpg 750w\" sizes=\"(max-width: 1060px) 100vw, 750px\" \/><\/span><\/div><div class=\"fusion-clearfix\"><\/div><\/div><\/div><div class=\"fusion-layout-column fusion_builder_column fusion-builder-column-5 fusion_builder_column_1_6 1_6 fusion-one-sixth fusion-column-last fusion-no-small-visibility fusion-no-medium-visibility\" style=\"--awb-bg-size:cover;width:16.666666666667%;width:calc(16.666666666667% - ( ( 0 + 0 ) * 0.16666666666667 ) );\"><div class=\"fusion-column-wrapper fusion-flex-column-wrapper-legacy\"><div class=\"fusion-clearfix\"><\/div><\/div><\/div><\/div><\/div><div class=\"fusion-fullwidth fullwidth-box fusion-builder-row-4 nonhundred-percent-fullwidth non-hundred-percent-height-scrolling\" style=\"--awb-border-radius-top-left:0px;--awb-border-radius-top-right:0px;--awb-border-radius-bottom-right:0px;--awb-border-radius-bottom-left:0px;--awb-padding-top:10px;--awb-padding-bottom:4%;\" ><div class=\"fusion-builder-row fusion-row\"><div class=\"fusion-layout-column fusion_builder_column fusion-builder-column-6 fusion_builder_column_1_6 1_6 fusion-one-sixth fusion-column-first fusion-no-small-visibility fusion-no-medium-visibility\" style=\"--awb-bg-size:cover;width:16.666666666667%;width:calc(16.666666666667% - ( ( 0 + 0 ) * 0.16666666666667 ) );margin-right: 0px;\"><div class=\"fusion-column-wrapper fusion-flex-column-wrapper-legacy\"><div class=\"fusion-clearfix\"><\/div><\/div><\/div><div class=\"fusion-layout-column fusion_builder_column fusion-builder-column-7 fusion_builder_column_2_3 2_3 fusion-two-third\" style=\"--awb-bg-size:cover;width:66.666666666667%;width:calc(66.666666666667% - ( ( 0 + 0 ) * 0.66666666666667 ) );margin-right: 0px;\"><div class=\"fusion-column-wrapper fusion-flex-column-wrapper-legacy\"><div class=\"fusion-text fusion-text-4\"><p>Desde la <strong>Reina Letizia<\/strong> a las pasarelas internacionales que se hacen eco de las <strong>nuevas colecciones<\/strong> que descifran las tendencias de la pr\u00f3xima temporada oto\u00f1o-invierno 2020\/2021. La coleta, ese cl\u00e1sico inconfundible, ha sido la <strong>absoluta protagonista<\/strong>, vistiendo y configurando looks elegantes y transformadores. El estilista<strong> Kevin Brice\u00f1o<\/strong> nos aclara las claves de este peinado y nos acerca una <strong>reinterpretaci\u00f3n del cl\u00e1sico recogido<\/strong>.<\/p>\n<\/div><div class=\"fusion-sep-clear\"><\/div><div class=\"fusion-separator fusion-full-width-sep\" style=\"margin-left: auto;margin-right: auto;width:100%;\"><\/div><div class=\"fusion-sep-clear\"><\/div><div class=\"fusion-title title fusion-title-3 fusion-sep-none fusion-title-text fusion-title-size-four\"><h4 class=\"title-heading-left fusion-responsive-typography-calculated\" style=\"margin:0;--fontSize:22;--minFontSize:22;line-height:1.5;\"><h1>As\u00ed es la nueva coleta: las claves del look<\/h1><\/h4><\/div><div class=\"fusion-sep-clear\"><\/div><div class=\"fusion-separator fusion-full-width-sep\" style=\"margin-left: auto;margin-right: auto;width:100%;\"><\/div><div class=\"fusion-sep-clear\"><\/div><div class=\"fusion-text fusion-text-5\"><p>De <strong>altura media<\/strong> y con dejes <strong>desestructurados<\/strong>. La <strong>nueva coleta<\/strong> llega para<strong> estilizar<\/strong> y dar un punto de elegancia, tanto a looks diarios como a los m\u00e1s sofisticados. Vista ya en la \u00e9poca m\u00e1s calurosa del a\u00f1o, por su comodidad, la coleta seguir\u00e1 siendo tendencia de cara a la pr\u00f3xima temporada. Pero, \u00bfpor qu\u00e9 nos gusta tanto? \u00ab<em>Se trata de un <strong>peinado cl\u00e1sico y sutil<\/strong>, que consigue <strong>estilizar<\/strong> el rostro y <strong>rejuvenecer<\/strong><\/em>\u00ab, Kevin Brice\u00f1o nos explica as\u00ed la magia del recogido m\u00e1s buscado.<\/p>\n<\/div><div class=\"fusion-sep-clear\"><\/div><div class=\"fusion-separator fusion-full-width-sep\" style=\"margin-left: auto;margin-right: auto;width:100%;\"><\/div><div class=\"fusion-sep-clear\"><\/div><div class=\"fusion-sep-clear\"><\/div><div class=\"fusion-separator fusion-full-width-sep\" style=\"margin-left: auto;margin-right: auto;width:100%;\"><\/div><div class=\"fusion-sep-clear\"><\/div><div class=\"fusion-sep-clear\"><\/div><div class=\"fusion-separator fusion-full-width-sep\" style=\"margin-left: auto;margin-right: auto;width:100%;\"><\/div><div class=\"fusion-sep-clear\"><\/div><div class=\"fusion-text fusion-text-6\"><div class=\"fusion-image-element in-legacy-container\" style=\"--awb-caption-title-size:var(--h2_typography-font-size);--awb-caption-title-transform:var(--h2_typography-text-transform);--awb-caption-title-line-height:var(--h2_typography-line-height);--awb-caption-title-letter-spacing:var(--h2_typography-letter-spacing);\"><span class=\" fusion-imageframe imageframe-none imageframe-2 hover-type-none\"><img decoding=\"async\" width=\"750\" height=\"1160\" title=\"nuevo recogido de tendencia la coleta baja\" src=\"https:\/\/termix.net\/blog\/wp-content\/uploads\/2020\/08\/nuevo-recogido-de-tendencia-la-coleta-baja.jpg\" alt class=\"img-responsive wp-image-26715\" srcset=\"https:\/\/termix.net\/blog\/wp-content\/uploads\/2020\/08\/nuevo-recogido-de-tendencia-la-coleta-baja-200x309.jpg 200w, https:\/\/termix.net\/blog\/wp-content\/uploads\/2020\/08\/nuevo-recogido-de-tendencia-la-coleta-baja-400x619.jpg 400w, https:\/\/termix.net\/blog\/wp-content\/uploads\/2020\/08\/nuevo-recogido-de-tendencia-la-coleta-baja-600x928.jpg 600w, https:\/\/termix.net\/blog\/wp-content\/uploads\/2020\/08\/nuevo-recogido-de-tendencia-la-coleta-baja.jpg 750w\" sizes=\"(max-width: 1060px) 100vw, 750px\" \/><\/span><\/div>\n<\/div><div class=\"fusion-sep-clear\"><\/div><div class=\"fusion-separator fusion-full-width-sep\" style=\"margin-left: auto;margin-right: auto;width:100%;\"><\/div><div class=\"fusion-sep-clear\"><\/div><div class=\"fusion-sep-clear\"><\/div><div class=\"fusion-separator fusion-full-width-sep\" style=\"margin-left: auto;margin-right: auto;width:100%;\"><\/div><div class=\"fusion-sep-clear\"><\/div><div class=\"fusion-sep-clear\"><\/div><div class=\"fusion-separator fusion-full-width-sep\" style=\"margin-left: auto;margin-right: auto;width:100%;\"><\/div><div class=\"fusion-sep-clear\"><\/div><div class=\"fusion-text fusion-text-7\"><p>\u00bfPor qu\u00e9 elegimos la coleta?<\/p>\n<ul style=\"--awb-line-height:23.8px;--awb-icon-width:23.8px;--awb-icon-height:23.8px;--awb-icon-margin:9.8px;--awb-content-margin:33.6px;--awb-circlecolor:#181818;--awb-circle-yes-font-size:12.32px;\" class=\"fusion-checklist fusion-checklist-1 fusion-checklist-default type-icons\"><li class=\"fusion-li-item\" style=\"\"><span class=\"icon-wrapper circle-yes\"><i class=\"fusion-li-icon fa-gem fas\" aria-hidden=\"true\"><\/i><\/span><div class=\"fusion-li-item-content\"> <strong>Efecto <em>lifting<\/em><\/strong>: la coleta estiliza el rostro y rejuvenece<\/p>\n<p><\/div><\/li><li class=\"fusion-li-item\" style=\"\"><span class=\"icon-wrapper circle-yes\"><i class=\"fusion-li-icon fa-gem fas\" aria-hidden=\"true\"><\/i><\/span><div class=\"fusion-li-item-content\"> <strong>Muy vers\u00e1til:<\/strong> Perfecta para complementar desde looks b\u00e1sicos a aquellos m\u00e1s elegantes.<\/p>\n<p><\/div><\/li><li class=\"fusion-li-item\" style=\"\"><span class=\"icon-wrapper circle-yes\"><i class=\"fusion-li-icon fa-gem fas\" aria-hidden=\"true\"><\/i><\/span><div class=\"fusion-li-item-content\"> <strong>C\u00f3moda y duradera:<\/strong> se trata de un recogido apto para lucir todo el d\u00eda, intacta.<\/p>\n<p><\/div><\/li><li class=\"fusion-li-item\" style=\"\"><span class=\"icon-wrapper circle-yes\"><i class=\"fusion-li-icon fa-gem fas\" aria-hidden=\"true\"><\/i><\/span><div class=\"fusion-li-item-content\"> <strong>La soluci\u00f3n a esos d\u00edas locos:<\/strong> Si tu cabello tiene el d\u00eda rebelde&#8230; puedes solucionarlo recurriendo a la coleta. Un peinado elegante que puede con todo.<\/p>\n<p><\/div><\/li><\/ul>\n<\/div><div class=\"fusion-sep-clear\"><\/div><div class=\"fusion-separator fusion-full-width-sep\" style=\"margin-left: auto;margin-right: auto;width:100%;\"><\/div><div class=\"fusion-sep-clear\"><\/div><div class=\"fusion-text fusion-text-8\"><h3>Paso a paso para la coleta perfecta<\/h3>\n<\/div><div class=\"fusion-text fusion-text-9\"><p>Pese a ser un peinado sencillo, no todo vale. Y es que esta nueva coleta destaca por la voluminosidad de sus ondas: \u00ab<em>se trata de una coleta media-alta, con un efecto muy natural que hay que trabajar. La clave es preparar y acondicionar el cabello para un resultado elegante y con movimiento<\/em>\u00ab, nos ilustra el experto. Y nos ofrece el siguiente pasa a paso para obtener la coleta preferida por las <em>celebrities<\/em>:<\/p>\n<\/div><div class=\"fusion-sep-clear\"><\/div><div class=\"fusion-separator fusion-full-width-sep\" style=\"margin-left: auto;margin-right: auto;width:100%;\"><\/div><div class=\"fusion-sep-clear\"><\/div><div class=\"fusion-text fusion-text-10\"><div class=\"fusion-image-element in-legacy-container\" style=\"--awb-caption-title-size:var(--h2_typography-font-size);--awb-caption-title-transform:var(--h2_typography-text-transform);--awb-caption-title-line-height:var(--h2_typography-line-height);--awb-caption-title-letter-spacing:var(--h2_typography-letter-spacing);\"><span class=\" fusion-imageframe imageframe-none imageframe-3 hover-type-none\"><img decoding=\"async\" width=\"750\" height=\"1160\" title=\"nuevo recogido de tendencia de la reina letizia a las pasarelas\" src=\"https:\/\/termix.net\/blog\/wp-content\/uploads\/2020\/08\/nuevo-recogido-de-tendencia-de-la-reina-letizia-a-las-pasarelas.jpg\" alt class=\"img-responsive wp-image-26713\" srcset=\"https:\/\/termix.net\/blog\/wp-content\/uploads\/2020\/08\/nuevo-recogido-de-tendencia-de-la-reina-letizia-a-las-pasarelas-200x309.jpg 200w, https:\/\/termix.net\/blog\/wp-content\/uploads\/2020\/08\/nuevo-recogido-de-tendencia-de-la-reina-letizia-a-las-pasarelas-400x619.jpg 400w, https:\/\/termix.net\/blog\/wp-content\/uploads\/2020\/08\/nuevo-recogido-de-tendencia-de-la-reina-letizia-a-las-pasarelas-600x928.jpg 600w, https:\/\/termix.net\/blog\/wp-content\/uploads\/2020\/08\/nuevo-recogido-de-tendencia-de-la-reina-letizia-a-las-pasarelas.jpg 750w\" sizes=\"(max-width: 1060px) 100vw, 750px\" \/><\/span><\/div>\n<\/div><div class=\"fusion-sep-clear\"><\/div><div class=\"fusion-separator fusion-full-width-sep\" style=\"margin-left: auto;margin-right: auto;width:100%;\"><\/div><div class=\"fusion-sep-clear\"><\/div><div class=\"fusion-text fusion-text-11\"><h3>1. Desenreda el cabello correctamente<\/h3>\n<\/div><div class=\"fusion-text fusion-text-12\"><p>Con el cabello al natural, \u00aba<em>plicamos el <strong>spray Detangler<\/strong> por toda la melena. Esto nos facilitar\u00e1 su correcto desenredado, suavizando los nudos<\/em>\u00ab, explica Kevin. Y es que, gracias al aceite de ricino, este <strong>spray ligero de Style.Me<\/strong> consigue suavizar el cabello y permitir desenredarlo sin tirones. \u00ab<em>Utilizaremos la raqueta Colors para eliminar los nudos con suavidad<\/em>\u00ab, termina el estilista.<\/p>\n<\/div><div class=\"fusion-sep-clear\"><\/div><div class=\"fusion-separator fusion-full-width-sep\" style=\"margin-left: auto;margin-right: auto;width:100%;\"><\/div><div class=\"fusion-sep-clear\"><\/div><div class=\"fusion-text fusion-text-13\"><div class=\"fusion-image-element in-legacy-container\" style=\"--awb-caption-title-size:var(--h2_typography-font-size);--awb-caption-title-transform:var(--h2_typography-text-transform);--awb-caption-title-line-height:var(--h2_typography-line-height);--awb-caption-title-letter-spacing:var(--h2_typography-letter-spacing);\"><span class=\" fusion-imageframe imageframe-none imageframe-4 hover-type-none\"><img decoding=\"async\" width=\"1000\" height=\"1169\" alt=\"detangler spray termix nuevo\" title=\"detangler spray termix nuevo\" src=\"https:\/\/termix.net\/blog\/wp-content\/uploads\/2020\/02\/detangler-spray-termix-nuevo.jpg\" class=\"img-responsive wp-image-25414\" srcset=\"https:\/\/termix.net\/blog\/wp-content\/uploads\/2020\/02\/detangler-spray-termix-nuevo-200x234.jpg 200w, https:\/\/termix.net\/blog\/wp-content\/uploads\/2020\/02\/detangler-spray-termix-nuevo-400x468.jpg 400w, https:\/\/termix.net\/blog\/wp-content\/uploads\/2020\/02\/detangler-spray-termix-nuevo-600x701.jpg 600w, https:\/\/termix.net\/blog\/wp-content\/uploads\/2020\/02\/detangler-spray-termix-nuevo-800x935.jpg 800w, https:\/\/termix.net\/blog\/wp-content\/uploads\/2020\/02\/detangler-spray-termix-nuevo.jpg 1000w\" sizes=\"(max-width: 1060px) 100vw, 1000px\" \/><\/span><\/div>\n<\/div><div class=\"fusion-sep-clear\"><\/div><div class=\"fusion-separator fusion-full-width-sep\" style=\"margin-left: auto;margin-right: auto;width:100%;\"><\/div><div class=\"fusion-sep-clear\"><\/div><div class=\"fusion-text fusion-text-14\"><h3>2. Nutre y sella las puntas<\/h3>\n<\/div><div class=\"fusion-text fusion-text-15\"><p>\u00ab<em>Antes de pasar al moldeado, aplicaremos <strong>Silky de Style.Me<\/strong>. Es un s\u00e9rum que nutre y permite sellar las puntas, lo que resultar\u00e1 en un cabello sano y reparado<\/em>\u00ab, comenta el estilista. El s\u00e9rum se aplicar\u00e1 de medios a puntas, mech\u00f3n a mech\u00f3n para asegurar una correcta hidrataci\u00f3n y preparaci\u00f3n del cabello.<\/p>\n<\/div><div class=\"fusion-sep-clear\"><\/div><div class=\"fusion-separator fusion-full-width-sep\" style=\"margin-left: auto;margin-right: auto;width:100%;\"><\/div><div class=\"fusion-sep-clear\"><\/div><div class=\"fusion-text fusion-text-16\"><div class=\"fusion-image-element in-legacy-container\" style=\"--awb-caption-title-size:var(--h2_typography-font-size);--awb-caption-title-transform:var(--h2_typography-text-transform);--awb-caption-title-line-height:var(--h2_typography-line-height);--awb-caption-title-letter-spacing:var(--h2_typography-letter-spacing);\"><span class=\" fusion-imageframe imageframe-none imageframe-5 hover-type-none\"><img decoding=\"async\" width=\"1500\" height=\"2247\" title=\"silky\" src=\"https:\/\/termix.net\/blog\/wp-content\/uploads\/2020\/03\/silky.jpg\" alt class=\"img-responsive wp-image-25699\" srcset=\"https:\/\/termix.net\/blog\/wp-content\/uploads\/2020\/03\/silky-200x300.jpg 200w, https:\/\/termix.net\/blog\/wp-content\/uploads\/2020\/03\/silky-400x599.jpg 400w, https:\/\/termix.net\/blog\/wp-content\/uploads\/2020\/03\/silky-600x899.jpg 600w, https:\/\/termix.net\/blog\/wp-content\/uploads\/2020\/03\/silky-800x1198.jpg 800w, https:\/\/termix.net\/blog\/wp-content\/uploads\/2020\/03\/silky-1200x1798.jpg 1200w, https:\/\/termix.net\/blog\/wp-content\/uploads\/2020\/03\/silky.jpg 1500w\" sizes=\"(max-width: 1060px) 100vw, 1200px\" \/><\/span><\/div>\n<\/div><div class=\"fusion-sep-clear\"><\/div><div class=\"fusion-separator fusion-full-width-sep\" style=\"margin-left: auto;margin-right: auto;width:100%;\"><\/div><div class=\"fusion-sep-clear\"><\/div><div class=\"fusion-text fusion-text-17\"><h3>3. Moldea con un sencillo brushing<\/h3>\n<\/div><div class=\"fusion-text fusion-text-18\"><p>Acto seguido, daremos forma al cabello, direccion\u00e1ndolo y aportando ese volumen necesario para la renovada coleta. \u00ab<em>Utilizaremos los <strong>cepillos Colors<\/strong>, que, gracias a su cobertura de cer\u00e1mica del tubo, permite <strong>controlar el frizz<\/strong> y conservan la temperatura\u00a0a la perfecci\u00f3n<\/em>\u00ab, comenta el experto. Adem\u00e1s, aconseja utilizar el secador siempre a temperatura y potencia medias para no da\u00f1ar el cabello con las altas temperaturas.<\/p>\n<\/div><div class=\"fusion-sep-clear\"><\/div><div class=\"fusion-separator fusion-full-width-sep\" style=\"margin-left: auto;margin-right: auto;width:100%;\"><\/div><div class=\"fusion-sep-clear\"><\/div><div class=\"fusion-text fusion-text-19\"><div class=\"fusion-image-element in-legacy-container\" style=\"--awb-caption-title-size:var(--h2_typography-font-size);--awb-caption-title-transform:var(--h2_typography-text-transform);--awb-caption-title-line-height:var(--h2_typography-line-height);--awb-caption-title-letter-spacing:var(--h2_typography-letter-spacing);\"><span class=\" fusion-imageframe imageframe-none imageframe-6 hover-type-none\"><img decoding=\"async\" width=\"1160\" height=\"660\" title=\"el cepillo colors permite conservar la temperatura\" src=\"https:\/\/termix.net\/blog\/wp-content\/uploads\/2020\/08\/el-cepillo-colors-permite-conservar-la-temperatura.jpg\" alt class=\"img-responsive wp-image-26709\" srcset=\"https:\/\/termix.net\/blog\/wp-content\/uploads\/2020\/08\/el-cepillo-colors-permite-conservar-la-temperatura-200x114.jpg 200w, https:\/\/termix.net\/blog\/wp-content\/uploads\/2020\/08\/el-cepillo-colors-permite-conservar-la-temperatura-400x228.jpg 400w, https:\/\/termix.net\/blog\/wp-content\/uploads\/2020\/08\/el-cepillo-colors-permite-conservar-la-temperatura-600x341.jpg 600w, https:\/\/termix.net\/blog\/wp-content\/uploads\/2020\/08\/el-cepillo-colors-permite-conservar-la-temperatura-800x455.jpg 800w, https:\/\/termix.net\/blog\/wp-content\/uploads\/2020\/08\/el-cepillo-colors-permite-conservar-la-temperatura.jpg 1160w\" sizes=\"(max-width: 1060px) 100vw, 1160px\" \/><\/span><\/div>\n<\/div><div class=\"fusion-sep-clear\"><\/div><div class=\"fusion-separator fusion-full-width-sep\" style=\"margin-left: auto;margin-right: auto;width:100%;\"><\/div><div class=\"fusion-sep-clear\"><\/div><div class=\"fusion-text fusion-text-20\"><h3>4. Protege y da forma<\/h3>\n<\/div><div class=\"fusion-text fusion-text-21\"><p>A continuaci\u00f3n, Kevin pasa a utilizar la <strong>plancha de pelo Termix Wild<\/strong>. \u00ab<em>Es perfecta para crear las ondas que necesitamos para dar esa naturalidad y volumen a nuestra coleta. Adem\u00e1s, permite graduar la temperatura, adapt\u00e1ndose al tipo de cabello con el que trabajemos<\/em>\u00ab. Pero por encima de ello, el estilista reconoce la importancia de proteger el cabello con el spray <strong>termoprotector Shiledy<\/strong> de Style.Me: \u00ab<em>con \u00e9l conseguiremos crear una pel\u00edcula protectora en cada mech\u00f3n, para protegerlo de las altas temperaturas<\/em>\u00ab.<\/p>\n<\/div><div class=\"fusion-sep-clear\"><\/div><div class=\"fusion-separator fusion-full-width-sep\" style=\"margin-left: auto;margin-right: auto;width:100%;\"><\/div><div class=\"fusion-sep-clear\"><\/div><div class=\"fusion-text fusion-text-22\"><div class=\"fusion-image-element in-legacy-container\" style=\"--awb-caption-title-size:var(--h2_typography-font-size);--awb-caption-title-transform:var(--h2_typography-text-transform);--awb-caption-title-line-height:var(--h2_typography-line-height);--awb-caption-title-letter-spacing:var(--h2_typography-letter-spacing);\"><span class=\" fusion-imageframe imageframe-none imageframe-7 hover-type-none\"><img decoding=\"async\" width=\"750\" height=\"1160\" title=\"coleta media una tendencia que te encantara\" src=\"https:\/\/termix.net\/blog\/wp-content\/uploads\/2020\/08\/coleta-media-una-tendencia-que-te-encantara.jpg\" alt class=\"img-responsive wp-image-26707\" srcset=\"https:\/\/termix.net\/blog\/wp-content\/uploads\/2020\/08\/coleta-media-una-tendencia-que-te-encantara-200x309.jpg 200w, https:\/\/termix.net\/blog\/wp-content\/uploads\/2020\/08\/coleta-media-una-tendencia-que-te-encantara-400x619.jpg 400w, https:\/\/termix.net\/blog\/wp-content\/uploads\/2020\/08\/coleta-media-una-tendencia-que-te-encantara-600x928.jpg 600w, https:\/\/termix.net\/blog\/wp-content\/uploads\/2020\/08\/coleta-media-una-tendencia-que-te-encantara.jpg 750w\" sizes=\"(max-width: 1060px) 100vw, 750px\" \/><\/span><\/div>\n<\/div><div class=\"fusion-sep-clear\"><\/div><div class=\"fusion-separator fusion-full-width-sep\" style=\"margin-left: auto;margin-right: auto;width:100%;\"><\/div><div class=\"fusion-sep-clear\"><\/div><div class=\"fusion-text fusion-text-23\"><h3>5. Realiza y ajusta la coleta<\/h3>\n<\/div><div class=\"fusion-text fusion-text-24\"><p>Ahora pasamos a realizar una coleta a altura media-alta: \u00ab<em>utilizaremos la <strong>laca Windy<\/strong> para conseguir esa textura deseada, que ser\u00e1 la protagonista absoluta de nuestra coleta<\/em>\u00ab. La laca Windy contiene elementos naturales como la <strong>quinoa y la orqu\u00eddea<\/strong>, por lo que, adem\u00e1s de fijar, nutre el cabello para un resultado m\u00e1s brillante.<\/p>\n<\/div><div class=\"fusion-sep-clear\"><\/div><div class=\"fusion-separator fusion-full-width-sep\" style=\"margin-left: auto;margin-right: auto;width:100%;\"><\/div><div class=\"fusion-sep-clear\"><\/div><div class=\"fusion-text fusion-text-25\"><div class=\"fusion-image-element in-legacy-container\" style=\"--awb-caption-title-size:var(--h2_typography-font-size);--awb-caption-title-transform:var(--h2_typography-text-transform);--awb-caption-title-line-height:var(--h2_typography-line-height);--awb-caption-title-letter-spacing:var(--h2_typography-letter-spacing);\"><span class=\" fusion-imageframe imageframe-none imageframe-8 hover-type-none\"><img decoding=\"async\" width=\"750\" height=\"1160\" title=\"coleta media la nueva tendencia de la temporada\" src=\"https:\/\/termix.net\/blog\/wp-content\/uploads\/2020\/08\/coleta-media-la-nueva-tendencia-de-la-temporada.jpg\" alt class=\"img-responsive wp-image-26705\" srcset=\"https:\/\/termix.net\/blog\/wp-content\/uploads\/2020\/08\/coleta-media-la-nueva-tendencia-de-la-temporada-200x309.jpg 200w, https:\/\/termix.net\/blog\/wp-content\/uploads\/2020\/08\/coleta-media-la-nueva-tendencia-de-la-temporada-400x619.jpg 400w, https:\/\/termix.net\/blog\/wp-content\/uploads\/2020\/08\/coleta-media-la-nueva-tendencia-de-la-temporada-600x928.jpg 600w, https:\/\/termix.net\/blog\/wp-content\/uploads\/2020\/08\/coleta-media-la-nueva-tendencia-de-la-temporada.jpg 750w\" sizes=\"(max-width: 1060px) 100vw, 750px\" \/><\/span><\/div>\n<\/div><div class=\"fusion-sep-clear\"><\/div><div class=\"fusion-separator fusion-full-width-sep\" style=\"margin-left: auto;margin-right: auto;width:100%;\"><\/div><div class=\"fusion-sep-clear\"><\/div><div class=\"fusion-text fusion-text-26\"><h3>6. A\u00f1ade detalles para un efecto rompedor<\/h3>\n<\/div><div class=\"fusion-text fusion-text-27\"><p>En la genial versi\u00f3n de <strong>Kevin Brice\u00f1o<\/strong> destaca la integraci\u00f3n de la coleta junto a una <strong>baby braid<\/strong> que le da un toque actual y desenfadado, rompiendo la seriedad del recogido. \u00ab<em>Para terminar con la coleta de la temporada, realizaremos una <strong>peque\u00f1a trenza suelta<\/strong> y muy natural, para poder sellar el borde de a coleta. Y por \u00faltimo, para un recogido que nos dure todo el d\u00eda y conseguir una textura mucho m\u00e1s firme, agregaremos un poco de<strong> laca Sexy<\/strong><\/em>\u00ab.<\/p>\n<\/div><div class=\"fusion-sep-clear\"><\/div><div class=\"fusion-separator fusion-full-width-sep\" style=\"margin-left: auto;margin-right: auto;width:100%;\"><\/div><div class=\"fusion-sep-clear\"><\/div><div class=\"fusion-text fusion-text-28\"><div class=\"fusion-image-element in-legacy-container\" style=\"--awb-caption-title-size:var(--h2_typography-font-size);--awb-caption-title-transform:var(--h2_typography-text-transform);--awb-caption-title-line-height:var(--h2_typography-line-height);--awb-caption-title-letter-spacing:var(--h2_typography-letter-spacing);\"><span class=\" fusion-imageframe imageframe-none imageframe-9 hover-type-none\"><img decoding=\"async\" width=\"1500\" height=\"2247\" title=\"LACA WINDY SEXY\" src=\"https:\/\/termix.net\/blog\/wp-content\/uploads\/2020\/03\/LACA-WINDY-SEXY.jpg\" alt class=\"img-responsive wp-image-25651\" srcset=\"https:\/\/termix.net\/blog\/wp-content\/uploads\/2020\/03\/LACA-WINDY-SEXY-200x300.jpg 200w, https:\/\/termix.net\/blog\/wp-content\/uploads\/2020\/03\/LACA-WINDY-SEXY-400x599.jpg 400w, https:\/\/termix.net\/blog\/wp-content\/uploads\/2020\/03\/LACA-WINDY-SEXY-600x899.jpg 600w, https:\/\/termix.net\/blog\/wp-content\/uploads\/2020\/03\/LACA-WINDY-SEXY-800x1198.jpg 800w, https:\/\/termix.net\/blog\/wp-content\/uploads\/2020\/03\/LACA-WINDY-SEXY-1200x1798.jpg 1200w, https:\/\/termix.net\/blog\/wp-content\/uploads\/2020\/03\/LACA-WINDY-SEXY.jpg 1500w\" sizes=\"(max-width: 1060px) 100vw, 1200px\" \/><\/span><\/div>\n<\/div><div class=\"fusion-sep-clear\"><\/div><div class=\"fusion-separator fusion-full-width-sep\" style=\"margin-left: auto;margin-right: auto;width:100%;\"><\/div><div class=\"fusion-sep-clear\"><\/div><div class=\"fusion-sep-clear\"><\/div><div class=\"fusion-separator fusion-full-width-sep\" style=\"margin-left: auto;margin-right: auto;width:100%;\"><\/div><div class=\"fusion-sep-clear\"><\/div><div class=\"fusion-text fusion-text-29\"><p>De esta forma finaliza uno de los recogidos que nos ha robado el coraz\u00f3n esta temporada y que se reinventar\u00e1 de cara a la nueva.<\/p>\n<p>Porque cuando algo funciona&#8230; \u00bfpara qu\u00e9 cambiarlo? <strong>\u00a1Mejor reinventarlo!\u00a0<\/strong><\/p>\n<\/div><div class=\"fusion-sep-clear\"><\/div><div class=\"fusion-separator fusion-full-width-sep\" style=\"margin-left: auto;margin-right: auto;width:100%;\"><\/div><div class=\"fusion-sep-clear\"><\/div><div class=\"fusion-text fusion-text-30\"><h2>Conoce a Kevin Brice\u00f1o<\/h2>\n<\/div><div class=\"fusion-person person fusion-person-left fusion-person-1 fusion-person-icon-top\" style=\"--awb-pic-style-color:#000000;--awb-pic-borderradius:0px;--awb-margin-top:0px;--awb-margin-right:0px;--awb-margin-bottom:0px;--awb-margin-left:0px;--awb-social-box-border-top:0px;--awb-social-box-border-right:0px;--awb-social-box-border-bottom:0px;--awb-social-box-border-left:0px;--awb-social-box-border-color:var(--awb-color3);--awb-social-box-colors-hover:rgba(255,255,255,0);--awb-social-box-border-color-hover:var(--awb-color4);--awb-social-icon-colors-hover:rgba(24,24,24,0.8);\"><div class=\"person-shortcode-image-wrapper\"><div class=\"person-image-container hover-type-none\" style=\"border:0px solid #f1f1f1;-webkit-border-radius:0px;-moz-border-radius:0px;border-radius:0px;\"><img decoding=\"async\" class=\"person-img img-responsive wp-image-26702\" width=\"300\" height=\"317\" src=\"https:\/\/termix.net\/blog\/wp-content\/uploads\/2020\/08\/kevin-briceno-e1596626610273.jpg\" alt=\"Kevin Brice\u00f1o\" \/><\/div><\/div><div class=\"person-desc\"><div class=\"person-author\"><div class=\"person-author-wrapper\"><span class=\"person-name\">Kevin Brice\u00f1o<\/span><span class=\"person-title\">Estilista<\/span><\/div><div class=\"fusion-social-networks\"><div class=\"fusion-social-networks-wrapper\"><a class=\"fusion-social-network-icon fusion-tooltip fusion-instagram awb-icon-instagram custom\" aria-label=\"fusion-instagram\" href=\"https:\/\/www.instagram.com\/kevinbriceno.hair\/?hl=es\" target=\"_blank\" rel=\"noopener noreferrer\" style=\"color:#181818;font-size:18px;\" data-placement=\"top\" data-title=\"Instagram\" title=\"Instagram\" data-toggle=\"tooltip\"><\/a><\/div><\/div><\/div><div class=\"person-content fusion-clearfix\">+ Team artistic Maison Eduardo Sanchez<br \/>\n+ Color technician<br \/>\n+ Arte y vanguardia<\/div><\/div><\/div><div class=\"fusion-sep-clear\"><\/div><div class=\"fusion-separator fusion-full-width-sep\" style=\"margin-left: auto;margin-right: auto;margin-top:30px;width:100%;\"><\/div><div class=\"fusion-sep-clear\"><\/div><div class=\"fusion-content-boxes content-boxes columns row fusion-columns-1 fusion-columns-total-1 fusion-content-boxes-1 content-boxes-icon-with-title content-left\" style=\"--awb-hover-accent-color:#ffffff;--awb-circle-hover-accent-color:#ffffff;--awb-item-margin-bottom:40px;\" data-animationOffset=\"top-into-view\"><div style=\"--awb-backgroundcolor:#eaa4a4;\" class=\"fusion-column content-box-column content-box-column content-box-column-1 col-lg-12 col-md-12 col-sm-12 fusion-content-box-hover content-box-column-last content-box-column-last-in-row\"><div class=\"col content-box-wrapper content-wrapper-background link-area-link-icon link-type-text icon-hover-animation-fade\" data-animationOffset=\"top-into-view\"><div class=\"heading heading-with-icon icon-left\"><a class=\"heading-link\" style=\"float:left;\" href=\"https:\/\/termix.net\/blog\/es\/ondas-de-pelo-asi-se-llevan\/\" target=\"_self\"><div class=\"icon\"><i style=\"border-color:rgba(255,255,255,0);border-width:1px;background-color:#f6f6f6;box-sizing:content-box;height:42px;width:42px;line-height:42px;border-radius:50%;font-size:21px;\" aria-hidden=\"true\" class=\"fontawesome-icon fa-plus-circle fas circle-yes\"><\/i><\/div><h2 class=\"content-box-heading fusion-responsive-typography-calculated\" style=\"--h2_typography-font-size:18px;--fontSize:18;line-height:1.28;\">\u00a1As\u00ed se llevan las ondas!<\/h2><\/a><\/div><div class=\"fusion-clearfix\"><\/div><div class=\"content-container\">\n<p>Nuestros expertos te ofrecen tutoriales para que aprendas a hacerte con las ondas de pelo del momento.<\/p>\n<\/div><div class=\"fusion-clearfix\"><\/div><a class=\" fusion-read-more\" style=\"float:left;\" href=\"https:\/\/termix.net\/blog\/es\/ondas-de-pelo-asi-se-llevan\/\" target=\"_self\">M\u00e1s tutoriales<\/a><div class=\"fusion-clearfix\"><\/div><\/div><\/div><div class=\"fusion-clearfix\"><\/div><\/div><div class=\"fusion-sep-clear\"><\/div><div class=\"fusion-separator fusion-full-width-sep\" style=\"margin-left: auto;margin-right: auto;margin-top:30px;width:100%;\"><\/div><div class=\"fusion-sep-clear\"><\/div><div class=\"fusion-clearfix\"><\/div><\/div><\/div><div class=\"fusion-layout-column fusion_builder_column fusion-builder-column-8 fusion_builder_column_1_6 1_6 fusion-one-sixth fusion-column-last fusion-no-small-visibility fusion-no-medium-visibility\" style=\"--awb-bg-size:cover;width:16.666666666667%;width:calc(16.666666666667% - ( ( 0 + 0 ) * 0.16666666666667 ) );\"><div class=\"fusion-column-wrapper fusion-flex-column-wrapper-legacy\"><div class=\"fusion-clearfix\"><\/div><\/div><\/div><\/div><\/div><\/p>\n","protected":false},"excerpt":{"rendered":"","protected":false},"author":1,"featured_media":26705,"comment_status":"open","ping_status":"open","sticky":false,"template":"","format":"standard","meta":[],"categories":[2],"tags":[],"yoast_head":"<!-- This site is optimized with the Yoast SEO plugin v20.0 - https:\/\/yoast.com\/wordpress\/plugins\/seo\/ -->\n<title>Esta es la coleta favorita del momento by Kevin Brice\u00f1o - Blog Termix Spain<\/title>\n<meta name=\"description\" content=\"\u00bfEl peinado del momento? Es una coleta y... \u00a1no nos podr\u00eda enamorar m\u00e1s! Todos los secretos y el paso a paso para este peinado \u00a1A un solo click!\" \/>\n<meta name=\"robots\" content=\"index, follow, max-snippet:-1, max-image-preview:large, max-video-preview:-1\" \/>\n<link rel=\"canonical\" href=\"https:\/\/termix.net\/blog\/es\/coleta-tendencia-reina-letizia-peinado-lifting\/\" \/>\n<meta property=\"og:locale\" content=\"es_ES\" \/>\n<meta property=\"og:type\" content=\"article\" \/>\n<meta property=\"og:title\" content=\"Esta es la coleta favorita del momento by Kevin Brice\u00f1o - Blog Termix Spain\" \/>\n<meta property=\"og:description\" content=\"\u00bfEl peinado del momento? Es una coleta y... \u00a1no nos podr\u00eda enamorar m\u00e1s! Todos los secretos y el paso a paso para este peinado \u00a1A un solo click!\" \/>\n<meta property=\"og:url\" content=\"https:\/\/termix.net\/blog\/es\/coleta-tendencia-reina-letizia-peinado-lifting\/\" \/>\n<meta property=\"og:site_name\" content=\"Blog Termix Spain\" \/>\n<meta property=\"article:published_time\" content=\"2020-08-05T11:42:01+00:00\" \/>\n<meta property=\"og:image\" content=\"https:\/\/termix.net\/blog\/wp-content\/uploads\/2020\/08\/coleta-media-la-nueva-tendencia-de-la-temporada.jpg\" \/>\n\t<meta property=\"og:image:width\" content=\"750\" \/>\n\t<meta property=\"og:image:height\" content=\"1160\" \/>\n\t<meta property=\"og:image:type\" content=\"image\/jpeg\" \/>\n<meta name=\"author\" content=\"admin\" \/>\n<meta name=\"twitter:card\" content=\"summary_large_image\" \/>\n<meta name=\"twitter:label1\" content=\"Escrito por\" \/>\n\t<meta name=\"twitter:data1\" content=\"admin\" \/>\n\t<meta name=\"twitter:label2\" content=\"Tiempo de lectura\" \/>\n\t<meta name=\"twitter:data2\" content=\"38 minutos\" \/>\n<script type=\"application\/ld+json\" class=\"yoast-schema-graph\">{\"@context\":\"https:\/\/schema.org\",\"@graph\":[{\"@type\":\"Article\",\"@id\":\"https:\/\/termix.net\/blog\/es\/coleta-tendencia-reina-letizia-peinado-lifting\/#article\",\"isPartOf\":{\"@id\":\"https:\/\/termix.net\/blog\/es\/coleta-tendencia-reina-letizia-peinado-lifting\/\"},\"author\":{\"name\":\"admin\",\"@id\":\"https:\/\/termix.net\/blog\/es\/#\/schema\/person\/243e31ed9d94da644ab87928423b48db\"},\"headline\":\"Esta es la coleta favorita del momento by Kevin Brice\u00f1o\",\"datePublished\":\"2020-08-05T11:42:01+00:00\",\"dateModified\":\"2020-08-05T11:42:01+00:00\",\"mainEntityOfPage\":{\"@id\":\"https:\/\/termix.net\/blog\/es\/coleta-tendencia-reina-letizia-peinado-lifting\/\"},\"wordCount\":7551,\"commentCount\":0,\"publisher\":{\"@id\":\"https:\/\/termix.net\/blog\/es\/#organization\"},\"articleSection\":[\"LOOKS\"],\"inLanguage\":\"es\",\"potentialAction\":[{\"@type\":\"CommentAction\",\"name\":\"Comment\",\"target\":[\"https:\/\/termix.net\/blog\/es\/coleta-tendencia-reina-letizia-peinado-lifting\/#respond\"]}]},{\"@type\":\"WebPage\",\"@id\":\"https:\/\/termix.net\/blog\/es\/coleta-tendencia-reina-letizia-peinado-lifting\/\",\"url\":\"https:\/\/termix.net\/blog\/es\/coleta-tendencia-reina-letizia-peinado-lifting\/\",\"name\":\"Esta es la coleta favorita del momento by Kevin Brice\u00f1o - Blog Termix Spain\",\"isPartOf\":{\"@id\":\"https:\/\/termix.net\/blog\/es\/#website\"},\"datePublished\":\"2020-08-05T11:42:01+00:00\",\"dateModified\":\"2020-08-05T11:42:01+00:00\",\"description\":\"\u00bfEl peinado del momento? Es una coleta y... \u00a1no nos podr\u00eda enamorar m\u00e1s! Todos los secretos y el paso a paso para este peinado \u00a1A un solo click!\",\"breadcrumb\":{\"@id\":\"https:\/\/termix.net\/blog\/es\/coleta-tendencia-reina-letizia-peinado-lifting\/#breadcrumb\"},\"inLanguage\":\"es\",\"potentialAction\":[{\"@type\":\"ReadAction\",\"target\":[\"https:\/\/termix.net\/blog\/es\/coleta-tendencia-reina-letizia-peinado-lifting\/\"]}]},{\"@type\":\"BreadcrumbList\",\"@id\":\"https:\/\/termix.net\/blog\/es\/coleta-tendencia-reina-letizia-peinado-lifting\/#breadcrumb\",\"itemListElement\":[{\"@type\":\"ListItem\",\"position\":1,\"name\":\"Home\",\"item\":\"https:\/\/termix.net\/blog\/es\/\"},{\"@type\":\"ListItem\",\"position\":2,\"name\":\"Esta es la coleta favorita del momento by Kevin Brice\u00f1o\"}]},{\"@type\":\"WebSite\",\"@id\":\"https:\/\/termix.net\/blog\/es\/#website\",\"url\":\"https:\/\/termix.net\/blog\/es\/\",\"name\":\"Blog Termix Spain\",\"description\":\"Blog de tendencias y productos de peluquer\u00eda profesional.\",\"publisher\":{\"@id\":\"https:\/\/termix.net\/blog\/es\/#organization\"},\"potentialAction\":[{\"@type\":\"SearchAction\",\"target\":{\"@type\":\"EntryPoint\",\"urlTemplate\":\"https:\/\/termix.net\/blog\/es\/?s={search_term_string}\"},\"query-input\":\"required name=search_term_string\"}],\"inLanguage\":\"es\"},{\"@type\":\"Organization\",\"@id\":\"https:\/\/termix.net\/blog\/es\/#organization\",\"name\":\"Dols Industrial de Peluquer\u00eda SA\",\"url\":\"https:\/\/termix.net\/blog\/es\/\",\"logo\":{\"@type\":\"ImageObject\",\"inLanguage\":\"es\",\"@id\":\"https:\/\/termix.net\/blog\/es\/#\/schema\/logo\/image\/\",\"url\":\"https:\/\/termix.net\/blog\/wp-content\/uploads\/2020\/10\/OGbDAeng.jpeg\",\"contentUrl\":\"https:\/\/termix.net\/blog\/wp-content\/uploads\/2020\/10\/OGbDAeng.jpeg\",\"width\":800,\"height\":800,\"caption\":\"Dols Industrial de Peluquer\u00eda SA\"},\"image\":{\"@id\":\"https:\/\/termix.net\/blog\/es\/#\/schema\/logo\/image\/\"}},{\"@type\":\"Person\",\"@id\":\"https:\/\/termix.net\/blog\/es\/#\/schema\/person\/243e31ed9d94da644ab87928423b48db\",\"name\":\"admin\",\"image\":{\"@type\":\"ImageObject\",\"inLanguage\":\"es\",\"@id\":\"https:\/\/termix.net\/blog\/es\/#\/schema\/person\/image\/\",\"url\":\"https:\/\/secure.gravatar.com\/avatar\/eea81ed0b0a131024af3012ebcb4d4d4?s=96&d=mm&r=g\",\"contentUrl\":\"https:\/\/secure.gravatar.com\/avatar\/eea81ed0b0a131024af3012ebcb4d4d4?s=96&d=mm&r=g\",\"caption\":\"admin\"},\"url\":\"https:\/\/termix.net\/blog\/es\/author\/admin\/\"}]}<\/script>\n<!-- \/ Yoast SEO plugin. -->","yoast_head_json":{"title":"Esta es la coleta favorita del momento by Kevin Brice\u00f1o - Blog Termix Spain","description":"\u00bfEl peinado del momento? Es una coleta y... \u00a1no nos podr\u00eda enamorar m\u00e1s! Todos los secretos y el paso a paso para este peinado \u00a1A un solo click!","robots":{"index":"index","follow":"follow","max-snippet":"max-snippet:-1","max-image-preview":"max-image-preview:large","max-video-preview":"max-video-preview:-1"},"canonical":"https:\/\/termix.net\/blog\/es\/coleta-tendencia-reina-letizia-peinado-lifting\/","og_locale":"es_ES","og_type":"article","og_title":"Esta es la coleta favorita del momento by Kevin Brice\u00f1o - Blog Termix Spain","og_description":"\u00bfEl peinado del momento? Es una coleta y... \u00a1no nos podr\u00eda enamorar m\u00e1s! Todos los secretos y el paso a paso para este peinado \u00a1A un solo click!","og_url":"https:\/\/termix.net\/blog\/es\/coleta-tendencia-reina-letizia-peinado-lifting\/","og_site_name":"Blog Termix Spain","article_published_time":"2020-08-05T11:42:01+00:00","og_image":[{"width":750,"height":1160,"url":"https:\/\/termix.net\/blog\/wp-content\/uploads\/2020\/08\/coleta-media-la-nueva-tendencia-de-la-temporada.jpg","type":"image\/jpeg"}],"author":"admin","twitter_card":"summary_large_image","twitter_misc":{"Escrito por":"admin","Tiempo de lectura":"38 minutos"},"schema":{"@context":"https:\/\/schema.org","@graph":[{"@type":"Article","@id":"https:\/\/termix.net\/blog\/es\/coleta-tendencia-reina-letizia-peinado-lifting\/#article","isPartOf":{"@id":"https:\/\/termix.net\/blog\/es\/coleta-tendencia-reina-letizia-peinado-lifting\/"},"author":{"name":"admin","@id":"https:\/\/termix.net\/blog\/es\/#\/schema\/person\/243e31ed9d94da644ab87928423b48db"},"headline":"Esta es la coleta favorita del momento by Kevin Brice\u00f1o","datePublished":"2020-08-05T11:42:01+00:00","dateModified":"2020-08-05T11:42:01+00:00","mainEntityOfPage":{"@id":"https:\/\/termix.net\/blog\/es\/coleta-tendencia-reina-letizia-peinado-lifting\/"},"wordCount":7551,"commentCount":0,"publisher":{"@id":"https:\/\/termix.net\/blog\/es\/#organization"},"articleSection":["LOOKS"],"inLanguage":"es","potentialAction":[{"@type":"CommentAction","name":"Comment","target":["https:\/\/termix.net\/blog\/es\/coleta-tendencia-reina-letizia-peinado-lifting\/#respond"]}]},{"@type":"WebPage","@id":"https:\/\/termix.net\/blog\/es\/coleta-tendencia-reina-letizia-peinado-lifting\/","url":"https:\/\/termix.net\/blog\/es\/coleta-tendencia-reina-letizia-peinado-lifting\/","name":"Esta es la coleta favorita del momento by Kevin Brice\u00f1o - Blog Termix Spain","isPartOf":{"@id":"https:\/\/termix.net\/blog\/es\/#website"},"datePublished":"2020-08-05T11:42:01+00:00","dateModified":"2020-08-05T11:42:01+00:00","description":"\u00bfEl peinado del momento? Es una coleta y... \u00a1no nos podr\u00eda enamorar m\u00e1s! Todos los secretos y el paso a paso para este peinado \u00a1A un solo click!","breadcrumb":{"@id":"https:\/\/termix.net\/blog\/es\/coleta-tendencia-reina-letizia-peinado-lifting\/#breadcrumb"},"inLanguage":"es","potentialAction":[{"@type":"ReadAction","target":["https:\/\/termix.net\/blog\/es\/coleta-tendencia-reina-letizia-peinado-lifting\/"]}]},{"@type":"BreadcrumbList","@id":"https:\/\/termix.net\/blog\/es\/coleta-tendencia-reina-letizia-peinado-lifting\/#breadcrumb","itemListElement":[{"@type":"ListItem","position":1,"name":"Home","item":"https:\/\/termix.net\/blog\/es\/"},{"@type":"ListItem","position":2,"name":"Esta es la coleta favorita del momento by Kevin Brice\u00f1o"}]},{"@type":"WebSite","@id":"https:\/\/termix.net\/blog\/es\/#website","url":"https:\/\/termix.net\/blog\/es\/","name":"Blog Termix Spain","description":"Blog de tendencias y productos de peluquer\u00eda profesional.","publisher":{"@id":"https:\/\/termix.net\/blog\/es\/#organization"},"potentialAction":[{"@type":"SearchAction","target":{"@type":"EntryPoint","urlTemplate":"https:\/\/termix.net\/blog\/es\/?s={search_term_string}"},"query-input":"required name=search_term_string"}],"inLanguage":"es"},{"@type":"Organization","@id":"https:\/\/termix.net\/blog\/es\/#organization","name":"Dols Industrial de Peluquer\u00eda SA","url":"https:\/\/termix.net\/blog\/es\/","logo":{"@type":"ImageObject","inLanguage":"es","@id":"https:\/\/termix.net\/blog\/es\/#\/schema\/logo\/image\/","url":"https:\/\/termix.net\/blog\/wp-content\/uploads\/2020\/10\/OGbDAeng.jpeg","contentUrl":"https:\/\/termix.net\/blog\/wp-content\/uploads\/2020\/10\/OGbDAeng.jpeg","width":800,"height":800,"caption":"Dols Industrial de Peluquer\u00eda SA"},"image":{"@id":"https:\/\/termix.net\/blog\/es\/#\/schema\/logo\/image\/"}},{"@type":"Person","@id":"https:\/\/termix.net\/blog\/es\/#\/schema\/person\/243e31ed9d94da644ab87928423b48db","name":"admin","image":{"@type":"ImageObject","inLanguage":"es","@id":"https:\/\/termix.net\/blog\/es\/#\/schema\/person\/image\/","url":"https:\/\/secure.gravatar.com\/avatar\/eea81ed0b0a131024af3012ebcb4d4d4?s=96&d=mm&r=g","contentUrl":"https:\/\/secure.gravatar.com\/avatar\/eea81ed0b0a131024af3012ebcb4d4d4?s=96&d=mm&r=g","caption":"admin"},"url":"https:\/\/termix.net\/blog\/es\/author\/admin\/"}]}},"_links":{"self":[{"href":"https:\/\/termix.net\/blog\/es\/wp-json\/wp\/v2\/posts\/26700"}],"collection":[{"href":"https:\/\/termix.net\/blog\/es\/wp-json\/wp\/v2\/posts"}],"about":[{"href":"https:\/\/termix.net\/blog\/es\/wp-json\/wp\/v2\/types\/post"}],"author":[{"embeddable":true,"href":"https:\/\/termix.net\/blog\/es\/wp-json\/wp\/v2\/users\/1"}],"replies":[{"embeddable":true,"href":"https:\/\/termix.net\/blog\/es\/wp-json\/wp\/v2\/comments?post=26700"}],"version-history":[{"count":8,"href":"https:\/\/termix.net\/blog\/es\/wp-json\/wp\/v2\/posts\/26700\/revisions"}],"predecessor-version":[{"id":28228,"href":"https:\/\/termix.net\/blog\/es\/wp-json\/wp\/v2\/posts\/26700\/revisions\/28228"}],"wp:featuredmedia":[{"embeddable":true,"href":"https:\/\/termix.net\/blog\/es\/wp-json\/wp\/v2\/media\/26705"}],"wp:attachment":[{"href":"https:\/\/termix.net\/blog\/es\/wp-json\/wp\/v2\/media?parent=26700"}],"wp:term":[{"taxonomy":"category","embeddable":true,"href":"https:\/\/termix.net\/blog\/es\/wp-json\/wp\/v2\/categories?post=26700"},{"taxonomy":"post_tag","embeddable":true,"href":"https:\/\/termix.net\/blog\/es\/wp-json\/wp\/v2\/tags?post=26700"}],"curies":[{"name":"wp","href":"https:\/\/api.w.org\/{rel}","templated":true}]}}