{"id":2395,"date":"2014-12-05T15:06:33","date_gmt":"2014-12-05T15:06:33","guid":{"rendered":"http:\/\/termix.net\/?p=2395"},"modified":"2019-11-28T13:26:16","modified_gmt":"2019-11-28T12:26:16","slug":"termix-peina-los-sospechosos-de-incidencias","status":"publish","type":"post","link":"https:\/\/termix.net\/blog\/es\/termix-peina-los-sospechosos-de-incidencias\/","title":{"rendered":"Las herramientas Termix peinan a \u201clos sospechosos\u201d de Incidencias"},"content":{"rendered":"<h1 style=\"text-align: center;\">Termix peina a \u201clos sospechosos\u201d de Incidencias<\/h1>\n<h3 style=\"text-align: center;\"><strong>La nueva pel\u00edcula de Jos\u00e9 Corbacho<\/strong><\/h3>\n<p>&nbsp;<\/p>\n<p><img decoding=\"async\" class=\"size-full wp-image-21519 aligncenter\" src=\"https:\/\/termix.net\/blog\/wp-content\/uploads\/2014\/12\/Termix-en-la-nueva-pelicula-de-Jose-Corbacho.jpg\" alt=\"Termix-en-la-nueva-pelicula-de-Jose-Corbacho\" width=\"800\" height=\"400\" srcset=\"https:\/\/termix.net\/blog\/wp-content\/uploads\/2014\/12\/Termix-en-la-nueva-pelicula-de-Jose-Corbacho-200x100.jpg 200w, https:\/\/termix.net\/blog\/wp-content\/uploads\/2014\/12\/Termix-en-la-nueva-pelicula-de-Jose-Corbacho-300x150.jpg 300w, https:\/\/termix.net\/blog\/wp-content\/uploads\/2014\/12\/Termix-en-la-nueva-pelicula-de-Jose-Corbacho-400x200.jpg 400w, https:\/\/termix.net\/blog\/wp-content\/uploads\/2014\/12\/Termix-en-la-nueva-pelicula-de-Jose-Corbacho-600x300.jpg 600w, https:\/\/termix.net\/blog\/wp-content\/uploads\/2014\/12\/Termix-en-la-nueva-pelicula-de-Jose-Corbacho-768x384.jpg 768w, https:\/\/termix.net\/blog\/wp-content\/uploads\/2014\/12\/Termix-en-la-nueva-pelicula-de-Jose-Corbacho.jpg 800w\" sizes=\"(max-width: 800px) 100vw, 800px\" \/><\/p>\n<p>&nbsp;<\/p>\n<p>Termix vuelve a dar <strong>apoyo al cine espa\u00f1ol<\/strong> colaborando con la pel\u00edcula Incidencias, dirigida por Jos\u00e9 Corbacho y Juan Cruz, y producida por Filmax. La jefa de peluquer\u00eda, Laura Vacas nos habla de su experiencia trabajando en esta producci\u00f3n con Termix.<\/p>\n<p style=\"text-align: justify;\">La pel\u00edcula gira entorno al \u00faltimo AVE del a\u00f1o en el que viajan 14 personas. Esta viajeros \u201csospechosos! explican su experiencia en este extra\u00f1o viaje en un ambiente lleno de inquietud y desconfianza en el que llega a calar la histeria\u2026<\/p>\n<p>&nbsp;<\/p>\n<h2 style=\"text-align: justify;\">Laura Vacas, jefa de peluquer\u00eda ha confiado en las herramientas Termix.<\/h2>\n<p style=\"text-align: justify;\">Las us\u00f3 para la caracterizaci\u00f3n de los de actores entre los que destacan <strong>Lola Due\u00f1as, Nuria Gago, Rossy de Palma, Ernesto Alterio, Carlos Areces, Imanol Arias, Roberto \u00c1lamo y Toni Acosta<\/strong>, entre otros.<\/p>\n<blockquote><p>\u00a0\u00abLa verdad, es que estoy muy contenta de poder comentar la experiencia. Tengo que decir, en cuanto a los cepillos, que siempre he trabajado con ellos. A pesar de probar otras marcas, he vuelto a Termix, porque creo que son los mejores. Tiene cepillos para cada tipo de cabello.<\/p>\n<p>En esta producci\u00f3n, <strong>los que m\u00e1s utilizo son los cepillos Evolution soft. <\/strong>\u00a0Los utilizo m\u00e1s porque la mayor\u00eda de cabellos a trabajar son <strong>finos<\/strong>. Los cepillos Evolution soft no parten el cabello. Los pelos\u00a0 quedan sueltos, brillantes y sin electricidad est\u00e1tica, tanto al estirar, como al marcar. Adem\u00e1s me encanta el mango antideslizante, es muy pr\u00e1ctico.<\/p>\n<p>Respecto a los peines, todos son fant\u00e1sticos, pero <strong>me quedo con los peines de carbono,<\/strong> por su resistencia y porque se manejan muy bien. El difusor tambi\u00e9n es de gran ayuda. Sirve para dar un acabado natural a los peinados masculinos, que abundan en esta pel\u00edcula.<\/p>\n<p><strong>La plancha Termix Slim<\/strong> es muy c\u00f3moda, ligera y al ser m\u00e1s fina, <strong>permite acercarte a la ra\u00edz con m\u00e1s precisi\u00f3n<\/strong>. Est\u00e1 siendo un placer poder trabajar con herramientas de calidad y tan eficientes. \u00ab<\/p><\/blockquote>\n<p style=\"text-align: justify;\"><em>\u00a0<\/em><\/p>\n","protected":false},"excerpt":{"rendered":"<p>\t\t\t\tTermix vuelve a dar apoyo al cine espa\u00f1ol colaborando con la nueva pel\u00edcula de Jos\u00e9 Corbacho y Juan Cruz. Laura Vacas, jefa de peluquer\u00eda, habla de las ventajas de usar nuestros productos.\t\t<\/p>\n","protected":false},"author":2,"featured_media":21519,"comment_status":"open","ping_status":"open","sticky":false,"template":"","format":"standard","meta":[],"categories":[6],"tags":[],"yoast_head":"<!-- This site is optimized with the Yoast SEO plugin v20.0 - https:\/\/yoast.com\/wordpress\/plugins\/seo\/ -->\n<title>Las herramientas Termix peinan a los actores de &quot;Incidencias&quot; - Termix<\/title>\n<meta name=\"description\" content=\"Termix colabora en la pel\u00edcula Incidencias de Jos\u00e9 Corbacho y Juan Cruz. La jefa de peluquer\u00eda Laura Vacas nos habla de su experiencia con Termix.\" \/>\n<meta name=\"robots\" content=\"index, follow, max-snippet:-1, max-image-preview:large, max-video-preview:-1\" \/>\n<link rel=\"canonical\" href=\"https:\/\/termix.net\/blog\/es\/termix-peina-los-sospechosos-de-incidencias\/\" \/>\n<meta property=\"og:locale\" content=\"es_ES\" \/>\n<meta property=\"og:type\" content=\"article\" \/>\n<meta property=\"og:title\" content=\"Las herramientas Termix peinan a los actores de &quot;Incidencias&quot; - Termix\" \/>\n<meta property=\"og:description\" content=\"Termix colabora en la pel\u00edcula Incidencias de Jos\u00e9 Corbacho y Juan Cruz. La jefa de peluquer\u00eda Laura Vacas nos habla de su experiencia con Termix.\" \/>\n<meta property=\"og:url\" content=\"https:\/\/termix.net\/blog\/es\/termix-peina-los-sospechosos-de-incidencias\/\" \/>\n<meta property=\"og:site_name\" content=\"Blog Termix Spain\" \/>\n<meta property=\"article:published_time\" content=\"2014-12-05T15:06:33+00:00\" \/>\n<meta property=\"article:modified_time\" content=\"2019-11-28T12:26:16+00:00\" \/>\n<meta property=\"og:image\" content=\"https:\/\/termix.net\/blog\/wp-content\/uploads\/2014\/12\/Termix-en-la-nueva-pelicula-de-Jose-Corbacho.jpg\" \/>\n\t<meta property=\"og:image:width\" content=\"800\" \/>\n\t<meta property=\"og:image:height\" content=\"400\" \/>\n\t<meta property=\"og:image:type\" content=\"image\/jpeg\" \/>\n<meta name=\"author\" content=\"TermixTeam\" \/>\n<meta name=\"twitter:card\" content=\"summary_large_image\" \/>\n<meta name=\"twitter:label1\" content=\"Escrito por\" \/>\n\t<meta name=\"twitter:data1\" content=\"TermixTeam\" \/>\n\t<meta name=\"twitter:label2\" content=\"Tiempo de lectura\" \/>\n\t<meta name=\"twitter:data2\" content=\"2 minutos\" \/>\n<script type=\"application\/ld+json\" class=\"yoast-schema-graph\">{\"@context\":\"https:\/\/schema.org\",\"@graph\":[{\"@type\":\"Article\",\"@id\":\"https:\/\/termix.net\/blog\/es\/termix-peina-los-sospechosos-de-incidencias\/#article\",\"isPartOf\":{\"@id\":\"https:\/\/termix.net\/blog\/es\/termix-peina-los-sospechosos-de-incidencias\/\"},\"author\":{\"name\":\"TermixTeam\",\"@id\":\"https:\/\/termix.net\/blog\/es\/#\/schema\/person\/9096c98bdf03c8ddf91ad7172f254f40\"},\"headline\":\"Las herramientas Termix peinan a \u201clos sospechosos\u201d de Incidencias\",\"datePublished\":\"2014-12-05T15:06:33+00:00\",\"dateModified\":\"2019-11-28T12:26:16+00:00\",\"mainEntityOfPage\":{\"@id\":\"https:\/\/termix.net\/blog\/es\/termix-peina-los-sospechosos-de-incidencias\/\"},\"wordCount\":361,\"commentCount\":0,\"publisher\":{\"@id\":\"https:\/\/termix.net\/blog\/es\/#organization\"},\"articleSection\":[\"NOTICIAS\"],\"inLanguage\":\"es\",\"potentialAction\":[{\"@type\":\"CommentAction\",\"name\":\"Comment\",\"target\":[\"https:\/\/termix.net\/blog\/es\/termix-peina-los-sospechosos-de-incidencias\/#respond\"]}]},{\"@type\":\"WebPage\",\"@id\":\"https:\/\/termix.net\/blog\/es\/termix-peina-los-sospechosos-de-incidencias\/\",\"url\":\"https:\/\/termix.net\/blog\/es\/termix-peina-los-sospechosos-de-incidencias\/\",\"name\":\"Las herramientas Termix peinan a los actores de \\\"Incidencias\\\" - Termix\",\"isPartOf\":{\"@id\":\"https:\/\/termix.net\/blog\/es\/#website\"},\"datePublished\":\"2014-12-05T15:06:33+00:00\",\"dateModified\":\"2019-11-28T12:26:16+00:00\",\"description\":\"Termix colabora en la pel\u00edcula Incidencias de Jos\u00e9 Corbacho y Juan Cruz. La jefa de peluquer\u00eda Laura Vacas nos habla de su experiencia con Termix.\",\"breadcrumb\":{\"@id\":\"https:\/\/termix.net\/blog\/es\/termix-peina-los-sospechosos-de-incidencias\/#breadcrumb\"},\"inLanguage\":\"es\",\"potentialAction\":[{\"@type\":\"ReadAction\",\"target\":[\"https:\/\/termix.net\/blog\/es\/termix-peina-los-sospechosos-de-incidencias\/\"]}]},{\"@type\":\"BreadcrumbList\",\"@id\":\"https:\/\/termix.net\/blog\/es\/termix-peina-los-sospechosos-de-incidencias\/#breadcrumb\",\"itemListElement\":[{\"@type\":\"ListItem\",\"position\":1,\"name\":\"Home\",\"item\":\"https:\/\/termix.net\/blog\/es\/\"},{\"@type\":\"ListItem\",\"position\":2,\"name\":\"Las herramientas Termix peinan a \u201clos sospechosos\u201d de Incidencias\"}]},{\"@type\":\"WebSite\",\"@id\":\"https:\/\/termix.net\/blog\/es\/#website\",\"url\":\"https:\/\/termix.net\/blog\/es\/\",\"name\":\"Blog Termix Spain\",\"description\":\"Blog de tendencias y productos de peluquer\u00eda profesional.\",\"publisher\":{\"@id\":\"https:\/\/termix.net\/blog\/es\/#organization\"},\"potentialAction\":[{\"@type\":\"SearchAction\",\"target\":{\"@type\":\"EntryPoint\",\"urlTemplate\":\"https:\/\/termix.net\/blog\/es\/?s={search_term_string}\"},\"query-input\":\"required name=search_term_string\"}],\"inLanguage\":\"es\"},{\"@type\":\"Organization\",\"@id\":\"https:\/\/termix.net\/blog\/es\/#organization\",\"name\":\"Dols Industrial de Peluquer\u00eda SA\",\"url\":\"https:\/\/termix.net\/blog\/es\/\",\"logo\":{\"@type\":\"ImageObject\",\"inLanguage\":\"es\",\"@id\":\"https:\/\/termix.net\/blog\/es\/#\/schema\/logo\/image\/\",\"url\":\"https:\/\/termix.net\/blog\/wp-content\/uploads\/2020\/10\/OGbDAeng.jpeg\",\"contentUrl\":\"https:\/\/termix.net\/blog\/wp-content\/uploads\/2020\/10\/OGbDAeng.jpeg\",\"width\":800,\"height\":800,\"caption\":\"Dols Industrial de Peluquer\u00eda SA\"},\"image\":{\"@id\":\"https:\/\/termix.net\/blog\/es\/#\/schema\/logo\/image\/\"}},{\"@type\":\"Person\",\"@id\":\"https:\/\/termix.net\/blog\/es\/#\/schema\/person\/9096c98bdf03c8ddf91ad7172f254f40\",\"name\":\"TermixTeam\",\"image\":{\"@type\":\"ImageObject\",\"inLanguage\":\"es\",\"@id\":\"https:\/\/termix.net\/blog\/es\/#\/schema\/person\/image\/\",\"url\":\"https:\/\/secure.gravatar.com\/avatar\/d89f61f6bd1c29a4acb231736d1c74b3?s=96&d=mm&r=g\",\"contentUrl\":\"https:\/\/secure.gravatar.com\/avatar\/d89f61f6bd1c29a4acb231736d1c74b3?s=96&d=mm&r=g\",\"caption\":\"TermixTeam\"},\"url\":\"https:\/\/termix.net\/blog\/es\/author\/termixteam\/\"}]}<\/script>\n<!-- \/ Yoast SEO plugin. -->","yoast_head_json":{"title":"Las herramientas Termix peinan a los actores de \"Incidencias\" - Termix","description":"Termix colabora en la pel\u00edcula Incidencias de Jos\u00e9 Corbacho y Juan Cruz. La jefa de peluquer\u00eda Laura Vacas nos habla de su experiencia con Termix.","robots":{"index":"index","follow":"follow","max-snippet":"max-snippet:-1","max-image-preview":"max-image-preview:large","max-video-preview":"max-video-preview:-1"},"canonical":"https:\/\/termix.net\/blog\/es\/termix-peina-los-sospechosos-de-incidencias\/","og_locale":"es_ES","og_type":"article","og_title":"Las herramientas Termix peinan a los actores de \"Incidencias\" - Termix","og_description":"Termix colabora en la pel\u00edcula Incidencias de Jos\u00e9 Corbacho y Juan Cruz. La jefa de peluquer\u00eda Laura Vacas nos habla de su experiencia con Termix.","og_url":"https:\/\/termix.net\/blog\/es\/termix-peina-los-sospechosos-de-incidencias\/","og_site_name":"Blog Termix Spain","article_published_time":"2014-12-05T15:06:33+00:00","article_modified_time":"2019-11-28T12:26:16+00:00","og_image":[{"width":800,"height":400,"url":"https:\/\/termix.net\/blog\/wp-content\/uploads\/2014\/12\/Termix-en-la-nueva-pelicula-de-Jose-Corbacho.jpg","type":"image\/jpeg"}],"author":"TermixTeam","twitter_card":"summary_large_image","twitter_misc":{"Escrito por":"TermixTeam","Tiempo de lectura":"2 minutos"},"schema":{"@context":"https:\/\/schema.org","@graph":[{"@type":"Article","@id":"https:\/\/termix.net\/blog\/es\/termix-peina-los-sospechosos-de-incidencias\/#article","isPartOf":{"@id":"https:\/\/termix.net\/blog\/es\/termix-peina-los-sospechosos-de-incidencias\/"},"author":{"name":"TermixTeam","@id":"https:\/\/termix.net\/blog\/es\/#\/schema\/person\/9096c98bdf03c8ddf91ad7172f254f40"},"headline":"Las herramientas Termix peinan a \u201clos sospechosos\u201d de Incidencias","datePublished":"2014-12-05T15:06:33+00:00","dateModified":"2019-11-28T12:26:16+00:00","mainEntityOfPage":{"@id":"https:\/\/termix.net\/blog\/es\/termix-peina-los-sospechosos-de-incidencias\/"},"wordCount":361,"commentCount":0,"publisher":{"@id":"https:\/\/termix.net\/blog\/es\/#organization"},"articleSection":["NOTICIAS"],"inLanguage":"es","potentialAction":[{"@type":"CommentAction","name":"Comment","target":["https:\/\/termix.net\/blog\/es\/termix-peina-los-sospechosos-de-incidencias\/#respond"]}]},{"@type":"WebPage","@id":"https:\/\/termix.net\/blog\/es\/termix-peina-los-sospechosos-de-incidencias\/","url":"https:\/\/termix.net\/blog\/es\/termix-peina-los-sospechosos-de-incidencias\/","name":"Las herramientas Termix peinan a los actores de \"Incidencias\" - Termix","isPartOf":{"@id":"https:\/\/termix.net\/blog\/es\/#website"},"datePublished":"2014-12-05T15:06:33+00:00","dateModified":"2019-11-28T12:26:16+00:00","description":"Termix colabora en la pel\u00edcula Incidencias de Jos\u00e9 Corbacho y Juan Cruz. La jefa de peluquer\u00eda Laura Vacas nos habla de su experiencia con Termix.","breadcrumb":{"@id":"https:\/\/termix.net\/blog\/es\/termix-peina-los-sospechosos-de-incidencias\/#breadcrumb"},"inLanguage":"es","potentialAction":[{"@type":"ReadAction","target":["https:\/\/termix.net\/blog\/es\/termix-peina-los-sospechosos-de-incidencias\/"]}]},{"@type":"BreadcrumbList","@id":"https:\/\/termix.net\/blog\/es\/termix-peina-los-sospechosos-de-incidencias\/#breadcrumb","itemListElement":[{"@type":"ListItem","position":1,"name":"Home","item":"https:\/\/termix.net\/blog\/es\/"},{"@type":"ListItem","position":2,"name":"Las herramientas Termix peinan a \u201clos sospechosos\u201d de Incidencias"}]},{"@type":"WebSite","@id":"https:\/\/termix.net\/blog\/es\/#website","url":"https:\/\/termix.net\/blog\/es\/","name":"Blog Termix Spain","description":"Blog de tendencias y productos de peluquer\u00eda profesional.","publisher":{"@id":"https:\/\/termix.net\/blog\/es\/#organization"},"potentialAction":[{"@type":"SearchAction","target":{"@type":"EntryPoint","urlTemplate":"https:\/\/termix.net\/blog\/es\/?s={search_term_string}"},"query-input":"required name=search_term_string"}],"inLanguage":"es"},{"@type":"Organization","@id":"https:\/\/termix.net\/blog\/es\/#organization","name":"Dols Industrial de Peluquer\u00eda SA","url":"https:\/\/termix.net\/blog\/es\/","logo":{"@type":"ImageObject","inLanguage":"es","@id":"https:\/\/termix.net\/blog\/es\/#\/schema\/logo\/image\/","url":"https:\/\/termix.net\/blog\/wp-content\/uploads\/2020\/10\/OGbDAeng.jpeg","contentUrl":"https:\/\/termix.net\/blog\/wp-content\/uploads\/2020\/10\/OGbDAeng.jpeg","width":800,"height":800,"caption":"Dols Industrial de Peluquer\u00eda SA"},"image":{"@id":"https:\/\/termix.net\/blog\/es\/#\/schema\/logo\/image\/"}},{"@type":"Person","@id":"https:\/\/termix.net\/blog\/es\/#\/schema\/person\/9096c98bdf03c8ddf91ad7172f254f40","name":"TermixTeam","image":{"@type":"ImageObject","inLanguage":"es","@id":"https:\/\/termix.net\/blog\/es\/#\/schema\/person\/image\/","url":"https:\/\/secure.gravatar.com\/avatar\/d89f61f6bd1c29a4acb231736d1c74b3?s=96&d=mm&r=g","contentUrl":"https:\/\/secure.gravatar.com\/avatar\/d89f61f6bd1c29a4acb231736d1c74b3?s=96&d=mm&r=g","caption":"TermixTeam"},"url":"https:\/\/termix.net\/blog\/es\/author\/termixteam\/"}]}},"_links":{"self":[{"href":"https:\/\/termix.net\/blog\/es\/wp-json\/wp\/v2\/posts\/2395"}],"collection":[{"href":"https:\/\/termix.net\/blog\/es\/wp-json\/wp\/v2\/posts"}],"about":[{"href":"https:\/\/termix.net\/blog\/es\/wp-json\/wp\/v2\/types\/post"}],"author":[{"embeddable":true,"href":"https:\/\/termix.net\/blog\/es\/wp-json\/wp\/v2\/users\/2"}],"replies":[{"embeddable":true,"href":"https:\/\/termix.net\/blog\/es\/wp-json\/wp\/v2\/comments?post=2395"}],"version-history":[{"count":4,"href":"https:\/\/termix.net\/blog\/es\/wp-json\/wp\/v2\/posts\/2395\/revisions"}],"predecessor-version":[{"id":21523,"href":"https:\/\/termix.net\/blog\/es\/wp-json\/wp\/v2\/posts\/2395\/revisions\/21523"}],"wp:featuredmedia":[{"embeddable":true,"href":"https:\/\/termix.net\/blog\/es\/wp-json\/wp\/v2\/media\/21519"}],"wp:attachment":[{"href":"https:\/\/termix.net\/blog\/es\/wp-json\/wp\/v2\/media?parent=2395"}],"wp:term":[{"taxonomy":"category","embeddable":true,"href":"https:\/\/termix.net\/blog\/es\/wp-json\/wp\/v2\/categories?post=2395"},{"taxonomy":"post_tag","embeddable":true,"href":"https:\/\/termix.net\/blog\/es\/wp-json\/wp\/v2\/tags?post=2395"}],"curies":[{"name":"wp","href":"https:\/\/api.w.org\/{rel}","templated":true}]}}