{"id":22131,"date":"2016-12-04T14:58:39","date_gmt":"2016-12-04T13:58:39","guid":{"rendered":"https:\/\/termixuri2.pre-testing.com\/blog\/?p=22131"},"modified":"2020-01-24T11:11:57","modified_gmt":"2020-01-24T10:11:57","slug":"termix-peina-anastacia-pamela-anderson-y-otras-celebrities-en-la-global-gift-gala","status":"publish","type":"post","link":"https:\/\/termix.net\/blog\/es\/termix-peina-anastacia-pamela-anderson-y-otras-celebrities-en-la-global-gift-gala\/","title":{"rendered":"\u00a1Termix peina Anastacia, Pamela Anderson y otras celebrities en la Global Gift Gala!"},"content":{"rendered":"<p><div class=\"fusion-fullwidth fullwidth-box fusion-builder-row-1 faded-background fusion-parallax-none nonhundred-percent-fullwidth non-hundred-percent-height-scrolling fusion-no-small-visibility fusion-no-medium-visibility\" style=\"--awb-border-radius-top-left:0px;--awb-border-radius-top-right:0px;--awb-border-radius-bottom-right:0px;--awb-border-radius-bottom-left:0px;--awb-padding-top:24%;--awb-padding-right:3%;--awb-padding-left:3%;--awb-background-size:cover;\" ><div class=\"fullwidth-faded\" style=\"--awb-background-color:#181818;--awb-background-image:url(https:\/\/termix.net\/blog\/wp-content\/uploads\/2019\/12\/lastresfantasticas.jpg);--awb-background-size:cover;\" ><\/div><div class=\"fusion-builder-row fusion-row\"><div class=\"fusion-layout-column fusion_builder_column fusion-builder-column-0 fusion_builder_column_1_1 1_1 fusion-one-full fusion-column-first fusion-column-last\" style=\"--awb-padding-top:6%;--awb-padding-right:8%;--awb-padding-bottom:6%;--awb-padding-left:8%;--awb-bg-color:rgba(255,255,255,0.7);--awb-bg-size:cover;--awb-margin-top:0px;--awb-margin-bottom:0px;\"><div class=\"fusion-column-wrapper fusion-column-has-shadow fusion-flex-column-wrapper-legacy\"><div class=\"fusion-text fusion-text-1 caption\"><p style=\"text-align: center;\">Noticias \u2014 3 min de lectura<\/p>\n<\/div><div class=\"fusion-title title fusion-title-1 fusion-sep-none fusion-title-center fusion-title-text fusion-title-size-two\" style=\"--awb-margin-top:30px;--awb-margin-bottom:20px;\"><h2 class=\"title-heading-center fusion-responsive-typography-calculated\" style=\"margin:0;--fontSize:50;line-height:1.28;\">\u00a1Peinamos a Anastacia, Pamela Anderson y otras celebrities en la Global Gift Gala!<\/h2><\/div><div class=\"fusion-clearfix\"><\/div><\/div><\/div><\/div><\/div><div class=\"fusion-fullwidth fullwidth-box fusion-builder-row-2 fusion-parallax-none nonhundred-percent-fullwidth non-hundred-percent-height-scrolling fusion-no-large-visibility\" style=\"--awb-border-radius-top-left:0px;--awb-border-radius-top-right:0px;--awb-border-radius-bottom-right:0px;--awb-border-radius-bottom-left:0px;--awb-background-image:url(&quot;https:\/\/termix.net\/blog\/wp-content\/uploads\/2019\/11\/con-el-secador-compacto-profesioanl-4300-de-termix-damos-volumen-al-cabello-1.jpg&quot;);--awb-background-size:cover;\" ><div class=\"fusion-builder-row fusion-row\"><div class=\"fusion-layout-column fusion_builder_column fusion-builder-column-1 fusion_builder_column_1_1 1_1 fusion-one-full fusion-column-first fusion-column-last fusion-column-inner-bg-wrapper\" style=\"--awb-padding-top:10%;--awb-padding-bottom:10%;--awb-inner-bg-image:url(&#039;http:\/\/termix.net\/blog\/wp-content\/uploads\/2019\/03\/single-blog-post-feat.jpg&#039;);--awb-inner-bg-position:center center;--awb-inner-bg-size:cover;\"><span class=\"fusion-column-inner-bg hover-type-zoomout\"><span class=\"fusion-column-anchor\"><span class=\"fusion-column-inner-bg-image\"><\/span><\/span><\/span><div class=\"fusion-column-wrapper fusion-flex-column-wrapper-legacy\" data-bg-url=\"http:\/\/termix.net\/blog\/wp-content\/uploads\/2019\/03\/single-blog-post-feat.jpg\"><div class=\"fusion-sep-clear\"><\/div><div class=\"fusion-separator fusion-no-large-visibility fusion-full-width-sep\" style=\"margin-left: auto;margin-right: auto;margin-top:200px;width:100%;\"><\/div><div class=\"fusion-sep-clear\"><\/div><div class=\"fusion-clearfix\"><\/div><\/div><\/div><div class=\"fusion-layout-column fusion_builder_column fusion-builder-column-2 fusion_builder_column_1_1 1_1 fusion-one-full fusion-column-first fusion-column-last\" style=\"--awb-padding-top:6%;--awb-bg-color:#ffffff;--awb-bg-size:cover;--awb-margin-top:0px;--awb-margin-bottom:0px;\"><div class=\"fusion-column-wrapper fusion-flex-column-wrapper-legacy\"><div class=\"fusion-text fusion-text-2 caption\"><p style=\"text-align: center;\">Noticias \u2014 3 min de lectura<\/p>\n<\/div><div class=\"fusion-title title fusion-title-2 fusion-sep-none fusion-title-center fusion-title-text fusion-title-size-two\" style=\"--awb-margin-top:30px;--awb-margin-bottom:20px;\"><h2 class=\"title-heading-center fusion-responsive-typography-calculated\" style=\"margin:0;--fontSize:50;line-height:1.28;\">\u00a1Peinamos a Anastacia, Pamela Anderson y otras celebrities en la Global Gift Gala!<\/h2><\/div><div class=\"fusion-clearfix\"><\/div><\/div><\/div><\/div><\/div><div class=\"fusion-fullwidth fullwidth-box fusion-builder-row-3 nonhundred-percent-fullwidth non-hundred-percent-height-scrolling\" style=\"--awb-border-radius-top-left:0px;--awb-border-radius-top-right:0px;--awb-border-radius-bottom-right:0px;--awb-border-radius-bottom-left:0px;--awb-padding-top:10px;--awb-padding-bottom:4%;\" ><div class=\"fusion-builder-row fusion-row\"><div class=\"fusion-layout-column fusion_builder_column fusion-builder-column-3 fusion_builder_column_1_6 1_6 fusion-one-sixth fusion-column-first fusion-no-small-visibility fusion-no-medium-visibility\" style=\"--awb-bg-size:cover;width:16.666666666667%;width:calc(16.666666666667% - ( ( 0 ) * 0.16666666666667 ) );margin-right: 0px;\"><div class=\"fusion-column-wrapper fusion-flex-column-wrapper-legacy\"><div class=\"fusion-clearfix\"><\/div><\/div><\/div><div class=\"fusion-layout-column fusion_builder_column fusion-builder-column-4 fusion_builder_column_2_3 2_3 fusion-two-third fusion-column-last\" style=\"--awb-bg-size:cover;width:66.666666666667%;width:calc(66.666666666667% - ( ( 0 ) * 0.66666666666667 ) );\"><div class=\"fusion-column-wrapper fusion-flex-column-wrapper-legacy\"><div class=\"fusion-sep-clear\"><\/div><div class=\"fusion-separator fusion-full-width-sep\" style=\"margin-left: auto;margin-right: auto;margin-top:30px;width:100%;\"><\/div><div class=\"fusion-sep-clear\"><\/div><div class=\"fusion-text fusion-text-3\"><p style=\"text-align: center;\">Filantrop\u00eda, solidaridad y mucho estilo. \u201cThe Global Gift Gala\u201d volv\u00eda a Madrid este 22 de marzo y lo hac\u00eda reuniendo a las caras m\u00e1s conocidas del panorama nacional e internacional en el<strong> Museo Nacional Thyssen-Bornemisza<\/strong>. Termix ha tenido el placer de patrocinar este evento y aportar las herramientas de peluquer\u00eda profesional m\u00e1s innovadoras para moldear el cabello de las celebrities nacionales e internacionales de forma excepcional junto a la reconocida estilista Lorena Morlote.<\/p>\n<p style=\"text-align: center;\"><strong>\u00bfQuieres conocer todos los detalles?<\/strong><\/p>\n<\/div><div class=\"fusion-sep-clear\"><\/div><div class=\"fusion-separator fusion-full-width-sep\" style=\"margin-left: auto;margin-right: auto;margin-top:30px;width:100%;\"><\/div><div class=\"fusion-sep-clear\"><\/div><div class=\"fusion-text fusion-text-4\"><p><iframe src=\"https:\/\/www.youtube.com\/embed\/IRBnk_nj4Q8?autoplay=1&amp;rel=0\" width=\"100%\" height=\"480\" frameborder=\"0\" allowfullscreen=\"allowfullscreen\"><span data-mce-type=\"bookmark\" style=\"display: inline-block; width: 0px; overflow: hidden; line-height: 0;\" class=\"mce_SELRES_start\">\ufeff<\/span><\/iframe><\/p>\n<p align=\"justify\">Por tercer a\u00f1o consecutivo la capital espa\u00f1ola se ha convertido en el escenario de la <strong>gala Global Gift<\/strong>, un evento caracterizado por su vertiente solidaria que re\u00fane un objetivo: avanzar en la recuperaci\u00f3n de las <strong>mujeres en riesgo de exclusi\u00f3n<\/strong>. Y con el compromiso de mejorar la vida de las mujeres que m\u00e1s lo necesitan, la <strong>Fundaci\u00f3n Global Gift<\/strong> y el <strong>Museo Nacional Thyssen-Bornemisza<\/strong> han unido fuerzas para llevar a cabo esta magn\u00edfica gala.<\/p>\n<p align=\"justify\"><img decoding=\"async\" class=\"alignnone size-full wp-image-24793\" src=\"https:\/\/termix.net\/blog\/wp-content\/uploads\/2019\/12\/anastacia-global-gift-gala.jpg\" alt=\"global gift gala \" width=\"1160\" height=\"660\" srcset=\"https:\/\/termix.net\/blog\/wp-content\/uploads\/2019\/12\/anastacia-global-gift-gala-200x114.jpg 200w, https:\/\/termix.net\/blog\/wp-content\/uploads\/2019\/12\/anastacia-global-gift-gala-300x171.jpg 300w, https:\/\/termix.net\/blog\/wp-content\/uploads\/2019\/12\/anastacia-global-gift-gala-400x228.jpg 400w, https:\/\/termix.net\/blog\/wp-content\/uploads\/2019\/12\/anastacia-global-gift-gala-600x341.jpg 600w, https:\/\/termix.net\/blog\/wp-content\/uploads\/2019\/12\/anastacia-global-gift-gala-768x437.jpg 768w, https:\/\/termix.net\/blog\/wp-content\/uploads\/2019\/12\/anastacia-global-gift-gala-800x455.jpg 800w, https:\/\/termix.net\/blog\/wp-content\/uploads\/2019\/12\/anastacia-global-gift-gala-1024x583.jpg 1024w, https:\/\/termix.net\/blog\/wp-content\/uploads\/2019\/12\/anastacia-global-gift-gala.jpg 1160w\" sizes=\"(max-width: 1160px) 100vw, 1160px\" \/><\/p>\n<p align=\"justify\">Un evento que ha sido dirigido por su fundadora, <strong>Mar\u00eda Bravo<\/strong>, y que ha reunido a celebrities internacionales como la cantante <strong>Anastacia<\/strong>, anfitriona de honor del evento y <strong>Pamela Anderson<\/strong>,\u00a0invitada especial de esta edici\u00f3n.\u00a0Tres personalidades con las que Termix ha tenido el placer de colaborar, poniendo a punto sus melenas para la importante gala junto con la estilista <strong>Lorena Morlote<\/strong>. Y las herramientas elegidas han sido, por un lado, la <span style=\"text-decoration: underline;\"><strong>plancha 230<\/strong><\/span> y los <strong><span style=\"text-decoration: underline;\">cepillos profesionales Evolution<\/span><\/strong>, caracterizados por su innovaci\u00f3n y calidad. Dos herramientas cuidadosamente escogidas para moldear el cabello de estas dos estrellas, puesto que est\u00e1n espec\u00edficamente dise\u00f1adas para <strong>proteger la cut\u00edcula del cabello<\/strong> y potenciar el brillo de este al m\u00e1ximo.<\/p>\n<p align=\"justify\"><img decoding=\"async\" class=\"alignnone size-full wp-image-24791\" src=\"https:\/\/termix.net\/blog\/wp-content\/uploads\/2019\/12\/GLOBALGIFT.jpg\" alt=\"global gift gala \" width=\"1160\" height=\"660\" srcset=\"https:\/\/termix.net\/blog\/wp-content\/uploads\/2019\/12\/GLOBALGIFT-200x114.jpg 200w, https:\/\/termix.net\/blog\/wp-content\/uploads\/2019\/12\/GLOBALGIFT-300x171.jpg 300w, https:\/\/termix.net\/blog\/wp-content\/uploads\/2019\/12\/GLOBALGIFT-400x228.jpg 400w, https:\/\/termix.net\/blog\/wp-content\/uploads\/2019\/12\/GLOBALGIFT-600x341.jpg 600w, https:\/\/termix.net\/blog\/wp-content\/uploads\/2019\/12\/GLOBALGIFT-768x437.jpg 768w, https:\/\/termix.net\/blog\/wp-content\/uploads\/2019\/12\/GLOBALGIFT-800x455.jpg 800w, https:\/\/termix.net\/blog\/wp-content\/uploads\/2019\/12\/GLOBALGIFT-1024x583.jpg 1024w, https:\/\/termix.net\/blog\/wp-content\/uploads\/2019\/12\/GLOBALGIFT.jpg 1160w\" sizes=\"(max-width: 1160px) 100vw, 1160px\" \/><\/p>\n<p align=\"justify\"><strong>Lorena Morlote<\/strong>\u00a0prepar\u00f3 sus cabellos para la tan esperada Gala.\u00a0 Para las tres, las ondas fueron el peinado escogido en sus largas melenas. En cuanto al <strong>estilo de Anastacia<\/strong>, se combinaron con una <strong>trenza de espiga<\/strong> oculta, un peinado muy fresco y din\u00e1mico que acentuaba los rasgos de la cantante. En este caso, para preparar el cabello de la cantante la estilista utiliz\u00f3 la<span style=\"text-decoration: underline;\"><strong> plancha de pelo 230 Black<\/strong> <\/span>de Termix, una <strong>plancha termo-i\u00f3nica<\/strong> de \u00faltima generaci\u00f3n dise\u00f1ada para proteger el cabello te\u00f1ido y disminuir la acumulaci\u00f3n de producto, perfecta para crear unas ondas muy pulidas.<\/p>\n<p align=\"justify\"><img decoding=\"async\" class=\"alignnone size-full wp-image-24789\" src=\"https:\/\/termix.net\/blog\/wp-content\/uploads\/2019\/12\/fionaferrergift.jpg\" alt=\"global gift gala \" width=\"1160\" height=\"660\" srcset=\"https:\/\/termix.net\/blog\/wp-content\/uploads\/2019\/12\/fionaferrergift-200x114.jpg 200w, https:\/\/termix.net\/blog\/wp-content\/uploads\/2019\/12\/fionaferrergift-300x171.jpg 300w, https:\/\/termix.net\/blog\/wp-content\/uploads\/2019\/12\/fionaferrergift-400x228.jpg 400w, https:\/\/termix.net\/blog\/wp-content\/uploads\/2019\/12\/fionaferrergift-600x341.jpg 600w, https:\/\/termix.net\/blog\/wp-content\/uploads\/2019\/12\/fionaferrergift-768x437.jpg 768w, https:\/\/termix.net\/blog\/wp-content\/uploads\/2019\/12\/fionaferrergift-800x455.jpg 800w, https:\/\/termix.net\/blog\/wp-content\/uploads\/2019\/12\/fionaferrergift-1024x583.jpg 1024w, https:\/\/termix.net\/blog\/wp-content\/uploads\/2019\/12\/fionaferrergift.jpg 1160w\" sizes=\"(max-width: 1160px) 100vw, 1160px\" \/><\/p>\n<p align=\"justify\">Algunas celebrities nacionales tambi\u00e9n pasaron por el sal\u00f3n de Lorena Morlote antes de la alfombra roja. Lorena Morlote realiz\u00f3 un <strong>brushing para Fiona Ferrer<\/strong> con los cepillos para cabello medio\u00a0<span style=\"text-decoration: underline;\"><strong>Evolution Basic\u00a0<\/strong><\/span>y, despu\u00e9s de preparar el cabello, elabor\u00f3 una coleta <strong><i>effortless<\/i><\/strong> a media altura. Un peinado muy de moda que ya hemos observado en m\u00faltiples alfombras rojas y que encajaba a la perfecci\u00f3n con la actual <span style=\"text-decoration: underline;\"><strong>colaboradora de \u201cC\u00e1mbiame\u201d<\/strong><\/span>. Tambi\u00e9n tuvimos la ocasi\u00f3n de potenciar el estilo de la periodista deportiva Carme Barcel\u00f3, con los cepillos <span style=\"text-decoration: underline;\"><strong>Termix Evolution Basic<\/strong><\/span>, con un <em>brushing look<\/em> de lo m\u00e1s vistoso.<\/p>\n<p align=\"justify\"><img decoding=\"async\" class=\"alignnone size-full wp-image-24787\" src=\"https:\/\/termix.net\/blog\/wp-content\/uploads\/2019\/12\/dosultimasgift.jpg\" alt=\"global gift gala \" width=\"1160\" height=\"660\" srcset=\"https:\/\/termix.net\/blog\/wp-content\/uploads\/2019\/12\/dosultimasgift-200x114.jpg 200w, https:\/\/termix.net\/blog\/wp-content\/uploads\/2019\/12\/dosultimasgift-300x171.jpg 300w, https:\/\/termix.net\/blog\/wp-content\/uploads\/2019\/12\/dosultimasgift-400x228.jpg 400w, https:\/\/termix.net\/blog\/wp-content\/uploads\/2019\/12\/dosultimasgift-600x341.jpg 600w, https:\/\/termix.net\/blog\/wp-content\/uploads\/2019\/12\/dosultimasgift-768x437.jpg 768w, https:\/\/termix.net\/blog\/wp-content\/uploads\/2019\/12\/dosultimasgift-800x455.jpg 800w, https:\/\/termix.net\/blog\/wp-content\/uploads\/2019\/12\/dosultimasgift-1024x583.jpg 1024w, https:\/\/termix.net\/blog\/wp-content\/uploads\/2019\/12\/dosultimasgift.jpg 1160w\" sizes=\"(max-width: 1160px) 100vw, 1160px\" \/><\/p>\n<p align=\"justify\"><strong>Peinados muy din\u00e1micos<\/strong> creados para celebrities con mucha personalidad que despuntaban en la <strong>Global Gift Gala<\/strong>. Y muchas m\u00e1s personalidades del mundo del cine, la m\u00fasica y la televisi\u00f3n se dieron la mano para esta causa solidaria de alcance internacional. Pudimos ver, entre otros, a numerosos cantantes de Operaci\u00f3n Triunfo como Chenoa, Rosa o Natalia,\u00a0<span class=\"s1\">Borja Thyssen, Blanca Cuesta, Anne Igartiburu, Helen Lindes, Carla Pereyra, Margarita Vargas, Luis Alfonso de Borb\u00f3n, Simoneta G\u00f3mez Acebo, \u00a0y Guillermo Solana, entre otros.<\/span><\/p>\n<p align=\"justify\"><img decoding=\"async\" class=\"aligncenter size-full wp-image-13406\" src=\"https:\/\/termix.net\/blog\/wp-content\/uploads\/2018\/03\/dosultimasgift.jpg\" alt=\"\" width=\"1160\" height=\"660\" \/><\/p>\n<p align=\"justify\">The <strong>Global Gift Gala<\/strong> Madrid ha sido la primera iniciativa de la Fundaci\u00f3n Global Gift en celebrarse este 2018, a la que se unir\u00e1n una lista de ciudades que albergar\u00e1n la cita donde se fusionan celebridades y filantrop\u00eda. Ha sido todo un placer para Termix haber podido aportar su granito de arena a esta experiencia solidaria junto con tanto talento.<\/p>\n<\/div><div class=\"fusion-clearfix\"><\/div><\/div><\/div><\/div><\/div><div class=\"fusion-fullwidth fullwidth-box fusion-builder-row-4 nonhundred-percent-fullwidth non-hundred-percent-height-scrolling\" style=\"--awb-border-radius-top-left:0px;--awb-border-radius-top-right:0px;--awb-border-radius-bottom-right:0px;--awb-border-radius-bottom-left:0px;\" ><\/div><\/p>\n","protected":false},"excerpt":{"rendered":"","protected":false},"author":2,"featured_media":22132,"comment_status":"open","ping_status":"open","sticky":false,"template":"","format":"standard","meta":[],"categories":[6],"tags":[],"yoast_head":"<!-- This site is optimized with the Yoast SEO plugin v20.0 - https:\/\/yoast.com\/wordpress\/plugins\/seo\/ -->\n<title>\u00a1Termix peina Anastacia, Pamela Anderson y otras celebrities en la Global Gift Gala! - Blog Termix Spain<\/title>\n<meta name=\"description\" content=\"Blog Termix Spain - \u00a1Termix peina Anastacia, Pamela Anderson y otras celebrities en la Global Gift Gala! -\" \/>\n<meta name=\"robots\" content=\"index, follow, max-snippet:-1, max-image-preview:large, max-video-preview:-1\" \/>\n<link rel=\"canonical\" href=\"https:\/\/termix.net\/blog\/es\/termix-peina-anastacia-pamela-anderson-y-otras-celebrities-en-la-global-gift-gala\/\" \/>\n<meta property=\"og:locale\" content=\"es_ES\" \/>\n<meta property=\"og:type\" content=\"article\" \/>\n<meta property=\"og:title\" content=\"\u00a1Termix peina Anastacia, Pamela Anderson y otras celebrities en la Global Gift Gala! - Blog Termix Spain\" \/>\n<meta property=\"og:description\" content=\"Blog Termix Spain - \u00a1Termix peina Anastacia, Pamela Anderson y otras celebrities en la Global Gift Gala! -\" \/>\n<meta property=\"og:url\" content=\"https:\/\/termix.net\/blog\/es\/termix-peina-anastacia-pamela-anderson-y-otras-celebrities-en-la-global-gift-gala\/\" \/>\n<meta property=\"og:site_name\" content=\"Blog Termix Spain\" \/>\n<meta property=\"article:published_time\" content=\"2016-12-04T13:58:39+00:00\" \/>\n<meta property=\"article:modified_time\" content=\"2020-01-24T10:11:57+00:00\" \/>\n<meta property=\"og:image\" content=\"https:\/\/termix.net\/blog\/wp-content\/uploads\/2019\/12\/lastresfantasticas.jpg\" \/>\n\t<meta property=\"og:image:width\" content=\"1160\" \/>\n\t<meta property=\"og:image:height\" content=\"660\" \/>\n\t<meta property=\"og:image:type\" content=\"image\/jpeg\" \/>\n<meta name=\"author\" content=\"TermixTeam\" \/>\n<meta name=\"twitter:card\" content=\"summary_large_image\" \/>\n<meta name=\"twitter:label1\" content=\"Escrito por\" \/>\n\t<meta name=\"twitter:data1\" content=\"TermixTeam\" \/>\n\t<meta name=\"twitter:label2\" content=\"Tiempo de lectura\" \/>\n\t<meta name=\"twitter:data2\" content=\"9 minutos\" \/>\n<script type=\"application\/ld+json\" class=\"yoast-schema-graph\">{\"@context\":\"https:\/\/schema.org\",\"@graph\":[{\"@type\":\"Article\",\"@id\":\"https:\/\/termix.net\/blog\/es\/termix-peina-anastacia-pamela-anderson-y-otras-celebrities-en-la-global-gift-gala\/#article\",\"isPartOf\":{\"@id\":\"https:\/\/termix.net\/blog\/es\/termix-peina-anastacia-pamela-anderson-y-otras-celebrities-en-la-global-gift-gala\/\"},\"author\":{\"name\":\"TermixTeam\",\"@id\":\"https:\/\/termix.net\/blog\/es\/#\/schema\/person\/9096c98bdf03c8ddf91ad7172f254f40\"},\"headline\":\"\u00a1Termix peina Anastacia, Pamela Anderson y otras celebrities en la Global Gift Gala!\",\"datePublished\":\"2016-12-04T13:58:39+00:00\",\"dateModified\":\"2020-01-24T10:11:57+00:00\",\"mainEntityOfPage\":{\"@id\":\"https:\/\/termix.net\/blog\/es\/termix-peina-anastacia-pamela-anderson-y-otras-celebrities-en-la-global-gift-gala\/\"},\"wordCount\":1834,\"commentCount\":0,\"publisher\":{\"@id\":\"https:\/\/termix.net\/blog\/es\/#organization\"},\"articleSection\":[\"NOTICIAS\"],\"inLanguage\":\"es\",\"potentialAction\":[{\"@type\":\"CommentAction\",\"name\":\"Comment\",\"target\":[\"https:\/\/termix.net\/blog\/es\/termix-peina-anastacia-pamela-anderson-y-otras-celebrities-en-la-global-gift-gala\/#respond\"]}]},{\"@type\":\"WebPage\",\"@id\":\"https:\/\/termix.net\/blog\/es\/termix-peina-anastacia-pamela-anderson-y-otras-celebrities-en-la-global-gift-gala\/\",\"url\":\"https:\/\/termix.net\/blog\/es\/termix-peina-anastacia-pamela-anderson-y-otras-celebrities-en-la-global-gift-gala\/\",\"name\":\"\u00a1Termix peina Anastacia, Pamela Anderson y otras celebrities en la Global Gift Gala! - Blog Termix Spain\",\"isPartOf\":{\"@id\":\"https:\/\/termix.net\/blog\/es\/#website\"},\"datePublished\":\"2016-12-04T13:58:39+00:00\",\"dateModified\":\"2020-01-24T10:11:57+00:00\",\"description\":\"Blog Termix Spain - \u00a1Termix peina Anastacia, Pamela Anderson y otras celebrities en la Global Gift Gala! -\",\"breadcrumb\":{\"@id\":\"https:\/\/termix.net\/blog\/es\/termix-peina-anastacia-pamela-anderson-y-otras-celebrities-en-la-global-gift-gala\/#breadcrumb\"},\"inLanguage\":\"es\",\"potentialAction\":[{\"@type\":\"ReadAction\",\"target\":[\"https:\/\/termix.net\/blog\/es\/termix-peina-anastacia-pamela-anderson-y-otras-celebrities-en-la-global-gift-gala\/\"]}]},{\"@type\":\"BreadcrumbList\",\"@id\":\"https:\/\/termix.net\/blog\/es\/termix-peina-anastacia-pamela-anderson-y-otras-celebrities-en-la-global-gift-gala\/#breadcrumb\",\"itemListElement\":[{\"@type\":\"ListItem\",\"position\":1,\"name\":\"Home\",\"item\":\"https:\/\/termix.net\/blog\/es\/\"},{\"@type\":\"ListItem\",\"position\":2,\"name\":\"\u00a1Termix peina Anastacia, Pamela Anderson y otras celebrities en la Global Gift Gala!\"}]},{\"@type\":\"WebSite\",\"@id\":\"https:\/\/termix.net\/blog\/es\/#website\",\"url\":\"https:\/\/termix.net\/blog\/es\/\",\"name\":\"Blog Termix Spain\",\"description\":\"Blog de tendencias y productos de peluquer\u00eda profesional.\",\"publisher\":{\"@id\":\"https:\/\/termix.net\/blog\/es\/#organization\"},\"potentialAction\":[{\"@type\":\"SearchAction\",\"target\":{\"@type\":\"EntryPoint\",\"urlTemplate\":\"https:\/\/termix.net\/blog\/es\/?s={search_term_string}\"},\"query-input\":\"required name=search_term_string\"}],\"inLanguage\":\"es\"},{\"@type\":\"Organization\",\"@id\":\"https:\/\/termix.net\/blog\/es\/#organization\",\"name\":\"Dols Industrial de Peluquer\u00eda SA\",\"url\":\"https:\/\/termix.net\/blog\/es\/\",\"logo\":{\"@type\":\"ImageObject\",\"inLanguage\":\"es\",\"@id\":\"https:\/\/termix.net\/blog\/es\/#\/schema\/logo\/image\/\",\"url\":\"https:\/\/termix.net\/blog\/wp-content\/uploads\/2020\/10\/OGbDAeng.jpeg\",\"contentUrl\":\"https:\/\/termix.net\/blog\/wp-content\/uploads\/2020\/10\/OGbDAeng.jpeg\",\"width\":800,\"height\":800,\"caption\":\"Dols Industrial de Peluquer\u00eda SA\"},\"image\":{\"@id\":\"https:\/\/termix.net\/blog\/es\/#\/schema\/logo\/image\/\"}},{\"@type\":\"Person\",\"@id\":\"https:\/\/termix.net\/blog\/es\/#\/schema\/person\/9096c98bdf03c8ddf91ad7172f254f40\",\"name\":\"TermixTeam\",\"image\":{\"@type\":\"ImageObject\",\"inLanguage\":\"es\",\"@id\":\"https:\/\/termix.net\/blog\/es\/#\/schema\/person\/image\/\",\"url\":\"https:\/\/secure.gravatar.com\/avatar\/d89f61f6bd1c29a4acb231736d1c74b3?s=96&d=mm&r=g\",\"contentUrl\":\"https:\/\/secure.gravatar.com\/avatar\/d89f61f6bd1c29a4acb231736d1c74b3?s=96&d=mm&r=g\",\"caption\":\"TermixTeam\"},\"url\":\"https:\/\/termix.net\/blog\/es\/author\/termixteam\/\"}]}<\/script>\n<!-- \/ Yoast SEO plugin. -->","yoast_head_json":{"title":"\u00a1Termix peina Anastacia, Pamela Anderson y otras celebrities en la Global Gift Gala! - Blog Termix Spain","description":"Blog Termix Spain - \u00a1Termix peina Anastacia, Pamela Anderson y otras celebrities en la Global Gift Gala! -","robots":{"index":"index","follow":"follow","max-snippet":"max-snippet:-1","max-image-preview":"max-image-preview:large","max-video-preview":"max-video-preview:-1"},"canonical":"https:\/\/termix.net\/blog\/es\/termix-peina-anastacia-pamela-anderson-y-otras-celebrities-en-la-global-gift-gala\/","og_locale":"es_ES","og_type":"article","og_title":"\u00a1Termix peina Anastacia, Pamela Anderson y otras celebrities en la Global Gift Gala! - Blog Termix Spain","og_description":"Blog Termix Spain - \u00a1Termix peina Anastacia, Pamela Anderson y otras celebrities en la Global Gift Gala! -","og_url":"https:\/\/termix.net\/blog\/es\/termix-peina-anastacia-pamela-anderson-y-otras-celebrities-en-la-global-gift-gala\/","og_site_name":"Blog Termix Spain","article_published_time":"2016-12-04T13:58:39+00:00","article_modified_time":"2020-01-24T10:11:57+00:00","og_image":[{"width":1160,"height":660,"url":"https:\/\/termix.net\/blog\/wp-content\/uploads\/2019\/12\/lastresfantasticas.jpg","type":"image\/jpeg"}],"author":"TermixTeam","twitter_card":"summary_large_image","twitter_misc":{"Escrito por":"TermixTeam","Tiempo de lectura":"9 minutos"},"schema":{"@context":"https:\/\/schema.org","@graph":[{"@type":"Article","@id":"https:\/\/termix.net\/blog\/es\/termix-peina-anastacia-pamela-anderson-y-otras-celebrities-en-la-global-gift-gala\/#article","isPartOf":{"@id":"https:\/\/termix.net\/blog\/es\/termix-peina-anastacia-pamela-anderson-y-otras-celebrities-en-la-global-gift-gala\/"},"author":{"name":"TermixTeam","@id":"https:\/\/termix.net\/blog\/es\/#\/schema\/person\/9096c98bdf03c8ddf91ad7172f254f40"},"headline":"\u00a1Termix peina Anastacia, Pamela Anderson y otras celebrities en la Global Gift Gala!","datePublished":"2016-12-04T13:58:39+00:00","dateModified":"2020-01-24T10:11:57+00:00","mainEntityOfPage":{"@id":"https:\/\/termix.net\/blog\/es\/termix-peina-anastacia-pamela-anderson-y-otras-celebrities-en-la-global-gift-gala\/"},"wordCount":1834,"commentCount":0,"publisher":{"@id":"https:\/\/termix.net\/blog\/es\/#organization"},"articleSection":["NOTICIAS"],"inLanguage":"es","potentialAction":[{"@type":"CommentAction","name":"Comment","target":["https:\/\/termix.net\/blog\/es\/termix-peina-anastacia-pamela-anderson-y-otras-celebrities-en-la-global-gift-gala\/#respond"]}]},{"@type":"WebPage","@id":"https:\/\/termix.net\/blog\/es\/termix-peina-anastacia-pamela-anderson-y-otras-celebrities-en-la-global-gift-gala\/","url":"https:\/\/termix.net\/blog\/es\/termix-peina-anastacia-pamela-anderson-y-otras-celebrities-en-la-global-gift-gala\/","name":"\u00a1Termix peina Anastacia, Pamela Anderson y otras celebrities en la Global Gift Gala! - Blog Termix Spain","isPartOf":{"@id":"https:\/\/termix.net\/blog\/es\/#website"},"datePublished":"2016-12-04T13:58:39+00:00","dateModified":"2020-01-24T10:11:57+00:00","description":"Blog Termix Spain - \u00a1Termix peina Anastacia, Pamela Anderson y otras celebrities en la Global Gift Gala! -","breadcrumb":{"@id":"https:\/\/termix.net\/blog\/es\/termix-peina-anastacia-pamela-anderson-y-otras-celebrities-en-la-global-gift-gala\/#breadcrumb"},"inLanguage":"es","potentialAction":[{"@type":"ReadAction","target":["https:\/\/termix.net\/blog\/es\/termix-peina-anastacia-pamela-anderson-y-otras-celebrities-en-la-global-gift-gala\/"]}]},{"@type":"BreadcrumbList","@id":"https:\/\/termix.net\/blog\/es\/termix-peina-anastacia-pamela-anderson-y-otras-celebrities-en-la-global-gift-gala\/#breadcrumb","itemListElement":[{"@type":"ListItem","position":1,"name":"Home","item":"https:\/\/termix.net\/blog\/es\/"},{"@type":"ListItem","position":2,"name":"\u00a1Termix peina Anastacia, Pamela Anderson y otras celebrities en la Global Gift Gala!"}]},{"@type":"WebSite","@id":"https:\/\/termix.net\/blog\/es\/#website","url":"https:\/\/termix.net\/blog\/es\/","name":"Blog Termix Spain","description":"Blog de tendencias y productos de peluquer\u00eda profesional.","publisher":{"@id":"https:\/\/termix.net\/blog\/es\/#organization"},"potentialAction":[{"@type":"SearchAction","target":{"@type":"EntryPoint","urlTemplate":"https:\/\/termix.net\/blog\/es\/?s={search_term_string}"},"query-input":"required name=search_term_string"}],"inLanguage":"es"},{"@type":"Organization","@id":"https:\/\/termix.net\/blog\/es\/#organization","name":"Dols Industrial de Peluquer\u00eda SA","url":"https:\/\/termix.net\/blog\/es\/","logo":{"@type":"ImageObject","inLanguage":"es","@id":"https:\/\/termix.net\/blog\/es\/#\/schema\/logo\/image\/","url":"https:\/\/termix.net\/blog\/wp-content\/uploads\/2020\/10\/OGbDAeng.jpeg","contentUrl":"https:\/\/termix.net\/blog\/wp-content\/uploads\/2020\/10\/OGbDAeng.jpeg","width":800,"height":800,"caption":"Dols Industrial de Peluquer\u00eda SA"},"image":{"@id":"https:\/\/termix.net\/blog\/es\/#\/schema\/logo\/image\/"}},{"@type":"Person","@id":"https:\/\/termix.net\/blog\/es\/#\/schema\/person\/9096c98bdf03c8ddf91ad7172f254f40","name":"TermixTeam","image":{"@type":"ImageObject","inLanguage":"es","@id":"https:\/\/termix.net\/blog\/es\/#\/schema\/person\/image\/","url":"https:\/\/secure.gravatar.com\/avatar\/d89f61f6bd1c29a4acb231736d1c74b3?s=96&d=mm&r=g","contentUrl":"https:\/\/secure.gravatar.com\/avatar\/d89f61f6bd1c29a4acb231736d1c74b3?s=96&d=mm&r=g","caption":"TermixTeam"},"url":"https:\/\/termix.net\/blog\/es\/author\/termixteam\/"}]}},"_links":{"self":[{"href":"https:\/\/termix.net\/blog\/es\/wp-json\/wp\/v2\/posts\/22131"}],"collection":[{"href":"https:\/\/termix.net\/blog\/es\/wp-json\/wp\/v2\/posts"}],"about":[{"href":"https:\/\/termix.net\/blog\/es\/wp-json\/wp\/v2\/types\/post"}],"author":[{"embeddable":true,"href":"https:\/\/termix.net\/blog\/es\/wp-json\/wp\/v2\/users\/2"}],"replies":[{"embeddable":true,"href":"https:\/\/termix.net\/blog\/es\/wp-json\/wp\/v2\/comments?post=22131"}],"version-history":[{"count":3,"href":"https:\/\/termix.net\/blog\/es\/wp-json\/wp\/v2\/posts\/22131\/revisions"}],"predecessor-version":[{"id":24795,"href":"https:\/\/termix.net\/blog\/es\/wp-json\/wp\/v2\/posts\/22131\/revisions\/24795"}],"wp:featuredmedia":[{"embeddable":true,"href":"https:\/\/termix.net\/blog\/es\/wp-json\/wp\/v2\/media\/22132"}],"wp:attachment":[{"href":"https:\/\/termix.net\/blog\/es\/wp-json\/wp\/v2\/media?parent=22131"}],"wp:term":[{"taxonomy":"category","embeddable":true,"href":"https:\/\/termix.net\/blog\/es\/wp-json\/wp\/v2\/categories?post=22131"},{"taxonomy":"post_tag","embeddable":true,"href":"https:\/\/termix.net\/blog\/es\/wp-json\/wp\/v2\/tags?post=22131"}],"curies":[{"name":"wp","href":"https:\/\/api.w.org\/{rel}","templated":true}]}}