{"id":2140,"date":"2014-11-26T08:53:51","date_gmt":"2014-11-26T08:53:51","guid":{"rendered":"http:\/\/termix.net\/?p=2140"},"modified":"2019-11-27T16:21:26","modified_gmt":"2019-11-27T15:21:26","slug":"termix-en-el-chiringuito-de-pepe","status":"publish","type":"post","link":"https:\/\/termix.net\/blog\/es\/termix-en-el-chiringuito-de-pepe\/","title":{"rendered":"TERMIX EN EL CHIRINGUITO DE PEPE"},"content":{"rendered":"<h1><strong>Termix en \u201cEl Chiringuito de Pepe\u201d<\/strong><\/h1>\n<p style=\"text-align: justify;\"><strong>Termix\u00a0participa en la nueva serie de estreno de Telecinco,\u00a0\u00abEl Chiringuito de Pepe\u00bb, cuidando del cabello de los protagonistas con sus productos. <\/strong><\/p>\n<p style=\"text-align: justify;\">Con actores de la talla de Santi Mill\u00e1n, Jes\u00fas Bonilla, El Langui, Blanca Portillo, Elena Ballesteros y Dafne Fern\u00e1ndez, entre otros,\u00a0<strong>la serie sigue imparable tras conseguir un importante \u00e9xito de audiencia en su primer episodio<\/strong>, alcanzando un 24,6% de\u00a0<em>share<\/em>.<\/p>\n<p style=\"text-align: justify;\">De la mano de la estilista\u00a0<strong>Ainize Arrieta Larra\u00f1aga<\/strong>, <strong>Termix<\/strong> colabora de forma activa en la producci\u00f3n de esta historia, que cuenta los esfuerzos de Sergi Roca (Santi Mill\u00e1n), un chef de alta cocina con fama mundial y 12 estrellas Michelin, por salvar un chiringuito de playa al borde de la ruina. All\u00ed conocer\u00e1 a la singular familia que regenta el establecimiento: el due\u00f1o, Pepe Leal (Jes\u00fas Bonilla); su hijo Vicente (El Langui) y su sobrino Dani (Adri\u00e1n Rodr\u00edguez). Una curiosa historia que no ha hecho m\u00e1s que empezar y que se puede seguir todos los <strong>lunes a las 22.30 horas en Telecinco.<\/strong><\/p>\n","protected":false},"excerpt":{"rendered":"<p>\t\t\t\tTermix participa en la nueva serie de estreno de Telecinco, \u00abEl Chiringuito de Pepe\u00bb, cuidando del cabello de los protagonistas con sus productos.  Actores como Santi Mill\u00e1n, Jes\u00fas Bonilla, el Langui&#8230;\t\t<\/p>\n","protected":false},"author":2,"featured_media":706,"comment_status":"open","ping_status":"open","sticky":false,"template":"","format":"standard","meta":[],"categories":[6],"tags":[],"yoast_head":"<!-- This site is optimized with the Yoast SEO plugin v20.0 - https:\/\/yoast.com\/wordpress\/plugins\/seo\/ -->\n<title>Termix en El Chiringuito de Pepe - Termix<\/title>\n<meta name=\"description\" content=\"Termix participa en la serie &quot;El Chiringuito de Pepe&quot; cuidando del cabello de los protagonistas de la mano de la estilista Ainize Arrieta Larra\u00f1aga.\" \/>\n<meta name=\"robots\" content=\"noindex, follow\" \/>\n<meta property=\"og:locale\" content=\"es_ES\" \/>\n<meta property=\"og:type\" content=\"article\" \/>\n<meta property=\"og:title\" content=\"Termix en El Chiringuito de Pepe - Termix\" \/>\n<meta property=\"og:description\" content=\"Termix participa en la serie &quot;El Chiringuito de Pepe&quot; cuidando del cabello de los protagonistas de la mano de la estilista Ainize Arrieta Larra\u00f1aga.\" \/>\n<meta property=\"og:url\" content=\"https:\/\/termix.net\/blog\/es\/termix-en-el-chiringuito-de-pepe\/\" \/>\n<meta property=\"og:site_name\" content=\"Blog Termix Spain\" \/>\n<meta property=\"article:published_time\" content=\"2014-11-26T08:53:51+00:00\" \/>\n<meta property=\"article:modified_time\" content=\"2019-11-27T15:21:26+00:00\" \/>\n<meta property=\"og:image\" content=\"https:\/\/termix.net\/blog\/wp-content\/uploads\/2019\/11\/termixtv.jpg\" \/>\n\t<meta property=\"og:image:width\" content=\"1950\" \/>\n\t<meta property=\"og:image:height\" content=\"1200\" \/>\n\t<meta property=\"og:image:type\" content=\"image\/jpeg\" \/>\n<meta name=\"author\" content=\"TermixTeam\" \/>\n<meta name=\"twitter:card\" content=\"summary_large_image\" \/>\n<meta name=\"twitter:label1\" content=\"Escrito por\" \/>\n\t<meta name=\"twitter:data1\" content=\"TermixTeam\" \/>\n\t<meta name=\"twitter:label2\" content=\"Tiempo de lectura\" \/>\n\t<meta name=\"twitter:data2\" content=\"1 minuto\" \/>\n<script type=\"application\/ld+json\" class=\"yoast-schema-graph\">{\"@context\":\"https:\/\/schema.org\",\"@graph\":[{\"@type\":\"Article\",\"@id\":\"https:\/\/termix.net\/blog\/es\/termix-en-el-chiringuito-de-pepe\/#article\",\"isPartOf\":{\"@id\":\"https:\/\/termix.net\/blog\/es\/termix-en-el-chiringuito-de-pepe\/\"},\"author\":{\"name\":\"TermixTeam\",\"@id\":\"https:\/\/termix.net\/blog\/es\/#\/schema\/person\/9096c98bdf03c8ddf91ad7172f254f40\"},\"headline\":\"TERMIX EN EL CHIRINGUITO DE PEPE\",\"datePublished\":\"2014-11-26T08:53:51+00:00\",\"dateModified\":\"2019-11-27T15:21:26+00:00\",\"mainEntityOfPage\":{\"@id\":\"https:\/\/termix.net\/blog\/es\/termix-en-el-chiringuito-de-pepe\/\"},\"wordCount\":187,\"commentCount\":0,\"publisher\":{\"@id\":\"https:\/\/termix.net\/blog\/es\/#organization\"},\"articleSection\":[\"NOTICIAS\"],\"inLanguage\":\"es\",\"potentialAction\":[{\"@type\":\"CommentAction\",\"name\":\"Comment\",\"target\":[\"https:\/\/termix.net\/blog\/es\/termix-en-el-chiringuito-de-pepe\/#respond\"]}]},{\"@type\":\"WebPage\",\"@id\":\"https:\/\/termix.net\/blog\/es\/termix-en-el-chiringuito-de-pepe\/\",\"url\":\"https:\/\/termix.net\/blog\/es\/termix-en-el-chiringuito-de-pepe\/\",\"name\":\"Termix en El Chiringuito de Pepe - Termix\",\"isPartOf\":{\"@id\":\"https:\/\/termix.net\/blog\/es\/#website\"},\"datePublished\":\"2014-11-26T08:53:51+00:00\",\"dateModified\":\"2019-11-27T15:21:26+00:00\",\"description\":\"Termix participa en la serie \\\"El Chiringuito de Pepe\\\" cuidando del cabello de los protagonistas de la mano de la estilista Ainize Arrieta Larra\u00f1aga.\",\"breadcrumb\":{\"@id\":\"https:\/\/termix.net\/blog\/es\/termix-en-el-chiringuito-de-pepe\/#breadcrumb\"},\"inLanguage\":\"es\",\"potentialAction\":[{\"@type\":\"ReadAction\",\"target\":[\"https:\/\/termix.net\/blog\/es\/termix-en-el-chiringuito-de-pepe\/\"]}]},{\"@type\":\"BreadcrumbList\",\"@id\":\"https:\/\/termix.net\/blog\/es\/termix-en-el-chiringuito-de-pepe\/#breadcrumb\",\"itemListElement\":[{\"@type\":\"ListItem\",\"position\":1,\"name\":\"Home\",\"item\":\"https:\/\/termix.net\/blog\/es\/\"},{\"@type\":\"ListItem\",\"position\":2,\"name\":\"TERMIX EN EL CHIRINGUITO DE PEPE\"}]},{\"@type\":\"WebSite\",\"@id\":\"https:\/\/termix.net\/blog\/es\/#website\",\"url\":\"https:\/\/termix.net\/blog\/es\/\",\"name\":\"Blog Termix Spain\",\"description\":\"Blog de tendencias y productos de peluquer\u00eda profesional.\",\"publisher\":{\"@id\":\"https:\/\/termix.net\/blog\/es\/#organization\"},\"potentialAction\":[{\"@type\":\"SearchAction\",\"target\":{\"@type\":\"EntryPoint\",\"urlTemplate\":\"https:\/\/termix.net\/blog\/es\/?s={search_term_string}\"},\"query-input\":\"required name=search_term_string\"}],\"inLanguage\":\"es\"},{\"@type\":\"Organization\",\"@id\":\"https:\/\/termix.net\/blog\/es\/#organization\",\"name\":\"Dols Industrial de Peluquer\u00eda SA\",\"url\":\"https:\/\/termix.net\/blog\/es\/\",\"logo\":{\"@type\":\"ImageObject\",\"inLanguage\":\"es\",\"@id\":\"https:\/\/termix.net\/blog\/es\/#\/schema\/logo\/image\/\",\"url\":\"https:\/\/termix.net\/blog\/wp-content\/uploads\/2020\/10\/OGbDAeng.jpeg\",\"contentUrl\":\"https:\/\/termix.net\/blog\/wp-content\/uploads\/2020\/10\/OGbDAeng.jpeg\",\"width\":800,\"height\":800,\"caption\":\"Dols Industrial de Peluquer\u00eda SA\"},\"image\":{\"@id\":\"https:\/\/termix.net\/blog\/es\/#\/schema\/logo\/image\/\"}},{\"@type\":\"Person\",\"@id\":\"https:\/\/termix.net\/blog\/es\/#\/schema\/person\/9096c98bdf03c8ddf91ad7172f254f40\",\"name\":\"TermixTeam\",\"image\":{\"@type\":\"ImageObject\",\"inLanguage\":\"es\",\"@id\":\"https:\/\/termix.net\/blog\/es\/#\/schema\/person\/image\/\",\"url\":\"https:\/\/secure.gravatar.com\/avatar\/d89f61f6bd1c29a4acb231736d1c74b3?s=96&d=mm&r=g\",\"contentUrl\":\"https:\/\/secure.gravatar.com\/avatar\/d89f61f6bd1c29a4acb231736d1c74b3?s=96&d=mm&r=g\",\"caption\":\"TermixTeam\"},\"url\":\"https:\/\/termix.net\/blog\/es\/author\/termixteam\/\"}]}<\/script>\n<!-- \/ Yoast SEO plugin. -->","yoast_head_json":{"title":"Termix en El Chiringuito de Pepe - Termix","description":"Termix participa en la serie \"El Chiringuito de Pepe\" cuidando del cabello de los protagonistas de la mano de la estilista Ainize Arrieta Larra\u00f1aga.","robots":{"index":"noindex","follow":"follow"},"og_locale":"es_ES","og_type":"article","og_title":"Termix en El Chiringuito de Pepe - Termix","og_description":"Termix participa en la serie \"El Chiringuito de Pepe\" cuidando del cabello de los protagonistas de la mano de la estilista Ainize Arrieta Larra\u00f1aga.","og_url":"https:\/\/termix.net\/blog\/es\/termix-en-el-chiringuito-de-pepe\/","og_site_name":"Blog Termix Spain","article_published_time":"2014-11-26T08:53:51+00:00","article_modified_time":"2019-11-27T15:21:26+00:00","og_image":[{"width":1950,"height":1200,"url":"https:\/\/termix.net\/blog\/wp-content\/uploads\/2019\/11\/termixtv.jpg","type":"image\/jpeg"}],"author":"TermixTeam","twitter_card":"summary_large_image","twitter_misc":{"Escrito por":"TermixTeam","Tiempo de lectura":"1 minuto"},"schema":{"@context":"https:\/\/schema.org","@graph":[{"@type":"Article","@id":"https:\/\/termix.net\/blog\/es\/termix-en-el-chiringuito-de-pepe\/#article","isPartOf":{"@id":"https:\/\/termix.net\/blog\/es\/termix-en-el-chiringuito-de-pepe\/"},"author":{"name":"TermixTeam","@id":"https:\/\/termix.net\/blog\/es\/#\/schema\/person\/9096c98bdf03c8ddf91ad7172f254f40"},"headline":"TERMIX EN EL CHIRINGUITO DE PEPE","datePublished":"2014-11-26T08:53:51+00:00","dateModified":"2019-11-27T15:21:26+00:00","mainEntityOfPage":{"@id":"https:\/\/termix.net\/blog\/es\/termix-en-el-chiringuito-de-pepe\/"},"wordCount":187,"commentCount":0,"publisher":{"@id":"https:\/\/termix.net\/blog\/es\/#organization"},"articleSection":["NOTICIAS"],"inLanguage":"es","potentialAction":[{"@type":"CommentAction","name":"Comment","target":["https:\/\/termix.net\/blog\/es\/termix-en-el-chiringuito-de-pepe\/#respond"]}]},{"@type":"WebPage","@id":"https:\/\/termix.net\/blog\/es\/termix-en-el-chiringuito-de-pepe\/","url":"https:\/\/termix.net\/blog\/es\/termix-en-el-chiringuito-de-pepe\/","name":"Termix en El Chiringuito de Pepe - Termix","isPartOf":{"@id":"https:\/\/termix.net\/blog\/es\/#website"},"datePublished":"2014-11-26T08:53:51+00:00","dateModified":"2019-11-27T15:21:26+00:00","description":"Termix participa en la serie \"El Chiringuito de Pepe\" cuidando del cabello de los protagonistas de la mano de la estilista Ainize Arrieta Larra\u00f1aga.","breadcrumb":{"@id":"https:\/\/termix.net\/blog\/es\/termix-en-el-chiringuito-de-pepe\/#breadcrumb"},"inLanguage":"es","potentialAction":[{"@type":"ReadAction","target":["https:\/\/termix.net\/blog\/es\/termix-en-el-chiringuito-de-pepe\/"]}]},{"@type":"BreadcrumbList","@id":"https:\/\/termix.net\/blog\/es\/termix-en-el-chiringuito-de-pepe\/#breadcrumb","itemListElement":[{"@type":"ListItem","position":1,"name":"Home","item":"https:\/\/termix.net\/blog\/es\/"},{"@type":"ListItem","position":2,"name":"TERMIX EN EL CHIRINGUITO DE PEPE"}]},{"@type":"WebSite","@id":"https:\/\/termix.net\/blog\/es\/#website","url":"https:\/\/termix.net\/blog\/es\/","name":"Blog Termix Spain","description":"Blog de tendencias y productos de peluquer\u00eda profesional.","publisher":{"@id":"https:\/\/termix.net\/blog\/es\/#organization"},"potentialAction":[{"@type":"SearchAction","target":{"@type":"EntryPoint","urlTemplate":"https:\/\/termix.net\/blog\/es\/?s={search_term_string}"},"query-input":"required name=search_term_string"}],"inLanguage":"es"},{"@type":"Organization","@id":"https:\/\/termix.net\/blog\/es\/#organization","name":"Dols Industrial de Peluquer\u00eda SA","url":"https:\/\/termix.net\/blog\/es\/","logo":{"@type":"ImageObject","inLanguage":"es","@id":"https:\/\/termix.net\/blog\/es\/#\/schema\/logo\/image\/","url":"https:\/\/termix.net\/blog\/wp-content\/uploads\/2020\/10\/OGbDAeng.jpeg","contentUrl":"https:\/\/termix.net\/blog\/wp-content\/uploads\/2020\/10\/OGbDAeng.jpeg","width":800,"height":800,"caption":"Dols Industrial de Peluquer\u00eda SA"},"image":{"@id":"https:\/\/termix.net\/blog\/es\/#\/schema\/logo\/image\/"}},{"@type":"Person","@id":"https:\/\/termix.net\/blog\/es\/#\/schema\/person\/9096c98bdf03c8ddf91ad7172f254f40","name":"TermixTeam","image":{"@type":"ImageObject","inLanguage":"es","@id":"https:\/\/termix.net\/blog\/es\/#\/schema\/person\/image\/","url":"https:\/\/secure.gravatar.com\/avatar\/d89f61f6bd1c29a4acb231736d1c74b3?s=96&d=mm&r=g","contentUrl":"https:\/\/secure.gravatar.com\/avatar\/d89f61f6bd1c29a4acb231736d1c74b3?s=96&d=mm&r=g","caption":"TermixTeam"},"url":"https:\/\/termix.net\/blog\/es\/author\/termixteam\/"}]}},"_links":{"self":[{"href":"https:\/\/termix.net\/blog\/es\/wp-json\/wp\/v2\/posts\/2140"}],"collection":[{"href":"https:\/\/termix.net\/blog\/es\/wp-json\/wp\/v2\/posts"}],"about":[{"href":"https:\/\/termix.net\/blog\/es\/wp-json\/wp\/v2\/types\/post"}],"author":[{"embeddable":true,"href":"https:\/\/termix.net\/blog\/es\/wp-json\/wp\/v2\/users\/2"}],"replies":[{"embeddable":true,"href":"https:\/\/termix.net\/blog\/es\/wp-json\/wp\/v2\/comments?post=2140"}],"version-history":[{"count":2,"href":"https:\/\/termix.net\/blog\/es\/wp-json\/wp\/v2\/posts\/2140\/revisions"}],"predecessor-version":[{"id":21450,"href":"https:\/\/termix.net\/blog\/es\/wp-json\/wp\/v2\/posts\/2140\/revisions\/21450"}],"wp:featuredmedia":[{"embeddable":true,"href":"https:\/\/termix.net\/blog\/es\/wp-json\/wp\/v2\/media\/706"}],"wp:attachment":[{"href":"https:\/\/termix.net\/blog\/es\/wp-json\/wp\/v2\/media?parent=2140"}],"wp:term":[{"taxonomy":"category","embeddable":true,"href":"https:\/\/termix.net\/blog\/es\/wp-json\/wp\/v2\/categories?post=2140"},{"taxonomy":"post_tag","embeddable":true,"href":"https:\/\/termix.net\/blog\/es\/wp-json\/wp\/v2\/tags?post=2140"}],"curies":[{"name":"wp","href":"https:\/\/api.w.org\/{rel}","templated":true}]}}