{"id":19811,"date":"2019-10-09T10:43:42","date_gmt":"2019-10-09T08:43:42","guid":{"rendered":"https:\/\/termix.net\/?p=19811"},"modified":"2019-11-27T14:41:09","modified_gmt":"2019-11-27T13:41:09","slug":"entradas-salon-look-madrid-2019-obsequio-termix","status":"publish","type":"post","link":"https:\/\/termix.net\/blog\/es\/entradas-salon-look-madrid-2019-obsequio-termix\/","title":{"rendered":"Nos preparamos para Sal\u00f3n Look 2019: \u00a1Ven a disfrutar de la peluquer\u00eda!"},"content":{"rendered":"<h1 style=\"text-align: center;\">Nos preparamos para Sal\u00f3n Look 2019<\/h1>\n<h1 style=\"text-align: center;\">\u00a1Ven a disfrutar de la peluquer\u00eda!<\/h1>\n<p>&nbsp;<\/p>\n<p><img decoding=\"async\" class=\"alignnone size-full wp-image-19816\" src=\"https:\/\/termix.net\/blog\/wp-content\/uploads\/2019\/10\/salon-look-madrid_cartel_2019.jpg\" alt=\"\" width=\"1160\" height=\"411\" \/><\/p>\n<p>&nbsp;<\/p>\n<p style=\"text-align: justify;\">Un a\u00f1o m\u00e1s Termix se prepara para asistir a uno de los eventos m\u00e1s importantes de la est\u00e9tica a nivel europeo. Y es que del <strong>18 al 20 de octubre<\/strong> se abrir\u00e1n las puertas del recinto ferial Ifema donde tendr\u00e1 lugar la feria <strong>Sal\u00f3n Look Madrid 2019<\/strong>.<\/p>\n<p style=\"text-align: center;\">\u00bfListos para todas las novedades y celebrar el arte de la peluquer\u00eda en estado puro?<\/p>\n<p style=\"text-align: center;\"><strong>\u00a1No te lo pierdas!<\/strong><\/p>\n<p>&nbsp;<\/p>\n<p>&nbsp;<\/p>\n<p><img decoding=\"async\" class=\"alignnone size-full wp-image-15290\" src=\"https:\/\/termix.net\/blog\/wp-content\/uploads\/2018\/10\/SALONLOOK_FOTO1.jpg\" alt=\"SALONLOOK_FOTO1\" width=\"1160\" height=\"660\" \/><\/p>\n<p>&nbsp;<\/p>\n<p style=\"text-align: justify;\">Sal\u00f3n Look despega de nuevo. Y lo hace ofreciendo la mayor oferta de novedades y tendencias en el sector de la belleza y el wellness, integrando a m\u00e1s de\u00a0<strong>400 expositores\u00a0<\/strong>y<strong>\u00a01.300 marcas<\/strong> nacionales e internacionales.\u00a0<strong>Termix<\/strong>\u00a0se prepara para este prestigioso evento, ofreciendo una experiencia totalmente inmersiva en el mundo de la peluquer\u00eda profesional.<\/p>\n<p>&nbsp;<\/p>\n<h2 style=\"text-align: justify;\">#StylingLove<\/h2>\n<h2 style=\"text-align: justify;\">Porque lo mejor de un estilo, es poder elegirlo<\/h2>\n<p style=\"text-align: justify;\">Este es precisamente el lema que Termix presenta para este a\u00f1o en <strong>Sal\u00f3n Look<\/strong>. Una oda a la creatividad que impulsa el poder de expresi\u00f3n por encima de todas las cosas. Y de eso mismo trata la peluquer\u00eda, una forma m\u00e1s de sentirnos nosotros mismos mediante la recreaci\u00f3n de un estilo \u00fanico. <strong>#StylingLove<\/strong> forma parte de la filosof\u00eda que celebra la libertad de poder expresarnos tal y como somos. Mediante un estilo y peinado \u00fanicos. Y queremos compartirlo contigo. \u00bfVienes a vivir la experiencia Termix?<\/p>\n<p><img decoding=\"async\" class=\"alignnone size-full wp-image-19794\" src=\"https:\/\/termix.net\/blog\/wp-content\/uploads\/2019\/10\/chernomor-cosmetics-termix-ukrania.jpg\" alt=\"\" width=\"1160\" height=\"660\" \/><\/p>\n<h2><\/h2>\n<h2 style=\"text-align: justify;\">Novedades, lanzamientos<\/h2>\n<h2 style=\"text-align: justify;\">y\u2026 \u00a1mucho m\u00e1s!<\/h2>\n<p style=\"text-align: justify;\">Y de la mano de esta reflexi\u00f3n nacen los nuevos lanzamientos de Termix. Por un lado, la <span style=\"text-decoration: underline;\"><strong>plancha de pelo profesional Wild<\/strong><\/span> que se presentar\u00e1 en primicia en Sal\u00f3n Look 2019. Con placas de cer\u00e1mica y turmalina y selector de temperatura en cinco tramos, la plancha de pelo Wild propone un reto: \u00a1desatar tu lado m\u00e1s salvaje!<\/p>\n<p><img decoding=\"async\" class=\"alignnone size-full wp-image-19755\" src=\"https:\/\/termix.net\/blog\/wp-content\/uploads\/2019\/09\/plancha-wild-termix_novedad.jpg\" alt=\"plancha wild-termix_novedad\" width=\"1160\" height=\"412\" \/><\/p>\n<p style=\"text-align: justify;\">Para completar el d\u00fao de el\u00e9ctricos acabados de sacar del horno tenemos el <span style=\"text-decoration: underline;\"><strong>rizador Evolution Curling Wand<\/strong><\/span>. El primero de la firma que se caracteriza por su versatilidad, siendo perfecto para realizar desde bucles perfectos a ondas messy. Y eso es gracias a su cono de diferentes tama\u00f1os que abarca del di\u00e1metro <strong>\u00d819 al \u00d825<\/strong>. Adem\u00e1s, incluye selector de temperatura t\u00e1ctil y es totalmente eficiente, consiguiendo calentar toda su superficie por igual. \u00a1Resultados perfectos!<\/p>\n<p><img decoding=\"async\" class=\"alignnone size-full wp-image-19771\" src=\"https:\/\/termix.net\/blog\/wp-content\/uploads\/2019\/10\/rizador-de-pelo_termix-evolution-curling-wand.jpg\" alt=\"rizador de pelo_termix evolution curling wand\" width=\"1160\" height=\"461\" \/><\/p>\n<p>&nbsp;<\/p>\n<p style=\"text-align: justify;\">Por otro lado, la gama de cepillos de pelo m\u00e1s innovadores de Termix, los Evolution, ampl\u00edan la familia. Y lo hacen dedic\u00e1ndose en cuerpo y alma a tratar los cabellos m\u00e1s sensibilizados. Se trata del <span style=\"text-decoration: underline;\"><strong>cepillo de pelo Evolution Special Care<\/strong><\/span> el primero pensado en exclusiva para tratar los cabellos m\u00e1s da\u00f1ados y quebradizos. Gracias a su combinaci\u00f3n exclusiva de fibras permite moldear con suavidad los cabellos m\u00e1s sensibles, respetando su estructura natural. \u00a1Un cabello m\u00e1s sano es posible!<\/p>\n<p><img decoding=\"async\" class=\"alignnone size-full wp-image-16496\" src=\"https:\/\/termix.net\/blog\/wp-content\/uploads\/2019\/03\/cepillos-gama-evolution.jpg\" alt=\"cepillos gama evolution\" width=\"1160\" height=\"660\" \/><\/p>\n<p style=\"text-align: justify;\">Y todo no acaba aqu\u00ed. Porque nos guardamos todav\u00eda un \u00abAs\u00bb bajo la manga que&#8230; \u00a1te va a encantar! Se trata de <strong>la nueva gama de productos de acabado Style.Me<\/strong> que presentaremos en primicia en esta gran feria de la peluquer\u00eda.<\/p>\n<p><iframe src=\"https:\/\/www.youtube.com\/embed\/dkQ-leSZXMc\" width=\"100%\" height=\"480\" frameborder=\"0\" allowfullscreen=\"allowfullscreen\"><span data-mce-type=\"bookmark\" style=\"display: inline-block; width: 0px; overflow: hidden; line-height: 0;\" class=\"mce_SELRES_start\">\ufeff<\/span><\/iframe><\/p>\n<h2 style=\"text-align: justify;\">3, 2, 1\u2026 \u00a1Acci\u00f3n!<\/h2>\n<h2 style=\"text-align: justify;\">Peluquer\u00eda en estado puro<\/h2>\n<p style=\"text-align: justify;\">Y este a\u00f1o hemos vuelto a colocar un escenario para que nuestros visitantes puedan disfrutar de la peluquer\u00eda\u2026 \u00a1en estado puro! Tendremos sobre \u00e9l a muchas personalidades reconocidas dentro del mundo de la peluquer\u00eda y la est\u00e9tica que nos ofrecer\u00e1n desde masterclass de <strong>barber\u00eda<\/strong>, pasando por dise\u00f1os de looks perfectos para <strong>editoriales de moda<\/strong>, hasta <strong>tendencias<\/strong> procedentes del mundo de las redes sociales.<\/p>\n<p><img decoding=\"async\" class=\"alignnone size-full wp-image-19814\" src=\"https:\/\/termix.net\/blog\/wp-content\/uploads\/2019\/10\/shows-barber_salon-look.jpg\" alt=\"\" width=\"1160\" height=\"660\" \/><\/p>\n<p>&nbsp;<\/p>\n<p><img decoding=\"async\" class=\"alignnone size-full wp-image-15354\" src=\"https:\/\/termix.net\/blog\/wp-content\/uploads\/2018\/10\/termix-estara-en-la-cita-de-salon-look-chile.jpg\" alt=\"\" width=\"1160\" height=\"660\" \/><\/p>\n<p>&nbsp;<\/p>\n<h2><strong>Termix Talent<\/strong> Chile<\/h2>\n<p style=\"text-align: justify;\">Adem\u00e1s, en esta edici\u00f3n en exclusiva tendremos entre nosotros a la ganadora del concurso de peluquer\u00eda <strong>Termix Talent<\/strong> celebrado en Chile para que nos presente propuestas, comparta su punto de vista sobre el mundo de la peluquer\u00eda y pueda relatarnos c\u00f3mo fue la experiencia.<\/p>\n<p>&nbsp;<\/p>\n<p><img decoding=\"async\" class=\"alignnone size-full wp-image-19725\" src=\"https:\/\/termix.net\/blog\/wp-content\/uploads\/2019\/09\/modelos_termix-new-talent-chile.jpg\" alt=\"modelos_termix new talent chile\" width=\"1160\" height=\"658\" \/><\/p>\n<p style=\"text-align: justify;\">Por \u00faltimo\u2026 \u00a1tambi\u00e9n tendremos invitados estrella! Porque a nuestro escenario tambi\u00e9n se subir\u00e1n <strong>celebrities<\/strong>, pero preferimos guardar la expectativa y que descubras la sorpresa por ti mismo.<\/p>\n<p>&nbsp;<\/p>\n<h2 style=\"text-align: justify;\"><strong>\u00a1Ven a visitarnos y ll\u00e9vate un obsequio gratis! <\/strong><\/h2>\n<p style=\"text-align: justify;\">S\u00ed, sabemos que lo estabas esperando. Este a\u00f1o tambi\u00e9n compartiremos contigo un pedacito de Termix tan solo por venir a visitarnos. \u00a1Ll\u00e9vate un <strong>obsequio totalmente gratis<\/strong>! Y si no quieres hacer colas\u2026 <strong>Reg\u00edstrate<\/strong> en el siguiente enlace para recoger tu <strong>regalo<\/strong> directamente y poder disfrutar de los shows.<\/p>\n<p><a href=\"https:\/\/www.eventbrite.es\/e\/entradas-obsequio-termix-salon-look-2019-madrid-75634616173?utm-medium=discovery&amp;utm-campaign=social&amp;utm-content=attendeeshare&amp;aff=escb&amp;utm-source=cp&amp;utm-term=listing\"><img decoding=\"async\" class=\"alignnone size-full wp-image-19813\" src=\"https:\/\/termix.net\/blog\/wp-content\/uploads\/2019\/10\/reguistrate-obsequio-termix.jpg\" alt=\"\" width=\"1160\" height=\"394\" \/><\/a><\/p>\n<p style=\"text-align: justify;\">Adem\u00e1s este a\u00f1o\u2026 \u00a1Haz girar la ruleta! Tendremos un <strong>sorteo<\/strong> en marcha en nuestro escenario donde podr\u00e1s hacer girar la ruleta y ganar premio seguro. \u00a1Lo anunciaremos por nuestro <span style=\"text-decoration: underline;\"><strong>perfil de <\/strong><\/span><span style=\"text-decoration: underline;\"><strong>Instagram<\/strong><\/span>! Participar es muy f\u00e1cil: s\u00edguenos en nuestras redes sociales, publica una foto tuya en el stand de Termix y eiqu\u00e9tanos y a\u00f1ade el hashtag #StylingLove. \u00a1Ya puedes participar! 20 minutos de iniciar cada show accionaremos la ruleta. As\u00ed que, si vienes a visitarnos a la feria, no olvides seguirnos en nuestras redes sociales\u2026 Porque tambi\u00e9n estaremos retransmitiendo en streaming la experiencia Termix a trav\u00e9s de <span style=\"text-decoration: underline;\"><strong>Facebook<\/strong><\/span>.<\/p>\n<p>&nbsp;<\/p>\n<h2>Zona Premium y distribuidores<\/h2>\n<p>Si eres distribuidor o tienes una peluquer\u00eda o sal\u00f3n&#8230; \u00a1estaremos encantados de atenderte! Este a\u00f1o hemos preparado en exclusiva para ti una zona donde podr\u00e1s saborear un cocktail en exclusiva a cargo de Mat\u00edas Roure y disfrutar de todas las ventajas que Termix puede ofrecerte. Adem\u00e1s, si todav\u00eda no eres cliente Premium y quieres hacerte&#8230; \u00a1te invitamos a una copa de cava!<\/p>\n<p><img decoding=\"async\" class=\"size-full wp-image-15349 aligncenter\" src=\"https:\/\/termix.net\/blog\/wp-content\/uploads\/2018\/10\/los-cepillos-evolution-seran-las-estrellas-de-esta-edicion-de-salon-look-chile.jpg\" alt=\"\" width=\"1160\" height=\"660\" \/><\/p>\n<h2 style=\"text-align: justify;\">\u00bfTe animas a visitarnos?<\/h2>\n<h2 style=\"text-align: justify;\">Estaremos celebrando el arte de la peluquer\u00eda en el <strong>stand 14D17A<\/strong>. \u00a1No te lo pierdas!<\/h2>\n<p>&nbsp;<\/p>\n","protected":false},"excerpt":{"rendered":"<p>Nos preparamos para Sal\u00f3n Look 2019 \u00a1Ven a disfrutar de<\/p>\n","protected":false},"author":2,"featured_media":21377,"comment_status":"open","ping_status":"open","sticky":false,"template":"","format":"standard","meta":[],"categories":[6],"tags":[],"yoast_head":"<!-- This site is optimized with the Yoast SEO plugin v20.0 - https:\/\/yoast.com\/wordpress\/plugins\/seo\/ -->\n<title>Termix se prepara para Sal\u00f3n Look 2019 \u00a1Ven a visitarnos!<\/title>\n<meta name=\"description\" content=\"Ya est\u00e1 a punto de arrancar la nueva edici\u00f3n de Sal\u00f3n Look 2019. El evento m\u00e1s importante de est\u00e9tica y peluquer\u00eda a nivel nacional y donde Termix estar\u00e1 presente con todos los nuevos lanzamientos y shows en directo. \u00bfVienes a vivir la experiencia Termix?\" \/>\n<meta name=\"robots\" content=\"index, follow, max-snippet:-1, max-image-preview:large, max-video-preview:-1\" \/>\n<link rel=\"canonical\" href=\"https:\/\/termix.net\/blog\/es\/entradas-salon-look-madrid-2019-obsequio-termix\/\" \/>\n<meta property=\"og:locale\" content=\"es_ES\" \/>\n<meta property=\"og:type\" content=\"article\" \/>\n<meta property=\"og:title\" content=\"Termix se prepara para Sal\u00f3n Look 2019 \u00a1Ven a visitarnos!\" \/>\n<meta property=\"og:description\" content=\"Ya est\u00e1 a punto de arrancar la nueva edici\u00f3n de Sal\u00f3n Look 2019. El evento m\u00e1s importante de est\u00e9tica y peluquer\u00eda a nivel nacional y donde Termix estar\u00e1 presente con todos los nuevos lanzamientos y shows en directo. \u00bfVienes a vivir la experiencia Termix?\" \/>\n<meta property=\"og:url\" content=\"https:\/\/termix.net\/blog\/es\/entradas-salon-look-madrid-2019-obsequio-termix\/\" \/>\n<meta property=\"og:site_name\" content=\"Blog Termix Spain\" \/>\n<meta property=\"article:published_time\" content=\"2019-10-09T08:43:42+00:00\" \/>\n<meta property=\"article:modified_time\" content=\"2019-11-27T13:41:09+00:00\" \/>\n<meta property=\"og:image\" content=\"https:\/\/termix.net\/blog\/wp-content\/uploads\/2019\/10\/SALONLOOK_FOTO1.jpg\" \/>\n\t<meta property=\"og:image:width\" content=\"1160\" \/>\n\t<meta property=\"og:image:height\" content=\"660\" \/>\n\t<meta property=\"og:image:type\" content=\"image\/jpeg\" \/>\n<meta name=\"author\" content=\"TermixTeam\" \/>\n<meta name=\"twitter:card\" content=\"summary_large_image\" \/>\n<meta name=\"twitter:label1\" content=\"Escrito por\" \/>\n\t<meta name=\"twitter:data1\" content=\"TermixTeam\" \/>\n\t<meta name=\"twitter:label2\" content=\"Tiempo de lectura\" \/>\n\t<meta name=\"twitter:data2\" content=\"5 minutos\" \/>\n<script type=\"application\/ld+json\" class=\"yoast-schema-graph\">{\"@context\":\"https:\/\/schema.org\",\"@graph\":[{\"@type\":\"Article\",\"@id\":\"https:\/\/termix.net\/blog\/es\/entradas-salon-look-madrid-2019-obsequio-termix\/#article\",\"isPartOf\":{\"@id\":\"https:\/\/termix.net\/blog\/es\/entradas-salon-look-madrid-2019-obsequio-termix\/\"},\"author\":{\"name\":\"TermixTeam\",\"@id\":\"https:\/\/termix.net\/blog\/es\/#\/schema\/person\/9096c98bdf03c8ddf91ad7172f254f40\"},\"headline\":\"Nos preparamos para Sal\u00f3n Look 2019: \u00a1Ven a disfrutar de la peluquer\u00eda!\",\"datePublished\":\"2019-10-09T08:43:42+00:00\",\"dateModified\":\"2019-11-27T13:41:09+00:00\",\"mainEntityOfPage\":{\"@id\":\"https:\/\/termix.net\/blog\/es\/entradas-salon-look-madrid-2019-obsequio-termix\/\"},\"wordCount\":964,\"commentCount\":0,\"publisher\":{\"@id\":\"https:\/\/termix.net\/blog\/es\/#organization\"},\"articleSection\":[\"NOTICIAS\"],\"inLanguage\":\"es\",\"potentialAction\":[{\"@type\":\"CommentAction\",\"name\":\"Comment\",\"target\":[\"https:\/\/termix.net\/blog\/es\/entradas-salon-look-madrid-2019-obsequio-termix\/#respond\"]}]},{\"@type\":\"WebPage\",\"@id\":\"https:\/\/termix.net\/blog\/es\/entradas-salon-look-madrid-2019-obsequio-termix\/\",\"url\":\"https:\/\/termix.net\/blog\/es\/entradas-salon-look-madrid-2019-obsequio-termix\/\",\"name\":\"Termix se prepara para Sal\u00f3n Look 2019 \u00a1Ven a visitarnos!\",\"isPartOf\":{\"@id\":\"https:\/\/termix.net\/blog\/es\/#website\"},\"datePublished\":\"2019-10-09T08:43:42+00:00\",\"dateModified\":\"2019-11-27T13:41:09+00:00\",\"description\":\"Ya est\u00e1 a punto de arrancar la nueva edici\u00f3n de Sal\u00f3n Look 2019. El evento m\u00e1s importante de est\u00e9tica y peluquer\u00eda a nivel nacional y donde Termix estar\u00e1 presente con todos los nuevos lanzamientos y shows en directo. \u00bfVienes a vivir la experiencia Termix?\",\"breadcrumb\":{\"@id\":\"https:\/\/termix.net\/blog\/es\/entradas-salon-look-madrid-2019-obsequio-termix\/#breadcrumb\"},\"inLanguage\":\"es\",\"potentialAction\":[{\"@type\":\"ReadAction\",\"target\":[\"https:\/\/termix.net\/blog\/es\/entradas-salon-look-madrid-2019-obsequio-termix\/\"]}]},{\"@type\":\"BreadcrumbList\",\"@id\":\"https:\/\/termix.net\/blog\/es\/entradas-salon-look-madrid-2019-obsequio-termix\/#breadcrumb\",\"itemListElement\":[{\"@type\":\"ListItem\",\"position\":1,\"name\":\"Home\",\"item\":\"https:\/\/termix.net\/blog\/es\/\"},{\"@type\":\"ListItem\",\"position\":2,\"name\":\"Nos preparamos para Sal\u00f3n Look 2019: \u00a1Ven a disfrutar de la peluquer\u00eda!\"}]},{\"@type\":\"WebSite\",\"@id\":\"https:\/\/termix.net\/blog\/es\/#website\",\"url\":\"https:\/\/termix.net\/blog\/es\/\",\"name\":\"Blog Termix Spain\",\"description\":\"Blog de tendencias y productos de peluquer\u00eda profesional.\",\"publisher\":{\"@id\":\"https:\/\/termix.net\/blog\/es\/#organization\"},\"potentialAction\":[{\"@type\":\"SearchAction\",\"target\":{\"@type\":\"EntryPoint\",\"urlTemplate\":\"https:\/\/termix.net\/blog\/es\/?s={search_term_string}\"},\"query-input\":\"required name=search_term_string\"}],\"inLanguage\":\"es\"},{\"@type\":\"Organization\",\"@id\":\"https:\/\/termix.net\/blog\/es\/#organization\",\"name\":\"Dols Industrial de Peluquer\u00eda SA\",\"url\":\"https:\/\/termix.net\/blog\/es\/\",\"logo\":{\"@type\":\"ImageObject\",\"inLanguage\":\"es\",\"@id\":\"https:\/\/termix.net\/blog\/es\/#\/schema\/logo\/image\/\",\"url\":\"https:\/\/termix.net\/blog\/wp-content\/uploads\/2020\/10\/OGbDAeng.jpeg\",\"contentUrl\":\"https:\/\/termix.net\/blog\/wp-content\/uploads\/2020\/10\/OGbDAeng.jpeg\",\"width\":800,\"height\":800,\"caption\":\"Dols Industrial de Peluquer\u00eda SA\"},\"image\":{\"@id\":\"https:\/\/termix.net\/blog\/es\/#\/schema\/logo\/image\/\"}},{\"@type\":\"Person\",\"@id\":\"https:\/\/termix.net\/blog\/es\/#\/schema\/person\/9096c98bdf03c8ddf91ad7172f254f40\",\"name\":\"TermixTeam\",\"image\":{\"@type\":\"ImageObject\",\"inLanguage\":\"es\",\"@id\":\"https:\/\/termix.net\/blog\/es\/#\/schema\/person\/image\/\",\"url\":\"https:\/\/secure.gravatar.com\/avatar\/d89f61f6bd1c29a4acb231736d1c74b3?s=96&d=mm&r=g\",\"contentUrl\":\"https:\/\/secure.gravatar.com\/avatar\/d89f61f6bd1c29a4acb231736d1c74b3?s=96&d=mm&r=g\",\"caption\":\"TermixTeam\"},\"url\":\"https:\/\/termix.net\/blog\/es\/author\/termixteam\/\"}]}<\/script>\n<!-- \/ Yoast SEO plugin. -->","yoast_head_json":{"title":"Termix se prepara para Sal\u00f3n Look 2019 \u00a1Ven a visitarnos!","description":"Ya est\u00e1 a punto de arrancar la nueva edici\u00f3n de Sal\u00f3n Look 2019. El evento m\u00e1s importante de est\u00e9tica y peluquer\u00eda a nivel nacional y donde Termix estar\u00e1 presente con todos los nuevos lanzamientos y shows en directo. \u00bfVienes a vivir la experiencia Termix?","robots":{"index":"index","follow":"follow","max-snippet":"max-snippet:-1","max-image-preview":"max-image-preview:large","max-video-preview":"max-video-preview:-1"},"canonical":"https:\/\/termix.net\/blog\/es\/entradas-salon-look-madrid-2019-obsequio-termix\/","og_locale":"es_ES","og_type":"article","og_title":"Termix se prepara para Sal\u00f3n Look 2019 \u00a1Ven a visitarnos!","og_description":"Ya est\u00e1 a punto de arrancar la nueva edici\u00f3n de Sal\u00f3n Look 2019. El evento m\u00e1s importante de est\u00e9tica y peluquer\u00eda a nivel nacional y donde Termix estar\u00e1 presente con todos los nuevos lanzamientos y shows en directo. \u00bfVienes a vivir la experiencia Termix?","og_url":"https:\/\/termix.net\/blog\/es\/entradas-salon-look-madrid-2019-obsequio-termix\/","og_site_name":"Blog Termix Spain","article_published_time":"2019-10-09T08:43:42+00:00","article_modified_time":"2019-11-27T13:41:09+00:00","og_image":[{"width":1160,"height":660,"url":"https:\/\/termix.net\/blog\/wp-content\/uploads\/2019\/10\/SALONLOOK_FOTO1.jpg","type":"image\/jpeg"}],"author":"TermixTeam","twitter_card":"summary_large_image","twitter_misc":{"Escrito por":"TermixTeam","Tiempo de lectura":"5 minutos"},"schema":{"@context":"https:\/\/schema.org","@graph":[{"@type":"Article","@id":"https:\/\/termix.net\/blog\/es\/entradas-salon-look-madrid-2019-obsequio-termix\/#article","isPartOf":{"@id":"https:\/\/termix.net\/blog\/es\/entradas-salon-look-madrid-2019-obsequio-termix\/"},"author":{"name":"TermixTeam","@id":"https:\/\/termix.net\/blog\/es\/#\/schema\/person\/9096c98bdf03c8ddf91ad7172f254f40"},"headline":"Nos preparamos para Sal\u00f3n Look 2019: \u00a1Ven a disfrutar de la peluquer\u00eda!","datePublished":"2019-10-09T08:43:42+00:00","dateModified":"2019-11-27T13:41:09+00:00","mainEntityOfPage":{"@id":"https:\/\/termix.net\/blog\/es\/entradas-salon-look-madrid-2019-obsequio-termix\/"},"wordCount":964,"commentCount":0,"publisher":{"@id":"https:\/\/termix.net\/blog\/es\/#organization"},"articleSection":["NOTICIAS"],"inLanguage":"es","potentialAction":[{"@type":"CommentAction","name":"Comment","target":["https:\/\/termix.net\/blog\/es\/entradas-salon-look-madrid-2019-obsequio-termix\/#respond"]}]},{"@type":"WebPage","@id":"https:\/\/termix.net\/blog\/es\/entradas-salon-look-madrid-2019-obsequio-termix\/","url":"https:\/\/termix.net\/blog\/es\/entradas-salon-look-madrid-2019-obsequio-termix\/","name":"Termix se prepara para Sal\u00f3n Look 2019 \u00a1Ven a visitarnos!","isPartOf":{"@id":"https:\/\/termix.net\/blog\/es\/#website"},"datePublished":"2019-10-09T08:43:42+00:00","dateModified":"2019-11-27T13:41:09+00:00","description":"Ya est\u00e1 a punto de arrancar la nueva edici\u00f3n de Sal\u00f3n Look 2019. El evento m\u00e1s importante de est\u00e9tica y peluquer\u00eda a nivel nacional y donde Termix estar\u00e1 presente con todos los nuevos lanzamientos y shows en directo. \u00bfVienes a vivir la experiencia Termix?","breadcrumb":{"@id":"https:\/\/termix.net\/blog\/es\/entradas-salon-look-madrid-2019-obsequio-termix\/#breadcrumb"},"inLanguage":"es","potentialAction":[{"@type":"ReadAction","target":["https:\/\/termix.net\/blog\/es\/entradas-salon-look-madrid-2019-obsequio-termix\/"]}]},{"@type":"BreadcrumbList","@id":"https:\/\/termix.net\/blog\/es\/entradas-salon-look-madrid-2019-obsequio-termix\/#breadcrumb","itemListElement":[{"@type":"ListItem","position":1,"name":"Home","item":"https:\/\/termix.net\/blog\/es\/"},{"@type":"ListItem","position":2,"name":"Nos preparamos para Sal\u00f3n Look 2019: \u00a1Ven a disfrutar de la peluquer\u00eda!"}]},{"@type":"WebSite","@id":"https:\/\/termix.net\/blog\/es\/#website","url":"https:\/\/termix.net\/blog\/es\/","name":"Blog Termix Spain","description":"Blog de tendencias y productos de peluquer\u00eda profesional.","publisher":{"@id":"https:\/\/termix.net\/blog\/es\/#organization"},"potentialAction":[{"@type":"SearchAction","target":{"@type":"EntryPoint","urlTemplate":"https:\/\/termix.net\/blog\/es\/?s={search_term_string}"},"query-input":"required name=search_term_string"}],"inLanguage":"es"},{"@type":"Organization","@id":"https:\/\/termix.net\/blog\/es\/#organization","name":"Dols Industrial de Peluquer\u00eda SA","url":"https:\/\/termix.net\/blog\/es\/","logo":{"@type":"ImageObject","inLanguage":"es","@id":"https:\/\/termix.net\/blog\/es\/#\/schema\/logo\/image\/","url":"https:\/\/termix.net\/blog\/wp-content\/uploads\/2020\/10\/OGbDAeng.jpeg","contentUrl":"https:\/\/termix.net\/blog\/wp-content\/uploads\/2020\/10\/OGbDAeng.jpeg","width":800,"height":800,"caption":"Dols Industrial de Peluquer\u00eda SA"},"image":{"@id":"https:\/\/termix.net\/blog\/es\/#\/schema\/logo\/image\/"}},{"@type":"Person","@id":"https:\/\/termix.net\/blog\/es\/#\/schema\/person\/9096c98bdf03c8ddf91ad7172f254f40","name":"TermixTeam","image":{"@type":"ImageObject","inLanguage":"es","@id":"https:\/\/termix.net\/blog\/es\/#\/schema\/person\/image\/","url":"https:\/\/secure.gravatar.com\/avatar\/d89f61f6bd1c29a4acb231736d1c74b3?s=96&d=mm&r=g","contentUrl":"https:\/\/secure.gravatar.com\/avatar\/d89f61f6bd1c29a4acb231736d1c74b3?s=96&d=mm&r=g","caption":"TermixTeam"},"url":"https:\/\/termix.net\/blog\/es\/author\/termixteam\/"}]}},"_links":{"self":[{"href":"https:\/\/termix.net\/blog\/es\/wp-json\/wp\/v2\/posts\/19811"}],"collection":[{"href":"https:\/\/termix.net\/blog\/es\/wp-json\/wp\/v2\/posts"}],"about":[{"href":"https:\/\/termix.net\/blog\/es\/wp-json\/wp\/v2\/types\/post"}],"author":[{"embeddable":true,"href":"https:\/\/termix.net\/blog\/es\/wp-json\/wp\/v2\/users\/2"}],"replies":[{"embeddable":true,"href":"https:\/\/termix.net\/blog\/es\/wp-json\/wp\/v2\/comments?post=19811"}],"version-history":[{"count":3,"href":"https:\/\/termix.net\/blog\/es\/wp-json\/wp\/v2\/posts\/19811\/revisions"}],"predecessor-version":[{"id":21380,"href":"https:\/\/termix.net\/blog\/es\/wp-json\/wp\/v2\/posts\/19811\/revisions\/21380"}],"wp:featuredmedia":[{"embeddable":true,"href":"https:\/\/termix.net\/blog\/es\/wp-json\/wp\/v2\/media\/21377"}],"wp:attachment":[{"href":"https:\/\/termix.net\/blog\/es\/wp-json\/wp\/v2\/media?parent=19811"}],"wp:term":[{"taxonomy":"category","embeddable":true,"href":"https:\/\/termix.net\/blog\/es\/wp-json\/wp\/v2\/categories?post=19811"},{"taxonomy":"post_tag","embeddable":true,"href":"https:\/\/termix.net\/blog\/es\/wp-json\/wp\/v2\/tags?post=19811"}],"curies":[{"name":"wp","href":"https:\/\/api.w.org\/{rel}","templated":true}]}}