{"id":19728,"date":"2019-09-18T11:02:12","date_gmt":"2019-09-18T09:02:12","guid":{"rendered":"https:\/\/termix.net\/?p=19728"},"modified":"2019-12-18T09:28:25","modified_gmt":"2019-12-18T08:28:25","slug":"termix-triunfa-en-mcb-mondial-coiffure-con-la-gama-evolution","status":"publish","type":"post","link":"https:\/\/termix.net\/blog\/es\/termix-triunfa-en-mcb-mondial-coiffure-con-la-gama-evolution\/","title":{"rendered":"Termix triunfa en MCB Mondial Coiffure con la gama Evolution"},"content":{"rendered":"<h1 style=\"text-align: center;\">Termix triunfa en MCB Mondial Coiffure con la gama Evolution<\/h1>\n<p style=\"text-align: center;\">Termix ha brillado con luz propia en esta feria internacional de la est\u00e9tica y la peluquer\u00eda gracias a la gama de cepillos Evolution.<\/p>\n<p style=\"text-align: center;\">La \u00fanica del mercado pensada para cada tipo de cabello existente. <strong>\u00a1Vive con nosotros la experiencia!<\/strong><\/p>\n<p>&nbsp;<\/p>\n<h3><img decoding=\"async\" class=\"alignnone size-full wp-image-24827\" src=\"https:\/\/termix.net\/blog\/wp-content\/uploads\/2019\/09\/cartel-mcb-paris_termix.jpg\" alt=\"cartel-mcb-paris_termix\" width=\"1160\" height=\"457\" srcset=\"https:\/\/termix.net\/blog\/wp-content\/uploads\/2019\/09\/cartel-mcb-paris_termix-200x79.jpg 200w, https:\/\/termix.net\/blog\/wp-content\/uploads\/2019\/09\/cartel-mcb-paris_termix-300x118.jpg 300w, https:\/\/termix.net\/blog\/wp-content\/uploads\/2019\/09\/cartel-mcb-paris_termix-400x158.jpg 400w, https:\/\/termix.net\/blog\/wp-content\/uploads\/2019\/09\/cartel-mcb-paris_termix-600x236.jpg 600w, https:\/\/termix.net\/blog\/wp-content\/uploads\/2019\/09\/cartel-mcb-paris_termix-768x303.jpg 768w, https:\/\/termix.net\/blog\/wp-content\/uploads\/2019\/09\/cartel-mcb-paris_termix-800x315.jpg 800w, https:\/\/termix.net\/blog\/wp-content\/uploads\/2019\/09\/cartel-mcb-paris_termix-1024x403.jpg 1024w, https:\/\/termix.net\/blog\/wp-content\/uploads\/2019\/09\/cartel-mcb-paris_termix.jpg 1160w\" sizes=\"(max-width: 1160px) 100vw, 1160px\" \/><\/h3>\n<p style=\"text-align: justify;\">Tendencias, moda, estilo y sobretodo alta peluquer\u00eda. As\u00ed ha sido la <strong>MCB Mondial Coiffure Beaut\u00e9<\/strong> celebrada en la Puerta de Versalles de Par\u00eds del <strong>14 al 16 de septiembre<\/strong>. Y en esta edici\u00f3n no han sido pocos los asistentes a la gran cita. Y es que en 2019 se han visto aumentadas en un <strong>30% las marcas<\/strong> internacionales que han apostado por participar en la MCB Mondial Coiffure.<\/p>\n<p>&nbsp;<\/p>\n<p><img decoding=\"async\" class=\"size-full wp-image-19731 aligncenter\" src=\"https:\/\/termix.net\/blog\/wp-content\/uploads\/2019\/09\/mcb-paris_-termix.jpg\" alt=\"mcb paris_ termix\" width=\"1160\" height=\"660\" \/><\/p>\n<p>&nbsp;<\/p>\n<p>&nbsp;<\/p>\n<h2 style=\"text-align: justify;\">Termix ha sorprendido en esta edici\u00f3n con el nuevo Evolution Special Care<\/h2>\n<p><img decoding=\"async\" class=\"alignnone size-full wp-image-24825\" src=\"https:\/\/termix.net\/blog\/wp-content\/uploads\/2019\/09\/mcb_stand-termix-paris.jpg\" alt=\"\" width=\"1160\" height=\"660\" srcset=\"https:\/\/termix.net\/blog\/wp-content\/uploads\/2019\/09\/mcb_stand-termix-paris-200x114.jpg 200w, https:\/\/termix.net\/blog\/wp-content\/uploads\/2019\/09\/mcb_stand-termix-paris-300x171.jpg 300w, https:\/\/termix.net\/blog\/wp-content\/uploads\/2019\/09\/mcb_stand-termix-paris-400x228.jpg 400w, https:\/\/termix.net\/blog\/wp-content\/uploads\/2019\/09\/mcb_stand-termix-paris-600x341.jpg 600w, https:\/\/termix.net\/blog\/wp-content\/uploads\/2019\/09\/mcb_stand-termix-paris-768x437.jpg 768w, https:\/\/termix.net\/blog\/wp-content\/uploads\/2019\/09\/mcb_stand-termix-paris-800x455.jpg 800w, https:\/\/termix.net\/blog\/wp-content\/uploads\/2019\/09\/mcb_stand-termix-paris-1024x583.jpg 1024w, https:\/\/termix.net\/blog\/wp-content\/uploads\/2019\/09\/mcb_stand-termix-paris.jpg 1160w\" sizes=\"(max-width: 1160px) 100vw, 1160px\" \/><\/p>\n<p style=\"text-align: justify;\">Termix, por su parte, no pod\u00eda faltar a esta gran cita de la peluquer\u00eda que se traduce en una oportunidad para dar a conocer los \u00faltimos lanzamientos de la firma que hablan de innovaci\u00f3n aplicada a la salud del cabello. As\u00ed, Termix ha apostado por\u00a0 su gama insigne, los <strong>cepillos Evolution<\/strong> ideados espec\u00edficamente para trabajar con cada tipo de cabello existente, adapt\u00e1ndose a cada morfolog\u00eda para aportar un mejor rendimiento y garantizar los mejores resultados sin da\u00f1ar el cabello.<\/p>\n<p><img decoding=\"async\" class=\"wp-image-19732 aligncenter\" src=\"https:\/\/termix.net\/blog\/wp-content\/uploads\/2019\/09\/mcb_paris-feria.jpg\" alt=\"mcb_paris feria\" width=\"940\" height=\"513\" \/><\/p>\n<p>&nbsp;<\/p>\n<p style=\"text-align: justify;\">Aunque no ha sido otro que el <strong>cepillo de pelo Evolution Special Care<\/strong>, recubierto de un tono cobre en plena tendencia, el que sin duda cosech\u00f3 la mayor parte de la atenci\u00f3n del p\u00fablico y del profesional asistente a la cita. Un cepillo ideado para tratar los cabellos m\u00e1s castigados, aportando un extra de delicadeza para evitar tensionar el cabello. De esta forma, el Evolution Special Care se transforma en el mejor aliado de las melenas m\u00e1s castigadas por la acci\u00f3n de tintes o tratamientos agresivos y permite aportar un extra de luminosidad gracias a su combinaci\u00f3n exclusiva de fibras.<\/p>\n<h2><\/h2>\n<h2 style=\"text-align: justify;\">Mucho talento, moda y tendencias en la MCB de Par\u00eds<\/h2>\n<p style=\"text-align: justify;\">Se ha vuelto a repetir el \u00e9xito acu\u00f1ado por el torneo <strong>Hairworld in Par\u00eds<\/strong> organizado por OMC. Este a\u00f1o, han sido m\u00e1s de 1330 talentos y participantes procedentes de alrededor del mundo los encargados de mostrar sus colecciones y creatividad a lo largo y ancho de la pasarela. Adem\u00e1s, eta edici\u00f3n de la <strong>MCB Par\u00eds<\/strong> se ha caracterizado por el gran entusiasmo destinado a compartir conocimiento y t\u00e9cnica. Un objetivo del que hemos podido ser testigos durante estos tres d\u00edas con shows de artistas, conferencias, demostraciones de estilistas en directo, entre muchos m\u00e1s eventos que demostraban c\u00f3mo el inter\u00e9s por el sector wellness no hace m\u00e1s que aumentar.<\/p>\n<p><img decoding=\"async\" class=\"size-full wp-image-19734 aligncenter\" src=\"https:\/\/termix.net\/blog\/wp-content\/uploads\/2019\/09\/mondialle-coiffure-paris_termix.jpg\" alt=\"mondialle coiffure paris_termix\" width=\"1160\" height=\"658\" \/><\/p>\n<p style=\"text-align: justify;\">As\u00ed pues, el recinto <strong>Par\u00eds Expo de Puerta de Versalles<\/strong> ya ha cerrado sus puertas, dejando tras de s\u00ed mucho talento y pasi\u00f3n destinados a la peluquer\u00eda. Muchas gracias a todos los asistentes por venir a visitarnos. \u00a1Os esperamos en <strong>Sal\u00f3n Look 2019 de Madrid<\/strong> con muchas m\u00e1s novedades!<\/p>\n","protected":false},"excerpt":{"rendered":"<p>Termix triunfa en MCB Mondial Coiffure con la gama Evolution<\/p>\n","protected":false},"author":2,"featured_media":21756,"comment_status":"open","ping_status":"open","sticky":false,"template":"","format":"standard","meta":[],"categories":[6],"tags":[],"yoast_head":"<!-- This site is optimized with the Yoast SEO plugin v20.0 - https:\/\/yoast.com\/wordpress\/plugins\/seo\/ -->\n<title>La gama de cepillos Evolution triunfa en la MCB de Par\u00eds - Termix<\/title>\n<meta name=\"description\" content=\"Termix ha brillado con luz propia en esta feria internacional de la est\u00e9tica y la peluquer\u00eda gracias a la gama de cepillos Evolution. La \u00fanica del mercado pensada para cada tipo de cabello existente. \u00a1Vive con nosotros la experiencia!\" \/>\n<meta name=\"robots\" content=\"index, follow, max-snippet:-1, max-image-preview:large, max-video-preview:-1\" \/>\n<link rel=\"canonical\" href=\"https:\/\/termix.net\/blog\/es\/termix-triunfa-en-mcb-mondial-coiffure-con-la-gama-evolution\/\" \/>\n<meta property=\"og:locale\" content=\"es_ES\" \/>\n<meta property=\"og:type\" content=\"article\" \/>\n<meta property=\"og:title\" content=\"La gama de cepillos Evolution triunfa en la MCB de Par\u00eds - Termix\" \/>\n<meta property=\"og:description\" content=\"Termix ha brillado con luz propia en esta feria internacional de la est\u00e9tica y la peluquer\u00eda gracias a la gama de cepillos Evolution. La \u00fanica del mercado pensada para cada tipo de cabello existente. \u00a1Vive con nosotros la experiencia!\" \/>\n<meta property=\"og:url\" content=\"https:\/\/termix.net\/blog\/es\/termix-triunfa-en-mcb-mondial-coiffure-con-la-gama-evolution\/\" \/>\n<meta property=\"og:site_name\" content=\"Blog Termix Spain\" \/>\n<meta property=\"article:published_time\" content=\"2019-09-18T09:02:12+00:00\" \/>\n<meta property=\"article:modified_time\" content=\"2019-12-18T08:28:25+00:00\" \/>\n<meta property=\"og:image\" content=\"https:\/\/termix.net\/blog\/wp-content\/uploads\/2019\/09\/mcb-paris_-termix.jpg\" \/>\n\t<meta property=\"og:image:width\" content=\"1160\" \/>\n\t<meta property=\"og:image:height\" content=\"660\" \/>\n\t<meta property=\"og:image:type\" content=\"image\/jpeg\" \/>\n<meta name=\"author\" content=\"TermixTeam\" \/>\n<meta name=\"twitter:card\" content=\"summary_large_image\" \/>\n<meta name=\"twitter:label1\" content=\"Escrito por\" \/>\n\t<meta name=\"twitter:data1\" content=\"TermixTeam\" \/>\n\t<meta name=\"twitter:label2\" content=\"Tiempo de lectura\" \/>\n\t<meta name=\"twitter:data2\" content=\"3 minutos\" \/>\n<script type=\"application\/ld+json\" class=\"yoast-schema-graph\">{\"@context\":\"https:\/\/schema.org\",\"@graph\":[{\"@type\":\"Article\",\"@id\":\"https:\/\/termix.net\/blog\/es\/termix-triunfa-en-mcb-mondial-coiffure-con-la-gama-evolution\/#article\",\"isPartOf\":{\"@id\":\"https:\/\/termix.net\/blog\/es\/termix-triunfa-en-mcb-mondial-coiffure-con-la-gama-evolution\/\"},\"author\":{\"name\":\"TermixTeam\",\"@id\":\"https:\/\/termix.net\/blog\/es\/#\/schema\/person\/9096c98bdf03c8ddf91ad7172f254f40\"},\"headline\":\"Termix triunfa en MCB Mondial Coiffure con la gama Evolution\",\"datePublished\":\"2019-09-18T09:02:12+00:00\",\"dateModified\":\"2019-12-18T08:28:25+00:00\",\"mainEntityOfPage\":{\"@id\":\"https:\/\/termix.net\/blog\/es\/termix-triunfa-en-mcb-mondial-coiffure-con-la-gama-evolution\/\"},\"wordCount\":522,\"commentCount\":0,\"publisher\":{\"@id\":\"https:\/\/termix.net\/blog\/es\/#organization\"},\"articleSection\":[\"NOTICIAS\"],\"inLanguage\":\"es\",\"potentialAction\":[{\"@type\":\"CommentAction\",\"name\":\"Comment\",\"target\":[\"https:\/\/termix.net\/blog\/es\/termix-triunfa-en-mcb-mondial-coiffure-con-la-gama-evolution\/#respond\"]}]},{\"@type\":\"WebPage\",\"@id\":\"https:\/\/termix.net\/blog\/es\/termix-triunfa-en-mcb-mondial-coiffure-con-la-gama-evolution\/\",\"url\":\"https:\/\/termix.net\/blog\/es\/termix-triunfa-en-mcb-mondial-coiffure-con-la-gama-evolution\/\",\"name\":\"La gama de cepillos Evolution triunfa en la MCB de Par\u00eds - Termix\",\"isPartOf\":{\"@id\":\"https:\/\/termix.net\/blog\/es\/#website\"},\"datePublished\":\"2019-09-18T09:02:12+00:00\",\"dateModified\":\"2019-12-18T08:28:25+00:00\",\"description\":\"Termix ha brillado con luz propia en esta feria internacional de la est\u00e9tica y la peluquer\u00eda gracias a la gama de cepillos Evolution. La \u00fanica del mercado pensada para cada tipo de cabello existente. \u00a1Vive con nosotros la experiencia!\",\"breadcrumb\":{\"@id\":\"https:\/\/termix.net\/blog\/es\/termix-triunfa-en-mcb-mondial-coiffure-con-la-gama-evolution\/#breadcrumb\"},\"inLanguage\":\"es\",\"potentialAction\":[{\"@type\":\"ReadAction\",\"target\":[\"https:\/\/termix.net\/blog\/es\/termix-triunfa-en-mcb-mondial-coiffure-con-la-gama-evolution\/\"]}]},{\"@type\":\"BreadcrumbList\",\"@id\":\"https:\/\/termix.net\/blog\/es\/termix-triunfa-en-mcb-mondial-coiffure-con-la-gama-evolution\/#breadcrumb\",\"itemListElement\":[{\"@type\":\"ListItem\",\"position\":1,\"name\":\"Home\",\"item\":\"https:\/\/termix.net\/blog\/es\/\"},{\"@type\":\"ListItem\",\"position\":2,\"name\":\"Termix triunfa en MCB Mondial Coiffure con la gama Evolution\"}]},{\"@type\":\"WebSite\",\"@id\":\"https:\/\/termix.net\/blog\/es\/#website\",\"url\":\"https:\/\/termix.net\/blog\/es\/\",\"name\":\"Blog Termix Spain\",\"description\":\"Blog de tendencias y productos de peluquer\u00eda profesional.\",\"publisher\":{\"@id\":\"https:\/\/termix.net\/blog\/es\/#organization\"},\"potentialAction\":[{\"@type\":\"SearchAction\",\"target\":{\"@type\":\"EntryPoint\",\"urlTemplate\":\"https:\/\/termix.net\/blog\/es\/?s={search_term_string}\"},\"query-input\":\"required name=search_term_string\"}],\"inLanguage\":\"es\"},{\"@type\":\"Organization\",\"@id\":\"https:\/\/termix.net\/blog\/es\/#organization\",\"name\":\"Dols Industrial de Peluquer\u00eda SA\",\"url\":\"https:\/\/termix.net\/blog\/es\/\",\"logo\":{\"@type\":\"ImageObject\",\"inLanguage\":\"es\",\"@id\":\"https:\/\/termix.net\/blog\/es\/#\/schema\/logo\/image\/\",\"url\":\"https:\/\/termix.net\/blog\/wp-content\/uploads\/2020\/10\/OGbDAeng.jpeg\",\"contentUrl\":\"https:\/\/termix.net\/blog\/wp-content\/uploads\/2020\/10\/OGbDAeng.jpeg\",\"width\":800,\"height\":800,\"caption\":\"Dols Industrial de Peluquer\u00eda SA\"},\"image\":{\"@id\":\"https:\/\/termix.net\/blog\/es\/#\/schema\/logo\/image\/\"}},{\"@type\":\"Person\",\"@id\":\"https:\/\/termix.net\/blog\/es\/#\/schema\/person\/9096c98bdf03c8ddf91ad7172f254f40\",\"name\":\"TermixTeam\",\"image\":{\"@type\":\"ImageObject\",\"inLanguage\":\"es\",\"@id\":\"https:\/\/termix.net\/blog\/es\/#\/schema\/person\/image\/\",\"url\":\"https:\/\/secure.gravatar.com\/avatar\/d89f61f6bd1c29a4acb231736d1c74b3?s=96&d=mm&r=g\",\"contentUrl\":\"https:\/\/secure.gravatar.com\/avatar\/d89f61f6bd1c29a4acb231736d1c74b3?s=96&d=mm&r=g\",\"caption\":\"TermixTeam\"},\"url\":\"https:\/\/termix.net\/blog\/es\/author\/termixteam\/\"}]}<\/script>\n<!-- \/ Yoast SEO plugin. -->","yoast_head_json":{"title":"La gama de cepillos Evolution triunfa en la MCB de Par\u00eds - Termix","description":"Termix ha brillado con luz propia en esta feria internacional de la est\u00e9tica y la peluquer\u00eda gracias a la gama de cepillos Evolution. La \u00fanica del mercado pensada para cada tipo de cabello existente. \u00a1Vive con nosotros la experiencia!","robots":{"index":"index","follow":"follow","max-snippet":"max-snippet:-1","max-image-preview":"max-image-preview:large","max-video-preview":"max-video-preview:-1"},"canonical":"https:\/\/termix.net\/blog\/es\/termix-triunfa-en-mcb-mondial-coiffure-con-la-gama-evolution\/","og_locale":"es_ES","og_type":"article","og_title":"La gama de cepillos Evolution triunfa en la MCB de Par\u00eds - Termix","og_description":"Termix ha brillado con luz propia en esta feria internacional de la est\u00e9tica y la peluquer\u00eda gracias a la gama de cepillos Evolution. La \u00fanica del mercado pensada para cada tipo de cabello existente. \u00a1Vive con nosotros la experiencia!","og_url":"https:\/\/termix.net\/blog\/es\/termix-triunfa-en-mcb-mondial-coiffure-con-la-gama-evolution\/","og_site_name":"Blog Termix Spain","article_published_time":"2019-09-18T09:02:12+00:00","article_modified_time":"2019-12-18T08:28:25+00:00","og_image":[{"width":1160,"height":660,"url":"https:\/\/termix.net\/blog\/wp-content\/uploads\/2019\/09\/mcb-paris_-termix.jpg","type":"image\/jpeg"}],"author":"TermixTeam","twitter_card":"summary_large_image","twitter_misc":{"Escrito por":"TermixTeam","Tiempo de lectura":"3 minutos"},"schema":{"@context":"https:\/\/schema.org","@graph":[{"@type":"Article","@id":"https:\/\/termix.net\/blog\/es\/termix-triunfa-en-mcb-mondial-coiffure-con-la-gama-evolution\/#article","isPartOf":{"@id":"https:\/\/termix.net\/blog\/es\/termix-triunfa-en-mcb-mondial-coiffure-con-la-gama-evolution\/"},"author":{"name":"TermixTeam","@id":"https:\/\/termix.net\/blog\/es\/#\/schema\/person\/9096c98bdf03c8ddf91ad7172f254f40"},"headline":"Termix triunfa en MCB Mondial Coiffure con la gama Evolution","datePublished":"2019-09-18T09:02:12+00:00","dateModified":"2019-12-18T08:28:25+00:00","mainEntityOfPage":{"@id":"https:\/\/termix.net\/blog\/es\/termix-triunfa-en-mcb-mondial-coiffure-con-la-gama-evolution\/"},"wordCount":522,"commentCount":0,"publisher":{"@id":"https:\/\/termix.net\/blog\/es\/#organization"},"articleSection":["NOTICIAS"],"inLanguage":"es","potentialAction":[{"@type":"CommentAction","name":"Comment","target":["https:\/\/termix.net\/blog\/es\/termix-triunfa-en-mcb-mondial-coiffure-con-la-gama-evolution\/#respond"]}]},{"@type":"WebPage","@id":"https:\/\/termix.net\/blog\/es\/termix-triunfa-en-mcb-mondial-coiffure-con-la-gama-evolution\/","url":"https:\/\/termix.net\/blog\/es\/termix-triunfa-en-mcb-mondial-coiffure-con-la-gama-evolution\/","name":"La gama de cepillos Evolution triunfa en la MCB de Par\u00eds - Termix","isPartOf":{"@id":"https:\/\/termix.net\/blog\/es\/#website"},"datePublished":"2019-09-18T09:02:12+00:00","dateModified":"2019-12-18T08:28:25+00:00","description":"Termix ha brillado con luz propia en esta feria internacional de la est\u00e9tica y la peluquer\u00eda gracias a la gama de cepillos Evolution. La \u00fanica del mercado pensada para cada tipo de cabello existente. \u00a1Vive con nosotros la experiencia!","breadcrumb":{"@id":"https:\/\/termix.net\/blog\/es\/termix-triunfa-en-mcb-mondial-coiffure-con-la-gama-evolution\/#breadcrumb"},"inLanguage":"es","potentialAction":[{"@type":"ReadAction","target":["https:\/\/termix.net\/blog\/es\/termix-triunfa-en-mcb-mondial-coiffure-con-la-gama-evolution\/"]}]},{"@type":"BreadcrumbList","@id":"https:\/\/termix.net\/blog\/es\/termix-triunfa-en-mcb-mondial-coiffure-con-la-gama-evolution\/#breadcrumb","itemListElement":[{"@type":"ListItem","position":1,"name":"Home","item":"https:\/\/termix.net\/blog\/es\/"},{"@type":"ListItem","position":2,"name":"Termix triunfa en MCB Mondial Coiffure con la gama Evolution"}]},{"@type":"WebSite","@id":"https:\/\/termix.net\/blog\/es\/#website","url":"https:\/\/termix.net\/blog\/es\/","name":"Blog Termix Spain","description":"Blog de tendencias y productos de peluquer\u00eda profesional.","publisher":{"@id":"https:\/\/termix.net\/blog\/es\/#organization"},"potentialAction":[{"@type":"SearchAction","target":{"@type":"EntryPoint","urlTemplate":"https:\/\/termix.net\/blog\/es\/?s={search_term_string}"},"query-input":"required name=search_term_string"}],"inLanguage":"es"},{"@type":"Organization","@id":"https:\/\/termix.net\/blog\/es\/#organization","name":"Dols Industrial de Peluquer\u00eda SA","url":"https:\/\/termix.net\/blog\/es\/","logo":{"@type":"ImageObject","inLanguage":"es","@id":"https:\/\/termix.net\/blog\/es\/#\/schema\/logo\/image\/","url":"https:\/\/termix.net\/blog\/wp-content\/uploads\/2020\/10\/OGbDAeng.jpeg","contentUrl":"https:\/\/termix.net\/blog\/wp-content\/uploads\/2020\/10\/OGbDAeng.jpeg","width":800,"height":800,"caption":"Dols Industrial de Peluquer\u00eda SA"},"image":{"@id":"https:\/\/termix.net\/blog\/es\/#\/schema\/logo\/image\/"}},{"@type":"Person","@id":"https:\/\/termix.net\/blog\/es\/#\/schema\/person\/9096c98bdf03c8ddf91ad7172f254f40","name":"TermixTeam","image":{"@type":"ImageObject","inLanguage":"es","@id":"https:\/\/termix.net\/blog\/es\/#\/schema\/person\/image\/","url":"https:\/\/secure.gravatar.com\/avatar\/d89f61f6bd1c29a4acb231736d1c74b3?s=96&d=mm&r=g","contentUrl":"https:\/\/secure.gravatar.com\/avatar\/d89f61f6bd1c29a4acb231736d1c74b3?s=96&d=mm&r=g","caption":"TermixTeam"},"url":"https:\/\/termix.net\/blog\/es\/author\/termixteam\/"}]}},"_links":{"self":[{"href":"https:\/\/termix.net\/blog\/es\/wp-json\/wp\/v2\/posts\/19728"}],"collection":[{"href":"https:\/\/termix.net\/blog\/es\/wp-json\/wp\/v2\/posts"}],"about":[{"href":"https:\/\/termix.net\/blog\/es\/wp-json\/wp\/v2\/types\/post"}],"author":[{"embeddable":true,"href":"https:\/\/termix.net\/blog\/es\/wp-json\/wp\/v2\/users\/2"}],"replies":[{"embeddable":true,"href":"https:\/\/termix.net\/blog\/es\/wp-json\/wp\/v2\/comments?post=19728"}],"version-history":[{"count":4,"href":"https:\/\/termix.net\/blog\/es\/wp-json\/wp\/v2\/posts\/19728\/revisions"}],"predecessor-version":[{"id":24831,"href":"https:\/\/termix.net\/blog\/es\/wp-json\/wp\/v2\/posts\/19728\/revisions\/24831"}],"wp:featuredmedia":[{"embeddable":true,"href":"https:\/\/termix.net\/blog\/es\/wp-json\/wp\/v2\/media\/21756"}],"wp:attachment":[{"href":"https:\/\/termix.net\/blog\/es\/wp-json\/wp\/v2\/media?parent=19728"}],"wp:term":[{"taxonomy":"category","embeddable":true,"href":"https:\/\/termix.net\/blog\/es\/wp-json\/wp\/v2\/categories?post=19728"},{"taxonomy":"post_tag","embeddable":true,"href":"https:\/\/termix.net\/blog\/es\/wp-json\/wp\/v2\/tags?post=19728"}],"curies":[{"name":"wp","href":"https:\/\/api.w.org\/{rel}","templated":true}]}}