{"id":19722,"date":"2019-09-18T09:15:12","date_gmt":"2019-09-18T07:15:12","guid":{"rendered":"https:\/\/termix.net\/?p=19722"},"modified":"2019-12-18T09:30:23","modified_gmt":"2019-12-18T08:30:23","slug":"el-talento-siempre-estuvo-en-chile","status":"publish","type":"post","link":"https:\/\/termix.net\/blog\/es\/el-talento-siempre-estuvo-en-chile\/","title":{"rendered":"El talento siempre estuvo en Chile"},"content":{"rendered":"<p style=\"text-align: center;\">NOTICIAS &#8211; 3 MIN. DE LECTURA<\/p>\n<h1 style=\"text-align: center;\">El talento siempre estuvo en Chile<\/h1>\n<h3 style=\"text-align: center;\">Tras semanas de una ardua competencia y de un intenso desaf\u00edo digital se conoci\u00f3 a la elegida como el nuevo talento nacional en peluquer\u00eda.<\/h3>\n<p>&nbsp;<\/p>\n<p><iframe src=\"https:\/\/www.youtube.com\/embed\/e6c7pgLGevo\" width=\"100%\" height=\"480\" frameborder=\"0\" allowfullscreen=\"allowfullscreen\"><span data-mce-type=\"bookmark\" style=\"display: inline-block; width: 0px; overflow: hidden; line-height: 0;\" class=\"mce_SELRES_start\">\ufeff<\/span><\/iframe><\/p>\n<h2>Un jurado de categor\u00eda internacional<\/h2>\n<p style=\"text-align: justify;\">Tras la decisi\u00f3n de un jurado compuesto por <strong>Gonzalo Leonidas<\/strong>, embajador de Termix en Chile; <strong>Paz Urra<\/strong>, reconocida representante en el mundo editorial y de belleza, y <strong>Rosario Donoso<\/strong>, directora de Academias Pichara se ha elegido al ganador del primer Artista New Talent de Termix en Chile. En la instancia tambi\u00e9n participaron tres embajadores internacionales de Termix como <strong>Antonio Garrido <\/strong>(Espa\u00f1a), <strong>Daniel Alvarado<\/strong> (M\u00e9xico) <strong>y Luis Miguel Mori<\/strong> (Per\u00fa), quienes si bien no estuvieron presentes en el evento, s\u00ed participaron y votaron de forma digital durante el concurso.<\/p>\n<p><img decoding=\"async\" class=\"alignnone size-full wp-image-24836\" src=\"https:\/\/termix.net\/blog\/wp-content\/uploads\/2019\/09\/paola-lagos-se-convierte-en-la-ganadora-de-termix-new-talent.jpg\" alt=\"paola-lagos-se-convierte-en-la-ganadora-de-termix-new-talent\" width=\"1160\" height=\"658\" srcset=\"https:\/\/termix.net\/blog\/wp-content\/uploads\/2019\/09\/paola-lagos-se-convierte-en-la-ganadora-de-termix-new-talent-200x113.jpg 200w, https:\/\/termix.net\/blog\/wp-content\/uploads\/2019\/09\/paola-lagos-se-convierte-en-la-ganadora-de-termix-new-talent-300x170.jpg 300w, https:\/\/termix.net\/blog\/wp-content\/uploads\/2019\/09\/paola-lagos-se-convierte-en-la-ganadora-de-termix-new-talent-400x227.jpg 400w, https:\/\/termix.net\/blog\/wp-content\/uploads\/2019\/09\/paola-lagos-se-convierte-en-la-ganadora-de-termix-new-talent-600x340.jpg 600w, https:\/\/termix.net\/blog\/wp-content\/uploads\/2019\/09\/paola-lagos-se-convierte-en-la-ganadora-de-termix-new-talent-768x436.jpg 768w, https:\/\/termix.net\/blog\/wp-content\/uploads\/2019\/09\/paola-lagos-se-convierte-en-la-ganadora-de-termix-new-talent-800x454.jpg 800w, https:\/\/termix.net\/blog\/wp-content\/uploads\/2019\/09\/paola-lagos-se-convierte-en-la-ganadora-de-termix-new-talent-1024x581.jpg 1024w, https:\/\/termix.net\/blog\/wp-content\/uploads\/2019\/09\/paola-lagos-se-convierte-en-la-ganadora-de-termix-new-talent.jpg 1160w\" sizes=\"(max-width: 1160px) 100vw, 1160px\" \/><\/p>\n<h2>Los mejores looks<\/h2>\n<p style=\"text-align: justify;\">En un evento realizado en Castillo Forestal (frente al Museo Bellas Artes) se galardon\u00f3 a <strong>Paola Antonia Lagos<\/strong>, de 18 a\u00f1os y proveniente de Ca\u00f1ete, quien expuso su mejor peinado realizado con los productos Termix, ya\u00a0 disponibles en Chile. Durante la noche, los cuatro finalistas mostraron en vivo sus trabajos y las fotos de sus producciones fueron expuestas en el lugar.<\/p>\n<p><img decoding=\"async\" class=\"size-full wp-image-19725 aligncenter\" src=\"https:\/\/termix.net\/blog\/wp-content\/uploads\/2019\/09\/modelos_termix-new-talent-chile.jpg\" alt=\"modelos_termix new talent chile\" width=\"1160\" height=\"658\" \/><\/p>\n<p>&nbsp;<\/p>\n<h2>Termix New Talent Chile<\/h2>\n<p style=\"text-align: justify;\">El evento tuvo una importante concurrencia con la presencia de diferentes figuras relacionada al mundo de la belleza, influencers y peluqueros.\u00a0Ahora <strong>Paola Lagos<\/strong> ser\u00e1 la encargada de representar a Chile en la <strong>Expo Salon Look Madrid<\/strong> este octubre 2019.<\/p>\n<p><img decoding=\"async\" class=\"alignnone size-full wp-image-24832\" src=\"https:\/\/termix.net\/blog\/wp-content\/uploads\/2019\/09\/algunos-de-los-trabajos-que-pudimos-ver-en-termix-new-talent-chile.jpg\" alt=\"algunos-de-los-trabajos-que-pudimos-ver-en-termix-new-talent-chile\" width=\"1160\" height=\"658\" srcset=\"https:\/\/termix.net\/blog\/wp-content\/uploads\/2019\/09\/algunos-de-los-trabajos-que-pudimos-ver-en-termix-new-talent-chile-200x113.jpg 200w, https:\/\/termix.net\/blog\/wp-content\/uploads\/2019\/09\/algunos-de-los-trabajos-que-pudimos-ver-en-termix-new-talent-chile-300x170.jpg 300w, https:\/\/termix.net\/blog\/wp-content\/uploads\/2019\/09\/algunos-de-los-trabajos-que-pudimos-ver-en-termix-new-talent-chile-400x227.jpg 400w, https:\/\/termix.net\/blog\/wp-content\/uploads\/2019\/09\/algunos-de-los-trabajos-que-pudimos-ver-en-termix-new-talent-chile-600x340.jpg 600w, https:\/\/termix.net\/blog\/wp-content\/uploads\/2019\/09\/algunos-de-los-trabajos-que-pudimos-ver-en-termix-new-talent-chile-768x436.jpg 768w, https:\/\/termix.net\/blog\/wp-content\/uploads\/2019\/09\/algunos-de-los-trabajos-que-pudimos-ver-en-termix-new-talent-chile-800x454.jpg 800w, https:\/\/termix.net\/blog\/wp-content\/uploads\/2019\/09\/algunos-de-los-trabajos-que-pudimos-ver-en-termix-new-talent-chile-1024x581.jpg 1024w, https:\/\/termix.net\/blog\/wp-content\/uploads\/2019\/09\/algunos-de-los-trabajos-que-pudimos-ver-en-termix-new-talent-chile.jpg 1160w\" sizes=\"(max-width: 1160px) 100vw, 1160px\" \/><\/p>\n<p>&nbsp;<\/p>\n<p style=\"text-align: justify;\">El concurso es el primero de su tipo que se realiza en el mundo y que eligi\u00f3 Chile para ser la primera sede de un proyecto que busca expandirse al resto de Latinoam\u00e9rica. De hecho, gracias a la gran concurrencia, <strong>Termix ya espera realizarlo en 2020 <\/strong>para encontrar a un nuevo gran talento en el pa\u00eds.<\/p>\n","protected":false},"excerpt":{"rendered":"<p>NOTICIAS &#8211; 3 MIN. DE LECTURA El talento siempre estuvo<\/p>\n","protected":false},"author":2,"featured_media":21655,"comment_status":"open","ping_status":"open","sticky":false,"template":"","format":"standard","meta":[],"categories":[6],"tags":[],"yoast_head":"<!-- This site is optimized with the Yoast SEO plugin v20.0 - https:\/\/yoast.com\/wordpress\/plugins\/seo\/ -->\n<title>Termix New Talent: El talento siempre estuvo en Chile<\/title>\n<meta name=\"description\" content=\"Tras semanas de una ardua competencia y de un intenso desaf\u00edo digital se conoci\u00f3 a la elegida como el nuevo talento nacional en peluquer\u00eda.\" \/>\n<meta name=\"robots\" content=\"index, follow, max-snippet:-1, max-image-preview:large, max-video-preview:-1\" \/>\n<link rel=\"canonical\" href=\"https:\/\/termix.net\/blog\/es\/el-talento-siempre-estuvo-en-chile\/\" \/>\n<meta property=\"og:locale\" content=\"es_ES\" \/>\n<meta property=\"og:type\" content=\"article\" \/>\n<meta property=\"og:title\" content=\"Termix New Talent: El talento siempre estuvo en Chile\" \/>\n<meta property=\"og:description\" content=\"Tras semanas de una ardua competencia y de un intenso desaf\u00edo digital se conoci\u00f3 a la elegida como el nuevo talento nacional en peluquer\u00eda.\" \/>\n<meta property=\"og:url\" content=\"https:\/\/termix.net\/blog\/es\/el-talento-siempre-estuvo-en-chile\/\" \/>\n<meta property=\"og:site_name\" content=\"Blog Termix Spain\" \/>\n<meta property=\"article:published_time\" content=\"2019-09-18T07:15:12+00:00\" \/>\n<meta property=\"article:modified_time\" content=\"2019-12-18T08:30:23+00:00\" \/>\n<meta property=\"og:image\" content=\"https:\/\/termix.net\/blog\/wp-content\/uploads\/2019\/09\/modelos_termix-new-talent-chile.jpg\" \/>\n\t<meta property=\"og:image:width\" content=\"1160\" \/>\n\t<meta property=\"og:image:height\" content=\"658\" \/>\n\t<meta property=\"og:image:type\" content=\"image\/jpeg\" \/>\n<meta name=\"author\" content=\"TermixTeam\" \/>\n<meta name=\"twitter:card\" content=\"summary_large_image\" \/>\n<meta name=\"twitter:label1\" content=\"Escrito por\" \/>\n\t<meta name=\"twitter:data1\" content=\"TermixTeam\" \/>\n\t<meta name=\"twitter:label2\" content=\"Tiempo de lectura\" \/>\n\t<meta name=\"twitter:data2\" content=\"2 minutos\" \/>\n<script type=\"application\/ld+json\" class=\"yoast-schema-graph\">{\"@context\":\"https:\/\/schema.org\",\"@graph\":[{\"@type\":\"Article\",\"@id\":\"https:\/\/termix.net\/blog\/es\/el-talento-siempre-estuvo-en-chile\/#article\",\"isPartOf\":{\"@id\":\"https:\/\/termix.net\/blog\/es\/el-talento-siempre-estuvo-en-chile\/\"},\"author\":{\"name\":\"TermixTeam\",\"@id\":\"https:\/\/termix.net\/blog\/es\/#\/schema\/person\/9096c98bdf03c8ddf91ad7172f254f40\"},\"headline\":\"El talento siempre estuvo en Chile\",\"datePublished\":\"2019-09-18T07:15:12+00:00\",\"dateModified\":\"2019-12-18T08:30:23+00:00\",\"mainEntityOfPage\":{\"@id\":\"https:\/\/termix.net\/blog\/es\/el-talento-siempre-estuvo-en-chile\/\"},\"wordCount\":309,\"commentCount\":0,\"publisher\":{\"@id\":\"https:\/\/termix.net\/blog\/es\/#organization\"},\"articleSection\":[\"NOTICIAS\"],\"inLanguage\":\"es\",\"potentialAction\":[{\"@type\":\"CommentAction\",\"name\":\"Comment\",\"target\":[\"https:\/\/termix.net\/blog\/es\/el-talento-siempre-estuvo-en-chile\/#respond\"]}]},{\"@type\":\"WebPage\",\"@id\":\"https:\/\/termix.net\/blog\/es\/el-talento-siempre-estuvo-en-chile\/\",\"url\":\"https:\/\/termix.net\/blog\/es\/el-talento-siempre-estuvo-en-chile\/\",\"name\":\"Termix New Talent: El talento siempre estuvo en Chile\",\"isPartOf\":{\"@id\":\"https:\/\/termix.net\/blog\/es\/#website\"},\"datePublished\":\"2019-09-18T07:15:12+00:00\",\"dateModified\":\"2019-12-18T08:30:23+00:00\",\"description\":\"Tras semanas de una ardua competencia y de un intenso desaf\u00edo digital se conoci\u00f3 a la elegida como el nuevo talento nacional en peluquer\u00eda.\",\"breadcrumb\":{\"@id\":\"https:\/\/termix.net\/blog\/es\/el-talento-siempre-estuvo-en-chile\/#breadcrumb\"},\"inLanguage\":\"es\",\"potentialAction\":[{\"@type\":\"ReadAction\",\"target\":[\"https:\/\/termix.net\/blog\/es\/el-talento-siempre-estuvo-en-chile\/\"]}]},{\"@type\":\"BreadcrumbList\",\"@id\":\"https:\/\/termix.net\/blog\/es\/el-talento-siempre-estuvo-en-chile\/#breadcrumb\",\"itemListElement\":[{\"@type\":\"ListItem\",\"position\":1,\"name\":\"Home\",\"item\":\"https:\/\/termix.net\/blog\/es\/\"},{\"@type\":\"ListItem\",\"position\":2,\"name\":\"El talento siempre estuvo en Chile\"}]},{\"@type\":\"WebSite\",\"@id\":\"https:\/\/termix.net\/blog\/es\/#website\",\"url\":\"https:\/\/termix.net\/blog\/es\/\",\"name\":\"Blog Termix Spain\",\"description\":\"Blog de tendencias y productos de peluquer\u00eda profesional.\",\"publisher\":{\"@id\":\"https:\/\/termix.net\/blog\/es\/#organization\"},\"potentialAction\":[{\"@type\":\"SearchAction\",\"target\":{\"@type\":\"EntryPoint\",\"urlTemplate\":\"https:\/\/termix.net\/blog\/es\/?s={search_term_string}\"},\"query-input\":\"required name=search_term_string\"}],\"inLanguage\":\"es\"},{\"@type\":\"Organization\",\"@id\":\"https:\/\/termix.net\/blog\/es\/#organization\",\"name\":\"Dols Industrial de Peluquer\u00eda SA\",\"url\":\"https:\/\/termix.net\/blog\/es\/\",\"logo\":{\"@type\":\"ImageObject\",\"inLanguage\":\"es\",\"@id\":\"https:\/\/termix.net\/blog\/es\/#\/schema\/logo\/image\/\",\"url\":\"https:\/\/termix.net\/blog\/wp-content\/uploads\/2020\/10\/OGbDAeng.jpeg\",\"contentUrl\":\"https:\/\/termix.net\/blog\/wp-content\/uploads\/2020\/10\/OGbDAeng.jpeg\",\"width\":800,\"height\":800,\"caption\":\"Dols Industrial de Peluquer\u00eda SA\"},\"image\":{\"@id\":\"https:\/\/termix.net\/blog\/es\/#\/schema\/logo\/image\/\"}},{\"@type\":\"Person\",\"@id\":\"https:\/\/termix.net\/blog\/es\/#\/schema\/person\/9096c98bdf03c8ddf91ad7172f254f40\",\"name\":\"TermixTeam\",\"image\":{\"@type\":\"ImageObject\",\"inLanguage\":\"es\",\"@id\":\"https:\/\/termix.net\/blog\/es\/#\/schema\/person\/image\/\",\"url\":\"https:\/\/secure.gravatar.com\/avatar\/d89f61f6bd1c29a4acb231736d1c74b3?s=96&d=mm&r=g\",\"contentUrl\":\"https:\/\/secure.gravatar.com\/avatar\/d89f61f6bd1c29a4acb231736d1c74b3?s=96&d=mm&r=g\",\"caption\":\"TermixTeam\"},\"url\":\"https:\/\/termix.net\/blog\/es\/author\/termixteam\/\"}]}<\/script>\n<!-- \/ Yoast SEO plugin. -->","yoast_head_json":{"title":"Termix New Talent: El talento siempre estuvo en Chile","description":"Tras semanas de una ardua competencia y de un intenso desaf\u00edo digital se conoci\u00f3 a la elegida como el nuevo talento nacional en peluquer\u00eda.","robots":{"index":"index","follow":"follow","max-snippet":"max-snippet:-1","max-image-preview":"max-image-preview:large","max-video-preview":"max-video-preview:-1"},"canonical":"https:\/\/termix.net\/blog\/es\/el-talento-siempre-estuvo-en-chile\/","og_locale":"es_ES","og_type":"article","og_title":"Termix New Talent: El talento siempre estuvo en Chile","og_description":"Tras semanas de una ardua competencia y de un intenso desaf\u00edo digital se conoci\u00f3 a la elegida como el nuevo talento nacional en peluquer\u00eda.","og_url":"https:\/\/termix.net\/blog\/es\/el-talento-siempre-estuvo-en-chile\/","og_site_name":"Blog Termix Spain","article_published_time":"2019-09-18T07:15:12+00:00","article_modified_time":"2019-12-18T08:30:23+00:00","og_image":[{"width":1160,"height":658,"url":"https:\/\/termix.net\/blog\/wp-content\/uploads\/2019\/09\/modelos_termix-new-talent-chile.jpg","type":"image\/jpeg"}],"author":"TermixTeam","twitter_card":"summary_large_image","twitter_misc":{"Escrito por":"TermixTeam","Tiempo de lectura":"2 minutos"},"schema":{"@context":"https:\/\/schema.org","@graph":[{"@type":"Article","@id":"https:\/\/termix.net\/blog\/es\/el-talento-siempre-estuvo-en-chile\/#article","isPartOf":{"@id":"https:\/\/termix.net\/blog\/es\/el-talento-siempre-estuvo-en-chile\/"},"author":{"name":"TermixTeam","@id":"https:\/\/termix.net\/blog\/es\/#\/schema\/person\/9096c98bdf03c8ddf91ad7172f254f40"},"headline":"El talento siempre estuvo en Chile","datePublished":"2019-09-18T07:15:12+00:00","dateModified":"2019-12-18T08:30:23+00:00","mainEntityOfPage":{"@id":"https:\/\/termix.net\/blog\/es\/el-talento-siempre-estuvo-en-chile\/"},"wordCount":309,"commentCount":0,"publisher":{"@id":"https:\/\/termix.net\/blog\/es\/#organization"},"articleSection":["NOTICIAS"],"inLanguage":"es","potentialAction":[{"@type":"CommentAction","name":"Comment","target":["https:\/\/termix.net\/blog\/es\/el-talento-siempre-estuvo-en-chile\/#respond"]}]},{"@type":"WebPage","@id":"https:\/\/termix.net\/blog\/es\/el-talento-siempre-estuvo-en-chile\/","url":"https:\/\/termix.net\/blog\/es\/el-talento-siempre-estuvo-en-chile\/","name":"Termix New Talent: El talento siempre estuvo en Chile","isPartOf":{"@id":"https:\/\/termix.net\/blog\/es\/#website"},"datePublished":"2019-09-18T07:15:12+00:00","dateModified":"2019-12-18T08:30:23+00:00","description":"Tras semanas de una ardua competencia y de un intenso desaf\u00edo digital se conoci\u00f3 a la elegida como el nuevo talento nacional en peluquer\u00eda.","breadcrumb":{"@id":"https:\/\/termix.net\/blog\/es\/el-talento-siempre-estuvo-en-chile\/#breadcrumb"},"inLanguage":"es","potentialAction":[{"@type":"ReadAction","target":["https:\/\/termix.net\/blog\/es\/el-talento-siempre-estuvo-en-chile\/"]}]},{"@type":"BreadcrumbList","@id":"https:\/\/termix.net\/blog\/es\/el-talento-siempre-estuvo-en-chile\/#breadcrumb","itemListElement":[{"@type":"ListItem","position":1,"name":"Home","item":"https:\/\/termix.net\/blog\/es\/"},{"@type":"ListItem","position":2,"name":"El talento siempre estuvo en Chile"}]},{"@type":"WebSite","@id":"https:\/\/termix.net\/blog\/es\/#website","url":"https:\/\/termix.net\/blog\/es\/","name":"Blog Termix Spain","description":"Blog de tendencias y productos de peluquer\u00eda profesional.","publisher":{"@id":"https:\/\/termix.net\/blog\/es\/#organization"},"potentialAction":[{"@type":"SearchAction","target":{"@type":"EntryPoint","urlTemplate":"https:\/\/termix.net\/blog\/es\/?s={search_term_string}"},"query-input":"required name=search_term_string"}],"inLanguage":"es"},{"@type":"Organization","@id":"https:\/\/termix.net\/blog\/es\/#organization","name":"Dols Industrial de Peluquer\u00eda SA","url":"https:\/\/termix.net\/blog\/es\/","logo":{"@type":"ImageObject","inLanguage":"es","@id":"https:\/\/termix.net\/blog\/es\/#\/schema\/logo\/image\/","url":"https:\/\/termix.net\/blog\/wp-content\/uploads\/2020\/10\/OGbDAeng.jpeg","contentUrl":"https:\/\/termix.net\/blog\/wp-content\/uploads\/2020\/10\/OGbDAeng.jpeg","width":800,"height":800,"caption":"Dols Industrial de Peluquer\u00eda SA"},"image":{"@id":"https:\/\/termix.net\/blog\/es\/#\/schema\/logo\/image\/"}},{"@type":"Person","@id":"https:\/\/termix.net\/blog\/es\/#\/schema\/person\/9096c98bdf03c8ddf91ad7172f254f40","name":"TermixTeam","image":{"@type":"ImageObject","inLanguage":"es","@id":"https:\/\/termix.net\/blog\/es\/#\/schema\/person\/image\/","url":"https:\/\/secure.gravatar.com\/avatar\/d89f61f6bd1c29a4acb231736d1c74b3?s=96&d=mm&r=g","contentUrl":"https:\/\/secure.gravatar.com\/avatar\/d89f61f6bd1c29a4acb231736d1c74b3?s=96&d=mm&r=g","caption":"TermixTeam"},"url":"https:\/\/termix.net\/blog\/es\/author\/termixteam\/"}]}},"_links":{"self":[{"href":"https:\/\/termix.net\/blog\/es\/wp-json\/wp\/v2\/posts\/19722"}],"collection":[{"href":"https:\/\/termix.net\/blog\/es\/wp-json\/wp\/v2\/posts"}],"about":[{"href":"https:\/\/termix.net\/blog\/es\/wp-json\/wp\/v2\/types\/post"}],"author":[{"embeddable":true,"href":"https:\/\/termix.net\/blog\/es\/wp-json\/wp\/v2\/users\/2"}],"replies":[{"embeddable":true,"href":"https:\/\/termix.net\/blog\/es\/wp-json\/wp\/v2\/comments?post=19722"}],"version-history":[{"count":4,"href":"https:\/\/termix.net\/blog\/es\/wp-json\/wp\/v2\/posts\/19722\/revisions"}],"predecessor-version":[{"id":24838,"href":"https:\/\/termix.net\/blog\/es\/wp-json\/wp\/v2\/posts\/19722\/revisions\/24838"}],"wp:featuredmedia":[{"embeddable":true,"href":"https:\/\/termix.net\/blog\/es\/wp-json\/wp\/v2\/media\/21655"}],"wp:attachment":[{"href":"https:\/\/termix.net\/blog\/es\/wp-json\/wp\/v2\/media?parent=19722"}],"wp:term":[{"taxonomy":"category","embeddable":true,"href":"https:\/\/termix.net\/blog\/es\/wp-json\/wp\/v2\/categories?post=19722"},{"taxonomy":"post_tag","embeddable":true,"href":"https:\/\/termix.net\/blog\/es\/wp-json\/wp\/v2\/tags?post=19722"}],"curies":[{"name":"wp","href":"https:\/\/api.w.org\/{rel}","templated":true}]}}