{"id":19650,"date":"2019-08-27T08:33:03","date_gmt":"2019-08-27T06:33:03","guid":{"rendered":"https:\/\/termix.net\/?p=19650"},"modified":"2019-12-02T14:42:07","modified_gmt":"2019-12-02T13:42:07","slug":"cepillos-termix-en-el-camerino-masterchef","status":"publish","type":"post","link":"https:\/\/termix.net\/blog\/es\/cepillos-termix-en-el-camerino-masterchef\/","title":{"rendered":"Termix se adentra en el camerino de MasterChef Celebrity 4\u00ba"},"content":{"rendered":"<p style=\"text-align: center;\">NOTICIAS &#8211; 2 MIN DE LECTURA<\/p>\n<h1 style=\"text-align: center;\">Termix se adentra en el camerino de MasterChef Celebrity 4\u00ba<\/h1>\n<p style=\"text-align: center;\">Los fogones de la cuarta edici\u00f3n de <strong>MasterChef Celebrity<\/strong> ya est\u00e1n preparados para recibir un sinf\u00edn de talento.<\/p>\n<p style=\"text-align: center;\">\n<p><img decoding=\"async\" class=\"wp-image-19659 size-full aligncenter\" src=\"https:\/\/termix.net\/blog\/wp-content\/uploads\/2019\/08\/masterchef-cepillos-Termix.jpg\" alt=\"\" width=\"1160\" height=\"653\" \/><\/p>\n<p>&nbsp;<\/p>\n<p style=\"text-align: center;\">El programa que pone a prueba las habilidades culinarias de nuestras estrellas m\u00e1s medi\u00e1ticas ha confiado otro a\u00f1o m\u00e1s en <strong>Termix<\/strong> para sacar el m\u00e1ximo potencial de su cabello.<\/p>\n<h2 style=\"text-align: left;\"><strong> \u00bfNos acompa\u00f1as en esta aventura entre fogones?<\/strong><\/h2>\n<p style=\"text-align: justify;\">El reality que saca a relucir el chef que llevan dentro las celebrities ya est\u00e1 preparando el men\u00fa que llenar\u00e1 semana tras semana nuestras pantallas. Como cada a\u00f1o, ser\u00e1n <strong>Jordi Cruz<\/strong>, <strong>Pepe Rodriguez<\/strong> y <strong>Samantha<\/strong> los encargados de juzgar las habilidades t\u00e9cnicas de los concursantes. \u00bfLograr\u00e1n crear platos dignos de restaurante?<\/p>\n<p><img decoding=\"async\" class=\"size-full wp-image-19653\" src=\"https:\/\/termix.net\/blog\/wp-content\/uploads\/2019\/08\/masterchef_celebrity_termix.jpg\" alt=\"\" width=\"1160\" height=\"863\" \/><\/p>\n<h4>Jordi Cruz se atreve a moldear el cabello de Tamara Falc\u00f3 con la plancha de pelo Termix 230\u00ba<\/h4>\n<p style=\"text-align: justify;\">Los seguidores de este programa sabr\u00e1n que el nivel de exigencia es muy elevado. Y no s\u00f3lo en la cocina. Tambi\u00e9n en el camerino, donde los estilistas deben de trabajar raudos y veloces para que nuestros famosos salgan a concursar perfectos y con mucha seguridad. Es por ello que eligen los <strong>cepillos Termix<\/strong> para moldear las melenas de los concursantes.<\/p>\n<p style=\"text-align: justify;\">Y es que la gama de <strong>cepillos Termix Evolution<\/strong> es la \u00fanica del mercado pensada para adaptarse a los diferentes tipos de cabellos existentes.<\/p>\n<p><img decoding=\"async\" class=\"wp-image-19660 size-full aligncenter\" src=\"https:\/\/termix.net\/blog\/wp-content\/uploads\/2019\/08\/cepillos-evolution-en-el-camerino-masterchef.jpg\" alt=\"\" width=\"1160\" height=\"660\" \/><\/p>\n<p style=\"text-align: justify;\">Adem\u00e1s, la <strong>plancha de pelo 230\u00ba Black Edition<\/strong> -en las im\u00e1genes su versi\u00f3n en color rojo- es perfecta para lograr acabados profesionales en tiempo r\u00e9cord y protegiendo la salud del cabello. Con placas de cer\u00e1mica y turmalina, la 230\u00ba Black Edition permite ajustar la temperatura de <strong>130 a 230\u00baC.<\/strong><\/p>\n<p style=\"text-align: justify;\">Por permitir regular la temperatura, es ideal porque se adapta a las necesidades de cualquier tipo de cabello.<\/p>\n<p>&nbsp;<\/p>\n<p><img decoding=\"async\" class=\"alignnone wp-image-19658 size-full\" src=\"https:\/\/termix.net\/blog\/wp-content\/uploads\/2019\/08\/cepillos-Termix-Evolution.jpg\" alt=\"\" width=\"1160\" height=\"863\" \/><\/p>\n<h4>\u00daltimos retoques para Vicky Mart\u00edn Berrocal con la plancha de pelo Termix 230\u00ba<\/h4>\n<p>&nbsp;<\/p>\n<h2 style=\"text-align: justify;\">Pero\u2026 \u00bfqui\u00e9nes ser\u00e1n los concursantes de esta nueva edici\u00f3n?<\/h2>\n<p style=\"text-align: justify;\">Muchos de ellos ya se est\u00e1n preparando en sus casas o recibiendo clases de chefs profesionales. Y es que lo demanda la alta exigencia de <strong>MasterChef<\/strong> y su jurado, que no dejan pasar ni una. Por ejemplo, <strong>Vicky Mart\u00edn Berrocal<\/strong> ha sido de las primeras en ponerse el delantal del programa y practicar en casa. Otra de las participantes se declara futura ganadora anticipada del concurso. Ella es <strong>Marta Torn\u00e9<\/strong> y, junto a <strong>El Sevilla<\/strong>, <strong>Juan Avellaneda<\/strong>, <strong>Los Chunguitos<\/strong> o Yolanda Ramos ser\u00e1n los encargados de deleitarnos con platos cargados de sabor.<\/p>\n<p><img decoding=\"async\" class=\"size-full wp-image-19655\" src=\"https:\/\/termix.net\/blog\/wp-content\/uploads\/2019\/08\/masterchef_celebrity_rtve.jpg\" alt=\"\" width=\"1160\" height=\"653\" \/><\/p>\n<h4>Los concursantes de la 4a edici\u00f3n de MasterChef Celebrity | RTVE<\/h4>\n<p style=\"text-align: justify;\">Adem\u00e1s, esta edici\u00f3n tambi\u00e9n contar\u00e1 con <strong>Ana Obreg\u00f3n<\/strong>, <strong>F\u00e9lix G\u00f3mez<\/strong>, <strong>Almudena Cid<\/strong> y <strong>Tamara Falc\u00f3<\/strong>. Un elenco cargado de talento con ganas de pasarlo bien que nos ofrecer\u00e1n grandes momentos entre los fogones m\u00e1s conocidos de la televisi\u00f3n.<\/p>\n<h3 style=\"text-align: justify;\">\u00a1No te pierdas la cuarta edici\u00f3n de MasterChef Celebrity!<\/h3>\n","protected":false},"excerpt":{"rendered":"<p>NOTICIAS &#8211; 2 MIN DE LECTURA Termix se adentra en<\/p>\n","protected":false},"author":2,"featured_media":21765,"comment_status":"open","ping_status":"open","sticky":false,"template":"","format":"standard","meta":[],"categories":[6],"tags":[],"yoast_head":"<!-- This site is optimized with the Yoast SEO plugin v20.0 - https:\/\/yoast.com\/wordpress\/plugins\/seo\/ -->\n<title>Los cepillos Termix se cuelan en el camerino de MasterChef Celebrity 4<\/title>\n<meta name=\"description\" content=\"Los fogones de la cuarta edici\u00f3n de MasterChef Celebrity ya est\u00e1n preparados para recibir un sinf\u00edn de talento. El programa que pone a prueba las habilidades culinarias de nuestras estrellas m\u00e1s medi\u00e1ticas, ha confiado otro a\u00f1o m\u00e1s en nosotros para sacar el m\u00e1ximo potencial de su cabello con nuestros cepillos Termix.\" \/>\n<meta name=\"robots\" content=\"index, follow, max-snippet:-1, max-image-preview:large, max-video-preview:-1\" \/>\n<link rel=\"canonical\" href=\"https:\/\/termix.net\/blog\/es\/cepillos-termix-en-el-camerino-masterchef\/\" \/>\n<meta property=\"og:locale\" content=\"es_ES\" \/>\n<meta property=\"og:type\" content=\"article\" \/>\n<meta property=\"og:title\" content=\"Los cepillos Termix se cuelan en el camerino de MasterChef Celebrity 4\" \/>\n<meta property=\"og:description\" content=\"Los fogones de la cuarta edici\u00f3n de MasterChef Celebrity ya est\u00e1n preparados para recibir un sinf\u00edn de talento. El programa que pone a prueba las habilidades culinarias de nuestras estrellas m\u00e1s medi\u00e1ticas, ha confiado otro a\u00f1o m\u00e1s en nosotros para sacar el m\u00e1ximo potencial de su cabello con nuestros cepillos Termix.\" \/>\n<meta property=\"og:url\" content=\"https:\/\/termix.net\/blog\/es\/cepillos-termix-en-el-camerino-masterchef\/\" \/>\n<meta property=\"og:site_name\" content=\"Blog Termix Spain\" \/>\n<meta property=\"article:published_time\" content=\"2019-08-27T06:33:03+00:00\" \/>\n<meta property=\"article:modified_time\" content=\"2019-12-02T13:42:07+00:00\" \/>\n<meta property=\"og:image\" content=\"https:\/\/termix.net\/blog\/wp-content\/uploads\/2019\/08\/masterchef-cepillos-Termix.jpg\" \/>\n\t<meta property=\"og:image:width\" content=\"1160\" \/>\n\t<meta property=\"og:image:height\" content=\"653\" \/>\n\t<meta property=\"og:image:type\" content=\"image\/jpeg\" \/>\n<meta name=\"author\" content=\"TermixTeam\" \/>\n<meta name=\"twitter:card\" content=\"summary_large_image\" \/>\n<meta name=\"twitter:label1\" content=\"Escrito por\" \/>\n\t<meta name=\"twitter:data1\" content=\"TermixTeam\" \/>\n\t<meta name=\"twitter:label2\" content=\"Tiempo de lectura\" \/>\n\t<meta name=\"twitter:data2\" content=\"2 minutos\" \/>\n<script type=\"application\/ld+json\" class=\"yoast-schema-graph\">{\"@context\":\"https:\/\/schema.org\",\"@graph\":[{\"@type\":\"Article\",\"@id\":\"https:\/\/termix.net\/blog\/es\/cepillos-termix-en-el-camerino-masterchef\/#article\",\"isPartOf\":{\"@id\":\"https:\/\/termix.net\/blog\/es\/cepillos-termix-en-el-camerino-masterchef\/\"},\"author\":{\"name\":\"TermixTeam\",\"@id\":\"https:\/\/termix.net\/blog\/es\/#\/schema\/person\/9096c98bdf03c8ddf91ad7172f254f40\"},\"headline\":\"Termix se adentra en el camerino de MasterChef Celebrity 4\u00ba\",\"datePublished\":\"2019-08-27T06:33:03+00:00\",\"dateModified\":\"2019-12-02T13:42:07+00:00\",\"mainEntityOfPage\":{\"@id\":\"https:\/\/termix.net\/blog\/es\/cepillos-termix-en-el-camerino-masterchef\/\"},\"wordCount\":505,\"commentCount\":0,\"publisher\":{\"@id\":\"https:\/\/termix.net\/blog\/es\/#organization\"},\"articleSection\":[\"NOTICIAS\"],\"inLanguage\":\"es\",\"potentialAction\":[{\"@type\":\"CommentAction\",\"name\":\"Comment\",\"target\":[\"https:\/\/termix.net\/blog\/es\/cepillos-termix-en-el-camerino-masterchef\/#respond\"]}]},{\"@type\":\"WebPage\",\"@id\":\"https:\/\/termix.net\/blog\/es\/cepillos-termix-en-el-camerino-masterchef\/\",\"url\":\"https:\/\/termix.net\/blog\/es\/cepillos-termix-en-el-camerino-masterchef\/\",\"name\":\"Los cepillos Termix se cuelan en el camerino de MasterChef Celebrity 4\",\"isPartOf\":{\"@id\":\"https:\/\/termix.net\/blog\/es\/#website\"},\"datePublished\":\"2019-08-27T06:33:03+00:00\",\"dateModified\":\"2019-12-02T13:42:07+00:00\",\"description\":\"Los fogones de la cuarta edici\u00f3n de MasterChef Celebrity ya est\u00e1n preparados para recibir un sinf\u00edn de talento. El programa que pone a prueba las habilidades culinarias de nuestras estrellas m\u00e1s medi\u00e1ticas, ha confiado otro a\u00f1o m\u00e1s en nosotros para sacar el m\u00e1ximo potencial de su cabello con nuestros cepillos Termix.\",\"breadcrumb\":{\"@id\":\"https:\/\/termix.net\/blog\/es\/cepillos-termix-en-el-camerino-masterchef\/#breadcrumb\"},\"inLanguage\":\"es\",\"potentialAction\":[{\"@type\":\"ReadAction\",\"target\":[\"https:\/\/termix.net\/blog\/es\/cepillos-termix-en-el-camerino-masterchef\/\"]}]},{\"@type\":\"BreadcrumbList\",\"@id\":\"https:\/\/termix.net\/blog\/es\/cepillos-termix-en-el-camerino-masterchef\/#breadcrumb\",\"itemListElement\":[{\"@type\":\"ListItem\",\"position\":1,\"name\":\"Home\",\"item\":\"https:\/\/termix.net\/blog\/es\/\"},{\"@type\":\"ListItem\",\"position\":2,\"name\":\"Termix se adentra en el camerino de MasterChef Celebrity 4\u00ba\"}]},{\"@type\":\"WebSite\",\"@id\":\"https:\/\/termix.net\/blog\/es\/#website\",\"url\":\"https:\/\/termix.net\/blog\/es\/\",\"name\":\"Blog Termix Spain\",\"description\":\"Blog de tendencias y productos de peluquer\u00eda profesional.\",\"publisher\":{\"@id\":\"https:\/\/termix.net\/blog\/es\/#organization\"},\"potentialAction\":[{\"@type\":\"SearchAction\",\"target\":{\"@type\":\"EntryPoint\",\"urlTemplate\":\"https:\/\/termix.net\/blog\/es\/?s={search_term_string}\"},\"query-input\":\"required name=search_term_string\"}],\"inLanguage\":\"es\"},{\"@type\":\"Organization\",\"@id\":\"https:\/\/termix.net\/blog\/es\/#organization\",\"name\":\"Dols Industrial de Peluquer\u00eda SA\",\"url\":\"https:\/\/termix.net\/blog\/es\/\",\"logo\":{\"@type\":\"ImageObject\",\"inLanguage\":\"es\",\"@id\":\"https:\/\/termix.net\/blog\/es\/#\/schema\/logo\/image\/\",\"url\":\"https:\/\/termix.net\/blog\/wp-content\/uploads\/2020\/10\/OGbDAeng.jpeg\",\"contentUrl\":\"https:\/\/termix.net\/blog\/wp-content\/uploads\/2020\/10\/OGbDAeng.jpeg\",\"width\":800,\"height\":800,\"caption\":\"Dols Industrial de Peluquer\u00eda SA\"},\"image\":{\"@id\":\"https:\/\/termix.net\/blog\/es\/#\/schema\/logo\/image\/\"}},{\"@type\":\"Person\",\"@id\":\"https:\/\/termix.net\/blog\/es\/#\/schema\/person\/9096c98bdf03c8ddf91ad7172f254f40\",\"name\":\"TermixTeam\",\"image\":{\"@type\":\"ImageObject\",\"inLanguage\":\"es\",\"@id\":\"https:\/\/termix.net\/blog\/es\/#\/schema\/person\/image\/\",\"url\":\"https:\/\/secure.gravatar.com\/avatar\/d89f61f6bd1c29a4acb231736d1c74b3?s=96&d=mm&r=g\",\"contentUrl\":\"https:\/\/secure.gravatar.com\/avatar\/d89f61f6bd1c29a4acb231736d1c74b3?s=96&d=mm&r=g\",\"caption\":\"TermixTeam\"},\"url\":\"https:\/\/termix.net\/blog\/es\/author\/termixteam\/\"}]}<\/script>\n<!-- \/ Yoast SEO plugin. -->","yoast_head_json":{"title":"Los cepillos Termix se cuelan en el camerino de MasterChef Celebrity 4","description":"Los fogones de la cuarta edici\u00f3n de MasterChef Celebrity ya est\u00e1n preparados para recibir un sinf\u00edn de talento. El programa que pone a prueba las habilidades culinarias de nuestras estrellas m\u00e1s medi\u00e1ticas, ha confiado otro a\u00f1o m\u00e1s en nosotros para sacar el m\u00e1ximo potencial de su cabello con nuestros cepillos Termix.","robots":{"index":"index","follow":"follow","max-snippet":"max-snippet:-1","max-image-preview":"max-image-preview:large","max-video-preview":"max-video-preview:-1"},"canonical":"https:\/\/termix.net\/blog\/es\/cepillos-termix-en-el-camerino-masterchef\/","og_locale":"es_ES","og_type":"article","og_title":"Los cepillos Termix se cuelan en el camerino de MasterChef Celebrity 4","og_description":"Los fogones de la cuarta edici\u00f3n de MasterChef Celebrity ya est\u00e1n preparados para recibir un sinf\u00edn de talento. El programa que pone a prueba las habilidades culinarias de nuestras estrellas m\u00e1s medi\u00e1ticas, ha confiado otro a\u00f1o m\u00e1s en nosotros para sacar el m\u00e1ximo potencial de su cabello con nuestros cepillos Termix.","og_url":"https:\/\/termix.net\/blog\/es\/cepillos-termix-en-el-camerino-masterchef\/","og_site_name":"Blog Termix Spain","article_published_time":"2019-08-27T06:33:03+00:00","article_modified_time":"2019-12-02T13:42:07+00:00","og_image":[{"width":1160,"height":653,"url":"https:\/\/termix.net\/blog\/wp-content\/uploads\/2019\/08\/masterchef-cepillos-Termix.jpg","type":"image\/jpeg"}],"author":"TermixTeam","twitter_card":"summary_large_image","twitter_misc":{"Escrito por":"TermixTeam","Tiempo de lectura":"2 minutos"},"schema":{"@context":"https:\/\/schema.org","@graph":[{"@type":"Article","@id":"https:\/\/termix.net\/blog\/es\/cepillos-termix-en-el-camerino-masterchef\/#article","isPartOf":{"@id":"https:\/\/termix.net\/blog\/es\/cepillos-termix-en-el-camerino-masterchef\/"},"author":{"name":"TermixTeam","@id":"https:\/\/termix.net\/blog\/es\/#\/schema\/person\/9096c98bdf03c8ddf91ad7172f254f40"},"headline":"Termix se adentra en el camerino de MasterChef Celebrity 4\u00ba","datePublished":"2019-08-27T06:33:03+00:00","dateModified":"2019-12-02T13:42:07+00:00","mainEntityOfPage":{"@id":"https:\/\/termix.net\/blog\/es\/cepillos-termix-en-el-camerino-masterchef\/"},"wordCount":505,"commentCount":0,"publisher":{"@id":"https:\/\/termix.net\/blog\/es\/#organization"},"articleSection":["NOTICIAS"],"inLanguage":"es","potentialAction":[{"@type":"CommentAction","name":"Comment","target":["https:\/\/termix.net\/blog\/es\/cepillos-termix-en-el-camerino-masterchef\/#respond"]}]},{"@type":"WebPage","@id":"https:\/\/termix.net\/blog\/es\/cepillos-termix-en-el-camerino-masterchef\/","url":"https:\/\/termix.net\/blog\/es\/cepillos-termix-en-el-camerino-masterchef\/","name":"Los cepillos Termix se cuelan en el camerino de MasterChef Celebrity 4","isPartOf":{"@id":"https:\/\/termix.net\/blog\/es\/#website"},"datePublished":"2019-08-27T06:33:03+00:00","dateModified":"2019-12-02T13:42:07+00:00","description":"Los fogones de la cuarta edici\u00f3n de MasterChef Celebrity ya est\u00e1n preparados para recibir un sinf\u00edn de talento. El programa que pone a prueba las habilidades culinarias de nuestras estrellas m\u00e1s medi\u00e1ticas, ha confiado otro a\u00f1o m\u00e1s en nosotros para sacar el m\u00e1ximo potencial de su cabello con nuestros cepillos Termix.","breadcrumb":{"@id":"https:\/\/termix.net\/blog\/es\/cepillos-termix-en-el-camerino-masterchef\/#breadcrumb"},"inLanguage":"es","potentialAction":[{"@type":"ReadAction","target":["https:\/\/termix.net\/blog\/es\/cepillos-termix-en-el-camerino-masterchef\/"]}]},{"@type":"BreadcrumbList","@id":"https:\/\/termix.net\/blog\/es\/cepillos-termix-en-el-camerino-masterchef\/#breadcrumb","itemListElement":[{"@type":"ListItem","position":1,"name":"Home","item":"https:\/\/termix.net\/blog\/es\/"},{"@type":"ListItem","position":2,"name":"Termix se adentra en el camerino de MasterChef Celebrity 4\u00ba"}]},{"@type":"WebSite","@id":"https:\/\/termix.net\/blog\/es\/#website","url":"https:\/\/termix.net\/blog\/es\/","name":"Blog Termix Spain","description":"Blog de tendencias y productos de peluquer\u00eda profesional.","publisher":{"@id":"https:\/\/termix.net\/blog\/es\/#organization"},"potentialAction":[{"@type":"SearchAction","target":{"@type":"EntryPoint","urlTemplate":"https:\/\/termix.net\/blog\/es\/?s={search_term_string}"},"query-input":"required name=search_term_string"}],"inLanguage":"es"},{"@type":"Organization","@id":"https:\/\/termix.net\/blog\/es\/#organization","name":"Dols Industrial de Peluquer\u00eda SA","url":"https:\/\/termix.net\/blog\/es\/","logo":{"@type":"ImageObject","inLanguage":"es","@id":"https:\/\/termix.net\/blog\/es\/#\/schema\/logo\/image\/","url":"https:\/\/termix.net\/blog\/wp-content\/uploads\/2020\/10\/OGbDAeng.jpeg","contentUrl":"https:\/\/termix.net\/blog\/wp-content\/uploads\/2020\/10\/OGbDAeng.jpeg","width":800,"height":800,"caption":"Dols Industrial de Peluquer\u00eda SA"},"image":{"@id":"https:\/\/termix.net\/blog\/es\/#\/schema\/logo\/image\/"}},{"@type":"Person","@id":"https:\/\/termix.net\/blog\/es\/#\/schema\/person\/9096c98bdf03c8ddf91ad7172f254f40","name":"TermixTeam","image":{"@type":"ImageObject","inLanguage":"es","@id":"https:\/\/termix.net\/blog\/es\/#\/schema\/person\/image\/","url":"https:\/\/secure.gravatar.com\/avatar\/d89f61f6bd1c29a4acb231736d1c74b3?s=96&d=mm&r=g","contentUrl":"https:\/\/secure.gravatar.com\/avatar\/d89f61f6bd1c29a4acb231736d1c74b3?s=96&d=mm&r=g","caption":"TermixTeam"},"url":"https:\/\/termix.net\/blog\/es\/author\/termixteam\/"}]}},"_links":{"self":[{"href":"https:\/\/termix.net\/blog\/es\/wp-json\/wp\/v2\/posts\/19650"}],"collection":[{"href":"https:\/\/termix.net\/blog\/es\/wp-json\/wp\/v2\/posts"}],"about":[{"href":"https:\/\/termix.net\/blog\/es\/wp-json\/wp\/v2\/types\/post"}],"author":[{"embeddable":true,"href":"https:\/\/termix.net\/blog\/es\/wp-json\/wp\/v2\/users\/2"}],"replies":[{"embeddable":true,"href":"https:\/\/termix.net\/blog\/es\/wp-json\/wp\/v2\/comments?post=19650"}],"version-history":[{"count":2,"href":"https:\/\/termix.net\/blog\/es\/wp-json\/wp\/v2\/posts\/19650\/revisions"}],"predecessor-version":[{"id":21767,"href":"https:\/\/termix.net\/blog\/es\/wp-json\/wp\/v2\/posts\/19650\/revisions\/21767"}],"wp:featuredmedia":[{"embeddable":true,"href":"https:\/\/termix.net\/blog\/es\/wp-json\/wp\/v2\/media\/21765"}],"wp:attachment":[{"href":"https:\/\/termix.net\/blog\/es\/wp-json\/wp\/v2\/media?parent=19650"}],"wp:term":[{"taxonomy":"category","embeddable":true,"href":"https:\/\/termix.net\/blog\/es\/wp-json\/wp\/v2\/categories?post=19650"},{"taxonomy":"post_tag","embeddable":true,"href":"https:\/\/termix.net\/blog\/es\/wp-json\/wp\/v2\/tags?post=19650"}],"curies":[{"name":"wp","href":"https:\/\/api.w.org\/{rel}","templated":true}]}}