{"id":19450,"date":"2019-06-02T09:28:45","date_gmt":"2019-06-02T07:28:45","guid":{"rendered":"https:\/\/termix.net\/?p=19450"},"modified":"2019-12-17T12:10:11","modified_gmt":"2019-12-17T11:10:11","slug":"empieza-sorteo-be-yourself-junto-corta-cabeza-hair-salon-participas","status":"publish","type":"post","link":"https:\/\/termix.net\/blog\/es\/empieza-sorteo-be-yourself-junto-corta-cabeza-hair-salon-participas\/","title":{"rendered":"\u00a1Empieza el sorteo junto a Corta Cabeza Hair Salon! \u00bfParticipas?"},"content":{"rendered":"<h1 style=\"text-align: center;\">\u00a1Empieza el sorteo junto a Corta Cabeza Hair Salon! \u00bfParticipas?<\/h1>\n<p style=\"text-align: center;\">Para celebrar con Orgullo qui\u00e9n eres, Termix en colaboraci\u00f3n con Corta Cabeza Hair Salon, presenta un sorteo excepcional.<\/p>\n<p style=\"text-align: center;\">\u00a1Podr\u00e1s ganar un pack C\u00b7Ramic Pride y un peinado exclusivo en Corta Cabeza! Sigue leyendo para enterarte de c\u00f3mo participar.<\/p>\n<p style=\"text-align: center;\">\n<strong>\u00bfCelebras el Pride con nosotros?<\/strong><\/p>\n<p><img decoding=\"async\" class=\"size-full wp-image-19006 aligncenter\" src=\"https:\/\/termix.net\/blog\/wp-content\/uploads\/2019\/06\/pride_cepillos_termix.jpg\" alt=\"pride_cepillos_termix\" width=\"1160\" height=\"660\" \/><\/p>\n<p>&nbsp;<\/p>\n<h2>As\u00ed funciona el sorteo \u00abBe Yourself\u00bb<\/h2>\n<p style=\"text-align: justify;\">\u00a1Arrancamos el sorteo \u00ab<strong>Be Yourself<\/strong>\u00ab! A lo largo del d\u00eda de hoy subiremos a nuestro perfil de Instagram una imagen que anunciar\u00e1 este sorteo tan especial. A partir de ese momento y hasta el d\u00eda 07 de julio, podr\u00e1s convertirte en candidato\/a para ganar un fant\u00e1stico premio compuesto por el <b>pack de cepillos C\u00b7ramic Pride<\/b> y un peinado de tendencia en uno de los salones Corta Cabeza de Madrid.\u00a0 \u00a0Participar es muy f\u00e1cil:<\/p>\n<p><img decoding=\"async\" class=\"size-full wp-image-18991 aligncenter\" src=\"https:\/\/termix.net\/blog\/wp-content\/uploads\/2019\/06\/pride_articulo.jpg\" alt=\"pride_articulo\" width=\"1160\" height=\"660\" \/><\/p>\n<ol style=\"text-align: justify;\">\n<li>Sigue los perfiles de Instagram @termixoficial y el de @corta_cabeza<\/li>\n<li>Dale a like a la fotograf\u00eda<\/li>\n<li>Comenta la foto etiquetando a un\/a amigo\/a<\/li>\n<li>\u00a1Podr\u00e1s convertirte en el ganador\/a de este fant\u00e1stico lote de productos! Sorteamos 5 packs.<\/li>\n<\/ol>\n<p style=\"text-align: justify;\">Para que celebres como nunca aquello que te hace \u00fanico\/a.<\/p>\n<p>&nbsp;<\/p>\n<h2>Celebramos aquello que te hace \u00fanicx<\/h2>\n<p style=\"text-align: justify;\">Este a\u00f1o, celebramos el <strong>D\u00eda del Orgullo LGTBIAQ+<\/strong> enfatizando la liberaci\u00f3n de mostrarnos como realmente somos. Sin complejos. Sin ataduras. Y para que des alas a ese estilo que te hace \u00fanico\u2026 \u00a1Presentamos la nueva <strong>edici\u00f3n limitada<\/strong> de los <strong><span style=\"text-decoration: underline;\">cepillos C\u00b7Ramic Pride<\/span><\/strong>!<\/p>\n<p>&nbsp;<\/p>\n<p><iframe src=\"https:\/\/www.youtube.com\/embed\/_2kdUsFdSnI?autoplay=1&amp;rel=0\" width=\"100%\" height=\"480\" frameborder=\"0\" allowfullscreen=\"allowfullscreen\"><span data-mce-type=\"bookmark\" style=\"display: inline-block; width: 0px; overflow: hidden; line-height: 0;\" class=\"mce_SELRES_start\">\ufeff<\/span><\/iframe><\/p>\n<p style=\"text-align: justify;\">Ser nosotrxs mismxs es el mejor y el mayor regalo que podemos hacernos. Porque la capacidad de expresarnos y de conectar con los dem\u00e1s sin barreras, ni tapujos es aquello que nos deriva hacia la felicidad. Es por esa valent\u00eda y talento por los que queremos dedicarte una parte de nuestro d\u00eda y recordarte que no hay nadie como t\u00fa. Porque no queremos que olvides aquello que realmente te define. Lucha para defenderlo al m\u00e1ximo.<\/p>\n<p style=\"text-align: justify;\">Con esta idea en mente, llegan los nuevos <span style=\"text-decoration: underline;\"><strong>cepillos Termix C\u00b7Ramic Pride<\/strong><\/span> con el hashtag <strong>#MuestraQui\u00e9nEres<\/strong>. Porque muchos son los atributos que te hacen unicx y estamos orgullosos de todo aquello que te define. \u00a1Pot\u00e9ncialo al m\u00e1ximo!<\/p>\n<p>&nbsp;<\/p>\n<p><img decoding=\"async\" class=\"size-full wp-image-18993 aligncenter\" src=\"https:\/\/termix.net\/blog\/wp-content\/uploads\/2019\/06\/cramic-pride_cepillomodel.jpg\" alt=\"cramic pride_cepillomodel\" width=\"1160\" height=\"660\" \/><\/p>\n<p>&nbsp;<\/p>\n<h2>As\u00ed son los nuevos cepillos edici\u00f3n limitada C\u00b7Ramic Pride<\/h2>\n<p style=\"text-align: justify;\">Te los presentamos. Los <strong>cepillos C\u00b7Ramic Pride<\/strong> llegan en un neceser exclusivo y con mucha personalidad, perfecto para acompa\u00f1arte a todas partes. Y los <strong>6 cepillos<\/strong> de la<span style=\"text-decoration: underline;\"><strong> gama C\u00b7Ramic<\/strong> <\/span>se identifican con la bandera <strong>LGTBI<\/strong>, todo un s\u00edmbolo de la libertad con los colores del arco\u00edris para aclamar con orgullo un mensaje de tolerancia e inclusi\u00f3n.<\/p>\n<p style=\"text-align: justify;\">Y como queremos ofrecerte lo mejor para que potencies al m\u00e1ximo tu estilo\u2026 As\u00ed son los<strong> cepillos Termix C\u00b7Ramic<\/strong> Pride:<\/p>\n<ul>\n<li style=\"text-align: justify;\"><strong>Tecnolog\u00eda i\u00f3nica:<\/strong> Las fibras de nylon 6.6 de los cepillos Pride incluyen <strong>tecnolog\u00eda i\u00f3nica<\/strong>, que eliminan el encrespamiento de forma eficaz.<\/li>\n<li style=\"text-align: justify;\"><strong>Totalmente ergon\u00f3micos:<\/strong> Mango adaptado a la <strong>forma de la mano<\/strong> y muy ligeros. Para brushings perfectos y sin esfuerzo.<\/li>\n<li style=\"text-align: justify;\"><strong>Recubrimiento ceramico del tubo:<\/strong> El tubo est\u00e1 <strong>recubierto de cer\u00e1mica<\/strong>, un material org\u00e1nico que permite repartir de forma homog\u00e9nea el calor a lo largo de su superficie. De esta forma, podremos trabajar el cabello sin temor a da\u00f1arlo y potenciando su brillo natural.<\/li>\n<li style=\"text-align: justify;\"><strong>En 6 di\u00e1metros diferentes:<\/strong> \u00f812, \u00f817, \u00f823, \u00f828, \u00f832 y \u00f843<\/li>\n<li><strong>Neceser PRIDE<\/strong>: Con un dise\u00f1o muy actual, los nuevos cepillos Pride se incluyen en un neceser transparente y base de cuero sint\u00e9tico, para que te los lleves a toda partes.<\/li>\n<\/ul>\n<p>&nbsp;<\/p>\n<h2>\u00bfTe animas a participar?<\/h2>\n<h3>\u00a1Visita nuestro perfil de <span style=\"text-decoration: underline;\">Instagram @termixoficial<\/span> ! Y no te olvides de seguir a <span style=\"text-decoration: underline;\">@corta_cabeza\u00a0<\/span><\/h3>\n","protected":false},"excerpt":{"rendered":"<p>\u00a1Empieza el sorteo junto a Corta Cabeza Hair Salon! \u00bfParticipas?<\/p>\n","protected":false},"author":2,"featured_media":21777,"comment_status":"open","ping_status":"open","sticky":false,"template":"","format":"standard","meta":[],"categories":[6],"tags":[],"yoast_head":"<!-- This site is optimized with the Yoast SEO plugin v20.0 - https:\/\/yoast.com\/wordpress\/plugins\/seo\/ -->\n<title>Empieza el sorteo BE YOURSELF de Termix y Corta Cabeza \u00bfTe animas a participar?<\/title>\n<meta name=\"description\" content=\"Para celebrar con Orgullo qui\u00e9n eres, Termix en colaboraci\u00f3n con Corta Cabeza Hair Salon, presenta un sorteo excepcional. \u00a1Podr\u00e1s ganar un pack C\u00b7Ramic Pride y un peinado exclusivo en Corta Cabeza! Sigue leyendo para enterarte de c\u00f3mo participar. \u00bfCelebras el Pride con nosotros?\" \/>\n<meta name=\"robots\" content=\"index, follow, max-snippet:-1, max-image-preview:large, max-video-preview:-1\" \/>\n<link rel=\"canonical\" href=\"https:\/\/termix.net\/blog\/es\/empieza-sorteo-be-yourself-junto-corta-cabeza-hair-salon-participas\/\" \/>\n<meta property=\"og:locale\" content=\"es_ES\" \/>\n<meta property=\"og:type\" content=\"article\" \/>\n<meta property=\"og:title\" content=\"Empieza el sorteo BE YOURSELF de Termix y Corta Cabeza \u00bfTe animas a participar?\" \/>\n<meta property=\"og:description\" content=\"Para celebrar con Orgullo qui\u00e9n eres, Termix en colaboraci\u00f3n con Corta Cabeza Hair Salon, presenta un sorteo excepcional. \u00a1Podr\u00e1s ganar un pack C\u00b7Ramic Pride y un peinado exclusivo en Corta Cabeza! Sigue leyendo para enterarte de c\u00f3mo participar. \u00bfCelebras el Pride con nosotros?\" \/>\n<meta property=\"og:url\" content=\"https:\/\/termix.net\/blog\/es\/empieza-sorteo-be-yourself-junto-corta-cabeza-hair-salon-participas\/\" \/>\n<meta property=\"og:site_name\" content=\"Blog Termix Spain\" \/>\n<meta property=\"article:published_time\" content=\"2019-06-02T07:28:45+00:00\" \/>\n<meta property=\"article:modified_time\" content=\"2019-12-17T11:10:11+00:00\" \/>\n<meta property=\"og:image\" content=\"https:\/\/termix.net\/blog\/wp-content\/uploads\/2019\/06\/pride_cepillos_termix.jpg\" \/>\n\t<meta property=\"og:image:width\" content=\"1160\" \/>\n\t<meta property=\"og:image:height\" content=\"660\" \/>\n\t<meta property=\"og:image:type\" content=\"image\/jpeg\" \/>\n<meta name=\"author\" content=\"TermixTeam\" \/>\n<meta name=\"twitter:card\" content=\"summary_large_image\" \/>\n<meta name=\"twitter:label1\" content=\"Escrito por\" \/>\n\t<meta name=\"twitter:data1\" content=\"TermixTeam\" \/>\n\t<meta name=\"twitter:label2\" content=\"Tiempo de lectura\" \/>\n\t<meta name=\"twitter:data2\" content=\"3 minutos\" \/>\n<script type=\"application\/ld+json\" class=\"yoast-schema-graph\">{\"@context\":\"https:\/\/schema.org\",\"@graph\":[{\"@type\":\"Article\",\"@id\":\"https:\/\/termix.net\/blog\/es\/empieza-sorteo-be-yourself-junto-corta-cabeza-hair-salon-participas\/#article\",\"isPartOf\":{\"@id\":\"https:\/\/termix.net\/blog\/es\/empieza-sorteo-be-yourself-junto-corta-cabeza-hair-salon-participas\/\"},\"author\":{\"name\":\"TermixTeam\",\"@id\":\"https:\/\/termix.net\/blog\/es\/#\/schema\/person\/9096c98bdf03c8ddf91ad7172f254f40\"},\"headline\":\"\u00a1Empieza el sorteo junto a Corta Cabeza Hair Salon! \u00bfParticipas?\",\"datePublished\":\"2019-06-02T07:28:45+00:00\",\"dateModified\":\"2019-12-17T11:10:11+00:00\",\"mainEntityOfPage\":{\"@id\":\"https:\/\/termix.net\/blog\/es\/empieza-sorteo-be-yourself-junto-corta-cabeza-hair-salon-participas\/\"},\"wordCount\":628,\"commentCount\":0,\"publisher\":{\"@id\":\"https:\/\/termix.net\/blog\/es\/#organization\"},\"articleSection\":[\"NOTICIAS\"],\"inLanguage\":\"es\",\"potentialAction\":[{\"@type\":\"CommentAction\",\"name\":\"Comment\",\"target\":[\"https:\/\/termix.net\/blog\/es\/empieza-sorteo-be-yourself-junto-corta-cabeza-hair-salon-participas\/#respond\"]}]},{\"@type\":\"WebPage\",\"@id\":\"https:\/\/termix.net\/blog\/es\/empieza-sorteo-be-yourself-junto-corta-cabeza-hair-salon-participas\/\",\"url\":\"https:\/\/termix.net\/blog\/es\/empieza-sorteo-be-yourself-junto-corta-cabeza-hair-salon-participas\/\",\"name\":\"Empieza el sorteo BE YOURSELF de Termix y Corta Cabeza \u00bfTe animas a participar?\",\"isPartOf\":{\"@id\":\"https:\/\/termix.net\/blog\/es\/#website\"},\"datePublished\":\"2019-06-02T07:28:45+00:00\",\"dateModified\":\"2019-12-17T11:10:11+00:00\",\"description\":\"Para celebrar con Orgullo qui\u00e9n eres, Termix en colaboraci\u00f3n con Corta Cabeza Hair Salon, presenta un sorteo excepcional. \u00a1Podr\u00e1s ganar un pack C\u00b7Ramic Pride y un peinado exclusivo en Corta Cabeza! Sigue leyendo para enterarte de c\u00f3mo participar. \u00bfCelebras el Pride con nosotros?\",\"breadcrumb\":{\"@id\":\"https:\/\/termix.net\/blog\/es\/empieza-sorteo-be-yourself-junto-corta-cabeza-hair-salon-participas\/#breadcrumb\"},\"inLanguage\":\"es\",\"potentialAction\":[{\"@type\":\"ReadAction\",\"target\":[\"https:\/\/termix.net\/blog\/es\/empieza-sorteo-be-yourself-junto-corta-cabeza-hair-salon-participas\/\"]}]},{\"@type\":\"BreadcrumbList\",\"@id\":\"https:\/\/termix.net\/blog\/es\/empieza-sorteo-be-yourself-junto-corta-cabeza-hair-salon-participas\/#breadcrumb\",\"itemListElement\":[{\"@type\":\"ListItem\",\"position\":1,\"name\":\"Home\",\"item\":\"https:\/\/termix.net\/blog\/es\/\"},{\"@type\":\"ListItem\",\"position\":2,\"name\":\"\u00a1Empieza el sorteo junto a Corta Cabeza Hair Salon! \u00bfParticipas?\"}]},{\"@type\":\"WebSite\",\"@id\":\"https:\/\/termix.net\/blog\/es\/#website\",\"url\":\"https:\/\/termix.net\/blog\/es\/\",\"name\":\"Blog Termix Spain\",\"description\":\"Blog de tendencias y productos de peluquer\u00eda profesional.\",\"publisher\":{\"@id\":\"https:\/\/termix.net\/blog\/es\/#organization\"},\"potentialAction\":[{\"@type\":\"SearchAction\",\"target\":{\"@type\":\"EntryPoint\",\"urlTemplate\":\"https:\/\/termix.net\/blog\/es\/?s={search_term_string}\"},\"query-input\":\"required name=search_term_string\"}],\"inLanguage\":\"es\"},{\"@type\":\"Organization\",\"@id\":\"https:\/\/termix.net\/blog\/es\/#organization\",\"name\":\"Dols Industrial de Peluquer\u00eda SA\",\"url\":\"https:\/\/termix.net\/blog\/es\/\",\"logo\":{\"@type\":\"ImageObject\",\"inLanguage\":\"es\",\"@id\":\"https:\/\/termix.net\/blog\/es\/#\/schema\/logo\/image\/\",\"url\":\"https:\/\/termix.net\/blog\/wp-content\/uploads\/2020\/10\/OGbDAeng.jpeg\",\"contentUrl\":\"https:\/\/termix.net\/blog\/wp-content\/uploads\/2020\/10\/OGbDAeng.jpeg\",\"width\":800,\"height\":800,\"caption\":\"Dols Industrial de Peluquer\u00eda SA\"},\"image\":{\"@id\":\"https:\/\/termix.net\/blog\/es\/#\/schema\/logo\/image\/\"}},{\"@type\":\"Person\",\"@id\":\"https:\/\/termix.net\/blog\/es\/#\/schema\/person\/9096c98bdf03c8ddf91ad7172f254f40\",\"name\":\"TermixTeam\",\"image\":{\"@type\":\"ImageObject\",\"inLanguage\":\"es\",\"@id\":\"https:\/\/termix.net\/blog\/es\/#\/schema\/person\/image\/\",\"url\":\"https:\/\/secure.gravatar.com\/avatar\/d89f61f6bd1c29a4acb231736d1c74b3?s=96&d=mm&r=g\",\"contentUrl\":\"https:\/\/secure.gravatar.com\/avatar\/d89f61f6bd1c29a4acb231736d1c74b3?s=96&d=mm&r=g\",\"caption\":\"TermixTeam\"},\"url\":\"https:\/\/termix.net\/blog\/es\/author\/termixteam\/\"}]}<\/script>\n<!-- \/ Yoast SEO plugin. -->","yoast_head_json":{"title":"Empieza el sorteo BE YOURSELF de Termix y Corta Cabeza \u00bfTe animas a participar?","description":"Para celebrar con Orgullo qui\u00e9n eres, Termix en colaboraci\u00f3n con Corta Cabeza Hair Salon, presenta un sorteo excepcional. \u00a1Podr\u00e1s ganar un pack C\u00b7Ramic Pride y un peinado exclusivo en Corta Cabeza! Sigue leyendo para enterarte de c\u00f3mo participar. \u00bfCelebras el Pride con nosotros?","robots":{"index":"index","follow":"follow","max-snippet":"max-snippet:-1","max-image-preview":"max-image-preview:large","max-video-preview":"max-video-preview:-1"},"canonical":"https:\/\/termix.net\/blog\/es\/empieza-sorteo-be-yourself-junto-corta-cabeza-hair-salon-participas\/","og_locale":"es_ES","og_type":"article","og_title":"Empieza el sorteo BE YOURSELF de Termix y Corta Cabeza \u00bfTe animas a participar?","og_description":"Para celebrar con Orgullo qui\u00e9n eres, Termix en colaboraci\u00f3n con Corta Cabeza Hair Salon, presenta un sorteo excepcional. \u00a1Podr\u00e1s ganar un pack C\u00b7Ramic Pride y un peinado exclusivo en Corta Cabeza! Sigue leyendo para enterarte de c\u00f3mo participar. \u00bfCelebras el Pride con nosotros?","og_url":"https:\/\/termix.net\/blog\/es\/empieza-sorteo-be-yourself-junto-corta-cabeza-hair-salon-participas\/","og_site_name":"Blog Termix Spain","article_published_time":"2019-06-02T07:28:45+00:00","article_modified_time":"2019-12-17T11:10:11+00:00","og_image":[{"width":1160,"height":660,"url":"https:\/\/termix.net\/blog\/wp-content\/uploads\/2019\/06\/pride_cepillos_termix.jpg","type":"image\/jpeg"}],"author":"TermixTeam","twitter_card":"summary_large_image","twitter_misc":{"Escrito por":"TermixTeam","Tiempo de lectura":"3 minutos"},"schema":{"@context":"https:\/\/schema.org","@graph":[{"@type":"Article","@id":"https:\/\/termix.net\/blog\/es\/empieza-sorteo-be-yourself-junto-corta-cabeza-hair-salon-participas\/#article","isPartOf":{"@id":"https:\/\/termix.net\/blog\/es\/empieza-sorteo-be-yourself-junto-corta-cabeza-hair-salon-participas\/"},"author":{"name":"TermixTeam","@id":"https:\/\/termix.net\/blog\/es\/#\/schema\/person\/9096c98bdf03c8ddf91ad7172f254f40"},"headline":"\u00a1Empieza el sorteo junto a Corta Cabeza Hair Salon! \u00bfParticipas?","datePublished":"2019-06-02T07:28:45+00:00","dateModified":"2019-12-17T11:10:11+00:00","mainEntityOfPage":{"@id":"https:\/\/termix.net\/blog\/es\/empieza-sorteo-be-yourself-junto-corta-cabeza-hair-salon-participas\/"},"wordCount":628,"commentCount":0,"publisher":{"@id":"https:\/\/termix.net\/blog\/es\/#organization"},"articleSection":["NOTICIAS"],"inLanguage":"es","potentialAction":[{"@type":"CommentAction","name":"Comment","target":["https:\/\/termix.net\/blog\/es\/empieza-sorteo-be-yourself-junto-corta-cabeza-hair-salon-participas\/#respond"]}]},{"@type":"WebPage","@id":"https:\/\/termix.net\/blog\/es\/empieza-sorteo-be-yourself-junto-corta-cabeza-hair-salon-participas\/","url":"https:\/\/termix.net\/blog\/es\/empieza-sorteo-be-yourself-junto-corta-cabeza-hair-salon-participas\/","name":"Empieza el sorteo BE YOURSELF de Termix y Corta Cabeza \u00bfTe animas a participar?","isPartOf":{"@id":"https:\/\/termix.net\/blog\/es\/#website"},"datePublished":"2019-06-02T07:28:45+00:00","dateModified":"2019-12-17T11:10:11+00:00","description":"Para celebrar con Orgullo qui\u00e9n eres, Termix en colaboraci\u00f3n con Corta Cabeza Hair Salon, presenta un sorteo excepcional. \u00a1Podr\u00e1s ganar un pack C\u00b7Ramic Pride y un peinado exclusivo en Corta Cabeza! Sigue leyendo para enterarte de c\u00f3mo participar. \u00bfCelebras el Pride con nosotros?","breadcrumb":{"@id":"https:\/\/termix.net\/blog\/es\/empieza-sorteo-be-yourself-junto-corta-cabeza-hair-salon-participas\/#breadcrumb"},"inLanguage":"es","potentialAction":[{"@type":"ReadAction","target":["https:\/\/termix.net\/blog\/es\/empieza-sorteo-be-yourself-junto-corta-cabeza-hair-salon-participas\/"]}]},{"@type":"BreadcrumbList","@id":"https:\/\/termix.net\/blog\/es\/empieza-sorteo-be-yourself-junto-corta-cabeza-hair-salon-participas\/#breadcrumb","itemListElement":[{"@type":"ListItem","position":1,"name":"Home","item":"https:\/\/termix.net\/blog\/es\/"},{"@type":"ListItem","position":2,"name":"\u00a1Empieza el sorteo junto a Corta Cabeza Hair Salon! \u00bfParticipas?"}]},{"@type":"WebSite","@id":"https:\/\/termix.net\/blog\/es\/#website","url":"https:\/\/termix.net\/blog\/es\/","name":"Blog Termix Spain","description":"Blog de tendencias y productos de peluquer\u00eda profesional.","publisher":{"@id":"https:\/\/termix.net\/blog\/es\/#organization"},"potentialAction":[{"@type":"SearchAction","target":{"@type":"EntryPoint","urlTemplate":"https:\/\/termix.net\/blog\/es\/?s={search_term_string}"},"query-input":"required name=search_term_string"}],"inLanguage":"es"},{"@type":"Organization","@id":"https:\/\/termix.net\/blog\/es\/#organization","name":"Dols Industrial de Peluquer\u00eda SA","url":"https:\/\/termix.net\/blog\/es\/","logo":{"@type":"ImageObject","inLanguage":"es","@id":"https:\/\/termix.net\/blog\/es\/#\/schema\/logo\/image\/","url":"https:\/\/termix.net\/blog\/wp-content\/uploads\/2020\/10\/OGbDAeng.jpeg","contentUrl":"https:\/\/termix.net\/blog\/wp-content\/uploads\/2020\/10\/OGbDAeng.jpeg","width":800,"height":800,"caption":"Dols Industrial de Peluquer\u00eda SA"},"image":{"@id":"https:\/\/termix.net\/blog\/es\/#\/schema\/logo\/image\/"}},{"@type":"Person","@id":"https:\/\/termix.net\/blog\/es\/#\/schema\/person\/9096c98bdf03c8ddf91ad7172f254f40","name":"TermixTeam","image":{"@type":"ImageObject","inLanguage":"es","@id":"https:\/\/termix.net\/blog\/es\/#\/schema\/person\/image\/","url":"https:\/\/secure.gravatar.com\/avatar\/d89f61f6bd1c29a4acb231736d1c74b3?s=96&d=mm&r=g","contentUrl":"https:\/\/secure.gravatar.com\/avatar\/d89f61f6bd1c29a4acb231736d1c74b3?s=96&d=mm&r=g","caption":"TermixTeam"},"url":"https:\/\/termix.net\/blog\/es\/author\/termixteam\/"}]}},"_links":{"self":[{"href":"https:\/\/termix.net\/blog\/es\/wp-json\/wp\/v2\/posts\/19450"}],"collection":[{"href":"https:\/\/termix.net\/blog\/es\/wp-json\/wp\/v2\/posts"}],"about":[{"href":"https:\/\/termix.net\/blog\/es\/wp-json\/wp\/v2\/types\/post"}],"author":[{"embeddable":true,"href":"https:\/\/termix.net\/blog\/es\/wp-json\/wp\/v2\/users\/2"}],"replies":[{"embeddable":true,"href":"https:\/\/termix.net\/blog\/es\/wp-json\/wp\/v2\/comments?post=19450"}],"version-history":[{"count":2,"href":"https:\/\/termix.net\/blog\/es\/wp-json\/wp\/v2\/posts\/19450\/revisions"}],"predecessor-version":[{"id":21779,"href":"https:\/\/termix.net\/blog\/es\/wp-json\/wp\/v2\/posts\/19450\/revisions\/21779"}],"wp:featuredmedia":[{"embeddable":true,"href":"https:\/\/termix.net\/blog\/es\/wp-json\/wp\/v2\/media\/21777"}],"wp:attachment":[{"href":"https:\/\/termix.net\/blog\/es\/wp-json\/wp\/v2\/media?parent=19450"}],"wp:term":[{"taxonomy":"category","embeddable":true,"href":"https:\/\/termix.net\/blog\/es\/wp-json\/wp\/v2\/categories?post=19450"},{"taxonomy":"post_tag","embeddable":true,"href":"https:\/\/termix.net\/blog\/es\/wp-json\/wp\/v2\/tags?post=19450"}],"curies":[{"name":"wp","href":"https:\/\/api.w.org\/{rel}","templated":true}]}}