{"id":17744,"date":"2019-05-02T10:12:34","date_gmt":"2019-05-02T08:12:34","guid":{"rendered":"https:\/\/termix.net\/?p=17744"},"modified":"2019-12-17T14:22:11","modified_gmt":"2019-12-17T13:22:11","slug":"como-usar-los-cepillos-para-desenredar-termix","status":"publish","type":"post","link":"https:\/\/termix.net\/blog\/es\/como-usar-los-cepillos-para-desenredar-termix\/","title":{"rendered":"No m\u00e1s tirones con los cepillos para desenredar Colors"},"content":{"rendered":"<p style=\"text-align: center;\">NOTICIAS &#8211; 2 MIN DE LECTURA<\/p>\n<h1 style=\"text-align: center;\">No m\u00e1s tirones con los cepillos para desenredar Colors<\/h1>\n<p style=\"text-align: center;\"><strong>El primer paso para un cabello perfecto es el desenredado.<\/strong><\/p>\n<p style=\"text-align: center;\">\u00a1Evita los vicios adquiridos y consigue un cabello mucho m\u00e1s sano!\u00a0Y como antesala a cualquier peinado que queramos realizar, desenredar el pelo debe hacerse de forma correcta. Elegir el cepillo perfecto es lo m\u00e1s esencial, pero aprender a c\u00f3mo utilizarlo tambi\u00e9n ser\u00e1 otra de las claves del \u00e9xito.<\/p>\n<p><img decoding=\"async\" class=\"alignnone size-full wp-image-21799\" src=\"https:\/\/termix.net\/blog\/wp-content\/uploads\/2019\/05\/CEPILLO_DESENREDAR-TRES.jpg\" alt=\"CEPILLO_DESENREDAR-TRES\" width=\"1160\" height=\"660\" srcset=\"https:\/\/termix.net\/blog\/wp-content\/uploads\/2019\/05\/CEPILLO_DESENREDAR-TRES-200x114.jpg 200w, https:\/\/termix.net\/blog\/wp-content\/uploads\/2019\/05\/CEPILLO_DESENREDAR-TRES-300x171.jpg 300w, https:\/\/termix.net\/blog\/wp-content\/uploads\/2019\/05\/CEPILLO_DESENREDAR-TRES-400x228.jpg 400w, https:\/\/termix.net\/blog\/wp-content\/uploads\/2019\/05\/CEPILLO_DESENREDAR-TRES-600x341.jpg 600w, https:\/\/termix.net\/blog\/wp-content\/uploads\/2019\/05\/CEPILLO_DESENREDAR-TRES-768x437.jpg 768w, https:\/\/termix.net\/blog\/wp-content\/uploads\/2019\/05\/CEPILLO_DESENREDAR-TRES-800x455.jpg 800w, https:\/\/termix.net\/blog\/wp-content\/uploads\/2019\/05\/CEPILLO_DESENREDAR-TRES-1024x583.jpg 1024w, https:\/\/termix.net\/blog\/wp-content\/uploads\/2019\/05\/CEPILLO_DESENREDAR-TRES.jpg 1160w\" sizes=\"(max-width: 1160px) 100vw, 1160px\" \/><\/p>\n<h3><img decoding=\"async\" class=\"size-full wp-image-17886 aligncenter\" src=\"https:\/\/termix.net\/blog\/wp-content\/uploads\/2019\/04\/CEPILLO_DESENREDAR-TRES.jpg\" alt=\"\" width=\"1160\" height=\"660\" \/><\/h3>\n<h3>A continuaci\u00f3n, te ense\u00f1amos c\u00f3mo desenredar el cabello, cuidarlo y desenredarlo.<\/h3>\n<h3>\u00a1Elimina los molestos nudos con el nuevo cepillo Termix para <strong>desenredar el pelo<\/strong>!<\/h3>\n<p><img decoding=\"async\" class=\"alignnone size-full wp-image-533\" src=\"https:\/\/termix.net\/blog\/wp-content\/uploads\/2019\/11\/numero1web.jpg\" alt=\"\" width=\"1160\" height=\"150\" srcset=\"https:\/\/termix.net\/blog\/wp-content\/uploads\/2019\/11\/numero1web-200x26.jpg 200w, https:\/\/termix.net\/blog\/wp-content\/uploads\/2019\/11\/numero1web-300x39.jpg 300w, https:\/\/termix.net\/blog\/wp-content\/uploads\/2019\/11\/numero1web-400x52.jpg 400w, https:\/\/termix.net\/blog\/wp-content\/uploads\/2019\/11\/numero1web-600x78.jpg 600w, https:\/\/termix.net\/blog\/wp-content\/uploads\/2019\/11\/numero1web-768x99.jpg 768w, https:\/\/termix.net\/blog\/wp-content\/uploads\/2019\/11\/numero1web-800x103.jpg 800w, https:\/\/termix.net\/blog\/wp-content\/uploads\/2019\/11\/numero1web-1024x132.jpg 1024w, https:\/\/termix.net\/blog\/wp-content\/uploads\/2019\/11\/numero1web.jpg 1160w\" sizes=\"(max-width: 1160px) 100vw, 1160px\" \/><\/p>\n<h2><strong>Desenreda el cabello por la parte interna (eliminar\u00e1s el efecto frizz)<\/strong><\/h2>\n<p>El cabello adquiere vicios. Es por ello que, para que siempre presente un aspecto cuidado es importante <strong>desenredar el cabello<\/strong> por su parte interna. De esta forma, conseguiremos que el cabello no se abra hacia afuera y parezca encrespado. Cepillando el cabello desde dentro, podremos eliminar los nudos mientras que lo \u201cdomamos\u201d, d\u00e1ndole una curvatura hacia adentro.<\/p>\n<p><img decoding=\"async\" class=\"size-full wp-image-17887 aligncenter\" src=\"https:\/\/termix.net\/blog\/wp-content\/uploads\/2019\/04\/PRIMERA_DESENREDAR.jpg\" alt=\"\" width=\"1160\" height=\"660\" \/><\/p>\n<p><img decoding=\"async\" class=\"alignnone size-full wp-image-24023\" src=\"https:\/\/termix.net\/blog\/wp-content\/uploads\/2019\/05\/PRIMERA_DESENREDAR.jpg\" alt=\"desenredar el pelo sin tirones\" width=\"1160\" height=\"660\" srcset=\"https:\/\/termix.net\/blog\/wp-content\/uploads\/2019\/05\/PRIMERA_DESENREDAR-200x114.jpg 200w, https:\/\/termix.net\/blog\/wp-content\/uploads\/2019\/05\/PRIMERA_DESENREDAR-300x171.jpg 300w, https:\/\/termix.net\/blog\/wp-content\/uploads\/2019\/05\/PRIMERA_DESENREDAR-400x228.jpg 400w, https:\/\/termix.net\/blog\/wp-content\/uploads\/2019\/05\/PRIMERA_DESENREDAR-600x341.jpg 600w, https:\/\/termix.net\/blog\/wp-content\/uploads\/2019\/05\/PRIMERA_DESENREDAR-768x437.jpg 768w, https:\/\/termix.net\/blog\/wp-content\/uploads\/2019\/05\/PRIMERA_DESENREDAR-800x455.jpg 800w, https:\/\/termix.net\/blog\/wp-content\/uploads\/2019\/05\/PRIMERA_DESENREDAR-1024x583.jpg 1024w, https:\/\/termix.net\/blog\/wp-content\/uploads\/2019\/05\/PRIMERA_DESENREDAR.jpg 1160w\" sizes=\"(max-width: 1160px) 100vw, 1160px\" \/><\/p>\n<h2><img decoding=\"async\" class=\"alignnone size-full wp-image-4793\" src=\"https:\/\/termix.net\/blog\/wp-content\/uploads\/2019\/11\/numero2web-2.jpg\" alt=\"\" width=\"1160\" height=\"150\" srcset=\"https:\/\/termix.net\/blog\/wp-content\/uploads\/2019\/11\/numero2web-2-200x26.jpg 200w, https:\/\/termix.net\/blog\/wp-content\/uploads\/2019\/11\/numero2web-2-300x39.jpg 300w, https:\/\/termix.net\/blog\/wp-content\/uploads\/2019\/11\/numero2web-2-400x52.jpg 400w, https:\/\/termix.net\/blog\/wp-content\/uploads\/2019\/11\/numero2web-2-600x78.jpg 600w, https:\/\/termix.net\/blog\/wp-content\/uploads\/2019\/11\/numero2web-2-768x99.jpg 768w, https:\/\/termix.net\/blog\/wp-content\/uploads\/2019\/11\/numero2web-2-800x103.jpg 800w, https:\/\/termix.net\/blog\/wp-content\/uploads\/2019\/11\/numero2web-2-1024x132.jpg 1024w, https:\/\/termix.net\/blog\/wp-content\/uploads\/2019\/11\/numero2web-2.jpg 1160w\" sizes=\"(max-width: 1160px) 100vw, 1160px\" \/><\/h2>\n<h2><strong>\u00bfEn seco o en mojado? Decide seg\u00fan el d\u00eda<\/strong><\/h2>\n<p style=\"text-align: justify;\">Cepillar el cabello debe formar parte desde ya de nuestra rutina diaria porque estimula el cuero cabelludo, oxigena el cabello y mejora la circulaci\u00f3n. Una tarea habitual que nos proporcionar\u00e1, a la larga, una mejor salud capilar y\u00a0 un mayor crecimiento del mismo.<\/p>\n<p style=\"text-align: justify;\">Pero\u2026 \u00bfcu\u00e1l es el momento \u00f3ptimo para <strong>desenredar el pelo<\/strong>? Lo m\u00e1s recomendado es hacerlo justo antes de irnos a dormir, con el cabello seco y la ayuda de un cepillo de pelo de desenredar (nunca un peine). Aunque no hace falta que lo limites a eso. Sino que, al ser una pr\u00e1ctica tan recomendable, es aconsejable realizarla de dos a tres veces al d\u00eda. Siempre con el cepillo correcto y desde la cara interna del cabello. Los <strong>cepillos para desenredar\u00a0<\/strong>tambi\u00e9n sirven para masajear el cuero cabelludo y estimular el crecimiento del pelo.<\/p>\n<h2><img decoding=\"async\" class=\"alignnone size-full wp-image-24021\" src=\"https:\/\/termix.net\/blog\/wp-content\/uploads\/2019\/05\/los-recogidos-bajos-y-las-coletas-triunfaron-en-el-desfile-by-gonzalo-leonidas.jpg\" alt=\"desenredar pelo sin tirones\" width=\"1160\" height=\"1200\" srcset=\"https:\/\/termix.net\/blog\/wp-content\/uploads\/2019\/05\/los-recogidos-bajos-y-las-coletas-triunfaron-en-el-desfile-by-gonzalo-leonidas-200x207.jpg 200w, https:\/\/termix.net\/blog\/wp-content\/uploads\/2019\/05\/los-recogidos-bajos-y-las-coletas-triunfaron-en-el-desfile-by-gonzalo-leonidas-290x300.jpg 290w, https:\/\/termix.net\/blog\/wp-content\/uploads\/2019\/05\/los-recogidos-bajos-y-las-coletas-triunfaron-en-el-desfile-by-gonzalo-leonidas-400x414.jpg 400w, https:\/\/termix.net\/blog\/wp-content\/uploads\/2019\/05\/los-recogidos-bajos-y-las-coletas-triunfaron-en-el-desfile-by-gonzalo-leonidas-600x621.jpg 600w, https:\/\/termix.net\/blog\/wp-content\/uploads\/2019\/05\/los-recogidos-bajos-y-las-coletas-triunfaron-en-el-desfile-by-gonzalo-leonidas-768x794.jpg 768w, https:\/\/termix.net\/blog\/wp-content\/uploads\/2019\/05\/los-recogidos-bajos-y-las-coletas-triunfaron-en-el-desfile-by-gonzalo-leonidas-800x828.jpg 800w, https:\/\/termix.net\/blog\/wp-content\/uploads\/2019\/05\/los-recogidos-bajos-y-las-coletas-triunfaron-en-el-desfile-by-gonzalo-leonidas-990x1024.jpg 990w, https:\/\/termix.net\/blog\/wp-content\/uploads\/2019\/05\/los-recogidos-bajos-y-las-coletas-triunfaron-en-el-desfile-by-gonzalo-leonidas.jpg 1160w\" sizes=\"(max-width: 1160px) 100vw, 1160px\" \/><\/h2>\n<p><img decoding=\"async\" class=\"size-full wp-image-14166 aligncenter\" src=\"https:\/\/termix.net\/blog\/wp-content\/uploads\/2018\/06\/los-recogidos-bajos-y-las-coletas-triunfaron-en-el-desfile-by-gonzalo-leonidas.jpg\" alt=\"\" width=\"1160\" height=\"1200\" \/><\/p>\n<p>Por su parte, los nuevos <strong>cepillos para desenredar<\/strong> Colors<span style=\"text-decoration: underline;\">\u00a0<\/span>permiten desenredar el cabello tanto en seco como en mojado, gracias a sus fibras de nylon grueso flexible. Adem\u00e1s, \u00a1puedes elegir entre los tres colores de temporada!<strong> \u00bfTe apetece descubrirlos?<\/strong><\/p>\n<h2><\/h2>\n<p><strong>\u00a0\u00a0<\/strong><\/p>\n<h2><img decoding=\"async\" class=\"alignnone size-full wp-image-4795\" src=\"https:\/\/termix.net\/blog\/wp-content\/uploads\/2019\/11\/numero3web-2.jpg\" alt=\"\" width=\"1160\" height=\"150\" srcset=\"https:\/\/termix.net\/blog\/wp-content\/uploads\/2019\/11\/numero3web-2-200x26.jpg 200w, https:\/\/termix.net\/blog\/wp-content\/uploads\/2019\/11\/numero3web-2-300x39.jpg 300w, https:\/\/termix.net\/blog\/wp-content\/uploads\/2019\/11\/numero3web-2-400x52.jpg 400w, https:\/\/termix.net\/blog\/wp-content\/uploads\/2019\/11\/numero3web-2-600x78.jpg 600w, https:\/\/termix.net\/blog\/wp-content\/uploads\/2019\/11\/numero3web-2-768x99.jpg 768w, https:\/\/termix.net\/blog\/wp-content\/uploads\/2019\/11\/numero3web-2-800x103.jpg 800w, https:\/\/termix.net\/blog\/wp-content\/uploads\/2019\/11\/numero3web-2-1024x132.jpg 1024w, https:\/\/termix.net\/blog\/wp-content\/uploads\/2019\/11\/numero3web-2.jpg 1160w\" sizes=\"(max-width: 1160px) 100vw, 1160px\" \/><\/h2>\n<h2><strong>Un buen movimiento con los cepillos para desenredar potencia el efecto: de puntas a ra\u00edz<\/strong><\/h2>\n<p style=\"text-align: justify;\">Tambi\u00e9n es muy importante el movimiento que realizamos para <strong>desenredar el pelo<\/strong>. Seg\u00fan los expertos, aunque podr\u00eda parecer lo m\u00e1s \u201cnatural\u201d, no debemos <strong>desenredar el pelo <\/strong>de la ra\u00edz a las puntas. As\u00ed no conseguiremos eliminar los enredos, sino \u00fanicamente trasladarlos de lugar, arrastr\u00e1ndolos hacia las puntas. Recordemos que las puntas del cabello son la zona por antonomasia m\u00e1s delicada y la que m\u00e1s cuidados necesita. Es por ello que, una tensi\u00f3n demasiado extrema podr\u00eda jugar en contra de la salud de nuestro cabello.<\/p>\n<p><img decoding=\"async\" class=\"size-full wp-image-17888 aligncenter\" src=\"https:\/\/termix.net\/blog\/wp-content\/uploads\/2019\/04\/chica-puntas_we.jpg\" alt=\"\" width=\"1160\" height=\"660\" \/><\/p>\n<p>As\u00ed pues, el movimiento m\u00e1s aconsejable para desenredar eficazmente el cabello ser\u00eda empezar por las puntas e ir subiendo. Siempre poco a poco y manteniendo una sujeci\u00f3n con los dedos para no estirar demasiado. \u00a1Notar\u00e1s el cambio!<\/p>\n<p>&nbsp;<\/p>\n<p><strong><img decoding=\"async\" class=\"alignnone size-full wp-image-24017\" src=\"https:\/\/termix.net\/blog\/wp-content\/uploads\/2019\/05\/chica-puntas_we.jpg\" alt=\"\" width=\"1160\" height=\"660\" srcset=\"https:\/\/termix.net\/blog\/wp-content\/uploads\/2019\/05\/chica-puntas_we-200x114.jpg 200w, https:\/\/termix.net\/blog\/wp-content\/uploads\/2019\/05\/chica-puntas_we-300x171.jpg 300w, https:\/\/termix.net\/blog\/wp-content\/uploads\/2019\/05\/chica-puntas_we-400x228.jpg 400w, https:\/\/termix.net\/blog\/wp-content\/uploads\/2019\/05\/chica-puntas_we-600x341.jpg 600w, https:\/\/termix.net\/blog\/wp-content\/uploads\/2019\/05\/chica-puntas_we-768x437.jpg 768w, https:\/\/termix.net\/blog\/wp-content\/uploads\/2019\/05\/chica-puntas_we-800x455.jpg 800w, https:\/\/termix.net\/blog\/wp-content\/uploads\/2019\/05\/chica-puntas_we-1024x583.jpg 1024w, https:\/\/termix.net\/blog\/wp-content\/uploads\/2019\/05\/chica-puntas_we.jpg 1160w\" sizes=\"(max-width: 1160px) 100vw, 1160px\" \/><\/strong><\/p>\n<p>&nbsp;<\/p>\n<h2><img decoding=\"async\" class=\"alignnone size-full wp-image-4797\" src=\"https:\/\/termix.net\/blog\/wp-content\/uploads\/2019\/11\/numero4web-2.jpg\" alt=\"\" width=\"1160\" height=\"150\" srcset=\"https:\/\/termix.net\/blog\/wp-content\/uploads\/2019\/11\/numero4web-2-200x26.jpg 200w, https:\/\/termix.net\/blog\/wp-content\/uploads\/2019\/11\/numero4web-2-300x39.jpg 300w, https:\/\/termix.net\/blog\/wp-content\/uploads\/2019\/11\/numero4web-2-400x52.jpg 400w, https:\/\/termix.net\/blog\/wp-content\/uploads\/2019\/11\/numero4web-2-600x78.jpg 600w, https:\/\/termix.net\/blog\/wp-content\/uploads\/2019\/11\/numero4web-2-768x99.jpg 768w, https:\/\/termix.net\/blog\/wp-content\/uploads\/2019\/11\/numero4web-2-800x103.jpg 800w, https:\/\/termix.net\/blog\/wp-content\/uploads\/2019\/11\/numero4web-2-1024x132.jpg 1024w, https:\/\/termix.net\/blog\/wp-content\/uploads\/2019\/11\/numero4web-2.jpg 1160w\" sizes=\"(max-width: 1160px) 100vw, 1160px\" \/><\/h2>\n<h2><strong>\u00a1No te conformes con menos! Tu cabello desenredado est\u00e9s donde est\u00e9s<\/strong><\/h2>\n<p style=\"text-align: justify;\">De nada sirve limitar esta rutina a las cuatro acogedoras paredes de casa. Debes llev\u00e1rtelo a todas partes, porque un cabello sano implica un compromiso diario, para nada eludible. Es por ello que el nuevo <strong>cepillo de desenredar Colors<\/strong> se ajusta a la perfecci\u00f3n a tus necesidades. Ligero, manejable y vers\u00e1til. Un cepillo de desenredar perfecto para utilizarlo con el cabello seco o mojado, que deshar\u00e1 los molestos nudos con suavidad y sin tirones. \u00a1Un acierto seguro para incluir en tu neceser habitual!-<\/p>\n<p>&nbsp;<\/p>\n<p>&nbsp;<\/p>\n<p><strong><img decoding=\"async\" class=\"alignnone size-full wp-image-24015\" src=\"https:\/\/termix.net\/blog\/wp-content\/uploads\/2019\/05\/cepillos-para-desenredar-Termix.jpg\" alt=\"\" width=\"1160\" height=\"660\" srcset=\"https:\/\/termix.net\/blog\/wp-content\/uploads\/2019\/05\/cepillos-para-desenredar-Termix-200x114.jpg 200w, https:\/\/termix.net\/blog\/wp-content\/uploads\/2019\/05\/cepillos-para-desenredar-Termix-300x171.jpg 300w, https:\/\/termix.net\/blog\/wp-content\/uploads\/2019\/05\/cepillos-para-desenredar-Termix-400x228.jpg 400w, https:\/\/termix.net\/blog\/wp-content\/uploads\/2019\/05\/cepillos-para-desenredar-Termix-600x341.jpg 600w, https:\/\/termix.net\/blog\/wp-content\/uploads\/2019\/05\/cepillos-para-desenredar-Termix-768x437.jpg 768w, https:\/\/termix.net\/blog\/wp-content\/uploads\/2019\/05\/cepillos-para-desenredar-Termix-800x455.jpg 800w, https:\/\/termix.net\/blog\/wp-content\/uploads\/2019\/05\/cepillos-para-desenredar-Termix-1024x583.jpg 1024w, https:\/\/termix.net\/blog\/wp-content\/uploads\/2019\/05\/cepillos-para-desenredar-Termix.jpg 1160w\" sizes=\"(max-width: 1160px) 100vw, 1160px\" \/><\/strong><\/p>\n<h2><img decoding=\"async\" class=\"alignnone size-full wp-image-4799\" src=\"https:\/\/termix.net\/blog\/wp-content\/uploads\/2019\/11\/numero5web-3.jpg\" alt=\"\" width=\"1160\" height=\"150\" srcset=\"https:\/\/termix.net\/blog\/wp-content\/uploads\/2019\/11\/numero5web-3-200x26.jpg 200w, https:\/\/termix.net\/blog\/wp-content\/uploads\/2019\/11\/numero5web-3-300x39.jpg 300w, https:\/\/termix.net\/blog\/wp-content\/uploads\/2019\/11\/numero5web-3-400x52.jpg 400w, https:\/\/termix.net\/blog\/wp-content\/uploads\/2019\/11\/numero5web-3-600x78.jpg 600w, https:\/\/termix.net\/blog\/wp-content\/uploads\/2019\/11\/numero5web-3-768x99.jpg 768w, https:\/\/termix.net\/blog\/wp-content\/uploads\/2019\/11\/numero5web-3-800x103.jpg 800w, https:\/\/termix.net\/blog\/wp-content\/uploads\/2019\/11\/numero5web-3-1024x132.jpg 1024w, https:\/\/termix.net\/blog\/wp-content\/uploads\/2019\/11\/numero5web-3.jpg 1160w\" sizes=\"(max-width: 1160px) 100vw, 1160px\" \/><\/h2>\n<h2><strong>Antes de ir a dormir\u2026 una trenza floja y a so\u00f1ar<\/strong><\/h2>\n<p style=\"text-align: justify;\">Otro de los consejos que colaborar\u00e1n a que tu cabello presente un aspecto incre\u00edble es el de <strong>desenredarlo<\/strong> antes de ir a dormir. Un leve cepillado con los nuevos <strong>cepillos para desenredar<\/strong> Colors para deshacer los enredos f\u00e1cilmente, que deber\u00e1 ser incluido en tu rutina nocturna. Ponte el pijama, l\u00e1vate los dientes, <strong>desmaqu\u00edllate<\/strong>, ponte la crema y\u2026 \u00a1desenr\u00e9date el cabello! Es muy importante puesto que es durante la noche que el cabello acostumbra a enredarse m\u00e1s. Este gesto de desenredo adem\u00e1s permite retirar la suciedad acumulada durante el d\u00eda y estimula el riego sangu\u00edneo, por lo que mejorar\u00e1 nuestra salud capilar. Veremos como el cabello aumenta mucho su brillo. Para acabar con esta estrategia que finalizar\u00e1 con un cabello perfecto y totalmente desenredado, podemos optar por recoger el cabello en una trenza floja, para as\u00ed evitar que el cabello se enrede mientras dormimos.<\/p>\n<p>&nbsp;<\/p>\n<p><img decoding=\"async\" class=\"wp-image-17977 size-full aligncenter\" src=\"https:\/\/termix.net\/blog\/wp-content\/uploads\/2019\/05\/desenredar-el-pelo.jpg\" alt=\"\" width=\"1160\" height=\"660\" \/><\/p>\n<h2>\u00bfLista para lucir un cabello siempre libre de enredos?<\/h2>\n<h3>\u00a1An\u00edmate a seguir estos consejos y cu\u00e9ntanos que tal te van!<\/h3>\n<p>&nbsp;<\/p>\n","protected":false},"excerpt":{"rendered":"<p>NOTICIAS &#8211; 2 MIN DE LECTURA No m\u00e1s tirones con<\/p>\n","protected":false},"author":2,"featured_media":21799,"comment_status":"open","ping_status":"open","sticky":false,"template":"","format":"standard","meta":[],"categories":[6],"tags":[],"yoast_head":"<!-- This site is optimized with the Yoast SEO plugin v20.0 - https:\/\/yoast.com\/wordpress\/plugins\/seo\/ -->\n<title>\u00bfC\u00f3mo desenredar el pelo a la perfecci\u00f3n?-Cepillos para desenredar<\/title>\n<meta name=\"description\" content=\"Te damos una serie de consejos con los que conseguir\u00e1s desenredar tu cabello a la perfecci\u00f3n para mantenerlo siempre a punto. Adem\u00e1s, presentamos los nuevos cepillos para desenredar Colors para un acabado perfecto.\u00a1Desenredar el pelo ya no es un problema!\" \/>\n<meta name=\"robots\" content=\"index, follow, max-snippet:-1, max-image-preview:large, max-video-preview:-1\" \/>\n<link rel=\"canonical\" href=\"https:\/\/termix.net\/blog\/es\/como-usar-los-cepillos-para-desenredar-termix\/\" \/>\n<meta property=\"og:locale\" content=\"es_ES\" \/>\n<meta property=\"og:type\" content=\"article\" \/>\n<meta property=\"og:title\" content=\"\u00bfC\u00f3mo desenredar el pelo a la perfecci\u00f3n?-Cepillos para desenredar\" \/>\n<meta property=\"og:description\" content=\"Te damos una serie de consejos con los que conseguir\u00e1s desenredar tu cabello a la perfecci\u00f3n para mantenerlo siempre a punto. Adem\u00e1s, presentamos los nuevos cepillos para desenredar Colors para un acabado perfecto.\u00a1Desenredar el pelo ya no es un problema!\" \/>\n<meta property=\"og:url\" content=\"https:\/\/termix.net\/blog\/es\/como-usar-los-cepillos-para-desenredar-termix\/\" \/>\n<meta property=\"og:site_name\" content=\"Blog Termix Spain\" \/>\n<meta property=\"article:published_time\" content=\"2019-05-02T08:12:34+00:00\" \/>\n<meta property=\"article:modified_time\" content=\"2019-12-17T13:22:11+00:00\" \/>\n<meta property=\"og:image\" content=\"https:\/\/termix.net\/blog\/wp-content\/uploads\/2019\/05\/CEPILLO_DESENREDAR-TRES.jpg\" \/>\n\t<meta property=\"og:image:width\" content=\"1160\" \/>\n\t<meta property=\"og:image:height\" content=\"660\" \/>\n\t<meta property=\"og:image:type\" content=\"image\/jpeg\" \/>\n<meta name=\"author\" content=\"TermixTeam\" \/>\n<meta name=\"twitter:card\" content=\"summary_large_image\" \/>\n<meta name=\"twitter:label1\" content=\"Escrito por\" \/>\n\t<meta name=\"twitter:data1\" content=\"TermixTeam\" \/>\n\t<meta name=\"twitter:label2\" content=\"Tiempo de lectura\" \/>\n\t<meta name=\"twitter:data2\" content=\"4 minutos\" \/>\n<script type=\"application\/ld+json\" class=\"yoast-schema-graph\">{\"@context\":\"https:\/\/schema.org\",\"@graph\":[{\"@type\":\"Article\",\"@id\":\"https:\/\/termix.net\/blog\/es\/como-usar-los-cepillos-para-desenredar-termix\/#article\",\"isPartOf\":{\"@id\":\"https:\/\/termix.net\/blog\/es\/como-usar-los-cepillos-para-desenredar-termix\/\"},\"author\":{\"name\":\"TermixTeam\",\"@id\":\"https:\/\/termix.net\/blog\/es\/#\/schema\/person\/9096c98bdf03c8ddf91ad7172f254f40\"},\"headline\":\"No m\u00e1s tirones con los cepillos para desenredar Colors\",\"datePublished\":\"2019-05-02T08:12:34+00:00\",\"dateModified\":\"2019-12-17T13:22:11+00:00\",\"mainEntityOfPage\":{\"@id\":\"https:\/\/termix.net\/blog\/es\/como-usar-los-cepillos-para-desenredar-termix\/\"},\"wordCount\":823,\"commentCount\":2,\"publisher\":{\"@id\":\"https:\/\/termix.net\/blog\/es\/#organization\"},\"articleSection\":[\"NOTICIAS\"],\"inLanguage\":\"es\",\"potentialAction\":[{\"@type\":\"CommentAction\",\"name\":\"Comment\",\"target\":[\"https:\/\/termix.net\/blog\/es\/como-usar-los-cepillos-para-desenredar-termix\/#respond\"]}]},{\"@type\":\"WebPage\",\"@id\":\"https:\/\/termix.net\/blog\/es\/como-usar-los-cepillos-para-desenredar-termix\/\",\"url\":\"https:\/\/termix.net\/blog\/es\/como-usar-los-cepillos-para-desenredar-termix\/\",\"name\":\"\u00bfC\u00f3mo desenredar el pelo a la perfecci\u00f3n?-Cepillos para desenredar\",\"isPartOf\":{\"@id\":\"https:\/\/termix.net\/blog\/es\/#website\"},\"datePublished\":\"2019-05-02T08:12:34+00:00\",\"dateModified\":\"2019-12-17T13:22:11+00:00\",\"description\":\"Te damos una serie de consejos con los que conseguir\u00e1s desenredar tu cabello a la perfecci\u00f3n para mantenerlo siempre a punto. Adem\u00e1s, presentamos los nuevos cepillos para desenredar Colors para un acabado perfecto.\u00a1Desenredar el pelo ya no es un problema!\",\"breadcrumb\":{\"@id\":\"https:\/\/termix.net\/blog\/es\/como-usar-los-cepillos-para-desenredar-termix\/#breadcrumb\"},\"inLanguage\":\"es\",\"potentialAction\":[{\"@type\":\"ReadAction\",\"target\":[\"https:\/\/termix.net\/blog\/es\/como-usar-los-cepillos-para-desenredar-termix\/\"]}]},{\"@type\":\"BreadcrumbList\",\"@id\":\"https:\/\/termix.net\/blog\/es\/como-usar-los-cepillos-para-desenredar-termix\/#breadcrumb\",\"itemListElement\":[{\"@type\":\"ListItem\",\"position\":1,\"name\":\"Home\",\"item\":\"https:\/\/termix.net\/blog\/es\/\"},{\"@type\":\"ListItem\",\"position\":2,\"name\":\"No m\u00e1s tirones con los cepillos para desenredar Colors\"}]},{\"@type\":\"WebSite\",\"@id\":\"https:\/\/termix.net\/blog\/es\/#website\",\"url\":\"https:\/\/termix.net\/blog\/es\/\",\"name\":\"Blog Termix Spain\",\"description\":\"Blog de tendencias y productos de peluquer\u00eda profesional.\",\"publisher\":{\"@id\":\"https:\/\/termix.net\/blog\/es\/#organization\"},\"potentialAction\":[{\"@type\":\"SearchAction\",\"target\":{\"@type\":\"EntryPoint\",\"urlTemplate\":\"https:\/\/termix.net\/blog\/es\/?s={search_term_string}\"},\"query-input\":\"required name=search_term_string\"}],\"inLanguage\":\"es\"},{\"@type\":\"Organization\",\"@id\":\"https:\/\/termix.net\/blog\/es\/#organization\",\"name\":\"Dols Industrial de Peluquer\u00eda SA\",\"url\":\"https:\/\/termix.net\/blog\/es\/\",\"logo\":{\"@type\":\"ImageObject\",\"inLanguage\":\"es\",\"@id\":\"https:\/\/termix.net\/blog\/es\/#\/schema\/logo\/image\/\",\"url\":\"https:\/\/termix.net\/blog\/wp-content\/uploads\/2020\/10\/OGbDAeng.jpeg\",\"contentUrl\":\"https:\/\/termix.net\/blog\/wp-content\/uploads\/2020\/10\/OGbDAeng.jpeg\",\"width\":800,\"height\":800,\"caption\":\"Dols Industrial de Peluquer\u00eda SA\"},\"image\":{\"@id\":\"https:\/\/termix.net\/blog\/es\/#\/schema\/logo\/image\/\"}},{\"@type\":\"Person\",\"@id\":\"https:\/\/termix.net\/blog\/es\/#\/schema\/person\/9096c98bdf03c8ddf91ad7172f254f40\",\"name\":\"TermixTeam\",\"image\":{\"@type\":\"ImageObject\",\"inLanguage\":\"es\",\"@id\":\"https:\/\/termix.net\/blog\/es\/#\/schema\/person\/image\/\",\"url\":\"https:\/\/secure.gravatar.com\/avatar\/d89f61f6bd1c29a4acb231736d1c74b3?s=96&d=mm&r=g\",\"contentUrl\":\"https:\/\/secure.gravatar.com\/avatar\/d89f61f6bd1c29a4acb231736d1c74b3?s=96&d=mm&r=g\",\"caption\":\"TermixTeam\"},\"url\":\"https:\/\/termix.net\/blog\/es\/author\/termixteam\/\"}]}<\/script>\n<!-- \/ Yoast SEO plugin. -->","yoast_head_json":{"title":"\u00bfC\u00f3mo desenredar el pelo a la perfecci\u00f3n?-Cepillos para desenredar","description":"Te damos una serie de consejos con los que conseguir\u00e1s desenredar tu cabello a la perfecci\u00f3n para mantenerlo siempre a punto. Adem\u00e1s, presentamos los nuevos cepillos para desenredar Colors para un acabado perfecto.\u00a1Desenredar el pelo ya no es un problema!","robots":{"index":"index","follow":"follow","max-snippet":"max-snippet:-1","max-image-preview":"max-image-preview:large","max-video-preview":"max-video-preview:-1"},"canonical":"https:\/\/termix.net\/blog\/es\/como-usar-los-cepillos-para-desenredar-termix\/","og_locale":"es_ES","og_type":"article","og_title":"\u00bfC\u00f3mo desenredar el pelo a la perfecci\u00f3n?-Cepillos para desenredar","og_description":"Te damos una serie de consejos con los que conseguir\u00e1s desenredar tu cabello a la perfecci\u00f3n para mantenerlo siempre a punto. Adem\u00e1s, presentamos los nuevos cepillos para desenredar Colors para un acabado perfecto.\u00a1Desenredar el pelo ya no es un problema!","og_url":"https:\/\/termix.net\/blog\/es\/como-usar-los-cepillos-para-desenredar-termix\/","og_site_name":"Blog Termix Spain","article_published_time":"2019-05-02T08:12:34+00:00","article_modified_time":"2019-12-17T13:22:11+00:00","og_image":[{"width":1160,"height":660,"url":"https:\/\/termix.net\/blog\/wp-content\/uploads\/2019\/05\/CEPILLO_DESENREDAR-TRES.jpg","type":"image\/jpeg"}],"author":"TermixTeam","twitter_card":"summary_large_image","twitter_misc":{"Escrito por":"TermixTeam","Tiempo de lectura":"4 minutos"},"schema":{"@context":"https:\/\/schema.org","@graph":[{"@type":"Article","@id":"https:\/\/termix.net\/blog\/es\/como-usar-los-cepillos-para-desenredar-termix\/#article","isPartOf":{"@id":"https:\/\/termix.net\/blog\/es\/como-usar-los-cepillos-para-desenredar-termix\/"},"author":{"name":"TermixTeam","@id":"https:\/\/termix.net\/blog\/es\/#\/schema\/person\/9096c98bdf03c8ddf91ad7172f254f40"},"headline":"No m\u00e1s tirones con los cepillos para desenredar Colors","datePublished":"2019-05-02T08:12:34+00:00","dateModified":"2019-12-17T13:22:11+00:00","mainEntityOfPage":{"@id":"https:\/\/termix.net\/blog\/es\/como-usar-los-cepillos-para-desenredar-termix\/"},"wordCount":823,"commentCount":2,"publisher":{"@id":"https:\/\/termix.net\/blog\/es\/#organization"},"articleSection":["NOTICIAS"],"inLanguage":"es","potentialAction":[{"@type":"CommentAction","name":"Comment","target":["https:\/\/termix.net\/blog\/es\/como-usar-los-cepillos-para-desenredar-termix\/#respond"]}]},{"@type":"WebPage","@id":"https:\/\/termix.net\/blog\/es\/como-usar-los-cepillos-para-desenredar-termix\/","url":"https:\/\/termix.net\/blog\/es\/como-usar-los-cepillos-para-desenredar-termix\/","name":"\u00bfC\u00f3mo desenredar el pelo a la perfecci\u00f3n?-Cepillos para desenredar","isPartOf":{"@id":"https:\/\/termix.net\/blog\/es\/#website"},"datePublished":"2019-05-02T08:12:34+00:00","dateModified":"2019-12-17T13:22:11+00:00","description":"Te damos una serie de consejos con los que conseguir\u00e1s desenredar tu cabello a la perfecci\u00f3n para mantenerlo siempre a punto. Adem\u00e1s, presentamos los nuevos cepillos para desenredar Colors para un acabado perfecto.\u00a1Desenredar el pelo ya no es un problema!","breadcrumb":{"@id":"https:\/\/termix.net\/blog\/es\/como-usar-los-cepillos-para-desenredar-termix\/#breadcrumb"},"inLanguage":"es","potentialAction":[{"@type":"ReadAction","target":["https:\/\/termix.net\/blog\/es\/como-usar-los-cepillos-para-desenredar-termix\/"]}]},{"@type":"BreadcrumbList","@id":"https:\/\/termix.net\/blog\/es\/como-usar-los-cepillos-para-desenredar-termix\/#breadcrumb","itemListElement":[{"@type":"ListItem","position":1,"name":"Home","item":"https:\/\/termix.net\/blog\/es\/"},{"@type":"ListItem","position":2,"name":"No m\u00e1s tirones con los cepillos para desenredar Colors"}]},{"@type":"WebSite","@id":"https:\/\/termix.net\/blog\/es\/#website","url":"https:\/\/termix.net\/blog\/es\/","name":"Blog Termix Spain","description":"Blog de tendencias y productos de peluquer\u00eda profesional.","publisher":{"@id":"https:\/\/termix.net\/blog\/es\/#organization"},"potentialAction":[{"@type":"SearchAction","target":{"@type":"EntryPoint","urlTemplate":"https:\/\/termix.net\/blog\/es\/?s={search_term_string}"},"query-input":"required name=search_term_string"}],"inLanguage":"es"},{"@type":"Organization","@id":"https:\/\/termix.net\/blog\/es\/#organization","name":"Dols Industrial de Peluquer\u00eda SA","url":"https:\/\/termix.net\/blog\/es\/","logo":{"@type":"ImageObject","inLanguage":"es","@id":"https:\/\/termix.net\/blog\/es\/#\/schema\/logo\/image\/","url":"https:\/\/termix.net\/blog\/wp-content\/uploads\/2020\/10\/OGbDAeng.jpeg","contentUrl":"https:\/\/termix.net\/blog\/wp-content\/uploads\/2020\/10\/OGbDAeng.jpeg","width":800,"height":800,"caption":"Dols Industrial de Peluquer\u00eda SA"},"image":{"@id":"https:\/\/termix.net\/blog\/es\/#\/schema\/logo\/image\/"}},{"@type":"Person","@id":"https:\/\/termix.net\/blog\/es\/#\/schema\/person\/9096c98bdf03c8ddf91ad7172f254f40","name":"TermixTeam","image":{"@type":"ImageObject","inLanguage":"es","@id":"https:\/\/termix.net\/blog\/es\/#\/schema\/person\/image\/","url":"https:\/\/secure.gravatar.com\/avatar\/d89f61f6bd1c29a4acb231736d1c74b3?s=96&d=mm&r=g","contentUrl":"https:\/\/secure.gravatar.com\/avatar\/d89f61f6bd1c29a4acb231736d1c74b3?s=96&d=mm&r=g","caption":"TermixTeam"},"url":"https:\/\/termix.net\/blog\/es\/author\/termixteam\/"}]}},"_links":{"self":[{"href":"https:\/\/termix.net\/blog\/es\/wp-json\/wp\/v2\/posts\/17744"}],"collection":[{"href":"https:\/\/termix.net\/blog\/es\/wp-json\/wp\/v2\/posts"}],"about":[{"href":"https:\/\/termix.net\/blog\/es\/wp-json\/wp\/v2\/types\/post"}],"author":[{"embeddable":true,"href":"https:\/\/termix.net\/blog\/es\/wp-json\/wp\/v2\/users\/2"}],"replies":[{"embeddable":true,"href":"https:\/\/termix.net\/blog\/es\/wp-json\/wp\/v2\/comments?post=17744"}],"version-history":[{"count":6,"href":"https:\/\/termix.net\/blog\/es\/wp-json\/wp\/v2\/posts\/17744\/revisions"}],"predecessor-version":[{"id":24043,"href":"https:\/\/termix.net\/blog\/es\/wp-json\/wp\/v2\/posts\/17744\/revisions\/24043"}],"wp:featuredmedia":[{"embeddable":true,"href":"https:\/\/termix.net\/blog\/es\/wp-json\/wp\/v2\/media\/21799"}],"wp:attachment":[{"href":"https:\/\/termix.net\/blog\/es\/wp-json\/wp\/v2\/media?parent=17744"}],"wp:term":[{"taxonomy":"category","embeddable":true,"href":"https:\/\/termix.net\/blog\/es\/wp-json\/wp\/v2\/categories?post=17744"},{"taxonomy":"post_tag","embeddable":true,"href":"https:\/\/termix.net\/blog\/es\/wp-json\/wp\/v2\/tags?post=17744"}],"curies":[{"name":"wp","href":"https:\/\/api.w.org\/{rel}","templated":true}]}}