{"id":17701,"date":"2019-04-01T10:23:54","date_gmt":"2019-04-01T08:23:54","guid":{"rendered":"https:\/\/termix.net\/?p=17701"},"modified":"2019-12-17T15:18:01","modified_gmt":"2019-12-17T14:18:01","slug":"ya-tenemos-ganador-del-concurso-speak-in-colors-de-termix","status":"publish","type":"post","link":"https:\/\/termix.net\/blog\/es\/ya-tenemos-ganador-del-concurso-speak-in-colors-de-termix\/","title":{"rendered":"Ya tenemos ganador del concurso Speak in Colors de Termix"},"content":{"rendered":"<h1 style=\"text-align: center;\">Ya tenemos ganador del concurso Speak in Colors de Termix<\/h1>\n<p><img decoding=\"async\" class=\"alignnone size-full wp-image-24197\" src=\"https:\/\/termix.net\/blog\/wp-content\/uploads\/2019\/04\/SPEAK-IN-COLORS.jpg\" alt=\"\" width=\"1160\" height=\"418\" srcset=\"https:\/\/termix.net\/blog\/wp-content\/uploads\/2019\/04\/SPEAK-IN-COLORS-200x72.jpg 200w, https:\/\/termix.net\/blog\/wp-content\/uploads\/2019\/04\/SPEAK-IN-COLORS-300x108.jpg 300w, https:\/\/termix.net\/blog\/wp-content\/uploads\/2019\/04\/SPEAK-IN-COLORS-400x144.jpg 400w, https:\/\/termix.net\/blog\/wp-content\/uploads\/2019\/04\/SPEAK-IN-COLORS-600x216.jpg 600w, https:\/\/termix.net\/blog\/wp-content\/uploads\/2019\/04\/SPEAK-IN-COLORS-768x277.jpg 768w, https:\/\/termix.net\/blog\/wp-content\/uploads\/2019\/04\/SPEAK-IN-COLORS-800x288.jpg 800w, https:\/\/termix.net\/blog\/wp-content\/uploads\/2019\/04\/SPEAK-IN-COLORS-1024x369.jpg 1024w, https:\/\/termix.net\/blog\/wp-content\/uploads\/2019\/04\/SPEAK-IN-COLORS.jpg 1160w\" sizes=\"(max-width: 1160px) 100vw, 1160px\" \/><\/p>\n<p style=\"text-align: center;\">\u00a1Ya tenemos ganador\/a del concurso Speak in Colors de Termix celebrado en CosmoBeauty BCN 2019!<\/p>\n<p style=\"text-align: center;\">\u00bfQui\u00e9n habr\u00e1 conseguido reunir m\u00e1s likes en su fotograf\u00eda?<\/p>\n<p style=\"text-align: center;\"><strong> \u00a1Desc\u00fabrelo! \ud83d\ude09<\/strong><\/p>\n<p>&nbsp;<\/p>\n<h3><img decoding=\"async\" class=\"size-full wp-image-16559 aligncenter\" src=\"https:\/\/termix.net\/blog\/wp-content\/uploads\/2019\/03\/SPEAK-IN-COLORS.jpg\" alt=\"\" width=\"1160\" height=\"418\" \/><\/h3>\n<h3 style=\"text-align: center;\"><\/h3>\n<p style=\"text-align: justify;\">Se acab\u00f3 <strong>Semana Santa<\/strong>. Pero ha llegado uno de los d\u00edas m\u00e1s esperados. Al menos para los seguidores de Termix que se animaron a posar en nuestro <strong>Photocall<\/strong>. Este a\u00f1o, quer\u00edamos hacer un hueco al color como forma de expresi\u00f3n y definici\u00f3n.<\/p>\n<p><img decoding=\"async\" class=\"alignnone size-full wp-image-24195\" src=\"https:\/\/termix.net\/blog\/wp-content\/uploads\/2019\/04\/crmic-colors_coral_concurso-1.jpg\" alt=\"crmic-colors_coral_concurso (1)\" width=\"1160\" height=\"660\" srcset=\"https:\/\/termix.net\/blog\/wp-content\/uploads\/2019\/04\/crmic-colors_coral_concurso-1-200x114.jpg 200w, https:\/\/termix.net\/blog\/wp-content\/uploads\/2019\/04\/crmic-colors_coral_concurso-1-300x171.jpg 300w, https:\/\/termix.net\/blog\/wp-content\/uploads\/2019\/04\/crmic-colors_coral_concurso-1-400x228.jpg 400w, https:\/\/termix.net\/blog\/wp-content\/uploads\/2019\/04\/crmic-colors_coral_concurso-1-600x341.jpg 600w, https:\/\/termix.net\/blog\/wp-content\/uploads\/2019\/04\/crmic-colors_coral_concurso-1-768x437.jpg 768w, https:\/\/termix.net\/blog\/wp-content\/uploads\/2019\/04\/crmic-colors_coral_concurso-1-800x455.jpg 800w, https:\/\/termix.net\/blog\/wp-content\/uploads\/2019\/04\/crmic-colors_coral_concurso-1-1024x583.jpg 1024w, https:\/\/termix.net\/blog\/wp-content\/uploads\/2019\/04\/crmic-colors_coral_concurso-1.jpg 1160w\" sizes=\"(max-width: 1160px) 100vw, 1160px\" \/><\/p>\n<p>&nbsp;<\/p>\n<p style=\"text-align: justify;\">Es por ello que presentamos un Photocall a todo color con el <strong>Bubblegum Pink<\/strong>, el <strong>Princess Blue<\/strong> y el <strong>Living Coral<\/strong> como tel\u00f3n de fondo. Y todo ello para darle mucha m\u00e1s fuerza a uno de los nuevos lanzamientos: los <strong>C\u00b7Ramic Colors 2019<\/strong>. Y yendo al grano\u2026 \u00bfqui\u00e9n se habr\u00e1 hecho con el mayor n\u00famero de likes en su fotograf\u00eda? Te lo contamos\u2026 a continuaci\u00f3n.<\/p>\n<p><img decoding=\"async\" class=\"alignnone size-full wp-image-24193\" src=\"https:\/\/termix.net\/blog\/wp-content\/uploads\/2019\/04\/cepillos-de-ceramica-CRamic-colors.jpg\" alt=\"cepillos-de-ceramica-CRamic-colors\" width=\"1160\" height=\"660\" srcset=\"https:\/\/termix.net\/blog\/wp-content\/uploads\/2019\/04\/cepillos-de-ceramica-CRamic-colors-200x114.jpg 200w, https:\/\/termix.net\/blog\/wp-content\/uploads\/2019\/04\/cepillos-de-ceramica-CRamic-colors-300x171.jpg 300w, https:\/\/termix.net\/blog\/wp-content\/uploads\/2019\/04\/cepillos-de-ceramica-CRamic-colors-400x228.jpg 400w, https:\/\/termix.net\/blog\/wp-content\/uploads\/2019\/04\/cepillos-de-ceramica-CRamic-colors-600x341.jpg 600w, https:\/\/termix.net\/blog\/wp-content\/uploads\/2019\/04\/cepillos-de-ceramica-CRamic-colors-768x437.jpg 768w, https:\/\/termix.net\/blog\/wp-content\/uploads\/2019\/04\/cepillos-de-ceramica-CRamic-colors-800x455.jpg 800w, https:\/\/termix.net\/blog\/wp-content\/uploads\/2019\/04\/cepillos-de-ceramica-CRamic-colors-1024x583.jpg 1024w, https:\/\/termix.net\/blog\/wp-content\/uploads\/2019\/04\/cepillos-de-ceramica-CRamic-colors.jpg 1160w\" sizes=\"(max-width: 1160px) 100vw, 1160px\" \/><\/p>\n<p style=\"text-align: justify;\">Con un incre\u00edble pero cierto total de 680 likes, <span style=\"text-decoration: underline;\"><strong>Ver\u00f3nica Jaimes<\/strong><\/span> se ha hecho la indiscutible ganadora de un lote de cepillos C\u00b7Ramic Colors Living Coral. \u00a1Muchas gracias por haber venido a visitarnos a CosmoBeauty BCN y por apoyarnos! Te lo mereces \ud83d\ude09<\/p>\n<p>Ahora os explicamos un poquit\u00edn m\u00e1s sobre los nuevos cepillos cer\u00e1micos <strong>C\u00b7Ramic Colors 2019<\/strong>&#8230;<\/p>\n<p><iframe src=\"https:\/\/www.youtube.com\/embed\/vT7xIXDNnNg\" width=\"100%\" height=\"480\" frameborder=\"0\" allowfullscreen=\"allowfullscreen\"><\/iframe><\/p>\n<p style=\"text-align: justify;\">Con fibras ionizadas y cobertura cer\u00e1mica del tubo, los nuevos\u00a0<strong>cepillos C\u00b7Ramic Colors<\/strong>\u00a0potenciar\u00e1n al m\u00e1ximo el brillo del cabello con cada pasada. Adem\u00e1s, permiten reducir el efecto frizz y aumentar la durabilidad del peinado, siendo la mejor apuesta para crear peinados de tendencia.<\/p>\n<h2 style=\"text-align: justify;\"><strong>Resultados<\/strong><\/h2>\n<ul>\n<li style=\"text-align: justify;\">Cabello mucho m\u00e1s brillante<\/li>\n<li style=\"text-align: justify;\">Adi\u00f3s al encrespamiento<\/li>\n<li style=\"text-align: justify;\">Peinados duraderos<\/li>\n<\/ul>\n<h3><img decoding=\"async\" class=\"alignnone size-full wp-image-24191\" src=\"https:\/\/termix.net\/blog\/wp-content\/uploads\/2019\/04\/cramic-colors-model.jpg\" alt=\"cramic-colors-model\" width=\"1160\" height=\"660\" srcset=\"https:\/\/termix.net\/blog\/wp-content\/uploads\/2019\/04\/cramic-colors-model-200x114.jpg 200w, https:\/\/termix.net\/blog\/wp-content\/uploads\/2019\/04\/cramic-colors-model-300x171.jpg 300w, https:\/\/termix.net\/blog\/wp-content\/uploads\/2019\/04\/cramic-colors-model-400x228.jpg 400w, https:\/\/termix.net\/blog\/wp-content\/uploads\/2019\/04\/cramic-colors-model-600x341.jpg 600w, https:\/\/termix.net\/blog\/wp-content\/uploads\/2019\/04\/cramic-colors-model-768x437.jpg 768w, https:\/\/termix.net\/blog\/wp-content\/uploads\/2019\/04\/cramic-colors-model-800x455.jpg 800w, https:\/\/termix.net\/blog\/wp-content\/uploads\/2019\/04\/cramic-colors-model-1024x583.jpg 1024w, https:\/\/termix.net\/blog\/wp-content\/uploads\/2019\/04\/cramic-colors-model.jpg 1160w\" sizes=\"(max-width: 1160px) 100vw, 1160px\" \/><\/h3>\n<h3 style=\"text-align: justify;\">\u00a1Esperamos que los disfrutes!<\/h3>\n<h3 style=\"text-align: justify;\">Y a los dem\u00e1s\u2026 \u00a1Much\u00edsimas gracias por participar y por venir a visitarnos en CosmoBeauty BCN!<\/h3>\n<h3 style=\"text-align: justify;\">Ahora\u2026 Os esperamos para Sal\u00f3n Look Madrid.<\/h3>\n","protected":false},"excerpt":{"rendered":"<p>Ya tenemos ganador del concurso Speak in Colors de Termix<\/p>\n","protected":false},"author":2,"featured_media":21816,"comment_status":"open","ping_status":"open","sticky":false,"template":"","format":"standard","meta":[],"categories":[6],"tags":[],"yoast_head":"<!-- This site is optimized with the Yoast SEO plugin v20.0 - https:\/\/yoast.com\/wordpress\/plugins\/seo\/ -->\n<title>Ya tenemos ganador del concurso Speak in colors de Facebook - Termix<\/title>\n<meta name=\"description\" content=\"\u00a1Ya tenemos ganador\/a del concurso Speak in Colors de Termix celebrado en CosmoBeauty BCN 2019! \u00bfQui\u00e9n habr\u00e1 conseguido reunir m\u00e1s likes en su fotograf\u00eda? \u00a1Desc\u00fabrelo! ;)\" \/>\n<meta name=\"robots\" content=\"index, follow, max-snippet:-1, max-image-preview:large, max-video-preview:-1\" \/>\n<link rel=\"canonical\" href=\"https:\/\/termix.net\/blog\/es\/ya-tenemos-ganador-del-concurso-speak-in-colors-de-termix\/\" \/>\n<meta property=\"og:locale\" content=\"es_ES\" \/>\n<meta property=\"og:type\" content=\"article\" \/>\n<meta property=\"og:title\" content=\"Ya tenemos ganador del concurso Speak in colors de Facebook - Termix\" \/>\n<meta property=\"og:description\" content=\"\u00a1Ya tenemos ganador\/a del concurso Speak in Colors de Termix celebrado en CosmoBeauty BCN 2019! \u00bfQui\u00e9n habr\u00e1 conseguido reunir m\u00e1s likes en su fotograf\u00eda? \u00a1Desc\u00fabrelo! ;)\" \/>\n<meta property=\"og:url\" content=\"https:\/\/termix.net\/blog\/es\/ya-tenemos-ganador-del-concurso-speak-in-colors-de-termix\/\" \/>\n<meta property=\"og:site_name\" content=\"Blog Termix Spain\" \/>\n<meta property=\"article:published_time\" content=\"2019-04-01T08:23:54+00:00\" \/>\n<meta property=\"article:modified_time\" content=\"2019-12-17T14:18:01+00:00\" \/>\n<meta property=\"og:image\" content=\"https:\/\/termix.net\/blog\/wp-content\/uploads\/2019\/04\/crmic-colors_coral_concurso.jpg\" \/>\n\t<meta property=\"og:image:width\" content=\"1160\" \/>\n\t<meta property=\"og:image:height\" content=\"660\" \/>\n\t<meta property=\"og:image:type\" content=\"image\/jpeg\" \/>\n<meta name=\"author\" content=\"TermixTeam\" \/>\n<meta name=\"twitter:card\" content=\"summary_large_image\" \/>\n<meta name=\"twitter:label1\" content=\"Escrito por\" \/>\n\t<meta name=\"twitter:data1\" content=\"TermixTeam\" \/>\n\t<meta name=\"twitter:label2\" content=\"Tiempo de lectura\" \/>\n\t<meta name=\"twitter:data2\" content=\"2 minutos\" \/>\n<script type=\"application\/ld+json\" class=\"yoast-schema-graph\">{\"@context\":\"https:\/\/schema.org\",\"@graph\":[{\"@type\":\"Article\",\"@id\":\"https:\/\/termix.net\/blog\/es\/ya-tenemos-ganador-del-concurso-speak-in-colors-de-termix\/#article\",\"isPartOf\":{\"@id\":\"https:\/\/termix.net\/blog\/es\/ya-tenemos-ganador-del-concurso-speak-in-colors-de-termix\/\"},\"author\":{\"name\":\"TermixTeam\",\"@id\":\"https:\/\/termix.net\/blog\/es\/#\/schema\/person\/9096c98bdf03c8ddf91ad7172f254f40\"},\"headline\":\"Ya tenemos ganador del concurso Speak in Colors de Termix\",\"datePublished\":\"2019-04-01T08:23:54+00:00\",\"dateModified\":\"2019-12-17T14:18:01+00:00\",\"mainEntityOfPage\":{\"@id\":\"https:\/\/termix.net\/blog\/es\/ya-tenemos-ganador-del-concurso-speak-in-colors-de-termix\/\"},\"wordCount\":322,\"commentCount\":0,\"publisher\":{\"@id\":\"https:\/\/termix.net\/blog\/es\/#organization\"},\"articleSection\":[\"NOTICIAS\"],\"inLanguage\":\"es\",\"potentialAction\":[{\"@type\":\"CommentAction\",\"name\":\"Comment\",\"target\":[\"https:\/\/termix.net\/blog\/es\/ya-tenemos-ganador-del-concurso-speak-in-colors-de-termix\/#respond\"]}]},{\"@type\":\"WebPage\",\"@id\":\"https:\/\/termix.net\/blog\/es\/ya-tenemos-ganador-del-concurso-speak-in-colors-de-termix\/\",\"url\":\"https:\/\/termix.net\/blog\/es\/ya-tenemos-ganador-del-concurso-speak-in-colors-de-termix\/\",\"name\":\"Ya tenemos ganador del concurso Speak in colors de Facebook - Termix\",\"isPartOf\":{\"@id\":\"https:\/\/termix.net\/blog\/es\/#website\"},\"datePublished\":\"2019-04-01T08:23:54+00:00\",\"dateModified\":\"2019-12-17T14:18:01+00:00\",\"description\":\"\u00a1Ya tenemos ganador\/a del concurso Speak in Colors de Termix celebrado en CosmoBeauty BCN 2019! \u00bfQui\u00e9n habr\u00e1 conseguido reunir m\u00e1s likes en su fotograf\u00eda? \u00a1Desc\u00fabrelo! ;)\",\"breadcrumb\":{\"@id\":\"https:\/\/termix.net\/blog\/es\/ya-tenemos-ganador-del-concurso-speak-in-colors-de-termix\/#breadcrumb\"},\"inLanguage\":\"es\",\"potentialAction\":[{\"@type\":\"ReadAction\",\"target\":[\"https:\/\/termix.net\/blog\/es\/ya-tenemos-ganador-del-concurso-speak-in-colors-de-termix\/\"]}]},{\"@type\":\"BreadcrumbList\",\"@id\":\"https:\/\/termix.net\/blog\/es\/ya-tenemos-ganador-del-concurso-speak-in-colors-de-termix\/#breadcrumb\",\"itemListElement\":[{\"@type\":\"ListItem\",\"position\":1,\"name\":\"Home\",\"item\":\"https:\/\/termix.net\/blog\/es\/\"},{\"@type\":\"ListItem\",\"position\":2,\"name\":\"Ya tenemos ganador del concurso Speak in Colors de Termix\"}]},{\"@type\":\"WebSite\",\"@id\":\"https:\/\/termix.net\/blog\/es\/#website\",\"url\":\"https:\/\/termix.net\/blog\/es\/\",\"name\":\"Blog Termix Spain\",\"description\":\"Blog de tendencias y productos de peluquer\u00eda profesional.\",\"publisher\":{\"@id\":\"https:\/\/termix.net\/blog\/es\/#organization\"},\"potentialAction\":[{\"@type\":\"SearchAction\",\"target\":{\"@type\":\"EntryPoint\",\"urlTemplate\":\"https:\/\/termix.net\/blog\/es\/?s={search_term_string}\"},\"query-input\":\"required name=search_term_string\"}],\"inLanguage\":\"es\"},{\"@type\":\"Organization\",\"@id\":\"https:\/\/termix.net\/blog\/es\/#organization\",\"name\":\"Dols Industrial de Peluquer\u00eda SA\",\"url\":\"https:\/\/termix.net\/blog\/es\/\",\"logo\":{\"@type\":\"ImageObject\",\"inLanguage\":\"es\",\"@id\":\"https:\/\/termix.net\/blog\/es\/#\/schema\/logo\/image\/\",\"url\":\"https:\/\/termix.net\/blog\/wp-content\/uploads\/2020\/10\/OGbDAeng.jpeg\",\"contentUrl\":\"https:\/\/termix.net\/blog\/wp-content\/uploads\/2020\/10\/OGbDAeng.jpeg\",\"width\":800,\"height\":800,\"caption\":\"Dols Industrial de Peluquer\u00eda SA\"},\"image\":{\"@id\":\"https:\/\/termix.net\/blog\/es\/#\/schema\/logo\/image\/\"}},{\"@type\":\"Person\",\"@id\":\"https:\/\/termix.net\/blog\/es\/#\/schema\/person\/9096c98bdf03c8ddf91ad7172f254f40\",\"name\":\"TermixTeam\",\"image\":{\"@type\":\"ImageObject\",\"inLanguage\":\"es\",\"@id\":\"https:\/\/termix.net\/blog\/es\/#\/schema\/person\/image\/\",\"url\":\"https:\/\/secure.gravatar.com\/avatar\/d89f61f6bd1c29a4acb231736d1c74b3?s=96&d=mm&r=g\",\"contentUrl\":\"https:\/\/secure.gravatar.com\/avatar\/d89f61f6bd1c29a4acb231736d1c74b3?s=96&d=mm&r=g\",\"caption\":\"TermixTeam\"},\"url\":\"https:\/\/termix.net\/blog\/es\/author\/termixteam\/\"}]}<\/script>\n<!-- \/ Yoast SEO plugin. -->","yoast_head_json":{"title":"Ya tenemos ganador del concurso Speak in colors de Facebook - Termix","description":"\u00a1Ya tenemos ganador\/a del concurso Speak in Colors de Termix celebrado en CosmoBeauty BCN 2019! \u00bfQui\u00e9n habr\u00e1 conseguido reunir m\u00e1s likes en su fotograf\u00eda? \u00a1Desc\u00fabrelo! ;)","robots":{"index":"index","follow":"follow","max-snippet":"max-snippet:-1","max-image-preview":"max-image-preview:large","max-video-preview":"max-video-preview:-1"},"canonical":"https:\/\/termix.net\/blog\/es\/ya-tenemos-ganador-del-concurso-speak-in-colors-de-termix\/","og_locale":"es_ES","og_type":"article","og_title":"Ya tenemos ganador del concurso Speak in colors de Facebook - Termix","og_description":"\u00a1Ya tenemos ganador\/a del concurso Speak in Colors de Termix celebrado en CosmoBeauty BCN 2019! \u00bfQui\u00e9n habr\u00e1 conseguido reunir m\u00e1s likes en su fotograf\u00eda? \u00a1Desc\u00fabrelo! ;)","og_url":"https:\/\/termix.net\/blog\/es\/ya-tenemos-ganador-del-concurso-speak-in-colors-de-termix\/","og_site_name":"Blog Termix Spain","article_published_time":"2019-04-01T08:23:54+00:00","article_modified_time":"2019-12-17T14:18:01+00:00","og_image":[{"width":1160,"height":660,"url":"https:\/\/termix.net\/blog\/wp-content\/uploads\/2019\/04\/crmic-colors_coral_concurso.jpg","type":"image\/jpeg"}],"author":"TermixTeam","twitter_card":"summary_large_image","twitter_misc":{"Escrito por":"TermixTeam","Tiempo de lectura":"2 minutos"},"schema":{"@context":"https:\/\/schema.org","@graph":[{"@type":"Article","@id":"https:\/\/termix.net\/blog\/es\/ya-tenemos-ganador-del-concurso-speak-in-colors-de-termix\/#article","isPartOf":{"@id":"https:\/\/termix.net\/blog\/es\/ya-tenemos-ganador-del-concurso-speak-in-colors-de-termix\/"},"author":{"name":"TermixTeam","@id":"https:\/\/termix.net\/blog\/es\/#\/schema\/person\/9096c98bdf03c8ddf91ad7172f254f40"},"headline":"Ya tenemos ganador del concurso Speak in Colors de Termix","datePublished":"2019-04-01T08:23:54+00:00","dateModified":"2019-12-17T14:18:01+00:00","mainEntityOfPage":{"@id":"https:\/\/termix.net\/blog\/es\/ya-tenemos-ganador-del-concurso-speak-in-colors-de-termix\/"},"wordCount":322,"commentCount":0,"publisher":{"@id":"https:\/\/termix.net\/blog\/es\/#organization"},"articleSection":["NOTICIAS"],"inLanguage":"es","potentialAction":[{"@type":"CommentAction","name":"Comment","target":["https:\/\/termix.net\/blog\/es\/ya-tenemos-ganador-del-concurso-speak-in-colors-de-termix\/#respond"]}]},{"@type":"WebPage","@id":"https:\/\/termix.net\/blog\/es\/ya-tenemos-ganador-del-concurso-speak-in-colors-de-termix\/","url":"https:\/\/termix.net\/blog\/es\/ya-tenemos-ganador-del-concurso-speak-in-colors-de-termix\/","name":"Ya tenemos ganador del concurso Speak in colors de Facebook - Termix","isPartOf":{"@id":"https:\/\/termix.net\/blog\/es\/#website"},"datePublished":"2019-04-01T08:23:54+00:00","dateModified":"2019-12-17T14:18:01+00:00","description":"\u00a1Ya tenemos ganador\/a del concurso Speak in Colors de Termix celebrado en CosmoBeauty BCN 2019! \u00bfQui\u00e9n habr\u00e1 conseguido reunir m\u00e1s likes en su fotograf\u00eda? \u00a1Desc\u00fabrelo! ;)","breadcrumb":{"@id":"https:\/\/termix.net\/blog\/es\/ya-tenemos-ganador-del-concurso-speak-in-colors-de-termix\/#breadcrumb"},"inLanguage":"es","potentialAction":[{"@type":"ReadAction","target":["https:\/\/termix.net\/blog\/es\/ya-tenemos-ganador-del-concurso-speak-in-colors-de-termix\/"]}]},{"@type":"BreadcrumbList","@id":"https:\/\/termix.net\/blog\/es\/ya-tenemos-ganador-del-concurso-speak-in-colors-de-termix\/#breadcrumb","itemListElement":[{"@type":"ListItem","position":1,"name":"Home","item":"https:\/\/termix.net\/blog\/es\/"},{"@type":"ListItem","position":2,"name":"Ya tenemos ganador del concurso Speak in Colors de Termix"}]},{"@type":"WebSite","@id":"https:\/\/termix.net\/blog\/es\/#website","url":"https:\/\/termix.net\/blog\/es\/","name":"Blog Termix Spain","description":"Blog de tendencias y productos de peluquer\u00eda profesional.","publisher":{"@id":"https:\/\/termix.net\/blog\/es\/#organization"},"potentialAction":[{"@type":"SearchAction","target":{"@type":"EntryPoint","urlTemplate":"https:\/\/termix.net\/blog\/es\/?s={search_term_string}"},"query-input":"required name=search_term_string"}],"inLanguage":"es"},{"@type":"Organization","@id":"https:\/\/termix.net\/blog\/es\/#organization","name":"Dols Industrial de Peluquer\u00eda SA","url":"https:\/\/termix.net\/blog\/es\/","logo":{"@type":"ImageObject","inLanguage":"es","@id":"https:\/\/termix.net\/blog\/es\/#\/schema\/logo\/image\/","url":"https:\/\/termix.net\/blog\/wp-content\/uploads\/2020\/10\/OGbDAeng.jpeg","contentUrl":"https:\/\/termix.net\/blog\/wp-content\/uploads\/2020\/10\/OGbDAeng.jpeg","width":800,"height":800,"caption":"Dols Industrial de Peluquer\u00eda SA"},"image":{"@id":"https:\/\/termix.net\/blog\/es\/#\/schema\/logo\/image\/"}},{"@type":"Person","@id":"https:\/\/termix.net\/blog\/es\/#\/schema\/person\/9096c98bdf03c8ddf91ad7172f254f40","name":"TermixTeam","image":{"@type":"ImageObject","inLanguage":"es","@id":"https:\/\/termix.net\/blog\/es\/#\/schema\/person\/image\/","url":"https:\/\/secure.gravatar.com\/avatar\/d89f61f6bd1c29a4acb231736d1c74b3?s=96&d=mm&r=g","contentUrl":"https:\/\/secure.gravatar.com\/avatar\/d89f61f6bd1c29a4acb231736d1c74b3?s=96&d=mm&r=g","caption":"TermixTeam"},"url":"https:\/\/termix.net\/blog\/es\/author\/termixteam\/"}]}},"_links":{"self":[{"href":"https:\/\/termix.net\/blog\/es\/wp-json\/wp\/v2\/posts\/17701"}],"collection":[{"href":"https:\/\/termix.net\/blog\/es\/wp-json\/wp\/v2\/posts"}],"about":[{"href":"https:\/\/termix.net\/blog\/es\/wp-json\/wp\/v2\/types\/post"}],"author":[{"embeddable":true,"href":"https:\/\/termix.net\/blog\/es\/wp-json\/wp\/v2\/users\/2"}],"replies":[{"embeddable":true,"href":"https:\/\/termix.net\/blog\/es\/wp-json\/wp\/v2\/comments?post=17701"}],"version-history":[{"count":4,"href":"https:\/\/termix.net\/blog\/es\/wp-json\/wp\/v2\/posts\/17701\/revisions"}],"predecessor-version":[{"id":24210,"href":"https:\/\/termix.net\/blog\/es\/wp-json\/wp\/v2\/posts\/17701\/revisions\/24210"}],"wp:featuredmedia":[{"embeddable":true,"href":"https:\/\/termix.net\/blog\/es\/wp-json\/wp\/v2\/media\/21816"}],"wp:attachment":[{"href":"https:\/\/termix.net\/blog\/es\/wp-json\/wp\/v2\/media?parent=17701"}],"wp:term":[{"taxonomy":"category","embeddable":true,"href":"https:\/\/termix.net\/blog\/es\/wp-json\/wp\/v2\/categories?post=17701"},{"taxonomy":"post_tag","embeddable":true,"href":"https:\/\/termix.net\/blog\/es\/wp-json\/wp\/v2\/tags?post=17701"}],"curies":[{"name":"wp","href":"https:\/\/api.w.org\/{rel}","templated":true}]}}