{"id":17425,"date":"2019-04-11T11:29:35","date_gmt":"2019-04-11T09:29:35","guid":{"rendered":"https:\/\/termix.net\/?p=17425"},"modified":"2019-12-17T15:01:11","modified_gmt":"2019-12-17T14:01:11","slug":"peluqueria-en-estado-puro-asi-ha-sido-esta-edicion-de-cosmobeauty-bcn","status":"publish","type":"post","link":"https:\/\/termix.net\/blog\/es\/peluqueria-en-estado-puro-asi-ha-sido-esta-edicion-de-cosmobeauty-bcn\/","title":{"rendered":"Peluquer\u00eda en estado puro: as\u00ed ha sido esta edici\u00f3n de CosmoBeauty BCN"},"content":{"rendered":"<h1 style=\"text-align: center;\">Peluquer\u00eda en estado puro<\/h1>\n<h1 style=\"text-align: center;\">As\u00ed ha sido esta edici\u00f3n de CosmoBeauty BCN<\/h1>\n<p style=\"text-align: center;\">Lanzamientos, novedades, concursos, pero sobretodo\u2026 \u00a1peluquer\u00eda en estado puro! Un a\u00f1o m\u00e1s ha llegado a su fin esta nueva edici\u00f3n de la feria de belleza por excelencia. CosmoBeauty BCN ha cerrado sus puertas, present\u00e1ndose como la antesala de un prometedor futuro para el mundo de la peluquer\u00eda y la est\u00e9tica. <strong>\u00bfQuieres saber c\u00f3mo ha sido esta experiencia al lado de Termix?<\/strong><\/p>\n<p>&nbsp;<\/p>\n<p style=\"text-align: center;\"><strong>\u00a0\u00a1No te pierdas ni un detalle!<\/strong><\/p>\n<p>&nbsp;<\/p>\n<p>&nbsp;<\/p>\n<p><img decoding=\"async\" class=\"alignnone size-full wp-image-24118\" src=\"https:\/\/termix.net\/blog\/wp-content\/uploads\/2019\/04\/cosmobeauty-bcn_termix.jpg\" alt=\"cosmobeauty-bcn_termix\" width=\"1160\" height=\"660\" srcset=\"https:\/\/termix.net\/blog\/wp-content\/uploads\/2019\/04\/cosmobeauty-bcn_termix-200x114.jpg 200w, https:\/\/termix.net\/blog\/wp-content\/uploads\/2019\/04\/cosmobeauty-bcn_termix-300x171.jpg 300w, https:\/\/termix.net\/blog\/wp-content\/uploads\/2019\/04\/cosmobeauty-bcn_termix-400x228.jpg 400w, https:\/\/termix.net\/blog\/wp-content\/uploads\/2019\/04\/cosmobeauty-bcn_termix-600x341.jpg 600w, https:\/\/termix.net\/blog\/wp-content\/uploads\/2019\/04\/cosmobeauty-bcn_termix-768x437.jpg 768w, https:\/\/termix.net\/blog\/wp-content\/uploads\/2019\/04\/cosmobeauty-bcn_termix-800x455.jpg 800w, https:\/\/termix.net\/blog\/wp-content\/uploads\/2019\/04\/cosmobeauty-bcn_termix-1024x583.jpg 1024w, https:\/\/termix.net\/blog\/wp-content\/uploads\/2019\/04\/cosmobeauty-bcn_termix.jpg 1160w\" sizes=\"(max-width: 1160px) 100vw, 1160px\" \/><\/p>\n<p style=\"text-align: justify;\">Del 6 al 8 de abril Termix alz\u00f3 su stand en Fira de Barcelona, para acoger a los m\u00e1s de 44.000 visitantes que, como cada a\u00f1o se dan cita en <strong>CosmoBeauty Barcelona<\/strong>. Enamorados de la peluquer\u00eda, estilistas y curiosos, se congregaron en el stand de la firma, que este a\u00f1o contaba con un tocador donde poder poner a prueba planchas, secadores y cepillos.<\/p>\n<p>&nbsp;<\/p>\n<h2 style=\"text-align: justify;\"><strong>Novedades y lanzamientos: estos han sido los <em>best-sellers<\/em> de la firma<\/strong><\/h2>\n<p style=\"text-align: justify;\">Y como no pod\u00eda ser de otro modo, Termix present\u00f3 los nuevos lanzamientos de la firma que encajan dentro de las nuevas tendencias y est\u00e1n pensados para proteger y cuidar los cabellos m\u00e1s exigentes. Uno de los best-sellers de Termix que se hizo con casi todas las miradas en Cosmo Beauty fueron \u00a0los nuevos <span style=\"text-decoration: underline;\"><strong>cepillos cer\u00e1micos C\u00b7ramic Colors<\/strong><\/span>. Living Coral, Bubblegum Pink y Princess Blue. Tres colores para tres cepillos que permiten potenciar el brillo del cabello al m\u00e1ximo. Con recubrimiento de cer\u00e1mica en el tubo y fibras i\u00f3nicas, permiten conseguir resultados profesionales y muy duraderos. No destacaron \u00fanicamente sus colores, sino que tambi\u00e9n lo hizo el exclusivo neceser en el que se incluyen los cinco di\u00e1metros m\u00e1s demandados de estos cepillos.<\/p>\n<p><img decoding=\"async\" class=\"alignnone size-full wp-image-24116\" src=\"https:\/\/termix.net\/blog\/wp-content\/uploads\/2019\/04\/cosmobeauty-barcelona_-1.jpg\" alt=\"cosmobeauty-barcelona_ (1)\" width=\"1160\" height=\"660\" srcset=\"https:\/\/termix.net\/blog\/wp-content\/uploads\/2019\/04\/cosmobeauty-barcelona_-1-200x114.jpg 200w, https:\/\/termix.net\/blog\/wp-content\/uploads\/2019\/04\/cosmobeauty-barcelona_-1-300x171.jpg 300w, https:\/\/termix.net\/blog\/wp-content\/uploads\/2019\/04\/cosmobeauty-barcelona_-1-400x228.jpg 400w, https:\/\/termix.net\/blog\/wp-content\/uploads\/2019\/04\/cosmobeauty-barcelona_-1-600x341.jpg 600w, https:\/\/termix.net\/blog\/wp-content\/uploads\/2019\/04\/cosmobeauty-barcelona_-1-768x437.jpg 768w, https:\/\/termix.net\/blog\/wp-content\/uploads\/2019\/04\/cosmobeauty-barcelona_-1-800x455.jpg 800w, https:\/\/termix.net\/blog\/wp-content\/uploads\/2019\/04\/cosmobeauty-barcelona_-1-1024x583.jpg 1024w, https:\/\/termix.net\/blog\/wp-content\/uploads\/2019\/04\/cosmobeauty-barcelona_-1.jpg 1160w\" sizes=\"(max-width: 1160px) 100vw, 1160px\" \/><\/p>\n<p>&nbsp;<\/p>\n<p style=\"text-align: justify;\">Una de las estrellas de este a\u00f1o ha sido el nuevo cepillo especialmente dise\u00f1ado para los cabellos m\u00e1s castigados y delicados, el nuevo <strong><span style=\"text-decoration: underline;\">Evolution Special Care<\/span><\/strong>. Un cepillo encajado dentro de la gama Evolution y recubierto del color bronce m\u00e1s actual que llega para cuidar de los cabellos que m\u00e1s lo necesitan. Gracias a la inversi\u00f3n constante de la firma en I+D, estos cepillos incorporan una combinaci\u00f3n exclusiva e fibras mucho m\u00e1s flexibles que permite trabajar sobre cabellos delicados sin partirlos, ni da\u00f1arlos. Adem\u00e1s, potencian el brillo y sellan la cut\u00edcula del cabello, para una melena un 30% visiblemente m\u00e1s sana.<\/p>\n<p><img decoding=\"async\" class=\"alignnone size-full wp-image-24114\" src=\"https:\/\/termix.net\/blog\/wp-content\/uploads\/2019\/04\/cosmobeautybcn_bestsellers.jpg\" alt=\"cosmobeautybcn_bestsellers\" width=\"1160\" height=\"660\" srcset=\"https:\/\/termix.net\/blog\/wp-content\/uploads\/2019\/04\/cosmobeautybcn_bestsellers-200x114.jpg 200w, https:\/\/termix.net\/blog\/wp-content\/uploads\/2019\/04\/cosmobeautybcn_bestsellers-300x171.jpg 300w, https:\/\/termix.net\/blog\/wp-content\/uploads\/2019\/04\/cosmobeautybcn_bestsellers-400x228.jpg 400w, https:\/\/termix.net\/blog\/wp-content\/uploads\/2019\/04\/cosmobeautybcn_bestsellers-600x341.jpg 600w, https:\/\/termix.net\/blog\/wp-content\/uploads\/2019\/04\/cosmobeautybcn_bestsellers-768x437.jpg 768w, https:\/\/termix.net\/blog\/wp-content\/uploads\/2019\/04\/cosmobeautybcn_bestsellers-800x455.jpg 800w, https:\/\/termix.net\/blog\/wp-content\/uploads\/2019\/04\/cosmobeautybcn_bestsellers-1024x583.jpg 1024w, https:\/\/termix.net\/blog\/wp-content\/uploads\/2019\/04\/cosmobeautybcn_bestsellers.jpg 1160w\" sizes=\"(max-width: 1160px) 100vw, 1160px\" \/><\/p>\n<p style=\"text-align: justify;\">Los el\u00e9ctricos tampoco se han quedado atr\u00e1s. Los cepillos el\u00e9ctricos fueron la sorpresa de este a\u00f1o, cautivando al p\u00fablico de la misma forma que la plancha 230 Passion Red. Dos elementos que, gracias a su regulador de temperatura, consiguen adaptarse a todo tipo de cabello.<\/p>\n<p>&nbsp;<\/p>\n<h2 style=\"text-align: justify;\"><strong>La peluquer\u00eda como forma de arte<\/strong><\/h2>\n<p><iframe src=\"https:\/\/www.youtube.com\/embed\/nZXiipIX0v8\" width=\"100%\" height=\"480\" frameborder=\"0\" allowfullscreen=\"allowfullscreen\"><span data-mce-type=\"bookmark\" style=\"display: inline-block; width: 0px; overflow: hidden; line-height: 0;\" class=\"mce_SELRES_start\">\ufeff<\/span><\/iframe><\/p>\n<p style=\"text-align: justify;\">Adem\u00e1s de poder descubrir los \u00faltimos lanzamientos de la firma tambi\u00e9n hubo tiempo para disfrutar de la peluquer\u00eda en estado puro. Y es que estuvimos junto a Antonio Garrido en el camerino, preparando a las modelos que desfilar\u00edan en la <strong>Pasarela Beauty BCN<\/strong>.<\/p>\n<p><img decoding=\"async\" class=\"alignnone size-full wp-image-24112\" src=\"https:\/\/termix.net\/blog\/wp-content\/uploads\/2019\/04\/evento-pasarelo-beauty_antonio-garrido.jpg\" alt=\"evento-pasarelo-beauty_antonio-garrido\" width=\"1160\" height=\"660\" srcset=\"https:\/\/termix.net\/blog\/wp-content\/uploads\/2019\/04\/evento-pasarelo-beauty_antonio-garrido-200x114.jpg 200w, https:\/\/termix.net\/blog\/wp-content\/uploads\/2019\/04\/evento-pasarelo-beauty_antonio-garrido-300x171.jpg 300w, https:\/\/termix.net\/blog\/wp-content\/uploads\/2019\/04\/evento-pasarelo-beauty_antonio-garrido-400x228.jpg 400w, https:\/\/termix.net\/blog\/wp-content\/uploads\/2019\/04\/evento-pasarelo-beauty_antonio-garrido-600x341.jpg 600w, https:\/\/termix.net\/blog\/wp-content\/uploads\/2019\/04\/evento-pasarelo-beauty_antonio-garrido-768x437.jpg 768w, https:\/\/termix.net\/blog\/wp-content\/uploads\/2019\/04\/evento-pasarelo-beauty_antonio-garrido-800x455.jpg 800w, https:\/\/termix.net\/blog\/wp-content\/uploads\/2019\/04\/evento-pasarelo-beauty_antonio-garrido-1024x583.jpg 1024w, https:\/\/termix.net\/blog\/wp-content\/uploads\/2019\/04\/evento-pasarelo-beauty_antonio-garrido.jpg 1160w\" sizes=\"(max-width: 1160px) 100vw, 1160px\" \/><\/p>\n<p style=\"text-align: justify;\">Una exhibici\u00f3n de talento y creatividad que declaraba c\u00f3mo la peluquer\u00eda es una forma de arte. Y es que, los estilismos creados por el estilista, recreaban un estilo urbano, comercial y, sobretodo, muy elegante donde predominaron los cabellos rizados o los recogidos ondulados y con vol\u00famenes laterales. Todo un show donde el talento y el ingenio se un\u00edan para dar vida a unos looks actuales y muy personales.<\/p>\n<p>&nbsp;<\/p>\n<h2 style=\"text-align: justify;\"><strong>\u00a1Volvemos a batir r\u00e9cords de asistencia!<\/strong><\/h2>\n<p style=\"text-align: justify;\">Tambi\u00e9n tuvimos tiempo de batir un nuevo r\u00e9cord. Y es que en nuestro stand se vivieron tres d\u00edas de intensidad muy elevada, en los que se repartieron m\u00e1s de 5000 obsequios en forma de cepillos profesionales. \u00a0\u00a1Muchas gracias por pasaros unos minutos por nuestro stand a saludarnos!<\/p>\n<p><img decoding=\"async\" class=\"alignnone size-full wp-image-24110\" src=\"https:\/\/termix.net\/blog\/wp-content\/uploads\/2019\/04\/cosmobeauty-barcelona.jpg\" alt=\"cosmobeauty-barcelona\" width=\"1160\" height=\"660\" srcset=\"https:\/\/termix.net\/blog\/wp-content\/uploads\/2019\/04\/cosmobeauty-barcelona-200x114.jpg 200w, https:\/\/termix.net\/blog\/wp-content\/uploads\/2019\/04\/cosmobeauty-barcelona-300x171.jpg 300w, https:\/\/termix.net\/blog\/wp-content\/uploads\/2019\/04\/cosmobeauty-barcelona-400x228.jpg 400w, https:\/\/termix.net\/blog\/wp-content\/uploads\/2019\/04\/cosmobeauty-barcelona-600x341.jpg 600w, https:\/\/termix.net\/blog\/wp-content\/uploads\/2019\/04\/cosmobeauty-barcelona-768x437.jpg 768w, https:\/\/termix.net\/blog\/wp-content\/uploads\/2019\/04\/cosmobeauty-barcelona-800x455.jpg 800w, https:\/\/termix.net\/blog\/wp-content\/uploads\/2019\/04\/cosmobeauty-barcelona-1024x583.jpg 1024w, https:\/\/termix.net\/blog\/wp-content\/uploads\/2019\/04\/cosmobeauty-barcelona.jpg 1160w\" sizes=\"(max-width: 1160px) 100vw, 1160px\" \/><\/p>\n<p style=\"text-align: justify;\">Os esperamos el pr\u00f3ximo a\u00f1o con las mismas energ\u00edas y la misma pasi\u00f3n por la peluquer\u00eda que siempre.<\/p>\n<h3 style=\"text-align: justify;\">Solo nos queda deciros\u2026 \u00a1Gracias a todos por venir y estar a nuestro lado en esta maravillosa experiencia!<\/h3>\n","protected":false},"excerpt":{"rendered":"<p>Peluquer\u00eda en estado puro As\u00ed ha sido esta edici\u00f3n de<\/p>\n","protected":false},"author":2,"featured_media":21807,"comment_status":"open","ping_status":"open","sticky":false,"template":"","format":"standard","meta":[],"categories":[6],"tags":[],"yoast_head":"<!-- This site is optimized with the Yoast SEO plugin v20.0 - https:\/\/yoast.com\/wordpress\/plugins\/seo\/ -->\n<title>Peluquer\u00eda en estado puro: as\u00ed ha sido esta edici\u00f3n de CosmoBeauty BCN<\/title>\n<meta name=\"description\" content=\"Un a\u00f1o m\u00e1s ha llegado a su fin esta nueva edici\u00f3n de la feria de belleza por excelencia. CosmoBeauty BCN ha cerrado sus puertas, present\u00e1ndose como la antesala de un prometedor futuro para el mundo de la peluquer\u00eda y la est\u00e9tica. \u00bfQuieres saber c\u00f3mo ha sido esta experiencia al lado de Termix?\" \/>\n<meta name=\"robots\" content=\"index, follow, max-snippet:-1, max-image-preview:large, max-video-preview:-1\" \/>\n<link rel=\"canonical\" href=\"https:\/\/termix.net\/blog\/es\/peluqueria-en-estado-puro-asi-ha-sido-esta-edicion-de-cosmobeauty-bcn\/\" \/>\n<meta property=\"og:locale\" content=\"es_ES\" \/>\n<meta property=\"og:type\" content=\"article\" \/>\n<meta property=\"og:title\" content=\"Peluquer\u00eda en estado puro: as\u00ed ha sido esta edici\u00f3n de CosmoBeauty BCN\" \/>\n<meta property=\"og:description\" content=\"Un a\u00f1o m\u00e1s ha llegado a su fin esta nueva edici\u00f3n de la feria de belleza por excelencia. CosmoBeauty BCN ha cerrado sus puertas, present\u00e1ndose como la antesala de un prometedor futuro para el mundo de la peluquer\u00eda y la est\u00e9tica. \u00bfQuieres saber c\u00f3mo ha sido esta experiencia al lado de Termix?\" \/>\n<meta property=\"og:url\" content=\"https:\/\/termix.net\/blog\/es\/peluqueria-en-estado-puro-asi-ha-sido-esta-edicion-de-cosmobeauty-bcn\/\" \/>\n<meta property=\"og:site_name\" content=\"Blog Termix Spain\" \/>\n<meta property=\"article:published_time\" content=\"2019-04-11T09:29:35+00:00\" \/>\n<meta property=\"article:modified_time\" content=\"2019-12-17T14:01:11+00:00\" \/>\n<meta property=\"og:image\" content=\"https:\/\/termix.net\/blog\/wp-content\/uploads\/2019\/04\/cosmobeauty-barcelona_.jpg\" \/>\n\t<meta property=\"og:image:width\" content=\"1160\" \/>\n\t<meta property=\"og:image:height\" content=\"660\" \/>\n\t<meta property=\"og:image:type\" content=\"image\/jpeg\" \/>\n<meta name=\"author\" content=\"TermixTeam\" \/>\n<meta name=\"twitter:card\" content=\"summary_large_image\" \/>\n<meta name=\"twitter:label1\" content=\"Escrito por\" \/>\n\t<meta name=\"twitter:data1\" content=\"TermixTeam\" \/>\n\t<meta name=\"twitter:label2\" content=\"Tiempo de lectura\" \/>\n\t<meta name=\"twitter:data2\" content=\"3 minutos\" \/>\n<script type=\"application\/ld+json\" class=\"yoast-schema-graph\">{\"@context\":\"https:\/\/schema.org\",\"@graph\":[{\"@type\":\"Article\",\"@id\":\"https:\/\/termix.net\/blog\/es\/peluqueria-en-estado-puro-asi-ha-sido-esta-edicion-de-cosmobeauty-bcn\/#article\",\"isPartOf\":{\"@id\":\"https:\/\/termix.net\/blog\/es\/peluqueria-en-estado-puro-asi-ha-sido-esta-edicion-de-cosmobeauty-bcn\/\"},\"author\":{\"name\":\"TermixTeam\",\"@id\":\"https:\/\/termix.net\/blog\/es\/#\/schema\/person\/9096c98bdf03c8ddf91ad7172f254f40\"},\"headline\":\"Peluquer\u00eda en estado puro: as\u00ed ha sido esta edici\u00f3n de CosmoBeauty BCN\",\"datePublished\":\"2019-04-11T09:29:35+00:00\",\"dateModified\":\"2019-12-17T14:01:11+00:00\",\"mainEntityOfPage\":{\"@id\":\"https:\/\/termix.net\/blog\/es\/peluqueria-en-estado-puro-asi-ha-sido-esta-edicion-de-cosmobeauty-bcn\/\"},\"wordCount\":705,\"commentCount\":0,\"publisher\":{\"@id\":\"https:\/\/termix.net\/blog\/es\/#organization\"},\"articleSection\":[\"NOTICIAS\"],\"inLanguage\":\"es\",\"potentialAction\":[{\"@type\":\"CommentAction\",\"name\":\"Comment\",\"target\":[\"https:\/\/termix.net\/blog\/es\/peluqueria-en-estado-puro-asi-ha-sido-esta-edicion-de-cosmobeauty-bcn\/#respond\"]}]},{\"@type\":\"WebPage\",\"@id\":\"https:\/\/termix.net\/blog\/es\/peluqueria-en-estado-puro-asi-ha-sido-esta-edicion-de-cosmobeauty-bcn\/\",\"url\":\"https:\/\/termix.net\/blog\/es\/peluqueria-en-estado-puro-asi-ha-sido-esta-edicion-de-cosmobeauty-bcn\/\",\"name\":\"Peluquer\u00eda en estado puro: as\u00ed ha sido esta edici\u00f3n de CosmoBeauty BCN\",\"isPartOf\":{\"@id\":\"https:\/\/termix.net\/blog\/es\/#website\"},\"datePublished\":\"2019-04-11T09:29:35+00:00\",\"dateModified\":\"2019-12-17T14:01:11+00:00\",\"description\":\"Un a\u00f1o m\u00e1s ha llegado a su fin esta nueva edici\u00f3n de la feria de belleza por excelencia. CosmoBeauty BCN ha cerrado sus puertas, present\u00e1ndose como la antesala de un prometedor futuro para el mundo de la peluquer\u00eda y la est\u00e9tica. \u00bfQuieres saber c\u00f3mo ha sido esta experiencia al lado de Termix?\",\"breadcrumb\":{\"@id\":\"https:\/\/termix.net\/blog\/es\/peluqueria-en-estado-puro-asi-ha-sido-esta-edicion-de-cosmobeauty-bcn\/#breadcrumb\"},\"inLanguage\":\"es\",\"potentialAction\":[{\"@type\":\"ReadAction\",\"target\":[\"https:\/\/termix.net\/blog\/es\/peluqueria-en-estado-puro-asi-ha-sido-esta-edicion-de-cosmobeauty-bcn\/\"]}]},{\"@type\":\"BreadcrumbList\",\"@id\":\"https:\/\/termix.net\/blog\/es\/peluqueria-en-estado-puro-asi-ha-sido-esta-edicion-de-cosmobeauty-bcn\/#breadcrumb\",\"itemListElement\":[{\"@type\":\"ListItem\",\"position\":1,\"name\":\"Home\",\"item\":\"https:\/\/termix.net\/blog\/es\/\"},{\"@type\":\"ListItem\",\"position\":2,\"name\":\"Peluquer\u00eda en estado puro: as\u00ed ha sido esta edici\u00f3n de CosmoBeauty BCN\"}]},{\"@type\":\"WebSite\",\"@id\":\"https:\/\/termix.net\/blog\/es\/#website\",\"url\":\"https:\/\/termix.net\/blog\/es\/\",\"name\":\"Blog Termix Spain\",\"description\":\"Blog de tendencias y productos de peluquer\u00eda profesional.\",\"publisher\":{\"@id\":\"https:\/\/termix.net\/blog\/es\/#organization\"},\"potentialAction\":[{\"@type\":\"SearchAction\",\"target\":{\"@type\":\"EntryPoint\",\"urlTemplate\":\"https:\/\/termix.net\/blog\/es\/?s={search_term_string}\"},\"query-input\":\"required name=search_term_string\"}],\"inLanguage\":\"es\"},{\"@type\":\"Organization\",\"@id\":\"https:\/\/termix.net\/blog\/es\/#organization\",\"name\":\"Dols Industrial de Peluquer\u00eda SA\",\"url\":\"https:\/\/termix.net\/blog\/es\/\",\"logo\":{\"@type\":\"ImageObject\",\"inLanguage\":\"es\",\"@id\":\"https:\/\/termix.net\/blog\/es\/#\/schema\/logo\/image\/\",\"url\":\"https:\/\/termix.net\/blog\/wp-content\/uploads\/2020\/10\/OGbDAeng.jpeg\",\"contentUrl\":\"https:\/\/termix.net\/blog\/wp-content\/uploads\/2020\/10\/OGbDAeng.jpeg\",\"width\":800,\"height\":800,\"caption\":\"Dols Industrial de Peluquer\u00eda SA\"},\"image\":{\"@id\":\"https:\/\/termix.net\/blog\/es\/#\/schema\/logo\/image\/\"}},{\"@type\":\"Person\",\"@id\":\"https:\/\/termix.net\/blog\/es\/#\/schema\/person\/9096c98bdf03c8ddf91ad7172f254f40\",\"name\":\"TermixTeam\",\"image\":{\"@type\":\"ImageObject\",\"inLanguage\":\"es\",\"@id\":\"https:\/\/termix.net\/blog\/es\/#\/schema\/person\/image\/\",\"url\":\"https:\/\/secure.gravatar.com\/avatar\/d89f61f6bd1c29a4acb231736d1c74b3?s=96&d=mm&r=g\",\"contentUrl\":\"https:\/\/secure.gravatar.com\/avatar\/d89f61f6bd1c29a4acb231736d1c74b3?s=96&d=mm&r=g\",\"caption\":\"TermixTeam\"},\"url\":\"https:\/\/termix.net\/blog\/es\/author\/termixteam\/\"}]}<\/script>\n<!-- \/ Yoast SEO plugin. -->","yoast_head_json":{"title":"Peluquer\u00eda en estado puro: as\u00ed ha sido esta edici\u00f3n de CosmoBeauty BCN","description":"Un a\u00f1o m\u00e1s ha llegado a su fin esta nueva edici\u00f3n de la feria de belleza por excelencia. CosmoBeauty BCN ha cerrado sus puertas, present\u00e1ndose como la antesala de un prometedor futuro para el mundo de la peluquer\u00eda y la est\u00e9tica. \u00bfQuieres saber c\u00f3mo ha sido esta experiencia al lado de Termix?","robots":{"index":"index","follow":"follow","max-snippet":"max-snippet:-1","max-image-preview":"max-image-preview:large","max-video-preview":"max-video-preview:-1"},"canonical":"https:\/\/termix.net\/blog\/es\/peluqueria-en-estado-puro-asi-ha-sido-esta-edicion-de-cosmobeauty-bcn\/","og_locale":"es_ES","og_type":"article","og_title":"Peluquer\u00eda en estado puro: as\u00ed ha sido esta edici\u00f3n de CosmoBeauty BCN","og_description":"Un a\u00f1o m\u00e1s ha llegado a su fin esta nueva edici\u00f3n de la feria de belleza por excelencia. CosmoBeauty BCN ha cerrado sus puertas, present\u00e1ndose como la antesala de un prometedor futuro para el mundo de la peluquer\u00eda y la est\u00e9tica. \u00bfQuieres saber c\u00f3mo ha sido esta experiencia al lado de Termix?","og_url":"https:\/\/termix.net\/blog\/es\/peluqueria-en-estado-puro-asi-ha-sido-esta-edicion-de-cosmobeauty-bcn\/","og_site_name":"Blog Termix Spain","article_published_time":"2019-04-11T09:29:35+00:00","article_modified_time":"2019-12-17T14:01:11+00:00","og_image":[{"width":1160,"height":660,"url":"https:\/\/termix.net\/blog\/wp-content\/uploads\/2019\/04\/cosmobeauty-barcelona_.jpg","type":"image\/jpeg"}],"author":"TermixTeam","twitter_card":"summary_large_image","twitter_misc":{"Escrito por":"TermixTeam","Tiempo de lectura":"3 minutos"},"schema":{"@context":"https:\/\/schema.org","@graph":[{"@type":"Article","@id":"https:\/\/termix.net\/blog\/es\/peluqueria-en-estado-puro-asi-ha-sido-esta-edicion-de-cosmobeauty-bcn\/#article","isPartOf":{"@id":"https:\/\/termix.net\/blog\/es\/peluqueria-en-estado-puro-asi-ha-sido-esta-edicion-de-cosmobeauty-bcn\/"},"author":{"name":"TermixTeam","@id":"https:\/\/termix.net\/blog\/es\/#\/schema\/person\/9096c98bdf03c8ddf91ad7172f254f40"},"headline":"Peluquer\u00eda en estado puro: as\u00ed ha sido esta edici\u00f3n de CosmoBeauty BCN","datePublished":"2019-04-11T09:29:35+00:00","dateModified":"2019-12-17T14:01:11+00:00","mainEntityOfPage":{"@id":"https:\/\/termix.net\/blog\/es\/peluqueria-en-estado-puro-asi-ha-sido-esta-edicion-de-cosmobeauty-bcn\/"},"wordCount":705,"commentCount":0,"publisher":{"@id":"https:\/\/termix.net\/blog\/es\/#organization"},"articleSection":["NOTICIAS"],"inLanguage":"es","potentialAction":[{"@type":"CommentAction","name":"Comment","target":["https:\/\/termix.net\/blog\/es\/peluqueria-en-estado-puro-asi-ha-sido-esta-edicion-de-cosmobeauty-bcn\/#respond"]}]},{"@type":"WebPage","@id":"https:\/\/termix.net\/blog\/es\/peluqueria-en-estado-puro-asi-ha-sido-esta-edicion-de-cosmobeauty-bcn\/","url":"https:\/\/termix.net\/blog\/es\/peluqueria-en-estado-puro-asi-ha-sido-esta-edicion-de-cosmobeauty-bcn\/","name":"Peluquer\u00eda en estado puro: as\u00ed ha sido esta edici\u00f3n de CosmoBeauty BCN","isPartOf":{"@id":"https:\/\/termix.net\/blog\/es\/#website"},"datePublished":"2019-04-11T09:29:35+00:00","dateModified":"2019-12-17T14:01:11+00:00","description":"Un a\u00f1o m\u00e1s ha llegado a su fin esta nueva edici\u00f3n de la feria de belleza por excelencia. CosmoBeauty BCN ha cerrado sus puertas, present\u00e1ndose como la antesala de un prometedor futuro para el mundo de la peluquer\u00eda y la est\u00e9tica. \u00bfQuieres saber c\u00f3mo ha sido esta experiencia al lado de Termix?","breadcrumb":{"@id":"https:\/\/termix.net\/blog\/es\/peluqueria-en-estado-puro-asi-ha-sido-esta-edicion-de-cosmobeauty-bcn\/#breadcrumb"},"inLanguage":"es","potentialAction":[{"@type":"ReadAction","target":["https:\/\/termix.net\/blog\/es\/peluqueria-en-estado-puro-asi-ha-sido-esta-edicion-de-cosmobeauty-bcn\/"]}]},{"@type":"BreadcrumbList","@id":"https:\/\/termix.net\/blog\/es\/peluqueria-en-estado-puro-asi-ha-sido-esta-edicion-de-cosmobeauty-bcn\/#breadcrumb","itemListElement":[{"@type":"ListItem","position":1,"name":"Home","item":"https:\/\/termix.net\/blog\/es\/"},{"@type":"ListItem","position":2,"name":"Peluquer\u00eda en estado puro: as\u00ed ha sido esta edici\u00f3n de CosmoBeauty BCN"}]},{"@type":"WebSite","@id":"https:\/\/termix.net\/blog\/es\/#website","url":"https:\/\/termix.net\/blog\/es\/","name":"Blog Termix Spain","description":"Blog de tendencias y productos de peluquer\u00eda profesional.","publisher":{"@id":"https:\/\/termix.net\/blog\/es\/#organization"},"potentialAction":[{"@type":"SearchAction","target":{"@type":"EntryPoint","urlTemplate":"https:\/\/termix.net\/blog\/es\/?s={search_term_string}"},"query-input":"required name=search_term_string"}],"inLanguage":"es"},{"@type":"Organization","@id":"https:\/\/termix.net\/blog\/es\/#organization","name":"Dols Industrial de Peluquer\u00eda SA","url":"https:\/\/termix.net\/blog\/es\/","logo":{"@type":"ImageObject","inLanguage":"es","@id":"https:\/\/termix.net\/blog\/es\/#\/schema\/logo\/image\/","url":"https:\/\/termix.net\/blog\/wp-content\/uploads\/2020\/10\/OGbDAeng.jpeg","contentUrl":"https:\/\/termix.net\/blog\/wp-content\/uploads\/2020\/10\/OGbDAeng.jpeg","width":800,"height":800,"caption":"Dols Industrial de Peluquer\u00eda SA"},"image":{"@id":"https:\/\/termix.net\/blog\/es\/#\/schema\/logo\/image\/"}},{"@type":"Person","@id":"https:\/\/termix.net\/blog\/es\/#\/schema\/person\/9096c98bdf03c8ddf91ad7172f254f40","name":"TermixTeam","image":{"@type":"ImageObject","inLanguage":"es","@id":"https:\/\/termix.net\/blog\/es\/#\/schema\/person\/image\/","url":"https:\/\/secure.gravatar.com\/avatar\/d89f61f6bd1c29a4acb231736d1c74b3?s=96&d=mm&r=g","contentUrl":"https:\/\/secure.gravatar.com\/avatar\/d89f61f6bd1c29a4acb231736d1c74b3?s=96&d=mm&r=g","caption":"TermixTeam"},"url":"https:\/\/termix.net\/blog\/es\/author\/termixteam\/"}]}},"_links":{"self":[{"href":"https:\/\/termix.net\/blog\/es\/wp-json\/wp\/v2\/posts\/17425"}],"collection":[{"href":"https:\/\/termix.net\/blog\/es\/wp-json\/wp\/v2\/posts"}],"about":[{"href":"https:\/\/termix.net\/blog\/es\/wp-json\/wp\/v2\/types\/post"}],"author":[{"embeddable":true,"href":"https:\/\/termix.net\/blog\/es\/wp-json\/wp\/v2\/users\/2"}],"replies":[{"embeddable":true,"href":"https:\/\/termix.net\/blog\/es\/wp-json\/wp\/v2\/comments?post=17425"}],"version-history":[{"count":3,"href":"https:\/\/termix.net\/blog\/es\/wp-json\/wp\/v2\/posts\/17425\/revisions"}],"predecessor-version":[{"id":24141,"href":"https:\/\/termix.net\/blog\/es\/wp-json\/wp\/v2\/posts\/17425\/revisions\/24141"}],"wp:featuredmedia":[{"embeddable":true,"href":"https:\/\/termix.net\/blog\/es\/wp-json\/wp\/v2\/media\/21807"}],"wp:attachment":[{"href":"https:\/\/termix.net\/blog\/es\/wp-json\/wp\/v2\/media?parent=17425"}],"wp:term":[{"taxonomy":"category","embeddable":true,"href":"https:\/\/termix.net\/blog\/es\/wp-json\/wp\/v2\/categories?post=17425"},{"taxonomy":"post_tag","embeddable":true,"href":"https:\/\/termix.net\/blog\/es\/wp-json\/wp\/v2\/tags?post=17425"}],"curies":[{"name":"wp","href":"https:\/\/api.w.org\/{rel}","templated":true}]}}