{"id":16555,"date":"2019-03-28T15:45:32","date_gmt":"2019-03-28T14:45:32","guid":{"rendered":"https:\/\/termix.net\/?p=16555"},"modified":"2019-12-17T15:39:05","modified_gmt":"2019-12-17T14:39:05","slug":"concurso-cosmobeauty-bcn-speak-in-colors-participas","status":"publish","type":"post","link":"https:\/\/termix.net\/blog\/es\/concurso-cosmobeauty-bcn-speak-in-colors-participas\/","title":{"rendered":"Concurso CosmoBeauty BCN \u00abSpeak in Colors\u00bb, \u00bfparticipas?"},"content":{"rendered":"<h1 style=\"text-align: center;\">Concurso CosmoBeauty BCN <em>Speak in Colors<\/em><\/h1>\n<h1 style=\"text-align: center;\">\u00bfparticipas?<\/h1>\n<p><img decoding=\"async\" class=\"alignnone size-full wp-image-24197\" src=\"https:\/\/termix.net\/blog\/wp-content\/uploads\/2019\/04\/SPEAK-IN-COLORS.jpg\" alt=\"\" width=\"1160\" height=\"418\" srcset=\"https:\/\/termix.net\/blog\/wp-content\/uploads\/2019\/04\/SPEAK-IN-COLORS-200x72.jpg 200w, https:\/\/termix.net\/blog\/wp-content\/uploads\/2019\/04\/SPEAK-IN-COLORS-300x108.jpg 300w, https:\/\/termix.net\/blog\/wp-content\/uploads\/2019\/04\/SPEAK-IN-COLORS-400x144.jpg 400w, https:\/\/termix.net\/blog\/wp-content\/uploads\/2019\/04\/SPEAK-IN-COLORS-600x216.jpg 600w, https:\/\/termix.net\/blog\/wp-content\/uploads\/2019\/04\/SPEAK-IN-COLORS-768x277.jpg 768w, https:\/\/termix.net\/blog\/wp-content\/uploads\/2019\/04\/SPEAK-IN-COLORS-800x288.jpg 800w, https:\/\/termix.net\/blog\/wp-content\/uploads\/2019\/04\/SPEAK-IN-COLORS-1024x369.jpg 1024w, https:\/\/termix.net\/blog\/wp-content\/uploads\/2019\/04\/SPEAK-IN-COLORS.jpg 1160w\" sizes=\"(max-width: 1160px) 100vw, 1160px\" \/><\/p>\n<p style=\"text-align: center;\">Los colores hablan por nosotros.\u00a0 Definen nuestra personalidad, nos aportan estilo y nos ayudan a expresarnos.<\/p>\n<p style=\"text-align: center;\">Porque la vida sin colores ser\u00eda bastante m\u00e1s aburrida.\u00a0Por eso, iniciamos un concurso que te va a encantar.<\/p>\n<p>&nbsp;<\/p>\n<p style=\"text-align: center;\"><strong>A continuaci\u00f3n, te explicamos todos los detalles.<\/strong><\/p>\n<p>&nbsp;<\/p>\n<p><img decoding=\"async\" class=\"alignnone size-full wp-image-24264\" src=\"https:\/\/termix.net\/blog\/wp-content\/uploads\/2019\/03\/cramic-colors_bubblegum-pink_concurso.jpg\" alt=\"cramic-colors_bubblegum-pink_concurso\" width=\"1160\" height=\"660\" srcset=\"https:\/\/termix.net\/blog\/wp-content\/uploads\/2019\/03\/cramic-colors_bubblegum-pink_concurso-200x114.jpg 200w, https:\/\/termix.net\/blog\/wp-content\/uploads\/2019\/03\/cramic-colors_bubblegum-pink_concurso-300x171.jpg 300w, https:\/\/termix.net\/blog\/wp-content\/uploads\/2019\/03\/cramic-colors_bubblegum-pink_concurso-400x228.jpg 400w, https:\/\/termix.net\/blog\/wp-content\/uploads\/2019\/03\/cramic-colors_bubblegum-pink_concurso-600x341.jpg 600w, https:\/\/termix.net\/blog\/wp-content\/uploads\/2019\/03\/cramic-colors_bubblegum-pink_concurso-768x437.jpg 768w, https:\/\/termix.net\/blog\/wp-content\/uploads\/2019\/03\/cramic-colors_bubblegum-pink_concurso-800x455.jpg 800w, https:\/\/termix.net\/blog\/wp-content\/uploads\/2019\/03\/cramic-colors_bubblegum-pink_concurso-1024x583.jpg 1024w, https:\/\/termix.net\/blog\/wp-content\/uploads\/2019\/03\/cramic-colors_bubblegum-pink_concurso.jpg 1160w\" sizes=\"(max-width: 1160px) 100vw, 1160px\" \/><\/p>\n<h3><img decoding=\"async\" class=\"size-full wp-image-16559 aligncenter\" src=\"https:\/\/termix.net\/blog\/wp-content\/uploads\/2019\/03\/SPEAK-IN-COLORS.jpg\" alt=\"\" width=\"1160\" height=\"418\" \/><\/h3>\n<h2 style=\"text-align: justify;\"><strong>\u00bfHablamos en colores?<\/strong><\/h2>\n<p style=\"text-align: justify;\">Este a\u00f1o, el stand de Termix en CosmoBeauty hemos preparado un concurso para ti. En el que podr\u00e1s expresarte en colores. \u00bfEres creativo? Tu color es el Living Coral. \u00bfNo te conformas con lo establecido? \u00a1Elige el Bubblegum Pink! \u00bfQuiz\u00e1s te consideras una persona segura? El color Princess Blue es el tuyo. Seas como seas, vente a hacer una foto en nuestro photocall.<\/p>\n<p>&nbsp;<\/p>\n<p><img decoding=\"async\" class=\"alignnone size-full wp-image-24262\" src=\"https:\/\/termix.net\/blog\/wp-content\/uploads\/2019\/03\/crmic-colors_coral_concurso-2.jpg\" alt=\"crmic-colors_coral_concurso (2)\" width=\"1160\" height=\"660\" srcset=\"https:\/\/termix.net\/blog\/wp-content\/uploads\/2019\/03\/crmic-colors_coral_concurso-2-200x114.jpg 200w, https:\/\/termix.net\/blog\/wp-content\/uploads\/2019\/03\/crmic-colors_coral_concurso-2-300x171.jpg 300w, https:\/\/termix.net\/blog\/wp-content\/uploads\/2019\/03\/crmic-colors_coral_concurso-2-400x228.jpg 400w, https:\/\/termix.net\/blog\/wp-content\/uploads\/2019\/03\/crmic-colors_coral_concurso-2-600x341.jpg 600w, https:\/\/termix.net\/blog\/wp-content\/uploads\/2019\/03\/crmic-colors_coral_concurso-2-768x437.jpg 768w, https:\/\/termix.net\/blog\/wp-content\/uploads\/2019\/03\/crmic-colors_coral_concurso-2-800x455.jpg 800w, https:\/\/termix.net\/blog\/wp-content\/uploads\/2019\/03\/crmic-colors_coral_concurso-2-1024x583.jpg 1024w, https:\/\/termix.net\/blog\/wp-content\/uploads\/2019\/03\/crmic-colors_coral_concurso-2.jpg 1160w\" sizes=\"(max-width: 1160px) 100vw, 1160px\" \/><\/p>\n<p>&nbsp;<\/p>\n<p style=\"text-align: justify;\">Participar en el concurso es muy sencillo:<\/p>\n<ol style=\"text-align: justify;\">\n<li>\n<h3>Elige tu color preferido<\/h3>\n<\/li>\n<li>\n<h3>Danos tu mejor sonrisa<\/h3>\n<\/li>\n<li>\n<h3>S\u00edguenos en Facebook<\/h3>\n<\/li>\n<li>\n<h3>Consigue muchos likes en tu imagen<\/h3>\n<\/li>\n<li>\n<h3>Y\u2026 \u00a1gana uno de nuestros nuevos C\u00b7Ramic Colors!<\/h3>\n<\/li>\n<\/ol>\n<p style=\"text-align: justify;\">\u00bfF\u00e1cil, verdad? \u00a1Consulta las <span style=\"text-decoration: underline;\"><strong>bases del concurso aqu\u00ed<\/strong><\/span>!<\/p>\n<p>&nbsp;<\/p>\n<p><img decoding=\"async\" class=\"size-full wp-image-16558 aligncenter\" src=\"https:\/\/termix.net\/blog\/wp-content\/uploads\/2019\/03\/cramic-colors_concurso_speakincolors.jpg\" alt=\"cramic colors_concurso_speakincolors\" width=\"1160\" height=\"660\" \/><\/p>\n<p>&nbsp;<\/p>\n<h3 style=\"text-align: justify;\">\u00bfA qu\u00e9 esperas para participar? \u00a1Ven a visitarnos a CosmoBeauty!<\/h3>\n","protected":false},"excerpt":{"rendered":"<p>Concurso CosmoBeauty BCN Speak in Colors \u00bfparticipas? Los colores hablan<\/p>\n","protected":false},"author":2,"featured_media":21816,"comment_status":"open","ping_status":"open","sticky":false,"template":"","format":"standard","meta":[],"categories":[6],"tags":[],"yoast_head":"<!-- This site is optimized with the Yoast SEO plugin v20.0 - https:\/\/yoast.com\/wordpress\/plugins\/seo\/ -->\n<title>Concurso &quot;Speak in colors&quot; CosmoBeauty BCN - Termix<\/title>\n<meta name=\"description\" content=\"Los colores hablan por nosotros. Definen nuestra personalidad, nos aportan estilo y nos ayudan a expresarnos.\u00a0 Porque la vida sin colores ser\u00eda bastante m\u00e1s aburrida. Por eso, iniciamos un concurso que te va a encantar. A continuaci\u00f3n, te explicamos todos los detalles.\u00bfHablamos en colores?\" \/>\n<meta name=\"robots\" content=\"index, nofollow, max-snippet:-1, max-image-preview:large, max-video-preview:-1\" \/>\n<link rel=\"canonical\" href=\"https:\/\/termix.net\/blog\/es\/concurso-cosmobeauty-bcn-speak-in-colors-participas\/\" \/>\n<meta property=\"og:locale\" content=\"es_ES\" \/>\n<meta property=\"og:type\" content=\"article\" \/>\n<meta property=\"og:title\" content=\"Concurso &quot;Speak in colors&quot; CosmoBeauty BCN - Termix\" \/>\n<meta property=\"og:description\" content=\"Los colores hablan por nosotros. Definen nuestra personalidad, nos aportan estilo y nos ayudan a expresarnos.\u00a0 Porque la vida sin colores ser\u00eda bastante m\u00e1s aburrida. Por eso, iniciamos un concurso que te va a encantar. A continuaci\u00f3n, te explicamos todos los detalles.\u00bfHablamos en colores?\" \/>\n<meta property=\"og:url\" content=\"https:\/\/termix.net\/blog\/es\/concurso-cosmobeauty-bcn-speak-in-colors-participas\/\" \/>\n<meta property=\"og:site_name\" content=\"Blog Termix Spain\" \/>\n<meta property=\"article:published_time\" content=\"2019-03-28T14:45:32+00:00\" \/>\n<meta property=\"article:modified_time\" content=\"2019-12-17T14:39:05+00:00\" \/>\n<meta property=\"og:image\" content=\"https:\/\/termix.net\/blog\/wp-content\/uploads\/2019\/04\/crmic-colors_coral_concurso.jpg\" \/>\n\t<meta property=\"og:image:width\" content=\"1160\" \/>\n\t<meta property=\"og:image:height\" content=\"660\" \/>\n\t<meta property=\"og:image:type\" content=\"image\/jpeg\" \/>\n<meta name=\"author\" content=\"TermixTeam\" \/>\n<meta name=\"twitter:card\" content=\"summary_large_image\" \/>\n<meta name=\"twitter:label1\" content=\"Escrito por\" \/>\n\t<meta name=\"twitter:data1\" content=\"TermixTeam\" \/>\n\t<meta name=\"twitter:label2\" content=\"Tiempo de lectura\" \/>\n\t<meta name=\"twitter:data2\" content=\"1 minuto\" \/>\n<script type=\"application\/ld+json\" class=\"yoast-schema-graph\">{\"@context\":\"https:\/\/schema.org\",\"@graph\":[{\"@type\":\"Article\",\"@id\":\"https:\/\/termix.net\/blog\/es\/concurso-cosmobeauty-bcn-speak-in-colors-participas\/#article\",\"isPartOf\":{\"@id\":\"https:\/\/termix.net\/blog\/es\/concurso-cosmobeauty-bcn-speak-in-colors-participas\/\"},\"author\":{\"name\":\"TermixTeam\",\"@id\":\"https:\/\/termix.net\/blog\/es\/#\/schema\/person\/9096c98bdf03c8ddf91ad7172f254f40\"},\"headline\":\"Concurso CosmoBeauty BCN \u00abSpeak in Colors\u00bb, \u00bfparticipas?\",\"datePublished\":\"2019-03-28T14:45:32+00:00\",\"dateModified\":\"2019-12-17T14:39:05+00:00\",\"mainEntityOfPage\":{\"@id\":\"https:\/\/termix.net\/blog\/es\/concurso-cosmobeauty-bcn-speak-in-colors-participas\/\"},\"wordCount\":187,\"commentCount\":0,\"publisher\":{\"@id\":\"https:\/\/termix.net\/blog\/es\/#organization\"},\"articleSection\":[\"NOTICIAS\"],\"inLanguage\":\"es\",\"potentialAction\":[{\"@type\":\"CommentAction\",\"name\":\"Comment\",\"target\":[\"https:\/\/termix.net\/blog\/es\/concurso-cosmobeauty-bcn-speak-in-colors-participas\/#respond\"]}]},{\"@type\":\"WebPage\",\"@id\":\"https:\/\/termix.net\/blog\/es\/concurso-cosmobeauty-bcn-speak-in-colors-participas\/\",\"url\":\"https:\/\/termix.net\/blog\/es\/concurso-cosmobeauty-bcn-speak-in-colors-participas\/\",\"name\":\"Concurso \\\"Speak in colors\\\" CosmoBeauty BCN - Termix\",\"isPartOf\":{\"@id\":\"https:\/\/termix.net\/blog\/es\/#website\"},\"datePublished\":\"2019-03-28T14:45:32+00:00\",\"dateModified\":\"2019-12-17T14:39:05+00:00\",\"description\":\"Los colores hablan por nosotros. Definen nuestra personalidad, nos aportan estilo y nos ayudan a expresarnos.\u00a0 Porque la vida sin colores ser\u00eda bastante m\u00e1s aburrida. Por eso, iniciamos un concurso que te va a encantar. A continuaci\u00f3n, te explicamos todos los detalles.\u00bfHablamos en colores?\",\"breadcrumb\":{\"@id\":\"https:\/\/termix.net\/blog\/es\/concurso-cosmobeauty-bcn-speak-in-colors-participas\/#breadcrumb\"},\"inLanguage\":\"es\",\"potentialAction\":[{\"@type\":\"ReadAction\",\"target\":[\"https:\/\/termix.net\/blog\/es\/concurso-cosmobeauty-bcn-speak-in-colors-participas\/\"]}]},{\"@type\":\"BreadcrumbList\",\"@id\":\"https:\/\/termix.net\/blog\/es\/concurso-cosmobeauty-bcn-speak-in-colors-participas\/#breadcrumb\",\"itemListElement\":[{\"@type\":\"ListItem\",\"position\":1,\"name\":\"Home\",\"item\":\"https:\/\/termix.net\/blog\/es\/\"},{\"@type\":\"ListItem\",\"position\":2,\"name\":\"Concurso CosmoBeauty BCN \u00abSpeak in Colors\u00bb, \u00bfparticipas?\"}]},{\"@type\":\"WebSite\",\"@id\":\"https:\/\/termix.net\/blog\/es\/#website\",\"url\":\"https:\/\/termix.net\/blog\/es\/\",\"name\":\"Blog Termix Spain\",\"description\":\"Blog de tendencias y productos de peluquer\u00eda profesional.\",\"publisher\":{\"@id\":\"https:\/\/termix.net\/blog\/es\/#organization\"},\"potentialAction\":[{\"@type\":\"SearchAction\",\"target\":{\"@type\":\"EntryPoint\",\"urlTemplate\":\"https:\/\/termix.net\/blog\/es\/?s={search_term_string}\"},\"query-input\":\"required name=search_term_string\"}],\"inLanguage\":\"es\"},{\"@type\":\"Organization\",\"@id\":\"https:\/\/termix.net\/blog\/es\/#organization\",\"name\":\"Dols Industrial de Peluquer\u00eda SA\",\"url\":\"https:\/\/termix.net\/blog\/es\/\",\"logo\":{\"@type\":\"ImageObject\",\"inLanguage\":\"es\",\"@id\":\"https:\/\/termix.net\/blog\/es\/#\/schema\/logo\/image\/\",\"url\":\"https:\/\/termix.net\/blog\/wp-content\/uploads\/2020\/10\/OGbDAeng.jpeg\",\"contentUrl\":\"https:\/\/termix.net\/blog\/wp-content\/uploads\/2020\/10\/OGbDAeng.jpeg\",\"width\":800,\"height\":800,\"caption\":\"Dols Industrial de Peluquer\u00eda SA\"},\"image\":{\"@id\":\"https:\/\/termix.net\/blog\/es\/#\/schema\/logo\/image\/\"}},{\"@type\":\"Person\",\"@id\":\"https:\/\/termix.net\/blog\/es\/#\/schema\/person\/9096c98bdf03c8ddf91ad7172f254f40\",\"name\":\"TermixTeam\",\"image\":{\"@type\":\"ImageObject\",\"inLanguage\":\"es\",\"@id\":\"https:\/\/termix.net\/blog\/es\/#\/schema\/person\/image\/\",\"url\":\"https:\/\/secure.gravatar.com\/avatar\/d89f61f6bd1c29a4acb231736d1c74b3?s=96&d=mm&r=g\",\"contentUrl\":\"https:\/\/secure.gravatar.com\/avatar\/d89f61f6bd1c29a4acb231736d1c74b3?s=96&d=mm&r=g\",\"caption\":\"TermixTeam\"},\"url\":\"https:\/\/termix.net\/blog\/es\/author\/termixteam\/\"}]}<\/script>\n<!-- \/ Yoast SEO plugin. -->","yoast_head_json":{"title":"Concurso \"Speak in colors\" CosmoBeauty BCN - Termix","description":"Los colores hablan por nosotros. Definen nuestra personalidad, nos aportan estilo y nos ayudan a expresarnos.\u00a0 Porque la vida sin colores ser\u00eda bastante m\u00e1s aburrida. Por eso, iniciamos un concurso que te va a encantar. A continuaci\u00f3n, te explicamos todos los detalles.\u00bfHablamos en colores?","robots":{"index":"index","follow":"nofollow","max-snippet":"max-snippet:-1","max-image-preview":"max-image-preview:large","max-video-preview":"max-video-preview:-1"},"canonical":"https:\/\/termix.net\/blog\/es\/concurso-cosmobeauty-bcn-speak-in-colors-participas\/","og_locale":"es_ES","og_type":"article","og_title":"Concurso \"Speak in colors\" CosmoBeauty BCN - Termix","og_description":"Los colores hablan por nosotros. Definen nuestra personalidad, nos aportan estilo y nos ayudan a expresarnos.\u00a0 Porque la vida sin colores ser\u00eda bastante m\u00e1s aburrida. Por eso, iniciamos un concurso que te va a encantar. A continuaci\u00f3n, te explicamos todos los detalles.\u00bfHablamos en colores?","og_url":"https:\/\/termix.net\/blog\/es\/concurso-cosmobeauty-bcn-speak-in-colors-participas\/","og_site_name":"Blog Termix Spain","article_published_time":"2019-03-28T14:45:32+00:00","article_modified_time":"2019-12-17T14:39:05+00:00","og_image":[{"width":1160,"height":660,"url":"https:\/\/termix.net\/blog\/wp-content\/uploads\/2019\/04\/crmic-colors_coral_concurso.jpg","type":"image\/jpeg"}],"author":"TermixTeam","twitter_card":"summary_large_image","twitter_misc":{"Escrito por":"TermixTeam","Tiempo de lectura":"1 minuto"},"schema":{"@context":"https:\/\/schema.org","@graph":[{"@type":"Article","@id":"https:\/\/termix.net\/blog\/es\/concurso-cosmobeauty-bcn-speak-in-colors-participas\/#article","isPartOf":{"@id":"https:\/\/termix.net\/blog\/es\/concurso-cosmobeauty-bcn-speak-in-colors-participas\/"},"author":{"name":"TermixTeam","@id":"https:\/\/termix.net\/blog\/es\/#\/schema\/person\/9096c98bdf03c8ddf91ad7172f254f40"},"headline":"Concurso CosmoBeauty BCN \u00abSpeak in Colors\u00bb, \u00bfparticipas?","datePublished":"2019-03-28T14:45:32+00:00","dateModified":"2019-12-17T14:39:05+00:00","mainEntityOfPage":{"@id":"https:\/\/termix.net\/blog\/es\/concurso-cosmobeauty-bcn-speak-in-colors-participas\/"},"wordCount":187,"commentCount":0,"publisher":{"@id":"https:\/\/termix.net\/blog\/es\/#organization"},"articleSection":["NOTICIAS"],"inLanguage":"es","potentialAction":[{"@type":"CommentAction","name":"Comment","target":["https:\/\/termix.net\/blog\/es\/concurso-cosmobeauty-bcn-speak-in-colors-participas\/#respond"]}]},{"@type":"WebPage","@id":"https:\/\/termix.net\/blog\/es\/concurso-cosmobeauty-bcn-speak-in-colors-participas\/","url":"https:\/\/termix.net\/blog\/es\/concurso-cosmobeauty-bcn-speak-in-colors-participas\/","name":"Concurso \"Speak in colors\" CosmoBeauty BCN - Termix","isPartOf":{"@id":"https:\/\/termix.net\/blog\/es\/#website"},"datePublished":"2019-03-28T14:45:32+00:00","dateModified":"2019-12-17T14:39:05+00:00","description":"Los colores hablan por nosotros. Definen nuestra personalidad, nos aportan estilo y nos ayudan a expresarnos.\u00a0 Porque la vida sin colores ser\u00eda bastante m\u00e1s aburrida. Por eso, iniciamos un concurso que te va a encantar. A continuaci\u00f3n, te explicamos todos los detalles.\u00bfHablamos en colores?","breadcrumb":{"@id":"https:\/\/termix.net\/blog\/es\/concurso-cosmobeauty-bcn-speak-in-colors-participas\/#breadcrumb"},"inLanguage":"es","potentialAction":[{"@type":"ReadAction","target":["https:\/\/termix.net\/blog\/es\/concurso-cosmobeauty-bcn-speak-in-colors-participas\/"]}]},{"@type":"BreadcrumbList","@id":"https:\/\/termix.net\/blog\/es\/concurso-cosmobeauty-bcn-speak-in-colors-participas\/#breadcrumb","itemListElement":[{"@type":"ListItem","position":1,"name":"Home","item":"https:\/\/termix.net\/blog\/es\/"},{"@type":"ListItem","position":2,"name":"Concurso CosmoBeauty BCN \u00abSpeak in Colors\u00bb, \u00bfparticipas?"}]},{"@type":"WebSite","@id":"https:\/\/termix.net\/blog\/es\/#website","url":"https:\/\/termix.net\/blog\/es\/","name":"Blog Termix Spain","description":"Blog de tendencias y productos de peluquer\u00eda profesional.","publisher":{"@id":"https:\/\/termix.net\/blog\/es\/#organization"},"potentialAction":[{"@type":"SearchAction","target":{"@type":"EntryPoint","urlTemplate":"https:\/\/termix.net\/blog\/es\/?s={search_term_string}"},"query-input":"required name=search_term_string"}],"inLanguage":"es"},{"@type":"Organization","@id":"https:\/\/termix.net\/blog\/es\/#organization","name":"Dols Industrial de Peluquer\u00eda SA","url":"https:\/\/termix.net\/blog\/es\/","logo":{"@type":"ImageObject","inLanguage":"es","@id":"https:\/\/termix.net\/blog\/es\/#\/schema\/logo\/image\/","url":"https:\/\/termix.net\/blog\/wp-content\/uploads\/2020\/10\/OGbDAeng.jpeg","contentUrl":"https:\/\/termix.net\/blog\/wp-content\/uploads\/2020\/10\/OGbDAeng.jpeg","width":800,"height":800,"caption":"Dols Industrial de Peluquer\u00eda SA"},"image":{"@id":"https:\/\/termix.net\/blog\/es\/#\/schema\/logo\/image\/"}},{"@type":"Person","@id":"https:\/\/termix.net\/blog\/es\/#\/schema\/person\/9096c98bdf03c8ddf91ad7172f254f40","name":"TermixTeam","image":{"@type":"ImageObject","inLanguage":"es","@id":"https:\/\/termix.net\/blog\/es\/#\/schema\/person\/image\/","url":"https:\/\/secure.gravatar.com\/avatar\/d89f61f6bd1c29a4acb231736d1c74b3?s=96&d=mm&r=g","contentUrl":"https:\/\/secure.gravatar.com\/avatar\/d89f61f6bd1c29a4acb231736d1c74b3?s=96&d=mm&r=g","caption":"TermixTeam"},"url":"https:\/\/termix.net\/blog\/es\/author\/termixteam\/"}]}},"_links":{"self":[{"href":"https:\/\/termix.net\/blog\/es\/wp-json\/wp\/v2\/posts\/16555"}],"collection":[{"href":"https:\/\/termix.net\/blog\/es\/wp-json\/wp\/v2\/posts"}],"about":[{"href":"https:\/\/termix.net\/blog\/es\/wp-json\/wp\/v2\/types\/post"}],"author":[{"embeddable":true,"href":"https:\/\/termix.net\/blog\/es\/wp-json\/wp\/v2\/users\/2"}],"replies":[{"embeddable":true,"href":"https:\/\/termix.net\/blog\/es\/wp-json\/wp\/v2\/comments?post=16555"}],"version-history":[{"count":6,"href":"https:\/\/termix.net\/blog\/es\/wp-json\/wp\/v2\/posts\/16555\/revisions"}],"predecessor-version":[{"id":24284,"href":"https:\/\/termix.net\/blog\/es\/wp-json\/wp\/v2\/posts\/16555\/revisions\/24284"}],"wp:featuredmedia":[{"embeddable":true,"href":"https:\/\/termix.net\/blog\/es\/wp-json\/wp\/v2\/media\/21816"}],"wp:attachment":[{"href":"https:\/\/termix.net\/blog\/es\/wp-json\/wp\/v2\/media?parent=16555"}],"wp:term":[{"taxonomy":"category","embeddable":true,"href":"https:\/\/termix.net\/blog\/es\/wp-json\/wp\/v2\/categories?post=16555"},{"taxonomy":"post_tag","embeddable":true,"href":"https:\/\/termix.net\/blog\/es\/wp-json\/wp\/v2\/tags?post=16555"}],"curies":[{"name":"wp","href":"https:\/\/api.w.org\/{rel}","templated":true}]}}