{"id":16492,"date":"2019-03-29T15:43:57","date_gmt":"2019-03-29T14:43:57","guid":{"rendered":"https:\/\/termix.net\/?p=16492"},"modified":"2019-12-17T15:28:53","modified_gmt":"2019-12-17T14:28:53","slug":"cosmobeauty-2019-termix-entradas-cepillos-barcelona","status":"publish","type":"post","link":"https:\/\/termix.net\/blog\/es\/cosmobeauty-2019-termix-entradas-cepillos-barcelona\/","title":{"rendered":"\u00bfPreparados para una nueva edici\u00f3n de CosmoBeauty 2019?"},"content":{"rendered":"<h1 style=\"text-align: center;\">\u00bfPreparados para una nueva edici\u00f3n de CosmoBeauty 2019?<\/h1>\n<p style=\"text-align: justify;\">La feria internacional de la belleza por excelencia est\u00e1 a punto de arrancar. Del <strong>6 al 8 de abril<\/strong> en el recinto ferial de la Fira de Barcelona tendr\u00e1 lugar la <strong>CosmoBeauty BCN<\/strong> categorizado como el evento global de belleza profesional. Termix no pod\u00eda faltar a esta cita, aportando los \u00faltimos lanzamientos y novedades de la firma de herramientas de <strong>peluquer\u00eda profesional<\/strong>. Por otro lado, tambi\u00e9n se han preparado numerosas sorpresas, sorteos y\u2026. \u00a1mucho m\u00e1s!<\/p>\n<p>&nbsp;<\/p>\n<p>&nbsp;<\/p>\n<p style=\"text-align: center;\"><strong> \u00bfDispuesto a descubrirlo?<\/strong><\/p>\n<p>&nbsp;<\/p>\n<p>&nbsp;<\/p>\n<p><img decoding=\"async\" class=\"size-full wp-image-16497 aligncenter\" src=\"https:\/\/termix.net\/blog\/wp-content\/uploads\/2019\/03\/cosmobeautybcn_entrada.jpg\" alt=\"cosmobeautybcn_entrada\" width=\"1160\" height=\"660\" \/><\/p>\n<p>&nbsp;<\/p>\n<h2><strong>Termix presentar\u00e1 sus nuevos lanzamientos en la nueva edici\u00f3n de CosmoBeauty BCN<\/strong><\/h2>\n<p style=\"text-align: justify;\">Termix se prepara para la feria <strong>CosmoBeauty BCN 2019<\/strong>. Y lo hace cargada de novedades y nuevos lanzamientos para impactar a todos los\u00a0 que hacen de la peluquer\u00eda un estilo de vida. Y este a\u00f1o, la firma cuenta con dos lanzamientos estrat\u00e9gicos, que marcar\u00e1n el punto diferencial en este gran evento multitudinario.<\/p>\n<p>&nbsp;<\/p>\n<p><img decoding=\"async\" class=\"size-full wp-image-16495 aligncenter\" src=\"https:\/\/termix.net\/blog\/wp-content\/uploads\/2019\/03\/cramic-living-coral_compo.jpg\" alt=\"\" width=\"1160\" height=\"660\" \/><\/p>\n<p>&nbsp;<\/p>\n<p style=\"text-align: justify;\">Por un lado, encontramos los nuevos <strong>cepillos cer\u00e1micos<\/strong> que llegan cargados de positividad present\u00e1ndose en los colores de tendencia de esta primavera-verano. Hablamos, por supuesto, de los <strong>cepillos de pelo<\/strong> C\u00b7Ramic Colors, que integran la \u00faltima tecnolog\u00eda i\u00f3nica con la superficie cer\u00e1mica del tubo, para lograr un cabello mucho m\u00e1s brillante y pulido. Princess Blue, Living Coral y Bubblegum Pink. Tres colores para lograr estilos infinitos. \u00bfCu\u00e1l es el tuyo?<\/p>\n<p>&nbsp;<\/p>\n<p style=\"text-align: justify;\">Tambi\u00e9n hay hueco para el <strong>cabello<\/strong> m\u00e1s sensibilizado. Porque se merecen un tratamiento especial y delicado. Y para ellos, llega el nuevo <strong>cepillo de pelo<\/strong> Evolution Special Care, con una combinaci\u00f3n de fibras exclusiva dise\u00f1ada para tratar los cabellos m\u00e1s quebradizos. Mucho m\u00e1s flexibles y suaves, estas fibras respetan la estructura de aquellos cabellos que han pasado por tratamientos agresivos, tintes o necesitan de un especial cuidado. \u00bfEl resultado? Un cabello mucho m\u00e1s sano, esponjoso y suave.<\/p>\n<p><img decoding=\"async\" class=\"size-full wp-image-16496 aligncenter\" src=\"https:\/\/termix.net\/blog\/wp-content\/uploads\/2019\/03\/cepillos-gama-evolution.jpg\" alt=\"cepillos gama evolution\" width=\"1160\" height=\"660\" \/><\/p>\n<p>&nbsp;<\/p>\n<p>&nbsp;<\/p>\n<p style=\"text-align: justify;\">Adem\u00e1s de estas novedades, la firma tambi\u00e9n pondr\u00e1 a la disposici\u00f3n de todos los apasionados de la peluquer\u00eda sus cl\u00e1sicos como los<strong> cepillos Termix Profesional<\/strong>, el preferido por los profesionales.<\/p>\n<p>&nbsp;<\/p>\n<p style=\"text-align: justify;\">Pero la experiencia Termix en <strong>CosmoBeauty BCN<\/strong> no se reduce solo a los nuevos lanzamientos, porque adem\u00e1s tendremos concursos y obsequios en marcha para todos los que pod\u00e1is pasar unos minutos de vuestro tiempo con nosotros.<\/p>\n<h3><strong>Recibe tu obsequio Termix<\/strong><\/h3>\n<p>Una especialidad que ya se ha convertido en todo un cl\u00e1sico para la firma. Y es que, con tu suscripci\u00f3n a nuestra Newsletter, tendr\u00e1s un regalo para ti esperando en nuestro stand B165. \u00a1Ya tienes un motivo m\u00e1s para venir a visitarnos!<\/p>\n<p><img decoding=\"async\" class=\"size-full wp-image-16493 aligncenter\" src=\"https:\/\/termix.net\/blog\/wp-content\/uploads\/2019\/03\/bolsa-termix_surprise.jpg\" alt=\"\" width=\"1160\" height=\"660\" \/><\/p>\n<h2><strong>Participa en un concurso exclusivo<\/strong><\/h2>\n<p>\u00bfTe encanta hacerte fotos? \u00a1S\u00e1cales partido! Porque ahora, adem\u00e1s de llevarte un bonito recuerdo, con tu foto en nuestro stand B165 entrar\u00e1s a participar en un sorteo de un set de nuestros productos m\u00e1s novedosos. Accede a las bases del concurso.<\/p>\n<p><img decoding=\"async\" class=\"size-full wp-image-16501 aligncenter\" src=\"https:\/\/termix.net\/blog\/wp-content\/uploads\/2019\/03\/concurso_cosmobeauty.jpg\" alt=\"\" width=\"1160\" height=\"660\" \/><\/p>\n<p>&nbsp;<\/p>\n<h2><strong>\u00a1Muchas m\u00e1s sorpresas!<\/strong><\/h2>\n<p>Como cada a\u00f1o, en Termix no buscamos \u00fanicamente hablar de peluquer\u00eda. Tambi\u00e9n queremos ofrecerte una experiencia. Pero para hacerla mucho m\u00e1s interesante, nos reservaremos el derecho de desvelar m\u00e1s. \u00a1Ven a visitarnos y participa de esta gran y \u00fanica experiencia!<\/p>\n<p><img decoding=\"async\" class=\"size-full wp-image-16498 aligncenter\" src=\"https:\/\/termix.net\/blog\/wp-content\/uploads\/2019\/03\/termix_evento_cosmobeauty.jpg\" alt=\"termix_evento_cosmobeauty\" width=\"1160\" height=\"660\" \/><\/p>\n<p>&nbsp;<\/p>\n<h2><strong>As\u00ed ser\u00e1 esta edici\u00f3n de CosmoBeauty BCN 2019<\/strong><\/h2>\n<p style=\"text-align: justify;\">La feria<strong> CosmoBeauty Barcelona<\/strong> lleva 25 a\u00f1os a sus espaldas. Esta trayectoria se debe en parte a que el evento es el punto de encuentro donde, a\u00f1o tras a\u00f1o, se presentan las principales novedades de todos los sectores de la belleza profesional. Desde peluquer\u00eda, barber\u00eda, pasando por u\u00f1as, maquillaje o micropigmentaci\u00f3n\u2026 lo cierto es que ninguna parcela queda libre de exposici\u00f3n.<\/p>\n<p><img decoding=\"async\" class=\"size-full wp-image-16499 aligncenter\" src=\"https:\/\/termix.net\/blog\/wp-content\/uploads\/2019\/03\/termix-plancha-pelo-230_-cosmobeauty.jpg\" alt=\"termix plancha pelo 230_ cosmobeauty\" width=\"1160\" height=\"660\" \/><\/p>\n<p style=\"text-align: justify;\">Se trata pues, de la feria internacional de referencia que funciona como Hub para m\u00faltiples empresas del sector de la est\u00e9tica y el wellness, d\u00f3nde se presentar\u00e1n numerosas novedades, lanzamientos y productos innovadores. Adem\u00e1s, este a\u00f1o se vuelve a hacer hincapi\u00e9 en la importancia de la educaci\u00f3n como pilar fundamental para el desarrollo del sector, es por ello que, en el evento, se podr\u00e1n disfrutar de congresos y masterclass por parte de estrellas internacionales y estilistas de amplia reputaci\u00f3n.<\/p>\n<h2><strong>Barcelona, mercado estrat\u00e9gico en expansi\u00f3n para el sector de la peluquer\u00eda<\/strong><\/h2>\n<p style=\"text-align: justify;\">La<strong> peluquer\u00eda<\/strong> (y el inter\u00e9s por el sector) no hace m\u00e1s que aumentar. Porque Espa\u00f1a se sit\u00faa en cabeza del ranquin en lo que a n\u00famero de <strong>peluquer\u00edas<\/strong> por habitante se refiere. Nuestro pa\u00eds contiene alrededor de <strong>50.000 locales<\/strong> de este tipo, aproximadamente m\u00e1s del doble que la media europea. Esto nos convierte en uno de los mercados estrat\u00e9gicos en expansi\u00f3n m\u00e1s importantes. Y no s\u00f3lo el n\u00famero de establecimientos reafirma esto, sino que adem\u00e1s, tambi\u00e9n lo hace el ticket medio de los clientes. Seg\u00fan el \u00faltimo estudio realizado por Stanpa, el 85% de las mujeres y el 65% de los hombres se corta y arregla el cabello con regularidad, gast\u00e1ndose por vez una media de 26 \u20ac entre ambos g\u00e9neros en la <strong>peluquer\u00eda<\/strong>.<\/p>\n<p><img decoding=\"async\" class=\"size-full wp-image-16500 aligncenter\" src=\"https:\/\/termix.net\/blog\/wp-content\/uploads\/2019\/03\/sector-peluqueria_cosmobeauty.jpg\" alt=\"sector peluqueria_cosmobeauty\" width=\"1160\" height=\"660\" \/><\/p>\n<p style=\"text-align: justify;\">Para reafirmar este \u00e9xito que viene d\u00e1ndose desde mediados de 2016, el mismo estudio corrobora c\u00f3mo el mercado de las <strong>peluquer\u00edas<\/strong> crece a un ritmo superior al de la industria de la belleza en su conjunto, creando m\u00e1s de 200.000 empleos indirectos (por ejemplo distribuidores de productos) y hasta 35.000 directos <strong>(peluqueros<\/strong> y estilistas). Como ciudades, las capitales de la peluquer\u00eda pasar\u00edan a ser Madrid y Barcelona. Son estas dos ciudades d\u00f3nde empresas dedicadas al sector de la peluquer\u00eda obtienen una mayor notoriedad, conocimiento y reconocimiento, de la misma manera que los propios peluqueros y estilistas.<\/p>\n<h3>\u00bfVienes a visitarnos a Barcelona? \u00a1Te esperamos!<\/h3>\n<p><img decoding=\"async\" class=\"size-full wp-image-16494 aligncenter\" src=\"https:\/\/termix.net\/blog\/wp-content\/uploads\/2019\/03\/cosmobeautybcn_cartel.jpg\" alt=\"\" width=\"1160\" height=\"660\" \/><\/p>\n","protected":false},"excerpt":{"rendered":"<p>\u00bfPreparados para una nueva edici\u00f3n de CosmoBeauty 2019? La feria<\/p>\n","protected":false},"author":2,"featured_media":21821,"comment_status":"open","ping_status":"open","sticky":false,"template":"","format":"standard","meta":[],"categories":[6],"tags":[],"yoast_head":"<!-- This site is optimized with the Yoast SEO plugin v20.0 - https:\/\/yoast.com\/wordpress\/plugins\/seo\/ -->\n<title>Nos preparamos para una nueva edici\u00f3n de CosmoBeauty BCN 2019<\/title>\n<meta name=\"description\" content=\"La feria internacional de la belleza por excelencia est\u00e1 a punto de arrancar. Del 6 al 8 de abril en el recinto ferial de la Fira de Barcelona tendr\u00e1 lugar la CosmoBeauty BCN categorizado como el evento global de belleza profesional. Termix no pod\u00eda faltar a esta cita, aportando los \u00faltimos lanzamientos y novedades.\" \/>\n<meta name=\"robots\" content=\"index, follow, max-snippet:-1, max-image-preview:large, max-video-preview:-1\" \/>\n<link rel=\"canonical\" href=\"https:\/\/termix.net\/blog\/es\/cosmobeauty-2019-termix-entradas-cepillos-barcelona\/\" \/>\n<meta property=\"og:locale\" content=\"es_ES\" \/>\n<meta property=\"og:type\" content=\"article\" \/>\n<meta property=\"og:title\" content=\"Nos preparamos para una nueva edici\u00f3n de CosmoBeauty BCN 2019\" \/>\n<meta property=\"og:description\" content=\"La feria internacional de la belleza por excelencia est\u00e1 a punto de arrancar. Del 6 al 8 de abril en el recinto ferial de la Fira de Barcelona tendr\u00e1 lugar la CosmoBeauty BCN categorizado como el evento global de belleza profesional. Termix no pod\u00eda faltar a esta cita, aportando los \u00faltimos lanzamientos y novedades.\" \/>\n<meta property=\"og:url\" content=\"https:\/\/termix.net\/blog\/es\/cosmobeauty-2019-termix-entradas-cepillos-barcelona\/\" \/>\n<meta property=\"og:site_name\" content=\"Blog Termix Spain\" \/>\n<meta property=\"article:published_time\" content=\"2019-03-29T14:43:57+00:00\" \/>\n<meta property=\"article:modified_time\" content=\"2019-12-17T14:28:53+00:00\" \/>\n<meta property=\"og:image\" content=\"https:\/\/termix.net\/blog\/wp-content\/uploads\/2019\/03\/cosmobeautybcn_cartel.jpg\" \/>\n\t<meta property=\"og:image:width\" content=\"1160\" \/>\n\t<meta property=\"og:image:height\" content=\"660\" \/>\n\t<meta property=\"og:image:type\" content=\"image\/jpeg\" \/>\n<meta name=\"author\" content=\"TermixTeam\" \/>\n<meta name=\"twitter:card\" content=\"summary_large_image\" \/>\n<meta name=\"twitter:label1\" content=\"Escrito por\" \/>\n\t<meta name=\"twitter:data1\" content=\"TermixTeam\" \/>\n\t<meta name=\"twitter:label2\" content=\"Tiempo de lectura\" \/>\n\t<meta name=\"twitter:data2\" content=\"5 minutos\" \/>\n<script type=\"application\/ld+json\" class=\"yoast-schema-graph\">{\"@context\":\"https:\/\/schema.org\",\"@graph\":[{\"@type\":\"Article\",\"@id\":\"https:\/\/termix.net\/blog\/es\/cosmobeauty-2019-termix-entradas-cepillos-barcelona\/#article\",\"isPartOf\":{\"@id\":\"https:\/\/termix.net\/blog\/es\/cosmobeauty-2019-termix-entradas-cepillos-barcelona\/\"},\"author\":{\"name\":\"TermixTeam\",\"@id\":\"https:\/\/termix.net\/blog\/es\/#\/schema\/person\/9096c98bdf03c8ddf91ad7172f254f40\"},\"headline\":\"\u00bfPreparados para una nueva edici\u00f3n de CosmoBeauty 2019?\",\"datePublished\":\"2019-03-29T14:43:57+00:00\",\"dateModified\":\"2019-12-17T14:28:53+00:00\",\"mainEntityOfPage\":{\"@id\":\"https:\/\/termix.net\/blog\/es\/cosmobeauty-2019-termix-entradas-cepillos-barcelona\/\"},\"wordCount\":986,\"commentCount\":0,\"publisher\":{\"@id\":\"https:\/\/termix.net\/blog\/es\/#organization\"},\"articleSection\":[\"NOTICIAS\"],\"inLanguage\":\"es\",\"potentialAction\":[{\"@type\":\"CommentAction\",\"name\":\"Comment\",\"target\":[\"https:\/\/termix.net\/blog\/es\/cosmobeauty-2019-termix-entradas-cepillos-barcelona\/#respond\"]}]},{\"@type\":\"WebPage\",\"@id\":\"https:\/\/termix.net\/blog\/es\/cosmobeauty-2019-termix-entradas-cepillos-barcelona\/\",\"url\":\"https:\/\/termix.net\/blog\/es\/cosmobeauty-2019-termix-entradas-cepillos-barcelona\/\",\"name\":\"Nos preparamos para una nueva edici\u00f3n de CosmoBeauty BCN 2019\",\"isPartOf\":{\"@id\":\"https:\/\/termix.net\/blog\/es\/#website\"},\"datePublished\":\"2019-03-29T14:43:57+00:00\",\"dateModified\":\"2019-12-17T14:28:53+00:00\",\"description\":\"La feria internacional de la belleza por excelencia est\u00e1 a punto de arrancar. Del 6 al 8 de abril en el recinto ferial de la Fira de Barcelona tendr\u00e1 lugar la CosmoBeauty BCN categorizado como el evento global de belleza profesional. Termix no pod\u00eda faltar a esta cita, aportando los \u00faltimos lanzamientos y novedades.\",\"breadcrumb\":{\"@id\":\"https:\/\/termix.net\/blog\/es\/cosmobeauty-2019-termix-entradas-cepillos-barcelona\/#breadcrumb\"},\"inLanguage\":\"es\",\"potentialAction\":[{\"@type\":\"ReadAction\",\"target\":[\"https:\/\/termix.net\/blog\/es\/cosmobeauty-2019-termix-entradas-cepillos-barcelona\/\"]}]},{\"@type\":\"BreadcrumbList\",\"@id\":\"https:\/\/termix.net\/blog\/es\/cosmobeauty-2019-termix-entradas-cepillos-barcelona\/#breadcrumb\",\"itemListElement\":[{\"@type\":\"ListItem\",\"position\":1,\"name\":\"Home\",\"item\":\"https:\/\/termix.net\/blog\/es\/\"},{\"@type\":\"ListItem\",\"position\":2,\"name\":\"\u00bfPreparados para una nueva edici\u00f3n de CosmoBeauty 2019?\"}]},{\"@type\":\"WebSite\",\"@id\":\"https:\/\/termix.net\/blog\/es\/#website\",\"url\":\"https:\/\/termix.net\/blog\/es\/\",\"name\":\"Blog Termix Spain\",\"description\":\"Blog de tendencias y productos de peluquer\u00eda profesional.\",\"publisher\":{\"@id\":\"https:\/\/termix.net\/blog\/es\/#organization\"},\"potentialAction\":[{\"@type\":\"SearchAction\",\"target\":{\"@type\":\"EntryPoint\",\"urlTemplate\":\"https:\/\/termix.net\/blog\/es\/?s={search_term_string}\"},\"query-input\":\"required name=search_term_string\"}],\"inLanguage\":\"es\"},{\"@type\":\"Organization\",\"@id\":\"https:\/\/termix.net\/blog\/es\/#organization\",\"name\":\"Dols Industrial de Peluquer\u00eda SA\",\"url\":\"https:\/\/termix.net\/blog\/es\/\",\"logo\":{\"@type\":\"ImageObject\",\"inLanguage\":\"es\",\"@id\":\"https:\/\/termix.net\/blog\/es\/#\/schema\/logo\/image\/\",\"url\":\"https:\/\/termix.net\/blog\/wp-content\/uploads\/2020\/10\/OGbDAeng.jpeg\",\"contentUrl\":\"https:\/\/termix.net\/blog\/wp-content\/uploads\/2020\/10\/OGbDAeng.jpeg\",\"width\":800,\"height\":800,\"caption\":\"Dols Industrial de Peluquer\u00eda SA\"},\"image\":{\"@id\":\"https:\/\/termix.net\/blog\/es\/#\/schema\/logo\/image\/\"}},{\"@type\":\"Person\",\"@id\":\"https:\/\/termix.net\/blog\/es\/#\/schema\/person\/9096c98bdf03c8ddf91ad7172f254f40\",\"name\":\"TermixTeam\",\"image\":{\"@type\":\"ImageObject\",\"inLanguage\":\"es\",\"@id\":\"https:\/\/termix.net\/blog\/es\/#\/schema\/person\/image\/\",\"url\":\"https:\/\/secure.gravatar.com\/avatar\/d89f61f6bd1c29a4acb231736d1c74b3?s=96&d=mm&r=g\",\"contentUrl\":\"https:\/\/secure.gravatar.com\/avatar\/d89f61f6bd1c29a4acb231736d1c74b3?s=96&d=mm&r=g\",\"caption\":\"TermixTeam\"},\"url\":\"https:\/\/termix.net\/blog\/es\/author\/termixteam\/\"}]}<\/script>\n<!-- \/ Yoast SEO plugin. -->","yoast_head_json":{"title":"Nos preparamos para una nueva edici\u00f3n de CosmoBeauty BCN 2019","description":"La feria internacional de la belleza por excelencia est\u00e1 a punto de arrancar. Del 6 al 8 de abril en el recinto ferial de la Fira de Barcelona tendr\u00e1 lugar la CosmoBeauty BCN categorizado como el evento global de belleza profesional. Termix no pod\u00eda faltar a esta cita, aportando los \u00faltimos lanzamientos y novedades.","robots":{"index":"index","follow":"follow","max-snippet":"max-snippet:-1","max-image-preview":"max-image-preview:large","max-video-preview":"max-video-preview:-1"},"canonical":"https:\/\/termix.net\/blog\/es\/cosmobeauty-2019-termix-entradas-cepillos-barcelona\/","og_locale":"es_ES","og_type":"article","og_title":"Nos preparamos para una nueva edici\u00f3n de CosmoBeauty BCN 2019","og_description":"La feria internacional de la belleza por excelencia est\u00e1 a punto de arrancar. Del 6 al 8 de abril en el recinto ferial de la Fira de Barcelona tendr\u00e1 lugar la CosmoBeauty BCN categorizado como el evento global de belleza profesional. Termix no pod\u00eda faltar a esta cita, aportando los \u00faltimos lanzamientos y novedades.","og_url":"https:\/\/termix.net\/blog\/es\/cosmobeauty-2019-termix-entradas-cepillos-barcelona\/","og_site_name":"Blog Termix Spain","article_published_time":"2019-03-29T14:43:57+00:00","article_modified_time":"2019-12-17T14:28:53+00:00","og_image":[{"width":1160,"height":660,"url":"https:\/\/termix.net\/blog\/wp-content\/uploads\/2019\/03\/cosmobeautybcn_cartel.jpg","type":"image\/jpeg"}],"author":"TermixTeam","twitter_card":"summary_large_image","twitter_misc":{"Escrito por":"TermixTeam","Tiempo de lectura":"5 minutos"},"schema":{"@context":"https:\/\/schema.org","@graph":[{"@type":"Article","@id":"https:\/\/termix.net\/blog\/es\/cosmobeauty-2019-termix-entradas-cepillos-barcelona\/#article","isPartOf":{"@id":"https:\/\/termix.net\/blog\/es\/cosmobeauty-2019-termix-entradas-cepillos-barcelona\/"},"author":{"name":"TermixTeam","@id":"https:\/\/termix.net\/blog\/es\/#\/schema\/person\/9096c98bdf03c8ddf91ad7172f254f40"},"headline":"\u00bfPreparados para una nueva edici\u00f3n de CosmoBeauty 2019?","datePublished":"2019-03-29T14:43:57+00:00","dateModified":"2019-12-17T14:28:53+00:00","mainEntityOfPage":{"@id":"https:\/\/termix.net\/blog\/es\/cosmobeauty-2019-termix-entradas-cepillos-barcelona\/"},"wordCount":986,"commentCount":0,"publisher":{"@id":"https:\/\/termix.net\/blog\/es\/#organization"},"articleSection":["NOTICIAS"],"inLanguage":"es","potentialAction":[{"@type":"CommentAction","name":"Comment","target":["https:\/\/termix.net\/blog\/es\/cosmobeauty-2019-termix-entradas-cepillos-barcelona\/#respond"]}]},{"@type":"WebPage","@id":"https:\/\/termix.net\/blog\/es\/cosmobeauty-2019-termix-entradas-cepillos-barcelona\/","url":"https:\/\/termix.net\/blog\/es\/cosmobeauty-2019-termix-entradas-cepillos-barcelona\/","name":"Nos preparamos para una nueva edici\u00f3n de CosmoBeauty BCN 2019","isPartOf":{"@id":"https:\/\/termix.net\/blog\/es\/#website"},"datePublished":"2019-03-29T14:43:57+00:00","dateModified":"2019-12-17T14:28:53+00:00","description":"La feria internacional de la belleza por excelencia est\u00e1 a punto de arrancar. Del 6 al 8 de abril en el recinto ferial de la Fira de Barcelona tendr\u00e1 lugar la CosmoBeauty BCN categorizado como el evento global de belleza profesional. Termix no pod\u00eda faltar a esta cita, aportando los \u00faltimos lanzamientos y novedades.","breadcrumb":{"@id":"https:\/\/termix.net\/blog\/es\/cosmobeauty-2019-termix-entradas-cepillos-barcelona\/#breadcrumb"},"inLanguage":"es","potentialAction":[{"@type":"ReadAction","target":["https:\/\/termix.net\/blog\/es\/cosmobeauty-2019-termix-entradas-cepillos-barcelona\/"]}]},{"@type":"BreadcrumbList","@id":"https:\/\/termix.net\/blog\/es\/cosmobeauty-2019-termix-entradas-cepillos-barcelona\/#breadcrumb","itemListElement":[{"@type":"ListItem","position":1,"name":"Home","item":"https:\/\/termix.net\/blog\/es\/"},{"@type":"ListItem","position":2,"name":"\u00bfPreparados para una nueva edici\u00f3n de CosmoBeauty 2019?"}]},{"@type":"WebSite","@id":"https:\/\/termix.net\/blog\/es\/#website","url":"https:\/\/termix.net\/blog\/es\/","name":"Blog Termix Spain","description":"Blog de tendencias y productos de peluquer\u00eda profesional.","publisher":{"@id":"https:\/\/termix.net\/blog\/es\/#organization"},"potentialAction":[{"@type":"SearchAction","target":{"@type":"EntryPoint","urlTemplate":"https:\/\/termix.net\/blog\/es\/?s={search_term_string}"},"query-input":"required name=search_term_string"}],"inLanguage":"es"},{"@type":"Organization","@id":"https:\/\/termix.net\/blog\/es\/#organization","name":"Dols Industrial de Peluquer\u00eda SA","url":"https:\/\/termix.net\/blog\/es\/","logo":{"@type":"ImageObject","inLanguage":"es","@id":"https:\/\/termix.net\/blog\/es\/#\/schema\/logo\/image\/","url":"https:\/\/termix.net\/blog\/wp-content\/uploads\/2020\/10\/OGbDAeng.jpeg","contentUrl":"https:\/\/termix.net\/blog\/wp-content\/uploads\/2020\/10\/OGbDAeng.jpeg","width":800,"height":800,"caption":"Dols Industrial de Peluquer\u00eda SA"},"image":{"@id":"https:\/\/termix.net\/blog\/es\/#\/schema\/logo\/image\/"}},{"@type":"Person","@id":"https:\/\/termix.net\/blog\/es\/#\/schema\/person\/9096c98bdf03c8ddf91ad7172f254f40","name":"TermixTeam","image":{"@type":"ImageObject","inLanguage":"es","@id":"https:\/\/termix.net\/blog\/es\/#\/schema\/person\/image\/","url":"https:\/\/secure.gravatar.com\/avatar\/d89f61f6bd1c29a4acb231736d1c74b3?s=96&d=mm&r=g","contentUrl":"https:\/\/secure.gravatar.com\/avatar\/d89f61f6bd1c29a4acb231736d1c74b3?s=96&d=mm&r=g","caption":"TermixTeam"},"url":"https:\/\/termix.net\/blog\/es\/author\/termixteam\/"}]}},"_links":{"self":[{"href":"https:\/\/termix.net\/blog\/es\/wp-json\/wp\/v2\/posts\/16492"}],"collection":[{"href":"https:\/\/termix.net\/blog\/es\/wp-json\/wp\/v2\/posts"}],"about":[{"href":"https:\/\/termix.net\/blog\/es\/wp-json\/wp\/v2\/types\/post"}],"author":[{"embeddable":true,"href":"https:\/\/termix.net\/blog\/es\/wp-json\/wp\/v2\/users\/2"}],"replies":[{"embeddable":true,"href":"https:\/\/termix.net\/blog\/es\/wp-json\/wp\/v2\/comments?post=16492"}],"version-history":[{"count":3,"href":"https:\/\/termix.net\/blog\/es\/wp-json\/wp\/v2\/posts\/16492\/revisions"}],"predecessor-version":[{"id":21826,"href":"https:\/\/termix.net\/blog\/es\/wp-json\/wp\/v2\/posts\/16492\/revisions\/21826"}],"wp:featuredmedia":[{"embeddable":true,"href":"https:\/\/termix.net\/blog\/es\/wp-json\/wp\/v2\/media\/21821"}],"wp:attachment":[{"href":"https:\/\/termix.net\/blog\/es\/wp-json\/wp\/v2\/media?parent=16492"}],"wp:term":[{"taxonomy":"category","embeddable":true,"href":"https:\/\/termix.net\/blog\/es\/wp-json\/wp\/v2\/categories?post=16492"},{"taxonomy":"post_tag","embeddable":true,"href":"https:\/\/termix.net\/blog\/es\/wp-json\/wp\/v2\/tags?post=16492"}],"curies":[{"name":"wp","href":"https:\/\/api.w.org\/{rel}","templated":true}]}}