{"id":16446,"date":"2019-03-27T08:21:13","date_gmt":"2019-03-27T07:21:13","guid":{"rendered":"https:\/\/termix.net\/?p=16446"},"modified":"2019-12-17T15:46:37","modified_gmt":"2019-12-17T14:46:37","slug":"termix-exito-presencia-cosmoprof-bologna-cramic-colors-cepillos-de-pelo","status":"publish","type":"post","link":"https:\/\/termix.net\/blog\/es\/termix-exito-presencia-cosmoprof-bologna-cramic-colors-cepillos-de-pelo\/","title":{"rendered":"Termix a\u00f1ade color a Cosmoprof Bologna con los nuevos C\u00b7Ramic Colors"},"content":{"rendered":"<h1 style=\"text-align: center;\">Termix a\u00f1ade color a Cosmoprof Bologna con los nuevos C\u00b7Ramic Colors<\/h1>\n<p style=\"text-align: center;\">Una de las ferias m\u00e1s importantes a nivel internacional dedicadas al mundo de la belleza y la est\u00e9tica ha cerrado ya sus puertas.<\/p>\n<p>&nbsp;<\/p>\n<p style=\"text-align: justify;\"><span style=\"text-decoration: underline;\"><strong>Cosmoprof Bologna 2019<\/strong><\/span> ha roto todos los esquemas, alcanzando un r\u00e9cord de visitantes y reuniendo a profesionales procedentes de m\u00e1s de 27 pa\u00edses. Termix comparti\u00f3 con todos estos referentes de la est\u00e9tica y la <strong>peluquer\u00eda<\/strong> estos d\u00edas de m\u00e1xima intensidad, presentando sus nuevos lanzamientos y ratificando, una vez m\u00e1s, su posicionamiento como la marca favorita por los profesionales de la <strong>peluquer\u00eda<\/strong>.<\/p>\n<p>&nbsp;<\/p>\n<p style=\"text-align: center;\"><strong>\u00bfQuieres saber m\u00e1s?<\/strong><\/p>\n<p>&nbsp;<\/p>\n<p><iframe src=\"https:\/\/www.youtube.com\/embed\/WjpsUS4mKDE?autoplay=1&amp;rel=0\" width=\"100%\" height=\"480\" frameborder=\"0\" allowfullscreen=\"allowfullscreen\"><\/iframe><\/p>\n<p>&nbsp;<\/p>\n<p style=\"text-align: justify;\">M\u00e1s de 2.900 expositores, un 10% m\u00e1s de visitas en comparaci\u00f3n con la edici\u00f3n anterior y un sinf\u00edn de novedades y lanzamientos puestos en com\u00fan entre profesionales de la est\u00e9tica y la peluquer\u00eda. <strong>Cosmoprof Bologna<\/strong> ha batido r\u00e9cords. Y tambi\u00e9n lo ha hecho Termix, en su viaje a la ciudad italiana. Y, adem\u00e1s del equipo, el \u00e9xito cosechado por la firma ha sido gracias a los nuevos lanzamientos del a\u00f1o.<\/p>\n<p><img decoding=\"async\" class=\"size-full wp-image-16475 aligncenter\" src=\"https:\/\/termix.net\/blog\/wp-content\/uploads\/2019\/03\/bolgona_cosmoprof.jpg\" alt=\"bologna_cosmoprof\" width=\"1143\" height=\"448\" \/><\/p>\n<p>&nbsp;<\/p>\n<h2>Los nuevos lanzamientos de Termix se posicionan como los favoritos del p\u00fablico<\/h2>\n<p style=\"text-align: justify;\">Los nuevos <strong>cepillos C\u00b7Ramic Colors 2019<\/strong>, que integran los colores protagonistas de la temporada, han sido, sin lugar a dudas, la mayor atracci\u00f3n del Stand. Y es que, se trata de cepillos que, adem\u00e1s de integrarse en las nuevas tendencias primaverales, tambi\u00e9n logran potenciar el brillo del cabello al m\u00e1ximo. Su recubrimiento de cer\u00e1mica y la tecnolog\u00eda i\u00f3nica, consigue mantener el peinado por mucho m\u00e1s tiempo, logrando estilos muy duraderos.<\/p>\n<p><img decoding=\"async\" class=\"size-full wp-image-16476 aligncenter\" src=\"https:\/\/termix.net\/blog\/wp-content\/uploads\/2019\/03\/cramic-colors_bologna.jpg\" alt=\"cramic colors_bologna\" width=\"1160\" height=\"528\" \/><\/p>\n<p>&nbsp;<\/p>\n<p style=\"text-align: justify;\">Tambi\u00e9n los cepillos color bronce de Termix se han llevado una atenci\u00f3n especial en la Cosmoprof Bologna. Los nuevos cepillos de edici\u00f3n limitada <strong>Special Care<\/strong>, concebidos para cuidar los cabellos m\u00e1s delicados, han conseguido hacerse con el centro de atenci\u00f3n. Se trata de un pack de cuatro cepillos de calidad superior, dise\u00f1ados espec\u00edficamente para evitar la rotura y deshidrataci\u00f3n de los cabellos m\u00e1s da\u00f1ados. La combinaci\u00f3n de fibras de los nuevos <strong>cepillos de pelo Evolution Special Care<\/strong> permite moldear los cabellos m\u00e1s castigados, evitando su rotura, puesto que son mucho m\u00e1s flexibles y delicadas.<\/p>\n<p style=\"text-align: justify;\">Dos lanzamientos que deben su gran \u00e9xito cosechado al I+D aplicado en su dise\u00f1o. Se trata de herramientas de <strong>peluquer\u00eda<\/strong> profesional que integran la \u00faltima tecnolog\u00eda con la adaptabilidad a las manos del estilista.<\/p>\n<h2><\/h2>\n<h2>Una nueva edici\u00f3n C\u00b7Ramic Colors 2019<\/h2>\n<p>\u00bfQu\u00e9 tienen de especial los nuevos C\u00b7Ramic colors 2019? Estos <strong>cepillos de pelo<\/strong> llegan para dar un toque de color a tu sal\u00f3n. Vestidos con los tres colores que la casa Pantone ha designado como los representantes de la nueva oleada en tendencias, este tr\u00edo de cepillos conseguir\u00e1 potenciar al m\u00e1ximo el brillo del cabello. <strong>Blue Princess<\/strong>, <strong>Living Coral<\/strong> y <strong>Bubblegum Pink<\/strong>. Tres colores para crear los estilos que desees. \u00bfCu\u00e1les son los resultados?<\/p>\n<p><img decoding=\"async\" class=\"size-full wp-image-16477 aligncenter\" src=\"https:\/\/termix.net\/blog\/wp-content\/uploads\/2019\/03\/cramic-colors_bologna_feria.jpg\" alt=\"cramic colors_bologna_feria\" width=\"1160\" height=\"528\" \/><\/p>\n<ul>\n<li>Cabello m\u00e1s brillante: Gracias a la cobertura cer\u00e1mica del tubo, potencia al m\u00e1ximo el brillo del cabello, logrando repartir la temperatura uniformemente, cosa que causar\u00e1 un impacto menor en la superficie del mismo.<\/li>\n<li>Peinado duradero por m\u00e1s tiempo: Consigue un acabado m\u00e1s esponjoso y duradero<\/li>\n<li>Adi\u00f3s al encrespamiento: La tecnolog\u00eda i\u00f3nica de sus fibras permiten acabar con la electricidad est\u00e1tica, para un cabello siempre perfecto<\/li>\n<\/ul>\n<p>&nbsp;<\/p>\n<h2>El cepillo Special Care llega para cuidar los cabellos m\u00e1s castigados<\/h2>\n<p>El <strong>cepillo de pelo Special Care<\/strong> est\u00e1 especialmente dise\u00f1ado para cuidar de lo cabellos que m\u00e1s lo necesitan. Con fibras muy flexibles y suaves, se adaptan a los cabellos m\u00e1s quebradizos y consiguen moldearlos a la perfecci\u00f3n. Porque un cabello m\u00e1s brillante y sano es posible.<\/p>\n<p><img decoding=\"async\" class=\"size-full wp-image-16478 aligncenter\" src=\"https:\/\/termix.net\/blog\/wp-content\/uploads\/2019\/03\/evolutionspecialcare_cosmoprof-bologna.jpg\" alt=\"evolutionspecialcare_cosmoprof bologna\" width=\"1160\" height=\"660\" \/><\/p>\n<p>&nbsp;<\/p>\n<p>&nbsp;<\/p>\n<p style=\"text-align: justify;\">Por \u00faltimo, tan s\u00f3lo nos queda agradecer a todos los asistentes, colaboradores y estilistas su gran apoyo. \u00a1Muchas gracias por confiar un a\u00f1o m\u00e1s en Termix!<\/p>\n<h3 style=\"text-align: justify;\">Pr\u00f3xima parada\u2026 \u00a1CosmoBeauty BCN! \u00bfTe vienes?<\/h3>\n","protected":false},"excerpt":{"rendered":"<p>Termix a\u00f1ade color a Cosmoprof Bologna con los nuevos C\u00b7Ramic<\/p>\n","protected":false},"author":2,"featured_media":21830,"comment_status":"open","ping_status":"open","sticky":false,"template":"","format":"standard","meta":[],"categories":[6],"tags":[],"yoast_head":"<!-- This site is optimized with the Yoast SEO plugin v20.0 - https:\/\/yoast.com\/wordpress\/plugins\/seo\/ -->\n<title>As\u00ed ha sido el paso de Termix por la feria Cosmoprof Bologna<\/title>\n<meta name=\"description\" content=\"Cosmoprof Bologna ya ha cerrado sus pueras. La nueva edici\u00f3n de la principal feria de est\u00e9tica y peluquer\u00eda a nivel internacional, ha batido r\u00e9cord de asistencia. Termix ha estado presente en el evento, mostrando los nuevos lanzamientos y novedades a un p\u00fablico expectante. \u00bfQuieres saber m\u00e1s?\" \/>\n<meta name=\"robots\" content=\"index, follow, max-snippet:-1, max-image-preview:large, max-video-preview:-1\" \/>\n<link rel=\"canonical\" href=\"https:\/\/termix.net\/blog\/es\/termix-exito-presencia-cosmoprof-bologna-cramic-colors-cepillos-de-pelo\/\" \/>\n<meta property=\"og:locale\" content=\"es_ES\" \/>\n<meta property=\"og:type\" content=\"article\" \/>\n<meta property=\"og:title\" content=\"As\u00ed ha sido el paso de Termix por la feria Cosmoprof Bologna\" \/>\n<meta property=\"og:description\" content=\"Cosmoprof Bologna ya ha cerrado sus pueras. La nueva edici\u00f3n de la principal feria de est\u00e9tica y peluquer\u00eda a nivel internacional, ha batido r\u00e9cord de asistencia. Termix ha estado presente en el evento, mostrando los nuevos lanzamientos y novedades a un p\u00fablico expectante. \u00bfQuieres saber m\u00e1s?\" \/>\n<meta property=\"og:url\" content=\"https:\/\/termix.net\/blog\/es\/termix-exito-presencia-cosmoprof-bologna-cramic-colors-cepillos-de-pelo\/\" \/>\n<meta property=\"og:site_name\" content=\"Blog Termix Spain\" \/>\n<meta property=\"article:published_time\" content=\"2019-03-27T07:21:13+00:00\" \/>\n<meta property=\"article:modified_time\" content=\"2019-12-17T14:46:37+00:00\" \/>\n<meta property=\"og:image\" content=\"https:\/\/termix.net\/blog\/wp-content\/uploads\/2019\/03\/cosmoprof-bologna.jpg\" \/>\n\t<meta property=\"og:image:width\" content=\"1160\" \/>\n\t<meta property=\"og:image:height\" content=\"660\" \/>\n\t<meta property=\"og:image:type\" content=\"image\/jpeg\" \/>\n<meta name=\"author\" content=\"TermixTeam\" \/>\n<meta name=\"twitter:card\" content=\"summary_large_image\" \/>\n<meta name=\"twitter:label1\" content=\"Escrito por\" \/>\n\t<meta name=\"twitter:data1\" content=\"TermixTeam\" \/>\n\t<meta name=\"twitter:label2\" content=\"Tiempo de lectura\" \/>\n\t<meta name=\"twitter:data2\" content=\"3 minutos\" \/>\n<script type=\"application\/ld+json\" class=\"yoast-schema-graph\">{\"@context\":\"https:\/\/schema.org\",\"@graph\":[{\"@type\":\"Article\",\"@id\":\"https:\/\/termix.net\/blog\/es\/termix-exito-presencia-cosmoprof-bologna-cramic-colors-cepillos-de-pelo\/#article\",\"isPartOf\":{\"@id\":\"https:\/\/termix.net\/blog\/es\/termix-exito-presencia-cosmoprof-bologna-cramic-colors-cepillos-de-pelo\/\"},\"author\":{\"name\":\"TermixTeam\",\"@id\":\"https:\/\/termix.net\/blog\/es\/#\/schema\/person\/9096c98bdf03c8ddf91ad7172f254f40\"},\"headline\":\"Termix a\u00f1ade color a Cosmoprof Bologna con los nuevos C\u00b7Ramic Colors\",\"datePublished\":\"2019-03-27T07:21:13+00:00\",\"dateModified\":\"2019-12-17T14:46:37+00:00\",\"mainEntityOfPage\":{\"@id\":\"https:\/\/termix.net\/blog\/es\/termix-exito-presencia-cosmoprof-bologna-cramic-colors-cepillos-de-pelo\/\"},\"wordCount\":706,\"commentCount\":0,\"publisher\":{\"@id\":\"https:\/\/termix.net\/blog\/es\/#organization\"},\"articleSection\":[\"NOTICIAS\"],\"inLanguage\":\"es\",\"potentialAction\":[{\"@type\":\"CommentAction\",\"name\":\"Comment\",\"target\":[\"https:\/\/termix.net\/blog\/es\/termix-exito-presencia-cosmoprof-bologna-cramic-colors-cepillos-de-pelo\/#respond\"]}]},{\"@type\":\"WebPage\",\"@id\":\"https:\/\/termix.net\/blog\/es\/termix-exito-presencia-cosmoprof-bologna-cramic-colors-cepillos-de-pelo\/\",\"url\":\"https:\/\/termix.net\/blog\/es\/termix-exito-presencia-cosmoprof-bologna-cramic-colors-cepillos-de-pelo\/\",\"name\":\"As\u00ed ha sido el paso de Termix por la feria Cosmoprof Bologna\",\"isPartOf\":{\"@id\":\"https:\/\/termix.net\/blog\/es\/#website\"},\"datePublished\":\"2019-03-27T07:21:13+00:00\",\"dateModified\":\"2019-12-17T14:46:37+00:00\",\"description\":\"Cosmoprof Bologna ya ha cerrado sus pueras. La nueva edici\u00f3n de la principal feria de est\u00e9tica y peluquer\u00eda a nivel internacional, ha batido r\u00e9cord de asistencia. Termix ha estado presente en el evento, mostrando los nuevos lanzamientos y novedades a un p\u00fablico expectante. \u00bfQuieres saber m\u00e1s?\",\"breadcrumb\":{\"@id\":\"https:\/\/termix.net\/blog\/es\/termix-exito-presencia-cosmoprof-bologna-cramic-colors-cepillos-de-pelo\/#breadcrumb\"},\"inLanguage\":\"es\",\"potentialAction\":[{\"@type\":\"ReadAction\",\"target\":[\"https:\/\/termix.net\/blog\/es\/termix-exito-presencia-cosmoprof-bologna-cramic-colors-cepillos-de-pelo\/\"]}]},{\"@type\":\"BreadcrumbList\",\"@id\":\"https:\/\/termix.net\/blog\/es\/termix-exito-presencia-cosmoprof-bologna-cramic-colors-cepillos-de-pelo\/#breadcrumb\",\"itemListElement\":[{\"@type\":\"ListItem\",\"position\":1,\"name\":\"Home\",\"item\":\"https:\/\/termix.net\/blog\/es\/\"},{\"@type\":\"ListItem\",\"position\":2,\"name\":\"Termix a\u00f1ade color a Cosmoprof Bologna con los nuevos C\u00b7Ramic Colors\"}]},{\"@type\":\"WebSite\",\"@id\":\"https:\/\/termix.net\/blog\/es\/#website\",\"url\":\"https:\/\/termix.net\/blog\/es\/\",\"name\":\"Blog Termix Spain\",\"description\":\"Blog de tendencias y productos de peluquer\u00eda profesional.\",\"publisher\":{\"@id\":\"https:\/\/termix.net\/blog\/es\/#organization\"},\"potentialAction\":[{\"@type\":\"SearchAction\",\"target\":{\"@type\":\"EntryPoint\",\"urlTemplate\":\"https:\/\/termix.net\/blog\/es\/?s={search_term_string}\"},\"query-input\":\"required name=search_term_string\"}],\"inLanguage\":\"es\"},{\"@type\":\"Organization\",\"@id\":\"https:\/\/termix.net\/blog\/es\/#organization\",\"name\":\"Dols Industrial de Peluquer\u00eda SA\",\"url\":\"https:\/\/termix.net\/blog\/es\/\",\"logo\":{\"@type\":\"ImageObject\",\"inLanguage\":\"es\",\"@id\":\"https:\/\/termix.net\/blog\/es\/#\/schema\/logo\/image\/\",\"url\":\"https:\/\/termix.net\/blog\/wp-content\/uploads\/2020\/10\/OGbDAeng.jpeg\",\"contentUrl\":\"https:\/\/termix.net\/blog\/wp-content\/uploads\/2020\/10\/OGbDAeng.jpeg\",\"width\":800,\"height\":800,\"caption\":\"Dols Industrial de Peluquer\u00eda SA\"},\"image\":{\"@id\":\"https:\/\/termix.net\/blog\/es\/#\/schema\/logo\/image\/\"}},{\"@type\":\"Person\",\"@id\":\"https:\/\/termix.net\/blog\/es\/#\/schema\/person\/9096c98bdf03c8ddf91ad7172f254f40\",\"name\":\"TermixTeam\",\"image\":{\"@type\":\"ImageObject\",\"inLanguage\":\"es\",\"@id\":\"https:\/\/termix.net\/blog\/es\/#\/schema\/person\/image\/\",\"url\":\"https:\/\/secure.gravatar.com\/avatar\/d89f61f6bd1c29a4acb231736d1c74b3?s=96&d=mm&r=g\",\"contentUrl\":\"https:\/\/secure.gravatar.com\/avatar\/d89f61f6bd1c29a4acb231736d1c74b3?s=96&d=mm&r=g\",\"caption\":\"TermixTeam\"},\"url\":\"https:\/\/termix.net\/blog\/es\/author\/termixteam\/\"}]}<\/script>\n<!-- \/ Yoast SEO plugin. -->","yoast_head_json":{"title":"As\u00ed ha sido el paso de Termix por la feria Cosmoprof Bologna","description":"Cosmoprof Bologna ya ha cerrado sus pueras. La nueva edici\u00f3n de la principal feria de est\u00e9tica y peluquer\u00eda a nivel internacional, ha batido r\u00e9cord de asistencia. Termix ha estado presente en el evento, mostrando los nuevos lanzamientos y novedades a un p\u00fablico expectante. \u00bfQuieres saber m\u00e1s?","robots":{"index":"index","follow":"follow","max-snippet":"max-snippet:-1","max-image-preview":"max-image-preview:large","max-video-preview":"max-video-preview:-1"},"canonical":"https:\/\/termix.net\/blog\/es\/termix-exito-presencia-cosmoprof-bologna-cramic-colors-cepillos-de-pelo\/","og_locale":"es_ES","og_type":"article","og_title":"As\u00ed ha sido el paso de Termix por la feria Cosmoprof Bologna","og_description":"Cosmoprof Bologna ya ha cerrado sus pueras. La nueva edici\u00f3n de la principal feria de est\u00e9tica y peluquer\u00eda a nivel internacional, ha batido r\u00e9cord de asistencia. Termix ha estado presente en el evento, mostrando los nuevos lanzamientos y novedades a un p\u00fablico expectante. \u00bfQuieres saber m\u00e1s?","og_url":"https:\/\/termix.net\/blog\/es\/termix-exito-presencia-cosmoprof-bologna-cramic-colors-cepillos-de-pelo\/","og_site_name":"Blog Termix Spain","article_published_time":"2019-03-27T07:21:13+00:00","article_modified_time":"2019-12-17T14:46:37+00:00","og_image":[{"width":1160,"height":660,"url":"https:\/\/termix.net\/blog\/wp-content\/uploads\/2019\/03\/cosmoprof-bologna.jpg","type":"image\/jpeg"}],"author":"TermixTeam","twitter_card":"summary_large_image","twitter_misc":{"Escrito por":"TermixTeam","Tiempo de lectura":"3 minutos"},"schema":{"@context":"https:\/\/schema.org","@graph":[{"@type":"Article","@id":"https:\/\/termix.net\/blog\/es\/termix-exito-presencia-cosmoprof-bologna-cramic-colors-cepillos-de-pelo\/#article","isPartOf":{"@id":"https:\/\/termix.net\/blog\/es\/termix-exito-presencia-cosmoprof-bologna-cramic-colors-cepillos-de-pelo\/"},"author":{"name":"TermixTeam","@id":"https:\/\/termix.net\/blog\/es\/#\/schema\/person\/9096c98bdf03c8ddf91ad7172f254f40"},"headline":"Termix a\u00f1ade color a Cosmoprof Bologna con los nuevos C\u00b7Ramic Colors","datePublished":"2019-03-27T07:21:13+00:00","dateModified":"2019-12-17T14:46:37+00:00","mainEntityOfPage":{"@id":"https:\/\/termix.net\/blog\/es\/termix-exito-presencia-cosmoprof-bologna-cramic-colors-cepillos-de-pelo\/"},"wordCount":706,"commentCount":0,"publisher":{"@id":"https:\/\/termix.net\/blog\/es\/#organization"},"articleSection":["NOTICIAS"],"inLanguage":"es","potentialAction":[{"@type":"CommentAction","name":"Comment","target":["https:\/\/termix.net\/blog\/es\/termix-exito-presencia-cosmoprof-bologna-cramic-colors-cepillos-de-pelo\/#respond"]}]},{"@type":"WebPage","@id":"https:\/\/termix.net\/blog\/es\/termix-exito-presencia-cosmoprof-bologna-cramic-colors-cepillos-de-pelo\/","url":"https:\/\/termix.net\/blog\/es\/termix-exito-presencia-cosmoprof-bologna-cramic-colors-cepillos-de-pelo\/","name":"As\u00ed ha sido el paso de Termix por la feria Cosmoprof Bologna","isPartOf":{"@id":"https:\/\/termix.net\/blog\/es\/#website"},"datePublished":"2019-03-27T07:21:13+00:00","dateModified":"2019-12-17T14:46:37+00:00","description":"Cosmoprof Bologna ya ha cerrado sus pueras. La nueva edici\u00f3n de la principal feria de est\u00e9tica y peluquer\u00eda a nivel internacional, ha batido r\u00e9cord de asistencia. Termix ha estado presente en el evento, mostrando los nuevos lanzamientos y novedades a un p\u00fablico expectante. \u00bfQuieres saber m\u00e1s?","breadcrumb":{"@id":"https:\/\/termix.net\/blog\/es\/termix-exito-presencia-cosmoprof-bologna-cramic-colors-cepillos-de-pelo\/#breadcrumb"},"inLanguage":"es","potentialAction":[{"@type":"ReadAction","target":["https:\/\/termix.net\/blog\/es\/termix-exito-presencia-cosmoprof-bologna-cramic-colors-cepillos-de-pelo\/"]}]},{"@type":"BreadcrumbList","@id":"https:\/\/termix.net\/blog\/es\/termix-exito-presencia-cosmoprof-bologna-cramic-colors-cepillos-de-pelo\/#breadcrumb","itemListElement":[{"@type":"ListItem","position":1,"name":"Home","item":"https:\/\/termix.net\/blog\/es\/"},{"@type":"ListItem","position":2,"name":"Termix a\u00f1ade color a Cosmoprof Bologna con los nuevos C\u00b7Ramic Colors"}]},{"@type":"WebSite","@id":"https:\/\/termix.net\/blog\/es\/#website","url":"https:\/\/termix.net\/blog\/es\/","name":"Blog Termix Spain","description":"Blog de tendencias y productos de peluquer\u00eda profesional.","publisher":{"@id":"https:\/\/termix.net\/blog\/es\/#organization"},"potentialAction":[{"@type":"SearchAction","target":{"@type":"EntryPoint","urlTemplate":"https:\/\/termix.net\/blog\/es\/?s={search_term_string}"},"query-input":"required name=search_term_string"}],"inLanguage":"es"},{"@type":"Organization","@id":"https:\/\/termix.net\/blog\/es\/#organization","name":"Dols Industrial de Peluquer\u00eda SA","url":"https:\/\/termix.net\/blog\/es\/","logo":{"@type":"ImageObject","inLanguage":"es","@id":"https:\/\/termix.net\/blog\/es\/#\/schema\/logo\/image\/","url":"https:\/\/termix.net\/blog\/wp-content\/uploads\/2020\/10\/OGbDAeng.jpeg","contentUrl":"https:\/\/termix.net\/blog\/wp-content\/uploads\/2020\/10\/OGbDAeng.jpeg","width":800,"height":800,"caption":"Dols Industrial de Peluquer\u00eda SA"},"image":{"@id":"https:\/\/termix.net\/blog\/es\/#\/schema\/logo\/image\/"}},{"@type":"Person","@id":"https:\/\/termix.net\/blog\/es\/#\/schema\/person\/9096c98bdf03c8ddf91ad7172f254f40","name":"TermixTeam","image":{"@type":"ImageObject","inLanguage":"es","@id":"https:\/\/termix.net\/blog\/es\/#\/schema\/person\/image\/","url":"https:\/\/secure.gravatar.com\/avatar\/d89f61f6bd1c29a4acb231736d1c74b3?s=96&d=mm&r=g","contentUrl":"https:\/\/secure.gravatar.com\/avatar\/d89f61f6bd1c29a4acb231736d1c74b3?s=96&d=mm&r=g","caption":"TermixTeam"},"url":"https:\/\/termix.net\/blog\/es\/author\/termixteam\/"}]}},"_links":{"self":[{"href":"https:\/\/termix.net\/blog\/es\/wp-json\/wp\/v2\/posts\/16446"}],"collection":[{"href":"https:\/\/termix.net\/blog\/es\/wp-json\/wp\/v2\/posts"}],"about":[{"href":"https:\/\/termix.net\/blog\/es\/wp-json\/wp\/v2\/types\/post"}],"author":[{"embeddable":true,"href":"https:\/\/termix.net\/blog\/es\/wp-json\/wp\/v2\/users\/2"}],"replies":[{"embeddable":true,"href":"https:\/\/termix.net\/blog\/es\/wp-json\/wp\/v2\/comments?post=16446"}],"version-history":[{"count":3,"href":"https:\/\/termix.net\/blog\/es\/wp-json\/wp\/v2\/posts\/16446\/revisions"}],"predecessor-version":[{"id":24326,"href":"https:\/\/termix.net\/blog\/es\/wp-json\/wp\/v2\/posts\/16446\/revisions\/24326"}],"wp:featuredmedia":[{"embeddable":true,"href":"https:\/\/termix.net\/blog\/es\/wp-json\/wp\/v2\/media\/21830"}],"wp:attachment":[{"href":"https:\/\/termix.net\/blog\/es\/wp-json\/wp\/v2\/media?parent=16446"}],"wp:term":[{"taxonomy":"category","embeddable":true,"href":"https:\/\/termix.net\/blog\/es\/wp-json\/wp\/v2\/categories?post=16446"},{"taxonomy":"post_tag","embeddable":true,"href":"https:\/\/termix.net\/blog\/es\/wp-json\/wp\/v2\/tags?post=16446"}],"curies":[{"name":"wp","href":"https:\/\/api.w.org\/{rel}","templated":true}]}}