{"id":16274,"date":"2019-03-04T08:24:39","date_gmt":"2019-03-04T07:24:39","guid":{"rendered":"https:\/\/termix.net\/?p=16274"},"modified":"2019-12-17T16:18:41","modified_gmt":"2019-12-17T15:18:41","slug":"cepillo-special-care-cabellos-sensibles","status":"publish","type":"post","link":"https:\/\/termix.net\/blog\/es\/cepillo-special-care-cabellos-sensibles\/","title":{"rendered":"Nuevo cepillo Special Care: especial para cabellos sensibles"},"content":{"rendered":"<p><div class=\"fusion-fullwidth fullwidth-box fusion-builder-row-1 faded-background fusion-parallax-none nonhundred-percent-fullwidth non-hundred-percent-height-scrolling fusion-no-small-visibility fusion-no-medium-visibility\" style=\"--awb-border-radius-top-left:0px;--awb-border-radius-top-right:0px;--awb-border-radius-bottom-right:0px;--awb-border-radius-bottom-left:0px;--awb-padding-top:24%;--awb-padding-right:3%;--awb-padding-left:3%;--awb-background-size:cover;\" ><div class=\"fullwidth-faded\" style=\"--awb-background-color:#181818;--awb-background-image:url(https:\/\/termix.net\/blog\/wp-content\/uploads\/2019\/11\/evolution-special-care2.jpg);--awb-background-size:cover;\" ><\/div><div class=\"fusion-builder-row fusion-row\"><div class=\"fusion-layout-column fusion_builder_column fusion-builder-column-0 fusion_builder_column_1_1 1_1 fusion-one-full fusion-column-first fusion-column-last\" style=\"--awb-padding-top:6%;--awb-padding-right:8%;--awb-padding-bottom:6%;--awb-padding-left:8%;--awb-bg-color:rgba(255,255,255,0.7);--awb-bg-size:cover;--awb-margin-top:0px;--awb-margin-bottom:0px;\"><div class=\"fusion-column-wrapper fusion-column-has-shadow fusion-flex-column-wrapper-legacy\"><div class=\"fusion-text fusion-text-1 caption\"><p style=\"text-align: center;\">Novedades \u2014 3 min de lectura<\/p>\n<\/div><div class=\"fusion-title title fusion-title-1 fusion-sep-none fusion-title-center fusion-title-text fusion-title-size-two\" style=\"--awb-margin-top:30px;--awb-margin-bottom:20px;\"><h2 class=\"title-heading-center fusion-responsive-typography-calculated\" style=\"margin:0;--fontSize:50;line-height:1.28;\">Nuevo cepillo Special Care: especial para cabellos sensibles<\/h2><\/div><div class=\"fusion-clearfix\"><\/div><\/div><\/div><\/div><\/div><div class=\"fusion-fullwidth fullwidth-box fusion-builder-row-2 fusion-parallax-none nonhundred-percent-fullwidth non-hundred-percent-height-scrolling fusion-no-large-visibility\" style=\"--awb-border-radius-top-left:0px;--awb-border-radius-top-right:0px;--awb-border-radius-bottom-right:0px;--awb-border-radius-bottom-left:0px;--awb-background-image:url(&quot;https:\/\/termix.net\/blog\/wp-content\/uploads\/2019\/11\/con-el-secador-compacto-profesioanl-4300-de-termix-damos-volumen-al-cabello-1.jpg&quot;);--awb-background-size:cover;\" ><div class=\"fusion-builder-row fusion-row\"><div class=\"fusion-layout-column fusion_builder_column fusion-builder-column-1 fusion_builder_column_1_1 1_1 fusion-one-full fusion-column-first fusion-column-last fusion-column-inner-bg-wrapper\" style=\"--awb-padding-top:10%;--awb-padding-bottom:10%;--awb-inner-bg-image:url(&#039;http:\/\/termix.net\/blog\/wp-content\/uploads\/2019\/03\/single-blog-post-feat.jpg&#039;);--awb-inner-bg-position:center center;--awb-inner-bg-size:cover;\"><span class=\"fusion-column-inner-bg hover-type-zoomout\"><span class=\"fusion-column-anchor\"><span class=\"fusion-column-inner-bg-image\"><\/span><\/span><\/span><div class=\"fusion-column-wrapper fusion-flex-column-wrapper-legacy\" data-bg-url=\"http:\/\/termix.net\/blog\/wp-content\/uploads\/2019\/03\/single-blog-post-feat.jpg\"><div class=\"fusion-sep-clear\"><\/div><div class=\"fusion-separator fusion-no-large-visibility fusion-full-width-sep\" style=\"margin-left: auto;margin-right: auto;margin-top:200px;width:100%;\"><\/div><div class=\"fusion-sep-clear\"><\/div><div class=\"fusion-clearfix\"><\/div><\/div><\/div><div class=\"fusion-layout-column fusion_builder_column fusion-builder-column-2 fusion_builder_column_1_1 1_1 fusion-one-full fusion-column-first fusion-column-last\" style=\"--awb-padding-top:6%;--awb-bg-color:#ffffff;--awb-bg-size:cover;--awb-margin-top:0px;--awb-margin-bottom:0px;\"><div class=\"fusion-column-wrapper fusion-flex-column-wrapper-legacy\"><div class=\"fusion-text fusion-text-2 caption\"><p style=\"text-align: center;\">Novedades \u2014 3 min de lectura<\/p>\n<\/div><div class=\"fusion-title title fusion-title-2 fusion-sep-none fusion-title-center fusion-title-text fusion-title-size-two\" style=\"--awb-margin-top:30px;--awb-margin-bottom:20px;\"><h2 class=\"title-heading-center fusion-responsive-typography-calculated\" style=\"margin:0;--fontSize:50;line-height:1.28;\">Nuevo cepillo Special Care: especial para cabellos sensibles<\/h2><\/div><div class=\"fusion-clearfix\"><\/div><\/div><\/div><\/div><\/div><div class=\"fusion-fullwidth fullwidth-box fusion-builder-row-3 nonhundred-percent-fullwidth non-hundred-percent-height-scrolling\" style=\"--awb-border-radius-top-left:0px;--awb-border-radius-top-right:0px;--awb-border-radius-bottom-right:0px;--awb-border-radius-bottom-left:0px;--awb-padding-top:10px;--awb-padding-bottom:4%;\" ><div class=\"fusion-builder-row fusion-row\"><div class=\"fusion-layout-column fusion_builder_column fusion-builder-column-3 fusion_builder_column_1_6 1_6 fusion-one-sixth fusion-column-first fusion-no-small-visibility fusion-no-medium-visibility\" style=\"--awb-bg-size:cover;width:16.666666666667%;width:calc(16.666666666667% - ( ( 0 ) * 0.16666666666667 ) );margin-right: 0px;\"><div class=\"fusion-column-wrapper fusion-flex-column-wrapper-legacy\"><div class=\"fusion-clearfix\"><\/div><\/div><\/div><div class=\"fusion-layout-column fusion_builder_column fusion-builder-column-4 fusion_builder_column_2_3 2_3 fusion-two-third fusion-column-last\" style=\"--awb-bg-size:cover;width:66.666666666667%;width:calc(66.666666666667% - ( ( 0 ) * 0.66666666666667 ) );\"><div class=\"fusion-column-wrapper fusion-flex-column-wrapper-legacy\"><div class=\"fusion-sep-clear\"><\/div><div class=\"fusion-separator fusion-full-width-sep\" style=\"margin-left: auto;margin-right: auto;margin-top:30px;width:100%;\"><\/div><div class=\"fusion-sep-clear\"><\/div><div class=\"fusion-text fusion-text-3\"><p style=\"text-align: center;\">Elegancia y suavidad. El nuevo cepillo Evolution Special Care llega para cuidar de los<strong> cabellos m\u00e1s sensibles y castigados<\/strong>. Gracias a su combinaci\u00f3n exclusiva de fibras permite moldear el cabello da\u00f1ado suavemente. Damos la bienvenida a una nueva forma de revitalizar el cabello: el nuevo cepillo Evolution Special Care.<\/p>\n<p style=\"text-align: center;\"><strong>\u00bfLo quieres conocer?<\/strong><\/p>\n<\/div><div class=\"fusion-sep-clear\"><\/div><div class=\"fusion-separator fusion-full-width-sep\" style=\"margin-left: auto;margin-right: auto;margin-top:30px;width:100%;\"><\/div><div class=\"fusion-sep-clear\"><\/div><div class=\"fusion-video fusion-youtube\" style=\"--awb-max-width:600px;--awb-max-height:360px;\"><div class=\"video-shortcode\"><div class=\"fluid-width-video-wrapper\" style=\"padding-top:60%;\" ><iframe title=\"YouTube video player 1\" src=\"https:\/\/www.youtube.com\/embed\/0vAX8o1MxBI?wmode=transparent&autoplay=0\" width=\"600\" height=\"360\" allowfullscreen allow=\"autoplay; fullscreen\"><\/iframe><\/div><\/div><\/div><div class=\"fusion-sep-clear\"><\/div><div class=\"fusion-separator fusion-full-width-sep\" style=\"margin-left: auto;margin-right: auto;margin-top:30px;width:100%;\"><\/div><div class=\"fusion-sep-clear\"><\/div><div class=\"fusion-sep-clear\"><\/div><div class=\"fusion-separator fusion-full-width-sep\" style=\"margin-left: auto;margin-right: auto;margin-top:30px;width:100%;\"><\/div><div class=\"fusion-sep-clear\"><\/div><div class=\"fusion-text fusion-text-4\"><p style=\"text-align: justify;\">Malos h\u00e1bitos, factores ambientales y externos, tintes de cabello agresivos, productos no adecuados\u2026 Muchos pueden ser los factores que, sumados, produzcan un fuerte deterioro de la fibra capilar. Para todos aquellos <strong>cabellos castigados<\/strong> y sensibilizados, llega el nuevo <strong>cepillo Evolution Special Care<\/strong>. Un cabello brillante, esponjoso y mucho m\u00e1s saludable es posible.<\/p>\n<p><img decoding=\"async\" class=\"size-full wp-image-16281 aligncenter\" src=\"https:\/\/termix.net\/blog\/wp-content\/uploads\/2019\/03\/evolution-special-care2.jpg\" alt=\"\" width=\"1160\" height=\"563\" \/><\/p>\n<h2 style=\"text-align: justify;\"><strong>\u00bfC\u00f3mo es el nuevo cepillo Evolution Special Care?<\/strong><\/h2>\n<p style=\"text-align: justify;\">El nuevo <strong>cepillo de pelo<\/strong> Evolution Special Care est\u00e1 concebido para cuidar con la m\u00e1xima suavidad y tacto aquellos cabellos m\u00e1s delicados. Porque\u2026<\/p>\n<ul style=\"text-align: justify;\">\n<li>Incluye una combinaci\u00f3n exclusiva de fibras. Sus fibras son mixtas y mucho m\u00e1s flexibles, por lo que, se adaptan a la perfecci\u00f3n a la superficie de los cabellos sensibilizados.<\/li>\n<li>Permite sellar la cut\u00edcula del cabello. Al respetar la estructura del cabello, el <strong>cepillo Evolution Special Care<\/strong> logra sellar la cut\u00edcula, por lo que se evita el efecto puntas abiertas.<\/li>\n<li>Incorpora el perforado romboidal. Con este sistema, se consigue reducir en un 30% la exposici\u00f3n del cabello a las temperaturas elevadas procedentes del secador de pelo. De esta forma, se acelera el proceso de brushing e impactamos mucho menos en el mech\u00f3n con el que estemos trabajando.<\/li>\n<li>Sus fibras son i\u00f3nicas. Con esto, conseguimos eliminar el encrespamiento y aportar un extra de brillo al cabello.<\/li>\n<li>Es c\u00f3modo y ligero. Un cepillo con mango gomoso antideslizante y de poco peso, que se adapta a la perfecci\u00f3n a la forma de la mano. Para que crees estilos sin l\u00edmites.<\/li>\n<\/ul>\n<p><img decoding=\"async\" class=\"alignnone size-full wp-image-24428\" src=\"https:\/\/termix.net\/blog\/wp-content\/uploads\/2019\/03\/primerafotospecialcare.jpg\" alt=\"primerafotospecialcare\" width=\"1160\" height=\"660\" srcset=\"https:\/\/termix.net\/blog\/wp-content\/uploads\/2019\/03\/primerafotospecialcare-200x114.jpg 200w, https:\/\/termix.net\/blog\/wp-content\/uploads\/2019\/03\/primerafotospecialcare-300x171.jpg 300w, https:\/\/termix.net\/blog\/wp-content\/uploads\/2019\/03\/primerafotospecialcare-400x228.jpg 400w, https:\/\/termix.net\/blog\/wp-content\/uploads\/2019\/03\/primerafotospecialcare-600x341.jpg 600w, https:\/\/termix.net\/blog\/wp-content\/uploads\/2019\/03\/primerafotospecialcare-768x437.jpg 768w, https:\/\/termix.net\/blog\/wp-content\/uploads\/2019\/03\/primerafotospecialcare-800x455.jpg 800w, https:\/\/termix.net\/blog\/wp-content\/uploads\/2019\/03\/primerafotospecialcare-1024x583.jpg 1024w, https:\/\/termix.net\/blog\/wp-content\/uploads\/2019\/03\/primerafotospecialcare.jpg 1160w\" sizes=\"(max-width: 1160px) 100vw, 1160px\" \/><\/p>\n<h2 style=\"text-align: justify;\"><strong>Un cepillo perfecto para\u2026<\/strong><\/h2>\n<p style=\"text-align: justify;\">Proteger los <strong>cabellos m\u00e1s sensibles<\/strong> y revitalizar el <strong>cabello da\u00f1ado<\/strong>. El nuevo integrante de la familia Evolution est\u00e1 concebido para devolverle la salud y el brillo a los cabellos que m\u00e1s lo necesitan.<\/p>\n<h2 style=\"text-align: justify;\"><strong>Resultados profesionales<\/strong><\/h2>\n<ul style=\"text-align: justify;\">\n<li>M\u00e1s brillo<\/li>\n<li>M\u00e1s densidad<\/li>\n<li>M\u00e1s esponjosidad<\/li>\n<li>Peinados m\u00e1s duraderos<\/li>\n<li>Cabello m\u00e1s sano<\/li>\n<\/ul>\n<p><img decoding=\"async\" class=\"size-full wp-image-16063 aligncenter\" src=\"https:\/\/termix.net\/blog\/wp-content\/uploads\/2019\/02\/inputsspecialbien2.png\" alt=\"\" width=\"1160\" height=\"501\" \/><\/p>\n<h2 style=\"text-align: justify;\"><strong>El bronce: una tendencia que est\u00e1 por todas partes<\/strong><\/h2>\n<p style=\"text-align: justify;\">Los complementos metalizados y los dise\u00f1os que llevan el bronce como estandarte est\u00e1n en auge. Se trata de una tendencia inspirada en la decoraci\u00f3n industrial que introduce materiales puros como la madera o el metal y los hace parte de un estilo minimalista, perfecto para cualquier sal\u00f3n de peluquer\u00eda actual.<\/p>\n<p><img decoding=\"async\" class=\"size-full wp-image-16279 aligncenter\" src=\"https:\/\/termix.net\/blog\/wp-content\/uploads\/2019\/03\/tendencia-decoracion_bronce.jpg\" alt=\"tendencia decoracion_bronce\" width=\"1160\" height=\"563\" \/><\/p>\n<p style=\"text-align: justify;\">Y la clave del \u00e9xito del bronce es que se trata del tono metalizado m\u00e1s combinable, encajando incluso con el <strong>color Pantone del a\u00f1o<\/strong>, el Living Coral.<\/p>\n<p><img decoding=\"async\" class=\"size-full wp-image-16280 aligncenter\" src=\"https:\/\/termix.net\/blog\/wp-content\/uploads\/2019\/03\/tendencia_bronce.jpg\" alt=\"tendencia_bronce\" width=\"1160\" height=\"563\" \/><\/p>\n<p style=\"text-align: justify;\">Los bronces y latones, adem\u00e1s de formar parte de este estilo industrial de decoraci\u00f3n, tambi\u00e9n se han subido a pasarelas, siendo los absolutos protagonistas de outfits y maquillajes. Precisamente, el nuevo <strong>cepillo Evolution Special Care<\/strong> se integra dentro de esta oleada de metales cubri\u00e9ndose del bronce m\u00e1s actual para ofrecer un extra de estilo y actualidad a los salones m\u00e1s prestigiosos.<\/p>\n<p><img decoding=\"async\" class=\"size-full wp-image-16278 aligncenter\" src=\"https:\/\/termix.net\/blog\/wp-content\/uploads\/2019\/03\/evolution-special-care.jpg\" alt=\"\" width=\"1160\" height=\"563\" \/><\/p>\n<h3 style=\"text-align: justify;\">Revitaliza tu cabello con el nuevo <strong>Evolution Special Care<\/strong>. Cuidamos lo que m\u00e1s te importa.<\/h3>\n<\/div><div class=\"fusion-clearfix\"><\/div><\/div><\/div><\/div><\/div><div class=\"fusion-fullwidth fullwidth-box fusion-builder-row-4 nonhundred-percent-fullwidth non-hundred-percent-height-scrolling\" style=\"--awb-border-radius-top-left:0px;--awb-border-radius-top-right:0px;--awb-border-radius-bottom-right:0px;--awb-border-radius-bottom-left:0px;\" ><\/div><\/p>\n","protected":false},"excerpt":{"rendered":"","protected":false},"author":2,"featured_media":21008,"comment_status":"open","ping_status":"open","sticky":false,"template":"","format":"standard","meta":[],"categories":[6],"tags":[],"yoast_head":"<!-- This site is optimized with the Yoast SEO plugin v20.0 - https:\/\/yoast.com\/wordpress\/plugins\/seo\/ -->\n<title>Nuevo cepillo de pelo Special Care: especial para cabellos sensibles<\/title>\n<meta name=\"description\" content=\"Elegancia y suavidad. El nuevo cepillo Evolution Special Care llega para cuidar de los cabellos m\u00e1s sensibles y castigados. Gracias a su combinaci\u00f3n exclusiva de fibras permite moldear el cabello da\u00f1ado suavemente. Damos la bienvenida a una nueva forma de revitalizar el cabello: el nuevo cepillo Evolution Special Care.\" \/>\n<meta name=\"robots\" content=\"index, follow, max-snippet:-1, max-image-preview:large, max-video-preview:-1\" \/>\n<link rel=\"canonical\" href=\"https:\/\/termix.net\/blog\/es\/cepillo-special-care-cabellos-sensibles\/\" \/>\n<meta property=\"og:locale\" content=\"es_ES\" \/>\n<meta property=\"og:type\" content=\"article\" \/>\n<meta property=\"og:title\" content=\"Nuevo cepillo de pelo Special Care: especial para cabellos sensibles\" \/>\n<meta property=\"og:description\" content=\"Elegancia y suavidad. El nuevo cepillo Evolution Special Care llega para cuidar de los cabellos m\u00e1s sensibles y castigados. Gracias a su combinaci\u00f3n exclusiva de fibras permite moldear el cabello da\u00f1ado suavemente. Damos la bienvenida a una nueva forma de revitalizar el cabello: el nuevo cepillo Evolution Special Care.\" \/>\n<meta property=\"og:url\" content=\"https:\/\/termix.net\/blog\/es\/cepillo-special-care-cabellos-sensibles\/\" \/>\n<meta property=\"og:site_name\" content=\"Blog Termix Spain\" \/>\n<meta property=\"article:published_time\" content=\"2019-03-04T07:24:39+00:00\" \/>\n<meta property=\"article:modified_time\" content=\"2019-12-17T15:18:41+00:00\" \/>\n<meta property=\"og:image\" content=\"https:\/\/termix.net\/blog\/wp-content\/uploads\/2019\/11\/evolution-special-care2.jpg\" \/>\n\t<meta property=\"og:image:width\" content=\"1160\" \/>\n\t<meta property=\"og:image:height\" content=\"563\" \/>\n\t<meta property=\"og:image:type\" content=\"image\/jpeg\" \/>\n<meta name=\"author\" content=\"TermixTeam\" \/>\n<meta name=\"twitter:card\" content=\"summary_large_image\" \/>\n<meta name=\"twitter:label1\" content=\"Escrito por\" \/>\n\t<meta name=\"twitter:data1\" content=\"TermixTeam\" \/>\n\t<meta name=\"twitter:label2\" content=\"Tiempo de lectura\" \/>\n\t<meta name=\"twitter:data2\" content=\"9 minutos\" \/>\n<script type=\"application\/ld+json\" class=\"yoast-schema-graph\">{\"@context\":\"https:\/\/schema.org\",\"@graph\":[{\"@type\":\"Article\",\"@id\":\"https:\/\/termix.net\/blog\/es\/cepillo-special-care-cabellos-sensibles\/#article\",\"isPartOf\":{\"@id\":\"https:\/\/termix.net\/blog\/es\/cepillo-special-care-cabellos-sensibles\/\"},\"author\":{\"name\":\"TermixTeam\",\"@id\":\"https:\/\/termix.net\/blog\/es\/#\/schema\/person\/9096c98bdf03c8ddf91ad7172f254f40\"},\"headline\":\"Nuevo cepillo Special Care: especial para cabellos sensibles\",\"datePublished\":\"2019-03-04T07:24:39+00:00\",\"dateModified\":\"2019-12-17T15:18:41+00:00\",\"mainEntityOfPage\":{\"@id\":\"https:\/\/termix.net\/blog\/es\/cepillo-special-care-cabellos-sensibles\/\"},\"wordCount\":1802,\"commentCount\":0,\"publisher\":{\"@id\":\"https:\/\/termix.net\/blog\/es\/#organization\"},\"articleSection\":[\"NOTICIAS\"],\"inLanguage\":\"es\",\"potentialAction\":[{\"@type\":\"CommentAction\",\"name\":\"Comment\",\"target\":[\"https:\/\/termix.net\/blog\/es\/cepillo-special-care-cabellos-sensibles\/#respond\"]}]},{\"@type\":\"WebPage\",\"@id\":\"https:\/\/termix.net\/blog\/es\/cepillo-special-care-cabellos-sensibles\/\",\"url\":\"https:\/\/termix.net\/blog\/es\/cepillo-special-care-cabellos-sensibles\/\",\"name\":\"Nuevo cepillo de pelo Special Care: especial para cabellos sensibles\",\"isPartOf\":{\"@id\":\"https:\/\/termix.net\/blog\/es\/#website\"},\"datePublished\":\"2019-03-04T07:24:39+00:00\",\"dateModified\":\"2019-12-17T15:18:41+00:00\",\"description\":\"Elegancia y suavidad. El nuevo cepillo Evolution Special Care llega para cuidar de los cabellos m\u00e1s sensibles y castigados. Gracias a su combinaci\u00f3n exclusiva de fibras permite moldear el cabello da\u00f1ado suavemente. Damos la bienvenida a una nueva forma de revitalizar el cabello: el nuevo cepillo Evolution Special Care.\",\"breadcrumb\":{\"@id\":\"https:\/\/termix.net\/blog\/es\/cepillo-special-care-cabellos-sensibles\/#breadcrumb\"},\"inLanguage\":\"es\",\"potentialAction\":[{\"@type\":\"ReadAction\",\"target\":[\"https:\/\/termix.net\/blog\/es\/cepillo-special-care-cabellos-sensibles\/\"]}]},{\"@type\":\"BreadcrumbList\",\"@id\":\"https:\/\/termix.net\/blog\/es\/cepillo-special-care-cabellos-sensibles\/#breadcrumb\",\"itemListElement\":[{\"@type\":\"ListItem\",\"position\":1,\"name\":\"Home\",\"item\":\"https:\/\/termix.net\/blog\/es\/\"},{\"@type\":\"ListItem\",\"position\":2,\"name\":\"Nuevo cepillo Special Care: especial para cabellos sensibles\"}]},{\"@type\":\"WebSite\",\"@id\":\"https:\/\/termix.net\/blog\/es\/#website\",\"url\":\"https:\/\/termix.net\/blog\/es\/\",\"name\":\"Blog Termix Spain\",\"description\":\"Blog de tendencias y productos de peluquer\u00eda profesional.\",\"publisher\":{\"@id\":\"https:\/\/termix.net\/blog\/es\/#organization\"},\"potentialAction\":[{\"@type\":\"SearchAction\",\"target\":{\"@type\":\"EntryPoint\",\"urlTemplate\":\"https:\/\/termix.net\/blog\/es\/?s={search_term_string}\"},\"query-input\":\"required name=search_term_string\"}],\"inLanguage\":\"es\"},{\"@type\":\"Organization\",\"@id\":\"https:\/\/termix.net\/blog\/es\/#organization\",\"name\":\"Dols Industrial de Peluquer\u00eda SA\",\"url\":\"https:\/\/termix.net\/blog\/es\/\",\"logo\":{\"@type\":\"ImageObject\",\"inLanguage\":\"es\",\"@id\":\"https:\/\/termix.net\/blog\/es\/#\/schema\/logo\/image\/\",\"url\":\"https:\/\/termix.net\/blog\/wp-content\/uploads\/2020\/10\/OGbDAeng.jpeg\",\"contentUrl\":\"https:\/\/termix.net\/blog\/wp-content\/uploads\/2020\/10\/OGbDAeng.jpeg\",\"width\":800,\"height\":800,\"caption\":\"Dols Industrial de Peluquer\u00eda SA\"},\"image\":{\"@id\":\"https:\/\/termix.net\/blog\/es\/#\/schema\/logo\/image\/\"}},{\"@type\":\"Person\",\"@id\":\"https:\/\/termix.net\/blog\/es\/#\/schema\/person\/9096c98bdf03c8ddf91ad7172f254f40\",\"name\":\"TermixTeam\",\"image\":{\"@type\":\"ImageObject\",\"inLanguage\":\"es\",\"@id\":\"https:\/\/termix.net\/blog\/es\/#\/schema\/person\/image\/\",\"url\":\"https:\/\/secure.gravatar.com\/avatar\/d89f61f6bd1c29a4acb231736d1c74b3?s=96&d=mm&r=g\",\"contentUrl\":\"https:\/\/secure.gravatar.com\/avatar\/d89f61f6bd1c29a4acb231736d1c74b3?s=96&d=mm&r=g\",\"caption\":\"TermixTeam\"},\"url\":\"https:\/\/termix.net\/blog\/es\/author\/termixteam\/\"}]}<\/script>\n<!-- \/ Yoast SEO plugin. -->","yoast_head_json":{"title":"Nuevo cepillo de pelo Special Care: especial para cabellos sensibles","description":"Elegancia y suavidad. El nuevo cepillo Evolution Special Care llega para cuidar de los cabellos m\u00e1s sensibles y castigados. Gracias a su combinaci\u00f3n exclusiva de fibras permite moldear el cabello da\u00f1ado suavemente. Damos la bienvenida a una nueva forma de revitalizar el cabello: el nuevo cepillo Evolution Special Care.","robots":{"index":"index","follow":"follow","max-snippet":"max-snippet:-1","max-image-preview":"max-image-preview:large","max-video-preview":"max-video-preview:-1"},"canonical":"https:\/\/termix.net\/blog\/es\/cepillo-special-care-cabellos-sensibles\/","og_locale":"es_ES","og_type":"article","og_title":"Nuevo cepillo de pelo Special Care: especial para cabellos sensibles","og_description":"Elegancia y suavidad. El nuevo cepillo Evolution Special Care llega para cuidar de los cabellos m\u00e1s sensibles y castigados. Gracias a su combinaci\u00f3n exclusiva de fibras permite moldear el cabello da\u00f1ado suavemente. Damos la bienvenida a una nueva forma de revitalizar el cabello: el nuevo cepillo Evolution Special Care.","og_url":"https:\/\/termix.net\/blog\/es\/cepillo-special-care-cabellos-sensibles\/","og_site_name":"Blog Termix Spain","article_published_time":"2019-03-04T07:24:39+00:00","article_modified_time":"2019-12-17T15:18:41+00:00","og_image":[{"width":1160,"height":563,"url":"https:\/\/termix.net\/blog\/wp-content\/uploads\/2019\/11\/evolution-special-care2.jpg","type":"image\/jpeg"}],"author":"TermixTeam","twitter_card":"summary_large_image","twitter_misc":{"Escrito por":"TermixTeam","Tiempo de lectura":"9 minutos"},"schema":{"@context":"https:\/\/schema.org","@graph":[{"@type":"Article","@id":"https:\/\/termix.net\/blog\/es\/cepillo-special-care-cabellos-sensibles\/#article","isPartOf":{"@id":"https:\/\/termix.net\/blog\/es\/cepillo-special-care-cabellos-sensibles\/"},"author":{"name":"TermixTeam","@id":"https:\/\/termix.net\/blog\/es\/#\/schema\/person\/9096c98bdf03c8ddf91ad7172f254f40"},"headline":"Nuevo cepillo Special Care: especial para cabellos sensibles","datePublished":"2019-03-04T07:24:39+00:00","dateModified":"2019-12-17T15:18:41+00:00","mainEntityOfPage":{"@id":"https:\/\/termix.net\/blog\/es\/cepillo-special-care-cabellos-sensibles\/"},"wordCount":1802,"commentCount":0,"publisher":{"@id":"https:\/\/termix.net\/blog\/es\/#organization"},"articleSection":["NOTICIAS"],"inLanguage":"es","potentialAction":[{"@type":"CommentAction","name":"Comment","target":["https:\/\/termix.net\/blog\/es\/cepillo-special-care-cabellos-sensibles\/#respond"]}]},{"@type":"WebPage","@id":"https:\/\/termix.net\/blog\/es\/cepillo-special-care-cabellos-sensibles\/","url":"https:\/\/termix.net\/blog\/es\/cepillo-special-care-cabellos-sensibles\/","name":"Nuevo cepillo de pelo Special Care: especial para cabellos sensibles","isPartOf":{"@id":"https:\/\/termix.net\/blog\/es\/#website"},"datePublished":"2019-03-04T07:24:39+00:00","dateModified":"2019-12-17T15:18:41+00:00","description":"Elegancia y suavidad. El nuevo cepillo Evolution Special Care llega para cuidar de los cabellos m\u00e1s sensibles y castigados. Gracias a su combinaci\u00f3n exclusiva de fibras permite moldear el cabello da\u00f1ado suavemente. Damos la bienvenida a una nueva forma de revitalizar el cabello: el nuevo cepillo Evolution Special Care.","breadcrumb":{"@id":"https:\/\/termix.net\/blog\/es\/cepillo-special-care-cabellos-sensibles\/#breadcrumb"},"inLanguage":"es","potentialAction":[{"@type":"ReadAction","target":["https:\/\/termix.net\/blog\/es\/cepillo-special-care-cabellos-sensibles\/"]}]},{"@type":"BreadcrumbList","@id":"https:\/\/termix.net\/blog\/es\/cepillo-special-care-cabellos-sensibles\/#breadcrumb","itemListElement":[{"@type":"ListItem","position":1,"name":"Home","item":"https:\/\/termix.net\/blog\/es\/"},{"@type":"ListItem","position":2,"name":"Nuevo cepillo Special Care: especial para cabellos sensibles"}]},{"@type":"WebSite","@id":"https:\/\/termix.net\/blog\/es\/#website","url":"https:\/\/termix.net\/blog\/es\/","name":"Blog Termix Spain","description":"Blog de tendencias y productos de peluquer\u00eda profesional.","publisher":{"@id":"https:\/\/termix.net\/blog\/es\/#organization"},"potentialAction":[{"@type":"SearchAction","target":{"@type":"EntryPoint","urlTemplate":"https:\/\/termix.net\/blog\/es\/?s={search_term_string}"},"query-input":"required name=search_term_string"}],"inLanguage":"es"},{"@type":"Organization","@id":"https:\/\/termix.net\/blog\/es\/#organization","name":"Dols Industrial de Peluquer\u00eda SA","url":"https:\/\/termix.net\/blog\/es\/","logo":{"@type":"ImageObject","inLanguage":"es","@id":"https:\/\/termix.net\/blog\/es\/#\/schema\/logo\/image\/","url":"https:\/\/termix.net\/blog\/wp-content\/uploads\/2020\/10\/OGbDAeng.jpeg","contentUrl":"https:\/\/termix.net\/blog\/wp-content\/uploads\/2020\/10\/OGbDAeng.jpeg","width":800,"height":800,"caption":"Dols Industrial de Peluquer\u00eda SA"},"image":{"@id":"https:\/\/termix.net\/blog\/es\/#\/schema\/logo\/image\/"}},{"@type":"Person","@id":"https:\/\/termix.net\/blog\/es\/#\/schema\/person\/9096c98bdf03c8ddf91ad7172f254f40","name":"TermixTeam","image":{"@type":"ImageObject","inLanguage":"es","@id":"https:\/\/termix.net\/blog\/es\/#\/schema\/person\/image\/","url":"https:\/\/secure.gravatar.com\/avatar\/d89f61f6bd1c29a4acb231736d1c74b3?s=96&d=mm&r=g","contentUrl":"https:\/\/secure.gravatar.com\/avatar\/d89f61f6bd1c29a4acb231736d1c74b3?s=96&d=mm&r=g","caption":"TermixTeam"},"url":"https:\/\/termix.net\/blog\/es\/author\/termixteam\/"}]}},"_links":{"self":[{"href":"https:\/\/termix.net\/blog\/es\/wp-json\/wp\/v2\/posts\/16274"}],"collection":[{"href":"https:\/\/termix.net\/blog\/es\/wp-json\/wp\/v2\/posts"}],"about":[{"href":"https:\/\/termix.net\/blog\/es\/wp-json\/wp\/v2\/types\/post"}],"author":[{"embeddable":true,"href":"https:\/\/termix.net\/blog\/es\/wp-json\/wp\/v2\/users\/2"}],"replies":[{"embeddable":true,"href":"https:\/\/termix.net\/blog\/es\/wp-json\/wp\/v2\/comments?post=16274"}],"version-history":[{"count":4,"href":"https:\/\/termix.net\/blog\/es\/wp-json\/wp\/v2\/posts\/16274\/revisions"}],"predecessor-version":[{"id":24435,"href":"https:\/\/termix.net\/blog\/es\/wp-json\/wp\/v2\/posts\/16274\/revisions\/24435"}],"wp:featuredmedia":[{"embeddable":true,"href":"https:\/\/termix.net\/blog\/es\/wp-json\/wp\/v2\/media\/21008"}],"wp:attachment":[{"href":"https:\/\/termix.net\/blog\/es\/wp-json\/wp\/v2\/media?parent=16274"}],"wp:term":[{"taxonomy":"category","embeddable":true,"href":"https:\/\/termix.net\/blog\/es\/wp-json\/wp\/v2\/categories?post=16274"},{"taxonomy":"post_tag","embeddable":true,"href":"https:\/\/termix.net\/blog\/es\/wp-json\/wp\/v2\/tags?post=16274"}],"curies":[{"name":"wp","href":"https:\/\/api.w.org\/{rel}","templated":true}]}}