{"id":16089,"date":"2018-02-14T08:29:56","date_gmt":"2018-02-14T07:29:56","guid":{"rendered":"https:\/\/termix.net\/?p=16089"},"modified":"2019-12-17T14:42:45","modified_gmt":"2019-12-17T13:42:45","slug":"brosse-evolution-special-care-fr","status":"publish","type":"post","link":"https:\/\/termix.net\/blog\/es\/brosse-evolution-special-care-fr\/","title":{"rendered":"Brosse Termix Evolution Special Care"},"content":{"rendered":"<p><div class=\"fusion-fullwidth fullwidth-box fusion-builder-row-1 faded-background fusion-parallax-none nonhundred-percent-fullwidth non-hundred-percent-height-scrolling fusion-no-small-visibility fusion-no-medium-visibility\" style=\"--awb-border-radius-top-left:0px;--awb-border-radius-top-right:0px;--awb-border-radius-bottom-right:0px;--awb-border-radius-bottom-left:0px;--awb-padding-top:24%;--awb-padding-right:3%;--awb-padding-left:3%;--awb-background-size:cover;\" ><div class=\"fullwidth-faded\" style=\"--awb-background-color:#181818;--awb-background-image:url(https:\/\/termix.net\/blog\/wp-content\/uploads\/2019\/11\/evolution-special-care2.jpg);--awb-background-size:cover;\" ><\/div><div class=\"fusion-builder-row fusion-row\"><div class=\"fusion-layout-column fusion_builder_column fusion-builder-column-0 fusion_builder_column_1_1 1_1 fusion-one-full fusion-column-first fusion-column-last\" style=\"--awb-padding-top:6%;--awb-padding-right:8%;--awb-padding-bottom:6%;--awb-padding-left:8%;--awb-bg-color:rgba(255,255,255,0.7);--awb-bg-size:cover;--awb-margin-top:0px;--awb-margin-bottom:0px;\"><div class=\"fusion-column-wrapper fusion-column-has-shadow fusion-flex-column-wrapper-legacy\"><div class=\"fusion-title title fusion-title-1 fusion-sep-none fusion-title-center fusion-title-text fusion-title-size-two\" style=\"--awb-margin-top:30px;--awb-margin-bottom:20px;\"><h2 class=\"title-heading-center fusion-responsive-typography-calculated\" style=\"margin:0;--fontSize:50;line-height:1.28;\">Brosse Termix Evolution Special Care<\/h2><\/div><div class=\"fusion-clearfix\"><\/div><\/div><\/div><\/div><\/div><div class=\"fusion-fullwidth fullwidth-box fusion-builder-row-2 fusion-parallax-none nonhundred-percent-fullwidth non-hundred-percent-height-scrolling fusion-no-large-visibility\" style=\"--awb-border-radius-top-left:0px;--awb-border-radius-top-right:0px;--awb-border-radius-bottom-right:0px;--awb-border-radius-bottom-left:0px;--awb-background-image:url(&quot;https:\/\/termix.net\/blog\/wp-content\/uploads\/2019\/11\/con-el-secador-compacto-profesioanl-4300-de-termix-damos-volumen-al-cabello-1.jpg&quot;);--awb-background-size:cover;\" ><div class=\"fusion-builder-row fusion-row\"><div class=\"fusion-layout-column fusion_builder_column fusion-builder-column-1 fusion_builder_column_1_1 1_1 fusion-one-full fusion-column-first fusion-column-last fusion-column-inner-bg-wrapper\" style=\"--awb-padding-top:10%;--awb-padding-bottom:10%;--awb-inner-bg-image:url(&#039;http:\/\/termix.net\/blog\/wp-content\/uploads\/2019\/03\/single-blog-post-feat.jpg&#039;);--awb-inner-bg-position:center center;--awb-inner-bg-size:cover;\"><span class=\"fusion-column-inner-bg hover-type-zoomout\"><span class=\"fusion-column-anchor\"><span class=\"fusion-column-inner-bg-image\"><\/span><\/span><\/span><div class=\"fusion-column-wrapper fusion-flex-column-wrapper-legacy\" data-bg-url=\"http:\/\/termix.net\/blog\/wp-content\/uploads\/2019\/03\/single-blog-post-feat.jpg\"><div class=\"fusion-sep-clear\"><\/div><div class=\"fusion-separator fusion-no-large-visibility fusion-full-width-sep\" style=\"margin-left: auto;margin-right: auto;margin-top:200px;width:100%;\"><\/div><div class=\"fusion-sep-clear\"><\/div><div class=\"fusion-clearfix\"><\/div><\/div><\/div><div class=\"fusion-layout-column fusion_builder_column fusion-builder-column-2 fusion_builder_column_1_1 1_1 fusion-one-full fusion-column-first fusion-column-last\" style=\"--awb-padding-top:6%;--awb-bg-color:#ffffff;--awb-bg-size:cover;--awb-margin-top:0px;--awb-margin-bottom:0px;\"><div class=\"fusion-column-wrapper fusion-flex-column-wrapper-legacy\"><div class=\"fusion-title title fusion-title-2 fusion-sep-none fusion-title-center fusion-title-text fusion-title-size-two\" style=\"--awb-margin-top:30px;--awb-margin-bottom:20px;\"><h2 class=\"title-heading-center fusion-responsive-typography-calculated\" style=\"margin:0;--fontSize:50;line-height:1.28;\">Brosse Termix Evolution Special Care<\/h2><\/div><div class=\"fusion-clearfix\"><\/div><\/div><\/div><\/div><\/div><div class=\"fusion-fullwidth fullwidth-box fusion-builder-row-3 nonhundred-percent-fullwidth non-hundred-percent-height-scrolling\" style=\"--awb-border-radius-top-left:0px;--awb-border-radius-top-right:0px;--awb-border-radius-bottom-right:0px;--awb-border-radius-bottom-left:0px;--awb-padding-top:10px;--awb-padding-bottom:4%;\" ><div class=\"fusion-builder-row fusion-row\"><div class=\"fusion-layout-column fusion_builder_column fusion-builder-column-3 fusion_builder_column_1_6 1_6 fusion-one-sixth fusion-column-first fusion-no-small-visibility fusion-no-medium-visibility\" style=\"--awb-bg-size:cover;width:16.666666666667%;width:calc(16.666666666667% - ( ( 0 ) * 0.16666666666667 ) );margin-right: 0px;\"><div class=\"fusion-column-wrapper fusion-flex-column-wrapper-legacy\"><div class=\"fusion-clearfix\"><\/div><\/div><\/div><div class=\"fusion-layout-column fusion_builder_column fusion-builder-column-4 fusion_builder_column_2_3 2_3 fusion-two-third fusion-column-last\" style=\"--awb-bg-size:cover;width:66.666666666667%;width:calc(66.666666666667% - ( ( 0 ) * 0.66666666666667 ) );\"><div class=\"fusion-column-wrapper fusion-flex-column-wrapper-legacy\"><div class=\"fusion-sep-clear\"><\/div><div class=\"fusion-separator fusion-full-width-sep\" style=\"margin-left: auto;margin-right: auto;margin-top:30px;width:100%;\"><\/div><div class=\"fusion-sep-clear\"><\/div><div class=\"fusion-text fusion-text-1\"><p style=\"text-align: center;\"><strong>Termix pr\u00e9sente la nouvelle brosse Evolution Special Care.<\/strong><\/p>\n<p style=\"text-align: center;\">Une brosse qui a \u00e9t\u00e9 sp\u00e9cialement con\u00e7ue pour prendre soin des cheveux les plus ab\u00eem\u00e9s. Gr\u00e2ce \u00e0 sa combinaison unique de fibres, qui referme la cuticule du cheveu parfaitement pour des cheveux plus sains et \u00e9clatants. Une brosse de couleur bronze, cr\u00e9\u00e9e pour revitaliser les cheveux les plus ternes et sensibilis\u00e9s.<\/p>\n<\/div><div class=\"fusion-sep-clear\"><\/div><div class=\"fusion-separator fusion-full-width-sep\" style=\"margin-left: auto;margin-right: auto;margin-top:30px;width:100%;\"><\/div><div class=\"fusion-sep-clear\"><\/div><div class=\"fusion-text fusion-text-2\"><p><div class=\"video-shortcode\"><iframe title=\"Brosse Evolution Special Care de Termix\" width=\"1747\" height=\"983\" src=\"https:\/\/www.youtube.com\/embed\/7my1YQ_QwhQ?feature=oembed\" frameborder=\"0\" allow=\"accelerometer; autoplay; encrypted-media; gyroscope; picture-in-picture\" allowfullscreen><\/iframe><\/div>\n<\/p>\n<h2>Une attention particuli\u00e8re pour les cheveux les plus d\u00e9licats.<\/h2>\n<p>La <strong>brosse Evolution<\/strong> <strong>Special Care<\/strong> incorpore une nouvelle composition de fibres qui p\u00e9n\u00e8trent le cheveu pour refermer la cuticule, permettant un r\u00e9sultat plus brillant et plus sain. La mani\u00e8re parfaite pour raviver l\u2019\u00e9clat des cheveux lourdement trait\u00e9s, qui ont tendance \u00e0 devenir ternes et sans mouvement. Cela est d\u00fb \u00e0 la d\u00e9shydratation g\u00e9n\u00e9rale \u00e0 l\u2019int\u00e9rieur de la structure du cheveu, ce qui entra\u00eene des cheveux cassants et fragiles. C\u2019est pourquoi il est essentiel d\u2019utiliser une brosse sp\u00e9cialement con\u00e7ue pour ce type de cheveux. \u00c9vitez les d\u00e9g\u00e2ts, rehaussez l\u2019\u00e9clat et la sant\u00e9 de vos cheveux.<\/p>\n<p><img decoding=\"async\" class=\"alignnone size-full wp-image-24097\" src=\"https:\/\/termix.net\/blog\/wp-content\/uploads\/2018\/02\/FRinputsspecialbien2.png\" alt=\"termix evolution special care cepillo\" width=\"1160\" height=\"501\" srcset=\"https:\/\/termix.net\/blog\/wp-content\/uploads\/2018\/02\/FRinputsspecialbien2-200x86.png 200w, https:\/\/termix.net\/blog\/wp-content\/uploads\/2018\/02\/FRinputsspecialbien2-300x130.png 300w, https:\/\/termix.net\/blog\/wp-content\/uploads\/2018\/02\/FRinputsspecialbien2-400x173.png 400w, https:\/\/termix.net\/blog\/wp-content\/uploads\/2018\/02\/FRinputsspecialbien2-600x259.png 600w, https:\/\/termix.net\/blog\/wp-content\/uploads\/2018\/02\/FRinputsspecialbien2-768x332.png 768w, https:\/\/termix.net\/blog\/wp-content\/uploads\/2018\/02\/FRinputsspecialbien2-800x346.png 800w, https:\/\/termix.net\/blog\/wp-content\/uploads\/2018\/02\/FRinputsspecialbien2-1024x442.png 1024w, https:\/\/termix.net\/blog\/wp-content\/uploads\/2018\/02\/FRinputsspecialbien2.png 1160w\" sizes=\"(max-width: 1160px) 100vw, 1160px\" \/><\/p>\n<h2>Les r\u00e9sultats<\/h2>\n<p>D\u2019une texture de cheveux opaque et deshydrat\u00e9s, \u00e0 des cheveux \u00e9clatants, plus sains et plus beaux. C\u2019est pr\u00e9cisemment le r\u00e9sultat le plus important et imm\u00e9diat apr\u00e8s avoir fait un brushing avec la brosse Evolution Special Care. D\u00e9couvrez la nouvelle r\u00e9volution de brossage avec la gamme de <strong>brosses Special Care<\/strong>.<\/p>\n<p><img decoding=\"async\" class=\"alignnone size-full wp-image-24095\" src=\"https:\/\/termix.net\/blog\/wp-content\/uploads\/2018\/02\/FRdiseno-premium-special-care_.png\" alt=\"termix evolution special care cepillo\" width=\"1160\" height=\"660\" srcset=\"https:\/\/termix.net\/blog\/wp-content\/uploads\/2018\/02\/FRdiseno-premium-special-care_-200x114.png 200w, https:\/\/termix.net\/blog\/wp-content\/uploads\/2018\/02\/FRdiseno-premium-special-care_-300x171.png 300w, https:\/\/termix.net\/blog\/wp-content\/uploads\/2018\/02\/FRdiseno-premium-special-care_-400x228.png 400w, https:\/\/termix.net\/blog\/wp-content\/uploads\/2018\/02\/FRdiseno-premium-special-care_-600x341.png 600w, https:\/\/termix.net\/blog\/wp-content\/uploads\/2018\/02\/FRdiseno-premium-special-care_-768x437.png 768w, https:\/\/termix.net\/blog\/wp-content\/uploads\/2018\/02\/FRdiseno-premium-special-care_-800x455.png 800w, https:\/\/termix.net\/blog\/wp-content\/uploads\/2018\/02\/FRdiseno-premium-special-care_-1024x583.png 1024w, https:\/\/termix.net\/blog\/wp-content\/uploads\/2018\/02\/FRdiseno-premium-special-care_.png 1160w\" sizes=\"(max-width: 1160px) 100vw, 1160px\" \/><\/p>\n<p><img decoding=\"async\" class=\"alignnone size-full wp-image-24093\" src=\"https:\/\/termix.net\/blog\/wp-content\/uploads\/2018\/02\/FRatributosspecialcare.png\" alt=\"termix evolution special care cepillo\" width=\"1160\" height=\"586\" srcset=\"https:\/\/termix.net\/blog\/wp-content\/uploads\/2018\/02\/FRatributosspecialcare-200x101.png 200w, https:\/\/termix.net\/blog\/wp-content\/uploads\/2018\/02\/FRatributosspecialcare-300x152.png 300w, https:\/\/termix.net\/blog\/wp-content\/uploads\/2018\/02\/FRatributosspecialcare-400x202.png 400w, https:\/\/termix.net\/blog\/wp-content\/uploads\/2018\/02\/FRatributosspecialcare-540x272.png 540w, https:\/\/termix.net\/blog\/wp-content\/uploads\/2018\/02\/FRatributosspecialcare-600x303.png 600w, https:\/\/termix.net\/blog\/wp-content\/uploads\/2018\/02\/FRatributosspecialcare-768x388.png 768w, https:\/\/termix.net\/blog\/wp-content\/uploads\/2018\/02\/FRatributosspecialcare-800x404.png 800w, https:\/\/termix.net\/blog\/wp-content\/uploads\/2018\/02\/FRatributosspecialcare-1024x517.png 1024w, https:\/\/termix.net\/blog\/wp-content\/uploads\/2018\/02\/FRatributosspecialcare.png 1160w\" sizes=\"(max-width: 1160px) 100vw, 1160px\" \/><\/p>\n<p><img decoding=\"async\" class=\"aligncenter wp-image-16175 size-full\" src=\"https:\/\/termix.net\/blog\/wp-content\/uploads\/2018\/02\/FRdiseno-premium-special-care_.png\" alt=\"\" width=\"1160\" height=\"660\" \/><\/p>\n<h2>Pourquoi la choisir?<\/h2>\n<p>Cette brosse Premium combine la technologie la plus avanc\u00e9e avec une conception moderne, orn\u00e9e de la couleur bronze. Ces fibres uniques respectent la structure d\u00e9licate des cheveux d\u00e9color\u00e9s, tr\u00e8s sensibles, en leur redonnant de la douceur. R\u00e9tablir la fibre capillaire pendant le brushing pour un r\u00e9sultat plus \u00e9clatant, plus sain est maintenant possible.<\/p>\n<p><img decoding=\"async\" class=\"alignnone size-full wp-image-24091\" src=\"https:\/\/termix.net\/blog\/wp-content\/uploads\/2018\/02\/FRatributosspecialcare2.png\" alt=\"termix evolution special care cepillo\" width=\"1160\" height=\"586\" srcset=\"https:\/\/termix.net\/blog\/wp-content\/uploads\/2018\/02\/FRatributosspecialcare2-200x101.png 200w, https:\/\/termix.net\/blog\/wp-content\/uploads\/2018\/02\/FRatributosspecialcare2-300x152.png 300w, https:\/\/termix.net\/blog\/wp-content\/uploads\/2018\/02\/FRatributosspecialcare2-400x202.png 400w, https:\/\/termix.net\/blog\/wp-content\/uploads\/2018\/02\/FRatributosspecialcare2-540x272.png 540w, https:\/\/termix.net\/blog\/wp-content\/uploads\/2018\/02\/FRatributosspecialcare2-600x303.png 600w, https:\/\/termix.net\/blog\/wp-content\/uploads\/2018\/02\/FRatributosspecialcare2-768x388.png 768w, https:\/\/termix.net\/blog\/wp-content\/uploads\/2018\/02\/FRatributosspecialcare2-800x404.png 800w, https:\/\/termix.net\/blog\/wp-content\/uploads\/2018\/02\/FRatributosspecialcare2-1024x517.png 1024w, https:\/\/termix.net\/blog\/wp-content\/uploads\/2018\/02\/FRatributosspecialcare2.png 1160w\" sizes=\"(max-width: 1160px) 100vw, 1160px\" \/><\/p>\n<p>Les perforations en forme de losange facilitent la conception du brushing parfait, r\u00e9duisant le temps de s\u00e9chage de 30%. Ceci contribuant efficacement \u00e0 <strong>r\u00e9duire la d\u00e9shydratation<\/strong>, car la dur\u00e9e de l\u2019impact de la chaleur sur le cheveu est plus court. Par ailleurs, les cheveux sont plus facilement ma\u00eetris\u00e9s, gr\u00e2ce \u00e0 son manche antid\u00e9rapant ergonomique, qui s\u2019adapte parfaitement \u00e0 la main du coiffeur.<\/p>\n<p><img decoding=\"async\" class=\"aligncenter wp-image-16095 size-full\" src=\"https:\/\/termix.net\/blog\/wp-content\/uploads\/2019\/02\/FRatributosspecialcare2.png\" alt=\"\" width=\"1160\" height=\"586\" \/><\/p>\n<p><a href=\"http:\/\/eepurl.com\/deULfT\"><img decoding=\"async\" class=\"alignright wp-image-16096 size-medium\" src=\"https:\/\/termix.net\/blog\/wp-content\/uploads\/2019\/02\/FRboton-subscribe-300x151.png\" alt=\"\" width=\"300\" height=\"151\" \/><\/a><img decoding=\"async\" class=\"wp-image-16122 size-medium alignright\" src=\"https:\/\/termix.net\/blog\/wp-content\/uploads\/2019\/02\/FRboton-en-savoir-plus-300x151.png\" alt=\"\" width=\"300\" height=\"151\" \/><\/p>\n<\/div><div class=\"fusion-clearfix\"><\/div><\/div><\/div><\/div><\/div><div class=\"fusion-fullwidth fullwidth-box fusion-builder-row-4 nonhundred-percent-fullwidth non-hundred-percent-height-scrolling\" style=\"--awb-border-radius-top-left:0px;--awb-border-radius-top-right:0px;--awb-border-radius-bottom-right:0px;--awb-border-radius-bottom-left:0px;\" ><\/div><\/p>\n","protected":false},"excerpt":{"rendered":"","protected":false},"author":2,"featured_media":21014,"comment_status":"open","ping_status":"open","sticky":false,"template":"","format":"standard","meta":[],"categories":[6],"tags":[],"yoast_head":"<!-- This site is optimized with the Yoast SEO plugin v20.0 - https:\/\/yoast.com\/wordpress\/plugins\/seo\/ -->\n<title>Brosse Termix Evolution Special Care - Blog Termix Spain<\/title>\n<meta name=\"description\" content=\"Blog Termix Spain - Brosse Termix Evolution Special Care -\" \/>\n<meta name=\"robots\" content=\"index, follow, max-snippet:-1, max-image-preview:large, max-video-preview:-1\" \/>\n<link rel=\"canonical\" href=\"https:\/\/termix.net\/blog\/es\/brosse-evolution-special-care-fr\/\" \/>\n<meta property=\"og:locale\" content=\"es_ES\" \/>\n<meta property=\"og:type\" content=\"article\" \/>\n<meta property=\"og:title\" content=\"Brosse Termix Evolution Special Care - Blog Termix Spain\" \/>\n<meta property=\"og:description\" content=\"Blog Termix Spain - Brosse Termix Evolution Special Care -\" \/>\n<meta property=\"og:url\" content=\"https:\/\/termix.net\/blog\/es\/brosse-evolution-special-care-fr\/\" \/>\n<meta property=\"og:site_name\" content=\"Blog Termix Spain\" \/>\n<meta property=\"article:published_time\" content=\"2018-02-14T07:29:56+00:00\" \/>\n<meta property=\"article:modified_time\" content=\"2019-12-17T13:42:45+00:00\" \/>\n<meta property=\"og:image\" content=\"https:\/\/termix.net\/blog\/wp-content\/uploads\/2019\/11\/primerafotospecialcare.jpg\" \/>\n\t<meta property=\"og:image:width\" content=\"1160\" \/>\n\t<meta property=\"og:image:height\" content=\"660\" \/>\n\t<meta property=\"og:image:type\" content=\"image\/jpeg\" \/>\n<meta name=\"author\" content=\"TermixTeam\" \/>\n<meta name=\"twitter:card\" content=\"summary_large_image\" \/>\n<meta name=\"twitter:label1\" content=\"Escrito por\" \/>\n\t<meta name=\"twitter:data1\" content=\"TermixTeam\" \/>\n\t<meta name=\"twitter:label2\" content=\"Tiempo de lectura\" \/>\n\t<meta name=\"twitter:data2\" content=\"7 minutos\" \/>\n<script type=\"application\/ld+json\" class=\"yoast-schema-graph\">{\"@context\":\"https:\/\/schema.org\",\"@graph\":[{\"@type\":\"Article\",\"@id\":\"https:\/\/termix.net\/blog\/es\/brosse-evolution-special-care-fr\/#article\",\"isPartOf\":{\"@id\":\"https:\/\/termix.net\/blog\/es\/brosse-evolution-special-care-fr\/\"},\"author\":{\"name\":\"TermixTeam\",\"@id\":\"https:\/\/termix.net\/blog\/es\/#\/schema\/person\/9096c98bdf03c8ddf91ad7172f254f40\"},\"headline\":\"Brosse Termix Evolution Special Care\",\"datePublished\":\"2018-02-14T07:29:56+00:00\",\"dateModified\":\"2019-12-17T13:42:45+00:00\",\"mainEntityOfPage\":{\"@id\":\"https:\/\/termix.net\/blog\/es\/brosse-evolution-special-care-fr\/\"},\"wordCount\":1493,\"commentCount\":0,\"publisher\":{\"@id\":\"https:\/\/termix.net\/blog\/es\/#organization\"},\"articleSection\":[\"NOTICIAS\"],\"inLanguage\":\"es\",\"potentialAction\":[{\"@type\":\"CommentAction\",\"name\":\"Comment\",\"target\":[\"https:\/\/termix.net\/blog\/es\/brosse-evolution-special-care-fr\/#respond\"]}]},{\"@type\":\"WebPage\",\"@id\":\"https:\/\/termix.net\/blog\/es\/brosse-evolution-special-care-fr\/\",\"url\":\"https:\/\/termix.net\/blog\/es\/brosse-evolution-special-care-fr\/\",\"name\":\"Brosse Termix Evolution Special Care - Blog Termix Spain\",\"isPartOf\":{\"@id\":\"https:\/\/termix.net\/blog\/es\/#website\"},\"datePublished\":\"2018-02-14T07:29:56+00:00\",\"dateModified\":\"2019-12-17T13:42:45+00:00\",\"description\":\"Blog Termix Spain - Brosse Termix Evolution Special Care -\",\"breadcrumb\":{\"@id\":\"https:\/\/termix.net\/blog\/es\/brosse-evolution-special-care-fr\/#breadcrumb\"},\"inLanguage\":\"es\",\"potentialAction\":[{\"@type\":\"ReadAction\",\"target\":[\"https:\/\/termix.net\/blog\/es\/brosse-evolution-special-care-fr\/\"]}]},{\"@type\":\"BreadcrumbList\",\"@id\":\"https:\/\/termix.net\/blog\/es\/brosse-evolution-special-care-fr\/#breadcrumb\",\"itemListElement\":[{\"@type\":\"ListItem\",\"position\":1,\"name\":\"Home\",\"item\":\"https:\/\/termix.net\/blog\/es\/\"},{\"@type\":\"ListItem\",\"position\":2,\"name\":\"Brosse Termix Evolution Special Care\"}]},{\"@type\":\"WebSite\",\"@id\":\"https:\/\/termix.net\/blog\/es\/#website\",\"url\":\"https:\/\/termix.net\/blog\/es\/\",\"name\":\"Blog Termix Spain\",\"description\":\"Blog de tendencias y productos de peluquer\u00eda profesional.\",\"publisher\":{\"@id\":\"https:\/\/termix.net\/blog\/es\/#organization\"},\"potentialAction\":[{\"@type\":\"SearchAction\",\"target\":{\"@type\":\"EntryPoint\",\"urlTemplate\":\"https:\/\/termix.net\/blog\/es\/?s={search_term_string}\"},\"query-input\":\"required name=search_term_string\"}],\"inLanguage\":\"es\"},{\"@type\":\"Organization\",\"@id\":\"https:\/\/termix.net\/blog\/es\/#organization\",\"name\":\"Dols Industrial de Peluquer\u00eda SA\",\"url\":\"https:\/\/termix.net\/blog\/es\/\",\"logo\":{\"@type\":\"ImageObject\",\"inLanguage\":\"es\",\"@id\":\"https:\/\/termix.net\/blog\/es\/#\/schema\/logo\/image\/\",\"url\":\"https:\/\/termix.net\/blog\/wp-content\/uploads\/2020\/10\/OGbDAeng.jpeg\",\"contentUrl\":\"https:\/\/termix.net\/blog\/wp-content\/uploads\/2020\/10\/OGbDAeng.jpeg\",\"width\":800,\"height\":800,\"caption\":\"Dols Industrial de Peluquer\u00eda SA\"},\"image\":{\"@id\":\"https:\/\/termix.net\/blog\/es\/#\/schema\/logo\/image\/\"}},{\"@type\":\"Person\",\"@id\":\"https:\/\/termix.net\/blog\/es\/#\/schema\/person\/9096c98bdf03c8ddf91ad7172f254f40\",\"name\":\"TermixTeam\",\"image\":{\"@type\":\"ImageObject\",\"inLanguage\":\"es\",\"@id\":\"https:\/\/termix.net\/blog\/es\/#\/schema\/person\/image\/\",\"url\":\"https:\/\/secure.gravatar.com\/avatar\/d89f61f6bd1c29a4acb231736d1c74b3?s=96&d=mm&r=g\",\"contentUrl\":\"https:\/\/secure.gravatar.com\/avatar\/d89f61f6bd1c29a4acb231736d1c74b3?s=96&d=mm&r=g\",\"caption\":\"TermixTeam\"},\"url\":\"https:\/\/termix.net\/blog\/es\/author\/termixteam\/\"}]}<\/script>\n<!-- \/ Yoast SEO plugin. -->","yoast_head_json":{"title":"Brosse Termix Evolution Special Care - Blog Termix Spain","description":"Blog Termix Spain - Brosse Termix Evolution Special Care -","robots":{"index":"index","follow":"follow","max-snippet":"max-snippet:-1","max-image-preview":"max-image-preview:large","max-video-preview":"max-video-preview:-1"},"canonical":"https:\/\/termix.net\/blog\/es\/brosse-evolution-special-care-fr\/","og_locale":"es_ES","og_type":"article","og_title":"Brosse Termix Evolution Special Care - Blog Termix Spain","og_description":"Blog Termix Spain - Brosse Termix Evolution Special Care -","og_url":"https:\/\/termix.net\/blog\/es\/brosse-evolution-special-care-fr\/","og_site_name":"Blog Termix Spain","article_published_time":"2018-02-14T07:29:56+00:00","article_modified_time":"2019-12-17T13:42:45+00:00","og_image":[{"width":1160,"height":660,"url":"https:\/\/termix.net\/blog\/wp-content\/uploads\/2019\/11\/primerafotospecialcare.jpg","type":"image\/jpeg"}],"author":"TermixTeam","twitter_card":"summary_large_image","twitter_misc":{"Escrito por":"TermixTeam","Tiempo de lectura":"7 minutos"},"schema":{"@context":"https:\/\/schema.org","@graph":[{"@type":"Article","@id":"https:\/\/termix.net\/blog\/es\/brosse-evolution-special-care-fr\/#article","isPartOf":{"@id":"https:\/\/termix.net\/blog\/es\/brosse-evolution-special-care-fr\/"},"author":{"name":"TermixTeam","@id":"https:\/\/termix.net\/blog\/es\/#\/schema\/person\/9096c98bdf03c8ddf91ad7172f254f40"},"headline":"Brosse Termix Evolution Special Care","datePublished":"2018-02-14T07:29:56+00:00","dateModified":"2019-12-17T13:42:45+00:00","mainEntityOfPage":{"@id":"https:\/\/termix.net\/blog\/es\/brosse-evolution-special-care-fr\/"},"wordCount":1493,"commentCount":0,"publisher":{"@id":"https:\/\/termix.net\/blog\/es\/#organization"},"articleSection":["NOTICIAS"],"inLanguage":"es","potentialAction":[{"@type":"CommentAction","name":"Comment","target":["https:\/\/termix.net\/blog\/es\/brosse-evolution-special-care-fr\/#respond"]}]},{"@type":"WebPage","@id":"https:\/\/termix.net\/blog\/es\/brosse-evolution-special-care-fr\/","url":"https:\/\/termix.net\/blog\/es\/brosse-evolution-special-care-fr\/","name":"Brosse Termix Evolution Special Care - Blog Termix Spain","isPartOf":{"@id":"https:\/\/termix.net\/blog\/es\/#website"},"datePublished":"2018-02-14T07:29:56+00:00","dateModified":"2019-12-17T13:42:45+00:00","description":"Blog Termix Spain - Brosse Termix Evolution Special Care -","breadcrumb":{"@id":"https:\/\/termix.net\/blog\/es\/brosse-evolution-special-care-fr\/#breadcrumb"},"inLanguage":"es","potentialAction":[{"@type":"ReadAction","target":["https:\/\/termix.net\/blog\/es\/brosse-evolution-special-care-fr\/"]}]},{"@type":"BreadcrumbList","@id":"https:\/\/termix.net\/blog\/es\/brosse-evolution-special-care-fr\/#breadcrumb","itemListElement":[{"@type":"ListItem","position":1,"name":"Home","item":"https:\/\/termix.net\/blog\/es\/"},{"@type":"ListItem","position":2,"name":"Brosse Termix Evolution Special Care"}]},{"@type":"WebSite","@id":"https:\/\/termix.net\/blog\/es\/#website","url":"https:\/\/termix.net\/blog\/es\/","name":"Blog Termix Spain","description":"Blog de tendencias y productos de peluquer\u00eda profesional.","publisher":{"@id":"https:\/\/termix.net\/blog\/es\/#organization"},"potentialAction":[{"@type":"SearchAction","target":{"@type":"EntryPoint","urlTemplate":"https:\/\/termix.net\/blog\/es\/?s={search_term_string}"},"query-input":"required name=search_term_string"}],"inLanguage":"es"},{"@type":"Organization","@id":"https:\/\/termix.net\/blog\/es\/#organization","name":"Dols Industrial de Peluquer\u00eda SA","url":"https:\/\/termix.net\/blog\/es\/","logo":{"@type":"ImageObject","inLanguage":"es","@id":"https:\/\/termix.net\/blog\/es\/#\/schema\/logo\/image\/","url":"https:\/\/termix.net\/blog\/wp-content\/uploads\/2020\/10\/OGbDAeng.jpeg","contentUrl":"https:\/\/termix.net\/blog\/wp-content\/uploads\/2020\/10\/OGbDAeng.jpeg","width":800,"height":800,"caption":"Dols Industrial de Peluquer\u00eda SA"},"image":{"@id":"https:\/\/termix.net\/blog\/es\/#\/schema\/logo\/image\/"}},{"@type":"Person","@id":"https:\/\/termix.net\/blog\/es\/#\/schema\/person\/9096c98bdf03c8ddf91ad7172f254f40","name":"TermixTeam","image":{"@type":"ImageObject","inLanguage":"es","@id":"https:\/\/termix.net\/blog\/es\/#\/schema\/person\/image\/","url":"https:\/\/secure.gravatar.com\/avatar\/d89f61f6bd1c29a4acb231736d1c74b3?s=96&d=mm&r=g","contentUrl":"https:\/\/secure.gravatar.com\/avatar\/d89f61f6bd1c29a4acb231736d1c74b3?s=96&d=mm&r=g","caption":"TermixTeam"},"url":"https:\/\/termix.net\/blog\/es\/author\/termixteam\/"}]}},"_links":{"self":[{"href":"https:\/\/termix.net\/blog\/es\/wp-json\/wp\/v2\/posts\/16089"}],"collection":[{"href":"https:\/\/termix.net\/blog\/es\/wp-json\/wp\/v2\/posts"}],"about":[{"href":"https:\/\/termix.net\/blog\/es\/wp-json\/wp\/v2\/types\/post"}],"author":[{"embeddable":true,"href":"https:\/\/termix.net\/blog\/es\/wp-json\/wp\/v2\/users\/2"}],"replies":[{"embeddable":true,"href":"https:\/\/termix.net\/blog\/es\/wp-json\/wp\/v2\/comments?post=16089"}],"version-history":[{"count":3,"href":"https:\/\/termix.net\/blog\/es\/wp-json\/wp\/v2\/posts\/16089\/revisions"}],"predecessor-version":[{"id":24101,"href":"https:\/\/termix.net\/blog\/es\/wp-json\/wp\/v2\/posts\/16089\/revisions\/24101"}],"wp:featuredmedia":[{"embeddable":true,"href":"https:\/\/termix.net\/blog\/es\/wp-json\/wp\/v2\/media\/21014"}],"wp:attachment":[{"href":"https:\/\/termix.net\/blog\/es\/wp-json\/wp\/v2\/media?parent=16089"}],"wp:term":[{"taxonomy":"category","embeddable":true,"href":"https:\/\/termix.net\/blog\/es\/wp-json\/wp\/v2\/categories?post=16089"},{"taxonomy":"post_tag","embeddable":true,"href":"https:\/\/termix.net\/blog\/es\/wp-json\/wp\/v2\/tags?post=16089"}],"curies":[{"name":"wp","href":"https:\/\/api.w.org\/{rel}","templated":true}]}}