{"id":16080,"date":"2019-02-13T11:17:11","date_gmt":"2019-02-13T10:17:11","guid":{"rendered":"https:\/\/termix.net\/?p=16080"},"modified":"2019-12-17T16:26:57","modified_gmt":"2019-12-17T15:26:57","slug":"rafael-mora-premios-goya-benvinguts-a-la-familia-santi-millan","status":"publish","type":"post","link":"https:\/\/termix.net\/blog\/es\/rafael-mora-premios-goya-benvinguts-a-la-familia-santi-millan\/","title":{"rendered":"Rafael Mora elige Termix para el backstage de Benvinguts a la Fam\u00edlia"},"content":{"rendered":"<p><div class=\"fusion-fullwidth fullwidth-box fusion-builder-row-1 faded-background fusion-parallax-none nonhundred-percent-fullwidth non-hundred-percent-height-scrolling fusion-no-small-visibility fusion-no-medium-visibility\" style=\"--awb-border-radius-top-left:0px;--awb-border-radius-top-right:0px;--awb-border-radius-bottom-right:0px;--awb-border-radius-bottom-left:0px;--awb-padding-top:24%;--awb-padding-right:3%;--awb-padding-left:3%;--awb-background-size:cover;\" ><div class=\"fullwidth-faded\" style=\"--awb-background-color:#181818;--awb-background-image:url(https:\/\/termix.net\/blog\/wp-content\/uploads\/2019\/02\/rafael-mora-elige-termix-en-la-serie-de-TV3-benvinguts-a-la-familia-.jpg);--awb-background-size:cover;\" ><\/div><div class=\"fusion-builder-row fusion-row\"><div class=\"fusion-layout-column fusion_builder_column fusion-builder-column-0 fusion_builder_column_1_1 1_1 fusion-one-full fusion-column-first fusion-column-last\" style=\"--awb-padding-top:6%;--awb-padding-right:8%;--awb-padding-bottom:6%;--awb-padding-left:8%;--awb-bg-color:rgba(255,255,255,0.7);--awb-bg-size:cover;--awb-margin-top:0px;--awb-margin-bottom:0px;\"><div class=\"fusion-column-wrapper fusion-column-has-shadow fusion-flex-column-wrapper-legacy\"><div class=\"fusion-text fusion-text-1 caption\"><p style=\"text-align: center;\">Backstage \u2014 3 min de lectura<\/p>\n<\/div><div class=\"fusion-title title fusion-title-1 fusion-sep-none fusion-title-center fusion-title-text fusion-title-size-two\" style=\"--awb-margin-top:30px;--awb-margin-bottom:20px;\"><h2 class=\"title-heading-center fusion-responsive-typography-calculated\" style=\"margin:0;--fontSize:50;line-height:1.28;\">Rafael Mora elige Termix para el <em>backstage<\/em> de Benvinguts a la Fam\u00edlia<\/h2><\/div><div class=\"fusion-clearfix\"><\/div><\/div><\/div><\/div><\/div><div class=\"fusion-fullwidth fullwidth-box fusion-builder-row-2 fusion-parallax-none nonhundred-percent-fullwidth non-hundred-percent-height-scrolling fusion-no-large-visibility\" style=\"--awb-border-radius-top-left:0px;--awb-border-radius-top-right:0px;--awb-border-radius-bottom-right:0px;--awb-border-radius-bottom-left:0px;--awb-background-image:url(&quot;https:\/\/termix.net\/blog\/wp-content\/uploads\/2019\/11\/con-el-secador-compacto-profesioanl-4300-de-termix-damos-volumen-al-cabello-1.jpg&quot;);--awb-background-size:cover;\" ><div class=\"fusion-builder-row fusion-row\"><div class=\"fusion-layout-column fusion_builder_column fusion-builder-column-1 fusion_builder_column_1_1 1_1 fusion-one-full fusion-column-first fusion-column-last fusion-column-inner-bg-wrapper\" style=\"--awb-padding-top:10%;--awb-padding-bottom:10%;--awb-inner-bg-image:url(&#039;http:\/\/termix.net\/blog\/wp-content\/uploads\/2019\/03\/single-blog-post-feat.jpg&#039;);--awb-inner-bg-position:center center;--awb-inner-bg-size:cover;\"><span class=\"fusion-column-inner-bg hover-type-zoomout\"><span class=\"fusion-column-anchor\"><span class=\"fusion-column-inner-bg-image\"><\/span><\/span><\/span><div class=\"fusion-column-wrapper fusion-flex-column-wrapper-legacy\" data-bg-url=\"http:\/\/termix.net\/blog\/wp-content\/uploads\/2019\/03\/single-blog-post-feat.jpg\"><div class=\"fusion-sep-clear\"><\/div><div class=\"fusion-separator fusion-no-large-visibility fusion-full-width-sep\" style=\"margin-left: auto;margin-right: auto;margin-top:200px;width:100%;\"><\/div><div class=\"fusion-sep-clear\"><\/div><div class=\"fusion-clearfix\"><\/div><\/div><\/div><div class=\"fusion-layout-column fusion_builder_column fusion-builder-column-2 fusion_builder_column_1_1 1_1 fusion-one-full fusion-column-first fusion-column-last\" style=\"--awb-padding-top:6%;--awb-bg-color:#ffffff;--awb-bg-size:cover;--awb-margin-top:0px;--awb-margin-bottom:0px;\"><div class=\"fusion-column-wrapper fusion-flex-column-wrapper-legacy\"><div class=\"fusion-text fusion-text-2 caption\"><p style=\"text-align: center;\">Backstage \u2014 3 min de lectura<\/p>\n<\/div><div class=\"fusion-title title fusion-title-2 fusion-sep-none fusion-title-center fusion-title-text fusion-title-size-two\" style=\"--awb-margin-top:30px;--awb-margin-bottom:20px;\"><h2 class=\"title-heading-center fusion-responsive-typography-calculated\" style=\"margin:0;--fontSize:50;line-height:1.28;\">Rafael Mora elige Termix para el <em>backstage<\/em> de Benvinguts a la Fam\u00edlia<\/h2><\/div><div class=\"fusion-clearfix\"><\/div><\/div><\/div><\/div><\/div><div class=\"fusion-fullwidth fullwidth-box fusion-builder-row-3 nonhundred-percent-fullwidth non-hundred-percent-height-scrolling\" style=\"--awb-border-radius-top-left:0px;--awb-border-radius-top-right:0px;--awb-border-radius-bottom-right:0px;--awb-border-radius-bottom-left:0px;--awb-padding-top:10px;--awb-padding-bottom:4%;\" ><div class=\"fusion-builder-row fusion-row\"><div class=\"fusion-layout-column fusion_builder_column fusion-builder-column-3 fusion_builder_column_1_6 1_6 fusion-one-sixth fusion-column-first fusion-no-small-visibility fusion-no-medium-visibility\" style=\"--awb-bg-size:cover;width:16.666666666667%;width:calc(16.666666666667% - ( ( 0 ) * 0.16666666666667 ) );margin-right: 0px;\"><div class=\"fusion-column-wrapper fusion-flex-column-wrapper-legacy\"><div class=\"fusion-clearfix\"><\/div><\/div><\/div><div class=\"fusion-layout-column fusion_builder_column fusion-builder-column-4 fusion_builder_column_2_3 2_3 fusion-two-third fusion-column-last\" style=\"--awb-bg-size:cover;width:66.666666666667%;width:calc(66.666666666667% - ( ( 0 ) * 0.66666666666667 ) );\"><div class=\"fusion-column-wrapper fusion-flex-column-wrapper-legacy\"><div class=\"fusion-sep-clear\"><\/div><div class=\"fusion-separator fusion-full-width-sep\" style=\"margin-left: auto;margin-right: auto;margin-top:30px;width:100%;\"><\/div><div class=\"fusion-sep-clear\"><\/div><div class=\"fusion-text fusion-text-3\"><p style=\"text-align: center;\"><span style=\"font-size: 22px; line-height: 1.5em;\">No nos cabe ninguna duda que la peluquer\u00eda es una forma de arte. Y m\u00e1s cuando esta se vincula con el mundo del cine y la televisi\u00f3n, permitiendo potenciar el car\u00e1cter adecuado de los personajes m\u00e1s carism\u00e1ticos que llenan nuestras pantallas. Hoy, tenemos el placer de adentrarnos en el camerino d\u00f3nde se preparan los actores protagonistas de la serie <strong>Benvinguts a la Fam\u00edlia<\/strong> \u2013 Bienvenidos a la Familia -, para conocer la experiencia del estilista Rafael Mora junto a los nuevos lanzamientos de Termix.<\/span><\/p>\n<p style=\"text-align: center;\"><strong><span style=\"font-size: 22px; line-height: 1.5em;\">\u00bfNos acompa\u00f1as?<\/span><\/strong><\/p>\n<\/div><div class=\"fusion-sep-clear\"><\/div><div class=\"fusion-separator fusion-full-width-sep\" style=\"margin-left: auto;margin-right: auto;margin-top:30px;width:100%;\"><\/div><div class=\"fusion-sep-clear\"><\/div><div class=\"fusion-text fusion-text-4\"><p style=\"text-align: justify;\">\u201c<em>La familia no se escoge, te elige<\/em>\u201d. Con esta sentencia que, cuanto menos, nos hace reflexionar, empieza a desarrollarse la trama de <em>Benvinguts a la Fam\u00edlia<\/em>. La <span style=\"text-decoration: underline;\">exitosa serie de TV3 <\/span>que recientemente estren\u00f3 la segunda temporada, plantea algunas inc\u00f3gnitas y situaciones complicadas vinculadas entorno al \u00e1mbito familiar. Donde una madre coraje deber\u00e1 hacer frente a un embargo y al hecho de haberlo perdido casi todo. Una situaci\u00f3n desesperada que requiere de medios y medidas desesperadas.<\/p>\n<p><img decoding=\"async\" class=\"wp-image-16082 aligncenter\" src=\"https:\/\/termix.net\/blog\/wp-content\/uploads\/2019\/02\/santi-millan.jpg\" alt=\"santi millan\" width=\"1069\" height=\"822\" \/><\/p>\n<p style=\"text-align: justify;\">Pero una serie, adem\u00e1s de contar con un argumento y guion s\u00f3lidos, depende en gran medida de la calidad de los personajes que la protagonicen. Uno de los detalles que permite transmitir ese realismo en la peque\u00f1a pantalla es el maquillaje y la <strong>peluquer\u00eda<\/strong>, que logran transformar totalmente a los actores. Y es el estilista <strong>Rafael Mora<\/strong> el encargado de sacar a relucir el m\u00e1ximo partido del cabello de los protagonistas de <em>Benvinguts a la Fam\u00edlia<\/em>.<\/p>\n<p style=\"text-align: justify;\">El recientemente nominado al <strong>Goya al Mejor maquillaje y peluquer\u00eda<\/strong> por <em>Qui\u00e9n te cantar\u00e1<\/em>, conf\u00eda en\u00a0 las <strong>herramientas de peluquer\u00eda profesional<\/strong> de Termix para trabajar contrarreloj en los camerinos.<\/p>\n<p><img decoding=\"async\" class=\"size-full wp-image-16083 aligncenter\" src=\"https:\/\/termix.net\/blog\/wp-content\/uploads\/2019\/02\/melani-olivares-elige-la-plancha-de-pelo-passion-red-de-termix.jpg\" alt=\"melani olivares elige la plancha de pelo passion red de termix\" width=\"1160\" height=\"660\" \/><\/p>\n<h2 style=\"text-align: justify;\">Los favoritos Termix del estilista Rafael Mora<\/h2>\n<p style=\"text-align: justify;\">El estilista, que valora por encima de todo la precisi\u00f3n y velocidad de las <strong>herramientas de peluquer\u00eda<\/strong> que escoge para trabajar en el backstage, tiene muy claro tambi\u00e9n qu\u00e9 productos son sus favoritos.<\/p>\n<p style=\"text-align: justify;\">Por un lado, para trabajar con el cabello del actor y presentador <strong>Santi Mill\u00e1n<\/strong> (Manu en la serie) elige el <strong>secador compacto profesional 4300<\/strong>. Con un peso ligero y con velocidades y diferentes temperaturas, permite secar con rapidez el cabello sin da\u00f1arlo y evitando la fatiga muscular que suele aparecer tras largos per\u00edodos de utilizaci\u00f3n.<\/p>\n<p><img decoding=\"async\" class=\"size-full wp-image-16084 aligncenter\" src=\"https:\/\/termix.net\/blog\/wp-content\/uploads\/2019\/02\/yolanda-ramos-elige-la-plancha-passion-red-de-termix.jpg\" alt=\"yolanda ramos elige la plancha passion red de termix\" width=\"1160\" height=\"660\" \/><\/p>\n<p style=\"text-align: justify;\">Por otro lado, para las actrices <strong>Melani Olivares<\/strong> (\u00c0ngela) y <strong>Yolanda Ramos<\/strong> (Vict\u00f2ria) el estilista opta por la <strong>plancha de pelo 230\u00ba Passion Red<\/strong>. Una edici\u00f3n limitada en un atrevido color rojo de tendencia que permite ajustar la temperatura de 130 a 230\u00baC, permitiendo adaptarse a todo tipo de cabellos. Adem\u00e1s, llega a la temperatura indicada en tan solo 30 segundos, cosa que permite unos resultados de cine (y sin da\u00f1ar el cabello).<\/p>\n<p><img decoding=\"async\" class=\"size-full wp-image-16085 aligncenter\" src=\"https:\/\/termix.net\/blog\/wp-content\/uploads\/2019\/02\/las-raquetas-80-de-termix-causan-furor-en-el-camerino-de-BALF.jpg\" alt=\"las raquetas 80 de termix causan furor en el camerino de BALF\" width=\"1160\" height=\"660\" \/><\/p>\n<p style=\"text-align: justify;\">Por \u00faltimo, en el camerino de <strong>Rafael Mora<\/strong> tambi\u00e9n podemos vislumbrar las <strong>raquetas profesionales edici\u00f3n a\u00f1os 80<\/strong> de Termix. Una elecci\u00f3n perfecta que permite desenredar, pulir la ra\u00edz o realizar brushings sencillos en todo tipo de cabello, ya sea trabaj\u00e1ndolos en seco o en mojado. La actriz <strong>Betsy T\u00farnez<\/strong> (Adela) y <strong>Paula Malia<\/strong> (Teresa) se muestran encantadas con los resultados.<\/p>\n<p><img decoding=\"async\" class=\"size-full wp-image-16086 aligncenter\" src=\"https:\/\/termix.net\/blog\/wp-content\/uploads\/2019\/02\/las-raquetas-anos-80-de-termix-tambien-entran-en-el-camerino-de-benvinguts-a-la-familia-con-rafa-mora.jpg\" alt=\"las raquetas anos 80 de termix tambien entran en el camerino de benvinguts a la familia con rafa mora\" width=\"1160\" height=\"660\" \/><\/p>\n<h2 style=\"text-align: justify;\">Entre bambalinas con Rafael Mora<\/h2>\n<h3 style=\"text-align: left;\"><img decoding=\"async\" class=\"wp-image-16125 alignleft\" src=\"https:\/\/termix.net\/blog\/wp-content\/uploads\/2019\/02\/rafa-mora-estilista.jpg\" alt=\"\" width=\"385\" height=\"606\" \/><\/h3>\n<h3 style=\"text-align: left;\">\u00bfQu\u00e9 es lo que m\u00e1s valoras a la hora de elegir herramientas de peluquer\u00eda profesional?<\/h3>\n<h5 style=\"text-align: justify;\">Valoro mucho la rapidez en las herramientas con las que efect\u00fao los peinados, tanto por ir a favor de la producci\u00f3n, como por la comodidad de las actrices y de los actores. Termix me aporta una gran precisi\u00f3n y calidad, por lo que puedo conseguir acabados pulidos e impecables en un breve espacio de tiempo.<\/h5>\n<h3 style=\"text-align: left;\">\u00bfCon qu\u00e9 herramienta de Termix te quedar\u00edas?<\/h3>\n<h5 style=\"text-align: justify;\">Si s\u00f3lo pudiera escoger una\u2026 elegir\u00eda la plancha de pelo Passion Red, por su efectividad. Me fascina el brillo y la textura que consigo\u00a0 con ella. Aunque tambi\u00e9n me encantan las tijeras de corte profesional de Termix por su precisi\u00f3n y los cepillos Evolution, que se adaptan a cada tipo de cabello. La verdad, no sabr\u00eda por cu\u00e1l decidirme.<\/h5>\n<h3 style=\"text-align: left;\">\u00bfQu\u00e9 consejo les das a los actores\/actrices para mantener la salud de su cabello?<\/h3>\n<h5 style=\"text-align: justify;\">Aconsejo a cada actriz y actor que elijan el tipo de <strong>herramienta de peluquer\u00eda profesional<\/strong> que mejor se adapta a su tipo de cabello, adem\u00e1s de utilizar protectores del calor y acondicionadores. Con ello, logramos preparar el cabello, manteni\u00e9ndolo hidratado, para un efecto final mucho m\u00e1s brillante.<\/h5>\n<h3 style=\"text-align: left;\">\u00bfNos puedes explicar alguna an\u00e9cdota?<\/h3>\n<h5 style=\"text-align: justify;\">Con <strong>Melani Olivares<\/strong>, actriz protagonista de <em>Benvinguts a la Fam\u00edlia<\/em> mantengo una preciosa amistad y siempre estamos entre bromas. En el camerino, mientras la preparaba, siempre jug\u00e1bamos a darnos peque\u00f1os toques en la melena, dici\u00e9ndole lo bonita que la dejaba cada d\u00eda. Ha sido un no parar de risa con ella y con el resto del elenco.<\/h5>\n<p style=\"text-align: justify;\">A nosotros nos ha encantado estar en el camerino de una gran serie de \u00e9xito, \u00bfqu\u00e9 te ha parecido la experiencia?<\/p>\n<\/div><div class=\"fusion-clearfix\"><\/div><\/div><\/div><\/div><\/div><div class=\"fusion-fullwidth fullwidth-box fusion-builder-row-4 nonhundred-percent-fullwidth non-hundred-percent-height-scrolling\" style=\"--awb-border-radius-top-left:0px;--awb-border-radius-top-right:0px;--awb-border-radius-bottom-right:0px;--awb-border-radius-bottom-left:0px;\" ><\/div><\/p>\n","protected":false},"excerpt":{"rendered":"","protected":false},"author":2,"featured_media":21870,"comment_status":"open","ping_status":"open","sticky":false,"template":"","format":"standard","meta":[],"categories":[6],"tags":[],"yoast_head":"<!-- This site is optimized with the Yoast SEO plugin v20.0 - https:\/\/yoast.com\/wordpress\/plugins\/seo\/ -->\n<title>El estilista Rafael Mora elige Termix para el camerino de BALF<\/title>\n<meta name=\"description\" content=\"El estilista Rafael Mora, recientemente nominado al Goya por El mejor maquillaje y Peluquer\u00eda en la pel\u00edcula &quot;Qui\u00e9n te cantar\u00e1&quot;, vuelve a elegir Termix para trabajar el cabello de las actrices y actores de la serie de TV3 &quot;Benvinguts a la Familia&quot;. \u00bfNos acompa\u00f1as al camerino?\" \/>\n<meta name=\"robots\" content=\"index, follow, max-snippet:-1, max-image-preview:large, max-video-preview:-1\" \/>\n<link rel=\"canonical\" href=\"https:\/\/termix.net\/blog\/es\/rafael-mora-premios-goya-benvinguts-a-la-familia-santi-millan\/\" \/>\n<meta property=\"og:locale\" content=\"es_ES\" \/>\n<meta property=\"og:type\" content=\"article\" \/>\n<meta property=\"og:title\" content=\"El estilista Rafael Mora elige Termix para el camerino de BALF\" \/>\n<meta property=\"og:description\" content=\"El estilista Rafael Mora, recientemente nominado al Goya por El mejor maquillaje y Peluquer\u00eda en la pel\u00edcula &quot;Qui\u00e9n te cantar\u00e1&quot;, vuelve a elegir Termix para trabajar el cabello de las actrices y actores de la serie de TV3 &quot;Benvinguts a la Familia&quot;. \u00bfNos acompa\u00f1as al camerino?\" \/>\n<meta property=\"og:url\" content=\"https:\/\/termix.net\/blog\/es\/rafael-mora-premios-goya-benvinguts-a-la-familia-santi-millan\/\" \/>\n<meta property=\"og:site_name\" content=\"Blog Termix Spain\" \/>\n<meta property=\"article:published_time\" content=\"2019-02-13T10:17:11+00:00\" \/>\n<meta property=\"article:modified_time\" content=\"2019-12-17T15:26:57+00:00\" \/>\n<meta property=\"og:image\" content=\"https:\/\/termix.net\/blog\/wp-content\/uploads\/2019\/02\/rafael-mora-elige-termix-en-la-serie-de-TV3-benvinguts-a-la-familia-.jpg\" \/>\n\t<meta property=\"og:image:width\" content=\"1160\" \/>\n\t<meta property=\"og:image:height\" content=\"660\" \/>\n\t<meta property=\"og:image:type\" content=\"image\/jpeg\" \/>\n<meta name=\"author\" content=\"TermixTeam\" \/>\n<meta name=\"twitter:card\" content=\"summary_large_image\" \/>\n<meta name=\"twitter:label1\" content=\"Escrito por\" \/>\n\t<meta name=\"twitter:data1\" content=\"TermixTeam\" \/>\n\t<meta name=\"twitter:label2\" content=\"Tiempo de lectura\" \/>\n\t<meta name=\"twitter:data2\" content=\"10 minutos\" \/>\n<script type=\"application\/ld+json\" class=\"yoast-schema-graph\">{\"@context\":\"https:\/\/schema.org\",\"@graph\":[{\"@type\":\"Article\",\"@id\":\"https:\/\/termix.net\/blog\/es\/rafael-mora-premios-goya-benvinguts-a-la-familia-santi-millan\/#article\",\"isPartOf\":{\"@id\":\"https:\/\/termix.net\/blog\/es\/rafael-mora-premios-goya-benvinguts-a-la-familia-santi-millan\/\"},\"author\":{\"name\":\"TermixTeam\",\"@id\":\"https:\/\/termix.net\/blog\/es\/#\/schema\/person\/9096c98bdf03c8ddf91ad7172f254f40\"},\"headline\":\"Rafael Mora elige Termix para el backstage de Benvinguts a la Fam\u00edlia\",\"datePublished\":\"2019-02-13T10:17:11+00:00\",\"dateModified\":\"2019-12-17T15:26:57+00:00\",\"mainEntityOfPage\":{\"@id\":\"https:\/\/termix.net\/blog\/es\/rafael-mora-premios-goya-benvinguts-a-la-familia-santi-millan\/\"},\"wordCount\":2024,\"commentCount\":0,\"publisher\":{\"@id\":\"https:\/\/termix.net\/blog\/es\/#organization\"},\"articleSection\":[\"NOTICIAS\"],\"inLanguage\":\"es\",\"potentialAction\":[{\"@type\":\"CommentAction\",\"name\":\"Comment\",\"target\":[\"https:\/\/termix.net\/blog\/es\/rafael-mora-premios-goya-benvinguts-a-la-familia-santi-millan\/#respond\"]}]},{\"@type\":\"WebPage\",\"@id\":\"https:\/\/termix.net\/blog\/es\/rafael-mora-premios-goya-benvinguts-a-la-familia-santi-millan\/\",\"url\":\"https:\/\/termix.net\/blog\/es\/rafael-mora-premios-goya-benvinguts-a-la-familia-santi-millan\/\",\"name\":\"El estilista Rafael Mora elige Termix para el camerino de BALF\",\"isPartOf\":{\"@id\":\"https:\/\/termix.net\/blog\/es\/#website\"},\"datePublished\":\"2019-02-13T10:17:11+00:00\",\"dateModified\":\"2019-12-17T15:26:57+00:00\",\"description\":\"El estilista Rafael Mora, recientemente nominado al Goya por El mejor maquillaje y Peluquer\u00eda en la pel\u00edcula \\\"Qui\u00e9n te cantar\u00e1\\\", vuelve a elegir Termix para trabajar el cabello de las actrices y actores de la serie de TV3 \\\"Benvinguts a la Familia\\\". \u00bfNos acompa\u00f1as al camerino?\",\"breadcrumb\":{\"@id\":\"https:\/\/termix.net\/blog\/es\/rafael-mora-premios-goya-benvinguts-a-la-familia-santi-millan\/#breadcrumb\"},\"inLanguage\":\"es\",\"potentialAction\":[{\"@type\":\"ReadAction\",\"target\":[\"https:\/\/termix.net\/blog\/es\/rafael-mora-premios-goya-benvinguts-a-la-familia-santi-millan\/\"]}]},{\"@type\":\"BreadcrumbList\",\"@id\":\"https:\/\/termix.net\/blog\/es\/rafael-mora-premios-goya-benvinguts-a-la-familia-santi-millan\/#breadcrumb\",\"itemListElement\":[{\"@type\":\"ListItem\",\"position\":1,\"name\":\"Home\",\"item\":\"https:\/\/termix.net\/blog\/es\/\"},{\"@type\":\"ListItem\",\"position\":2,\"name\":\"Rafael Mora elige Termix para el backstage de Benvinguts a la Fam\u00edlia\"}]},{\"@type\":\"WebSite\",\"@id\":\"https:\/\/termix.net\/blog\/es\/#website\",\"url\":\"https:\/\/termix.net\/blog\/es\/\",\"name\":\"Blog Termix Spain\",\"description\":\"Blog de tendencias y productos de peluquer\u00eda profesional.\",\"publisher\":{\"@id\":\"https:\/\/termix.net\/blog\/es\/#organization\"},\"potentialAction\":[{\"@type\":\"SearchAction\",\"target\":{\"@type\":\"EntryPoint\",\"urlTemplate\":\"https:\/\/termix.net\/blog\/es\/?s={search_term_string}\"},\"query-input\":\"required name=search_term_string\"}],\"inLanguage\":\"es\"},{\"@type\":\"Organization\",\"@id\":\"https:\/\/termix.net\/blog\/es\/#organization\",\"name\":\"Dols Industrial de Peluquer\u00eda SA\",\"url\":\"https:\/\/termix.net\/blog\/es\/\",\"logo\":{\"@type\":\"ImageObject\",\"inLanguage\":\"es\",\"@id\":\"https:\/\/termix.net\/blog\/es\/#\/schema\/logo\/image\/\",\"url\":\"https:\/\/termix.net\/blog\/wp-content\/uploads\/2020\/10\/OGbDAeng.jpeg\",\"contentUrl\":\"https:\/\/termix.net\/blog\/wp-content\/uploads\/2020\/10\/OGbDAeng.jpeg\",\"width\":800,\"height\":800,\"caption\":\"Dols Industrial de Peluquer\u00eda SA\"},\"image\":{\"@id\":\"https:\/\/termix.net\/blog\/es\/#\/schema\/logo\/image\/\"}},{\"@type\":\"Person\",\"@id\":\"https:\/\/termix.net\/blog\/es\/#\/schema\/person\/9096c98bdf03c8ddf91ad7172f254f40\",\"name\":\"TermixTeam\",\"image\":{\"@type\":\"ImageObject\",\"inLanguage\":\"es\",\"@id\":\"https:\/\/termix.net\/blog\/es\/#\/schema\/person\/image\/\",\"url\":\"https:\/\/secure.gravatar.com\/avatar\/d89f61f6bd1c29a4acb231736d1c74b3?s=96&d=mm&r=g\",\"contentUrl\":\"https:\/\/secure.gravatar.com\/avatar\/d89f61f6bd1c29a4acb231736d1c74b3?s=96&d=mm&r=g\",\"caption\":\"TermixTeam\"},\"url\":\"https:\/\/termix.net\/blog\/es\/author\/termixteam\/\"}]}<\/script>\n<!-- \/ Yoast SEO plugin. -->","yoast_head_json":{"title":"El estilista Rafael Mora elige Termix para el camerino de BALF","description":"El estilista Rafael Mora, recientemente nominado al Goya por El mejor maquillaje y Peluquer\u00eda en la pel\u00edcula \"Qui\u00e9n te cantar\u00e1\", vuelve a elegir Termix para trabajar el cabello de las actrices y actores de la serie de TV3 \"Benvinguts a la Familia\". \u00bfNos acompa\u00f1as al camerino?","robots":{"index":"index","follow":"follow","max-snippet":"max-snippet:-1","max-image-preview":"max-image-preview:large","max-video-preview":"max-video-preview:-1"},"canonical":"https:\/\/termix.net\/blog\/es\/rafael-mora-premios-goya-benvinguts-a-la-familia-santi-millan\/","og_locale":"es_ES","og_type":"article","og_title":"El estilista Rafael Mora elige Termix para el camerino de BALF","og_description":"El estilista Rafael Mora, recientemente nominado al Goya por El mejor maquillaje y Peluquer\u00eda en la pel\u00edcula \"Qui\u00e9n te cantar\u00e1\", vuelve a elegir Termix para trabajar el cabello de las actrices y actores de la serie de TV3 \"Benvinguts a la Familia\". \u00bfNos acompa\u00f1as al camerino?","og_url":"https:\/\/termix.net\/blog\/es\/rafael-mora-premios-goya-benvinguts-a-la-familia-santi-millan\/","og_site_name":"Blog Termix Spain","article_published_time":"2019-02-13T10:17:11+00:00","article_modified_time":"2019-12-17T15:26:57+00:00","og_image":[{"width":1160,"height":660,"url":"https:\/\/termix.net\/blog\/wp-content\/uploads\/2019\/02\/rafael-mora-elige-termix-en-la-serie-de-TV3-benvinguts-a-la-familia-.jpg","type":"image\/jpeg"}],"author":"TermixTeam","twitter_card":"summary_large_image","twitter_misc":{"Escrito por":"TermixTeam","Tiempo de lectura":"10 minutos"},"schema":{"@context":"https:\/\/schema.org","@graph":[{"@type":"Article","@id":"https:\/\/termix.net\/blog\/es\/rafael-mora-premios-goya-benvinguts-a-la-familia-santi-millan\/#article","isPartOf":{"@id":"https:\/\/termix.net\/blog\/es\/rafael-mora-premios-goya-benvinguts-a-la-familia-santi-millan\/"},"author":{"name":"TermixTeam","@id":"https:\/\/termix.net\/blog\/es\/#\/schema\/person\/9096c98bdf03c8ddf91ad7172f254f40"},"headline":"Rafael Mora elige Termix para el backstage de Benvinguts a la Fam\u00edlia","datePublished":"2019-02-13T10:17:11+00:00","dateModified":"2019-12-17T15:26:57+00:00","mainEntityOfPage":{"@id":"https:\/\/termix.net\/blog\/es\/rafael-mora-premios-goya-benvinguts-a-la-familia-santi-millan\/"},"wordCount":2024,"commentCount":0,"publisher":{"@id":"https:\/\/termix.net\/blog\/es\/#organization"},"articleSection":["NOTICIAS"],"inLanguage":"es","potentialAction":[{"@type":"CommentAction","name":"Comment","target":["https:\/\/termix.net\/blog\/es\/rafael-mora-premios-goya-benvinguts-a-la-familia-santi-millan\/#respond"]}]},{"@type":"WebPage","@id":"https:\/\/termix.net\/blog\/es\/rafael-mora-premios-goya-benvinguts-a-la-familia-santi-millan\/","url":"https:\/\/termix.net\/blog\/es\/rafael-mora-premios-goya-benvinguts-a-la-familia-santi-millan\/","name":"El estilista Rafael Mora elige Termix para el camerino de BALF","isPartOf":{"@id":"https:\/\/termix.net\/blog\/es\/#website"},"datePublished":"2019-02-13T10:17:11+00:00","dateModified":"2019-12-17T15:26:57+00:00","description":"El estilista Rafael Mora, recientemente nominado al Goya por El mejor maquillaje y Peluquer\u00eda en la pel\u00edcula \"Qui\u00e9n te cantar\u00e1\", vuelve a elegir Termix para trabajar el cabello de las actrices y actores de la serie de TV3 \"Benvinguts a la Familia\". \u00bfNos acompa\u00f1as al camerino?","breadcrumb":{"@id":"https:\/\/termix.net\/blog\/es\/rafael-mora-premios-goya-benvinguts-a-la-familia-santi-millan\/#breadcrumb"},"inLanguage":"es","potentialAction":[{"@type":"ReadAction","target":["https:\/\/termix.net\/blog\/es\/rafael-mora-premios-goya-benvinguts-a-la-familia-santi-millan\/"]}]},{"@type":"BreadcrumbList","@id":"https:\/\/termix.net\/blog\/es\/rafael-mora-premios-goya-benvinguts-a-la-familia-santi-millan\/#breadcrumb","itemListElement":[{"@type":"ListItem","position":1,"name":"Home","item":"https:\/\/termix.net\/blog\/es\/"},{"@type":"ListItem","position":2,"name":"Rafael Mora elige Termix para el backstage de Benvinguts a la Fam\u00edlia"}]},{"@type":"WebSite","@id":"https:\/\/termix.net\/blog\/es\/#website","url":"https:\/\/termix.net\/blog\/es\/","name":"Blog Termix Spain","description":"Blog de tendencias y productos de peluquer\u00eda profesional.","publisher":{"@id":"https:\/\/termix.net\/blog\/es\/#organization"},"potentialAction":[{"@type":"SearchAction","target":{"@type":"EntryPoint","urlTemplate":"https:\/\/termix.net\/blog\/es\/?s={search_term_string}"},"query-input":"required name=search_term_string"}],"inLanguage":"es"},{"@type":"Organization","@id":"https:\/\/termix.net\/blog\/es\/#organization","name":"Dols Industrial de Peluquer\u00eda SA","url":"https:\/\/termix.net\/blog\/es\/","logo":{"@type":"ImageObject","inLanguage":"es","@id":"https:\/\/termix.net\/blog\/es\/#\/schema\/logo\/image\/","url":"https:\/\/termix.net\/blog\/wp-content\/uploads\/2020\/10\/OGbDAeng.jpeg","contentUrl":"https:\/\/termix.net\/blog\/wp-content\/uploads\/2020\/10\/OGbDAeng.jpeg","width":800,"height":800,"caption":"Dols Industrial de Peluquer\u00eda SA"},"image":{"@id":"https:\/\/termix.net\/blog\/es\/#\/schema\/logo\/image\/"}},{"@type":"Person","@id":"https:\/\/termix.net\/blog\/es\/#\/schema\/person\/9096c98bdf03c8ddf91ad7172f254f40","name":"TermixTeam","image":{"@type":"ImageObject","inLanguage":"es","@id":"https:\/\/termix.net\/blog\/es\/#\/schema\/person\/image\/","url":"https:\/\/secure.gravatar.com\/avatar\/d89f61f6bd1c29a4acb231736d1c74b3?s=96&d=mm&r=g","contentUrl":"https:\/\/secure.gravatar.com\/avatar\/d89f61f6bd1c29a4acb231736d1c74b3?s=96&d=mm&r=g","caption":"TermixTeam"},"url":"https:\/\/termix.net\/blog\/es\/author\/termixteam\/"}]}},"_links":{"self":[{"href":"https:\/\/termix.net\/blog\/es\/wp-json\/wp\/v2\/posts\/16080"}],"collection":[{"href":"https:\/\/termix.net\/blog\/es\/wp-json\/wp\/v2\/posts"}],"about":[{"href":"https:\/\/termix.net\/blog\/es\/wp-json\/wp\/v2\/types\/post"}],"author":[{"embeddable":true,"href":"https:\/\/termix.net\/blog\/es\/wp-json\/wp\/v2\/users\/2"}],"replies":[{"embeddable":true,"href":"https:\/\/termix.net\/blog\/es\/wp-json\/wp\/v2\/comments?post=16080"}],"version-history":[{"count":3,"href":"https:\/\/termix.net\/blog\/es\/wp-json\/wp\/v2\/posts\/16080\/revisions"}],"predecessor-version":[{"id":21869,"href":"https:\/\/termix.net\/blog\/es\/wp-json\/wp\/v2\/posts\/16080\/revisions\/21869"}],"wp:featuredmedia":[{"embeddable":true,"href":"https:\/\/termix.net\/blog\/es\/wp-json\/wp\/v2\/media\/21870"}],"wp:attachment":[{"href":"https:\/\/termix.net\/blog\/es\/wp-json\/wp\/v2\/media?parent=16080"}],"wp:term":[{"taxonomy":"category","embeddable":true,"href":"https:\/\/termix.net\/blog\/es\/wp-json\/wp\/v2\/categories?post=16080"},{"taxonomy":"post_tag","embeddable":true,"href":"https:\/\/termix.net\/blog\/es\/wp-json\/wp\/v2\/tags?post=16080"}],"curies":[{"name":"wp","href":"https:\/\/api.w.org\/{rel}","templated":true}]}}