{"id":15852,"date":"2018-12-21T10:28:55","date_gmt":"2018-12-21T09:28:55","guid":{"rendered":"https:\/\/termix.net\/?p=15852"},"modified":"2019-12-18T08:15:37","modified_gmt":"2019-12-18T07:15:37","slug":"a-todos-los-apasionados-del-cabello-gracias-por-este-2018","status":"publish","type":"post","link":"https:\/\/termix.net\/blog\/es\/a-todos-los-apasionados-del-cabello-gracias-por-este-2018\/","title":{"rendered":"A todos los apasionados del cabello: \u00a1gracias por este 2018!"},"content":{"rendered":"<p><div class=\"fusion-fullwidth fullwidth-box fusion-builder-row-1 faded-background fusion-parallax-none nonhundred-percent-fullwidth non-hundred-percent-height-scrolling fusion-no-small-visibility fusion-no-medium-visibility\" style=\"--awb-border-radius-top-left:0px;--awb-border-radius-top-right:0px;--awb-border-radius-bottom-right:0px;--awb-border-radius-bottom-left:0px;--awb-padding-top:24%;--awb-padding-right:3%;--awb-padding-left:3%;--awb-background-size:cover;\" ><div class=\"fullwidth-faded\" style=\"--awb-background-color:#181818;--awb-background-image:url(https:\/\/termix.net\/blog\/wp-content\/uploads\/2018\/12\/review-ano-2018_final.jpg);--awb-background-size:cover;\" ><\/div><div class=\"fusion-builder-row fusion-row\"><div class=\"fusion-layout-column fusion_builder_column fusion-builder-column-0 fusion_builder_column_1_1 1_1 fusion-one-full fusion-column-first fusion-column-last\" style=\"--awb-padding-top:6%;--awb-padding-right:8%;--awb-padding-bottom:6%;--awb-padding-left:8%;--awb-bg-color:rgba(255,255,255,0.7);--awb-bg-size:cover;--awb-margin-top:0px;--awb-margin-bottom:0px;\"><div class=\"fusion-column-wrapper fusion-column-has-shadow fusion-flex-column-wrapper-legacy\"><div class=\"fusion-text fusion-text-1 caption\"><p style=\"text-align: center;\">Termix 2018 \u2014 3 min de lectura<\/p>\n<\/div><div class=\"fusion-title title fusion-title-1 fusion-sep-none fusion-title-center fusion-title-text fusion-title-size-two\" style=\"--awb-margin-top:30px;--awb-margin-bottom:20px;\"><h2 class=\"title-heading-center fusion-responsive-typography-calculated\" style=\"margin:0;--fontSize:50;line-height:1.28;\"><p>A todos los apasionados del cabello:<\/p>\n<p>\u00a1Gracias por este 2018!<\/p><\/h2><\/div><div class=\"fusion-clearfix\"><\/div><\/div><\/div><\/div><\/div><div class=\"fusion-fullwidth fullwidth-box fusion-builder-row-2 fusion-parallax-none nonhundred-percent-fullwidth non-hundred-percent-height-scrolling fusion-no-large-visibility\" style=\"--awb-border-radius-top-left:0px;--awb-border-radius-top-right:0px;--awb-border-radius-bottom-right:0px;--awb-border-radius-bottom-left:0px;--awb-background-image:url(&quot;https:\/\/termix.net\/blog\/wp-content\/uploads\/2019\/11\/con-el-secador-compacto-profesioanl-4300-de-termix-damos-volumen-al-cabello-1.jpg&quot;);--awb-background-size:cover;\" ><div class=\"fusion-builder-row fusion-row\"><div class=\"fusion-layout-column fusion_builder_column fusion-builder-column-1 fusion_builder_column_1_1 1_1 fusion-one-full fusion-column-first fusion-column-last fusion-column-inner-bg-wrapper\" style=\"--awb-padding-top:10%;--awb-padding-bottom:10%;--awb-inner-bg-image:url(&#039;http:\/\/termix.net\/blog\/wp-content\/uploads\/2019\/03\/single-blog-post-feat.jpg&#039;);--awb-inner-bg-position:center center;--awb-inner-bg-size:cover;\"><span class=\"fusion-column-inner-bg hover-type-zoomout\"><span class=\"fusion-column-anchor\"><span class=\"fusion-column-inner-bg-image\"><\/span><\/span><\/span><div class=\"fusion-column-wrapper fusion-flex-column-wrapper-legacy\" data-bg-url=\"http:\/\/termix.net\/blog\/wp-content\/uploads\/2019\/03\/single-blog-post-feat.jpg\"><div class=\"fusion-sep-clear\"><\/div><div class=\"fusion-separator fusion-no-large-visibility fusion-full-width-sep\" style=\"margin-left: auto;margin-right: auto;margin-top:200px;width:100%;\"><\/div><div class=\"fusion-sep-clear\"><\/div><div class=\"fusion-clearfix\"><\/div><\/div><\/div><div class=\"fusion-layout-column fusion_builder_column fusion-builder-column-2 fusion_builder_column_1_1 1_1 fusion-one-full fusion-column-first fusion-column-last\" style=\"--awb-padding-top:6%;--awb-bg-color:#ffffff;--awb-bg-size:cover;--awb-margin-top:0px;--awb-margin-bottom:0px;\"><div class=\"fusion-column-wrapper fusion-flex-column-wrapper-legacy\"><div class=\"fusion-text fusion-text-2 caption\"><p style=\"text-align: center;\">Termix 2018 \u2014 3 min de lectura<\/p>\n<\/div><div class=\"fusion-title title fusion-title-2 fusion-sep-none fusion-title-center fusion-title-text fusion-title-size-two\" style=\"--awb-margin-top:30px;--awb-margin-bottom:20px;\"><h2 class=\"title-heading-center fusion-responsive-typography-calculated\" style=\"margin:0;--fontSize:50;line-height:1.28;\"><p>A todos los apasionados del cabello:<\/p>\n<p>\u00a1Gracias por este 2018!<\/p><\/h2><\/div><div class=\"fusion-clearfix\"><\/div><\/div><\/div><\/div><\/div><div class=\"fusion-fullwidth fullwidth-box fusion-builder-row-3 nonhundred-percent-fullwidth non-hundred-percent-height-scrolling\" style=\"--awb-border-radius-top-left:0px;--awb-border-radius-top-right:0px;--awb-border-radius-bottom-right:0px;--awb-border-radius-bottom-left:0px;--awb-padding-top:10px;--awb-padding-bottom:4%;\" ><div class=\"fusion-builder-row fusion-row\"><div class=\"fusion-layout-column fusion_builder_column fusion-builder-column-3 fusion_builder_column_1_6 1_6 fusion-one-sixth fusion-column-first fusion-no-small-visibility fusion-no-medium-visibility\" style=\"--awb-bg-size:cover;width:16.666666666667%;width:calc(16.666666666667% - ( ( 0 ) * 0.16666666666667 ) );margin-right: 0px;\"><div class=\"fusion-column-wrapper fusion-flex-column-wrapper-legacy\"><div class=\"fusion-clearfix\"><\/div><\/div><\/div><div class=\"fusion-layout-column fusion_builder_column fusion-builder-column-4 fusion_builder_column_2_3 2_3 fusion-two-third fusion-column-last\" style=\"--awb-bg-size:cover;width:66.666666666667%;width:calc(66.666666666667% - ( ( 0 ) * 0.66666666666667 ) );\"><div class=\"fusion-column-wrapper fusion-flex-column-wrapper-legacy\"><div class=\"fusion-sep-clear\"><\/div><div class=\"fusion-separator fusion-full-width-sep\" style=\"margin-left: auto;margin-right: auto;margin-top:30px;width:100%;\"><\/div><div class=\"fusion-sep-clear\"><\/div><div class=\"fusion-text fusion-text-3\"><p style=\"text-align: center;\"><span style=\"font-size: 22px; line-height: 1.5em;\"><strong> 2018 ya se acerca a su fin.<\/strong> Un a\u00f1o repleto de peluquer\u00eda en estado puro que ha sido \u00fanico gracias a todos vosotros. Idas y venidas, caras nuevas, nuevos productos, inspiraci\u00f3n y, detr\u00e1s de todo ello, personas. Para vosotros y por vosotros. Porque nos une una pasi\u00f3n, echamos la vista atr\u00e1s para recorrer un 2018 que no olvidaremos. <\/span><\/p>\n<p style=\"text-align: center;\"><span style=\"font-size: 22px; line-height: 1.5em;\"><strong>\u00a1Empezamos!<\/strong><br \/>\n<\/span><\/p>\n<\/div><div class=\"fusion-sep-clear\"><\/div><div class=\"fusion-separator fusion-full-width-sep\" style=\"margin-left: auto;margin-right: auto;margin-top:30px;width:100%;\"><\/div><div class=\"fusion-sep-clear\"><\/div><div class=\"fusion-text fusion-text-4\"><p><img decoding=\"async\" class=\"alignnone size-full wp-image-24630\" src=\"https:\/\/termix.net\/blog\/wp-content\/uploads\/2018\/12\/review-termix-feliz-ano-2018.jpg\" alt=\"review-termix-feliz-ano-2018\" width=\"1160\" height=\"660\" srcset=\"https:\/\/termix.net\/blog\/wp-content\/uploads\/2018\/12\/review-termix-feliz-ano-2018-200x114.jpg 200w, https:\/\/termix.net\/blog\/wp-content\/uploads\/2018\/12\/review-termix-feliz-ano-2018-300x171.jpg 300w, https:\/\/termix.net\/blog\/wp-content\/uploads\/2018\/12\/review-termix-feliz-ano-2018-400x228.jpg 400w, https:\/\/termix.net\/blog\/wp-content\/uploads\/2018\/12\/review-termix-feliz-ano-2018-600x341.jpg 600w, https:\/\/termix.net\/blog\/wp-content\/uploads\/2018\/12\/review-termix-feliz-ano-2018-768x437.jpg 768w, https:\/\/termix.net\/blog\/wp-content\/uploads\/2018\/12\/review-termix-feliz-ano-2018-800x455.jpg 800w, https:\/\/termix.net\/blog\/wp-content\/uploads\/2018\/12\/review-termix-feliz-ano-2018-1024x583.jpg 1024w, https:\/\/termix.net\/blog\/wp-content\/uploads\/2018\/12\/review-termix-feliz-ano-2018.jpg 1160w\" sizes=\"(max-width: 1160px) 100vw, 1160px\" \/><\/p>\n<h2>De Barcelona a Santiago de Chile.<\/h2>\n<p style=\"text-align: justify;\">De Lisboa a Poznan, Madrid o Par\u00eds. Las distancias se acortan y parecen inexistentes cuando hablamos de <strong>peluquer\u00eda<\/strong>. Este a\u00f1o, <strong>Termix<\/strong> ha viajado por todo el mundo buscando talentos, aunando fuerzas e incentivando la creatividad. Y nos hemos encontrado con estilistas como <strong>Daniel Alvarado<\/strong> en M\u00e9xico o <strong>Gonzalo Leonidas<\/strong> en Chile.<\/p>\n<p><img decoding=\"async\" class=\"size-full wp-image-15860 aligncenter\" src=\"https:\/\/termix.net\/blog\/wp-content\/uploads\/2018\/12\/review-termix-feliz-ano-2019_estilistas.jpg\" alt=\"\" width=\"1160\" height=\"552\" \/><\/p>\n<p style=\"text-align: justify;\">Que nos recordaban la importancia de verse bien, para sentirse mejor. Pero no s\u00f3lo ellos, sino que han sido m\u00faltiples los estilistas que han colaborado este a\u00f1o para hacer la familia <strong>Termix<\/strong> un poco m\u00e1s grande. Conoc\u00edamos lo nuevo en barber\u00eda junto a <strong>Juanjo Ruzafa<\/strong> y su amplia experiencia, experiment\u00e1bamos con el color junto a <strong>Ana Barroca<\/strong> y el Bronzing Hair y nos maravill\u00e1bamos con la importancia de los cambios de look junto a <strong>Manuel Zamorano<\/strong>.<\/p>\n<p><img decoding=\"async\" class=\"size-full wp-image-15858 aligncenter\" src=\"https:\/\/termix.net\/blog\/wp-content\/uploads\/2018\/12\/review-termix-ano-nuevo-2019_peluqueros.jpg\" alt=\"review termix ano nuevo 2019_peluqueros\" width=\"1160\" height=\"552\" \/><\/p>\n<p style=\"text-align: justify;\">Tambi\u00e9n nos pon\u00edamos al d\u00eda de las \u00faltimas tendencias de la mano de <strong>Antonio Garrido<\/strong> que nos invitaba a conocer los recogidos y looks m\u00e1s actuales en un ciclo de formaciones estelar. Incluso nuestros propios productos abrazaron las tendencias con la <strong>plancha de pelo Passion Red<\/strong> que llegaba con el rojo m\u00e1s intenso y con una prescriptora de lujo, la periodista <strong>Melissa Jim\u00e9nez<\/strong>. Y manteniendo este color, acabamos ganando el premio a los <strong>Best Beauty Buys<\/strong>, organizados por la edici\u00f3n mexicana de la revista <strong>InStyle<\/strong>. Y ya en Barcelona, recib\u00edamos el reconocimiento a toda una vida dedicada a la peluquer\u00eda con el <strong>galard\u00f3n ByP<\/strong> a la Mejor Trayectoria.<\/p>\n<p><img decoding=\"async\" class=\"size-full wp-image-15857 aligncenter\" src=\"https:\/\/termix.net\/blog\/wp-content\/uploads\/2018\/12\/review-feliz-ano-nuevo-2019_gala.jpg\" alt=\"\" width=\"1160\" height=\"660\" \/><\/p>\n<p style=\"text-align: justify;\">Un d\u00eda en el que nos vestimos de gala. Pero el estilo tampoco falt\u00f3 en la <strong>Gran Gala Termix<\/strong>, celebrada en Tenerife, donde tuvimos el placer de contar con <strong>Anabel Pantoja<\/strong> y Adri\u00e1n Rodr\u00edguez para actualizar su estilo con la colaboraci\u00f3n y experiencia de <strong>Guiller Peluqueros<\/strong> o <strong>Sal\u00f3n Blahnik<\/strong>. Y otro evento que debemos enmarcar, es la experiencia de la <strong>Global Gift Foundation<\/strong> celebrada en Madrid, donde pudimos trabajar junto a Lorena Morlote cuidando de la salud del cabello de grandes artistas como la cantante <strong>Anastasia<\/strong> o la actriz <strong>Pamela Anderson<\/strong>.<\/p>\n<p><iframe src=\"https:\/\/www.youtube.com\/embed\/IRBnk_nj4Q8\" width=\"100%\" height=\"480\" frameborder=\"0\" allowfullscreen=\"allowfullscreen\"><span data-mce-type=\"bookmark\" style=\"display: inline-block; width: 0px; overflow: hidden; line-height: 0;\" class=\"mce_SELRES_start\">\ufeff<\/span><\/iframe><\/p>\n<p style=\"text-align: justify;\">M\u00e1s idas y venidas. Y recorriendo el mundo, tambi\u00e9n nos hac\u00edamos de inmediata actualidad apareciendo en revistas como <strong>Coiffure<\/strong>, <strong>Peluquer\u00edas<\/strong>, <strong>Cuore<\/strong> o <strong>Woman<\/strong>. Pero no solo hablamos de medios tradicionales.<\/p>\n<p><img decoding=\"async\" class=\"size-full wp-image-15855 aligncenter\" src=\"https:\/\/termix.net\/blog\/wp-content\/uploads\/2018\/12\/review-2018_revistas.jpg\" alt=\"review 2018_revistas\" width=\"1160\" height=\"660\" \/><\/p>\n<p style=\"text-align: justify;\">Tambi\u00e9n queremos hacer una menci\u00f3n especial a todas\u00a0 aquellas <strong>influencers<\/strong> que, con una sonrisa y especial cuidado en los hashtags, nos dedicaban un espacio en su ajetreado universo. Ejemplos de ello han sido <strong>@eguiraun<\/strong> que nos invitaba a expresarnos libremente, el nadador <strong>David Meca<\/strong>, que nos dedicaba un post muy navide\u00f1o o la actriz <strong>Andrea Duro<\/strong> antes de salir a escena. Puedes verlo en nuestro perfil <strong>@termixoficial<\/strong><\/p>\n<p><img decoding=\"async\" class=\"size-full wp-image-15854 aligncenter\" src=\"https:\/\/termix.net\/blog\/wp-content\/uploads\/2018\/12\/review-feliz-ano-nuevo-2019_influencers.jpg\" alt=\"\" width=\"1160\" height=\"660\" \/><\/p>\n<p style=\"text-align: justify;\">Y con los <strong>backstages<\/strong> sigue este repaso de un a\u00f1o repleto de logros. Porque gracias a los estilistas que trabajan siempre contrarreloj, como <strong>Gemma Riba<\/strong> o <strong>Rafael Mora<\/strong>, hemos podido colaborar en la caracterizaci\u00f3n de los personajes m\u00e1s variopintos. Desde la serie La Peste, pasando por el musical<strong> La Jaula de las Locas<\/strong> o la final de <strong>Got Talent<\/strong> y acabando en pel\u00edculas como \u00c1nimas; lo cierto es que el arte y la creatividad nos han acompa\u00f1ado m\u00e1s que nunca.<\/p>\n<p><img decoding=\"async\" class=\"size-full wp-image-15862 aligncenter\" src=\"https:\/\/termix.net\/blog\/wp-content\/uploads\/2018\/12\/review-ano-2018_backstage.jpg\" alt=\"review ano 2018_backstage\" width=\"1160\" height=\"660\" \/><\/p>\n<p style=\"text-align: justify;\">Porque si algo define la <strong>peluquer\u00eda<\/strong> es la creatividad. Una forma de arte que es nuestra pasi\u00f3n compartida. Desde el que empieza a estudiar peluquer\u00eda, hasta el que lleva m\u00e1s de 20 a\u00f1os como estilista. Desde el actor a punto de rodar una escena, a la mujer que decide sonre\u00edr despu\u00e9s de encontrarse a s\u00ed misma de nuevo en el espejo. A ti.<\/p>\n<h2 style=\"text-align: center;\">Muchas gracias por pasar este <strong>a\u00f1o 2018<\/strong> con nosotros.<\/h2>\n<h3 style=\"text-align: justify;\">Celebramos aquello que nos hace \u00fanicos.<\/h3>\n<p><img decoding=\"async\" class=\"size-full wp-image-15856 aligncenter\" src=\"https:\/\/termix.net\/blog\/wp-content\/uploads\/2018\/12\/review-ano-2018_final.jpg\" alt=\"review ano 2018_final\" width=\"1160\" height=\"660\" \/><\/p>\n<\/div><div class=\"fusion-clearfix\"><\/div><\/div><\/div><\/div><\/div><div class=\"fusion-fullwidth fullwidth-box fusion-builder-row-4 nonhundred-percent-fullwidth non-hundred-percent-height-scrolling\" style=\"--awb-border-radius-top-left:0px;--awb-border-radius-top-right:0px;--awb-border-radius-bottom-right:0px;--awb-border-radius-bottom-left:0px;\" ><\/div><\/p>\n","protected":false},"excerpt":{"rendered":"","protected":false},"author":2,"featured_media":21914,"comment_status":"open","ping_status":"open","sticky":false,"template":"","format":"standard","meta":[],"categories":[6],"tags":[48],"yoast_head":"<!-- This site is optimized with the Yoast SEO plugin v20.0 - https:\/\/yoast.com\/wordpress\/plugins\/seo\/ -->\n<title>A todos los apasionados del cabello: \u00a1Gracias por este a\u00f1o 2018!<\/title>\n<meta name=\"description\" content=\"Idas\u00a0 y venidas, caras nuevas, nuevos productos, inspiraci\u00f3n y, detr\u00e1s de todo ello, personas. Para vosotros y por vosotros. Porque nos une una pasi\u00f3n, echamos la vista atr\u00e1s para recorrer un 2018 que no olvidaremos. \u00a1Empezamos!\" \/>\n<meta name=\"robots\" content=\"index, follow, max-snippet:-1, max-image-preview:large, max-video-preview:-1\" \/>\n<link rel=\"canonical\" href=\"https:\/\/termix.net\/blog\/es\/a-todos-los-apasionados-del-cabello-gracias-por-este-2018\/\" \/>\n<meta property=\"og:locale\" content=\"es_ES\" \/>\n<meta property=\"og:type\" content=\"article\" \/>\n<meta property=\"og:title\" content=\"A todos los apasionados del cabello: \u00a1Gracias por este a\u00f1o 2018!\" \/>\n<meta property=\"og:description\" content=\"Idas\u00a0 y venidas, caras nuevas, nuevos productos, inspiraci\u00f3n y, detr\u00e1s de todo ello, personas. Para vosotros y por vosotros. Porque nos une una pasi\u00f3n, echamos la vista atr\u00e1s para recorrer un 2018 que no olvidaremos. \u00a1Empezamos!\" \/>\n<meta property=\"og:url\" content=\"https:\/\/termix.net\/blog\/es\/a-todos-los-apasionados-del-cabello-gracias-por-este-2018\/\" \/>\n<meta property=\"og:site_name\" content=\"Blog Termix Spain\" \/>\n<meta property=\"article:published_time\" content=\"2018-12-21T09:28:55+00:00\" \/>\n<meta property=\"article:modified_time\" content=\"2019-12-18T07:15:37+00:00\" \/>\n<meta property=\"og:image\" content=\"https:\/\/termix.net\/blog\/wp-content\/uploads\/2018\/12\/review-ano-2018_final.jpg\" \/>\n\t<meta property=\"og:image:width\" content=\"1160\" \/>\n\t<meta property=\"og:image:height\" content=\"660\" \/>\n\t<meta property=\"og:image:type\" content=\"image\/jpeg\" \/>\n<meta name=\"author\" content=\"TermixTeam\" \/>\n<meta name=\"twitter:card\" content=\"summary_large_image\" \/>\n<meta name=\"twitter:label1\" content=\"Escrito por\" \/>\n\t<meta name=\"twitter:data1\" content=\"TermixTeam\" \/>\n\t<meta name=\"twitter:label2\" content=\"Tiempo de lectura\" \/>\n\t<meta name=\"twitter:data2\" content=\"9 minutos\" \/>\n<script type=\"application\/ld+json\" class=\"yoast-schema-graph\">{\"@context\":\"https:\/\/schema.org\",\"@graph\":[{\"@type\":\"Article\",\"@id\":\"https:\/\/termix.net\/blog\/es\/a-todos-los-apasionados-del-cabello-gracias-por-este-2018\/#article\",\"isPartOf\":{\"@id\":\"https:\/\/termix.net\/blog\/es\/a-todos-los-apasionados-del-cabello-gracias-por-este-2018\/\"},\"author\":{\"name\":\"TermixTeam\",\"@id\":\"https:\/\/termix.net\/blog\/es\/#\/schema\/person\/9096c98bdf03c8ddf91ad7172f254f40\"},\"headline\":\"A todos los apasionados del cabello: \u00a1gracias por este 2018!\",\"datePublished\":\"2018-12-21T09:28:55+00:00\",\"dateModified\":\"2019-12-18T07:15:37+00:00\",\"mainEntityOfPage\":{\"@id\":\"https:\/\/termix.net\/blog\/es\/a-todos-los-apasionados-del-cabello-gracias-por-este-2018\/\"},\"wordCount\":1871,\"commentCount\":0,\"publisher\":{\"@id\":\"https:\/\/termix.net\/blog\/es\/#organization\"},\"keywords\":[\"salud del cabello\"],\"articleSection\":[\"NOTICIAS\"],\"inLanguage\":\"es\",\"potentialAction\":[{\"@type\":\"CommentAction\",\"name\":\"Comment\",\"target\":[\"https:\/\/termix.net\/blog\/es\/a-todos-los-apasionados-del-cabello-gracias-por-este-2018\/#respond\"]}]},{\"@type\":\"WebPage\",\"@id\":\"https:\/\/termix.net\/blog\/es\/a-todos-los-apasionados-del-cabello-gracias-por-este-2018\/\",\"url\":\"https:\/\/termix.net\/blog\/es\/a-todos-los-apasionados-del-cabello-gracias-por-este-2018\/\",\"name\":\"A todos los apasionados del cabello: \u00a1Gracias por este a\u00f1o 2018!\",\"isPartOf\":{\"@id\":\"https:\/\/termix.net\/blog\/es\/#website\"},\"datePublished\":\"2018-12-21T09:28:55+00:00\",\"dateModified\":\"2019-12-18T07:15:37+00:00\",\"description\":\"Idas\u00a0 y venidas, caras nuevas, nuevos productos, inspiraci\u00f3n y, detr\u00e1s de todo ello, personas. Para vosotros y por vosotros. Porque nos une una pasi\u00f3n, echamos la vista atr\u00e1s para recorrer un 2018 que no olvidaremos. \u00a1Empezamos!\",\"breadcrumb\":{\"@id\":\"https:\/\/termix.net\/blog\/es\/a-todos-los-apasionados-del-cabello-gracias-por-este-2018\/#breadcrumb\"},\"inLanguage\":\"es\",\"potentialAction\":[{\"@type\":\"ReadAction\",\"target\":[\"https:\/\/termix.net\/blog\/es\/a-todos-los-apasionados-del-cabello-gracias-por-este-2018\/\"]}]},{\"@type\":\"BreadcrumbList\",\"@id\":\"https:\/\/termix.net\/blog\/es\/a-todos-los-apasionados-del-cabello-gracias-por-este-2018\/#breadcrumb\",\"itemListElement\":[{\"@type\":\"ListItem\",\"position\":1,\"name\":\"Home\",\"item\":\"https:\/\/termix.net\/blog\/es\/\"},{\"@type\":\"ListItem\",\"position\":2,\"name\":\"A todos los apasionados del cabello: \u00a1gracias por este 2018!\"}]},{\"@type\":\"WebSite\",\"@id\":\"https:\/\/termix.net\/blog\/es\/#website\",\"url\":\"https:\/\/termix.net\/blog\/es\/\",\"name\":\"Blog Termix Spain\",\"description\":\"Blog de tendencias y productos de peluquer\u00eda profesional.\",\"publisher\":{\"@id\":\"https:\/\/termix.net\/blog\/es\/#organization\"},\"potentialAction\":[{\"@type\":\"SearchAction\",\"target\":{\"@type\":\"EntryPoint\",\"urlTemplate\":\"https:\/\/termix.net\/blog\/es\/?s={search_term_string}\"},\"query-input\":\"required name=search_term_string\"}],\"inLanguage\":\"es\"},{\"@type\":\"Organization\",\"@id\":\"https:\/\/termix.net\/blog\/es\/#organization\",\"name\":\"Dols Industrial de Peluquer\u00eda SA\",\"url\":\"https:\/\/termix.net\/blog\/es\/\",\"logo\":{\"@type\":\"ImageObject\",\"inLanguage\":\"es\",\"@id\":\"https:\/\/termix.net\/blog\/es\/#\/schema\/logo\/image\/\",\"url\":\"https:\/\/termix.net\/blog\/wp-content\/uploads\/2020\/10\/OGbDAeng.jpeg\",\"contentUrl\":\"https:\/\/termix.net\/blog\/wp-content\/uploads\/2020\/10\/OGbDAeng.jpeg\",\"width\":800,\"height\":800,\"caption\":\"Dols Industrial de Peluquer\u00eda SA\"},\"image\":{\"@id\":\"https:\/\/termix.net\/blog\/es\/#\/schema\/logo\/image\/\"}},{\"@type\":\"Person\",\"@id\":\"https:\/\/termix.net\/blog\/es\/#\/schema\/person\/9096c98bdf03c8ddf91ad7172f254f40\",\"name\":\"TermixTeam\",\"image\":{\"@type\":\"ImageObject\",\"inLanguage\":\"es\",\"@id\":\"https:\/\/termix.net\/blog\/es\/#\/schema\/person\/image\/\",\"url\":\"https:\/\/secure.gravatar.com\/avatar\/d89f61f6bd1c29a4acb231736d1c74b3?s=96&d=mm&r=g\",\"contentUrl\":\"https:\/\/secure.gravatar.com\/avatar\/d89f61f6bd1c29a4acb231736d1c74b3?s=96&d=mm&r=g\",\"caption\":\"TermixTeam\"},\"url\":\"https:\/\/termix.net\/blog\/es\/author\/termixteam\/\"}]}<\/script>\n<!-- \/ Yoast SEO plugin. -->","yoast_head_json":{"title":"A todos los apasionados del cabello: \u00a1Gracias por este a\u00f1o 2018!","description":"Idas\u00a0 y venidas, caras nuevas, nuevos productos, inspiraci\u00f3n y, detr\u00e1s de todo ello, personas. Para vosotros y por vosotros. Porque nos une una pasi\u00f3n, echamos la vista atr\u00e1s para recorrer un 2018 que no olvidaremos. \u00a1Empezamos!","robots":{"index":"index","follow":"follow","max-snippet":"max-snippet:-1","max-image-preview":"max-image-preview:large","max-video-preview":"max-video-preview:-1"},"canonical":"https:\/\/termix.net\/blog\/es\/a-todos-los-apasionados-del-cabello-gracias-por-este-2018\/","og_locale":"es_ES","og_type":"article","og_title":"A todos los apasionados del cabello: \u00a1Gracias por este a\u00f1o 2018!","og_description":"Idas\u00a0 y venidas, caras nuevas, nuevos productos, inspiraci\u00f3n y, detr\u00e1s de todo ello, personas. Para vosotros y por vosotros. Porque nos une una pasi\u00f3n, echamos la vista atr\u00e1s para recorrer un 2018 que no olvidaremos. \u00a1Empezamos!","og_url":"https:\/\/termix.net\/blog\/es\/a-todos-los-apasionados-del-cabello-gracias-por-este-2018\/","og_site_name":"Blog Termix Spain","article_published_time":"2018-12-21T09:28:55+00:00","article_modified_time":"2019-12-18T07:15:37+00:00","og_image":[{"width":1160,"height":660,"url":"https:\/\/termix.net\/blog\/wp-content\/uploads\/2018\/12\/review-ano-2018_final.jpg","type":"image\/jpeg"}],"author":"TermixTeam","twitter_card":"summary_large_image","twitter_misc":{"Escrito por":"TermixTeam","Tiempo de lectura":"9 minutos"},"schema":{"@context":"https:\/\/schema.org","@graph":[{"@type":"Article","@id":"https:\/\/termix.net\/blog\/es\/a-todos-los-apasionados-del-cabello-gracias-por-este-2018\/#article","isPartOf":{"@id":"https:\/\/termix.net\/blog\/es\/a-todos-los-apasionados-del-cabello-gracias-por-este-2018\/"},"author":{"name":"TermixTeam","@id":"https:\/\/termix.net\/blog\/es\/#\/schema\/person\/9096c98bdf03c8ddf91ad7172f254f40"},"headline":"A todos los apasionados del cabello: \u00a1gracias por este 2018!","datePublished":"2018-12-21T09:28:55+00:00","dateModified":"2019-12-18T07:15:37+00:00","mainEntityOfPage":{"@id":"https:\/\/termix.net\/blog\/es\/a-todos-los-apasionados-del-cabello-gracias-por-este-2018\/"},"wordCount":1871,"commentCount":0,"publisher":{"@id":"https:\/\/termix.net\/blog\/es\/#organization"},"keywords":["salud del cabello"],"articleSection":["NOTICIAS"],"inLanguage":"es","potentialAction":[{"@type":"CommentAction","name":"Comment","target":["https:\/\/termix.net\/blog\/es\/a-todos-los-apasionados-del-cabello-gracias-por-este-2018\/#respond"]}]},{"@type":"WebPage","@id":"https:\/\/termix.net\/blog\/es\/a-todos-los-apasionados-del-cabello-gracias-por-este-2018\/","url":"https:\/\/termix.net\/blog\/es\/a-todos-los-apasionados-del-cabello-gracias-por-este-2018\/","name":"A todos los apasionados del cabello: \u00a1Gracias por este a\u00f1o 2018!","isPartOf":{"@id":"https:\/\/termix.net\/blog\/es\/#website"},"datePublished":"2018-12-21T09:28:55+00:00","dateModified":"2019-12-18T07:15:37+00:00","description":"Idas\u00a0 y venidas, caras nuevas, nuevos productos, inspiraci\u00f3n y, detr\u00e1s de todo ello, personas. Para vosotros y por vosotros. Porque nos une una pasi\u00f3n, echamos la vista atr\u00e1s para recorrer un 2018 que no olvidaremos. \u00a1Empezamos!","breadcrumb":{"@id":"https:\/\/termix.net\/blog\/es\/a-todos-los-apasionados-del-cabello-gracias-por-este-2018\/#breadcrumb"},"inLanguage":"es","potentialAction":[{"@type":"ReadAction","target":["https:\/\/termix.net\/blog\/es\/a-todos-los-apasionados-del-cabello-gracias-por-este-2018\/"]}]},{"@type":"BreadcrumbList","@id":"https:\/\/termix.net\/blog\/es\/a-todos-los-apasionados-del-cabello-gracias-por-este-2018\/#breadcrumb","itemListElement":[{"@type":"ListItem","position":1,"name":"Home","item":"https:\/\/termix.net\/blog\/es\/"},{"@type":"ListItem","position":2,"name":"A todos los apasionados del cabello: \u00a1gracias por este 2018!"}]},{"@type":"WebSite","@id":"https:\/\/termix.net\/blog\/es\/#website","url":"https:\/\/termix.net\/blog\/es\/","name":"Blog Termix Spain","description":"Blog de tendencias y productos de peluquer\u00eda profesional.","publisher":{"@id":"https:\/\/termix.net\/blog\/es\/#organization"},"potentialAction":[{"@type":"SearchAction","target":{"@type":"EntryPoint","urlTemplate":"https:\/\/termix.net\/blog\/es\/?s={search_term_string}"},"query-input":"required name=search_term_string"}],"inLanguage":"es"},{"@type":"Organization","@id":"https:\/\/termix.net\/blog\/es\/#organization","name":"Dols Industrial de Peluquer\u00eda SA","url":"https:\/\/termix.net\/blog\/es\/","logo":{"@type":"ImageObject","inLanguage":"es","@id":"https:\/\/termix.net\/blog\/es\/#\/schema\/logo\/image\/","url":"https:\/\/termix.net\/blog\/wp-content\/uploads\/2020\/10\/OGbDAeng.jpeg","contentUrl":"https:\/\/termix.net\/blog\/wp-content\/uploads\/2020\/10\/OGbDAeng.jpeg","width":800,"height":800,"caption":"Dols Industrial de Peluquer\u00eda SA"},"image":{"@id":"https:\/\/termix.net\/blog\/es\/#\/schema\/logo\/image\/"}},{"@type":"Person","@id":"https:\/\/termix.net\/blog\/es\/#\/schema\/person\/9096c98bdf03c8ddf91ad7172f254f40","name":"TermixTeam","image":{"@type":"ImageObject","inLanguage":"es","@id":"https:\/\/termix.net\/blog\/es\/#\/schema\/person\/image\/","url":"https:\/\/secure.gravatar.com\/avatar\/d89f61f6bd1c29a4acb231736d1c74b3?s=96&d=mm&r=g","contentUrl":"https:\/\/secure.gravatar.com\/avatar\/d89f61f6bd1c29a4acb231736d1c74b3?s=96&d=mm&r=g","caption":"TermixTeam"},"url":"https:\/\/termix.net\/blog\/es\/author\/termixteam\/"}]}},"_links":{"self":[{"href":"https:\/\/termix.net\/blog\/es\/wp-json\/wp\/v2\/posts\/15852"}],"collection":[{"href":"https:\/\/termix.net\/blog\/es\/wp-json\/wp\/v2\/posts"}],"about":[{"href":"https:\/\/termix.net\/blog\/es\/wp-json\/wp\/v2\/types\/post"}],"author":[{"embeddable":true,"href":"https:\/\/termix.net\/blog\/es\/wp-json\/wp\/v2\/users\/2"}],"replies":[{"embeddable":true,"href":"https:\/\/termix.net\/blog\/es\/wp-json\/wp\/v2\/comments?post=15852"}],"version-history":[{"count":4,"href":"https:\/\/termix.net\/blog\/es\/wp-json\/wp\/v2\/posts\/15852\/revisions"}],"predecessor-version":[{"id":24632,"href":"https:\/\/termix.net\/blog\/es\/wp-json\/wp\/v2\/posts\/15852\/revisions\/24632"}],"wp:featuredmedia":[{"embeddable":true,"href":"https:\/\/termix.net\/blog\/es\/wp-json\/wp\/v2\/media\/21914"}],"wp:attachment":[{"href":"https:\/\/termix.net\/blog\/es\/wp-json\/wp\/v2\/media?parent=15852"}],"wp:term":[{"taxonomy":"category","embeddable":true,"href":"https:\/\/termix.net\/blog\/es\/wp-json\/wp\/v2\/categories?post=15852"},{"taxonomy":"post_tag","embeddable":true,"href":"https:\/\/termix.net\/blog\/es\/wp-json\/wp\/v2\/tags?post=15852"}],"curies":[{"name":"wp","href":"https:\/\/api.w.org\/{rel}","templated":true}]}}