{"id":15816,"date":"2018-12-14T09:31:20","date_gmt":"2018-12-14T08:31:20","guid":{"rendered":"https:\/\/termix.net\/?p=15816"},"modified":"2019-12-18T09:00:11","modified_gmt":"2019-12-18T08:00:11","slug":"los-peinados-para-navidad-por-termix","status":"publish","type":"post","link":"https:\/\/termix.net\/blog\/es\/los-peinados-para-navidad-por-termix\/","title":{"rendered":"Todo lo que quiero para Navidad es: un cabello perfecto"},"content":{"rendered":"<p><div class=\"fusion-fullwidth fullwidth-box fusion-builder-row-1 faded-background fusion-parallax-none nonhundred-percent-fullwidth non-hundred-percent-height-scrolling fusion-no-small-visibility fusion-no-medium-visibility\" style=\"--awb-border-radius-top-left:0px;--awb-border-radius-top-right:0px;--awb-border-radius-bottom-right:0px;--awb-border-radius-bottom-left:0px;--awb-padding-top:24%;--awb-padding-right:3%;--awb-padding-left:3%;--awb-background-size:cover;\" ><div class=\"fullwidth-faded\" style=\"--awb-background-color:#181818;--awb-background-image:url(https:\/\/termix.net\/blog\/wp-content\/uploads\/2018\/12\/peinados-para-navidad-por-Termix.jpg);--awb-background-size:cover;\" ><\/div><div class=\"fusion-builder-row fusion-row\"><div class=\"fusion-layout-column fusion_builder_column fusion-builder-column-0 fusion_builder_column_1_1 1_1 fusion-one-full fusion-column-first fusion-column-last\" style=\"--awb-padding-top:6%;--awb-padding-right:8%;--awb-padding-bottom:6%;--awb-padding-left:8%;--awb-bg-color:rgba(255,255,255,0.7);--awb-bg-size:cover;--awb-margin-top:0px;--awb-margin-bottom:0px;\"><div class=\"fusion-column-wrapper fusion-column-has-shadow fusion-flex-column-wrapper-legacy\"><div class=\"fusion-text fusion-text-1 caption\"><p style=\"text-align: center;\">Regalos Navidad \u2014 2 min de lectura<\/p>\n<\/div><div class=\"fusion-title title fusion-title-1 fusion-sep-none fusion-title-center fusion-title-text fusion-title-size-two\" style=\"--awb-margin-top:30px;--awb-margin-bottom:20px;\"><h2 class=\"title-heading-center fusion-responsive-typography-calculated\" style=\"margin:0;--fontSize:50;line-height:1.28;\">Todo lo que quiero para Navidad es un cabello perfecto<\/h2><\/div><div class=\"fusion-clearfix\"><\/div><\/div><\/div><\/div><\/div><div class=\"fusion-fullwidth fullwidth-box fusion-builder-row-2 fusion-parallax-none nonhundred-percent-fullwidth non-hundred-percent-height-scrolling fusion-no-large-visibility\" style=\"--awb-border-radius-top-left:0px;--awb-border-radius-top-right:0px;--awb-border-radius-bottom-right:0px;--awb-border-radius-bottom-left:0px;--awb-background-image:url(&quot;https:\/\/termix.net\/blog\/wp-content\/uploads\/2018\/12\/peinados-para-navidad-por-Termix.jpg&quot;);--awb-background-size:cover;\" ><div class=\"fusion-builder-row fusion-row\"><div class=\"fusion-layout-column fusion_builder_column fusion-builder-column-1 fusion_builder_column_1_1 1_1 fusion-one-full fusion-column-first fusion-column-last fusion-column-inner-bg-wrapper\" style=\"--awb-padding-top:10%;--awb-padding-bottom:10%;--awb-inner-bg-image:url(&#039;http:\/\/termix.net\/blog\/wp-content\/uploads\/2019\/03\/single-blog-post-feat.jpg&#039;);--awb-inner-bg-position:center center;--awb-inner-bg-size:cover;\"><span class=\"fusion-column-inner-bg hover-type-zoomout\"><span class=\"fusion-column-anchor\"><span class=\"fusion-column-inner-bg-image\"><\/span><\/span><\/span><div class=\"fusion-column-wrapper fusion-flex-column-wrapper-legacy\" data-bg-url=\"http:\/\/termix.net\/blog\/wp-content\/uploads\/2019\/03\/single-blog-post-feat.jpg\"><div class=\"fusion-sep-clear\"><\/div><div class=\"fusion-separator fusion-no-large-visibility fusion-full-width-sep\" style=\"margin-left: auto;margin-right: auto;margin-top:200px;width:100%;\"><\/div><div class=\"fusion-sep-clear\"><\/div><div class=\"fusion-clearfix\"><\/div><\/div><\/div><div class=\"fusion-layout-column fusion_builder_column fusion-builder-column-2 fusion_builder_column_1_1 1_1 fusion-one-full fusion-column-first fusion-column-last\" style=\"--awb-padding-top:6%;--awb-bg-color:#ffffff;--awb-bg-size:cover;--awb-margin-top:0px;--awb-margin-bottom:0px;\"><div class=\"fusion-column-wrapper fusion-flex-column-wrapper-legacy\"><div class=\"fusion-text fusion-text-2 caption\"><p style=\"text-align: center;\">Regalos Navidad \u2014 2 min de lectura<\/p>\n<\/div><div class=\"fusion-title title fusion-title-2 fusion-sep-none fusion-title-center fusion-title-text fusion-title-size-two\" style=\"--awb-margin-top:30px;--awb-margin-bottom:20px;\"><h2 class=\"title-heading-center fusion-responsive-typography-calculated\" style=\"margin:0;--fontSize:50;line-height:1.28;\">Todo lo que quiero para Navidad es un cabello perfecto<\/h2><\/div><div class=\"fusion-clearfix\"><\/div><\/div><\/div><\/div><\/div><div class=\"fusion-fullwidth fullwidth-box fusion-builder-row-3 nonhundred-percent-fullwidth non-hundred-percent-height-scrolling\" style=\"--awb-border-radius-top-left:0px;--awb-border-radius-top-right:0px;--awb-border-radius-bottom-right:0px;--awb-border-radius-bottom-left:0px;--awb-padding-top:10px;--awb-padding-bottom:4%;\" ><div class=\"fusion-builder-row fusion-row\"><div class=\"fusion-layout-column fusion_builder_column fusion-builder-column-3 fusion_builder_column_1_6 1_6 fusion-one-sixth fusion-column-first fusion-no-small-visibility fusion-no-medium-visibility\" style=\"--awb-bg-size:cover;width:16.666666666667%;width:calc(16.666666666667% - ( ( 0 ) * 0.16666666666667 ) );margin-right: 0px;\"><div class=\"fusion-column-wrapper fusion-flex-column-wrapper-legacy\"><div class=\"fusion-clearfix\"><\/div><\/div><\/div><div class=\"fusion-layout-column fusion_builder_column fusion-builder-column-4 fusion_builder_column_2_3 2_3 fusion-two-third fusion-column-last\" style=\"--awb-bg-size:cover;width:66.666666666667%;width:calc(66.666666666667% - ( ( 0 ) * 0.66666666666667 ) );\"><div class=\"fusion-column-wrapper fusion-flex-column-wrapper-legacy\"><div class=\"fusion-sep-clear\"><\/div><div class=\"fusion-separator fusion-full-width-sep\" style=\"margin-left: auto;margin-right: auto;margin-top:30px;width:100%;\"><\/div><div class=\"fusion-sep-clear\"><\/div><div class=\"fusion-text fusion-text-3\"><p style=\"text-align: center;\"><span style=\"font-size: 22px; line-height: 1.5em;\"> Ya est\u00e1 aqu\u00ed.<\/span><\/p>\n<p style=\"text-align: center;\"><span style=\"font-size: 22px; line-height: 1.5em;\"> La \u00e9poca de las comilonas, de las reuniones familiares, de las emociones nost\u00e1lgicas. Y del estilo. Porque si por una cosa se caracteriza la Navidad (y en general las fiestas) es porque sacan a relucir la mejor versi\u00f3n de nosotras mismas. Entre brillos y lentejuelas te<strong> traemos los 3 looks<\/strong>, con sus respectivos peinados para fin de a\u00f1o, <strong>para que disfrutes de unas navidades de alta tendencia. <\/strong><\/span><\/p>\n<p style=\"text-align: center;\"><span style=\"font-size: 22px; line-height: 1.5em;\"><strong>Xmas is coming!<\/strong><\/span><\/p>\n<p>&nbsp;<\/p>\n<\/div><div class=\"fusion-sep-clear\"><\/div><div class=\"fusion-separator fusion-full-width-sep\" style=\"margin-left: auto;margin-right: auto;margin-top:30px;width:100%;\"><\/div><div class=\"fusion-sep-clear\"><\/div><div class=\"fusion-text fusion-text-4\"><p><iframe src=\"https:\/\/www.youtube.com\/embed\/07h_rwveFow?autoplay=1&amp;rel=0\" width=\"100%\" height=\"480\" frameborder=\"0\" allowfullscreen=\"allowfullscreen\"><span data-mce-type=\"bookmark\" style=\"display: inline-block; width: 0px; overflow: hidden; line-height: 0;\" class=\"mce_SELRES_start\">\ufeff<\/span><\/iframe><\/p>\n<h2 style=\"text-align: justify;\">3 peinados para fin de a\u00f1o de tendencia para arrasar estas fiestas<\/h2>\n<p style=\"text-align: justify;\">Una cosa ha quedado clara. Los complementos son tendencia. Ya sea en formato gorrito, ideal para proteger el cabello del fr\u00edo, o con estampados <strong><em>animal print<\/em> <\/strong>en cinturones o pendientes, ahora m\u00e1s que nunca, m\u00e1s es m\u00e1s.<\/p>\n<p style=\"text-align: justify;\">\u00bfUn total look negro? No te lo pienses dos veces y a\u00f1\u00e1dele color con una biker plateada. \u00bfMejor unos zapatos salvajes con estampado de serpiente? T\u00fa decides. La cuesti\u00f3n es arriesgar con complementos que le aporten ese toque diferencial a tu estilo.<\/p>\n<p><img decoding=\"async\" class=\"alignnone wp-image-15833 size-full\" src=\"https:\/\/termix.net\/blog\/wp-content\/uploads\/2018\/12\/peinados-para-navidad-por-Termix.jpg\" alt=\"\" width=\"1160\" height=\"660\" \/><\/p>\n<p style=\"text-align: justify;\">La fiebre de los complementos no se queda relegada solamente a los outfits. Y es que se nos sube a la cabeza, en distintas versiones: con pasadores, diademas o lazos, listos para decorar nuestro cabello. Si te pica la curiosidad, \u00a1no te pierdas estas tres propuestas junto a los artistas de <strong>Art Lab <\/strong>y elige uno de nuestros <strong>peinados para Navidad<\/strong>!<\/p>\n<h2 style=\"text-align: justify;\">ESTILO 1. ROJO PASI\u00d3N Y ORO<\/h2>\n<h3 style=\"text-align: justify;\">Para el peinado\u2026<\/h3>\n<p style=\"text-align: justify;\">La estilista de <strong>Art Lab<\/strong> nos propone un estilo sencillo pero arrebatador. No s\u00f3lo por su sencillez, sino tambi\u00e9n porque en cierto modo recuerda a la valiente guerrera Laguertha de la popular serie Vikings. Un personaje con mucho car\u00e1cter y fan de las trenzas a partes iguales.<\/p>\n<p><img decoding=\"async\" class=\"size-full wp-image-15818 aligncenter\" src=\"https:\/\/termix.net\/blog\/wp-content\/uploads\/2018\/12\/tres-estilos-de-peinado-para-navidad_3.jpg\" alt=\"tres estilos de peinado para navidad_3\" width=\"1160\" height=\"429\" \/><\/p>\n<p style=\"text-align: justify;\">Precisamente, una trenza de ra\u00edz lateral ser\u00e1 el punto diferencial para una melena impecable de ondas abiertas. Te explicamos el paso a paso junto a los sabios consejos de Esther S\u00e1nchez:<\/p>\n<p>1. Primero, prepara el cabello desenred\u00e1ndolo con la <strong>raqueta profesional<\/strong>. De esta forma, te librar\u00e1s de los molestos nudos que pueden arruinar el resultado final.<\/p>\n<p>2. Despu\u00e9s, utiliza las <strong>pinzas Soft Touch<\/strong> para sujetar el cabello en diferentes secciones. Con ello, conseguir\u00e1s trabajar m\u00e1s c\u00f3modamente y sin esfuerzo, logrando pulir m\u00e1s el acabado.<\/p>\n<p>3. Turno de utilizar la <strong>plancha de pelo Passion Red<\/strong>. Como bien comenta Esther <em>behind the scenes<\/em>: \u201c<em>es importante utilizarla a una temperatura correcta, para evitar da\u00f1ar el cabello<\/em>\u201d. As\u00ed pues, recuerda fijar una temperatura adaptada a tu tipo de cabello y empieza a trabajarlo. Mech\u00f3n a mech\u00f3n, crea un movimiento rotativo con la plancha de pelo y dale especial intensidad a la punta. Despu\u00e9s, ord\u00e9nalas hacia un lateral siguiendo la direcci\u00f3n de la raya lateral.<\/p>\n<p>4. En un lateral, haz una trenza de ra\u00edz y ll\u00e9vala hasta la nuca. Suj\u00e9tala con una <strong>horquilla<\/strong> y cam\u00faflala con un rizo.<\/p>\n<p>5. Y ahora\u2026 el complemento. Si decides apuntarte a la era del dorado, elige una diadema de este tono y bien brillante y col\u00f3cala justo sobre la trenza. Listo. \u00a1Ya tienes un\u00a0\u00a0<strong>peinado listo para fin de a\u00f1o<\/strong>!<\/p>\n<p><img decoding=\"async\" class=\"alignnone wp-image-15834 size-full\" src=\"https:\/\/termix.net\/blog\/wp-content\/uploads\/2018\/12\/peinados-para-fin-de-a\u00f1o.jpg\" alt=\"\" width=\"1160\" height=\"1740\" \/><\/p>\n<h3 style=\"text-align: justify;\">Necesitar\u00e1s\u2026<\/h3>\n<p><img decoding=\"async\" class=\"alignnone wp-image-15835 size-full\" src=\"https:\/\/termix.net\/blog\/wp-content\/uploads\/2018\/12\/pinzas-peluqueria-herramientas-profesional-termix-pelo-cabello.png\" alt=\"\" width=\"150\" height=\"150\" \/>\u00a0<img decoding=\"async\" class=\"alignnone wp-image-15836 size-full\" src=\"https:\/\/termix.net\/blog\/wp-content\/uploads\/2018\/12\/Raqueta-lila-Termix.jpg\" alt=\"\" width=\"150\" height=\"150\" \/> \u00a0<img decoding=\"async\" class=\"alignnone wp-image-15837 size-full\" src=\"https:\/\/termix.net\/blog\/wp-content\/uploads\/2018\/12\/plancha-de-pelo-230-passion-red.jpg\" alt=\"\" width=\"150\" height=\"150\" \/>\u00a0\u00a0<img decoding=\"async\" class=\"alignnone size-thumbnail wp-image-15828\" src=\"https:\/\/termix.net\/blog\/wp-content\/uploads\/2018\/12\/diadema-dorada-estilo-navidad-150x150.jpg\" alt=\"diadema dorada estilo navidad\" width=\"150\" height=\"150\" \/><\/p>\n<h3 style=\"text-align: justify;\">Para el outfit\u2026<\/h3>\n<p style=\"text-align: justify;\">En este caso, \u00a1apostamos todo al rojo! Con un vestido largo y de formas rectas, logramos el compa\u00f1ero ideal para nuestras ondas con raya lateral. Un estilo elegante, de tendencia y\u2026 \u00a1con mucha fuerza!<\/p>\n<h2 style=\"text-align: justify;\">ESTILO 2. TERCIOPELO CL\u00c1SICO<\/h2>\n<h3 style=\"text-align: justify;\">Para el peinado\u2026<\/h3>\n<p style=\"text-align: justify;\">Y manteniendo la base anterior, Esther recrea un cl\u00e1sico como segunda opci\u00f3n para estas <strong>navidades<\/strong>: una coleta baja que es un look elegante y muy f\u00e1cil de hacer que combina perfectamente estilo y comodidad para amenizarte estas <strong>fiestas<\/strong>. \u00bfC\u00f3mo puedes hacerte con este peinado?<\/p>\n<p><img decoding=\"async\" class=\"alignnone size-full wp-image-24710\" src=\"https:\/\/termix.net\/blog\/wp-content\/uploads\/2018\/12\/peinados-para-fin-de-a\u00f1o-Termix.jpg\" alt=\"\" width=\"1160\" height=\"429\" srcset=\"https:\/\/termix.net\/blog\/wp-content\/uploads\/2018\/12\/peinados-para-fin-de-a\u00f1o-Termix-200x74.jpg 200w, https:\/\/termix.net\/blog\/wp-content\/uploads\/2018\/12\/peinados-para-fin-de-a\u00f1o-Termix-300x111.jpg 300w, https:\/\/termix.net\/blog\/wp-content\/uploads\/2018\/12\/peinados-para-fin-de-a\u00f1o-Termix-400x148.jpg 400w, https:\/\/termix.net\/blog\/wp-content\/uploads\/2018\/12\/peinados-para-fin-de-a\u00f1o-Termix-600x222.jpg 600w, https:\/\/termix.net\/blog\/wp-content\/uploads\/2018\/12\/peinados-para-fin-de-a\u00f1o-Termix-768x284.jpg 768w, https:\/\/termix.net\/blog\/wp-content\/uploads\/2018\/12\/peinados-para-fin-de-a\u00f1o-Termix-800x296.jpg 800w, https:\/\/termix.net\/blog\/wp-content\/uploads\/2018\/12\/peinados-para-fin-de-a\u00f1o-Termix-1024x379.jpg 1024w, https:\/\/termix.net\/blog\/wp-content\/uploads\/2018\/12\/peinados-para-fin-de-a\u00f1o-Termix.jpg 1160w\" sizes=\"(max-width: 1160px) 100vw, 1160px\" \/><\/p>\n<p>1. Partiendo de una base con ondas definidas, pasa los dedos por el cabello para lograr un efecto un tanto m\u00e1s desestructurado. Cuando ya lo tengas, recoge el cabello en una <strong>coleta baja<\/strong>, dejando un mech\u00f3n libre.<\/p>\n<p>2. Para darle un toque de sofisticaci\u00f3n, pule la ra\u00edz y dale algo de volumen con el cepillo especial degradados. Con esto conseguir\u00e1s un peinado con m\u00e1s volumen.<\/p>\n<p>3. Tapa la goma de cabello con el mech\u00f3n que dejaste libre con anterioridad. Suj\u00e9talo con una <strong>horquilla<\/strong> intentando que quede oculta en la melena.<\/p>\n<p>4. Llega el turno del lazo de raso. Cubre la coleta con un lazo para darle al peinado ese toque festivo que tanto deseamos todos. \u00bfQu\u00e9 no consigues hacer uno perfecto? Utiliza un coletero que ya tenga un lazo incluido para que el peinado te resulte mucho m\u00e1s f\u00e1cil.<\/p>\n<p><img decoding=\"async\" class=\"wp-image-15821 aligncenter\" src=\"https:\/\/termix.net\/blog\/wp-content\/uploads\/2018\/12\/tres-estilos-de-peinados-especial-para-navidad_2.jpg\" alt=\"tres estilos de peinados especial para navidad_2\" width=\"922\" height=\"1383\" \/><\/p>\n<h3 style=\"text-align: justify;\">Necesitar\u00e1s\u2026<\/h3>\n<p><img decoding=\"async\" class=\"alignnone size-full wp-image-24696\" src=\"https:\/\/termix.net\/blog\/wp-content\/uploads\/2018\/12\/pasador-150x150.jpg\" alt=\"\" width=\"150\" height=\"150\" srcset=\"https:\/\/termix.net\/blog\/wp-content\/uploads\/2018\/12\/pasador-150x150-66x66.jpg 66w, https:\/\/termix.net\/blog\/wp-content\/uploads\/2018\/12\/pasador-150x150.jpg 150w\" sizes=\"(max-width: 150px) 100vw, 150px\" \/> <img decoding=\"async\" class=\"alignnone size-full wp-image-24704\" src=\"https:\/\/termix.net\/blog\/wp-content\/uploads\/2018\/12\/cepillo-especial-recogidos-150x150.jpg\" alt=\"\" width=\"150\" height=\"150\" srcset=\"https:\/\/termix.net\/blog\/wp-content\/uploads\/2018\/12\/cepillo-especial-recogidos-150x150-66x66.jpg 66w, https:\/\/termix.net\/blog\/wp-content\/uploads\/2018\/12\/cepillo-especial-recogidos-150x150.jpg 150w\" sizes=\"(max-width: 150px) 100vw, 150px\" \/> <img decoding=\"async\" class=\"alignnone size-full wp-image-24702\" src=\"https:\/\/termix.net\/blog\/wp-content\/uploads\/2018\/12\/lazo-raso-negro-150x150.jpg\" alt=\"\" width=\"150\" height=\"150\" srcset=\"https:\/\/termix.net\/blog\/wp-content\/uploads\/2018\/12\/lazo-raso-negro-150x150-66x66.jpg 66w, https:\/\/termix.net\/blog\/wp-content\/uploads\/2018\/12\/lazo-raso-negro-150x150.jpg 150w\" sizes=\"(max-width: 150px) 100vw, 150px\" \/> \u00a0 \u00a0\u00a0\u00a0 \u00a0 \u00a0 \u00a0\u00a0 \u00a0<a href=\"https:\/\/www.termixstore.com\/cepillos-profesionales\/cepillo-neumatico-termix-prof-recogidos?utm_source=ArticuloNavidad&amp;utm_medium=TresEstilosMini\"><img decoding=\"async\" class=\"alignnone wp-image-14663 size-thumbnail\" src=\"https:\/\/termix.net\/blog\/wp-content\/uploads\/2018\/07\/cepillo-especial-recogidos-150x150.jpg\" alt=\"\" width=\"150\" height=\"150\" \/><\/a><\/p>\n<h3 style=\"text-align: justify;\">Para el outfit\u2026<\/h3>\n<p style=\"text-align: justify;\">\u00bfQu\u00e9 mejor que el terciopelo para acompa\u00f1ar a este peinado? Nuestra modelo y actriz, Lydia Ram\u00edrez, lleva un vestido de manga larga en color verde botella y por encima de la rodilla. Si te apetece darle un toque ca\u00f1ero al look, puedes decidirte por una chaqueta biker en combinaci\u00f3n con unas botas de estilo militar.<\/p>\n<h2 style=\"text-align: justify;\">ESTILO 3. ENCAJE Y TACHUELAS<\/h2>\n<h3 style=\"text-align: justify;\">Para el peinado\u2026<\/h3>\n<p style=\"text-align: justify;\">En este punto, con\u00a0<strong>Fin de A\u00f1o<\/strong> pis\u00e1ndonos los talones, debemos invocar a la elegancia. Para que venga a vernos en forma de peinado. Y un recogido algo diferente ser\u00e1 la apuesta segura para estas <strong>fiestas<\/strong> que nos propone la estilista Esther S\u00e1nchez.<\/p>\n<p><img decoding=\"async\" class=\"size-full wp-image-15822 aligncenter\" src=\"https:\/\/termix.net\/blog\/wp-content\/uploads\/2018\/12\/tres-estilos-de-peinado-para-navidad_5.jpg\" alt=\"tres estilos de peinado para navidad_5\" width=\"1160\" height=\"429\" \/><\/p>\n<p>1. Utilizando la base de la coleta, gira el cabello sobre s\u00ed mismo. El resultado ser\u00e1 un mo\u00f1o algo desestructurado, imperfecto, justo dentro de la tendencia actual.<\/p>\n<p>2. Una vez tengas la base del <strong>mo\u00f1o<\/strong>, suj\u00e9tala en la parte baja de la cabeza utilizando horquillas de recogido.<\/p>\n<p>3. Con el cepillo especial recogidos, pule un poco la ra\u00edz y recoloca los mechones delanteros para crear m\u00e1s espontaneidad.<\/p>\n<p>4. Por \u00faltimo, incorpora unos pasadores con tachuelas creando un marco para el recogido de lo m\u00e1s rockero.<\/p>\n<p><img decoding=\"async\" class=\"wp-image-15823 aligncenter\" src=\"https:\/\/termix.net\/blog\/wp-content\/uploads\/2018\/12\/tres-estilos-de-peinado-para-navidad_7.jpg\" alt=\"tres estilos de peinado para navidad_7\" width=\"922\" height=\"1383\" \/><\/p>\n<p style=\"text-align: justify;\">Si quieres enmarcar m\u00e1s tus rasgos, puedes optar por pulir los mechones delanteros con la <strong>plancha Passion Red<\/strong> y dotar de movimiento a las ondas.<\/p>\n<h3 style=\"text-align: justify;\">Necesitar\u00e1s\u2026<\/h3>\n<p><a href=\"https:\/\/www.termixstore.com\/cepillos-profesionales\/cepillo-neumatico-termix-prof-recogidos?utm_source=ArticuloNavidad&amp;utm_medium=TresEstilosMini\"><img decoding=\"async\" class=\"alignnone wp-image-14663 size-thumbnail\" src=\"https:\/\/termix.net\/blog\/wp-content\/uploads\/2018\/07\/cepillo-especial-recogidos-150x150.jpg\" alt=\"\" width=\"150\" height=\"150\" \/><\/a> <img decoding=\"async\" class=\"alignnone size-full wp-image-24716\" src=\"https:\/\/termix.net\/blog\/wp-content\/uploads\/2018\/12\/horquillas234-150x126.jpg\" alt=\"\" width=\"150\" height=\"126\" \/>\u00a0<img decoding=\"async\" class=\"alignnone size-thumbnail wp-image-15824\" src=\"https:\/\/termix.net\/blog\/wp-content\/uploads\/2018\/12\/pasador-150x150.jpg\" alt=\"\" width=\"150\" height=\"150\" \/><\/p>\n<h3 style=\"text-align: justify;\">Para el outfit\u2026<\/h3>\n<p style=\"text-align: justify;\">C\u00f3modo, elegante y divertido. Un romper parece encajar a la perfecci\u00f3n con esta definici\u00f3n. Y precisamente esto es lo que lleva nuestra modelo en combinaci\u00f3n con el \u00faltimo de los peinados: un mono con encaje negro.<\/p>\n<h3 style=\"text-align: justify;\">\u00bfQu\u00e9 te ha parecido? \u00bfQu\u00e9 looks o peinados para Navidad son tus preferidos? \u00bfLos combinar\u00edas de esta manera? \u00a1D\u00e9janoslo en los comentarios!<\/h3>\n<p><strong>Sobre Art Lab&#8230;<\/strong><\/p>\n<p>Inici\u00f3 sus andanzas en 2008 con el objetivo de ofrecer estilos y tendencias de alta pasarela al p\u00fablico general. Unos inicios de alto impacto que se afianzaron con los expertos profesionales, destacados <em>hair &amp; make-up artists, colorists <\/em>y<em> beauty experts<\/em> que se encargan de asesorar a celebrities y publicar en las revistas m\u00e1s reconocidas del panorama actual. <strong>\u00bfTe pasas a conocerlos?<\/strong><\/p>\n<p>D\u00f3nde est\u00e1n: <strong>C\/ Ir\u00fan, 25<\/strong><\/p>\n<\/div><div class=\"fusion-clearfix\"><\/div><\/div><\/div><\/div><\/div><div class=\"fusion-fullwidth fullwidth-box fusion-builder-row-4 nonhundred-percent-fullwidth non-hundred-percent-height-scrolling\" style=\"--awb-border-radius-top-left:0px;--awb-border-radius-top-right:0px;--awb-border-radius-bottom-right:0px;--awb-border-radius-bottom-left:0px;\" ><\/div><\/p>\n","protected":false},"excerpt":{"rendered":"","protected":false},"author":2,"featured_media":21926,"comment_status":"open","ping_status":"open","sticky":false,"template":"","format":"standard","meta":[],"categories":[6],"tags":[27,35,37],"yoast_head":"<!-- This site is optimized with the Yoast SEO plugin v20.0 - https:\/\/yoast.com\/wordpress\/plugins\/seo\/ -->\n<title>\u00a1Prepara tu cabello para estas fiestas! 3 peinados para Navidad<\/title>\n<meta name=\"description\" content=\"\u00a1Se acerca la Navidad! Y con ella, la \u00e9poca de vestirnos con lentejuelas y mucho brillo. Te proponemos 3 outfits y 3 peinados para Navidad, perfectos para que saques lo mejor de ti en estas fiestas. \u00bfCu\u00e1l de estos peinados para fin de a\u00f1o eliges?\" \/>\n<meta name=\"robots\" content=\"index, follow, max-snippet:-1, max-image-preview:large, max-video-preview:-1\" \/>\n<link rel=\"canonical\" href=\"https:\/\/termix.net\/blog\/es\/los-peinados-para-navidad-por-termix\/\" \/>\n<meta property=\"og:locale\" content=\"es_ES\" \/>\n<meta property=\"og:type\" content=\"article\" \/>\n<meta property=\"og:title\" content=\"\u00a1Prepara tu cabello para estas fiestas! 3 peinados para Navidad\" \/>\n<meta property=\"og:description\" content=\"\u00a1Se acerca la Navidad! Y con ella, la \u00e9poca de vestirnos con lentejuelas y mucho brillo. Te proponemos 3 outfits y 3 peinados para Navidad, perfectos para que saques lo mejor de ti en estas fiestas. \u00bfCu\u00e1l de estos peinados para fin de a\u00f1o eliges?\" \/>\n<meta property=\"og:url\" content=\"https:\/\/termix.net\/blog\/es\/los-peinados-para-navidad-por-termix\/\" \/>\n<meta property=\"og:site_name\" content=\"Blog Termix Spain\" \/>\n<meta property=\"article:published_time\" content=\"2018-12-14T08:31:20+00:00\" \/>\n<meta property=\"article:modified_time\" content=\"2019-12-18T08:00:11+00:00\" \/>\n<meta property=\"og:image\" content=\"https:\/\/termix.net\/blog\/wp-content\/uploads\/2018\/12\/peinados-para-navidad-por-Termix.jpg\" \/>\n\t<meta property=\"og:image:width\" content=\"1160\" \/>\n\t<meta property=\"og:image:height\" content=\"660\" \/>\n\t<meta property=\"og:image:type\" content=\"image\/jpeg\" \/>\n<meta name=\"author\" content=\"TermixTeam\" \/>\n<meta name=\"twitter:card\" content=\"summary_large_image\" \/>\n<meta name=\"twitter:label1\" content=\"Escrito por\" \/>\n\t<meta name=\"twitter:data1\" content=\"TermixTeam\" \/>\n\t<meta name=\"twitter:label2\" content=\"Tiempo de lectura\" \/>\n\t<meta name=\"twitter:data2\" content=\"12 minutos\" \/>\n<script type=\"application\/ld+json\" class=\"yoast-schema-graph\">{\"@context\":\"https:\/\/schema.org\",\"@graph\":[{\"@type\":\"Article\",\"@id\":\"https:\/\/termix.net\/blog\/es\/los-peinados-para-navidad-por-termix\/#article\",\"isPartOf\":{\"@id\":\"https:\/\/termix.net\/blog\/es\/los-peinados-para-navidad-por-termix\/\"},\"author\":{\"name\":\"TermixTeam\",\"@id\":\"https:\/\/termix.net\/blog\/es\/#\/schema\/person\/9096c98bdf03c8ddf91ad7172f254f40\"},\"headline\":\"Todo lo que quiero para Navidad es: un cabello perfecto\",\"datePublished\":\"2018-12-14T08:31:20+00:00\",\"dateModified\":\"2019-12-18T08:00:11+00:00\",\"mainEntityOfPage\":{\"@id\":\"https:\/\/termix.net\/blog\/es\/los-peinados-para-navidad-por-termix\/\"},\"wordCount\":2316,\"commentCount\":0,\"publisher\":{\"@id\":\"https:\/\/termix.net\/blog\/es\/#organization\"},\"keywords\":[\"peinados f\u00e1ciles\",\"recogidos\",\"tutorial peinados\"],\"articleSection\":[\"NOTICIAS\"],\"inLanguage\":\"es\",\"potentialAction\":[{\"@type\":\"CommentAction\",\"name\":\"Comment\",\"target\":[\"https:\/\/termix.net\/blog\/es\/los-peinados-para-navidad-por-termix\/#respond\"]}]},{\"@type\":\"WebPage\",\"@id\":\"https:\/\/termix.net\/blog\/es\/los-peinados-para-navidad-por-termix\/\",\"url\":\"https:\/\/termix.net\/blog\/es\/los-peinados-para-navidad-por-termix\/\",\"name\":\"\u00a1Prepara tu cabello para estas fiestas! 3 peinados para Navidad\",\"isPartOf\":{\"@id\":\"https:\/\/termix.net\/blog\/es\/#website\"},\"datePublished\":\"2018-12-14T08:31:20+00:00\",\"dateModified\":\"2019-12-18T08:00:11+00:00\",\"description\":\"\u00a1Se acerca la Navidad! Y con ella, la \u00e9poca de vestirnos con lentejuelas y mucho brillo. Te proponemos 3 outfits y 3 peinados para Navidad, perfectos para que saques lo mejor de ti en estas fiestas. \u00bfCu\u00e1l de estos peinados para fin de a\u00f1o eliges?\",\"breadcrumb\":{\"@id\":\"https:\/\/termix.net\/blog\/es\/los-peinados-para-navidad-por-termix\/#breadcrumb\"},\"inLanguage\":\"es\",\"potentialAction\":[{\"@type\":\"ReadAction\",\"target\":[\"https:\/\/termix.net\/blog\/es\/los-peinados-para-navidad-por-termix\/\"]}]},{\"@type\":\"BreadcrumbList\",\"@id\":\"https:\/\/termix.net\/blog\/es\/los-peinados-para-navidad-por-termix\/#breadcrumb\",\"itemListElement\":[{\"@type\":\"ListItem\",\"position\":1,\"name\":\"Home\",\"item\":\"https:\/\/termix.net\/blog\/es\/\"},{\"@type\":\"ListItem\",\"position\":2,\"name\":\"Todo lo que quiero para Navidad es: un cabello perfecto\"}]},{\"@type\":\"WebSite\",\"@id\":\"https:\/\/termix.net\/blog\/es\/#website\",\"url\":\"https:\/\/termix.net\/blog\/es\/\",\"name\":\"Blog Termix Spain\",\"description\":\"Blog de tendencias y productos de peluquer\u00eda profesional.\",\"publisher\":{\"@id\":\"https:\/\/termix.net\/blog\/es\/#organization\"},\"potentialAction\":[{\"@type\":\"SearchAction\",\"target\":{\"@type\":\"EntryPoint\",\"urlTemplate\":\"https:\/\/termix.net\/blog\/es\/?s={search_term_string}\"},\"query-input\":\"required name=search_term_string\"}],\"inLanguage\":\"es\"},{\"@type\":\"Organization\",\"@id\":\"https:\/\/termix.net\/blog\/es\/#organization\",\"name\":\"Dols Industrial de Peluquer\u00eda SA\",\"url\":\"https:\/\/termix.net\/blog\/es\/\",\"logo\":{\"@type\":\"ImageObject\",\"inLanguage\":\"es\",\"@id\":\"https:\/\/termix.net\/blog\/es\/#\/schema\/logo\/image\/\",\"url\":\"https:\/\/termix.net\/blog\/wp-content\/uploads\/2020\/10\/OGbDAeng.jpeg\",\"contentUrl\":\"https:\/\/termix.net\/blog\/wp-content\/uploads\/2020\/10\/OGbDAeng.jpeg\",\"width\":800,\"height\":800,\"caption\":\"Dols Industrial de Peluquer\u00eda SA\"},\"image\":{\"@id\":\"https:\/\/termix.net\/blog\/es\/#\/schema\/logo\/image\/\"}},{\"@type\":\"Person\",\"@id\":\"https:\/\/termix.net\/blog\/es\/#\/schema\/person\/9096c98bdf03c8ddf91ad7172f254f40\",\"name\":\"TermixTeam\",\"image\":{\"@type\":\"ImageObject\",\"inLanguage\":\"es\",\"@id\":\"https:\/\/termix.net\/blog\/es\/#\/schema\/person\/image\/\",\"url\":\"https:\/\/secure.gravatar.com\/avatar\/d89f61f6bd1c29a4acb231736d1c74b3?s=96&d=mm&r=g\",\"contentUrl\":\"https:\/\/secure.gravatar.com\/avatar\/d89f61f6bd1c29a4acb231736d1c74b3?s=96&d=mm&r=g\",\"caption\":\"TermixTeam\"},\"url\":\"https:\/\/termix.net\/blog\/es\/author\/termixteam\/\"}]}<\/script>\n<!-- \/ Yoast SEO plugin. -->","yoast_head_json":{"title":"\u00a1Prepara tu cabello para estas fiestas! 3 peinados para Navidad","description":"\u00a1Se acerca la Navidad! Y con ella, la \u00e9poca de vestirnos con lentejuelas y mucho brillo. Te proponemos 3 outfits y 3 peinados para Navidad, perfectos para que saques lo mejor de ti en estas fiestas. \u00bfCu\u00e1l de estos peinados para fin de a\u00f1o eliges?","robots":{"index":"index","follow":"follow","max-snippet":"max-snippet:-1","max-image-preview":"max-image-preview:large","max-video-preview":"max-video-preview:-1"},"canonical":"https:\/\/termix.net\/blog\/es\/los-peinados-para-navidad-por-termix\/","og_locale":"es_ES","og_type":"article","og_title":"\u00a1Prepara tu cabello para estas fiestas! 3 peinados para Navidad","og_description":"\u00a1Se acerca la Navidad! Y con ella, la \u00e9poca de vestirnos con lentejuelas y mucho brillo. Te proponemos 3 outfits y 3 peinados para Navidad, perfectos para que saques lo mejor de ti en estas fiestas. \u00bfCu\u00e1l de estos peinados para fin de a\u00f1o eliges?","og_url":"https:\/\/termix.net\/blog\/es\/los-peinados-para-navidad-por-termix\/","og_site_name":"Blog Termix Spain","article_published_time":"2018-12-14T08:31:20+00:00","article_modified_time":"2019-12-18T08:00:11+00:00","og_image":[{"width":1160,"height":660,"url":"https:\/\/termix.net\/blog\/wp-content\/uploads\/2018\/12\/peinados-para-navidad-por-Termix.jpg","type":"image\/jpeg"}],"author":"TermixTeam","twitter_card":"summary_large_image","twitter_misc":{"Escrito por":"TermixTeam","Tiempo de lectura":"12 minutos"},"schema":{"@context":"https:\/\/schema.org","@graph":[{"@type":"Article","@id":"https:\/\/termix.net\/blog\/es\/los-peinados-para-navidad-por-termix\/#article","isPartOf":{"@id":"https:\/\/termix.net\/blog\/es\/los-peinados-para-navidad-por-termix\/"},"author":{"name":"TermixTeam","@id":"https:\/\/termix.net\/blog\/es\/#\/schema\/person\/9096c98bdf03c8ddf91ad7172f254f40"},"headline":"Todo lo que quiero para Navidad es: un cabello perfecto","datePublished":"2018-12-14T08:31:20+00:00","dateModified":"2019-12-18T08:00:11+00:00","mainEntityOfPage":{"@id":"https:\/\/termix.net\/blog\/es\/los-peinados-para-navidad-por-termix\/"},"wordCount":2316,"commentCount":0,"publisher":{"@id":"https:\/\/termix.net\/blog\/es\/#organization"},"keywords":["peinados f\u00e1ciles","recogidos","tutorial peinados"],"articleSection":["NOTICIAS"],"inLanguage":"es","potentialAction":[{"@type":"CommentAction","name":"Comment","target":["https:\/\/termix.net\/blog\/es\/los-peinados-para-navidad-por-termix\/#respond"]}]},{"@type":"WebPage","@id":"https:\/\/termix.net\/blog\/es\/los-peinados-para-navidad-por-termix\/","url":"https:\/\/termix.net\/blog\/es\/los-peinados-para-navidad-por-termix\/","name":"\u00a1Prepara tu cabello para estas fiestas! 3 peinados para Navidad","isPartOf":{"@id":"https:\/\/termix.net\/blog\/es\/#website"},"datePublished":"2018-12-14T08:31:20+00:00","dateModified":"2019-12-18T08:00:11+00:00","description":"\u00a1Se acerca la Navidad! Y con ella, la \u00e9poca de vestirnos con lentejuelas y mucho brillo. Te proponemos 3 outfits y 3 peinados para Navidad, perfectos para que saques lo mejor de ti en estas fiestas. \u00bfCu\u00e1l de estos peinados para fin de a\u00f1o eliges?","breadcrumb":{"@id":"https:\/\/termix.net\/blog\/es\/los-peinados-para-navidad-por-termix\/#breadcrumb"},"inLanguage":"es","potentialAction":[{"@type":"ReadAction","target":["https:\/\/termix.net\/blog\/es\/los-peinados-para-navidad-por-termix\/"]}]},{"@type":"BreadcrumbList","@id":"https:\/\/termix.net\/blog\/es\/los-peinados-para-navidad-por-termix\/#breadcrumb","itemListElement":[{"@type":"ListItem","position":1,"name":"Home","item":"https:\/\/termix.net\/blog\/es\/"},{"@type":"ListItem","position":2,"name":"Todo lo que quiero para Navidad es: un cabello perfecto"}]},{"@type":"WebSite","@id":"https:\/\/termix.net\/blog\/es\/#website","url":"https:\/\/termix.net\/blog\/es\/","name":"Blog Termix Spain","description":"Blog de tendencias y productos de peluquer\u00eda profesional.","publisher":{"@id":"https:\/\/termix.net\/blog\/es\/#organization"},"potentialAction":[{"@type":"SearchAction","target":{"@type":"EntryPoint","urlTemplate":"https:\/\/termix.net\/blog\/es\/?s={search_term_string}"},"query-input":"required name=search_term_string"}],"inLanguage":"es"},{"@type":"Organization","@id":"https:\/\/termix.net\/blog\/es\/#organization","name":"Dols Industrial de Peluquer\u00eda SA","url":"https:\/\/termix.net\/blog\/es\/","logo":{"@type":"ImageObject","inLanguage":"es","@id":"https:\/\/termix.net\/blog\/es\/#\/schema\/logo\/image\/","url":"https:\/\/termix.net\/blog\/wp-content\/uploads\/2020\/10\/OGbDAeng.jpeg","contentUrl":"https:\/\/termix.net\/blog\/wp-content\/uploads\/2020\/10\/OGbDAeng.jpeg","width":800,"height":800,"caption":"Dols Industrial de Peluquer\u00eda SA"},"image":{"@id":"https:\/\/termix.net\/blog\/es\/#\/schema\/logo\/image\/"}},{"@type":"Person","@id":"https:\/\/termix.net\/blog\/es\/#\/schema\/person\/9096c98bdf03c8ddf91ad7172f254f40","name":"TermixTeam","image":{"@type":"ImageObject","inLanguage":"es","@id":"https:\/\/termix.net\/blog\/es\/#\/schema\/person\/image\/","url":"https:\/\/secure.gravatar.com\/avatar\/d89f61f6bd1c29a4acb231736d1c74b3?s=96&d=mm&r=g","contentUrl":"https:\/\/secure.gravatar.com\/avatar\/d89f61f6bd1c29a4acb231736d1c74b3?s=96&d=mm&r=g","caption":"TermixTeam"},"url":"https:\/\/termix.net\/blog\/es\/author\/termixteam\/"}]}},"_links":{"self":[{"href":"https:\/\/termix.net\/blog\/es\/wp-json\/wp\/v2\/posts\/15816"}],"collection":[{"href":"https:\/\/termix.net\/blog\/es\/wp-json\/wp\/v2\/posts"}],"about":[{"href":"https:\/\/termix.net\/blog\/es\/wp-json\/wp\/v2\/types\/post"}],"author":[{"embeddable":true,"href":"https:\/\/termix.net\/blog\/es\/wp-json\/wp\/v2\/users\/2"}],"replies":[{"embeddable":true,"href":"https:\/\/termix.net\/blog\/es\/wp-json\/wp\/v2\/comments?post=15816"}],"version-history":[{"count":5,"href":"https:\/\/termix.net\/blog\/es\/wp-json\/wp\/v2\/posts\/15816\/revisions"}],"predecessor-version":[{"id":24739,"href":"https:\/\/termix.net\/blog\/es\/wp-json\/wp\/v2\/posts\/15816\/revisions\/24739"}],"wp:featuredmedia":[{"embeddable":true,"href":"https:\/\/termix.net\/blog\/es\/wp-json\/wp\/v2\/media\/21926"}],"wp:attachment":[{"href":"https:\/\/termix.net\/blog\/es\/wp-json\/wp\/v2\/media?parent=15816"}],"wp:term":[{"taxonomy":"category","embeddable":true,"href":"https:\/\/termix.net\/blog\/es\/wp-json\/wp\/v2\/categories?post=15816"},{"taxonomy":"post_tag","embeddable":true,"href":"https:\/\/termix.net\/blog\/es\/wp-json\/wp\/v2\/tags?post=15816"}],"curies":[{"name":"wp","href":"https:\/\/api.w.org\/{rel}","templated":true}]}}