{"id":15689,"date":"2018-11-21T09:55:02","date_gmt":"2018-11-21T08:55:02","guid":{"rendered":"https:\/\/termix.net\/?p=15689"},"modified":"2019-12-18T09:00:49","modified_gmt":"2019-12-18T08:00:49","slug":"claves-para-aprovechar-el-black-friday","status":"publish","type":"post","link":"https:\/\/termix.net\/blog\/es\/claves-para-aprovechar-el-black-friday\/","title":{"rendered":"Todas las claves del Black Friday para sacarle el m\u00e1ximo partido"},"content":{"rendered":"<div class=\"fusion-fullwidth fullwidth-box fusion-builder-row-1 nonhundred-percent-fullwidth non-hundred-percent-height-scrolling\" style=\"--awb-border-radius-top-left:0px;--awb-border-radius-top-right:0px;--awb-border-radius-bottom-right:0px;--awb-border-radius-bottom-left:0px;\" ><div class=\"fusion-builder-row fusion-row\"><div class=\"fusion-layout-column fusion_builder_column fusion-builder-column-0 fusion_builder_column_1_1 1_1 fusion-one-full fusion-column-first fusion-column-last\" style=\"--awb-bg-size:cover;--awb-margin-top:0px;--awb-margin-bottom:0px;\"><div class=\"fusion-column-wrapper fusion-flex-column-wrapper-legacy\"><div class=\"fusion-text fusion-text-1\"><h1 style=\"text-align: center;\">Todas las claves del Black Friday para sacarle el m\u00e1ximo partido<\/h1>\n<p style=\"text-align: center;\">\u00bfCu\u00e1l es el origen del Black Friday y por qu\u00e9 deber\u00edas sumarte a esta estrategia de la que todo el ecommerce habla?<\/p>\n<p style=\"text-align: center;\">Te explicamos en detalle qu\u00e9 es el Black Friday y c\u00f3mo sacarle el m\u00e1ximo partido<\/p>\n<h3 style=\"text-align: justify;\"><img decoding=\"async\" class=\"alignnone size-full wp-image-24736\" src=\"https:\/\/termix.net\/blog\/wp-content\/uploads\/2018\/11\/black-friday-productos-termix.jpg\" alt=\"black friday productos\" width=\"1160\" height=\"660\" srcset=\"https:\/\/termix.net\/blog\/wp-content\/uploads\/2018\/11\/black-friday-productos-termix-200x114.jpg 200w, https:\/\/termix.net\/blog\/wp-content\/uploads\/2018\/11\/black-friday-productos-termix-300x171.jpg 300w, https:\/\/termix.net\/blog\/wp-content\/uploads\/2018\/11\/black-friday-productos-termix-400x228.jpg 400w, https:\/\/termix.net\/blog\/wp-content\/uploads\/2018\/11\/black-friday-productos-termix-600x341.jpg 600w, https:\/\/termix.net\/blog\/wp-content\/uploads\/2018\/11\/black-friday-productos-termix-768x437.jpg 768w, https:\/\/termix.net\/blog\/wp-content\/uploads\/2018\/11\/black-friday-productos-termix-800x455.jpg 800w, https:\/\/termix.net\/blog\/wp-content\/uploads\/2018\/11\/black-friday-productos-termix-1024x583.jpg 1024w, https:\/\/termix.net\/blog\/wp-content\/uploads\/2018\/11\/black-friday-productos-termix.jpg 1160w\" sizes=\"(max-width: 1160px) 100vw, 1160px\" \/><\/h3>\n<h2 style=\"text-align: justify;\">\u00bfC\u00f3mo se inici\u00f3 el Black Friday?<\/h2>\n<p style=\"text-align: justify;\">Es por casi todos conocido que el <strong>Black Friday<\/strong> se origin\u00f3 en el continente Americano. Un d\u00eda negro que ya se ha convertido en toda una tradici\u00f3n, gracias a la bajada de precios generalizada. Una anticipaci\u00f3n a las compras navide\u00f1as que se inici\u00f3 debido a, precisamente, una bajada s\u00fabita de precios.<\/p>\n<p style=\"text-align: justify;\">El viernes 24 de noviembre de 1869, Wall Street entraba en bancarrota debido a la mala gesti\u00f3n de dos \u2013hasta el momento- implacables financieros, Jay Gould y Jim Fisk. Este d\u00eda, negro para la econom\u00eda americana, fue bautizado como <strong>Black Friday<\/strong>, siendo el primero de la historia.<\/p>\n<p style=\"text-align: justify;\">Pero esto no acaba aqu\u00ed y es que, otra de las especulaciones relacionadas con el inicio del <strong>Black Friday<\/strong> viene vinculado al papel de los peque\u00f1os comercios.<\/p>\n<p style=\"text-align: justify;\">Despu\u00e9s de un a\u00f1o de p\u00e9rdidas o n\u00famero rojos, dichos comercios recib\u00edan el d\u00eda de Acci\u00f3n de Gracias con los brazos abiertos.<\/p>\n<p style=\"text-align: justify;\">Un d\u00eda que significaba ganancias y abundancia, convirtiendo esos n\u00fameros rojos en \u201cn\u00famero negros\u201d, es decir, beneficios que hac\u00edan recuperar, cuanto menos, el esp\u00edritu navide\u00f1o.<\/p>\n<p style=\"text-align: justify;\">Sea cu\u00e1l sea su origen, lo cierto es que el <strong>Black Friday<\/strong> es un d\u00eda que se ha afianzado\u00a0 del todo en el mercado.<\/p>\n<p style=\"text-align: justify;\">Este d\u00eda consigui\u00f3 bater r\u00e9cords de venta a nivel mundial. Concretamente en Espa\u00f1a, en el a\u00f1o 2017, la semana de <strong>Black Friday<\/strong> \u2013 incluyendo Cyber Monday &#8211; simboliz\u00f3 un total de 7 millones de pedidos. Con ello se gener\u00f3 con un incremento del 32,8% con respecto al a\u00f1o anterior. Una tendencia al alza que parece que no tiene fin.<\/p>\n<h2 style=\"text-align: justify;\">El Black Friday bate r\u00e9cords de venta a nivel mundial<\/h2>\n<p style=\"text-align: justify;\">Y aunque pueda pensarse que se trata de un d\u00eda en el que triunfan los productos vinculados a la tecnolog\u00eda, como m\u00f3viles y ordenadores, lo cierto es que estos ocupan la parte baja del r\u00e1nquing de ventas.\u00a0 \u00bfQu\u00e9 sectores ocupan los primeros puestos?<\/p>\n<p><img decoding=\"async\" class=\"alignnone size-full wp-image-24732\" src=\"https:\/\/termix.net\/blog\/wp-content\/uploads\/2018\/11\/Black-friday-Termix.jpg\" alt=\"black friday productos\" width=\"1160\" height=\"660\" srcset=\"https:\/\/termix.net\/blog\/wp-content\/uploads\/2018\/11\/Black-friday-Termix-200x114.jpg 200w, https:\/\/termix.net\/blog\/wp-content\/uploads\/2018\/11\/Black-friday-Termix-300x171.jpg 300w, https:\/\/termix.net\/blog\/wp-content\/uploads\/2018\/11\/Black-friday-Termix-400x228.jpg 400w, https:\/\/termix.net\/blog\/wp-content\/uploads\/2018\/11\/Black-friday-Termix-600x341.jpg 600w, https:\/\/termix.net\/blog\/wp-content\/uploads\/2018\/11\/Black-friday-Termix-768x437.jpg 768w, https:\/\/termix.net\/blog\/wp-content\/uploads\/2018\/11\/Black-friday-Termix-800x455.jpg 800w, https:\/\/termix.net\/blog\/wp-content\/uploads\/2018\/11\/Black-friday-Termix-1024x583.jpg 1024w, https:\/\/termix.net\/blog\/wp-content\/uploads\/2018\/11\/Black-friday-Termix.jpg 1160w\" sizes=\"(max-width: 1160px) 100vw, 1160px\" \/><\/p>\n<p style=\"text-align: justify;\">Seg\u00fan un sondeo ofrecido por Statista, los productos m\u00e1s demandados por los consumidores son:<\/p>\n<ul>\n<li style=\"text-align: justify;\">en primer lugar, ropa y calzado (80% del total)<\/li>\n<li style=\"text-align: justify;\">en segundo lugar, aqu\u00e9llos relacionados con la salud y la belleza (33%).<\/li>\n<\/ul>\n<p>Pero lo cierto es que, en una \u00e9poca donde las reviews de productos de cosm\u00e9tica y belleza por parte de influencers\u00a0 es cada vez mayor.\u00a0 El inter\u00e9s por los productos relacionados con la belleza y el wellness tambi\u00e9n se ve aumentado.<\/p>\n<p>Tan s\u00f3lo durante el \u00faltimo a\u00f1o, la venta de <strong>productos de belleza<\/strong> creci\u00f3 un 2,9%, con un gasto medio por consumidor de 215\u20ac, desbancando as\u00ed al sector tecnolog\u00eda.<\/p>\n<h2 style=\"text-align: justify;\"><strong>El Black Friday no es cuesti\u00f3n de un s\u00f3lo d\u00eda <\/strong><\/h2>\n<p style=\"text-align: justify;\">El <strong>Black Friday<\/strong> necesita del antes y el despu\u00e9s. Estos d\u00edas \u2013conocidos como el Turkey 5- abarcan desde Acci\u00f3n de Gracias al lunes Cyber Monday.<\/p>\n<p style=\"text-align: justify;\">Suponen entre un 30 y 42%\u00a0 de las ventas generadas durante el per\u00edodo de <strong>Black Friday<\/strong>. Esto resulta todo un pretexto para cuidar y darle una importancia extrema a las estrategias de marketing online.<\/p>\n<p><img decoding=\"async\" class=\"alignnone size-full wp-image-24734\" src=\"https:\/\/termix.net\/blog\/wp-content\/uploads\/2018\/11\/black-friday-termix-cepillos-cramic-colors.jpg\" alt=\"black friday productos\" width=\"1160\" height=\"660\" srcset=\"https:\/\/termix.net\/blog\/wp-content\/uploads\/2018\/11\/black-friday-termix-cepillos-cramic-colors-200x114.jpg 200w, https:\/\/termix.net\/blog\/wp-content\/uploads\/2018\/11\/black-friday-termix-cepillos-cramic-colors-300x171.jpg 300w, https:\/\/termix.net\/blog\/wp-content\/uploads\/2018\/11\/black-friday-termix-cepillos-cramic-colors-400x228.jpg 400w, https:\/\/termix.net\/blog\/wp-content\/uploads\/2018\/11\/black-friday-termix-cepillos-cramic-colors-600x341.jpg 600w, https:\/\/termix.net\/blog\/wp-content\/uploads\/2018\/11\/black-friday-termix-cepillos-cramic-colors-768x437.jpg 768w, https:\/\/termix.net\/blog\/wp-content\/uploads\/2018\/11\/black-friday-termix-cepillos-cramic-colors-800x455.jpg 800w, https:\/\/termix.net\/blog\/wp-content\/uploads\/2018\/11\/black-friday-termix-cepillos-cramic-colors-1024x583.jpg 1024w, https:\/\/termix.net\/blog\/wp-content\/uploads\/2018\/11\/black-friday-termix-cepillos-cramic-colors.jpg 1160w\" sizes=\"(max-width: 1160px) 100vw, 1160px\" \/><\/p>\n<p style=\"text-align: justify;\">La preocupaci\u00f3n est\u00e1 enfocada en que impactar a nuestros clientes potenciales durante toda la semana.<\/p>\n<p style=\"text-align: justify;\">Una estrategia que viene bendecida de antemano por la predisposici\u00f3n del cliente a la compra. Siendo as\u00ed, el \u00e9xito durante estos d\u00edas est\u00e1 pr\u00e1cticamente asegurado.<\/p>\n<h3><\/h3>\n<h3 style=\"text-align: justify;\">El D\u00eda de la Madre, Navidad y Black Friday se hacen con la quinta parte de las ventas del sector \u00a0belleza<\/h3>\n<p style=\"text-align: justify;\">Por si todav\u00eda hubiera alguna duda, es importante destacar que, esta semana se convierte en una de las 6 claves (de las 52 del a\u00f1o) para el sector de la belleza en lo que a ventas se refiere.\u00a0 Comparte protagonismo con la semana antes de Navidad, Navidad, Fin de A\u00f1o, Reyes y el D\u00eda de la Madre. Cinco semanas que, junto a la del <strong>Black Friday<\/strong>, recogen la quinta parte del gasto del consumidor en el sector belleza (seg\u00fan el informe Nielsen 2017).<\/p>\n<h3 style=\"text-align: justify;\">Pero, \u00bfpor qu\u00e9 sigue acumulando ventas la semana del Black Friday?<\/h3>\n<p style=\"text-align: justify;\">Estas son las claves del <strong>Black Friday<\/strong><\/p>\n<ul style=\"text-align: justify;\">\n<li>Facilidad de acceso a los productos que el consumidor necesita<\/li>\n<li>Reclamo eficaz de precios reducidos y promociones exclusivas<\/li>\n<li>Aumento del inter\u00e9s del consumidor por la belleza y el cuidado personal, debido al auge de las redes sociales<\/li>\n<li>Anticipaci\u00f3n al periodo navide\u00f1o<\/li>\n<li>Existe una predisposici\u00f3n del cliente a la compra (desaparece el proceso de convicci\u00f3n). Se trata de una venta \u00e1gil por lo que las campa\u00f1as pueden ser directas.<\/li>\n<li>Desaparecen las aglomeraciones en los comercios: el ahorro de las colas interminables en tienda, hace que la compra online sea la opci\u00f3n preferida por los consumidores.<\/li>\n<li>Cada vez existe una mayor confianza en los procesos de compra online y en el env\u00edo del producto adquirido<\/li>\n<\/ul>\n<h3 style=\"text-align: justify;\">\u00a1Di s\u00ed al Black Friday y potencia tus ventas al m\u00e1ximo!<\/h3>\n<\/div><div class=\"fusion-clearfix\"><\/div><\/div><\/div><\/div><\/div>\n","protected":false},"excerpt":{"rendered":"","protected":false},"author":2,"featured_media":21189,"comment_status":"open","ping_status":"open","sticky":false,"template":"","format":"standard","meta":[],"categories":[6],"tags":[],"yoast_head":"<!-- This site is optimized with the Yoast SEO plugin v20.0 - https:\/\/yoast.com\/wordpress\/plugins\/seo\/ -->\n<title>Todas las claves para aprovechar el Black Friday- Termix<\/title>\n<meta name=\"description\" content=\"\u00bfCu\u00e1l es el origen del Black Friday y por qu\u00e9 deber\u00edas sumarte a esta estrategia de la que todo el ecommerce habla? Te explicamos en detalle qu\u00e9 es el Black Friday y c\u00f3mo sacarle el m\u00e1ximo partido.\" \/>\n<meta name=\"robots\" content=\"index, follow, max-snippet:-1, max-image-preview:large, max-video-preview:-1\" \/>\n<link rel=\"canonical\" href=\"https:\/\/termix.net\/blog\/es\/claves-para-aprovechar-el-black-friday\/\" \/>\n<meta property=\"og:locale\" content=\"es_ES\" \/>\n<meta property=\"og:type\" content=\"article\" \/>\n<meta property=\"og:title\" content=\"Todas las claves para aprovechar el Black Friday- Termix\" \/>\n<meta property=\"og:description\" content=\"\u00bfCu\u00e1l es el origen del Black Friday y por qu\u00e9 deber\u00edas sumarte a esta estrategia de la que todo el ecommerce habla? Te explicamos en detalle qu\u00e9 es el Black Friday y c\u00f3mo sacarle el m\u00e1ximo partido.\" \/>\n<meta property=\"og:url\" content=\"https:\/\/termix.net\/blog\/es\/claves-para-aprovechar-el-black-friday\/\" \/>\n<meta property=\"og:site_name\" content=\"Blog Termix Spain\" \/>\n<meta property=\"article:published_time\" content=\"2018-11-21T08:55:02+00:00\" \/>\n<meta property=\"article:modified_time\" content=\"2019-12-18T08:00:49+00:00\" \/>\n<meta property=\"og:image\" content=\"https:\/\/termix.net\/blog\/wp-content\/uploads\/2019\/11\/termix-evolution-hairbrushes-will-be-on-Inbeauty-lisbon-tradeshow-1.jpg\" \/>\n\t<meta property=\"og:image:width\" content=\"1160\" \/>\n\t<meta property=\"og:image:height\" content=\"660\" \/>\n\t<meta property=\"og:image:type\" content=\"image\/jpeg\" \/>\n<meta name=\"author\" content=\"TermixTeam\" \/>\n<meta name=\"twitter:card\" content=\"summary_large_image\" \/>\n<meta name=\"twitter:label1\" content=\"Escrito por\" \/>\n\t<meta name=\"twitter:data1\" content=\"TermixTeam\" \/>\n\t<meta name=\"twitter:label2\" content=\"Tiempo de lectura\" \/>\n\t<meta name=\"twitter:data2\" content=\"5 minutos\" \/>\n<script type=\"application\/ld+json\" class=\"yoast-schema-graph\">{\"@context\":\"https:\/\/schema.org\",\"@graph\":[{\"@type\":\"Article\",\"@id\":\"https:\/\/termix.net\/blog\/es\/claves-para-aprovechar-el-black-friday\/#article\",\"isPartOf\":{\"@id\":\"https:\/\/termix.net\/blog\/es\/claves-para-aprovechar-el-black-friday\/\"},\"author\":{\"name\":\"TermixTeam\",\"@id\":\"https:\/\/termix.net\/blog\/es\/#\/schema\/person\/9096c98bdf03c8ddf91ad7172f254f40\"},\"headline\":\"Todas las claves del Black Friday para sacarle el m\u00e1ximo partido\",\"datePublished\":\"2018-11-21T08:55:02+00:00\",\"dateModified\":\"2019-12-18T08:00:49+00:00\",\"mainEntityOfPage\":{\"@id\":\"https:\/\/termix.net\/blog\/es\/claves-para-aprovechar-el-black-friday\/\"},\"wordCount\":1076,\"commentCount\":0,\"publisher\":{\"@id\":\"https:\/\/termix.net\/blog\/es\/#organization\"},\"articleSection\":[\"NOTICIAS\"],\"inLanguage\":\"es\",\"potentialAction\":[{\"@type\":\"CommentAction\",\"name\":\"Comment\",\"target\":[\"https:\/\/termix.net\/blog\/es\/claves-para-aprovechar-el-black-friday\/#respond\"]}]},{\"@type\":\"WebPage\",\"@id\":\"https:\/\/termix.net\/blog\/es\/claves-para-aprovechar-el-black-friday\/\",\"url\":\"https:\/\/termix.net\/blog\/es\/claves-para-aprovechar-el-black-friday\/\",\"name\":\"Todas las claves para aprovechar el Black Friday- Termix\",\"isPartOf\":{\"@id\":\"https:\/\/termix.net\/blog\/es\/#website\"},\"datePublished\":\"2018-11-21T08:55:02+00:00\",\"dateModified\":\"2019-12-18T08:00:49+00:00\",\"description\":\"\u00bfCu\u00e1l es el origen del Black Friday y por qu\u00e9 deber\u00edas sumarte a esta estrategia de la que todo el ecommerce habla? Te explicamos en detalle qu\u00e9 es el Black Friday y c\u00f3mo sacarle el m\u00e1ximo partido.\",\"breadcrumb\":{\"@id\":\"https:\/\/termix.net\/blog\/es\/claves-para-aprovechar-el-black-friday\/#breadcrumb\"},\"inLanguage\":\"es\",\"potentialAction\":[{\"@type\":\"ReadAction\",\"target\":[\"https:\/\/termix.net\/blog\/es\/claves-para-aprovechar-el-black-friday\/\"]}]},{\"@type\":\"BreadcrumbList\",\"@id\":\"https:\/\/termix.net\/blog\/es\/claves-para-aprovechar-el-black-friday\/#breadcrumb\",\"itemListElement\":[{\"@type\":\"ListItem\",\"position\":1,\"name\":\"Home\",\"item\":\"https:\/\/termix.net\/blog\/es\/\"},{\"@type\":\"ListItem\",\"position\":2,\"name\":\"Todas las claves del Black Friday para sacarle el m\u00e1ximo partido\"}]},{\"@type\":\"WebSite\",\"@id\":\"https:\/\/termix.net\/blog\/es\/#website\",\"url\":\"https:\/\/termix.net\/blog\/es\/\",\"name\":\"Blog Termix Spain\",\"description\":\"Blog de tendencias y productos de peluquer\u00eda profesional.\",\"publisher\":{\"@id\":\"https:\/\/termix.net\/blog\/es\/#organization\"},\"potentialAction\":[{\"@type\":\"SearchAction\",\"target\":{\"@type\":\"EntryPoint\",\"urlTemplate\":\"https:\/\/termix.net\/blog\/es\/?s={search_term_string}\"},\"query-input\":\"required name=search_term_string\"}],\"inLanguage\":\"es\"},{\"@type\":\"Organization\",\"@id\":\"https:\/\/termix.net\/blog\/es\/#organization\",\"name\":\"Dols Industrial de Peluquer\u00eda SA\",\"url\":\"https:\/\/termix.net\/blog\/es\/\",\"logo\":{\"@type\":\"ImageObject\",\"inLanguage\":\"es\",\"@id\":\"https:\/\/termix.net\/blog\/es\/#\/schema\/logo\/image\/\",\"url\":\"https:\/\/termix.net\/blog\/wp-content\/uploads\/2020\/10\/OGbDAeng.jpeg\",\"contentUrl\":\"https:\/\/termix.net\/blog\/wp-content\/uploads\/2020\/10\/OGbDAeng.jpeg\",\"width\":800,\"height\":800,\"caption\":\"Dols Industrial de Peluquer\u00eda SA\"},\"image\":{\"@id\":\"https:\/\/termix.net\/blog\/es\/#\/schema\/logo\/image\/\"}},{\"@type\":\"Person\",\"@id\":\"https:\/\/termix.net\/blog\/es\/#\/schema\/person\/9096c98bdf03c8ddf91ad7172f254f40\",\"name\":\"TermixTeam\",\"image\":{\"@type\":\"ImageObject\",\"inLanguage\":\"es\",\"@id\":\"https:\/\/termix.net\/blog\/es\/#\/schema\/person\/image\/\",\"url\":\"https:\/\/secure.gravatar.com\/avatar\/d89f61f6bd1c29a4acb231736d1c74b3?s=96&d=mm&r=g\",\"contentUrl\":\"https:\/\/secure.gravatar.com\/avatar\/d89f61f6bd1c29a4acb231736d1c74b3?s=96&d=mm&r=g\",\"caption\":\"TermixTeam\"},\"url\":\"https:\/\/termix.net\/blog\/es\/author\/termixteam\/\"}]}<\/script>\n<!-- \/ Yoast SEO plugin. -->","yoast_head_json":{"title":"Todas las claves para aprovechar el Black Friday- Termix","description":"\u00bfCu\u00e1l es el origen del Black Friday y por qu\u00e9 deber\u00edas sumarte a esta estrategia de la que todo el ecommerce habla? Te explicamos en detalle qu\u00e9 es el Black Friday y c\u00f3mo sacarle el m\u00e1ximo partido.","robots":{"index":"index","follow":"follow","max-snippet":"max-snippet:-1","max-image-preview":"max-image-preview:large","max-video-preview":"max-video-preview:-1"},"canonical":"https:\/\/termix.net\/blog\/es\/claves-para-aprovechar-el-black-friday\/","og_locale":"es_ES","og_type":"article","og_title":"Todas las claves para aprovechar el Black Friday- Termix","og_description":"\u00bfCu\u00e1l es el origen del Black Friday y por qu\u00e9 deber\u00edas sumarte a esta estrategia de la que todo el ecommerce habla? Te explicamos en detalle qu\u00e9 es el Black Friday y c\u00f3mo sacarle el m\u00e1ximo partido.","og_url":"https:\/\/termix.net\/blog\/es\/claves-para-aprovechar-el-black-friday\/","og_site_name":"Blog Termix Spain","article_published_time":"2018-11-21T08:55:02+00:00","article_modified_time":"2019-12-18T08:00:49+00:00","og_image":[{"width":1160,"height":660,"url":"https:\/\/termix.net\/blog\/wp-content\/uploads\/2019\/11\/termix-evolution-hairbrushes-will-be-on-Inbeauty-lisbon-tradeshow-1.jpg","type":"image\/jpeg"}],"author":"TermixTeam","twitter_card":"summary_large_image","twitter_misc":{"Escrito por":"TermixTeam","Tiempo de lectura":"5 minutos"},"schema":{"@context":"https:\/\/schema.org","@graph":[{"@type":"Article","@id":"https:\/\/termix.net\/blog\/es\/claves-para-aprovechar-el-black-friday\/#article","isPartOf":{"@id":"https:\/\/termix.net\/blog\/es\/claves-para-aprovechar-el-black-friday\/"},"author":{"name":"TermixTeam","@id":"https:\/\/termix.net\/blog\/es\/#\/schema\/person\/9096c98bdf03c8ddf91ad7172f254f40"},"headline":"Todas las claves del Black Friday para sacarle el m\u00e1ximo partido","datePublished":"2018-11-21T08:55:02+00:00","dateModified":"2019-12-18T08:00:49+00:00","mainEntityOfPage":{"@id":"https:\/\/termix.net\/blog\/es\/claves-para-aprovechar-el-black-friday\/"},"wordCount":1076,"commentCount":0,"publisher":{"@id":"https:\/\/termix.net\/blog\/es\/#organization"},"articleSection":["NOTICIAS"],"inLanguage":"es","potentialAction":[{"@type":"CommentAction","name":"Comment","target":["https:\/\/termix.net\/blog\/es\/claves-para-aprovechar-el-black-friday\/#respond"]}]},{"@type":"WebPage","@id":"https:\/\/termix.net\/blog\/es\/claves-para-aprovechar-el-black-friday\/","url":"https:\/\/termix.net\/blog\/es\/claves-para-aprovechar-el-black-friday\/","name":"Todas las claves para aprovechar el Black Friday- Termix","isPartOf":{"@id":"https:\/\/termix.net\/blog\/es\/#website"},"datePublished":"2018-11-21T08:55:02+00:00","dateModified":"2019-12-18T08:00:49+00:00","description":"\u00bfCu\u00e1l es el origen del Black Friday y por qu\u00e9 deber\u00edas sumarte a esta estrategia de la que todo el ecommerce habla? Te explicamos en detalle qu\u00e9 es el Black Friday y c\u00f3mo sacarle el m\u00e1ximo partido.","breadcrumb":{"@id":"https:\/\/termix.net\/blog\/es\/claves-para-aprovechar-el-black-friday\/#breadcrumb"},"inLanguage":"es","potentialAction":[{"@type":"ReadAction","target":["https:\/\/termix.net\/blog\/es\/claves-para-aprovechar-el-black-friday\/"]}]},{"@type":"BreadcrumbList","@id":"https:\/\/termix.net\/blog\/es\/claves-para-aprovechar-el-black-friday\/#breadcrumb","itemListElement":[{"@type":"ListItem","position":1,"name":"Home","item":"https:\/\/termix.net\/blog\/es\/"},{"@type":"ListItem","position":2,"name":"Todas las claves del Black Friday para sacarle el m\u00e1ximo partido"}]},{"@type":"WebSite","@id":"https:\/\/termix.net\/blog\/es\/#website","url":"https:\/\/termix.net\/blog\/es\/","name":"Blog Termix Spain","description":"Blog de tendencias y productos de peluquer\u00eda profesional.","publisher":{"@id":"https:\/\/termix.net\/blog\/es\/#organization"},"potentialAction":[{"@type":"SearchAction","target":{"@type":"EntryPoint","urlTemplate":"https:\/\/termix.net\/blog\/es\/?s={search_term_string}"},"query-input":"required name=search_term_string"}],"inLanguage":"es"},{"@type":"Organization","@id":"https:\/\/termix.net\/blog\/es\/#organization","name":"Dols Industrial de Peluquer\u00eda SA","url":"https:\/\/termix.net\/blog\/es\/","logo":{"@type":"ImageObject","inLanguage":"es","@id":"https:\/\/termix.net\/blog\/es\/#\/schema\/logo\/image\/","url":"https:\/\/termix.net\/blog\/wp-content\/uploads\/2020\/10\/OGbDAeng.jpeg","contentUrl":"https:\/\/termix.net\/blog\/wp-content\/uploads\/2020\/10\/OGbDAeng.jpeg","width":800,"height":800,"caption":"Dols Industrial de Peluquer\u00eda SA"},"image":{"@id":"https:\/\/termix.net\/blog\/es\/#\/schema\/logo\/image\/"}},{"@type":"Person","@id":"https:\/\/termix.net\/blog\/es\/#\/schema\/person\/9096c98bdf03c8ddf91ad7172f254f40","name":"TermixTeam","image":{"@type":"ImageObject","inLanguage":"es","@id":"https:\/\/termix.net\/blog\/es\/#\/schema\/person\/image\/","url":"https:\/\/secure.gravatar.com\/avatar\/d89f61f6bd1c29a4acb231736d1c74b3?s=96&d=mm&r=g","contentUrl":"https:\/\/secure.gravatar.com\/avatar\/d89f61f6bd1c29a4acb231736d1c74b3?s=96&d=mm&r=g","caption":"TermixTeam"},"url":"https:\/\/termix.net\/blog\/es\/author\/termixteam\/"}]}},"_links":{"self":[{"href":"https:\/\/termix.net\/blog\/es\/wp-json\/wp\/v2\/posts\/15689"}],"collection":[{"href":"https:\/\/termix.net\/blog\/es\/wp-json\/wp\/v2\/posts"}],"about":[{"href":"https:\/\/termix.net\/blog\/es\/wp-json\/wp\/v2\/types\/post"}],"author":[{"embeddable":true,"href":"https:\/\/termix.net\/blog\/es\/wp-json\/wp\/v2\/users\/2"}],"replies":[{"embeddable":true,"href":"https:\/\/termix.net\/blog\/es\/wp-json\/wp\/v2\/comments?post=15689"}],"version-history":[{"count":4,"href":"https:\/\/termix.net\/blog\/es\/wp-json\/wp\/v2\/posts\/15689\/revisions"}],"predecessor-version":[{"id":21948,"href":"https:\/\/termix.net\/blog\/es\/wp-json\/wp\/v2\/posts\/15689\/revisions\/21948"}],"wp:featuredmedia":[{"embeddable":true,"href":"https:\/\/termix.net\/blog\/es\/wp-json\/wp\/v2\/media\/21189"}],"wp:attachment":[{"href":"https:\/\/termix.net\/blog\/es\/wp-json\/wp\/v2\/media?parent=15689"}],"wp:term":[{"taxonomy":"category","embeddable":true,"href":"https:\/\/termix.net\/blog\/es\/wp-json\/wp\/v2\/categories?post=15689"},{"taxonomy":"post_tag","embeddable":true,"href":"https:\/\/termix.net\/blog\/es\/wp-json\/wp\/v2\/tags?post=15689"}],"curies":[{"name":"wp","href":"https:\/\/api.w.org\/{rel}","templated":true}]}}