{"id":15464,"date":"2018-10-29T10:42:00","date_gmt":"2018-10-29T09:42:00","guid":{"rendered":"https:\/\/termix.net\/?p=15464"},"modified":"2019-12-17T16:40:04","modified_gmt":"2019-12-17T15:40:04","slug":"5-maneras-de-utilizar-la-raqueta-80s-profesional","status":"publish","type":"post","link":"https:\/\/termix.net\/blog\/es\/5-maneras-de-utilizar-la-raqueta-80s-profesional\/","title":{"rendered":"5 maneras de utilizar la raqueta 80s profesional"},"content":{"rendered":"<p><div class=\"fusion-fullwidth fullwidth-box fusion-builder-row-1 faded-background fusion-parallax-none nonhundred-percent-fullwidth non-hundred-percent-height-scrolling fusion-no-small-visibility fusion-no-medium-visibility\" style=\"--awb-border-radius-top-left:0px;--awb-border-radius-top-right:0px;--awb-border-radius-bottom-right:0px;--awb-border-radius-bottom-left:0px;--awb-padding-top:24%;--awb-padding-right:3%;--awb-padding-left:3%;--awb-background-size:cover;\" ><div class=\"fullwidth-faded\" style=\"--awb-background-color:#181818;--awb-background-image:url(https:\/\/termix.net\/blog\/wp-content\/uploads\/2018\/10\/diferentes-maneras-de-utilizar-las-raquetas-profesionales-termix-anos-80s.jpg);--awb-background-size:cover;\" ><\/div><div class=\"fusion-builder-row fusion-row\"><div class=\"fusion-layout-column fusion_builder_column fusion-builder-column-0 fusion_builder_column_1_1 1_1 fusion-one-full fusion-column-first fusion-column-last\" style=\"--awb-padding-top:6%;--awb-padding-right:8%;--awb-padding-bottom:6%;--awb-padding-left:8%;--awb-bg-color:rgba(255,255,255,0.7);--awb-bg-size:cover;--awb-margin-top:0px;--awb-margin-bottom:0px;\"><div class=\"fusion-column-wrapper fusion-column-has-shadow fusion-flex-column-wrapper-legacy\"><div class=\"fusion-text fusion-text-1 caption\"><p style=\"text-align: center;\">Novedades \u2014 3 min de lectura<\/p>\n<\/div><div class=\"fusion-title title fusion-title-1 fusion-sep-none fusion-title-center fusion-title-text fusion-title-size-two\" style=\"--awb-margin-top:30px;--awb-margin-bottom:20px;\"><h2 class=\"title-heading-center fusion-responsive-typography-calculated\" style=\"margin:0;--fontSize:50;line-height:1.28;\">5 maneras de utilizar la raqueta 80s profesional<\/h2><\/div><div class=\"fusion-clearfix\"><\/div><\/div><\/div><\/div><\/div><div class=\"fusion-fullwidth fullwidth-box fusion-builder-row-2 fusion-parallax-none nonhundred-percent-fullwidth non-hundred-percent-height-scrolling fusion-no-large-visibility\" style=\"--awb-border-radius-top-left:0px;--awb-border-radius-top-right:0px;--awb-border-radius-bottom-right:0px;--awb-border-radius-bottom-left:0px;--awb-background-image:url(&quot;https:\/\/termix.net\/blog\/wp-content\/uploads\/2019\/11\/con-el-secador-compacto-profesioanl-4300-de-termix-damos-volumen-al-cabello-1.jpg&quot;);--awb-background-size:cover;\" ><div class=\"fusion-builder-row fusion-row\"><div class=\"fusion-layout-column fusion_builder_column fusion-builder-column-1 fusion_builder_column_1_1 1_1 fusion-one-full fusion-column-first fusion-column-last fusion-column-inner-bg-wrapper\" style=\"--awb-padding-top:10%;--awb-padding-bottom:10%;--awb-inner-bg-image:url(&#039;http:\/\/termix.net\/blog\/wp-content\/uploads\/2019\/03\/single-blog-post-feat.jpg&#039;);--awb-inner-bg-position:center center;--awb-inner-bg-size:cover;\"><span class=\"fusion-column-inner-bg hover-type-zoomout\"><span class=\"fusion-column-anchor\"><span class=\"fusion-column-inner-bg-image\"><\/span><\/span><\/span><div class=\"fusion-column-wrapper fusion-flex-column-wrapper-legacy\" data-bg-url=\"http:\/\/termix.net\/blog\/wp-content\/uploads\/2019\/03\/single-blog-post-feat.jpg\"><div class=\"fusion-sep-clear\"><\/div><div class=\"fusion-separator fusion-no-large-visibility fusion-full-width-sep\" style=\"margin-left: auto;margin-right: auto;margin-top:200px;width:100%;\"><\/div><div class=\"fusion-sep-clear\"><\/div><div class=\"fusion-clearfix\"><\/div><\/div><\/div><div class=\"fusion-layout-column fusion_builder_column fusion-builder-column-2 fusion_builder_column_1_1 1_1 fusion-one-full fusion-column-first fusion-column-last\" style=\"--awb-padding-top:6%;--awb-bg-color:#ffffff;--awb-bg-size:cover;--awb-margin-top:0px;--awb-margin-bottom:0px;\"><div class=\"fusion-column-wrapper fusion-flex-column-wrapper-legacy\"><div class=\"fusion-text fusion-text-2 caption\"><p style=\"text-align: center;\">Novedades \u2014 3 min de lectura<\/p>\n<\/div><div class=\"fusion-title title fusion-title-2 fusion-sep-none fusion-title-center fusion-title-text fusion-title-size-two\" style=\"--awb-margin-top:30px;--awb-margin-bottom:20px;\"><h2 class=\"title-heading-center fusion-responsive-typography-calculated\" style=\"margin:0;--fontSize:50;line-height:1.28;\">5 maneras de utilizar la raqueta 80s profesional<\/h2><\/div><div class=\"fusion-clearfix\"><\/div><\/div><\/div><\/div><\/div><div class=\"fusion-fullwidth fullwidth-box fusion-builder-row-3 nonhundred-percent-fullwidth non-hundred-percent-height-scrolling\" style=\"--awb-border-radius-top-left:0px;--awb-border-radius-top-right:0px;--awb-border-radius-bottom-right:0px;--awb-border-radius-bottom-left:0px;--awb-padding-top:10px;--awb-padding-bottom:4%;\" ><div class=\"fusion-builder-row fusion-row\"><div class=\"fusion-layout-column fusion_builder_column fusion-builder-column-3 fusion_builder_column_1_6 1_6 fusion-one-sixth fusion-column-first fusion-no-small-visibility fusion-no-medium-visibility\" style=\"--awb-bg-size:cover;width:16.666666666667%;width:calc(16.666666666667% - ( ( 0 ) * 0.16666666666667 ) );margin-right: 0px;\"><div class=\"fusion-column-wrapper fusion-flex-column-wrapper-legacy\"><div class=\"fusion-clearfix\"><\/div><\/div><\/div><div class=\"fusion-layout-column fusion_builder_column fusion-builder-column-4 fusion_builder_column_2_3 2_3 fusion-two-third fusion-column-last\" style=\"--awb-bg-size:cover;width:66.666666666667%;width:calc(66.666666666667% - ( ( 0 ) * 0.66666666666667 ) );\"><div class=\"fusion-column-wrapper fusion-flex-column-wrapper-legacy\"><div class=\"fusion-sep-clear\"><\/div><div class=\"fusion-separator fusion-full-width-sep\" style=\"margin-left: auto;margin-right: auto;margin-top:30px;width:100%;\"><\/div><div class=\"fusion-sep-clear\"><\/div><div class=\"fusion-text fusion-text-3\"><p style=\"text-align: center;\"><span style=\"font-size: 22px; line-height: 1.5em;\"> Elegir el cepillo adecuado al tipo de cabello que tengamos se convierte en una de las claves para lucir una melena brillante, sedosa y perfecta. Hoy, queremos hacer un repaso en detalle a una de las herramientas de peluquer\u00eda profesional m\u00e1s polifac\u00e9ticas del momento: <strong>la raqueta 80s de Termix,<\/strong> uno de los nuevos lanzamientos de la marca que se integra de lleno en el dise\u00f1o m\u00e1s retro. <\/span><\/p>\n<p style=\"text-align: center;\"><strong><span style=\"font-size: 22px; line-height: 1.5em;\">\u00bfQuieres descubrir todos los secretos que se esconden detr\u00e1s de este cepillo?<\/span><\/strong><\/p>\n<\/div><div class=\"fusion-sep-clear\"><\/div><div class=\"fusion-separator fusion-full-width-sep\" style=\"margin-left: auto;margin-right: auto;margin-top:30px;width:100%;\"><\/div><div class=\"fusion-sep-clear\"><\/div><div class=\"fusion-text fusion-text-4\"><h3><\/h3>\n<h2 style=\"text-align: justify;\">\u00a0Estas son las 5 maneras de utilizar la <strong>raqueta 80s<\/strong> profesional:<\/h2>\n<h2 style=\"text-align: justify;\">DESENREDA DESPU\u00c9S DEL LAVADO<\/h2>\n<p style=\"text-align: justify;\">Nuestro cabello en h\u00famedo es mucho m\u00e1s vulnerable. Esto sucede porque las prote\u00ednas y otros componentes que lo integran, se encuentran mucho menos compactos, siendo un factor que debilita su estructura y la hace mucho m\u00e1s quebradiza. En estos momentos pues, se intensifica la importancia de elegir el <strong>cepillo adecuado para desenredarlo<\/strong>. Esto es, un cepillo que respete la estructura del cabello y se deslice f\u00e1cilmente en la melena mojada.<\/p>\n<p><img decoding=\"async\" class=\"alignnone size-full wp-image-24551\" src=\"https:\/\/termix.net\/blog\/wp-content\/uploads\/2018\/10\/lavarse-el-pelo-en-verano-1.jpg\" alt=\"raqueta profesional termix\" width=\"1160\" height=\"660\" srcset=\"https:\/\/termix.net\/blog\/wp-content\/uploads\/2018\/10\/lavarse-el-pelo-en-verano-1-200x114.jpg 200w, https:\/\/termix.net\/blog\/wp-content\/uploads\/2018\/10\/lavarse-el-pelo-en-verano-1-300x171.jpg 300w, https:\/\/termix.net\/blog\/wp-content\/uploads\/2018\/10\/lavarse-el-pelo-en-verano-1-400x228.jpg 400w, https:\/\/termix.net\/blog\/wp-content\/uploads\/2018\/10\/lavarse-el-pelo-en-verano-1-600x341.jpg 600w, https:\/\/termix.net\/blog\/wp-content\/uploads\/2018\/10\/lavarse-el-pelo-en-verano-1-768x437.jpg 768w, https:\/\/termix.net\/blog\/wp-content\/uploads\/2018\/10\/lavarse-el-pelo-en-verano-1-800x455.jpg 800w, https:\/\/termix.net\/blog\/wp-content\/uploads\/2018\/10\/lavarse-el-pelo-en-verano-1-1024x583.jpg 1024w, https:\/\/termix.net\/blog\/wp-content\/uploads\/2018\/10\/lavarse-el-pelo-en-verano-1.jpg 1160w\" sizes=\"(max-width: 1160px) 100vw, 1160px\" \/><\/p>\n<p style=\"text-align: justify;\">La raqueta profesional a\u00f1os 80 de Termix cumple con estas condiciones. Gracias a sus p\u00faas anchas de nylon flexible, consiguen desenredar el cabello sin partirlo o da\u00f1arlo, eliminando los nudos f\u00e1cilmente. Adem\u00e1s, es compatible con todo tipo de cabellos, desde el m\u00e1s rizado al m\u00e1s liso. Si est\u00e1s buscando un cepillo que no rompa el pelo\u2026 \u00a1la <strong>raqueta profesional a\u00f1os 80s<\/strong> es la ideal para ti!<\/p>\n<h2 style=\"text-align: justify;\">PREPARA LA RA\u00cdZ DEL CABELLO: \u00a1POTENCIA SU VOLUMEN!<\/h2>\n<p style=\"text-align: justify;\">Otra de las principales ventajas de la <strong>raqueta 80s<\/strong> es que permite preparar la ra\u00edz del cabello antes de pasar moldearlo o de la realizaci\u00f3n de <em>brushings<\/em>. Esto es, aport\u00e1ndole un volumen extra para evitar la languidez de aquellas melenas ultralisas, para obtener un cabello con muchos m\u00e1s matices, texturas y, sobretodo, volumen. Porque para lucir una melena en tres dimensiones no hay nada mejor que elevarla con un cepillo como la raqueta a\u00f1os 80s de Termix.<\/p>\n<p><img decoding=\"async\" class=\"alignnone size-full wp-image-24549\" src=\"https:\/\/termix.net\/blog\/wp-content\/uploads\/2018\/10\/distintas-maneras-de-utilizar-el-cepillo-raqueta-termix.jpg\" alt=\"raqueta profesional termix\" width=\"1160\" height=\"660\" srcset=\"https:\/\/termix.net\/blog\/wp-content\/uploads\/2018\/10\/distintas-maneras-de-utilizar-el-cepillo-raqueta-termix-200x114.jpg 200w, https:\/\/termix.net\/blog\/wp-content\/uploads\/2018\/10\/distintas-maneras-de-utilizar-el-cepillo-raqueta-termix-300x171.jpg 300w, https:\/\/termix.net\/blog\/wp-content\/uploads\/2018\/10\/distintas-maneras-de-utilizar-el-cepillo-raqueta-termix-400x228.jpg 400w, https:\/\/termix.net\/blog\/wp-content\/uploads\/2018\/10\/distintas-maneras-de-utilizar-el-cepillo-raqueta-termix-600x341.jpg 600w, https:\/\/termix.net\/blog\/wp-content\/uploads\/2018\/10\/distintas-maneras-de-utilizar-el-cepillo-raqueta-termix-768x437.jpg 768w, https:\/\/termix.net\/blog\/wp-content\/uploads\/2018\/10\/distintas-maneras-de-utilizar-el-cepillo-raqueta-termix-800x455.jpg 800w, https:\/\/termix.net\/blog\/wp-content\/uploads\/2018\/10\/distintas-maneras-de-utilizar-el-cepillo-raqueta-termix-1024x583.jpg 1024w, https:\/\/termix.net\/blog\/wp-content\/uploads\/2018\/10\/distintas-maneras-de-utilizar-el-cepillo-raqueta-termix.jpg 1160w\" sizes=\"(max-width: 1160px) 100vw, 1160px\" \/><\/p>\n<p style=\"text-align: justify;\">Un consejo: si vas a realizar un <em><strong>brushing<\/strong><\/em>, lo m\u00e1s indicado es que elimines la humedad excesiva del cabello antes. Este paso previo, es indispensable si deseas lucir una melena suave y con un <strong>aspecto hidratado<\/strong>. \u00bfPor qu\u00e9? Puesto que, con ello, conseguimos <strong>oxigenar el cabello<\/strong>, dot\u00e1ndolo de un mayor movimiento. Pero recuerda realizar el movimiento de la raqueta siempre de ra\u00edz a puntas, con un movimiento redondeado y por la parte interna del cabello. Adem\u00e1s, el cepillo raqueta se convierte en el aliado perfecto para <strong>alisar<\/strong>, siendo especialmente recomendado para melenas que acostumbran a encresparse. \u00a1Notar\u00e1s como tu cabello parece m\u00e1s denso!<\/p>\n<h2 style=\"text-align: justify;\">MASAJEA EL CUERO CABELLUDO CON LAS P\u00daAS REDONDEADAS<\/h2>\n<p style=\"text-align: justify;\">\u00bfTe apetece un masaje? Con la <strong>raqueta 80s<\/strong> puedes permitirte uno en el cuero cabelludo siempre que quieras. Porque gracias a sus puntas redondeadas, consiguen <strong>masajear la ra\u00edz<\/strong> suavemente. Y, \u00bfqu\u00e9 nos aportar\u00e1 esto? Pues, adem\u00e1s de una agradable sensaci\u00f3n, conseguiremos <strong>activar el riesgo sangu\u00edneo<\/strong> de la zona, con lo que potenciaremos el crecimiento de un cabello m\u00e1s sano y fuerte. Adem\u00e1s, tambi\u00e9n exfoliaremos el cuero cabelludo, eliminando suavemente la piel apagada y potenciando su regeneraci\u00f3n.<\/p>\n<p><img decoding=\"async\" class=\"alignnone size-full wp-image-24547\" src=\"https:\/\/termix.net\/blog\/wp-content\/uploads\/2018\/10\/diferentes-maneras-de-utilizar-la-raqueta-termix-80s.jpg\" alt=\"raqueta profesional termix\" width=\"1160\" height=\"660\" srcset=\"https:\/\/termix.net\/blog\/wp-content\/uploads\/2018\/10\/diferentes-maneras-de-utilizar-la-raqueta-termix-80s-200x114.jpg 200w, https:\/\/termix.net\/blog\/wp-content\/uploads\/2018\/10\/diferentes-maneras-de-utilizar-la-raqueta-termix-80s-300x171.jpg 300w, https:\/\/termix.net\/blog\/wp-content\/uploads\/2018\/10\/diferentes-maneras-de-utilizar-la-raqueta-termix-80s-400x228.jpg 400w, https:\/\/termix.net\/blog\/wp-content\/uploads\/2018\/10\/diferentes-maneras-de-utilizar-la-raqueta-termix-80s-600x341.jpg 600w, https:\/\/termix.net\/blog\/wp-content\/uploads\/2018\/10\/diferentes-maneras-de-utilizar-la-raqueta-termix-80s-768x437.jpg 768w, https:\/\/termix.net\/blog\/wp-content\/uploads\/2018\/10\/diferentes-maneras-de-utilizar-la-raqueta-termix-80s-800x455.jpg 800w, https:\/\/termix.net\/blog\/wp-content\/uploads\/2018\/10\/diferentes-maneras-de-utilizar-la-raqueta-termix-80s-1024x583.jpg 1024w, https:\/\/termix.net\/blog\/wp-content\/uploads\/2018\/10\/diferentes-maneras-de-utilizar-la-raqueta-termix-80s.jpg 1160w\" sizes=\"(max-width: 1160px) 100vw, 1160px\" \/><\/p>\n<h2 style=\"text-align: justify;\">DESENREDA EL CABELLO EN SECO<\/h2>\n<p style=\"text-align: justify;\">No s\u00f3lo se trata de <strong>desenredar<\/strong>, sino de hacerlo <strong>respetando la estructura<\/strong> y composici\u00f3n del cabello. Pues bien, volviendo a las p\u00faas de la raqueta 80s, encontramos que, gracias a su grosor y flexibilidad, permiten desenredar todo tipo de cabellos en seco. Pero, \u00bfqu\u00e9 hacemos con la <strong>electricidad est\u00e1tica<\/strong>? No te preocupes, porque como estas fibras evitan la rotura prematura del cabello, de forma natural, tambi\u00e9n evitar\u00e1n el encrespado. Porque el temido \u201c<em><strong>efecto frizz<\/strong><\/em>\u201d no es otra cosa que falta de hidrataci\u00f3n. Y un cabello sin humedad se vuelve m\u00e1s quebradizo y apagado. Es por ello que, utilizar cepillos adecuados a tu tipo de cabello, se convierte en un seguro de vida para la salud de tu cabello. Si tu problema es este, ser\u00eda recomendable adem\u00e1s, utilizar frecuentemente mascarillas para suavizar y rehidratar tu cabello. 2+2= <strong>\u00a1cabello perfecto!<\/strong><\/p>\n<p><img decoding=\"async\" class=\"alignnone size-full wp-image-24545\" src=\"https:\/\/termix.net\/blog\/wp-content\/uploads\/2018\/10\/diferentes-maneras-de-utilizar-las-raquetas-profesionales-termix-anos-80s-1.jpg\" alt=\"raqueta profesional termix\" width=\"1160\" height=\"660\" srcset=\"https:\/\/termix.net\/blog\/wp-content\/uploads\/2018\/10\/diferentes-maneras-de-utilizar-las-raquetas-profesionales-termix-anos-80s-1-200x114.jpg 200w, https:\/\/termix.net\/blog\/wp-content\/uploads\/2018\/10\/diferentes-maneras-de-utilizar-las-raquetas-profesionales-termix-anos-80s-1-300x171.jpg 300w, https:\/\/termix.net\/blog\/wp-content\/uploads\/2018\/10\/diferentes-maneras-de-utilizar-las-raquetas-profesionales-termix-anos-80s-1-400x228.jpg 400w, https:\/\/termix.net\/blog\/wp-content\/uploads\/2018\/10\/diferentes-maneras-de-utilizar-las-raquetas-profesionales-termix-anos-80s-1-600x341.jpg 600w, https:\/\/termix.net\/blog\/wp-content\/uploads\/2018\/10\/diferentes-maneras-de-utilizar-las-raquetas-profesionales-termix-anos-80s-1-768x437.jpg 768w, https:\/\/termix.net\/blog\/wp-content\/uploads\/2018\/10\/diferentes-maneras-de-utilizar-las-raquetas-profesionales-termix-anos-80s-1-800x455.jpg 800w, https:\/\/termix.net\/blog\/wp-content\/uploads\/2018\/10\/diferentes-maneras-de-utilizar-las-raquetas-profesionales-termix-anos-80s-1-1024x583.jpg 1024w, https:\/\/termix.net\/blog\/wp-content\/uploads\/2018\/10\/diferentes-maneras-de-utilizar-las-raquetas-profesionales-termix-anos-80s-1.jpg 1160w\" sizes=\"(max-width: 1160px) 100vw, 1160px\" \/><\/p>\n<h2 style=\"text-align: justify;\">BRUSHING MUY NATURAL<\/h2>\n<p style=\"text-align: justify;\">Por \u00faltimo, con la <strong>raqueta 80s<\/strong> de Termix podemos realizar un sencillo brushing para lograr un acabado muy natural en una <strong>melena pulida<\/strong> y con movimiento. Un estilo siempre elegante y muy polivalente que, adem\u00e1s, es muy f\u00e1cil de conseguir:<\/p>\n<h3 style=\"text-align: justify;\">PASO 1<\/h3>\n<p style=\"text-align: justify;\">Despu\u00e9s de <strong>desenredar el cabello<\/strong> con la misma raqueta, quitaremos el m\u00e1ximo de humedad del cabello, utilizando el secador a una potencia media y en una direcci\u00f3n, siempre enfocando el aire hacia abajo.<\/p>\n<h3 style=\"text-align: justify;\">PASO 2<\/h3>\n<p style=\"text-align: justify;\">Realizaremos particiones para poder trabajar m\u00e1s c\u00f3modamente con el cabello, situando siempre en primer lugar la raya del pelo (lateral o en medio).<\/p>\n<h3 style=\"text-align: justify;\">PASO 3<\/h3>\n<p style=\"text-align: justify;\">Posicionando la raqueta 80s por la parte interna del cabello y <strong>pasando el secador <\/strong>por encima (siempre a una distancia prudencial y con una temperatura adecuada) iremos perfilando cada mech\u00f3n de ra\u00edz a puntas.<\/p>\n<h3 style=\"text-align: justify;\">PASO 4<\/h3>\n<p style=\"text-align: justify;\">Moldearemos todo el cabello de la misma manera. Para finalizar, aportaremos un poco de <strong>aire fr\u00edo al cabello<\/strong> para fijar el alisado. Y \u00a1perfecta en tan s\u00f3lo unos minutos!<\/p>\n<p><iframe src=\"https:\/\/www.youtube.com\/embed\/Hrn1xDMIN_A?rel=0\" width=\"100%\" height=\"480\" frameborder=\"0\" allowfullscreen=\"allowfullscreen\"><\/iframe><\/p>\n<h2 style=\"text-align: justify;\">Y t\u00fa, \u00bfte has decidido ya por uno de los tres dise\u00f1os disponibles de la nueva<strong> raqueta 80s<\/strong> de Termi?<\/h2>\n<\/div><div class=\"fusion-clearfix\"><\/div><\/div><\/div><\/div><\/div><div class=\"fusion-fullwidth fullwidth-box fusion-builder-row-4 nonhundred-percent-fullwidth non-hundred-percent-height-scrolling\" style=\"--awb-border-radius-top-left:0px;--awb-border-radius-top-right:0px;--awb-border-radius-bottom-right:0px;--awb-border-radius-bottom-left:0px;\" ><\/div><\/p>\n","protected":false},"excerpt":{"rendered":"","protected":false},"author":2,"featured_media":21961,"comment_status":"open","ping_status":"open","sticky":false,"template":"","format":"standard","meta":[],"categories":[6],"tags":[],"yoast_head":"<!-- This site is optimized with the Yoast SEO plugin v20.0 - https:\/\/yoast.com\/wordpress\/plugins\/seo\/ -->\n<title>5 maneras de utilizar la raqueta ochentera de Termix - Peluquer\u00eda<\/title>\n<meta name=\"description\" content=\"\u00bfSab\u00e1s que le pod\u00edas sacar todav\u00eda mucho m\u00e1s partido a tus raquetas a\u00f1os 80s de Termix? Te explicamos 5 usos de esta raqueta que cuidar\u00e1 tu cabello sea cu\u00e1l sea su tipo. \u00bfA qu\u00e9 esperas para probar? \u00a1Consigue una melena perfecta con las raquetas m\u00e1s ochenteras!\" \/>\n<meta name=\"robots\" content=\"index, follow, max-snippet:-1, max-image-preview:large, max-video-preview:-1\" \/>\n<link rel=\"canonical\" href=\"https:\/\/termix.net\/blog\/es\/5-maneras-de-utilizar-la-raqueta-80s-profesional\/\" \/>\n<meta property=\"og:locale\" content=\"es_ES\" \/>\n<meta property=\"og:type\" content=\"article\" \/>\n<meta property=\"og:title\" content=\"5 maneras de utilizar la raqueta 80s profesional\" \/>\n<meta property=\"og:description\" content=\"\u00bfSab\u00e1s que le pod\u00edas sacar todav\u00eda mucho m\u00e1s partido a tus raquetas a\u00f1os 80s de Termix? Te explicamos 5 usos de esta raqueta que cuidar\u00e1 tu cabello sea cu\u00e1l sea su tipo. \u00bfA qu\u00e9 esperas para probar? \u00a1Consigue una melena perfecta con las raquetas m\u00e1s ochenteras!\" \/>\n<meta property=\"og:url\" content=\"https:\/\/termix.net\/blog\/es\/5-maneras-de-utilizar-la-raqueta-80s-profesional\/\" \/>\n<meta property=\"og:site_name\" content=\"Blog Termix Spain\" \/>\n<meta property=\"article:published_time\" content=\"2018-10-29T09:42:00+00:00\" \/>\n<meta property=\"article:modified_time\" content=\"2019-12-17T15:40:04+00:00\" \/>\n<meta property=\"og:image\" content=\"https:\/\/termix.net\/wp-content\/uploads\/2018\/10\/diferentes-maneras-de-utilizar-las-raquetas-profesionales-termix-anos-80s.jpg\" \/>\n<meta name=\"author\" content=\"TermixTeam\" \/>\n<meta name=\"twitter:card\" content=\"summary_large_image\" \/>\n<meta name=\"twitter:label1\" content=\"Escrito por\" \/>\n\t<meta name=\"twitter:data1\" content=\"TermixTeam\" \/>\n\t<meta name=\"twitter:label2\" content=\"Tiempo de lectura\" \/>\n\t<meta name=\"twitter:data2\" content=\"10 minutos\" \/>\n<script type=\"application\/ld+json\" class=\"yoast-schema-graph\">{\"@context\":\"https:\/\/schema.org\",\"@graph\":[{\"@type\":\"Article\",\"@id\":\"https:\/\/termix.net\/blog\/es\/5-maneras-de-utilizar-la-raqueta-80s-profesional\/#article\",\"isPartOf\":{\"@id\":\"https:\/\/termix.net\/blog\/es\/5-maneras-de-utilizar-la-raqueta-80s-profesional\/\"},\"author\":{\"name\":\"TermixTeam\",\"@id\":\"https:\/\/termix.net\/blog\/es\/#\/schema\/person\/9096c98bdf03c8ddf91ad7172f254f40\"},\"headline\":\"5 maneras de utilizar la raqueta 80s profesional\",\"datePublished\":\"2018-10-29T09:42:00+00:00\",\"dateModified\":\"2019-12-17T15:40:04+00:00\",\"mainEntityOfPage\":{\"@id\":\"https:\/\/termix.net\/blog\/es\/5-maneras-de-utilizar-la-raqueta-80s-profesional\/\"},\"wordCount\":2061,\"commentCount\":0,\"publisher\":{\"@id\":\"https:\/\/termix.net\/blog\/es\/#organization\"},\"articleSection\":[\"NOTICIAS\"],\"inLanguage\":\"es\",\"potentialAction\":[{\"@type\":\"CommentAction\",\"name\":\"Comment\",\"target\":[\"https:\/\/termix.net\/blog\/es\/5-maneras-de-utilizar-la-raqueta-80s-profesional\/#respond\"]}]},{\"@type\":\"WebPage\",\"@id\":\"https:\/\/termix.net\/blog\/es\/5-maneras-de-utilizar-la-raqueta-80s-profesional\/\",\"url\":\"https:\/\/termix.net\/blog\/es\/5-maneras-de-utilizar-la-raqueta-80s-profesional\/\",\"name\":\"5 maneras de utilizar la raqueta ochentera de Termix - Peluquer\u00eda\",\"isPartOf\":{\"@id\":\"https:\/\/termix.net\/blog\/es\/#website\"},\"datePublished\":\"2018-10-29T09:42:00+00:00\",\"dateModified\":\"2019-12-17T15:40:04+00:00\",\"description\":\"\u00bfSab\u00e1s que le pod\u00edas sacar todav\u00eda mucho m\u00e1s partido a tus raquetas a\u00f1os 80s de Termix? Te explicamos 5 usos de esta raqueta que cuidar\u00e1 tu cabello sea cu\u00e1l sea su tipo. \u00bfA qu\u00e9 esperas para probar? \u00a1Consigue una melena perfecta con las raquetas m\u00e1s ochenteras!\",\"breadcrumb\":{\"@id\":\"https:\/\/termix.net\/blog\/es\/5-maneras-de-utilizar-la-raqueta-80s-profesional\/#breadcrumb\"},\"inLanguage\":\"es\",\"potentialAction\":[{\"@type\":\"ReadAction\",\"target\":[\"https:\/\/termix.net\/blog\/es\/5-maneras-de-utilizar-la-raqueta-80s-profesional\/\"]}]},{\"@type\":\"BreadcrumbList\",\"@id\":\"https:\/\/termix.net\/blog\/es\/5-maneras-de-utilizar-la-raqueta-80s-profesional\/#breadcrumb\",\"itemListElement\":[{\"@type\":\"ListItem\",\"position\":1,\"name\":\"Home\",\"item\":\"https:\/\/termix.net\/blog\/es\/\"},{\"@type\":\"ListItem\",\"position\":2,\"name\":\"5 maneras de utilizar la raqueta 80s profesional\"}]},{\"@type\":\"WebSite\",\"@id\":\"https:\/\/termix.net\/blog\/es\/#website\",\"url\":\"https:\/\/termix.net\/blog\/es\/\",\"name\":\"Blog Termix Spain\",\"description\":\"Blog de tendencias y productos de peluquer\u00eda profesional.\",\"publisher\":{\"@id\":\"https:\/\/termix.net\/blog\/es\/#organization\"},\"potentialAction\":[{\"@type\":\"SearchAction\",\"target\":{\"@type\":\"EntryPoint\",\"urlTemplate\":\"https:\/\/termix.net\/blog\/es\/?s={search_term_string}\"},\"query-input\":\"required name=search_term_string\"}],\"inLanguage\":\"es\"},{\"@type\":\"Organization\",\"@id\":\"https:\/\/termix.net\/blog\/es\/#organization\",\"name\":\"Dols Industrial de Peluquer\u00eda SA\",\"url\":\"https:\/\/termix.net\/blog\/es\/\",\"logo\":{\"@type\":\"ImageObject\",\"inLanguage\":\"es\",\"@id\":\"https:\/\/termix.net\/blog\/es\/#\/schema\/logo\/image\/\",\"url\":\"https:\/\/termix.net\/blog\/wp-content\/uploads\/2020\/10\/OGbDAeng.jpeg\",\"contentUrl\":\"https:\/\/termix.net\/blog\/wp-content\/uploads\/2020\/10\/OGbDAeng.jpeg\",\"width\":800,\"height\":800,\"caption\":\"Dols Industrial de Peluquer\u00eda SA\"},\"image\":{\"@id\":\"https:\/\/termix.net\/blog\/es\/#\/schema\/logo\/image\/\"}},{\"@type\":\"Person\",\"@id\":\"https:\/\/termix.net\/blog\/es\/#\/schema\/person\/9096c98bdf03c8ddf91ad7172f254f40\",\"name\":\"TermixTeam\",\"image\":{\"@type\":\"ImageObject\",\"inLanguage\":\"es\",\"@id\":\"https:\/\/termix.net\/blog\/es\/#\/schema\/person\/image\/\",\"url\":\"https:\/\/secure.gravatar.com\/avatar\/d89f61f6bd1c29a4acb231736d1c74b3?s=96&d=mm&r=g\",\"contentUrl\":\"https:\/\/secure.gravatar.com\/avatar\/d89f61f6bd1c29a4acb231736d1c74b3?s=96&d=mm&r=g\",\"caption\":\"TermixTeam\"},\"url\":\"https:\/\/termix.net\/blog\/es\/author\/termixteam\/\"}]}<\/script>\n<!-- \/ Yoast SEO plugin. -->","yoast_head_json":{"title":"5 maneras de utilizar la raqueta ochentera de Termix - Peluquer\u00eda","description":"\u00bfSab\u00e1s que le pod\u00edas sacar todav\u00eda mucho m\u00e1s partido a tus raquetas a\u00f1os 80s de Termix? Te explicamos 5 usos de esta raqueta que cuidar\u00e1 tu cabello sea cu\u00e1l sea su tipo. \u00bfA qu\u00e9 esperas para probar? \u00a1Consigue una melena perfecta con las raquetas m\u00e1s ochenteras!","robots":{"index":"index","follow":"follow","max-snippet":"max-snippet:-1","max-image-preview":"max-image-preview:large","max-video-preview":"max-video-preview:-1"},"canonical":"https:\/\/termix.net\/blog\/es\/5-maneras-de-utilizar-la-raqueta-80s-profesional\/","og_locale":"es_ES","og_type":"article","og_title":"5 maneras de utilizar la raqueta 80s profesional","og_description":"\u00bfSab\u00e1s que le pod\u00edas sacar todav\u00eda mucho m\u00e1s partido a tus raquetas a\u00f1os 80s de Termix? Te explicamos 5 usos de esta raqueta que cuidar\u00e1 tu cabello sea cu\u00e1l sea su tipo. \u00bfA qu\u00e9 esperas para probar? \u00a1Consigue una melena perfecta con las raquetas m\u00e1s ochenteras!","og_url":"https:\/\/termix.net\/blog\/es\/5-maneras-de-utilizar-la-raqueta-80s-profesional\/","og_site_name":"Blog Termix Spain","article_published_time":"2018-10-29T09:42:00+00:00","article_modified_time":"2019-12-17T15:40:04+00:00","og_image":[{"url":"https:\/\/termix.net\/wp-content\/uploads\/2018\/10\/diferentes-maneras-de-utilizar-las-raquetas-profesionales-termix-anos-80s.jpg"}],"author":"TermixTeam","twitter_card":"summary_large_image","twitter_misc":{"Escrito por":"TermixTeam","Tiempo de lectura":"10 minutos"},"schema":{"@context":"https:\/\/schema.org","@graph":[{"@type":"Article","@id":"https:\/\/termix.net\/blog\/es\/5-maneras-de-utilizar-la-raqueta-80s-profesional\/#article","isPartOf":{"@id":"https:\/\/termix.net\/blog\/es\/5-maneras-de-utilizar-la-raqueta-80s-profesional\/"},"author":{"name":"TermixTeam","@id":"https:\/\/termix.net\/blog\/es\/#\/schema\/person\/9096c98bdf03c8ddf91ad7172f254f40"},"headline":"5 maneras de utilizar la raqueta 80s profesional","datePublished":"2018-10-29T09:42:00+00:00","dateModified":"2019-12-17T15:40:04+00:00","mainEntityOfPage":{"@id":"https:\/\/termix.net\/blog\/es\/5-maneras-de-utilizar-la-raqueta-80s-profesional\/"},"wordCount":2061,"commentCount":0,"publisher":{"@id":"https:\/\/termix.net\/blog\/es\/#organization"},"articleSection":["NOTICIAS"],"inLanguage":"es","potentialAction":[{"@type":"CommentAction","name":"Comment","target":["https:\/\/termix.net\/blog\/es\/5-maneras-de-utilizar-la-raqueta-80s-profesional\/#respond"]}]},{"@type":"WebPage","@id":"https:\/\/termix.net\/blog\/es\/5-maneras-de-utilizar-la-raqueta-80s-profesional\/","url":"https:\/\/termix.net\/blog\/es\/5-maneras-de-utilizar-la-raqueta-80s-profesional\/","name":"5 maneras de utilizar la raqueta ochentera de Termix - Peluquer\u00eda","isPartOf":{"@id":"https:\/\/termix.net\/blog\/es\/#website"},"datePublished":"2018-10-29T09:42:00+00:00","dateModified":"2019-12-17T15:40:04+00:00","description":"\u00bfSab\u00e1s que le pod\u00edas sacar todav\u00eda mucho m\u00e1s partido a tus raquetas a\u00f1os 80s de Termix? Te explicamos 5 usos de esta raqueta que cuidar\u00e1 tu cabello sea cu\u00e1l sea su tipo. \u00bfA qu\u00e9 esperas para probar? \u00a1Consigue una melena perfecta con las raquetas m\u00e1s ochenteras!","breadcrumb":{"@id":"https:\/\/termix.net\/blog\/es\/5-maneras-de-utilizar-la-raqueta-80s-profesional\/#breadcrumb"},"inLanguage":"es","potentialAction":[{"@type":"ReadAction","target":["https:\/\/termix.net\/blog\/es\/5-maneras-de-utilizar-la-raqueta-80s-profesional\/"]}]},{"@type":"BreadcrumbList","@id":"https:\/\/termix.net\/blog\/es\/5-maneras-de-utilizar-la-raqueta-80s-profesional\/#breadcrumb","itemListElement":[{"@type":"ListItem","position":1,"name":"Home","item":"https:\/\/termix.net\/blog\/es\/"},{"@type":"ListItem","position":2,"name":"5 maneras de utilizar la raqueta 80s profesional"}]},{"@type":"WebSite","@id":"https:\/\/termix.net\/blog\/es\/#website","url":"https:\/\/termix.net\/blog\/es\/","name":"Blog Termix Spain","description":"Blog de tendencias y productos de peluquer\u00eda profesional.","publisher":{"@id":"https:\/\/termix.net\/blog\/es\/#organization"},"potentialAction":[{"@type":"SearchAction","target":{"@type":"EntryPoint","urlTemplate":"https:\/\/termix.net\/blog\/es\/?s={search_term_string}"},"query-input":"required name=search_term_string"}],"inLanguage":"es"},{"@type":"Organization","@id":"https:\/\/termix.net\/blog\/es\/#organization","name":"Dols Industrial de Peluquer\u00eda SA","url":"https:\/\/termix.net\/blog\/es\/","logo":{"@type":"ImageObject","inLanguage":"es","@id":"https:\/\/termix.net\/blog\/es\/#\/schema\/logo\/image\/","url":"https:\/\/termix.net\/blog\/wp-content\/uploads\/2020\/10\/OGbDAeng.jpeg","contentUrl":"https:\/\/termix.net\/blog\/wp-content\/uploads\/2020\/10\/OGbDAeng.jpeg","width":800,"height":800,"caption":"Dols Industrial de Peluquer\u00eda SA"},"image":{"@id":"https:\/\/termix.net\/blog\/es\/#\/schema\/logo\/image\/"}},{"@type":"Person","@id":"https:\/\/termix.net\/blog\/es\/#\/schema\/person\/9096c98bdf03c8ddf91ad7172f254f40","name":"TermixTeam","image":{"@type":"ImageObject","inLanguage":"es","@id":"https:\/\/termix.net\/blog\/es\/#\/schema\/person\/image\/","url":"https:\/\/secure.gravatar.com\/avatar\/d89f61f6bd1c29a4acb231736d1c74b3?s=96&d=mm&r=g","contentUrl":"https:\/\/secure.gravatar.com\/avatar\/d89f61f6bd1c29a4acb231736d1c74b3?s=96&d=mm&r=g","caption":"TermixTeam"},"url":"https:\/\/termix.net\/blog\/es\/author\/termixteam\/"}]}},"_links":{"self":[{"href":"https:\/\/termix.net\/blog\/es\/wp-json\/wp\/v2\/posts\/15464"}],"collection":[{"href":"https:\/\/termix.net\/blog\/es\/wp-json\/wp\/v2\/posts"}],"about":[{"href":"https:\/\/termix.net\/blog\/es\/wp-json\/wp\/v2\/types\/post"}],"author":[{"embeddable":true,"href":"https:\/\/termix.net\/blog\/es\/wp-json\/wp\/v2\/users\/2"}],"replies":[{"embeddable":true,"href":"https:\/\/termix.net\/blog\/es\/wp-json\/wp\/v2\/comments?post=15464"}],"version-history":[{"count":4,"href":"https:\/\/termix.net\/blog\/es\/wp-json\/wp\/v2\/posts\/15464\/revisions"}],"predecessor-version":[{"id":24554,"href":"https:\/\/termix.net\/blog\/es\/wp-json\/wp\/v2\/posts\/15464\/revisions\/24554"}],"wp:featuredmedia":[{"embeddable":true,"href":"https:\/\/termix.net\/blog\/es\/wp-json\/wp\/v2\/media\/21961"}],"wp:attachment":[{"href":"https:\/\/termix.net\/blog\/es\/wp-json\/wp\/v2\/media?parent=15464"}],"wp:term":[{"taxonomy":"category","embeddable":true,"href":"https:\/\/termix.net\/blog\/es\/wp-json\/wp\/v2\/categories?post=15464"},{"taxonomy":"post_tag","embeddable":true,"href":"https:\/\/termix.net\/blog\/es\/wp-json\/wp\/v2\/tags?post=15464"}],"curies":[{"name":"wp","href":"https:\/\/api.w.org\/{rel}","templated":true}]}}