{"id":15345,"date":"2018-10-22T15:09:43","date_gmt":"2018-10-22T13:09:43","guid":{"rendered":"https:\/\/termix.net\/?p=15345"},"modified":"2019-12-17T16:33:49","modified_gmt":"2019-12-17T15:33:49","slug":"tour-internacional-termix-estara-en-las-ferias-de-lisboa-y-chile","status":"publish","type":"post","link":"https:\/\/termix.net\/blog\/es\/tour-internacional-termix-estara-en-las-ferias-de-lisboa-y-chile\/","title":{"rendered":"Tour internacional: Termix estar\u00e1 en las ferias de Chile, Lisboa y M\u00e9xico"},"content":{"rendered":"<h1 style=\"text-align: center;\">Tour internacional: Termix estar\u00e1 en las ferias de Chile, Lisboa y M\u00e9xico<\/h1>\n<p style=\"text-align: justify;\">Termix est\u00e1 de gira internacional, porque del\u00a0 <strong>27 al 29 de octubre<\/strong> la marca se desdobla para asistir a dos eventos d\u00f3nde la peluquer\u00eda toma relieve. Por un lado, la marca de herramientas de peluquer\u00eda profesional visitar\u00e1 la primera edici\u00f3n de <strong>Sal\u00f3n Look en Chile<\/strong>, exportando toda nuestra pasi\u00f3n por el cabello.\u00a0Y, viajando al otro lado del mundo, tambi\u00e9n estar\u00e1 presente en la feria de est\u00e9tica\u00a0<strong>InBeauty de Lisboa<\/strong>, Portugal, para presentar todas sus novedades y \u00faltimos lanzamientos. Por si fuera poco, la marca l\u00edder de herramientas de peluquer\u00eda profesional, tambi\u00e9n viajar\u00e1 a M\u00e9xico para afianzar su liderazgo en la feria Expo Beauty Show (EBS)<\/p>\n<h3><\/h3>\n<h3 style=\"text-align: center;\">\u00bfQuieres saber m\u00e1s?<\/h3>\n<p><img decoding=\"async\" class=\"alignnone size-full wp-image-24517\" src=\"https:\/\/termix.net\/blog\/wp-content\/uploads\/2018\/10\/termix-estara-en-las-ferias-de-chile-y-lisboa.jpg\" alt=\"\" width=\"1160\" height=\"660\" srcset=\"https:\/\/termix.net\/blog\/wp-content\/uploads\/2018\/10\/termix-estara-en-las-ferias-de-chile-y-lisboa-200x114.jpg 200w, https:\/\/termix.net\/blog\/wp-content\/uploads\/2018\/10\/termix-estara-en-las-ferias-de-chile-y-lisboa-300x171.jpg 300w, https:\/\/termix.net\/blog\/wp-content\/uploads\/2018\/10\/termix-estara-en-las-ferias-de-chile-y-lisboa-400x228.jpg 400w, https:\/\/termix.net\/blog\/wp-content\/uploads\/2018\/10\/termix-estara-en-las-ferias-de-chile-y-lisboa-600x341.jpg 600w, https:\/\/termix.net\/blog\/wp-content\/uploads\/2018\/10\/termix-estara-en-las-ferias-de-chile-y-lisboa-768x437.jpg 768w, https:\/\/termix.net\/blog\/wp-content\/uploads\/2018\/10\/termix-estara-en-las-ferias-de-chile-y-lisboa-800x455.jpg 800w, https:\/\/termix.net\/blog\/wp-content\/uploads\/2018\/10\/termix-estara-en-las-ferias-de-chile-y-lisboa-1024x583.jpg 1024w, https:\/\/termix.net\/blog\/wp-content\/uploads\/2018\/10\/termix-estara-en-las-ferias-de-chile-y-lisboa.jpg 1160w\" sizes=\"(max-width: 1160px) 100vw, 1160px\" \/><\/p>\n<h3 style=\"text-align: justify;\"><\/h3>\n<h2 style=\"text-align: justify;\"><strong>El gran estreno: Termix estar\u00e1 presente en la primera edici\u00f3n de Sal\u00f3n Look Chile<\/strong><\/h2>\n<p>&nbsp;<\/p>\n<p style=\"text-align: justify;\">Termix estar\u00e1 presente en la primera edici\u00f3n de <strong>Sal\u00f3n <\/strong><strong>Look<\/strong> que se celebrar\u00e1 pr\u00f3ximamente en <strong>Santiago de Chile<\/strong>. Un nuevo congreso que abrir\u00e1 sus puertas entre el <strong>27 y 29 de octubre de 2018<\/strong> con el objetivo de introducir en un mercado en expansi\u00f3n, la f\u00f3rmula de <span style=\"text-decoration: underline;\"><strong>Sal\u00f3n Look Madrid<\/strong><\/span>. Se trata de un evento que presenta como prioridad el hecho de favorecer sinergias comerciales entre las empresas y profesionales de <strong>Europa e Hispanoam\u00e9rica<\/strong>, en vistas a desarrollar nuevas <strong>oportunidades de negocio y expansi\u00f3n<\/strong> en el sector del wellness.<\/p>\n<p><img decoding=\"async\" class=\"alignnone size-full wp-image-15353\" src=\"https:\/\/termix.net\/blog\/wp-content\/uploads\/2018\/10\/goonzalo-leonidas-estara-en-la-feria-de-salon-look-chile.jpg\" alt=\"\" width=\"1160\" height=\"660\" \/><\/p>\n<p style=\"text-align: justify;\">Termix vislumbra esta nueva feria como oportunidad para continuar con su <strong>estrategia de desarrollo en Hispanoam\u00e9rica<\/strong>, concretamente en Chile, donde ya cuenta con un <strong>prestigioso embajador, el peluquero Gonzalo Leonidas<\/strong>. Un gran estilista que nos hablar\u00e1 en directo sobre las pautas correctas para la realizaci\u00f3n del perfecto brushing con el show \u00ab<strong><em>El cepillado inteligente<\/em><\/strong>\u00ab. Una expresi\u00f3n de virtuosismo que tendr\u00e1 lugar el <strong>27 de octubre<\/strong> en el escenario de <strong>Espacio Riesco a las 11.00 am<\/strong>.\u00a0 De esta forma, la marca trasladar\u00e1 a <strong>Sal\u00f3n Look Chile<\/strong> sus cepillos Evolution, herramientas de peluquer\u00eda profesional que hablan de evoluci\u00f3n y sofisticaci\u00f3n a partes iguales.<\/p>\n<p><img decoding=\"async\" class=\"alignnone size-full wp-image-24513\" src=\"https:\/\/termix.net\/blog\/wp-content\/uploads\/2018\/10\/termix-estara-en-la-cita-de-salon-look-chile.jpg\" alt=\"\" width=\"1160\" height=\"660\" srcset=\"https:\/\/termix.net\/blog\/wp-content\/uploads\/2018\/10\/termix-estara-en-la-cita-de-salon-look-chile-200x114.jpg 200w, https:\/\/termix.net\/blog\/wp-content\/uploads\/2018\/10\/termix-estara-en-la-cita-de-salon-look-chile-300x171.jpg 300w, https:\/\/termix.net\/blog\/wp-content\/uploads\/2018\/10\/termix-estara-en-la-cita-de-salon-look-chile-400x228.jpg 400w, https:\/\/termix.net\/blog\/wp-content\/uploads\/2018\/10\/termix-estara-en-la-cita-de-salon-look-chile-600x341.jpg 600w, https:\/\/termix.net\/blog\/wp-content\/uploads\/2018\/10\/termix-estara-en-la-cita-de-salon-look-chile-768x437.jpg 768w, https:\/\/termix.net\/blog\/wp-content\/uploads\/2018\/10\/termix-estara-en-la-cita-de-salon-look-chile-800x455.jpg 800w, https:\/\/termix.net\/blog\/wp-content\/uploads\/2018\/10\/termix-estara-en-la-cita-de-salon-look-chile-1024x583.jpg 1024w, https:\/\/termix.net\/blog\/wp-content\/uploads\/2018\/10\/termix-estara-en-la-cita-de-salon-look-chile.jpg 1160w\" sizes=\"(max-width: 1160px) 100vw, 1160px\" \/><\/p>\n<h3>El Evolution XL de Termix destaca por sus 3cm m\u00e1s de superficie que permite realizar t\u00e9cnicas de brushing \u00fanicas<\/h3>\n<p style=\"text-align: justify;\">Tambi\u00e9n tendremos en el Sal\u00f3n Look chileno el <span style=\"text-decoration: underline;\"><strong>cepillo Evolution XL<\/strong><\/span>, una herramienta de peluquer\u00eda profesional que incluye toda la tecnolog\u00eda de los cepillos Evolution, pero con <strong>3 cm de m\u00e1s<\/strong> en el tubo. Esta nueva caracter\u00edstica los hace perfectos para trabajar todo tipo de melenas y, en particular, aquellas m\u00e1s espesas, adem\u00e1s de facilitar la realizaci\u00f3n de t\u00e9cnicas como el <strong>brushing en vertical<\/strong>.<\/p>\n<p>&nbsp;<\/p>\n<p style=\"text-align: justify;\">Muchos son los elementos y herramientas de peluquer\u00eda profesional que te esperan en esta nueva feria de la est\u00e9tica y la peluquer\u00eda de la mano de Termix. <strong>\u00bfVendr\u00e1s a visitarnos?<\/strong><\/p>\n<h2 style=\"text-align: justify;\"><strong>InBeauty Lisboa: la innovaci\u00f3n y calidad Termix viajan a Portugal<\/strong><\/h2>\n<p><img decoding=\"async\" class=\"alignnone size-full wp-image-15348\" src=\"https:\/\/termix.net\/blog\/wp-content\/uploads\/2018\/10\/la-feria-in-beauty-de-lisboa-abrira-sus-puertas-el-27-de-octubre.jpg\" alt=\"\" width=\"1160\" height=\"660\" \/><\/p>\n<p style=\"text-align: justify;\">Una de las ferias de est\u00e9tica que m\u00e1s ha crecido en los \u00faltimos a\u00f1os, doblando incluso su afluencia entre profesionales y consumidores, vuelve en octubre al recinto <strong>Altice Arena de Lisboa<\/strong>. <strong>InBeauty,\u00a0<\/strong>\u00a0adem\u00e1s de situarse como una de las referencias en cuanto a <strong>barber\u00eda<\/strong>, tambi\u00e9n dedica un espacio a la realizaci\u00f3n de un <strong>f\u00f3rum de debate<\/strong> sobre temas punteros como la ciencia aplicada en el mundo de \u00a0la belleza o la importancia de la est\u00e9tica en la actualidad.<\/p>\n<p>&nbsp;<\/p>\n<p><img decoding=\"async\" class=\"alignnone size-full wp-image-24519\" src=\"https:\/\/termix.net\/blog\/wp-content\/uploads\/2018\/10\/termix-se-desplaza-a-las-dos-ferias-de-estetica-y-peluqueria-mas-punteras.jpg\" alt=\"\" width=\"1160\" height=\"660\" srcset=\"https:\/\/termix.net\/blog\/wp-content\/uploads\/2018\/10\/termix-se-desplaza-a-las-dos-ferias-de-estetica-y-peluqueria-mas-punteras-200x114.jpg 200w, https:\/\/termix.net\/blog\/wp-content\/uploads\/2018\/10\/termix-se-desplaza-a-las-dos-ferias-de-estetica-y-peluqueria-mas-punteras-300x171.jpg 300w, https:\/\/termix.net\/blog\/wp-content\/uploads\/2018\/10\/termix-se-desplaza-a-las-dos-ferias-de-estetica-y-peluqueria-mas-punteras-400x228.jpg 400w, https:\/\/termix.net\/blog\/wp-content\/uploads\/2018\/10\/termix-se-desplaza-a-las-dos-ferias-de-estetica-y-peluqueria-mas-punteras-600x341.jpg 600w, https:\/\/termix.net\/blog\/wp-content\/uploads\/2018\/10\/termix-se-desplaza-a-las-dos-ferias-de-estetica-y-peluqueria-mas-punteras-768x437.jpg 768w, https:\/\/termix.net\/blog\/wp-content\/uploads\/2018\/10\/termix-se-desplaza-a-las-dos-ferias-de-estetica-y-peluqueria-mas-punteras-800x455.jpg 800w, https:\/\/termix.net\/blog\/wp-content\/uploads\/2018\/10\/termix-se-desplaza-a-las-dos-ferias-de-estetica-y-peluqueria-mas-punteras-1024x583.jpg 1024w, https:\/\/termix.net\/blog\/wp-content\/uploads\/2018\/10\/termix-se-desplaza-a-las-dos-ferias-de-estetica-y-peluqueria-mas-punteras.jpg 1160w\" sizes=\"(max-width: 1160px) 100vw, 1160px\" \/><\/p>\n<p style=\"text-align: justify;\">Termix, como marca definida por su <strong>capacidad de innovaci\u00f3n<\/strong> y en l\u00ednea a su estrategia de <strong>expansi\u00f3n internacional<\/strong>, estar\u00e1 presente en esta gran feria de la est\u00e9tica portuguesa. Y cuando hablamos de innovaci\u00f3n debemos mencionar los cepillos m\u00e1s revolucionarios del mercado, los <span style=\"text-decoration: underline;\"><strong>cepillos Evolution<\/strong><\/span>. Y, \u00bfpor qu\u00e9 revolucionarios? El motivo principal y diferenciador es que se trata de los \u00fanicos cepillos del mercado dise\u00f1ados espec\u00edficamente para <strong>cada tipo de cabello<\/strong> en particular.<\/p>\n<h3>Los cepillos Evolution son los \u00fanicos pensados espec\u00edficamente para cuidar cada tipo de cabello<\/h3>\n<p style=\"text-align: justify;\">En cuanto a esto, la gama principal se divide en tres, <span style=\"text-decoration: underline;\"><strong>Evolution Soft<\/strong><\/span>, <span style=\"text-decoration: underline;\"><strong>Basic<\/strong><\/span> y <span style=\"text-decoration: underline;\"><strong>Plus<\/strong><\/span>; \u00a0cosa que permite la total adaptaci\u00f3n de estas herramientas de peluquer\u00eda profesional a los cabellos m\u00e1s <strong>finos y delicados, medios o gruesos<\/strong>, respectivamente. Y esta especializaci\u00f3n surge de la investigaci\u00f3n y el desarrollo entorno a una pasi\u00f3n: la <strong>salud del cabello<\/strong>. Desde la combinaci\u00f3n exclusiva de fibras, pasando por la perforaci\u00f3n romboidal del tubo, hasta el mango antideslizante y ergon\u00f3mico, lo cierto es que los <strong>cepillos Evolution<\/strong> se convierten en la mejor apuesta para proteger la salud del cabello y optimizar el trabajo del profesional.<\/p>\n<p><img decoding=\"async\" class=\"alignnone size-full wp-image-15352\" src=\"https:\/\/termix.net\/blog\/wp-content\/uploads\/2018\/10\/termix-se-va-a-la-feria-de-stetica-in-beauty-de-lisboa.jpg\" alt=\"\" width=\"1160\" height=\"660\" \/><\/p>\n<p style=\"text-align: justify;\">Adem\u00e1s de esta gama de cepillos, tambi\u00e9n acompa\u00f1ar\u00e1 a Termix a la feria InBeauty uno de los cl\u00e1sicos m\u00e1s demandados: el cepillo profesional Termix. Uno de los b\u00e1sicos que todo profesional debe incluir en su agenda, puesto que aseguran un trabajo perfilado y r\u00e1pido, gracias a su tubo de aluminio que acelera la repartici\u00f3n del calor.<\/p>\n<h2 style=\"text-align: justify;\"><strong>Expo Beauty Show: peluquer\u00eda de vanguardia en M\u00e9xico<\/strong><\/h2>\n<p><img decoding=\"async\" class=\"alignnone size-full wp-image-24505\" src=\"https:\/\/termix.net\/blog\/wp-content\/uploads\/2018\/10\/expobeautyshow_mexico.jpg\" alt=\"ferias termix\" width=\"1160\" height=\"660\" srcset=\"https:\/\/termix.net\/blog\/wp-content\/uploads\/2018\/10\/expobeautyshow_mexico-200x114.jpg 200w, https:\/\/termix.net\/blog\/wp-content\/uploads\/2018\/10\/expobeautyshow_mexico-300x171.jpg 300w, https:\/\/termix.net\/blog\/wp-content\/uploads\/2018\/10\/expobeautyshow_mexico-400x228.jpg 400w, https:\/\/termix.net\/blog\/wp-content\/uploads\/2018\/10\/expobeautyshow_mexico-600x341.jpg 600w, https:\/\/termix.net\/blog\/wp-content\/uploads\/2018\/10\/expobeautyshow_mexico-768x437.jpg 768w, https:\/\/termix.net\/blog\/wp-content\/uploads\/2018\/10\/expobeautyshow_mexico-800x455.jpg 800w, https:\/\/termix.net\/blog\/wp-content\/uploads\/2018\/10\/expobeautyshow_mexico-1024x583.jpg 1024w, https:\/\/termix.net\/blog\/wp-content\/uploads\/2018\/10\/expobeautyshow_mexico.jpg 1160w\" sizes=\"(max-width: 1160px) 100vw, 1160px\" \/><\/p>\n<p style=\"text-align: justify;\">Por si fuera poco, Termix tambi\u00e9n viajar\u00e1 a la que es el evento m\u00e1s importante en el sector de la belleza y cosm\u00e9tica en Latinoam\u00e9rica. Nos referimos a la<strong> Expo Beauty Show (EBS<\/strong>), que se celebrar\u00e1 del 28 al 30 de octubre en el <strong>Centro Citibanamex<\/strong>. Una edici\u00f3n que viene cargada de entusiasmo con una apuesta clara: impulsar y premiar por su esfuerzo a los nuevos talentos de la peluquer\u00eda, celebrando el evento \u00ab<strong><em>Campeonato Internacional Nuevos Valores<\/em><\/strong>\u00ab. Y Termix este a\u00f1o tambi\u00e9n aportar\u00e1 su granito de arena para impulsar los nuevos talentos, con los productos de la <strong>marca m\u00e1s emblem\u00e1ticos<\/strong> y los <strong>lanzamientos<\/strong> m\u00e1s sorprendentes.<\/p>\n<p style=\"text-align: justify;\"><strong>\u00bfVendr\u00e1s a visitarnos?<\/strong><\/p>\n","protected":false},"excerpt":{"rendered":"<p>Tour internacional: Termix estar\u00e1 en las ferias de Chile, Lisboa<\/p>\n","protected":false},"author":2,"featured_media":21967,"comment_status":"open","ping_status":"open","sticky":false,"template":"","format":"standard","meta":[],"categories":[6],"tags":[],"yoast_head":"<!-- This site is optimized with the Yoast SEO plugin v20.0 - https:\/\/yoast.com\/wordpress\/plugins\/seo\/ -->\n<title>Tour de peluquer\u00eda: Termix viaja a las ferias de Chile y Lisboa<\/title>\n<meta name=\"description\" content=\"Termix estar\u00e1 presente en dos ferias de est\u00e9tica y peluquer\u00eda: por un lado, la m\u00edtica In Beauty de Lisboa y, por otro, en la primera edici\u00f3n de Sal\u00f3n Look Chile. Dos eventos donde la peluquer\u00eda toma relieve y en los que Termix participar\u00e1 para presentar sus \u00faltimos lanzamientos y novedades. \u00bfNos visitas?\" \/>\n<meta name=\"robots\" content=\"index, follow, max-snippet:-1, max-image-preview:large, max-video-preview:-1\" \/>\n<link rel=\"canonical\" href=\"https:\/\/termix.net\/blog\/es\/tour-internacional-termix-estara-en-las-ferias-de-lisboa-y-chile\/\" \/>\n<meta property=\"og:locale\" content=\"es_ES\" \/>\n<meta property=\"og:type\" content=\"article\" \/>\n<meta property=\"og:title\" content=\"Tour de peluquer\u00eda: Termix viaja a las ferias de Chile y Lisboa\" \/>\n<meta property=\"og:description\" content=\"Termix estar\u00e1 presente en dos ferias de est\u00e9tica y peluquer\u00eda: por un lado, la m\u00edtica In Beauty de Lisboa y, por otro, en la primera edici\u00f3n de Sal\u00f3n Look Chile. Dos eventos donde la peluquer\u00eda toma relieve y en los que Termix participar\u00e1 para presentar sus \u00faltimos lanzamientos y novedades. \u00bfNos visitas?\" \/>\n<meta property=\"og:url\" content=\"https:\/\/termix.net\/blog\/es\/tour-internacional-termix-estara-en-las-ferias-de-lisboa-y-chile\/\" \/>\n<meta property=\"og:site_name\" content=\"Blog Termix Spain\" \/>\n<meta property=\"article:published_time\" content=\"2018-10-22T13:09:43+00:00\" \/>\n<meta property=\"article:modified_time\" content=\"2019-12-17T15:33:49+00:00\" \/>\n<meta property=\"og:image\" content=\"https:\/\/termix.net\/blog\/wp-content\/uploads\/2018\/10\/la-feria-in-beauty-de-lisboa-abrira-sus-puertas-el-27-de-octubre.jpg\" \/>\n\t<meta property=\"og:image:width\" content=\"1160\" \/>\n\t<meta property=\"og:image:height\" content=\"660\" \/>\n\t<meta property=\"og:image:type\" content=\"image\/jpeg\" \/>\n<meta name=\"author\" content=\"TermixTeam\" \/>\n<meta name=\"twitter:card\" content=\"summary_large_image\" \/>\n<meta name=\"twitter:label1\" content=\"Escrito por\" \/>\n\t<meta name=\"twitter:data1\" content=\"TermixTeam\" \/>\n\t<meta name=\"twitter:label2\" content=\"Tiempo de lectura\" \/>\n\t<meta name=\"twitter:data2\" content=\"5 minutos\" \/>\n<script type=\"application\/ld+json\" class=\"yoast-schema-graph\">{\"@context\":\"https:\/\/schema.org\",\"@graph\":[{\"@type\":\"Article\",\"@id\":\"https:\/\/termix.net\/blog\/es\/tour-internacional-termix-estara-en-las-ferias-de-lisboa-y-chile\/#article\",\"isPartOf\":{\"@id\":\"https:\/\/termix.net\/blog\/es\/tour-internacional-termix-estara-en-las-ferias-de-lisboa-y-chile\/\"},\"author\":{\"name\":\"TermixTeam\",\"@id\":\"https:\/\/termix.net\/blog\/es\/#\/schema\/person\/9096c98bdf03c8ddf91ad7172f254f40\"},\"headline\":\"Tour internacional: Termix estar\u00e1 en las ferias de Chile, Lisboa y M\u00e9xico\",\"datePublished\":\"2018-10-22T13:09:43+00:00\",\"dateModified\":\"2019-12-17T15:33:49+00:00\",\"mainEntityOfPage\":{\"@id\":\"https:\/\/termix.net\/blog\/es\/tour-internacional-termix-estara-en-las-ferias-de-lisboa-y-chile\/\"},\"wordCount\":988,\"commentCount\":0,\"publisher\":{\"@id\":\"https:\/\/termix.net\/blog\/es\/#organization\"},\"articleSection\":[\"NOTICIAS\"],\"inLanguage\":\"es\",\"potentialAction\":[{\"@type\":\"CommentAction\",\"name\":\"Comment\",\"target\":[\"https:\/\/termix.net\/blog\/es\/tour-internacional-termix-estara-en-las-ferias-de-lisboa-y-chile\/#respond\"]}]},{\"@type\":\"WebPage\",\"@id\":\"https:\/\/termix.net\/blog\/es\/tour-internacional-termix-estara-en-las-ferias-de-lisboa-y-chile\/\",\"url\":\"https:\/\/termix.net\/blog\/es\/tour-internacional-termix-estara-en-las-ferias-de-lisboa-y-chile\/\",\"name\":\"Tour de peluquer\u00eda: Termix viaja a las ferias de Chile y Lisboa\",\"isPartOf\":{\"@id\":\"https:\/\/termix.net\/blog\/es\/#website\"},\"datePublished\":\"2018-10-22T13:09:43+00:00\",\"dateModified\":\"2019-12-17T15:33:49+00:00\",\"description\":\"Termix estar\u00e1 presente en dos ferias de est\u00e9tica y peluquer\u00eda: por un lado, la m\u00edtica In Beauty de Lisboa y, por otro, en la primera edici\u00f3n de Sal\u00f3n Look Chile. Dos eventos donde la peluquer\u00eda toma relieve y en los que Termix participar\u00e1 para presentar sus \u00faltimos lanzamientos y novedades. \u00bfNos visitas?\",\"breadcrumb\":{\"@id\":\"https:\/\/termix.net\/blog\/es\/tour-internacional-termix-estara-en-las-ferias-de-lisboa-y-chile\/#breadcrumb\"},\"inLanguage\":\"es\",\"potentialAction\":[{\"@type\":\"ReadAction\",\"target\":[\"https:\/\/termix.net\/blog\/es\/tour-internacional-termix-estara-en-las-ferias-de-lisboa-y-chile\/\"]}]},{\"@type\":\"BreadcrumbList\",\"@id\":\"https:\/\/termix.net\/blog\/es\/tour-internacional-termix-estara-en-las-ferias-de-lisboa-y-chile\/#breadcrumb\",\"itemListElement\":[{\"@type\":\"ListItem\",\"position\":1,\"name\":\"Home\",\"item\":\"https:\/\/termix.net\/blog\/es\/\"},{\"@type\":\"ListItem\",\"position\":2,\"name\":\"Tour internacional: Termix estar\u00e1 en las ferias de Chile, Lisboa y M\u00e9xico\"}]},{\"@type\":\"WebSite\",\"@id\":\"https:\/\/termix.net\/blog\/es\/#website\",\"url\":\"https:\/\/termix.net\/blog\/es\/\",\"name\":\"Blog Termix Spain\",\"description\":\"Blog de tendencias y productos de peluquer\u00eda profesional.\",\"publisher\":{\"@id\":\"https:\/\/termix.net\/blog\/es\/#organization\"},\"potentialAction\":[{\"@type\":\"SearchAction\",\"target\":{\"@type\":\"EntryPoint\",\"urlTemplate\":\"https:\/\/termix.net\/blog\/es\/?s={search_term_string}\"},\"query-input\":\"required name=search_term_string\"}],\"inLanguage\":\"es\"},{\"@type\":\"Organization\",\"@id\":\"https:\/\/termix.net\/blog\/es\/#organization\",\"name\":\"Dols Industrial de Peluquer\u00eda SA\",\"url\":\"https:\/\/termix.net\/blog\/es\/\",\"logo\":{\"@type\":\"ImageObject\",\"inLanguage\":\"es\",\"@id\":\"https:\/\/termix.net\/blog\/es\/#\/schema\/logo\/image\/\",\"url\":\"https:\/\/termix.net\/blog\/wp-content\/uploads\/2020\/10\/OGbDAeng.jpeg\",\"contentUrl\":\"https:\/\/termix.net\/blog\/wp-content\/uploads\/2020\/10\/OGbDAeng.jpeg\",\"width\":800,\"height\":800,\"caption\":\"Dols Industrial de Peluquer\u00eda SA\"},\"image\":{\"@id\":\"https:\/\/termix.net\/blog\/es\/#\/schema\/logo\/image\/\"}},{\"@type\":\"Person\",\"@id\":\"https:\/\/termix.net\/blog\/es\/#\/schema\/person\/9096c98bdf03c8ddf91ad7172f254f40\",\"name\":\"TermixTeam\",\"image\":{\"@type\":\"ImageObject\",\"inLanguage\":\"es\",\"@id\":\"https:\/\/termix.net\/blog\/es\/#\/schema\/person\/image\/\",\"url\":\"https:\/\/secure.gravatar.com\/avatar\/d89f61f6bd1c29a4acb231736d1c74b3?s=96&d=mm&r=g\",\"contentUrl\":\"https:\/\/secure.gravatar.com\/avatar\/d89f61f6bd1c29a4acb231736d1c74b3?s=96&d=mm&r=g\",\"caption\":\"TermixTeam\"},\"url\":\"https:\/\/termix.net\/blog\/es\/author\/termixteam\/\"}]}<\/script>\n<!-- \/ Yoast SEO plugin. -->","yoast_head_json":{"title":"Tour de peluquer\u00eda: Termix viaja a las ferias de Chile y Lisboa","description":"Termix estar\u00e1 presente en dos ferias de est\u00e9tica y peluquer\u00eda: por un lado, la m\u00edtica In Beauty de Lisboa y, por otro, en la primera edici\u00f3n de Sal\u00f3n Look Chile. Dos eventos donde la peluquer\u00eda toma relieve y en los que Termix participar\u00e1 para presentar sus \u00faltimos lanzamientos y novedades. \u00bfNos visitas?","robots":{"index":"index","follow":"follow","max-snippet":"max-snippet:-1","max-image-preview":"max-image-preview:large","max-video-preview":"max-video-preview:-1"},"canonical":"https:\/\/termix.net\/blog\/es\/tour-internacional-termix-estara-en-las-ferias-de-lisboa-y-chile\/","og_locale":"es_ES","og_type":"article","og_title":"Tour de peluquer\u00eda: Termix viaja a las ferias de Chile y Lisboa","og_description":"Termix estar\u00e1 presente en dos ferias de est\u00e9tica y peluquer\u00eda: por un lado, la m\u00edtica In Beauty de Lisboa y, por otro, en la primera edici\u00f3n de Sal\u00f3n Look Chile. Dos eventos donde la peluquer\u00eda toma relieve y en los que Termix participar\u00e1 para presentar sus \u00faltimos lanzamientos y novedades. \u00bfNos visitas?","og_url":"https:\/\/termix.net\/blog\/es\/tour-internacional-termix-estara-en-las-ferias-de-lisboa-y-chile\/","og_site_name":"Blog Termix Spain","article_published_time":"2018-10-22T13:09:43+00:00","article_modified_time":"2019-12-17T15:33:49+00:00","og_image":[{"width":1160,"height":660,"url":"https:\/\/termix.net\/blog\/wp-content\/uploads\/2018\/10\/la-feria-in-beauty-de-lisboa-abrira-sus-puertas-el-27-de-octubre.jpg","type":"image\/jpeg"}],"author":"TermixTeam","twitter_card":"summary_large_image","twitter_misc":{"Escrito por":"TermixTeam","Tiempo de lectura":"5 minutos"},"schema":{"@context":"https:\/\/schema.org","@graph":[{"@type":"Article","@id":"https:\/\/termix.net\/blog\/es\/tour-internacional-termix-estara-en-las-ferias-de-lisboa-y-chile\/#article","isPartOf":{"@id":"https:\/\/termix.net\/blog\/es\/tour-internacional-termix-estara-en-las-ferias-de-lisboa-y-chile\/"},"author":{"name":"TermixTeam","@id":"https:\/\/termix.net\/blog\/es\/#\/schema\/person\/9096c98bdf03c8ddf91ad7172f254f40"},"headline":"Tour internacional: Termix estar\u00e1 en las ferias de Chile, Lisboa y M\u00e9xico","datePublished":"2018-10-22T13:09:43+00:00","dateModified":"2019-12-17T15:33:49+00:00","mainEntityOfPage":{"@id":"https:\/\/termix.net\/blog\/es\/tour-internacional-termix-estara-en-las-ferias-de-lisboa-y-chile\/"},"wordCount":988,"commentCount":0,"publisher":{"@id":"https:\/\/termix.net\/blog\/es\/#organization"},"articleSection":["NOTICIAS"],"inLanguage":"es","potentialAction":[{"@type":"CommentAction","name":"Comment","target":["https:\/\/termix.net\/blog\/es\/tour-internacional-termix-estara-en-las-ferias-de-lisboa-y-chile\/#respond"]}]},{"@type":"WebPage","@id":"https:\/\/termix.net\/blog\/es\/tour-internacional-termix-estara-en-las-ferias-de-lisboa-y-chile\/","url":"https:\/\/termix.net\/blog\/es\/tour-internacional-termix-estara-en-las-ferias-de-lisboa-y-chile\/","name":"Tour de peluquer\u00eda: Termix viaja a las ferias de Chile y Lisboa","isPartOf":{"@id":"https:\/\/termix.net\/blog\/es\/#website"},"datePublished":"2018-10-22T13:09:43+00:00","dateModified":"2019-12-17T15:33:49+00:00","description":"Termix estar\u00e1 presente en dos ferias de est\u00e9tica y peluquer\u00eda: por un lado, la m\u00edtica In Beauty de Lisboa y, por otro, en la primera edici\u00f3n de Sal\u00f3n Look Chile. Dos eventos donde la peluquer\u00eda toma relieve y en los que Termix participar\u00e1 para presentar sus \u00faltimos lanzamientos y novedades. \u00bfNos visitas?","breadcrumb":{"@id":"https:\/\/termix.net\/blog\/es\/tour-internacional-termix-estara-en-las-ferias-de-lisboa-y-chile\/#breadcrumb"},"inLanguage":"es","potentialAction":[{"@type":"ReadAction","target":["https:\/\/termix.net\/blog\/es\/tour-internacional-termix-estara-en-las-ferias-de-lisboa-y-chile\/"]}]},{"@type":"BreadcrumbList","@id":"https:\/\/termix.net\/blog\/es\/tour-internacional-termix-estara-en-las-ferias-de-lisboa-y-chile\/#breadcrumb","itemListElement":[{"@type":"ListItem","position":1,"name":"Home","item":"https:\/\/termix.net\/blog\/es\/"},{"@type":"ListItem","position":2,"name":"Tour internacional: Termix estar\u00e1 en las ferias de Chile, Lisboa y M\u00e9xico"}]},{"@type":"WebSite","@id":"https:\/\/termix.net\/blog\/es\/#website","url":"https:\/\/termix.net\/blog\/es\/","name":"Blog Termix Spain","description":"Blog de tendencias y productos de peluquer\u00eda profesional.","publisher":{"@id":"https:\/\/termix.net\/blog\/es\/#organization"},"potentialAction":[{"@type":"SearchAction","target":{"@type":"EntryPoint","urlTemplate":"https:\/\/termix.net\/blog\/es\/?s={search_term_string}"},"query-input":"required name=search_term_string"}],"inLanguage":"es"},{"@type":"Organization","@id":"https:\/\/termix.net\/blog\/es\/#organization","name":"Dols Industrial de Peluquer\u00eda SA","url":"https:\/\/termix.net\/blog\/es\/","logo":{"@type":"ImageObject","inLanguage":"es","@id":"https:\/\/termix.net\/blog\/es\/#\/schema\/logo\/image\/","url":"https:\/\/termix.net\/blog\/wp-content\/uploads\/2020\/10\/OGbDAeng.jpeg","contentUrl":"https:\/\/termix.net\/blog\/wp-content\/uploads\/2020\/10\/OGbDAeng.jpeg","width":800,"height":800,"caption":"Dols Industrial de Peluquer\u00eda SA"},"image":{"@id":"https:\/\/termix.net\/blog\/es\/#\/schema\/logo\/image\/"}},{"@type":"Person","@id":"https:\/\/termix.net\/blog\/es\/#\/schema\/person\/9096c98bdf03c8ddf91ad7172f254f40","name":"TermixTeam","image":{"@type":"ImageObject","inLanguage":"es","@id":"https:\/\/termix.net\/blog\/es\/#\/schema\/person\/image\/","url":"https:\/\/secure.gravatar.com\/avatar\/d89f61f6bd1c29a4acb231736d1c74b3?s=96&d=mm&r=g","contentUrl":"https:\/\/secure.gravatar.com\/avatar\/d89f61f6bd1c29a4acb231736d1c74b3?s=96&d=mm&r=g","caption":"TermixTeam"},"url":"https:\/\/termix.net\/blog\/es\/author\/termixteam\/"}]}},"_links":{"self":[{"href":"https:\/\/termix.net\/blog\/es\/wp-json\/wp\/v2\/posts\/15345"}],"collection":[{"href":"https:\/\/termix.net\/blog\/es\/wp-json\/wp\/v2\/posts"}],"about":[{"href":"https:\/\/termix.net\/blog\/es\/wp-json\/wp\/v2\/types\/post"}],"author":[{"embeddable":true,"href":"https:\/\/termix.net\/blog\/es\/wp-json\/wp\/v2\/users\/2"}],"replies":[{"embeddable":true,"href":"https:\/\/termix.net\/blog\/es\/wp-json\/wp\/v2\/comments?post=15345"}],"version-history":[{"count":4,"href":"https:\/\/termix.net\/blog\/es\/wp-json\/wp\/v2\/posts\/15345\/revisions"}],"predecessor-version":[{"id":24531,"href":"https:\/\/termix.net\/blog\/es\/wp-json\/wp\/v2\/posts\/15345\/revisions\/24531"}],"wp:featuredmedia":[{"embeddable":true,"href":"https:\/\/termix.net\/blog\/es\/wp-json\/wp\/v2\/media\/21967"}],"wp:attachment":[{"href":"https:\/\/termix.net\/blog\/es\/wp-json\/wp\/v2\/media?parent=15345"}],"wp:term":[{"taxonomy":"category","embeddable":true,"href":"https:\/\/termix.net\/blog\/es\/wp-json\/wp\/v2\/categories?post=15345"},{"taxonomy":"post_tag","embeddable":true,"href":"https:\/\/termix.net\/blog\/es\/wp-json\/wp\/v2\/tags?post=15345"}],"curies":[{"name":"wp","href":"https:\/\/api.w.org\/{rel}","templated":true}]}}