{"id":15207,"date":"2018-10-10T16:36:55","date_gmt":"2018-10-10T14:36:55","guid":{"rendered":"https:\/\/termix.net\/?p=15207"},"modified":"2019-12-17T16:08:15","modified_gmt":"2019-12-17T15:08:15","slug":"workshop-ultimas-tendencias-descubre-lo-ultimo-en-peluqueria","status":"publish","type":"post","link":"https:\/\/termix.net\/blog\/es\/workshop-ultimas-tendencias-descubre-lo-ultimo-en-peluqueria\/","title":{"rendered":"Workshop \u00faltimas tendencias: descubre lo \u00faltimo en peluquer\u00eda"},"content":{"rendered":"<p><div class=\"fusion-fullwidth fullwidth-box fusion-builder-row-1 faded-background fusion-parallax-none nonhundred-percent-fullwidth non-hundred-percent-height-scrolling fusion-no-small-visibility fusion-no-medium-visibility\" style=\"--awb-border-radius-top-left:0px;--awb-border-radius-top-right:0px;--awb-border-radius-bottom-right:0px;--awb-border-radius-bottom-left:0px;--awb-padding-top:24%;--awb-padding-right:3%;--awb-padding-left:3%;--awb-background-size:cover;\" ><div class=\"fullwidth-faded\" style=\"--awb-background-color:#181818;--awb-background-image:url(https:\/\/termix.net\/blog\/wp-content\/uploads\/2018\/10\/FORMACIONES-ANTONIO-GARRIDO-Y-TERMIX1.jpg);--awb-background-size:cover;\" ><\/div><div class=\"fusion-builder-row fusion-row\"><div class=\"fusion-layout-column fusion_builder_column fusion-builder-column-0 fusion_builder_column_1_1 1_1 fusion-one-full fusion-column-first fusion-column-last\" style=\"--awb-padding-top:6%;--awb-padding-right:8%;--awb-padding-bottom:6%;--awb-padding-left:8%;--awb-bg-color:rgba(255,255,255,0.7);--awb-bg-size:cover;--awb-margin-top:0px;--awb-margin-bottom:0px;\"><div class=\"fusion-column-wrapper fusion-column-has-shadow fusion-flex-column-wrapper-legacy\"><div class=\"fusion-text fusion-text-1 caption\"><p style=\"text-align: center;\">Formaci\u00f3n Termix \u2014 3 min de lectura<\/p>\n<\/div><div class=\"fusion-title title fusion-title-1 fusion-sep-none fusion-title-center fusion-title-text fusion-title-size-two\" style=\"--awb-margin-top:30px;--awb-margin-bottom:20px;\"><h2 class=\"title-heading-center fusion-responsive-typography-calculated\" style=\"margin:0;--fontSize:50;line-height:1.28;\">Workshop \u00faltimas tendencias: descubre lo \u00faltimo en peluquer\u00eda<\/h2><\/div><div class=\"fusion-clearfix\"><\/div><\/div><\/div><\/div><\/div><div class=\"fusion-fullwidth fullwidth-box fusion-builder-row-2 fusion-parallax-none nonhundred-percent-fullwidth non-hundred-percent-height-scrolling fusion-no-large-visibility\" style=\"--awb-border-radius-top-left:0px;--awb-border-radius-top-right:0px;--awb-border-radius-bottom-right:0px;--awb-border-radius-bottom-left:0px;--awb-background-image:url(&quot;https:\/\/termix.net\/blog\/wp-content\/uploads\/2019\/11\/con-el-secador-compacto-profesioanl-4300-de-termix-damos-volumen-al-cabello-1.jpg&quot;);--awb-background-size:cover;\" ><div class=\"fusion-builder-row fusion-row\"><div class=\"fusion-layout-column fusion_builder_column fusion-builder-column-1 fusion_builder_column_1_1 1_1 fusion-one-full fusion-column-first fusion-column-last fusion-column-inner-bg-wrapper\" style=\"--awb-padding-top:10%;--awb-padding-bottom:10%;--awb-inner-bg-image:url(&#039;http:\/\/termix.net\/blog\/wp-content\/uploads\/2019\/03\/single-blog-post-feat.jpg&#039;);--awb-inner-bg-position:center center;--awb-inner-bg-size:cover;\"><span class=\"fusion-column-inner-bg hover-type-zoomout\"><span class=\"fusion-column-anchor\"><span class=\"fusion-column-inner-bg-image\"><\/span><\/span><\/span><div class=\"fusion-column-wrapper fusion-flex-column-wrapper-legacy\" data-bg-url=\"http:\/\/termix.net\/blog\/wp-content\/uploads\/2019\/03\/single-blog-post-feat.jpg\"><div class=\"fusion-sep-clear\"><\/div><div class=\"fusion-separator fusion-no-large-visibility fusion-full-width-sep\" style=\"margin-left: auto;margin-right: auto;margin-top:200px;width:100%;\"><\/div><div class=\"fusion-sep-clear\"><\/div><div class=\"fusion-clearfix\"><\/div><\/div><\/div><div class=\"fusion-layout-column fusion_builder_column fusion-builder-column-2 fusion_builder_column_1_1 1_1 fusion-one-full fusion-column-first fusion-column-last\" style=\"--awb-padding-top:6%;--awb-bg-color:#ffffff;--awb-bg-size:cover;--awb-margin-top:0px;--awb-margin-bottom:0px;\"><div class=\"fusion-column-wrapper fusion-flex-column-wrapper-legacy\"><div class=\"fusion-text fusion-text-2 caption\"><p style=\"text-align: center;\">Formaci\u00f3n Termix \u2014 3 min de lectura<\/p>\n<\/div><div class=\"fusion-title title fusion-title-2 fusion-sep-none fusion-title-center fusion-title-text fusion-title-size-two\" style=\"--awb-margin-top:30px;--awb-margin-bottom:20px;\"><h2 class=\"title-heading-center fusion-responsive-typography-calculated\" style=\"margin:0;--fontSize:50;line-height:1.28;\">Workshop \u00faltimas tendencias: descubre lo \u00faltimo en peluquer\u00eda<\/h2><\/div><div class=\"fusion-clearfix\"><\/div><\/div><\/div><\/div><\/div><div class=\"fusion-fullwidth fullwidth-box fusion-builder-row-3 nonhundred-percent-fullwidth non-hundred-percent-height-scrolling\" style=\"--awb-border-radius-top-left:0px;--awb-border-radius-top-right:0px;--awb-border-radius-bottom-right:0px;--awb-border-radius-bottom-left:0px;--awb-padding-top:10px;--awb-padding-bottom:4%;\" ><div class=\"fusion-builder-row fusion-row\"><div class=\"fusion-layout-column fusion_builder_column fusion-builder-column-3 fusion_builder_column_1_6 1_6 fusion-one-sixth fusion-column-first fusion-no-small-visibility fusion-no-medium-visibility\" style=\"--awb-bg-size:cover;width:16.666666666667%;width:calc(16.666666666667% - ( ( 0 ) * 0.16666666666667 ) );margin-right: 0px;\"><div class=\"fusion-column-wrapper fusion-flex-column-wrapper-legacy\"><div class=\"fusion-clearfix\"><\/div><\/div><\/div><div class=\"fusion-layout-column fusion_builder_column fusion-builder-column-4 fusion_builder_column_2_3 2_3 fusion-two-third fusion-column-last\" style=\"--awb-bg-size:cover;width:66.666666666667%;width:calc(66.666666666667% - ( ( 0 ) * 0.66666666666667 ) );\"><div class=\"fusion-column-wrapper fusion-flex-column-wrapper-legacy\"><div class=\"fusion-sep-clear\"><\/div><div class=\"fusion-separator fusion-full-width-sep\" style=\"margin-left: auto;margin-right: auto;margin-top:30px;width:100%;\"><\/div><div class=\"fusion-sep-clear\"><\/div><div class=\"fusion-text fusion-text-3\"><p style=\"text-align: center;\"><span style=\"font-size: 22px; line-height: 1.5em;\"> Nuevas tendencias, moda, estilo y\u2026. \u00a1mucha peluquer\u00eda! As\u00ed se definen las formaciones Termix que iniciaron su rumbo en <strong>Lugo<\/strong> con un cabeza de cartel de excepci\u00f3n: el estilista Antonio Garrido. <\/span><\/p>\n<p style=\"text-align: center;\"><span style=\"font-size: 22px; line-height: 1.5em;\"><strong>\u00bfTe apetece descubrirlo todo sobre la peluquer\u00eda m\u00e1s actual?<\/strong><\/span><\/p>\n<p style=\"text-align: center;\"><span style=\"font-size: 22px; line-height: 1.5em;\"> \u00a1Ap\u00fantate a las formaciones Termix!.<\/span><\/p>\n<\/div><div class=\"fusion-sep-clear\"><\/div><div class=\"fusion-separator fusion-full-width-sep\" style=\"margin-left: auto;margin-right: auto;margin-top:30px;width:100%;\"><\/div><div class=\"fusion-sep-clear\"><\/div><div class=\"fusion-text fusion-text-4\"><h3 style=\"text-align: justify;\"><\/h3>\n<h2 style=\"text-align: justify;\">\u00bfNo dejas de consultar revistas en busca de inspiraci\u00f3n?<\/h2>\n<p style=\"text-align: justify;\"><strong>Termix <\/strong>te trae en directo una <strong>Masterclass de peluquer\u00eda<\/strong> con la que desarrollar por completo tu pericia realizando los looks y peinados que m\u00e1s se llevan esta temporada. Un ciclo de formaciones a cargo del <strong>reconocido estilista Antonio Garrido<\/strong>, con el que aprender sobre las <strong>tendencias en cabello m\u00e1s actuales<\/strong> y c\u00f3mo convertirse en referente en el mundo de la peluquer\u00eda.<\/p>\n<p><img decoding=\"async\" class=\"alignnone size-full wp-image-24405\" src=\"https:\/\/termix.net\/blog\/wp-content\/uploads\/2018\/10\/FORMACIONES-ANTONIO-GARRIDO-Y-TERMIX1-1.jpg\" alt=\"formaciones termix\" width=\"1160\" height=\"660\" srcset=\"https:\/\/termix.net\/blog\/wp-content\/uploads\/2018\/10\/FORMACIONES-ANTONIO-GARRIDO-Y-TERMIX1-1-200x114.jpg 200w, https:\/\/termix.net\/blog\/wp-content\/uploads\/2018\/10\/FORMACIONES-ANTONIO-GARRIDO-Y-TERMIX1-1-300x171.jpg 300w, https:\/\/termix.net\/blog\/wp-content\/uploads\/2018\/10\/FORMACIONES-ANTONIO-GARRIDO-Y-TERMIX1-1-400x228.jpg 400w, https:\/\/termix.net\/blog\/wp-content\/uploads\/2018\/10\/FORMACIONES-ANTONIO-GARRIDO-Y-TERMIX1-1-600x341.jpg 600w, https:\/\/termix.net\/blog\/wp-content\/uploads\/2018\/10\/FORMACIONES-ANTONIO-GARRIDO-Y-TERMIX1-1-768x437.jpg 768w, https:\/\/termix.net\/blog\/wp-content\/uploads\/2018\/10\/FORMACIONES-ANTONIO-GARRIDO-Y-TERMIX1-1-800x455.jpg 800w, https:\/\/termix.net\/blog\/wp-content\/uploads\/2018\/10\/FORMACIONES-ANTONIO-GARRIDO-Y-TERMIX1-1-1024x583.jpg 1024w, https:\/\/termix.net\/blog\/wp-content\/uploads\/2018\/10\/FORMACIONES-ANTONIO-GARRIDO-Y-TERMIX1-1.jpg 1160w\" sizes=\"(max-width: 1160px) 100vw, 1160px\" \/><\/p>\n<p style=\"text-align: justify;\">Adem\u00e1s, el compromiso Termix se une con las manos de este galardonado peluquero para <strong>cuidar al m\u00e1ximo de la salud del cabello<\/strong>. Porque esta formaci\u00f3n, adem\u00e1s de <strong>repasar las nuevas tendencias<\/strong> y c\u00f3mo desarrollar tu estilo propio, tambi\u00e9n hace hincapi\u00e9 en <strong>tips y consejos profesionales<\/strong> para mantener el cabello en su m\u00e1xima expresi\u00f3n. Esto es conservando su vitalidad y brillo, dos componentes que reafirman el cuidado ejemplar del cabello para que siempre luzca saludable. <strong>\u00bfQuieres conocer m\u00e1s?<\/strong><\/p>\n<p><img decoding=\"async\" class=\"alignnone size-full wp-image-24403\" src=\"https:\/\/termix.net\/blog\/wp-content\/uploads\/2018\/10\/foormaciones-termix-en-moda-y-tendencias-en-peluqueria.jpg\" alt=\"formaciones termix\" width=\"1160\" height=\"660\" srcset=\"https:\/\/termix.net\/blog\/wp-content\/uploads\/2018\/10\/foormaciones-termix-en-moda-y-tendencias-en-peluqueria-200x114.jpg 200w, https:\/\/termix.net\/blog\/wp-content\/uploads\/2018\/10\/foormaciones-termix-en-moda-y-tendencias-en-peluqueria-300x171.jpg 300w, https:\/\/termix.net\/blog\/wp-content\/uploads\/2018\/10\/foormaciones-termix-en-moda-y-tendencias-en-peluqueria-400x228.jpg 400w, https:\/\/termix.net\/blog\/wp-content\/uploads\/2018\/10\/foormaciones-termix-en-moda-y-tendencias-en-peluqueria-600x341.jpg 600w, https:\/\/termix.net\/blog\/wp-content\/uploads\/2018\/10\/foormaciones-termix-en-moda-y-tendencias-en-peluqueria-768x437.jpg 768w, https:\/\/termix.net\/blog\/wp-content\/uploads\/2018\/10\/foormaciones-termix-en-moda-y-tendencias-en-peluqueria-800x455.jpg 800w, https:\/\/termix.net\/blog\/wp-content\/uploads\/2018\/10\/foormaciones-termix-en-moda-y-tendencias-en-peluqueria-1024x583.jpg 1024w, https:\/\/termix.net\/blog\/wp-content\/uploads\/2018\/10\/foormaciones-termix-en-moda-y-tendencias-en-peluqueria.jpg 1160w\" sizes=\"(max-width: 1160px) 100vw, 1160px\" \/><\/p>\n<h2 style=\"text-align: justify;\">WORKSHOP \u00daLTIMAS TENDENCIAS: descubre lo \u00faltimo en peluquer\u00eda<\/h2>\n<p style=\"text-align: justify;\">Y despu\u00e9s del \u00e9xito cosechado en las ciudades de <strong>Lugo, Pontevedra y Algeciras<\/strong>, los workshops vuelven y esta vez lo hacen con la mira puesta en Bilbao. El <strong>15 de octubre<\/strong> se retoman las clases que se dividen en dos partes: la primera secci\u00f3n, de vertiente m\u00e1s te\u00f3rica, en la que se establecen las bases de un <strong>correcto brushing<\/strong> y se presentan los valores y misi\u00f3n de Termix. En adelante, el <strong>estilista Antonio Garrido<\/strong> crea en vivo y en directo tres looks de tendencia donde las <strong>Pipe Braids y el estilo Boho Chic<\/strong> se hacen con el protagonismo.<\/p>\n<ul style=\"text-align: justify;\">\n<li><strong>Organizaci\u00f3n de las sesiones<\/strong><\/li>\n<\/ul>\n<p style=\"text-align: justify;\">PRIMERA PARTE: INTRODUCCI\u00d3N DE LA MARCA Y HERRAMIENTAS DE PELUQUER\u00cdA PROFESIONAL<\/p>\n<p style=\"text-align: justify;\">SEGUNDA PARTE: LA T\u00c9CNICA DEL BRUSHING, \u00bfC\u00d3MO CREAR TENDENCIA?<\/p>\n<p style=\"text-align: justify;\">TERCERA PRATE: DEMOSTRACI\u00d3N PR\u00c1CTICA DE PIPE BRAIDS, COLETA ALTA ONDULADA Y ESTILO BOHO CHIC<\/p>\n<ul style=\"text-align: justify;\">\n<li><strong>Duraci\u00f3n total<\/strong> 3 horas: 30 minutos teor\u00eda + 2horas 30minutos demostraci\u00f3n pr\u00e1ctica<\/li>\n<\/ul>\n<p><img decoding=\"async\" class=\"alignnone size-full wp-image-24401\" src=\"https:\/\/termix.net\/blog\/wp-content\/uploads\/2018\/10\/CONTENIDO-SESIONES-WORKSHOPS.jpg\" alt=\"formaciones termix\" width=\"1160\" height=\"1000\" srcset=\"https:\/\/termix.net\/blog\/wp-content\/uploads\/2018\/10\/CONTENIDO-SESIONES-WORKSHOPS-200x172.jpg 200w, https:\/\/termix.net\/blog\/wp-content\/uploads\/2018\/10\/CONTENIDO-SESIONES-WORKSHOPS-300x259.jpg 300w, https:\/\/termix.net\/blog\/wp-content\/uploads\/2018\/10\/CONTENIDO-SESIONES-WORKSHOPS-400x345.jpg 400w, https:\/\/termix.net\/blog\/wp-content\/uploads\/2018\/10\/CONTENIDO-SESIONES-WORKSHOPS-600x517.jpg 600w, https:\/\/termix.net\/blog\/wp-content\/uploads\/2018\/10\/CONTENIDO-SESIONES-WORKSHOPS-768x662.jpg 768w, https:\/\/termix.net\/blog\/wp-content\/uploads\/2018\/10\/CONTENIDO-SESIONES-WORKSHOPS-800x690.jpg 800w, https:\/\/termix.net\/blog\/wp-content\/uploads\/2018\/10\/CONTENIDO-SESIONES-WORKSHOPS-1024x883.jpg 1024w, https:\/\/termix.net\/blog\/wp-content\/uploads\/2018\/10\/CONTENIDO-SESIONES-WORKSHOPS.jpg 1160w\" sizes=\"(max-width: 1160px) 100vw, 1160px\" \/><\/p>\n<h2 style=\"text-align: justify;\">CUIDAMOS DE LA SALUD DE TU CABELLO: estas son las herramientas<\/h2>\n<p style=\"text-align: justify;\">Y como nuestro principal compromiso es cuidar de la salud del cabello, ponemos a la disposici\u00f3n de los estudiantes la gama de cepillo Evolution y la plancha de pelo 230\u00ba Black Edition. Dos herramientas de peluquer\u00eda profesional ideales para dar rienda suelta a tu creatividad y realizar los looks m\u00e1s actuales.<\/p>\n<h3 style=\"text-align: justify;\">CEPILLOS EVOLUTION<\/h3>\n<p style=\"text-align: justify;\">\u00bfTodav\u00eda no los conoces? Los \u00a0<span style=\"text-decoration: underline;\"><strong>Evolution de Termix<\/strong><\/span> son la \u00fanica gama de cepillos dise\u00f1ados espec\u00edficamente para cuidar de cada tipo de cabello. Existen tres +variantes: el <span style=\"text-decoration: underline;\"><strong>Evolution Soft<\/strong><\/span>, especialmente dise\u00f1ado para cuidar de los cabellos m\u00e1s finos y quebradizos; el <span style=\"text-decoration: underline;\"><strong>Evolution Basic<\/strong><\/span>, un cepillo pensado para ayudar a reducir los problemas de deshidrataci\u00f3n y encrespamiento de los cabellos medios y, por \u00faltimo, los <span style=\"text-decoration: underline;\"><strong>Evolution Plus<\/strong><\/span>, conceptuados para moldear los cabellos m\u00e1s gruesos. Cada uno de ellos dispone de una combinaci\u00f3n \u00fanica de fibras que permite un mayor y mejor agarre seg\u00fan el cabello con el que estemos trabajando.<\/p>\n<p><img decoding=\"async\" class=\"alignnone size-full wp-image-24399\" src=\"https:\/\/termix.net\/blog\/wp-content\/uploads\/2018\/10\/LOS-CEPILLOS-EVOLUTION-CUIDAN-DE-TU-CABELLO-EN-LAS-FORMACIONES-TERMIX-Y-ANTONIO-GARRIDO.jpg\" alt=\"formaciones termix\" width=\"1160\" height=\"660\" srcset=\"https:\/\/termix.net\/blog\/wp-content\/uploads\/2018\/10\/LOS-CEPILLOS-EVOLUTION-CUIDAN-DE-TU-CABELLO-EN-LAS-FORMACIONES-TERMIX-Y-ANTONIO-GARRIDO-200x114.jpg 200w, https:\/\/termix.net\/blog\/wp-content\/uploads\/2018\/10\/LOS-CEPILLOS-EVOLUTION-CUIDAN-DE-TU-CABELLO-EN-LAS-FORMACIONES-TERMIX-Y-ANTONIO-GARRIDO-300x171.jpg 300w, https:\/\/termix.net\/blog\/wp-content\/uploads\/2018\/10\/LOS-CEPILLOS-EVOLUTION-CUIDAN-DE-TU-CABELLO-EN-LAS-FORMACIONES-TERMIX-Y-ANTONIO-GARRIDO-400x228.jpg 400w, https:\/\/termix.net\/blog\/wp-content\/uploads\/2018\/10\/LOS-CEPILLOS-EVOLUTION-CUIDAN-DE-TU-CABELLO-EN-LAS-FORMACIONES-TERMIX-Y-ANTONIO-GARRIDO-600x341.jpg 600w, https:\/\/termix.net\/blog\/wp-content\/uploads\/2018\/10\/LOS-CEPILLOS-EVOLUTION-CUIDAN-DE-TU-CABELLO-EN-LAS-FORMACIONES-TERMIX-Y-ANTONIO-GARRIDO-768x437.jpg 768w, https:\/\/termix.net\/blog\/wp-content\/uploads\/2018\/10\/LOS-CEPILLOS-EVOLUTION-CUIDAN-DE-TU-CABELLO-EN-LAS-FORMACIONES-TERMIX-Y-ANTONIO-GARRIDO-800x455.jpg 800w, https:\/\/termix.net\/blog\/wp-content\/uploads\/2018\/10\/LOS-CEPILLOS-EVOLUTION-CUIDAN-DE-TU-CABELLO-EN-LAS-FORMACIONES-TERMIX-Y-ANTONIO-GARRIDO-1024x583.jpg 1024w, https:\/\/termix.net\/blog\/wp-content\/uploads\/2018\/10\/LOS-CEPILLOS-EVOLUTION-CUIDAN-DE-TU-CABELLO-EN-LAS-FORMACIONES-TERMIX-Y-ANTONIO-GARRIDO.jpg 1160w\" sizes=\"(max-width: 1160px) 100vw, 1160px\" \/><\/p>\n<h3 style=\"text-align: justify;\">PLANCHA DE PELO 230 BLACK EDITION<\/h3>\n<p style=\"text-align: justify;\">Una plancha de pelo que se caracteriza por su versatilidad. La <span style=\"text-decoration: underline;\"><strong>plancha de pelo 230 Black Edition<\/strong><\/span> es compatible con todo tipo de cabellos, gracias a su regulador de temperatura inteligente, que abarca de los 130\u00baC a los 230\u00baC, pudiendo adaptarla seg\u00fan las necesidades espec\u00edficas de cada tipo de cabello. Adem\u00e1s, sus placas son de cer\u00e1mica y turmalina, dos componentes que potencian el brillo natural el cabello par resultados espectaculares. Por \u00faltimo, se trata de una plancha de pelo muy ergon\u00f3mica que incluye nanotecnolog\u00eda que ayuda a sellar la cut\u00edcula y a purificar el cabello.<\/p>\n<p><img decoding=\"async\" class=\"alignnone size-full wp-image-24397\" src=\"https:\/\/termix.net\/blog\/wp-content\/uploads\/2018\/10\/TERMIX230-EN-LAS-FORMACIONES-DE-TERMIX-Y-GARRIDO.jpg\" alt=\"\" width=\"1160\" height=\"660\" srcset=\"https:\/\/termix.net\/blog\/wp-content\/uploads\/2018\/10\/TERMIX230-EN-LAS-FORMACIONES-DE-TERMIX-Y-GARRIDO-200x114.jpg 200w, https:\/\/termix.net\/blog\/wp-content\/uploads\/2018\/10\/TERMIX230-EN-LAS-FORMACIONES-DE-TERMIX-Y-GARRIDO-300x171.jpg 300w, https:\/\/termix.net\/blog\/wp-content\/uploads\/2018\/10\/TERMIX230-EN-LAS-FORMACIONES-DE-TERMIX-Y-GARRIDO-400x228.jpg 400w, https:\/\/termix.net\/blog\/wp-content\/uploads\/2018\/10\/TERMIX230-EN-LAS-FORMACIONES-DE-TERMIX-Y-GARRIDO-600x341.jpg 600w, https:\/\/termix.net\/blog\/wp-content\/uploads\/2018\/10\/TERMIX230-EN-LAS-FORMACIONES-DE-TERMIX-Y-GARRIDO-768x437.jpg 768w, https:\/\/termix.net\/blog\/wp-content\/uploads\/2018\/10\/TERMIX230-EN-LAS-FORMACIONES-DE-TERMIX-Y-GARRIDO-800x455.jpg 800w, https:\/\/termix.net\/blog\/wp-content\/uploads\/2018\/10\/TERMIX230-EN-LAS-FORMACIONES-DE-TERMIX-Y-GARRIDO-1024x583.jpg 1024w, https:\/\/termix.net\/blog\/wp-content\/uploads\/2018\/10\/TERMIX230-EN-LAS-FORMACIONES-DE-TERMIX-Y-GARRIDO.jpg 1160w\" sizes=\"(max-width: 1160px) 100vw, 1160px\" \/><\/p>\n<h2 style=\"text-align: justify;\">CALENDARIO DE FORMACIONES<\/h2>\n<p style=\"text-align: justify;\">\u00bfQuieres apuntarte? Pulsa en el bot\u00f3n inferior y te facilitaremos toda la informaci\u00f3n necesaria para apuntarte al Workshop \u00faltimas tendencias by Antonio Garrido.<\/p>\n<p><img decoding=\"async\" class=\"alignnone size-full wp-image-24395\" src=\"https:\/\/termix.net\/blog\/wp-content\/uploads\/2018\/10\/CALENDAR-FORMACIONES.jpg\" alt=\"formaciones termix\" width=\"1160\" height=\"1000\" srcset=\"https:\/\/termix.net\/blog\/wp-content\/uploads\/2018\/10\/CALENDAR-FORMACIONES-200x172.jpg 200w, https:\/\/termix.net\/blog\/wp-content\/uploads\/2018\/10\/CALENDAR-FORMACIONES-300x259.jpg 300w, https:\/\/termix.net\/blog\/wp-content\/uploads\/2018\/10\/CALENDAR-FORMACIONES-400x345.jpg 400w, https:\/\/termix.net\/blog\/wp-content\/uploads\/2018\/10\/CALENDAR-FORMACIONES-600x517.jpg 600w, https:\/\/termix.net\/blog\/wp-content\/uploads\/2018\/10\/CALENDAR-FORMACIONES-768x662.jpg 768w, https:\/\/termix.net\/blog\/wp-content\/uploads\/2018\/10\/CALENDAR-FORMACIONES-800x690.jpg 800w, https:\/\/termix.net\/blog\/wp-content\/uploads\/2018\/10\/CALENDAR-FORMACIONES-1024x883.jpg 1024w, https:\/\/termix.net\/blog\/wp-content\/uploads\/2018\/10\/CALENDAR-FORMACIONES.jpg 1160w\" sizes=\"(max-width: 1160px) 100vw, 1160px\" \/><\/p>\n<h2>SOBRE <span style=\"text-decoration: underline;\">ANTONIO GARRIDO<\/span><\/h2>\n<h5 style=\"text-align: justify;\">Nace en Baena (C\u00f3rdoba) pero se traslada desde muy peque\u00f1o a Zaragoza donde estudia Peluquer\u00eda y Asesor\u00eda de Imagen. Ya en Barcelona, empieza a trabajar en Cebado en uno de los salones m\u00e1s emblem\u00e1ticos de la firma, el de Rambla Catalu\u00f1a con los hermanos Carlos y Alberto Cerd\u00e1n. Gracias a este trabajo, empieza a trabajar en los eventos de peluquer\u00eda m\u00e1s prestigiosos del momento, realizar sesiones de fotos para L\u00b4Oreal en Paris y Mil\u00e1n y formaciones de peluquer\u00eda y moda. Desde entonces, se ha convertido en uno de los peluqueros ic\u00f3nicos del panorama nacional, siendo el estilista de numerosas celebrities como Judith Masc\u00f3, M\u00f3nica Cruz, Eugenia Mart\u00ednez de Irujo, Antonia Dell&#8217;Atte o Cayetana Guill\u00e9n Cuervo, entre otras. En 2014 gana el Premio Dedal de la Moda y es autor del libro An\u00e9cdotas de Peluqueros de la editorial C\u00fapula del grupo Planeta<\/h5>\n<\/div><div class=\"fusion-clearfix\"><\/div><\/div><\/div><\/div><\/div><div class=\"fusion-fullwidth fullwidth-box fusion-builder-row-4 nonhundred-percent-fullwidth non-hundred-percent-height-scrolling\" style=\"--awb-border-radius-top-left:0px;--awb-border-radius-top-right:0px;--awb-border-radius-bottom-right:0px;--awb-border-radius-bottom-left:0px;\" ><\/div><\/p>\n","protected":false},"excerpt":{"rendered":"","protected":false},"author":2,"featured_media":22004,"comment_status":"open","ping_status":"open","sticky":false,"template":"","format":"standard","meta":[],"categories":[6],"tags":[],"yoast_head":"<!-- This site is optimized with the Yoast SEO plugin v20.0 - https:\/\/yoast.com\/wordpress\/plugins\/seo\/ -->\n<title>Workshop \u00faltimas tendencias con Antonio Garrido - Termix<\/title>\n<meta name=\"description\" content=\"\u00bfEres un apasionado de la peluquer\u00eda? Entonces esto te interesa. Hemos abierto un nuevo ciclo de formaciones sobre las \u00faltimas tendencias en peluquer\u00eda, recogidos y estilo para que te pongas al d\u00eda. Y todo ello de la mano de uno de los estilistas m\u00e1s reconocidos del panorama nacional: Antonio Garrido. \u00bfTe apuntas?\" \/>\n<meta name=\"robots\" content=\"index, follow, max-snippet:-1, max-image-preview:large, max-video-preview:-1\" \/>\n<link rel=\"canonical\" href=\"https:\/\/termix.net\/blog\/es\/workshop-ultimas-tendencias-descubre-lo-ultimo-en-peluqueria\/\" \/>\n<meta property=\"og:locale\" content=\"es_ES\" \/>\n<meta property=\"og:type\" content=\"article\" \/>\n<meta property=\"og:title\" content=\"Workshop \u00faltimas tendencias con Antonio Garrido - Termix\" \/>\n<meta property=\"og:description\" content=\"\u00bfEres un apasionado de la peluquer\u00eda? Entonces esto te interesa. Hemos abierto un nuevo ciclo de formaciones sobre las \u00faltimas tendencias en peluquer\u00eda, recogidos y estilo para que te pongas al d\u00eda. Y todo ello de la mano de uno de los estilistas m\u00e1s reconocidos del panorama nacional: Antonio Garrido. \u00bfTe apuntas?\" \/>\n<meta property=\"og:url\" content=\"https:\/\/termix.net\/blog\/es\/workshop-ultimas-tendencias-descubre-lo-ultimo-en-peluqueria\/\" \/>\n<meta property=\"og:site_name\" content=\"Blog Termix Spain\" \/>\n<meta property=\"article:published_time\" content=\"2018-10-10T14:36:55+00:00\" \/>\n<meta property=\"article:modified_time\" content=\"2019-12-17T15:08:15+00:00\" \/>\n<meta property=\"og:image\" content=\"https:\/\/termix.net\/blog\/wp-content\/uploads\/2018\/10\/FORMACIONES-ANTONIO-GARRIDO-Y-TERMIX1.jpg\" \/>\n\t<meta property=\"og:image:width\" content=\"1160\" \/>\n\t<meta property=\"og:image:height\" content=\"660\" \/>\n\t<meta property=\"og:image:type\" content=\"image\/jpeg\" \/>\n<meta name=\"author\" content=\"TermixTeam\" \/>\n<meta name=\"twitter:card\" content=\"summary_large_image\" \/>\n<meta name=\"twitter:label1\" content=\"Escrito por\" \/>\n\t<meta name=\"twitter:data1\" content=\"TermixTeam\" \/>\n\t<meta name=\"twitter:label2\" content=\"Tiempo de lectura\" \/>\n\t<meta name=\"twitter:data2\" content=\"10 minutos\" \/>\n<script type=\"application\/ld+json\" class=\"yoast-schema-graph\">{\"@context\":\"https:\/\/schema.org\",\"@graph\":[{\"@type\":\"Article\",\"@id\":\"https:\/\/termix.net\/blog\/es\/workshop-ultimas-tendencias-descubre-lo-ultimo-en-peluqueria\/#article\",\"isPartOf\":{\"@id\":\"https:\/\/termix.net\/blog\/es\/workshop-ultimas-tendencias-descubre-lo-ultimo-en-peluqueria\/\"},\"author\":{\"name\":\"TermixTeam\",\"@id\":\"https:\/\/termix.net\/blog\/es\/#\/schema\/person\/9096c98bdf03c8ddf91ad7172f254f40\"},\"headline\":\"Workshop \u00faltimas tendencias: descubre lo \u00faltimo en peluquer\u00eda\",\"datePublished\":\"2018-10-10T14:36:55+00:00\",\"dateModified\":\"2019-12-17T15:08:15+00:00\",\"mainEntityOfPage\":{\"@id\":\"https:\/\/termix.net\/blog\/es\/workshop-ultimas-tendencias-descubre-lo-ultimo-en-peluqueria\/\"},\"wordCount\":2028,\"commentCount\":2,\"publisher\":{\"@id\":\"https:\/\/termix.net\/blog\/es\/#organization\"},\"articleSection\":[\"NOTICIAS\"],\"inLanguage\":\"es\",\"potentialAction\":[{\"@type\":\"CommentAction\",\"name\":\"Comment\",\"target\":[\"https:\/\/termix.net\/blog\/es\/workshop-ultimas-tendencias-descubre-lo-ultimo-en-peluqueria\/#respond\"]}]},{\"@type\":\"WebPage\",\"@id\":\"https:\/\/termix.net\/blog\/es\/workshop-ultimas-tendencias-descubre-lo-ultimo-en-peluqueria\/\",\"url\":\"https:\/\/termix.net\/blog\/es\/workshop-ultimas-tendencias-descubre-lo-ultimo-en-peluqueria\/\",\"name\":\"Workshop \u00faltimas tendencias con Antonio Garrido - Termix\",\"isPartOf\":{\"@id\":\"https:\/\/termix.net\/blog\/es\/#website\"},\"datePublished\":\"2018-10-10T14:36:55+00:00\",\"dateModified\":\"2019-12-17T15:08:15+00:00\",\"description\":\"\u00bfEres un apasionado de la peluquer\u00eda? Entonces esto te interesa. Hemos abierto un nuevo ciclo de formaciones sobre las \u00faltimas tendencias en peluquer\u00eda, recogidos y estilo para que te pongas al d\u00eda. Y todo ello de la mano de uno de los estilistas m\u00e1s reconocidos del panorama nacional: Antonio Garrido. \u00bfTe apuntas?\",\"breadcrumb\":{\"@id\":\"https:\/\/termix.net\/blog\/es\/workshop-ultimas-tendencias-descubre-lo-ultimo-en-peluqueria\/#breadcrumb\"},\"inLanguage\":\"es\",\"potentialAction\":[{\"@type\":\"ReadAction\",\"target\":[\"https:\/\/termix.net\/blog\/es\/workshop-ultimas-tendencias-descubre-lo-ultimo-en-peluqueria\/\"]}]},{\"@type\":\"BreadcrumbList\",\"@id\":\"https:\/\/termix.net\/blog\/es\/workshop-ultimas-tendencias-descubre-lo-ultimo-en-peluqueria\/#breadcrumb\",\"itemListElement\":[{\"@type\":\"ListItem\",\"position\":1,\"name\":\"Home\",\"item\":\"https:\/\/termix.net\/blog\/es\/\"},{\"@type\":\"ListItem\",\"position\":2,\"name\":\"Workshop \u00faltimas tendencias: descubre lo \u00faltimo en peluquer\u00eda\"}]},{\"@type\":\"WebSite\",\"@id\":\"https:\/\/termix.net\/blog\/es\/#website\",\"url\":\"https:\/\/termix.net\/blog\/es\/\",\"name\":\"Blog Termix Spain\",\"description\":\"Blog de tendencias y productos de peluquer\u00eda profesional.\",\"publisher\":{\"@id\":\"https:\/\/termix.net\/blog\/es\/#organization\"},\"potentialAction\":[{\"@type\":\"SearchAction\",\"target\":{\"@type\":\"EntryPoint\",\"urlTemplate\":\"https:\/\/termix.net\/blog\/es\/?s={search_term_string}\"},\"query-input\":\"required name=search_term_string\"}],\"inLanguage\":\"es\"},{\"@type\":\"Organization\",\"@id\":\"https:\/\/termix.net\/blog\/es\/#organization\",\"name\":\"Dols Industrial de Peluquer\u00eda SA\",\"url\":\"https:\/\/termix.net\/blog\/es\/\",\"logo\":{\"@type\":\"ImageObject\",\"inLanguage\":\"es\",\"@id\":\"https:\/\/termix.net\/blog\/es\/#\/schema\/logo\/image\/\",\"url\":\"https:\/\/termix.net\/blog\/wp-content\/uploads\/2020\/10\/OGbDAeng.jpeg\",\"contentUrl\":\"https:\/\/termix.net\/blog\/wp-content\/uploads\/2020\/10\/OGbDAeng.jpeg\",\"width\":800,\"height\":800,\"caption\":\"Dols Industrial de Peluquer\u00eda SA\"},\"image\":{\"@id\":\"https:\/\/termix.net\/blog\/es\/#\/schema\/logo\/image\/\"}},{\"@type\":\"Person\",\"@id\":\"https:\/\/termix.net\/blog\/es\/#\/schema\/person\/9096c98bdf03c8ddf91ad7172f254f40\",\"name\":\"TermixTeam\",\"image\":{\"@type\":\"ImageObject\",\"inLanguage\":\"es\",\"@id\":\"https:\/\/termix.net\/blog\/es\/#\/schema\/person\/image\/\",\"url\":\"https:\/\/secure.gravatar.com\/avatar\/d89f61f6bd1c29a4acb231736d1c74b3?s=96&d=mm&r=g\",\"contentUrl\":\"https:\/\/secure.gravatar.com\/avatar\/d89f61f6bd1c29a4acb231736d1c74b3?s=96&d=mm&r=g\",\"caption\":\"TermixTeam\"},\"url\":\"https:\/\/termix.net\/blog\/es\/author\/termixteam\/\"}]}<\/script>\n<!-- \/ Yoast SEO plugin. -->","yoast_head_json":{"title":"Workshop \u00faltimas tendencias con Antonio Garrido - Termix","description":"\u00bfEres un apasionado de la peluquer\u00eda? Entonces esto te interesa. Hemos abierto un nuevo ciclo de formaciones sobre las \u00faltimas tendencias en peluquer\u00eda, recogidos y estilo para que te pongas al d\u00eda. Y todo ello de la mano de uno de los estilistas m\u00e1s reconocidos del panorama nacional: Antonio Garrido. \u00bfTe apuntas?","robots":{"index":"index","follow":"follow","max-snippet":"max-snippet:-1","max-image-preview":"max-image-preview:large","max-video-preview":"max-video-preview:-1"},"canonical":"https:\/\/termix.net\/blog\/es\/workshop-ultimas-tendencias-descubre-lo-ultimo-en-peluqueria\/","og_locale":"es_ES","og_type":"article","og_title":"Workshop \u00faltimas tendencias con Antonio Garrido - Termix","og_description":"\u00bfEres un apasionado de la peluquer\u00eda? Entonces esto te interesa. Hemos abierto un nuevo ciclo de formaciones sobre las \u00faltimas tendencias en peluquer\u00eda, recogidos y estilo para que te pongas al d\u00eda. Y todo ello de la mano de uno de los estilistas m\u00e1s reconocidos del panorama nacional: Antonio Garrido. \u00bfTe apuntas?","og_url":"https:\/\/termix.net\/blog\/es\/workshop-ultimas-tendencias-descubre-lo-ultimo-en-peluqueria\/","og_site_name":"Blog Termix Spain","article_published_time":"2018-10-10T14:36:55+00:00","article_modified_time":"2019-12-17T15:08:15+00:00","og_image":[{"width":1160,"height":660,"url":"https:\/\/termix.net\/blog\/wp-content\/uploads\/2018\/10\/FORMACIONES-ANTONIO-GARRIDO-Y-TERMIX1.jpg","type":"image\/jpeg"}],"author":"TermixTeam","twitter_card":"summary_large_image","twitter_misc":{"Escrito por":"TermixTeam","Tiempo de lectura":"10 minutos"},"schema":{"@context":"https:\/\/schema.org","@graph":[{"@type":"Article","@id":"https:\/\/termix.net\/blog\/es\/workshop-ultimas-tendencias-descubre-lo-ultimo-en-peluqueria\/#article","isPartOf":{"@id":"https:\/\/termix.net\/blog\/es\/workshop-ultimas-tendencias-descubre-lo-ultimo-en-peluqueria\/"},"author":{"name":"TermixTeam","@id":"https:\/\/termix.net\/blog\/es\/#\/schema\/person\/9096c98bdf03c8ddf91ad7172f254f40"},"headline":"Workshop \u00faltimas tendencias: descubre lo \u00faltimo en peluquer\u00eda","datePublished":"2018-10-10T14:36:55+00:00","dateModified":"2019-12-17T15:08:15+00:00","mainEntityOfPage":{"@id":"https:\/\/termix.net\/blog\/es\/workshop-ultimas-tendencias-descubre-lo-ultimo-en-peluqueria\/"},"wordCount":2028,"commentCount":2,"publisher":{"@id":"https:\/\/termix.net\/blog\/es\/#organization"},"articleSection":["NOTICIAS"],"inLanguage":"es","potentialAction":[{"@type":"CommentAction","name":"Comment","target":["https:\/\/termix.net\/blog\/es\/workshop-ultimas-tendencias-descubre-lo-ultimo-en-peluqueria\/#respond"]}]},{"@type":"WebPage","@id":"https:\/\/termix.net\/blog\/es\/workshop-ultimas-tendencias-descubre-lo-ultimo-en-peluqueria\/","url":"https:\/\/termix.net\/blog\/es\/workshop-ultimas-tendencias-descubre-lo-ultimo-en-peluqueria\/","name":"Workshop \u00faltimas tendencias con Antonio Garrido - Termix","isPartOf":{"@id":"https:\/\/termix.net\/blog\/es\/#website"},"datePublished":"2018-10-10T14:36:55+00:00","dateModified":"2019-12-17T15:08:15+00:00","description":"\u00bfEres un apasionado de la peluquer\u00eda? Entonces esto te interesa. Hemos abierto un nuevo ciclo de formaciones sobre las \u00faltimas tendencias en peluquer\u00eda, recogidos y estilo para que te pongas al d\u00eda. Y todo ello de la mano de uno de los estilistas m\u00e1s reconocidos del panorama nacional: Antonio Garrido. \u00bfTe apuntas?","breadcrumb":{"@id":"https:\/\/termix.net\/blog\/es\/workshop-ultimas-tendencias-descubre-lo-ultimo-en-peluqueria\/#breadcrumb"},"inLanguage":"es","potentialAction":[{"@type":"ReadAction","target":["https:\/\/termix.net\/blog\/es\/workshop-ultimas-tendencias-descubre-lo-ultimo-en-peluqueria\/"]}]},{"@type":"BreadcrumbList","@id":"https:\/\/termix.net\/blog\/es\/workshop-ultimas-tendencias-descubre-lo-ultimo-en-peluqueria\/#breadcrumb","itemListElement":[{"@type":"ListItem","position":1,"name":"Home","item":"https:\/\/termix.net\/blog\/es\/"},{"@type":"ListItem","position":2,"name":"Workshop \u00faltimas tendencias: descubre lo \u00faltimo en peluquer\u00eda"}]},{"@type":"WebSite","@id":"https:\/\/termix.net\/blog\/es\/#website","url":"https:\/\/termix.net\/blog\/es\/","name":"Blog Termix Spain","description":"Blog de tendencias y productos de peluquer\u00eda profesional.","publisher":{"@id":"https:\/\/termix.net\/blog\/es\/#organization"},"potentialAction":[{"@type":"SearchAction","target":{"@type":"EntryPoint","urlTemplate":"https:\/\/termix.net\/blog\/es\/?s={search_term_string}"},"query-input":"required name=search_term_string"}],"inLanguage":"es"},{"@type":"Organization","@id":"https:\/\/termix.net\/blog\/es\/#organization","name":"Dols Industrial de Peluquer\u00eda SA","url":"https:\/\/termix.net\/blog\/es\/","logo":{"@type":"ImageObject","inLanguage":"es","@id":"https:\/\/termix.net\/blog\/es\/#\/schema\/logo\/image\/","url":"https:\/\/termix.net\/blog\/wp-content\/uploads\/2020\/10\/OGbDAeng.jpeg","contentUrl":"https:\/\/termix.net\/blog\/wp-content\/uploads\/2020\/10\/OGbDAeng.jpeg","width":800,"height":800,"caption":"Dols Industrial de Peluquer\u00eda SA"},"image":{"@id":"https:\/\/termix.net\/blog\/es\/#\/schema\/logo\/image\/"}},{"@type":"Person","@id":"https:\/\/termix.net\/blog\/es\/#\/schema\/person\/9096c98bdf03c8ddf91ad7172f254f40","name":"TermixTeam","image":{"@type":"ImageObject","inLanguage":"es","@id":"https:\/\/termix.net\/blog\/es\/#\/schema\/person\/image\/","url":"https:\/\/secure.gravatar.com\/avatar\/d89f61f6bd1c29a4acb231736d1c74b3?s=96&d=mm&r=g","contentUrl":"https:\/\/secure.gravatar.com\/avatar\/d89f61f6bd1c29a4acb231736d1c74b3?s=96&d=mm&r=g","caption":"TermixTeam"},"url":"https:\/\/termix.net\/blog\/es\/author\/termixteam\/"}]}},"_links":{"self":[{"href":"https:\/\/termix.net\/blog\/es\/wp-json\/wp\/v2\/posts\/15207"}],"collection":[{"href":"https:\/\/termix.net\/blog\/es\/wp-json\/wp\/v2\/posts"}],"about":[{"href":"https:\/\/termix.net\/blog\/es\/wp-json\/wp\/v2\/types\/post"}],"author":[{"embeddable":true,"href":"https:\/\/termix.net\/blog\/es\/wp-json\/wp\/v2\/users\/2"}],"replies":[{"embeddable":true,"href":"https:\/\/termix.net\/blog\/es\/wp-json\/wp\/v2\/comments?post=15207"}],"version-history":[{"count":4,"href":"https:\/\/termix.net\/blog\/es\/wp-json\/wp\/v2\/posts\/15207\/revisions"}],"predecessor-version":[{"id":24407,"href":"https:\/\/termix.net\/blog\/es\/wp-json\/wp\/v2\/posts\/15207\/revisions\/24407"}],"wp:featuredmedia":[{"embeddable":true,"href":"https:\/\/termix.net\/blog\/es\/wp-json\/wp\/v2\/media\/22004"}],"wp:attachment":[{"href":"https:\/\/termix.net\/blog\/es\/wp-json\/wp\/v2\/media?parent=15207"}],"wp:term":[{"taxonomy":"category","embeddable":true,"href":"https:\/\/termix.net\/blog\/es\/wp-json\/wp\/v2\/categories?post=15207"},{"taxonomy":"post_tag","embeddable":true,"href":"https:\/\/termix.net\/blog\/es\/wp-json\/wp\/v2\/tags?post=15207"}],"curies":[{"name":"wp","href":"https:\/\/api.w.org\/{rel}","templated":true}]}}