{"id":15014,"date":"2018-09-23T13:09:58","date_gmt":"2018-09-23T11:09:58","guid":{"rendered":"https:\/\/termix.net\/?p=15014"},"modified":"2019-12-17T15:57:42","modified_gmt":"2019-12-17T14:57:42","slug":"concurso-lovetermix-en-salon-look","status":"publish","type":"post","link":"https:\/\/termix.net\/blog\/es\/concurso-lovetermix-en-salon-look\/","title":{"rendered":"\u00a1Vis\u00edtanos en Sal\u00f3n Look y participa en el concurso #LoveTermix!"},"content":{"rendered":"<h1 style=\"text-align: center;\">Vis\u00edtanos en Sal\u00f3n Look y participa en el concurso<\/h1>\n<h1 style=\"text-align: center;\">#LoveTermix<\/h1>\n<p style=\"text-align: center;\">\u00a1Vuelve el espejo m\u00e1s esperado de Sal\u00f3n Look! Prepara tu mejor sonrisa y tu pose m\u00e1s original porque\u2026 \u00a1el Espejomat\u00f3n te espera en el stand de Termix!<\/p>\n<p style=\"text-align: center;\">\u00bfSer\u00e1s t\u00fa el ganador del lote de productos que sorteamos? \u00a1Tenemos uno cada d\u00eda!<\/p>\n<p style=\"text-align: center;\">An\u00edmate a participar en el concurso m\u00e1s original de Sal\u00f3n Look 2018.<\/p>\n<h3><img decoding=\"async\" class=\"alignnone size-full wp-image-24366\" src=\"https:\/\/termix.net\/blog\/wp-content\/uploads\/2018\/09\/concurso-lovetermix-en-salon-look-con-el-espejomaton-participa-y-llevate-uno-de-los-fantasticos-lotes-de-termix.jpg\" alt=\"premios concurso salon look \" width=\"1160\" height=\"660\" srcset=\"https:\/\/termix.net\/blog\/wp-content\/uploads\/2018\/09\/concurso-lovetermix-en-salon-look-con-el-espejomaton-participa-y-llevate-uno-de-los-fantasticos-lotes-de-termix-200x114.jpg 200w, https:\/\/termix.net\/blog\/wp-content\/uploads\/2018\/09\/concurso-lovetermix-en-salon-look-con-el-espejomaton-participa-y-llevate-uno-de-los-fantasticos-lotes-de-termix-300x171.jpg 300w, https:\/\/termix.net\/blog\/wp-content\/uploads\/2018\/09\/concurso-lovetermix-en-salon-look-con-el-espejomaton-participa-y-llevate-uno-de-los-fantasticos-lotes-de-termix-400x228.jpg 400w, https:\/\/termix.net\/blog\/wp-content\/uploads\/2018\/09\/concurso-lovetermix-en-salon-look-con-el-espejomaton-participa-y-llevate-uno-de-los-fantasticos-lotes-de-termix-600x341.jpg 600w, https:\/\/termix.net\/blog\/wp-content\/uploads\/2018\/09\/concurso-lovetermix-en-salon-look-con-el-espejomaton-participa-y-llevate-uno-de-los-fantasticos-lotes-de-termix-768x437.jpg 768w, https:\/\/termix.net\/blog\/wp-content\/uploads\/2018\/09\/concurso-lovetermix-en-salon-look-con-el-espejomaton-participa-y-llevate-uno-de-los-fantasticos-lotes-de-termix-800x455.jpg 800w, https:\/\/termix.net\/blog\/wp-content\/uploads\/2018\/09\/concurso-lovetermix-en-salon-look-con-el-espejomaton-participa-y-llevate-uno-de-los-fantasticos-lotes-de-termix-1024x583.jpg 1024w, https:\/\/termix.net\/blog\/wp-content\/uploads\/2018\/09\/concurso-lovetermix-en-salon-look-con-el-espejomaton-participa-y-llevate-uno-de-los-fantasticos-lotes-de-termix.jpg 1160w\" sizes=\"(max-width: 1160px) 100vw, 1160px\" \/><\/h3>\n<p>&nbsp;<\/p>\n<p style=\"text-align: justify;\">La cosa va de likes. Porque cuantos m\u00e1s consigas en la foto que te hayas hecho en el <strong>Espejomat\u00f3n<\/strong> \u2026 \u00a1m\u00e1s opciones tendr\u00e1s de ganar el fant\u00e1stico lote de productos Termix! Tenemos uno diferente cada d\u00eda.<\/p>\n<h2 style=\"text-align: justify;\">Pero\u2026 \u00bfc\u00f3mo puedes participar?<\/h2>\n<p style=\"text-align: justify;\">\u00a1Qu\u00edtate las dudas de encima! Te lo contamos paso por paso:<\/p>\n<p><img decoding=\"async\" class=\"alignnone size-full wp-image-24364\" src=\"https:\/\/termix.net\/blog\/wp-content\/uploads\/2018\/09\/espejomatonweb.jpg\" alt=\"premios concurso salon look \" width=\"1080\" height=\"1920\" srcset=\"https:\/\/termix.net\/blog\/wp-content\/uploads\/2018\/09\/espejomatonweb-169x300.jpg 169w, https:\/\/termix.net\/blog\/wp-content\/uploads\/2018\/09\/espejomatonweb-200x356.jpg 200w, https:\/\/termix.net\/blog\/wp-content\/uploads\/2018\/09\/espejomatonweb-400x711.jpg 400w, https:\/\/termix.net\/blog\/wp-content\/uploads\/2018\/09\/espejomatonweb-576x1024.jpg 576w, https:\/\/termix.net\/blog\/wp-content\/uploads\/2018\/09\/espejomatonweb-600x1067.jpg 600w, https:\/\/termix.net\/blog\/wp-content\/uploads\/2018\/09\/espejomatonweb-768x1365.jpg 768w, https:\/\/termix.net\/blog\/wp-content\/uploads\/2018\/09\/espejomatonweb-800x1422.jpg 800w, https:\/\/termix.net\/blog\/wp-content\/uploads\/2018\/09\/espejomatonweb.jpg 1080w\" sizes=\"(max-width: 1080px) 100vw, 1080px\" \/><\/p>\n<p>&nbsp;<\/p>\n<ol style=\"text-align: justify;\">\n<li>S\u00edguenos en nuestro perfil de Facebook: <strong><span style=\"text-decoration: underline;\">@termixspain<\/span><\/strong><\/li>\n<li>Ven a visitarnos en nuestro <strong>stand D16 en Sal\u00f3n Look<\/strong> durante los d\u00edas <strong>28,29 y 30 de septiembre<\/strong><\/li>\n<li>Busca el <strong>Espejomat\u00f3n<\/strong> y\u2026 \u00a1posa con tu mejor sonrisa!<\/li>\n<li>Encuentra tu foto en las <strong>carpetas<\/strong> que tendremos disponibles en nuestro <strong>perfil de FB<\/strong> divididas por d\u00edas.<\/li>\n<li>Consigue <strong>muchos likes<\/strong> en tu foto. Porque la que m\u00e1s \u201cMe Gusta\u201d o reacciones consiga\u2026 \u00a1<strong>ser\u00e1 la ganadora del lote de productos Termix<\/strong>!<\/li>\n<\/ol>\n<p>Tienes hasta el <strong>15 de octubre<\/strong> para acumular likes y\/o reacciones en tu fotograf\u00eda. \u00bfTe animas?<\/p>\n<h2 style=\"text-align: justify;\">\u00bfQu\u00e9 podr\u00e1s ganar?<\/h2>\n<h3><\/h3>\n<h3 style=\"text-align: justify;\">D\u00cdA 28 \/09<\/h3>\n<h3 style=\"text-align: justify;\">PLANCHA PASSION RED<\/h3>\n<p style=\"text-align: justify;\">El nuevo lanzamiento de Termix que llega con la fuerza del color rojo. La plancha de pelo Passion Red une tecnolog\u00eda con dise\u00f1o para ofrecerte la mejor experiencia para el cuidado de tu cabello. \u00a1Perm\u00edtete ser creativo!<\/p>\n<p><img decoding=\"async\" class=\"alignnone size-full wp-image-24362\" src=\"https:\/\/termix.net\/blog\/wp-content\/uploads\/2018\/09\/nueva-plancha-de-pelo-230-passion-red_termix.jpg\" alt=\"premios concurso salon look \" width=\"1160\" height=\"660\" srcset=\"https:\/\/termix.net\/blog\/wp-content\/uploads\/2018\/09\/nueva-plancha-de-pelo-230-passion-red_termix-200x114.jpg 200w, https:\/\/termix.net\/blog\/wp-content\/uploads\/2018\/09\/nueva-plancha-de-pelo-230-passion-red_termix-300x171.jpg 300w, https:\/\/termix.net\/blog\/wp-content\/uploads\/2018\/09\/nueva-plancha-de-pelo-230-passion-red_termix-400x228.jpg 400w, https:\/\/termix.net\/blog\/wp-content\/uploads\/2018\/09\/nueva-plancha-de-pelo-230-passion-red_termix-600x341.jpg 600w, https:\/\/termix.net\/blog\/wp-content\/uploads\/2018\/09\/nueva-plancha-de-pelo-230-passion-red_termix-768x437.jpg 768w, https:\/\/termix.net\/blog\/wp-content\/uploads\/2018\/09\/nueva-plancha-de-pelo-230-passion-red_termix-800x455.jpg 800w, https:\/\/termix.net\/blog\/wp-content\/uploads\/2018\/09\/nueva-plancha-de-pelo-230-passion-red_termix-1024x583.jpg 1024w, https:\/\/termix.net\/blog\/wp-content\/uploads\/2018\/09\/nueva-plancha-de-pelo-230-passion-red_termix.jpg 1160w\" sizes=\"(max-width: 1160px) 100vw, 1160px\" \/><\/p>\n<ul style=\"text-align: justify;\">\n<li>Regulador de temperatura de <strong>130 a 230\u00baC<\/strong><\/li>\n<li>Placas de <strong>cer\u00e1mica y turmalina<\/strong> con tecnolog\u00eda i\u00f3nica para un cabello impecable<\/li>\n<li>Incluye <strong>nanotecnolog\u00eda<\/strong> que cuida activamente de la salud de tu cabello<\/li>\n<li><strong>Red Touch<\/strong>: descubre la comodidad de un recubrimiento antideslizante<\/li>\n<li><strong>Cable rotativo<\/strong> y <strong>neceser t\u00e9rmico<\/strong><\/li>\n<\/ul>\n<h3><\/h3>\n<h3 style=\"text-align: justify;\">D\u00cdA 29\/09<\/h3>\n<h3 style=\"text-align: justify;\">MALET\u00cdN EVOLUTION BASIC + SECADOR 4300<\/h3>\n<p><img decoding=\"async\" class=\"alignnone size-full wp-image-24360\" src=\"https:\/\/termix.net\/blog\/wp-content\/uploads\/2018\/09\/premio-tercer-dia-en-el-concurso-termix-de-salon-look-participa.jpg\" alt=\"premios concurso salon look \" width=\"1160\" height=\"660\" srcset=\"https:\/\/termix.net\/blog\/wp-content\/uploads\/2018\/09\/premio-tercer-dia-en-el-concurso-termix-de-salon-look-participa-200x114.jpg 200w, https:\/\/termix.net\/blog\/wp-content\/uploads\/2018\/09\/premio-tercer-dia-en-el-concurso-termix-de-salon-look-participa-300x171.jpg 300w, https:\/\/termix.net\/blog\/wp-content\/uploads\/2018\/09\/premio-tercer-dia-en-el-concurso-termix-de-salon-look-participa-400x228.jpg 400w, https:\/\/termix.net\/blog\/wp-content\/uploads\/2018\/09\/premio-tercer-dia-en-el-concurso-termix-de-salon-look-participa-600x341.jpg 600w, https:\/\/termix.net\/blog\/wp-content\/uploads\/2018\/09\/premio-tercer-dia-en-el-concurso-termix-de-salon-look-participa-768x437.jpg 768w, https:\/\/termix.net\/blog\/wp-content\/uploads\/2018\/09\/premio-tercer-dia-en-el-concurso-termix-de-salon-look-participa-800x455.jpg 800w, https:\/\/termix.net\/blog\/wp-content\/uploads\/2018\/09\/premio-tercer-dia-en-el-concurso-termix-de-salon-look-participa-1024x583.jpg 1024w, https:\/\/termix.net\/blog\/wp-content\/uploads\/2018\/09\/premio-tercer-dia-en-el-concurso-termix-de-salon-look-participa.jpg 1160w\" sizes=\"(max-width: 1160px) 100vw, 1160px\" \/><\/p>\n<p style=\"text-align: justify;\">\u00a1Eleva el brushing al m\u00e1ximo nivel! Porque el segundo d\u00eda de feria Sal\u00f3n Look sorteamos un malet\u00edn <span style=\"text-decoration: underline;\"><strong>Evolution Basic<\/strong><\/span>, perfecto para cuidar de los cabellos medios, junto con el <strong><span style=\"text-decoration: underline;\">secador compacto profesional 4300<\/span> de Termix<\/strong>. Un d\u00fao perfecto para practicar con el <strong>brushing<\/strong> y conseguir resultados profesionales, mientras cuidas de la salud de tu cabello.<\/p>\n<p>&nbsp;<\/p>\n<h3 style=\"text-align: justify;\">D\u00cdA 30\/09<\/h3>\n<h3 style=\"text-align: justify;\">CEPILLO EL\u00c9CTRICO PRO FLAT BRUSH + PADDLE 80s<\/h3>\n<p><img decoding=\"async\" class=\"alignnone size-full wp-image-24358\" src=\"https:\/\/termix.net\/blog\/wp-content\/uploads\/2018\/09\/premio-del-tercer-dia-un-cepillo-electrico-pro-flat-brush-mas-una-raqueta-comecocos-de-nuevo-lanzamiento-que-podras-ganar-en-el-concurso-de-salon-look-2018.jpg\" alt=\"premios concurso salon look \" width=\"1160\" height=\"660\" srcset=\"https:\/\/termix.net\/blog\/wp-content\/uploads\/2018\/09\/premio-del-tercer-dia-un-cepillo-electrico-pro-flat-brush-mas-una-raqueta-comecocos-de-nuevo-lanzamiento-que-podras-ganar-en-el-concurso-de-salon-look-2018-200x114.jpg 200w, https:\/\/termix.net\/blog\/wp-content\/uploads\/2018\/09\/premio-del-tercer-dia-un-cepillo-electrico-pro-flat-brush-mas-una-raqueta-comecocos-de-nuevo-lanzamiento-que-podras-ganar-en-el-concurso-de-salon-look-2018-300x171.jpg 300w, https:\/\/termix.net\/blog\/wp-content\/uploads\/2018\/09\/premio-del-tercer-dia-un-cepillo-electrico-pro-flat-brush-mas-una-raqueta-comecocos-de-nuevo-lanzamiento-que-podras-ganar-en-el-concurso-de-salon-look-2018-400x228.jpg 400w, https:\/\/termix.net\/blog\/wp-content\/uploads\/2018\/09\/premio-del-tercer-dia-un-cepillo-electrico-pro-flat-brush-mas-una-raqueta-comecocos-de-nuevo-lanzamiento-que-podras-ganar-en-el-concurso-de-salon-look-2018-600x341.jpg 600w, https:\/\/termix.net\/blog\/wp-content\/uploads\/2018\/09\/premio-del-tercer-dia-un-cepillo-electrico-pro-flat-brush-mas-una-raqueta-comecocos-de-nuevo-lanzamiento-que-podras-ganar-en-el-concurso-de-salon-look-2018-768x437.jpg 768w, https:\/\/termix.net\/blog\/wp-content\/uploads\/2018\/09\/premio-del-tercer-dia-un-cepillo-electrico-pro-flat-brush-mas-una-raqueta-comecocos-de-nuevo-lanzamiento-que-podras-ganar-en-el-concurso-de-salon-look-2018-800x455.jpg 800w, https:\/\/termix.net\/blog\/wp-content\/uploads\/2018\/09\/premio-del-tercer-dia-un-cepillo-electrico-pro-flat-brush-mas-una-raqueta-comecocos-de-nuevo-lanzamiento-que-podras-ganar-en-el-concurso-de-salon-look-2018-1024x583.jpg 1024w, https:\/\/termix.net\/blog\/wp-content\/uploads\/2018\/09\/premio-del-tercer-dia-un-cepillo-electrico-pro-flat-brush-mas-una-raqueta-comecocos-de-nuevo-lanzamiento-que-podras-ganar-en-el-concurso-de-salon-look-2018.jpg 1160w\" sizes=\"(max-width: 1160px) 100vw, 1160px\" \/><\/p>\n<p style=\"text-align: justify;\">Para que desenredes tu melena con estilo\u2026 \u00a1utiliza la <span style=\"text-decoration: underline;\"><strong>raqueta profesional Termix<\/strong><\/span> inspirada en la d\u00e9cada de los 80! Y adem\u00e1s\u2026 potencia tu look con el cepillo el\u00e9ctrico <span style=\"text-decoration: underline;\"><strong>Pro Flat Brush<\/strong><\/span>. \u00bfOndas o liso? \u00a1T\u00fa decides c\u00f3mo lucir hoy tu melena!<\/p>\n<p style=\"text-align: justify;\">Podr\u00e1s participar en este sorteo durante los 3 d\u00edas de duraci\u00f3n de la <span style=\"text-decoration: underline;\"><strong>feria Sal\u00f3n Look<\/strong><\/span>, recuerda que podr\u00e1s encontrarnos en nuestro <strong>stand D16<\/strong>, situado en el pabell\u00f3n n\u00famero 7. \u00bfDispuesto a vivir la experiencia Termix?<\/p>\n<p style=\"text-align: justify;\"><strong>\u00a1Te esperamos!<\/strong><\/p>\n","protected":false},"excerpt":{"rendered":"<p>Vis\u00edtanos en Sal\u00f3n Look y participa en el concurso #LoveTermix<\/p>\n","protected":false},"author":2,"featured_media":21996,"comment_status":"open","ping_status":"open","sticky":false,"template":"","format":"standard","meta":[],"categories":[6],"tags":[],"yoast_head":"<!-- This site is optimized with the Yoast SEO plugin v20.0 - https:\/\/yoast.com\/wordpress\/plugins\/seo\/ -->\n<title>Participa en el sorteo #LoveTermix y gana un lote de productos Termix<\/title>\n<meta name=\"description\" content=\"Vuelve a Sal\u00f3n Look el Espejomat\u00f3n m\u00e1s divertido y con \u00e9l el concurso m\u00e1s esperado. \u00a1Ven a hacerte una foto con tu mejor sonrisa en nuestro Stand D16 en Sal\u00f3n Look y participa en el concurso! \u00bfSer\u00e1s t\u00fa el ganador?\" \/>\n<meta name=\"robots\" content=\"index, follow, max-snippet:-1, max-image-preview:large, max-video-preview:-1\" \/>\n<link rel=\"canonical\" href=\"https:\/\/termix.net\/blog\/es\/concurso-lovetermix-en-salon-look\/\" \/>\n<meta property=\"og:locale\" content=\"es_ES\" \/>\n<meta property=\"og:type\" content=\"article\" \/>\n<meta property=\"og:title\" content=\"Participa en el sorteo #LoveTermix y gana un lote de productos Termix\" \/>\n<meta property=\"og:description\" content=\"Vuelve a Sal\u00f3n Look el Espejomat\u00f3n m\u00e1s divertido y con \u00e9l el concurso m\u00e1s esperado. \u00a1Ven a hacerte una foto con tu mejor sonrisa en nuestro Stand D16 en Sal\u00f3n Look y participa en el concurso! \u00bfSer\u00e1s t\u00fa el ganador?\" \/>\n<meta property=\"og:url\" content=\"https:\/\/termix.net\/blog\/es\/concurso-lovetermix-en-salon-look\/\" \/>\n<meta property=\"og:site_name\" content=\"Blog Termix Spain\" \/>\n<meta property=\"article:published_time\" content=\"2018-09-23T11:09:58+00:00\" \/>\n<meta property=\"article:modified_time\" content=\"2019-12-17T14:57:42+00:00\" \/>\n<meta property=\"og:image\" content=\"https:\/\/termix.net\/blog\/wp-content\/uploads\/2018\/10\/concurso-lovetermix-en-salon-look-con-el-espejomaton-participa-y-llevate-uno-de-los-fantasticos-lotes-de-termix.jpg\" \/>\n\t<meta property=\"og:image:width\" content=\"1160\" \/>\n\t<meta property=\"og:image:height\" content=\"660\" \/>\n\t<meta property=\"og:image:type\" content=\"image\/jpeg\" \/>\n<meta name=\"author\" content=\"TermixTeam\" \/>\n<meta name=\"twitter:card\" content=\"summary_large_image\" \/>\n<meta name=\"twitter:label1\" content=\"Escrito por\" \/>\n\t<meta name=\"twitter:data1\" content=\"TermixTeam\" \/>\n\t<meta name=\"twitter:label2\" content=\"Tiempo de lectura\" \/>\n\t<meta name=\"twitter:data2\" content=\"2 minutos\" \/>\n<script type=\"application\/ld+json\" class=\"yoast-schema-graph\">{\"@context\":\"https:\/\/schema.org\",\"@graph\":[{\"@type\":\"Article\",\"@id\":\"https:\/\/termix.net\/blog\/es\/concurso-lovetermix-en-salon-look\/#article\",\"isPartOf\":{\"@id\":\"https:\/\/termix.net\/blog\/es\/concurso-lovetermix-en-salon-look\/\"},\"author\":{\"name\":\"TermixTeam\",\"@id\":\"https:\/\/termix.net\/blog\/es\/#\/schema\/person\/9096c98bdf03c8ddf91ad7172f254f40\"},\"headline\":\"\u00a1Vis\u00edtanos en Sal\u00f3n Look y participa en el concurso #LoveTermix!\",\"datePublished\":\"2018-09-23T11:09:58+00:00\",\"dateModified\":\"2019-12-17T14:57:42+00:00\",\"mainEntityOfPage\":{\"@id\":\"https:\/\/termix.net\/blog\/es\/concurso-lovetermix-en-salon-look\/\"},\"wordCount\":501,\"commentCount\":0,\"publisher\":{\"@id\":\"https:\/\/termix.net\/blog\/es\/#organization\"},\"articleSection\":[\"NOTICIAS\"],\"inLanguage\":\"es\",\"potentialAction\":[{\"@type\":\"CommentAction\",\"name\":\"Comment\",\"target\":[\"https:\/\/termix.net\/blog\/es\/concurso-lovetermix-en-salon-look\/#respond\"]}]},{\"@type\":\"WebPage\",\"@id\":\"https:\/\/termix.net\/blog\/es\/concurso-lovetermix-en-salon-look\/\",\"url\":\"https:\/\/termix.net\/blog\/es\/concurso-lovetermix-en-salon-look\/\",\"name\":\"Participa en el sorteo #LoveTermix y gana un lote de productos Termix\",\"isPartOf\":{\"@id\":\"https:\/\/termix.net\/blog\/es\/#website\"},\"datePublished\":\"2018-09-23T11:09:58+00:00\",\"dateModified\":\"2019-12-17T14:57:42+00:00\",\"description\":\"Vuelve a Sal\u00f3n Look el Espejomat\u00f3n m\u00e1s divertido y con \u00e9l el concurso m\u00e1s esperado. \u00a1Ven a hacerte una foto con tu mejor sonrisa en nuestro Stand D16 en Sal\u00f3n Look y participa en el concurso! \u00bfSer\u00e1s t\u00fa el ganador?\",\"breadcrumb\":{\"@id\":\"https:\/\/termix.net\/blog\/es\/concurso-lovetermix-en-salon-look\/#breadcrumb\"},\"inLanguage\":\"es\",\"potentialAction\":[{\"@type\":\"ReadAction\",\"target\":[\"https:\/\/termix.net\/blog\/es\/concurso-lovetermix-en-salon-look\/\"]}]},{\"@type\":\"BreadcrumbList\",\"@id\":\"https:\/\/termix.net\/blog\/es\/concurso-lovetermix-en-salon-look\/#breadcrumb\",\"itemListElement\":[{\"@type\":\"ListItem\",\"position\":1,\"name\":\"Home\",\"item\":\"https:\/\/termix.net\/blog\/es\/\"},{\"@type\":\"ListItem\",\"position\":2,\"name\":\"\u00a1Vis\u00edtanos en Sal\u00f3n Look y participa en el concurso #LoveTermix!\"}]},{\"@type\":\"WebSite\",\"@id\":\"https:\/\/termix.net\/blog\/es\/#website\",\"url\":\"https:\/\/termix.net\/blog\/es\/\",\"name\":\"Blog Termix Spain\",\"description\":\"Blog de tendencias y productos de peluquer\u00eda profesional.\",\"publisher\":{\"@id\":\"https:\/\/termix.net\/blog\/es\/#organization\"},\"potentialAction\":[{\"@type\":\"SearchAction\",\"target\":{\"@type\":\"EntryPoint\",\"urlTemplate\":\"https:\/\/termix.net\/blog\/es\/?s={search_term_string}\"},\"query-input\":\"required name=search_term_string\"}],\"inLanguage\":\"es\"},{\"@type\":\"Organization\",\"@id\":\"https:\/\/termix.net\/blog\/es\/#organization\",\"name\":\"Dols Industrial de Peluquer\u00eda SA\",\"url\":\"https:\/\/termix.net\/blog\/es\/\",\"logo\":{\"@type\":\"ImageObject\",\"inLanguage\":\"es\",\"@id\":\"https:\/\/termix.net\/blog\/es\/#\/schema\/logo\/image\/\",\"url\":\"https:\/\/termix.net\/blog\/wp-content\/uploads\/2020\/10\/OGbDAeng.jpeg\",\"contentUrl\":\"https:\/\/termix.net\/blog\/wp-content\/uploads\/2020\/10\/OGbDAeng.jpeg\",\"width\":800,\"height\":800,\"caption\":\"Dols Industrial de Peluquer\u00eda SA\"},\"image\":{\"@id\":\"https:\/\/termix.net\/blog\/es\/#\/schema\/logo\/image\/\"}},{\"@type\":\"Person\",\"@id\":\"https:\/\/termix.net\/blog\/es\/#\/schema\/person\/9096c98bdf03c8ddf91ad7172f254f40\",\"name\":\"TermixTeam\",\"image\":{\"@type\":\"ImageObject\",\"inLanguage\":\"es\",\"@id\":\"https:\/\/termix.net\/blog\/es\/#\/schema\/person\/image\/\",\"url\":\"https:\/\/secure.gravatar.com\/avatar\/d89f61f6bd1c29a4acb231736d1c74b3?s=96&d=mm&r=g\",\"contentUrl\":\"https:\/\/secure.gravatar.com\/avatar\/d89f61f6bd1c29a4acb231736d1c74b3?s=96&d=mm&r=g\",\"caption\":\"TermixTeam\"},\"url\":\"https:\/\/termix.net\/blog\/es\/author\/termixteam\/\"}]}<\/script>\n<!-- \/ Yoast SEO plugin. -->","yoast_head_json":{"title":"Participa en el sorteo #LoveTermix y gana un lote de productos Termix","description":"Vuelve a Sal\u00f3n Look el Espejomat\u00f3n m\u00e1s divertido y con \u00e9l el concurso m\u00e1s esperado. \u00a1Ven a hacerte una foto con tu mejor sonrisa en nuestro Stand D16 en Sal\u00f3n Look y participa en el concurso! \u00bfSer\u00e1s t\u00fa el ganador?","robots":{"index":"index","follow":"follow","max-snippet":"max-snippet:-1","max-image-preview":"max-image-preview:large","max-video-preview":"max-video-preview:-1"},"canonical":"https:\/\/termix.net\/blog\/es\/concurso-lovetermix-en-salon-look\/","og_locale":"es_ES","og_type":"article","og_title":"Participa en el sorteo #LoveTermix y gana un lote de productos Termix","og_description":"Vuelve a Sal\u00f3n Look el Espejomat\u00f3n m\u00e1s divertido y con \u00e9l el concurso m\u00e1s esperado. \u00a1Ven a hacerte una foto con tu mejor sonrisa en nuestro Stand D16 en Sal\u00f3n Look y participa en el concurso! \u00bfSer\u00e1s t\u00fa el ganador?","og_url":"https:\/\/termix.net\/blog\/es\/concurso-lovetermix-en-salon-look\/","og_site_name":"Blog Termix Spain","article_published_time":"2018-09-23T11:09:58+00:00","article_modified_time":"2019-12-17T14:57:42+00:00","og_image":[{"width":1160,"height":660,"url":"https:\/\/termix.net\/blog\/wp-content\/uploads\/2018\/10\/concurso-lovetermix-en-salon-look-con-el-espejomaton-participa-y-llevate-uno-de-los-fantasticos-lotes-de-termix.jpg","type":"image\/jpeg"}],"author":"TermixTeam","twitter_card":"summary_large_image","twitter_misc":{"Escrito por":"TermixTeam","Tiempo de lectura":"2 minutos"},"schema":{"@context":"https:\/\/schema.org","@graph":[{"@type":"Article","@id":"https:\/\/termix.net\/blog\/es\/concurso-lovetermix-en-salon-look\/#article","isPartOf":{"@id":"https:\/\/termix.net\/blog\/es\/concurso-lovetermix-en-salon-look\/"},"author":{"name":"TermixTeam","@id":"https:\/\/termix.net\/blog\/es\/#\/schema\/person\/9096c98bdf03c8ddf91ad7172f254f40"},"headline":"\u00a1Vis\u00edtanos en Sal\u00f3n Look y participa en el concurso #LoveTermix!","datePublished":"2018-09-23T11:09:58+00:00","dateModified":"2019-12-17T14:57:42+00:00","mainEntityOfPage":{"@id":"https:\/\/termix.net\/blog\/es\/concurso-lovetermix-en-salon-look\/"},"wordCount":501,"commentCount":0,"publisher":{"@id":"https:\/\/termix.net\/blog\/es\/#organization"},"articleSection":["NOTICIAS"],"inLanguage":"es","potentialAction":[{"@type":"CommentAction","name":"Comment","target":["https:\/\/termix.net\/blog\/es\/concurso-lovetermix-en-salon-look\/#respond"]}]},{"@type":"WebPage","@id":"https:\/\/termix.net\/blog\/es\/concurso-lovetermix-en-salon-look\/","url":"https:\/\/termix.net\/blog\/es\/concurso-lovetermix-en-salon-look\/","name":"Participa en el sorteo #LoveTermix y gana un lote de productos Termix","isPartOf":{"@id":"https:\/\/termix.net\/blog\/es\/#website"},"datePublished":"2018-09-23T11:09:58+00:00","dateModified":"2019-12-17T14:57:42+00:00","description":"Vuelve a Sal\u00f3n Look el Espejomat\u00f3n m\u00e1s divertido y con \u00e9l el concurso m\u00e1s esperado. \u00a1Ven a hacerte una foto con tu mejor sonrisa en nuestro Stand D16 en Sal\u00f3n Look y participa en el concurso! \u00bfSer\u00e1s t\u00fa el ganador?","breadcrumb":{"@id":"https:\/\/termix.net\/blog\/es\/concurso-lovetermix-en-salon-look\/#breadcrumb"},"inLanguage":"es","potentialAction":[{"@type":"ReadAction","target":["https:\/\/termix.net\/blog\/es\/concurso-lovetermix-en-salon-look\/"]}]},{"@type":"BreadcrumbList","@id":"https:\/\/termix.net\/blog\/es\/concurso-lovetermix-en-salon-look\/#breadcrumb","itemListElement":[{"@type":"ListItem","position":1,"name":"Home","item":"https:\/\/termix.net\/blog\/es\/"},{"@type":"ListItem","position":2,"name":"\u00a1Vis\u00edtanos en Sal\u00f3n Look y participa en el concurso #LoveTermix!"}]},{"@type":"WebSite","@id":"https:\/\/termix.net\/blog\/es\/#website","url":"https:\/\/termix.net\/blog\/es\/","name":"Blog Termix Spain","description":"Blog de tendencias y productos de peluquer\u00eda profesional.","publisher":{"@id":"https:\/\/termix.net\/blog\/es\/#organization"},"potentialAction":[{"@type":"SearchAction","target":{"@type":"EntryPoint","urlTemplate":"https:\/\/termix.net\/blog\/es\/?s={search_term_string}"},"query-input":"required name=search_term_string"}],"inLanguage":"es"},{"@type":"Organization","@id":"https:\/\/termix.net\/blog\/es\/#organization","name":"Dols Industrial de Peluquer\u00eda SA","url":"https:\/\/termix.net\/blog\/es\/","logo":{"@type":"ImageObject","inLanguage":"es","@id":"https:\/\/termix.net\/blog\/es\/#\/schema\/logo\/image\/","url":"https:\/\/termix.net\/blog\/wp-content\/uploads\/2020\/10\/OGbDAeng.jpeg","contentUrl":"https:\/\/termix.net\/blog\/wp-content\/uploads\/2020\/10\/OGbDAeng.jpeg","width":800,"height":800,"caption":"Dols Industrial de Peluquer\u00eda SA"},"image":{"@id":"https:\/\/termix.net\/blog\/es\/#\/schema\/logo\/image\/"}},{"@type":"Person","@id":"https:\/\/termix.net\/blog\/es\/#\/schema\/person\/9096c98bdf03c8ddf91ad7172f254f40","name":"TermixTeam","image":{"@type":"ImageObject","inLanguage":"es","@id":"https:\/\/termix.net\/blog\/es\/#\/schema\/person\/image\/","url":"https:\/\/secure.gravatar.com\/avatar\/d89f61f6bd1c29a4acb231736d1c74b3?s=96&d=mm&r=g","contentUrl":"https:\/\/secure.gravatar.com\/avatar\/d89f61f6bd1c29a4acb231736d1c74b3?s=96&d=mm&r=g","caption":"TermixTeam"},"url":"https:\/\/termix.net\/blog\/es\/author\/termixteam\/"}]}},"_links":{"self":[{"href":"https:\/\/termix.net\/blog\/es\/wp-json\/wp\/v2\/posts\/15014"}],"collection":[{"href":"https:\/\/termix.net\/blog\/es\/wp-json\/wp\/v2\/posts"}],"about":[{"href":"https:\/\/termix.net\/blog\/es\/wp-json\/wp\/v2\/types\/post"}],"author":[{"embeddable":true,"href":"https:\/\/termix.net\/blog\/es\/wp-json\/wp\/v2\/users\/2"}],"replies":[{"embeddable":true,"href":"https:\/\/termix.net\/blog\/es\/wp-json\/wp\/v2\/comments?post=15014"}],"version-history":[{"count":4,"href":"https:\/\/termix.net\/blog\/es\/wp-json\/wp\/v2\/posts\/15014\/revisions"}],"predecessor-version":[{"id":24369,"href":"https:\/\/termix.net\/blog\/es\/wp-json\/wp\/v2\/posts\/15014\/revisions\/24369"}],"wp:featuredmedia":[{"embeddable":true,"href":"https:\/\/termix.net\/blog\/es\/wp-json\/wp\/v2\/media\/21996"}],"wp:attachment":[{"href":"https:\/\/termix.net\/blog\/es\/wp-json\/wp\/v2\/media?parent=15014"}],"wp:term":[{"taxonomy":"category","embeddable":true,"href":"https:\/\/termix.net\/blog\/es\/wp-json\/wp\/v2\/categories?post=15014"},{"taxonomy":"post_tag","embeddable":true,"href":"https:\/\/termix.net\/blog\/es\/wp-json\/wp\/v2\/tags?post=15014"}],"curies":[{"name":"wp","href":"https:\/\/api.w.org\/{rel}","templated":true}]}}