{"id":14720,"date":"2018-09-10T13:55:42","date_gmt":"2018-09-10T11:55:42","guid":{"rendered":"https:\/\/termix.net\/?p=14720"},"modified":"2019-12-17T15:42:29","modified_gmt":"2019-12-17T14:42:29","slug":"vuelta-la-academia-empieza-el-nuevo-curso-con-termix","status":"publish","type":"post","link":"https:\/\/termix.net\/blog\/es\/vuelta-la-academia-empieza-el-nuevo-curso-con-termix\/","title":{"rendered":"\u00a1VUELTA A LA ACADEMIA! Empieza el nuevo curso con Termix"},"content":{"rendered":"<p><div class=\"fusion-fullwidth fullwidth-box fusion-builder-row-1 faded-background fusion-parallax-none nonhundred-percent-fullwidth non-hundred-percent-height-scrolling fusion-no-small-visibility fusion-no-medium-visibility\" style=\"--awb-border-radius-top-left:0px;--awb-border-radius-top-right:0px;--awb-border-radius-bottom-right:0px;--awb-border-radius-bottom-left:0px;--awb-padding-top:24%;--awb-padding-right:3%;--awb-padding-left:3%;--awb-background-size:cover;\" ><div class=\"fullwidth-faded\" style=\"--awb-background-color:#181818;--awb-background-image:url(https:\/\/termix.net\/blog\/wp-content\/uploads\/2018\/09\/El-nuevo-Maletin-Especial-Academias-de-Termix-incluye-todo-lo-necesario-para-que-inicies-el-nuevo-curso-con-buen-pie.jpg);--awb-background-size:cover;\" ><\/div><div class=\"fusion-builder-row fusion-row\"><div class=\"fusion-layout-column fusion_builder_column fusion-builder-column-0 fusion_builder_column_1_1 1_1 fusion-one-full fusion-column-first fusion-column-last\" style=\"--awb-padding-top:6%;--awb-padding-right:8%;--awb-padding-bottom:6%;--awb-padding-left:8%;--awb-bg-color:rgba(255,255,255,0.7);--awb-bg-size:cover;--awb-margin-top:0px;--awb-margin-bottom:0px;\"><div class=\"fusion-column-wrapper fusion-column-has-shadow fusion-flex-column-wrapper-legacy\"><div class=\"fusion-text fusion-text-1 caption\"><p style=\"text-align: center;\">J\u00f3venes peluqueros\u2014 3 min de lectura<\/p>\n<\/div><div class=\"fusion-title title fusion-title-1 fusion-sep-none fusion-title-center fusion-title-text fusion-title-size-two\" style=\"--awb-margin-top:30px;--awb-margin-bottom:20px;\"><h2 class=\"title-heading-center fusion-responsive-typography-calculated\" style=\"margin:0;--fontSize:50;line-height:1.28;\"><p>\u00a1VUELTA A LA ACADEMIA!<\/p>\n<p>Empieza el nuevo curso con Termix<\/p><\/h2><\/div><div class=\"fusion-clearfix\"><\/div><\/div><\/div><\/div><\/div><div class=\"fusion-fullwidth fullwidth-box fusion-builder-row-2 fusion-parallax-none nonhundred-percent-fullwidth non-hundred-percent-height-scrolling fusion-no-large-visibility\" style=\"--awb-border-radius-top-left:0px;--awb-border-radius-top-right:0px;--awb-border-radius-bottom-right:0px;--awb-border-radius-bottom-left:0px;--awb-background-image:url(&quot;https:\/\/termix.net\/blog\/wp-content\/uploads\/2019\/11\/con-el-secador-compacto-profesioanl-4300-de-termix-damos-volumen-al-cabello-1.jpg&quot;);--awb-background-size:cover;\" ><div class=\"fusion-builder-row fusion-row\"><div class=\"fusion-layout-column fusion_builder_column fusion-builder-column-1 fusion_builder_column_1_1 1_1 fusion-one-full fusion-column-first fusion-column-last fusion-column-inner-bg-wrapper\" style=\"--awb-padding-top:10%;--awb-padding-bottom:10%;--awb-inner-bg-image:url(&#039;http:\/\/termix.net\/blog\/wp-content\/uploads\/2019\/03\/single-blog-post-feat.jpg&#039;);--awb-inner-bg-position:center center;--awb-inner-bg-size:cover;\"><span class=\"fusion-column-inner-bg hover-type-zoomout\"><span class=\"fusion-column-anchor\"><span class=\"fusion-column-inner-bg-image\"><\/span><\/span><\/span><div class=\"fusion-column-wrapper fusion-flex-column-wrapper-legacy\" data-bg-url=\"http:\/\/termix.net\/blog\/wp-content\/uploads\/2019\/03\/single-blog-post-feat.jpg\"><div class=\"fusion-sep-clear\"><\/div><div class=\"fusion-separator fusion-no-large-visibility fusion-full-width-sep\" style=\"margin-left: auto;margin-right: auto;margin-top:200px;width:100%;\"><\/div><div class=\"fusion-sep-clear\"><\/div><div class=\"fusion-clearfix\"><\/div><\/div><\/div><div class=\"fusion-layout-column fusion_builder_column fusion-builder-column-2 fusion_builder_column_1_1 1_1 fusion-one-full fusion-column-first fusion-column-last\" style=\"--awb-padding-top:6%;--awb-bg-color:#ffffff;--awb-bg-size:cover;--awb-margin-top:0px;--awb-margin-bottom:0px;\"><div class=\"fusion-column-wrapper fusion-flex-column-wrapper-legacy\"><div class=\"fusion-text fusion-text-2 caption\"><p style=\"text-align: center;\">J\u00f3venes peluqueros\u2014 3 min de lectura<\/p>\n<\/div><div class=\"fusion-title title fusion-title-2 fusion-sep-none fusion-title-center fusion-title-text fusion-title-size-two\" style=\"--awb-margin-top:30px;--awb-margin-bottom:20px;\"><h2 class=\"title-heading-center fusion-responsive-typography-calculated\" style=\"margin:0;--fontSize:50;line-height:1.28;\"><p>\u00a1VUELTA A LA ACADEMIA!<\/p>\n<p>Empieza el nuevo curso con Termix<\/p><\/h2><\/div><div class=\"fusion-clearfix\"><\/div><\/div><\/div><\/div><\/div><div class=\"fusion-fullwidth fullwidth-box fusion-builder-row-3 nonhundred-percent-fullwidth non-hundred-percent-height-scrolling\" style=\"--awb-border-radius-top-left:0px;--awb-border-radius-top-right:0px;--awb-border-radius-bottom-right:0px;--awb-border-radius-bottom-left:0px;--awb-padding-top:10px;--awb-padding-bottom:4%;\" ><div class=\"fusion-builder-row fusion-row\"><div class=\"fusion-layout-column fusion_builder_column fusion-builder-column-3 fusion_builder_column_1_6 1_6 fusion-one-sixth fusion-column-first fusion-no-small-visibility fusion-no-medium-visibility\" style=\"--awb-bg-size:cover;width:16.666666666667%;width:calc(16.666666666667% - ( ( 0 ) * 0.16666666666667 ) );margin-right: 0px;\"><div class=\"fusion-column-wrapper fusion-flex-column-wrapper-legacy\"><div class=\"fusion-clearfix\"><\/div><\/div><\/div><div class=\"fusion-layout-column fusion_builder_column fusion-builder-column-4 fusion_builder_column_2_3 2_3 fusion-two-third fusion-column-last\" style=\"--awb-bg-size:cover;width:66.666666666667%;width:calc(66.666666666667% - ( ( 0 ) * 0.66666666666667 ) );\"><div class=\"fusion-column-wrapper fusion-flex-column-wrapper-legacy\"><div class=\"fusion-sep-clear\"><\/div><div class=\"fusion-separator fusion-full-width-sep\" style=\"margin-left: auto;margin-right: auto;margin-top:30px;width:100%;\"><\/div><div class=\"fusion-sep-clear\"><\/div><div class=\"fusion-text fusion-text-3\"><p style=\"text-align: center;\"><span style=\"font-size: 22px; line-height: 1.5em;\"> Conocemos esa sensaci\u00f3n. Una mezcla de nervios, ganas y un poco de nostalgia. Est\u00e1s a tan solo unos d\u00edas de<strong> iniciar el nuevo curso<\/strong> y sabemos que tu prioridad es conseguir los mejores resultados. Y para unos peinados y recogidos de 10, te traemos los imprescindibles de Termix que se integran en el nuevo Malet\u00edn Especial Academias. Para todos los apasionados del cabello. <\/span><\/p>\n<p style=\"text-align: center;\"><strong><span style=\"font-size: 22px; line-height: 1.5em;\">\u00a1Empieza el nuevo curso con buen pie!<\/span><\/strong><\/p>\n<\/div><div class=\"fusion-sep-clear\"><\/div><div class=\"fusion-separator fusion-full-width-sep\" style=\"margin-left: auto;margin-right: auto;margin-top:30px;width:100%;\"><\/div><div class=\"fusion-sep-clear\"><\/div><div class=\"fusion-text fusion-text-4\"><h3><\/h3>\n<p style=\"text-align: justify;\">Ya es hora de emprender nuevos proyectos y situarte un pasito m\u00e1s cerca de tu sue\u00f1o. Con la llegada del nuevo curso se abren las puertas a un sinf\u00edn de posibilidades profesionales. Ya sea la apertura de un sal\u00f3n, crear estilismos para televisi\u00f3n o teatro o convertirte en un referente de la est\u00e9tica; lo importante es mantener fijados los objetivos y poner todos tus esfuerzos centrados en llegar a alcanzar tus metas.<\/p>\n<p style=\"text-align: justify;\">Y como conocemos la importancia del camino que estas a punto de emprender, hemos preparado un nuevo <span style=\"text-decoration: underline;\"><strong>Malet\u00edn Especial Academias<\/strong><\/span> con todas las <strong>herramientas de peluquer\u00eda profesional<\/strong> imprescindibles para que logres los mejores resultados.<\/p>\n<p style=\"text-align: justify;\">Elige el nuevo <span style=\"text-decoration: underline;\"><strong>Malet\u00edn Especial Academias<\/strong><\/span> y\u2026 <strong>\u00a1consigue resultados profesionales!<\/strong><\/p>\n<p><img decoding=\"async\" class=\"size-full wp-image-14725 aligncenter\" src=\"https:\/\/termix.net\/blog\/wp-content\/uploads\/2018\/08\/El-nuevo-Maletin-Especial-Academias-de-Termix-incluye-todo-lo-necesario-para-que-inicies-el-nuevo-curso-con-buen-pie.jpg\" alt=\"El nuevo Maletin Especial Academias de Termix incluye todo lo necesario para que inicies el nuevo curso con buen pie\" width=\"1160\" height=\"660\" \/><\/p>\n<h1 style=\"text-align: justify;\">\u00bfQu\u00e9 incluye el Malet\u00edn Especial Academias?<\/h1>\n<p style=\"text-align: justify;\">Las herramientas de peluquer\u00eda profesional de Termix imprescindibles para todo peluquero o estilista a punto de iniciar su carrera, ahora integradas en un <strong>trolley compacto y muy elegante<\/strong>. \u00a1Descubre el nuevo Malet\u00edn Especial Academias y ll\u00e9vate tus favoritos donde quieras!<\/p>\n<h2 style=\"text-align: center;\">Los 5 di\u00e1metros del cepillo Termix profesional. Di s\u00ed a los cl\u00e1sicos<\/h2>\n<p><img decoding=\"async\" class=\"alignnone size-full wp-image-24303\" src=\"https:\/\/termix.net\/blog\/wp-content\/uploads\/2018\/09\/el-clasico-cepillo-termico-profesional-de-Termix-se-incluye-en-el-nuevo-maletin-especial-academias-con-los-cienco-diametros-mas-demandados.jpg\" alt=\"termix velta a la academia\" width=\"1160\" height=\"435\" \/><\/p>\n<p style=\"text-align: justify;\">Si los<em><strong> brushings<\/strong> <\/em>son lo tuyo y buscas la m\u00e1xima comodidad y velocidad, elige un cl\u00e1sico. En este caso, el <span style=\"text-decoration: underline;\"><strong>cepillo t\u00e9rmico profesional de Termix<\/strong><\/span> que, con el tubo recubierto de aluminio permite que la temperatura se mantenga por toda la superficie del mismo, acelerando as\u00ed, el tiempo de moldeado.<br \/>\nY es precisamente este cepillo el que se integra en el nuevo Malet\u00edn Especial Academias, con los<strong> 5 di\u00e1metros m\u00e1s demandados<\/strong> para que puedas cepillar y dar forma al cabello de forma precisa, desde las <strong>zonas m\u00e1s delicadas hasta el grueso de la melena<\/strong>. Por otro lado, el mango de estos cepillos se adaptan perfectamente a la forma de la mano, por lo que podr\u00e1s utilizarlos durante horas. <strong>\u00a1A practicar se ha dicho!<\/strong><img decoding=\"async\" class=\"size-full wp-image-13392 aligncenter\" src=\"https:\/\/termix.net\/blog\/wp-content\/uploads\/2018\/03\/numero2web.jpg\" alt=\"\" width=\"1160\" height=\"150\" \/><\/p>\n<h2 style=\"text-align: center;\">Ergonom\u00eda y dise\u00f1o con el secador compacto profesional 4300<\/h2>\n<p style=\"text-align: justify;\">Y el mejor aliado de estos cl\u00e1sicos cepillos profesionales, no pod\u00eda ser otro que el <span style=\"text-decoration: underline;\"><strong>secador compacto profesional 4300<\/strong><\/span>, una herramienta de peluquer\u00eda tambi\u00e9n incorporada en este kit. Se trata de un secador muy <strong>pr\u00e1ctico y c\u00f3modo<\/strong>, gracias a su reducido dise\u00f1o, pesando tan s\u00f3lo <strong>850 gr<\/strong>. Un detalle que parece algo prescindible, aunque, si te contamos que, un peluquero realiza de <strong>media 430 movimientos<\/strong> con el secador al moldear una melena, la percepci\u00f3n cambia. Con el secador compacto 4300 <strong>evitar\u00e1s la fatiga muscular<\/strong> de mu\u00f1eca y las tendinitis propias de un movimiento constante.<\/p>\n<p><img decoding=\"async\" class=\"alignnone size-full wp-image-24301\" src=\"https:\/\/termix.net\/blog\/wp-content\/uploads\/2018\/09\/El-secador-compacto-profesional-4300-se-incluye-en-el-Maletin-Especial-Academias-de-Termix.jpg\" alt=\"termix velta a la academia\" width=\"1160\" height=\"435\" srcset=\"https:\/\/termix.net\/blog\/wp-content\/uploads\/2018\/09\/El-secador-compacto-profesional-4300-se-incluye-en-el-Maletin-Especial-Academias-de-Termix-200x75.jpg 200w, https:\/\/termix.net\/blog\/wp-content\/uploads\/2018\/09\/El-secador-compacto-profesional-4300-se-incluye-en-el-Maletin-Especial-Academias-de-Termix-300x113.jpg 300w, https:\/\/termix.net\/blog\/wp-content\/uploads\/2018\/09\/El-secador-compacto-profesional-4300-se-incluye-en-el-Maletin-Especial-Academias-de-Termix-400x150.jpg 400w, https:\/\/termix.net\/blog\/wp-content\/uploads\/2018\/09\/El-secador-compacto-profesional-4300-se-incluye-en-el-Maletin-Especial-Academias-de-Termix-600x225.jpg 600w, https:\/\/termix.net\/blog\/wp-content\/uploads\/2018\/09\/El-secador-compacto-profesional-4300-se-incluye-en-el-Maletin-Especial-Academias-de-Termix-768x288.jpg 768w, https:\/\/termix.net\/blog\/wp-content\/uploads\/2018\/09\/El-secador-compacto-profesional-4300-se-incluye-en-el-Maletin-Especial-Academias-de-Termix-800x300.jpg 800w, https:\/\/termix.net\/blog\/wp-content\/uploads\/2018\/09\/El-secador-compacto-profesional-4300-se-incluye-en-el-Maletin-Especial-Academias-de-Termix-1024x384.jpg 1024w, https:\/\/termix.net\/blog\/wp-content\/uploads\/2018\/09\/El-secador-compacto-profesional-4300-se-incluye-en-el-Maletin-Especial-Academias-de-Termix.jpg 1160w\" sizes=\"(max-width: 1160px) 100vw, 1160px\" \/><\/p>\n<p style=\"text-align: justify;\">Pero adem\u00e1s de esto, se trata de un secador con<strong> tecnolog\u00eda i\u00f3nica<\/strong>, caracter\u00edstica que permite resultados muy pulidos, <strong>evitando la molesta electricidad est\u00e1tica<\/strong>. Y si como para nosotros, tu prioridad es un cabello saludable, tenemos buenas noticias porque este secador incluye un <strong>selector de temperatura<\/strong> con diversas velocidades y temperaturas y un <strong>interruptor de seguridad t\u00e9rmico<\/strong> para que no sobrepases nunca la temperatura m\u00e1xima recomendada al trabajar con el cabello.<\/p>\n<p><img decoding=\"async\" class=\"size-full wp-image-13393 aligncenter\" src=\"https:\/\/termix.net\/blog\/wp-content\/uploads\/2018\/03\/numero3web.jpg\" alt=\"\" width=\"1160\" height=\"150\" \/><\/p>\n<h2 style=\"text-align: justify;\">Los peque\u00f1os detalles marcan la diferencia<\/h2>\n<p style=\"text-align: justify;\">Sin marcas, pero fuertes. As\u00ed son las <span style=\"text-decoration: underline;\"><strong>pinzas Termix profesionales<\/strong><\/span>. Un pack de <strong>6 pinzas<\/strong> que permite la m\u00e1xima sujeci\u00f3n del cabello, sin dejar ninguna se\u00f1al que pueda deteriorar el look final que tanto esfuerzo te ha costado. Por otro lado, son muy f\u00e1ciles de utilizar para crear secciones y particiones en melenas muy espesas. Y es que <strong>la diferencia est\u00e1 en los peque\u00f1os detalles<\/strong>.<\/p>\n<p><img decoding=\"async\" class=\"alignnone size-full wp-image-24299\" src=\"https:\/\/termix.net\/blog\/wp-content\/uploads\/2018\/09\/las-pinzas-termix-son-ideales-para-mantener-el-cabello-siempre-a-punto.jpg\" alt=\"termix velta a la academia\" width=\"1160\" height=\"435\" srcset=\"https:\/\/termix.net\/blog\/wp-content\/uploads\/2018\/09\/las-pinzas-termix-son-ideales-para-mantener-el-cabello-siempre-a-punto-200x75.jpg 200w, https:\/\/termix.net\/blog\/wp-content\/uploads\/2018\/09\/las-pinzas-termix-son-ideales-para-mantener-el-cabello-siempre-a-punto-300x113.jpg 300w, https:\/\/termix.net\/blog\/wp-content\/uploads\/2018\/09\/las-pinzas-termix-son-ideales-para-mantener-el-cabello-siempre-a-punto-400x150.jpg 400w, https:\/\/termix.net\/blog\/wp-content\/uploads\/2018\/09\/las-pinzas-termix-son-ideales-para-mantener-el-cabello-siempre-a-punto-600x225.jpg 600w, https:\/\/termix.net\/blog\/wp-content\/uploads\/2018\/09\/las-pinzas-termix-son-ideales-para-mantener-el-cabello-siempre-a-punto-768x288.jpg 768w, https:\/\/termix.net\/blog\/wp-content\/uploads\/2018\/09\/las-pinzas-termix-son-ideales-para-mantener-el-cabello-siempre-a-punto-800x300.jpg 800w, https:\/\/termix.net\/blog\/wp-content\/uploads\/2018\/09\/las-pinzas-termix-son-ideales-para-mantener-el-cabello-siempre-a-punto-1024x384.jpg 1024w, https:\/\/termix.net\/blog\/wp-content\/uploads\/2018\/09\/las-pinzas-termix-son-ideales-para-mantener-el-cabello-siempre-a-punto.jpg 1160w\" sizes=\"(max-width: 1160px) 100vw, 1160px\" \/><\/p>\n<h2 style=\"text-align: justify;\">Peine de carbono y de titanio: adapt\u00e1ndose a tus necesidades<\/h2>\n<p style=\"text-align: justify;\"><strong>\u00bfCortar o peinar?<\/strong> Una dif\u00edcil elecci\u00f3n. Y hasta que descubras cu\u00e1l es tu debilidad, el <span style=\"text-decoration: underline;\"><strong>Malet\u00edn Especial Academias<\/strong><\/span> incluye todo tipo de herramientas para que te conviertas en un todoterreno de la peluquer\u00eda. Los <span style=\"text-decoration: underline;\"><strong>peines de corte de carbono<\/strong> <\/span>y <span style=\"text-decoration: underline;\"><strong>titanio 819<\/strong><\/span> son los incluidos en este kit, dos opciones perfectas con diferentes aplicaciones para que te inicies en el arte de cortar el cabello.<\/p>\n<p><img decoding=\"async\" class=\"alignnone size-full wp-image-24297\" src=\"https:\/\/termix.net\/blog\/wp-content\/uploads\/2018\/09\/peine-de-titanio-y-de-carbono-para-cortes-incluidos-en-el-maletin-especial-academias-de-termix.jpg\" alt=\"termix velta a la academia\" width=\"1160\" height=\"435\" srcset=\"https:\/\/termix.net\/blog\/wp-content\/uploads\/2018\/09\/peine-de-titanio-y-de-carbono-para-cortes-incluidos-en-el-maletin-especial-academias-de-termix-200x75.jpg 200w, https:\/\/termix.net\/blog\/wp-content\/uploads\/2018\/09\/peine-de-titanio-y-de-carbono-para-cortes-incluidos-en-el-maletin-especial-academias-de-termix-300x113.jpg 300w, https:\/\/termix.net\/blog\/wp-content\/uploads\/2018\/09\/peine-de-titanio-y-de-carbono-para-cortes-incluidos-en-el-maletin-especial-academias-de-termix-400x150.jpg 400w, https:\/\/termix.net\/blog\/wp-content\/uploads\/2018\/09\/peine-de-titanio-y-de-carbono-para-cortes-incluidos-en-el-maletin-especial-academias-de-termix-600x225.jpg 600w, https:\/\/termix.net\/blog\/wp-content\/uploads\/2018\/09\/peine-de-titanio-y-de-carbono-para-cortes-incluidos-en-el-maletin-especial-academias-de-termix-768x288.jpg 768w, https:\/\/termix.net\/blog\/wp-content\/uploads\/2018\/09\/peine-de-titanio-y-de-carbono-para-cortes-incluidos-en-el-maletin-especial-academias-de-termix-800x300.jpg 800w, https:\/\/termix.net\/blog\/wp-content\/uploads\/2018\/09\/peine-de-titanio-y-de-carbono-para-cortes-incluidos-en-el-maletin-especial-academias-de-termix-1024x384.jpg 1024w, https:\/\/termix.net\/blog\/wp-content\/uploads\/2018\/09\/peine-de-titanio-y-de-carbono-para-cortes-incluidos-en-el-maletin-especial-academias-de-termix.jpg 1160w\" sizes=\"(max-width: 1160px) 100vw, 1160px\" \/><\/p>\n<p style=\"text-align: justify;\">El primero es <strong>ligero y antiest\u00e1tico<\/strong>, ideal para los cabellos que tienden a encresparse. Por el contrario, el peine de titanio es ideal para <strong>realizar tintes<\/strong> ya que son muy resistentes a agentes qu\u00edmicos.<\/p>\n<h2 style=\"text-align: justify;\">\u00bfTus mejores aliadas? Las tijeras Premium de corte profesional<\/h2>\n<p style=\"text-align: justify;\">Pero sin tijeras no puede haber corte. Es por ello que el <span style=\"text-decoration: underline;\"><strong>Malet\u00edn Especial Academias<\/strong><\/span> tambi\u00e9n incluye las <span style=\"text-decoration: underline;\"><strong>tijeras de corte profesional CK23<\/strong><\/span>. Unas tijeras de <strong>corte Premium<\/strong> y de cuchilla de navaja que permiten la <strong>mayor precisi\u00f3n y definici\u00f3n<\/strong> en el corte. Adem\u00e1s, est\u00e1n compuestas por <strong>acero inoxidable y recubiertas por una aleaci\u00f3n met\u00e1lica<\/strong>, lo que les confiere una mayor resistencia a la corrosi\u00f3n y durabilidad. Una tijera de este material implica tambi\u00e9n a largo plazo una <strong>reducci\u00f3n de fatiga<\/strong> para el estilista, puesto que podemos afilarlas regularmente para disminuir sobreesfuerzos o lesiones de mu\u00f1eca.<\/p>\n<p><img decoding=\"async\" class=\"alignnone size-full wp-image-24295\" src=\"https:\/\/termix.net\/blog\/wp-content\/uploads\/2018\/09\/tijeras-de-corte-profesional-premium-de-termix-para-que-crees-los-cortes-mas-creativos.jpg\" alt=\"termix velta a la academia\" width=\"1160\" height=\"435\" srcset=\"https:\/\/termix.net\/blog\/wp-content\/uploads\/2018\/09\/tijeras-de-corte-profesional-premium-de-termix-para-que-crees-los-cortes-mas-creativos-200x75.jpg 200w, https:\/\/termix.net\/blog\/wp-content\/uploads\/2018\/09\/tijeras-de-corte-profesional-premium-de-termix-para-que-crees-los-cortes-mas-creativos-300x113.jpg 300w, https:\/\/termix.net\/blog\/wp-content\/uploads\/2018\/09\/tijeras-de-corte-profesional-premium-de-termix-para-que-crees-los-cortes-mas-creativos-400x150.jpg 400w, https:\/\/termix.net\/blog\/wp-content\/uploads\/2018\/09\/tijeras-de-corte-profesional-premium-de-termix-para-que-crees-los-cortes-mas-creativos-600x225.jpg 600w, https:\/\/termix.net\/blog\/wp-content\/uploads\/2018\/09\/tijeras-de-corte-profesional-premium-de-termix-para-que-crees-los-cortes-mas-creativos-768x288.jpg 768w, https:\/\/termix.net\/blog\/wp-content\/uploads\/2018\/09\/tijeras-de-corte-profesional-premium-de-termix-para-que-crees-los-cortes-mas-creativos-800x300.jpg 800w, https:\/\/termix.net\/blog\/wp-content\/uploads\/2018\/09\/tijeras-de-corte-profesional-premium-de-termix-para-que-crees-los-cortes-mas-creativos-1024x384.jpg 1024w, https:\/\/termix.net\/blog\/wp-content\/uploads\/2018\/09\/tijeras-de-corte-profesional-premium-de-termix-para-que-crees-los-cortes-mas-creativos.jpg 1160w\" sizes=\"(max-width: 1160px) 100vw, 1160px\" \/><\/p>\n<p style=\"text-align: justify;\">Se trata de una herramienta del todo imprescindible para un peluequero, convirti\u00e9ndose en la prolongaci\u00f3n de sus manos. Y como no todo el mundo tiene las mismas necesidades, las <span style=\"text-decoration: underline;\">tijeras CK23<\/span> pueden ser ajustadas al gusto para asegurar la m\u00e1xima<strong> manejabilidad y confort<\/strong>. \u00bfDispuesto a poner a prueba tu creatividad?<\/p>\n<p style=\"text-align: justify;\"><strong>\u00bfNecesitas algo m\u00e1s?<\/strong> \u00a1No dudes en visitar nuestra Store online! Te deseamos los mejores resultados y mucha suerte en este nuevo camino que emprendes.<\/p>\n<\/div><div class=\"fusion-clearfix\"><\/div><\/div><\/div><\/div><\/div><div class=\"fusion-fullwidth fullwidth-box fusion-builder-row-4 nonhundred-percent-fullwidth non-hundred-percent-height-scrolling\" style=\"--awb-border-radius-top-left:0px;--awb-border-radius-top-right:0px;--awb-border-radius-bottom-right:0px;--awb-border-radius-bottom-left:0px;\" ><\/div><\/p>\n","protected":false},"excerpt":{"rendered":"","protected":false},"author":2,"featured_media":22034,"comment_status":"open","ping_status":"open","sticky":false,"template":"","format":"standard","meta":[],"categories":[6],"tags":[],"yoast_head":"<!-- This site is optimized with the Yoast SEO plugin v20.0 - https:\/\/yoast.com\/wordpress\/plugins\/seo\/ -->\n<title>\u00a1Vuelta a la academia de peluquer\u00eda! Con el nuevo Malet\u00edn Termix<\/title>\n<meta name=\"description\" content=\"Conocemos esa sensaci\u00f3n. Una mezcla de nervios, ganas y un poco de nostalgia. Est\u00e1s a tan solo unos d\u00edas de iniciar el nuevo curso y sabemos que tu prioridad es conseguir los mejores resultados. Te traemos los imprescindibles de Termix que se integran en el nuevo Malet\u00edn Especial Academias.\" \/>\n<meta name=\"robots\" content=\"index, follow, max-snippet:-1, max-image-preview:large, max-video-preview:-1\" \/>\n<link rel=\"canonical\" href=\"https:\/\/termix.net\/blog\/es\/vuelta-la-academia-empieza-el-nuevo-curso-con-termix\/\" \/>\n<meta property=\"og:locale\" content=\"es_ES\" \/>\n<meta property=\"og:type\" content=\"article\" \/>\n<meta property=\"og:title\" content=\"\u00a1Vuelta a la academia de peluquer\u00eda! Con el nuevo Malet\u00edn Termix\" \/>\n<meta property=\"og:description\" content=\"Conocemos esa sensaci\u00f3n. Una mezcla de nervios, ganas y un poco de nostalgia. Est\u00e1s a tan solo unos d\u00edas de iniciar el nuevo curso y sabemos que tu prioridad es conseguir los mejores resultados. Te traemos los imprescindibles de Termix que se integran en el nuevo Malet\u00edn Especial Academias.\" \/>\n<meta property=\"og:url\" content=\"https:\/\/termix.net\/blog\/es\/vuelta-la-academia-empieza-el-nuevo-curso-con-termix\/\" \/>\n<meta property=\"og:site_name\" content=\"Blog Termix Spain\" \/>\n<meta property=\"article:published_time\" content=\"2018-09-10T11:55:42+00:00\" \/>\n<meta property=\"article:modified_time\" content=\"2019-12-17T14:42:29+00:00\" \/>\n<meta property=\"og:image\" content=\"https:\/\/termix.net\/blog\/wp-content\/uploads\/2018\/09\/El-nuevo-Maletin-Especial-Academias-de-Termix-incluye-todo-lo-necesario-para-que-inicies-el-nuevo-curso-con-buen-pie.jpg\" \/>\n\t<meta property=\"og:image:width\" content=\"1160\" \/>\n\t<meta property=\"og:image:height\" content=\"660\" \/>\n\t<meta property=\"og:image:type\" content=\"image\/jpeg\" \/>\n<meta name=\"author\" content=\"TermixTeam\" \/>\n<meta name=\"twitter:card\" content=\"summary_large_image\" \/>\n<meta name=\"twitter:label1\" content=\"Escrito por\" \/>\n\t<meta name=\"twitter:data1\" content=\"TermixTeam\" \/>\n\t<meta name=\"twitter:label2\" content=\"Tiempo de lectura\" \/>\n\t<meta name=\"twitter:data2\" content=\"11 minutos\" \/>\n<script type=\"application\/ld+json\" class=\"yoast-schema-graph\">{\"@context\":\"https:\/\/schema.org\",\"@graph\":[{\"@type\":\"Article\",\"@id\":\"https:\/\/termix.net\/blog\/es\/vuelta-la-academia-empieza-el-nuevo-curso-con-termix\/#article\",\"isPartOf\":{\"@id\":\"https:\/\/termix.net\/blog\/es\/vuelta-la-academia-empieza-el-nuevo-curso-con-termix\/\"},\"author\":{\"name\":\"TermixTeam\",\"@id\":\"https:\/\/termix.net\/blog\/es\/#\/schema\/person\/9096c98bdf03c8ddf91ad7172f254f40\"},\"headline\":\"\u00a1VUELTA A LA ACADEMIA! Empieza el nuevo curso con Termix\",\"datePublished\":\"2018-09-10T11:55:42+00:00\",\"dateModified\":\"2019-12-17T14:42:29+00:00\",\"mainEntityOfPage\":{\"@id\":\"https:\/\/termix.net\/blog\/es\/vuelta-la-academia-empieza-el-nuevo-curso-con-termix\/\"},\"wordCount\":2147,\"commentCount\":0,\"publisher\":{\"@id\":\"https:\/\/termix.net\/blog\/es\/#organization\"},\"articleSection\":[\"NOTICIAS\"],\"inLanguage\":\"es\",\"potentialAction\":[{\"@type\":\"CommentAction\",\"name\":\"Comment\",\"target\":[\"https:\/\/termix.net\/blog\/es\/vuelta-la-academia-empieza-el-nuevo-curso-con-termix\/#respond\"]}]},{\"@type\":\"WebPage\",\"@id\":\"https:\/\/termix.net\/blog\/es\/vuelta-la-academia-empieza-el-nuevo-curso-con-termix\/\",\"url\":\"https:\/\/termix.net\/blog\/es\/vuelta-la-academia-empieza-el-nuevo-curso-con-termix\/\",\"name\":\"\u00a1Vuelta a la academia de peluquer\u00eda! Con el nuevo Malet\u00edn Termix\",\"isPartOf\":{\"@id\":\"https:\/\/termix.net\/blog\/es\/#website\"},\"datePublished\":\"2018-09-10T11:55:42+00:00\",\"dateModified\":\"2019-12-17T14:42:29+00:00\",\"description\":\"Conocemos esa sensaci\u00f3n. Una mezcla de nervios, ganas y un poco de nostalgia. Est\u00e1s a tan solo unos d\u00edas de iniciar el nuevo curso y sabemos que tu prioridad es conseguir los mejores resultados. Te traemos los imprescindibles de Termix que se integran en el nuevo Malet\u00edn Especial Academias.\",\"breadcrumb\":{\"@id\":\"https:\/\/termix.net\/blog\/es\/vuelta-la-academia-empieza-el-nuevo-curso-con-termix\/#breadcrumb\"},\"inLanguage\":\"es\",\"potentialAction\":[{\"@type\":\"ReadAction\",\"target\":[\"https:\/\/termix.net\/blog\/es\/vuelta-la-academia-empieza-el-nuevo-curso-con-termix\/\"]}]},{\"@type\":\"BreadcrumbList\",\"@id\":\"https:\/\/termix.net\/blog\/es\/vuelta-la-academia-empieza-el-nuevo-curso-con-termix\/#breadcrumb\",\"itemListElement\":[{\"@type\":\"ListItem\",\"position\":1,\"name\":\"Home\",\"item\":\"https:\/\/termix.net\/blog\/es\/\"},{\"@type\":\"ListItem\",\"position\":2,\"name\":\"\u00a1VUELTA A LA ACADEMIA! Empieza el nuevo curso con Termix\"}]},{\"@type\":\"WebSite\",\"@id\":\"https:\/\/termix.net\/blog\/es\/#website\",\"url\":\"https:\/\/termix.net\/blog\/es\/\",\"name\":\"Blog Termix Spain\",\"description\":\"Blog de tendencias y productos de peluquer\u00eda profesional.\",\"publisher\":{\"@id\":\"https:\/\/termix.net\/blog\/es\/#organization\"},\"potentialAction\":[{\"@type\":\"SearchAction\",\"target\":{\"@type\":\"EntryPoint\",\"urlTemplate\":\"https:\/\/termix.net\/blog\/es\/?s={search_term_string}\"},\"query-input\":\"required name=search_term_string\"}],\"inLanguage\":\"es\"},{\"@type\":\"Organization\",\"@id\":\"https:\/\/termix.net\/blog\/es\/#organization\",\"name\":\"Dols Industrial de Peluquer\u00eda SA\",\"url\":\"https:\/\/termix.net\/blog\/es\/\",\"logo\":{\"@type\":\"ImageObject\",\"inLanguage\":\"es\",\"@id\":\"https:\/\/termix.net\/blog\/es\/#\/schema\/logo\/image\/\",\"url\":\"https:\/\/termix.net\/blog\/wp-content\/uploads\/2020\/10\/OGbDAeng.jpeg\",\"contentUrl\":\"https:\/\/termix.net\/blog\/wp-content\/uploads\/2020\/10\/OGbDAeng.jpeg\",\"width\":800,\"height\":800,\"caption\":\"Dols Industrial de Peluquer\u00eda SA\"},\"image\":{\"@id\":\"https:\/\/termix.net\/blog\/es\/#\/schema\/logo\/image\/\"}},{\"@type\":\"Person\",\"@id\":\"https:\/\/termix.net\/blog\/es\/#\/schema\/person\/9096c98bdf03c8ddf91ad7172f254f40\",\"name\":\"TermixTeam\",\"image\":{\"@type\":\"ImageObject\",\"inLanguage\":\"es\",\"@id\":\"https:\/\/termix.net\/blog\/es\/#\/schema\/person\/image\/\",\"url\":\"https:\/\/secure.gravatar.com\/avatar\/d89f61f6bd1c29a4acb231736d1c74b3?s=96&d=mm&r=g\",\"contentUrl\":\"https:\/\/secure.gravatar.com\/avatar\/d89f61f6bd1c29a4acb231736d1c74b3?s=96&d=mm&r=g\",\"caption\":\"TermixTeam\"},\"url\":\"https:\/\/termix.net\/blog\/es\/author\/termixteam\/\"}]}<\/script>\n<!-- \/ Yoast SEO plugin. -->","yoast_head_json":{"title":"\u00a1Vuelta a la academia de peluquer\u00eda! Con el nuevo Malet\u00edn Termix","description":"Conocemos esa sensaci\u00f3n. Una mezcla de nervios, ganas y un poco de nostalgia. Est\u00e1s a tan solo unos d\u00edas de iniciar el nuevo curso y sabemos que tu prioridad es conseguir los mejores resultados. Te traemos los imprescindibles de Termix que se integran en el nuevo Malet\u00edn Especial Academias.","robots":{"index":"index","follow":"follow","max-snippet":"max-snippet:-1","max-image-preview":"max-image-preview:large","max-video-preview":"max-video-preview:-1"},"canonical":"https:\/\/termix.net\/blog\/es\/vuelta-la-academia-empieza-el-nuevo-curso-con-termix\/","og_locale":"es_ES","og_type":"article","og_title":"\u00a1Vuelta a la academia de peluquer\u00eda! Con el nuevo Malet\u00edn Termix","og_description":"Conocemos esa sensaci\u00f3n. Una mezcla de nervios, ganas y un poco de nostalgia. Est\u00e1s a tan solo unos d\u00edas de iniciar el nuevo curso y sabemos que tu prioridad es conseguir los mejores resultados. Te traemos los imprescindibles de Termix que se integran en el nuevo Malet\u00edn Especial Academias.","og_url":"https:\/\/termix.net\/blog\/es\/vuelta-la-academia-empieza-el-nuevo-curso-con-termix\/","og_site_name":"Blog Termix Spain","article_published_time":"2018-09-10T11:55:42+00:00","article_modified_time":"2019-12-17T14:42:29+00:00","og_image":[{"width":1160,"height":660,"url":"https:\/\/termix.net\/blog\/wp-content\/uploads\/2018\/09\/El-nuevo-Maletin-Especial-Academias-de-Termix-incluye-todo-lo-necesario-para-que-inicies-el-nuevo-curso-con-buen-pie.jpg","type":"image\/jpeg"}],"author":"TermixTeam","twitter_card":"summary_large_image","twitter_misc":{"Escrito por":"TermixTeam","Tiempo de lectura":"11 minutos"},"schema":{"@context":"https:\/\/schema.org","@graph":[{"@type":"Article","@id":"https:\/\/termix.net\/blog\/es\/vuelta-la-academia-empieza-el-nuevo-curso-con-termix\/#article","isPartOf":{"@id":"https:\/\/termix.net\/blog\/es\/vuelta-la-academia-empieza-el-nuevo-curso-con-termix\/"},"author":{"name":"TermixTeam","@id":"https:\/\/termix.net\/blog\/es\/#\/schema\/person\/9096c98bdf03c8ddf91ad7172f254f40"},"headline":"\u00a1VUELTA A LA ACADEMIA! Empieza el nuevo curso con Termix","datePublished":"2018-09-10T11:55:42+00:00","dateModified":"2019-12-17T14:42:29+00:00","mainEntityOfPage":{"@id":"https:\/\/termix.net\/blog\/es\/vuelta-la-academia-empieza-el-nuevo-curso-con-termix\/"},"wordCount":2147,"commentCount":0,"publisher":{"@id":"https:\/\/termix.net\/blog\/es\/#organization"},"articleSection":["NOTICIAS"],"inLanguage":"es","potentialAction":[{"@type":"CommentAction","name":"Comment","target":["https:\/\/termix.net\/blog\/es\/vuelta-la-academia-empieza-el-nuevo-curso-con-termix\/#respond"]}]},{"@type":"WebPage","@id":"https:\/\/termix.net\/blog\/es\/vuelta-la-academia-empieza-el-nuevo-curso-con-termix\/","url":"https:\/\/termix.net\/blog\/es\/vuelta-la-academia-empieza-el-nuevo-curso-con-termix\/","name":"\u00a1Vuelta a la academia de peluquer\u00eda! Con el nuevo Malet\u00edn Termix","isPartOf":{"@id":"https:\/\/termix.net\/blog\/es\/#website"},"datePublished":"2018-09-10T11:55:42+00:00","dateModified":"2019-12-17T14:42:29+00:00","description":"Conocemos esa sensaci\u00f3n. Una mezcla de nervios, ganas y un poco de nostalgia. Est\u00e1s a tan solo unos d\u00edas de iniciar el nuevo curso y sabemos que tu prioridad es conseguir los mejores resultados. Te traemos los imprescindibles de Termix que se integran en el nuevo Malet\u00edn Especial Academias.","breadcrumb":{"@id":"https:\/\/termix.net\/blog\/es\/vuelta-la-academia-empieza-el-nuevo-curso-con-termix\/#breadcrumb"},"inLanguage":"es","potentialAction":[{"@type":"ReadAction","target":["https:\/\/termix.net\/blog\/es\/vuelta-la-academia-empieza-el-nuevo-curso-con-termix\/"]}]},{"@type":"BreadcrumbList","@id":"https:\/\/termix.net\/blog\/es\/vuelta-la-academia-empieza-el-nuevo-curso-con-termix\/#breadcrumb","itemListElement":[{"@type":"ListItem","position":1,"name":"Home","item":"https:\/\/termix.net\/blog\/es\/"},{"@type":"ListItem","position":2,"name":"\u00a1VUELTA A LA ACADEMIA! Empieza el nuevo curso con Termix"}]},{"@type":"WebSite","@id":"https:\/\/termix.net\/blog\/es\/#website","url":"https:\/\/termix.net\/blog\/es\/","name":"Blog Termix Spain","description":"Blog de tendencias y productos de peluquer\u00eda profesional.","publisher":{"@id":"https:\/\/termix.net\/blog\/es\/#organization"},"potentialAction":[{"@type":"SearchAction","target":{"@type":"EntryPoint","urlTemplate":"https:\/\/termix.net\/blog\/es\/?s={search_term_string}"},"query-input":"required name=search_term_string"}],"inLanguage":"es"},{"@type":"Organization","@id":"https:\/\/termix.net\/blog\/es\/#organization","name":"Dols Industrial de Peluquer\u00eda SA","url":"https:\/\/termix.net\/blog\/es\/","logo":{"@type":"ImageObject","inLanguage":"es","@id":"https:\/\/termix.net\/blog\/es\/#\/schema\/logo\/image\/","url":"https:\/\/termix.net\/blog\/wp-content\/uploads\/2020\/10\/OGbDAeng.jpeg","contentUrl":"https:\/\/termix.net\/blog\/wp-content\/uploads\/2020\/10\/OGbDAeng.jpeg","width":800,"height":800,"caption":"Dols Industrial de Peluquer\u00eda SA"},"image":{"@id":"https:\/\/termix.net\/blog\/es\/#\/schema\/logo\/image\/"}},{"@type":"Person","@id":"https:\/\/termix.net\/blog\/es\/#\/schema\/person\/9096c98bdf03c8ddf91ad7172f254f40","name":"TermixTeam","image":{"@type":"ImageObject","inLanguage":"es","@id":"https:\/\/termix.net\/blog\/es\/#\/schema\/person\/image\/","url":"https:\/\/secure.gravatar.com\/avatar\/d89f61f6bd1c29a4acb231736d1c74b3?s=96&d=mm&r=g","contentUrl":"https:\/\/secure.gravatar.com\/avatar\/d89f61f6bd1c29a4acb231736d1c74b3?s=96&d=mm&r=g","caption":"TermixTeam"},"url":"https:\/\/termix.net\/blog\/es\/author\/termixteam\/"}]}},"_links":{"self":[{"href":"https:\/\/termix.net\/blog\/es\/wp-json\/wp\/v2\/posts\/14720"}],"collection":[{"href":"https:\/\/termix.net\/blog\/es\/wp-json\/wp\/v2\/posts"}],"about":[{"href":"https:\/\/termix.net\/blog\/es\/wp-json\/wp\/v2\/types\/post"}],"author":[{"embeddable":true,"href":"https:\/\/termix.net\/blog\/es\/wp-json\/wp\/v2\/users\/2"}],"replies":[{"embeddable":true,"href":"https:\/\/termix.net\/blog\/es\/wp-json\/wp\/v2\/comments?post=14720"}],"version-history":[{"count":4,"href":"https:\/\/termix.net\/blog\/es\/wp-json\/wp\/v2\/posts\/14720\/revisions"}],"predecessor-version":[{"id":24305,"href":"https:\/\/termix.net\/blog\/es\/wp-json\/wp\/v2\/posts\/14720\/revisions\/24305"}],"wp:featuredmedia":[{"embeddable":true,"href":"https:\/\/termix.net\/blog\/es\/wp-json\/wp\/v2\/media\/22034"}],"wp:attachment":[{"href":"https:\/\/termix.net\/blog\/es\/wp-json\/wp\/v2\/media?parent=14720"}],"wp:term":[{"taxonomy":"category","embeddable":true,"href":"https:\/\/termix.net\/blog\/es\/wp-json\/wp\/v2\/categories?post=14720"},{"taxonomy":"post_tag","embeddable":true,"href":"https:\/\/termix.net\/blog\/es\/wp-json\/wp\/v2\/tags?post=14720"}],"curies":[{"name":"wp","href":"https:\/\/api.w.org\/{rel}","templated":true}]}}