{"id":14698,"date":"2018-08-21T10:29:42","date_gmt":"2018-08-21T08:29:42","guid":{"rendered":"https:\/\/termix.net\/?p=14698"},"modified":"2019-12-17T15:33:51","modified_gmt":"2019-12-17T14:33:51","slug":"cuenta-atras-dia-internacional-del-peluquero-2018","status":"publish","type":"post","link":"https:\/\/termix.net\/blog\/es\/cuenta-atras-dia-internacional-del-peluquero-2018\/","title":{"rendered":"Empieza la cuenta atr\u00e1s para el D\u00eda Internacional del Peluquero"},"content":{"rendered":"<p><div class=\"fusion-fullwidth fullwidth-box fusion-builder-row-1 faded-background fusion-parallax-none nonhundred-percent-fullwidth non-hundred-percent-height-scrolling fusion-no-small-visibility fusion-no-medium-visibility\" style=\"--awb-border-radius-top-left:0px;--awb-border-radius-top-right:0px;--awb-border-radius-bottom-right:0px;--awb-border-radius-bottom-left:0px;--awb-padding-top:24%;--awb-padding-right:3%;--awb-padding-left:3%;--awb-background-size:cover;\" ><div class=\"fullwidth-faded\" style=\"--awb-background-color:#181818;--awb-background-image:url(https:\/\/termix.net\/blog\/wp-content\/uploads\/2018\/08\/la-profesion-del-estilista-es-muy-antigua-pasando-a-ser-de-variable-practica-a-estetica.jpg);--awb-background-size:cover;\" ><\/div><div class=\"fusion-builder-row fusion-row\"><div class=\"fusion-layout-column fusion_builder_column fusion-builder-column-0 fusion_builder_column_1_1 1_1 fusion-one-full fusion-column-first fusion-column-last\" style=\"--awb-padding-top:6%;--awb-padding-right:8%;--awb-padding-bottom:6%;--awb-padding-left:8%;--awb-bg-color:rgba(255,255,255,0.7);--awb-bg-size:cover;--awb-margin-top:0px;--awb-margin-bottom:0px;\"><div class=\"fusion-column-wrapper fusion-column-has-shadow fusion-flex-column-wrapper-legacy\"><div class=\"fusion-text fusion-text-1 caption\"><p style=\"text-align: center;\">Noticias \u2014 3 min de lectura<\/p>\n<\/div><div class=\"fusion-title title fusion-title-1 fusion-sep-none fusion-title-center fusion-title-text fusion-title-size-two\" style=\"--awb-margin-top:30px;--awb-margin-bottom:20px;\"><h2 class=\"title-heading-center fusion-responsive-typography-calculated\" style=\"margin:0;--fontSize:50;line-height:1.28;\">Empieza la cuenta atr\u00e1s para el D\u00eda Internacional del Peluquero<\/h2><\/div><div class=\"fusion-clearfix\"><\/div><\/div><\/div><\/div><\/div><div class=\"fusion-fullwidth fullwidth-box fusion-builder-row-2 fusion-parallax-none nonhundred-percent-fullwidth non-hundred-percent-height-scrolling fusion-no-large-visibility\" style=\"--awb-border-radius-top-left:0px;--awb-border-radius-top-right:0px;--awb-border-radius-bottom-right:0px;--awb-border-radius-bottom-left:0px;--awb-background-image:url(&quot;https:\/\/termix.net\/blog\/wp-content\/uploads\/2019\/11\/con-el-secador-compacto-profesioanl-4300-de-termix-damos-volumen-al-cabello-1.jpg&quot;);--awb-background-size:cover;\" ><div class=\"fusion-builder-row fusion-row\"><div class=\"fusion-layout-column fusion_builder_column fusion-builder-column-1 fusion_builder_column_1_1 1_1 fusion-one-full fusion-column-first fusion-column-last fusion-column-inner-bg-wrapper\" style=\"--awb-padding-top:10%;--awb-padding-bottom:10%;--awb-inner-bg-image:url(&#039;http:\/\/termix.net\/blog\/wp-content\/uploads\/2019\/03\/single-blog-post-feat.jpg&#039;);--awb-inner-bg-position:center center;--awb-inner-bg-size:cover;\"><span class=\"fusion-column-inner-bg hover-type-zoomout\"><span class=\"fusion-column-anchor\"><span class=\"fusion-column-inner-bg-image\"><\/span><\/span><\/span><div class=\"fusion-column-wrapper fusion-flex-column-wrapper-legacy\" data-bg-url=\"http:\/\/termix.net\/blog\/wp-content\/uploads\/2019\/03\/single-blog-post-feat.jpg\"><div class=\"fusion-sep-clear\"><\/div><div class=\"fusion-separator fusion-no-large-visibility fusion-full-width-sep\" style=\"margin-left: auto;margin-right: auto;margin-top:200px;width:100%;\"><\/div><div class=\"fusion-sep-clear\"><\/div><div class=\"fusion-clearfix\"><\/div><\/div><\/div><div class=\"fusion-layout-column fusion_builder_column fusion-builder-column-2 fusion_builder_column_1_1 1_1 fusion-one-full fusion-column-first fusion-column-last\" style=\"--awb-padding-top:6%;--awb-bg-color:#ffffff;--awb-bg-size:cover;--awb-margin-top:0px;--awb-margin-bottom:0px;\"><div class=\"fusion-column-wrapper fusion-flex-column-wrapper-legacy\"><div class=\"fusion-text fusion-text-2 caption\"><p style=\"text-align: center;\">Noticias \u2014 3 min de lectura<\/p>\n<\/div><div class=\"fusion-title title fusion-title-2 fusion-sep-none fusion-title-center fusion-title-text fusion-title-size-two\" style=\"--awb-margin-top:30px;--awb-margin-bottom:20px;\"><h2 class=\"title-heading-center fusion-responsive-typography-calculated\" style=\"margin:0;--fontSize:50;line-height:1.28;\">Empieza la cuenta atr\u00e1s para el D\u00eda Internacional del Peluquero<\/h2><\/div><div class=\"fusion-clearfix\"><\/div><\/div><\/div><\/div><\/div><div class=\"fusion-fullwidth fullwidth-box fusion-builder-row-3 nonhundred-percent-fullwidth non-hundred-percent-height-scrolling\" style=\"--awb-border-radius-top-left:0px;--awb-border-radius-top-right:0px;--awb-border-radius-bottom-right:0px;--awb-border-radius-bottom-left:0px;--awb-padding-top:10px;--awb-padding-bottom:4%;\" ><div class=\"fusion-builder-row fusion-row\"><div class=\"fusion-layout-column fusion_builder_column fusion-builder-column-3 fusion_builder_column_1_6 1_6 fusion-one-sixth fusion-column-first fusion-no-small-visibility fusion-no-medium-visibility\" style=\"--awb-bg-size:cover;width:16.666666666667%;width:calc(16.666666666667% - ( ( 0 ) * 0.16666666666667 ) );margin-right: 0px;\"><div class=\"fusion-column-wrapper fusion-flex-column-wrapper-legacy\"><div class=\"fusion-clearfix\"><\/div><\/div><\/div><div class=\"fusion-layout-column fusion_builder_column fusion-builder-column-4 fusion_builder_column_2_3 2_3 fusion-two-third fusion-column-last\" style=\"--awb-bg-size:cover;width:66.666666666667%;width:calc(66.666666666667% - ( ( 0 ) * 0.66666666666667 ) );\"><div class=\"fusion-column-wrapper fusion-flex-column-wrapper-legacy\"><div class=\"fusion-sep-clear\"><\/div><div class=\"fusion-separator fusion-full-width-sep\" style=\"margin-left: auto;margin-right: auto;margin-top:30px;width:100%;\"><\/div><div class=\"fusion-sep-clear\"><\/div><div class=\"fusion-text fusion-text-3\"><p style=\"text-align: center;\"><span style=\"font-size: 22px; line-height: 1.5em;\"> Una pasi\u00f3n, una vocaci\u00f3n, un estilo de vida. Porque para muchos de vosotros la peluquer\u00eda es eso y mucho m\u00e1s, nos adelantamos al <strong>D\u00eda internacional del Peluquero<\/strong> para homenajear el trabajo diario del estilista. Por tu dedicaci\u00f3n y entrega, gracias por prestar un poco de tu creatividad y profesionalidad a cada uno de nosotros. No te pierdas algunos de los datos m\u00e1s curiosos del mundo de la peluquer\u00eda.<\/span><\/p>\n<p style=\"text-align: center;\"><strong><span style=\"font-size: 22px; line-height: 1.5em;\"> \u00a1Felicidades de antemano!<\/span><\/strong><\/p>\n<\/div><div class=\"fusion-sep-clear\"><\/div><div class=\"fusion-separator fusion-full-width-sep\" style=\"margin-left: auto;margin-right: auto;margin-top:30px;width:100%;\"><\/div><div class=\"fusion-sep-clear\"><\/div><div class=\"fusion-text fusion-text-4\"><p><iframe src=\"https:\/\/www.youtube.com\/embed\/5c6qO4XDMrM?autoplay=1&amp;rel=0\" width=\"100%\" height=\"480\" frameborder=\"0\" allowfullscreen=\"allowfullscreen\"><span data-mce-type=\"bookmark\" style=\"display: inline-block; width: 0px; overflow: hidden; line-height: 0;\" class=\"mce_SELRES_start\">\ufeff<\/span><\/iframe><\/p>\n<h3 style=\"text-align: center;\">\u00a0<\/h3>\n<h1>La peluquer\u00eda: \u00bfuna forma de arte?<\/h1>\n<p style=\"text-align: justify;\">De ser visto como un elemento m\u00e1gico y de protecci\u00f3n a pasar a simbolizar el estatus social y de clase. Lo cierto es que el cabello ha sido y es un signo de identificaci\u00f3n muy personal y particular. Pero, \u00bfc\u00f3mo se inici\u00f3 el mundo de la peluquer\u00eda profesional?<\/p>\n<p style=\"text-align: justify;\">Empezamos, claramente, con una rudimentaria <strong>finalidad pr\u00e1ctica<\/strong> y es que, existen indicios demostrables que afirman que, ya durante el Neol\u00edtico se utilizaban lascas como herramientas \u201cde peluquer\u00eda\u201d para cortar el cabello, un cabello que pod\u00eda llegar a entorpecer la visi\u00f3n durante el momento de la caza.<\/p>\n<p><img decoding=\"async\" class=\"size-full wp-image-14702 aligncenter\" src=\"https:\/\/termix.net\/blog\/wp-content\/uploads\/2018\/08\/la-profesion-del-estilista-es-muy-antigua-pasando-a-ser-de-variable-practica-a-estetica.jpg\" alt=\"\" width=\"1160\" height=\"660\" \/><\/p>\n<p style=\"text-align: justify;\">Dando un salto de gigante hacia el<strong> Antiguo Egipto<\/strong>, pasamos a configurar una de las primeras diferenciaciones de clase determinadas por el cabello: los obreros luc\u00edan de forma mayoritaria cortes rapados y, en cambio, los altos cargos del momento dedicaban mucho tiempo a cuidar de su cabello. Estos se iniciaron en la utilizaci\u00f3n de los <strong>primeros tintes de cabello<\/strong>, con hennas u otros productos, que tambi\u00e9n usaban para mantener impecables y a la moda pelucas que defin\u00edan la posici\u00f3n social de estos magnates egipcios.<\/p>\n<p style=\"text-align: justify;\">Aunque, si nuestro objetivo es el moldeado y peinado del cabello, los m\u00e1s destacables ser\u00edan los <strong>griegos<\/strong>. Una cultura que enaltec\u00eda la belleza y la est\u00e9tica y que fue capaz de crear peinados m\u00edticos que, incluso hoy en d\u00eda, seguimos utilizando. Y ya despu\u00e9s de estos cl\u00e1sicos, pasamos a la <strong>invenci\u00f3n de las tijeras en el siglo XIV<\/strong> y, con ellas, a los <strong>gremios de especialistas cortadores<\/strong>, que se encargaban de arreglar el cabello de aquellos que pod\u00edan permit\u00edrselo.<\/p>\n<p><img decoding=\"async\" class=\"alignnone size-full wp-image-24250\" src=\"https:\/\/termix.net\/blog\/wp-content\/uploads\/2018\/08\/en-la-actualidad-la-profesion-del-estilista-es-vista-como-un-imprescindible.jpg\" alt=\"dia del peluquero\" width=\"1160\" height=\"660\" srcset=\"https:\/\/termix.net\/blog\/wp-content\/uploads\/2018\/08\/en-la-actualidad-la-profesion-del-estilista-es-vista-como-un-imprescindible-200x114.jpg 200w, https:\/\/termix.net\/blog\/wp-content\/uploads\/2018\/08\/en-la-actualidad-la-profesion-del-estilista-es-vista-como-un-imprescindible-300x171.jpg 300w, https:\/\/termix.net\/blog\/wp-content\/uploads\/2018\/08\/en-la-actualidad-la-profesion-del-estilista-es-vista-como-un-imprescindible-400x228.jpg 400w, https:\/\/termix.net\/blog\/wp-content\/uploads\/2018\/08\/en-la-actualidad-la-profesion-del-estilista-es-vista-como-un-imprescindible-600x341.jpg 600w, https:\/\/termix.net\/blog\/wp-content\/uploads\/2018\/08\/en-la-actualidad-la-profesion-del-estilista-es-vista-como-un-imprescindible-768x437.jpg 768w, https:\/\/termix.net\/blog\/wp-content\/uploads\/2018\/08\/en-la-actualidad-la-profesion-del-estilista-es-vista-como-un-imprescindible-800x455.jpg 800w, https:\/\/termix.net\/blog\/wp-content\/uploads\/2018\/08\/en-la-actualidad-la-profesion-del-estilista-es-vista-como-un-imprescindible-1024x583.jpg 1024w, https:\/\/termix.net\/blog\/wp-content\/uploads\/2018\/08\/en-la-actualidad-la-profesion-del-estilista-es-vista-como-un-imprescindible.jpg 1160w\" sizes=\"(max-width: 1160px) 100vw, 1160px\" \/><\/p>\n<p style=\"text-align: justify;\">Y es durante el <strong>Renacimiento<\/strong> que los peinados y acabados se modernizan, adapt\u00e1ndose a la <strong>sofisticaci\u00f3n de la \u00e9poca<\/strong>, incluyendo infinidad de complementos como coronas o joyas. De la misma forma, tambi\u00e9n se integran los tintes de cabello, siendo populares el rojizo o los rubios ceniza.<\/p>\n<p>Ya en la <strong>\u00e9poca contempor\u00e1nea<\/strong>, nos encontramos con que el corte de pelo y el estilo pasa a ser un s\u00edmbolo de reivindicaci\u00f3n social. El culto a la belleza deja de ser cuesti\u00f3n de g\u00e9nero y se establece la primera tanda de estilistas, que crean tendencias y despiertan la necesidad de expresar un mensaje a trav\u00e9s de la est\u00e9tica, siendo el cabello una de las principales cartas de presentaci\u00f3n.<\/p>\n<p><img decoding=\"async\" class=\"alignnone size-full wp-image-24254\" src=\"https:\/\/termix.net\/blog\/wp-content\/uploads\/2018\/08\/los-cepillos-evolution-son-los-concebidos-como-especialmente-disenados-para-tratar-los-diferentes-tipos-de-cabellos.jpg\" alt=\"dia del peluquero\" width=\"1160\" height=\"660\" srcset=\"https:\/\/termix.net\/blog\/wp-content\/uploads\/2018\/08\/los-cepillos-evolution-son-los-concebidos-como-especialmente-disenados-para-tratar-los-diferentes-tipos-de-cabellos-200x114.jpg 200w, https:\/\/termix.net\/blog\/wp-content\/uploads\/2018\/08\/los-cepillos-evolution-son-los-concebidos-como-especialmente-disenados-para-tratar-los-diferentes-tipos-de-cabellos-300x171.jpg 300w, https:\/\/termix.net\/blog\/wp-content\/uploads\/2018\/08\/los-cepillos-evolution-son-los-concebidos-como-especialmente-disenados-para-tratar-los-diferentes-tipos-de-cabellos-400x228.jpg 400w, https:\/\/termix.net\/blog\/wp-content\/uploads\/2018\/08\/los-cepillos-evolution-son-los-concebidos-como-especialmente-disenados-para-tratar-los-diferentes-tipos-de-cabellos-600x341.jpg 600w, https:\/\/termix.net\/blog\/wp-content\/uploads\/2018\/08\/los-cepillos-evolution-son-los-concebidos-como-especialmente-disenados-para-tratar-los-diferentes-tipos-de-cabellos-768x437.jpg 768w, https:\/\/termix.net\/blog\/wp-content\/uploads\/2018\/08\/los-cepillos-evolution-son-los-concebidos-como-especialmente-disenados-para-tratar-los-diferentes-tipos-de-cabellos-800x455.jpg 800w, https:\/\/termix.net\/blog\/wp-content\/uploads\/2018\/08\/los-cepillos-evolution-son-los-concebidos-como-especialmente-disenados-para-tratar-los-diferentes-tipos-de-cabellos-1024x583.jpg 1024w, https:\/\/termix.net\/blog\/wp-content\/uploads\/2018\/08\/los-cepillos-evolution-son-los-concebidos-como-especialmente-disenados-para-tratar-los-diferentes-tipos-de-cabellos.jpg 1160w\" sizes=\"(max-width: 1160px) 100vw, 1160px\" \/><\/p>\n<p>\u00a0<\/p>\n<p>A partir de entonces, se comienzan a establecer distintas pautas de moda, que se personalizan seg\u00fan el gusto y visi\u00f3n de cada peluquero en compaginaci\u00f3n con la personalidad de cada cliente. De esta forma, se revoluciona la est\u00e9tica, apostando por texturas complejas, cabellos con mucho movimiento y colores, que, hasta ahora, se reservaban para la ciencia ficci\u00f3n. Definitivamente, la<strong> peluquer\u00eda es una forma de arte<\/strong>.<\/p>\n<h2>Las herramientas imprescindibles del peluquero<\/h2>\n<p style=\"text-align: justify;\">Pero toda esta revoluci\u00f3n no habr\u00eda sido posible sin la <strong>evoluci\u00f3n constante<\/strong> de las herramientas que acompa\u00f1an diariamente a estilistas y peluqueros. En cuesti\u00f3n de tijeras, hemos pasado de las herramientas de un solo filo a las estilizadas tijeras, que proporcionan un confort asegurado, siendo la prolongaci\u00f3n de las manos del estilista. Adem\u00e1s, con el auge de las barber\u00edas, tambi\u00e9n se han producido m\u00e1quinas de corte mucho m\u00e1s precisas que la cl\u00e1sica navaja multiusos. Podr\u00edamos decir, pues, que es la diversificaci\u00f3n de las herramientas de peluquer\u00eda profesional lo que ha permitido esta revoluci\u00f3n. Como la l\u00ednea de<span style=\"text-decoration: underline;\"><strong> cepillos Evolution<\/strong><\/span> de Termix, una gama de cepillos destinados, precisamente, a cuidar cada tipo de cabello existente, gracias a su combinaci\u00f3n exclusiva de fibras. \u00bfSe puede pedir m\u00e1s?<\/p>\n<p><img decoding=\"async\" class=\"alignnone size-full wp-image-24256\" src=\"https:\/\/termix.net\/blog\/wp-content\/uploads\/2018\/08\/Las-tijeras-han-evolucionado-mucho-gracias-a-un-avance-de-la-tecnica.-Las-tijeras-Termix-son-un-claro-ejemplo-de-precision-y-sofisticacion.jpg\" alt=\"dia del peluquero\" width=\"1160\" height=\"660\" srcset=\"https:\/\/termix.net\/blog\/wp-content\/uploads\/2018\/08\/Las-tijeras-han-evolucionado-mucho-gracias-a-un-avance-de-la-tecnica.-Las-tijeras-Termix-son-un-claro-ejemplo-de-precision-y-sofisticacion-200x114.jpg 200w, https:\/\/termix.net\/blog\/wp-content\/uploads\/2018\/08\/Las-tijeras-han-evolucionado-mucho-gracias-a-un-avance-de-la-tecnica.-Las-tijeras-Termix-son-un-claro-ejemplo-de-precision-y-sofisticacion-300x171.jpg 300w, https:\/\/termix.net\/blog\/wp-content\/uploads\/2018\/08\/Las-tijeras-han-evolucionado-mucho-gracias-a-un-avance-de-la-tecnica.-Las-tijeras-Termix-son-un-claro-ejemplo-de-precision-y-sofisticacion-400x228.jpg 400w, https:\/\/termix.net\/blog\/wp-content\/uploads\/2018\/08\/Las-tijeras-han-evolucionado-mucho-gracias-a-un-avance-de-la-tecnica.-Las-tijeras-Termix-son-un-claro-ejemplo-de-precision-y-sofisticacion-600x341.jpg 600w, https:\/\/termix.net\/blog\/wp-content\/uploads\/2018\/08\/Las-tijeras-han-evolucionado-mucho-gracias-a-un-avance-de-la-tecnica.-Las-tijeras-Termix-son-un-claro-ejemplo-de-precision-y-sofisticacion-768x437.jpg 768w, https:\/\/termix.net\/blog\/wp-content\/uploads\/2018\/08\/Las-tijeras-han-evolucionado-mucho-gracias-a-un-avance-de-la-tecnica.-Las-tijeras-Termix-son-un-claro-ejemplo-de-precision-y-sofisticacion-800x455.jpg 800w, https:\/\/termix.net\/blog\/wp-content\/uploads\/2018\/08\/Las-tijeras-han-evolucionado-mucho-gracias-a-un-avance-de-la-tecnica.-Las-tijeras-Termix-son-un-claro-ejemplo-de-precision-y-sofisticacion-1024x583.jpg 1024w, https:\/\/termix.net\/blog\/wp-content\/uploads\/2018\/08\/Las-tijeras-han-evolucionado-mucho-gracias-a-un-avance-de-la-tecnica.-Las-tijeras-Termix-son-un-claro-ejemplo-de-precision-y-sofisticacion.jpg 1160w\" sizes=\"(max-width: 1160px) 100vw, 1160px\" \/><\/p>\n<p>\u00a0<\/p>\n<h1 style=\"text-align: justify;\">Algunas curiosidades sobre el cabello<\/h1>\n<h2 style=\"text-align: justify;\">\u00bfCu\u00e1ntos cabellos tenemos?<\/h2>\n<p style=\"text-align: justify;\">La respuesta depender\u00e1 en todo caso del tipo de cabello que tengamos. Si nuestro pelo es oscuro, nos encontraremos en una posici\u00f3n media de la escala, con alrededor de <strong>105.000 cabellos<\/strong>. Pese a lo que pueda parecer, son las <strong>personas rubias<\/strong> las que presentan una mayor cantidad de pelo con hasta <strong>140.000<\/strong> y, por el contrario, las personas pelirrojas ser\u00edan aquellas que presentar\u00edan una menor frondosidad, con tan s\u00f3lo <strong>90.000 cabellos<\/strong>.<\/p>\n<h2 style=\"text-align: justify;\">\u00bfPor qu\u00e9 el verano aclara el cabello pero, en cambio, oscurece la piel?<\/h2>\n<p style=\"text-align: justify;\">En este caso es una <strong>cuesti\u00f3n de protecci\u00f3n<\/strong>. Nuestra piel, al recibir el impacto de los rayos UV, sintetiza la melanina y aumenta su concentraci\u00f3n para, de esta forma, proteger la piel del deterioro que los rayos del sol pueden provocar en ella. Este aumento de melanina genera el aspecto bronceado que tanto deseamos en los meses veraniegos. Por otro lado, el <strong>cabello tiende a perder<\/strong> esta melanina al recibir el impacto de los rayos ultravioleta y es precisamente por ello que acaba <strong>decolor\u00e1ndose<\/strong>.<\/p>\n<p><img decoding=\"async\" class=\"alignnone size-full wp-image-24252\" src=\"https:\/\/termix.net\/blog\/wp-content\/uploads\/2018\/08\/Las-herramientas-de-peluqueria-profesional-han-evolucionado-mucho-conviertiendose-en-la-diferencia-para-un-trabajo-perfecto.jpg\" alt=\"dia del peluquero\" width=\"1160\" height=\"660\" srcset=\"https:\/\/termix.net\/blog\/wp-content\/uploads\/2018\/08\/Las-herramientas-de-peluqueria-profesional-han-evolucionado-mucho-conviertiendose-en-la-diferencia-para-un-trabajo-perfecto-200x114.jpg 200w, https:\/\/termix.net\/blog\/wp-content\/uploads\/2018\/08\/Las-herramientas-de-peluqueria-profesional-han-evolucionado-mucho-conviertiendose-en-la-diferencia-para-un-trabajo-perfecto-300x171.jpg 300w, https:\/\/termix.net\/blog\/wp-content\/uploads\/2018\/08\/Las-herramientas-de-peluqueria-profesional-han-evolucionado-mucho-conviertiendose-en-la-diferencia-para-un-trabajo-perfecto-400x228.jpg 400w, https:\/\/termix.net\/blog\/wp-content\/uploads\/2018\/08\/Las-herramientas-de-peluqueria-profesional-han-evolucionado-mucho-conviertiendose-en-la-diferencia-para-un-trabajo-perfecto-600x341.jpg 600w, https:\/\/termix.net\/blog\/wp-content\/uploads\/2018\/08\/Las-herramientas-de-peluqueria-profesional-han-evolucionado-mucho-conviertiendose-en-la-diferencia-para-un-trabajo-perfecto-768x437.jpg 768w, https:\/\/termix.net\/blog\/wp-content\/uploads\/2018\/08\/Las-herramientas-de-peluqueria-profesional-han-evolucionado-mucho-conviertiendose-en-la-diferencia-para-un-trabajo-perfecto-800x455.jpg 800w, https:\/\/termix.net\/blog\/wp-content\/uploads\/2018\/08\/Las-herramientas-de-peluqueria-profesional-han-evolucionado-mucho-conviertiendose-en-la-diferencia-para-un-trabajo-perfecto-1024x583.jpg 1024w, https:\/\/termix.net\/blog\/wp-content\/uploads\/2018\/08\/Las-herramientas-de-peluqueria-profesional-han-evolucionado-mucho-conviertiendose-en-la-diferencia-para-un-trabajo-perfecto.jpg 1160w\" sizes=\"(max-width: 1160px) 100vw, 1160px\" \/><\/p>\n<p>\u00a0<\/p>\n<h2 style=\"text-align: justify;\">\u00bfCu\u00e1nto pelo se nos cae al d\u00eda?<\/h2>\n<p style=\"text-align: justify;\">Cada d\u00eda, de media, <strong>perdemos de 50 a 150 cabellos<\/strong>. Y aunque en oto\u00f1o este n\u00famero se triplica, debemos tener en cuenta que la ca\u00edda del cabello es un proceso natural, puesto que este se encuentra en una constante regeneraci\u00f3n. Como sabr\u00e9is, existe el denominado <strong>ciclo de vida capilar<\/strong> que argumenta que cada cabello vive de 2 a 6 a\u00f1os, pasando por tres fases b\u00e1sicas: crecimiento, estancamiento y ca\u00edda.<\/p>\n<h2 style=\"text-align: justify;\">\u00bfCu\u00e1nto pelo puede crecer cada d\u00eda?<\/h2>\n<p style=\"text-align: justify;\">Por contrapartida, el cabello en su fase de crecimiento puede desarrollarse<strong> ente 0,37 y 0,44 mil\u00edmetros cada 24 horas<\/strong>, por lo que podr\u00eda llegar a medir incluso varios metros de longitud de forma saludable.<\/p>\n<h2>Pero todo esto no acaba aqu\u00ed.<\/h2>\n<h2>Y es que&#8230; \u00a1el d\u00eda 25 habr\u00e1n m\u00e1s sorpresas! \u00bfTe lo vas a perder?<\/h2>\n<\/div><div class=\"fusion-clearfix\"><\/div><\/div><\/div><\/div><\/div><div class=\"fusion-fullwidth fullwidth-box fusion-builder-row-4 nonhundred-percent-fullwidth non-hundred-percent-height-scrolling\" style=\"--awb-border-radius-top-left:0px;--awb-border-radius-top-right:0px;--awb-border-radius-bottom-right:0px;--awb-border-radius-bottom-left:0px;\" ><\/div><\/p>\n","protected":false},"excerpt":{"rendered":"<p>\t\t\t\tLa peluquer\u00eda es mucho m\u00e1s que un trabajo: es un estilo de vida, una vocaci\u00f3n y una forma de conectar con los dem\u00e1s. Como tambi\u00e9n es nuestra pasi\u00f3n, te dedicamos un espacio muy especial para homenajear tu trabajo diario.\t\t<\/p>\n","protected":false},"author":2,"featured_media":22044,"comment_status":"open","ping_status":"open","sticky":false,"template":"","format":"standard","meta":[],"categories":[6],"tags":[],"yoast_head":"<!-- This site is optimized with the Yoast SEO plugin v20.0 - https:\/\/yoast.com\/wordpress\/plugins\/seo\/ -->\n<title>Empieza la cuenta atr\u00e1s para el D\u00eda Internacional del Peluquero<\/title>\n<meta name=\"description\" content=\"La peluquer\u00eda es mucho m\u00e1s que un trabajo: es un estilo de vida, una vocaci\u00f3n y una forma de conectar con los dem\u00e1s. Como tambi\u00e9n es nuestra pasi\u00f3n, te dedicamos un espacio muy especial para homenajear tu trabajo diario.\" \/>\n<meta name=\"robots\" content=\"index, follow, max-snippet:-1, max-image-preview:large, max-video-preview:-1\" \/>\n<link rel=\"canonical\" href=\"https:\/\/termix.net\/blog\/es\/cuenta-atras-dia-internacional-del-peluquero-2018\/\" \/>\n<meta property=\"og:locale\" content=\"es_ES\" \/>\n<meta property=\"og:type\" content=\"article\" \/>\n<meta property=\"og:title\" content=\"Empieza la cuenta atr\u00e1s para el D\u00eda Internacional del Peluquero\" \/>\n<meta property=\"og:description\" content=\"La peluquer\u00eda es mucho m\u00e1s que un trabajo: es un estilo de vida, una vocaci\u00f3n y una forma de conectar con los dem\u00e1s. Como tambi\u00e9n es nuestra pasi\u00f3n, te dedicamos un espacio muy especial para homenajear tu trabajo diario.\" \/>\n<meta property=\"og:url\" content=\"https:\/\/termix.net\/blog\/es\/cuenta-atras-dia-internacional-del-peluquero-2018\/\" \/>\n<meta property=\"og:site_name\" content=\"Blog Termix Spain\" \/>\n<meta property=\"article:published_time\" content=\"2018-08-21T08:29:42+00:00\" \/>\n<meta property=\"article:modified_time\" content=\"2019-12-17T14:33:51+00:00\" \/>\n<meta property=\"og:image\" content=\"https:\/\/termix.net\/blog\/wp-content\/uploads\/2018\/08\/la-profesion-del-estilista-es-muy-antigua-pasando-a-ser-de-variable-practica-a-estetica.jpg\" \/>\n\t<meta property=\"og:image:width\" content=\"1160\" \/>\n\t<meta property=\"og:image:height\" content=\"660\" \/>\n\t<meta property=\"og:image:type\" content=\"image\/jpeg\" \/>\n<meta name=\"author\" content=\"TermixTeam\" \/>\n<meta name=\"twitter:card\" content=\"summary_large_image\" \/>\n<meta name=\"twitter:label1\" content=\"Escrito por\" \/>\n\t<meta name=\"twitter:data1\" content=\"TermixTeam\" \/>\n\t<meta name=\"twitter:label2\" content=\"Tiempo de lectura\" \/>\n\t<meta name=\"twitter:data2\" content=\"11 minutos\" \/>\n<script type=\"application\/ld+json\" class=\"yoast-schema-graph\">{\"@context\":\"https:\/\/schema.org\",\"@graph\":[{\"@type\":\"Article\",\"@id\":\"https:\/\/termix.net\/blog\/es\/cuenta-atras-dia-internacional-del-peluquero-2018\/#article\",\"isPartOf\":{\"@id\":\"https:\/\/termix.net\/blog\/es\/cuenta-atras-dia-internacional-del-peluquero-2018\/\"},\"author\":{\"name\":\"TermixTeam\",\"@id\":\"https:\/\/termix.net\/blog\/es\/#\/schema\/person\/9096c98bdf03c8ddf91ad7172f254f40\"},\"headline\":\"Empieza la cuenta atr\u00e1s para el D\u00eda Internacional del Peluquero\",\"datePublished\":\"2018-08-21T08:29:42+00:00\",\"dateModified\":\"2019-12-17T14:33:51+00:00\",\"mainEntityOfPage\":{\"@id\":\"https:\/\/termix.net\/blog\/es\/cuenta-atras-dia-internacional-del-peluquero-2018\/\"},\"wordCount\":2226,\"commentCount\":0,\"publisher\":{\"@id\":\"https:\/\/termix.net\/blog\/es\/#organization\"},\"articleSection\":[\"NOTICIAS\"],\"inLanguage\":\"es\",\"potentialAction\":[{\"@type\":\"CommentAction\",\"name\":\"Comment\",\"target\":[\"https:\/\/termix.net\/blog\/es\/cuenta-atras-dia-internacional-del-peluquero-2018\/#respond\"]}]},{\"@type\":\"WebPage\",\"@id\":\"https:\/\/termix.net\/blog\/es\/cuenta-atras-dia-internacional-del-peluquero-2018\/\",\"url\":\"https:\/\/termix.net\/blog\/es\/cuenta-atras-dia-internacional-del-peluquero-2018\/\",\"name\":\"Empieza la cuenta atr\u00e1s para el D\u00eda Internacional del Peluquero\",\"isPartOf\":{\"@id\":\"https:\/\/termix.net\/blog\/es\/#website\"},\"datePublished\":\"2018-08-21T08:29:42+00:00\",\"dateModified\":\"2019-12-17T14:33:51+00:00\",\"description\":\"La peluquer\u00eda es mucho m\u00e1s que un trabajo: es un estilo de vida, una vocaci\u00f3n y una forma de conectar con los dem\u00e1s. Como tambi\u00e9n es nuestra pasi\u00f3n, te dedicamos un espacio muy especial para homenajear tu trabajo diario.\",\"breadcrumb\":{\"@id\":\"https:\/\/termix.net\/blog\/es\/cuenta-atras-dia-internacional-del-peluquero-2018\/#breadcrumb\"},\"inLanguage\":\"es\",\"potentialAction\":[{\"@type\":\"ReadAction\",\"target\":[\"https:\/\/termix.net\/blog\/es\/cuenta-atras-dia-internacional-del-peluquero-2018\/\"]}]},{\"@type\":\"BreadcrumbList\",\"@id\":\"https:\/\/termix.net\/blog\/es\/cuenta-atras-dia-internacional-del-peluquero-2018\/#breadcrumb\",\"itemListElement\":[{\"@type\":\"ListItem\",\"position\":1,\"name\":\"Home\",\"item\":\"https:\/\/termix.net\/blog\/es\/\"},{\"@type\":\"ListItem\",\"position\":2,\"name\":\"Empieza la cuenta atr\u00e1s para el D\u00eda Internacional del Peluquero\"}]},{\"@type\":\"WebSite\",\"@id\":\"https:\/\/termix.net\/blog\/es\/#website\",\"url\":\"https:\/\/termix.net\/blog\/es\/\",\"name\":\"Blog Termix Spain\",\"description\":\"Blog de tendencias y productos de peluquer\u00eda profesional.\",\"publisher\":{\"@id\":\"https:\/\/termix.net\/blog\/es\/#organization\"},\"potentialAction\":[{\"@type\":\"SearchAction\",\"target\":{\"@type\":\"EntryPoint\",\"urlTemplate\":\"https:\/\/termix.net\/blog\/es\/?s={search_term_string}\"},\"query-input\":\"required name=search_term_string\"}],\"inLanguage\":\"es\"},{\"@type\":\"Organization\",\"@id\":\"https:\/\/termix.net\/blog\/es\/#organization\",\"name\":\"Dols Industrial de Peluquer\u00eda SA\",\"url\":\"https:\/\/termix.net\/blog\/es\/\",\"logo\":{\"@type\":\"ImageObject\",\"inLanguage\":\"es\",\"@id\":\"https:\/\/termix.net\/blog\/es\/#\/schema\/logo\/image\/\",\"url\":\"https:\/\/termix.net\/blog\/wp-content\/uploads\/2020\/10\/OGbDAeng.jpeg\",\"contentUrl\":\"https:\/\/termix.net\/blog\/wp-content\/uploads\/2020\/10\/OGbDAeng.jpeg\",\"width\":800,\"height\":800,\"caption\":\"Dols Industrial de Peluquer\u00eda SA\"},\"image\":{\"@id\":\"https:\/\/termix.net\/blog\/es\/#\/schema\/logo\/image\/\"}},{\"@type\":\"Person\",\"@id\":\"https:\/\/termix.net\/blog\/es\/#\/schema\/person\/9096c98bdf03c8ddf91ad7172f254f40\",\"name\":\"TermixTeam\",\"image\":{\"@type\":\"ImageObject\",\"inLanguage\":\"es\",\"@id\":\"https:\/\/termix.net\/blog\/es\/#\/schema\/person\/image\/\",\"url\":\"https:\/\/secure.gravatar.com\/avatar\/d89f61f6bd1c29a4acb231736d1c74b3?s=96&d=mm&r=g\",\"contentUrl\":\"https:\/\/secure.gravatar.com\/avatar\/d89f61f6bd1c29a4acb231736d1c74b3?s=96&d=mm&r=g\",\"caption\":\"TermixTeam\"},\"url\":\"https:\/\/termix.net\/blog\/es\/author\/termixteam\/\"}]}<\/script>\n<!-- \/ Yoast SEO plugin. -->","yoast_head_json":{"title":"Empieza la cuenta atr\u00e1s para el D\u00eda Internacional del Peluquero","description":"La peluquer\u00eda es mucho m\u00e1s que un trabajo: es un estilo de vida, una vocaci\u00f3n y una forma de conectar con los dem\u00e1s. Como tambi\u00e9n es nuestra pasi\u00f3n, te dedicamos un espacio muy especial para homenajear tu trabajo diario.","robots":{"index":"index","follow":"follow","max-snippet":"max-snippet:-1","max-image-preview":"max-image-preview:large","max-video-preview":"max-video-preview:-1"},"canonical":"https:\/\/termix.net\/blog\/es\/cuenta-atras-dia-internacional-del-peluquero-2018\/","og_locale":"es_ES","og_type":"article","og_title":"Empieza la cuenta atr\u00e1s para el D\u00eda Internacional del Peluquero","og_description":"La peluquer\u00eda es mucho m\u00e1s que un trabajo: es un estilo de vida, una vocaci\u00f3n y una forma de conectar con los dem\u00e1s. Como tambi\u00e9n es nuestra pasi\u00f3n, te dedicamos un espacio muy especial para homenajear tu trabajo diario.","og_url":"https:\/\/termix.net\/blog\/es\/cuenta-atras-dia-internacional-del-peluquero-2018\/","og_site_name":"Blog Termix Spain","article_published_time":"2018-08-21T08:29:42+00:00","article_modified_time":"2019-12-17T14:33:51+00:00","og_image":[{"width":1160,"height":660,"url":"https:\/\/termix.net\/blog\/wp-content\/uploads\/2018\/08\/la-profesion-del-estilista-es-muy-antigua-pasando-a-ser-de-variable-practica-a-estetica.jpg","type":"image\/jpeg"}],"author":"TermixTeam","twitter_card":"summary_large_image","twitter_misc":{"Escrito por":"TermixTeam","Tiempo de lectura":"11 minutos"},"schema":{"@context":"https:\/\/schema.org","@graph":[{"@type":"Article","@id":"https:\/\/termix.net\/blog\/es\/cuenta-atras-dia-internacional-del-peluquero-2018\/#article","isPartOf":{"@id":"https:\/\/termix.net\/blog\/es\/cuenta-atras-dia-internacional-del-peluquero-2018\/"},"author":{"name":"TermixTeam","@id":"https:\/\/termix.net\/blog\/es\/#\/schema\/person\/9096c98bdf03c8ddf91ad7172f254f40"},"headline":"Empieza la cuenta atr\u00e1s para el D\u00eda Internacional del Peluquero","datePublished":"2018-08-21T08:29:42+00:00","dateModified":"2019-12-17T14:33:51+00:00","mainEntityOfPage":{"@id":"https:\/\/termix.net\/blog\/es\/cuenta-atras-dia-internacional-del-peluquero-2018\/"},"wordCount":2226,"commentCount":0,"publisher":{"@id":"https:\/\/termix.net\/blog\/es\/#organization"},"articleSection":["NOTICIAS"],"inLanguage":"es","potentialAction":[{"@type":"CommentAction","name":"Comment","target":["https:\/\/termix.net\/blog\/es\/cuenta-atras-dia-internacional-del-peluquero-2018\/#respond"]}]},{"@type":"WebPage","@id":"https:\/\/termix.net\/blog\/es\/cuenta-atras-dia-internacional-del-peluquero-2018\/","url":"https:\/\/termix.net\/blog\/es\/cuenta-atras-dia-internacional-del-peluquero-2018\/","name":"Empieza la cuenta atr\u00e1s para el D\u00eda Internacional del Peluquero","isPartOf":{"@id":"https:\/\/termix.net\/blog\/es\/#website"},"datePublished":"2018-08-21T08:29:42+00:00","dateModified":"2019-12-17T14:33:51+00:00","description":"La peluquer\u00eda es mucho m\u00e1s que un trabajo: es un estilo de vida, una vocaci\u00f3n y una forma de conectar con los dem\u00e1s. Como tambi\u00e9n es nuestra pasi\u00f3n, te dedicamos un espacio muy especial para homenajear tu trabajo diario.","breadcrumb":{"@id":"https:\/\/termix.net\/blog\/es\/cuenta-atras-dia-internacional-del-peluquero-2018\/#breadcrumb"},"inLanguage":"es","potentialAction":[{"@type":"ReadAction","target":["https:\/\/termix.net\/blog\/es\/cuenta-atras-dia-internacional-del-peluquero-2018\/"]}]},{"@type":"BreadcrumbList","@id":"https:\/\/termix.net\/blog\/es\/cuenta-atras-dia-internacional-del-peluquero-2018\/#breadcrumb","itemListElement":[{"@type":"ListItem","position":1,"name":"Home","item":"https:\/\/termix.net\/blog\/es\/"},{"@type":"ListItem","position":2,"name":"Empieza la cuenta atr\u00e1s para el D\u00eda Internacional del Peluquero"}]},{"@type":"WebSite","@id":"https:\/\/termix.net\/blog\/es\/#website","url":"https:\/\/termix.net\/blog\/es\/","name":"Blog Termix Spain","description":"Blog de tendencias y productos de peluquer\u00eda profesional.","publisher":{"@id":"https:\/\/termix.net\/blog\/es\/#organization"},"potentialAction":[{"@type":"SearchAction","target":{"@type":"EntryPoint","urlTemplate":"https:\/\/termix.net\/blog\/es\/?s={search_term_string}"},"query-input":"required name=search_term_string"}],"inLanguage":"es"},{"@type":"Organization","@id":"https:\/\/termix.net\/blog\/es\/#organization","name":"Dols Industrial de Peluquer\u00eda SA","url":"https:\/\/termix.net\/blog\/es\/","logo":{"@type":"ImageObject","inLanguage":"es","@id":"https:\/\/termix.net\/blog\/es\/#\/schema\/logo\/image\/","url":"https:\/\/termix.net\/blog\/wp-content\/uploads\/2020\/10\/OGbDAeng.jpeg","contentUrl":"https:\/\/termix.net\/blog\/wp-content\/uploads\/2020\/10\/OGbDAeng.jpeg","width":800,"height":800,"caption":"Dols Industrial de Peluquer\u00eda SA"},"image":{"@id":"https:\/\/termix.net\/blog\/es\/#\/schema\/logo\/image\/"}},{"@type":"Person","@id":"https:\/\/termix.net\/blog\/es\/#\/schema\/person\/9096c98bdf03c8ddf91ad7172f254f40","name":"TermixTeam","image":{"@type":"ImageObject","inLanguage":"es","@id":"https:\/\/termix.net\/blog\/es\/#\/schema\/person\/image\/","url":"https:\/\/secure.gravatar.com\/avatar\/d89f61f6bd1c29a4acb231736d1c74b3?s=96&d=mm&r=g","contentUrl":"https:\/\/secure.gravatar.com\/avatar\/d89f61f6bd1c29a4acb231736d1c74b3?s=96&d=mm&r=g","caption":"TermixTeam"},"url":"https:\/\/termix.net\/blog\/es\/author\/termixteam\/"}]}},"_links":{"self":[{"href":"https:\/\/termix.net\/blog\/es\/wp-json\/wp\/v2\/posts\/14698"}],"collection":[{"href":"https:\/\/termix.net\/blog\/es\/wp-json\/wp\/v2\/posts"}],"about":[{"href":"https:\/\/termix.net\/blog\/es\/wp-json\/wp\/v2\/types\/post"}],"author":[{"embeddable":true,"href":"https:\/\/termix.net\/blog\/es\/wp-json\/wp\/v2\/users\/2"}],"replies":[{"embeddable":true,"href":"https:\/\/termix.net\/blog\/es\/wp-json\/wp\/v2\/comments?post=14698"}],"version-history":[{"count":5,"href":"https:\/\/termix.net\/blog\/es\/wp-json\/wp\/v2\/posts\/14698\/revisions"}],"predecessor-version":[{"id":24261,"href":"https:\/\/termix.net\/blog\/es\/wp-json\/wp\/v2\/posts\/14698\/revisions\/24261"}],"wp:featuredmedia":[{"embeddable":true,"href":"https:\/\/termix.net\/blog\/es\/wp-json\/wp\/v2\/media\/22044"}],"wp:attachment":[{"href":"https:\/\/termix.net\/blog\/es\/wp-json\/wp\/v2\/media?parent=14698"}],"wp:term":[{"taxonomy":"category","embeddable":true,"href":"https:\/\/termix.net\/blog\/es\/wp-json\/wp\/v2\/categories?post=14698"},{"taxonomy":"post_tag","embeddable":true,"href":"https:\/\/termix.net\/blog\/es\/wp-json\/wp\/v2\/tags?post=14698"}],"curies":[{"name":"wp","href":"https:\/\/api.w.org\/{rel}","templated":true}]}}