{"id":14433,"date":"2018-07-04T14:23:38","date_gmt":"2018-07-04T12:23:38","guid":{"rendered":"https:\/\/termix.net\/?p=14433"},"modified":"2019-12-17T15:06:01","modified_gmt":"2019-12-17T14:06:01","slug":"termix-vuelve-a-las-vegas-para-asistir-a-la-feria-cosmoprof-2018","status":"publish","type":"post","link":"https:\/\/termix.net\/blog\/es\/termix-vuelve-a-las-vegas-para-asistir-a-la-feria-cosmoprof-2018\/","title":{"rendered":"Termix vuelve a Las Vegas para asistir a la feria Cosmoprof 2018"},"content":{"rendered":"<h1 style=\"text-align: center;\">Termix vuelve a Las Vegas para asistir a la feria Cosmoprof 2018<\/h1>\n<p>En medio del desierto de Nevada, rodeado de las brillantes luces de <strong>Las Vegas<\/strong>, se encuentra el <strong>Centro de Convenciones Mandalay Bay<\/strong>, que abrir\u00e1 sus puertas una vez m\u00e1s para acoger uno de los eventos m\u00e1s importantes del mundo de la <strong>est\u00e9tica y el <em>wellness<\/em><\/strong> en Am\u00e9rica. Nos referimos a la <strong>feria de belleza Cosmoprof 2018<\/strong>, un evento cargado de conferencias y presentaciones a cargo de las marcas m\u00e1s prestigiosas del sector belleza que expondr\u00e1n, adem\u00e1s, todas sus novedades y lanzamientos. Termix tambi\u00e9n tendr\u00e1 el placer de viajar hasta Las Vegas del <strong>29 al 31 de julio<\/strong>, para presentar sus \u00faltimos lanzamientos y demostrar su pasi\u00f3n por la peluquer\u00eda.<\/p>\n<p style=\"text-align: center;\"><strong>\u00bfListo para venir a visitarnos?<\/strong><\/p>\n<p>&nbsp;<\/p>\n<p style=\"text-align: justify;\"><img decoding=\"async\" class=\"size-full wp-image-14435 aligncenter\" src=\"https:\/\/termix.net\/blog\/wp-content\/uploads\/2018\/07\/cosmoprof-norte-america-llega-y-termix-estara-alli-para-presentar-todos-sus-productos-y-lanzamientos.jpg\" alt=\"cosmoprof norte america llega y termix estara alli para presentar todos sus productos y lanzamientos\" width=\"1160\" height=\"464\" \/><\/p>\n<p style=\"text-align: justify;\">Los \u00faltimos lanzamientos, las mejores y m\u00e1s refrescantes ideas para el futuro de la belleza, los pr\u00f3ximos proyectos destinados a mejorar la salud del cabello\u2026 Todo el sector de la belleza estar\u00e1 presente en los tres d\u00edas de celebraci\u00f3n de la feria <strong>Cosmoprof Norte Am\u00e9rica 2018<\/strong>, en una demostraci\u00f3n de innovaci\u00f3n y calidad.<\/p>\n<p><img decoding=\"async\" class=\"alignnone size-full wp-image-24163\" src=\"https:\/\/termix.net\/blog\/wp-content\/uploads\/2018\/07\/los-cramic-colors-con-los-pantone-de-la-temporada-2018-son-los-elegidos-para-contribuir-al-brillo-del-cabello-en-la-feria-de-estetica-cosmoprof-norte-america-2018.jpg\" alt=\"cepillos de pelo termix\" width=\"1160\" height=\"660\" srcset=\"https:\/\/termix.net\/blog\/wp-content\/uploads\/2018\/07\/los-cramic-colors-con-los-pantone-de-la-temporada-2018-son-los-elegidos-para-contribuir-al-brillo-del-cabello-en-la-feria-de-estetica-cosmoprof-norte-america-2018-200x114.jpg 200w, https:\/\/termix.net\/blog\/wp-content\/uploads\/2018\/07\/los-cramic-colors-con-los-pantone-de-la-temporada-2018-son-los-elegidos-para-contribuir-al-brillo-del-cabello-en-la-feria-de-estetica-cosmoprof-norte-america-2018-300x171.jpg 300w, https:\/\/termix.net\/blog\/wp-content\/uploads\/2018\/07\/los-cramic-colors-con-los-pantone-de-la-temporada-2018-son-los-elegidos-para-contribuir-al-brillo-del-cabello-en-la-feria-de-estetica-cosmoprof-norte-america-2018-400x228.jpg 400w, https:\/\/termix.net\/blog\/wp-content\/uploads\/2018\/07\/los-cramic-colors-con-los-pantone-de-la-temporada-2018-son-los-elegidos-para-contribuir-al-brillo-del-cabello-en-la-feria-de-estetica-cosmoprof-norte-america-2018-600x341.jpg 600w, https:\/\/termix.net\/blog\/wp-content\/uploads\/2018\/07\/los-cramic-colors-con-los-pantone-de-la-temporada-2018-son-los-elegidos-para-contribuir-al-brillo-del-cabello-en-la-feria-de-estetica-cosmoprof-norte-america-2018-768x437.jpg 768w, https:\/\/termix.net\/blog\/wp-content\/uploads\/2018\/07\/los-cramic-colors-con-los-pantone-de-la-temporada-2018-son-los-elegidos-para-contribuir-al-brillo-del-cabello-en-la-feria-de-estetica-cosmoprof-norte-america-2018-800x455.jpg 800w, https:\/\/termix.net\/blog\/wp-content\/uploads\/2018\/07\/los-cramic-colors-con-los-pantone-de-la-temporada-2018-son-los-elegidos-para-contribuir-al-brillo-del-cabello-en-la-feria-de-estetica-cosmoprof-norte-america-2018-1024x583.jpg 1024w, https:\/\/termix.net\/blog\/wp-content\/uploads\/2018\/07\/los-cramic-colors-con-los-pantone-de-la-temporada-2018-son-los-elegidos-para-contribuir-al-brillo-del-cabello-en-la-feria-de-estetica-cosmoprof-norte-america-2018.jpg 1160w\" sizes=\"(max-width: 1160px) 100vw, 1160px\" \/><\/p>\n<p style=\"text-align: justify;\">Estableci\u00e9ndose siempre a la vanguardia de la tecnolog\u00eda como base para desarrollar nuevas <strong>herramientas de peluquer\u00eda profesional<\/strong>, Termix encaja perfectamente en este prestigioso evento, centr\u00e1ndose este a\u00f1o en los <strong>cepillos t\u00e9rmicos<\/strong> m\u00e1s emblem\u00e1ticos de la marca. Este evento es una oportunidad para que la marca para reafirme su posici\u00f3n como l\u00edder en la fabricaci\u00f3n de herramientas de peluquer\u00eda profesional a nivel internacional.<\/p>\n<p style=\"text-align: justify;\">Adem\u00e1s, Termix tambi\u00e9n presentar\u00e1 una <strong>gran gama<\/strong> de productos para el cabello innovadores, herramientas de peluquer\u00eda profesional que mezclan la <strong>calidad con una larga experiencia<\/strong> de m\u00e1s de 30 a\u00f1os de evoluci\u00f3n. Una trayectoria caracterizada siempre por la b\u00fasqueda de la excelencia y la garant\u00eda de la <strong>m\u00e1xima eficiencia<\/strong> de unos productos conceptuados para <strong>cuidar de la salud del cabello<\/strong> como prioridad.<\/p>\n<p style=\"text-align: justify;\">Este a\u00f1o, Termix presentar\u00e1 los nuevos <span style=\"text-decoration: underline;\"><strong>C\u00b7Ramic Colors<\/strong><\/span>, que se ti\u00f1en con los colores que la <strong>casa Pantone<\/strong> ha elegido como los tonos del a\u00f1o 2018: un vibrante <span style=\"text-decoration: underline;\"><strong>Lime Punch<\/strong><\/span>, el rom\u00e1ntico <span style=\"text-decoration: underline;\"><strong>Rapture Rose<\/strong><\/span> y el carism\u00e1tico <span style=\"text-decoration: underline;\"><strong>Ultra Violet<\/strong><\/span>. Se trata de cepillos que incorporan una cobertura cer\u00e1mica en el tubo que contribuye a potenciar el brillo natural del cabello, adem\u00e1s de conseguir disminuir el tiempo de secado, gracias a repartir de forma homog\u00e9nea el calor por toda la superficie del tubo durante el <strong>proceso de brushing<\/strong>. Adem\u00e1s de esto, las fibras del cepillo incluyen<strong> tecnolog\u00eda i\u00f3nica<\/strong>, que evitan el encrespamiento y logran mantener el estilo de cabello perfecto por mucho m\u00e1s tiempo.<\/p>\n<p><img decoding=\"async\" class=\"alignnone size-full wp-image-24159\" src=\"https:\/\/termix.net\/blog\/wp-content\/uploads\/2018\/07\/el-cepillo-profesional-black-viajara-a-las-vegas-junto-a-termix-para-la-cosmoprof-norte-america-2018.jpg\" alt=\"cepillos de pelo termix\" width=\"1160\" height=\"660\" srcset=\"https:\/\/termix.net\/blog\/wp-content\/uploads\/2018\/07\/el-cepillo-profesional-black-viajara-a-las-vegas-junto-a-termix-para-la-cosmoprof-norte-america-2018-200x114.jpg 200w, https:\/\/termix.net\/blog\/wp-content\/uploads\/2018\/07\/el-cepillo-profesional-black-viajara-a-las-vegas-junto-a-termix-para-la-cosmoprof-norte-america-2018-300x171.jpg 300w, https:\/\/termix.net\/blog\/wp-content\/uploads\/2018\/07\/el-cepillo-profesional-black-viajara-a-las-vegas-junto-a-termix-para-la-cosmoprof-norte-america-2018-400x228.jpg 400w, https:\/\/termix.net\/blog\/wp-content\/uploads\/2018\/07\/el-cepillo-profesional-black-viajara-a-las-vegas-junto-a-termix-para-la-cosmoprof-norte-america-2018-600x341.jpg 600w, https:\/\/termix.net\/blog\/wp-content\/uploads\/2018\/07\/el-cepillo-profesional-black-viajara-a-las-vegas-junto-a-termix-para-la-cosmoprof-norte-america-2018-768x437.jpg 768w, https:\/\/termix.net\/blog\/wp-content\/uploads\/2018\/07\/el-cepillo-profesional-black-viajara-a-las-vegas-junto-a-termix-para-la-cosmoprof-norte-america-2018-800x455.jpg 800w, https:\/\/termix.net\/blog\/wp-content\/uploads\/2018\/07\/el-cepillo-profesional-black-viajara-a-las-vegas-junto-a-termix-para-la-cosmoprof-norte-america-2018-1024x583.jpg 1024w, https:\/\/termix.net\/blog\/wp-content\/uploads\/2018\/07\/el-cepillo-profesional-black-viajara-a-las-vegas-junto-a-termix-para-la-cosmoprof-norte-america-2018.jpg 1160w\" sizes=\"(max-width: 1160px) 100vw, 1160px\" \/><\/p>\n<p style=\"text-align: justify;\">Adem\u00e1s de estos tres cepillos de tendencia, Termix tambi\u00e9n viajar\u00e1 a la <span style=\"text-decoration: underline;\"><strong>feria Cosmoprof NA 2018<\/strong><\/span> con el cepillo <span style=\"text-decoration: underline;\"><strong>Profesional Black<\/strong><\/span>. Un cepillo que combina la elegancia del <strong><em>total black,<\/em><\/strong> con la m\u00e1s <strong>alta tecnolog\u00eda<\/strong> para aquellos que prefieran la sobriedad para cuidar de su cabello.<\/p>\n<p style=\"text-align: justify;\">Los visitantes tambi\u00e9n tendr\u00e1n la oportunidad de descubrir la <span style=\"text-decoration: underline;\"><strong>gama Official Barber<\/strong><\/span> de Termix. Una colecci\u00f3n de herramientas de peluquer\u00eda muy completa, con todo lo necesario para un cuidado de la barba y cabello masculino integral. En concreto, ser\u00e1n los <strong>cepillos de barber\u00eda<\/strong> los que viajar\u00e1n con Termix a este evento internacional,\u00a0 unos cepillos perfectos para mantener la barba sana y cuidada, siendo de gran ayuda tambi\u00e9n para el barbero profesional.<\/p>\n<p style=\"text-align: justify;\">Estaremos esper\u00e1ndote en nuestro <strong>stand n\u00ba34350<\/strong> en <strong>Cosmoprof NA 2018<\/strong>. <strong>\u00a1No te pierdas nada!<\/strong><\/p>\n<p style=\"text-align: justify;\">M\u00e1s informaci\u00f3n sobre <strong>Cosmoprof NA 2018\u00a0<\/strong><\/p>\n","protected":false},"excerpt":{"rendered":"<p>\t\t\t\tEn medio del desierto de Nevada, rodeado de las brillantes luces de Las Vegas, se encuentra el Centro de Convenciones Mandala Bay, que abrir\u00e1 sus puertas una vez m\u00e1s para acoger uno de los eventos m\u00e1s importantes del mundo de la est\u00e9tica y el wellness en Am\u00e9rica. Nos referimos a la feria de belleza Cosmoprof 2018, un evento cargado de conferencias y presentaciones a cargo de las marcas m\u00e1s prestigiosas del sector belleza que expondr\u00e1n, adem\u00e1s, todas sus novedades y lanzamientos. Termix tambi\u00e9n tendr\u00e1 el placer de viajar hasta Las Vegas del 24 al 26 de julio, para presentar sus \u00faltimos lanzamientos y demostrar su pasi\u00f3n por la peluquer\u00eda. \u00bfListo para venir a visitarnos?\t\t<\/p>\n","protected":false},"author":2,"featured_media":22071,"comment_status":"open","ping_status":"open","sticky":false,"template":"","format":"standard","meta":[],"categories":[6],"tags":[],"yoast_head":"<!-- This site is optimized with the Yoast SEO plugin v20.0 - https:\/\/yoast.com\/wordpress\/plugins\/seo\/ -->\n<title>Termix vuelve a Las Vegas para asistir a la feria Cosmoprof 2018<\/title>\n<meta name=\"description\" content=\"Termix tendr\u00e1 el placer de viajar hasta Las Vegas del 24 al 26 de julio, para presentar sus \u00faltimos lanzamientos y demostrar su pasi\u00f3n por la peluquer\u00eda en uno de los eventos de peluquer\u00eda profesional m\u00e1s prestigiosos del panorama internacional: Cosmoprof Norte Am\u00e9rica 2018.\" \/>\n<meta name=\"robots\" content=\"index, follow, max-snippet:-1, max-image-preview:large, max-video-preview:-1\" \/>\n<link rel=\"canonical\" href=\"https:\/\/termix.net\/blog\/es\/termix-vuelve-a-las-vegas-para-asistir-a-la-feria-cosmoprof-2018\/\" \/>\n<meta property=\"og:locale\" content=\"es_ES\" \/>\n<meta property=\"og:type\" content=\"article\" \/>\n<meta property=\"og:title\" content=\"Termix vuelve a Las Vegas para asistir a la feria Cosmoprof 2018\" \/>\n<meta property=\"og:description\" content=\"Termix tendr\u00e1 el placer de viajar hasta Las Vegas del 24 al 26 de julio, para presentar sus \u00faltimos lanzamientos y demostrar su pasi\u00f3n por la peluquer\u00eda en uno de los eventos de peluquer\u00eda profesional m\u00e1s prestigiosos del panorama internacional: Cosmoprof Norte Am\u00e9rica 2018.\" \/>\n<meta property=\"og:url\" content=\"https:\/\/termix.net\/blog\/es\/termix-vuelve-a-las-vegas-para-asistir-a-la-feria-cosmoprof-2018\/\" \/>\n<meta property=\"og:site_name\" content=\"Blog Termix Spain\" \/>\n<meta property=\"article:published_time\" content=\"2018-07-04T12:23:38+00:00\" \/>\n<meta property=\"article:modified_time\" content=\"2019-12-17T14:06:01+00:00\" \/>\n<meta property=\"og:image\" content=\"https:\/\/termix.net\/blog\/wp-content\/uploads\/2018\/07\/cosmoprof-norte-america-llega-y-termix-estara-alli-para-presentar-todos-sus-productos-y-lanzamientos.jpg\" \/>\n\t<meta property=\"og:image:width\" content=\"1160\" \/>\n\t<meta property=\"og:image:height\" content=\"464\" \/>\n\t<meta property=\"og:image:type\" content=\"image\/jpeg\" \/>\n<meta name=\"author\" content=\"TermixTeam\" \/>\n<meta name=\"twitter:card\" content=\"summary_large_image\" \/>\n<meta name=\"twitter:label1\" content=\"Escrito por\" \/>\n\t<meta name=\"twitter:data1\" content=\"TermixTeam\" \/>\n\t<meta name=\"twitter:label2\" content=\"Tiempo de lectura\" \/>\n\t<meta name=\"twitter:data2\" content=\"3 minutos\" \/>\n<script type=\"application\/ld+json\" class=\"yoast-schema-graph\">{\"@context\":\"https:\/\/schema.org\",\"@graph\":[{\"@type\":\"Article\",\"@id\":\"https:\/\/termix.net\/blog\/es\/termix-vuelve-a-las-vegas-para-asistir-a-la-feria-cosmoprof-2018\/#article\",\"isPartOf\":{\"@id\":\"https:\/\/termix.net\/blog\/es\/termix-vuelve-a-las-vegas-para-asistir-a-la-feria-cosmoprof-2018\/\"},\"author\":{\"name\":\"TermixTeam\",\"@id\":\"https:\/\/termix.net\/blog\/es\/#\/schema\/person\/9096c98bdf03c8ddf91ad7172f254f40\"},\"headline\":\"Termix vuelve a Las Vegas para asistir a la feria Cosmoprof 2018\",\"datePublished\":\"2018-07-04T12:23:38+00:00\",\"dateModified\":\"2019-12-17T14:06:01+00:00\",\"mainEntityOfPage\":{\"@id\":\"https:\/\/termix.net\/blog\/es\/termix-vuelve-a-las-vegas-para-asistir-a-la-feria-cosmoprof-2018\/\"},\"wordCount\":621,\"commentCount\":0,\"publisher\":{\"@id\":\"https:\/\/termix.net\/blog\/es\/#organization\"},\"articleSection\":[\"NOTICIAS\"],\"inLanguage\":\"es\",\"potentialAction\":[{\"@type\":\"CommentAction\",\"name\":\"Comment\",\"target\":[\"https:\/\/termix.net\/blog\/es\/termix-vuelve-a-las-vegas-para-asistir-a-la-feria-cosmoprof-2018\/#respond\"]}]},{\"@type\":\"WebPage\",\"@id\":\"https:\/\/termix.net\/blog\/es\/termix-vuelve-a-las-vegas-para-asistir-a-la-feria-cosmoprof-2018\/\",\"url\":\"https:\/\/termix.net\/blog\/es\/termix-vuelve-a-las-vegas-para-asistir-a-la-feria-cosmoprof-2018\/\",\"name\":\"Termix vuelve a Las Vegas para asistir a la feria Cosmoprof 2018\",\"isPartOf\":{\"@id\":\"https:\/\/termix.net\/blog\/es\/#website\"},\"datePublished\":\"2018-07-04T12:23:38+00:00\",\"dateModified\":\"2019-12-17T14:06:01+00:00\",\"description\":\"Termix tendr\u00e1 el placer de viajar hasta Las Vegas del 24 al 26 de julio, para presentar sus \u00faltimos lanzamientos y demostrar su pasi\u00f3n por la peluquer\u00eda en uno de los eventos de peluquer\u00eda profesional m\u00e1s prestigiosos del panorama internacional: Cosmoprof Norte Am\u00e9rica 2018.\",\"breadcrumb\":{\"@id\":\"https:\/\/termix.net\/blog\/es\/termix-vuelve-a-las-vegas-para-asistir-a-la-feria-cosmoprof-2018\/#breadcrumb\"},\"inLanguage\":\"es\",\"potentialAction\":[{\"@type\":\"ReadAction\",\"target\":[\"https:\/\/termix.net\/blog\/es\/termix-vuelve-a-las-vegas-para-asistir-a-la-feria-cosmoprof-2018\/\"]}]},{\"@type\":\"BreadcrumbList\",\"@id\":\"https:\/\/termix.net\/blog\/es\/termix-vuelve-a-las-vegas-para-asistir-a-la-feria-cosmoprof-2018\/#breadcrumb\",\"itemListElement\":[{\"@type\":\"ListItem\",\"position\":1,\"name\":\"Home\",\"item\":\"https:\/\/termix.net\/blog\/es\/\"},{\"@type\":\"ListItem\",\"position\":2,\"name\":\"Termix vuelve a Las Vegas para asistir a la feria Cosmoprof 2018\"}]},{\"@type\":\"WebSite\",\"@id\":\"https:\/\/termix.net\/blog\/es\/#website\",\"url\":\"https:\/\/termix.net\/blog\/es\/\",\"name\":\"Blog Termix Spain\",\"description\":\"Blog de tendencias y productos de peluquer\u00eda profesional.\",\"publisher\":{\"@id\":\"https:\/\/termix.net\/blog\/es\/#organization\"},\"potentialAction\":[{\"@type\":\"SearchAction\",\"target\":{\"@type\":\"EntryPoint\",\"urlTemplate\":\"https:\/\/termix.net\/blog\/es\/?s={search_term_string}\"},\"query-input\":\"required name=search_term_string\"}],\"inLanguage\":\"es\"},{\"@type\":\"Organization\",\"@id\":\"https:\/\/termix.net\/blog\/es\/#organization\",\"name\":\"Dols Industrial de Peluquer\u00eda SA\",\"url\":\"https:\/\/termix.net\/blog\/es\/\",\"logo\":{\"@type\":\"ImageObject\",\"inLanguage\":\"es\",\"@id\":\"https:\/\/termix.net\/blog\/es\/#\/schema\/logo\/image\/\",\"url\":\"https:\/\/termix.net\/blog\/wp-content\/uploads\/2020\/10\/OGbDAeng.jpeg\",\"contentUrl\":\"https:\/\/termix.net\/blog\/wp-content\/uploads\/2020\/10\/OGbDAeng.jpeg\",\"width\":800,\"height\":800,\"caption\":\"Dols Industrial de Peluquer\u00eda SA\"},\"image\":{\"@id\":\"https:\/\/termix.net\/blog\/es\/#\/schema\/logo\/image\/\"}},{\"@type\":\"Person\",\"@id\":\"https:\/\/termix.net\/blog\/es\/#\/schema\/person\/9096c98bdf03c8ddf91ad7172f254f40\",\"name\":\"TermixTeam\",\"image\":{\"@type\":\"ImageObject\",\"inLanguage\":\"es\",\"@id\":\"https:\/\/termix.net\/blog\/es\/#\/schema\/person\/image\/\",\"url\":\"https:\/\/secure.gravatar.com\/avatar\/d89f61f6bd1c29a4acb231736d1c74b3?s=96&d=mm&r=g\",\"contentUrl\":\"https:\/\/secure.gravatar.com\/avatar\/d89f61f6bd1c29a4acb231736d1c74b3?s=96&d=mm&r=g\",\"caption\":\"TermixTeam\"},\"url\":\"https:\/\/termix.net\/blog\/es\/author\/termixteam\/\"}]}<\/script>\n<!-- \/ Yoast SEO plugin. -->","yoast_head_json":{"title":"Termix vuelve a Las Vegas para asistir a la feria Cosmoprof 2018","description":"Termix tendr\u00e1 el placer de viajar hasta Las Vegas del 24 al 26 de julio, para presentar sus \u00faltimos lanzamientos y demostrar su pasi\u00f3n por la peluquer\u00eda en uno de los eventos de peluquer\u00eda profesional m\u00e1s prestigiosos del panorama internacional: Cosmoprof Norte Am\u00e9rica 2018.","robots":{"index":"index","follow":"follow","max-snippet":"max-snippet:-1","max-image-preview":"max-image-preview:large","max-video-preview":"max-video-preview:-1"},"canonical":"https:\/\/termix.net\/blog\/es\/termix-vuelve-a-las-vegas-para-asistir-a-la-feria-cosmoprof-2018\/","og_locale":"es_ES","og_type":"article","og_title":"Termix vuelve a Las Vegas para asistir a la feria Cosmoprof 2018","og_description":"Termix tendr\u00e1 el placer de viajar hasta Las Vegas del 24 al 26 de julio, para presentar sus \u00faltimos lanzamientos y demostrar su pasi\u00f3n por la peluquer\u00eda en uno de los eventos de peluquer\u00eda profesional m\u00e1s prestigiosos del panorama internacional: Cosmoprof Norte Am\u00e9rica 2018.","og_url":"https:\/\/termix.net\/blog\/es\/termix-vuelve-a-las-vegas-para-asistir-a-la-feria-cosmoprof-2018\/","og_site_name":"Blog Termix Spain","article_published_time":"2018-07-04T12:23:38+00:00","article_modified_time":"2019-12-17T14:06:01+00:00","og_image":[{"width":1160,"height":464,"url":"https:\/\/termix.net\/blog\/wp-content\/uploads\/2018\/07\/cosmoprof-norte-america-llega-y-termix-estara-alli-para-presentar-todos-sus-productos-y-lanzamientos.jpg","type":"image\/jpeg"}],"author":"TermixTeam","twitter_card":"summary_large_image","twitter_misc":{"Escrito por":"TermixTeam","Tiempo de lectura":"3 minutos"},"schema":{"@context":"https:\/\/schema.org","@graph":[{"@type":"Article","@id":"https:\/\/termix.net\/blog\/es\/termix-vuelve-a-las-vegas-para-asistir-a-la-feria-cosmoprof-2018\/#article","isPartOf":{"@id":"https:\/\/termix.net\/blog\/es\/termix-vuelve-a-las-vegas-para-asistir-a-la-feria-cosmoprof-2018\/"},"author":{"name":"TermixTeam","@id":"https:\/\/termix.net\/blog\/es\/#\/schema\/person\/9096c98bdf03c8ddf91ad7172f254f40"},"headline":"Termix vuelve a Las Vegas para asistir a la feria Cosmoprof 2018","datePublished":"2018-07-04T12:23:38+00:00","dateModified":"2019-12-17T14:06:01+00:00","mainEntityOfPage":{"@id":"https:\/\/termix.net\/blog\/es\/termix-vuelve-a-las-vegas-para-asistir-a-la-feria-cosmoprof-2018\/"},"wordCount":621,"commentCount":0,"publisher":{"@id":"https:\/\/termix.net\/blog\/es\/#organization"},"articleSection":["NOTICIAS"],"inLanguage":"es","potentialAction":[{"@type":"CommentAction","name":"Comment","target":["https:\/\/termix.net\/blog\/es\/termix-vuelve-a-las-vegas-para-asistir-a-la-feria-cosmoprof-2018\/#respond"]}]},{"@type":"WebPage","@id":"https:\/\/termix.net\/blog\/es\/termix-vuelve-a-las-vegas-para-asistir-a-la-feria-cosmoprof-2018\/","url":"https:\/\/termix.net\/blog\/es\/termix-vuelve-a-las-vegas-para-asistir-a-la-feria-cosmoprof-2018\/","name":"Termix vuelve a Las Vegas para asistir a la feria Cosmoprof 2018","isPartOf":{"@id":"https:\/\/termix.net\/blog\/es\/#website"},"datePublished":"2018-07-04T12:23:38+00:00","dateModified":"2019-12-17T14:06:01+00:00","description":"Termix tendr\u00e1 el placer de viajar hasta Las Vegas del 24 al 26 de julio, para presentar sus \u00faltimos lanzamientos y demostrar su pasi\u00f3n por la peluquer\u00eda en uno de los eventos de peluquer\u00eda profesional m\u00e1s prestigiosos del panorama internacional: Cosmoprof Norte Am\u00e9rica 2018.","breadcrumb":{"@id":"https:\/\/termix.net\/blog\/es\/termix-vuelve-a-las-vegas-para-asistir-a-la-feria-cosmoprof-2018\/#breadcrumb"},"inLanguage":"es","potentialAction":[{"@type":"ReadAction","target":["https:\/\/termix.net\/blog\/es\/termix-vuelve-a-las-vegas-para-asistir-a-la-feria-cosmoprof-2018\/"]}]},{"@type":"BreadcrumbList","@id":"https:\/\/termix.net\/blog\/es\/termix-vuelve-a-las-vegas-para-asistir-a-la-feria-cosmoprof-2018\/#breadcrumb","itemListElement":[{"@type":"ListItem","position":1,"name":"Home","item":"https:\/\/termix.net\/blog\/es\/"},{"@type":"ListItem","position":2,"name":"Termix vuelve a Las Vegas para asistir a la feria Cosmoprof 2018"}]},{"@type":"WebSite","@id":"https:\/\/termix.net\/blog\/es\/#website","url":"https:\/\/termix.net\/blog\/es\/","name":"Blog Termix Spain","description":"Blog de tendencias y productos de peluquer\u00eda profesional.","publisher":{"@id":"https:\/\/termix.net\/blog\/es\/#organization"},"potentialAction":[{"@type":"SearchAction","target":{"@type":"EntryPoint","urlTemplate":"https:\/\/termix.net\/blog\/es\/?s={search_term_string}"},"query-input":"required name=search_term_string"}],"inLanguage":"es"},{"@type":"Organization","@id":"https:\/\/termix.net\/blog\/es\/#organization","name":"Dols Industrial de Peluquer\u00eda SA","url":"https:\/\/termix.net\/blog\/es\/","logo":{"@type":"ImageObject","inLanguage":"es","@id":"https:\/\/termix.net\/blog\/es\/#\/schema\/logo\/image\/","url":"https:\/\/termix.net\/blog\/wp-content\/uploads\/2020\/10\/OGbDAeng.jpeg","contentUrl":"https:\/\/termix.net\/blog\/wp-content\/uploads\/2020\/10\/OGbDAeng.jpeg","width":800,"height":800,"caption":"Dols Industrial de Peluquer\u00eda SA"},"image":{"@id":"https:\/\/termix.net\/blog\/es\/#\/schema\/logo\/image\/"}},{"@type":"Person","@id":"https:\/\/termix.net\/blog\/es\/#\/schema\/person\/9096c98bdf03c8ddf91ad7172f254f40","name":"TermixTeam","image":{"@type":"ImageObject","inLanguage":"es","@id":"https:\/\/termix.net\/blog\/es\/#\/schema\/person\/image\/","url":"https:\/\/secure.gravatar.com\/avatar\/d89f61f6bd1c29a4acb231736d1c74b3?s=96&d=mm&r=g","contentUrl":"https:\/\/secure.gravatar.com\/avatar\/d89f61f6bd1c29a4acb231736d1c74b3?s=96&d=mm&r=g","caption":"TermixTeam"},"url":"https:\/\/termix.net\/blog\/es\/author\/termixteam\/"}]}},"_links":{"self":[{"href":"https:\/\/termix.net\/blog\/es\/wp-json\/wp\/v2\/posts\/14433"}],"collection":[{"href":"https:\/\/termix.net\/blog\/es\/wp-json\/wp\/v2\/posts"}],"about":[{"href":"https:\/\/termix.net\/blog\/es\/wp-json\/wp\/v2\/types\/post"}],"author":[{"embeddable":true,"href":"https:\/\/termix.net\/blog\/es\/wp-json\/wp\/v2\/users\/2"}],"replies":[{"embeddable":true,"href":"https:\/\/termix.net\/blog\/es\/wp-json\/wp\/v2\/comments?post=14433"}],"version-history":[{"count":3,"href":"https:\/\/termix.net\/blog\/es\/wp-json\/wp\/v2\/posts\/14433\/revisions"}],"predecessor-version":[{"id":24171,"href":"https:\/\/termix.net\/blog\/es\/wp-json\/wp\/v2\/posts\/14433\/revisions\/24171"}],"wp:featuredmedia":[{"embeddable":true,"href":"https:\/\/termix.net\/blog\/es\/wp-json\/wp\/v2\/media\/22071"}],"wp:attachment":[{"href":"https:\/\/termix.net\/blog\/es\/wp-json\/wp\/v2\/media?parent=14433"}],"wp:term":[{"taxonomy":"category","embeddable":true,"href":"https:\/\/termix.net\/blog\/es\/wp-json\/wp\/v2\/categories?post=14433"},{"taxonomy":"post_tag","embeddable":true,"href":"https:\/\/termix.net\/blog\/es\/wp-json\/wp\/v2\/tags?post=14433"}],"curies":[{"name":"wp","href":"https:\/\/api.w.org\/{rel}","templated":true}]}}