{"id":14047,"date":"2018-05-23T15:14:15","date_gmt":"2018-05-23T13:14:15","guid":{"rendered":"https:\/\/termix.net\/?p=14047"},"modified":"2019-12-17T14:52:32","modified_gmt":"2019-12-17T13:52:32","slug":"formacion-termix-ucrania-antonio-garrido","status":"publish","type":"post","link":"https:\/\/termix.net\/blog\/es\/formacion-termix-ucrania-antonio-garrido\/","title":{"rendered":"As\u00ed fue la \u00faltima formaci\u00f3n Termix en Ucrania con Antonio Garrido"},"content":{"rendered":"<p><div class=\"fusion-fullwidth fullwidth-box fusion-builder-row-1 faded-background fusion-parallax-none nonhundred-percent-fullwidth non-hundred-percent-height-scrolling fusion-no-small-visibility fusion-no-medium-visibility\" style=\"--awb-border-radius-top-left:0px;--awb-border-radius-top-right:0px;--awb-border-radius-bottom-right:0px;--awb-border-radius-bottom-left:0px;--awb-padding-top:24%;--awb-padding-right:3%;--awb-padding-left:3%;--awb-background-size:cover;\" ><div class=\"fullwidth-faded\" style=\"--awb-background-color:#181818;--awb-background-image:url(https:\/\/termix.net\/blog\/wp-content\/uploads\/2018\/05\/Las-formaciones-en-Ucrania-impartidas-por-Antonio-Garrido-y-Temrix-han-sido-todo-un-exito.jpg);--awb-background-size:cover;\" ><\/div><div class=\"fusion-builder-row fusion-row\"><div class=\"fusion-layout-column fusion_builder_column fusion-builder-column-0 fusion_builder_column_1_1 1_1 fusion-one-full fusion-column-first fusion-column-last\" style=\"--awb-padding-top:6%;--awb-padding-right:8%;--awb-padding-bottom:6%;--awb-padding-left:8%;--awb-bg-color:rgba(255,255,255,0.7);--awb-bg-size:cover;--awb-margin-top:0px;--awb-margin-bottom:0px;\"><div class=\"fusion-column-wrapper fusion-column-has-shadow fusion-flex-column-wrapper-legacy\"><div class=\"fusion-text fusion-text-1 caption\"><p style=\"text-align: center;\">Termix Ucrania \u2014 3 min de lectura<\/p>\n<\/div><div class=\"fusion-title title fusion-title-1 fusion-sep-none fusion-title-center fusion-title-text fusion-title-size-two\" style=\"--awb-margin-top:30px;--awb-margin-bottom:20px;\"><h2 class=\"title-heading-center fusion-responsive-typography-calculated\" style=\"margin:0;--fontSize:50;line-height:1.28;\">As\u00ed fue la \u00faltima formaci\u00f3n Termix en Ucrania con Antonio Garrido<\/h2><\/div><div class=\"fusion-clearfix\"><\/div><\/div><\/div><\/div><\/div><div class=\"fusion-fullwidth fullwidth-box fusion-builder-row-2 fusion-parallax-none nonhundred-percent-fullwidth non-hundred-percent-height-scrolling fusion-no-large-visibility\" style=\"--awb-border-radius-top-left:0px;--awb-border-radius-top-right:0px;--awb-border-radius-bottom-right:0px;--awb-border-radius-bottom-left:0px;--awb-background-image:url(&quot;https:\/\/termix.net\/blog\/wp-content\/uploads\/2019\/11\/con-el-secador-compacto-profesioanl-4300-de-termix-damos-volumen-al-cabello-1.jpg&quot;);--awb-background-size:cover;\" ><div class=\"fusion-builder-row fusion-row\"><div class=\"fusion-layout-column fusion_builder_column fusion-builder-column-1 fusion_builder_column_1_1 1_1 fusion-one-full fusion-column-first fusion-column-last fusion-column-inner-bg-wrapper\" style=\"--awb-padding-top:10%;--awb-padding-bottom:10%;--awb-inner-bg-image:url(&#039;http:\/\/termix.net\/blog\/wp-content\/uploads\/2019\/03\/single-blog-post-feat.jpg&#039;);--awb-inner-bg-position:center center;--awb-inner-bg-size:cover;\"><span class=\"fusion-column-inner-bg hover-type-zoomout\"><span class=\"fusion-column-anchor\"><span class=\"fusion-column-inner-bg-image\"><\/span><\/span><\/span><div class=\"fusion-column-wrapper fusion-flex-column-wrapper-legacy\" data-bg-url=\"http:\/\/termix.net\/blog\/wp-content\/uploads\/2019\/03\/single-blog-post-feat.jpg\"><div class=\"fusion-sep-clear\"><\/div><div class=\"fusion-separator fusion-no-large-visibility fusion-full-width-sep\" style=\"margin-left: auto;margin-right: auto;margin-top:200px;width:100%;\"><\/div><div class=\"fusion-sep-clear\"><\/div><div class=\"fusion-clearfix\"><\/div><\/div><\/div><div class=\"fusion-layout-column fusion_builder_column fusion-builder-column-2 fusion_builder_column_1_1 1_1 fusion-one-full fusion-column-first fusion-column-last\" style=\"--awb-padding-top:6%;--awb-bg-color:#ffffff;--awb-bg-size:cover;--awb-margin-top:0px;--awb-margin-bottom:0px;\"><div class=\"fusion-column-wrapper fusion-flex-column-wrapper-legacy\"><div class=\"fusion-text fusion-text-2 caption\"><p style=\"text-align: center;\">Termix Ucrania \u2014 3 min de lectura<\/p>\n<\/div><div class=\"fusion-title title fusion-title-2 fusion-sep-none fusion-title-center fusion-title-text fusion-title-size-two\" style=\"--awb-margin-top:30px;--awb-margin-bottom:20px;\"><h2 class=\"title-heading-center fusion-responsive-typography-calculated\" style=\"margin:0;--fontSize:50;line-height:1.28;\">As\u00ed fue la \u00faltima formaci\u00f3n Termix en Ucrania con Antonio Garrido<\/h2><\/div><div class=\"fusion-clearfix\"><\/div><\/div><\/div><\/div><\/div><div class=\"fusion-fullwidth fullwidth-box fusion-builder-row-3 nonhundred-percent-fullwidth non-hundred-percent-height-scrolling\" style=\"--awb-border-radius-top-left:0px;--awb-border-radius-top-right:0px;--awb-border-radius-bottom-right:0px;--awb-border-radius-bottom-left:0px;--awb-padding-top:10px;--awb-padding-bottom:4%;\" ><div class=\"fusion-builder-row fusion-row\"><div class=\"fusion-layout-column fusion_builder_column fusion-builder-column-3 fusion_builder_column_1_6 1_6 fusion-one-sixth fusion-column-first fusion-no-small-visibility fusion-no-medium-visibility\" style=\"--awb-bg-size:cover;width:16.666666666667%;width:calc(16.666666666667% - ( ( 0 ) * 0.16666666666667 ) );margin-right: 0px;\"><div class=\"fusion-column-wrapper fusion-flex-column-wrapper-legacy\"><div class=\"fusion-clearfix\"><\/div><\/div><\/div><div class=\"fusion-layout-column fusion_builder_column fusion-builder-column-4 fusion_builder_column_2_3 2_3 fusion-two-third fusion-column-last\" style=\"--awb-bg-size:cover;width:66.666666666667%;width:calc(66.666666666667% - ( ( 0 ) * 0.66666666666667 ) );\"><div class=\"fusion-column-wrapper fusion-flex-column-wrapper-legacy\"><div class=\"fusion-sep-clear\"><\/div><div class=\"fusion-separator fusion-full-width-sep\" style=\"margin-left: auto;margin-right: auto;margin-top:30px;width:100%;\"><\/div><div class=\"fusion-sep-clear\"><\/div><div class=\"fusion-text fusion-text-3\"><p style=\"text-align: center;\"><span style=\"font-size: 22px; line-height: 1.5em;\"> Nuevas tendencias, estilos y t\u00e9cnicas de peluquer\u00eda se dieron cita en una formaci\u00f3n de vanguardia. <\/span><\/p>\n<p style=\"text-align: center;\"><span style=\"font-size: 22px; line-height: 1.5em;\">Un <strong>tour<\/strong> a lo largo de distintas ciudades de Ucrania con la peluquer\u00eda como principal protagonista, d\u00f3nde el embajador de Termix y estilista de excepci\u00f3n, Antonio Garrido, dio a conocer las \u00faltimas <strong>tendencias<\/strong> en recogidos, corte y peinados con masterclass y pr\u00e1cticas en directo. Todo ello, utilizando los \u00faltimos lanzamientos y novedades Termix para conseguir los mejores resultados.<\/span><\/p>\n<p style=\"text-align: center;\"><strong><span style=\"font-size: 22px; line-height: 1.5em;\">\u00bfQuieres saber m\u00e1s? \u00a1Te lo contamos!<\/span><\/strong><\/p>\n<\/div><div class=\"fusion-sep-clear\"><\/div><div class=\"fusion-separator fusion-full-width-sep\" style=\"margin-left: auto;margin-right: auto;margin-top:30px;width:100%;\"><\/div><div class=\"fusion-sep-clear\"><\/div><div class=\"fusion-text fusion-text-4\"><h2 style=\"text-align: justify;\">Primera parada<\/h2>\n<p style=\"text-align: justify;\">la cosmopolita ciudad de Odesa. En ella, el estilista Antonio Garrido ofreci\u00f3 una formaci\u00f3n exhaustiva sobre <strong>t\u00e9cnicas de peinado y nuevas tendencias<\/strong> en recogidos a destacados profesionales del sector beauty, entre los que se contaban <strong>peluqueros e importantes distribuidores<\/strong>. Adem\u00e1s, realiz\u00f3 una exposici\u00f3n sobre la importancia de elegir <strong>herramientas de peluquer\u00eda profesional<\/strong> adecuadas para cada tipo de cabello, presentando los <span style=\"text-decoration: underline;\"><strong>cepillos Evolution<\/strong><\/span> \u00a0como las respuestas a esta demanda de precisi\u00f3n y calidad, que se convirtieron en los favoritas del p\u00fablico.<\/p>\n<h2>Las \u00faltimas tendencias en recogidos viajan a Ucrania con Antonio Garrido<\/h2>\n<p style=\"text-align: justify;\">Y despu\u00e9s de esta fruct\u00edfera jornada, alabada por los asistentes, se realiz\u00f3 una sesi\u00f3n orientada a la <strong>puesta en com\u00fan de t\u00e9cnicas de corte y coloraci\u00f3n<\/strong> entre distintos peluqueros de renombre. Particularmente, Antonio Garrido, realiz\u00f3<strong> tres trabajos de recogido<\/strong> distintos, utilizando tocados florales para aprovechar un mes en el que los eventos nupciales est\u00e1n en auge.<\/p>\n<p><img decoding=\"async\" class=\"alignnone size-full wp-image-24128\" src=\"https:\/\/termix.net\/blog\/wp-content\/uploads\/2018\/05\/muchos-fueron-los-profesionales-que-se-reunieron-en-esta-formacion-de-Temrix-en-Ucrania-jutno-a-Antonio-Garrido.jpg\" alt=\"antonio garrido formacion\" width=\"1160\" height=\"660\" srcset=\"https:\/\/termix.net\/blog\/wp-content\/uploads\/2018\/05\/muchos-fueron-los-profesionales-que-se-reunieron-en-esta-formacion-de-Temrix-en-Ucrania-jutno-a-Antonio-Garrido-200x114.jpg 200w, https:\/\/termix.net\/blog\/wp-content\/uploads\/2018\/05\/muchos-fueron-los-profesionales-que-se-reunieron-en-esta-formacion-de-Temrix-en-Ucrania-jutno-a-Antonio-Garrido-300x171.jpg 300w, https:\/\/termix.net\/blog\/wp-content\/uploads\/2018\/05\/muchos-fueron-los-profesionales-que-se-reunieron-en-esta-formacion-de-Temrix-en-Ucrania-jutno-a-Antonio-Garrido-400x228.jpg 400w, https:\/\/termix.net\/blog\/wp-content\/uploads\/2018\/05\/muchos-fueron-los-profesionales-que-se-reunieron-en-esta-formacion-de-Temrix-en-Ucrania-jutno-a-Antonio-Garrido-600x341.jpg 600w, https:\/\/termix.net\/blog\/wp-content\/uploads\/2018\/05\/muchos-fueron-los-profesionales-que-se-reunieron-en-esta-formacion-de-Temrix-en-Ucrania-jutno-a-Antonio-Garrido-768x437.jpg 768w, https:\/\/termix.net\/blog\/wp-content\/uploads\/2018\/05\/muchos-fueron-los-profesionales-que-se-reunieron-en-esta-formacion-de-Temrix-en-Ucrania-jutno-a-Antonio-Garrido-800x455.jpg 800w, https:\/\/termix.net\/blog\/wp-content\/uploads\/2018\/05\/muchos-fueron-los-profesionales-que-se-reunieron-en-esta-formacion-de-Temrix-en-Ucrania-jutno-a-Antonio-Garrido-1024x583.jpg 1024w, https:\/\/termix.net\/blog\/wp-content\/uploads\/2018\/05\/muchos-fueron-los-profesionales-que-se-reunieron-en-esta-formacion-de-Temrix-en-Ucrania-jutno-a-Antonio-Garrido.jpg 1160w\" sizes=\"(max-width: 1160px) 100vw, 1160px\" \/><\/p>\n<p><img decoding=\"async\" class=\"size-full wp-image-14053 aligncenter\" src=\"https:\/\/termix.net\/blog\/wp-content\/uploads\/2018\/05\/se-presentaron-tendencias-masculinas-y-femeninas-durante-las-formaciones-en-ucrania-por-Antonio-Garrido.jpg\" alt=\"\" width=\"1160\" height=\"660\" \/><\/p>\n<p style=\"text-align: justify;\">En este meeting tambi\u00e9n tuvieron muy buena acogida las novedades Termix, gracias a la profesionalidad de los resultados obtenidos. En este caso, todas las miradas se fijaron en la <strong>plancha de pelo 230 de Termix<\/strong>, ideal para realizar moldeados y ondas perfectas, respetando en todo momento la salud del cabello gracias al regulador de temperatura inteligente que incorpora. Por otro lado, los <span style=\"text-decoration: underline;\"><strong>cepillos Evolution<\/strong><\/span> volvieron a repetir el \u00e9xito obtenido en la primera formaci\u00f3n, siendo uno de los productos m\u00e1s demandados por los asistentes.<\/p>\n<h2><img decoding=\"async\" class=\"alignnone size-full wp-image-24126\" src=\"https:\/\/termix.net\/blog\/wp-content\/uploads\/2018\/05\/se-presentaron-tendencias-masculinas-y-femeninas-durante-las-formaciones-en-ucrania-por-Antonio-Garrido.jpg\" alt=\"antonio garrido formacion\" width=\"1160\" height=\"660\" srcset=\"https:\/\/termix.net\/blog\/wp-content\/uploads\/2018\/05\/se-presentaron-tendencias-masculinas-y-femeninas-durante-las-formaciones-en-ucrania-por-Antonio-Garrido-200x114.jpg 200w, https:\/\/termix.net\/blog\/wp-content\/uploads\/2018\/05\/se-presentaron-tendencias-masculinas-y-femeninas-durante-las-formaciones-en-ucrania-por-Antonio-Garrido-300x171.jpg 300w, https:\/\/termix.net\/blog\/wp-content\/uploads\/2018\/05\/se-presentaron-tendencias-masculinas-y-femeninas-durante-las-formaciones-en-ucrania-por-Antonio-Garrido-400x228.jpg 400w, https:\/\/termix.net\/blog\/wp-content\/uploads\/2018\/05\/se-presentaron-tendencias-masculinas-y-femeninas-durante-las-formaciones-en-ucrania-por-Antonio-Garrido-600x341.jpg 600w, https:\/\/termix.net\/blog\/wp-content\/uploads\/2018\/05\/se-presentaron-tendencias-masculinas-y-femeninas-durante-las-formaciones-en-ucrania-por-Antonio-Garrido-768x437.jpg 768w, https:\/\/termix.net\/blog\/wp-content\/uploads\/2018\/05\/se-presentaron-tendencias-masculinas-y-femeninas-durante-las-formaciones-en-ucrania-por-Antonio-Garrido-800x455.jpg 800w, https:\/\/termix.net\/blog\/wp-content\/uploads\/2018\/05\/se-presentaron-tendencias-masculinas-y-femeninas-durante-las-formaciones-en-ucrania-por-Antonio-Garrido-1024x583.jpg 1024w, https:\/\/termix.net\/blog\/wp-content\/uploads\/2018\/05\/se-presentaron-tendencias-masculinas-y-femeninas-durante-las-formaciones-en-ucrania-por-Antonio-Garrido.jpg 1160w\" sizes=\"(max-width: 1160px) 100vw, 1160px\" \/><\/h2>\n<h2>El beard grooming: la barber\u00eda tambi\u00e9n es tendencia<\/h2>\n<p style=\"text-align: justify;\">Y, por \u00faltimo, en la leonina ciudad de Lviv, tuvo lugar el evento de cierre, con distintas formaciones pr\u00e1cticas en salones de prestigio. Adem\u00e1s, tambi\u00e9n se guard\u00f3 un espacio para la barber\u00eda, donde Antonio Garrido demostr\u00f3 la versatilidad de las herramientas de corte profesional de Termix, como la <span style=\"text-decoration: underline;\"><strong>Power Cut<\/strong><\/span> y<span style=\"text-decoration: underline;\"><strong> Styling Cut<\/strong><\/span>, mostrando las nuevas tendencias en <em>beard grooming<\/em> de la temporada. Todo un acierto que tuvo una magn\u00edfica acogida por parte de profesionales del sector beauty, distribuidores y estilistas.<\/p>\n<p><img decoding=\"async\" class=\"alignnone size-full wp-image-24124\" src=\"https:\/\/termix.net\/blog\/wp-content\/uploads\/2018\/05\/Los-recogidos-vuelven-a-ser-un-must-de-esta-temporada-Antonio-Garrido-presento-tres-propuestas-durante-la-formacion-Termix-en-Ucrania.jpg\" alt=\"antonio garrido formacion\" width=\"1160\" height=\"660\" srcset=\"https:\/\/termix.net\/blog\/wp-content\/uploads\/2018\/05\/Los-recogidos-vuelven-a-ser-un-must-de-esta-temporada-Antonio-Garrido-presento-tres-propuestas-durante-la-formacion-Termix-en-Ucrania-200x114.jpg 200w, https:\/\/termix.net\/blog\/wp-content\/uploads\/2018\/05\/Los-recogidos-vuelven-a-ser-un-must-de-esta-temporada-Antonio-Garrido-presento-tres-propuestas-durante-la-formacion-Termix-en-Ucrania-300x171.jpg 300w, https:\/\/termix.net\/blog\/wp-content\/uploads\/2018\/05\/Los-recogidos-vuelven-a-ser-un-must-de-esta-temporada-Antonio-Garrido-presento-tres-propuestas-durante-la-formacion-Termix-en-Ucrania-400x228.jpg 400w, https:\/\/termix.net\/blog\/wp-content\/uploads\/2018\/05\/Los-recogidos-vuelven-a-ser-un-must-de-esta-temporada-Antonio-Garrido-presento-tres-propuestas-durante-la-formacion-Termix-en-Ucrania-600x341.jpg 600w, https:\/\/termix.net\/blog\/wp-content\/uploads\/2018\/05\/Los-recogidos-vuelven-a-ser-un-must-de-esta-temporada-Antonio-Garrido-presento-tres-propuestas-durante-la-formacion-Termix-en-Ucrania-768x437.jpg 768w, https:\/\/termix.net\/blog\/wp-content\/uploads\/2018\/05\/Los-recogidos-vuelven-a-ser-un-must-de-esta-temporada-Antonio-Garrido-presento-tres-propuestas-durante-la-formacion-Termix-en-Ucrania-800x455.jpg 800w, https:\/\/termix.net\/blog\/wp-content\/uploads\/2018\/05\/Los-recogidos-vuelven-a-ser-un-must-de-esta-temporada-Antonio-Garrido-presento-tres-propuestas-durante-la-formacion-Termix-en-Ucrania-1024x583.jpg 1024w, https:\/\/termix.net\/blog\/wp-content\/uploads\/2018\/05\/Los-recogidos-vuelven-a-ser-un-must-de-esta-temporada-Antonio-Garrido-presento-tres-propuestas-durante-la-formacion-Termix-en-Ucrania.jpg 1160w\" sizes=\"(max-width: 1160px) 100vw, 1160px\" \/><\/p>\n<p style=\"text-align: justify;\">Muchas gracias a todos los asistentes, formadores y profesionales que a\u00f1o tras a\u00f1o deciden confiar en Termix.<\/p>\n<h2 style=\"text-align: justify;\">\u00a1Os esperamos en la pr\u00f3xima!<\/h2>\n<\/div><div class=\"fusion-clearfix\"><\/div><\/div><\/div><\/div><\/div><div class=\"fusion-fullwidth fullwidth-box fusion-builder-row-4 nonhundred-percent-fullwidth non-hundred-percent-height-scrolling\" style=\"--awb-border-radius-top-left:0px;--awb-border-radius-top-right:0px;--awb-border-radius-bottom-right:0px;--awb-border-radius-bottom-left:0px;\" ><\/div><\/p>\n","protected":false},"excerpt":{"rendered":"<p>\t\t\t\tNuevas tendencias, estilos y t\u00e9cnicas de peluquer\u00eda se dieron cita en una formaci\u00f3n de vanguardia. Un tour a lo largo de distintas ciudades de Ucrania con la peluquer\u00eda como principal protagonista, d\u00f3nde el embajador de Termix y estilista de excepci\u00f3n, Antonio Garrido, dio a conocer las \u00faltimas tendencias en recogidos, corte y peinados con masterclass y pr\u00e1cticas en directo. Todo ello, utilizando los \u00faltimos lanzamientos y novedades Termix para conseguir los mejores resultados. \u00bfQuieres saber m\u00e1s? \u00a1Te lo contamos!\t\t<\/p>\n","protected":false},"author":2,"featured_media":22085,"comment_status":"open","ping_status":"open","sticky":false,"template":"","format":"standard","meta":[],"categories":[6],"tags":[],"yoast_head":"<!-- This site is optimized with the Yoast SEO plugin v20.0 - https:\/\/yoast.com\/wordpress\/plugins\/seo\/ -->\n<title>As\u00ed fue la \u00faltima formaci\u00f3n Termix en Ucrania con Antonio Garrido - Termix<\/title>\n<meta name=\"description\" content=\"Nuevas tendencias, estilos y t\u00e9cnicas de peluquer\u00eda se dieron cita en una formaci\u00f3n de vanguardia. Un tour a lo largo de distintas ciudades de Ucrania con la peluquer\u00eda como principal protagonista, d\u00f3nde el embajador de Termix, Antonio Garrido, dio a conocer las \u00faltimas tendencias, as\u00ed como los \u00faltimos lanzamientos.\" \/>\n<meta name=\"robots\" content=\"index, follow, max-snippet:-1, max-image-preview:large, max-video-preview:-1\" \/>\n<link rel=\"canonical\" href=\"https:\/\/termix.net\/blog\/es\/formacion-termix-ucrania-antonio-garrido\/\" \/>\n<meta property=\"og:locale\" content=\"es_ES\" \/>\n<meta property=\"og:type\" content=\"article\" \/>\n<meta property=\"og:title\" content=\"As\u00ed fue la \u00faltima formaci\u00f3n Termix en Ucrania con Antonio Garrido - Termix\" \/>\n<meta property=\"og:description\" content=\"Nuevas tendencias, estilos y t\u00e9cnicas de peluquer\u00eda se dieron cita en una formaci\u00f3n de vanguardia. Un tour a lo largo de distintas ciudades de Ucrania con la peluquer\u00eda como principal protagonista, d\u00f3nde el embajador de Termix, Antonio Garrido, dio a conocer las \u00faltimas tendencias, as\u00ed como los \u00faltimos lanzamientos.\" \/>\n<meta property=\"og:url\" content=\"https:\/\/termix.net\/blog\/es\/formacion-termix-ucrania-antonio-garrido\/\" \/>\n<meta property=\"og:site_name\" content=\"Blog Termix Spain\" \/>\n<meta property=\"article:published_time\" content=\"2018-05-23T13:14:15+00:00\" \/>\n<meta property=\"article:modified_time\" content=\"2019-12-17T13:52:32+00:00\" \/>\n<meta property=\"og:image\" content=\"https:\/\/termix.net\/blog\/wp-content\/uploads\/2018\/05\/Las-formaciones-en-Ucrania-impartidas-por-Antonio-Garrido-y-Temrix-han-sido-todo-un-exito.jpg\" \/>\n\t<meta property=\"og:image:width\" content=\"1160\" \/>\n\t<meta property=\"og:image:height\" content=\"660\" \/>\n\t<meta property=\"og:image:type\" content=\"image\/jpeg\" \/>\n<meta name=\"author\" content=\"TermixTeam\" \/>\n<meta name=\"twitter:card\" content=\"summary_large_image\" \/>\n<meta name=\"twitter:label1\" content=\"Escrito por\" \/>\n\t<meta name=\"twitter:data1\" content=\"TermixTeam\" \/>\n\t<meta name=\"twitter:label2\" content=\"Tiempo de lectura\" \/>\n\t<meta name=\"twitter:data2\" content=\"8 minutos\" \/>\n<script type=\"application\/ld+json\" class=\"yoast-schema-graph\">{\"@context\":\"https:\/\/schema.org\",\"@graph\":[{\"@type\":\"Article\",\"@id\":\"https:\/\/termix.net\/blog\/es\/formacion-termix-ucrania-antonio-garrido\/#article\",\"isPartOf\":{\"@id\":\"https:\/\/termix.net\/blog\/es\/formacion-termix-ucrania-antonio-garrido\/\"},\"author\":{\"name\":\"TermixTeam\",\"@id\":\"https:\/\/termix.net\/blog\/es\/#\/schema\/person\/9096c98bdf03c8ddf91ad7172f254f40\"},\"headline\":\"As\u00ed fue la \u00faltima formaci\u00f3n Termix en Ucrania con Antonio Garrido\",\"datePublished\":\"2018-05-23T13:14:15+00:00\",\"dateModified\":\"2019-12-17T13:52:32+00:00\",\"mainEntityOfPage\":{\"@id\":\"https:\/\/termix.net\/blog\/es\/formacion-termix-ucrania-antonio-garrido\/\"},\"wordCount\":1642,\"commentCount\":0,\"publisher\":{\"@id\":\"https:\/\/termix.net\/blog\/es\/#organization\"},\"articleSection\":[\"NOTICIAS\"],\"inLanguage\":\"es\",\"potentialAction\":[{\"@type\":\"CommentAction\",\"name\":\"Comment\",\"target\":[\"https:\/\/termix.net\/blog\/es\/formacion-termix-ucrania-antonio-garrido\/#respond\"]}]},{\"@type\":\"WebPage\",\"@id\":\"https:\/\/termix.net\/blog\/es\/formacion-termix-ucrania-antonio-garrido\/\",\"url\":\"https:\/\/termix.net\/blog\/es\/formacion-termix-ucrania-antonio-garrido\/\",\"name\":\"As\u00ed fue la \u00faltima formaci\u00f3n Termix en Ucrania con Antonio Garrido - Termix\",\"isPartOf\":{\"@id\":\"https:\/\/termix.net\/blog\/es\/#website\"},\"datePublished\":\"2018-05-23T13:14:15+00:00\",\"dateModified\":\"2019-12-17T13:52:32+00:00\",\"description\":\"Nuevas tendencias, estilos y t\u00e9cnicas de peluquer\u00eda se dieron cita en una formaci\u00f3n de vanguardia. Un tour a lo largo de distintas ciudades de Ucrania con la peluquer\u00eda como principal protagonista, d\u00f3nde el embajador de Termix, Antonio Garrido, dio a conocer las \u00faltimas tendencias, as\u00ed como los \u00faltimos lanzamientos.\",\"breadcrumb\":{\"@id\":\"https:\/\/termix.net\/blog\/es\/formacion-termix-ucrania-antonio-garrido\/#breadcrumb\"},\"inLanguage\":\"es\",\"potentialAction\":[{\"@type\":\"ReadAction\",\"target\":[\"https:\/\/termix.net\/blog\/es\/formacion-termix-ucrania-antonio-garrido\/\"]}]},{\"@type\":\"BreadcrumbList\",\"@id\":\"https:\/\/termix.net\/blog\/es\/formacion-termix-ucrania-antonio-garrido\/#breadcrumb\",\"itemListElement\":[{\"@type\":\"ListItem\",\"position\":1,\"name\":\"Home\",\"item\":\"https:\/\/termix.net\/blog\/es\/\"},{\"@type\":\"ListItem\",\"position\":2,\"name\":\"As\u00ed fue la \u00faltima formaci\u00f3n Termix en Ucrania con Antonio Garrido\"}]},{\"@type\":\"WebSite\",\"@id\":\"https:\/\/termix.net\/blog\/es\/#website\",\"url\":\"https:\/\/termix.net\/blog\/es\/\",\"name\":\"Blog Termix Spain\",\"description\":\"Blog de tendencias y productos de peluquer\u00eda profesional.\",\"publisher\":{\"@id\":\"https:\/\/termix.net\/blog\/es\/#organization\"},\"potentialAction\":[{\"@type\":\"SearchAction\",\"target\":{\"@type\":\"EntryPoint\",\"urlTemplate\":\"https:\/\/termix.net\/blog\/es\/?s={search_term_string}\"},\"query-input\":\"required name=search_term_string\"}],\"inLanguage\":\"es\"},{\"@type\":\"Organization\",\"@id\":\"https:\/\/termix.net\/blog\/es\/#organization\",\"name\":\"Dols Industrial de Peluquer\u00eda SA\",\"url\":\"https:\/\/termix.net\/blog\/es\/\",\"logo\":{\"@type\":\"ImageObject\",\"inLanguage\":\"es\",\"@id\":\"https:\/\/termix.net\/blog\/es\/#\/schema\/logo\/image\/\",\"url\":\"https:\/\/termix.net\/blog\/wp-content\/uploads\/2020\/10\/OGbDAeng.jpeg\",\"contentUrl\":\"https:\/\/termix.net\/blog\/wp-content\/uploads\/2020\/10\/OGbDAeng.jpeg\",\"width\":800,\"height\":800,\"caption\":\"Dols Industrial de Peluquer\u00eda SA\"},\"image\":{\"@id\":\"https:\/\/termix.net\/blog\/es\/#\/schema\/logo\/image\/\"}},{\"@type\":\"Person\",\"@id\":\"https:\/\/termix.net\/blog\/es\/#\/schema\/person\/9096c98bdf03c8ddf91ad7172f254f40\",\"name\":\"TermixTeam\",\"image\":{\"@type\":\"ImageObject\",\"inLanguage\":\"es\",\"@id\":\"https:\/\/termix.net\/blog\/es\/#\/schema\/person\/image\/\",\"url\":\"https:\/\/secure.gravatar.com\/avatar\/d89f61f6bd1c29a4acb231736d1c74b3?s=96&d=mm&r=g\",\"contentUrl\":\"https:\/\/secure.gravatar.com\/avatar\/d89f61f6bd1c29a4acb231736d1c74b3?s=96&d=mm&r=g\",\"caption\":\"TermixTeam\"},\"url\":\"https:\/\/termix.net\/blog\/es\/author\/termixteam\/\"}]}<\/script>\n<!-- \/ Yoast SEO plugin. -->","yoast_head_json":{"title":"As\u00ed fue la \u00faltima formaci\u00f3n Termix en Ucrania con Antonio Garrido - Termix","description":"Nuevas tendencias, estilos y t\u00e9cnicas de peluquer\u00eda se dieron cita en una formaci\u00f3n de vanguardia. Un tour a lo largo de distintas ciudades de Ucrania con la peluquer\u00eda como principal protagonista, d\u00f3nde el embajador de Termix, Antonio Garrido, dio a conocer las \u00faltimas tendencias, as\u00ed como los \u00faltimos lanzamientos.","robots":{"index":"index","follow":"follow","max-snippet":"max-snippet:-1","max-image-preview":"max-image-preview:large","max-video-preview":"max-video-preview:-1"},"canonical":"https:\/\/termix.net\/blog\/es\/formacion-termix-ucrania-antonio-garrido\/","og_locale":"es_ES","og_type":"article","og_title":"As\u00ed fue la \u00faltima formaci\u00f3n Termix en Ucrania con Antonio Garrido - Termix","og_description":"Nuevas tendencias, estilos y t\u00e9cnicas de peluquer\u00eda se dieron cita en una formaci\u00f3n de vanguardia. Un tour a lo largo de distintas ciudades de Ucrania con la peluquer\u00eda como principal protagonista, d\u00f3nde el embajador de Termix, Antonio Garrido, dio a conocer las \u00faltimas tendencias, as\u00ed como los \u00faltimos lanzamientos.","og_url":"https:\/\/termix.net\/blog\/es\/formacion-termix-ucrania-antonio-garrido\/","og_site_name":"Blog Termix Spain","article_published_time":"2018-05-23T13:14:15+00:00","article_modified_time":"2019-12-17T13:52:32+00:00","og_image":[{"width":1160,"height":660,"url":"https:\/\/termix.net\/blog\/wp-content\/uploads\/2018\/05\/Las-formaciones-en-Ucrania-impartidas-por-Antonio-Garrido-y-Temrix-han-sido-todo-un-exito.jpg","type":"image\/jpeg"}],"author":"TermixTeam","twitter_card":"summary_large_image","twitter_misc":{"Escrito por":"TermixTeam","Tiempo de lectura":"8 minutos"},"schema":{"@context":"https:\/\/schema.org","@graph":[{"@type":"Article","@id":"https:\/\/termix.net\/blog\/es\/formacion-termix-ucrania-antonio-garrido\/#article","isPartOf":{"@id":"https:\/\/termix.net\/blog\/es\/formacion-termix-ucrania-antonio-garrido\/"},"author":{"name":"TermixTeam","@id":"https:\/\/termix.net\/blog\/es\/#\/schema\/person\/9096c98bdf03c8ddf91ad7172f254f40"},"headline":"As\u00ed fue la \u00faltima formaci\u00f3n Termix en Ucrania con Antonio Garrido","datePublished":"2018-05-23T13:14:15+00:00","dateModified":"2019-12-17T13:52:32+00:00","mainEntityOfPage":{"@id":"https:\/\/termix.net\/blog\/es\/formacion-termix-ucrania-antonio-garrido\/"},"wordCount":1642,"commentCount":0,"publisher":{"@id":"https:\/\/termix.net\/blog\/es\/#organization"},"articleSection":["NOTICIAS"],"inLanguage":"es","potentialAction":[{"@type":"CommentAction","name":"Comment","target":["https:\/\/termix.net\/blog\/es\/formacion-termix-ucrania-antonio-garrido\/#respond"]}]},{"@type":"WebPage","@id":"https:\/\/termix.net\/blog\/es\/formacion-termix-ucrania-antonio-garrido\/","url":"https:\/\/termix.net\/blog\/es\/formacion-termix-ucrania-antonio-garrido\/","name":"As\u00ed fue la \u00faltima formaci\u00f3n Termix en Ucrania con Antonio Garrido - Termix","isPartOf":{"@id":"https:\/\/termix.net\/blog\/es\/#website"},"datePublished":"2018-05-23T13:14:15+00:00","dateModified":"2019-12-17T13:52:32+00:00","description":"Nuevas tendencias, estilos y t\u00e9cnicas de peluquer\u00eda se dieron cita en una formaci\u00f3n de vanguardia. Un tour a lo largo de distintas ciudades de Ucrania con la peluquer\u00eda como principal protagonista, d\u00f3nde el embajador de Termix, Antonio Garrido, dio a conocer las \u00faltimas tendencias, as\u00ed como los \u00faltimos lanzamientos.","breadcrumb":{"@id":"https:\/\/termix.net\/blog\/es\/formacion-termix-ucrania-antonio-garrido\/#breadcrumb"},"inLanguage":"es","potentialAction":[{"@type":"ReadAction","target":["https:\/\/termix.net\/blog\/es\/formacion-termix-ucrania-antonio-garrido\/"]}]},{"@type":"BreadcrumbList","@id":"https:\/\/termix.net\/blog\/es\/formacion-termix-ucrania-antonio-garrido\/#breadcrumb","itemListElement":[{"@type":"ListItem","position":1,"name":"Home","item":"https:\/\/termix.net\/blog\/es\/"},{"@type":"ListItem","position":2,"name":"As\u00ed fue la \u00faltima formaci\u00f3n Termix en Ucrania con Antonio Garrido"}]},{"@type":"WebSite","@id":"https:\/\/termix.net\/blog\/es\/#website","url":"https:\/\/termix.net\/blog\/es\/","name":"Blog Termix Spain","description":"Blog de tendencias y productos de peluquer\u00eda profesional.","publisher":{"@id":"https:\/\/termix.net\/blog\/es\/#organization"},"potentialAction":[{"@type":"SearchAction","target":{"@type":"EntryPoint","urlTemplate":"https:\/\/termix.net\/blog\/es\/?s={search_term_string}"},"query-input":"required name=search_term_string"}],"inLanguage":"es"},{"@type":"Organization","@id":"https:\/\/termix.net\/blog\/es\/#organization","name":"Dols Industrial de Peluquer\u00eda SA","url":"https:\/\/termix.net\/blog\/es\/","logo":{"@type":"ImageObject","inLanguage":"es","@id":"https:\/\/termix.net\/blog\/es\/#\/schema\/logo\/image\/","url":"https:\/\/termix.net\/blog\/wp-content\/uploads\/2020\/10\/OGbDAeng.jpeg","contentUrl":"https:\/\/termix.net\/blog\/wp-content\/uploads\/2020\/10\/OGbDAeng.jpeg","width":800,"height":800,"caption":"Dols Industrial de Peluquer\u00eda SA"},"image":{"@id":"https:\/\/termix.net\/blog\/es\/#\/schema\/logo\/image\/"}},{"@type":"Person","@id":"https:\/\/termix.net\/blog\/es\/#\/schema\/person\/9096c98bdf03c8ddf91ad7172f254f40","name":"TermixTeam","image":{"@type":"ImageObject","inLanguage":"es","@id":"https:\/\/termix.net\/blog\/es\/#\/schema\/person\/image\/","url":"https:\/\/secure.gravatar.com\/avatar\/d89f61f6bd1c29a4acb231736d1c74b3?s=96&d=mm&r=g","contentUrl":"https:\/\/secure.gravatar.com\/avatar\/d89f61f6bd1c29a4acb231736d1c74b3?s=96&d=mm&r=g","caption":"TermixTeam"},"url":"https:\/\/termix.net\/blog\/es\/author\/termixteam\/"}]}},"_links":{"self":[{"href":"https:\/\/termix.net\/blog\/es\/wp-json\/wp\/v2\/posts\/14047"}],"collection":[{"href":"https:\/\/termix.net\/blog\/es\/wp-json\/wp\/v2\/posts"}],"about":[{"href":"https:\/\/termix.net\/blog\/es\/wp-json\/wp\/v2\/types\/post"}],"author":[{"embeddable":true,"href":"https:\/\/termix.net\/blog\/es\/wp-json\/wp\/v2\/users\/2"}],"replies":[{"embeddable":true,"href":"https:\/\/termix.net\/blog\/es\/wp-json\/wp\/v2\/comments?post=14047"}],"version-history":[{"count":3,"href":"https:\/\/termix.net\/blog\/es\/wp-json\/wp\/v2\/posts\/14047\/revisions"}],"predecessor-version":[{"id":24130,"href":"https:\/\/termix.net\/blog\/es\/wp-json\/wp\/v2\/posts\/14047\/revisions\/24130"}],"wp:featuredmedia":[{"embeddable":true,"href":"https:\/\/termix.net\/blog\/es\/wp-json\/wp\/v2\/media\/22085"}],"wp:attachment":[{"href":"https:\/\/termix.net\/blog\/es\/wp-json\/wp\/v2\/media?parent=14047"}],"wp:term":[{"taxonomy":"category","embeddable":true,"href":"https:\/\/termix.net\/blog\/es\/wp-json\/wp\/v2\/categories?post=14047"},{"taxonomy":"post_tag","embeddable":true,"href":"https:\/\/termix.net\/blog\/es\/wp-json\/wp\/v2\/tags?post=14047"}],"curies":[{"name":"wp","href":"https:\/\/api.w.org\/{rel}","templated":true}]}}