{"id":14011,"date":"2018-05-16T15:09:51","date_gmt":"2018-05-16T13:09:51","guid":{"rendered":"https:\/\/termix.net\/?p=14011"},"modified":"2019-12-17T14:49:11","modified_gmt":"2019-12-17T13:49:11","slug":"ganadores-sorteo-termix-just-in-time","status":"publish","type":"post","link":"https:\/\/termix.net\/blog\/es\/ganadores-sorteo-termix-just-in-time\/","title":{"rendered":"\u00a1Ya tenemos los ganadores del sorteo Just in Time de Termix!"},"content":{"rendered":"<h1 style=\"text-align: center;\">\u00a1Ya tenemos los ganadores del sorteo Just in Time de Termix!<\/h1>\n<p style=\"text-align: center;\">Hoy es el gran d\u00eda, hemos llegado justo a tiempo. Ya tenemos ganadores del sorteo <span style=\"text-decoration: underline;\"><strong>Termix Just in Time<\/strong><\/span>!. \u00bfHabr\u00e1n sido tus amigos m\u00e1s tardones los que te han hecho ganar uno de los dos cepillos el\u00e9ctricos? Desc\u00fabrelo, a continuaci\u00f3n.<\/p>\n<p style=\"text-align: center;\">Despu\u00e9s de centenares de comentarios y de menciones\u2026 \u00a1Tenemos los ganadores del sorteo Just In time!Los<strong> cepillos el\u00e9ctricos<\/strong> que se encargan de ahorrar tiempo en las <em>beauty routine<\/em> est\u00e1n a punto de salir camino a mejorar la vida de algunas melenas.<\/p>\n<p style=\"text-align: center;\"><strong> \u00bfQui\u00e9nes habr\u00e1n sido los afortunados? \u00a1No te lo pierdas!<\/strong><\/p>\n<p>&nbsp;<\/p>\n<p><img decoding=\"async\" class=\"size-full wp-image-14015 aligncenter\" src=\"https:\/\/termix.net\/blog\/wp-content\/uploads\/2018\/05\/ya-tenemos-los-ganadores-del-sorteo-termix-Just-In-TIme.jpg\" alt=\"ya tenemos los ganadores del sorteo termix Just In TIme!\" width=\"1160\" height=\"660\" \/><\/p>\n<h2 style=\"text-align: justify;\">PREMIO N\u00ba1: Cepillo el\u00e9ctrico Pro Flat<\/h2>\n<p style=\"text-align: justify;\">Y la suerte ha querido que el cepillo el\u00e9ctrico Pro Flat Brush sea para <strong><span style=\"text-decoration: underline;\">Marta Roda<\/span><\/strong>. \u00a1Esperamos que disfrutes de esta herramienta de peluquer\u00eda profesional y crees los estilos m\u00e1s atrevidos! Y sobre todo\u2026 \u00a1No llegues tarde!<\/p>\n<p><img decoding=\"async\" class=\"alignnone size-full wp-image-24106\" src=\"https:\/\/termix.net\/blog\/wp-content\/uploads\/2018\/05\/el-cepillo-electrico-pro-flat-brush-es-perfecto-para-realizar-alisados-profesionales-y-ondas-suaves.jpg\" alt=\" cepillo electrico pro flat brush\" width=\"1160\" height=\"335\" srcset=\"https:\/\/termix.net\/blog\/wp-content\/uploads\/2018\/05\/el-cepillo-electrico-pro-flat-brush-es-perfecto-para-realizar-alisados-profesionales-y-ondas-suaves-200x58.jpg 200w, https:\/\/termix.net\/blog\/wp-content\/uploads\/2018\/05\/el-cepillo-electrico-pro-flat-brush-es-perfecto-para-realizar-alisados-profesionales-y-ondas-suaves-300x87.jpg 300w, https:\/\/termix.net\/blog\/wp-content\/uploads\/2018\/05\/el-cepillo-electrico-pro-flat-brush-es-perfecto-para-realizar-alisados-profesionales-y-ondas-suaves-400x116.jpg 400w, https:\/\/termix.net\/blog\/wp-content\/uploads\/2018\/05\/el-cepillo-electrico-pro-flat-brush-es-perfecto-para-realizar-alisados-profesionales-y-ondas-suaves-600x173.jpg 600w, https:\/\/termix.net\/blog\/wp-content\/uploads\/2018\/05\/el-cepillo-electrico-pro-flat-brush-es-perfecto-para-realizar-alisados-profesionales-y-ondas-suaves-768x222.jpg 768w, https:\/\/termix.net\/blog\/wp-content\/uploads\/2018\/05\/el-cepillo-electrico-pro-flat-brush-es-perfecto-para-realizar-alisados-profesionales-y-ondas-suaves-800x231.jpg 800w, https:\/\/termix.net\/blog\/wp-content\/uploads\/2018\/05\/el-cepillo-electrico-pro-flat-brush-es-perfecto-para-realizar-alisados-profesionales-y-ondas-suaves-1024x296.jpg 1024w, https:\/\/termix.net\/blog\/wp-content\/uploads\/2018\/05\/el-cepillo-electrico-pro-flat-brush-es-perfecto-para-realizar-alisados-profesionales-y-ondas-suaves.jpg 1160w\" sizes=\"(max-width: 1160px) 100vw, 1160px\" \/><\/p>\n<h2 style=\"text-align: justify;\">As\u00ed es el <span style=\"text-decoration: underline;\">cepillo el\u00e9ctrico Pro Flat Brush<\/span><\/h2>\n<ul style=\"text-align: justify;\">\n<li>Pelo liso en una sola pasada: Gracias a combinar la \u00ad\u00adergonom\u00eda de un cepillo con la tecnolog\u00eda de la plancha de pelo, consigue peinados profesionales en tiempo r\u00e9cord.<\/li>\n<li>Controla la temperatura: Y cuida del cabello gracias al regulador de temperatura que incluye, que abarca de los <strong>130 a los 230\u00baC<\/strong>.<\/li>\n<li>M\u00e1xima comodidad: Ligero y con un cable rotativo para que manejarlo sea coser y cantar.<\/li>\n<\/ul>\n<p>&nbsp;<\/p>\n<h2 style=\"text-align: justify;\">PREMIO N\u00ba2: Cepillo el\u00e9ctrico Pro Styling<\/h2>\n<p style=\"text-align: justify;\">Y el segundo premio por tener unos amigos tan tardones es para\u2026 \u00a1<span style=\"text-decoration: underline;\"><strong>Noelia del Valle Borrero<\/strong><\/span>! Muchas gracias por tu participaci\u00f3n y esperamos que disfrutes del cepillo el\u00e9ctrico Pro styling.<\/p>\n<p><img decoding=\"async\" class=\"alignnone size-full wp-image-24104\" src=\"https:\/\/termix.net\/blog\/wp-content\/uploads\/2018\/05\/el-cepillo-Pro-Styling-es-ideal-para-realizar-los-moldeados-mas-creativos.jpg\" alt=\"cepillo electrico pro styling brush\" width=\"1160\" height=\"335\" srcset=\"https:\/\/termix.net\/blog\/wp-content\/uploads\/2018\/05\/el-cepillo-Pro-Styling-es-ideal-para-realizar-los-moldeados-mas-creativos-200x58.jpg 200w, https:\/\/termix.net\/blog\/wp-content\/uploads\/2018\/05\/el-cepillo-Pro-Styling-es-ideal-para-realizar-los-moldeados-mas-creativos-300x87.jpg 300w, https:\/\/termix.net\/blog\/wp-content\/uploads\/2018\/05\/el-cepillo-Pro-Styling-es-ideal-para-realizar-los-moldeados-mas-creativos-400x116.jpg 400w, https:\/\/termix.net\/blog\/wp-content\/uploads\/2018\/05\/el-cepillo-Pro-Styling-es-ideal-para-realizar-los-moldeados-mas-creativos-600x173.jpg 600w, https:\/\/termix.net\/blog\/wp-content\/uploads\/2018\/05\/el-cepillo-Pro-Styling-es-ideal-para-realizar-los-moldeados-mas-creativos-768x222.jpg 768w, https:\/\/termix.net\/blog\/wp-content\/uploads\/2018\/05\/el-cepillo-Pro-Styling-es-ideal-para-realizar-los-moldeados-mas-creativos-800x231.jpg 800w, https:\/\/termix.net\/blog\/wp-content\/uploads\/2018\/05\/el-cepillo-Pro-Styling-es-ideal-para-realizar-los-moldeados-mas-creativos-1024x296.jpg 1024w, https:\/\/termix.net\/blog\/wp-content\/uploads\/2018\/05\/el-cepillo-Pro-Styling-es-ideal-para-realizar-los-moldeados-mas-creativos.jpg 1160w\" sizes=\"(max-width: 1160px) 100vw, 1160px\" \/><\/p>\n<h2 style=\"text-align: justify;\">As\u00ed es el <span style=\"text-decoration: underline;\">cepillo el\u00e9ctrico Pro Styling Brush<\/span><\/h2>\n<ul style=\"text-align: justify;\">\n<li>\u00bfTe apetece cambiar de estilo? Crea ondas de tendencia o hazte un alisado perfecto. T\u00fa decides. Porque con el cepillo Pro Styling Brush podr\u00e1s conseguir los estilos m\u00e1s creativos en tan solo una pasada.<\/li>\n<li>\u00a1Cuida de tu cabello! El cepillo el\u00e9ctrico incorpora un regulador de temperatura ideal para adaptar el calor a tu tipo de cabello y mantenerlo siempre saludable.<\/li>\n<li>Adem\u00e1s\u2026 Potencia el brillo de tu melena. Con fibras de nylon y tecnolog\u00eda cer\u00e1mica e i\u00f3nica, el cepillo el\u00e9ctrico Pro Styling Brush consigue eliminar el encrespamiento y potenciar el brillo natural del cabello.<\/li>\n<\/ul>\n<p>&nbsp;<\/p>\n<p style=\"text-align: justify;\">\u00a1Muchas gracias a todos por vuestras participaciones! Y no os perd\u00e1is las novedades en nuestras redes sociales, quiz\u00e1 pr\u00f3ximamente hayan m\u00e1s sorteos\u2026 \ud83d\ude42<\/p>\n<h5><span style=\"text-decoration: underline;\">Consulta las bases legales del concurso Just in Time!\u00a0<\/span><\/h5>\n","protected":false},"excerpt":{"rendered":"<p>\t\t\t\tHoy es el gran d\u00eda, hemos llegado justo a tiempo. Ya tenemos ganadores del sorteo Termix Just in Time!. \u00bfHabr\u00e1n sido tus amigos m\u00e1s tardones los que te han hecho ganar uno de los dos cepillos el\u00e9ctricos? Desc\u00fabrelo, a continuaci\u00f3n.\t\t<\/p>\n","protected":false},"author":2,"featured_media":22093,"comment_status":"open","ping_status":"open","sticky":false,"template":"","format":"standard","meta":[],"categories":[6],"tags":[],"yoast_head":"<!-- This site is optimized with the Yoast SEO plugin v20.0 - https:\/\/yoast.com\/wordpress\/plugins\/seo\/ -->\n<title>Ya tenemos ganadores del concurso Termix Just in Time! - Termix<\/title>\n<meta name=\"description\" content=\"Hoy es el gran d\u00eda. \u00a1Ya tenemos los ganadores del sorteo Just In Time de Termix! \u00bfHabr\u00e1s sido t\u00fa el afortunado? \u00a1Desc\u00fabrelo!\" \/>\n<meta name=\"robots\" content=\"index, follow, max-snippet:-1, max-image-preview:large, max-video-preview:-1\" \/>\n<link rel=\"canonical\" href=\"https:\/\/termix.net\/blog\/es\/ganadores-sorteo-termix-just-in-time\/\" \/>\n<meta property=\"og:locale\" content=\"es_ES\" \/>\n<meta property=\"og:type\" content=\"article\" \/>\n<meta property=\"og:title\" content=\"Ya tenemos ganadores del concurso Termix Just in Time! - Termix\" \/>\n<meta property=\"og:description\" content=\"Hoy es el gran d\u00eda. \u00a1Ya tenemos los ganadores del sorteo Just In Time de Termix! \u00bfHabr\u00e1s sido t\u00fa el afortunado? \u00a1Desc\u00fabrelo!\" \/>\n<meta property=\"og:url\" content=\"https:\/\/termix.net\/blog\/es\/ganadores-sorteo-termix-just-in-time\/\" \/>\n<meta property=\"og:site_name\" content=\"Blog Termix Spain\" \/>\n<meta property=\"article:published_time\" content=\"2018-05-16T13:09:51+00:00\" \/>\n<meta property=\"article:modified_time\" content=\"2019-12-17T13:49:11+00:00\" \/>\n<meta property=\"og:image\" content=\"https:\/\/termix.net\/blog\/wp-content\/uploads\/2018\/05\/ya-tenemos-los-ganadores-del-sorteo-termix-Just-In-TIme.jpg\" \/>\n\t<meta property=\"og:image:width\" content=\"1160\" \/>\n\t<meta property=\"og:image:height\" content=\"660\" \/>\n\t<meta property=\"og:image:type\" content=\"image\/jpeg\" \/>\n<meta name=\"author\" content=\"TermixTeam\" \/>\n<meta name=\"twitter:card\" content=\"summary_large_image\" \/>\n<meta name=\"twitter:label1\" content=\"Escrito por\" \/>\n\t<meta name=\"twitter:data1\" content=\"TermixTeam\" \/>\n\t<meta name=\"twitter:label2\" content=\"Tiempo de lectura\" \/>\n\t<meta name=\"twitter:data2\" content=\"2 minutos\" \/>\n<script type=\"application\/ld+json\" class=\"yoast-schema-graph\">{\"@context\":\"https:\/\/schema.org\",\"@graph\":[{\"@type\":\"Article\",\"@id\":\"https:\/\/termix.net\/blog\/es\/ganadores-sorteo-termix-just-in-time\/#article\",\"isPartOf\":{\"@id\":\"https:\/\/termix.net\/blog\/es\/ganadores-sorteo-termix-just-in-time\/\"},\"author\":{\"name\":\"TermixTeam\",\"@id\":\"https:\/\/termix.net\/blog\/es\/#\/schema\/person\/9096c98bdf03c8ddf91ad7172f254f40\"},\"headline\":\"\u00a1Ya tenemos los ganadores del sorteo Just in Time de Termix!\",\"datePublished\":\"2018-05-16T13:09:51+00:00\",\"dateModified\":\"2019-12-17T13:49:11+00:00\",\"mainEntityOfPage\":{\"@id\":\"https:\/\/termix.net\/blog\/es\/ganadores-sorteo-termix-just-in-time\/\"},\"wordCount\":434,\"commentCount\":0,\"publisher\":{\"@id\":\"https:\/\/termix.net\/blog\/es\/#organization\"},\"articleSection\":[\"NOTICIAS\"],\"inLanguage\":\"es\",\"potentialAction\":[{\"@type\":\"CommentAction\",\"name\":\"Comment\",\"target\":[\"https:\/\/termix.net\/blog\/es\/ganadores-sorteo-termix-just-in-time\/#respond\"]}]},{\"@type\":\"WebPage\",\"@id\":\"https:\/\/termix.net\/blog\/es\/ganadores-sorteo-termix-just-in-time\/\",\"url\":\"https:\/\/termix.net\/blog\/es\/ganadores-sorteo-termix-just-in-time\/\",\"name\":\"Ya tenemos ganadores del concurso Termix Just in Time! - Termix\",\"isPartOf\":{\"@id\":\"https:\/\/termix.net\/blog\/es\/#website\"},\"datePublished\":\"2018-05-16T13:09:51+00:00\",\"dateModified\":\"2019-12-17T13:49:11+00:00\",\"description\":\"Hoy es el gran d\u00eda. \u00a1Ya tenemos los ganadores del sorteo Just In Time de Termix! \u00bfHabr\u00e1s sido t\u00fa el afortunado? \u00a1Desc\u00fabrelo!\",\"breadcrumb\":{\"@id\":\"https:\/\/termix.net\/blog\/es\/ganadores-sorteo-termix-just-in-time\/#breadcrumb\"},\"inLanguage\":\"es\",\"potentialAction\":[{\"@type\":\"ReadAction\",\"target\":[\"https:\/\/termix.net\/blog\/es\/ganadores-sorteo-termix-just-in-time\/\"]}]},{\"@type\":\"BreadcrumbList\",\"@id\":\"https:\/\/termix.net\/blog\/es\/ganadores-sorteo-termix-just-in-time\/#breadcrumb\",\"itemListElement\":[{\"@type\":\"ListItem\",\"position\":1,\"name\":\"Home\",\"item\":\"https:\/\/termix.net\/blog\/es\/\"},{\"@type\":\"ListItem\",\"position\":2,\"name\":\"\u00a1Ya tenemos los ganadores del sorteo Just in Time de Termix!\"}]},{\"@type\":\"WebSite\",\"@id\":\"https:\/\/termix.net\/blog\/es\/#website\",\"url\":\"https:\/\/termix.net\/blog\/es\/\",\"name\":\"Blog Termix Spain\",\"description\":\"Blog de tendencias y productos de peluquer\u00eda profesional.\",\"publisher\":{\"@id\":\"https:\/\/termix.net\/blog\/es\/#organization\"},\"potentialAction\":[{\"@type\":\"SearchAction\",\"target\":{\"@type\":\"EntryPoint\",\"urlTemplate\":\"https:\/\/termix.net\/blog\/es\/?s={search_term_string}\"},\"query-input\":\"required name=search_term_string\"}],\"inLanguage\":\"es\"},{\"@type\":\"Organization\",\"@id\":\"https:\/\/termix.net\/blog\/es\/#organization\",\"name\":\"Dols Industrial de Peluquer\u00eda SA\",\"url\":\"https:\/\/termix.net\/blog\/es\/\",\"logo\":{\"@type\":\"ImageObject\",\"inLanguage\":\"es\",\"@id\":\"https:\/\/termix.net\/blog\/es\/#\/schema\/logo\/image\/\",\"url\":\"https:\/\/termix.net\/blog\/wp-content\/uploads\/2020\/10\/OGbDAeng.jpeg\",\"contentUrl\":\"https:\/\/termix.net\/blog\/wp-content\/uploads\/2020\/10\/OGbDAeng.jpeg\",\"width\":800,\"height\":800,\"caption\":\"Dols Industrial de Peluquer\u00eda SA\"},\"image\":{\"@id\":\"https:\/\/termix.net\/blog\/es\/#\/schema\/logo\/image\/\"}},{\"@type\":\"Person\",\"@id\":\"https:\/\/termix.net\/blog\/es\/#\/schema\/person\/9096c98bdf03c8ddf91ad7172f254f40\",\"name\":\"TermixTeam\",\"image\":{\"@type\":\"ImageObject\",\"inLanguage\":\"es\",\"@id\":\"https:\/\/termix.net\/blog\/es\/#\/schema\/person\/image\/\",\"url\":\"https:\/\/secure.gravatar.com\/avatar\/d89f61f6bd1c29a4acb231736d1c74b3?s=96&d=mm&r=g\",\"contentUrl\":\"https:\/\/secure.gravatar.com\/avatar\/d89f61f6bd1c29a4acb231736d1c74b3?s=96&d=mm&r=g\",\"caption\":\"TermixTeam\"},\"url\":\"https:\/\/termix.net\/blog\/es\/author\/termixteam\/\"}]}<\/script>\n<!-- \/ Yoast SEO plugin. -->","yoast_head_json":{"title":"Ya tenemos ganadores del concurso Termix Just in Time! - Termix","description":"Hoy es el gran d\u00eda. \u00a1Ya tenemos los ganadores del sorteo Just In Time de Termix! \u00bfHabr\u00e1s sido t\u00fa el afortunado? \u00a1Desc\u00fabrelo!","robots":{"index":"index","follow":"follow","max-snippet":"max-snippet:-1","max-image-preview":"max-image-preview:large","max-video-preview":"max-video-preview:-1"},"canonical":"https:\/\/termix.net\/blog\/es\/ganadores-sorteo-termix-just-in-time\/","og_locale":"es_ES","og_type":"article","og_title":"Ya tenemos ganadores del concurso Termix Just in Time! - Termix","og_description":"Hoy es el gran d\u00eda. \u00a1Ya tenemos los ganadores del sorteo Just In Time de Termix! \u00bfHabr\u00e1s sido t\u00fa el afortunado? \u00a1Desc\u00fabrelo!","og_url":"https:\/\/termix.net\/blog\/es\/ganadores-sorteo-termix-just-in-time\/","og_site_name":"Blog Termix Spain","article_published_time":"2018-05-16T13:09:51+00:00","article_modified_time":"2019-12-17T13:49:11+00:00","og_image":[{"width":1160,"height":660,"url":"https:\/\/termix.net\/blog\/wp-content\/uploads\/2018\/05\/ya-tenemos-los-ganadores-del-sorteo-termix-Just-In-TIme.jpg","type":"image\/jpeg"}],"author":"TermixTeam","twitter_card":"summary_large_image","twitter_misc":{"Escrito por":"TermixTeam","Tiempo de lectura":"2 minutos"},"schema":{"@context":"https:\/\/schema.org","@graph":[{"@type":"Article","@id":"https:\/\/termix.net\/blog\/es\/ganadores-sorteo-termix-just-in-time\/#article","isPartOf":{"@id":"https:\/\/termix.net\/blog\/es\/ganadores-sorteo-termix-just-in-time\/"},"author":{"name":"TermixTeam","@id":"https:\/\/termix.net\/blog\/es\/#\/schema\/person\/9096c98bdf03c8ddf91ad7172f254f40"},"headline":"\u00a1Ya tenemos los ganadores del sorteo Just in Time de Termix!","datePublished":"2018-05-16T13:09:51+00:00","dateModified":"2019-12-17T13:49:11+00:00","mainEntityOfPage":{"@id":"https:\/\/termix.net\/blog\/es\/ganadores-sorteo-termix-just-in-time\/"},"wordCount":434,"commentCount":0,"publisher":{"@id":"https:\/\/termix.net\/blog\/es\/#organization"},"articleSection":["NOTICIAS"],"inLanguage":"es","potentialAction":[{"@type":"CommentAction","name":"Comment","target":["https:\/\/termix.net\/blog\/es\/ganadores-sorteo-termix-just-in-time\/#respond"]}]},{"@type":"WebPage","@id":"https:\/\/termix.net\/blog\/es\/ganadores-sorteo-termix-just-in-time\/","url":"https:\/\/termix.net\/blog\/es\/ganadores-sorteo-termix-just-in-time\/","name":"Ya tenemos ganadores del concurso Termix Just in Time! - Termix","isPartOf":{"@id":"https:\/\/termix.net\/blog\/es\/#website"},"datePublished":"2018-05-16T13:09:51+00:00","dateModified":"2019-12-17T13:49:11+00:00","description":"Hoy es el gran d\u00eda. \u00a1Ya tenemos los ganadores del sorteo Just In Time de Termix! \u00bfHabr\u00e1s sido t\u00fa el afortunado? \u00a1Desc\u00fabrelo!","breadcrumb":{"@id":"https:\/\/termix.net\/blog\/es\/ganadores-sorteo-termix-just-in-time\/#breadcrumb"},"inLanguage":"es","potentialAction":[{"@type":"ReadAction","target":["https:\/\/termix.net\/blog\/es\/ganadores-sorteo-termix-just-in-time\/"]}]},{"@type":"BreadcrumbList","@id":"https:\/\/termix.net\/blog\/es\/ganadores-sorteo-termix-just-in-time\/#breadcrumb","itemListElement":[{"@type":"ListItem","position":1,"name":"Home","item":"https:\/\/termix.net\/blog\/es\/"},{"@type":"ListItem","position":2,"name":"\u00a1Ya tenemos los ganadores del sorteo Just in Time de Termix!"}]},{"@type":"WebSite","@id":"https:\/\/termix.net\/blog\/es\/#website","url":"https:\/\/termix.net\/blog\/es\/","name":"Blog Termix Spain","description":"Blog de tendencias y productos de peluquer\u00eda profesional.","publisher":{"@id":"https:\/\/termix.net\/blog\/es\/#organization"},"potentialAction":[{"@type":"SearchAction","target":{"@type":"EntryPoint","urlTemplate":"https:\/\/termix.net\/blog\/es\/?s={search_term_string}"},"query-input":"required name=search_term_string"}],"inLanguage":"es"},{"@type":"Organization","@id":"https:\/\/termix.net\/blog\/es\/#organization","name":"Dols Industrial de Peluquer\u00eda SA","url":"https:\/\/termix.net\/blog\/es\/","logo":{"@type":"ImageObject","inLanguage":"es","@id":"https:\/\/termix.net\/blog\/es\/#\/schema\/logo\/image\/","url":"https:\/\/termix.net\/blog\/wp-content\/uploads\/2020\/10\/OGbDAeng.jpeg","contentUrl":"https:\/\/termix.net\/blog\/wp-content\/uploads\/2020\/10\/OGbDAeng.jpeg","width":800,"height":800,"caption":"Dols Industrial de Peluquer\u00eda SA"},"image":{"@id":"https:\/\/termix.net\/blog\/es\/#\/schema\/logo\/image\/"}},{"@type":"Person","@id":"https:\/\/termix.net\/blog\/es\/#\/schema\/person\/9096c98bdf03c8ddf91ad7172f254f40","name":"TermixTeam","image":{"@type":"ImageObject","inLanguage":"es","@id":"https:\/\/termix.net\/blog\/es\/#\/schema\/person\/image\/","url":"https:\/\/secure.gravatar.com\/avatar\/d89f61f6bd1c29a4acb231736d1c74b3?s=96&d=mm&r=g","contentUrl":"https:\/\/secure.gravatar.com\/avatar\/d89f61f6bd1c29a4acb231736d1c74b3?s=96&d=mm&r=g","caption":"TermixTeam"},"url":"https:\/\/termix.net\/blog\/es\/author\/termixteam\/"}]}},"_links":{"self":[{"href":"https:\/\/termix.net\/blog\/es\/wp-json\/wp\/v2\/posts\/14011"}],"collection":[{"href":"https:\/\/termix.net\/blog\/es\/wp-json\/wp\/v2\/posts"}],"about":[{"href":"https:\/\/termix.net\/blog\/es\/wp-json\/wp\/v2\/types\/post"}],"author":[{"embeddable":true,"href":"https:\/\/termix.net\/blog\/es\/wp-json\/wp\/v2\/users\/2"}],"replies":[{"embeddable":true,"href":"https:\/\/termix.net\/blog\/es\/wp-json\/wp\/v2\/comments?post=14011"}],"version-history":[{"count":3,"href":"https:\/\/termix.net\/blog\/es\/wp-json\/wp\/v2\/posts\/14011\/revisions"}],"predecessor-version":[{"id":24108,"href":"https:\/\/termix.net\/blog\/es\/wp-json\/wp\/v2\/posts\/14011\/revisions\/24108"}],"wp:featuredmedia":[{"embeddable":true,"href":"https:\/\/termix.net\/blog\/es\/wp-json\/wp\/v2\/media\/22093"}],"wp:attachment":[{"href":"https:\/\/termix.net\/blog\/es\/wp-json\/wp\/v2\/media?parent=14011"}],"wp:term":[{"taxonomy":"category","embeddable":true,"href":"https:\/\/termix.net\/blog\/es\/wp-json\/wp\/v2\/categories?post=14011"},{"taxonomy":"post_tag","embeddable":true,"href":"https:\/\/termix.net\/blog\/es\/wp-json\/wp\/v2\/tags?post=14011"}],"curies":[{"name":"wp","href":"https:\/\/api.w.org\/{rel}","templated":true}]}}