{"id":13951,"date":"2018-05-15T09:22:25","date_gmt":"2018-05-15T07:22:25","guid":{"rendered":"https:\/\/termix.net\/?p=13951"},"modified":"2019-12-17T12:35:16","modified_gmt":"2019-12-17T11:35:16","slug":"asi-fue-la-presentacion-termix-marruecos","status":"publish","type":"post","link":"https:\/\/termix.net\/blog\/es\/asi-fue-la-presentacion-termix-marruecos\/","title":{"rendered":"As\u00ed fue la presentaci\u00f3n de Termix en Marruecos"},"content":{"rendered":"<p><div class=\"fusion-fullwidth fullwidth-box fusion-builder-row-1 faded-background fusion-parallax-none nonhundred-percent-fullwidth non-hundred-percent-height-scrolling fusion-no-small-visibility fusion-no-medium-visibility\" style=\"--awb-border-radius-top-left:0px;--awb-border-radius-top-right:0px;--awb-border-radius-bottom-right:0px;--awb-border-radius-bottom-left:0px;--awb-padding-top:24%;--awb-padding-right:3%;--awb-padding-left:3%;--awb-background-size:cover;\" ><div class=\"fullwidth-faded\" style=\"--awb-background-color:#181818;--awb-background-image:url(https:\/\/termix.net\/blog\/wp-content\/uploads\/2018\/05\/el-evento-Termix-en-Marruecos-ha-sido-todo-un-exito.jpg);--awb-background-size:cover;\" ><\/div><div class=\"fusion-builder-row fusion-row\"><div class=\"fusion-layout-column fusion_builder_column fusion-builder-column-0 fusion_builder_column_1_1 1_1 fusion-one-full fusion-column-first fusion-column-last\" style=\"--awb-padding-top:6%;--awb-padding-right:8%;--awb-padding-bottom:6%;--awb-padding-left:8%;--awb-bg-color:rgba(255,255,255,0.7);--awb-bg-size:cover;--awb-margin-top:0px;--awb-margin-bottom:0px;\"><div class=\"fusion-column-wrapper fusion-column-has-shadow fusion-flex-column-wrapper-legacy\"><div class=\"fusion-text fusion-text-1 caption\"><p style=\"text-align: center;\">Noticias \u2014 3 min de lectura<\/p>\n<\/div><div class=\"fusion-title title fusion-title-1 fusion-sep-none fusion-title-center fusion-title-text fusion-title-size-two\" style=\"--awb-margin-top:30px;--awb-margin-bottom:20px;\"><h2 class=\"title-heading-center fusion-responsive-typography-calculated\" style=\"margin:0;--fontSize:50;line-height:1.28;\">As\u00ed fue la presentaci\u00f3n de Termix en Marruecos<\/h2><\/div><div class=\"fusion-clearfix\"><\/div><\/div><\/div><\/div><\/div><div class=\"fusion-fullwidth fullwidth-box fusion-builder-row-2 fusion-parallax-none nonhundred-percent-fullwidth non-hundred-percent-height-scrolling fusion-no-large-visibility\" style=\"--awb-border-radius-top-left:0px;--awb-border-radius-top-right:0px;--awb-border-radius-bottom-right:0px;--awb-border-radius-bottom-left:0px;--awb-background-image:url(&quot;https:\/\/termix.net\/blog\/wp-content\/uploads\/2019\/11\/con-el-secador-compacto-profesioanl-4300-de-termix-damos-volumen-al-cabello-1.jpg&quot;);--awb-background-size:cover;\" ><div class=\"fusion-builder-row fusion-row\"><div class=\"fusion-layout-column fusion_builder_column fusion-builder-column-1 fusion_builder_column_1_1 1_1 fusion-one-full fusion-column-first fusion-column-last fusion-column-inner-bg-wrapper\" style=\"--awb-padding-top:10%;--awb-padding-bottom:10%;--awb-inner-bg-image:url(&#039;http:\/\/termix.net\/blog\/wp-content\/uploads\/2019\/03\/single-blog-post-feat.jpg&#039;);--awb-inner-bg-position:center center;--awb-inner-bg-size:cover;\"><span class=\"fusion-column-inner-bg hover-type-zoomout\"><span class=\"fusion-column-anchor\"><span class=\"fusion-column-inner-bg-image\"><\/span><\/span><\/span><div class=\"fusion-column-wrapper fusion-flex-column-wrapper-legacy\" data-bg-url=\"http:\/\/termix.net\/blog\/wp-content\/uploads\/2019\/03\/single-blog-post-feat.jpg\"><div class=\"fusion-sep-clear\"><\/div><div class=\"fusion-separator fusion-no-large-visibility fusion-full-width-sep\" style=\"margin-left: auto;margin-right: auto;margin-top:200px;width:100%;\"><\/div><div class=\"fusion-sep-clear\"><\/div><div class=\"fusion-clearfix\"><\/div><\/div><\/div><div class=\"fusion-layout-column fusion_builder_column fusion-builder-column-2 fusion_builder_column_1_1 1_1 fusion-one-full fusion-column-first fusion-column-last\" style=\"--awb-padding-top:6%;--awb-bg-color:#ffffff;--awb-bg-size:cover;--awb-margin-top:0px;--awb-margin-bottom:0px;\"><div class=\"fusion-column-wrapper fusion-flex-column-wrapper-legacy\"><div class=\"fusion-text fusion-text-2 caption\"><p style=\"text-align: center;\">Noticias \u2014 3 min de lectura<\/p>\n<\/div><div class=\"fusion-title title fusion-title-2 fusion-sep-none fusion-title-center fusion-title-text fusion-title-size-two\" style=\"--awb-margin-top:30px;--awb-margin-bottom:20px;\"><h2 class=\"title-heading-center fusion-responsive-typography-calculated\" style=\"margin:0;--fontSize:50;line-height:1.28;\">As\u00ed fue la presentaci\u00f3n de Termix en Marruecos<\/h2><\/div><div class=\"fusion-clearfix\"><\/div><\/div><\/div><\/div><\/div><div class=\"fusion-fullwidth fullwidth-box fusion-builder-row-3 nonhundred-percent-fullwidth non-hundred-percent-height-scrolling\" style=\"--awb-border-radius-top-left:0px;--awb-border-radius-top-right:0px;--awb-border-radius-bottom-right:0px;--awb-border-radius-bottom-left:0px;--awb-padding-top:10px;--awb-padding-bottom:4%;\" ><div class=\"fusion-builder-row fusion-row\"><div class=\"fusion-layout-column fusion_builder_column fusion-builder-column-3 fusion_builder_column_1_6 1_6 fusion-one-sixth fusion-column-first fusion-no-small-visibility fusion-no-medium-visibility\" style=\"--awb-bg-size:cover;width:16.666666666667%;width:calc(16.666666666667% - ( ( 0 ) * 0.16666666666667 ) );margin-right: 0px;\"><div class=\"fusion-column-wrapper fusion-flex-column-wrapper-legacy\"><div class=\"fusion-clearfix\"><\/div><\/div><\/div><div class=\"fusion-layout-column fusion_builder_column fusion-builder-column-4 fusion_builder_column_2_3 2_3 fusion-two-third fusion-column-last\" style=\"--awb-bg-size:cover;width:66.666666666667%;width:calc(66.666666666667% - ( ( 0 ) * 0.66666666666667 ) );\"><div class=\"fusion-column-wrapper fusion-flex-column-wrapper-legacy\"><div class=\"fusion-sep-clear\"><\/div><div class=\"fusion-separator fusion-full-width-sep\" style=\"margin-left: auto;margin-right: auto;margin-top:30px;width:100%;\"><\/div><div class=\"fusion-sep-clear\"><\/div><div class=\"fusion-text fusion-text-3\"><p style=\"text-align: center;\"><span style=\"font-size: 22px; line-height: 1.5em;\"> Termix consolida su presencia a nivel internacional, esta vez, con un evento sin precedentes en el coraz\u00f3n de <strong>Casablanca<\/strong>. Y es que el pasado 18 de abril, se celebraba en el prestigioso Kenzi Tower Hotel un meet up estrat\u00e9gico, donde <strong>empresas punteras del wellness y la belleza<\/strong> se reun\u00edan para demostrar el gran potencial de este sector en constante crecimiento. Termix, respaldado por <strong>Watchhouse<\/strong>, distribuidor de la marca, consigui\u00f3 brillar en este gran evento.<\/span><\/p>\n<p style=\"text-align: center;\"><strong><span style=\"font-size: 22px; line-height: 1.5em;\"> Te lo contamos todo.<\/span><\/strong><\/p>\n<\/div><div class=\"fusion-sep-clear\"><\/div><div class=\"fusion-separator fusion-full-width-sep\" style=\"margin-left: auto;margin-right: auto;margin-top:30px;width:100%;\"><\/div><div class=\"fusion-sep-clear\"><\/div><div class=\"fusion-text fusion-text-4\"><p style=\"text-align: justify;\">Aproximadamente <strong>300 profesionales<\/strong> de la peluquer\u00eda y la belleza se reun\u00edan en el magn\u00edfico Kenzi Tower Hotel, para conocer y valorar las \u00faltimas novedades y lanzamientos en el sector de la peluquer\u00eda y la est\u00e9tica.<\/p>\n<p><img decoding=\"async\" class=\"alignnone size-full wp-image-23756\" src=\"https:\/\/termix.net\/blog\/wp-content\/uploads\/2019\/12\/cepillos-gama-evolution.jpg\" alt=\"cepillos-gama-evolution\" width=\"1160\" height=\"660\" srcset=\"https:\/\/termix.net\/blog\/wp-content\/uploads\/2019\/12\/cepillos-gama-evolution-200x114.jpg 200w, https:\/\/termix.net\/blog\/wp-content\/uploads\/2019\/12\/cepillos-gama-evolution-300x171.jpg 300w, https:\/\/termix.net\/blog\/wp-content\/uploads\/2019\/12\/cepillos-gama-evolution-400x228.jpg 400w, https:\/\/termix.net\/blog\/wp-content\/uploads\/2019\/12\/cepillos-gama-evolution-600x341.jpg 600w, https:\/\/termix.net\/blog\/wp-content\/uploads\/2019\/12\/cepillos-gama-evolution-768x437.jpg 768w, https:\/\/termix.net\/blog\/wp-content\/uploads\/2019\/12\/cepillos-gama-evolution-800x455.jpg 800w, https:\/\/termix.net\/blog\/wp-content\/uploads\/2019\/12\/cepillos-gama-evolution-1024x583.jpg 1024w, https:\/\/termix.net\/blog\/wp-content\/uploads\/2019\/12\/cepillos-gama-evolution.jpg 1160w\" sizes=\"(max-width: 1160px) 100vw, 1160px\" \/><\/p>\n<p style=\"text-align: justify;\">Termix logr\u00f3 despuntar gracias a la magn\u00edfica presentaci\u00f3n y puesta en escena de sus <strong>productos m\u00e1s emblem\u00e1ticos<\/strong>, en un show en directo a modo de<em> training<\/em> donde los espectadores pudieron contemplar de primera mano la importancia de invertir en una herramienta de peluquer\u00eda profesional de calidad.<\/p>\n<p style=\"text-align: justify;\">En este evento anual, Termix colabor\u00f3 junto con <strong>Salvatore Cosmeticos<\/strong> y <strong>Tanino Therapy<\/strong> en una demostraci\u00f3n en directo de las nuevas tendencias en coloraci\u00f3n, todo ello presentado por la reconocida presentadora del programa marroqu\u00ed 2M International, <strong>Leila Chouay<\/strong>.<\/p>\n<p><iframe src=\"https:\/\/www.youtube.com\/embed\/TeLS8Vaz91o\" width=\"100%\" height=\"480\" frameborder=\"0\" allowfullscreen=\"allowfullscreen\"><\/iframe><\/p>\n<p style=\"text-align: justify;\">No solo se demuestra como un <em>hub<\/em> entre empresas del sector, sino que este evento ha representado la creciente demanda de productos de est\u00e9tico, cosm\u00e9tica y peluquer\u00eda que se experimenta en el mercado marroqu\u00ed durante los \u00faltimos a\u00f1os.\u00a0 Esta <strong>tendencia de importaci\u00f3n<\/strong> tiene como principal objetivo productos naturales o artesanales, siendo los <em>gadgets<\/em> y <strong>art\u00edculos de peluquer\u00eda<\/strong> las estrellas de esta revalorizaci\u00f3n del mercado, que contribuyen visiblemente al <strong>desarrollo econ\u00f3mico<\/strong> del sector del <em>wellness<\/em> en esta parte del mundo.<\/p>\n<p style=\"text-align: justify;\">Precisamente, uno de los principales compromisos de Termix es el de ofrecer la m\u00e1xima calidad en cada uno de sus productos, potenciando el sello <strong>Made In Spain<\/strong> en un proceso de fabricaci\u00f3n d\u00f3nde se contempla la <strong>verificaci\u00f3n manual<\/strong> como seguro de eficiencia. Adem\u00e1s, la marca crea foco constante entorno a la introducci\u00f3n de las \u00faltimas novedades, integrando las \u00faltimas tecnolog\u00edas en cada uno de los productos de peluquer\u00eda profesional que ofrece.<\/p>\n<\/div><div class=\"fusion-clearfix\"><\/div><\/div><\/div><\/div><\/div><div class=\"fusion-fullwidth fullwidth-box fusion-builder-row-4 nonhundred-percent-fullwidth non-hundred-percent-height-scrolling\" style=\"--awb-border-radius-top-left:0px;--awb-border-radius-top-right:0px;--awb-border-radius-bottom-right:0px;--awb-border-radius-bottom-left:0px;\" ><\/div><\/p>\n","protected":false},"excerpt":{"rendered":"<p>\t\t\t\tTermix consolida su presencia a nivel internacional, esta vez, con un evento sin precedentes en el coraz\u00f3n de Casablanca. Y es que el pasado 18 de abril, se celebraba en el prestigioso Kenzi Tower Hotel un meet up estrat\u00e9gico, donde empresas punteras del wellness y la belleza se reun\u00edan para demostrar el gran potencial de este sector en constante crecimiento. Termix, respaldado por Watchhouse, \u00a0distribuidor de la marca, consigui\u00f3 brillar en este gran evento. Te lo contamos todo.\t\t<\/p>\n","protected":false},"author":2,"featured_media":22099,"comment_status":"open","ping_status":"open","sticky":false,"template":"","format":"standard","meta":[],"categories":[6],"tags":[],"yoast_head":"<!-- This site is optimized with the Yoast SEO plugin v20.0 - https:\/\/yoast.com\/wordpress\/plugins\/seo\/ -->\n<title>As\u00ed fue la presentaci\u00f3n de Termix en Marruecos - Termix<\/title>\n<meta name=\"description\" content=\"Termix consolida su presencia internacional en un evento sin precedentes organizado en Casablanca, en el prestigioso hotel Kenzi Tower Hotel y presentado por la reconocida Leila Shouay.\" \/>\n<meta name=\"robots\" content=\"index, follow, max-snippet:-1, max-image-preview:large, max-video-preview:-1\" \/>\n<link rel=\"canonical\" href=\"https:\/\/termix.net\/blog\/es\/asi-fue-la-presentacion-termix-marruecos\/\" \/>\n<meta property=\"og:locale\" content=\"es_ES\" \/>\n<meta property=\"og:type\" content=\"article\" \/>\n<meta property=\"og:title\" content=\"As\u00ed fue la presentaci\u00f3n de Termix en Marruecos - Termix\" \/>\n<meta property=\"og:description\" content=\"Termix consolida su presencia internacional en un evento sin precedentes organizado en Casablanca, en el prestigioso hotel Kenzi Tower Hotel y presentado por la reconocida Leila Shouay.\" \/>\n<meta property=\"og:url\" content=\"https:\/\/termix.net\/blog\/es\/asi-fue-la-presentacion-termix-marruecos\/\" \/>\n<meta property=\"og:site_name\" content=\"Blog Termix Spain\" \/>\n<meta property=\"article:published_time\" content=\"2018-05-15T07:22:25+00:00\" \/>\n<meta property=\"article:modified_time\" content=\"2019-12-17T11:35:16+00:00\" \/>\n<meta property=\"og:image\" content=\"https:\/\/termix.net\/blog\/wp-content\/uploads\/2018\/05\/el-evento-Termix-en-Marruecos-ha-sido-todo-un-exito.jpg\" \/>\n\t<meta property=\"og:image:width\" content=\"1160\" \/>\n\t<meta property=\"og:image:height\" content=\"660\" \/>\n\t<meta property=\"og:image:type\" content=\"image\/jpeg\" \/>\n<meta name=\"author\" content=\"TermixTeam\" \/>\n<meta name=\"twitter:card\" content=\"summary_large_image\" \/>\n<meta name=\"twitter:label1\" content=\"Escrito por\" \/>\n\t<meta name=\"twitter:data1\" content=\"TermixTeam\" \/>\n\t<meta name=\"twitter:label2\" content=\"Tiempo de lectura\" \/>\n\t<meta name=\"twitter:data2\" content=\"8 minutos\" \/>\n<script type=\"application\/ld+json\" class=\"yoast-schema-graph\">{\"@context\":\"https:\/\/schema.org\",\"@graph\":[{\"@type\":\"Article\",\"@id\":\"https:\/\/termix.net\/blog\/es\/asi-fue-la-presentacion-termix-marruecos\/#article\",\"isPartOf\":{\"@id\":\"https:\/\/termix.net\/blog\/es\/asi-fue-la-presentacion-termix-marruecos\/\"},\"author\":{\"name\":\"TermixTeam\",\"@id\":\"https:\/\/termix.net\/blog\/es\/#\/schema\/person\/9096c98bdf03c8ddf91ad7172f254f40\"},\"headline\":\"As\u00ed fue la presentaci\u00f3n de Termix en Marruecos\",\"datePublished\":\"2018-05-15T07:22:25+00:00\",\"dateModified\":\"2019-12-17T11:35:16+00:00\",\"mainEntityOfPage\":{\"@id\":\"https:\/\/termix.net\/blog\/es\/asi-fue-la-presentacion-termix-marruecos\/\"},\"wordCount\":1551,\"commentCount\":0,\"publisher\":{\"@id\":\"https:\/\/termix.net\/blog\/es\/#organization\"},\"articleSection\":[\"NOTICIAS\"],\"inLanguage\":\"es\",\"potentialAction\":[{\"@type\":\"CommentAction\",\"name\":\"Comment\",\"target\":[\"https:\/\/termix.net\/blog\/es\/asi-fue-la-presentacion-termix-marruecos\/#respond\"]}]},{\"@type\":\"WebPage\",\"@id\":\"https:\/\/termix.net\/blog\/es\/asi-fue-la-presentacion-termix-marruecos\/\",\"url\":\"https:\/\/termix.net\/blog\/es\/asi-fue-la-presentacion-termix-marruecos\/\",\"name\":\"As\u00ed fue la presentaci\u00f3n de Termix en Marruecos - Termix\",\"isPartOf\":{\"@id\":\"https:\/\/termix.net\/blog\/es\/#website\"},\"datePublished\":\"2018-05-15T07:22:25+00:00\",\"dateModified\":\"2019-12-17T11:35:16+00:00\",\"description\":\"Termix consolida su presencia internacional en un evento sin precedentes organizado en Casablanca, en el prestigioso hotel Kenzi Tower Hotel y presentado por la reconocida Leila Shouay.\",\"breadcrumb\":{\"@id\":\"https:\/\/termix.net\/blog\/es\/asi-fue-la-presentacion-termix-marruecos\/#breadcrumb\"},\"inLanguage\":\"es\",\"potentialAction\":[{\"@type\":\"ReadAction\",\"target\":[\"https:\/\/termix.net\/blog\/es\/asi-fue-la-presentacion-termix-marruecos\/\"]}]},{\"@type\":\"BreadcrumbList\",\"@id\":\"https:\/\/termix.net\/blog\/es\/asi-fue-la-presentacion-termix-marruecos\/#breadcrumb\",\"itemListElement\":[{\"@type\":\"ListItem\",\"position\":1,\"name\":\"Home\",\"item\":\"https:\/\/termix.net\/blog\/es\/\"},{\"@type\":\"ListItem\",\"position\":2,\"name\":\"As\u00ed fue la presentaci\u00f3n de Termix en Marruecos\"}]},{\"@type\":\"WebSite\",\"@id\":\"https:\/\/termix.net\/blog\/es\/#website\",\"url\":\"https:\/\/termix.net\/blog\/es\/\",\"name\":\"Blog Termix Spain\",\"description\":\"Blog de tendencias y productos de peluquer\u00eda profesional.\",\"publisher\":{\"@id\":\"https:\/\/termix.net\/blog\/es\/#organization\"},\"potentialAction\":[{\"@type\":\"SearchAction\",\"target\":{\"@type\":\"EntryPoint\",\"urlTemplate\":\"https:\/\/termix.net\/blog\/es\/?s={search_term_string}\"},\"query-input\":\"required name=search_term_string\"}],\"inLanguage\":\"es\"},{\"@type\":\"Organization\",\"@id\":\"https:\/\/termix.net\/blog\/es\/#organization\",\"name\":\"Dols Industrial de Peluquer\u00eda SA\",\"url\":\"https:\/\/termix.net\/blog\/es\/\",\"logo\":{\"@type\":\"ImageObject\",\"inLanguage\":\"es\",\"@id\":\"https:\/\/termix.net\/blog\/es\/#\/schema\/logo\/image\/\",\"url\":\"https:\/\/termix.net\/blog\/wp-content\/uploads\/2020\/10\/OGbDAeng.jpeg\",\"contentUrl\":\"https:\/\/termix.net\/blog\/wp-content\/uploads\/2020\/10\/OGbDAeng.jpeg\",\"width\":800,\"height\":800,\"caption\":\"Dols Industrial de Peluquer\u00eda SA\"},\"image\":{\"@id\":\"https:\/\/termix.net\/blog\/es\/#\/schema\/logo\/image\/\"}},{\"@type\":\"Person\",\"@id\":\"https:\/\/termix.net\/blog\/es\/#\/schema\/person\/9096c98bdf03c8ddf91ad7172f254f40\",\"name\":\"TermixTeam\",\"image\":{\"@type\":\"ImageObject\",\"inLanguage\":\"es\",\"@id\":\"https:\/\/termix.net\/blog\/es\/#\/schema\/person\/image\/\",\"url\":\"https:\/\/secure.gravatar.com\/avatar\/d89f61f6bd1c29a4acb231736d1c74b3?s=96&d=mm&r=g\",\"contentUrl\":\"https:\/\/secure.gravatar.com\/avatar\/d89f61f6bd1c29a4acb231736d1c74b3?s=96&d=mm&r=g\",\"caption\":\"TermixTeam\"},\"url\":\"https:\/\/termix.net\/blog\/es\/author\/termixteam\/\"}]}<\/script>\n<!-- \/ Yoast SEO plugin. -->","yoast_head_json":{"title":"As\u00ed fue la presentaci\u00f3n de Termix en Marruecos - Termix","description":"Termix consolida su presencia internacional en un evento sin precedentes organizado en Casablanca, en el prestigioso hotel Kenzi Tower Hotel y presentado por la reconocida Leila Shouay.","robots":{"index":"index","follow":"follow","max-snippet":"max-snippet:-1","max-image-preview":"max-image-preview:large","max-video-preview":"max-video-preview:-1"},"canonical":"https:\/\/termix.net\/blog\/es\/asi-fue-la-presentacion-termix-marruecos\/","og_locale":"es_ES","og_type":"article","og_title":"As\u00ed fue la presentaci\u00f3n de Termix en Marruecos - Termix","og_description":"Termix consolida su presencia internacional en un evento sin precedentes organizado en Casablanca, en el prestigioso hotel Kenzi Tower Hotel y presentado por la reconocida Leila Shouay.","og_url":"https:\/\/termix.net\/blog\/es\/asi-fue-la-presentacion-termix-marruecos\/","og_site_name":"Blog Termix Spain","article_published_time":"2018-05-15T07:22:25+00:00","article_modified_time":"2019-12-17T11:35:16+00:00","og_image":[{"width":1160,"height":660,"url":"https:\/\/termix.net\/blog\/wp-content\/uploads\/2018\/05\/el-evento-Termix-en-Marruecos-ha-sido-todo-un-exito.jpg","type":"image\/jpeg"}],"author":"TermixTeam","twitter_card":"summary_large_image","twitter_misc":{"Escrito por":"TermixTeam","Tiempo de lectura":"8 minutos"},"schema":{"@context":"https:\/\/schema.org","@graph":[{"@type":"Article","@id":"https:\/\/termix.net\/blog\/es\/asi-fue-la-presentacion-termix-marruecos\/#article","isPartOf":{"@id":"https:\/\/termix.net\/blog\/es\/asi-fue-la-presentacion-termix-marruecos\/"},"author":{"name":"TermixTeam","@id":"https:\/\/termix.net\/blog\/es\/#\/schema\/person\/9096c98bdf03c8ddf91ad7172f254f40"},"headline":"As\u00ed fue la presentaci\u00f3n de Termix en Marruecos","datePublished":"2018-05-15T07:22:25+00:00","dateModified":"2019-12-17T11:35:16+00:00","mainEntityOfPage":{"@id":"https:\/\/termix.net\/blog\/es\/asi-fue-la-presentacion-termix-marruecos\/"},"wordCount":1551,"commentCount":0,"publisher":{"@id":"https:\/\/termix.net\/blog\/es\/#organization"},"articleSection":["NOTICIAS"],"inLanguage":"es","potentialAction":[{"@type":"CommentAction","name":"Comment","target":["https:\/\/termix.net\/blog\/es\/asi-fue-la-presentacion-termix-marruecos\/#respond"]}]},{"@type":"WebPage","@id":"https:\/\/termix.net\/blog\/es\/asi-fue-la-presentacion-termix-marruecos\/","url":"https:\/\/termix.net\/blog\/es\/asi-fue-la-presentacion-termix-marruecos\/","name":"As\u00ed fue la presentaci\u00f3n de Termix en Marruecos - Termix","isPartOf":{"@id":"https:\/\/termix.net\/blog\/es\/#website"},"datePublished":"2018-05-15T07:22:25+00:00","dateModified":"2019-12-17T11:35:16+00:00","description":"Termix consolida su presencia internacional en un evento sin precedentes organizado en Casablanca, en el prestigioso hotel Kenzi Tower Hotel y presentado por la reconocida Leila Shouay.","breadcrumb":{"@id":"https:\/\/termix.net\/blog\/es\/asi-fue-la-presentacion-termix-marruecos\/#breadcrumb"},"inLanguage":"es","potentialAction":[{"@type":"ReadAction","target":["https:\/\/termix.net\/blog\/es\/asi-fue-la-presentacion-termix-marruecos\/"]}]},{"@type":"BreadcrumbList","@id":"https:\/\/termix.net\/blog\/es\/asi-fue-la-presentacion-termix-marruecos\/#breadcrumb","itemListElement":[{"@type":"ListItem","position":1,"name":"Home","item":"https:\/\/termix.net\/blog\/es\/"},{"@type":"ListItem","position":2,"name":"As\u00ed fue la presentaci\u00f3n de Termix en Marruecos"}]},{"@type":"WebSite","@id":"https:\/\/termix.net\/blog\/es\/#website","url":"https:\/\/termix.net\/blog\/es\/","name":"Blog Termix Spain","description":"Blog de tendencias y productos de peluquer\u00eda profesional.","publisher":{"@id":"https:\/\/termix.net\/blog\/es\/#organization"},"potentialAction":[{"@type":"SearchAction","target":{"@type":"EntryPoint","urlTemplate":"https:\/\/termix.net\/blog\/es\/?s={search_term_string}"},"query-input":"required name=search_term_string"}],"inLanguage":"es"},{"@type":"Organization","@id":"https:\/\/termix.net\/blog\/es\/#organization","name":"Dols Industrial de Peluquer\u00eda SA","url":"https:\/\/termix.net\/blog\/es\/","logo":{"@type":"ImageObject","inLanguage":"es","@id":"https:\/\/termix.net\/blog\/es\/#\/schema\/logo\/image\/","url":"https:\/\/termix.net\/blog\/wp-content\/uploads\/2020\/10\/OGbDAeng.jpeg","contentUrl":"https:\/\/termix.net\/blog\/wp-content\/uploads\/2020\/10\/OGbDAeng.jpeg","width":800,"height":800,"caption":"Dols Industrial de Peluquer\u00eda SA"},"image":{"@id":"https:\/\/termix.net\/blog\/es\/#\/schema\/logo\/image\/"}},{"@type":"Person","@id":"https:\/\/termix.net\/blog\/es\/#\/schema\/person\/9096c98bdf03c8ddf91ad7172f254f40","name":"TermixTeam","image":{"@type":"ImageObject","inLanguage":"es","@id":"https:\/\/termix.net\/blog\/es\/#\/schema\/person\/image\/","url":"https:\/\/secure.gravatar.com\/avatar\/d89f61f6bd1c29a4acb231736d1c74b3?s=96&d=mm&r=g","contentUrl":"https:\/\/secure.gravatar.com\/avatar\/d89f61f6bd1c29a4acb231736d1c74b3?s=96&d=mm&r=g","caption":"TermixTeam"},"url":"https:\/\/termix.net\/blog\/es\/author\/termixteam\/"}]}},"_links":{"self":[{"href":"https:\/\/termix.net\/blog\/es\/wp-json\/wp\/v2\/posts\/13951"}],"collection":[{"href":"https:\/\/termix.net\/blog\/es\/wp-json\/wp\/v2\/posts"}],"about":[{"href":"https:\/\/termix.net\/blog\/es\/wp-json\/wp\/v2\/types\/post"}],"author":[{"embeddable":true,"href":"https:\/\/termix.net\/blog\/es\/wp-json\/wp\/v2\/users\/2"}],"replies":[{"embeddable":true,"href":"https:\/\/termix.net\/blog\/es\/wp-json\/wp\/v2\/comments?post=13951"}],"version-history":[{"count":3,"href":"https:\/\/termix.net\/blog\/es\/wp-json\/wp\/v2\/posts\/13951\/revisions"}],"predecessor-version":[{"id":23916,"href":"https:\/\/termix.net\/blog\/es\/wp-json\/wp\/v2\/posts\/13951\/revisions\/23916"}],"wp:featuredmedia":[{"embeddable":true,"href":"https:\/\/termix.net\/blog\/es\/wp-json\/wp\/v2\/media\/22099"}],"wp:attachment":[{"href":"https:\/\/termix.net\/blog\/es\/wp-json\/wp\/v2\/media?parent=13951"}],"wp:term":[{"taxonomy":"category","embeddable":true,"href":"https:\/\/termix.net\/blog\/es\/wp-json\/wp\/v2\/categories?post=13951"},{"taxonomy":"post_tag","embeddable":true,"href":"https:\/\/termix.net\/blog\/es\/wp-json\/wp\/v2\/tags?post=13951"}],"curies":[{"name":"wp","href":"https:\/\/api.w.org\/{rel}","templated":true}]}}