{"id":1393,"date":"2019-11-13T11:33:35","date_gmt":"2019-11-13T10:33:35","guid":{"rendered":"https:\/\/termixuri2.pre-testing.com\/blog\/?p=1393"},"modified":"2019-11-13T11:36:16","modified_gmt":"2019-11-13T10:36:16","slug":"guia-de-estilo-a-que-temperatura-debo-usar-mi-plancha-de-pelo","status":"publish","type":"post","link":"https:\/\/termix.net\/blog\/es\/guia-de-estilo-a-que-temperatura-debo-usar-mi-plancha-de-pelo\/","title":{"rendered":"Gu\u00eda de estilo. \u00bfA qu\u00e9 temperatura debo usar mi plancha de pelo?"},"content":{"rendered":"<p><div class=\"fusion-fullwidth fullwidth-box fusion-builder-row-1 faded-background fusion-parallax-none nonhundred-percent-fullwidth non-hundred-percent-height-scrolling fusion-no-small-visibility fusion-no-medium-visibility\" style=\"--awb-border-radius-top-left:0px;--awb-border-radius-top-right:0px;--awb-border-radius-bottom-right:0px;--awb-border-radius-bottom-left:0px;--awb-padding-top:24%;--awb-padding-right:3%;--awb-padding-left:3%;--awb-background-size:cover;\" ><div class=\"fullwidth-faded\" style=\"--awb-background-color:#181818;--awb-background-image:url(https:\/\/termix.net\/blog\/wp-content\/uploads\/2019\/11\/melissa-jimenez-protagoniza-la-campana-de-termix-para-la-nueva-plancha-de-pelo-230-passion-red.jpg);--awb-background-size:cover;\" ><\/div><div class=\"fusion-builder-row fusion-row\"><div class=\"fusion-layout-column fusion_builder_column fusion-builder-column-0 fusion_builder_column_1_1 1_1 fusion-one-full fusion-column-first fusion-column-last\" style=\"--awb-padding-top:6%;--awb-padding-right:8%;--awb-padding-bottom:6%;--awb-padding-left:8%;--awb-bg-color:rgba(255,255,255,0.7);--awb-bg-size:cover;--awb-margin-top:0px;--awb-margin-bottom:0px;\"><div class=\"fusion-column-wrapper fusion-column-has-shadow fusion-flex-column-wrapper-legacy\"><div class=\"fusion-text fusion-text-1 caption\"><p style=\"text-align: center;\">Gu\u00eda de estilo \u2014 3 minutos de lectura<\/p>\n<\/div><div class=\"fusion-title title fusion-title-1 fusion-sep-none fusion-title-center fusion-title-text fusion-title-size-two\" style=\"--awb-margin-top:30px;--awb-margin-bottom:20px;\"><h2 class=\"title-heading-center fusion-responsive-typography-calculated\" style=\"margin:0;--fontSize:50;line-height:1.28;\">\u00bfA qu\u00e9 temperatura debo usar mi plancha de pelo?<\/h2><\/div><div class=\"fusion-clearfix\"><\/div><\/div><\/div><\/div><\/div><div class=\"fusion-fullwidth fullwidth-box fusion-builder-row-2 fusion-parallax-none nonhundred-percent-fullwidth non-hundred-percent-height-scrolling fusion-no-large-visibility\" style=\"--awb-border-radius-top-left:0px;--awb-border-radius-top-right:0px;--awb-border-radius-bottom-right:0px;--awb-border-radius-bottom-left:0px;--awb-background-image:url(&quot;https:\/\/termix.net\/blog\/wp-content\/uploads\/2019\/11\/Consejos-para-mantener-el-cabello-fino-sano-y-brilllante.jpg&quot;);--awb-background-size:cover;\" ><div class=\"fusion-builder-row fusion-row\"><div class=\"fusion-layout-column fusion_builder_column fusion-builder-column-1 fusion_builder_column_1_1 1_1 fusion-one-full fusion-column-first fusion-column-last fusion-column-inner-bg-wrapper\" style=\"--awb-padding-top:10%;--awb-padding-bottom:10%;--awb-inner-bg-image:url(&#039;http:\/\/termix.net\/blog\/wp-content\/uploads\/2019\/03\/single-blog-post-feat.jpg&#039;);--awb-inner-bg-position:center center;--awb-inner-bg-size:cover;\"><span class=\"fusion-column-inner-bg hover-type-zoomout\"><span class=\"fusion-column-anchor\"><span class=\"fusion-column-inner-bg-image\"><\/span><\/span><\/span><div class=\"fusion-column-wrapper fusion-flex-column-wrapper-legacy\" data-bg-url=\"http:\/\/termix.net\/blog\/wp-content\/uploads\/2019\/03\/single-blog-post-feat.jpg\"><div class=\"fusion-sep-clear\"><\/div><div class=\"fusion-separator fusion-no-large-visibility fusion-full-width-sep\" style=\"margin-left: auto;margin-right: auto;margin-top:200px;width:100%;\"><\/div><div class=\"fusion-sep-clear\"><\/div><div class=\"fusion-clearfix\"><\/div><\/div><\/div><div class=\"fusion-layout-column fusion_builder_column fusion-builder-column-2 fusion_builder_column_1_1 1_1 fusion-one-full fusion-column-first fusion-column-last\" style=\"--awb-padding-top:6%;--awb-bg-color:#ffffff;--awb-bg-size:cover;--awb-margin-top:0px;--awb-margin-bottom:0px;\"><div class=\"fusion-column-wrapper fusion-flex-column-wrapper-legacy\"><div class=\"fusion-text fusion-text-2 caption\"><p style=\"text-align: center;\">Gu\u00eda de estilo \u2014 3 min. de lectura<\/p>\n<\/div><div class=\"fusion-title title fusion-title-2 fusion-sep-none fusion-title-center fusion-title-text fusion-title-size-two\" style=\"--awb-margin-top:30px;--awb-margin-bottom:20px;\"><h2 class=\"title-heading-center fusion-responsive-typography-calculated\" style=\"margin:0;--fontSize:50;line-height:1.28;\">\u00bfA qu\u00e9 temperatura debo usar mi plancha de pelo?<\/h2><\/div><div class=\"fusion-clearfix\"><\/div><\/div><\/div><\/div><\/div><div class=\"fusion-fullwidth fullwidth-box fusion-builder-row-3 nonhundred-percent-fullwidth non-hundred-percent-height-scrolling\" style=\"--awb-border-radius-top-left:0px;--awb-border-radius-top-right:0px;--awb-border-radius-bottom-right:0px;--awb-border-radius-bottom-left:0px;--awb-padding-top:10px;--awb-padding-bottom:4%;\" ><div class=\"fusion-builder-row fusion-row\"><div class=\"fusion-layout-column fusion_builder_column fusion-builder-column-3 fusion_builder_column_1_6 1_6 fusion-one-sixth fusion-column-first fusion-no-small-visibility fusion-no-medium-visibility\" style=\"--awb-bg-size:cover;width:16.666666666667%;width:calc(16.666666666667% - ( ( 0 + 0 ) * 0.16666666666667 ) );margin-right: 0px;\"><div class=\"fusion-column-wrapper fusion-flex-column-wrapper-legacy\"><div class=\"fusion-clearfix\"><\/div><\/div><\/div><div class=\"fusion-layout-column fusion_builder_column fusion-builder-column-4 fusion_builder_column_2_3 2_3 fusion-two-third\" style=\"--awb-bg-size:cover;width:66.666666666667%;width:calc(66.666666666667% - ( ( 0 + 0 ) * 0.66666666666667 ) );margin-right: 0px;\"><div class=\"fusion-column-wrapper fusion-flex-column-wrapper-legacy\"><div class=\"fusion-sep-clear\"><\/div><div class=\"fusion-separator fusion-full-width-sep\" style=\"margin-left: auto;margin-right: auto;margin-top:30px;width:100%;\"><\/div><div class=\"fusion-sep-clear\"><\/div><div class=\"fusion-text fusion-text-3\"><p>Plancharse el cabello. Un gesto habitual que, si se hace mal, puede llegar a estropear mucho el cabello. Y esta es, precisamente, una de las principales preocupaciones del consumidor. Y es que, tras un reciente estudio realizado por Termix confirma que <strong>el 85% de los consumidores considera que la salud del cabello es su principal preocupaci\u00f3n a la hora de elegir una plancha de pelo<\/strong>. Le siguen la potencia y rapidez (con el 55% ) y su efecto en la durabilidad del peinado (50%).<br \/>\nPara eliminar la falsa creencia de que, a mayor temperatura, mejores resultados, Termix te trae una gu\u00eda de uso. Con las pautas para que consigas un resultado perfecto, pero sin da\u00f1ar el cabello. Donde lo m\u00e1s importante es adaptar la temperatura de la plancha de pelo a tu tipo de cabello.<\/p>\n<h2>\u00bfComenzamos?<\/h2>\n<\/div><div class=\"fusion-clearfix\"><\/div><\/div><\/div><div class=\"fusion-layout-column fusion_builder_column fusion-builder-column-5 fusion_builder_column_1_6 1_6 fusion-one-sixth fusion-column-last fusion-no-small-visibility fusion-no-medium-visibility\" style=\"--awb-bg-size:cover;width:16.666666666667%;width:calc(16.666666666667% - ( ( 0 + 0 ) * 0.16666666666667 ) );\"><div class=\"fusion-column-wrapper fusion-flex-column-wrapper-legacy\"><div class=\"fusion-clearfix\"><\/div><\/div><\/div><\/div><\/div><div class=\"fusion-fullwidth fullwidth-box fusion-builder-row-4 fusion-parallax-none nonhundred-percent-fullwidth hundred-percent-height hundred-percent-height-center-content non-hundred-percent-height-scrolling\" style=\"--awb-border-radius-top-left:0px;--awb-border-radius-top-right:0px;--awb-border-radius-bottom-right:0px;--awb-border-radius-bottom-left:0px;--awb-background-image:url(&quot;https:\/\/termix.net\/blog\/wp-content\/uploads\/2019\/11\/nueva-plancha-de-pelo-230-passion-red_termix.jpg&quot;);--awb-background-size:cover;\" ><div class=\"fusion-fullwidth-center-content\"><div class=\"fusion-builder-row fusion-row\"><div class=\"fusion-layout-column fusion_builder_column fusion-builder-column-6 fusion_builder_column_1_6 1_6 fusion-one-sixth fusion-column-first fusion-no-small-visibility fusion-no-medium-visibility\" style=\"--awb-bg-size:cover;width:16.666666666667%;width:calc(16.666666666667% - ( ( 0 + 4% ) * 0.16666666666667 ) );margin-right: 0px;\"><div class=\"fusion-column-wrapper fusion-flex-column-wrapper-legacy\"><div class=\"fusion-clearfix\"><\/div><\/div><\/div><div class=\"fusion-layout-column fusion_builder_column fusion-builder-column-7 fusion_builder_column_2_3 2_3 fusion-two-third fusion-column-inner-bg-wrapper fusion-animated\" style=\"--awb-inner-bg-size:cover;--awb-margin-top:0px;--awb-margin-bottom:0px;width:66.666666666667%;width:calc(66.666666666667% - ( ( 0 + 4% ) * 0.66666666666667 ) );margin-right: 4%;\" data-animationType=\"fadeInUp\" data-animationDuration=\"0.3\" data-animationOffset=\"top-into-view\"><span class=\"fusion-column-inner-bg hover-type-zoomout\"><span class=\"fusion-column-anchor\"><span class=\"fusion-column-inner-bg-image\"><\/span><\/span><\/span><div class=\"fusion-column-wrapper fusion-column-has-shadow fusion-flex-column-wrapper-legacy\"><div class=\"fusion-title title fusion-title-3 fusion-sep-none fusion-title-text fusion-title-size-three\"><h3 class=\"title-heading-left fusion-responsive-typography-calculated\" style=\"margin:0;--fontSize:40;line-height:1.4;\"><\/h3><\/div><div class=\"fusion-clearfix\"><\/div><\/div><\/div><div class=\"fusion-layout-column fusion_builder_column fusion-builder-column-8 fusion_builder_column_1_6 1_6 fusion-one-sixth fusion-column-last fusion-no-small-visibility fusion-no-medium-visibility\" style=\"--awb-bg-size:cover;width:16.666666666667%;width:calc(16.666666666667% - ( ( 0 + 4% ) * 0.16666666666667 ) );\"><div class=\"fusion-column-wrapper fusion-flex-column-wrapper-legacy\"><div class=\"fusion-clearfix\"><\/div><\/div><\/div><\/div><\/div><\/div><div class=\"fusion-fullwidth fullwidth-box fusion-builder-row-5 nonhundred-percent-fullwidth non-hundred-percent-height-scrolling\" style=\"--awb-border-radius-top-left:0px;--awb-border-radius-top-right:0px;--awb-border-radius-bottom-right:0px;--awb-border-radius-bottom-left:0px;--awb-padding-top:5%;\" ><div class=\"fusion-builder-row fusion-row\"><div class=\"fusion-layout-column fusion_builder_column fusion-builder-column-9 fusion_builder_column_1_6 1_6 fusion-one-sixth fusion-column-first fusion-no-small-visibility fusion-no-medium-visibility\" style=\"--awb-bg-size:cover;width:16.666666666667%;width:calc(16.666666666667% - ( ( 0 + 0 ) * 0.16666666666667 ) );margin-right: 0px;\"><div class=\"fusion-column-wrapper fusion-flex-column-wrapper-legacy\"><div class=\"fusion-clearfix\"><\/div><\/div><\/div><div class=\"fusion-layout-column fusion_builder_column fusion-builder-column-10 fusion_builder_column_2_3 2_3 fusion-two-third\" style=\"--awb-bg-size:cover;width:66.666666666667%;width:calc(66.666666666667% - ( ( 0 + 0 ) * 0.66666666666667 ) );margin-right: 0px;\"><div class=\"fusion-column-wrapper fusion-flex-column-wrapper-legacy\"><div class=\"fusion-title title fusion-title-4 fusion-sep-none fusion-title-text fusion-title-size-three\"><h3 class=\"title-heading-left fusion-responsive-typography-calculated\" style=\"margin:0;--fontSize:40;line-height:1.4;\">El control de la Temperatura<\/h3><\/div><div class=\"fusion-text fusion-text-4\"><p><img decoding=\"async\" class=\"alignnone size-full wp-image-1397\" src=\"https:\/\/termix.net\/blog\/wp-content\/uploads\/2019\/11\/plancha-de-pelo-Passion-Red.jpg\" alt=\"plancha-de-pelo-Passion-Red\" width=\"960\" height=\"640\" srcset=\"https:\/\/termix.net\/blog\/wp-content\/uploads\/2019\/11\/plancha-de-pelo-Passion-Red-200x133.jpg 200w, https:\/\/termix.net\/blog\/wp-content\/uploads\/2019\/11\/plancha-de-pelo-Passion-Red-300x200.jpg 300w, https:\/\/termix.net\/blog\/wp-content\/uploads\/2019\/11\/plancha-de-pelo-Passion-Red-400x267.jpg 400w, https:\/\/termix.net\/blog\/wp-content\/uploads\/2019\/11\/plancha-de-pelo-Passion-Red-600x400.jpg 600w, https:\/\/termix.net\/blog\/wp-content\/uploads\/2019\/11\/plancha-de-pelo-Passion-Red-768x512.jpg 768w, https:\/\/termix.net\/blog\/wp-content\/uploads\/2019\/11\/plancha-de-pelo-Passion-Red-800x533.jpg 800w, https:\/\/termix.net\/blog\/wp-content\/uploads\/2019\/11\/plancha-de-pelo-Passion-Red.jpg 960w\" sizes=\"(max-width: 960px) 100vw, 960px\" \/><\/p>\n<\/div><div class=\"fusion-text fusion-text-5\"><p>Se trata de una de las principales ventajas de la<strong> nueva plancha de pelo Passion Red<\/strong>. Una plancha de pelo que integra la capacidad de adaptar la temperatura al tipo de cabello con el que trabajemos, para as\u00ed, asegurar los mejores resultados. El regulador de temperatura inteligente (que abarca de los 130 a los 230\u00baC) sumado a las <strong>placas de cer\u00e1mica y turmalina<\/strong> de la misma, hacen de la Passion Red, una plancha de pelo perfecta para crear ondas de todo tipo o alisar el cabello.<\/p>\n<p>Aunque antes de utilizar la plancha de pelo, debemos preguntarnos qu\u00e9 tipo de cabello es el que tenemos. A continuaci\u00f3n, os presentamos una relaci\u00f3n de tipo de cabello y temperaturas, para que cuides de la salud de tu cabello, sea cu\u00e1l sea su estructura y composici\u00f3n.<\/p>\n<\/div><div class=\"fusion-title title fusion-title-5 fusion-sep-none fusion-title-text fusion-title-size-three\"><h3 class=\"title-heading-left fusion-responsive-typography-calculated\" style=\"margin:0;--fontSize:40;line-height:1.4;\">Gu\u00eda de temperaturas seg\u00fan tu tipo de cabello<\/h3><\/div><div class=\"fusion-text fusion-text-6\"><p><img decoding=\"async\" class=\"alignnone size-full wp-image-1394\" src=\"https:\/\/termix.net\/blog\/wp-content\/uploads\/2019\/11\/banner_tempplanchas-768x555.jpg\" alt=\"banner_tempplanchas-768x555\" width=\"768\" height=\"555\" srcset=\"https:\/\/termix.net\/blog\/wp-content\/uploads\/2019\/11\/banner_tempplanchas-768x555-200x145.jpg 200w, https:\/\/termix.net\/blog\/wp-content\/uploads\/2019\/11\/banner_tempplanchas-768x555-300x217.jpg 300w, https:\/\/termix.net\/blog\/wp-content\/uploads\/2019\/11\/banner_tempplanchas-768x555-400x289.jpg 400w, https:\/\/termix.net\/blog\/wp-content\/uploads\/2019\/11\/banner_tempplanchas-768x555-600x434.jpg 600w, https:\/\/termix.net\/blog\/wp-content\/uploads\/2019\/11\/banner_tempplanchas-768x555.jpg 768w\" sizes=\"(max-width: 768px) 100vw, 768px\" \/><\/p>\n<p><strong>CABELLO SINT\u00c9TICO \u2013 Temperatura 60\u00ba-180\u00ba<\/strong><br \/>\nSi tienes el cabello sint\u00e9tico (lo m\u00e1s com\u00fan son extensiones), tambi\u00e9n puedes utilizar la plancha de pelo. Lo importante es realizar una prueba a 60\u00baC para la primera toma de contacto del cabello con la plancha de pelo. A continuaci\u00f3n, si lo acepta, podemos trabajar el cabello con la plancha de pelo hasta 180\u00baC -nunca los superaremos- para crear ondas o alisando el cabello.<\/p>\n<p><strong>CABELLO FINO Y FR\u00c1GIL \u2013 Temperatura 120\u00ba -150\u00ba<\/strong><br \/>\nLa plancha de pelo no se convierte en la soluci\u00f3n definitiva para el cabello debilitado o poroso. Aunque, la plancha de pelo puede ayudar a sellar la cut\u00edcula y colaborar a reducir el impacto de los agentes externos. Por ejemplo, si tienes un cabello afro o muy rizado -los m\u00e1s sensibles y quebradizos- utiliza la plancha de pelo a partir de 120\u00ba en un mech\u00f3n.<\/p>\n<p>Si ves que el cabello resiste, puedes subir la temperatura hasta los 150\u00baC, pero nunca a m\u00e1s temperatura.<\/p>\n<p><strong>CABELLO FINO Y RESISTENTE \u2013 Temperatura 150\u00ba- 180\u00ba<\/strong><br \/>\nSi tu cabello es fisiol\u00f3gicamente fino y sano puedes usar la plancha de pelo sin problemas siempre y cuando puedas adaptar la temperatura a la resistencia de la fibra capilar para evitar da\u00f1arlo. En tu caso, empieza probando con 150\u00ba sin superar los 180\u00ba.<\/p>\n<p><strong>CABELLO NORMAL Y FR\u00c1GIL \u2013 Temperatura 180\u00ba<\/strong><br \/>\nEste tipo de cabello suele debilitarse en las puntas, siendo abiertas o secas. Su temperatura ideal es 180\u00baC. Conseguir\u00e1s moldearlo a tu gusto sin da\u00f1arlo.<\/p>\n<p><strong>CABELLO NORMAL Y RESISTENTE \u2013 Temperatura 190\u00ba-210\u00ba<\/strong><br \/>\nPodr\u00edamos llamarlos los cabellos \u201ctodo terreno\u201d. Son los cabellos que se moldean con facilidad y en los que el moldeado dura m\u00e1s. Pero, no hay que olvidarse que tambi\u00e9n necesitan cuidados espec\u00edficos. Empieza probando con 190\u00baC y si fuera necesario ir subiendo la temperatura hasta los 210\u00ba.C<\/p>\n<p><strong>CABELLO GRUESO Y ABUNDANTE \u2013 Temperatura 210\u00ba<\/strong><br \/>\nAparentemente pensamos que un cabello grueso lo aguanta todo. Pero no es as\u00ed, tambi\u00e9n debemos protegerlos. Uno de los consejos principales es usar la plancha de pelo de \u00faltima generaci\u00f3n. Porque gracias a las placas de cer\u00e1mica y turmalina de la plancha de pelo 230 Passion Red y trabajando a una temperatura de 210\u00baC m\u00e1ximo, conseguir\u00e1s alisar los cabellos m\u00e1s rizados en pocos minutos.<\/p>\n<p><strong>TRATAMIENTOS \u2013 Temperatura 230\u00ba<\/strong><br \/>\nLa plancha de pelo Termix 230\u00ba Passion Red est\u00e1 dise\u00f1ada para conseguir los mejores resultados en tratamientos profesionales como la keratina. Su di\u00e1metro, nanotecnolog\u00eda en sus placas y el alcance a 230\u00ba C aseguran el mejor resultado.<\/p>\n<\/div><div class=\"fusion-clearfix\"><\/div><\/div><\/div><div class=\"fusion-layout-column fusion_builder_column fusion-builder-column-11 fusion_builder_column_1_6 1_6 fusion-one-sixth fusion-column-last fusion-no-small-visibility fusion-no-medium-visibility\" style=\"--awb-bg-size:cover;width:16.666666666667%;width:calc(16.666666666667% - ( ( 0 + 0 ) * 0.16666666666667 ) );\"><div class=\"fusion-column-wrapper fusion-flex-column-wrapper-legacy\"><div class=\"fusion-clearfix\"><\/div><\/div><\/div><\/div><\/div><\/p>\n","protected":false},"excerpt":{"rendered":"","protected":false},"author":1,"featured_media":1394,"comment_status":"open","ping_status":"open","sticky":false,"template":"","format":"standard","meta":[],"categories":[3],"tags":[],"yoast_head":"<!-- This site is optimized with the Yoast SEO plugin v20.0 - https:\/\/yoast.com\/wordpress\/plugins\/seo\/ -->\n<title>Gu\u00eda de estilo. \u00bfA qu\u00e9 temperatura debo usar mi plancha de pelo? - Blog Termix Spain<\/title>\n<meta name=\"description\" content=\"Blog Termix Spain - Gu\u00eda de estilo. \u00bfA qu\u00e9 temperatura debo usar mi plancha de pelo? -\" \/>\n<meta name=\"robots\" content=\"index, follow, max-snippet:-1, max-image-preview:large, max-video-preview:-1\" \/>\n<link rel=\"canonical\" href=\"https:\/\/termix.net\/blog\/es\/guia-de-estilo-a-que-temperatura-debo-usar-mi-plancha-de-pelo\/\" \/>\n<meta property=\"og:locale\" content=\"es_ES\" \/>\n<meta property=\"og:type\" content=\"article\" \/>\n<meta property=\"og:title\" content=\"Gu\u00eda de estilo. \u00bfA qu\u00e9 temperatura debo usar mi plancha de pelo? - Blog Termix Spain\" \/>\n<meta property=\"og:description\" content=\"Blog Termix Spain - Gu\u00eda de estilo. \u00bfA qu\u00e9 temperatura debo usar mi plancha de pelo? -\" \/>\n<meta property=\"og:url\" content=\"https:\/\/termix.net\/blog\/es\/guia-de-estilo-a-que-temperatura-debo-usar-mi-plancha-de-pelo\/\" \/>\n<meta property=\"og:site_name\" content=\"Blog Termix Spain\" \/>\n<meta property=\"article:published_time\" content=\"2019-11-13T10:33:35+00:00\" \/>\n<meta property=\"article:modified_time\" content=\"2019-11-13T10:36:16+00:00\" \/>\n<meta property=\"og:image\" content=\"https:\/\/termix.net\/blog\/wp-content\/uploads\/2019\/11\/banner_tempplanchas-768x555.jpg\" \/>\n\t<meta property=\"og:image:width\" content=\"768\" \/>\n\t<meta property=\"og:image:height\" content=\"555\" \/>\n\t<meta property=\"og:image:type\" content=\"image\/jpeg\" \/>\n<meta name=\"author\" content=\"admin\" \/>\n<meta name=\"twitter:card\" content=\"summary_large_image\" \/>\n<meta name=\"twitter:label1\" content=\"Escrito por\" \/>\n\t<meta name=\"twitter:data1\" content=\"admin\" \/>\n\t<meta name=\"twitter:label2\" content=\"Tiempo de lectura\" \/>\n\t<meta name=\"twitter:data2\" content=\"14 minutos\" \/>\n<script type=\"application\/ld+json\" class=\"yoast-schema-graph\">{\"@context\":\"https:\/\/schema.org\",\"@graph\":[{\"@type\":\"Article\",\"@id\":\"https:\/\/termix.net\/blog\/es\/guia-de-estilo-a-que-temperatura-debo-usar-mi-plancha-de-pelo\/#article\",\"isPartOf\":{\"@id\":\"https:\/\/termix.net\/blog\/es\/guia-de-estilo-a-que-temperatura-debo-usar-mi-plancha-de-pelo\/\"},\"author\":{\"name\":\"admin\",\"@id\":\"https:\/\/termix.net\/blog\/es\/#\/schema\/person\/243e31ed9d94da644ab87928423b48db\"},\"headline\":\"Gu\u00eda de estilo. \u00bfA qu\u00e9 temperatura debo usar mi plancha de pelo?\",\"datePublished\":\"2019-11-13T10:33:35+00:00\",\"dateModified\":\"2019-11-13T10:36:16+00:00\",\"mainEntityOfPage\":{\"@id\":\"https:\/\/termix.net\/blog\/es\/guia-de-estilo-a-que-temperatura-debo-usar-mi-plancha-de-pelo\/\"},\"wordCount\":2743,\"commentCount\":0,\"publisher\":{\"@id\":\"https:\/\/termix.net\/blog\/es\/#organization\"},\"articleSection\":[\"CONSEJOS\"],\"inLanguage\":\"es\",\"potentialAction\":[{\"@type\":\"CommentAction\",\"name\":\"Comment\",\"target\":[\"https:\/\/termix.net\/blog\/es\/guia-de-estilo-a-que-temperatura-debo-usar-mi-plancha-de-pelo\/#respond\"]}]},{\"@type\":\"WebPage\",\"@id\":\"https:\/\/termix.net\/blog\/es\/guia-de-estilo-a-que-temperatura-debo-usar-mi-plancha-de-pelo\/\",\"url\":\"https:\/\/termix.net\/blog\/es\/guia-de-estilo-a-que-temperatura-debo-usar-mi-plancha-de-pelo\/\",\"name\":\"Gu\u00eda de estilo. \u00bfA qu\u00e9 temperatura debo usar mi plancha de pelo? - Blog Termix Spain\",\"isPartOf\":{\"@id\":\"https:\/\/termix.net\/blog\/es\/#website\"},\"datePublished\":\"2019-11-13T10:33:35+00:00\",\"dateModified\":\"2019-11-13T10:36:16+00:00\",\"description\":\"Blog Termix Spain - Gu\u00eda de estilo. \u00bfA qu\u00e9 temperatura debo usar mi plancha de pelo? -\",\"breadcrumb\":{\"@id\":\"https:\/\/termix.net\/blog\/es\/guia-de-estilo-a-que-temperatura-debo-usar-mi-plancha-de-pelo\/#breadcrumb\"},\"inLanguage\":\"es\",\"potentialAction\":[{\"@type\":\"ReadAction\",\"target\":[\"https:\/\/termix.net\/blog\/es\/guia-de-estilo-a-que-temperatura-debo-usar-mi-plancha-de-pelo\/\"]}]},{\"@type\":\"BreadcrumbList\",\"@id\":\"https:\/\/termix.net\/blog\/es\/guia-de-estilo-a-que-temperatura-debo-usar-mi-plancha-de-pelo\/#breadcrumb\",\"itemListElement\":[{\"@type\":\"ListItem\",\"position\":1,\"name\":\"Home\",\"item\":\"https:\/\/termix.net\/blog\/es\/\"},{\"@type\":\"ListItem\",\"position\":2,\"name\":\"Gu\u00eda de estilo. \u00bfA qu\u00e9 temperatura debo usar mi plancha de pelo?\"}]},{\"@type\":\"WebSite\",\"@id\":\"https:\/\/termix.net\/blog\/es\/#website\",\"url\":\"https:\/\/termix.net\/blog\/es\/\",\"name\":\"Blog Termix Spain\",\"description\":\"Blog de tendencias y productos de peluquer\u00eda profesional.\",\"publisher\":{\"@id\":\"https:\/\/termix.net\/blog\/es\/#organization\"},\"potentialAction\":[{\"@type\":\"SearchAction\",\"target\":{\"@type\":\"EntryPoint\",\"urlTemplate\":\"https:\/\/termix.net\/blog\/es\/?s={search_term_string}\"},\"query-input\":\"required name=search_term_string\"}],\"inLanguage\":\"es\"},{\"@type\":\"Organization\",\"@id\":\"https:\/\/termix.net\/blog\/es\/#organization\",\"name\":\"Dols Industrial de Peluquer\u00eda SA\",\"url\":\"https:\/\/termix.net\/blog\/es\/\",\"logo\":{\"@type\":\"ImageObject\",\"inLanguage\":\"es\",\"@id\":\"https:\/\/termix.net\/blog\/es\/#\/schema\/logo\/image\/\",\"url\":\"https:\/\/termix.net\/blog\/wp-content\/uploads\/2020\/10\/OGbDAeng.jpeg\",\"contentUrl\":\"https:\/\/termix.net\/blog\/wp-content\/uploads\/2020\/10\/OGbDAeng.jpeg\",\"width\":800,\"height\":800,\"caption\":\"Dols Industrial de Peluquer\u00eda SA\"},\"image\":{\"@id\":\"https:\/\/termix.net\/blog\/es\/#\/schema\/logo\/image\/\"}},{\"@type\":\"Person\",\"@id\":\"https:\/\/termix.net\/blog\/es\/#\/schema\/person\/243e31ed9d94da644ab87928423b48db\",\"name\":\"admin\",\"image\":{\"@type\":\"ImageObject\",\"inLanguage\":\"es\",\"@id\":\"https:\/\/termix.net\/blog\/es\/#\/schema\/person\/image\/\",\"url\":\"https:\/\/secure.gravatar.com\/avatar\/eea81ed0b0a131024af3012ebcb4d4d4?s=96&d=mm&r=g\",\"contentUrl\":\"https:\/\/secure.gravatar.com\/avatar\/eea81ed0b0a131024af3012ebcb4d4d4?s=96&d=mm&r=g\",\"caption\":\"admin\"},\"url\":\"https:\/\/termix.net\/blog\/es\/author\/admin\/\"}]}<\/script>\n<!-- \/ Yoast SEO plugin. -->","yoast_head_json":{"title":"Gu\u00eda de estilo. \u00bfA qu\u00e9 temperatura debo usar mi plancha de pelo? - Blog Termix Spain","description":"Blog Termix Spain - Gu\u00eda de estilo. \u00bfA qu\u00e9 temperatura debo usar mi plancha de pelo? -","robots":{"index":"index","follow":"follow","max-snippet":"max-snippet:-1","max-image-preview":"max-image-preview:large","max-video-preview":"max-video-preview:-1"},"canonical":"https:\/\/termix.net\/blog\/es\/guia-de-estilo-a-que-temperatura-debo-usar-mi-plancha-de-pelo\/","og_locale":"es_ES","og_type":"article","og_title":"Gu\u00eda de estilo. \u00bfA qu\u00e9 temperatura debo usar mi plancha de pelo? - Blog Termix Spain","og_description":"Blog Termix Spain - Gu\u00eda de estilo. \u00bfA qu\u00e9 temperatura debo usar mi plancha de pelo? -","og_url":"https:\/\/termix.net\/blog\/es\/guia-de-estilo-a-que-temperatura-debo-usar-mi-plancha-de-pelo\/","og_site_name":"Blog Termix Spain","article_published_time":"2019-11-13T10:33:35+00:00","article_modified_time":"2019-11-13T10:36:16+00:00","og_image":[{"width":768,"height":555,"url":"https:\/\/termix.net\/blog\/wp-content\/uploads\/2019\/11\/banner_tempplanchas-768x555.jpg","type":"image\/jpeg"}],"author":"admin","twitter_card":"summary_large_image","twitter_misc":{"Escrito por":"admin","Tiempo de lectura":"14 minutos"},"schema":{"@context":"https:\/\/schema.org","@graph":[{"@type":"Article","@id":"https:\/\/termix.net\/blog\/es\/guia-de-estilo-a-que-temperatura-debo-usar-mi-plancha-de-pelo\/#article","isPartOf":{"@id":"https:\/\/termix.net\/blog\/es\/guia-de-estilo-a-que-temperatura-debo-usar-mi-plancha-de-pelo\/"},"author":{"name":"admin","@id":"https:\/\/termix.net\/blog\/es\/#\/schema\/person\/243e31ed9d94da644ab87928423b48db"},"headline":"Gu\u00eda de estilo. \u00bfA qu\u00e9 temperatura debo usar mi plancha de pelo?","datePublished":"2019-11-13T10:33:35+00:00","dateModified":"2019-11-13T10:36:16+00:00","mainEntityOfPage":{"@id":"https:\/\/termix.net\/blog\/es\/guia-de-estilo-a-que-temperatura-debo-usar-mi-plancha-de-pelo\/"},"wordCount":2743,"commentCount":0,"publisher":{"@id":"https:\/\/termix.net\/blog\/es\/#organization"},"articleSection":["CONSEJOS"],"inLanguage":"es","potentialAction":[{"@type":"CommentAction","name":"Comment","target":["https:\/\/termix.net\/blog\/es\/guia-de-estilo-a-que-temperatura-debo-usar-mi-plancha-de-pelo\/#respond"]}]},{"@type":"WebPage","@id":"https:\/\/termix.net\/blog\/es\/guia-de-estilo-a-que-temperatura-debo-usar-mi-plancha-de-pelo\/","url":"https:\/\/termix.net\/blog\/es\/guia-de-estilo-a-que-temperatura-debo-usar-mi-plancha-de-pelo\/","name":"Gu\u00eda de estilo. \u00bfA qu\u00e9 temperatura debo usar mi plancha de pelo? - Blog Termix Spain","isPartOf":{"@id":"https:\/\/termix.net\/blog\/es\/#website"},"datePublished":"2019-11-13T10:33:35+00:00","dateModified":"2019-11-13T10:36:16+00:00","description":"Blog Termix Spain - Gu\u00eda de estilo. \u00bfA qu\u00e9 temperatura debo usar mi plancha de pelo? -","breadcrumb":{"@id":"https:\/\/termix.net\/blog\/es\/guia-de-estilo-a-que-temperatura-debo-usar-mi-plancha-de-pelo\/#breadcrumb"},"inLanguage":"es","potentialAction":[{"@type":"ReadAction","target":["https:\/\/termix.net\/blog\/es\/guia-de-estilo-a-que-temperatura-debo-usar-mi-plancha-de-pelo\/"]}]},{"@type":"BreadcrumbList","@id":"https:\/\/termix.net\/blog\/es\/guia-de-estilo-a-que-temperatura-debo-usar-mi-plancha-de-pelo\/#breadcrumb","itemListElement":[{"@type":"ListItem","position":1,"name":"Home","item":"https:\/\/termix.net\/blog\/es\/"},{"@type":"ListItem","position":2,"name":"Gu\u00eda de estilo. \u00bfA qu\u00e9 temperatura debo usar mi plancha de pelo?"}]},{"@type":"WebSite","@id":"https:\/\/termix.net\/blog\/es\/#website","url":"https:\/\/termix.net\/blog\/es\/","name":"Blog Termix Spain","description":"Blog de tendencias y productos de peluquer\u00eda profesional.","publisher":{"@id":"https:\/\/termix.net\/blog\/es\/#organization"},"potentialAction":[{"@type":"SearchAction","target":{"@type":"EntryPoint","urlTemplate":"https:\/\/termix.net\/blog\/es\/?s={search_term_string}"},"query-input":"required name=search_term_string"}],"inLanguage":"es"},{"@type":"Organization","@id":"https:\/\/termix.net\/blog\/es\/#organization","name":"Dols Industrial de Peluquer\u00eda SA","url":"https:\/\/termix.net\/blog\/es\/","logo":{"@type":"ImageObject","inLanguage":"es","@id":"https:\/\/termix.net\/blog\/es\/#\/schema\/logo\/image\/","url":"https:\/\/termix.net\/blog\/wp-content\/uploads\/2020\/10\/OGbDAeng.jpeg","contentUrl":"https:\/\/termix.net\/blog\/wp-content\/uploads\/2020\/10\/OGbDAeng.jpeg","width":800,"height":800,"caption":"Dols Industrial de Peluquer\u00eda SA"},"image":{"@id":"https:\/\/termix.net\/blog\/es\/#\/schema\/logo\/image\/"}},{"@type":"Person","@id":"https:\/\/termix.net\/blog\/es\/#\/schema\/person\/243e31ed9d94da644ab87928423b48db","name":"admin","image":{"@type":"ImageObject","inLanguage":"es","@id":"https:\/\/termix.net\/blog\/es\/#\/schema\/person\/image\/","url":"https:\/\/secure.gravatar.com\/avatar\/eea81ed0b0a131024af3012ebcb4d4d4?s=96&d=mm&r=g","contentUrl":"https:\/\/secure.gravatar.com\/avatar\/eea81ed0b0a131024af3012ebcb4d4d4?s=96&d=mm&r=g","caption":"admin"},"url":"https:\/\/termix.net\/blog\/es\/author\/admin\/"}]}},"_links":{"self":[{"href":"https:\/\/termix.net\/blog\/es\/wp-json\/wp\/v2\/posts\/1393"}],"collection":[{"href":"https:\/\/termix.net\/blog\/es\/wp-json\/wp\/v2\/posts"}],"about":[{"href":"https:\/\/termix.net\/blog\/es\/wp-json\/wp\/v2\/types\/post"}],"author":[{"embeddable":true,"href":"https:\/\/termix.net\/blog\/es\/wp-json\/wp\/v2\/users\/1"}],"replies":[{"embeddable":true,"href":"https:\/\/termix.net\/blog\/es\/wp-json\/wp\/v2\/comments?post=1393"}],"version-history":[{"count":4,"href":"https:\/\/termix.net\/blog\/es\/wp-json\/wp\/v2\/posts\/1393\/revisions"}],"predecessor-version":[{"id":1403,"href":"https:\/\/termix.net\/blog\/es\/wp-json\/wp\/v2\/posts\/1393\/revisions\/1403"}],"wp:featuredmedia":[{"embeddable":true,"href":"https:\/\/termix.net\/blog\/es\/wp-json\/wp\/v2\/media\/1394"}],"wp:attachment":[{"href":"https:\/\/termix.net\/blog\/es\/wp-json\/wp\/v2\/media?parent=1393"}],"wp:term":[{"taxonomy":"category","embeddable":true,"href":"https:\/\/termix.net\/blog\/es\/wp-json\/wp\/v2\/categories?post=1393"},{"taxonomy":"post_tag","embeddable":true,"href":"https:\/\/termix.net\/blog\/es\/wp-json\/wp\/v2\/tags?post=1393"}],"curies":[{"name":"wp","href":"https:\/\/api.w.org\/{rel}","templated":true}]}}