{"id":13808,"date":"2018-05-04T05:21:48","date_gmt":"2018-05-04T05:21:48","guid":{"rendered":"https:\/\/termix.net\/?p=13808"},"modified":"2020-10-09T12:42:20","modified_gmt":"2020-10-09T10:42:20","slug":"la-psicologia-del-color-ventas-marketing","status":"publish","type":"post","link":"https:\/\/termix.net\/blog\/es\/la-psicologia-del-color-ventas-marketing\/","title":{"rendered":"La psicolog\u00eda del color: as\u00ed afecta a las ventas"},"content":{"rendered":"<p><div class=\"fusion-fullwidth fullwidth-box fusion-builder-row-1 faded-background fusion-parallax-none nonhundred-percent-fullwidth non-hundred-percent-height-scrolling fusion-no-small-visibility fusion-no-medium-visibility\" style=\"--awb-border-radius-top-left:0px;--awb-border-radius-top-right:0px;--awb-border-radius-bottom-right:0px;--awb-border-radius-bottom-left:0px;--awb-padding-top:24%;--awb-padding-right:3%;--awb-padding-left:3%;--awb-background-size:cover;\" ><div class=\"fullwidth-faded\" style=\"--awb-background-color:#181818;--awb-background-image:url(https:\/\/termix.net\/blog\/wp-content\/uploads\/2018\/05\/los-cepillos-cramic-colors-representan-muy-bien-esta-eleccion-donde-los-colores-mandan.jpg);--awb-background-size:cover;\" ><\/div><div class=\"fusion-builder-row fusion-row\"><div class=\"fusion-layout-column fusion_builder_column fusion-builder-column-0 fusion_builder_column_1_1 1_1 fusion-one-full fusion-column-first fusion-column-last\" style=\"--awb-padding-top:6%;--awb-padding-right:8%;--awb-padding-bottom:6%;--awb-padding-left:8%;--awb-bg-color:rgba(255,255,255,0.7);--awb-bg-size:cover;--awb-margin-top:0px;--awb-margin-bottom:0px;\"><div class=\"fusion-column-wrapper fusion-column-has-shadow fusion-flex-column-wrapper-legacy\"><div class=\"fusion-text fusion-text-1 caption\"><p style=\"text-align: center;\">Novedades \u2014 3 min de lectura<\/p>\n<\/div><div class=\"fusion-title title fusion-title-1 fusion-sep-none fusion-title-center fusion-title-text fusion-title-size-two\" style=\"--awb-margin-top:30px;--awb-margin-bottom:20px;\"><h2 class=\"title-heading-center fusion-responsive-typography-calculated\" style=\"margin:0;--fontSize:50;line-height:1.28;\">La psicolog\u00eda del color: as\u00ed afecta a las ventas<\/h2><\/div><div class=\"fusion-clearfix\"><\/div><\/div><\/div><\/div><\/div><div class=\"fusion-fullwidth fullwidth-box fusion-builder-row-2 fusion-parallax-none nonhundred-percent-fullwidth non-hundred-percent-height-scrolling fusion-no-large-visibility\" style=\"--awb-border-radius-top-left:0px;--awb-border-radius-top-right:0px;--awb-border-radius-bottom-right:0px;--awb-border-radius-bottom-left:0px;--awb-background-image:url(&quot;https:\/\/termix.net\/blog\/wp-content\/uploads\/2019\/11\/con-el-secador-compacto-profesioanl-4300-de-termix-damos-volumen-al-cabello-1.jpg&quot;);--awb-background-size:cover;\" ><div class=\"fusion-builder-row fusion-row\"><div class=\"fusion-layout-column fusion_builder_column fusion-builder-column-1 fusion_builder_column_1_1 1_1 fusion-one-full fusion-column-first fusion-column-last fusion-column-inner-bg-wrapper\" style=\"--awb-padding-top:10%;--awb-padding-bottom:10%;--awb-inner-bg-image:url(&#039;http:\/\/termix.net\/blog\/wp-content\/uploads\/2019\/03\/single-blog-post-feat.jpg&#039;);--awb-inner-bg-position:center center;--awb-inner-bg-size:cover;\"><span class=\"fusion-column-inner-bg hover-type-zoomout\"><span class=\"fusion-column-anchor\"><span class=\"fusion-column-inner-bg-image\"><\/span><\/span><\/span><div class=\"fusion-column-wrapper fusion-flex-column-wrapper-legacy\" data-bg-url=\"http:\/\/termix.net\/blog\/wp-content\/uploads\/2019\/03\/single-blog-post-feat.jpg\"><div class=\"fusion-sep-clear\"><\/div><div class=\"fusion-separator fusion-no-large-visibility fusion-full-width-sep\" style=\"margin-left: auto;margin-right: auto;margin-top:200px;width:100%;\"><\/div><div class=\"fusion-sep-clear\"><\/div><div class=\"fusion-clearfix\"><\/div><\/div><\/div><div class=\"fusion-layout-column fusion_builder_column fusion-builder-column-2 fusion_builder_column_1_1 1_1 fusion-one-full fusion-column-first fusion-column-last\" style=\"--awb-padding-top:6%;--awb-bg-color:#ffffff;--awb-bg-size:cover;--awb-margin-top:0px;--awb-margin-bottom:0px;\"><div class=\"fusion-column-wrapper fusion-flex-column-wrapper-legacy\"><div class=\"fusion-text fusion-text-2 caption\"><p style=\"text-align: center;\">Novedades \u2014 3 min de lectura<\/p>\n<\/div><div class=\"fusion-title title fusion-title-2 fusion-sep-none fusion-title-center fusion-title-text fusion-title-size-two\" style=\"--awb-margin-top:30px;--awb-margin-bottom:20px;\"><h2 class=\"title-heading-center fusion-responsive-typography-calculated\" style=\"margin:0;--fontSize:50;line-height:1.28;\">La psicolog\u00eda del color: as\u00ed afecta a las ventas<\/h2><\/div><div class=\"fusion-clearfix\"><\/div><\/div><\/div><\/div><\/div><div class=\"fusion-fullwidth fullwidth-box fusion-builder-row-3 nonhundred-percent-fullwidth non-hundred-percent-height-scrolling\" style=\"--awb-border-radius-top-left:0px;--awb-border-radius-top-right:0px;--awb-border-radius-bottom-right:0px;--awb-border-radius-bottom-left:0px;--awb-padding-top:10px;--awb-padding-bottom:4%;\" ><div class=\"fusion-builder-row fusion-row\"><div class=\"fusion-layout-column fusion_builder_column fusion-builder-column-3 fusion_builder_column_1_6 1_6 fusion-one-sixth fusion-column-first fusion-no-small-visibility fusion-no-medium-visibility\" style=\"--awb-bg-size:cover;width:16.666666666667%;width:calc(16.666666666667% - ( ( 0 ) * 0.16666666666667 ) );margin-right: 0px;\"><div class=\"fusion-column-wrapper fusion-flex-column-wrapper-legacy\"><div class=\"fusion-clearfix\"><\/div><\/div><\/div><div class=\"fusion-layout-column fusion_builder_column fusion-builder-column-4 fusion_builder_column_2_3 2_3 fusion-two-third fusion-column-last\" style=\"--awb-bg-size:cover;width:66.666666666667%;width:calc(66.666666666667% - ( ( 0 ) * 0.66666666666667 ) );\"><div class=\"fusion-column-wrapper fusion-flex-column-wrapper-legacy\"><div class=\"fusion-sep-clear\"><\/div><div class=\"fusion-separator fusion-full-width-sep\" style=\"margin-left: auto;margin-right: auto;margin-top:30px;width:100%;\"><\/div><div class=\"fusion-sep-clear\"><\/div><div class=\"fusion-text fusion-text-3\"><p style=\"text-align: center;\"><strong>El color<\/strong><\/p>\n<p>\u00bfsimple opci\u00f3n est\u00e9tica o caracter\u00edstica que esconde mucho m\u00e1s? Puede que aclaremos esta duda si te decimos que el 84% de los consumidores se decantan por comprar un producto u otro en funci\u00f3n de su color. Que este dato produzca sorpresa no es extra\u00f1o y es por ello que te traemos todo lo que debes saber sobre la denominada psicolog\u00eda del color.<\/p>\n<p style=\"text-align: center;\"><strong>\u00bfSe tratar\u00e1 de uno de los secretos para atraer a los consumidores?<\/strong><\/p>\n<\/div><div class=\"fusion-sep-clear\"><\/div><div class=\"fusion-separator fusion-full-width-sep\" style=\"margin-left: auto;margin-right: auto;margin-top:30px;width:100%;\"><\/div><div class=\"fusion-sep-clear\"><\/div><div class=\"fusion-text fusion-text-4\"><p align=\"justify\">Si pensamos en <strong>REBAJAS<\/strong>, probablemente lo hagamos ti\u00f1endo nuestro cartel imaginario de un fuerte tono rojo. \u00bfEs esto producto del azar o la costumbre? Ninguna de estas dos opciones parece ser v\u00e1lida. El color es uno de los principales factores que atrae nuestra atenci\u00f3n, impactando de lleno en la toma de decisiones del consumidor. Y es que, en tan s\u00f3lo<strong> 90 segundos<\/strong> el comprador potencial ya habr\u00e1 decidido qu\u00e9 producto llevarse a la cesta. Si combinamos este dato con el que reafirma que <strong>el 93%<\/strong> se fija \u00fanicamente en la apariencia f\u00edsica de un producto\u2026 ya podemos llegar a imaginar el absoluto protagonismo del color relacion\u00e1ndolo con las ventas. Porque, como ya hemos adelantado, el <strong>84,7%<\/strong> de los consumidores se decantan por comprar un producto \u00fanicamente por el color de \u00e9ste. \u00bfCurioso verdad?<\/p>\n<p align=\"justify\"><img decoding=\"async\" class=\"alignnone size-full wp-image-23934\" src=\"https:\/\/termix.net\/blog\/wp-content\/uploads\/2018\/05\/banner-colors.jpg\" alt=\"los colores de tendencia en los cepillos termix\" width=\"1300\" height=\"500\" srcset=\"https:\/\/termix.net\/blog\/wp-content\/uploads\/2018\/05\/banner-colors-200x77.jpg 200w, https:\/\/termix.net\/blog\/wp-content\/uploads\/2018\/05\/banner-colors-300x115.jpg 300w, https:\/\/termix.net\/blog\/wp-content\/uploads\/2018\/05\/banner-colors-400x154.jpg 400w, https:\/\/termix.net\/blog\/wp-content\/uploads\/2018\/05\/banner-colors-600x231.jpg 600w, https:\/\/termix.net\/blog\/wp-content\/uploads\/2018\/05\/banner-colors-768x295.jpg 768w, https:\/\/termix.net\/blog\/wp-content\/uploads\/2018\/05\/banner-colors-800x308.jpg 800w, https:\/\/termix.net\/blog\/wp-content\/uploads\/2018\/05\/banner-colors-1024x394.jpg 1024w, https:\/\/termix.net\/blog\/wp-content\/uploads\/2018\/05\/banner-colors-1200x462.jpg 1200w, https:\/\/termix.net\/blog\/wp-content\/uploads\/2018\/05\/banner-colors.jpg 1300w\" sizes=\"(max-width: 1300px) 100vw, 1300px\" \/><\/p>\n<h2 style=\"text-align: center;\">Se llama psicolog\u00eda del color y ha llegado para quedarse<\/h2>\n<p align=\"justify\">A veces puede parecer bastante incre\u00edble que un color influya tan directamente en los h\u00e1bitos de consumo, pero se trata de un componente que nos afecta, tanto a nivel consciente como inconsciente. <strong>Eva Heller<\/strong> descubri\u00f3 algo m\u00e1s al respecto, desarrollando el estudio m\u00e1s relevante sobre los colores. En \u201c<strong><em>Psicolog\u00eda del color: C\u00f3mo act\u00faan los colores sobre los sentimientos y la raz\u00f3n<\/em><\/strong>\u201d, la autora analizaba las asociaciones entre colores y sensaciones sobre m\u00e1s de 2000 personas. Con \u00e9l descubri\u00f3 un hecho revelador: colores y sentimientos no se relacionan de manera aleatoria, ni tampoco como resultado de gustos personales. El azul como sin\u00f3nimo de la tranquilidad o el amarillo como el color m\u00e1s alegre, eran y son evaluaciones constantemente repetidas. Se ha creado una especie de metalenguaje entorno al color, d\u00f3nde \u00e9ste ha quedado identificado con un significado concreto. Pero, \u00bfa qu\u00e9 corresponde esta creaci\u00f3n? A una combinaci\u00f3n entre antropolog\u00eda, cultura y un toque de experiencia.<\/p>\n<p align=\"justify\"><img decoding=\"async\" class=\"alignnone size-full wp-image-23932\" src=\"https:\/\/termix.net\/blog\/wp-content\/uploads\/2018\/05\/termix-cramic-colors-2018web.jpg\" alt=\"los colores de tendencia en los cepillos termix\" width=\"1160\" height=\"660\" srcset=\"https:\/\/termix.net\/blog\/wp-content\/uploads\/2018\/05\/termix-cramic-colors-2018web-200x114.jpg 200w, https:\/\/termix.net\/blog\/wp-content\/uploads\/2018\/05\/termix-cramic-colors-2018web-300x171.jpg 300w, https:\/\/termix.net\/blog\/wp-content\/uploads\/2018\/05\/termix-cramic-colors-2018web-400x228.jpg 400w, https:\/\/termix.net\/blog\/wp-content\/uploads\/2018\/05\/termix-cramic-colors-2018web-600x341.jpg 600w, https:\/\/termix.net\/blog\/wp-content\/uploads\/2018\/05\/termix-cramic-colors-2018web-768x437.jpg 768w, https:\/\/termix.net\/blog\/wp-content\/uploads\/2018\/05\/termix-cramic-colors-2018web-800x455.jpg 800w, https:\/\/termix.net\/blog\/wp-content\/uploads\/2018\/05\/termix-cramic-colors-2018web-1024x583.jpg 1024w, https:\/\/termix.net\/blog\/wp-content\/uploads\/2018\/05\/termix-cramic-colors-2018web.jpg 1160w\" sizes=\"(max-width: 1160px) 100vw, 1160px\" \/><\/p>\n<h2 style=\"text-align: center;\">El color ayuda a identificar la marca y crear un sentimiento entorno a ella<\/h2>\n<p align=\"justify\">As\u00ed como el color rojo nos decanta hacia la impulsividad, acelerando nuestro ritmo card\u00edaco y llama nuestra atenci\u00f3n, haci\u00e9ndose con el t\u00edtulo a protagonista absoluto de las campa\u00f1as de rebajas; el azul, logra despertar emociones de confianza y estabilidad. Por ello, es el encargado de vestir numerosas instituciones financieras y sus logos: un estudio del <strong>Journal of Business Research<\/strong> reconoc\u00eda que el <strong>15%<\/strong> de los clientes son m\u00e1s propensos a regresar a negocios con este esquema de color azulado. Incre\u00edble, pero cierto.<\/p>\n<p align=\"justify\"><img decoding=\"async\" class=\"alignnone size-full wp-image-23930\" src=\"https:\/\/termix.net\/blog\/wp-content\/uploads\/2018\/05\/El-color-puede-ayudarnos-a-identificar-una-marca-y-a-incrementar-las-ventas-estableciendo-un-enlace-con-el-consumidor.jpg\" alt=\"los colores de tendencia en los cepillos termix\" width=\"1160\" height=\"660\" srcset=\"https:\/\/termix.net\/blog\/wp-content\/uploads\/2018\/05\/El-color-puede-ayudarnos-a-identificar-una-marca-y-a-incrementar-las-ventas-estableciendo-un-enlace-con-el-consumidor-200x114.jpg 200w, https:\/\/termix.net\/blog\/wp-content\/uploads\/2018\/05\/El-color-puede-ayudarnos-a-identificar-una-marca-y-a-incrementar-las-ventas-estableciendo-un-enlace-con-el-consumidor-300x171.jpg 300w, https:\/\/termix.net\/blog\/wp-content\/uploads\/2018\/05\/El-color-puede-ayudarnos-a-identificar-una-marca-y-a-incrementar-las-ventas-estableciendo-un-enlace-con-el-consumidor-400x228.jpg 400w, https:\/\/termix.net\/blog\/wp-content\/uploads\/2018\/05\/El-color-puede-ayudarnos-a-identificar-una-marca-y-a-incrementar-las-ventas-estableciendo-un-enlace-con-el-consumidor-600x341.jpg 600w, https:\/\/termix.net\/blog\/wp-content\/uploads\/2018\/05\/El-color-puede-ayudarnos-a-identificar-una-marca-y-a-incrementar-las-ventas-estableciendo-un-enlace-con-el-consumidor-768x437.jpg 768w, https:\/\/termix.net\/blog\/wp-content\/uploads\/2018\/05\/El-color-puede-ayudarnos-a-identificar-una-marca-y-a-incrementar-las-ventas-estableciendo-un-enlace-con-el-consumidor-800x455.jpg 800w, https:\/\/termix.net\/blog\/wp-content\/uploads\/2018\/05\/El-color-puede-ayudarnos-a-identificar-una-marca-y-a-incrementar-las-ventas-estableciendo-un-enlace-con-el-consumidor-1024x583.jpg 1024w, https:\/\/termix.net\/blog\/wp-content\/uploads\/2018\/05\/El-color-puede-ayudarnos-a-identificar-una-marca-y-a-incrementar-las-ventas-estableciendo-un-enlace-con-el-consumidor.jpg 1160w\" sizes=\"(max-width: 1160px) 100vw, 1160px\" \/><\/p>\n<p align=\"justify\">Adem\u00e1s, el color nos ayuda a la comprensi\u00f3n de las im\u00e1genes, estableci\u00e9ndose como mucho m\u00e1s rentable (<strong>\u00a142 veces m\u00e1s!<\/strong>) un anuncio a todo color que uno en blanco y negro. La prueba la encontramos en el gigante de las bebidas carbonatadas. Y es que Coca-Cola se sirvi\u00f3 del color rojo para diferenciarse del resto de bebidas y llamar la atenci\u00f3n. Y vaya si lo consigui\u00f3.<\/p>\n<p align=\"justify\">Una vez que comprendemos que <strong>el color s\u00ed importa<\/strong>, debemos tener en cuenta tanto nuestro sector de negocio, como nuestro p\u00fablico objetivo para acertar de lleno con la elecci\u00f3n del esquema de colores ideal. Una decisi\u00f3n que se establece como indispensable para atraer y afianzar las ventas.<\/p>\n<h2 style=\"text-align: center;\">\u00bfQu\u00e9 colores son los favoritos en el mundo de la est\u00e9tica y la peluquer\u00eda?<\/h2>\n<p align=\"justify\">En el sector de la belleza, la <strong>est\u00e9tica y la peluquer\u00eda profesional<\/strong> debemos destacar algunos colores o combinaciones de estos que llegan a motivar la compra de forma m\u00e1s eficaz, puesto que conectan mucho m\u00e1s con el p\u00fablico objetivo.<\/p>\n<p align=\"justify\"><img decoding=\"async\" class=\"alignnone size-full wp-image-23928\" src=\"https:\/\/termix.net\/blog\/wp-content\/uploads\/2018\/05\/colorsweb3-1.jpg\" alt=\"los colores de tendencia en los cepillos termix\" width=\"1160\" height=\"660\" srcset=\"https:\/\/termix.net\/blog\/wp-content\/uploads\/2018\/05\/colorsweb3-1-200x114.jpg 200w, https:\/\/termix.net\/blog\/wp-content\/uploads\/2018\/05\/colorsweb3-1-300x171.jpg 300w, https:\/\/termix.net\/blog\/wp-content\/uploads\/2018\/05\/colorsweb3-1-400x228.jpg 400w, https:\/\/termix.net\/blog\/wp-content\/uploads\/2018\/05\/colorsweb3-1-600x341.jpg 600w, https:\/\/termix.net\/blog\/wp-content\/uploads\/2018\/05\/colorsweb3-1-768x437.jpg 768w, https:\/\/termix.net\/blog\/wp-content\/uploads\/2018\/05\/colorsweb3-1-800x455.jpg 800w, https:\/\/termix.net\/blog\/wp-content\/uploads\/2018\/05\/colorsweb3-1-1024x583.jpg 1024w, https:\/\/termix.net\/blog\/wp-content\/uploads\/2018\/05\/colorsweb3-1.jpg 1160w\" sizes=\"(max-width: 1160px) 100vw, 1160px\" \/><\/p>\n<h2 style=\"color: #f781be;\"><strong>ROSA:<\/strong><\/h2>\n<p align=\"justify\">El siempre tan atractivo color del amor. El tono rosa es el elegido, sin lugar a dudas, por las consumidoras de productos de est\u00e9tica y peluquer\u00eda profesional por su tono agradable que se asocia con la maternidad, la alegr\u00eda y la fuerza de lo femenino. Ganando por goleada, <strong>m\u00e1s del 35%<\/strong> elegir\u00edan este color como preferido.<\/p>\n<h2 style=\"color: #7969a3;\"><strong>LILA:<\/strong><\/h2>\n<p align=\"justify\">Se trata de uno de los colores preferidos por las consumidoras, elegido como predilecto en un <strong>23% de las ocasiones<\/strong>, solo superado por el color fucsia o rosado. Se trata de uno de los colores m\u00e1s utilizados en la industria de la est\u00e9tica y la belleza (sobre todo en productos anti-edad), estableci\u00e9ndose como una de las tonalidades m\u00e1s efectivas en cuanto a ventas destinadas a mujeres de entre 25 a 45 a\u00f1os. Un color asociado con el lujo, que transmite confianza y asegura calidad. Adem\u00e1s, este a\u00f1o 2018 ha experimentado un nuevo auge al seleccionarse como color Pantone del a\u00f1o el <span style=\"text-decoration: underline;\"><strong>UltraViolet<\/strong><\/span>, un subtono de p\u00farpura que ha entrado con fuerza en el mundo de la moda.<\/p>\n<h2 style=\"color: #c9d261;\"><strong>VERDE LIMA:<\/strong><\/h2>\n<p align=\"justify\">Un color vibrante y asociado con la naturaleza. Por ello, es normal descubrirlo como protagonista de productos ecol\u00f3gicos y respetuosos con el medio ambiente. Adem\u00e1s se considera neutral, es decir, que no despierta sensaciones negativas, \u00fanicamente se vincula con un estado o concepto: la salud. Tambi\u00e9n es neutral seg\u00fan el p\u00fablico que lo selecciona como color preferido, siendo un <strong>14%<\/strong> hombres y<strong> 14%<\/strong> mujeres.<\/p>\n<p align=\"justify\"><img decoding=\"async\" class=\"wp-image-13813 size-full aligncenter\" src=\"https:\/\/termix.net\/blog\/wp-content\/uploads\/2018\/05\/los-cepillos-cramic-colors-representan-muy-bien-esta-eleccion-donde-los-colores-mandan.jpg\" alt=\"los cepillos cramic colors representan muy bien esta eleccion- donde los colores mandan - marketing para salones de pleuquer\u00eda\" width=\"1160\" height=\"660\" \/><\/p>\n<p align=\"justify\">No es por ello casual, que los <strong>C\u00b7Ramic Colors 2018<\/strong> incluyan estos tres colores, convirti\u00e9ndose en una combinaci\u00f3n ideal que compagina a la perfecci\u00f3n con los deseos y criterios de la mayor parte de consumidores de productos de est\u00e9tica y peluquer\u00eda profesional.<\/p>\n<p align=\"justify\"><strong>NEGRO:<\/strong> Pese a que no se trate de un color como tal, el negro es muy utilizado en el sector de la peluquer\u00eda profesional. Se trata de un tono que transmite, de la misma forma que el morado o violeta, lujo, pero adem\u00e1s, orden y elegancia; siendo muchas veces sin\u00f3nimo de <strong>exclusividad<\/strong> y profesionalidad.<\/p>\n<p align=\"justify\"><img decoding=\"async\" class=\"alignnone size-full wp-image-23926\" src=\"https:\/\/termix.net\/blog\/wp-content\/uploads\/2018\/05\/El-color-negro-tambien-es-uno-de-los-colores-mas-demandados-en-el-mundo-de-la-estetica-y-la-peluqueria-profesional.jpg\" alt=\"los colores de tendencia en los cepillos termix\" width=\"1160\" height=\"660\" srcset=\"https:\/\/termix.net\/blog\/wp-content\/uploads\/2018\/05\/El-color-negro-tambien-es-uno-de-los-colores-mas-demandados-en-el-mundo-de-la-estetica-y-la-peluqueria-profesional-200x114.jpg 200w, https:\/\/termix.net\/blog\/wp-content\/uploads\/2018\/05\/El-color-negro-tambien-es-uno-de-los-colores-mas-demandados-en-el-mundo-de-la-estetica-y-la-peluqueria-profesional-300x171.jpg 300w, https:\/\/termix.net\/blog\/wp-content\/uploads\/2018\/05\/El-color-negro-tambien-es-uno-de-los-colores-mas-demandados-en-el-mundo-de-la-estetica-y-la-peluqueria-profesional-400x228.jpg 400w, https:\/\/termix.net\/blog\/wp-content\/uploads\/2018\/05\/El-color-negro-tambien-es-uno-de-los-colores-mas-demandados-en-el-mundo-de-la-estetica-y-la-peluqueria-profesional-600x341.jpg 600w, https:\/\/termix.net\/blog\/wp-content\/uploads\/2018\/05\/El-color-negro-tambien-es-uno-de-los-colores-mas-demandados-en-el-mundo-de-la-estetica-y-la-peluqueria-profesional-768x437.jpg 768w, https:\/\/termix.net\/blog\/wp-content\/uploads\/2018\/05\/El-color-negro-tambien-es-uno-de-los-colores-mas-demandados-en-el-mundo-de-la-estetica-y-la-peluqueria-profesional-800x455.jpg 800w, https:\/\/termix.net\/blog\/wp-content\/uploads\/2018\/05\/El-color-negro-tambien-es-uno-de-los-colores-mas-demandados-en-el-mundo-de-la-estetica-y-la-peluqueria-profesional-1024x583.jpg 1024w, https:\/\/termix.net\/blog\/wp-content\/uploads\/2018\/05\/El-color-negro-tambien-es-uno-de-los-colores-mas-demandados-en-el-mundo-de-la-estetica-y-la-peluqueria-profesional.jpg 1160w\" sizes=\"(max-width: 1160px) 100vw, 1160px\" \/><\/p>\n<h2 align=\"justify\">\u00bfSigues siendo esc\u00e9ptico en cuanto al poder del color aplicado en las ventas? Te animamos a que lo compruebes por ti mismo.<\/h2>\n<\/div><div class=\"fusion-clearfix\"><\/div><\/div><\/div><\/div><\/div><\/p>\n","protected":false},"excerpt":{"rendered":"","protected":false},"author":2,"featured_media":22106,"comment_status":"open","ping_status":"open","sticky":false,"template":"","format":"standard","meta":[],"categories":[6],"tags":[36],"yoast_head":"<!-- This site is optimized with the Yoast SEO plugin v20.0 - https:\/\/yoast.com\/wordpress\/plugins\/seo\/ -->\n<title>La psicolog\u00eda del color: \u00bfla clave para aumentar las ventas? - Termix<\/title>\n<meta name=\"description\" content=\"El color: \u00bfsimple opci\u00f3n est\u00e9tica o mucho m\u00e1s? Te invitamos a que compruebes c\u00f3mo el color puede ayudarte a afianzar y aumentar tus ventas.\" \/>\n<meta name=\"robots\" content=\"index, follow, max-snippet:-1, max-image-preview:large, max-video-preview:-1\" \/>\n<link rel=\"canonical\" href=\"https:\/\/termix.net\/blog\/es\/la-psicologia-del-color-ventas-marketing\/\" \/>\n<meta property=\"og:locale\" content=\"es_ES\" \/>\n<meta property=\"og:type\" content=\"article\" \/>\n<meta property=\"og:title\" content=\"La psicolog\u00eda del color: \u00bfla clave para aumentar las ventas? - Termix\" \/>\n<meta property=\"og:description\" content=\"El color: \u00bfsimple opci\u00f3n est\u00e9tica o mucho m\u00e1s? Te invitamos a que compruebes c\u00f3mo el color puede ayudarte a afianzar y aumentar tus ventas.\" \/>\n<meta property=\"og:url\" content=\"https:\/\/termix.net\/blog\/es\/la-psicologia-del-color-ventas-marketing\/\" \/>\n<meta property=\"og:site_name\" content=\"Blog Termix Spain\" \/>\n<meta property=\"article:published_time\" content=\"2018-05-04T05:21:48+00:00\" \/>\n<meta property=\"article:modified_time\" content=\"2020-10-09T10:42:20+00:00\" \/>\n<meta property=\"og:image\" content=\"https:\/\/termix.net\/blog\/wp-content\/uploads\/2018\/05\/los-cepillos-cramic-colors-representan-muy-bien-esta-eleccion-donde-los-colores-mandan.jpg\" \/>\n\t<meta property=\"og:image:width\" content=\"1160\" \/>\n\t<meta property=\"og:image:height\" content=\"660\" \/>\n\t<meta property=\"og:image:type\" content=\"image\/jpeg\" \/>\n<meta name=\"author\" content=\"TermixTeam\" \/>\n<meta name=\"twitter:card\" content=\"summary_large_image\" \/>\n<meta name=\"twitter:label1\" content=\"Escrito por\" \/>\n\t<meta name=\"twitter:data1\" content=\"TermixTeam\" \/>\n\t<meta name=\"twitter:label2\" content=\"Tiempo de lectura\" \/>\n\t<meta name=\"twitter:data2\" content=\"11 minutos\" \/>\n<script type=\"application\/ld+json\" class=\"yoast-schema-graph\">{\"@context\":\"https:\/\/schema.org\",\"@graph\":[{\"@type\":\"Article\",\"@id\":\"https:\/\/termix.net\/blog\/es\/la-psicologia-del-color-ventas-marketing\/#article\",\"isPartOf\":{\"@id\":\"https:\/\/termix.net\/blog\/es\/la-psicologia-del-color-ventas-marketing\/\"},\"author\":{\"name\":\"TermixTeam\",\"@id\":\"https:\/\/termix.net\/blog\/es\/#\/schema\/person\/9096c98bdf03c8ddf91ad7172f254f40\"},\"headline\":\"La psicolog\u00eda del color: as\u00ed afecta a las ventas\",\"datePublished\":\"2018-05-04T05:21:48+00:00\",\"dateModified\":\"2020-10-09T10:42:20+00:00\",\"mainEntityOfPage\":{\"@id\":\"https:\/\/termix.net\/blog\/es\/la-psicologia-del-color-ventas-marketing\/\"},\"wordCount\":2160,\"commentCount\":0,\"publisher\":{\"@id\":\"https:\/\/termix.net\/blog\/es\/#organization\"},\"keywords\":[\"tendencias\"],\"articleSection\":[\"NOTICIAS\"],\"inLanguage\":\"es\",\"potentialAction\":[{\"@type\":\"CommentAction\",\"name\":\"Comment\",\"target\":[\"https:\/\/termix.net\/blog\/es\/la-psicologia-del-color-ventas-marketing\/#respond\"]}]},{\"@type\":\"WebPage\",\"@id\":\"https:\/\/termix.net\/blog\/es\/la-psicologia-del-color-ventas-marketing\/\",\"url\":\"https:\/\/termix.net\/blog\/es\/la-psicologia-del-color-ventas-marketing\/\",\"name\":\"La psicolog\u00eda del color: \u00bfla clave para aumentar las ventas? - Termix\",\"isPartOf\":{\"@id\":\"https:\/\/termix.net\/blog\/es\/#website\"},\"datePublished\":\"2018-05-04T05:21:48+00:00\",\"dateModified\":\"2020-10-09T10:42:20+00:00\",\"description\":\"El color: \u00bfsimple opci\u00f3n est\u00e9tica o mucho m\u00e1s? Te invitamos a que compruebes c\u00f3mo el color puede ayudarte a afianzar y aumentar tus ventas.\",\"breadcrumb\":{\"@id\":\"https:\/\/termix.net\/blog\/es\/la-psicologia-del-color-ventas-marketing\/#breadcrumb\"},\"inLanguage\":\"es\",\"potentialAction\":[{\"@type\":\"ReadAction\",\"target\":[\"https:\/\/termix.net\/blog\/es\/la-psicologia-del-color-ventas-marketing\/\"]}]},{\"@type\":\"BreadcrumbList\",\"@id\":\"https:\/\/termix.net\/blog\/es\/la-psicologia-del-color-ventas-marketing\/#breadcrumb\",\"itemListElement\":[{\"@type\":\"ListItem\",\"position\":1,\"name\":\"Home\",\"item\":\"https:\/\/termix.net\/blog\/es\/\"},{\"@type\":\"ListItem\",\"position\":2,\"name\":\"La psicolog\u00eda del color: as\u00ed afecta a las ventas\"}]},{\"@type\":\"WebSite\",\"@id\":\"https:\/\/termix.net\/blog\/es\/#website\",\"url\":\"https:\/\/termix.net\/blog\/es\/\",\"name\":\"Blog Termix Spain\",\"description\":\"Blog de tendencias y productos de peluquer\u00eda profesional.\",\"publisher\":{\"@id\":\"https:\/\/termix.net\/blog\/es\/#organization\"},\"potentialAction\":[{\"@type\":\"SearchAction\",\"target\":{\"@type\":\"EntryPoint\",\"urlTemplate\":\"https:\/\/termix.net\/blog\/es\/?s={search_term_string}\"},\"query-input\":\"required name=search_term_string\"}],\"inLanguage\":\"es\"},{\"@type\":\"Organization\",\"@id\":\"https:\/\/termix.net\/blog\/es\/#organization\",\"name\":\"Dols Industrial de Peluquer\u00eda SA\",\"url\":\"https:\/\/termix.net\/blog\/es\/\",\"logo\":{\"@type\":\"ImageObject\",\"inLanguage\":\"es\",\"@id\":\"https:\/\/termix.net\/blog\/es\/#\/schema\/logo\/image\/\",\"url\":\"https:\/\/termix.net\/blog\/wp-content\/uploads\/2020\/10\/OGbDAeng.jpeg\",\"contentUrl\":\"https:\/\/termix.net\/blog\/wp-content\/uploads\/2020\/10\/OGbDAeng.jpeg\",\"width\":800,\"height\":800,\"caption\":\"Dols Industrial de Peluquer\u00eda SA\"},\"image\":{\"@id\":\"https:\/\/termix.net\/blog\/es\/#\/schema\/logo\/image\/\"}},{\"@type\":\"Person\",\"@id\":\"https:\/\/termix.net\/blog\/es\/#\/schema\/person\/9096c98bdf03c8ddf91ad7172f254f40\",\"name\":\"TermixTeam\",\"image\":{\"@type\":\"ImageObject\",\"inLanguage\":\"es\",\"@id\":\"https:\/\/termix.net\/blog\/es\/#\/schema\/person\/image\/\",\"url\":\"https:\/\/secure.gravatar.com\/avatar\/d89f61f6bd1c29a4acb231736d1c74b3?s=96&d=mm&r=g\",\"contentUrl\":\"https:\/\/secure.gravatar.com\/avatar\/d89f61f6bd1c29a4acb231736d1c74b3?s=96&d=mm&r=g\",\"caption\":\"TermixTeam\"},\"url\":\"https:\/\/termix.net\/blog\/es\/author\/termixteam\/\"}]}<\/script>\n<!-- \/ Yoast SEO plugin. -->","yoast_head_json":{"title":"La psicolog\u00eda del color: \u00bfla clave para aumentar las ventas? - Termix","description":"El color: \u00bfsimple opci\u00f3n est\u00e9tica o mucho m\u00e1s? Te invitamos a que compruebes c\u00f3mo el color puede ayudarte a afianzar y aumentar tus ventas.","robots":{"index":"index","follow":"follow","max-snippet":"max-snippet:-1","max-image-preview":"max-image-preview:large","max-video-preview":"max-video-preview:-1"},"canonical":"https:\/\/termix.net\/blog\/es\/la-psicologia-del-color-ventas-marketing\/","og_locale":"es_ES","og_type":"article","og_title":"La psicolog\u00eda del color: \u00bfla clave para aumentar las ventas? - Termix","og_description":"El color: \u00bfsimple opci\u00f3n est\u00e9tica o mucho m\u00e1s? Te invitamos a que compruebes c\u00f3mo el color puede ayudarte a afianzar y aumentar tus ventas.","og_url":"https:\/\/termix.net\/blog\/es\/la-psicologia-del-color-ventas-marketing\/","og_site_name":"Blog Termix Spain","article_published_time":"2018-05-04T05:21:48+00:00","article_modified_time":"2020-10-09T10:42:20+00:00","og_image":[{"width":1160,"height":660,"url":"https:\/\/termix.net\/blog\/wp-content\/uploads\/2018\/05\/los-cepillos-cramic-colors-representan-muy-bien-esta-eleccion-donde-los-colores-mandan.jpg","type":"image\/jpeg"}],"author":"TermixTeam","twitter_card":"summary_large_image","twitter_misc":{"Escrito por":"TermixTeam","Tiempo de lectura":"11 minutos"},"schema":{"@context":"https:\/\/schema.org","@graph":[{"@type":"Article","@id":"https:\/\/termix.net\/blog\/es\/la-psicologia-del-color-ventas-marketing\/#article","isPartOf":{"@id":"https:\/\/termix.net\/blog\/es\/la-psicologia-del-color-ventas-marketing\/"},"author":{"name":"TermixTeam","@id":"https:\/\/termix.net\/blog\/es\/#\/schema\/person\/9096c98bdf03c8ddf91ad7172f254f40"},"headline":"La psicolog\u00eda del color: as\u00ed afecta a las ventas","datePublished":"2018-05-04T05:21:48+00:00","dateModified":"2020-10-09T10:42:20+00:00","mainEntityOfPage":{"@id":"https:\/\/termix.net\/blog\/es\/la-psicologia-del-color-ventas-marketing\/"},"wordCount":2160,"commentCount":0,"publisher":{"@id":"https:\/\/termix.net\/blog\/es\/#organization"},"keywords":["tendencias"],"articleSection":["NOTICIAS"],"inLanguage":"es","potentialAction":[{"@type":"CommentAction","name":"Comment","target":["https:\/\/termix.net\/blog\/es\/la-psicologia-del-color-ventas-marketing\/#respond"]}]},{"@type":"WebPage","@id":"https:\/\/termix.net\/blog\/es\/la-psicologia-del-color-ventas-marketing\/","url":"https:\/\/termix.net\/blog\/es\/la-psicologia-del-color-ventas-marketing\/","name":"La psicolog\u00eda del color: \u00bfla clave para aumentar las ventas? - Termix","isPartOf":{"@id":"https:\/\/termix.net\/blog\/es\/#website"},"datePublished":"2018-05-04T05:21:48+00:00","dateModified":"2020-10-09T10:42:20+00:00","description":"El color: \u00bfsimple opci\u00f3n est\u00e9tica o mucho m\u00e1s? Te invitamos a que compruebes c\u00f3mo el color puede ayudarte a afianzar y aumentar tus ventas.","breadcrumb":{"@id":"https:\/\/termix.net\/blog\/es\/la-psicologia-del-color-ventas-marketing\/#breadcrumb"},"inLanguage":"es","potentialAction":[{"@type":"ReadAction","target":["https:\/\/termix.net\/blog\/es\/la-psicologia-del-color-ventas-marketing\/"]}]},{"@type":"BreadcrumbList","@id":"https:\/\/termix.net\/blog\/es\/la-psicologia-del-color-ventas-marketing\/#breadcrumb","itemListElement":[{"@type":"ListItem","position":1,"name":"Home","item":"https:\/\/termix.net\/blog\/es\/"},{"@type":"ListItem","position":2,"name":"La psicolog\u00eda del color: as\u00ed afecta a las ventas"}]},{"@type":"WebSite","@id":"https:\/\/termix.net\/blog\/es\/#website","url":"https:\/\/termix.net\/blog\/es\/","name":"Blog Termix Spain","description":"Blog de tendencias y productos de peluquer\u00eda profesional.","publisher":{"@id":"https:\/\/termix.net\/blog\/es\/#organization"},"potentialAction":[{"@type":"SearchAction","target":{"@type":"EntryPoint","urlTemplate":"https:\/\/termix.net\/blog\/es\/?s={search_term_string}"},"query-input":"required name=search_term_string"}],"inLanguage":"es"},{"@type":"Organization","@id":"https:\/\/termix.net\/blog\/es\/#organization","name":"Dols Industrial de Peluquer\u00eda SA","url":"https:\/\/termix.net\/blog\/es\/","logo":{"@type":"ImageObject","inLanguage":"es","@id":"https:\/\/termix.net\/blog\/es\/#\/schema\/logo\/image\/","url":"https:\/\/termix.net\/blog\/wp-content\/uploads\/2020\/10\/OGbDAeng.jpeg","contentUrl":"https:\/\/termix.net\/blog\/wp-content\/uploads\/2020\/10\/OGbDAeng.jpeg","width":800,"height":800,"caption":"Dols Industrial de Peluquer\u00eda SA"},"image":{"@id":"https:\/\/termix.net\/blog\/es\/#\/schema\/logo\/image\/"}},{"@type":"Person","@id":"https:\/\/termix.net\/blog\/es\/#\/schema\/person\/9096c98bdf03c8ddf91ad7172f254f40","name":"TermixTeam","image":{"@type":"ImageObject","inLanguage":"es","@id":"https:\/\/termix.net\/blog\/es\/#\/schema\/person\/image\/","url":"https:\/\/secure.gravatar.com\/avatar\/d89f61f6bd1c29a4acb231736d1c74b3?s=96&d=mm&r=g","contentUrl":"https:\/\/secure.gravatar.com\/avatar\/d89f61f6bd1c29a4acb231736d1c74b3?s=96&d=mm&r=g","caption":"TermixTeam"},"url":"https:\/\/termix.net\/blog\/es\/author\/termixteam\/"}]}},"_links":{"self":[{"href":"https:\/\/termix.net\/blog\/es\/wp-json\/wp\/v2\/posts\/13808"}],"collection":[{"href":"https:\/\/termix.net\/blog\/es\/wp-json\/wp\/v2\/posts"}],"about":[{"href":"https:\/\/termix.net\/blog\/es\/wp-json\/wp\/v2\/types\/post"}],"author":[{"embeddable":true,"href":"https:\/\/termix.net\/blog\/es\/wp-json\/wp\/v2\/users\/2"}],"replies":[{"embeddable":true,"href":"https:\/\/termix.net\/blog\/es\/wp-json\/wp\/v2\/comments?post=13808"}],"version-history":[{"count":4,"href":"https:\/\/termix.net\/blog\/es\/wp-json\/wp\/v2\/posts\/13808\/revisions"}],"predecessor-version":[{"id":27076,"href":"https:\/\/termix.net\/blog\/es\/wp-json\/wp\/v2\/posts\/13808\/revisions\/27076"}],"wp:featuredmedia":[{"embeddable":true,"href":"https:\/\/termix.net\/blog\/es\/wp-json\/wp\/v2\/media\/22106"}],"wp:attachment":[{"href":"https:\/\/termix.net\/blog\/es\/wp-json\/wp\/v2\/media?parent=13808"}],"wp:term":[{"taxonomy":"category","embeddable":true,"href":"https:\/\/termix.net\/blog\/es\/wp-json\/wp\/v2\/categories?post=13808"},{"taxonomy":"post_tag","embeddable":true,"href":"https:\/\/termix.net\/blog\/es\/wp-json\/wp\/v2\/tags?post=13808"}],"curies":[{"name":"wp","href":"https:\/\/api.w.org\/{rel}","templated":true}]}}