{"id":13228,"date":"2018-03-09T07:31:37","date_gmt":"2018-03-09T07:31:37","guid":{"rendered":"https:\/\/termix.net\/?p=13228"},"modified":"2019-12-05T09:50:45","modified_gmt":"2019-12-05T08:50:45","slug":"nuevo-profesional-black-reinventando-clasico","status":"publish","type":"post","link":"https:\/\/termix.net\/blog\/es\/nuevo-profesional-black-reinventando-clasico\/","title":{"rendered":"Nuevo Profesional Black: reinventando el cl\u00e1sico"},"content":{"rendered":"<p><div class=\"fusion-fullwidth fullwidth-box fusion-builder-row-1 faded-background fusion-parallax-none nonhundred-percent-fullwidth non-hundred-percent-height-scrolling fusion-no-small-visibility fusion-no-medium-visibility\" style=\"--awb-border-radius-top-left:0px;--awb-border-radius-top-right:0px;--awb-border-radius-bottom-right:0px;--awb-border-radius-bottom-left:0px;--awb-padding-top:24%;--awb-padding-right:3%;--awb-padding-left:3%;--awb-background-size:cover;\" ><div class=\"fullwidth-faded\" style=\"--awb-background-color:#181818;--awb-background-image:url(https:\/\/termix.net\/blog\/wp-content\/uploads\/2018\/03\/5cepillos.jpg);--awb-background-size:cover;\" ><\/div><div class=\"fusion-builder-row fusion-row\"><div class=\"fusion-layout-column fusion_builder_column fusion-builder-column-0 fusion_builder_column_1_1 1_1 fusion-one-full fusion-column-first fusion-column-last\" style=\"--awb-padding-top:6%;--awb-padding-right:8%;--awb-padding-bottom:6%;--awb-padding-left:8%;--awb-bg-color:rgba(255,255,255,0.7);--awb-bg-size:cover;--awb-margin-top:0px;--awb-margin-bottom:0px;\"><div class=\"fusion-column-wrapper fusion-column-has-shadow fusion-flex-column-wrapper-legacy\"><div class=\"fusion-text fusion-text-1 caption\"><p style=\"text-align: center;\">Novedades \u2014 3 min de lectura<\/p>\n<\/div><div class=\"fusion-title title fusion-title-1 fusion-sep-none fusion-title-center fusion-title-text fusion-title-size-two\" style=\"--awb-margin-top:30px;--awb-margin-bottom:20px;\"><h2 class=\"title-heading-center fusion-responsive-typography-calculated\" style=\"margin:0;--fontSize:50;line-height:1.28;\">Nuevo Profesional Black: reinventando el cl\u00e1sico<\/h2><\/div><div class=\"fusion-clearfix\"><\/div><\/div><\/div><\/div><\/div><div class=\"fusion-fullwidth fullwidth-box fusion-builder-row-2 fusion-parallax-none nonhundred-percent-fullwidth non-hundred-percent-height-scrolling fusion-no-large-visibility\" style=\"--awb-border-radius-top-left:0px;--awb-border-radius-top-right:0px;--awb-border-radius-bottom-right:0px;--awb-border-radius-bottom-left:0px;--awb-background-image:url(&quot;https:\/\/termix.net\/blog\/wp-content\/uploads\/2019\/11\/con-el-secador-compacto-profesioanl-4300-de-termix-damos-volumen-al-cabello-1.jpg&quot;);--awb-background-size:cover;\" ><div class=\"fusion-builder-row fusion-row\"><div class=\"fusion-layout-column fusion_builder_column fusion-builder-column-1 fusion_builder_column_1_1 1_1 fusion-one-full fusion-column-first fusion-column-last fusion-column-inner-bg-wrapper\" style=\"--awb-padding-top:10%;--awb-padding-bottom:10%;--awb-inner-bg-image:url(&#039;http:\/\/termix.net\/blog\/wp-content\/uploads\/2019\/03\/single-blog-post-feat.jpg&#039;);--awb-inner-bg-position:center center;--awb-inner-bg-size:cover;\"><span class=\"fusion-column-inner-bg hover-type-zoomout\"><span class=\"fusion-column-anchor\"><span class=\"fusion-column-inner-bg-image\"><\/span><\/span><\/span><div class=\"fusion-column-wrapper fusion-flex-column-wrapper-legacy\" data-bg-url=\"http:\/\/termix.net\/blog\/wp-content\/uploads\/2019\/03\/single-blog-post-feat.jpg\"><div class=\"fusion-sep-clear\"><\/div><div class=\"fusion-separator fusion-no-large-visibility fusion-full-width-sep\" style=\"margin-left: auto;margin-right: auto;margin-top:200px;width:100%;\"><\/div><div class=\"fusion-sep-clear\"><\/div><div class=\"fusion-clearfix\"><\/div><\/div><\/div><div class=\"fusion-layout-column fusion_builder_column fusion-builder-column-2 fusion_builder_column_1_1 1_1 fusion-one-full fusion-column-first fusion-column-last\" style=\"--awb-padding-top:6%;--awb-bg-color:#ffffff;--awb-bg-size:cover;--awb-margin-top:0px;--awb-margin-bottom:0px;\"><div class=\"fusion-column-wrapper fusion-flex-column-wrapper-legacy\"><div class=\"fusion-text fusion-text-2 caption\"><p style=\"text-align: center;\">Novedades \u2014 3 min de lectura<\/p>\n<\/div><div class=\"fusion-title title fusion-title-2 fusion-sep-none fusion-title-center fusion-title-text fusion-title-size-two\" style=\"--awb-margin-top:30px;--awb-margin-bottom:20px;\"><h2 class=\"title-heading-center fusion-responsive-typography-calculated\" style=\"margin:0;--fontSize:50;line-height:1.28;\">Nuevo Profesional Black: reinventando el cl\u00e1sico<\/h2><\/div><div class=\"fusion-clearfix\"><\/div><\/div><\/div><\/div><\/div><div class=\"fusion-fullwidth fullwidth-box fusion-builder-row-3 nonhundred-percent-fullwidth non-hundred-percent-height-scrolling\" style=\"--awb-border-radius-top-left:0px;--awb-border-radius-top-right:0px;--awb-border-radius-bottom-right:0px;--awb-border-radius-bottom-left:0px;--awb-padding-top:10px;--awb-padding-bottom:4%;\" ><div class=\"fusion-builder-row fusion-row\"><div class=\"fusion-layout-column fusion_builder_column fusion-builder-column-3 fusion_builder_column_1_6 1_6 fusion-one-sixth fusion-column-first fusion-no-small-visibility fusion-no-medium-visibility\" style=\"--awb-bg-size:cover;width:16.666666666667%;width:calc(16.666666666667% - ( ( 0 ) * 0.16666666666667 ) );margin-right: 0px;\"><div class=\"fusion-column-wrapper fusion-flex-column-wrapper-legacy\"><div class=\"fusion-clearfix\"><\/div><\/div><\/div><div class=\"fusion-layout-column fusion_builder_column fusion-builder-column-4 fusion_builder_column_2_3 2_3 fusion-two-third fusion-column-last\" style=\"--awb-bg-size:cover;width:66.666666666667%;width:calc(66.666666666667% - ( ( 0 ) * 0.66666666666667 ) );\"><div class=\"fusion-column-wrapper fusion-flex-column-wrapper-legacy\"><div class=\"fusion-sep-clear\"><\/div><div class=\"fusion-separator fusion-full-width-sep\" style=\"margin-left: auto;margin-right: auto;margin-top:30px;width:100%;\"><\/div><div class=\"fusion-sep-clear\"><\/div><div class=\"fusion-text fusion-text-3\"><p style=\"text-align: center;\">La experiencia del cepillo Termix profesional se fusiona con la tecnolog\u00eda del C\u00b7Ramic para dar la bienvenida al cepillo m\u00e1s elegante hasta el momento: el nuevo Profesional Black.<\/p>\n<p style=\"text-align: center;\"><strong> \u00bfTe atreves con la elegancia del Profesional Black?<\/strong><\/p>\n<p style=\"text-align: center;\">El cepillo profesional m\u00e1s vendido del mundo se actualiza y estrena una nueva imagen, apostando por la elegancia del color negro y la innovaci\u00f3n tecnol\u00f3gica. Con fibras de nylon 6.6, recubrimiento cer\u00e1mico del tubo, tecnolog\u00eda i\u00f3nica antiencrespamiento y mango ergon\u00f3mico, los nuevos Profesional Black han llegado para potenciar al m\u00e1ximo el brillo del cabello.<\/p>\n<\/div><div class=\"fusion-sep-clear\"><\/div><div class=\"fusion-separator fusion-full-width-sep\" style=\"margin-left: auto;margin-right: auto;margin-top:30px;width:100%;\"><\/div><div class=\"fusion-sep-clear\"><\/div><div class=\"fusion-text fusion-text-4\"><p>\u00a0<\/p>\n<p align=\"justify\"><img decoding=\"async\" class=\"aligncenter size-full wp-image-13229\" src=\"https:\/\/termix.net\/blog\/wp-content\/uploads\/2018\/03\/5cepillos.jpg\" alt=\"\" width=\"1160\" height=\"660\" \/><\/p>\n<p align=\"justify\">\u00a0<\/p>\n<h2 class=\"p2\"><b>ATR\u00c9VETE CON LA ELEGANCIA DEL PROFESIONAL BLACK<\/b><\/h2>\n<p align=\"justify\"><strong>El dise\u00f1o m\u00e1s elegante que combina con todo.<\/strong> Presentado en su versi\u00f3n m\u00e1s elegante, el <strong>cepillo Profesional Black<\/strong> se presenta en el<span class=\"Apple-converted-space\">\u00a0 <\/span>color negro m\u00e1s sutil. Una apuesta est\u00e9tica perfecta para integrarse en los salones m\u00e1s exigentes.<\/p>\n<p align=\"justify\"><strong>Innovaci\u00f3n al servicio del cabello.<\/strong> Se trata de un lanzamiento que no deja de lado la innovaci\u00f3n tecnol\u00f3gica, ya que, incluye un recubrimiento cer\u00e1mico por la superficie del tubo. Esta caracter\u00edstica permite repartir uniformemente el calor para lograr resultados r\u00e1pidos y precisos, cuidando al m\u00e1ximo la salud del cabello. Adem\u00e1s sus fibras de <strong>nylon 6.6<\/strong> de alto rendimiento, tienen efecto memoria, es decir, que recuperar\u00e1n su forma inicial una vez enfriado el cepillo.<\/p>\n<p align=\"justify\"><img decoding=\"async\" class=\"aligncenter size-full wp-image-13231\" src=\"https:\/\/termix.net\/blog\/wp-content\/uploads\/2018\/03\/fibras-nylon.jpg\" alt=\"\" width=\"1160\" height=\"660\" \/><\/p>\n<p align=\"justify\"><strong>Melena perfecta por mucho m\u00e1s tiempo.<\/strong> El Professional Black tambi\u00e9n incluye tecnolog\u00eda i\u00f3nica, una propiedad que evita el encrespamiento y colabora en el mantenimiento prolongado del estilismo y de las melenas m\u00e1s perfectas.<\/p>\n<p align=\"justify\"><strong>Pensado para tu comodidad.<\/strong> Con un <strong>mango 100% ergon\u00f3mico<\/strong> que se adapta a las manos y una p\u00faa extra\u00edble en color negro \u00fatil para hacer secciones en el cabello, el Profesional Black ha llegado para facilitar el trabajo de moldeado del cabello.<\/p>\n<p align=\"justify\"><img decoding=\"async\" class=\"aligncenter size-full wp-image-13230\" src=\"https:\/\/termix.net\/blog\/wp-content\/uploads\/2018\/03\/segundo-cepillos.jpg\" alt=\"\" width=\"1160\" height=\"660\" \/><\/p>\n<p align=\"justify\">El nuevo Profesional Black se convierte en la apuesta ganadora para aquellos que busquen un cepillo de dise\u00f1o sofisticado en combinaci\u00f3n con la tecnolog\u00eda de m\u00e1s alto nivel al servicio de la salud y brillo del cabello.<\/p>\n<\/div><div class=\"fusion-clearfix\"><\/div><\/div><\/div><\/div><\/div><div class=\"fusion-fullwidth fullwidth-box fusion-builder-row-4 nonhundred-percent-fullwidth non-hundred-percent-height-scrolling\" style=\"--awb-border-radius-top-left:0px;--awb-border-radius-top-right:0px;--awb-border-radius-bottom-right:0px;--awb-border-radius-bottom-left:0px;\" ><\/div><\/p>\n","protected":false},"excerpt":{"rendered":"<p>\t\t\t\tLa experiencia del cepillo Termix profesional se fusiona con la tecnolog\u00eda del C\u00b7Ramic para\u00a0dar la bienvenida al cepillo m\u00e1s elegante hasta el momento: el nuevo\u00a0Profesional Black. \u00bfTe atreves con la elegancia del Profesional Black?\t\t<\/p>\n","protected":false},"author":2,"featured_media":22152,"comment_status":"open","ping_status":"open","sticky":false,"template":"","format":"standard","meta":[],"categories":[6],"tags":[],"yoast_head":"<!-- This site is optimized with the Yoast SEO plugin v20.0 - https:\/\/yoast.com\/wordpress\/plugins\/seo\/ -->\n<title>Nuevo Profesional Black: reinventando el cl\u00e1sico - Blog Termix Spain<\/title>\n<meta name=\"description\" content=\"Blog Termix Spain - Nuevo Profesional Black: reinventando el cl\u00e1sico -\" \/>\n<meta name=\"robots\" content=\"index, follow, max-snippet:-1, max-image-preview:large, max-video-preview:-1\" \/>\n<link rel=\"canonical\" href=\"https:\/\/termix.net\/blog\/es\/nuevo-profesional-black-reinventando-clasico\/\" \/>\n<meta property=\"og:locale\" content=\"es_ES\" \/>\n<meta property=\"og:type\" content=\"article\" \/>\n<meta property=\"og:title\" content=\"Nuevo Profesional Black: reinventando el cl\u00e1sico - Blog Termix Spain\" \/>\n<meta property=\"og:description\" content=\"Blog Termix Spain - Nuevo Profesional Black: reinventando el cl\u00e1sico -\" \/>\n<meta property=\"og:url\" content=\"https:\/\/termix.net\/blog\/es\/nuevo-profesional-black-reinventando-clasico\/\" \/>\n<meta property=\"og:site_name\" content=\"Blog Termix Spain\" \/>\n<meta property=\"article:published_time\" content=\"2018-03-09T07:31:37+00:00\" \/>\n<meta property=\"article:modified_time\" content=\"2019-12-05T08:50:45+00:00\" \/>\n<meta property=\"og:image\" content=\"https:\/\/termix.net\/blog\/wp-content\/uploads\/2018\/03\/5cepillos.jpg\" \/>\n\t<meta property=\"og:image:width\" content=\"1160\" \/>\n\t<meta property=\"og:image:height\" content=\"660\" \/>\n\t<meta property=\"og:image:type\" content=\"image\/jpeg\" \/>\n<meta name=\"author\" content=\"TermixTeam\" \/>\n<meta name=\"twitter:card\" content=\"summary_large_image\" \/>\n<meta name=\"twitter:label1\" content=\"Escrito por\" \/>\n\t<meta name=\"twitter:data1\" content=\"TermixTeam\" \/>\n\t<meta name=\"twitter:label2\" content=\"Tiempo de lectura\" \/>\n\t<meta name=\"twitter:data2\" content=\"8 minutos\" \/>\n<script type=\"application\/ld+json\" class=\"yoast-schema-graph\">{\"@context\":\"https:\/\/schema.org\",\"@graph\":[{\"@type\":\"Article\",\"@id\":\"https:\/\/termix.net\/blog\/es\/nuevo-profesional-black-reinventando-clasico\/#article\",\"isPartOf\":{\"@id\":\"https:\/\/termix.net\/blog\/es\/nuevo-profesional-black-reinventando-clasico\/\"},\"author\":{\"name\":\"TermixTeam\",\"@id\":\"https:\/\/termix.net\/blog\/es\/#\/schema\/person\/9096c98bdf03c8ddf91ad7172f254f40\"},\"headline\":\"Nuevo Profesional Black: reinventando el cl\u00e1sico\",\"datePublished\":\"2018-03-09T07:31:37+00:00\",\"dateModified\":\"2019-12-05T08:50:45+00:00\",\"mainEntityOfPage\":{\"@id\":\"https:\/\/termix.net\/blog\/es\/nuevo-profesional-black-reinventando-clasico\/\"},\"wordCount\":1524,\"commentCount\":0,\"publisher\":{\"@id\":\"https:\/\/termix.net\/blog\/es\/#organization\"},\"articleSection\":[\"NOTICIAS\"],\"inLanguage\":\"es\",\"potentialAction\":[{\"@type\":\"CommentAction\",\"name\":\"Comment\",\"target\":[\"https:\/\/termix.net\/blog\/es\/nuevo-profesional-black-reinventando-clasico\/#respond\"]}]},{\"@type\":\"WebPage\",\"@id\":\"https:\/\/termix.net\/blog\/es\/nuevo-profesional-black-reinventando-clasico\/\",\"url\":\"https:\/\/termix.net\/blog\/es\/nuevo-profesional-black-reinventando-clasico\/\",\"name\":\"Nuevo Profesional Black: reinventando el cl\u00e1sico - Blog Termix Spain\",\"isPartOf\":{\"@id\":\"https:\/\/termix.net\/blog\/es\/#website\"},\"datePublished\":\"2018-03-09T07:31:37+00:00\",\"dateModified\":\"2019-12-05T08:50:45+00:00\",\"description\":\"Blog Termix Spain - Nuevo Profesional Black: reinventando el cl\u00e1sico -\",\"breadcrumb\":{\"@id\":\"https:\/\/termix.net\/blog\/es\/nuevo-profesional-black-reinventando-clasico\/#breadcrumb\"},\"inLanguage\":\"es\",\"potentialAction\":[{\"@type\":\"ReadAction\",\"target\":[\"https:\/\/termix.net\/blog\/es\/nuevo-profesional-black-reinventando-clasico\/\"]}]},{\"@type\":\"BreadcrumbList\",\"@id\":\"https:\/\/termix.net\/blog\/es\/nuevo-profesional-black-reinventando-clasico\/#breadcrumb\",\"itemListElement\":[{\"@type\":\"ListItem\",\"position\":1,\"name\":\"Home\",\"item\":\"https:\/\/termix.net\/blog\/es\/\"},{\"@type\":\"ListItem\",\"position\":2,\"name\":\"Nuevo Profesional Black: reinventando el cl\u00e1sico\"}]},{\"@type\":\"WebSite\",\"@id\":\"https:\/\/termix.net\/blog\/es\/#website\",\"url\":\"https:\/\/termix.net\/blog\/es\/\",\"name\":\"Blog Termix Spain\",\"description\":\"Blog de tendencias y productos de peluquer\u00eda profesional.\",\"publisher\":{\"@id\":\"https:\/\/termix.net\/blog\/es\/#organization\"},\"potentialAction\":[{\"@type\":\"SearchAction\",\"target\":{\"@type\":\"EntryPoint\",\"urlTemplate\":\"https:\/\/termix.net\/blog\/es\/?s={search_term_string}\"},\"query-input\":\"required name=search_term_string\"}],\"inLanguage\":\"es\"},{\"@type\":\"Organization\",\"@id\":\"https:\/\/termix.net\/blog\/es\/#organization\",\"name\":\"Dols Industrial de Peluquer\u00eda SA\",\"url\":\"https:\/\/termix.net\/blog\/es\/\",\"logo\":{\"@type\":\"ImageObject\",\"inLanguage\":\"es\",\"@id\":\"https:\/\/termix.net\/blog\/es\/#\/schema\/logo\/image\/\",\"url\":\"https:\/\/termix.net\/blog\/wp-content\/uploads\/2020\/10\/OGbDAeng.jpeg\",\"contentUrl\":\"https:\/\/termix.net\/blog\/wp-content\/uploads\/2020\/10\/OGbDAeng.jpeg\",\"width\":800,\"height\":800,\"caption\":\"Dols Industrial de Peluquer\u00eda SA\"},\"image\":{\"@id\":\"https:\/\/termix.net\/blog\/es\/#\/schema\/logo\/image\/\"}},{\"@type\":\"Person\",\"@id\":\"https:\/\/termix.net\/blog\/es\/#\/schema\/person\/9096c98bdf03c8ddf91ad7172f254f40\",\"name\":\"TermixTeam\",\"image\":{\"@type\":\"ImageObject\",\"inLanguage\":\"es\",\"@id\":\"https:\/\/termix.net\/blog\/es\/#\/schema\/person\/image\/\",\"url\":\"https:\/\/secure.gravatar.com\/avatar\/d89f61f6bd1c29a4acb231736d1c74b3?s=96&d=mm&r=g\",\"contentUrl\":\"https:\/\/secure.gravatar.com\/avatar\/d89f61f6bd1c29a4acb231736d1c74b3?s=96&d=mm&r=g\",\"caption\":\"TermixTeam\"},\"url\":\"https:\/\/termix.net\/blog\/es\/author\/termixteam\/\"}]}<\/script>\n<!-- \/ Yoast SEO plugin. -->","yoast_head_json":{"title":"Nuevo Profesional Black: reinventando el cl\u00e1sico - Blog Termix Spain","description":"Blog Termix Spain - Nuevo Profesional Black: reinventando el cl\u00e1sico -","robots":{"index":"index","follow":"follow","max-snippet":"max-snippet:-1","max-image-preview":"max-image-preview:large","max-video-preview":"max-video-preview:-1"},"canonical":"https:\/\/termix.net\/blog\/es\/nuevo-profesional-black-reinventando-clasico\/","og_locale":"es_ES","og_type":"article","og_title":"Nuevo Profesional Black: reinventando el cl\u00e1sico - Blog Termix Spain","og_description":"Blog Termix Spain - Nuevo Profesional Black: reinventando el cl\u00e1sico -","og_url":"https:\/\/termix.net\/blog\/es\/nuevo-profesional-black-reinventando-clasico\/","og_site_name":"Blog Termix Spain","article_published_time":"2018-03-09T07:31:37+00:00","article_modified_time":"2019-12-05T08:50:45+00:00","og_image":[{"width":1160,"height":660,"url":"https:\/\/termix.net\/blog\/wp-content\/uploads\/2018\/03\/5cepillos.jpg","type":"image\/jpeg"}],"author":"TermixTeam","twitter_card":"summary_large_image","twitter_misc":{"Escrito por":"TermixTeam","Tiempo de lectura":"8 minutos"},"schema":{"@context":"https:\/\/schema.org","@graph":[{"@type":"Article","@id":"https:\/\/termix.net\/blog\/es\/nuevo-profesional-black-reinventando-clasico\/#article","isPartOf":{"@id":"https:\/\/termix.net\/blog\/es\/nuevo-profesional-black-reinventando-clasico\/"},"author":{"name":"TermixTeam","@id":"https:\/\/termix.net\/blog\/es\/#\/schema\/person\/9096c98bdf03c8ddf91ad7172f254f40"},"headline":"Nuevo Profesional Black: reinventando el cl\u00e1sico","datePublished":"2018-03-09T07:31:37+00:00","dateModified":"2019-12-05T08:50:45+00:00","mainEntityOfPage":{"@id":"https:\/\/termix.net\/blog\/es\/nuevo-profesional-black-reinventando-clasico\/"},"wordCount":1524,"commentCount":0,"publisher":{"@id":"https:\/\/termix.net\/blog\/es\/#organization"},"articleSection":["NOTICIAS"],"inLanguage":"es","potentialAction":[{"@type":"CommentAction","name":"Comment","target":["https:\/\/termix.net\/blog\/es\/nuevo-profesional-black-reinventando-clasico\/#respond"]}]},{"@type":"WebPage","@id":"https:\/\/termix.net\/blog\/es\/nuevo-profesional-black-reinventando-clasico\/","url":"https:\/\/termix.net\/blog\/es\/nuevo-profesional-black-reinventando-clasico\/","name":"Nuevo Profesional Black: reinventando el cl\u00e1sico - Blog Termix Spain","isPartOf":{"@id":"https:\/\/termix.net\/blog\/es\/#website"},"datePublished":"2018-03-09T07:31:37+00:00","dateModified":"2019-12-05T08:50:45+00:00","description":"Blog Termix Spain - Nuevo Profesional Black: reinventando el cl\u00e1sico -","breadcrumb":{"@id":"https:\/\/termix.net\/blog\/es\/nuevo-profesional-black-reinventando-clasico\/#breadcrumb"},"inLanguage":"es","potentialAction":[{"@type":"ReadAction","target":["https:\/\/termix.net\/blog\/es\/nuevo-profesional-black-reinventando-clasico\/"]}]},{"@type":"BreadcrumbList","@id":"https:\/\/termix.net\/blog\/es\/nuevo-profesional-black-reinventando-clasico\/#breadcrumb","itemListElement":[{"@type":"ListItem","position":1,"name":"Home","item":"https:\/\/termix.net\/blog\/es\/"},{"@type":"ListItem","position":2,"name":"Nuevo Profesional Black: reinventando el cl\u00e1sico"}]},{"@type":"WebSite","@id":"https:\/\/termix.net\/blog\/es\/#website","url":"https:\/\/termix.net\/blog\/es\/","name":"Blog Termix Spain","description":"Blog de tendencias y productos de peluquer\u00eda profesional.","publisher":{"@id":"https:\/\/termix.net\/blog\/es\/#organization"},"potentialAction":[{"@type":"SearchAction","target":{"@type":"EntryPoint","urlTemplate":"https:\/\/termix.net\/blog\/es\/?s={search_term_string}"},"query-input":"required name=search_term_string"}],"inLanguage":"es"},{"@type":"Organization","@id":"https:\/\/termix.net\/blog\/es\/#organization","name":"Dols Industrial de Peluquer\u00eda SA","url":"https:\/\/termix.net\/blog\/es\/","logo":{"@type":"ImageObject","inLanguage":"es","@id":"https:\/\/termix.net\/blog\/es\/#\/schema\/logo\/image\/","url":"https:\/\/termix.net\/blog\/wp-content\/uploads\/2020\/10\/OGbDAeng.jpeg","contentUrl":"https:\/\/termix.net\/blog\/wp-content\/uploads\/2020\/10\/OGbDAeng.jpeg","width":800,"height":800,"caption":"Dols Industrial de Peluquer\u00eda SA"},"image":{"@id":"https:\/\/termix.net\/blog\/es\/#\/schema\/logo\/image\/"}},{"@type":"Person","@id":"https:\/\/termix.net\/blog\/es\/#\/schema\/person\/9096c98bdf03c8ddf91ad7172f254f40","name":"TermixTeam","image":{"@type":"ImageObject","inLanguage":"es","@id":"https:\/\/termix.net\/blog\/es\/#\/schema\/person\/image\/","url":"https:\/\/secure.gravatar.com\/avatar\/d89f61f6bd1c29a4acb231736d1c74b3?s=96&d=mm&r=g","contentUrl":"https:\/\/secure.gravatar.com\/avatar\/d89f61f6bd1c29a4acb231736d1c74b3?s=96&d=mm&r=g","caption":"TermixTeam"},"url":"https:\/\/termix.net\/blog\/es\/author\/termixteam\/"}]}},"_links":{"self":[{"href":"https:\/\/termix.net\/blog\/es\/wp-json\/wp\/v2\/posts\/13228"}],"collection":[{"href":"https:\/\/termix.net\/blog\/es\/wp-json\/wp\/v2\/posts"}],"about":[{"href":"https:\/\/termix.net\/blog\/es\/wp-json\/wp\/v2\/types\/post"}],"author":[{"embeddable":true,"href":"https:\/\/termix.net\/blog\/es\/wp-json\/wp\/v2\/users\/2"}],"replies":[{"embeddable":true,"href":"https:\/\/termix.net\/blog\/es\/wp-json\/wp\/v2\/comments?post=13228"}],"version-history":[{"count":2,"href":"https:\/\/termix.net\/blog\/es\/wp-json\/wp\/v2\/posts\/13228\/revisions"}],"predecessor-version":[{"id":22154,"href":"https:\/\/termix.net\/blog\/es\/wp-json\/wp\/v2\/posts\/13228\/revisions\/22154"}],"wp:featuredmedia":[{"embeddable":true,"href":"https:\/\/termix.net\/blog\/es\/wp-json\/wp\/v2\/media\/22152"}],"wp:attachment":[{"href":"https:\/\/termix.net\/blog\/es\/wp-json\/wp\/v2\/media?parent=13228"}],"wp:term":[{"taxonomy":"category","embeddable":true,"href":"https:\/\/termix.net\/blog\/es\/wp-json\/wp\/v2\/categories?post=13228"},{"taxonomy":"post_tag","embeddable":true,"href":"https:\/\/termix.net\/blog\/es\/wp-json\/wp\/v2\/tags?post=13228"}],"curies":[{"name":"wp","href":"https:\/\/api.w.org\/{rel}","templated":true}]}}