{"id":13219,"date":"2018-03-08T07:32:53","date_gmt":"2018-03-08T06:32:53","guid":{"rendered":"https:\/\/termix.net\/?p=13219"},"modified":"2019-12-17T14:13:01","modified_gmt":"2019-12-17T13:13:01","slug":"entrevistas-a-fondo-tres-mujeres-inspiradoras","status":"publish","type":"post","link":"https:\/\/termix.net\/blog\/es\/entrevistas-a-fondo-tres-mujeres-inspiradoras\/","title":{"rendered":"Entrevistas a fondo: Tres mujeres inspiradoras"},"content":{"rendered":"<p><div class=\"fusion-fullwidth fullwidth-box fusion-builder-row-1 faded-background fusion-parallax-none nonhundred-percent-fullwidth non-hundred-percent-height-scrolling fusion-no-small-visibility fusion-no-medium-visibility\" style=\"--awb-border-radius-top-left:0px;--awb-border-radius-top-right:0px;--awb-border-radius-bottom-right:0px;--awb-border-radius-bottom-left:0px;--awb-padding-top:24%;--awb-padding-right:3%;--awb-padding-left:3%;--awb-background-size:cover;\" ><div class=\"fullwidth-faded\" style=\"--awb-background-color:#181818;--awb-background-image:url(https:\/\/termix.net\/blog\/wp-content\/uploads\/2019\/11\/primerafotospecialcare.jpg);--awb-background-size:cover;\" ><\/div><div class=\"fusion-builder-row fusion-row\"><div class=\"fusion-layout-column fusion_builder_column fusion-builder-column-0 fusion_builder_column_1_1 1_1 fusion-one-full fusion-column-first fusion-column-last\" style=\"--awb-padding-top:6%;--awb-padding-right:8%;--awb-padding-bottom:6%;--awb-padding-left:8%;--awb-bg-color:rgba(255,255,255,0.7);--awb-bg-size:cover;--awb-margin-top:0px;--awb-margin-bottom:0px;\"><div class=\"fusion-column-wrapper fusion-column-has-shadow fusion-flex-column-wrapper-legacy\"><div class=\"fusion-text fusion-text-1 caption\"><p style=\"text-align: center;\">Novedades \u2014 3 min de lectura<\/p>\n<\/div><div class=\"fusion-title title fusion-title-1 fusion-sep-none fusion-title-center fusion-title-text fusion-title-size-two\" style=\"--awb-margin-top:30px;--awb-margin-bottom:20px;\"><h2 class=\"title-heading-center fusion-responsive-typography-calculated\" style=\"margin:0;--fontSize:50;line-height:1.28;\">Entrevistas a fondo: Tres mujeres inspiradoras<\/h2><\/div><div class=\"fusion-clearfix\"><\/div><\/div><\/div><\/div><\/div><div class=\"fusion-fullwidth fullwidth-box fusion-builder-row-2 fusion-parallax-none nonhundred-percent-fullwidth non-hundred-percent-height-scrolling fusion-no-large-visibility\" style=\"--awb-border-radius-top-left:0px;--awb-border-radius-top-right:0px;--awb-border-radius-bottom-right:0px;--awb-border-radius-bottom-left:0px;--awb-background-image:url(&quot;https:\/\/termix.net\/blog\/wp-content\/uploads\/2019\/11\/con-el-secador-compacto-profesioanl-4300-de-termix-damos-volumen-al-cabello-1.jpg&quot;);--awb-background-size:cover;\" ><div class=\"fusion-builder-row fusion-row\"><div class=\"fusion-layout-column fusion_builder_column fusion-builder-column-1 fusion_builder_column_1_1 1_1 fusion-one-full fusion-column-first fusion-column-last fusion-column-inner-bg-wrapper\" style=\"--awb-padding-top:10%;--awb-padding-bottom:10%;--awb-inner-bg-image:url(&#039;http:\/\/termix.net\/blog\/wp-content\/uploads\/2019\/03\/single-blog-post-feat.jpg&#039;);--awb-inner-bg-position:center center;--awb-inner-bg-size:cover;\"><span class=\"fusion-column-inner-bg hover-type-zoomout\"><span class=\"fusion-column-anchor\"><span class=\"fusion-column-inner-bg-image\"><\/span><\/span><\/span><div class=\"fusion-column-wrapper fusion-flex-column-wrapper-legacy\" data-bg-url=\"http:\/\/termix.net\/blog\/wp-content\/uploads\/2019\/03\/single-blog-post-feat.jpg\"><div class=\"fusion-sep-clear\"><\/div><div class=\"fusion-separator fusion-no-large-visibility fusion-full-width-sep\" style=\"margin-left: auto;margin-right: auto;margin-top:200px;width:100%;\"><\/div><div class=\"fusion-sep-clear\"><\/div><div class=\"fusion-clearfix\"><\/div><\/div><\/div><div class=\"fusion-layout-column fusion_builder_column fusion-builder-column-2 fusion_builder_column_1_1 1_1 fusion-one-full fusion-column-first fusion-column-last\" style=\"--awb-padding-top:6%;--awb-bg-color:#ffffff;--awb-bg-size:cover;--awb-margin-top:0px;--awb-margin-bottom:0px;\"><div class=\"fusion-column-wrapper fusion-flex-column-wrapper-legacy\"><div class=\"fusion-text fusion-text-2 caption\"><p style=\"text-align: center;\">Novedades \u2014 3 min de lectura<\/p>\n<\/div><div class=\"fusion-title title fusion-title-2 fusion-sep-none fusion-title-center fusion-title-text fusion-title-size-two\" style=\"--awb-margin-top:30px;--awb-margin-bottom:20px;\"><h2 class=\"title-heading-center fusion-responsive-typography-calculated\" style=\"margin:0;--fontSize:50;line-height:1.28;\">Entrevistas a fondo: Tres mujeres inspiradoras<\/h2><\/div><div class=\"fusion-clearfix\"><\/div><\/div><\/div><\/div><\/div><div class=\"fusion-fullwidth fullwidth-box fusion-builder-row-3 nonhundred-percent-fullwidth non-hundred-percent-height-scrolling\" style=\"--awb-border-radius-top-left:0px;--awb-border-radius-top-right:0px;--awb-border-radius-bottom-right:0px;--awb-border-radius-bottom-left:0px;--awb-padding-top:10px;--awb-padding-bottom:4%;\" ><div class=\"fusion-builder-row fusion-row\"><div class=\"fusion-layout-column fusion_builder_column fusion-builder-column-3 fusion_builder_column_1_6 1_6 fusion-one-sixth fusion-column-first fusion-no-small-visibility fusion-no-medium-visibility\" style=\"--awb-bg-size:cover;width:16.666666666667%;width:calc(16.666666666667% - ( ( 0 ) * 0.16666666666667 ) );margin-right: 0px;\"><div class=\"fusion-column-wrapper fusion-flex-column-wrapper-legacy\"><div class=\"fusion-clearfix\"><\/div><\/div><\/div><div class=\"fusion-layout-column fusion_builder_column fusion-builder-column-4 fusion_builder_column_2_3 2_3 fusion-two-third fusion-column-last\" style=\"--awb-bg-size:cover;width:66.666666666667%;width:calc(66.666666666667% - ( ( 0 ) * 0.66666666666667 ) );\"><div class=\"fusion-column-wrapper fusion-flex-column-wrapper-legacy\"><div class=\"fusion-sep-clear\"><\/div><div class=\"fusion-separator fusion-full-width-sep\" style=\"margin-left: auto;margin-right: auto;margin-top:30px;width:100%;\"><\/div><div class=\"fusion-sep-clear\"><\/div><div class=\"fusion-text fusion-text-3\"><p style=\"text-align: center;\"><span style=\"font-size: 22px; line-height: 1.5em;\">Hoy es un d\u00eda dedicado a todas aquellas valientes que han decidido apuntar alto y dedicarse en cuerpo y alma a cumplir sus sue\u00f1os. Para celebrar este esp\u00edritu reivindicativo, te traemos tres visiones de mujeres dedicadas en cuerpo y alma a su profesi\u00f3n, que tambi\u00e9n es su pasi\u00f3n, para que te inspires y te atrevas con todo.<\/span><\/p>\n<p style=\"text-align: center;\"><strong><span style=\"font-size: 22px; line-height: 1.5em;\"> \u00a1Feliz D\u00eda de la Mujer!<\/span><\/strong><\/p>\n<\/div><div class=\"fusion-sep-clear\"><\/div><div class=\"fusion-separator fusion-full-width-sep\" style=\"margin-left: auto;margin-right: auto;margin-top:30px;width:100%;\"><\/div><div class=\"fusion-sep-clear\"><\/div><div class=\"fusion-text fusion-text-4\"><p><img decoding=\"async\" class=\"alignnone size-full wp-image-24010\" src=\"https:\/\/termix.net\/blog\/wp-content\/uploads\/2018\/03\/primerafoto-1.jpg\" alt=\"entrevista tres mujeres dia de la mujer\" width=\"1160\" height=\"491\" srcset=\"https:\/\/termix.net\/blog\/wp-content\/uploads\/2018\/03\/primerafoto-1-200x85.jpg 200w, https:\/\/termix.net\/blog\/wp-content\/uploads\/2018\/03\/primerafoto-1-300x127.jpg 300w, https:\/\/termix.net\/blog\/wp-content\/uploads\/2018\/03\/primerafoto-1-400x169.jpg 400w, https:\/\/termix.net\/blog\/wp-content\/uploads\/2018\/03\/primerafoto-1-600x254.jpg 600w, https:\/\/termix.net\/blog\/wp-content\/uploads\/2018\/03\/primerafoto-1-768x325.jpg 768w, https:\/\/termix.net\/blog\/wp-content\/uploads\/2018\/03\/primerafoto-1-800x339.jpg 800w, https:\/\/termix.net\/blog\/wp-content\/uploads\/2018\/03\/primerafoto-1-1024x433.jpg 1024w, https:\/\/termix.net\/blog\/wp-content\/uploads\/2018\/03\/primerafoto-1.jpg 1160w\" sizes=\"(max-width: 1160px) 100vw, 1160px\" \/><\/p>\n<p><img decoding=\"async\" class=\"alignnone size-full wp-image-24008\" src=\"https:\/\/termix.net\/blog\/wp-content\/uploads\/2018\/03\/LORENA-MORLOTE-CON-FRASE.jpg\" alt=\"entrevista tres mujeres dia de la mujer\" width=\"1160\" height=\"400\" srcset=\"https:\/\/termix.net\/blog\/wp-content\/uploads\/2018\/03\/LORENA-MORLOTE-CON-FRASE-200x69.jpg 200w, https:\/\/termix.net\/blog\/wp-content\/uploads\/2018\/03\/LORENA-MORLOTE-CON-FRASE-300x103.jpg 300w, https:\/\/termix.net\/blog\/wp-content\/uploads\/2018\/03\/LORENA-MORLOTE-CON-FRASE-400x138.jpg 400w, https:\/\/termix.net\/blog\/wp-content\/uploads\/2018\/03\/LORENA-MORLOTE-CON-FRASE-600x207.jpg 600w, https:\/\/termix.net\/blog\/wp-content\/uploads\/2018\/03\/LORENA-MORLOTE-CON-FRASE-768x265.jpg 768w, https:\/\/termix.net\/blog\/wp-content\/uploads\/2018\/03\/LORENA-MORLOTE-CON-FRASE-800x276.jpg 800w, https:\/\/termix.net\/blog\/wp-content\/uploads\/2018\/03\/LORENA-MORLOTE-CON-FRASE-1024x353.jpg 1024w, https:\/\/termix.net\/blog\/wp-content\/uploads\/2018\/03\/LORENA-MORLOTE-CON-FRASE.jpg 1160w\" sizes=\"(max-width: 1160px) 100vw, 1160px\" \/><\/p>\n<p class=\"p1\" style=\"text-align: left;\"><strong>Lorena Morlote<\/strong> se define como una enamorada de su trabajo y mujer emprendedora de un proyecto \u00fanico.<\/p>\n<p class=\"p1\" style=\"text-align: left;\">Sus salones se han convertido en todo un referente en el mundo de la <strong>peluquer\u00eda profesional<\/strong>, siendo un espacio de creaci\u00f3n y d\u00f3nde la atenci\u00f3n al cliente es lo primordial.<\/p>\n<p><img decoding=\"async\" class=\"aligncenter size-full wp-image-13238\" src=\"https:\/\/termix.net\/blog\/wp-content\/uploads\/2018\/03\/GEMMA-RIBABIEN.jpg\" alt=\"\" width=\"1160\" height=\"400\" \/><\/p>\n<p align=\"justify\"><img decoding=\"async\" class=\"alignnone size-full wp-image-24006\" src=\"https:\/\/termix.net\/blog\/wp-content\/uploads\/2018\/03\/GEMMA-RIBABIEN-1.jpg\" alt=\"entrevista tres mujeres dia de la mujer\" width=\"1160\" height=\"400\" srcset=\"https:\/\/termix.net\/blog\/wp-content\/uploads\/2018\/03\/GEMMA-RIBABIEN-1-200x69.jpg 200w, https:\/\/termix.net\/blog\/wp-content\/uploads\/2018\/03\/GEMMA-RIBABIEN-1-300x103.jpg 300w, https:\/\/termix.net\/blog\/wp-content\/uploads\/2018\/03\/GEMMA-RIBABIEN-1-400x138.jpg 400w, https:\/\/termix.net\/blog\/wp-content\/uploads\/2018\/03\/GEMMA-RIBABIEN-1-600x207.jpg 600w, https:\/\/termix.net\/blog\/wp-content\/uploads\/2018\/03\/GEMMA-RIBABIEN-1-768x265.jpg 768w, https:\/\/termix.net\/blog\/wp-content\/uploads\/2018\/03\/GEMMA-RIBABIEN-1-800x276.jpg 800w, https:\/\/termix.net\/blog\/wp-content\/uploads\/2018\/03\/GEMMA-RIBABIEN-1-1024x353.jpg 1024w, https:\/\/termix.net\/blog\/wp-content\/uploads\/2018\/03\/GEMMA-RIBABIEN-1.jpg 1160w\" sizes=\"(max-width: 1160px) 100vw, 1160px\" \/><\/p>\n<p align=\"justify\">Apostando por su sue\u00f1o, <strong>Gemma Riba<\/strong> cambi\u00f3 el mundo de las finanzas por su vocaci\u00f3n: ser <strong>maquilladora<\/strong> y <strong>peluquera<\/strong> art\u00edstica.<\/p>\n<p align=\"justify\">Ha colaborado en numerosas <strong>editoriales de moda,<\/strong> <strong>revistas<\/strong>, <strong>spots publicitarios<\/strong> y grandes proyectos que la consolidan como estilista de referencia.<\/p>\n<p align=\"justify\">\u00a0<\/p>\n<p align=\"justify\"><img decoding=\"async\" class=\"alignnone size-full wp-image-24004\" src=\"https:\/\/termix.net\/blog\/wp-content\/uploads\/2018\/03\/yolandapina-1.jpg\" alt=\"entrevista tres mujeres dia de la mujer\" width=\"1160\" height=\"400\" srcset=\"https:\/\/termix.net\/blog\/wp-content\/uploads\/2018\/03\/yolandapina-1-200x69.jpg 200w, https:\/\/termix.net\/blog\/wp-content\/uploads\/2018\/03\/yolandapina-1-300x103.jpg 300w, https:\/\/termix.net\/blog\/wp-content\/uploads\/2018\/03\/yolandapina-1-400x138.jpg 400w, https:\/\/termix.net\/blog\/wp-content\/uploads\/2018\/03\/yolandapina-1-600x207.jpg 600w, https:\/\/termix.net\/blog\/wp-content\/uploads\/2018\/03\/yolandapina-1-768x265.jpg 768w, https:\/\/termix.net\/blog\/wp-content\/uploads\/2018\/03\/yolandapina-1-800x276.jpg 800w, https:\/\/termix.net\/blog\/wp-content\/uploads\/2018\/03\/yolandapina-1-1024x353.jpg 1024w, https:\/\/termix.net\/blog\/wp-content\/uploads\/2018\/03\/yolandapina-1.jpg 1160w\" sizes=\"(max-width: 1160px) 100vw, 1160px\" \/><\/p>\n<p><img decoding=\"async\" class=\"aligncenter size-full wp-image-13241\" src=\"https:\/\/termix.net\/blog\/wp-content\/uploads\/2018\/03\/yolandapina.jpg\" alt=\"\" width=\"1160\" height=\"400\" \/><\/p>\n<p align=\"justify\">Una apasionada del <strong>maquillaje y la caracterizaci\u00f3n<\/strong>, Yolanda Pi\u00f1a empez\u00f3 hace 20 a\u00f1os en el mundo de la est\u00e9tica.<\/p>\n<p align=\"justify\">A partir de ese momento ha seguido una carrera mete\u00f3rica, trabajando en superproducciones como \u201cSiete V\u00edrgenes\u201d, \u201cLa Voz Dormida\u201d o \u201cCabeza de Perro\u201d y estando nominada a los Goya hasta en tres ocasiones por \u201cGrupo 7\u201d, \u201cLa Isla M\u00ednima\u201d y \u201cEl hombre de las 3 caras\u201d.<\/p>\n<h2 class=\"p1\"><b>\u00bfCu\u00e1l crees que es la situaci\u00f3n de la mujer en el sector de la peluquer\u00eda y de la est\u00e9tica?<\/b><\/h2>\n<p align=\"justify\"><b>LORENA MORLOTE (LM): <\/b>Posiblemente se trate de un <strong>sector con una amplia mayor\u00eda femenina<\/strong>, en el que existe una <strong>muy buena valoraci\u00f3n<\/strong> de la mujer desde el punto de vista profesional. Sin embargo, de la misma forma que ocurre en otros sectores, es <strong>dif\u00edcil<\/strong> destacar en su vertiente <strong>m\u00e1s art\u00edstica<\/strong>. Y puede que la raz\u00f3n principal est\u00e9<span class=\"Apple-converted-space\">\u00a0 <\/span>en la dificultad que existe en el hecho de compaginar la vida laboral con la profesional.<b> <\/b><\/p>\n<p align=\"justify\"><b>GEMMA RIBA (GR): <\/b>La situaci\u00f3n de la mujer en el sector de la peluquer\u00eda y de la belleza <strong>es muy bueno<\/strong>. Por suerte, estamos muy bien consideradas y sobre todo desde el auge social del cuidado personal, el aspecto y las modas tan variantes. Considero que en el mundo del sal\u00f3n, del wellness y las artes audiovisuales nos hemos convertido en piezas primordiales.<\/p>\n<p align=\"justify\"><b>YOLANDA PI\u00d1A (YP): <\/b>Considero que la <strong>mujer est\u00e1 en un buen momento<\/strong>.<b> <\/b>Adem\u00e1s, actualmente estamos viviendo un aumento del inter\u00e9s por la est\u00e9tica y el cuidado del cabello, m\u00e1s por mejorar la autoestima y sentirse bien con uno mismo que por tener mejor aspecto.<\/p>\n<h2 class=\"p1\"><b>\u00bfCrees que faltan mujeres emprendedoras o que destaquen en el mundo de la peluquer\u00eda? \u00bfPor qu\u00e9?<\/b><\/h2>\n<p class=\"p1\"><b>LM: <\/b>El <strong>sector de la peluquer\u00eda<\/strong> es uno de los <strong>m\u00e1s innovadores<\/strong>, donde existe un alto \u00edndice de emprendimiento, siendo muchas las que hemos iniciado nuestro propio negocio. Como mujer emprendedora, animo a todas aquellas que se lo est\u00e9n planteando a <strong>pelear por su sue\u00f1o<\/strong> que, pese a que sea duro, tambi\u00e9n es muy enriquecedor.<\/p>\n<p align=\"justify\"><b>GR: <\/b>Indiscutiblemente s\u00ed. Considero que todav\u00eda hay mujeres que tienen <strong>miedo a no llegar<\/strong>, a no conseguir compaginar la vida privada con la personal\u2026 <strong>\u00a1Hay que ser positivas!<\/strong> Porque querer es poder, \u00fanicamente se necesita el apoyo y la coordinaci\u00f3n de aqu\u00e9llas personas que te quieren para facilitar los primeros pasos, que acostumbran a ser los m\u00e1s duros. Luego todo va rodado.<\/p>\n<p class=\"p1\"><b>YP:<span class=\"Apple-converted-space\">\u00a0 <\/span><\/b>S\u00ed, considero que incluso hoy en d\u00eda, faltan mujeres que se atrevan a coger impulso y a dar el salto en el <strong>mundo de la peluquer\u00eda<\/strong>. Somos pocas las que realmente tomamos el camino del riesgo, intentando destacar en el sector y decidirnos por ser emprendedoras.<\/p>\n<h2 class=\"p1\"><b>\u00bfQu\u00e9 ha sido o es lo m\u00e1s dif\u00edcil de tu trabajo?<\/b><\/h2>\n<p align=\"justify\"><b>LM: <\/b>Los <strong>principios siempre son lo m\u00e1s complicado<\/strong>, aunque tambi\u00e9n en el d\u00eda a d\u00eda te encuentras con situaciones un tanto dif\u00edciles. \u00danicamente hay que pararse y aprender a gestionarlas, valorando m\u00e1s las sensaciones positivas que el resto.<\/p>\n<p align=\"justify\"><b>GR: <\/b>Realmente encontrar <strong>d\u00edas libres<\/strong> para realizar cursos de reciclaje y nuevas tendencias, un aspecto sumamente importante para continuar a la \u00faltima y desarrollar mi trabajo con seguridad.<\/p>\n<p align=\"justify\"><b>YP: <\/b>Lo m\u00e1s dif\u00edcil fue despegar. Empec\u00e9 hace 20 a\u00f1os en el sector, desde abajo y, poco a poco, he ido aprendiendo, <strong>invirtiendo tiempo y reinvent\u00e1ndome<\/strong>, hasta llegar a la actualidad. Gracias a todo ese tiempo invertido en la que es mi pasi\u00f3n, cuento con varias nominaciones y reconocimientos, pero todav\u00eda me queda mucho por aprender.<\/p>\n<h2 class=\"p1\"><b>\u00bfUna estilista\u2026 se nace o se hace?<\/b><\/h2>\n<p align=\"justify\"><b>LM: <\/b>Creo que es algo que est\u00e1 <strong>equilibrado al menos al 50%<\/strong>. Tienes que nacer con esa pasi\u00f3n, pero tambi\u00e9n debes formarte constantemente para perfeccionarte.<\/p>\n<p align=\"justify\"><b>GR: <\/b>Creo que, si te gusta la moda, el cuidado personal y tienes tendencias art\u00edsticas, ya tienes una base. <strong>As\u00ed que, se nace<\/strong>. Y si encima amas este mundo y te gusta reinventarte\u2026 te haces.<\/p>\n<p align=\"justify\"><b>YP: <\/b>Es importante el <strong>talento innato<\/strong>, pero tambi\u00e9n la dedicaci\u00f3n y el tiempo que le inviertas al que es tu sue\u00f1o. Por eso, pienso que una estilista medio se nace y medio se hace.<\/p>\n<h2 class=\"p1\"><b>\u00bfQu\u00e9 es lo que m\u00e1s te gusta de tu trabajo?<\/b><\/h2>\n<p align=\"justify\"><b>LM: <\/b>Con lo que m\u00e1s disfruto es con el trato con la gente, poder <strong>escuchar, aprender y hacer feliz<\/strong> a cada uno de los clientes que pasan por mis manos o las de mi equipo, eso me llena de satisfacci\u00f3n.<\/p>\n<p align=\"justify\"><b>GR: <\/b>A parte del desarrollo creativo, me <strong>enorgullece y satisface<\/strong> ver lo contentos\/as que salen mis clientes del camerino. Sentir que pongo un granito de arena en aumentar su autoestima y hacer que salgan con seguridad en pantalla \u2013cuando trabajo en TV- o en el set \u2013en las sesiones fotogr\u00e1ficas-, es lo que m\u00e1s me apasiona de mi trabajo.<\/p>\n<p align=\"justify\"><b>YP:<\/b> La verdad que me cuesta <strong>elegir una sola cosa<\/strong>, puesto que adoro mi trabajo. Probablemente destacar\u00eda sobre otras cosas la labor de <strong>crear personajes<\/strong>, la creatividad o los cambios atrevidos.<\/p>\n<h2 class=\"p1\"><b>\u00bfQu\u00e9 consejos les dar\u00edas a las j\u00f3venes que quieren triunfar en peluquer\u00eda?<\/b><\/h2>\n<p align=\"justify\"><b>LM: <\/b>Sin duda, que persigan su sue\u00f1o. Una de mis m\u00e1ximas en la vida es <em><strong>\u201cquerer es poder\u201d<\/strong><\/em>, pero esto no significa que el camino sea f\u00e1cil. Hay que formarse continuamente y trabajar mucho, sin embargo, es una profesi\u00f3n muy bonita de la que disfrutar d\u00eda a d\u00eda.<\/p>\n<p align=\"justify\"><b>GR: <\/b>Lo m\u00e1s importante para <strong>triunfar en la peluquer\u00eda es amar la profesi\u00f3n<\/strong>, reciclarse constantemente, pero, por encima de todo, pasarlo bien creando y dando rienda suelta a la imaginaci\u00f3n. Recordemos que <strong>el cabello es un arte<\/strong>.<\/p>\n<p align=\"justify\"><b>YP: <\/b>Considero que lo imprescindible es <strong>amar la profesi\u00f3n<\/strong> y estar siempre pendiente de aquello nuevo. Que est\u00e9n <strong>abiertos al cambio<\/strong> y que se muestren \u00e1vidos\/as de conocimiento aplicado, ya que, se trata de una profesi\u00f3n viva, que se encuentra en evoluci\u00f3n constante.<\/p>\n<\/div><div class=\"fusion-clearfix\"><\/div><\/div><\/div><\/div><\/div><div class=\"fusion-fullwidth fullwidth-box fusion-builder-row-4 nonhundred-percent-fullwidth non-hundred-percent-height-scrolling\" style=\"--awb-border-radius-top-left:0px;--awb-border-radius-top-right:0px;--awb-border-radius-bottom-right:0px;--awb-border-radius-bottom-left:0px;\" ><\/div><\/p>\n","protected":false},"excerpt":{"rendered":"","protected":false},"author":2,"featured_media":21014,"comment_status":"open","ping_status":"open","sticky":false,"template":"","format":"standard","meta":[],"categories":[6],"tags":[],"yoast_head":"<!-- This site is optimized with the Yoast SEO plugin v20.0 - https:\/\/yoast.com\/wordpress\/plugins\/seo\/ -->\n<title>Entrevistas a mujeres inspiradoras del Mundo de peluquer\u00eda y la est\u00e9tica<\/title>\n<meta name=\"description\" content=\"Blog Termix Spain - Entrevistas a fondo: Tres mujeres inspiradoras -\" \/>\n<meta name=\"robots\" content=\"index, follow, max-snippet:-1, max-image-preview:large, max-video-preview:-1\" \/>\n<link rel=\"canonical\" href=\"https:\/\/termix.net\/blog\/es\/entrevistas-a-fondo-tres-mujeres-inspiradoras\/\" \/>\n<meta property=\"og:locale\" content=\"es_ES\" \/>\n<meta property=\"og:type\" content=\"article\" \/>\n<meta property=\"og:title\" content=\"Entrevistas a fondo: Tres mujeres inspiradoras\" \/>\n<meta property=\"og:description\" content=\"Blog Termix Spain - Entrevistas a fondo: Tres mujeres inspiradoras -\" \/>\n<meta property=\"og:url\" content=\"https:\/\/termix.net\/blog\/es\/entrevistas-a-fondo-tres-mujeres-inspiradoras\/\" \/>\n<meta property=\"og:site_name\" content=\"Blog Termix Spain\" \/>\n<meta property=\"article:published_time\" content=\"2018-03-08T06:32:53+00:00\" \/>\n<meta property=\"article:modified_time\" content=\"2019-12-17T13:13:01+00:00\" \/>\n<meta property=\"og:image\" content=\"https:\/\/termix.net\/blog\/wp-content\/uploads\/2019\/11\/primerafotospecialcare.jpg\" \/>\n\t<meta property=\"og:image:width\" content=\"1160\" \/>\n\t<meta property=\"og:image:height\" content=\"660\" \/>\n\t<meta property=\"og:image:type\" content=\"image\/jpeg\" \/>\n<meta name=\"author\" content=\"TermixTeam\" \/>\n<meta name=\"twitter:card\" content=\"summary_large_image\" \/>\n<meta name=\"twitter:title\" content=\"Entrevistas a fondo: Tres mujeres inspiradoras\" \/>\n<meta name=\"twitter:label1\" content=\"Escrito por\" \/>\n\t<meta name=\"twitter:data1\" content=\"TermixTeam\" \/>\n\t<meta name=\"twitter:label2\" content=\"Tiempo de lectura\" \/>\n\t<meta name=\"twitter:data2\" content=\"12 minutos\" \/>\n<script type=\"application\/ld+json\" class=\"yoast-schema-graph\">{\"@context\":\"https:\/\/schema.org\",\"@graph\":[{\"@type\":\"Article\",\"@id\":\"https:\/\/termix.net\/blog\/es\/entrevistas-a-fondo-tres-mujeres-inspiradoras\/#article\",\"isPartOf\":{\"@id\":\"https:\/\/termix.net\/blog\/es\/entrevistas-a-fondo-tres-mujeres-inspiradoras\/\"},\"author\":{\"name\":\"TermixTeam\",\"@id\":\"https:\/\/termix.net\/blog\/es\/#\/schema\/person\/9096c98bdf03c8ddf91ad7172f254f40\"},\"headline\":\"Entrevistas a fondo: Tres mujeres inspiradoras\",\"datePublished\":\"2018-03-08T06:32:53+00:00\",\"dateModified\":\"2019-12-17T13:13:01+00:00\",\"mainEntityOfPage\":{\"@id\":\"https:\/\/termix.net\/blog\/es\/entrevistas-a-fondo-tres-mujeres-inspiradoras\/\"},\"wordCount\":2367,\"commentCount\":0,\"publisher\":{\"@id\":\"https:\/\/termix.net\/blog\/es\/#organization\"},\"articleSection\":[\"NOTICIAS\"],\"inLanguage\":\"es\",\"potentialAction\":[{\"@type\":\"CommentAction\",\"name\":\"Comment\",\"target\":[\"https:\/\/termix.net\/blog\/es\/entrevistas-a-fondo-tres-mujeres-inspiradoras\/#respond\"]}]},{\"@type\":\"WebPage\",\"@id\":\"https:\/\/termix.net\/blog\/es\/entrevistas-a-fondo-tres-mujeres-inspiradoras\/\",\"url\":\"https:\/\/termix.net\/blog\/es\/entrevistas-a-fondo-tres-mujeres-inspiradoras\/\",\"name\":\"Entrevistas a mujeres inspiradoras del Mundo de peluquer\u00eda y la est\u00e9tica\",\"isPartOf\":{\"@id\":\"https:\/\/termix.net\/blog\/es\/#website\"},\"datePublished\":\"2018-03-08T06:32:53+00:00\",\"dateModified\":\"2019-12-17T13:13:01+00:00\",\"description\":\"Blog Termix Spain - Entrevistas a fondo: Tres mujeres inspiradoras -\",\"breadcrumb\":{\"@id\":\"https:\/\/termix.net\/blog\/es\/entrevistas-a-fondo-tres-mujeres-inspiradoras\/#breadcrumb\"},\"inLanguage\":\"es\",\"potentialAction\":[{\"@type\":\"ReadAction\",\"target\":[\"https:\/\/termix.net\/blog\/es\/entrevistas-a-fondo-tres-mujeres-inspiradoras\/\"]}]},{\"@type\":\"BreadcrumbList\",\"@id\":\"https:\/\/termix.net\/blog\/es\/entrevistas-a-fondo-tres-mujeres-inspiradoras\/#breadcrumb\",\"itemListElement\":[{\"@type\":\"ListItem\",\"position\":1,\"name\":\"Home\",\"item\":\"https:\/\/termix.net\/blog\/es\/\"},{\"@type\":\"ListItem\",\"position\":2,\"name\":\"Entrevistas a fondo: Tres mujeres inspiradoras\"}]},{\"@type\":\"WebSite\",\"@id\":\"https:\/\/termix.net\/blog\/es\/#website\",\"url\":\"https:\/\/termix.net\/blog\/es\/\",\"name\":\"Blog Termix Spain\",\"description\":\"Blog de tendencias y productos de peluquer\u00eda profesional.\",\"publisher\":{\"@id\":\"https:\/\/termix.net\/blog\/es\/#organization\"},\"potentialAction\":[{\"@type\":\"SearchAction\",\"target\":{\"@type\":\"EntryPoint\",\"urlTemplate\":\"https:\/\/termix.net\/blog\/es\/?s={search_term_string}\"},\"query-input\":\"required name=search_term_string\"}],\"inLanguage\":\"es\"},{\"@type\":\"Organization\",\"@id\":\"https:\/\/termix.net\/blog\/es\/#organization\",\"name\":\"Dols Industrial de Peluquer\u00eda SA\",\"url\":\"https:\/\/termix.net\/blog\/es\/\",\"logo\":{\"@type\":\"ImageObject\",\"inLanguage\":\"es\",\"@id\":\"https:\/\/termix.net\/blog\/es\/#\/schema\/logo\/image\/\",\"url\":\"https:\/\/termix.net\/blog\/wp-content\/uploads\/2020\/10\/OGbDAeng.jpeg\",\"contentUrl\":\"https:\/\/termix.net\/blog\/wp-content\/uploads\/2020\/10\/OGbDAeng.jpeg\",\"width\":800,\"height\":800,\"caption\":\"Dols Industrial de Peluquer\u00eda SA\"},\"image\":{\"@id\":\"https:\/\/termix.net\/blog\/es\/#\/schema\/logo\/image\/\"}},{\"@type\":\"Person\",\"@id\":\"https:\/\/termix.net\/blog\/es\/#\/schema\/person\/9096c98bdf03c8ddf91ad7172f254f40\",\"name\":\"TermixTeam\",\"image\":{\"@type\":\"ImageObject\",\"inLanguage\":\"es\",\"@id\":\"https:\/\/termix.net\/blog\/es\/#\/schema\/person\/image\/\",\"url\":\"https:\/\/secure.gravatar.com\/avatar\/d89f61f6bd1c29a4acb231736d1c74b3?s=96&d=mm&r=g\",\"contentUrl\":\"https:\/\/secure.gravatar.com\/avatar\/d89f61f6bd1c29a4acb231736d1c74b3?s=96&d=mm&r=g\",\"caption\":\"TermixTeam\"},\"url\":\"https:\/\/termix.net\/blog\/es\/author\/termixteam\/\"}]}<\/script>\n<!-- \/ Yoast SEO plugin. -->","yoast_head_json":{"title":"Entrevistas a mujeres inspiradoras del Mundo de peluquer\u00eda y la est\u00e9tica","description":"Blog Termix Spain - Entrevistas a fondo: Tres mujeres inspiradoras -","robots":{"index":"index","follow":"follow","max-snippet":"max-snippet:-1","max-image-preview":"max-image-preview:large","max-video-preview":"max-video-preview:-1"},"canonical":"https:\/\/termix.net\/blog\/es\/entrevistas-a-fondo-tres-mujeres-inspiradoras\/","og_locale":"es_ES","og_type":"article","og_title":"Entrevistas a fondo: Tres mujeres inspiradoras","og_description":"Blog Termix Spain - Entrevistas a fondo: Tres mujeres inspiradoras -","og_url":"https:\/\/termix.net\/blog\/es\/entrevistas-a-fondo-tres-mujeres-inspiradoras\/","og_site_name":"Blog Termix Spain","article_published_time":"2018-03-08T06:32:53+00:00","article_modified_time":"2019-12-17T13:13:01+00:00","og_image":[{"width":1160,"height":660,"url":"https:\/\/termix.net\/blog\/wp-content\/uploads\/2019\/11\/primerafotospecialcare.jpg","type":"image\/jpeg"}],"author":"TermixTeam","twitter_card":"summary_large_image","twitter_title":"Entrevistas a fondo: Tres mujeres inspiradoras","twitter_misc":{"Escrito por":"TermixTeam","Tiempo de lectura":"12 minutos"},"schema":{"@context":"https:\/\/schema.org","@graph":[{"@type":"Article","@id":"https:\/\/termix.net\/blog\/es\/entrevistas-a-fondo-tres-mujeres-inspiradoras\/#article","isPartOf":{"@id":"https:\/\/termix.net\/blog\/es\/entrevistas-a-fondo-tres-mujeres-inspiradoras\/"},"author":{"name":"TermixTeam","@id":"https:\/\/termix.net\/blog\/es\/#\/schema\/person\/9096c98bdf03c8ddf91ad7172f254f40"},"headline":"Entrevistas a fondo: Tres mujeres inspiradoras","datePublished":"2018-03-08T06:32:53+00:00","dateModified":"2019-12-17T13:13:01+00:00","mainEntityOfPage":{"@id":"https:\/\/termix.net\/blog\/es\/entrevistas-a-fondo-tres-mujeres-inspiradoras\/"},"wordCount":2367,"commentCount":0,"publisher":{"@id":"https:\/\/termix.net\/blog\/es\/#organization"},"articleSection":["NOTICIAS"],"inLanguage":"es","potentialAction":[{"@type":"CommentAction","name":"Comment","target":["https:\/\/termix.net\/blog\/es\/entrevistas-a-fondo-tres-mujeres-inspiradoras\/#respond"]}]},{"@type":"WebPage","@id":"https:\/\/termix.net\/blog\/es\/entrevistas-a-fondo-tres-mujeres-inspiradoras\/","url":"https:\/\/termix.net\/blog\/es\/entrevistas-a-fondo-tres-mujeres-inspiradoras\/","name":"Entrevistas a mujeres inspiradoras del Mundo de peluquer\u00eda y la est\u00e9tica","isPartOf":{"@id":"https:\/\/termix.net\/blog\/es\/#website"},"datePublished":"2018-03-08T06:32:53+00:00","dateModified":"2019-12-17T13:13:01+00:00","description":"Blog Termix Spain - Entrevistas a fondo: Tres mujeres inspiradoras -","breadcrumb":{"@id":"https:\/\/termix.net\/blog\/es\/entrevistas-a-fondo-tres-mujeres-inspiradoras\/#breadcrumb"},"inLanguage":"es","potentialAction":[{"@type":"ReadAction","target":["https:\/\/termix.net\/blog\/es\/entrevistas-a-fondo-tres-mujeres-inspiradoras\/"]}]},{"@type":"BreadcrumbList","@id":"https:\/\/termix.net\/blog\/es\/entrevistas-a-fondo-tres-mujeres-inspiradoras\/#breadcrumb","itemListElement":[{"@type":"ListItem","position":1,"name":"Home","item":"https:\/\/termix.net\/blog\/es\/"},{"@type":"ListItem","position":2,"name":"Entrevistas a fondo: Tres mujeres inspiradoras"}]},{"@type":"WebSite","@id":"https:\/\/termix.net\/blog\/es\/#website","url":"https:\/\/termix.net\/blog\/es\/","name":"Blog Termix Spain","description":"Blog de tendencias y productos de peluquer\u00eda profesional.","publisher":{"@id":"https:\/\/termix.net\/blog\/es\/#organization"},"potentialAction":[{"@type":"SearchAction","target":{"@type":"EntryPoint","urlTemplate":"https:\/\/termix.net\/blog\/es\/?s={search_term_string}"},"query-input":"required name=search_term_string"}],"inLanguage":"es"},{"@type":"Organization","@id":"https:\/\/termix.net\/blog\/es\/#organization","name":"Dols Industrial de Peluquer\u00eda SA","url":"https:\/\/termix.net\/blog\/es\/","logo":{"@type":"ImageObject","inLanguage":"es","@id":"https:\/\/termix.net\/blog\/es\/#\/schema\/logo\/image\/","url":"https:\/\/termix.net\/blog\/wp-content\/uploads\/2020\/10\/OGbDAeng.jpeg","contentUrl":"https:\/\/termix.net\/blog\/wp-content\/uploads\/2020\/10\/OGbDAeng.jpeg","width":800,"height":800,"caption":"Dols Industrial de Peluquer\u00eda SA"},"image":{"@id":"https:\/\/termix.net\/blog\/es\/#\/schema\/logo\/image\/"}},{"@type":"Person","@id":"https:\/\/termix.net\/blog\/es\/#\/schema\/person\/9096c98bdf03c8ddf91ad7172f254f40","name":"TermixTeam","image":{"@type":"ImageObject","inLanguage":"es","@id":"https:\/\/termix.net\/blog\/es\/#\/schema\/person\/image\/","url":"https:\/\/secure.gravatar.com\/avatar\/d89f61f6bd1c29a4acb231736d1c74b3?s=96&d=mm&r=g","contentUrl":"https:\/\/secure.gravatar.com\/avatar\/d89f61f6bd1c29a4acb231736d1c74b3?s=96&d=mm&r=g","caption":"TermixTeam"},"url":"https:\/\/termix.net\/blog\/es\/author\/termixteam\/"}]}},"_links":{"self":[{"href":"https:\/\/termix.net\/blog\/es\/wp-json\/wp\/v2\/posts\/13219"}],"collection":[{"href":"https:\/\/termix.net\/blog\/es\/wp-json\/wp\/v2\/posts"}],"about":[{"href":"https:\/\/termix.net\/blog\/es\/wp-json\/wp\/v2\/types\/post"}],"author":[{"embeddable":true,"href":"https:\/\/termix.net\/blog\/es\/wp-json\/wp\/v2\/users\/2"}],"replies":[{"embeddable":true,"href":"https:\/\/termix.net\/blog\/es\/wp-json\/wp\/v2\/comments?post=13219"}],"version-history":[{"count":4,"href":"https:\/\/termix.net\/blog\/es\/wp-json\/wp\/v2\/posts\/13219\/revisions"}],"predecessor-version":[{"id":25470,"href":"https:\/\/termix.net\/blog\/es\/wp-json\/wp\/v2\/posts\/13219\/revisions\/25470"}],"wp:featuredmedia":[{"embeddable":true,"href":"https:\/\/termix.net\/blog\/es\/wp-json\/wp\/v2\/media\/21014"}],"wp:attachment":[{"href":"https:\/\/termix.net\/blog\/es\/wp-json\/wp\/v2\/media?parent=13219"}],"wp:term":[{"taxonomy":"category","embeddable":true,"href":"https:\/\/termix.net\/blog\/es\/wp-json\/wp\/v2\/categories?post=13219"},{"taxonomy":"post_tag","embeddable":true,"href":"https:\/\/termix.net\/blog\/es\/wp-json\/wp\/v2\/tags?post=13219"}],"curies":[{"name":"wp","href":"https:\/\/api.w.org\/{rel}","templated":true}]}}