{"id":13130,"date":"2018-03-01T14:03:50","date_gmt":"2018-03-01T14:03:50","guid":{"rendered":"https:\/\/termix.net\/?p=13130"},"modified":"2019-12-17T14:26:48","modified_gmt":"2019-12-17T13:26:48","slug":"las-prensa-no-tiene-duda-eligen-las-planchas-de-pelo-velvet","status":"publish","type":"post","link":"https:\/\/termix.net\/blog\/es\/las-prensa-no-tiene-duda-eligen-las-planchas-de-pelo-velvet\/","title":{"rendered":"Las prensa no tiene duda: eligen las planchas de pelo Velvet"},"content":{"rendered":"<p><div class=\"fusion-fullwidth fullwidth-box fusion-builder-row-1 faded-background fusion-parallax-none nonhundred-percent-fullwidth non-hundred-percent-height-scrolling fusion-no-small-visibility fusion-no-medium-visibility\" style=\"--awb-border-radius-top-left:0px;--awb-border-radius-top-right:0px;--awb-border-radius-bottom-right:0px;--awb-border-radius-bottom-left:0px;--awb-padding-top:24%;--awb-padding-right:3%;--awb-padding-left:3%;--awb-background-size:cover;\" ><div class=\"fullwidth-faded\" style=\"--awb-background-color:#181818;--awb-background-image:url(https:\/\/termix.net\/blog\/wp-content\/uploads\/2018\/03\/black-pinkvelvetweb1.jpg);--awb-background-size:cover;\" ><\/div><div class=\"fusion-builder-row fusion-row\"><div class=\"fusion-layout-column fusion_builder_column fusion-builder-column-0 fusion_builder_column_1_1 1_1 fusion-one-full fusion-column-first fusion-column-last\" style=\"--awb-padding-top:6%;--awb-padding-right:8%;--awb-padding-bottom:6%;--awb-padding-left:8%;--awb-bg-color:rgba(255,255,255,0.7);--awb-bg-size:cover;--awb-margin-top:0px;--awb-margin-bottom:0px;\"><div class=\"fusion-column-wrapper fusion-column-has-shadow fusion-flex-column-wrapper-legacy\"><div class=\"fusion-text fusion-text-1 caption\"><p style=\"text-align: center;\">Novedades \u2014 3 min de lectura<\/p>\n<\/div><div class=\"fusion-title title fusion-title-1 fusion-sep-none fusion-title-center fusion-title-text fusion-title-size-two\" style=\"--awb-margin-top:30px;--awb-margin-bottom:20px;\"><h2 class=\"title-heading-center fusion-responsive-typography-calculated\" style=\"margin:0;--fontSize:50;line-height:1.28;\">Las prensa no tiene duda: eligen las planchas de pelo Velvet<\/h2><\/div><div class=\"fusion-clearfix\"><\/div><\/div><\/div><\/div><\/div><div class=\"fusion-fullwidth fullwidth-box fusion-builder-row-2 fusion-parallax-none nonhundred-percent-fullwidth non-hundred-percent-height-scrolling fusion-no-large-visibility\" style=\"--awb-border-radius-top-left:0px;--awb-border-radius-top-right:0px;--awb-border-radius-bottom-right:0px;--awb-border-radius-bottom-left:0px;--awb-background-image:url(&quot;https:\/\/termix.net\/blog\/wp-content\/uploads\/2019\/11\/con-el-secador-compacto-profesioanl-4300-de-termix-damos-volumen-al-cabello-1.jpg&quot;);--awb-background-size:cover;\" ><div class=\"fusion-builder-row fusion-row\"><div class=\"fusion-layout-column fusion_builder_column fusion-builder-column-1 fusion_builder_column_1_1 1_1 fusion-one-full fusion-column-first fusion-column-last fusion-column-inner-bg-wrapper\" style=\"--awb-padding-top:10%;--awb-padding-bottom:10%;--awb-inner-bg-image:url(&#039;http:\/\/termix.net\/blog\/wp-content\/uploads\/2019\/03\/single-blog-post-feat.jpg&#039;);--awb-inner-bg-position:center center;--awb-inner-bg-size:cover;\"><span class=\"fusion-column-inner-bg hover-type-zoomout\"><span class=\"fusion-column-anchor\"><span class=\"fusion-column-inner-bg-image\"><\/span><\/span><\/span><div class=\"fusion-column-wrapper fusion-flex-column-wrapper-legacy\" data-bg-url=\"http:\/\/termix.net\/blog\/wp-content\/uploads\/2019\/03\/single-blog-post-feat.jpg\"><div class=\"fusion-sep-clear\"><\/div><div class=\"fusion-separator fusion-no-large-visibility fusion-full-width-sep\" style=\"margin-left: auto;margin-right: auto;margin-top:200px;width:100%;\"><\/div><div class=\"fusion-sep-clear\"><\/div><div class=\"fusion-clearfix\"><\/div><\/div><\/div><div class=\"fusion-layout-column fusion_builder_column fusion-builder-column-2 fusion_builder_column_1_1 1_1 fusion-one-full fusion-column-first fusion-column-last\" style=\"--awb-padding-top:6%;--awb-bg-color:#ffffff;--awb-bg-size:cover;--awb-margin-top:0px;--awb-margin-bottom:0px;\"><div class=\"fusion-column-wrapper fusion-flex-column-wrapper-legacy\"><div class=\"fusion-text fusion-text-2 caption\"><p style=\"text-align: center;\">Novedades \u2014 3 min de lectura<\/p>\n<\/div><div class=\"fusion-title title fusion-title-2 fusion-sep-none fusion-title-center fusion-title-text fusion-title-size-two\" style=\"--awb-margin-top:30px;--awb-margin-bottom:20px;\"><h2 class=\"title-heading-center fusion-responsive-typography-calculated\" style=\"margin:0;--fontSize:50;line-height:1.28;\">Las prensa no tiene duda: eligen las planchas de pelo Velvet<\/h2><\/div><div class=\"fusion-clearfix\"><\/div><\/div><\/div><\/div><\/div><div class=\"fusion-fullwidth fullwidth-box fusion-builder-row-3 nonhundred-percent-fullwidth non-hundred-percent-height-scrolling\" style=\"--awb-border-radius-top-left:0px;--awb-border-radius-top-right:0px;--awb-border-radius-bottom-right:0px;--awb-border-radius-bottom-left:0px;--awb-padding-top:10px;--awb-padding-bottom:4%;\" ><div class=\"fusion-builder-row fusion-row\"><div class=\"fusion-layout-column fusion_builder_column fusion-builder-column-3 fusion_builder_column_1_6 1_6 fusion-one-sixth fusion-column-first fusion-no-small-visibility fusion-no-medium-visibility\" style=\"--awb-bg-size:cover;width:16.666666666667%;width:calc(16.666666666667% - ( ( 0 ) * 0.16666666666667 ) );margin-right: 0px;\"><div class=\"fusion-column-wrapper fusion-flex-column-wrapper-legacy\"><div class=\"fusion-clearfix\"><\/div><\/div><\/div><div class=\"fusion-layout-column fusion_builder_column fusion-builder-column-4 fusion_builder_column_2_3 2_3 fusion-two-third fusion-column-last\" style=\"--awb-bg-size:cover;width:66.666666666667%;width:calc(66.666666666667% - ( ( 0 ) * 0.66666666666667 ) );\"><div class=\"fusion-column-wrapper fusion-flex-column-wrapper-legacy\"><div class=\"fusion-sep-clear\"><\/div><div class=\"fusion-separator fusion-full-width-sep\" style=\"margin-left: auto;margin-right: auto;margin-top:30px;width:100%;\"><\/div><div class=\"fusion-sep-clear\"><\/div><div class=\"fusion-text fusion-text-3\"><p style=\"text-align: center;\">Con placas de cer\u00e1mica y turmalina, regulador de temperatura inteligente, tecnolog\u00eda Perfect Glide\u2026 Muchas ventajas en una misma plancha de pelo. Con todo ello, no nos extra\u00f1a que la pareja de terciopelo de Termix sea la elegida por profesionales, celebrities e influencers.<\/p>\n<p style=\"text-align: center;\"><strong>\u00bfTodav\u00eda no conoces el d\u00fao de planchas Velvet de Termix?<\/strong><\/p>\n<p style=\"text-align: center;\">\u00a1Te lo contamos todo!<\/p>\n<\/div><div class=\"fusion-sep-clear\"><\/div><div class=\"fusion-separator fusion-full-width-sep\" style=\"margin-left: auto;margin-right: auto;margin-top:30px;width:100%;\"><\/div><div class=\"fusion-sep-clear\"><\/div><div class=\"fusion-text fusion-text-4\"><p align=\"justify\"><img decoding=\"async\" class=\"alignnone size-full wp-image-24050\" src=\"https:\/\/termix.net\/blog\/wp-content\/uploads\/2018\/03\/dos-planchasmezcladas.jpg\" alt=\"la prensa no tiene duda eligen las planchas de pelo velvet de termix\" width=\"1160\" height=\"660\" srcset=\"https:\/\/termix.net\/blog\/wp-content\/uploads\/2018\/03\/dos-planchasmezcladas-200x114.jpg 200w, https:\/\/termix.net\/blog\/wp-content\/uploads\/2018\/03\/dos-planchasmezcladas-300x171.jpg 300w, https:\/\/termix.net\/blog\/wp-content\/uploads\/2018\/03\/dos-planchasmezcladas-400x228.jpg 400w, https:\/\/termix.net\/blog\/wp-content\/uploads\/2018\/03\/dos-planchasmezcladas-600x341.jpg 600w, https:\/\/termix.net\/blog\/wp-content\/uploads\/2018\/03\/dos-planchasmezcladas-768x437.jpg 768w, https:\/\/termix.net\/blog\/wp-content\/uploads\/2018\/03\/dos-planchasmezcladas-800x455.jpg 800w, https:\/\/termix.net\/blog\/wp-content\/uploads\/2018\/03\/dos-planchasmezcladas-1024x583.jpg 1024w, https:\/\/termix.net\/blog\/wp-content\/uploads\/2018\/03\/dos-planchasmezcladas.jpg 1160w\" sizes=\"(max-width: 1160px) 100vw, 1160px\" \/><\/p>\n<h2 align=\"justify\">\u00a0<\/h2>\n<h2 align=\"justify\"><span class=\"s1\"><strong>Black y Pink Velvet<\/strong>. <\/span><\/h2>\n<p align=\"justify\"><span class=\"s1\">En su versi\u00f3n m\u00e1s elegante o, bien, la m\u00e1s chic y divertida. Si por algo destacan estas dos <strong>planchas de pelo profesional<\/strong> es porque convencen a <strong>profesionales<\/strong> de la peluquer\u00eda, <strong>revistas especializadas<\/strong>, <strong>celebrities<\/strong> y <strong>consumidores<\/strong> por los perfectos resultados que ofrecen. Y es que estas dos <strong>herramientas de peluquer\u00eda profesional<\/strong> a\u00fanan <strong>dise\u00f1o y estilo<\/strong> en un mismo elemento. La revoluci\u00f3n del alisado profesional ha llegado para quedarse.<\/span><\/p>\n<p align=\"justify\"><img decoding=\"async\" class=\"alignnone size-full wp-image-24048\" src=\"https:\/\/termix.net\/blog\/wp-content\/uploads\/2018\/03\/plancha-de-pelo.jpg\" alt=\"la prensa no tiene duda eligen las planchas de pelo velvet de termix\" width=\"1160\" height=\"660\" srcset=\"https:\/\/termix.net\/blog\/wp-content\/uploads\/2018\/03\/plancha-de-pelo-200x114.jpg 200w, https:\/\/termix.net\/blog\/wp-content\/uploads\/2018\/03\/plancha-de-pelo-300x171.jpg 300w, https:\/\/termix.net\/blog\/wp-content\/uploads\/2018\/03\/plancha-de-pelo-400x228.jpg 400w, https:\/\/termix.net\/blog\/wp-content\/uploads\/2018\/03\/plancha-de-pelo-600x341.jpg 600w, https:\/\/termix.net\/blog\/wp-content\/uploads\/2018\/03\/plancha-de-pelo-768x437.jpg 768w, https:\/\/termix.net\/blog\/wp-content\/uploads\/2018\/03\/plancha-de-pelo-800x455.jpg 800w, https:\/\/termix.net\/blog\/wp-content\/uploads\/2018\/03\/plancha-de-pelo-1024x583.jpg 1024w, https:\/\/termix.net\/blog\/wp-content\/uploads\/2018\/03\/plancha-de-pelo.jpg 1160w\" sizes=\"(max-width: 1160px) 100vw, 1160px\" \/><\/p>\n<h2 class=\"p1\"><span class=\"s1\"><b>Destacadas por la prensa por su tecnolog\u00eda y versatilidad<\/b><\/span><\/h2>\n<p align=\"justify\"><span class=\"s1\">Son m\u00faltiples las publicaciones que ya las han elegido como <strong>las planchas de cabello m\u00e1s recomendables<\/strong>. La raz\u00f3n es sencilla: combinan la <strong>\u00faltima tecnolog\u00eda<\/strong> disponible con un <strong>dise\u00f1o atractivo<\/strong> y una gran <strong>versatilidad<\/strong>. Y es que, la <strong>Black y la Pink Velvet<\/strong> son <span style=\"text-decoration: underline;\"><strong>planchas de cabello<\/strong><\/span> que no se resisten a las tendencias, facilitando el trabajo de los profesionales para crear desde los <strong>alisados m\u00e1s perfectos<\/strong>, hasta las tan deseadas ondas hollywood. Gracias a sus <strong>placas Perfect Glide<\/strong> consiguen un deslizamiento tres veces mayor que el proporcionado por otras planchas y, adem\u00e1s, los bordes de estas finalizan con una leve curva, efecto que facilita la realizaci\u00f3n de las <strong>ondas m\u00e1s definidas<\/strong>. <\/span><\/p>\n<p>\u00a0<\/p>\n<p align=\"justify\"><span class=\"s1\">Por otro lado, la composici\u00f3n de sus placas incluye <strong>cer\u00e1mica y turmalina<\/strong>, dos materiales que, conjuntamente, potencian el brillo del cabello al m\u00e1ximo. No debemos olvidar el <strong>regulador de temperatura inteligente<\/strong> que permite seleccionar los grados adecuados para tu tipo de cabello sin temor a da\u00f1arlo. Pero esto no acaba aqu\u00ed y es que tanto la <strong>Black como la Pink Velvet<\/strong> se caracterizan por tener un <strong>tacto terciopelo<\/strong>, es decir, <strong>antideslizante y suave<\/strong>, que evita que resbale mientras la estamos utilizando. Si todav\u00eda no est\u00e1s convencida, quiz\u00e1 sean las habituales revistas de moda\u00a0 las que logren atrapar tu atenci\u00f3n. Conocidas publicaciones como <strong>Elle, Cuore, Clara o QMD!<\/strong> recomiendan encarecidamente el uso de estas dos <strong>planchas de pelo<\/strong>, no solo por su atractivo dise\u00f1o, sino por los <strong>resultados que consiguen<\/strong>.\u00a0<\/span><\/p>\n<p><img decoding=\"async\" class=\"alignnone size-full wp-image-24046\" src=\"https:\/\/termix.net\/blog\/wp-content\/uploads\/2018\/03\/cosmetiktrip9pinkvelvet.jpg\" alt=\"la prensa no tiene duda eligen las planchas de pelo velvet de termix\" width=\"1160\" height=\"660\" srcset=\"https:\/\/termix.net\/blog\/wp-content\/uploads\/2018\/03\/cosmetiktrip9pinkvelvet-200x114.jpg 200w, https:\/\/termix.net\/blog\/wp-content\/uploads\/2018\/03\/cosmetiktrip9pinkvelvet-300x171.jpg 300w, https:\/\/termix.net\/blog\/wp-content\/uploads\/2018\/03\/cosmetiktrip9pinkvelvet-400x228.jpg 400w, https:\/\/termix.net\/blog\/wp-content\/uploads\/2018\/03\/cosmetiktrip9pinkvelvet-600x341.jpg 600w, https:\/\/termix.net\/blog\/wp-content\/uploads\/2018\/03\/cosmetiktrip9pinkvelvet-768x437.jpg 768w, https:\/\/termix.net\/blog\/wp-content\/uploads\/2018\/03\/cosmetiktrip9pinkvelvet-800x455.jpg 800w, https:\/\/termix.net\/blog\/wp-content\/uploads\/2018\/03\/cosmetiktrip9pinkvelvet-1024x583.jpg 1024w, https:\/\/termix.net\/blog\/wp-content\/uploads\/2018\/03\/cosmetiktrip9pinkvelvet.jpg 1160w\" sizes=\"(max-width: 1160px) 100vw, 1160px\" \/><\/p>\n<h2 class=\"p1\"><span class=\"s1\"><b>Resultados que hablan por s\u00ed solos<\/b><\/span><\/h2>\n<p align=\"justify\"><span class=\"s1\">Desde una <span style=\"text-decoration: underline;\"><strong>onda desenfadada o messy<\/strong><\/span>, hasta un alisado completamente perfecto, pasando por una melena al m\u00e1s puro estilo hollywood, las <span style=\"text-decoration: underline;\"><strong>planchas Velvet de Termix<\/strong><\/span> se caracterizan por ser ampliamente polifac\u00e9ticas y atreverse con todo. Y son m\u00faltiples <strong>estilistas de renombre<\/strong> los que se deciden sin dudarlo por el d\u00fao de <strong>planchas de pelo<\/strong> Velvet.<\/span><\/p>\n<h2 class=\"p1\"><b>1)Un corte bob junto a Melania Hernandez<\/b><\/h2>\n<p align=\"justify\"><span class=\"s1\">Desde <strong>Tenerife<\/strong> llegaba una propuesta loose chic, una tendencia perfecta para <strong>recuperar el cabello<\/strong> despu\u00e9s de una exposici\u00f3n prolongada a agentes externos como el sol o la sal del mar. <span style=\"text-decoration: underline;\"><strong>Melania Hern\u00e1ndez<\/strong><\/span> utilizaba la <span style=\"text-decoration: underline;\"><strong>plancha Pink Velvet<\/strong> <\/span>para realizar un <strong>saneado del cabello<\/strong> y poner a punto esas puntas rebeldes que durante la estaci\u00f3n veraniega se hubieran visto da\u00f1adas.<\/span><\/p>\n<p><iframe src=\"https:\/\/www.youtube.com\/embed\/vBoQZPQaGQ4?rel=0\" width=\"100%\" height=\"480\" frameborder=\"0\" allowfullscreen=\"allowfullscreen\"><span data-mce-type=\"bookmark\" style=\"display: inline-block; width: 0px; overflow: hidden; line-height: 0;\" class=\"mce_SELRES_start\">\ufeff<\/span><\/iframe><\/p>\n<h2>\u00a0<\/h2>\n<h2 class=\"p1\"><b>2)Alexis D\u00edaz y un recogido de Miss<\/b><\/h2>\n<p class=\"p1\"><span class=\"s1\">El <span style=\"text-decoration: underline;\"><strong>estilista Alexis D\u00edaz<\/strong><\/span><span class=\"Apple-converted-space\">\u00a0 <\/span>tambi\u00e9n se decidi\u00f3 por la <span style=\"text-decoration: underline;\"><strong>plancha de pelo Pink Velvet<\/strong> <\/span>para moldear una de las melenas m\u00e1s bellas de 2018. Y es que en sus manos se pon\u00eda la <span style=\"text-decoration: underline;\"><strong>M<\/strong><\/span><span style=\"text-decoration: underline;\"><strong>i<\/strong><\/span><span style=\"text-decoration: underline;\"><strong>ss Sof\u00eda del Prado<\/strong><\/span>, en un estilismo sorprendente que inundar\u00eda de m\u00e1s glamour si cabe la noche de la gala de Miss Universo. Te lo mostramos:<\/span><\/p>\n<p><iframe src=\"https:\/\/www.youtube.com\/embed\/EOQplvb4dXk?rel=0\" width=\"100%\" height=\"480\" frameborder=\"0\" allowfullscreen=\"allowfullscreen\"><\/iframe><\/p>\n<h2>\u00a0<\/h2>\n<h2 class=\"p1\"><b>3)Backstage y una melena ultralisa<\/b><\/h2>\n<p align=\"justify\"><span class=\"s1\">La <span style=\"text-decoration: underline;\"><strong>Black Velvet<\/strong><\/span> se adentraba en el <strong>sal\u00f3n Backstage<\/strong> para atreverse a alisar una melena XL y, despu\u00e9s, realizar unas ondas suaves pero muy favorecedoras. <strong>\u00bfQuieres sorprenderte con la elegancia de la plancha Black Velvet?<\/strong><\/span><\/p>\n<p><iframe src=\"https:\/\/www.youtube.com\/embed\/g9YvGbJVPTo?rel=0\" width=\"100%\" height=\"480\" frameborder=\"0\" allowfullscreen=\"allowfullscreen\"><\/iframe><\/p>\n<h2 class=\"p1\"><b>4)Una plancha tambi\u00e9n apta para hombre<\/b><\/h2>\n<p align=\"justify\"><span class=\"s1\">Antonio Garrido propuso un nuevo reto: utilizar la <span style=\"text-decoration: underline;\"><strong>plancha de cabello Black Velvet<\/strong><\/span> para moldear una <strong>melena masculina<\/strong>. Un \u00e9xito rotundo lleno de ingenio.<\/span><\/p>\n<p><iframe src=\"https:\/\/www.youtube.com\/embed\/QBjGrR9QVWw?rel=0\" width=\"100%\" height=\"480\" frameborder=\"0\" allowfullscreen=\"allowfullscreen\"><\/iframe><\/p>\n<h2 class=\"p1\"><span class=\"s1\"><b>Las elegidas por las celebrities e influencers\u00a0<\/b><\/span><\/h2>\n<p class=\"p1\"><span class=\"s1\">La Pink Velvet fue la elegida para el <span style=\"text-decoration: underline;\"><strong>Cosmetik Trip9<\/strong><\/span>, el evento beauty por excelencia donde bloggers y trend setters se dan la mano para conocer los nuevos productos de belleza que incorporar en su rutina diaria. Pues bien, fue la <strong>Pink Velvet<\/strong> la mejor valorada por todas ellas, gracias a los fant\u00e1sticos resultados conseguidos en el <strong>Sal\u00f3n Moncho Moreno<\/strong>.\u00a0<\/span><\/p>\n<p><img decoding=\"async\" class=\"alignnone size-full wp-image-24044\" src=\"https:\/\/termix.net\/blog\/wp-content\/uploads\/2018\/03\/dos-celebritiesweb.jpg\" alt=\"la prensa no tiene duda eligen las planchas de pelo velvet de termix\" width=\"1160\" height=\"660\" srcset=\"https:\/\/termix.net\/blog\/wp-content\/uploads\/2018\/03\/dos-celebritiesweb-200x114.jpg 200w, https:\/\/termix.net\/blog\/wp-content\/uploads\/2018\/03\/dos-celebritiesweb-300x171.jpg 300w, https:\/\/termix.net\/blog\/wp-content\/uploads\/2018\/03\/dos-celebritiesweb-400x228.jpg 400w, https:\/\/termix.net\/blog\/wp-content\/uploads\/2018\/03\/dos-celebritiesweb-600x341.jpg 600w, https:\/\/termix.net\/blog\/wp-content\/uploads\/2018\/03\/dos-celebritiesweb-768x437.jpg 768w, https:\/\/termix.net\/blog\/wp-content\/uploads\/2018\/03\/dos-celebritiesweb-800x455.jpg 800w, https:\/\/termix.net\/blog\/wp-content\/uploads\/2018\/03\/dos-celebritiesweb-1024x583.jpg 1024w, https:\/\/termix.net\/blog\/wp-content\/uploads\/2018\/03\/dos-celebritiesweb.jpg 1160w\" sizes=\"(max-width: 1160px) 100vw, 1160px\" \/><\/p>\n<p align=\"justify\"><span class=\"s1\">Y no son pocas las celebrities que se han decantado por aceptar esta plancha como un indispensable para su neceser. <strong>Miri, exconcursante de MasterChef<\/strong>, la <strong>actriz Mariona Ribas<\/strong> o la <strong>medi\u00e1tica Irene Rosales<\/strong>, tras comprobar la versatilidad de esta herramienta de peluquer\u00eda profesional, decidieron, sin lugar a dudas, incluirla en su kit de belleza.\u00a0<\/span><\/p>\n<p align=\"justify\"><span class=\"s1\">Tambi\u00e9n la Black Velvet ha tenido protagonismo entre bambalinas. Y es que esta elegante plancha ha sido la encargada de moldear las melenas de tus actrices favoritas. Hablamos de la participaci\u00f3n de Termix en producciones como <em><strong>\u00c1nimas<\/strong><\/em>, <strong><em>La Luz de Elna<\/em><\/strong>, <strong><em>Tu Hijo<\/em><\/strong>, <strong><em><span style=\"text-decoration: underline;\">La Peste<\/span><\/em><\/strong>, <strong><em>Mira lo que has hecho<\/em><\/strong> o programas de \u00e9xito como <em><strong>C\u00e1mbiame <\/strong><\/em>o el reality show <strong><em>Got Talent<\/em><\/strong>. Y no es sino por su calidad, tecnolog\u00eda y versatilidad que la <span style=\"text-decoration: underline;\"><strong>plancha de pelo Black Velvet<\/strong> <\/span>ha conseguido entrar en los backstages m\u00e1s conocidos.<\/span><\/p>\n<p>\u00a0<\/p>\n<p align=\"justify\"><strong><span class=\"s1\">Y t\u00fa&#8230; \u00bfpor cu\u00e1l de estas dos plancha de pelo te decantas?<\/span><\/strong><\/p>\n<p align=\"justify\"><span class=\"s1\">Tanto si quieres <strong>potenciar tu lado m\u00e1s chic<\/strong> y divertido eligiendo la <span style=\"text-decoration: underline;\"><strong>Pink Velvet<\/strong><\/span> o prefieres un color m\u00e1s cl\u00e1sico repleto de <strong>elegancia<\/strong>, decant\u00e1ndote por la <span style=\"text-decoration: underline;\"><strong>plancha de pelo Black Velvet<\/strong><\/span>, la cuesti\u00f3n es que cuidar\u00e1s de la salud de tu cabello y potenciar\u00e1s su brillo al m\u00e1ximo. <\/span><\/p>\n<p align=\"justify\"><span class=\"s1\"><strong>\u00a1Atr\u00e9vete a elegir el terciopelo para tu cabello!\u00a0<\/strong><\/span><\/p>\n<\/div><div class=\"fusion-clearfix\"><\/div><\/div><\/div><\/div><\/div><div class=\"fusion-fullwidth fullwidth-box fusion-builder-row-4 nonhundred-percent-fullwidth non-hundred-percent-height-scrolling\" style=\"--awb-border-radius-top-left:0px;--awb-border-radius-top-right:0px;--awb-border-radius-bottom-right:0px;--awb-border-radius-bottom-left:0px;\" ><\/div><\/p>\n","protected":false},"excerpt":{"rendered":"<p>\t\t\t\tCon placas de cer\u00e1mica y turmalina, regulador de temperatura inteligente, tecnolog\u00eda Perfect Glide\u2026 Muchas ventajas en una misma plancha de pelo.\u00a0 Con todo ello, no nos extra\u00f1a que la pareja de terciopelo de Termix sea la elegida por profesionales, celebrities e influencers. \u00bfTodav\u00eda no conoces el d\u00fao de planchas Velvet de Termix? \u00a1Te lo contamos todo!<\/p>\n","protected":false},"author":2,"featured_media":22165,"comment_status":"open","ping_status":"open","sticky":false,"template":"","format":"standard","meta":[],"categories":[6],"tags":[43,36,37],"yoast_head":"<!-- This site is optimized with the Yoast SEO plugin v20.0 - https:\/\/yoast.com\/wordpress\/plugins\/seo\/ -->\n<title>Las prensa no tiene duda: eligen las planchas de pelo Velvet - Blog Termix Spain<\/title>\n<meta name=\"description\" content=\"Blog Termix Spain - Las prensa no tiene duda: eligen las planchas de pelo Velvet -\" \/>\n<meta name=\"robots\" content=\"index, follow, max-snippet:-1, max-image-preview:large, max-video-preview:-1\" \/>\n<link rel=\"canonical\" href=\"https:\/\/termix.net\/blog\/es\/las-prensa-no-tiene-duda-eligen-las-planchas-de-pelo-velvet\/\" \/>\n<meta property=\"og:locale\" content=\"es_ES\" \/>\n<meta property=\"og:type\" content=\"article\" \/>\n<meta property=\"og:title\" content=\"Las prensa no tiene duda: eligen las planchas de pelo Velvet - Blog Termix Spain\" \/>\n<meta property=\"og:description\" content=\"Blog Termix Spain - Las prensa no tiene duda: eligen las planchas de pelo Velvet -\" \/>\n<meta property=\"og:url\" content=\"https:\/\/termix.net\/blog\/es\/las-prensa-no-tiene-duda-eligen-las-planchas-de-pelo-velvet\/\" \/>\n<meta property=\"og:site_name\" content=\"Blog Termix Spain\" \/>\n<meta property=\"article:published_time\" content=\"2018-03-01T14:03:50+00:00\" \/>\n<meta property=\"article:modified_time\" content=\"2019-12-17T13:26:48+00:00\" \/>\n<meta property=\"og:image\" content=\"https:\/\/termix.net\/blog\/wp-content\/uploads\/2018\/03\/black-pinkvelvetweb1.jpg\" \/>\n\t<meta property=\"og:image:width\" content=\"1160\" \/>\n\t<meta property=\"og:image:height\" content=\"660\" \/>\n\t<meta property=\"og:image:type\" content=\"image\/jpeg\" \/>\n<meta name=\"author\" content=\"TermixTeam\" \/>\n<meta name=\"twitter:card\" content=\"summary_large_image\" \/>\n<meta name=\"twitter:label1\" content=\"Escrito por\" \/>\n\t<meta name=\"twitter:data1\" content=\"TermixTeam\" \/>\n\t<meta name=\"twitter:label2\" content=\"Tiempo de lectura\" \/>\n\t<meta name=\"twitter:data2\" content=\"11 minutos\" \/>\n<script type=\"application\/ld+json\" class=\"yoast-schema-graph\">{\"@context\":\"https:\/\/schema.org\",\"@graph\":[{\"@type\":\"Article\",\"@id\":\"https:\/\/termix.net\/blog\/es\/las-prensa-no-tiene-duda-eligen-las-planchas-de-pelo-velvet\/#article\",\"isPartOf\":{\"@id\":\"https:\/\/termix.net\/blog\/es\/las-prensa-no-tiene-duda-eligen-las-planchas-de-pelo-velvet\/\"},\"author\":{\"name\":\"TermixTeam\",\"@id\":\"https:\/\/termix.net\/blog\/es\/#\/schema\/person\/9096c98bdf03c8ddf91ad7172f254f40\"},\"headline\":\"Las prensa no tiene duda: eligen las planchas de pelo Velvet\",\"datePublished\":\"2018-03-01T14:03:50+00:00\",\"dateModified\":\"2019-12-17T13:26:48+00:00\",\"mainEntityOfPage\":{\"@id\":\"https:\/\/termix.net\/blog\/es\/las-prensa-no-tiene-duda-eligen-las-planchas-de-pelo-velvet\/\"},\"wordCount\":2169,\"commentCount\":2,\"publisher\":{\"@id\":\"https:\/\/termix.net\/blog\/es\/#organization\"},\"keywords\":[\"Planchas de Pelo\",\"tendencias\",\"tutorial peinados\"],\"articleSection\":[\"NOTICIAS\"],\"inLanguage\":\"es\",\"potentialAction\":[{\"@type\":\"CommentAction\",\"name\":\"Comment\",\"target\":[\"https:\/\/termix.net\/blog\/es\/las-prensa-no-tiene-duda-eligen-las-planchas-de-pelo-velvet\/#respond\"]}]},{\"@type\":\"WebPage\",\"@id\":\"https:\/\/termix.net\/blog\/es\/las-prensa-no-tiene-duda-eligen-las-planchas-de-pelo-velvet\/\",\"url\":\"https:\/\/termix.net\/blog\/es\/las-prensa-no-tiene-duda-eligen-las-planchas-de-pelo-velvet\/\",\"name\":\"Las prensa no tiene duda: eligen las planchas de pelo Velvet - Blog Termix Spain\",\"isPartOf\":{\"@id\":\"https:\/\/termix.net\/blog\/es\/#website\"},\"datePublished\":\"2018-03-01T14:03:50+00:00\",\"dateModified\":\"2019-12-17T13:26:48+00:00\",\"description\":\"Blog Termix Spain - Las prensa no tiene duda: eligen las planchas de pelo Velvet -\",\"breadcrumb\":{\"@id\":\"https:\/\/termix.net\/blog\/es\/las-prensa-no-tiene-duda-eligen-las-planchas-de-pelo-velvet\/#breadcrumb\"},\"inLanguage\":\"es\",\"potentialAction\":[{\"@type\":\"ReadAction\",\"target\":[\"https:\/\/termix.net\/blog\/es\/las-prensa-no-tiene-duda-eligen-las-planchas-de-pelo-velvet\/\"]}]},{\"@type\":\"BreadcrumbList\",\"@id\":\"https:\/\/termix.net\/blog\/es\/las-prensa-no-tiene-duda-eligen-las-planchas-de-pelo-velvet\/#breadcrumb\",\"itemListElement\":[{\"@type\":\"ListItem\",\"position\":1,\"name\":\"Home\",\"item\":\"https:\/\/termix.net\/blog\/es\/\"},{\"@type\":\"ListItem\",\"position\":2,\"name\":\"Las prensa no tiene duda: eligen las planchas de pelo Velvet\"}]},{\"@type\":\"WebSite\",\"@id\":\"https:\/\/termix.net\/blog\/es\/#website\",\"url\":\"https:\/\/termix.net\/blog\/es\/\",\"name\":\"Blog Termix Spain\",\"description\":\"Blog de tendencias y productos de peluquer\u00eda profesional.\",\"publisher\":{\"@id\":\"https:\/\/termix.net\/blog\/es\/#organization\"},\"potentialAction\":[{\"@type\":\"SearchAction\",\"target\":{\"@type\":\"EntryPoint\",\"urlTemplate\":\"https:\/\/termix.net\/blog\/es\/?s={search_term_string}\"},\"query-input\":\"required name=search_term_string\"}],\"inLanguage\":\"es\"},{\"@type\":\"Organization\",\"@id\":\"https:\/\/termix.net\/blog\/es\/#organization\",\"name\":\"Dols Industrial de Peluquer\u00eda SA\",\"url\":\"https:\/\/termix.net\/blog\/es\/\",\"logo\":{\"@type\":\"ImageObject\",\"inLanguage\":\"es\",\"@id\":\"https:\/\/termix.net\/blog\/es\/#\/schema\/logo\/image\/\",\"url\":\"https:\/\/termix.net\/blog\/wp-content\/uploads\/2020\/10\/OGbDAeng.jpeg\",\"contentUrl\":\"https:\/\/termix.net\/blog\/wp-content\/uploads\/2020\/10\/OGbDAeng.jpeg\",\"width\":800,\"height\":800,\"caption\":\"Dols Industrial de Peluquer\u00eda SA\"},\"image\":{\"@id\":\"https:\/\/termix.net\/blog\/es\/#\/schema\/logo\/image\/\"}},{\"@type\":\"Person\",\"@id\":\"https:\/\/termix.net\/blog\/es\/#\/schema\/person\/9096c98bdf03c8ddf91ad7172f254f40\",\"name\":\"TermixTeam\",\"image\":{\"@type\":\"ImageObject\",\"inLanguage\":\"es\",\"@id\":\"https:\/\/termix.net\/blog\/es\/#\/schema\/person\/image\/\",\"url\":\"https:\/\/secure.gravatar.com\/avatar\/d89f61f6bd1c29a4acb231736d1c74b3?s=96&d=mm&r=g\",\"contentUrl\":\"https:\/\/secure.gravatar.com\/avatar\/d89f61f6bd1c29a4acb231736d1c74b3?s=96&d=mm&r=g\",\"caption\":\"TermixTeam\"},\"url\":\"https:\/\/termix.net\/blog\/es\/author\/termixteam\/\"}]}<\/script>\n<!-- \/ Yoast SEO plugin. -->","yoast_head_json":{"title":"Las prensa no tiene duda: eligen las planchas de pelo Velvet - Blog Termix Spain","description":"Blog Termix Spain - Las prensa no tiene duda: eligen las planchas de pelo Velvet -","robots":{"index":"index","follow":"follow","max-snippet":"max-snippet:-1","max-image-preview":"max-image-preview:large","max-video-preview":"max-video-preview:-1"},"canonical":"https:\/\/termix.net\/blog\/es\/las-prensa-no-tiene-duda-eligen-las-planchas-de-pelo-velvet\/","og_locale":"es_ES","og_type":"article","og_title":"Las prensa no tiene duda: eligen las planchas de pelo Velvet - Blog Termix Spain","og_description":"Blog Termix Spain - Las prensa no tiene duda: eligen las planchas de pelo Velvet -","og_url":"https:\/\/termix.net\/blog\/es\/las-prensa-no-tiene-duda-eligen-las-planchas-de-pelo-velvet\/","og_site_name":"Blog Termix Spain","article_published_time":"2018-03-01T14:03:50+00:00","article_modified_time":"2019-12-17T13:26:48+00:00","og_image":[{"width":1160,"height":660,"url":"https:\/\/termix.net\/blog\/wp-content\/uploads\/2018\/03\/black-pinkvelvetweb1.jpg","type":"image\/jpeg"}],"author":"TermixTeam","twitter_card":"summary_large_image","twitter_misc":{"Escrito por":"TermixTeam","Tiempo de lectura":"11 minutos"},"schema":{"@context":"https:\/\/schema.org","@graph":[{"@type":"Article","@id":"https:\/\/termix.net\/blog\/es\/las-prensa-no-tiene-duda-eligen-las-planchas-de-pelo-velvet\/#article","isPartOf":{"@id":"https:\/\/termix.net\/blog\/es\/las-prensa-no-tiene-duda-eligen-las-planchas-de-pelo-velvet\/"},"author":{"name":"TermixTeam","@id":"https:\/\/termix.net\/blog\/es\/#\/schema\/person\/9096c98bdf03c8ddf91ad7172f254f40"},"headline":"Las prensa no tiene duda: eligen las planchas de pelo Velvet","datePublished":"2018-03-01T14:03:50+00:00","dateModified":"2019-12-17T13:26:48+00:00","mainEntityOfPage":{"@id":"https:\/\/termix.net\/blog\/es\/las-prensa-no-tiene-duda-eligen-las-planchas-de-pelo-velvet\/"},"wordCount":2169,"commentCount":2,"publisher":{"@id":"https:\/\/termix.net\/blog\/es\/#organization"},"keywords":["Planchas de Pelo","tendencias","tutorial peinados"],"articleSection":["NOTICIAS"],"inLanguage":"es","potentialAction":[{"@type":"CommentAction","name":"Comment","target":["https:\/\/termix.net\/blog\/es\/las-prensa-no-tiene-duda-eligen-las-planchas-de-pelo-velvet\/#respond"]}]},{"@type":"WebPage","@id":"https:\/\/termix.net\/blog\/es\/las-prensa-no-tiene-duda-eligen-las-planchas-de-pelo-velvet\/","url":"https:\/\/termix.net\/blog\/es\/las-prensa-no-tiene-duda-eligen-las-planchas-de-pelo-velvet\/","name":"Las prensa no tiene duda: eligen las planchas de pelo Velvet - Blog Termix Spain","isPartOf":{"@id":"https:\/\/termix.net\/blog\/es\/#website"},"datePublished":"2018-03-01T14:03:50+00:00","dateModified":"2019-12-17T13:26:48+00:00","description":"Blog Termix Spain - Las prensa no tiene duda: eligen las planchas de pelo Velvet -","breadcrumb":{"@id":"https:\/\/termix.net\/blog\/es\/las-prensa-no-tiene-duda-eligen-las-planchas-de-pelo-velvet\/#breadcrumb"},"inLanguage":"es","potentialAction":[{"@type":"ReadAction","target":["https:\/\/termix.net\/blog\/es\/las-prensa-no-tiene-duda-eligen-las-planchas-de-pelo-velvet\/"]}]},{"@type":"BreadcrumbList","@id":"https:\/\/termix.net\/blog\/es\/las-prensa-no-tiene-duda-eligen-las-planchas-de-pelo-velvet\/#breadcrumb","itemListElement":[{"@type":"ListItem","position":1,"name":"Home","item":"https:\/\/termix.net\/blog\/es\/"},{"@type":"ListItem","position":2,"name":"Las prensa no tiene duda: eligen las planchas de pelo Velvet"}]},{"@type":"WebSite","@id":"https:\/\/termix.net\/blog\/es\/#website","url":"https:\/\/termix.net\/blog\/es\/","name":"Blog Termix Spain","description":"Blog de tendencias y productos de peluquer\u00eda profesional.","publisher":{"@id":"https:\/\/termix.net\/blog\/es\/#organization"},"potentialAction":[{"@type":"SearchAction","target":{"@type":"EntryPoint","urlTemplate":"https:\/\/termix.net\/blog\/es\/?s={search_term_string}"},"query-input":"required name=search_term_string"}],"inLanguage":"es"},{"@type":"Organization","@id":"https:\/\/termix.net\/blog\/es\/#organization","name":"Dols Industrial de Peluquer\u00eda SA","url":"https:\/\/termix.net\/blog\/es\/","logo":{"@type":"ImageObject","inLanguage":"es","@id":"https:\/\/termix.net\/blog\/es\/#\/schema\/logo\/image\/","url":"https:\/\/termix.net\/blog\/wp-content\/uploads\/2020\/10\/OGbDAeng.jpeg","contentUrl":"https:\/\/termix.net\/blog\/wp-content\/uploads\/2020\/10\/OGbDAeng.jpeg","width":800,"height":800,"caption":"Dols Industrial de Peluquer\u00eda SA"},"image":{"@id":"https:\/\/termix.net\/blog\/es\/#\/schema\/logo\/image\/"}},{"@type":"Person","@id":"https:\/\/termix.net\/blog\/es\/#\/schema\/person\/9096c98bdf03c8ddf91ad7172f254f40","name":"TermixTeam","image":{"@type":"ImageObject","inLanguage":"es","@id":"https:\/\/termix.net\/blog\/es\/#\/schema\/person\/image\/","url":"https:\/\/secure.gravatar.com\/avatar\/d89f61f6bd1c29a4acb231736d1c74b3?s=96&d=mm&r=g","contentUrl":"https:\/\/secure.gravatar.com\/avatar\/d89f61f6bd1c29a4acb231736d1c74b3?s=96&d=mm&r=g","caption":"TermixTeam"},"url":"https:\/\/termix.net\/blog\/es\/author\/termixteam\/"}]}},"_links":{"self":[{"href":"https:\/\/termix.net\/blog\/es\/wp-json\/wp\/v2\/posts\/13130"}],"collection":[{"href":"https:\/\/termix.net\/blog\/es\/wp-json\/wp\/v2\/posts"}],"about":[{"href":"https:\/\/termix.net\/blog\/es\/wp-json\/wp\/v2\/types\/post"}],"author":[{"embeddable":true,"href":"https:\/\/termix.net\/blog\/es\/wp-json\/wp\/v2\/users\/2"}],"replies":[{"embeddable":true,"href":"https:\/\/termix.net\/blog\/es\/wp-json\/wp\/v2\/comments?post=13130"}],"version-history":[{"count":3,"href":"https:\/\/termix.net\/blog\/es\/wp-json\/wp\/v2\/posts\/13130\/revisions"}],"predecessor-version":[{"id":24052,"href":"https:\/\/termix.net\/blog\/es\/wp-json\/wp\/v2\/posts\/13130\/revisions\/24052"}],"wp:featuredmedia":[{"embeddable":true,"href":"https:\/\/termix.net\/blog\/es\/wp-json\/wp\/v2\/media\/22165"}],"wp:attachment":[{"href":"https:\/\/termix.net\/blog\/es\/wp-json\/wp\/v2\/media?parent=13130"}],"wp:term":[{"taxonomy":"category","embeddable":true,"href":"https:\/\/termix.net\/blog\/es\/wp-json\/wp\/v2\/categories?post=13130"},{"taxonomy":"post_tag","embeddable":true,"href":"https:\/\/termix.net\/blog\/es\/wp-json\/wp\/v2\/tags?post=13130"}],"curies":[{"name":"wp","href":"https:\/\/api.w.org\/{rel}","templated":true}]}}