{"id":13026,"date":"2018-02-16T08:17:23","date_gmt":"2018-02-16T08:17:23","guid":{"rendered":"https:\/\/termix.net\/?p=13026"},"modified":"2019-12-17T14:31:54","modified_gmt":"2019-12-17T13:31:54","slug":"termix-colabora-en-una-serie-de-exito-la-peste","status":"publish","type":"post","link":"https:\/\/termix.net\/blog\/es\/termix-colabora-en-una-serie-de-exito-la-peste\/","title":{"rendered":"Termix colabora en una serie de \u00e9xito, La Peste"},"content":{"rendered":"<p><div class=\"fusion-fullwidth fullwidth-box fusion-builder-row-1 faded-background fusion-parallax-none nonhundred-percent-fullwidth non-hundred-percent-height-scrolling fusion-no-small-visibility fusion-no-medium-visibility\" style=\"--awb-border-radius-top-left:0px;--awb-border-radius-top-right:0px;--awb-border-radius-bottom-right:0px;--awb-border-radius-bottom-left:0px;--awb-padding-top:24%;--awb-padding-right:3%;--awb-padding-left:3%;--awb-background-size:cover;\" ><div class=\"fullwidth-faded\" style=\"--awb-background-color:#181818;--awb-background-image:url(https:\/\/termix.net\/blog\/wp-content\/uploads\/2018\/02\/LAPESTEELENCOCOMPLETO1.jpg);--awb-background-size:cover;\" ><\/div><div class=\"fusion-builder-row fusion-row\"><div class=\"fusion-layout-column fusion_builder_column fusion-builder-column-0 fusion_builder_column_1_1 1_1 fusion-one-full fusion-column-first fusion-column-last\" style=\"--awb-padding-top:6%;--awb-padding-right:8%;--awb-padding-bottom:6%;--awb-padding-left:8%;--awb-bg-color:rgba(255,255,255,0.7);--awb-bg-size:cover;--awb-margin-top:0px;--awb-margin-bottom:0px;\"><div class=\"fusion-column-wrapper fusion-column-has-shadow fusion-flex-column-wrapper-legacy\"><div class=\"fusion-text fusion-text-1 caption\"><p style=\"text-align: center;\">Noticias \u2014 3 min de lectura<\/p>\n<\/div><div class=\"fusion-title title fusion-title-1 fusion-sep-none fusion-title-center fusion-title-text fusion-title-size-two\" style=\"--awb-margin-top:30px;--awb-margin-bottom:20px;\"><h2 class=\"title-heading-center fusion-responsive-typography-calculated\" style=\"margin:0;--fontSize:50;line-height:1.28;\">Termix colabora en una serie de \u00e9xito, La Peste<\/h2><\/div><div class=\"fusion-clearfix\"><\/div><\/div><\/div><\/div><\/div><div class=\"fusion-fullwidth fullwidth-box fusion-builder-row-2 fusion-parallax-none nonhundred-percent-fullwidth non-hundred-percent-height-scrolling fusion-no-large-visibility\" style=\"--awb-border-radius-top-left:0px;--awb-border-radius-top-right:0px;--awb-border-radius-bottom-right:0px;--awb-border-radius-bottom-left:0px;--awb-background-image:url(&quot;https:\/\/termix.net\/blog\/wp-content\/uploads\/2019\/11\/con-el-secador-compacto-profesioanl-4300-de-termix-damos-volumen-al-cabello-1.jpg&quot;);--awb-background-size:cover;\" ><div class=\"fusion-builder-row fusion-row\"><div class=\"fusion-layout-column fusion_builder_column fusion-builder-column-1 fusion_builder_column_1_1 1_1 fusion-one-full fusion-column-first fusion-column-last fusion-column-inner-bg-wrapper\" style=\"--awb-padding-top:10%;--awb-padding-bottom:10%;--awb-inner-bg-image:url(&#039;http:\/\/termix.net\/blog\/wp-content\/uploads\/2019\/03\/single-blog-post-feat.jpg&#039;);--awb-inner-bg-position:center center;--awb-inner-bg-size:cover;\"><span class=\"fusion-column-inner-bg hover-type-zoomout\"><span class=\"fusion-column-anchor\"><span class=\"fusion-column-inner-bg-image\"><\/span><\/span><\/span><div class=\"fusion-column-wrapper fusion-flex-column-wrapper-legacy\" data-bg-url=\"http:\/\/termix.net\/blog\/wp-content\/uploads\/2019\/03\/single-blog-post-feat.jpg\"><div class=\"fusion-sep-clear\"><\/div><div class=\"fusion-separator fusion-no-large-visibility fusion-full-width-sep\" style=\"margin-left: auto;margin-right: auto;margin-top:200px;width:100%;\"><\/div><div class=\"fusion-sep-clear\"><\/div><div class=\"fusion-clearfix\"><\/div><\/div><\/div><div class=\"fusion-layout-column fusion_builder_column fusion-builder-column-2 fusion_builder_column_1_1 1_1 fusion-one-full fusion-column-first fusion-column-last\" style=\"--awb-padding-top:6%;--awb-bg-color:#ffffff;--awb-bg-size:cover;--awb-margin-top:0px;--awb-margin-bottom:0px;\"><div class=\"fusion-column-wrapper fusion-flex-column-wrapper-legacy\"><div class=\"fusion-text fusion-text-2 caption\"><p style=\"text-align: center;\">Noticias \u2014 3 min de lectura<\/p>\n<\/div><div class=\"fusion-title title fusion-title-2 fusion-sep-none fusion-title-center fusion-title-text fusion-title-size-two\" style=\"--awb-margin-top:30px;--awb-margin-bottom:20px;\"><h2 class=\"title-heading-center fusion-responsive-typography-calculated\" style=\"margin:0;--fontSize:50;line-height:1.28;\">Termix colabora en una serie de \u00e9xito, La Peste<\/h2><\/div><div class=\"fusion-clearfix\"><\/div><\/div><\/div><\/div><\/div><div class=\"fusion-fullwidth fullwidth-box fusion-builder-row-3 nonhundred-percent-fullwidth non-hundred-percent-height-scrolling\" style=\"--awb-border-radius-top-left:0px;--awb-border-radius-top-right:0px;--awb-border-radius-bottom-right:0px;--awb-border-radius-bottom-left:0px;--awb-padding-top:10px;--awb-padding-bottom:4%;\" ><div class=\"fusion-builder-row fusion-row\"><div class=\"fusion-layout-column fusion_builder_column fusion-builder-column-3 fusion_builder_column_1_6 1_6 fusion-one-sixth fusion-column-first fusion-no-small-visibility fusion-no-medium-visibility\" style=\"--awb-bg-size:cover;width:16.666666666667%;width:calc(16.666666666667% - ( ( 0 ) * 0.16666666666667 ) );margin-right: 0px;\"><div class=\"fusion-column-wrapper fusion-flex-column-wrapper-legacy\"><div class=\"fusion-clearfix\"><\/div><\/div><\/div><div class=\"fusion-layout-column fusion_builder_column fusion-builder-column-4 fusion_builder_column_2_3 2_3 fusion-two-third fusion-column-last\" style=\"--awb-bg-size:cover;width:66.666666666667%;width:calc(66.666666666667% - ( ( 0 ) * 0.66666666666667 ) );\"><div class=\"fusion-column-wrapper fusion-flex-column-wrapper-legacy\"><div class=\"fusion-sep-clear\"><\/div><div class=\"fusion-separator fusion-full-width-sep\" style=\"margin-left: auto;margin-right: auto;margin-top:30px;width:100%;\"><\/div><div class=\"fusion-sep-clear\"><\/div><div class=\"fusion-text fusion-text-3\"><p style=\"text-align: center;\"><span style=\"font-size: 22px; line-height: 1.5em;\">Estamos en pleno siglo XVI, una \u00e9poca d\u00f3nde la enfermedad m\u00e1s contagiosa asolaba las calles de Sevilla. Una ciudad que disfrutaba de un profundo contraste, entre la abundancia de haberse convertido en una zona de una gran actividad portuaria y la desolaci\u00f3n causada por la epidemia de la Peste Negra. <\/span><\/p>\n<p style=\"text-align: center;\"><span style=\"font-size: 22px; line-height: 1.5em;\">Este es el escenario principal donde se desarrolla la serie m\u00e1s exitosa de Movistar+ , La Peste. Termix ha podido participar en este gran proyecto, aportando sus herramientas de peluquer\u00eda profesional, para dotar de realismo las caracterizaciones de los m\u00e1s de 200 personajes que integran la serie. <\/span><\/p>\n<p style=\"text-align: center;\"><span style=\"font-size: 22px; line-height: 1.5em;\">Te explicamos el porqu\u00e9 de su <strong>\u00e9xito<\/strong> y c\u00f3mo ha sido la experiencia al trabajar con <strong>los mejores estilistas en el backstage<\/strong>.\u00a0<\/span><span style=\"font-size: 22px; line-height: 1.5em;\">\u00a1No te lo pierdas!.<\/span><\/p>\n<\/div><div class=\"fusion-sep-clear\"><\/div><div class=\"fusion-separator fusion-full-width-sep\" style=\"margin-left: auto;margin-right: auto;margin-top:30px;width:100%;\"><\/div><div class=\"fusion-sep-clear\"><\/div><div class=\"fusion-text fusion-text-4\"><p align=\"justify\">Con un <strong>40% m\u00e1s de audiencia<\/strong> que el primer episodio de la s\u00e9ptima temporada de Juego de Tronos, la serie de \u201cLa Peste\u201d se ha alzado con el t\u00edtulo a la serie m\u00e1s demandada. Y mientras se prepara la segunda temporada, con pron\u00f3stico de <strong>lanzamiento para inicios de 2019<\/strong>, te explicamos c\u00f3mo ha llegado a convertirse en una de las <strong>series m\u00e1s exitosas<\/strong> de la nueva oferta bajo demanda.<\/p>\n<p align=\"justify\"><img decoding=\"async\" class=\"alignnone size-full wp-image-24069\" src=\"https:\/\/termix.net\/blog\/wp-content\/uploads\/2018\/02\/PACOYCHICATERMIX.jpg\" alt=\"Termix participa en una nueva serie de televisi\u00f3n: La Peste\" width=\"1160\" height=\"660\" srcset=\"https:\/\/termix.net\/blog\/wp-content\/uploads\/2018\/02\/PACOYCHICATERMIX-200x114.jpg 200w, https:\/\/termix.net\/blog\/wp-content\/uploads\/2018\/02\/PACOYCHICATERMIX-300x171.jpg 300w, https:\/\/termix.net\/blog\/wp-content\/uploads\/2018\/02\/PACOYCHICATERMIX-400x228.jpg 400w, https:\/\/termix.net\/blog\/wp-content\/uploads\/2018\/02\/PACOYCHICATERMIX-600x341.jpg 600w, https:\/\/termix.net\/blog\/wp-content\/uploads\/2018\/02\/PACOYCHICATERMIX-768x437.jpg 768w, https:\/\/termix.net\/blog\/wp-content\/uploads\/2018\/02\/PACOYCHICATERMIX-800x455.jpg 800w, https:\/\/termix.net\/blog\/wp-content\/uploads\/2018\/02\/PACOYCHICATERMIX-1024x583.jpg 1024w, https:\/\/termix.net\/blog\/wp-content\/uploads\/2018\/02\/PACOYCHICATERMIX.jpg 1160w\" sizes=\"(max-width: 1160px) 100vw, 1160px\" \/><\/p>\n<h2 align=\"justify\">Se trata de una serie at\u00edpica. Ese es uno de los puntos clave de su gran \u00e9xito.<\/h2>\n<p align=\"justify\">Una serie que entremezcla un <strong>sinf\u00edn de personajes<\/strong>, hasta <strong>130 escenarios<\/strong>, un <strong>reparto de lujo<\/strong> y un <strong>trabajo de recreaci\u00f3n<\/strong> y <strong>ambientaci\u00f3n hist\u00f3rica<\/strong> muy apurado. Todo un conjunto de<em> <strong>inputs<\/strong><\/em> que han cohesionado y han visto el resultado en la renovaci\u00f3n de la trama. En tan solo<strong> 6 episodios son m\u00e1s de 200 personajes<\/strong> \u2013entre actores muy conocidos y otros an\u00f3nimos- los que han protagonizado las escenas de <em><strong>La Peste<\/strong><\/em>. Y detr\u00e1s de las c\u00e1maras, adem\u00e1s de un <strong>director con 9 goyas<\/strong> a sus espaldas, encontramos a un <strong>equipo de caracterizaci\u00f3n excelente<\/strong>, que ha trabajado de forma magistral para dar vida a los personajes m\u00e1s dispares.<\/p>\n<p align=\"justify\"><strong>Paco Rodr\u00edguez y Yolanda Pi\u00f1a<\/strong> han sido los encargados de dirigir todo este equipo de expertos, que, dotados de una documentaci\u00f3n hist\u00f3rica ejemplar, han logrado plasmar una<strong> Sevilla de pleno siglo XVI<\/strong> con los personajes m\u00e1s realistas. Desde el condenado por la Inquisici\u00f3n Mateo, interpretado por <strong>Pablo Molinero<\/strong>, pasando por varios miembros de la alta sociedad sevillana, hasta enfermos por la epidemia del momento, todos y cada uno de los personajes han sido creados con mimo por el<strong> equipo de estilistas m\u00e1s profesional<\/strong>.<\/p>\n<p align=\"justify\"><img decoding=\"async\" class=\"alignnone size-full wp-image-24071\" src=\"https:\/\/termix.net\/blog\/wp-content\/uploads\/2018\/02\/PACOLEONYJOVENENACCION.jpg\" alt=\"Termix participa en una nueva serie de televisi\u00f3n: La Peste\" width=\"1160\" height=\"660\" srcset=\"https:\/\/termix.net\/blog\/wp-content\/uploads\/2018\/02\/PACOLEONYJOVENENACCION-200x114.jpg 200w, https:\/\/termix.net\/blog\/wp-content\/uploads\/2018\/02\/PACOLEONYJOVENENACCION-300x171.jpg 300w, https:\/\/termix.net\/blog\/wp-content\/uploads\/2018\/02\/PACOLEONYJOVENENACCION-400x228.jpg 400w, https:\/\/termix.net\/blog\/wp-content\/uploads\/2018\/02\/PACOLEONYJOVENENACCION-600x341.jpg 600w, https:\/\/termix.net\/blog\/wp-content\/uploads\/2018\/02\/PACOLEONYJOVENENACCION-768x437.jpg 768w, https:\/\/termix.net\/blog\/wp-content\/uploads\/2018\/02\/PACOLEONYJOVENENACCION-800x455.jpg 800w, https:\/\/termix.net\/blog\/wp-content\/uploads\/2018\/02\/PACOLEONYJOVENENACCION-1024x583.jpg 1024w, https:\/\/termix.net\/blog\/wp-content\/uploads\/2018\/02\/PACOLEONYJOVENENACCION.jpg 1160w\" sizes=\"(max-width: 1160px) 100vw, 1160px\" \/><\/p>\n<p align=\"justify\">Y Termix ha estado en este proceso creativo, colaborando con las herramientas de peluquer\u00eda m\u00e1s eficientes, para ayudar a conseguir los mejores resultados en el m\u00ednimo tiempo posible. Y el camerino se ha llenado de caras tan conocidas como las del director y <strong>actor Paco Le\u00f3n<\/strong>, que elige el <span style=\"text-decoration: underline;\"><strong>secador de pelo profesional de Termix<\/strong><\/span> como su mejor aliado para conseguir perfilar al personaje de <strong>Lu\u00eds de Z\u00fa\u00f1iga<\/strong>.<\/p>\n<p align=\"justify\">Tambi\u00e9n <strong>Sergio Castellano<\/strong>, que interpreta a un joven ambicioso, con vocaci\u00f3n de explorador, se decanta por la m\u00e1quina de <span style=\"text-decoration: underline;\"><strong>corte Power Cut<\/strong><\/span>,\u00a0para conseguir potenciar el realismo de su <strong>look al m\u00e1ximo<\/strong>.\u00a0 El actor <strong>Paco Tous<\/strong>, por su parte, tambi\u00e9n conf\u00eda en el <strong>d\u00fao<\/strong><span style=\"text-decoration: underline;\"><strong> Power Cut y Styling Cut <\/strong><\/span><strong>de Termix<\/strong> para arreglar su barba y asumir el rol caracter\u00edstico de su personaje en esta nueva aventura de ficci\u00f3n.\u00a0 La actriz <strong>Patricia L\u00f3pez<\/strong> saca a relucir su lado m\u00e1s creativos gracias a los nuevos <strong>cepillos profesionales<\/strong>\u00a0<span style=\"text-decoration: underline;\"><strong>C\u00b7Ramic Colors<\/strong><\/span>, con los colores m\u00e1s inspiradores para darle movimiento a su cabello e interpretar sin fisuras a la <strong>pintora Teresa<\/strong>, una mujer adelantada a su tiempo.<\/p>\n<p align=\"justify\"><img decoding=\"async\" class=\"alignnone size-full wp-image-24073\" src=\"https:\/\/termix.net\/blog\/wp-content\/uploads\/2018\/02\/SECADOR-PROFESIONALPESTE.jpg\" alt=\"Termix participa en una nueva serie de televisi\u00f3n: La Peste\" width=\"1160\" height=\"660\" srcset=\"https:\/\/termix.net\/blog\/wp-content\/uploads\/2018\/02\/SECADOR-PROFESIONALPESTE-200x114.jpg 200w, https:\/\/termix.net\/blog\/wp-content\/uploads\/2018\/02\/SECADOR-PROFESIONALPESTE-300x171.jpg 300w, https:\/\/termix.net\/blog\/wp-content\/uploads\/2018\/02\/SECADOR-PROFESIONALPESTE-400x228.jpg 400w, https:\/\/termix.net\/blog\/wp-content\/uploads\/2018\/02\/SECADOR-PROFESIONALPESTE-600x341.jpg 600w, https:\/\/termix.net\/blog\/wp-content\/uploads\/2018\/02\/SECADOR-PROFESIONALPESTE-768x437.jpg 768w, https:\/\/termix.net\/blog\/wp-content\/uploads\/2018\/02\/SECADOR-PROFESIONALPESTE-800x455.jpg 800w, https:\/\/termix.net\/blog\/wp-content\/uploads\/2018\/02\/SECADOR-PROFESIONALPESTE-1024x583.jpg 1024w, https:\/\/termix.net\/blog\/wp-content\/uploads\/2018\/02\/SECADOR-PROFESIONALPESTE.jpg 1160w\" sizes=\"(max-width: 1160px) 100vw, 1160px\" \/><\/p>\n<p align=\"justify\">En definitiva, una <strong>experiencia inolvidable<\/strong> al lado de los mejores profesionales de la est\u00e9tica y los actores m\u00e1s reconocidos en un proyecto impresionante. Si todav\u00eda no hab\u00e9is visto La Peste\u2026 <strong>\u00a1os animamos a poneros al d\u00eda antes del estreno de la pr\u00f3xima temporada!<\/strong><\/p>\n<\/div><div class=\"fusion-clearfix\"><\/div><\/div><\/div><\/div><\/div><\/p>\n","protected":false},"excerpt":{"rendered":"<p>\t\t\t\tTermix ha podido participar en el proyetco de La Peste, aportando sus herramientas de peluquer\u00eda profesional, para dotar de realismo las caracterizaciones de los m\u00e1s de 200 personajes que integran la serie. Te explicamos el porqu\u00e9 de su \u00e9xito y c\u00f3mo ha sido la experiencia al trabajar con los mejores estilistas en el backstage. \u00a1No te lo pierdas!\t\t<\/p>\n","protected":false},"author":2,"featured_media":22179,"comment_status":"open","ping_status":"open","sticky":false,"template":"","format":"standard","meta":[],"categories":[6],"tags":[],"yoast_head":"<!-- This site is optimized with the Yoast SEO plugin v20.0 - https:\/\/yoast.com\/wordpress\/plugins\/seo\/ -->\n<title>Compromiso Termix con el arte - Herramientas de peluquer\u00edas Profesional<\/title>\n<meta name=\"description\" content=\"La Peste. Termix ha podido participar en este gran proyecto, aportando sus herramientas de peluquer\u00eda profesional, para dotar de realismo las caracterizaciones de los m\u00e1s de 200 personajes que integran la serie. Te explicamos su \u00e9xito y c\u00f3mo ha sido la experiencia al trabajar con los mejores estilistas en el backstage.\" \/>\n<meta name=\"robots\" content=\"index, follow, max-snippet:-1, max-image-preview:large, max-video-preview:-1\" \/>\n<link rel=\"canonical\" href=\"https:\/\/termix.net\/blog\/es\/termix-colabora-en-una-serie-de-exito-la-peste\/\" \/>\n<meta property=\"og:locale\" content=\"es_ES\" \/>\n<meta property=\"og:type\" content=\"article\" \/>\n<meta property=\"og:title\" content=\"Compromiso Termix con el arte - Herramientas de peluquer\u00edas Profesional\" \/>\n<meta property=\"og:description\" content=\"La Peste. Termix ha podido participar en este gran proyecto, aportando sus herramientas de peluquer\u00eda profesional, para dotar de realismo las caracterizaciones de los m\u00e1s de 200 personajes que integran la serie. Te explicamos su \u00e9xito y c\u00f3mo ha sido la experiencia al trabajar con los mejores estilistas en el backstage.\" \/>\n<meta property=\"og:url\" content=\"https:\/\/termix.net\/blog\/es\/termix-colabora-en-una-serie-de-exito-la-peste\/\" \/>\n<meta property=\"og:site_name\" content=\"Blog Termix Spain\" \/>\n<meta property=\"article:published_time\" content=\"2018-02-16T08:17:23+00:00\" \/>\n<meta property=\"article:modified_time\" content=\"2019-12-17T13:31:54+00:00\" \/>\n<meta property=\"og:image\" content=\"https:\/\/termix.net\/blog\/wp-content\/uploads\/2018\/02\/LAPESTEELENCOCOMPLETO1.jpg\" \/>\n\t<meta property=\"og:image:width\" content=\"1160\" \/>\n\t<meta property=\"og:image:height\" content=\"660\" \/>\n\t<meta property=\"og:image:type\" content=\"image\/jpeg\" \/>\n<meta name=\"author\" content=\"TermixTeam\" \/>\n<meta name=\"twitter:card\" content=\"summary_large_image\" \/>\n<meta name=\"twitter:label1\" content=\"Escrito por\" \/>\n\t<meta name=\"twitter:data1\" content=\"TermixTeam\" \/>\n\t<meta name=\"twitter:label2\" content=\"Tiempo de lectura\" \/>\n\t<meta name=\"twitter:data2\" content=\"9 minutos\" \/>\n<script type=\"application\/ld+json\" class=\"yoast-schema-graph\">{\"@context\":\"https:\/\/schema.org\",\"@graph\":[{\"@type\":\"Article\",\"@id\":\"https:\/\/termix.net\/blog\/es\/termix-colabora-en-una-serie-de-exito-la-peste\/#article\",\"isPartOf\":{\"@id\":\"https:\/\/termix.net\/blog\/es\/termix-colabora-en-una-serie-de-exito-la-peste\/\"},\"author\":{\"name\":\"TermixTeam\",\"@id\":\"https:\/\/termix.net\/blog\/es\/#\/schema\/person\/9096c98bdf03c8ddf91ad7172f254f40\"},\"headline\":\"Termix colabora en una serie de \u00e9xito, La Peste\",\"datePublished\":\"2018-02-16T08:17:23+00:00\",\"dateModified\":\"2019-12-17T13:31:54+00:00\",\"mainEntityOfPage\":{\"@id\":\"https:\/\/termix.net\/blog\/es\/termix-colabora-en-una-serie-de-exito-la-peste\/\"},\"wordCount\":1772,\"commentCount\":0,\"publisher\":{\"@id\":\"https:\/\/termix.net\/blog\/es\/#organization\"},\"articleSection\":[\"NOTICIAS\"],\"inLanguage\":\"es\",\"potentialAction\":[{\"@type\":\"CommentAction\",\"name\":\"Comment\",\"target\":[\"https:\/\/termix.net\/blog\/es\/termix-colabora-en-una-serie-de-exito-la-peste\/#respond\"]}]},{\"@type\":\"WebPage\",\"@id\":\"https:\/\/termix.net\/blog\/es\/termix-colabora-en-una-serie-de-exito-la-peste\/\",\"url\":\"https:\/\/termix.net\/blog\/es\/termix-colabora-en-una-serie-de-exito-la-peste\/\",\"name\":\"Compromiso Termix con el arte - Herramientas de peluquer\u00edas Profesional\",\"isPartOf\":{\"@id\":\"https:\/\/termix.net\/blog\/es\/#website\"},\"datePublished\":\"2018-02-16T08:17:23+00:00\",\"dateModified\":\"2019-12-17T13:31:54+00:00\",\"description\":\"La Peste. Termix ha podido participar en este gran proyecto, aportando sus herramientas de peluquer\u00eda profesional, para dotar de realismo las caracterizaciones de los m\u00e1s de 200 personajes que integran la serie. Te explicamos su \u00e9xito y c\u00f3mo ha sido la experiencia al trabajar con los mejores estilistas en el backstage.\",\"breadcrumb\":{\"@id\":\"https:\/\/termix.net\/blog\/es\/termix-colabora-en-una-serie-de-exito-la-peste\/#breadcrumb\"},\"inLanguage\":\"es\",\"potentialAction\":[{\"@type\":\"ReadAction\",\"target\":[\"https:\/\/termix.net\/blog\/es\/termix-colabora-en-una-serie-de-exito-la-peste\/\"]}]},{\"@type\":\"BreadcrumbList\",\"@id\":\"https:\/\/termix.net\/blog\/es\/termix-colabora-en-una-serie-de-exito-la-peste\/#breadcrumb\",\"itemListElement\":[{\"@type\":\"ListItem\",\"position\":1,\"name\":\"Home\",\"item\":\"https:\/\/termix.net\/blog\/es\/\"},{\"@type\":\"ListItem\",\"position\":2,\"name\":\"Termix colabora en una serie de \u00e9xito, La Peste\"}]},{\"@type\":\"WebSite\",\"@id\":\"https:\/\/termix.net\/blog\/es\/#website\",\"url\":\"https:\/\/termix.net\/blog\/es\/\",\"name\":\"Blog Termix Spain\",\"description\":\"Blog de tendencias y productos de peluquer\u00eda profesional.\",\"publisher\":{\"@id\":\"https:\/\/termix.net\/blog\/es\/#organization\"},\"potentialAction\":[{\"@type\":\"SearchAction\",\"target\":{\"@type\":\"EntryPoint\",\"urlTemplate\":\"https:\/\/termix.net\/blog\/es\/?s={search_term_string}\"},\"query-input\":\"required name=search_term_string\"}],\"inLanguage\":\"es\"},{\"@type\":\"Organization\",\"@id\":\"https:\/\/termix.net\/blog\/es\/#organization\",\"name\":\"Dols Industrial de Peluquer\u00eda SA\",\"url\":\"https:\/\/termix.net\/blog\/es\/\",\"logo\":{\"@type\":\"ImageObject\",\"inLanguage\":\"es\",\"@id\":\"https:\/\/termix.net\/blog\/es\/#\/schema\/logo\/image\/\",\"url\":\"https:\/\/termix.net\/blog\/wp-content\/uploads\/2020\/10\/OGbDAeng.jpeg\",\"contentUrl\":\"https:\/\/termix.net\/blog\/wp-content\/uploads\/2020\/10\/OGbDAeng.jpeg\",\"width\":800,\"height\":800,\"caption\":\"Dols Industrial de Peluquer\u00eda SA\"},\"image\":{\"@id\":\"https:\/\/termix.net\/blog\/es\/#\/schema\/logo\/image\/\"}},{\"@type\":\"Person\",\"@id\":\"https:\/\/termix.net\/blog\/es\/#\/schema\/person\/9096c98bdf03c8ddf91ad7172f254f40\",\"name\":\"TermixTeam\",\"image\":{\"@type\":\"ImageObject\",\"inLanguage\":\"es\",\"@id\":\"https:\/\/termix.net\/blog\/es\/#\/schema\/person\/image\/\",\"url\":\"https:\/\/secure.gravatar.com\/avatar\/d89f61f6bd1c29a4acb231736d1c74b3?s=96&d=mm&r=g\",\"contentUrl\":\"https:\/\/secure.gravatar.com\/avatar\/d89f61f6bd1c29a4acb231736d1c74b3?s=96&d=mm&r=g\",\"caption\":\"TermixTeam\"},\"url\":\"https:\/\/termix.net\/blog\/es\/author\/termixteam\/\"}]}<\/script>\n<!-- \/ Yoast SEO plugin. -->","yoast_head_json":{"title":"Compromiso Termix con el arte - Herramientas de peluquer\u00edas Profesional","description":"La Peste. Termix ha podido participar en este gran proyecto, aportando sus herramientas de peluquer\u00eda profesional, para dotar de realismo las caracterizaciones de los m\u00e1s de 200 personajes que integran la serie. Te explicamos su \u00e9xito y c\u00f3mo ha sido la experiencia al trabajar con los mejores estilistas en el backstage.","robots":{"index":"index","follow":"follow","max-snippet":"max-snippet:-1","max-image-preview":"max-image-preview:large","max-video-preview":"max-video-preview:-1"},"canonical":"https:\/\/termix.net\/blog\/es\/termix-colabora-en-una-serie-de-exito-la-peste\/","og_locale":"es_ES","og_type":"article","og_title":"Compromiso Termix con el arte - Herramientas de peluquer\u00edas Profesional","og_description":"La Peste. Termix ha podido participar en este gran proyecto, aportando sus herramientas de peluquer\u00eda profesional, para dotar de realismo las caracterizaciones de los m\u00e1s de 200 personajes que integran la serie. Te explicamos su \u00e9xito y c\u00f3mo ha sido la experiencia al trabajar con los mejores estilistas en el backstage.","og_url":"https:\/\/termix.net\/blog\/es\/termix-colabora-en-una-serie-de-exito-la-peste\/","og_site_name":"Blog Termix Spain","article_published_time":"2018-02-16T08:17:23+00:00","article_modified_time":"2019-12-17T13:31:54+00:00","og_image":[{"width":1160,"height":660,"url":"https:\/\/termix.net\/blog\/wp-content\/uploads\/2018\/02\/LAPESTEELENCOCOMPLETO1.jpg","type":"image\/jpeg"}],"author":"TermixTeam","twitter_card":"summary_large_image","twitter_misc":{"Escrito por":"TermixTeam","Tiempo de lectura":"9 minutos"},"schema":{"@context":"https:\/\/schema.org","@graph":[{"@type":"Article","@id":"https:\/\/termix.net\/blog\/es\/termix-colabora-en-una-serie-de-exito-la-peste\/#article","isPartOf":{"@id":"https:\/\/termix.net\/blog\/es\/termix-colabora-en-una-serie-de-exito-la-peste\/"},"author":{"name":"TermixTeam","@id":"https:\/\/termix.net\/blog\/es\/#\/schema\/person\/9096c98bdf03c8ddf91ad7172f254f40"},"headline":"Termix colabora en una serie de \u00e9xito, La Peste","datePublished":"2018-02-16T08:17:23+00:00","dateModified":"2019-12-17T13:31:54+00:00","mainEntityOfPage":{"@id":"https:\/\/termix.net\/blog\/es\/termix-colabora-en-una-serie-de-exito-la-peste\/"},"wordCount":1772,"commentCount":0,"publisher":{"@id":"https:\/\/termix.net\/blog\/es\/#organization"},"articleSection":["NOTICIAS"],"inLanguage":"es","potentialAction":[{"@type":"CommentAction","name":"Comment","target":["https:\/\/termix.net\/blog\/es\/termix-colabora-en-una-serie-de-exito-la-peste\/#respond"]}]},{"@type":"WebPage","@id":"https:\/\/termix.net\/blog\/es\/termix-colabora-en-una-serie-de-exito-la-peste\/","url":"https:\/\/termix.net\/blog\/es\/termix-colabora-en-una-serie-de-exito-la-peste\/","name":"Compromiso Termix con el arte - Herramientas de peluquer\u00edas Profesional","isPartOf":{"@id":"https:\/\/termix.net\/blog\/es\/#website"},"datePublished":"2018-02-16T08:17:23+00:00","dateModified":"2019-12-17T13:31:54+00:00","description":"La Peste. Termix ha podido participar en este gran proyecto, aportando sus herramientas de peluquer\u00eda profesional, para dotar de realismo las caracterizaciones de los m\u00e1s de 200 personajes que integran la serie. Te explicamos su \u00e9xito y c\u00f3mo ha sido la experiencia al trabajar con los mejores estilistas en el backstage.","breadcrumb":{"@id":"https:\/\/termix.net\/blog\/es\/termix-colabora-en-una-serie-de-exito-la-peste\/#breadcrumb"},"inLanguage":"es","potentialAction":[{"@type":"ReadAction","target":["https:\/\/termix.net\/blog\/es\/termix-colabora-en-una-serie-de-exito-la-peste\/"]}]},{"@type":"BreadcrumbList","@id":"https:\/\/termix.net\/blog\/es\/termix-colabora-en-una-serie-de-exito-la-peste\/#breadcrumb","itemListElement":[{"@type":"ListItem","position":1,"name":"Home","item":"https:\/\/termix.net\/blog\/es\/"},{"@type":"ListItem","position":2,"name":"Termix colabora en una serie de \u00e9xito, La Peste"}]},{"@type":"WebSite","@id":"https:\/\/termix.net\/blog\/es\/#website","url":"https:\/\/termix.net\/blog\/es\/","name":"Blog Termix Spain","description":"Blog de tendencias y productos de peluquer\u00eda profesional.","publisher":{"@id":"https:\/\/termix.net\/blog\/es\/#organization"},"potentialAction":[{"@type":"SearchAction","target":{"@type":"EntryPoint","urlTemplate":"https:\/\/termix.net\/blog\/es\/?s={search_term_string}"},"query-input":"required name=search_term_string"}],"inLanguage":"es"},{"@type":"Organization","@id":"https:\/\/termix.net\/blog\/es\/#organization","name":"Dols Industrial de Peluquer\u00eda SA","url":"https:\/\/termix.net\/blog\/es\/","logo":{"@type":"ImageObject","inLanguage":"es","@id":"https:\/\/termix.net\/blog\/es\/#\/schema\/logo\/image\/","url":"https:\/\/termix.net\/blog\/wp-content\/uploads\/2020\/10\/OGbDAeng.jpeg","contentUrl":"https:\/\/termix.net\/blog\/wp-content\/uploads\/2020\/10\/OGbDAeng.jpeg","width":800,"height":800,"caption":"Dols Industrial de Peluquer\u00eda SA"},"image":{"@id":"https:\/\/termix.net\/blog\/es\/#\/schema\/logo\/image\/"}},{"@type":"Person","@id":"https:\/\/termix.net\/blog\/es\/#\/schema\/person\/9096c98bdf03c8ddf91ad7172f254f40","name":"TermixTeam","image":{"@type":"ImageObject","inLanguage":"es","@id":"https:\/\/termix.net\/blog\/es\/#\/schema\/person\/image\/","url":"https:\/\/secure.gravatar.com\/avatar\/d89f61f6bd1c29a4acb231736d1c74b3?s=96&d=mm&r=g","contentUrl":"https:\/\/secure.gravatar.com\/avatar\/d89f61f6bd1c29a4acb231736d1c74b3?s=96&d=mm&r=g","caption":"TermixTeam"},"url":"https:\/\/termix.net\/blog\/es\/author\/termixteam\/"}]}},"_links":{"self":[{"href":"https:\/\/termix.net\/blog\/es\/wp-json\/wp\/v2\/posts\/13026"}],"collection":[{"href":"https:\/\/termix.net\/blog\/es\/wp-json\/wp\/v2\/posts"}],"about":[{"href":"https:\/\/termix.net\/blog\/es\/wp-json\/wp\/v2\/types\/post"}],"author":[{"embeddable":true,"href":"https:\/\/termix.net\/blog\/es\/wp-json\/wp\/v2\/users\/2"}],"replies":[{"embeddable":true,"href":"https:\/\/termix.net\/blog\/es\/wp-json\/wp\/v2\/comments?post=13026"}],"version-history":[{"count":4,"href":"https:\/\/termix.net\/blog\/es\/wp-json\/wp\/v2\/posts\/13026\/revisions"}],"predecessor-version":[{"id":24076,"href":"https:\/\/termix.net\/blog\/es\/wp-json\/wp\/v2\/posts\/13026\/revisions\/24076"}],"wp:featuredmedia":[{"embeddable":true,"href":"https:\/\/termix.net\/blog\/es\/wp-json\/wp\/v2\/media\/22179"}],"wp:attachment":[{"href":"https:\/\/termix.net\/blog\/es\/wp-json\/wp\/v2\/media?parent=13026"}],"wp:term":[{"taxonomy":"category","embeddable":true,"href":"https:\/\/termix.net\/blog\/es\/wp-json\/wp\/v2\/categories?post=13026"},{"taxonomy":"post_tag","embeddable":true,"href":"https:\/\/termix.net\/blog\/es\/wp-json\/wp\/v2\/tags?post=13026"}],"curies":[{"name":"wp","href":"https:\/\/api.w.org\/{rel}","templated":true}]}}